{"id":29055,"date":"2026-09-01T19:00:11","date_gmt":"2026-09-01T22:00:11","guid":{"rendered":"https:\/\/sudoesteacontece.com.br\/?p=29055"},"modified":"2026-09-01T19:00:17","modified_gmt":"2026-09-01T22:00:17","slug":"brumado-abre-selecao-para-mulheres-trabalharem-em-horta-comunitaria","status":"publish","type":"post","link":"https:\/\/sudoesteacontece.com.br\/?p=29055","title":{"rendered":"Brumado abre sele\u00e7\u00e3o para mulheres trabalharem em horta comunit\u00e1ria"},"content":{"rendered":"\n<figure class=\"wp-block-image size-full\"><img fetchpriority=\"high\" decoding=\"async\" width=\"900\" height=\"600\" src=\"http:\/\/sudoesteacontece.com.br\/wp-content\/uploads\/2026\/09\/brumado-incriao-horta-comunitaria-brumado.jpg\" alt=\"\" class=\"wp-image-29068\" srcset=\"https:\/\/sudoesteacontece.com.br\/wp-content\/uploads\/2026\/09\/brumado-incriao-horta-comunitaria-brumado.jpg 900w, https:\/\/sudoesteacontece.com.br\/wp-content\/uploads\/2026\/09\/brumado-incriao-horta-comunitaria-brumado-300x200.jpg 300w, https:\/\/sudoesteacontece.com.br\/wp-content\/uploads\/2026\/09\/brumado-incriao-horta-comunitaria-brumado-768x512.jpg 768w\" sizes=\"(max-width: 900px) 100vw, 900px\" \/><\/figure>\n\n\n\n<p class=\"wp-block-paragraph\">A Prefeitura de Brumado abriu sele\u00e7\u00e3o para mulheres agricultoras familiares participarem da edi\u00e7\u00e3o 2026 do Projeto Horta Comunit\u00e1ria de Cristal\u00e2ndia. As inscri\u00e7\u00f5es s\u00e3o gratuitas e seguem at\u00e9 4 de setembro. A iniciativa pretende ampliar oportunidades de trabalho e gera\u00e7\u00e3o de renda no campo, al\u00e9m de fortalecer a agricultura familiar e incentivar a autonomia econ\u00f4mica das participantes.<\/p>\n\n\n\n<p class=\"wp-block-paragraph\">Desenvolvido pela Secretaria Municipal de Desenvolvimento Social e Cidadania (SESOC), o projeto conta com a parceria da Secretaria Municipal de Agricultura, Recursos H\u00eddricos e Meio Ambiente (SEMAR) e da Associa\u00e7\u00e3o Terra Produtiva de Brumado. A produ\u00e7\u00e3o tamb\u00e9m ter\u00e1 como destino a merenda escolar da rede p\u00fablica municipal, aproximando agricultores familiares da alimenta\u00e7\u00e3o oferecida aos estudantes.<\/p>\n\n\n\n<p class=\"wp-block-paragraph\">Para participar, as interessadas devem fazer a inscri\u00e7\u00e3o presencialmente, das 8h \u00e0s 12h, na Escola Municipal em Tempo Integral Ana Rodriga, no Distrito de Cristal\u00e2ndia. \u00c9 necess\u00e1rio apresentar documento oficial com foto, CPF, comprovante de inscri\u00e7\u00e3o no Cad\u00danico, comprovante de resid\u00eancia atualizado e comprovante ou extrato de inscri\u00e7\u00e3o ativa no CAF.<\/p>\n\n\n\n<p class=\"wp-block-paragraph\">Entre os crit\u00e9rios de prioridade est\u00e3o mulheres respons\u00e1veis pela fam\u00edlia, v\u00edtimas de viol\u00eancia dom\u00e9stica ou familiar e candidatas com defici\u00eancia. Tamb\u00e9m ter\u00e3o prioridade mulheres respons\u00e1veis por filhos ou dependentes com defici\u00eancia ou transtorno do neurodesenvolvimento. O edital estabelece ainda reserva de 30% das vagas para candidatas negras, pretas ou pardas.<\/p>\n\n\n\n<p class=\"wp-block-paragraph\">Conforme o cronograma divulgado, a rela\u00e7\u00e3o das inscri\u00e7\u00f5es deferidas ser\u00e1 publicada em 10 de setembro. O resultado preliminar est\u00e1 previsto para 11 de setembro, seguido pelo per\u00edodo de recursos em 14 de setembro. J\u00e1 a divulga\u00e7\u00e3o do resultado final e a homologa\u00e7\u00e3o ocorrer\u00e3o em 15 de setembro.<\/p>\n\n\n\n<p class=\"wp-block-paragraph\">Por fim, o in\u00edcio das atividades est\u00e1 programado para 21 de setembro, em uma \u00e1rea de um hectare no Distrito de Cristal\u00e2ndia. As participantes ter\u00e3o atividades de capacita\u00e7\u00e3o, implanta\u00e7\u00e3o, cultivo, manejo, manuten\u00e7\u00e3o e gest\u00e3o coletiva, com forma\u00e7\u00e3o voltada ao desenvolvimento de habilidades t\u00e9cnicas, pr\u00e1ticas e empreendedoras.<\/p>\n","protected":false},"excerpt":{"rendered":"<p>A Prefeitura de Brumado abriu sele\u00e7\u00e3o para mulheres agricultoras familiares participarem da edi\u00e7\u00e3o 2026 do Projeto Horta Comunit\u00e1ria de Cristal\u00e2ndia. As inscri\u00e7\u00f5es s\u00e3o gratuitas e seguem at\u00e9 4 de setembro. A iniciativa pretende ampliar oportunidades de trabalho e gera\u00e7\u00e3o de renda no campo, al\u00e9m de fortalecer a agricultura familiar e incentivar a autonomia econ\u00f4mica das participantes. Desenvolvido pela Secretaria Municipal de Desenvolvimento Social e Cidadania (SESOC), o projeto conta com a parceria da Secretaria Municipal de Agricultura, Recursos H\u00eddricos e Meio Ambiente (SEMAR) e da Associa\u00e7\u00e3o Terra Produtiva de Brumado. A produ\u00e7\u00e3o tamb\u00e9m ter\u00e1 como destino a merenda escolar da rede p\u00fablica municipal, aproximando agricultores familiares da alimenta\u00e7\u00e3o oferecida aos estudantes. Para participar, as interessadas devem fazer a inscri\u00e7\u00e3o presencialmente, das 8h \u00e0s 12h, na Escola Municipal em Tempo Integral Ana Rodriga, no Distrito de Cristal\u00e2ndia. \u00c9 necess\u00e1rio apresentar documento oficial com foto, CPF, comprovante de inscri\u00e7\u00e3o no Cad\u00danico, comprovante de resid\u00eancia atualizado e comprovante ou extrato de inscri\u00e7\u00e3o ativa no CAF. Entre os crit\u00e9rios de prioridade est\u00e3o mulheres respons\u00e1veis pela fam\u00edlia, v\u00edtimas de viol\u00eancia dom\u00e9stica ou familiar e candidatas com defici\u00eancia. Tamb\u00e9m ter\u00e3o prioridade mulheres respons\u00e1veis por filhos ou dependentes com defici\u00eancia ou transtorno do neurodesenvolvimento. O edital estabelece ainda reserva de 30% das vagas para candidatas negras, pretas ou pardas. Conforme o cronograma divulgado, a rela\u00e7\u00e3o das inscri\u00e7\u00f5es deferidas ser\u00e1 publicada em 10 de setembro. O resultado preliminar est\u00e1 previsto para 11 de setembro, seguido pelo per\u00edodo de recursos em 14 de setembro. J\u00e1 a divulga\u00e7\u00e3o do resultado final e a homologa\u00e7\u00e3o ocorrer\u00e3o em 15 de setembro. Por fim, o in\u00edcio das atividades est\u00e1 programado para 21 de setembro, em uma \u00e1rea de um hectare no Distrito de Cristal\u00e2ndia. As participantes ter\u00e3o atividades de capacita\u00e7\u00e3o, implanta\u00e7\u00e3o, cultivo, manejo, manuten\u00e7\u00e3o e gest\u00e3o coletiva, com forma\u00e7\u00e3o voltada ao desenvolvimento de habilidades t\u00e9cnicas, pr\u00e1ticas e empreendedoras.<\/p>\n","protected":false},"author":4,"featured_media":0,"comment_status":"open","ping_status":"open","sticky":false,"template":"","format":"standard","meta":{"footnotes":""},"categories":[10,4,6],"tags":[],"class_list":["post-29055","post","type-post","status-publish","format-standard","hentry","category-brumado","category-cidades","category-politica"],"yoast_head":"<!-- This site is optimized with the Yoast SEO plugin v26.5 - https:\/\/yoast.com\/wordpress\/plugins\/seo\/ -->\n<title>Brumado abre sele\u00e7\u00e3o para mulheres trabalharem em horta comunit\u00e1ria - Sudoesteacontece<\/title>\n<meta name=\"robots\" content=\"index, follow, max-snippet:-1, max-image-preview:large, max-video-preview:-1\" \/>\n<link rel=\"canonical\" href=\"https:\/\/sudoesteacontece.com.br\/?p=29055\" \/>\n<meta property=\"og:locale\" content=\"pt_BR\" \/>\n<meta property=\"og:type\" content=\"article\" \/>\n<meta property=\"og:title\" content=\"Brumado abre sele\u00e7\u00e3o para mulheres trabalharem em horta comunit\u00e1ria - Sudoesteacontece\" \/>\n<meta property=\"og:description\" content=\"A Prefeitura de Brumado abriu sele\u00e7\u00e3o para mulheres agricultoras familiares participarem da edi\u00e7\u00e3o 2026 do Projeto Horta Comunit\u00e1ria de Cristal\u00e2ndia. As inscri\u00e7\u00f5es s\u00e3o gratuitas e seguem at\u00e9 4 de setembro. A iniciativa pretende ampliar oportunidades de trabalho e gera\u00e7\u00e3o de renda no campo, al\u00e9m de fortalecer a agricultura familiar e incentivar a autonomia econ\u00f4mica das participantes. Desenvolvido pela Secretaria Municipal de Desenvolvimento Social e Cidadania (SESOC), o projeto conta com a parceria da Secretaria Municipal de Agricultura, Recursos H\u00eddricos e Meio Ambiente (SEMAR) e da Associa\u00e7\u00e3o Terra Produtiva de Brumado. A produ\u00e7\u00e3o tamb\u00e9m ter\u00e1 como destino a merenda escolar da rede p\u00fablica municipal, aproximando agricultores familiares da alimenta\u00e7\u00e3o oferecida aos estudantes. Para participar, as interessadas devem fazer a inscri\u00e7\u00e3o presencialmente, das 8h \u00e0s 12h, na Escola Municipal em Tempo Integral Ana Rodriga, no Distrito de Cristal\u00e2ndia. \u00c9 necess\u00e1rio apresentar documento oficial com foto, CPF, comprovante de inscri\u00e7\u00e3o no Cad\u00danico, comprovante de resid\u00eancia atualizado e comprovante ou extrato de inscri\u00e7\u00e3o ativa no CAF. Entre os crit\u00e9rios de prioridade est\u00e3o mulheres respons\u00e1veis pela fam\u00edlia, v\u00edtimas de viol\u00eancia dom\u00e9stica ou familiar e candidatas com defici\u00eancia. Tamb\u00e9m ter\u00e3o prioridade mulheres respons\u00e1veis por filhos ou dependentes com defici\u00eancia ou transtorno do neurodesenvolvimento. O edital estabelece ainda reserva de 30% das vagas para candidatas negras, pretas ou pardas. Conforme o cronograma divulgado, a rela\u00e7\u00e3o das inscri\u00e7\u00f5es deferidas ser\u00e1 publicada em 10 de setembro. O resultado preliminar est\u00e1 previsto para 11 de setembro, seguido pelo per\u00edodo de recursos em 14 de setembro. J\u00e1 a divulga\u00e7\u00e3o do resultado final e a homologa\u00e7\u00e3o ocorrer\u00e3o em 15 de setembro. Por fim, o in\u00edcio das atividades est\u00e1 programado para 21 de setembro, em uma \u00e1rea de um hectare no Distrito de Cristal\u00e2ndia. As participantes ter\u00e3o atividades de capacita\u00e7\u00e3o, implanta\u00e7\u00e3o, cultivo, manejo, manuten\u00e7\u00e3o e gest\u00e3o coletiva, com forma\u00e7\u00e3o voltada ao desenvolvimento de habilidades t\u00e9cnicas, pr\u00e1ticas e empreendedoras.\" \/>\n<meta property=\"og:url\" content=\"https:\/\/sudoesteacontece.com.br\/?p=29055\" \/>\n<meta property=\"og:site_name\" content=\"Sudoesteacontece\" \/>\n<meta property=\"article:publisher\" content=\"https:\/\/www.facebook.com\/sudoesteacontece\/?locale=pt_BR\" \/>\n<meta property=\"article:published_time\" content=\"2026-09-01T22:00:11+00:00\" \/>\n<meta property=\"article:modified_time\" content=\"2026-09-01T22:00:17+00:00\" \/>\n<meta property=\"og:image\" content=\"https:\/\/sudoesteacontece.com.br\/wp-content\/uploads\/2026\/09\/brumado-incriao-horta-comunitaria-brumado.jpg\" \/>\n\t<meta property=\"og:image:width\" content=\"900\" \/>\n\t<meta property=\"og:image:height\" content=\"600\" \/>\n\t<meta property=\"og:image:type\" content=\"image\/jpeg\" \/>\n<meta name=\"author\" content=\"Reda\u00e7\u00e3o\" \/>\n<meta name=\"twitter:card\" content=\"summary_large_image\" \/>\n<meta name=\"twitter:label1\" content=\"Escrito por\" \/>\n\t<meta name=\"twitter:data1\" content=\"Reda\u00e7\u00e3o\" \/>\n\t<meta name=\"twitter:label2\" content=\"Est. tempo de leitura\" \/>\n\t<meta name=\"twitter:data2\" content=\"2 minutos\" \/>\n<script type=\"application\/ld+json\" class=\"yoast-schema-graph\">{\"@context\":\"https:\/\/schema.org\",\"@graph\":[{\"@type\":\"Article\",\"@id\":\"https:\/\/sudoesteacontece.com.br\/?p=29055#article\",\"isPartOf\":{\"@id\":\"https:\/\/sudoesteacontece.com.br\/?p=29055\"},\"author\":{\"name\":\"Reda\u00e7\u00e3o\",\"@id\":\"https:\/\/sudoesteacontece.com.br\/#\/schema\/person\/a4f22429c1d0923ef8f7d43343f8dc38\"},\"headline\":\"Brumado abre sele\u00e7\u00e3o para mulheres trabalharem em horta comunit\u00e1ria\",\"datePublished\":\"2026-09-01T22:00:11+00:00\",\"dateModified\":\"2026-09-01T22:00:17+00:00\",\"mainEntityOfPage\":{\"@id\":\"https:\/\/sudoesteacontece.com.br\/?p=29055\"},\"wordCount\":357,\"commentCount\":0,\"publisher\":{\"@id\":\"https:\/\/sudoesteacontece.com.br\/#organization\"},\"image\":{\"@id\":\"https:\/\/sudoesteacontece.com.br\/?p=29055#primaryimage\"},\"thumbnailUrl\":\"http:\/\/sudoesteacontece.com.br\/wp-content\/uploads\/2026\/09\/brumado-incriao-horta-comunitaria-brumado.jpg\",\"articleSection\":[\"Brumado\",\"Cidades\",\"Pol\u00edtica\"],\"inLanguage\":\"pt-BR\",\"potentialAction\":[{\"@type\":\"CommentAction\",\"name\":\"Comment\",\"target\":[\"https:\/\/sudoesteacontece.com.br\/?p=29055#respond\"]}]},{\"@type\":\"WebPage\",\"@id\":\"https:\/\/sudoesteacontece.com.br\/?p=29055\",\"url\":\"https:\/\/sudoesteacontece.com.br\/?p=29055\",\"name\":\"Brumado abre sele\u00e7\u00e3o para mulheres trabalharem em horta comunit\u00e1ria - Sudoesteacontece\",\"isPartOf\":{\"@id\":\"https:\/\/sudoesteacontece.com.br\/#website\"},\"primaryImageOfPage\":{\"@id\":\"https:\/\/sudoesteacontece.com.br\/?p=29055#primaryimage\"},\"image\":{\"@id\":\"https:\/\/sudoesteacontece.com.br\/?p=29055#primaryimage\"},\"thumbnailUrl\":\"http:\/\/sudoesteacontece.com.br\/wp-content\/uploads\/2026\/09\/brumado-incriao-horta-comunitaria-brumado.jpg\",\"datePublished\":\"2026-09-01T22:00:11+00:00\",\"dateModified\":\"2026-09-01T22:00:17+00:00\",\"breadcrumb\":{\"@id\":\"https:\/\/sudoesteacontece.com.br\/?p=29055#breadcrumb\"},\"inLanguage\":\"pt-BR\",\"potentialAction\":[{\"@type\":\"ReadAction\",\"target\":[\"https:\/\/sudoesteacontece.com.br\/?p=29055\"]}]},{\"@type\":\"ImageObject\",\"inLanguage\":\"pt-BR\",\"@id\":\"https:\/\/sudoesteacontece.com.br\/?p=29055#primaryimage\",\"url\":\"https:\/\/sudoesteacontece.com.br\/wp-content\/uploads\/2026\/09\/brumado-incriao-horta-comunitaria-brumado.jpg\",\"contentUrl\":\"https:\/\/sudoesteacontece.com.br\/wp-content\/uploads\/2026\/09\/brumado-incriao-horta-comunitaria-brumado.jpg\",\"width\":900,\"height\":600},{\"@type\":\"BreadcrumbList\",\"@id\":\"https:\/\/sudoesteacontece.com.br\/?p=29055#breadcrumb\",\"itemListElement\":[{\"@type\":\"ListItem\",\"position\":1,\"name\":\"In\u00edcio\",\"item\":\"https:\/\/sudoesteacontece.com.br\/\"},{\"@type\":\"ListItem\",\"position\":2,\"name\":\"Brumado abre sele\u00e7\u00e3o para mulheres trabalharem em horta comunit\u00e1ria\"}]},{\"@type\":\"WebSite\",\"@id\":\"https:\/\/sudoesteacontece.com.br\/#website\",\"url\":\"https:\/\/sudoesteacontece.com.br\/\",\"name\":\"Sudoesteacontece\",\"description\":\"\",\"publisher\":{\"@id\":\"https:\/\/sudoesteacontece.com.br\/#organization\"},\"potentialAction\":[{\"@type\":\"SearchAction\",\"target\":{\"@type\":\"EntryPoint\",\"urlTemplate\":\"https:\/\/sudoesteacontece.com.br\/?s={search_term_string}\"},\"query-input\":{\"@type\":\"PropertyValueSpecification\",\"valueRequired\":true,\"valueName\":\"search_term_string\"}}],\"inLanguage\":\"pt-BR\"},{\"@type\":\"Organization\",\"@id\":\"https:\/\/sudoesteacontece.com.br\/#organization\",\"name\":\"Sudoesteacontece\",\"url\":\"https:\/\/sudoesteacontece.com.br\/\",\"logo\":{\"@type\":\"ImageObject\",\"inLanguage\":\"pt-BR\",\"@id\":\"https:\/\/sudoesteacontece.com.br\/#\/schema\/logo\/image\/\",\"url\":\"https:\/\/sudoesteacontece.com.br\/wp-content\/uploads\/2025\/12\/cropped-logo-2-180x180-1.png\",\"contentUrl\":\"https:\/\/sudoesteacontece.com.br\/wp-content\/uploads\/2025\/12\/cropped-logo-2-180x180-1.png\",\"width\":180,\"height\":180,\"caption\":\"Sudoesteacontece\"},\"image\":{\"@id\":\"https:\/\/sudoesteacontece.com.br\/#\/schema\/logo\/image\/\"},\"sameAs\":[\"https:\/\/www.facebook.com\/sudoesteacontece\/?locale=pt_BR\"]},{\"@type\":\"Person\",\"@id\":\"https:\/\/sudoesteacontece.com.br\/#\/schema\/person\/a4f22429c1d0923ef8f7d43343f8dc38\",\"name\":\"Reda\u00e7\u00e3o\",\"image\":{\"@type\":\"ImageObject\",\"inLanguage\":\"pt-BR\",\"@id\":\"https:\/\/sudoesteacontece.com.br\/#\/schema\/person\/image\/\",\"url\":\"https:\/\/secure.gravatar.com\/avatar\/c3a5b3c93f268a709c25a2df414c629a96fb3b1b4bf97a94fb3f72e54ae76903?s=96&d=mm&r=g\",\"contentUrl\":\"https:\/\/secure.gravatar.com\/avatar\/c3a5b3c93f268a709c25a2df414c629a96fb3b1b4bf97a94fb3f72e54ae76903?s=96&d=mm&r=g\",\"caption\":\"Reda\u00e7\u00e3o\"},\"url\":\"https:\/\/sudoesteacontece.com.br\/?author=4\"}]}<\/script>\n<!-- \/ Yoast SEO plugin. -->","yoast_head_json":{"title":"Brumado abre sele\u00e7\u00e3o para mulheres trabalharem em horta comunit\u00e1ria - Sudoesteacontece","robots":{"index":"index","follow":"follow","max-snippet":"max-snippet:-1","max-image-preview":"max-image-preview:large","max-video-preview":"max-video-preview:-1"},"canonical":"https:\/\/sudoesteacontece.com.br\/?p=29055","og_locale":"pt_BR","og_type":"article","og_title":"Brumado abre sele\u00e7\u00e3o para mulheres trabalharem em horta comunit\u00e1ria - Sudoesteacontece","og_description":"A Prefeitura de Brumado abriu sele\u00e7\u00e3o para mulheres agricultoras familiares participarem da edi\u00e7\u00e3o 2026 do Projeto Horta Comunit\u00e1ria de Cristal\u00e2ndia. As inscri\u00e7\u00f5es s\u00e3o gratuitas e seguem at\u00e9 4 de setembro. A iniciativa pretende ampliar oportunidades de trabalho e gera\u00e7\u00e3o de renda no campo, al\u00e9m de fortalecer a agricultura familiar e incentivar a autonomia econ\u00f4mica das participantes. Desenvolvido pela Secretaria Municipal de Desenvolvimento Social e Cidadania (SESOC), o projeto conta com a parceria da Secretaria Municipal de Agricultura, Recursos H\u00eddricos e Meio Ambiente (SEMAR) e da Associa\u00e7\u00e3o Terra Produtiva de Brumado. A produ\u00e7\u00e3o tamb\u00e9m ter\u00e1 como destino a merenda escolar da rede p\u00fablica municipal, aproximando agricultores familiares da alimenta\u00e7\u00e3o oferecida aos estudantes. Para participar, as interessadas devem fazer a inscri\u00e7\u00e3o presencialmente, das 8h \u00e0s 12h, na Escola Municipal em Tempo Integral Ana Rodriga, no Distrito de Cristal\u00e2ndia. \u00c9 necess\u00e1rio apresentar documento oficial com foto, CPF, comprovante de inscri\u00e7\u00e3o no Cad\u00danico, comprovante de resid\u00eancia atualizado e comprovante ou extrato de inscri\u00e7\u00e3o ativa no CAF. Entre os crit\u00e9rios de prioridade est\u00e3o mulheres respons\u00e1veis pela fam\u00edlia, v\u00edtimas de viol\u00eancia dom\u00e9stica ou familiar e candidatas com defici\u00eancia. Tamb\u00e9m ter\u00e3o prioridade mulheres respons\u00e1veis por filhos ou dependentes com defici\u00eancia ou transtorno do neurodesenvolvimento. O edital estabelece ainda reserva de 30% das vagas para candidatas negras, pretas ou pardas. Conforme o cronograma divulgado, a rela\u00e7\u00e3o das inscri\u00e7\u00f5es deferidas ser\u00e1 publicada em 10 de setembro. O resultado preliminar est\u00e1 previsto para 11 de setembro, seguido pelo per\u00edodo de recursos em 14 de setembro. J\u00e1 a divulga\u00e7\u00e3o do resultado final e a homologa\u00e7\u00e3o ocorrer\u00e3o em 15 de setembro. Por fim, o in\u00edcio das atividades est\u00e1 programado para 21 de setembro, em uma \u00e1rea de um hectare no Distrito de Cristal\u00e2ndia. As participantes ter\u00e3o atividades de capacita\u00e7\u00e3o, implanta\u00e7\u00e3o, cultivo, manejo, manuten\u00e7\u00e3o e gest\u00e3o coletiva, com forma\u00e7\u00e3o voltada ao desenvolvimento de habilidades t\u00e9cnicas, pr\u00e1ticas e empreendedoras.","og_url":"https:\/\/sudoesteacontece.com.br\/?p=29055","og_site_name":"Sudoesteacontece","article_publisher":"https:\/\/www.facebook.com\/sudoesteacontece\/?locale=pt_BR","article_published_time":"2026-09-01T22:00:11+00:00","article_modified_time":"2026-09-01T22:00:17+00:00","og_image":[{"width":900,"height":600,"url":"https:\/\/sudoesteacontece.com.br\/wp-content\/uploads\/2026\/09\/brumado-incriao-horta-comunitaria-brumado.jpg","type":"image\/jpeg"}],"author":"Reda\u00e7\u00e3o","twitter_card":"summary_large_image","twitter_misc":{"Escrito por":"Reda\u00e7\u00e3o","Est. tempo de leitura":"2 minutos"},"schema":{"@context":"https:\/\/schema.org","@graph":[{"@type":"Article","@id":"https:\/\/sudoesteacontece.com.br\/?p=29055#article","isPartOf":{"@id":"https:\/\/sudoesteacontece.com.br\/?p=29055"},"author":{"name":"Reda\u00e7\u00e3o","@id":"https:\/\/sudoesteacontece.com.br\/#\/schema\/person\/a4f22429c1d0923ef8f7d43343f8dc38"},"headline":"Brumado abre sele\u00e7\u00e3o para mulheres trabalharem em horta comunit\u00e1ria","datePublished":"2026-09-01T22:00:11+00:00","dateModified":"2026-09-01T22:00:17+00:00","mainEntityOfPage":{"@id":"https:\/\/sudoesteacontece.com.br\/?p=29055"},"wordCount":357,"commentCount":0,"publisher":{"@id":"https:\/\/sudoesteacontece.com.br\/#organization"},"image":{"@id":"https:\/\/sudoesteacontece.com.br\/?p=29055#primaryimage"},"thumbnailUrl":"http:\/\/sudoesteacontece.com.br\/wp-content\/uploads\/2026\/09\/brumado-incriao-horta-comunitaria-brumado.jpg","articleSection":["Brumado","Cidades","Pol\u00edtica"],"inLanguage":"pt-BR","potentialAction":[{"@type":"CommentAction","name":"Comment","target":["https:\/\/sudoesteacontece.com.br\/?p=29055#respond"]}]},{"@type":"WebPage","@id":"https:\/\/sudoesteacontece.com.br\/?p=29055","url":"https:\/\/sudoesteacontece.com.br\/?p=29055","name":"Brumado abre sele\u00e7\u00e3o para mulheres trabalharem em horta comunit\u00e1ria - Sudoesteacontece","isPartOf":{"@id":"https:\/\/sudoesteacontece.com.br\/#website"},"primaryImageOfPage":{"@id":"https:\/\/sudoesteacontece.com.br\/?p=29055#primaryimage"},"image":{"@id":"https:\/\/sudoesteacontece.com.br\/?p=29055#primaryimage"},"thumbnailUrl":"http:\/\/sudoesteacontece.com.br\/wp-content\/uploads\/2026\/09\/brumado-incriao-horta-comunitaria-brumado.jpg","datePublished":"2026-09-01T22:00:11+00:00","dateModified":"2026-09-01T22:00:17+00:00","breadcrumb":{"@id":"https:\/\/sudoesteacontece.com.br\/?p=29055#breadcrumb"},"inLanguage":"pt-BR","potentialAction":[{"@type":"ReadAction","target":["https:\/\/sudoesteacontece.com.br\/?p=29055"]}]},{"@type":"ImageObject","inLanguage":"pt-BR","@id":"https:\/\/sudoesteacontece.com.br\/?p=29055#primaryimage","url":"https:\/\/sudoesteacontece.com.br\/wp-content\/uploads\/2026\/09\/brumado-incriao-horta-comunitaria-brumado.jpg","contentUrl":"https:\/\/sudoesteacontece.com.br\/wp-content\/uploads\/2026\/09\/brumado-incriao-horta-comunitaria-brumado.jpg","width":900,"height":600},{"@type":"BreadcrumbList","@id":"https:\/\/sudoesteacontece.com.br\/?p=29055#breadcrumb","itemListElement":[{"@type":"ListItem","position":1,"name":"In\u00edcio","item":"https:\/\/sudoesteacontece.com.br\/"},{"@type":"ListItem","position":2,"name":"Brumado abre sele\u00e7\u00e3o para mulheres trabalharem em horta comunit\u00e1ria"}]},{"@type":"WebSite","@id":"https:\/\/sudoesteacontece.com.br\/#website","url":"https:\/\/sudoesteacontece.com.br\/","name":"Sudoesteacontece","description":"","publisher":{"@id":"https:\/\/sudoesteacontece.com.br\/#organization"},"potentialAction":[{"@type":"SearchAction","target":{"@type":"EntryPoint","urlTemplate":"https:\/\/sudoesteacontece.com.br\/?s={search_term_string}"},"query-input":{"@type":"PropertyValueSpecification","valueRequired":true,"valueName":"search_term_string"}}],"inLanguage":"pt-BR"},{"@type":"Organization","@id":"https:\/\/sudoesteacontece.com.br\/#organization","name":"Sudoesteacontece","url":"https:\/\/sudoesteacontece.com.br\/","logo":{"@type":"ImageObject","inLanguage":"pt-BR","@id":"https:\/\/sudoesteacontece.com.br\/#\/schema\/logo\/image\/","url":"https:\/\/sudoesteacontece.com.br\/wp-content\/uploads\/2025\/12\/cropped-logo-2-180x180-1.png","contentUrl":"https:\/\/sudoesteacontece.com.br\/wp-content\/uploads\/2025\/12\/cropped-logo-2-180x180-1.png","width":180,"height":180,"caption":"Sudoesteacontece"},"image":{"@id":"https:\/\/sudoesteacontece.com.br\/#\/schema\/logo\/image\/"},"sameAs":["https:\/\/www.facebook.com\/sudoesteacontece\/?locale=pt_BR"]},{"@type":"Person","@id":"https:\/\/sudoesteacontece.com.br\/#\/schema\/person\/a4f22429c1d0923ef8f7d43343f8dc38","name":"Reda\u00e7\u00e3o","image":{"@type":"ImageObject","inLanguage":"pt-BR","@id":"https:\/\/sudoesteacontece.com.br\/#\/schema\/person\/image\/","url":"https:\/\/secure.gravatar.com\/avatar\/c3a5b3c93f268a709c25a2df414c629a96fb3b1b4bf97a94fb3f72e54ae76903?s=96&d=mm&r=g","contentUrl":"https:\/\/secure.gravatar.com\/avatar\/c3a5b3c93f268a709c25a2df414c629a96fb3b1b4bf97a94fb3f72e54ae76903?s=96&d=mm&r=g","caption":"Reda\u00e7\u00e3o"},"url":"https:\/\/sudoesteacontece.com.br\/?author=4"}]}},"_links":{"self":[{"href":"https:\/\/sudoesteacontece.com.br\/index.php?rest_route=\/wp\/v2\/posts\/29055","targetHints":{"allow":["GET"]}}],"collection":[{"href":"https:\/\/sudoesteacontece.com.br\/index.php?rest_route=\/wp\/v2\/posts"}],"about":[{"href":"https:\/\/sudoesteacontece.com.br\/index.php?rest_route=\/wp\/v2\/types\/post"}],"author":[{"embeddable":true,"href":"https:\/\/sudoesteacontece.com.br\/index.php?rest_route=\/wp\/v2\/users\/4"}],"replies":[{"embeddable":true,"href":"https:\/\/sudoesteacontece.com.br\/index.php?rest_route=%2Fwp%2Fv2%2Fcomments&post=29055"}],"version-history":[{"count":1,"href":"https:\/\/sudoesteacontece.com.br\/index.php?rest_route=\/wp\/v2\/posts\/29055\/revisions"}],"predecessor-version":[{"id":29069,"href":"https:\/\/sudoesteacontece.com.br\/index.php?rest_route=\/wp\/v2\/posts\/29055\/revisions\/29069"}],"wp:attachment":[{"href":"https:\/\/sudoesteacontece.com.br\/index.php?rest_route=%2Fwp%2Fv2%2Fmedia&parent=29055"}],"wp:term":[{"taxonomy":"category","embeddable":true,"href":"https:\/\/sudoesteacontece.com.br\/index.php?rest_route=%2Fwp%2Fv2%2Fcategories&post=29055"},{"taxonomy":"post_tag","embeddable":true,"href":"https:\/\/sudoesteacontece.com.br\/index.php?rest_route=%2Fwp%2Fv2%2Ftags&post=29055"}],"curies":[{"name":"wp","href":"https:\/\/api.w.org\/{rel}","templated":true}]}}