{"id":29057,"date":"2026-09-01T19:01:19","date_gmt":"2026-09-01T22:01:19","guid":{"rendered":"https:\/\/sudoesteacontece.com.br\/?p=29057"},"modified":"2026-09-01T19:01:25","modified_gmt":"2026-09-01T22:01:25","slug":"jovem-e-sequestrado-e-encontrado-morto-em-area-de-mata-em-jequie","status":"publish","type":"post","link":"https:\/\/sudoesteacontece.com.br\/?p=29057","title":{"rendered":"Jovem \u00e9 sequestrado e encontrado morto em \u00e1rea de mata em Jequi\u00e9"},"content":{"rendered":"\n<figure class=\"wp-block-image size-full\"><img fetchpriority=\"high\" decoding=\"async\" width=\"900\" height=\"600\" src=\"http:\/\/sudoesteacontece.com.br\/wp-content\/uploads\/2026\/09\/Jovem-e-sequestrado-e-encontrado-morto-em-area-de-mata-em-Jequie.jpg\" alt=\"\" class=\"wp-image-29072\" srcset=\"https:\/\/sudoesteacontece.com.br\/wp-content\/uploads\/2026\/09\/Jovem-e-sequestrado-e-encontrado-morto-em-area-de-mata-em-Jequie.jpg 900w, https:\/\/sudoesteacontece.com.br\/wp-content\/uploads\/2026\/09\/Jovem-e-sequestrado-e-encontrado-morto-em-area-de-mata-em-Jequie-300x200.jpg 300w, https:\/\/sudoesteacontece.com.br\/wp-content\/uploads\/2026\/09\/Jovem-e-sequestrado-e-encontrado-morto-em-area-de-mata-em-Jequie-768x512.jpg 768w\" sizes=\"(max-width: 900px) 100vw, 900px\" \/><\/figure>\n\n\n\n<p class=\"wp-block-paragraph\">Dois jovens, Wesley Maicon Pereira Lima e Wellington Lima Pereira, foram sequestrados nesta ter\u00e7a-feira (1\u00ba), em Jequi\u00e9, no sudoeste da Bahia. Segundo as informa\u00e7\u00f5es iniciais, os dois foram levados por criminosos durante uma a\u00e7\u00e3o ainda n\u00e3o esclarecida. Wellington acabou libertado, enquanto Wesley permaneceu em poder dos suspeitos e foi levado para uma regi\u00e3o de mata.<\/p>\n\n\n\n<p class=\"wp-block-paragraph\">Durante a manh\u00e3, a Pol\u00edcia Militar foi acionada ap\u00f3s o sequestro e iniciou dilig\u00eancias para localizar os dois jovens. As buscas levaram os policiais at\u00e9 uma \u00e1rea de vegeta\u00e7\u00e3o, onde o corpo de Wesley foi encontrado sem vida. A v\u00edtima apresentava sinais compat\u00edveis com a viol\u00eancia sofrida, mas as circunst\u00e2ncias da morte ainda dependem da per\u00edcia.<\/p>\n\n\n\n<p class=\"wp-block-paragraph\">Na sequ\u00eancia, a \u00e1rea onde o corpo estava foi isolada pelos policiais para preservar poss\u00edveis vest\u00edgios. Uma equipe do Departamento de Pol\u00edcia T\u00e9cnica (DPT) foi acionada e realizou os procedimentos periciais no local. Ap\u00f3s a conclus\u00e3o dos trabalhos, o corpo foi removido e encaminhado para os procedimentos legais.<\/p>\n\n\n\n<p class=\"wp-block-paragraph\">Enquanto isso, Wellington foi localizado ap\u00f3s ser libertado pelos criminosos. At\u00e9 o momento, n\u00e3o foram divulgadas informa\u00e7\u00f5es detalhadas sobre as circunst\u00e2ncias da liberta\u00e7\u00e3o ou sobre eventuais caracter\u00edsticas dos respons\u00e1veis pela a\u00e7\u00e3o. O caso mobilizou equipes de seguran\u00e7a durante a manh\u00e3 e permanece sob apura\u00e7\u00e3o.<\/p>\n\n\n\n<p class=\"wp-block-paragraph\">Ainda n\u00e3o h\u00e1 informa\u00e7\u00f5es oficiais sobre a motiva\u00e7\u00e3o do sequestro e da morte de Wesley. Tamb\u00e9m n\u00e3o foram identificados os suspeitos envolvidos no crime. A Pol\u00edcia Civil dever\u00e1 conduzir a investiga\u00e7\u00e3o para esclarecer a din\u00e2mica da ocorr\u00eancia, identificar os respons\u00e1veis e determinar as circunst\u00e2ncias que levaram \u00e0 morte do jovem.<\/p>\n","protected":false},"excerpt":{"rendered":"<p>Dois jovens, Wesley Maicon Pereira Lima e Wellington Lima Pereira, foram sequestrados nesta ter\u00e7a-feira (1\u00ba), em Jequi\u00e9, no sudoeste da Bahia. Segundo as informa\u00e7\u00f5es iniciais, os dois foram levados por criminosos durante uma a\u00e7\u00e3o ainda n\u00e3o esclarecida. Wellington acabou libertado, enquanto Wesley permaneceu em poder dos suspeitos e foi levado para uma regi\u00e3o de mata. Durante a manh\u00e3, a Pol\u00edcia Militar foi acionada ap\u00f3s o sequestro e iniciou dilig\u00eancias para localizar os dois jovens. As buscas levaram os policiais at\u00e9 uma \u00e1rea de vegeta\u00e7\u00e3o, onde o corpo de Wesley foi encontrado sem vida. A v\u00edtima apresentava sinais compat\u00edveis com a viol\u00eancia sofrida, mas as circunst\u00e2ncias da morte ainda dependem da per\u00edcia. Na sequ\u00eancia, a \u00e1rea onde o corpo estava foi isolada pelos policiais para preservar poss\u00edveis vest\u00edgios. Uma equipe do Departamento de Pol\u00edcia T\u00e9cnica (DPT) foi acionada e realizou os procedimentos periciais no local. Ap\u00f3s a conclus\u00e3o dos trabalhos, o corpo foi removido e encaminhado para os procedimentos legais. Enquanto isso, Wellington foi localizado ap\u00f3s ser libertado pelos criminosos. At\u00e9 o momento, n\u00e3o foram divulgadas informa\u00e7\u00f5es detalhadas sobre as circunst\u00e2ncias da liberta\u00e7\u00e3o ou sobre eventuais caracter\u00edsticas dos respons\u00e1veis pela a\u00e7\u00e3o. O caso mobilizou equipes de seguran\u00e7a durante a manh\u00e3 e permanece sob apura\u00e7\u00e3o. Ainda n\u00e3o h\u00e1 informa\u00e7\u00f5es oficiais sobre a motiva\u00e7\u00e3o do sequestro e da morte de Wesley. Tamb\u00e9m n\u00e3o foram identificados os suspeitos envolvidos no crime. A Pol\u00edcia Civil dever\u00e1 conduzir a investiga\u00e7\u00e3o para esclarecer a din\u00e2mica da ocorr\u00eancia, identificar os respons\u00e1veis e determinar as circunst\u00e2ncias que levaram \u00e0 morte do jovem.<\/p>\n","protected":false},"author":4,"featured_media":0,"comment_status":"open","ping_status":"open","sticky":false,"template":"","format":"standard","meta":{"footnotes":""},"categories":[4,81,3],"tags":[],"class_list":["post-29057","post","type-post","status-publish","format-standard","hentry","category-cidades","category-jequie","category-policia"],"yoast_head":"<!-- This site is optimized with the Yoast SEO plugin v26.5 - https:\/\/yoast.com\/wordpress\/plugins\/seo\/ -->\n<title>Jovem \u00e9 sequestrado e encontrado morto em \u00e1rea de mata em Jequi\u00e9 - Sudoesteacontece<\/title>\n<meta name=\"robots\" content=\"index, follow, max-snippet:-1, max-image-preview:large, max-video-preview:-1\" \/>\n<link rel=\"canonical\" href=\"https:\/\/sudoesteacontece.com.br\/?p=29057\" \/>\n<meta property=\"og:locale\" content=\"pt_BR\" \/>\n<meta property=\"og:type\" content=\"article\" \/>\n<meta property=\"og:title\" content=\"Jovem \u00e9 sequestrado e encontrado morto em \u00e1rea de mata em Jequi\u00e9 - Sudoesteacontece\" \/>\n<meta property=\"og:description\" content=\"Dois jovens, Wesley Maicon Pereira Lima e Wellington Lima Pereira, foram sequestrados nesta ter\u00e7a-feira (1\u00ba), em Jequi\u00e9, no sudoeste da Bahia. Segundo as informa\u00e7\u00f5es iniciais, os dois foram levados por criminosos durante uma a\u00e7\u00e3o ainda n\u00e3o esclarecida. Wellington acabou libertado, enquanto Wesley permaneceu em poder dos suspeitos e foi levado para uma regi\u00e3o de mata. Durante a manh\u00e3, a Pol\u00edcia Militar foi acionada ap\u00f3s o sequestro e iniciou dilig\u00eancias para localizar os dois jovens. As buscas levaram os policiais at\u00e9 uma \u00e1rea de vegeta\u00e7\u00e3o, onde o corpo de Wesley foi encontrado sem vida. A v\u00edtima apresentava sinais compat\u00edveis com a viol\u00eancia sofrida, mas as circunst\u00e2ncias da morte ainda dependem da per\u00edcia. Na sequ\u00eancia, a \u00e1rea onde o corpo estava foi isolada pelos policiais para preservar poss\u00edveis vest\u00edgios. Uma equipe do Departamento de Pol\u00edcia T\u00e9cnica (DPT) foi acionada e realizou os procedimentos periciais no local. Ap\u00f3s a conclus\u00e3o dos trabalhos, o corpo foi removido e encaminhado para os procedimentos legais. Enquanto isso, Wellington foi localizado ap\u00f3s ser libertado pelos criminosos. At\u00e9 o momento, n\u00e3o foram divulgadas informa\u00e7\u00f5es detalhadas sobre as circunst\u00e2ncias da liberta\u00e7\u00e3o ou sobre eventuais caracter\u00edsticas dos respons\u00e1veis pela a\u00e7\u00e3o. O caso mobilizou equipes de seguran\u00e7a durante a manh\u00e3 e permanece sob apura\u00e7\u00e3o. Ainda n\u00e3o h\u00e1 informa\u00e7\u00f5es oficiais sobre a motiva\u00e7\u00e3o do sequestro e da morte de Wesley. Tamb\u00e9m n\u00e3o foram identificados os suspeitos envolvidos no crime. A Pol\u00edcia Civil dever\u00e1 conduzir a investiga\u00e7\u00e3o para esclarecer a din\u00e2mica da ocorr\u00eancia, identificar os respons\u00e1veis e determinar as circunst\u00e2ncias que levaram \u00e0 morte do jovem.\" \/>\n<meta property=\"og:url\" content=\"https:\/\/sudoesteacontece.com.br\/?p=29057\" \/>\n<meta property=\"og:site_name\" content=\"Sudoesteacontece\" \/>\n<meta property=\"article:publisher\" content=\"https:\/\/www.facebook.com\/sudoesteacontece\/?locale=pt_BR\" \/>\n<meta property=\"article:published_time\" content=\"2026-09-01T22:01:19+00:00\" \/>\n<meta property=\"article:modified_time\" content=\"2026-09-01T22:01:25+00:00\" \/>\n<meta property=\"og:image\" content=\"https:\/\/sudoesteacontece.com.br\/wp-content\/uploads\/2026\/09\/Jovem-e-sequestrado-e-encontrado-morto-em-area-de-mata-em-Jequie.jpg\" \/>\n\t<meta property=\"og:image:width\" content=\"900\" \/>\n\t<meta property=\"og:image:height\" content=\"600\" \/>\n\t<meta property=\"og:image:type\" content=\"image\/jpeg\" \/>\n<meta name=\"author\" content=\"Reda\u00e7\u00e3o\" \/>\n<meta name=\"twitter:card\" content=\"summary_large_image\" \/>\n<meta name=\"twitter:label1\" content=\"Escrito por\" \/>\n\t<meta name=\"twitter:data1\" content=\"Reda\u00e7\u00e3o\" \/>\n\t<meta name=\"twitter:label2\" content=\"Est. tempo de leitura\" \/>\n\t<meta name=\"twitter:data2\" content=\"2 minutos\" \/>\n<script type=\"application\/ld+json\" class=\"yoast-schema-graph\">{\"@context\":\"https:\/\/schema.org\",\"@graph\":[{\"@type\":\"Article\",\"@id\":\"https:\/\/sudoesteacontece.com.br\/?p=29057#article\",\"isPartOf\":{\"@id\":\"https:\/\/sudoesteacontece.com.br\/?p=29057\"},\"author\":{\"name\":\"Reda\u00e7\u00e3o\",\"@id\":\"https:\/\/sudoesteacontece.com.br\/#\/schema\/person\/a4f22429c1d0923ef8f7d43343f8dc38\"},\"headline\":\"Jovem \u00e9 sequestrado e encontrado morto em \u00e1rea de mata em Jequi\u00e9\",\"datePublished\":\"2026-09-01T22:01:19+00:00\",\"dateModified\":\"2026-09-01T22:01:25+00:00\",\"mainEntityOfPage\":{\"@id\":\"https:\/\/sudoesteacontece.com.br\/?p=29057\"},\"wordCount\":304,\"commentCount\":0,\"publisher\":{\"@id\":\"https:\/\/sudoesteacontece.com.br\/#organization\"},\"image\":{\"@id\":\"https:\/\/sudoesteacontece.com.br\/?p=29057#primaryimage\"},\"thumbnailUrl\":\"http:\/\/sudoesteacontece.com.br\/wp-content\/uploads\/2026\/09\/Jovem-e-sequestrado-e-encontrado-morto-em-area-de-mata-em-Jequie.jpg\",\"articleSection\":[\"Cidades\",\"Jequi\u00e9\",\"Pol\u00edcia\"],\"inLanguage\":\"pt-BR\",\"potentialAction\":[{\"@type\":\"CommentAction\",\"name\":\"Comment\",\"target\":[\"https:\/\/sudoesteacontece.com.br\/?p=29057#respond\"]}]},{\"@type\":\"WebPage\",\"@id\":\"https:\/\/sudoesteacontece.com.br\/?p=29057\",\"url\":\"https:\/\/sudoesteacontece.com.br\/?p=29057\",\"name\":\"Jovem \u00e9 sequestrado e encontrado morto em \u00e1rea de mata em Jequi\u00e9 - Sudoesteacontece\",\"isPartOf\":{\"@id\":\"https:\/\/sudoesteacontece.com.br\/#website\"},\"primaryImageOfPage\":{\"@id\":\"https:\/\/sudoesteacontece.com.br\/?p=29057#primaryimage\"},\"image\":{\"@id\":\"https:\/\/sudoesteacontece.com.br\/?p=29057#primaryimage\"},\"thumbnailUrl\":\"http:\/\/sudoesteacontece.com.br\/wp-content\/uploads\/2026\/09\/Jovem-e-sequestrado-e-encontrado-morto-em-area-de-mata-em-Jequie.jpg\",\"datePublished\":\"2026-09-01T22:01:19+00:00\",\"dateModified\":\"2026-09-01T22:01:25+00:00\",\"breadcrumb\":{\"@id\":\"https:\/\/sudoesteacontece.com.br\/?p=29057#breadcrumb\"},\"inLanguage\":\"pt-BR\",\"potentialAction\":[{\"@type\":\"ReadAction\",\"target\":[\"https:\/\/sudoesteacontece.com.br\/?p=29057\"]}]},{\"@type\":\"ImageObject\",\"inLanguage\":\"pt-BR\",\"@id\":\"https:\/\/sudoesteacontece.com.br\/?p=29057#primaryimage\",\"url\":\"https:\/\/sudoesteacontece.com.br\/wp-content\/uploads\/2026\/09\/Jovem-e-sequestrado-e-encontrado-morto-em-area-de-mata-em-Jequie.jpg\",\"contentUrl\":\"https:\/\/sudoesteacontece.com.br\/wp-content\/uploads\/2026\/09\/Jovem-e-sequestrado-e-encontrado-morto-em-area-de-mata-em-Jequie.jpg\",\"width\":900,\"height\":600},{\"@type\":\"BreadcrumbList\",\"@id\":\"https:\/\/sudoesteacontece.com.br\/?p=29057#breadcrumb\",\"itemListElement\":[{\"@type\":\"ListItem\",\"position\":1,\"name\":\"In\u00edcio\",\"item\":\"https:\/\/sudoesteacontece.com.br\/\"},{\"@type\":\"ListItem\",\"position\":2,\"name\":\"Jovem \u00e9 sequestrado e encontrado morto em \u00e1rea de mata em Jequi\u00e9\"}]},{\"@type\":\"WebSite\",\"@id\":\"https:\/\/sudoesteacontece.com.br\/#website\",\"url\":\"https:\/\/sudoesteacontece.com.br\/\",\"name\":\"Sudoesteacontece\",\"description\":\"\",\"publisher\":{\"@id\":\"https:\/\/sudoesteacontece.com.br\/#organization\"},\"potentialAction\":[{\"@type\":\"SearchAction\",\"target\":{\"@type\":\"EntryPoint\",\"urlTemplate\":\"https:\/\/sudoesteacontece.com.br\/?s={search_term_string}\"},\"query-input\":{\"@type\":\"PropertyValueSpecification\",\"valueRequired\":true,\"valueName\":\"search_term_string\"}}],\"inLanguage\":\"pt-BR\"},{\"@type\":\"Organization\",\"@id\":\"https:\/\/sudoesteacontece.com.br\/#organization\",\"name\":\"Sudoesteacontece\",\"url\":\"https:\/\/sudoesteacontece.com.br\/\",\"logo\":{\"@type\":\"ImageObject\",\"inLanguage\":\"pt-BR\",\"@id\":\"https:\/\/sudoesteacontece.com.br\/#\/schema\/logo\/image\/\",\"url\":\"https:\/\/sudoesteacontece.com.br\/wp-content\/uploads\/2025\/12\/cropped-logo-2-180x180-1.png\",\"contentUrl\":\"https:\/\/sudoesteacontece.com.br\/wp-content\/uploads\/2025\/12\/cropped-logo-2-180x180-1.png\",\"width\":180,\"height\":180,\"caption\":\"Sudoesteacontece\"},\"image\":{\"@id\":\"https:\/\/sudoesteacontece.com.br\/#\/schema\/logo\/image\/\"},\"sameAs\":[\"https:\/\/www.facebook.com\/sudoesteacontece\/?locale=pt_BR\"]},{\"@type\":\"Person\",\"@id\":\"https:\/\/sudoesteacontece.com.br\/#\/schema\/person\/a4f22429c1d0923ef8f7d43343f8dc38\",\"name\":\"Reda\u00e7\u00e3o\",\"image\":{\"@type\":\"ImageObject\",\"inLanguage\":\"pt-BR\",\"@id\":\"https:\/\/sudoesteacontece.com.br\/#\/schema\/person\/image\/\",\"url\":\"https:\/\/secure.gravatar.com\/avatar\/c3a5b3c93f268a709c25a2df414c629a96fb3b1b4bf97a94fb3f72e54ae76903?s=96&d=mm&r=g\",\"contentUrl\":\"https:\/\/secure.gravatar.com\/avatar\/c3a5b3c93f268a709c25a2df414c629a96fb3b1b4bf97a94fb3f72e54ae76903?s=96&d=mm&r=g\",\"caption\":\"Reda\u00e7\u00e3o\"},\"url\":\"https:\/\/sudoesteacontece.com.br\/?author=4\"}]}<\/script>\n<!-- \/ Yoast SEO plugin. -->","yoast_head_json":{"title":"Jovem \u00e9 sequestrado e encontrado morto em \u00e1rea de mata em Jequi\u00e9 - Sudoesteacontece","robots":{"index":"index","follow":"follow","max-snippet":"max-snippet:-1","max-image-preview":"max-image-preview:large","max-video-preview":"max-video-preview:-1"},"canonical":"https:\/\/sudoesteacontece.com.br\/?p=29057","og_locale":"pt_BR","og_type":"article","og_title":"Jovem \u00e9 sequestrado e encontrado morto em \u00e1rea de mata em Jequi\u00e9 - Sudoesteacontece","og_description":"Dois jovens, Wesley Maicon Pereira Lima e Wellington Lima Pereira, foram sequestrados nesta ter\u00e7a-feira (1\u00ba), em Jequi\u00e9, no sudoeste da Bahia. Segundo as informa\u00e7\u00f5es iniciais, os dois foram levados por criminosos durante uma a\u00e7\u00e3o ainda n\u00e3o esclarecida. Wellington acabou libertado, enquanto Wesley permaneceu em poder dos suspeitos e foi levado para uma regi\u00e3o de mata. Durante a manh\u00e3, a Pol\u00edcia Militar foi acionada ap\u00f3s o sequestro e iniciou dilig\u00eancias para localizar os dois jovens. As buscas levaram os policiais at\u00e9 uma \u00e1rea de vegeta\u00e7\u00e3o, onde o corpo de Wesley foi encontrado sem vida. A v\u00edtima apresentava sinais compat\u00edveis com a viol\u00eancia sofrida, mas as circunst\u00e2ncias da morte ainda dependem da per\u00edcia. Na sequ\u00eancia, a \u00e1rea onde o corpo estava foi isolada pelos policiais para preservar poss\u00edveis vest\u00edgios. Uma equipe do Departamento de Pol\u00edcia T\u00e9cnica (DPT) foi acionada e realizou os procedimentos periciais no local. Ap\u00f3s a conclus\u00e3o dos trabalhos, o corpo foi removido e encaminhado para os procedimentos legais. Enquanto isso, Wellington foi localizado ap\u00f3s ser libertado pelos criminosos. At\u00e9 o momento, n\u00e3o foram divulgadas informa\u00e7\u00f5es detalhadas sobre as circunst\u00e2ncias da liberta\u00e7\u00e3o ou sobre eventuais caracter\u00edsticas dos respons\u00e1veis pela a\u00e7\u00e3o. O caso mobilizou equipes de seguran\u00e7a durante a manh\u00e3 e permanece sob apura\u00e7\u00e3o. Ainda n\u00e3o h\u00e1 informa\u00e7\u00f5es oficiais sobre a motiva\u00e7\u00e3o do sequestro e da morte de Wesley. Tamb\u00e9m n\u00e3o foram identificados os suspeitos envolvidos no crime. A Pol\u00edcia Civil dever\u00e1 conduzir a investiga\u00e7\u00e3o para esclarecer a din\u00e2mica da ocorr\u00eancia, identificar os respons\u00e1veis e determinar as circunst\u00e2ncias que levaram \u00e0 morte do jovem.","og_url":"https:\/\/sudoesteacontece.com.br\/?p=29057","og_site_name":"Sudoesteacontece","article_publisher":"https:\/\/www.facebook.com\/sudoesteacontece\/?locale=pt_BR","article_published_time":"2026-09-01T22:01:19+00:00","article_modified_time":"2026-09-01T22:01:25+00:00","og_image":[{"width":900,"height":600,"url":"https:\/\/sudoesteacontece.com.br\/wp-content\/uploads\/2026\/09\/Jovem-e-sequestrado-e-encontrado-morto-em-area-de-mata-em-Jequie.jpg","type":"image\/jpeg"}],"author":"Reda\u00e7\u00e3o","twitter_card":"summary_large_image","twitter_misc":{"Escrito por":"Reda\u00e7\u00e3o","Est. tempo de leitura":"2 minutos"},"schema":{"@context":"https:\/\/schema.org","@graph":[{"@type":"Article","@id":"https:\/\/sudoesteacontece.com.br\/?p=29057#article","isPartOf":{"@id":"https:\/\/sudoesteacontece.com.br\/?p=29057"},"author":{"name":"Reda\u00e7\u00e3o","@id":"https:\/\/sudoesteacontece.com.br\/#\/schema\/person\/a4f22429c1d0923ef8f7d43343f8dc38"},"headline":"Jovem \u00e9 sequestrado e encontrado morto em \u00e1rea de mata em Jequi\u00e9","datePublished":"2026-09-01T22:01:19+00:00","dateModified":"2026-09-01T22:01:25+00:00","mainEntityOfPage":{"@id":"https:\/\/sudoesteacontece.com.br\/?p=29057"},"wordCount":304,"commentCount":0,"publisher":{"@id":"https:\/\/sudoesteacontece.com.br\/#organization"},"image":{"@id":"https:\/\/sudoesteacontece.com.br\/?p=29057#primaryimage"},"thumbnailUrl":"http:\/\/sudoesteacontece.com.br\/wp-content\/uploads\/2026\/09\/Jovem-e-sequestrado-e-encontrado-morto-em-area-de-mata-em-Jequie.jpg","articleSection":["Cidades","Jequi\u00e9","Pol\u00edcia"],"inLanguage":"pt-BR","potentialAction":[{"@type":"CommentAction","name":"Comment","target":["https:\/\/sudoesteacontece.com.br\/?p=29057#respond"]}]},{"@type":"WebPage","@id":"https:\/\/sudoesteacontece.com.br\/?p=29057","url":"https:\/\/sudoesteacontece.com.br\/?p=29057","name":"Jovem \u00e9 sequestrado e encontrado morto em \u00e1rea de mata em Jequi\u00e9 - Sudoesteacontece","isPartOf":{"@id":"https:\/\/sudoesteacontece.com.br\/#website"},"primaryImageOfPage":{"@id":"https:\/\/sudoesteacontece.com.br\/?p=29057#primaryimage"},"image":{"@id":"https:\/\/sudoesteacontece.com.br\/?p=29057#primaryimage"},"thumbnailUrl":"http:\/\/sudoesteacontece.com.br\/wp-content\/uploads\/2026\/09\/Jovem-e-sequestrado-e-encontrado-morto-em-area-de-mata-em-Jequie.jpg","datePublished":"2026-09-01T22:01:19+00:00","dateModified":"2026-09-01T22:01:25+00:00","breadcrumb":{"@id":"https:\/\/sudoesteacontece.com.br\/?p=29057#breadcrumb"},"inLanguage":"pt-BR","potentialAction":[{"@type":"ReadAction","target":["https:\/\/sudoesteacontece.com.br\/?p=29057"]}]},{"@type":"ImageObject","inLanguage":"pt-BR","@id":"https:\/\/sudoesteacontece.com.br\/?p=29057#primaryimage","url":"https:\/\/sudoesteacontece.com.br\/wp-content\/uploads\/2026\/09\/Jovem-e-sequestrado-e-encontrado-morto-em-area-de-mata-em-Jequie.jpg","contentUrl":"https:\/\/sudoesteacontece.com.br\/wp-content\/uploads\/2026\/09\/Jovem-e-sequestrado-e-encontrado-morto-em-area-de-mata-em-Jequie.jpg","width":900,"height":600},{"@type":"BreadcrumbList","@id":"https:\/\/sudoesteacontece.com.br\/?p=29057#breadcrumb","itemListElement":[{"@type":"ListItem","position":1,"name":"In\u00edcio","item":"https:\/\/sudoesteacontece.com.br\/"},{"@type":"ListItem","position":2,"name":"Jovem \u00e9 sequestrado e encontrado morto em \u00e1rea de mata em Jequi\u00e9"}]},{"@type":"WebSite","@id":"https:\/\/sudoesteacontece.com.br\/#website","url":"https:\/\/sudoesteacontece.com.br\/","name":"Sudoesteacontece","description":"","publisher":{"@id":"https:\/\/sudoesteacontece.com.br\/#organization"},"potentialAction":[{"@type":"SearchAction","target":{"@type":"EntryPoint","urlTemplate":"https:\/\/sudoesteacontece.com.br\/?s={search_term_string}"},"query-input":{"@type":"PropertyValueSpecification","valueRequired":true,"valueName":"search_term_string"}}],"inLanguage":"pt-BR"},{"@type":"Organization","@id":"https:\/\/sudoesteacontece.com.br\/#organization","name":"Sudoesteacontece","url":"https:\/\/sudoesteacontece.com.br\/","logo":{"@type":"ImageObject","inLanguage":"pt-BR","@id":"https:\/\/sudoesteacontece.com.br\/#\/schema\/logo\/image\/","url":"https:\/\/sudoesteacontece.com.br\/wp-content\/uploads\/2025\/12\/cropped-logo-2-180x180-1.png","contentUrl":"https:\/\/sudoesteacontece.com.br\/wp-content\/uploads\/2025\/12\/cropped-logo-2-180x180-1.png","width":180,"height":180,"caption":"Sudoesteacontece"},"image":{"@id":"https:\/\/sudoesteacontece.com.br\/#\/schema\/logo\/image\/"},"sameAs":["https:\/\/www.facebook.com\/sudoesteacontece\/?locale=pt_BR"]},{"@type":"Person","@id":"https:\/\/sudoesteacontece.com.br\/#\/schema\/person\/a4f22429c1d0923ef8f7d43343f8dc38","name":"Reda\u00e7\u00e3o","image":{"@type":"ImageObject","inLanguage":"pt-BR","@id":"https:\/\/sudoesteacontece.com.br\/#\/schema\/person\/image\/","url":"https:\/\/secure.gravatar.com\/avatar\/c3a5b3c93f268a709c25a2df414c629a96fb3b1b4bf97a94fb3f72e54ae76903?s=96&d=mm&r=g","contentUrl":"https:\/\/secure.gravatar.com\/avatar\/c3a5b3c93f268a709c25a2df414c629a96fb3b1b4bf97a94fb3f72e54ae76903?s=96&d=mm&r=g","caption":"Reda\u00e7\u00e3o"},"url":"https:\/\/sudoesteacontece.com.br\/?author=4"}]}},"_links":{"self":[{"href":"https:\/\/sudoesteacontece.com.br\/index.php?rest_route=\/wp\/v2\/posts\/29057","targetHints":{"allow":["GET"]}}],"collection":[{"href":"https:\/\/sudoesteacontece.com.br\/index.php?rest_route=\/wp\/v2\/posts"}],"about":[{"href":"https:\/\/sudoesteacontece.com.br\/index.php?rest_route=\/wp\/v2\/types\/post"}],"author":[{"embeddable":true,"href":"https:\/\/sudoesteacontece.com.br\/index.php?rest_route=\/wp\/v2\/users\/4"}],"replies":[{"embeddable":true,"href":"https:\/\/sudoesteacontece.com.br\/index.php?rest_route=%2Fwp%2Fv2%2Fcomments&post=29057"}],"version-history":[{"count":1,"href":"https:\/\/sudoesteacontece.com.br\/index.php?rest_route=\/wp\/v2\/posts\/29057\/revisions"}],"predecessor-version":[{"id":29073,"href":"https:\/\/sudoesteacontece.com.br\/index.php?rest_route=\/wp\/v2\/posts\/29057\/revisions\/29073"}],"wp:attachment":[{"href":"https:\/\/sudoesteacontece.com.br\/index.php?rest_route=%2Fwp%2Fv2%2Fmedia&parent=29057"}],"wp:term":[{"taxonomy":"category","embeddable":true,"href":"https:\/\/sudoesteacontece.com.br\/index.php?rest_route=%2Fwp%2Fv2%2Fcategories&post=29057"},{"taxonomy":"post_tag","embeddable":true,"href":"https:\/\/sudoesteacontece.com.br\/index.php?rest_route=%2Fwp%2Fv2%2Ftags&post=29057"}],"curies":[{"name":"wp","href":"https:\/\/api.w.org\/{rel}","templated":true}]}}