{"id":29091,"date":"2026-09-02T11:51:45","date_gmt":"2026-09-02T14:51:45","guid":{"rendered":"https:\/\/sudoesteacontece.com.br\/?p=29091"},"modified":"2026-09-02T11:51:50","modified_gmt":"2026-09-02T14:51:50","slug":"morre-seu-du-da-pipoca-figura-conhecida-de-vitoria-da-conquista","status":"publish","type":"post","link":"https:\/\/sudoesteacontece.com.br\/?p=29091","title":{"rendered":"Morre Seu Du da Pipoca, figura conhecida de Vit\u00f3ria da Conquista"},"content":{"rendered":"\n<figure class=\"wp-block-image size-full\"><img fetchpriority=\"high\" decoding=\"async\" width=\"900\" height=\"600\" src=\"http:\/\/sudoesteacontece.com.br\/wp-content\/uploads\/2026\/09\/Morre-Seu-Du-da-Pipoca-figura-conhecida-de-Vitoria-da-Conquista.jpg\" alt=\"\" class=\"wp-image-29160\" srcset=\"https:\/\/sudoesteacontece.com.br\/wp-content\/uploads\/2026\/09\/Morre-Seu-Du-da-Pipoca-figura-conhecida-de-Vitoria-da-Conquista.jpg 900w, https:\/\/sudoesteacontece.com.br\/wp-content\/uploads\/2026\/09\/Morre-Seu-Du-da-Pipoca-figura-conhecida-de-Vitoria-da-Conquista-300x200.jpg 300w, https:\/\/sudoesteacontece.com.br\/wp-content\/uploads\/2026\/09\/Morre-Seu-Du-da-Pipoca-figura-conhecida-de-Vitoria-da-Conquista-768x512.jpg 768w\" sizes=\"(max-width: 900px) 100vw, 900px\" \/><\/figure>\n\n\n\n<p class=\"wp-block-paragraph\">Seu Du da Pipoca, figura conhecida e querida de Vit\u00f3ria da Conquista, morreu. A not\u00edcia do falecimento causou como\u00e7\u00e3o entre pessoas que conheciam o comerciante e sua trajet\u00f3ria na cidade. Conhecido pelo apelido de Seu Du da Pipoca, ele construiu ao longo dos anos uma rela\u00e7\u00e3o pr\u00f3xima com moradores de Vit\u00f3ria da Conquista. <\/p>\n\n\n\n<p class=\"wp-block-paragraph\">Sua presen\u00e7a fazia parte do cotidiano de pessoas que frequentavam os locais onde trabalhava. Segundo as informa\u00e7\u00f5es dispon\u00edveis, a morte foi registrada recentemente. At\u00e9 o momento, n\u00e3o foram divulgados detalhes sobre a causa do falecimento, nem informa\u00e7\u00f5es oficiais sobre o hor\u00e1rio e o local do sepultamento.<\/p>\n\n\n\n<p class=\"wp-block-paragraph\">Moradores que conheceram Seu Du destacaram a lembran\u00e7a deixada por sua presen\u00e7a na comunidade. O personagem era reconhecido pelo trabalho com a venda de pipocas e pela conviv\u00eancia com o p\u00fablico.<\/p>\n\n\n\n<p class=\"wp-block-paragraph\">A despedida deve reunir familiares, amigos e pessoas que mantiveram contato com Seu Du ao longo de sua trajet\u00f3ria. Novas informa\u00e7\u00f5es sobre vel\u00f3rio e sepultamento podem ser divulgadas posteriormente.<\/p>\n","protected":false},"excerpt":{"rendered":"<p>Seu Du da Pipoca, figura conhecida e querida de Vit\u00f3ria da Conquista, morreu. A not\u00edcia do falecimento causou como\u00e7\u00e3o entre pessoas que conheciam o comerciante e sua trajet\u00f3ria na cidade. Conhecido pelo apelido de Seu Du da Pipoca, ele construiu ao longo dos anos uma rela\u00e7\u00e3o pr\u00f3xima com moradores de Vit\u00f3ria da Conquista. Sua presen\u00e7a fazia parte do cotidiano de pessoas que frequentavam os locais onde trabalhava. Segundo as informa\u00e7\u00f5es dispon\u00edveis, a morte foi registrada recentemente. At\u00e9 o momento, n\u00e3o foram divulgados detalhes sobre a causa do falecimento, nem informa\u00e7\u00f5es oficiais sobre o hor\u00e1rio e o local do sepultamento. Moradores que conheceram Seu Du destacaram a lembran\u00e7a deixada por sua presen\u00e7a na comunidade. O personagem era reconhecido pelo trabalho com a venda de pipocas e pela conviv\u00eancia com o p\u00fablico. A despedida deve reunir familiares, amigos e pessoas que mantiveram contato com Seu Du ao longo de sua trajet\u00f3ria. Novas informa\u00e7\u00f5es sobre vel\u00f3rio e sepultamento podem ser divulgadas posteriormente.<\/p>\n","protected":false},"author":4,"featured_media":0,"comment_status":"open","ping_status":"open","sticky":false,"template":"","format":"standard","meta":{"footnotes":""},"categories":[4,8],"tags":[],"class_list":["post-29091","post","type-post","status-publish","format-standard","hentry","category-cidades","category-vitoria-da-conquista"],"yoast_head":"<!-- This site is optimized with the Yoast SEO plugin v26.5 - https:\/\/yoast.com\/wordpress\/plugins\/seo\/ -->\n<title>Morre Seu Du da Pipoca, figura conhecida de Vit\u00f3ria da Conquista - Sudoesteacontece<\/title>\n<meta name=\"robots\" content=\"index, follow, max-snippet:-1, max-image-preview:large, max-video-preview:-1\" \/>\n<link rel=\"canonical\" href=\"https:\/\/sudoesteacontece.com.br\/?p=29091\" \/>\n<meta property=\"og:locale\" content=\"pt_BR\" \/>\n<meta property=\"og:type\" content=\"article\" \/>\n<meta property=\"og:title\" content=\"Morre Seu Du da Pipoca, figura conhecida de Vit\u00f3ria da Conquista - Sudoesteacontece\" \/>\n<meta property=\"og:description\" content=\"Seu Du da Pipoca, figura conhecida e querida de Vit\u00f3ria da Conquista, morreu. A not\u00edcia do falecimento causou como\u00e7\u00e3o entre pessoas que conheciam o comerciante e sua trajet\u00f3ria na cidade. Conhecido pelo apelido de Seu Du da Pipoca, ele construiu ao longo dos anos uma rela\u00e7\u00e3o pr\u00f3xima com moradores de Vit\u00f3ria da Conquista. Sua presen\u00e7a fazia parte do cotidiano de pessoas que frequentavam os locais onde trabalhava. Segundo as informa\u00e7\u00f5es dispon\u00edveis, a morte foi registrada recentemente. At\u00e9 o momento, n\u00e3o foram divulgados detalhes sobre a causa do falecimento, nem informa\u00e7\u00f5es oficiais sobre o hor\u00e1rio e o local do sepultamento. Moradores que conheceram Seu Du destacaram a lembran\u00e7a deixada por sua presen\u00e7a na comunidade. O personagem era reconhecido pelo trabalho com a venda de pipocas e pela conviv\u00eancia com o p\u00fablico. A despedida deve reunir familiares, amigos e pessoas que mantiveram contato com Seu Du ao longo de sua trajet\u00f3ria. Novas informa\u00e7\u00f5es sobre vel\u00f3rio e sepultamento podem ser divulgadas posteriormente.\" \/>\n<meta property=\"og:url\" content=\"https:\/\/sudoesteacontece.com.br\/?p=29091\" \/>\n<meta property=\"og:site_name\" content=\"Sudoesteacontece\" \/>\n<meta property=\"article:publisher\" content=\"https:\/\/www.facebook.com\/sudoesteacontece\/?locale=pt_BR\" \/>\n<meta property=\"article:published_time\" content=\"2026-09-02T14:51:45+00:00\" \/>\n<meta property=\"article:modified_time\" content=\"2026-09-02T14:51:50+00:00\" \/>\n<meta property=\"og:image\" content=\"https:\/\/sudoesteacontece.com.br\/wp-content\/uploads\/2026\/09\/Morre-Seu-Du-da-Pipoca-figura-conhecida-de-Vitoria-da-Conquista.jpg\" \/>\n\t<meta property=\"og:image:width\" content=\"900\" \/>\n\t<meta property=\"og:image:height\" content=\"600\" \/>\n\t<meta property=\"og:image:type\" content=\"image\/jpeg\" \/>\n<meta name=\"author\" content=\"Reda\u00e7\u00e3o\" \/>\n<meta name=\"twitter:card\" content=\"summary_large_image\" \/>\n<meta name=\"twitter:label1\" content=\"Escrito por\" \/>\n\t<meta name=\"twitter:data1\" content=\"Reda\u00e7\u00e3o\" \/>\n\t<meta name=\"twitter:label2\" content=\"Est. tempo de leitura\" \/>\n\t<meta name=\"twitter:data2\" content=\"2 minutos\" \/>\n<script type=\"application\/ld+json\" class=\"yoast-schema-graph\">{\"@context\":\"https:\/\/schema.org\",\"@graph\":[{\"@type\":\"Article\",\"@id\":\"https:\/\/sudoesteacontece.com.br\/?p=29091#article\",\"isPartOf\":{\"@id\":\"https:\/\/sudoesteacontece.com.br\/?p=29091\"},\"author\":{\"name\":\"Reda\u00e7\u00e3o\",\"@id\":\"https:\/\/sudoesteacontece.com.br\/#\/schema\/person\/a4f22429c1d0923ef8f7d43343f8dc38\"},\"headline\":\"Morre Seu Du da Pipoca, figura conhecida de Vit\u00f3ria da Conquista\",\"datePublished\":\"2026-09-02T14:51:45+00:00\",\"dateModified\":\"2026-09-02T14:51:50+00:00\",\"mainEntityOfPage\":{\"@id\":\"https:\/\/sudoesteacontece.com.br\/?p=29091\"},\"wordCount\":191,\"commentCount\":0,\"publisher\":{\"@id\":\"https:\/\/sudoesteacontece.com.br\/#organization\"},\"image\":{\"@id\":\"https:\/\/sudoesteacontece.com.br\/?p=29091#primaryimage\"},\"thumbnailUrl\":\"http:\/\/sudoesteacontece.com.br\/wp-content\/uploads\/2026\/09\/Morre-Seu-Du-da-Pipoca-figura-conhecida-de-Vitoria-da-Conquista.jpg\",\"articleSection\":[\"Cidades\",\"Vit\u00f3ria da Conquista\"],\"inLanguage\":\"pt-BR\",\"potentialAction\":[{\"@type\":\"CommentAction\",\"name\":\"Comment\",\"target\":[\"https:\/\/sudoesteacontece.com.br\/?p=29091#respond\"]}]},{\"@type\":\"WebPage\",\"@id\":\"https:\/\/sudoesteacontece.com.br\/?p=29091\",\"url\":\"https:\/\/sudoesteacontece.com.br\/?p=29091\",\"name\":\"Morre Seu Du da Pipoca, figura conhecida de Vit\u00f3ria da Conquista - Sudoesteacontece\",\"isPartOf\":{\"@id\":\"https:\/\/sudoesteacontece.com.br\/#website\"},\"primaryImageOfPage\":{\"@id\":\"https:\/\/sudoesteacontece.com.br\/?p=29091#primaryimage\"},\"image\":{\"@id\":\"https:\/\/sudoesteacontece.com.br\/?p=29091#primaryimage\"},\"thumbnailUrl\":\"http:\/\/sudoesteacontece.com.br\/wp-content\/uploads\/2026\/09\/Morre-Seu-Du-da-Pipoca-figura-conhecida-de-Vitoria-da-Conquista.jpg\",\"datePublished\":\"2026-09-02T14:51:45+00:00\",\"dateModified\":\"2026-09-02T14:51:50+00:00\",\"breadcrumb\":{\"@id\":\"https:\/\/sudoesteacontece.com.br\/?p=29091#breadcrumb\"},\"inLanguage\":\"pt-BR\",\"potentialAction\":[{\"@type\":\"ReadAction\",\"target\":[\"https:\/\/sudoesteacontece.com.br\/?p=29091\"]}]},{\"@type\":\"ImageObject\",\"inLanguage\":\"pt-BR\",\"@id\":\"https:\/\/sudoesteacontece.com.br\/?p=29091#primaryimage\",\"url\":\"https:\/\/sudoesteacontece.com.br\/wp-content\/uploads\/2026\/09\/Morre-Seu-Du-da-Pipoca-figura-conhecida-de-Vitoria-da-Conquista.jpg\",\"contentUrl\":\"https:\/\/sudoesteacontece.com.br\/wp-content\/uploads\/2026\/09\/Morre-Seu-Du-da-Pipoca-figura-conhecida-de-Vitoria-da-Conquista.jpg\",\"width\":900,\"height\":600},{\"@type\":\"BreadcrumbList\",\"@id\":\"https:\/\/sudoesteacontece.com.br\/?p=29091#breadcrumb\",\"itemListElement\":[{\"@type\":\"ListItem\",\"position\":1,\"name\":\"In\u00edcio\",\"item\":\"https:\/\/sudoesteacontece.com.br\/\"},{\"@type\":\"ListItem\",\"position\":2,\"name\":\"Morre Seu Du da Pipoca, figura conhecida de Vit\u00f3ria da Conquista\"}]},{\"@type\":\"WebSite\",\"@id\":\"https:\/\/sudoesteacontece.com.br\/#website\",\"url\":\"https:\/\/sudoesteacontece.com.br\/\",\"name\":\"Sudoesteacontece\",\"description\":\"\",\"publisher\":{\"@id\":\"https:\/\/sudoesteacontece.com.br\/#organization\"},\"potentialAction\":[{\"@type\":\"SearchAction\",\"target\":{\"@type\":\"EntryPoint\",\"urlTemplate\":\"https:\/\/sudoesteacontece.com.br\/?s={search_term_string}\"},\"query-input\":{\"@type\":\"PropertyValueSpecification\",\"valueRequired\":true,\"valueName\":\"search_term_string\"}}],\"inLanguage\":\"pt-BR\"},{\"@type\":\"Organization\",\"@id\":\"https:\/\/sudoesteacontece.com.br\/#organization\",\"name\":\"Sudoesteacontece\",\"url\":\"https:\/\/sudoesteacontece.com.br\/\",\"logo\":{\"@type\":\"ImageObject\",\"inLanguage\":\"pt-BR\",\"@id\":\"https:\/\/sudoesteacontece.com.br\/#\/schema\/logo\/image\/\",\"url\":\"https:\/\/sudoesteacontece.com.br\/wp-content\/uploads\/2025\/12\/cropped-logo-2-180x180-1.png\",\"contentUrl\":\"https:\/\/sudoesteacontece.com.br\/wp-content\/uploads\/2025\/12\/cropped-logo-2-180x180-1.png\",\"width\":180,\"height\":180,\"caption\":\"Sudoesteacontece\"},\"image\":{\"@id\":\"https:\/\/sudoesteacontece.com.br\/#\/schema\/logo\/image\/\"},\"sameAs\":[\"https:\/\/www.facebook.com\/sudoesteacontece\/?locale=pt_BR\"]},{\"@type\":\"Person\",\"@id\":\"https:\/\/sudoesteacontece.com.br\/#\/schema\/person\/a4f22429c1d0923ef8f7d43343f8dc38\",\"name\":\"Reda\u00e7\u00e3o\",\"image\":{\"@type\":\"ImageObject\",\"inLanguage\":\"pt-BR\",\"@id\":\"https:\/\/sudoesteacontece.com.br\/#\/schema\/person\/image\/\",\"url\":\"https:\/\/secure.gravatar.com\/avatar\/c3a5b3c93f268a709c25a2df414c629a96fb3b1b4bf97a94fb3f72e54ae76903?s=96&d=mm&r=g\",\"contentUrl\":\"https:\/\/secure.gravatar.com\/avatar\/c3a5b3c93f268a709c25a2df414c629a96fb3b1b4bf97a94fb3f72e54ae76903?s=96&d=mm&r=g\",\"caption\":\"Reda\u00e7\u00e3o\"},\"url\":\"https:\/\/sudoesteacontece.com.br\/?author=4\"}]}<\/script>\n<!-- \/ Yoast SEO plugin. -->","yoast_head_json":{"title":"Morre Seu Du da Pipoca, figura conhecida de Vit\u00f3ria da Conquista - Sudoesteacontece","robots":{"index":"index","follow":"follow","max-snippet":"max-snippet:-1","max-image-preview":"max-image-preview:large","max-video-preview":"max-video-preview:-1"},"canonical":"https:\/\/sudoesteacontece.com.br\/?p=29091","og_locale":"pt_BR","og_type":"article","og_title":"Morre Seu Du da Pipoca, figura conhecida de Vit\u00f3ria da Conquista - Sudoesteacontece","og_description":"Seu Du da Pipoca, figura conhecida e querida de Vit\u00f3ria da Conquista, morreu. A not\u00edcia do falecimento causou como\u00e7\u00e3o entre pessoas que conheciam o comerciante e sua trajet\u00f3ria na cidade. Conhecido pelo apelido de Seu Du da Pipoca, ele construiu ao longo dos anos uma rela\u00e7\u00e3o pr\u00f3xima com moradores de Vit\u00f3ria da Conquista. Sua presen\u00e7a fazia parte do cotidiano de pessoas que frequentavam os locais onde trabalhava. Segundo as informa\u00e7\u00f5es dispon\u00edveis, a morte foi registrada recentemente. At\u00e9 o momento, n\u00e3o foram divulgados detalhes sobre a causa do falecimento, nem informa\u00e7\u00f5es oficiais sobre o hor\u00e1rio e o local do sepultamento. Moradores que conheceram Seu Du destacaram a lembran\u00e7a deixada por sua presen\u00e7a na comunidade. O personagem era reconhecido pelo trabalho com a venda de pipocas e pela conviv\u00eancia com o p\u00fablico. A despedida deve reunir familiares, amigos e pessoas que mantiveram contato com Seu Du ao longo de sua trajet\u00f3ria. Novas informa\u00e7\u00f5es sobre vel\u00f3rio e sepultamento podem ser divulgadas posteriormente.","og_url":"https:\/\/sudoesteacontece.com.br\/?p=29091","og_site_name":"Sudoesteacontece","article_publisher":"https:\/\/www.facebook.com\/sudoesteacontece\/?locale=pt_BR","article_published_time":"2026-09-02T14:51:45+00:00","article_modified_time":"2026-09-02T14:51:50+00:00","og_image":[{"width":900,"height":600,"url":"https:\/\/sudoesteacontece.com.br\/wp-content\/uploads\/2026\/09\/Morre-Seu-Du-da-Pipoca-figura-conhecida-de-Vitoria-da-Conquista.jpg","type":"image\/jpeg"}],"author":"Reda\u00e7\u00e3o","twitter_card":"summary_large_image","twitter_misc":{"Escrito por":"Reda\u00e7\u00e3o","Est. tempo de leitura":"2 minutos"},"schema":{"@context":"https:\/\/schema.org","@graph":[{"@type":"Article","@id":"https:\/\/sudoesteacontece.com.br\/?p=29091#article","isPartOf":{"@id":"https:\/\/sudoesteacontece.com.br\/?p=29091"},"author":{"name":"Reda\u00e7\u00e3o","@id":"https:\/\/sudoesteacontece.com.br\/#\/schema\/person\/a4f22429c1d0923ef8f7d43343f8dc38"},"headline":"Morre Seu Du da Pipoca, figura conhecida de Vit\u00f3ria da Conquista","datePublished":"2026-09-02T14:51:45+00:00","dateModified":"2026-09-02T14:51:50+00:00","mainEntityOfPage":{"@id":"https:\/\/sudoesteacontece.com.br\/?p=29091"},"wordCount":191,"commentCount":0,"publisher":{"@id":"https:\/\/sudoesteacontece.com.br\/#organization"},"image":{"@id":"https:\/\/sudoesteacontece.com.br\/?p=29091#primaryimage"},"thumbnailUrl":"http:\/\/sudoesteacontece.com.br\/wp-content\/uploads\/2026\/09\/Morre-Seu-Du-da-Pipoca-figura-conhecida-de-Vitoria-da-Conquista.jpg","articleSection":["Cidades","Vit\u00f3ria da Conquista"],"inLanguage":"pt-BR","potentialAction":[{"@type":"CommentAction","name":"Comment","target":["https:\/\/sudoesteacontece.com.br\/?p=29091#respond"]}]},{"@type":"WebPage","@id":"https:\/\/sudoesteacontece.com.br\/?p=29091","url":"https:\/\/sudoesteacontece.com.br\/?p=29091","name":"Morre Seu Du da Pipoca, figura conhecida de Vit\u00f3ria da Conquista - Sudoesteacontece","isPartOf":{"@id":"https:\/\/sudoesteacontece.com.br\/#website"},"primaryImageOfPage":{"@id":"https:\/\/sudoesteacontece.com.br\/?p=29091#primaryimage"},"image":{"@id":"https:\/\/sudoesteacontece.com.br\/?p=29091#primaryimage"},"thumbnailUrl":"http:\/\/sudoesteacontece.com.br\/wp-content\/uploads\/2026\/09\/Morre-Seu-Du-da-Pipoca-figura-conhecida-de-Vitoria-da-Conquista.jpg","datePublished":"2026-09-02T14:51:45+00:00","dateModified":"2026-09-02T14:51:50+00:00","breadcrumb":{"@id":"https:\/\/sudoesteacontece.com.br\/?p=29091#breadcrumb"},"inLanguage":"pt-BR","potentialAction":[{"@type":"ReadAction","target":["https:\/\/sudoesteacontece.com.br\/?p=29091"]}]},{"@type":"ImageObject","inLanguage":"pt-BR","@id":"https:\/\/sudoesteacontece.com.br\/?p=29091#primaryimage","url":"https:\/\/sudoesteacontece.com.br\/wp-content\/uploads\/2026\/09\/Morre-Seu-Du-da-Pipoca-figura-conhecida-de-Vitoria-da-Conquista.jpg","contentUrl":"https:\/\/sudoesteacontece.com.br\/wp-content\/uploads\/2026\/09\/Morre-Seu-Du-da-Pipoca-figura-conhecida-de-Vitoria-da-Conquista.jpg","width":900,"height":600},{"@type":"BreadcrumbList","@id":"https:\/\/sudoesteacontece.com.br\/?p=29091#breadcrumb","itemListElement":[{"@type":"ListItem","position":1,"name":"In\u00edcio","item":"https:\/\/sudoesteacontece.com.br\/"},{"@type":"ListItem","position":2,"name":"Morre Seu Du da Pipoca, figura conhecida de Vit\u00f3ria da Conquista"}]},{"@type":"WebSite","@id":"https:\/\/sudoesteacontece.com.br\/#website","url":"https:\/\/sudoesteacontece.com.br\/","name":"Sudoesteacontece","description":"","publisher":{"@id":"https:\/\/sudoesteacontece.com.br\/#organization"},"potentialAction":[{"@type":"SearchAction","target":{"@type":"EntryPoint","urlTemplate":"https:\/\/sudoesteacontece.com.br\/?s={search_term_string}"},"query-input":{"@type":"PropertyValueSpecification","valueRequired":true,"valueName":"search_term_string"}}],"inLanguage":"pt-BR"},{"@type":"Organization","@id":"https:\/\/sudoesteacontece.com.br\/#organization","name":"Sudoesteacontece","url":"https:\/\/sudoesteacontece.com.br\/","logo":{"@type":"ImageObject","inLanguage":"pt-BR","@id":"https:\/\/sudoesteacontece.com.br\/#\/schema\/logo\/image\/","url":"https:\/\/sudoesteacontece.com.br\/wp-content\/uploads\/2025\/12\/cropped-logo-2-180x180-1.png","contentUrl":"https:\/\/sudoesteacontece.com.br\/wp-content\/uploads\/2025\/12\/cropped-logo-2-180x180-1.png","width":180,"height":180,"caption":"Sudoesteacontece"},"image":{"@id":"https:\/\/sudoesteacontece.com.br\/#\/schema\/logo\/image\/"},"sameAs":["https:\/\/www.facebook.com\/sudoesteacontece\/?locale=pt_BR"]},{"@type":"Person","@id":"https:\/\/sudoesteacontece.com.br\/#\/schema\/person\/a4f22429c1d0923ef8f7d43343f8dc38","name":"Reda\u00e7\u00e3o","image":{"@type":"ImageObject","inLanguage":"pt-BR","@id":"https:\/\/sudoesteacontece.com.br\/#\/schema\/person\/image\/","url":"https:\/\/secure.gravatar.com\/avatar\/c3a5b3c93f268a709c25a2df414c629a96fb3b1b4bf97a94fb3f72e54ae76903?s=96&d=mm&r=g","contentUrl":"https:\/\/secure.gravatar.com\/avatar\/c3a5b3c93f268a709c25a2df414c629a96fb3b1b4bf97a94fb3f72e54ae76903?s=96&d=mm&r=g","caption":"Reda\u00e7\u00e3o"},"url":"https:\/\/sudoesteacontece.com.br\/?author=4"}]}},"_links":{"self":[{"href":"https:\/\/sudoesteacontece.com.br\/index.php?rest_route=\/wp\/v2\/posts\/29091","targetHints":{"allow":["GET"]}}],"collection":[{"href":"https:\/\/sudoesteacontece.com.br\/index.php?rest_route=\/wp\/v2\/posts"}],"about":[{"href":"https:\/\/sudoesteacontece.com.br\/index.php?rest_route=\/wp\/v2\/types\/post"}],"author":[{"embeddable":true,"href":"https:\/\/sudoesteacontece.com.br\/index.php?rest_route=\/wp\/v2\/users\/4"}],"replies":[{"embeddable":true,"href":"https:\/\/sudoesteacontece.com.br\/index.php?rest_route=%2Fwp%2Fv2%2Fcomments&post=29091"}],"version-history":[{"count":1,"href":"https:\/\/sudoesteacontece.com.br\/index.php?rest_route=\/wp\/v2\/posts\/29091\/revisions"}],"predecessor-version":[{"id":29174,"href":"https:\/\/sudoesteacontece.com.br\/index.php?rest_route=\/wp\/v2\/posts\/29091\/revisions\/29174"}],"wp:attachment":[{"href":"https:\/\/sudoesteacontece.com.br\/index.php?rest_route=%2Fwp%2Fv2%2Fmedia&parent=29091"}],"wp:term":[{"taxonomy":"category","embeddable":true,"href":"https:\/\/sudoesteacontece.com.br\/index.php?rest_route=%2Fwp%2Fv2%2Fcategories&post=29091"},{"taxonomy":"post_tag","embeddable":true,"href":"https:\/\/sudoesteacontece.com.br\/index.php?rest_route=%2Fwp%2Fv2%2Ftags&post=29091"}],"curies":[{"name":"wp","href":"https:\/\/api.w.org\/{rel}","templated":true}]}}