{"id":29093,"date":"2026-09-02T12:01:25","date_gmt":"2026-09-02T15:01:25","guid":{"rendered":"https:\/\/sudoesteacontece.com.br\/?p=29093"},"modified":"2026-09-02T12:01:30","modified_gmt":"2026-09-02T15:01:30","slug":"bombeira-civil-de-25-anos-morre-apos-acidente-de-moto-na-bahia","status":"publish","type":"post","link":"https:\/\/sudoesteacontece.com.br\/?p=29093","title":{"rendered":"Bombeira civil de 25 anos morre ap\u00f3s acidente de moto na Bahia"},"content":{"rendered":"\n<figure class=\"wp-block-image size-full\"><img fetchpriority=\"high\" decoding=\"async\" width=\"900\" height=\"600\" src=\"http:\/\/sudoesteacontece.com.br\/wp-content\/uploads\/2026\/09\/Bombeira-civil-de-25-anos-morre-apos-acidente-de-moto-na-Bahia.jpg\" alt=\"\" class=\"wp-image-29147\" srcset=\"https:\/\/sudoesteacontece.com.br\/wp-content\/uploads\/2026\/09\/Bombeira-civil-de-25-anos-morre-apos-acidente-de-moto-na-Bahia.jpg 900w, https:\/\/sudoesteacontece.com.br\/wp-content\/uploads\/2026\/09\/Bombeira-civil-de-25-anos-morre-apos-acidente-de-moto-na-Bahia-300x200.jpg 300w, https:\/\/sudoesteacontece.com.br\/wp-content\/uploads\/2026\/09\/Bombeira-civil-de-25-anos-morre-apos-acidente-de-moto-na-Bahia-768x512.jpg 768w\" sizes=\"(max-width: 900px) 100vw, 900px\" \/><\/figure>\n\n\n\n<p class=\"wp-block-paragraph\">A bombeira civil Laiane Pinheiro, de 25 anos, morreu na sexta-feira (28), ap\u00f3s sofrer um acidente de motocicleta na estrada entre Morro do Chap\u00e9u e o distrito de Barra, na Chapada Diamantina. Segundo a Pol\u00edcia Civil, Laiane trafegava pelo trecho quando teria perdido o controle da moto e ca\u00eddo. O impacto provocou ferimentos graves, e ela precisou ser levada com urg\u00eancia ao Hospital Municipal S\u00e3o Vicente de Paulo.<\/p>\n\n\n\n<p class=\"wp-block-paragraph\">Apesar do atendimento m\u00e9dico, a jovem n\u00e3o resistiu aos ferimentos e morreu na unidade hospitalar. Laiane integrava o Corpo de Bombeiros Civil de Morro do Chap\u00e9u e era conhecida entre colegas e familiares pela dedica\u00e7\u00e3o ao trabalho. A not\u00edcia do falecimento provocou como\u00e7\u00e3o entre amigos, parentes e integrantes da corpora\u00e7\u00e3o, que publicaram homenagens e mensagens de pesar nas redes sociais.<\/p>\n\n\n\n<p class=\"wp-block-paragraph\">Durante as manifesta\u00e7\u00f5es de despedida, o Corpo de Bombeiros Civil lamentou a morte da profissional e expressou solidariedade aos familiares, amigos e companheiros de farda. A institui\u00e7\u00e3o destacou a dor provocada pela perda e afirmou estar \u00e0 disposi\u00e7\u00e3o da fam\u00edlia neste momento. As homenagens ocorreram ap\u00f3s a confirma\u00e7\u00e3o do falecimento, enquanto pessoas pr\u00f3ximas prestavam as \u00faltimas manifesta\u00e7\u00f5es de carinho \u00e0 bombeira.<\/p>\n\n\n\n<p class=\"wp-block-paragraph\">At\u00e9 o momento, as circunst\u00e2ncias que levaram \u00e0 perda de controle da motocicleta n\u00e3o foram esclarecidas. A Pol\u00edcia Civil dever\u00e1 apurar as causas do acidente e as condi\u00e7\u00f5es em que ocorreu a queda. O sepultamento de Laiane Pinheiro aconteceu na manh\u00e3 de s\u00e1bado (29), encerrando as cerim\u00f4nias de despedida da jovem na cidade.<\/p>\n","protected":false},"excerpt":{"rendered":"<p>A bombeira civil Laiane Pinheiro, de 25 anos, morreu na sexta-feira (28), ap\u00f3s sofrer um acidente de motocicleta na estrada entre Morro do Chap\u00e9u e o distrito de Barra, na Chapada Diamantina. Segundo a Pol\u00edcia Civil, Laiane trafegava pelo trecho quando teria perdido o controle da moto e ca\u00eddo. O impacto provocou ferimentos graves, e ela precisou ser levada com urg\u00eancia ao Hospital Municipal S\u00e3o Vicente de Paulo. Apesar do atendimento m\u00e9dico, a jovem n\u00e3o resistiu aos ferimentos e morreu na unidade hospitalar. Laiane integrava o Corpo de Bombeiros Civil de Morro do Chap\u00e9u e era conhecida entre colegas e familiares pela dedica\u00e7\u00e3o ao trabalho. A not\u00edcia do falecimento provocou como\u00e7\u00e3o entre amigos, parentes e integrantes da corpora\u00e7\u00e3o, que publicaram homenagens e mensagens de pesar nas redes sociais. Durante as manifesta\u00e7\u00f5es de despedida, o Corpo de Bombeiros Civil lamentou a morte da profissional e expressou solidariedade aos familiares, amigos e companheiros de farda. A institui\u00e7\u00e3o destacou a dor provocada pela perda e afirmou estar \u00e0 disposi\u00e7\u00e3o da fam\u00edlia neste momento. As homenagens ocorreram ap\u00f3s a confirma\u00e7\u00e3o do falecimento, enquanto pessoas pr\u00f3ximas prestavam as \u00faltimas manifesta\u00e7\u00f5es de carinho \u00e0 bombeira. At\u00e9 o momento, as circunst\u00e2ncias que levaram \u00e0 perda de controle da motocicleta n\u00e3o foram esclarecidas. A Pol\u00edcia Civil dever\u00e1 apurar as causas do acidente e as condi\u00e7\u00f5es em que ocorreu a queda. O sepultamento de Laiane Pinheiro aconteceu na manh\u00e3 de s\u00e1bado (29), encerrando as cerim\u00f4nias de despedida da jovem na cidade.<\/p>\n","protected":false},"author":4,"featured_media":0,"comment_status":"open","ping_status":"open","sticky":false,"template":"","format":"standard","meta":{"footnotes":""},"categories":[5],"tags":[],"class_list":["post-29093","post","type-post","status-publish","format-standard","hentry","category-acidente"],"yoast_head":"<!-- This site is optimized with the Yoast SEO plugin v26.5 - https:\/\/yoast.com\/wordpress\/plugins\/seo\/ -->\n<title>Bombeira civil de 25 anos morre ap\u00f3s acidente de moto na Bahia - Sudoesteacontece<\/title>\n<meta name=\"robots\" content=\"index, follow, max-snippet:-1, max-image-preview:large, max-video-preview:-1\" \/>\n<link rel=\"canonical\" href=\"https:\/\/sudoesteacontece.com.br\/?p=29093\" \/>\n<meta property=\"og:locale\" content=\"pt_BR\" \/>\n<meta property=\"og:type\" content=\"article\" \/>\n<meta property=\"og:title\" content=\"Bombeira civil de 25 anos morre ap\u00f3s acidente de moto na Bahia - Sudoesteacontece\" \/>\n<meta property=\"og:description\" content=\"A bombeira civil Laiane Pinheiro, de 25 anos, morreu na sexta-feira (28), ap\u00f3s sofrer um acidente de motocicleta na estrada entre Morro do Chap\u00e9u e o distrito de Barra, na Chapada Diamantina. Segundo a Pol\u00edcia Civil, Laiane trafegava pelo trecho quando teria perdido o controle da moto e ca\u00eddo. O impacto provocou ferimentos graves, e ela precisou ser levada com urg\u00eancia ao Hospital Municipal S\u00e3o Vicente de Paulo. Apesar do atendimento m\u00e9dico, a jovem n\u00e3o resistiu aos ferimentos e morreu na unidade hospitalar. Laiane integrava o Corpo de Bombeiros Civil de Morro do Chap\u00e9u e era conhecida entre colegas e familiares pela dedica\u00e7\u00e3o ao trabalho. A not\u00edcia do falecimento provocou como\u00e7\u00e3o entre amigos, parentes e integrantes da corpora\u00e7\u00e3o, que publicaram homenagens e mensagens de pesar nas redes sociais. Durante as manifesta\u00e7\u00f5es de despedida, o Corpo de Bombeiros Civil lamentou a morte da profissional e expressou solidariedade aos familiares, amigos e companheiros de farda. A institui\u00e7\u00e3o destacou a dor provocada pela perda e afirmou estar \u00e0 disposi\u00e7\u00e3o da fam\u00edlia neste momento. As homenagens ocorreram ap\u00f3s a confirma\u00e7\u00e3o do falecimento, enquanto pessoas pr\u00f3ximas prestavam as \u00faltimas manifesta\u00e7\u00f5es de carinho \u00e0 bombeira. At\u00e9 o momento, as circunst\u00e2ncias que levaram \u00e0 perda de controle da motocicleta n\u00e3o foram esclarecidas. A Pol\u00edcia Civil dever\u00e1 apurar as causas do acidente e as condi\u00e7\u00f5es em que ocorreu a queda. O sepultamento de Laiane Pinheiro aconteceu na manh\u00e3 de s\u00e1bado (29), encerrando as cerim\u00f4nias de despedida da jovem na cidade.\" \/>\n<meta property=\"og:url\" content=\"https:\/\/sudoesteacontece.com.br\/?p=29093\" \/>\n<meta property=\"og:site_name\" content=\"Sudoesteacontece\" \/>\n<meta property=\"article:publisher\" content=\"https:\/\/www.facebook.com\/sudoesteacontece\/?locale=pt_BR\" \/>\n<meta property=\"article:published_time\" content=\"2026-09-02T15:01:25+00:00\" \/>\n<meta property=\"article:modified_time\" content=\"2026-09-02T15:01:30+00:00\" \/>\n<meta property=\"og:image\" content=\"https:\/\/sudoesteacontece.com.br\/wp-content\/uploads\/2026\/09\/Bombeira-civil-de-25-anos-morre-apos-acidente-de-moto-na-Bahia.jpg\" \/>\n\t<meta property=\"og:image:width\" content=\"900\" \/>\n\t<meta property=\"og:image:height\" content=\"600\" \/>\n\t<meta property=\"og:image:type\" content=\"image\/jpeg\" \/>\n<meta name=\"author\" content=\"Reda\u00e7\u00e3o\" \/>\n<meta name=\"twitter:card\" content=\"summary_large_image\" \/>\n<meta name=\"twitter:label1\" content=\"Escrito por\" \/>\n\t<meta name=\"twitter:data1\" content=\"Reda\u00e7\u00e3o\" \/>\n\t<meta name=\"twitter:label2\" content=\"Est. tempo de leitura\" \/>\n\t<meta name=\"twitter:data2\" content=\"2 minutos\" \/>\n<script type=\"application\/ld+json\" class=\"yoast-schema-graph\">{\"@context\":\"https:\/\/schema.org\",\"@graph\":[{\"@type\":\"Article\",\"@id\":\"https:\/\/sudoesteacontece.com.br\/?p=29093#article\",\"isPartOf\":{\"@id\":\"https:\/\/sudoesteacontece.com.br\/?p=29093\"},\"author\":{\"name\":\"Reda\u00e7\u00e3o\",\"@id\":\"https:\/\/sudoesteacontece.com.br\/#\/schema\/person\/a4f22429c1d0923ef8f7d43343f8dc38\"},\"headline\":\"Bombeira civil de 25 anos morre ap\u00f3s acidente de moto na Bahia\",\"datePublished\":\"2026-09-02T15:01:25+00:00\",\"dateModified\":\"2026-09-02T15:01:30+00:00\",\"mainEntityOfPage\":{\"@id\":\"https:\/\/sudoesteacontece.com.br\/?p=29093\"},\"wordCount\":275,\"commentCount\":0,\"publisher\":{\"@id\":\"https:\/\/sudoesteacontece.com.br\/#organization\"},\"image\":{\"@id\":\"https:\/\/sudoesteacontece.com.br\/?p=29093#primaryimage\"},\"thumbnailUrl\":\"http:\/\/sudoesteacontece.com.br\/wp-content\/uploads\/2026\/09\/Bombeira-civil-de-25-anos-morre-apos-acidente-de-moto-na-Bahia.jpg\",\"articleSection\":[\"Acidente\"],\"inLanguage\":\"pt-BR\",\"potentialAction\":[{\"@type\":\"CommentAction\",\"name\":\"Comment\",\"target\":[\"https:\/\/sudoesteacontece.com.br\/?p=29093#respond\"]}]},{\"@type\":\"WebPage\",\"@id\":\"https:\/\/sudoesteacontece.com.br\/?p=29093\",\"url\":\"https:\/\/sudoesteacontece.com.br\/?p=29093\",\"name\":\"Bombeira civil de 25 anos morre ap\u00f3s acidente de moto na Bahia - Sudoesteacontece\",\"isPartOf\":{\"@id\":\"https:\/\/sudoesteacontece.com.br\/#website\"},\"primaryImageOfPage\":{\"@id\":\"https:\/\/sudoesteacontece.com.br\/?p=29093#primaryimage\"},\"image\":{\"@id\":\"https:\/\/sudoesteacontece.com.br\/?p=29093#primaryimage\"},\"thumbnailUrl\":\"http:\/\/sudoesteacontece.com.br\/wp-content\/uploads\/2026\/09\/Bombeira-civil-de-25-anos-morre-apos-acidente-de-moto-na-Bahia.jpg\",\"datePublished\":\"2026-09-02T15:01:25+00:00\",\"dateModified\":\"2026-09-02T15:01:30+00:00\",\"breadcrumb\":{\"@id\":\"https:\/\/sudoesteacontece.com.br\/?p=29093#breadcrumb\"},\"inLanguage\":\"pt-BR\",\"potentialAction\":[{\"@type\":\"ReadAction\",\"target\":[\"https:\/\/sudoesteacontece.com.br\/?p=29093\"]}]},{\"@type\":\"ImageObject\",\"inLanguage\":\"pt-BR\",\"@id\":\"https:\/\/sudoesteacontece.com.br\/?p=29093#primaryimage\",\"url\":\"https:\/\/sudoesteacontece.com.br\/wp-content\/uploads\/2026\/09\/Bombeira-civil-de-25-anos-morre-apos-acidente-de-moto-na-Bahia.jpg\",\"contentUrl\":\"https:\/\/sudoesteacontece.com.br\/wp-content\/uploads\/2026\/09\/Bombeira-civil-de-25-anos-morre-apos-acidente-de-moto-na-Bahia.jpg\",\"width\":900,\"height\":600},{\"@type\":\"BreadcrumbList\",\"@id\":\"https:\/\/sudoesteacontece.com.br\/?p=29093#breadcrumb\",\"itemListElement\":[{\"@type\":\"ListItem\",\"position\":1,\"name\":\"In\u00edcio\",\"item\":\"https:\/\/sudoesteacontece.com.br\/\"},{\"@type\":\"ListItem\",\"position\":2,\"name\":\"Bombeira civil de 25 anos morre ap\u00f3s acidente de moto na Bahia\"}]},{\"@type\":\"WebSite\",\"@id\":\"https:\/\/sudoesteacontece.com.br\/#website\",\"url\":\"https:\/\/sudoesteacontece.com.br\/\",\"name\":\"Sudoesteacontece\",\"description\":\"\",\"publisher\":{\"@id\":\"https:\/\/sudoesteacontece.com.br\/#organization\"},\"potentialAction\":[{\"@type\":\"SearchAction\",\"target\":{\"@type\":\"EntryPoint\",\"urlTemplate\":\"https:\/\/sudoesteacontece.com.br\/?s={search_term_string}\"},\"query-input\":{\"@type\":\"PropertyValueSpecification\",\"valueRequired\":true,\"valueName\":\"search_term_string\"}}],\"inLanguage\":\"pt-BR\"},{\"@type\":\"Organization\",\"@id\":\"https:\/\/sudoesteacontece.com.br\/#organization\",\"name\":\"Sudoesteacontece\",\"url\":\"https:\/\/sudoesteacontece.com.br\/\",\"logo\":{\"@type\":\"ImageObject\",\"inLanguage\":\"pt-BR\",\"@id\":\"https:\/\/sudoesteacontece.com.br\/#\/schema\/logo\/image\/\",\"url\":\"https:\/\/sudoesteacontece.com.br\/wp-content\/uploads\/2025\/12\/cropped-logo-2-180x180-1.png\",\"contentUrl\":\"https:\/\/sudoesteacontece.com.br\/wp-content\/uploads\/2025\/12\/cropped-logo-2-180x180-1.png\",\"width\":180,\"height\":180,\"caption\":\"Sudoesteacontece\"},\"image\":{\"@id\":\"https:\/\/sudoesteacontece.com.br\/#\/schema\/logo\/image\/\"},\"sameAs\":[\"https:\/\/www.facebook.com\/sudoesteacontece\/?locale=pt_BR\"]},{\"@type\":\"Person\",\"@id\":\"https:\/\/sudoesteacontece.com.br\/#\/schema\/person\/a4f22429c1d0923ef8f7d43343f8dc38\",\"name\":\"Reda\u00e7\u00e3o\",\"image\":{\"@type\":\"ImageObject\",\"inLanguage\":\"pt-BR\",\"@id\":\"https:\/\/sudoesteacontece.com.br\/#\/schema\/person\/image\/\",\"url\":\"https:\/\/secure.gravatar.com\/avatar\/c3a5b3c93f268a709c25a2df414c629a96fb3b1b4bf97a94fb3f72e54ae76903?s=96&d=mm&r=g\",\"contentUrl\":\"https:\/\/secure.gravatar.com\/avatar\/c3a5b3c93f268a709c25a2df414c629a96fb3b1b4bf97a94fb3f72e54ae76903?s=96&d=mm&r=g\",\"caption\":\"Reda\u00e7\u00e3o\"},\"url\":\"https:\/\/sudoesteacontece.com.br\/?author=4\"}]}<\/script>\n<!-- \/ Yoast SEO plugin. -->","yoast_head_json":{"title":"Bombeira civil de 25 anos morre ap\u00f3s acidente de moto na Bahia - Sudoesteacontece","robots":{"index":"index","follow":"follow","max-snippet":"max-snippet:-1","max-image-preview":"max-image-preview:large","max-video-preview":"max-video-preview:-1"},"canonical":"https:\/\/sudoesteacontece.com.br\/?p=29093","og_locale":"pt_BR","og_type":"article","og_title":"Bombeira civil de 25 anos morre ap\u00f3s acidente de moto na Bahia - Sudoesteacontece","og_description":"A bombeira civil Laiane Pinheiro, de 25 anos, morreu na sexta-feira (28), ap\u00f3s sofrer um acidente de motocicleta na estrada entre Morro do Chap\u00e9u e o distrito de Barra, na Chapada Diamantina. Segundo a Pol\u00edcia Civil, Laiane trafegava pelo trecho quando teria perdido o controle da moto e ca\u00eddo. O impacto provocou ferimentos graves, e ela precisou ser levada com urg\u00eancia ao Hospital Municipal S\u00e3o Vicente de Paulo. Apesar do atendimento m\u00e9dico, a jovem n\u00e3o resistiu aos ferimentos e morreu na unidade hospitalar. Laiane integrava o Corpo de Bombeiros Civil de Morro do Chap\u00e9u e era conhecida entre colegas e familiares pela dedica\u00e7\u00e3o ao trabalho. A not\u00edcia do falecimento provocou como\u00e7\u00e3o entre amigos, parentes e integrantes da corpora\u00e7\u00e3o, que publicaram homenagens e mensagens de pesar nas redes sociais. Durante as manifesta\u00e7\u00f5es de despedida, o Corpo de Bombeiros Civil lamentou a morte da profissional e expressou solidariedade aos familiares, amigos e companheiros de farda. A institui\u00e7\u00e3o destacou a dor provocada pela perda e afirmou estar \u00e0 disposi\u00e7\u00e3o da fam\u00edlia neste momento. As homenagens ocorreram ap\u00f3s a confirma\u00e7\u00e3o do falecimento, enquanto pessoas pr\u00f3ximas prestavam as \u00faltimas manifesta\u00e7\u00f5es de carinho \u00e0 bombeira. At\u00e9 o momento, as circunst\u00e2ncias que levaram \u00e0 perda de controle da motocicleta n\u00e3o foram esclarecidas. A Pol\u00edcia Civil dever\u00e1 apurar as causas do acidente e as condi\u00e7\u00f5es em que ocorreu a queda. O sepultamento de Laiane Pinheiro aconteceu na manh\u00e3 de s\u00e1bado (29), encerrando as cerim\u00f4nias de despedida da jovem na cidade.","og_url":"https:\/\/sudoesteacontece.com.br\/?p=29093","og_site_name":"Sudoesteacontece","article_publisher":"https:\/\/www.facebook.com\/sudoesteacontece\/?locale=pt_BR","article_published_time":"2026-09-02T15:01:25+00:00","article_modified_time":"2026-09-02T15:01:30+00:00","og_image":[{"width":900,"height":600,"url":"https:\/\/sudoesteacontece.com.br\/wp-content\/uploads\/2026\/09\/Bombeira-civil-de-25-anos-morre-apos-acidente-de-moto-na-Bahia.jpg","type":"image\/jpeg"}],"author":"Reda\u00e7\u00e3o","twitter_card":"summary_large_image","twitter_misc":{"Escrito por":"Reda\u00e7\u00e3o","Est. tempo de leitura":"2 minutos"},"schema":{"@context":"https:\/\/schema.org","@graph":[{"@type":"Article","@id":"https:\/\/sudoesteacontece.com.br\/?p=29093#article","isPartOf":{"@id":"https:\/\/sudoesteacontece.com.br\/?p=29093"},"author":{"name":"Reda\u00e7\u00e3o","@id":"https:\/\/sudoesteacontece.com.br\/#\/schema\/person\/a4f22429c1d0923ef8f7d43343f8dc38"},"headline":"Bombeira civil de 25 anos morre ap\u00f3s acidente de moto na Bahia","datePublished":"2026-09-02T15:01:25+00:00","dateModified":"2026-09-02T15:01:30+00:00","mainEntityOfPage":{"@id":"https:\/\/sudoesteacontece.com.br\/?p=29093"},"wordCount":275,"commentCount":0,"publisher":{"@id":"https:\/\/sudoesteacontece.com.br\/#organization"},"image":{"@id":"https:\/\/sudoesteacontece.com.br\/?p=29093#primaryimage"},"thumbnailUrl":"http:\/\/sudoesteacontece.com.br\/wp-content\/uploads\/2026\/09\/Bombeira-civil-de-25-anos-morre-apos-acidente-de-moto-na-Bahia.jpg","articleSection":["Acidente"],"inLanguage":"pt-BR","potentialAction":[{"@type":"CommentAction","name":"Comment","target":["https:\/\/sudoesteacontece.com.br\/?p=29093#respond"]}]},{"@type":"WebPage","@id":"https:\/\/sudoesteacontece.com.br\/?p=29093","url":"https:\/\/sudoesteacontece.com.br\/?p=29093","name":"Bombeira civil de 25 anos morre ap\u00f3s acidente de moto na Bahia - Sudoesteacontece","isPartOf":{"@id":"https:\/\/sudoesteacontece.com.br\/#website"},"primaryImageOfPage":{"@id":"https:\/\/sudoesteacontece.com.br\/?p=29093#primaryimage"},"image":{"@id":"https:\/\/sudoesteacontece.com.br\/?p=29093#primaryimage"},"thumbnailUrl":"http:\/\/sudoesteacontece.com.br\/wp-content\/uploads\/2026\/09\/Bombeira-civil-de-25-anos-morre-apos-acidente-de-moto-na-Bahia.jpg","datePublished":"2026-09-02T15:01:25+00:00","dateModified":"2026-09-02T15:01:30+00:00","breadcrumb":{"@id":"https:\/\/sudoesteacontece.com.br\/?p=29093#breadcrumb"},"inLanguage":"pt-BR","potentialAction":[{"@type":"ReadAction","target":["https:\/\/sudoesteacontece.com.br\/?p=29093"]}]},{"@type":"ImageObject","inLanguage":"pt-BR","@id":"https:\/\/sudoesteacontece.com.br\/?p=29093#primaryimage","url":"https:\/\/sudoesteacontece.com.br\/wp-content\/uploads\/2026\/09\/Bombeira-civil-de-25-anos-morre-apos-acidente-de-moto-na-Bahia.jpg","contentUrl":"https:\/\/sudoesteacontece.com.br\/wp-content\/uploads\/2026\/09\/Bombeira-civil-de-25-anos-morre-apos-acidente-de-moto-na-Bahia.jpg","width":900,"height":600},{"@type":"BreadcrumbList","@id":"https:\/\/sudoesteacontece.com.br\/?p=29093#breadcrumb","itemListElement":[{"@type":"ListItem","position":1,"name":"In\u00edcio","item":"https:\/\/sudoesteacontece.com.br\/"},{"@type":"ListItem","position":2,"name":"Bombeira civil de 25 anos morre ap\u00f3s acidente de moto na Bahia"}]},{"@type":"WebSite","@id":"https:\/\/sudoesteacontece.com.br\/#website","url":"https:\/\/sudoesteacontece.com.br\/","name":"Sudoesteacontece","description":"","publisher":{"@id":"https:\/\/sudoesteacontece.com.br\/#organization"},"potentialAction":[{"@type":"SearchAction","target":{"@type":"EntryPoint","urlTemplate":"https:\/\/sudoesteacontece.com.br\/?s={search_term_string}"},"query-input":{"@type":"PropertyValueSpecification","valueRequired":true,"valueName":"search_term_string"}}],"inLanguage":"pt-BR"},{"@type":"Organization","@id":"https:\/\/sudoesteacontece.com.br\/#organization","name":"Sudoesteacontece","url":"https:\/\/sudoesteacontece.com.br\/","logo":{"@type":"ImageObject","inLanguage":"pt-BR","@id":"https:\/\/sudoesteacontece.com.br\/#\/schema\/logo\/image\/","url":"https:\/\/sudoesteacontece.com.br\/wp-content\/uploads\/2025\/12\/cropped-logo-2-180x180-1.png","contentUrl":"https:\/\/sudoesteacontece.com.br\/wp-content\/uploads\/2025\/12\/cropped-logo-2-180x180-1.png","width":180,"height":180,"caption":"Sudoesteacontece"},"image":{"@id":"https:\/\/sudoesteacontece.com.br\/#\/schema\/logo\/image\/"},"sameAs":["https:\/\/www.facebook.com\/sudoesteacontece\/?locale=pt_BR"]},{"@type":"Person","@id":"https:\/\/sudoesteacontece.com.br\/#\/schema\/person\/a4f22429c1d0923ef8f7d43343f8dc38","name":"Reda\u00e7\u00e3o","image":{"@type":"ImageObject","inLanguage":"pt-BR","@id":"https:\/\/sudoesteacontece.com.br\/#\/schema\/person\/image\/","url":"https:\/\/secure.gravatar.com\/avatar\/c3a5b3c93f268a709c25a2df414c629a96fb3b1b4bf97a94fb3f72e54ae76903?s=96&d=mm&r=g","contentUrl":"https:\/\/secure.gravatar.com\/avatar\/c3a5b3c93f268a709c25a2df414c629a96fb3b1b4bf97a94fb3f72e54ae76903?s=96&d=mm&r=g","caption":"Reda\u00e7\u00e3o"},"url":"https:\/\/sudoesteacontece.com.br\/?author=4"}]}},"_links":{"self":[{"href":"https:\/\/sudoesteacontece.com.br\/index.php?rest_route=\/wp\/v2\/posts\/29093","targetHints":{"allow":["GET"]}}],"collection":[{"href":"https:\/\/sudoesteacontece.com.br\/index.php?rest_route=\/wp\/v2\/posts"}],"about":[{"href":"https:\/\/sudoesteacontece.com.br\/index.php?rest_route=\/wp\/v2\/types\/post"}],"author":[{"embeddable":true,"href":"https:\/\/sudoesteacontece.com.br\/index.php?rest_route=\/wp\/v2\/users\/4"}],"replies":[{"embeddable":true,"href":"https:\/\/sudoesteacontece.com.br\/index.php?rest_route=%2Fwp%2Fv2%2Fcomments&post=29093"}],"version-history":[{"count":1,"href":"https:\/\/sudoesteacontece.com.br\/index.php?rest_route=\/wp\/v2\/posts\/29093\/revisions"}],"predecessor-version":[{"id":29187,"href":"https:\/\/sudoesteacontece.com.br\/index.php?rest_route=\/wp\/v2\/posts\/29093\/revisions\/29187"}],"wp:attachment":[{"href":"https:\/\/sudoesteacontece.com.br\/index.php?rest_route=%2Fwp%2Fv2%2Fmedia&parent=29093"}],"wp:term":[{"taxonomy":"category","embeddable":true,"href":"https:\/\/sudoesteacontece.com.br\/index.php?rest_route=%2Fwp%2Fv2%2Fcategories&post=29093"},{"taxonomy":"post_tag","embeddable":true,"href":"https:\/\/sudoesteacontece.com.br\/index.php?rest_route=%2Fwp%2Fv2%2Ftags&post=29093"}],"curies":[{"name":"wp","href":"https:\/\/api.w.org\/{rel}","templated":true}]}}