{"id":29095,"date":"2026-09-02T11:59:07","date_gmt":"2026-09-02T14:59:07","guid":{"rendered":"https:\/\/sudoesteacontece.com.br\/?p=29095"},"modified":"2026-09-02T11:59:12","modified_gmt":"2026-09-02T14:59:12","slug":"lula-pode-cobrar-fim-do-sigilo-em-caso-que-envolve-vorcaro-e-flavio-bolsonaro","status":"publish","type":"post","link":"https:\/\/sudoesteacontece.com.br\/?p=29095","title":{"rendered":"Lula pode cobrar fim do sigilo em caso que envolve Vorcaro e Fl\u00e1vio Bolsonaro"},"content":{"rendered":"\n<figure class=\"wp-block-image size-full\"><img fetchpriority=\"high\" decoding=\"async\" width=\"900\" height=\"600\" src=\"http:\/\/sudoesteacontece.com.br\/wp-content\/uploads\/2026\/09\/Lula-pode-cobrar-fim-do-sigilo-em-caso-que-envolve-Vorcaro-e-Flavio-Bolsonaro.jpg\" alt=\"\" class=\"wp-image-29156\" srcset=\"https:\/\/sudoesteacontece.com.br\/wp-content\/uploads\/2026\/09\/Lula-pode-cobrar-fim-do-sigilo-em-caso-que-envolve-Vorcaro-e-Flavio-Bolsonaro.jpg 900w, https:\/\/sudoesteacontece.com.br\/wp-content\/uploads\/2026\/09\/Lula-pode-cobrar-fim-do-sigilo-em-caso-que-envolve-Vorcaro-e-Flavio-Bolsonaro-300x200.jpg 300w, https:\/\/sudoesteacontece.com.br\/wp-content\/uploads\/2026\/09\/Lula-pode-cobrar-fim-do-sigilo-em-caso-que-envolve-Vorcaro-e-Flavio-Bolsonaro-768x512.jpg 768w\" sizes=\"(max-width: 900px) 100vw, 900px\" \/><\/figure>\n\n\n\n<p class=\"wp-block-paragraph\">Aliados do presidente Luiz In\u00e1cio Lula da Silva avaliam usar novas revela\u00e7\u00f5es sobre Alexandre de Moraes e Daniel Vorcaro para pressionar pelo fim do sigilo das investiga\u00e7\u00f5es do caso \u201cDark Horse\u201d. O objetivo \u00e9 cobrar do ministro Andr\u00e9 Mendon\u00e7a, relator dos procedimentos relacionados ao Banco Master, maior transpar\u00eancia sobre a apura\u00e7\u00e3o envolvendo Vorcaro e Fl\u00e1vio Bolsonaro. A estrat\u00e9gia tamb\u00e9m busca reduzir poss\u00edveis impactos pol\u00edticos sobre Lula durante o per\u00edodo eleitoral.<\/p>\n\n\n\n<p class=\"wp-block-paragraph\">Segundo informa\u00e7\u00f5es divulgadas nesta ter\u00e7a-feira (1\u00ba), Vorcaro teria realizado um repasse adicional de US$ 1,6 milh\u00e3o, equivalente a R$ 8,5 milh\u00f5es na cota\u00e7\u00e3o da \u00e9poca, ao fundo respons\u00e1vel pelos recursos de um filme sobre a trajet\u00f3ria de Jair Bolsonaro. A negocia\u00e7\u00e3o envolve o ex-banqueiro e Fl\u00e1vio Bolsonaro e passou a ser citada por aliados de Lula como argumento para pedir publicidade das investiga\u00e7\u00f5es.<\/p>\n\n\n\n<p class=\"wp-block-paragraph\">Paralelamente, integrantes do entorno presidencial avaliam que Lula dever\u00e1 cobrar explica\u00e7\u00f5es sobre as mensagens reveladas entre Moraes e Vorcaro. A avalia\u00e7\u00e3o considera declara\u00e7\u00f5es anteriores do presidente sobre o ministro, inclusive quando Lula afirmou que Moraes deveria se declarar impedido em vota\u00e7\u00f5es relacionadas ao Banco Master. Em abril, o presidente tamb\u00e9m pediu cautela ao magistrado para que o caso n\u00e3o comprometesse sua trajet\u00f3ria no Supremo Tribunal Federal.<\/p>\n\n\n\n<p class=\"wp-block-paragraph\">Mendon\u00e7a tamb\u00e9m \u00e9 relator das investiga\u00e7\u00f5es relacionadas aos desvios no Instituto Nacional do Seguro Social (INSS) e possui atribui\u00e7\u00f5es em procedimentos envolvendo Lulinha. Indicado ao Supremo durante o governo Jair Bolsonaro, o ministro mant\u00e9m diverg\u00eancias internas com integrantes do grupo formado por Moraes, Gilmar Mendes e Fl\u00e1vio Dino. Para aliados de Lula, a situa\u00e7\u00e3o ganhou relev\u00e2ncia diante das novas informa\u00e7\u00f5es divulgadas sobre o relacionamento entre o ministro e Vorcaro.<\/p>\n\n\n\n<p class=\"wp-block-paragraph\">Entretanto, outros integrantes da base governista adotam cautela e afirmam que ainda existem pontos sem esclarecimento nas revela\u00e7\u00f5es. Eles avaliam que uma eventual crise dentro do STF durante o per\u00edodo eleitoral pode produzir efeitos pol\u00edticos imprevis\u00edveis. Ao mesmo tempo, reconhecem que parte do eleitorado associa Lula a Moraes, apesar de epis\u00f3dios anteriores de distanciamento entre o presidente e o ministro.<\/p>\n\n\n\n<p class=\"wp-block-paragraph\">Enquanto isso, Fl\u00e1vio Bolsonaro afirmou que Moraes n\u00e3o teria condi\u00e7\u00f5es de continuar no Supremo ap\u00f3s as novas revela\u00e7\u00f5es. O epis\u00f3dio tamb\u00e9m passou a ser explorado por setores da direita que utilizam cr\u00edticas ao ministro para questionar decis\u00f5es relacionadas \u00e0s urnas eletr\u00f4nicas e \u00e0 elei\u00e7\u00e3o de Lula. Petistas avaliam que uma crise no STF poderia provocar instabilidade pol\u00edtica em plena disputa eleitoral.<\/p>\n\n\n\n<p class=\"wp-block-paragraph\">Por fim, veio a p\u00fablico nesta ter\u00e7a-feira (1\u00ba) que Vorcaro teria perguntado a Moraes, dois dias antes de ser preso, se deveria deixar o Pa\u00eds. Tamb\u00e9m foi revelado que o ministro teria editado um contrato de R$ 131 milh\u00f5es firmado entre o Banco Master e o escrit\u00f3rio de advocacia de sua mulher, Viviane Barci de Moraes. As informa\u00e7\u00f5es ampliaram a press\u00e3o pol\u00edtica em torno do caso.<\/p>\n","protected":false},"excerpt":{"rendered":"<p>Aliados do presidente Luiz In\u00e1cio Lula da Silva avaliam usar novas revela\u00e7\u00f5es sobre Alexandre de Moraes e Daniel Vorcaro para pressionar pelo fim do sigilo das investiga\u00e7\u00f5es do caso \u201cDark Horse\u201d. O objetivo \u00e9 cobrar do ministro Andr\u00e9 Mendon\u00e7a, relator dos procedimentos relacionados ao Banco Master, maior transpar\u00eancia sobre a apura\u00e7\u00e3o envolvendo Vorcaro e Fl\u00e1vio Bolsonaro. A estrat\u00e9gia tamb\u00e9m busca reduzir poss\u00edveis impactos pol\u00edticos sobre Lula durante o per\u00edodo eleitoral. Segundo informa\u00e7\u00f5es divulgadas nesta ter\u00e7a-feira (1\u00ba), Vorcaro teria realizado um repasse adicional de US$ 1,6 milh\u00e3o, equivalente a R$ 8,5 milh\u00f5es na cota\u00e7\u00e3o da \u00e9poca, ao fundo respons\u00e1vel pelos recursos de um filme sobre a trajet\u00f3ria de Jair Bolsonaro. A negocia\u00e7\u00e3o envolve o ex-banqueiro e Fl\u00e1vio Bolsonaro e passou a ser citada por aliados de Lula como argumento para pedir publicidade das investiga\u00e7\u00f5es. Paralelamente, integrantes do entorno presidencial avaliam que Lula dever\u00e1 cobrar explica\u00e7\u00f5es sobre as mensagens reveladas entre Moraes e Vorcaro. A avalia\u00e7\u00e3o considera declara\u00e7\u00f5es anteriores do presidente sobre o ministro, inclusive quando Lula afirmou que Moraes deveria se declarar impedido em vota\u00e7\u00f5es relacionadas ao Banco Master. Em abril, o presidente tamb\u00e9m pediu cautela ao magistrado para que o caso n\u00e3o comprometesse sua trajet\u00f3ria no Supremo Tribunal Federal. Mendon\u00e7a tamb\u00e9m \u00e9 relator das investiga\u00e7\u00f5es relacionadas aos desvios no Instituto Nacional do Seguro Social (INSS) e possui atribui\u00e7\u00f5es em procedimentos envolvendo Lulinha. Indicado ao Supremo durante o governo Jair Bolsonaro, o ministro mant\u00e9m diverg\u00eancias internas com integrantes do grupo formado por Moraes, Gilmar Mendes e Fl\u00e1vio Dino. Para aliados de Lula, a situa\u00e7\u00e3o ganhou relev\u00e2ncia diante das novas informa\u00e7\u00f5es divulgadas sobre o relacionamento entre o ministro e Vorcaro. Entretanto, outros integrantes da base governista adotam cautela e afirmam que ainda existem pontos sem esclarecimento nas revela\u00e7\u00f5es. Eles avaliam que uma eventual crise dentro do STF durante o per\u00edodo eleitoral pode produzir efeitos pol\u00edticos imprevis\u00edveis. Ao mesmo tempo, reconhecem que parte do eleitorado associa Lula a Moraes, apesar de epis\u00f3dios anteriores de distanciamento entre o presidente e o ministro. Enquanto isso, Fl\u00e1vio Bolsonaro afirmou que Moraes n\u00e3o teria condi\u00e7\u00f5es de continuar no Supremo ap\u00f3s as novas revela\u00e7\u00f5es. O epis\u00f3dio tamb\u00e9m passou a ser explorado por setores da direita que utilizam cr\u00edticas ao ministro para questionar decis\u00f5es relacionadas \u00e0s urnas eletr\u00f4nicas e \u00e0 elei\u00e7\u00e3o de Lula. Petistas avaliam que uma crise no STF poderia provocar instabilidade pol\u00edtica em plena disputa eleitoral. Por fim, veio a p\u00fablico nesta ter\u00e7a-feira (1\u00ba) que Vorcaro teria perguntado a Moraes, dois dias antes de ser preso, se deveria deixar o Pa\u00eds. Tamb\u00e9m foi revelado que o ministro teria editado um contrato de R$ 131 milh\u00f5es firmado entre o Banco Master e o escrit\u00f3rio de advocacia de sua mulher, Viviane Barci de Moraes. As informa\u00e7\u00f5es ampliaram a press\u00e3o pol\u00edtica em torno do caso.<\/p>\n","protected":false},"author":4,"featured_media":0,"comment_status":"open","ping_status":"open","sticky":false,"template":"","format":"standard","meta":{"footnotes":""},"categories":[53,58,13,3,6],"tags":[],"class_list":["post-29095","post","type-post","status-publish","format-standard","hentry","category-brasil","category-eleicoes-2026","category-justica","category-policia","category-politica"],"yoast_head":"<!-- This site is optimized with the Yoast SEO plugin v26.5 - https:\/\/yoast.com\/wordpress\/plugins\/seo\/ -->\n<title>Lula pode cobrar fim do sigilo em caso que envolve Vorcaro e Fl\u00e1vio Bolsonaro - Sudoesteacontece<\/title>\n<meta name=\"robots\" content=\"index, follow, max-snippet:-1, max-image-preview:large, max-video-preview:-1\" \/>\n<link rel=\"canonical\" href=\"https:\/\/sudoesteacontece.com.br\/?p=29095\" \/>\n<meta property=\"og:locale\" content=\"pt_BR\" \/>\n<meta property=\"og:type\" content=\"article\" \/>\n<meta property=\"og:title\" content=\"Lula pode cobrar fim do sigilo em caso que envolve Vorcaro e Fl\u00e1vio Bolsonaro - Sudoesteacontece\" \/>\n<meta property=\"og:description\" content=\"Aliados do presidente Luiz In\u00e1cio Lula da Silva avaliam usar novas revela\u00e7\u00f5es sobre Alexandre de Moraes e Daniel Vorcaro para pressionar pelo fim do sigilo das investiga\u00e7\u00f5es do caso \u201cDark Horse\u201d. O objetivo \u00e9 cobrar do ministro Andr\u00e9 Mendon\u00e7a, relator dos procedimentos relacionados ao Banco Master, maior transpar\u00eancia sobre a apura\u00e7\u00e3o envolvendo Vorcaro e Fl\u00e1vio Bolsonaro. A estrat\u00e9gia tamb\u00e9m busca reduzir poss\u00edveis impactos pol\u00edticos sobre Lula durante o per\u00edodo eleitoral. Segundo informa\u00e7\u00f5es divulgadas nesta ter\u00e7a-feira (1\u00ba), Vorcaro teria realizado um repasse adicional de US$ 1,6 milh\u00e3o, equivalente a R$ 8,5 milh\u00f5es na cota\u00e7\u00e3o da \u00e9poca, ao fundo respons\u00e1vel pelos recursos de um filme sobre a trajet\u00f3ria de Jair Bolsonaro. A negocia\u00e7\u00e3o envolve o ex-banqueiro e Fl\u00e1vio Bolsonaro e passou a ser citada por aliados de Lula como argumento para pedir publicidade das investiga\u00e7\u00f5es. Paralelamente, integrantes do entorno presidencial avaliam que Lula dever\u00e1 cobrar explica\u00e7\u00f5es sobre as mensagens reveladas entre Moraes e Vorcaro. A avalia\u00e7\u00e3o considera declara\u00e7\u00f5es anteriores do presidente sobre o ministro, inclusive quando Lula afirmou que Moraes deveria se declarar impedido em vota\u00e7\u00f5es relacionadas ao Banco Master. Em abril, o presidente tamb\u00e9m pediu cautela ao magistrado para que o caso n\u00e3o comprometesse sua trajet\u00f3ria no Supremo Tribunal Federal. Mendon\u00e7a tamb\u00e9m \u00e9 relator das investiga\u00e7\u00f5es relacionadas aos desvios no Instituto Nacional do Seguro Social (INSS) e possui atribui\u00e7\u00f5es em procedimentos envolvendo Lulinha. Indicado ao Supremo durante o governo Jair Bolsonaro, o ministro mant\u00e9m diverg\u00eancias internas com integrantes do grupo formado por Moraes, Gilmar Mendes e Fl\u00e1vio Dino. Para aliados de Lula, a situa\u00e7\u00e3o ganhou relev\u00e2ncia diante das novas informa\u00e7\u00f5es divulgadas sobre o relacionamento entre o ministro e Vorcaro. Entretanto, outros integrantes da base governista adotam cautela e afirmam que ainda existem pontos sem esclarecimento nas revela\u00e7\u00f5es. Eles avaliam que uma eventual crise dentro do STF durante o per\u00edodo eleitoral pode produzir efeitos pol\u00edticos imprevis\u00edveis. Ao mesmo tempo, reconhecem que parte do eleitorado associa Lula a Moraes, apesar de epis\u00f3dios anteriores de distanciamento entre o presidente e o ministro. Enquanto isso, Fl\u00e1vio Bolsonaro afirmou que Moraes n\u00e3o teria condi\u00e7\u00f5es de continuar no Supremo ap\u00f3s as novas revela\u00e7\u00f5es. O epis\u00f3dio tamb\u00e9m passou a ser explorado por setores da direita que utilizam cr\u00edticas ao ministro para questionar decis\u00f5es relacionadas \u00e0s urnas eletr\u00f4nicas e \u00e0 elei\u00e7\u00e3o de Lula. Petistas avaliam que uma crise no STF poderia provocar instabilidade pol\u00edtica em plena disputa eleitoral. Por fim, veio a p\u00fablico nesta ter\u00e7a-feira (1\u00ba) que Vorcaro teria perguntado a Moraes, dois dias antes de ser preso, se deveria deixar o Pa\u00eds. Tamb\u00e9m foi revelado que o ministro teria editado um contrato de R$ 131 milh\u00f5es firmado entre o Banco Master e o escrit\u00f3rio de advocacia de sua mulher, Viviane Barci de Moraes. As informa\u00e7\u00f5es ampliaram a press\u00e3o pol\u00edtica em torno do caso.\" \/>\n<meta property=\"og:url\" content=\"https:\/\/sudoesteacontece.com.br\/?p=29095\" \/>\n<meta property=\"og:site_name\" content=\"Sudoesteacontece\" \/>\n<meta property=\"article:publisher\" content=\"https:\/\/www.facebook.com\/sudoesteacontece\/?locale=pt_BR\" \/>\n<meta property=\"article:published_time\" content=\"2026-09-02T14:59:07+00:00\" \/>\n<meta property=\"article:modified_time\" content=\"2026-09-02T14:59:12+00:00\" \/>\n<meta property=\"og:image\" content=\"https:\/\/sudoesteacontece.com.br\/wp-content\/uploads\/2026\/09\/Lula-pode-cobrar-fim-do-sigilo-em-caso-que-envolve-Vorcaro-e-Flavio-Bolsonaro.jpg\" \/>\n\t<meta property=\"og:image:width\" content=\"900\" \/>\n\t<meta property=\"og:image:height\" content=\"600\" \/>\n\t<meta property=\"og:image:type\" content=\"image\/jpeg\" \/>\n<meta name=\"author\" content=\"Reda\u00e7\u00e3o\" \/>\n<meta name=\"twitter:card\" content=\"summary_large_image\" \/>\n<meta name=\"twitter:label1\" content=\"Escrito por\" \/>\n\t<meta name=\"twitter:data1\" content=\"Reda\u00e7\u00e3o\" \/>\n\t<meta name=\"twitter:label2\" content=\"Est. tempo de leitura\" \/>\n\t<meta name=\"twitter:data2\" content=\"3 minutos\" \/>\n<script type=\"application\/ld+json\" class=\"yoast-schema-graph\">{\"@context\":\"https:\/\/schema.org\",\"@graph\":[{\"@type\":\"Article\",\"@id\":\"https:\/\/sudoesteacontece.com.br\/?p=29095#article\",\"isPartOf\":{\"@id\":\"https:\/\/sudoesteacontece.com.br\/?p=29095\"},\"author\":{\"name\":\"Reda\u00e7\u00e3o\",\"@id\":\"https:\/\/sudoesteacontece.com.br\/#\/schema\/person\/a4f22429c1d0923ef8f7d43343f8dc38\"},\"headline\":\"Lula pode cobrar fim do sigilo em caso que envolve Vorcaro e Fl\u00e1vio Bolsonaro\",\"datePublished\":\"2026-09-02T14:59:07+00:00\",\"dateModified\":\"2026-09-02T14:59:12+00:00\",\"mainEntityOfPage\":{\"@id\":\"https:\/\/sudoesteacontece.com.br\/?p=29095\"},\"wordCount\":527,\"commentCount\":0,\"publisher\":{\"@id\":\"https:\/\/sudoesteacontece.com.br\/#organization\"},\"image\":{\"@id\":\"https:\/\/sudoesteacontece.com.br\/?p=29095#primaryimage\"},\"thumbnailUrl\":\"http:\/\/sudoesteacontece.com.br\/wp-content\/uploads\/2026\/09\/Lula-pode-cobrar-fim-do-sigilo-em-caso-que-envolve-Vorcaro-e-Flavio-Bolsonaro.jpg\",\"articleSection\":[\"Brasil\",\"Elei\u00e7\u00f5es 2026\",\"Justi\u00e7a\",\"Pol\u00edcia\",\"Pol\u00edtica\"],\"inLanguage\":\"pt-BR\",\"potentialAction\":[{\"@type\":\"CommentAction\",\"name\":\"Comment\",\"target\":[\"https:\/\/sudoesteacontece.com.br\/?p=29095#respond\"]}]},{\"@type\":\"WebPage\",\"@id\":\"https:\/\/sudoesteacontece.com.br\/?p=29095\",\"url\":\"https:\/\/sudoesteacontece.com.br\/?p=29095\",\"name\":\"Lula pode cobrar fim do sigilo em caso que envolve Vorcaro e Fl\u00e1vio Bolsonaro - Sudoesteacontece\",\"isPartOf\":{\"@id\":\"https:\/\/sudoesteacontece.com.br\/#website\"},\"primaryImageOfPage\":{\"@id\":\"https:\/\/sudoesteacontece.com.br\/?p=29095#primaryimage\"},\"image\":{\"@id\":\"https:\/\/sudoesteacontece.com.br\/?p=29095#primaryimage\"},\"thumbnailUrl\":\"http:\/\/sudoesteacontece.com.br\/wp-content\/uploads\/2026\/09\/Lula-pode-cobrar-fim-do-sigilo-em-caso-que-envolve-Vorcaro-e-Flavio-Bolsonaro.jpg\",\"datePublished\":\"2026-09-02T14:59:07+00:00\",\"dateModified\":\"2026-09-02T14:59:12+00:00\",\"breadcrumb\":{\"@id\":\"https:\/\/sudoesteacontece.com.br\/?p=29095#breadcrumb\"},\"inLanguage\":\"pt-BR\",\"potentialAction\":[{\"@type\":\"ReadAction\",\"target\":[\"https:\/\/sudoesteacontece.com.br\/?p=29095\"]}]},{\"@type\":\"ImageObject\",\"inLanguage\":\"pt-BR\",\"@id\":\"https:\/\/sudoesteacontece.com.br\/?p=29095#primaryimage\",\"url\":\"https:\/\/sudoesteacontece.com.br\/wp-content\/uploads\/2026\/09\/Lula-pode-cobrar-fim-do-sigilo-em-caso-que-envolve-Vorcaro-e-Flavio-Bolsonaro.jpg\",\"contentUrl\":\"https:\/\/sudoesteacontece.com.br\/wp-content\/uploads\/2026\/09\/Lula-pode-cobrar-fim-do-sigilo-em-caso-que-envolve-Vorcaro-e-Flavio-Bolsonaro.jpg\",\"width\":900,\"height\":600},{\"@type\":\"BreadcrumbList\",\"@id\":\"https:\/\/sudoesteacontece.com.br\/?p=29095#breadcrumb\",\"itemListElement\":[{\"@type\":\"ListItem\",\"position\":1,\"name\":\"In\u00edcio\",\"item\":\"https:\/\/sudoesteacontece.com.br\/\"},{\"@type\":\"ListItem\",\"position\":2,\"name\":\"Lula pode cobrar fim do sigilo em caso que envolve Vorcaro e Fl\u00e1vio Bolsonaro\"}]},{\"@type\":\"WebSite\",\"@id\":\"https:\/\/sudoesteacontece.com.br\/#website\",\"url\":\"https:\/\/sudoesteacontece.com.br\/\",\"name\":\"Sudoesteacontece\",\"description\":\"\",\"publisher\":{\"@id\":\"https:\/\/sudoesteacontece.com.br\/#organization\"},\"potentialAction\":[{\"@type\":\"SearchAction\",\"target\":{\"@type\":\"EntryPoint\",\"urlTemplate\":\"https:\/\/sudoesteacontece.com.br\/?s={search_term_string}\"},\"query-input\":{\"@type\":\"PropertyValueSpecification\",\"valueRequired\":true,\"valueName\":\"search_term_string\"}}],\"inLanguage\":\"pt-BR\"},{\"@type\":\"Organization\",\"@id\":\"https:\/\/sudoesteacontece.com.br\/#organization\",\"name\":\"Sudoesteacontece\",\"url\":\"https:\/\/sudoesteacontece.com.br\/\",\"logo\":{\"@type\":\"ImageObject\",\"inLanguage\":\"pt-BR\",\"@id\":\"https:\/\/sudoesteacontece.com.br\/#\/schema\/logo\/image\/\",\"url\":\"https:\/\/sudoesteacontece.com.br\/wp-content\/uploads\/2025\/12\/cropped-logo-2-180x180-1.png\",\"contentUrl\":\"https:\/\/sudoesteacontece.com.br\/wp-content\/uploads\/2025\/12\/cropped-logo-2-180x180-1.png\",\"width\":180,\"height\":180,\"caption\":\"Sudoesteacontece\"},\"image\":{\"@id\":\"https:\/\/sudoesteacontece.com.br\/#\/schema\/logo\/image\/\"},\"sameAs\":[\"https:\/\/www.facebook.com\/sudoesteacontece\/?locale=pt_BR\"]},{\"@type\":\"Person\",\"@id\":\"https:\/\/sudoesteacontece.com.br\/#\/schema\/person\/a4f22429c1d0923ef8f7d43343f8dc38\",\"name\":\"Reda\u00e7\u00e3o\",\"image\":{\"@type\":\"ImageObject\",\"inLanguage\":\"pt-BR\",\"@id\":\"https:\/\/sudoesteacontece.com.br\/#\/schema\/person\/image\/\",\"url\":\"https:\/\/secure.gravatar.com\/avatar\/c3a5b3c93f268a709c25a2df414c629a96fb3b1b4bf97a94fb3f72e54ae76903?s=96&d=mm&r=g\",\"contentUrl\":\"https:\/\/secure.gravatar.com\/avatar\/c3a5b3c93f268a709c25a2df414c629a96fb3b1b4bf97a94fb3f72e54ae76903?s=96&d=mm&r=g\",\"caption\":\"Reda\u00e7\u00e3o\"},\"url\":\"https:\/\/sudoesteacontece.com.br\/?author=4\"}]}<\/script>\n<!-- \/ Yoast SEO plugin. -->","yoast_head_json":{"title":"Lula pode cobrar fim do sigilo em caso que envolve Vorcaro e Fl\u00e1vio Bolsonaro - Sudoesteacontece","robots":{"index":"index","follow":"follow","max-snippet":"max-snippet:-1","max-image-preview":"max-image-preview:large","max-video-preview":"max-video-preview:-1"},"canonical":"https:\/\/sudoesteacontece.com.br\/?p=29095","og_locale":"pt_BR","og_type":"article","og_title":"Lula pode cobrar fim do sigilo em caso que envolve Vorcaro e Fl\u00e1vio Bolsonaro - Sudoesteacontece","og_description":"Aliados do presidente Luiz In\u00e1cio Lula da Silva avaliam usar novas revela\u00e7\u00f5es sobre Alexandre de Moraes e Daniel Vorcaro para pressionar pelo fim do sigilo das investiga\u00e7\u00f5es do caso \u201cDark Horse\u201d. O objetivo \u00e9 cobrar do ministro Andr\u00e9 Mendon\u00e7a, relator dos procedimentos relacionados ao Banco Master, maior transpar\u00eancia sobre a apura\u00e7\u00e3o envolvendo Vorcaro e Fl\u00e1vio Bolsonaro. A estrat\u00e9gia tamb\u00e9m busca reduzir poss\u00edveis impactos pol\u00edticos sobre Lula durante o per\u00edodo eleitoral. Segundo informa\u00e7\u00f5es divulgadas nesta ter\u00e7a-feira (1\u00ba), Vorcaro teria realizado um repasse adicional de US$ 1,6 milh\u00e3o, equivalente a R$ 8,5 milh\u00f5es na cota\u00e7\u00e3o da \u00e9poca, ao fundo respons\u00e1vel pelos recursos de um filme sobre a trajet\u00f3ria de Jair Bolsonaro. A negocia\u00e7\u00e3o envolve o ex-banqueiro e Fl\u00e1vio Bolsonaro e passou a ser citada por aliados de Lula como argumento para pedir publicidade das investiga\u00e7\u00f5es. Paralelamente, integrantes do entorno presidencial avaliam que Lula dever\u00e1 cobrar explica\u00e7\u00f5es sobre as mensagens reveladas entre Moraes e Vorcaro. A avalia\u00e7\u00e3o considera declara\u00e7\u00f5es anteriores do presidente sobre o ministro, inclusive quando Lula afirmou que Moraes deveria se declarar impedido em vota\u00e7\u00f5es relacionadas ao Banco Master. Em abril, o presidente tamb\u00e9m pediu cautela ao magistrado para que o caso n\u00e3o comprometesse sua trajet\u00f3ria no Supremo Tribunal Federal. Mendon\u00e7a tamb\u00e9m \u00e9 relator das investiga\u00e7\u00f5es relacionadas aos desvios no Instituto Nacional do Seguro Social (INSS) e possui atribui\u00e7\u00f5es em procedimentos envolvendo Lulinha. Indicado ao Supremo durante o governo Jair Bolsonaro, o ministro mant\u00e9m diverg\u00eancias internas com integrantes do grupo formado por Moraes, Gilmar Mendes e Fl\u00e1vio Dino. Para aliados de Lula, a situa\u00e7\u00e3o ganhou relev\u00e2ncia diante das novas informa\u00e7\u00f5es divulgadas sobre o relacionamento entre o ministro e Vorcaro. Entretanto, outros integrantes da base governista adotam cautela e afirmam que ainda existem pontos sem esclarecimento nas revela\u00e7\u00f5es. Eles avaliam que uma eventual crise dentro do STF durante o per\u00edodo eleitoral pode produzir efeitos pol\u00edticos imprevis\u00edveis. Ao mesmo tempo, reconhecem que parte do eleitorado associa Lula a Moraes, apesar de epis\u00f3dios anteriores de distanciamento entre o presidente e o ministro. Enquanto isso, Fl\u00e1vio Bolsonaro afirmou que Moraes n\u00e3o teria condi\u00e7\u00f5es de continuar no Supremo ap\u00f3s as novas revela\u00e7\u00f5es. O epis\u00f3dio tamb\u00e9m passou a ser explorado por setores da direita que utilizam cr\u00edticas ao ministro para questionar decis\u00f5es relacionadas \u00e0s urnas eletr\u00f4nicas e \u00e0 elei\u00e7\u00e3o de Lula. Petistas avaliam que uma crise no STF poderia provocar instabilidade pol\u00edtica em plena disputa eleitoral. Por fim, veio a p\u00fablico nesta ter\u00e7a-feira (1\u00ba) que Vorcaro teria perguntado a Moraes, dois dias antes de ser preso, se deveria deixar o Pa\u00eds. Tamb\u00e9m foi revelado que o ministro teria editado um contrato de R$ 131 milh\u00f5es firmado entre o Banco Master e o escrit\u00f3rio de advocacia de sua mulher, Viviane Barci de Moraes. As informa\u00e7\u00f5es ampliaram a press\u00e3o pol\u00edtica em torno do caso.","og_url":"https:\/\/sudoesteacontece.com.br\/?p=29095","og_site_name":"Sudoesteacontece","article_publisher":"https:\/\/www.facebook.com\/sudoesteacontece\/?locale=pt_BR","article_published_time":"2026-09-02T14:59:07+00:00","article_modified_time":"2026-09-02T14:59:12+00:00","og_image":[{"width":900,"height":600,"url":"https:\/\/sudoesteacontece.com.br\/wp-content\/uploads\/2026\/09\/Lula-pode-cobrar-fim-do-sigilo-em-caso-que-envolve-Vorcaro-e-Flavio-Bolsonaro.jpg","type":"image\/jpeg"}],"author":"Reda\u00e7\u00e3o","twitter_card":"summary_large_image","twitter_misc":{"Escrito por":"Reda\u00e7\u00e3o","Est. tempo de leitura":"3 minutos"},"schema":{"@context":"https:\/\/schema.org","@graph":[{"@type":"Article","@id":"https:\/\/sudoesteacontece.com.br\/?p=29095#article","isPartOf":{"@id":"https:\/\/sudoesteacontece.com.br\/?p=29095"},"author":{"name":"Reda\u00e7\u00e3o","@id":"https:\/\/sudoesteacontece.com.br\/#\/schema\/person\/a4f22429c1d0923ef8f7d43343f8dc38"},"headline":"Lula pode cobrar fim do sigilo em caso que envolve Vorcaro e Fl\u00e1vio Bolsonaro","datePublished":"2026-09-02T14:59:07+00:00","dateModified":"2026-09-02T14:59:12+00:00","mainEntityOfPage":{"@id":"https:\/\/sudoesteacontece.com.br\/?p=29095"},"wordCount":527,"commentCount":0,"publisher":{"@id":"https:\/\/sudoesteacontece.com.br\/#organization"},"image":{"@id":"https:\/\/sudoesteacontece.com.br\/?p=29095#primaryimage"},"thumbnailUrl":"http:\/\/sudoesteacontece.com.br\/wp-content\/uploads\/2026\/09\/Lula-pode-cobrar-fim-do-sigilo-em-caso-que-envolve-Vorcaro-e-Flavio-Bolsonaro.jpg","articleSection":["Brasil","Elei\u00e7\u00f5es 2026","Justi\u00e7a","Pol\u00edcia","Pol\u00edtica"],"inLanguage":"pt-BR","potentialAction":[{"@type":"CommentAction","name":"Comment","target":["https:\/\/sudoesteacontece.com.br\/?p=29095#respond"]}]},{"@type":"WebPage","@id":"https:\/\/sudoesteacontece.com.br\/?p=29095","url":"https:\/\/sudoesteacontece.com.br\/?p=29095","name":"Lula pode cobrar fim do sigilo em caso que envolve Vorcaro e Fl\u00e1vio Bolsonaro - Sudoesteacontece","isPartOf":{"@id":"https:\/\/sudoesteacontece.com.br\/#website"},"primaryImageOfPage":{"@id":"https:\/\/sudoesteacontece.com.br\/?p=29095#primaryimage"},"image":{"@id":"https:\/\/sudoesteacontece.com.br\/?p=29095#primaryimage"},"thumbnailUrl":"http:\/\/sudoesteacontece.com.br\/wp-content\/uploads\/2026\/09\/Lula-pode-cobrar-fim-do-sigilo-em-caso-que-envolve-Vorcaro-e-Flavio-Bolsonaro.jpg","datePublished":"2026-09-02T14:59:07+00:00","dateModified":"2026-09-02T14:59:12+00:00","breadcrumb":{"@id":"https:\/\/sudoesteacontece.com.br\/?p=29095#breadcrumb"},"inLanguage":"pt-BR","potentialAction":[{"@type":"ReadAction","target":["https:\/\/sudoesteacontece.com.br\/?p=29095"]}]},{"@type":"ImageObject","inLanguage":"pt-BR","@id":"https:\/\/sudoesteacontece.com.br\/?p=29095#primaryimage","url":"https:\/\/sudoesteacontece.com.br\/wp-content\/uploads\/2026\/09\/Lula-pode-cobrar-fim-do-sigilo-em-caso-que-envolve-Vorcaro-e-Flavio-Bolsonaro.jpg","contentUrl":"https:\/\/sudoesteacontece.com.br\/wp-content\/uploads\/2026\/09\/Lula-pode-cobrar-fim-do-sigilo-em-caso-que-envolve-Vorcaro-e-Flavio-Bolsonaro.jpg","width":900,"height":600},{"@type":"BreadcrumbList","@id":"https:\/\/sudoesteacontece.com.br\/?p=29095#breadcrumb","itemListElement":[{"@type":"ListItem","position":1,"name":"In\u00edcio","item":"https:\/\/sudoesteacontece.com.br\/"},{"@type":"ListItem","position":2,"name":"Lula pode cobrar fim do sigilo em caso que envolve Vorcaro e Fl\u00e1vio Bolsonaro"}]},{"@type":"WebSite","@id":"https:\/\/sudoesteacontece.com.br\/#website","url":"https:\/\/sudoesteacontece.com.br\/","name":"Sudoesteacontece","description":"","publisher":{"@id":"https:\/\/sudoesteacontece.com.br\/#organization"},"potentialAction":[{"@type":"SearchAction","target":{"@type":"EntryPoint","urlTemplate":"https:\/\/sudoesteacontece.com.br\/?s={search_term_string}"},"query-input":{"@type":"PropertyValueSpecification","valueRequired":true,"valueName":"search_term_string"}}],"inLanguage":"pt-BR"},{"@type":"Organization","@id":"https:\/\/sudoesteacontece.com.br\/#organization","name":"Sudoesteacontece","url":"https:\/\/sudoesteacontece.com.br\/","logo":{"@type":"ImageObject","inLanguage":"pt-BR","@id":"https:\/\/sudoesteacontece.com.br\/#\/schema\/logo\/image\/","url":"https:\/\/sudoesteacontece.com.br\/wp-content\/uploads\/2025\/12\/cropped-logo-2-180x180-1.png","contentUrl":"https:\/\/sudoesteacontece.com.br\/wp-content\/uploads\/2025\/12\/cropped-logo-2-180x180-1.png","width":180,"height":180,"caption":"Sudoesteacontece"},"image":{"@id":"https:\/\/sudoesteacontece.com.br\/#\/schema\/logo\/image\/"},"sameAs":["https:\/\/www.facebook.com\/sudoesteacontece\/?locale=pt_BR"]},{"@type":"Person","@id":"https:\/\/sudoesteacontece.com.br\/#\/schema\/person\/a4f22429c1d0923ef8f7d43343f8dc38","name":"Reda\u00e7\u00e3o","image":{"@type":"ImageObject","inLanguage":"pt-BR","@id":"https:\/\/sudoesteacontece.com.br\/#\/schema\/person\/image\/","url":"https:\/\/secure.gravatar.com\/avatar\/c3a5b3c93f268a709c25a2df414c629a96fb3b1b4bf97a94fb3f72e54ae76903?s=96&d=mm&r=g","contentUrl":"https:\/\/secure.gravatar.com\/avatar\/c3a5b3c93f268a709c25a2df414c629a96fb3b1b4bf97a94fb3f72e54ae76903?s=96&d=mm&r=g","caption":"Reda\u00e7\u00e3o"},"url":"https:\/\/sudoesteacontece.com.br\/?author=4"}]}},"_links":{"self":[{"href":"https:\/\/sudoesteacontece.com.br\/index.php?rest_route=\/wp\/v2\/posts\/29095","targetHints":{"allow":["GET"]}}],"collection":[{"href":"https:\/\/sudoesteacontece.com.br\/index.php?rest_route=\/wp\/v2\/posts"}],"about":[{"href":"https:\/\/sudoesteacontece.com.br\/index.php?rest_route=\/wp\/v2\/types\/post"}],"author":[{"embeddable":true,"href":"https:\/\/sudoesteacontece.com.br\/index.php?rest_route=\/wp\/v2\/users\/4"}],"replies":[{"embeddable":true,"href":"https:\/\/sudoesteacontece.com.br\/index.php?rest_route=%2Fwp%2Fv2%2Fcomments&post=29095"}],"version-history":[{"count":1,"href":"https:\/\/sudoesteacontece.com.br\/index.php?rest_route=\/wp\/v2\/posts\/29095\/revisions"}],"predecessor-version":[{"id":29183,"href":"https:\/\/sudoesteacontece.com.br\/index.php?rest_route=\/wp\/v2\/posts\/29095\/revisions\/29183"}],"wp:attachment":[{"href":"https:\/\/sudoesteacontece.com.br\/index.php?rest_route=%2Fwp%2Fv2%2Fmedia&parent=29095"}],"wp:term":[{"taxonomy":"category","embeddable":true,"href":"https:\/\/sudoesteacontece.com.br\/index.php?rest_route=%2Fwp%2Fv2%2Fcategories&post=29095"},{"taxonomy":"post_tag","embeddable":true,"href":"https:\/\/sudoesteacontece.com.br\/index.php?rest_route=%2Fwp%2Fv2%2Ftags&post=29095"}],"curies":[{"name":"wp","href":"https:\/\/api.w.org\/{rel}","templated":true}]}}