{"id":29101,"date":"2026-09-02T12:00:21","date_gmt":"2026-09-02T15:00:21","guid":{"rendered":"https:\/\/sudoesteacontece.com.br\/?p=29101"},"modified":"2026-09-02T12:00:26","modified_gmt":"2026-09-02T15:00:26","slug":"medica-do-samu-relata-impacto-apos-morte-de-quatro-criancas-em-paramirim","status":"publish","type":"post","link":"https:\/\/sudoesteacontece.com.br\/?p=29101","title":{"rendered":"M\u00e9dica do Samu relata impacto ap\u00f3s morte de quatro crian\u00e7as em Paramirim"},"content":{"rendered":"\n<figure class=\"wp-block-image size-full\"><img fetchpriority=\"high\" decoding=\"async\" width=\"900\" height=\"600\" src=\"http:\/\/sudoesteacontece.com.br\/wp-content\/uploads\/2026\/09\/Medica-do-Samu-relata-impacto-apos-morte-de-quatro-criancas-em-Paramirim.jpg\" alt=\"\" class=\"wp-image-29157\" srcset=\"https:\/\/sudoesteacontece.com.br\/wp-content\/uploads\/2026\/09\/Medica-do-Samu-relata-impacto-apos-morte-de-quatro-criancas-em-Paramirim.jpg 900w, https:\/\/sudoesteacontece.com.br\/wp-content\/uploads\/2026\/09\/Medica-do-Samu-relata-impacto-apos-morte-de-quatro-criancas-em-Paramirim-300x200.jpg 300w, https:\/\/sudoesteacontece.com.br\/wp-content\/uploads\/2026\/09\/Medica-do-Samu-relata-impacto-apos-morte-de-quatro-criancas-em-Paramirim-768x512.jpg 768w\" sizes=\"(max-width: 900px) 100vw, 900px\" \/><\/figure>\n\n\n\n<p class=\"wp-block-paragraph\">A m\u00e9dica Dra. Elielma Alves relatou os momentos dif\u00edceis vividos durante o atendimento \u00e0 ocorr\u00eancia que terminou com a morte de quatro crian\u00e7as em Paramirim, no sudoeste da Bahia. Segundo a profissional, o caso foi um dos mais dif\u00edceis que enfrentou durante sua atua\u00e7\u00e3o no Servi\u00e7o de Atendimento M\u00f3vel de Urg\u00eancia (Samu). A trag\u00e9dia aconteceu na tarde de domingo (30), na comunidade de Salina Branca, e mobilizou equipes de emerg\u00eancia.<\/p>\n\n\n\n<p class=\"wp-block-paragraph\">Cinco crian\u00e7as estavam no local quando ocorreu o acidente. Apenas uma delas conseguiu ser retirada da \u00e1gua com vida, enquanto Jefferson Davi da Silva, Jackson Diego da Silva, Jos\u00e9 Diogo da Silva e Lorenzo Almeida permaneceram submersos. As v\u00edtimas tinham 3, 6, 8 e 10 anos. Os tr\u00eas primeiros eram irm\u00e3os, enquanto Lorenzo era primo dos demais.<\/p>\n\n\n\n<p class=\"wp-block-paragraph\">Durante o atendimento, a m\u00e9dica relatou que, quando a equipe chegou \u00e0 ocorr\u00eancia, n\u00e3o havia mais o que fazer em rela\u00e7\u00e3o \u00e0s quatro crian\u00e7as que continuavam submersas. Ela afirmou que voltou da ocorr\u00eancia profundamente abalada. A profissional tamb\u00e9m refletiu sobre a rapidez com que uma situa\u00e7\u00e3o cotidiana pode mudar e provocar consequ\u00eancias para fam\u00edlias inteiras.<\/p>\n\n\n\n<p class=\"wp-block-paragraph\">Depois do resgate, Dra. Elielma utilizou as redes sociais para alertar sobre os riscos envolvendo crian\u00e7as em locais pr\u00f3ximos \u00e0 \u00e1gua. Ela recomendou vigil\u00e2ncia constante dos adultos e orientou que os menores n\u00e3o sejam levados a ambientes desconhecidos. Tamb\u00e9m destacou a import\u00e2ncia de avaliar previamente a profundidade e os riscos existentes no local.<\/p>\n\n\n\n<p class=\"wp-block-paragraph\">Outro alerta feito pela m\u00e9dica foi de que a presen\u00e7a de um adulto que saiba nadar n\u00e3o garante, por si s\u00f3, a seguran\u00e7a das crian\u00e7as em uma emerg\u00eancia. Segundo ela, situa\u00e7\u00f5es envolvendo \u00e1gua podem exigir uma resposta r\u00e1pida e apresentar riscos mesmo para pessoas com habilidade para nadar. O relato foi publicado ap\u00f3s o atendimento da ocorr\u00eancia em Paramirim.<\/p>\n\n\n\n<p class=\"wp-block-paragraph\">Enquanto isso, as buscas pelas quatro v\u00edtimas continuaram durante a noite de domingo (30) e avan\u00e7aram pela madrugada de segunda-feira (31). Equipes especializadas do Grupamento de Mergulho do 7\u00ba Grupamento de Bombeiros Militar localizaram e retiraram os corpos da \u00e1gua. A ocorr\u00eancia mobilizou profissionais durante horas at\u00e9 a conclus\u00e3o dos trabalhos de resgate.<\/p>\n","protected":false},"excerpt":{"rendered":"<p>A m\u00e9dica Dra. Elielma Alves relatou os momentos dif\u00edceis vividos durante o atendimento \u00e0 ocorr\u00eancia que terminou com a morte de quatro crian\u00e7as em Paramirim, no sudoeste da Bahia. Segundo a profissional, o caso foi um dos mais dif\u00edceis que enfrentou durante sua atua\u00e7\u00e3o no Servi\u00e7o de Atendimento M\u00f3vel de Urg\u00eancia (Samu). A trag\u00e9dia aconteceu na tarde de domingo (30), na comunidade de Salina Branca, e mobilizou equipes de emerg\u00eancia. Cinco crian\u00e7as estavam no local quando ocorreu o acidente. Apenas uma delas conseguiu ser retirada da \u00e1gua com vida, enquanto Jefferson Davi da Silva, Jackson Diego da Silva, Jos\u00e9 Diogo da Silva e Lorenzo Almeida permaneceram submersos. As v\u00edtimas tinham 3, 6, 8 e 10 anos. Os tr\u00eas primeiros eram irm\u00e3os, enquanto Lorenzo era primo dos demais. Durante o atendimento, a m\u00e9dica relatou que, quando a equipe chegou \u00e0 ocorr\u00eancia, n\u00e3o havia mais o que fazer em rela\u00e7\u00e3o \u00e0s quatro crian\u00e7as que continuavam submersas. Ela afirmou que voltou da ocorr\u00eancia profundamente abalada. A profissional tamb\u00e9m refletiu sobre a rapidez com que uma situa\u00e7\u00e3o cotidiana pode mudar e provocar consequ\u00eancias para fam\u00edlias inteiras. Depois do resgate, Dra. Elielma utilizou as redes sociais para alertar sobre os riscos envolvendo crian\u00e7as em locais pr\u00f3ximos \u00e0 \u00e1gua. Ela recomendou vigil\u00e2ncia constante dos adultos e orientou que os menores n\u00e3o sejam levados a ambientes desconhecidos. Tamb\u00e9m destacou a import\u00e2ncia de avaliar previamente a profundidade e os riscos existentes no local. Outro alerta feito pela m\u00e9dica foi de que a presen\u00e7a de um adulto que saiba nadar n\u00e3o garante, por si s\u00f3, a seguran\u00e7a das crian\u00e7as em uma emerg\u00eancia. Segundo ela, situa\u00e7\u00f5es envolvendo \u00e1gua podem exigir uma resposta r\u00e1pida e apresentar riscos mesmo para pessoas com habilidade para nadar. O relato foi publicado ap\u00f3s o atendimento da ocorr\u00eancia em Paramirim. Enquanto isso, as buscas pelas quatro v\u00edtimas continuaram durante a noite de domingo (30) e avan\u00e7aram pela madrugada de segunda-feira (31). Equipes especializadas do Grupamento de Mergulho do 7\u00ba Grupamento de Bombeiros Militar localizaram e retiraram os corpos da \u00e1gua. A ocorr\u00eancia mobilizou profissionais durante horas at\u00e9 a conclus\u00e3o dos trabalhos de resgate.<\/p>\n","protected":false},"author":4,"featured_media":0,"comment_status":"open","ping_status":"open","sticky":false,"template":"","format":"standard","meta":{"footnotes":""},"categories":[4,50,3,45],"tags":[],"class_list":["post-29101","post","type-post","status-publish","format-standard","hentry","category-cidades","category-paramirim","category-policia","category-saude"],"yoast_head":"<!-- This site is optimized with the Yoast SEO plugin v26.5 - https:\/\/yoast.com\/wordpress\/plugins\/seo\/ -->\n<title>M\u00e9dica do Samu relata impacto ap\u00f3s morte de quatro crian\u00e7as em Paramirim - Sudoesteacontece<\/title>\n<meta name=\"robots\" content=\"index, follow, max-snippet:-1, max-image-preview:large, max-video-preview:-1\" \/>\n<link rel=\"canonical\" href=\"https:\/\/sudoesteacontece.com.br\/?p=29101\" \/>\n<meta property=\"og:locale\" content=\"pt_BR\" \/>\n<meta property=\"og:type\" content=\"article\" \/>\n<meta property=\"og:title\" content=\"M\u00e9dica do Samu relata impacto ap\u00f3s morte de quatro crian\u00e7as em Paramirim - Sudoesteacontece\" \/>\n<meta property=\"og:description\" content=\"A m\u00e9dica Dra. Elielma Alves relatou os momentos dif\u00edceis vividos durante o atendimento \u00e0 ocorr\u00eancia que terminou com a morte de quatro crian\u00e7as em Paramirim, no sudoeste da Bahia. Segundo a profissional, o caso foi um dos mais dif\u00edceis que enfrentou durante sua atua\u00e7\u00e3o no Servi\u00e7o de Atendimento M\u00f3vel de Urg\u00eancia (Samu). A trag\u00e9dia aconteceu na tarde de domingo (30), na comunidade de Salina Branca, e mobilizou equipes de emerg\u00eancia. Cinco crian\u00e7as estavam no local quando ocorreu o acidente. Apenas uma delas conseguiu ser retirada da \u00e1gua com vida, enquanto Jefferson Davi da Silva, Jackson Diego da Silva, Jos\u00e9 Diogo da Silva e Lorenzo Almeida permaneceram submersos. As v\u00edtimas tinham 3, 6, 8 e 10 anos. Os tr\u00eas primeiros eram irm\u00e3os, enquanto Lorenzo era primo dos demais. Durante o atendimento, a m\u00e9dica relatou que, quando a equipe chegou \u00e0 ocorr\u00eancia, n\u00e3o havia mais o que fazer em rela\u00e7\u00e3o \u00e0s quatro crian\u00e7as que continuavam submersas. Ela afirmou que voltou da ocorr\u00eancia profundamente abalada. A profissional tamb\u00e9m refletiu sobre a rapidez com que uma situa\u00e7\u00e3o cotidiana pode mudar e provocar consequ\u00eancias para fam\u00edlias inteiras. Depois do resgate, Dra. Elielma utilizou as redes sociais para alertar sobre os riscos envolvendo crian\u00e7as em locais pr\u00f3ximos \u00e0 \u00e1gua. Ela recomendou vigil\u00e2ncia constante dos adultos e orientou que os menores n\u00e3o sejam levados a ambientes desconhecidos. Tamb\u00e9m destacou a import\u00e2ncia de avaliar previamente a profundidade e os riscos existentes no local. Outro alerta feito pela m\u00e9dica foi de que a presen\u00e7a de um adulto que saiba nadar n\u00e3o garante, por si s\u00f3, a seguran\u00e7a das crian\u00e7as em uma emerg\u00eancia. Segundo ela, situa\u00e7\u00f5es envolvendo \u00e1gua podem exigir uma resposta r\u00e1pida e apresentar riscos mesmo para pessoas com habilidade para nadar. O relato foi publicado ap\u00f3s o atendimento da ocorr\u00eancia em Paramirim. Enquanto isso, as buscas pelas quatro v\u00edtimas continuaram durante a noite de domingo (30) e avan\u00e7aram pela madrugada de segunda-feira (31). Equipes especializadas do Grupamento de Mergulho do 7\u00ba Grupamento de Bombeiros Militar localizaram e retiraram os corpos da \u00e1gua. A ocorr\u00eancia mobilizou profissionais durante horas at\u00e9 a conclus\u00e3o dos trabalhos de resgate.\" \/>\n<meta property=\"og:url\" content=\"https:\/\/sudoesteacontece.com.br\/?p=29101\" \/>\n<meta property=\"og:site_name\" content=\"Sudoesteacontece\" \/>\n<meta property=\"article:publisher\" content=\"https:\/\/www.facebook.com\/sudoesteacontece\/?locale=pt_BR\" \/>\n<meta property=\"article:published_time\" content=\"2026-09-02T15:00:21+00:00\" \/>\n<meta property=\"article:modified_time\" content=\"2026-09-02T15:00:26+00:00\" \/>\n<meta property=\"og:image\" content=\"https:\/\/sudoesteacontece.com.br\/wp-content\/uploads\/2026\/09\/Medica-do-Samu-relata-impacto-apos-morte-de-quatro-criancas-em-Paramirim.jpg\" \/>\n\t<meta property=\"og:image:width\" content=\"900\" \/>\n\t<meta property=\"og:image:height\" content=\"600\" \/>\n\t<meta property=\"og:image:type\" content=\"image\/jpeg\" \/>\n<meta name=\"author\" content=\"Reda\u00e7\u00e3o\" \/>\n<meta name=\"twitter:card\" content=\"summary_large_image\" \/>\n<meta name=\"twitter:label1\" content=\"Escrito por\" \/>\n\t<meta name=\"twitter:data1\" content=\"Reda\u00e7\u00e3o\" \/>\n\t<meta name=\"twitter:label2\" content=\"Est. tempo de leitura\" \/>\n\t<meta name=\"twitter:data2\" content=\"3 minutos\" \/>\n<script type=\"application\/ld+json\" class=\"yoast-schema-graph\">{\"@context\":\"https:\/\/schema.org\",\"@graph\":[{\"@type\":\"Article\",\"@id\":\"https:\/\/sudoesteacontece.com.br\/?p=29101#article\",\"isPartOf\":{\"@id\":\"https:\/\/sudoesteacontece.com.br\/?p=29101\"},\"author\":{\"name\":\"Reda\u00e7\u00e3o\",\"@id\":\"https:\/\/sudoesteacontece.com.br\/#\/schema\/person\/a4f22429c1d0923ef8f7d43343f8dc38\"},\"headline\":\"M\u00e9dica do Samu relata impacto ap\u00f3s morte de quatro crian\u00e7as em Paramirim\",\"datePublished\":\"2026-09-02T15:00:21+00:00\",\"dateModified\":\"2026-09-02T15:00:26+00:00\",\"mainEntityOfPage\":{\"@id\":\"https:\/\/sudoesteacontece.com.br\/?p=29101\"},\"wordCount\":396,\"commentCount\":0,\"publisher\":{\"@id\":\"https:\/\/sudoesteacontece.com.br\/#organization\"},\"image\":{\"@id\":\"https:\/\/sudoesteacontece.com.br\/?p=29101#primaryimage\"},\"thumbnailUrl\":\"http:\/\/sudoesteacontece.com.br\/wp-content\/uploads\/2026\/09\/Medica-do-Samu-relata-impacto-apos-morte-de-quatro-criancas-em-Paramirim.jpg\",\"articleSection\":[\"Cidades\",\"Paramirim\",\"Pol\u00edcia\",\"Sa\u00fade\"],\"inLanguage\":\"pt-BR\",\"potentialAction\":[{\"@type\":\"CommentAction\",\"name\":\"Comment\",\"target\":[\"https:\/\/sudoesteacontece.com.br\/?p=29101#respond\"]}]},{\"@type\":\"WebPage\",\"@id\":\"https:\/\/sudoesteacontece.com.br\/?p=29101\",\"url\":\"https:\/\/sudoesteacontece.com.br\/?p=29101\",\"name\":\"M\u00e9dica do Samu relata impacto ap\u00f3s morte de quatro crian\u00e7as em Paramirim - Sudoesteacontece\",\"isPartOf\":{\"@id\":\"https:\/\/sudoesteacontece.com.br\/#website\"},\"primaryImageOfPage\":{\"@id\":\"https:\/\/sudoesteacontece.com.br\/?p=29101#primaryimage\"},\"image\":{\"@id\":\"https:\/\/sudoesteacontece.com.br\/?p=29101#primaryimage\"},\"thumbnailUrl\":\"http:\/\/sudoesteacontece.com.br\/wp-content\/uploads\/2026\/09\/Medica-do-Samu-relata-impacto-apos-morte-de-quatro-criancas-em-Paramirim.jpg\",\"datePublished\":\"2026-09-02T15:00:21+00:00\",\"dateModified\":\"2026-09-02T15:00:26+00:00\",\"breadcrumb\":{\"@id\":\"https:\/\/sudoesteacontece.com.br\/?p=29101#breadcrumb\"},\"inLanguage\":\"pt-BR\",\"potentialAction\":[{\"@type\":\"ReadAction\",\"target\":[\"https:\/\/sudoesteacontece.com.br\/?p=29101\"]}]},{\"@type\":\"ImageObject\",\"inLanguage\":\"pt-BR\",\"@id\":\"https:\/\/sudoesteacontece.com.br\/?p=29101#primaryimage\",\"url\":\"https:\/\/sudoesteacontece.com.br\/wp-content\/uploads\/2026\/09\/Medica-do-Samu-relata-impacto-apos-morte-de-quatro-criancas-em-Paramirim.jpg\",\"contentUrl\":\"https:\/\/sudoesteacontece.com.br\/wp-content\/uploads\/2026\/09\/Medica-do-Samu-relata-impacto-apos-morte-de-quatro-criancas-em-Paramirim.jpg\",\"width\":900,\"height\":600},{\"@type\":\"BreadcrumbList\",\"@id\":\"https:\/\/sudoesteacontece.com.br\/?p=29101#breadcrumb\",\"itemListElement\":[{\"@type\":\"ListItem\",\"position\":1,\"name\":\"In\u00edcio\",\"item\":\"https:\/\/sudoesteacontece.com.br\/\"},{\"@type\":\"ListItem\",\"position\":2,\"name\":\"M\u00e9dica do Samu relata impacto ap\u00f3s morte de quatro crian\u00e7as em Paramirim\"}]},{\"@type\":\"WebSite\",\"@id\":\"https:\/\/sudoesteacontece.com.br\/#website\",\"url\":\"https:\/\/sudoesteacontece.com.br\/\",\"name\":\"Sudoesteacontece\",\"description\":\"\",\"publisher\":{\"@id\":\"https:\/\/sudoesteacontece.com.br\/#organization\"},\"potentialAction\":[{\"@type\":\"SearchAction\",\"target\":{\"@type\":\"EntryPoint\",\"urlTemplate\":\"https:\/\/sudoesteacontece.com.br\/?s={search_term_string}\"},\"query-input\":{\"@type\":\"PropertyValueSpecification\",\"valueRequired\":true,\"valueName\":\"search_term_string\"}}],\"inLanguage\":\"pt-BR\"},{\"@type\":\"Organization\",\"@id\":\"https:\/\/sudoesteacontece.com.br\/#organization\",\"name\":\"Sudoesteacontece\",\"url\":\"https:\/\/sudoesteacontece.com.br\/\",\"logo\":{\"@type\":\"ImageObject\",\"inLanguage\":\"pt-BR\",\"@id\":\"https:\/\/sudoesteacontece.com.br\/#\/schema\/logo\/image\/\",\"url\":\"https:\/\/sudoesteacontece.com.br\/wp-content\/uploads\/2025\/12\/cropped-logo-2-180x180-1.png\",\"contentUrl\":\"https:\/\/sudoesteacontece.com.br\/wp-content\/uploads\/2025\/12\/cropped-logo-2-180x180-1.png\",\"width\":180,\"height\":180,\"caption\":\"Sudoesteacontece\"},\"image\":{\"@id\":\"https:\/\/sudoesteacontece.com.br\/#\/schema\/logo\/image\/\"},\"sameAs\":[\"https:\/\/www.facebook.com\/sudoesteacontece\/?locale=pt_BR\"]},{\"@type\":\"Person\",\"@id\":\"https:\/\/sudoesteacontece.com.br\/#\/schema\/person\/a4f22429c1d0923ef8f7d43343f8dc38\",\"name\":\"Reda\u00e7\u00e3o\",\"image\":{\"@type\":\"ImageObject\",\"inLanguage\":\"pt-BR\",\"@id\":\"https:\/\/sudoesteacontece.com.br\/#\/schema\/person\/image\/\",\"url\":\"https:\/\/secure.gravatar.com\/avatar\/c3a5b3c93f268a709c25a2df414c629a96fb3b1b4bf97a94fb3f72e54ae76903?s=96&d=mm&r=g\",\"contentUrl\":\"https:\/\/secure.gravatar.com\/avatar\/c3a5b3c93f268a709c25a2df414c629a96fb3b1b4bf97a94fb3f72e54ae76903?s=96&d=mm&r=g\",\"caption\":\"Reda\u00e7\u00e3o\"},\"url\":\"https:\/\/sudoesteacontece.com.br\/?author=4\"}]}<\/script>\n<!-- \/ Yoast SEO plugin. -->","yoast_head_json":{"title":"M\u00e9dica do Samu relata impacto ap\u00f3s morte de quatro crian\u00e7as em Paramirim - Sudoesteacontece","robots":{"index":"index","follow":"follow","max-snippet":"max-snippet:-1","max-image-preview":"max-image-preview:large","max-video-preview":"max-video-preview:-1"},"canonical":"https:\/\/sudoesteacontece.com.br\/?p=29101","og_locale":"pt_BR","og_type":"article","og_title":"M\u00e9dica do Samu relata impacto ap\u00f3s morte de quatro crian\u00e7as em Paramirim - Sudoesteacontece","og_description":"A m\u00e9dica Dra. Elielma Alves relatou os momentos dif\u00edceis vividos durante o atendimento \u00e0 ocorr\u00eancia que terminou com a morte de quatro crian\u00e7as em Paramirim, no sudoeste da Bahia. Segundo a profissional, o caso foi um dos mais dif\u00edceis que enfrentou durante sua atua\u00e7\u00e3o no Servi\u00e7o de Atendimento M\u00f3vel de Urg\u00eancia (Samu). A trag\u00e9dia aconteceu na tarde de domingo (30), na comunidade de Salina Branca, e mobilizou equipes de emerg\u00eancia. Cinco crian\u00e7as estavam no local quando ocorreu o acidente. Apenas uma delas conseguiu ser retirada da \u00e1gua com vida, enquanto Jefferson Davi da Silva, Jackson Diego da Silva, Jos\u00e9 Diogo da Silva e Lorenzo Almeida permaneceram submersos. As v\u00edtimas tinham 3, 6, 8 e 10 anos. Os tr\u00eas primeiros eram irm\u00e3os, enquanto Lorenzo era primo dos demais. Durante o atendimento, a m\u00e9dica relatou que, quando a equipe chegou \u00e0 ocorr\u00eancia, n\u00e3o havia mais o que fazer em rela\u00e7\u00e3o \u00e0s quatro crian\u00e7as que continuavam submersas. Ela afirmou que voltou da ocorr\u00eancia profundamente abalada. A profissional tamb\u00e9m refletiu sobre a rapidez com que uma situa\u00e7\u00e3o cotidiana pode mudar e provocar consequ\u00eancias para fam\u00edlias inteiras. Depois do resgate, Dra. Elielma utilizou as redes sociais para alertar sobre os riscos envolvendo crian\u00e7as em locais pr\u00f3ximos \u00e0 \u00e1gua. Ela recomendou vigil\u00e2ncia constante dos adultos e orientou que os menores n\u00e3o sejam levados a ambientes desconhecidos. Tamb\u00e9m destacou a import\u00e2ncia de avaliar previamente a profundidade e os riscos existentes no local. Outro alerta feito pela m\u00e9dica foi de que a presen\u00e7a de um adulto que saiba nadar n\u00e3o garante, por si s\u00f3, a seguran\u00e7a das crian\u00e7as em uma emerg\u00eancia. Segundo ela, situa\u00e7\u00f5es envolvendo \u00e1gua podem exigir uma resposta r\u00e1pida e apresentar riscos mesmo para pessoas com habilidade para nadar. O relato foi publicado ap\u00f3s o atendimento da ocorr\u00eancia em Paramirim. Enquanto isso, as buscas pelas quatro v\u00edtimas continuaram durante a noite de domingo (30) e avan\u00e7aram pela madrugada de segunda-feira (31). Equipes especializadas do Grupamento de Mergulho do 7\u00ba Grupamento de Bombeiros Militar localizaram e retiraram os corpos da \u00e1gua. A ocorr\u00eancia mobilizou profissionais durante horas at\u00e9 a conclus\u00e3o dos trabalhos de resgate.","og_url":"https:\/\/sudoesteacontece.com.br\/?p=29101","og_site_name":"Sudoesteacontece","article_publisher":"https:\/\/www.facebook.com\/sudoesteacontece\/?locale=pt_BR","article_published_time":"2026-09-02T15:00:21+00:00","article_modified_time":"2026-09-02T15:00:26+00:00","og_image":[{"width":900,"height":600,"url":"https:\/\/sudoesteacontece.com.br\/wp-content\/uploads\/2026\/09\/Medica-do-Samu-relata-impacto-apos-morte-de-quatro-criancas-em-Paramirim.jpg","type":"image\/jpeg"}],"author":"Reda\u00e7\u00e3o","twitter_card":"summary_large_image","twitter_misc":{"Escrito por":"Reda\u00e7\u00e3o","Est. tempo de leitura":"3 minutos"},"schema":{"@context":"https:\/\/schema.org","@graph":[{"@type":"Article","@id":"https:\/\/sudoesteacontece.com.br\/?p=29101#article","isPartOf":{"@id":"https:\/\/sudoesteacontece.com.br\/?p=29101"},"author":{"name":"Reda\u00e7\u00e3o","@id":"https:\/\/sudoesteacontece.com.br\/#\/schema\/person\/a4f22429c1d0923ef8f7d43343f8dc38"},"headline":"M\u00e9dica do Samu relata impacto ap\u00f3s morte de quatro crian\u00e7as em Paramirim","datePublished":"2026-09-02T15:00:21+00:00","dateModified":"2026-09-02T15:00:26+00:00","mainEntityOfPage":{"@id":"https:\/\/sudoesteacontece.com.br\/?p=29101"},"wordCount":396,"commentCount":0,"publisher":{"@id":"https:\/\/sudoesteacontece.com.br\/#organization"},"image":{"@id":"https:\/\/sudoesteacontece.com.br\/?p=29101#primaryimage"},"thumbnailUrl":"http:\/\/sudoesteacontece.com.br\/wp-content\/uploads\/2026\/09\/Medica-do-Samu-relata-impacto-apos-morte-de-quatro-criancas-em-Paramirim.jpg","articleSection":["Cidades","Paramirim","Pol\u00edcia","Sa\u00fade"],"inLanguage":"pt-BR","potentialAction":[{"@type":"CommentAction","name":"Comment","target":["https:\/\/sudoesteacontece.com.br\/?p=29101#respond"]}]},{"@type":"WebPage","@id":"https:\/\/sudoesteacontece.com.br\/?p=29101","url":"https:\/\/sudoesteacontece.com.br\/?p=29101","name":"M\u00e9dica do Samu relata impacto ap\u00f3s morte de quatro crian\u00e7as em Paramirim - Sudoesteacontece","isPartOf":{"@id":"https:\/\/sudoesteacontece.com.br\/#website"},"primaryImageOfPage":{"@id":"https:\/\/sudoesteacontece.com.br\/?p=29101#primaryimage"},"image":{"@id":"https:\/\/sudoesteacontece.com.br\/?p=29101#primaryimage"},"thumbnailUrl":"http:\/\/sudoesteacontece.com.br\/wp-content\/uploads\/2026\/09\/Medica-do-Samu-relata-impacto-apos-morte-de-quatro-criancas-em-Paramirim.jpg","datePublished":"2026-09-02T15:00:21+00:00","dateModified":"2026-09-02T15:00:26+00:00","breadcrumb":{"@id":"https:\/\/sudoesteacontece.com.br\/?p=29101#breadcrumb"},"inLanguage":"pt-BR","potentialAction":[{"@type":"ReadAction","target":["https:\/\/sudoesteacontece.com.br\/?p=29101"]}]},{"@type":"ImageObject","inLanguage":"pt-BR","@id":"https:\/\/sudoesteacontece.com.br\/?p=29101#primaryimage","url":"https:\/\/sudoesteacontece.com.br\/wp-content\/uploads\/2026\/09\/Medica-do-Samu-relata-impacto-apos-morte-de-quatro-criancas-em-Paramirim.jpg","contentUrl":"https:\/\/sudoesteacontece.com.br\/wp-content\/uploads\/2026\/09\/Medica-do-Samu-relata-impacto-apos-morte-de-quatro-criancas-em-Paramirim.jpg","width":900,"height":600},{"@type":"BreadcrumbList","@id":"https:\/\/sudoesteacontece.com.br\/?p=29101#breadcrumb","itemListElement":[{"@type":"ListItem","position":1,"name":"In\u00edcio","item":"https:\/\/sudoesteacontece.com.br\/"},{"@type":"ListItem","position":2,"name":"M\u00e9dica do Samu relata impacto ap\u00f3s morte de quatro crian\u00e7as em Paramirim"}]},{"@type":"WebSite","@id":"https:\/\/sudoesteacontece.com.br\/#website","url":"https:\/\/sudoesteacontece.com.br\/","name":"Sudoesteacontece","description":"","publisher":{"@id":"https:\/\/sudoesteacontece.com.br\/#organization"},"potentialAction":[{"@type":"SearchAction","target":{"@type":"EntryPoint","urlTemplate":"https:\/\/sudoesteacontece.com.br\/?s={search_term_string}"},"query-input":{"@type":"PropertyValueSpecification","valueRequired":true,"valueName":"search_term_string"}}],"inLanguage":"pt-BR"},{"@type":"Organization","@id":"https:\/\/sudoesteacontece.com.br\/#organization","name":"Sudoesteacontece","url":"https:\/\/sudoesteacontece.com.br\/","logo":{"@type":"ImageObject","inLanguage":"pt-BR","@id":"https:\/\/sudoesteacontece.com.br\/#\/schema\/logo\/image\/","url":"https:\/\/sudoesteacontece.com.br\/wp-content\/uploads\/2025\/12\/cropped-logo-2-180x180-1.png","contentUrl":"https:\/\/sudoesteacontece.com.br\/wp-content\/uploads\/2025\/12\/cropped-logo-2-180x180-1.png","width":180,"height":180,"caption":"Sudoesteacontece"},"image":{"@id":"https:\/\/sudoesteacontece.com.br\/#\/schema\/logo\/image\/"},"sameAs":["https:\/\/www.facebook.com\/sudoesteacontece\/?locale=pt_BR"]},{"@type":"Person","@id":"https:\/\/sudoesteacontece.com.br\/#\/schema\/person\/a4f22429c1d0923ef8f7d43343f8dc38","name":"Reda\u00e7\u00e3o","image":{"@type":"ImageObject","inLanguage":"pt-BR","@id":"https:\/\/sudoesteacontece.com.br\/#\/schema\/person\/image\/","url":"https:\/\/secure.gravatar.com\/avatar\/c3a5b3c93f268a709c25a2df414c629a96fb3b1b4bf97a94fb3f72e54ae76903?s=96&d=mm&r=g","contentUrl":"https:\/\/secure.gravatar.com\/avatar\/c3a5b3c93f268a709c25a2df414c629a96fb3b1b4bf97a94fb3f72e54ae76903?s=96&d=mm&r=g","caption":"Reda\u00e7\u00e3o"},"url":"https:\/\/sudoesteacontece.com.br\/?author=4"}]}},"_links":{"self":[{"href":"https:\/\/sudoesteacontece.com.br\/index.php?rest_route=\/wp\/v2\/posts\/29101","targetHints":{"allow":["GET"]}}],"collection":[{"href":"https:\/\/sudoesteacontece.com.br\/index.php?rest_route=\/wp\/v2\/posts"}],"about":[{"href":"https:\/\/sudoesteacontece.com.br\/index.php?rest_route=\/wp\/v2\/types\/post"}],"author":[{"embeddable":true,"href":"https:\/\/sudoesteacontece.com.br\/index.php?rest_route=\/wp\/v2\/users\/4"}],"replies":[{"embeddable":true,"href":"https:\/\/sudoesteacontece.com.br\/index.php?rest_route=%2Fwp%2Fv2%2Fcomments&post=29101"}],"version-history":[{"count":1,"href":"https:\/\/sudoesteacontece.com.br\/index.php?rest_route=\/wp\/v2\/posts\/29101\/revisions"}],"predecessor-version":[{"id":29185,"href":"https:\/\/sudoesteacontece.com.br\/index.php?rest_route=\/wp\/v2\/posts\/29101\/revisions\/29185"}],"wp:attachment":[{"href":"https:\/\/sudoesteacontece.com.br\/index.php?rest_route=%2Fwp%2Fv2%2Fmedia&parent=29101"}],"wp:term":[{"taxonomy":"category","embeddable":true,"href":"https:\/\/sudoesteacontece.com.br\/index.php?rest_route=%2Fwp%2Fv2%2Fcategories&post=29101"},{"taxonomy":"post_tag","embeddable":true,"href":"https:\/\/sudoesteacontece.com.br\/index.php?rest_route=%2Fwp%2Fv2%2Ftags&post=29101"}],"curies":[{"name":"wp","href":"https:\/\/api.w.org\/{rel}","templated":true}]}}