{"id":29106,"date":"2026-09-02T11:50:49","date_gmt":"2026-09-02T14:50:49","guid":{"rendered":"https:\/\/sudoesteacontece.com.br\/?p=29106"},"modified":"2026-09-02T11:50:54","modified_gmt":"2026-09-02T14:50:54","slug":"familia-de-casal-morto-em-acidente-repudia-boatos-sobre-tragedia-em-livramento","status":"publish","type":"post","link":"https:\/\/sudoesteacontece.com.br\/?p=29106","title":{"rendered":"Fam\u00edlia de casal morto em acidente repudia boatos sobre trag\u00e9dia em Livramento"},"content":{"rendered":"\n<figure class=\"wp-block-image size-full\"><img fetchpriority=\"high\" decoding=\"async\" width=\"900\" height=\"600\" src=\"http:\/\/sudoesteacontece.com.br\/wp-content\/uploads\/2026\/09\/788107254_2846190389084243_6062356138477020182_n.jpeg\" alt=\"\" class=\"wp-image-29141\" srcset=\"https:\/\/sudoesteacontece.com.br\/wp-content\/uploads\/2026\/09\/788107254_2846190389084243_6062356138477020182_n.jpeg 900w, https:\/\/sudoesteacontece.com.br\/wp-content\/uploads\/2026\/09\/788107254_2846190389084243_6062356138477020182_n-300x200.jpeg 300w, https:\/\/sudoesteacontece.com.br\/wp-content\/uploads\/2026\/09\/788107254_2846190389084243_6062356138477020182_n-768x512.jpeg 768w\" sizes=\"(max-width: 900px) 100vw, 900px\" \/><\/figure>\n\n\n\n<p class=\"wp-block-paragraph\">A fam\u00edlia de Ant\u00f4nio Marcos Nunes Alves, de 40 anos, e Ediv\u00e2nia Aguiar Nunes, de 38, repudiou os boatos sobre as circunst\u00e2ncias da morte do casal em Livramento de Nossa Senhora. Os dois morreram em um acidente na manh\u00e3 de domingo (30), na BA-152, no bairro Jurema. Familiares afirmam que informa\u00e7\u00f5es falsas aumentaram o sofrimento durante o per\u00edodo de luto e pedem respeito \u00e0 mem\u00f3ria das v\u00edtimas.<\/p>\n\n\n\n<p class=\"wp-block-paragraph\">Ant\u00f4nio, conhecido pelo trabalho como frentista no Posto Santa Luzia, pilotava uma Honda Fan 160 com a esposa quando ocorreu a colis\u00e3o. O acidente aconteceu por volta das 7h30, nas proximidades da sa\u00edda para Paramirim. A motocicleta teria perdido o controle e batido de frente com uma ca\u00e7amba Mercedes-Benz L 1620, que seguia no sentido contr\u00e1rio.<\/p>\n\n\n\n<p class=\"wp-block-paragraph\">Ap\u00f3s a batida, Ant\u00f4nio e Ediv\u00e2nia morreram ainda no local devido \u00e0 gravidade dos ferimentos. O motorista da ca\u00e7amba permaneceu na \u00e1rea e prestou esclarecimentos \u00e0s autoridades. O trecho foi isolado para o trabalho das equipes de seguran\u00e7a e do Departamento de Pol\u00edcia T\u00e9cnica, respons\u00e1vel pelos procedimentos periciais.<\/p>\n\n\n\n<p class=\"wp-block-paragraph\">Segundo os familiares, vers\u00f5es sem fundamento passaram a circular ap\u00f3s a repercuss\u00e3o da trag\u00e9dia. Entre as informa\u00e7\u00f5es contestadas est\u00e1 a alega\u00e7\u00e3o de que Ant\u00f4nio teria tentado tirar a pr\u00f3pria vida. A fam\u00edlia afirma que essa vers\u00e3o n\u00e3o corresponde \u00e0 realidade e considera inadmiss\u00edvel que especula\u00e7\u00f5es sejam divulgadas em um momento de profunda dor.<\/p>\n\n\n\n<p class=\"wp-block-paragraph\">Diante da situa\u00e7\u00e3o, os parentes pediram que a popula\u00e7\u00e3o interrompa imediatamente a divulga\u00e7\u00e3o de informa\u00e7\u00f5es falsas e coment\u00e1rios sobre o casal. Ant\u00f4nio e Ediv\u00e2nia deixam um filho. A fam\u00edlia tamb\u00e9m informou que poder\u00e1 buscar medidas legais caso os boatos continuem, com o objetivo de preservar a honra e a mem\u00f3ria dos dois.<\/p>\n\n\n\n<p class=\"wp-block-paragraph\">Por fim, os familiares refor\u00e7aram o pedido de empatia e respeito durante o per\u00edodo de luto. Ant\u00f4nio era conhecido por amigos, familiares e clientes do posto onde trabalhava. A manifesta\u00e7\u00e3o p\u00fablica foi divulgada ap\u00f3s a circula\u00e7\u00e3o das especula\u00e7\u00f5es e busca evitar novas vers\u00f5es sobre um caso que ainda depende da apura\u00e7\u00e3o das autoridades.<\/p>\n","protected":false},"excerpt":{"rendered":"<p>A fam\u00edlia de Ant\u00f4nio Marcos Nunes Alves, de 40 anos, e Ediv\u00e2nia Aguiar Nunes, de 38, repudiou os boatos sobre as circunst\u00e2ncias da morte do casal em Livramento de Nossa Senhora. Os dois morreram em um acidente na manh\u00e3 de domingo (30), na BA-152, no bairro Jurema. Familiares afirmam que informa\u00e7\u00f5es falsas aumentaram o sofrimento durante o per\u00edodo de luto e pedem respeito \u00e0 mem\u00f3ria das v\u00edtimas. Ant\u00f4nio, conhecido pelo trabalho como frentista no Posto Santa Luzia, pilotava uma Honda Fan 160 com a esposa quando ocorreu a colis\u00e3o. O acidente aconteceu por volta das 7h30, nas proximidades da sa\u00edda para Paramirim. A motocicleta teria perdido o controle e batido de frente com uma ca\u00e7amba Mercedes-Benz L 1620, que seguia no sentido contr\u00e1rio. Ap\u00f3s a batida, Ant\u00f4nio e Ediv\u00e2nia morreram ainda no local devido \u00e0 gravidade dos ferimentos. O motorista da ca\u00e7amba permaneceu na \u00e1rea e prestou esclarecimentos \u00e0s autoridades. O trecho foi isolado para o trabalho das equipes de seguran\u00e7a e do Departamento de Pol\u00edcia T\u00e9cnica, respons\u00e1vel pelos procedimentos periciais. Segundo os familiares, vers\u00f5es sem fundamento passaram a circular ap\u00f3s a repercuss\u00e3o da trag\u00e9dia. Entre as informa\u00e7\u00f5es contestadas est\u00e1 a alega\u00e7\u00e3o de que Ant\u00f4nio teria tentado tirar a pr\u00f3pria vida. A fam\u00edlia afirma que essa vers\u00e3o n\u00e3o corresponde \u00e0 realidade e considera inadmiss\u00edvel que especula\u00e7\u00f5es sejam divulgadas em um momento de profunda dor. Diante da situa\u00e7\u00e3o, os parentes pediram que a popula\u00e7\u00e3o interrompa imediatamente a divulga\u00e7\u00e3o de informa\u00e7\u00f5es falsas e coment\u00e1rios sobre o casal. Ant\u00f4nio e Ediv\u00e2nia deixam um filho. A fam\u00edlia tamb\u00e9m informou que poder\u00e1 buscar medidas legais caso os boatos continuem, com o objetivo de preservar a honra e a mem\u00f3ria dos dois. Por fim, os familiares refor\u00e7aram o pedido de empatia e respeito durante o per\u00edodo de luto. Ant\u00f4nio era conhecido por amigos, familiares e clientes do posto onde trabalhava. A manifesta\u00e7\u00e3o p\u00fablica foi divulgada ap\u00f3s a circula\u00e7\u00e3o das especula\u00e7\u00f5es e busca evitar novas vers\u00f5es sobre um caso que ainda depende da apura\u00e7\u00e3o das autoridades.<\/p>\n","protected":false},"author":4,"featured_media":29141,"comment_status":"open","ping_status":"open","sticky":false,"template":"","format":"standard","meta":{"footnotes":""},"categories":[5,4,18,3],"tags":[],"class_list":["post-29106","post","type-post","status-publish","format-standard","has-post-thumbnail","hentry","category-acidente","category-cidades","category-livramento","category-policia"],"yoast_head":"<!-- This site is optimized with the Yoast SEO plugin v26.5 - https:\/\/yoast.com\/wordpress\/plugins\/seo\/ -->\n<title>Fam\u00edlia de casal morto em acidente repudia boatos sobre trag\u00e9dia em Livramento - Sudoesteacontece<\/title>\n<meta name=\"robots\" content=\"index, follow, max-snippet:-1, max-image-preview:large, max-video-preview:-1\" \/>\n<link rel=\"canonical\" href=\"https:\/\/sudoesteacontece.com.br\/?p=29106\" \/>\n<meta property=\"og:locale\" content=\"pt_BR\" \/>\n<meta property=\"og:type\" content=\"article\" \/>\n<meta property=\"og:title\" content=\"Fam\u00edlia de casal morto em acidente repudia boatos sobre trag\u00e9dia em Livramento - Sudoesteacontece\" \/>\n<meta property=\"og:description\" content=\"A fam\u00edlia de Ant\u00f4nio Marcos Nunes Alves, de 40 anos, e Ediv\u00e2nia Aguiar Nunes, de 38, repudiou os boatos sobre as circunst\u00e2ncias da morte do casal em Livramento de Nossa Senhora. Os dois morreram em um acidente na manh\u00e3 de domingo (30), na BA-152, no bairro Jurema. Familiares afirmam que informa\u00e7\u00f5es falsas aumentaram o sofrimento durante o per\u00edodo de luto e pedem respeito \u00e0 mem\u00f3ria das v\u00edtimas. Ant\u00f4nio, conhecido pelo trabalho como frentista no Posto Santa Luzia, pilotava uma Honda Fan 160 com a esposa quando ocorreu a colis\u00e3o. O acidente aconteceu por volta das 7h30, nas proximidades da sa\u00edda para Paramirim. A motocicleta teria perdido o controle e batido de frente com uma ca\u00e7amba Mercedes-Benz L 1620, que seguia no sentido contr\u00e1rio. Ap\u00f3s a batida, Ant\u00f4nio e Ediv\u00e2nia morreram ainda no local devido \u00e0 gravidade dos ferimentos. O motorista da ca\u00e7amba permaneceu na \u00e1rea e prestou esclarecimentos \u00e0s autoridades. O trecho foi isolado para o trabalho das equipes de seguran\u00e7a e do Departamento de Pol\u00edcia T\u00e9cnica, respons\u00e1vel pelos procedimentos periciais. Segundo os familiares, vers\u00f5es sem fundamento passaram a circular ap\u00f3s a repercuss\u00e3o da trag\u00e9dia. Entre as informa\u00e7\u00f5es contestadas est\u00e1 a alega\u00e7\u00e3o de que Ant\u00f4nio teria tentado tirar a pr\u00f3pria vida. A fam\u00edlia afirma que essa vers\u00e3o n\u00e3o corresponde \u00e0 realidade e considera inadmiss\u00edvel que especula\u00e7\u00f5es sejam divulgadas em um momento de profunda dor. Diante da situa\u00e7\u00e3o, os parentes pediram que a popula\u00e7\u00e3o interrompa imediatamente a divulga\u00e7\u00e3o de informa\u00e7\u00f5es falsas e coment\u00e1rios sobre o casal. Ant\u00f4nio e Ediv\u00e2nia deixam um filho. A fam\u00edlia tamb\u00e9m informou que poder\u00e1 buscar medidas legais caso os boatos continuem, com o objetivo de preservar a honra e a mem\u00f3ria dos dois. Por fim, os familiares refor\u00e7aram o pedido de empatia e respeito durante o per\u00edodo de luto. Ant\u00f4nio era conhecido por amigos, familiares e clientes do posto onde trabalhava. A manifesta\u00e7\u00e3o p\u00fablica foi divulgada ap\u00f3s a circula\u00e7\u00e3o das especula\u00e7\u00f5es e busca evitar novas vers\u00f5es sobre um caso que ainda depende da apura\u00e7\u00e3o das autoridades.\" \/>\n<meta property=\"og:url\" content=\"https:\/\/sudoesteacontece.com.br\/?p=29106\" \/>\n<meta property=\"og:site_name\" content=\"Sudoesteacontece\" \/>\n<meta property=\"article:publisher\" content=\"https:\/\/www.facebook.com\/sudoesteacontece\/?locale=pt_BR\" \/>\n<meta property=\"article:published_time\" content=\"2026-09-02T14:50:49+00:00\" \/>\n<meta property=\"article:modified_time\" content=\"2026-09-02T14:50:54+00:00\" \/>\n<meta property=\"og:image\" content=\"http:\/\/sudoesteacontece.com.br\/wp-content\/uploads\/2026\/09\/788107254_2846190389084243_6062356138477020182_n.jpeg\" \/>\n\t<meta property=\"og:image:width\" content=\"900\" \/>\n\t<meta property=\"og:image:height\" content=\"600\" \/>\n\t<meta property=\"og:image:type\" content=\"image\/jpeg\" \/>\n<meta name=\"author\" content=\"Reda\u00e7\u00e3o\" \/>\n<meta name=\"twitter:card\" content=\"summary_large_image\" \/>\n<meta name=\"twitter:label1\" content=\"Escrito por\" \/>\n\t<meta name=\"twitter:data1\" content=\"Reda\u00e7\u00e3o\" \/>\n\t<meta name=\"twitter:label2\" content=\"Est. tempo de leitura\" \/>\n\t<meta name=\"twitter:data2\" content=\"3 minutos\" \/>\n<script type=\"application\/ld+json\" class=\"yoast-schema-graph\">{\"@context\":\"https:\/\/schema.org\",\"@graph\":[{\"@type\":\"Article\",\"@id\":\"https:\/\/sudoesteacontece.com.br\/?p=29106#article\",\"isPartOf\":{\"@id\":\"https:\/\/sudoesteacontece.com.br\/?p=29106\"},\"author\":{\"name\":\"Reda\u00e7\u00e3o\",\"@id\":\"https:\/\/sudoesteacontece.com.br\/#\/schema\/person\/a4f22429c1d0923ef8f7d43343f8dc38\"},\"headline\":\"Fam\u00edlia de casal morto em acidente repudia boatos sobre trag\u00e9dia em Livramento\",\"datePublished\":\"2026-09-02T14:50:49+00:00\",\"dateModified\":\"2026-09-02T14:50:54+00:00\",\"mainEntityOfPage\":{\"@id\":\"https:\/\/sudoesteacontece.com.br\/?p=29106\"},\"wordCount\":389,\"commentCount\":0,\"publisher\":{\"@id\":\"https:\/\/sudoesteacontece.com.br\/#organization\"},\"image\":{\"@id\":\"https:\/\/sudoesteacontece.com.br\/?p=29106#primaryimage\"},\"thumbnailUrl\":\"https:\/\/sudoesteacontece.com.br\/wp-content\/uploads\/2026\/09\/788107254_2846190389084243_6062356138477020182_n.jpeg\",\"articleSection\":[\"Acidente\",\"Cidades\",\"Livramento\",\"Pol\u00edcia\"],\"inLanguage\":\"pt-BR\",\"potentialAction\":[{\"@type\":\"CommentAction\",\"name\":\"Comment\",\"target\":[\"https:\/\/sudoesteacontece.com.br\/?p=29106#respond\"]}]},{\"@type\":\"WebPage\",\"@id\":\"https:\/\/sudoesteacontece.com.br\/?p=29106\",\"url\":\"https:\/\/sudoesteacontece.com.br\/?p=29106\",\"name\":\"Fam\u00edlia de casal morto em acidente repudia boatos sobre trag\u00e9dia em Livramento - Sudoesteacontece\",\"isPartOf\":{\"@id\":\"https:\/\/sudoesteacontece.com.br\/#website\"},\"primaryImageOfPage\":{\"@id\":\"https:\/\/sudoesteacontece.com.br\/?p=29106#primaryimage\"},\"image\":{\"@id\":\"https:\/\/sudoesteacontece.com.br\/?p=29106#primaryimage\"},\"thumbnailUrl\":\"https:\/\/sudoesteacontece.com.br\/wp-content\/uploads\/2026\/09\/788107254_2846190389084243_6062356138477020182_n.jpeg\",\"datePublished\":\"2026-09-02T14:50:49+00:00\",\"dateModified\":\"2026-09-02T14:50:54+00:00\",\"breadcrumb\":{\"@id\":\"https:\/\/sudoesteacontece.com.br\/?p=29106#breadcrumb\"},\"inLanguage\":\"pt-BR\",\"potentialAction\":[{\"@type\":\"ReadAction\",\"target\":[\"https:\/\/sudoesteacontece.com.br\/?p=29106\"]}]},{\"@type\":\"ImageObject\",\"inLanguage\":\"pt-BR\",\"@id\":\"https:\/\/sudoesteacontece.com.br\/?p=29106#primaryimage\",\"url\":\"https:\/\/sudoesteacontece.com.br\/wp-content\/uploads\/2026\/09\/788107254_2846190389084243_6062356138477020182_n.jpeg\",\"contentUrl\":\"https:\/\/sudoesteacontece.com.br\/wp-content\/uploads\/2026\/09\/788107254_2846190389084243_6062356138477020182_n.jpeg\",\"width\":900,\"height\":600},{\"@type\":\"BreadcrumbList\",\"@id\":\"https:\/\/sudoesteacontece.com.br\/?p=29106#breadcrumb\",\"itemListElement\":[{\"@type\":\"ListItem\",\"position\":1,\"name\":\"In\u00edcio\",\"item\":\"https:\/\/sudoesteacontece.com.br\/\"},{\"@type\":\"ListItem\",\"position\":2,\"name\":\"Fam\u00edlia de casal morto em acidente repudia boatos sobre trag\u00e9dia em Livramento\"}]},{\"@type\":\"WebSite\",\"@id\":\"https:\/\/sudoesteacontece.com.br\/#website\",\"url\":\"https:\/\/sudoesteacontece.com.br\/\",\"name\":\"Sudoesteacontece\",\"description\":\"\",\"publisher\":{\"@id\":\"https:\/\/sudoesteacontece.com.br\/#organization\"},\"potentialAction\":[{\"@type\":\"SearchAction\",\"target\":{\"@type\":\"EntryPoint\",\"urlTemplate\":\"https:\/\/sudoesteacontece.com.br\/?s={search_term_string}\"},\"query-input\":{\"@type\":\"PropertyValueSpecification\",\"valueRequired\":true,\"valueName\":\"search_term_string\"}}],\"inLanguage\":\"pt-BR\"},{\"@type\":\"Organization\",\"@id\":\"https:\/\/sudoesteacontece.com.br\/#organization\",\"name\":\"Sudoesteacontece\",\"url\":\"https:\/\/sudoesteacontece.com.br\/\",\"logo\":{\"@type\":\"ImageObject\",\"inLanguage\":\"pt-BR\",\"@id\":\"https:\/\/sudoesteacontece.com.br\/#\/schema\/logo\/image\/\",\"url\":\"https:\/\/sudoesteacontece.com.br\/wp-content\/uploads\/2025\/12\/cropped-logo-2-180x180-1.png\",\"contentUrl\":\"https:\/\/sudoesteacontece.com.br\/wp-content\/uploads\/2025\/12\/cropped-logo-2-180x180-1.png\",\"width\":180,\"height\":180,\"caption\":\"Sudoesteacontece\"},\"image\":{\"@id\":\"https:\/\/sudoesteacontece.com.br\/#\/schema\/logo\/image\/\"},\"sameAs\":[\"https:\/\/www.facebook.com\/sudoesteacontece\/?locale=pt_BR\"]},{\"@type\":\"Person\",\"@id\":\"https:\/\/sudoesteacontece.com.br\/#\/schema\/person\/a4f22429c1d0923ef8f7d43343f8dc38\",\"name\":\"Reda\u00e7\u00e3o\",\"image\":{\"@type\":\"ImageObject\",\"inLanguage\":\"pt-BR\",\"@id\":\"https:\/\/sudoesteacontece.com.br\/#\/schema\/person\/image\/\",\"url\":\"https:\/\/secure.gravatar.com\/avatar\/c3a5b3c93f268a709c25a2df414c629a96fb3b1b4bf97a94fb3f72e54ae76903?s=96&d=mm&r=g\",\"contentUrl\":\"https:\/\/secure.gravatar.com\/avatar\/c3a5b3c93f268a709c25a2df414c629a96fb3b1b4bf97a94fb3f72e54ae76903?s=96&d=mm&r=g\",\"caption\":\"Reda\u00e7\u00e3o\"},\"url\":\"https:\/\/sudoesteacontece.com.br\/?author=4\"}]}<\/script>\n<!-- \/ Yoast SEO plugin. -->","yoast_head_json":{"title":"Fam\u00edlia de casal morto em acidente repudia boatos sobre trag\u00e9dia em Livramento - Sudoesteacontece","robots":{"index":"index","follow":"follow","max-snippet":"max-snippet:-1","max-image-preview":"max-image-preview:large","max-video-preview":"max-video-preview:-1"},"canonical":"https:\/\/sudoesteacontece.com.br\/?p=29106","og_locale":"pt_BR","og_type":"article","og_title":"Fam\u00edlia de casal morto em acidente repudia boatos sobre trag\u00e9dia em Livramento - Sudoesteacontece","og_description":"A fam\u00edlia de Ant\u00f4nio Marcos Nunes Alves, de 40 anos, e Ediv\u00e2nia Aguiar Nunes, de 38, repudiou os boatos sobre as circunst\u00e2ncias da morte do casal em Livramento de Nossa Senhora. Os dois morreram em um acidente na manh\u00e3 de domingo (30), na BA-152, no bairro Jurema. Familiares afirmam que informa\u00e7\u00f5es falsas aumentaram o sofrimento durante o per\u00edodo de luto e pedem respeito \u00e0 mem\u00f3ria das v\u00edtimas. Ant\u00f4nio, conhecido pelo trabalho como frentista no Posto Santa Luzia, pilotava uma Honda Fan 160 com a esposa quando ocorreu a colis\u00e3o. O acidente aconteceu por volta das 7h30, nas proximidades da sa\u00edda para Paramirim. A motocicleta teria perdido o controle e batido de frente com uma ca\u00e7amba Mercedes-Benz L 1620, que seguia no sentido contr\u00e1rio. Ap\u00f3s a batida, Ant\u00f4nio e Ediv\u00e2nia morreram ainda no local devido \u00e0 gravidade dos ferimentos. O motorista da ca\u00e7amba permaneceu na \u00e1rea e prestou esclarecimentos \u00e0s autoridades. O trecho foi isolado para o trabalho das equipes de seguran\u00e7a e do Departamento de Pol\u00edcia T\u00e9cnica, respons\u00e1vel pelos procedimentos periciais. Segundo os familiares, vers\u00f5es sem fundamento passaram a circular ap\u00f3s a repercuss\u00e3o da trag\u00e9dia. Entre as informa\u00e7\u00f5es contestadas est\u00e1 a alega\u00e7\u00e3o de que Ant\u00f4nio teria tentado tirar a pr\u00f3pria vida. A fam\u00edlia afirma que essa vers\u00e3o n\u00e3o corresponde \u00e0 realidade e considera inadmiss\u00edvel que especula\u00e7\u00f5es sejam divulgadas em um momento de profunda dor. Diante da situa\u00e7\u00e3o, os parentes pediram que a popula\u00e7\u00e3o interrompa imediatamente a divulga\u00e7\u00e3o de informa\u00e7\u00f5es falsas e coment\u00e1rios sobre o casal. Ant\u00f4nio e Ediv\u00e2nia deixam um filho. A fam\u00edlia tamb\u00e9m informou que poder\u00e1 buscar medidas legais caso os boatos continuem, com o objetivo de preservar a honra e a mem\u00f3ria dos dois. Por fim, os familiares refor\u00e7aram o pedido de empatia e respeito durante o per\u00edodo de luto. Ant\u00f4nio era conhecido por amigos, familiares e clientes do posto onde trabalhava. A manifesta\u00e7\u00e3o p\u00fablica foi divulgada ap\u00f3s a circula\u00e7\u00e3o das especula\u00e7\u00f5es e busca evitar novas vers\u00f5es sobre um caso que ainda depende da apura\u00e7\u00e3o das autoridades.","og_url":"https:\/\/sudoesteacontece.com.br\/?p=29106","og_site_name":"Sudoesteacontece","article_publisher":"https:\/\/www.facebook.com\/sudoesteacontece\/?locale=pt_BR","article_published_time":"2026-09-02T14:50:49+00:00","article_modified_time":"2026-09-02T14:50:54+00:00","og_image":[{"width":900,"height":600,"url":"http:\/\/sudoesteacontece.com.br\/wp-content\/uploads\/2026\/09\/788107254_2846190389084243_6062356138477020182_n.jpeg","type":"image\/jpeg"}],"author":"Reda\u00e7\u00e3o","twitter_card":"summary_large_image","twitter_misc":{"Escrito por":"Reda\u00e7\u00e3o","Est. tempo de leitura":"3 minutos"},"schema":{"@context":"https:\/\/schema.org","@graph":[{"@type":"Article","@id":"https:\/\/sudoesteacontece.com.br\/?p=29106#article","isPartOf":{"@id":"https:\/\/sudoesteacontece.com.br\/?p=29106"},"author":{"name":"Reda\u00e7\u00e3o","@id":"https:\/\/sudoesteacontece.com.br\/#\/schema\/person\/a4f22429c1d0923ef8f7d43343f8dc38"},"headline":"Fam\u00edlia de casal morto em acidente repudia boatos sobre trag\u00e9dia em Livramento","datePublished":"2026-09-02T14:50:49+00:00","dateModified":"2026-09-02T14:50:54+00:00","mainEntityOfPage":{"@id":"https:\/\/sudoesteacontece.com.br\/?p=29106"},"wordCount":389,"commentCount":0,"publisher":{"@id":"https:\/\/sudoesteacontece.com.br\/#organization"},"image":{"@id":"https:\/\/sudoesteacontece.com.br\/?p=29106#primaryimage"},"thumbnailUrl":"https:\/\/sudoesteacontece.com.br\/wp-content\/uploads\/2026\/09\/788107254_2846190389084243_6062356138477020182_n.jpeg","articleSection":["Acidente","Cidades","Livramento","Pol\u00edcia"],"inLanguage":"pt-BR","potentialAction":[{"@type":"CommentAction","name":"Comment","target":["https:\/\/sudoesteacontece.com.br\/?p=29106#respond"]}]},{"@type":"WebPage","@id":"https:\/\/sudoesteacontece.com.br\/?p=29106","url":"https:\/\/sudoesteacontece.com.br\/?p=29106","name":"Fam\u00edlia de casal morto em acidente repudia boatos sobre trag\u00e9dia em Livramento - Sudoesteacontece","isPartOf":{"@id":"https:\/\/sudoesteacontece.com.br\/#website"},"primaryImageOfPage":{"@id":"https:\/\/sudoesteacontece.com.br\/?p=29106#primaryimage"},"image":{"@id":"https:\/\/sudoesteacontece.com.br\/?p=29106#primaryimage"},"thumbnailUrl":"https:\/\/sudoesteacontece.com.br\/wp-content\/uploads\/2026\/09\/788107254_2846190389084243_6062356138477020182_n.jpeg","datePublished":"2026-09-02T14:50:49+00:00","dateModified":"2026-09-02T14:50:54+00:00","breadcrumb":{"@id":"https:\/\/sudoesteacontece.com.br\/?p=29106#breadcrumb"},"inLanguage":"pt-BR","potentialAction":[{"@type":"ReadAction","target":["https:\/\/sudoesteacontece.com.br\/?p=29106"]}]},{"@type":"ImageObject","inLanguage":"pt-BR","@id":"https:\/\/sudoesteacontece.com.br\/?p=29106#primaryimage","url":"https:\/\/sudoesteacontece.com.br\/wp-content\/uploads\/2026\/09\/788107254_2846190389084243_6062356138477020182_n.jpeg","contentUrl":"https:\/\/sudoesteacontece.com.br\/wp-content\/uploads\/2026\/09\/788107254_2846190389084243_6062356138477020182_n.jpeg","width":900,"height":600},{"@type":"BreadcrumbList","@id":"https:\/\/sudoesteacontece.com.br\/?p=29106#breadcrumb","itemListElement":[{"@type":"ListItem","position":1,"name":"In\u00edcio","item":"https:\/\/sudoesteacontece.com.br\/"},{"@type":"ListItem","position":2,"name":"Fam\u00edlia de casal morto em acidente repudia boatos sobre trag\u00e9dia em Livramento"}]},{"@type":"WebSite","@id":"https:\/\/sudoesteacontece.com.br\/#website","url":"https:\/\/sudoesteacontece.com.br\/","name":"Sudoesteacontece","description":"","publisher":{"@id":"https:\/\/sudoesteacontece.com.br\/#organization"},"potentialAction":[{"@type":"SearchAction","target":{"@type":"EntryPoint","urlTemplate":"https:\/\/sudoesteacontece.com.br\/?s={search_term_string}"},"query-input":{"@type":"PropertyValueSpecification","valueRequired":true,"valueName":"search_term_string"}}],"inLanguage":"pt-BR"},{"@type":"Organization","@id":"https:\/\/sudoesteacontece.com.br\/#organization","name":"Sudoesteacontece","url":"https:\/\/sudoesteacontece.com.br\/","logo":{"@type":"ImageObject","inLanguage":"pt-BR","@id":"https:\/\/sudoesteacontece.com.br\/#\/schema\/logo\/image\/","url":"https:\/\/sudoesteacontece.com.br\/wp-content\/uploads\/2025\/12\/cropped-logo-2-180x180-1.png","contentUrl":"https:\/\/sudoesteacontece.com.br\/wp-content\/uploads\/2025\/12\/cropped-logo-2-180x180-1.png","width":180,"height":180,"caption":"Sudoesteacontece"},"image":{"@id":"https:\/\/sudoesteacontece.com.br\/#\/schema\/logo\/image\/"},"sameAs":["https:\/\/www.facebook.com\/sudoesteacontece\/?locale=pt_BR"]},{"@type":"Person","@id":"https:\/\/sudoesteacontece.com.br\/#\/schema\/person\/a4f22429c1d0923ef8f7d43343f8dc38","name":"Reda\u00e7\u00e3o","image":{"@type":"ImageObject","inLanguage":"pt-BR","@id":"https:\/\/sudoesteacontece.com.br\/#\/schema\/person\/image\/","url":"https:\/\/secure.gravatar.com\/avatar\/c3a5b3c93f268a709c25a2df414c629a96fb3b1b4bf97a94fb3f72e54ae76903?s=96&d=mm&r=g","contentUrl":"https:\/\/secure.gravatar.com\/avatar\/c3a5b3c93f268a709c25a2df414c629a96fb3b1b4bf97a94fb3f72e54ae76903?s=96&d=mm&r=g","caption":"Reda\u00e7\u00e3o"},"url":"https:\/\/sudoesteacontece.com.br\/?author=4"}]}},"_links":{"self":[{"href":"https:\/\/sudoesteacontece.com.br\/index.php?rest_route=\/wp\/v2\/posts\/29106","targetHints":{"allow":["GET"]}}],"collection":[{"href":"https:\/\/sudoesteacontece.com.br\/index.php?rest_route=\/wp\/v2\/posts"}],"about":[{"href":"https:\/\/sudoesteacontece.com.br\/index.php?rest_route=\/wp\/v2\/types\/post"}],"author":[{"embeddable":true,"href":"https:\/\/sudoesteacontece.com.br\/index.php?rest_route=\/wp\/v2\/users\/4"}],"replies":[{"embeddable":true,"href":"https:\/\/sudoesteacontece.com.br\/index.php?rest_route=%2Fwp%2Fv2%2Fcomments&post=29106"}],"version-history":[{"count":1,"href":"https:\/\/sudoesteacontece.com.br\/index.php?rest_route=\/wp\/v2\/posts\/29106\/revisions"}],"predecessor-version":[{"id":29173,"href":"https:\/\/sudoesteacontece.com.br\/index.php?rest_route=\/wp\/v2\/posts\/29106\/revisions\/29173"}],"wp:featuredmedia":[{"embeddable":true,"href":"https:\/\/sudoesteacontece.com.br\/index.php?rest_route=\/wp\/v2\/media\/29141"}],"wp:attachment":[{"href":"https:\/\/sudoesteacontece.com.br\/index.php?rest_route=%2Fwp%2Fv2%2Fmedia&parent=29106"}],"wp:term":[{"taxonomy":"category","embeddable":true,"href":"https:\/\/sudoesteacontece.com.br\/index.php?rest_route=%2Fwp%2Fv2%2Fcategories&post=29106"},{"taxonomy":"post_tag","embeddable":true,"href":"https:\/\/sudoesteacontece.com.br\/index.php?rest_route=%2Fwp%2Fv2%2Ftags&post=29106"}],"curies":[{"name":"wp","href":"https:\/\/api.w.org\/{rel}","templated":true}]}}