{"id":29110,"date":"2026-09-02T12:03:36","date_gmt":"2026-09-02T15:03:36","guid":{"rendered":"https:\/\/sudoesteacontece.com.br\/?p=29110"},"modified":"2026-09-02T12:03:41","modified_gmt":"2026-09-02T15:03:41","slug":"advogada-de-livramento-participa-de-imersao-nacional-sobre-direito-previdenciario-em-sp","status":"publish","type":"post","link":"https:\/\/sudoesteacontece.com.br\/?p=29110","title":{"rendered":"Advogada de Livramento participa de imers\u00e3o nacional sobre Direito Previdenci\u00e1rio em SP"},"content":{"rendered":"\n<figure class=\"wp-block-image size-full\"><img fetchpriority=\"high\" decoding=\"async\" width=\"900\" height=\"600\" src=\"http:\/\/sudoesteacontece.com.br\/wp-content\/uploads\/2026\/09\/Advogada-de-Livramento-participa-de-imersao-nacional-sobre-Direito-Previdenciario-em-Sao-Paulo.jpg\" alt=\"\" class=\"wp-image-29143\" srcset=\"https:\/\/sudoesteacontece.com.br\/wp-content\/uploads\/2026\/09\/Advogada-de-Livramento-participa-de-imersao-nacional-sobre-Direito-Previdenciario-em-Sao-Paulo.jpg 900w, https:\/\/sudoesteacontece.com.br\/wp-content\/uploads\/2026\/09\/Advogada-de-Livramento-participa-de-imersao-nacional-sobre-Direito-Previdenciario-em-Sao-Paulo-300x200.jpg 300w, https:\/\/sudoesteacontece.com.br\/wp-content\/uploads\/2026\/09\/Advogada-de-Livramento-participa-de-imersao-nacional-sobre-Direito-Previdenciario-em-Sao-Paulo-768x512.jpg 768w\" sizes=\"(max-width: 900px) 100vw, 900px\" \/><\/figure>\n\n\n\n<p class=\"wp-block-paragraph\">A advogada Maria Em\u00edlia Tanajura, de Livramento de Nossa Senhora, participou em S\u00e3o Paulo de uma imers\u00e3o nacional voltada ao aperfei\u00e7oamento profissional na \u00e1rea de Direito Previdenci\u00e1rio. O encontro reuniu profissionais e especialistas para atividades relacionadas \u00e0 gest\u00e3o, lideran\u00e7a e estrat\u00e9gias de atua\u00e7\u00e3o. A programa\u00e7\u00e3o integra o programa Alian\u00e7a Prev e teve como objetivo ampliar conhecimentos aplicados ao atendimento de demandas previdenci\u00e1rias.<\/p>\n\n\n\n<p class=\"wp-block-paragraph\">Durante a agenda, Maria Em\u00edlia participou de atividades com Vitor Carvalho, profissional reconhecido nacionalmente pela atua\u00e7\u00e3o em Direito Previdenci\u00e1rio, e Joel Jota, empres\u00e1rio, escritor e mentor. Os encontros abordaram temas relacionados \u00e0 lideran\u00e7a, gest\u00e3o, neg\u00f3cios e desenvolvimento profissional. Parte da programa\u00e7\u00e3o ocorreu no Jota Lab, em Alphaville, na regi\u00e3o metropolitana de S\u00e3o Paulo.<\/p>\n\n\n\n<p class=\"wp-block-paragraph\">Al\u00e9m das atividades presenciais, a advogada participou do Jota Jota Podcast, espa\u00e7o que tamb\u00e9m recebeu discuss\u00f5es sobre lideran\u00e7a, neg\u00f3cios e desenvolvimento profissional. A programa\u00e7\u00e3o permitiu o contato com profissionais de diferentes \u00e1reas. O objetivo foi ampliar a troca de experi\u00eancias e conhecer estrat\u00e9gias que possam contribuir para o aprimoramento da atua\u00e7\u00e3o profissional.<\/p>\n\n\n\n<p class=\"wp-block-paragraph\">Segundo Maria Em\u00edlia, a experi\u00eancia dever\u00e1 contribuir para a aplica\u00e7\u00e3o de novos conhecimentos em sua atua\u00e7\u00e3o em Livramento de Nossa Senhora e munic\u00edpios da regi\u00e3o. Entre as \u00e1reas atendidas est\u00e3o demandas relacionadas \u00e0 concess\u00e3o de benef\u00edcios do Instituto Nacional do Seguro Social (INSS). O trabalho inclui casos envolvendo aposentadorias rurais e benef\u00edcios por incapacidade.<\/p>\n\n\n\n<p class=\"wp-block-paragraph\">Por fim, a participa\u00e7\u00e3o faz parte de uma agenda de qualifica\u00e7\u00e3o e atualiza\u00e7\u00e3o profissional na \u00e1rea previdenci\u00e1ria. A iniciativa busca acompanhar novas pr\u00e1ticas de gest\u00e3o e atua\u00e7\u00e3o jur\u00eddica. Com a forma\u00e7\u00e3o, Maria Em\u00edlia pretende ampliar as estrat\u00e9gias utilizadas no atendimento aos segurados e na condu\u00e7\u00e3o de demandas relacionadas aos benef\u00edcios previdenci\u00e1rios.<\/p>\n","protected":false},"excerpt":{"rendered":"<p>A advogada Maria Em\u00edlia Tanajura, de Livramento de Nossa Senhora, participou em S\u00e3o Paulo de uma imers\u00e3o nacional voltada ao aperfei\u00e7oamento profissional na \u00e1rea de Direito Previdenci\u00e1rio. O encontro reuniu profissionais e especialistas para atividades relacionadas \u00e0 gest\u00e3o, lideran\u00e7a e estrat\u00e9gias de atua\u00e7\u00e3o. A programa\u00e7\u00e3o integra o programa Alian\u00e7a Prev e teve como objetivo ampliar conhecimentos aplicados ao atendimento de demandas previdenci\u00e1rias. Durante a agenda, Maria Em\u00edlia participou de atividades com Vitor Carvalho, profissional reconhecido nacionalmente pela atua\u00e7\u00e3o em Direito Previdenci\u00e1rio, e Joel Jota, empres\u00e1rio, escritor e mentor. Os encontros abordaram temas relacionados \u00e0 lideran\u00e7a, gest\u00e3o, neg\u00f3cios e desenvolvimento profissional. Parte da programa\u00e7\u00e3o ocorreu no Jota Lab, em Alphaville, na regi\u00e3o metropolitana de S\u00e3o Paulo. Al\u00e9m das atividades presenciais, a advogada participou do Jota Jota Podcast, espa\u00e7o que tamb\u00e9m recebeu discuss\u00f5es sobre lideran\u00e7a, neg\u00f3cios e desenvolvimento profissional. A programa\u00e7\u00e3o permitiu o contato com profissionais de diferentes \u00e1reas. O objetivo foi ampliar a troca de experi\u00eancias e conhecer estrat\u00e9gias que possam contribuir para o aprimoramento da atua\u00e7\u00e3o profissional. Segundo Maria Em\u00edlia, a experi\u00eancia dever\u00e1 contribuir para a aplica\u00e7\u00e3o de novos conhecimentos em sua atua\u00e7\u00e3o em Livramento de Nossa Senhora e munic\u00edpios da regi\u00e3o. Entre as \u00e1reas atendidas est\u00e3o demandas relacionadas \u00e0 concess\u00e3o de benef\u00edcios do Instituto Nacional do Seguro Social (INSS). O trabalho inclui casos envolvendo aposentadorias rurais e benef\u00edcios por incapacidade. Por fim, a participa\u00e7\u00e3o faz parte de uma agenda de qualifica\u00e7\u00e3o e atualiza\u00e7\u00e3o profissional na \u00e1rea previdenci\u00e1ria. A iniciativa busca acompanhar novas pr\u00e1ticas de gest\u00e3o e atua\u00e7\u00e3o jur\u00eddica. Com a forma\u00e7\u00e3o, Maria Em\u00edlia pretende ampliar as estrat\u00e9gias utilizadas no atendimento aos segurados e na condu\u00e7\u00e3o de demandas relacionadas aos benef\u00edcios previdenci\u00e1rios.<\/p>\n","protected":false},"author":4,"featured_media":0,"comment_status":"open","ping_status":"open","sticky":false,"template":"","format":"standard","meta":{"footnotes":""},"categories":[4,18],"tags":[],"class_list":["post-29110","post","type-post","status-publish","format-standard","hentry","category-cidades","category-livramento"],"yoast_head":"<!-- This site is optimized with the Yoast SEO plugin v26.5 - https:\/\/yoast.com\/wordpress\/plugins\/seo\/ -->\n<title>Advogada de Livramento participa de imers\u00e3o nacional sobre Direito Previdenci\u00e1rio em SP - Sudoesteacontece<\/title>\n<meta name=\"robots\" content=\"index, follow, max-snippet:-1, max-image-preview:large, max-video-preview:-1\" \/>\n<link rel=\"canonical\" href=\"https:\/\/sudoesteacontece.com.br\/?p=29110\" \/>\n<meta property=\"og:locale\" content=\"pt_BR\" \/>\n<meta property=\"og:type\" content=\"article\" \/>\n<meta property=\"og:title\" content=\"Advogada de Livramento participa de imers\u00e3o nacional sobre Direito Previdenci\u00e1rio em SP - Sudoesteacontece\" \/>\n<meta property=\"og:description\" content=\"A advogada Maria Em\u00edlia Tanajura, de Livramento de Nossa Senhora, participou em S\u00e3o Paulo de uma imers\u00e3o nacional voltada ao aperfei\u00e7oamento profissional na \u00e1rea de Direito Previdenci\u00e1rio. O encontro reuniu profissionais e especialistas para atividades relacionadas \u00e0 gest\u00e3o, lideran\u00e7a e estrat\u00e9gias de atua\u00e7\u00e3o. A programa\u00e7\u00e3o integra o programa Alian\u00e7a Prev e teve como objetivo ampliar conhecimentos aplicados ao atendimento de demandas previdenci\u00e1rias. Durante a agenda, Maria Em\u00edlia participou de atividades com Vitor Carvalho, profissional reconhecido nacionalmente pela atua\u00e7\u00e3o em Direito Previdenci\u00e1rio, e Joel Jota, empres\u00e1rio, escritor e mentor. Os encontros abordaram temas relacionados \u00e0 lideran\u00e7a, gest\u00e3o, neg\u00f3cios e desenvolvimento profissional. Parte da programa\u00e7\u00e3o ocorreu no Jota Lab, em Alphaville, na regi\u00e3o metropolitana de S\u00e3o Paulo. Al\u00e9m das atividades presenciais, a advogada participou do Jota Jota Podcast, espa\u00e7o que tamb\u00e9m recebeu discuss\u00f5es sobre lideran\u00e7a, neg\u00f3cios e desenvolvimento profissional. A programa\u00e7\u00e3o permitiu o contato com profissionais de diferentes \u00e1reas. O objetivo foi ampliar a troca de experi\u00eancias e conhecer estrat\u00e9gias que possam contribuir para o aprimoramento da atua\u00e7\u00e3o profissional. Segundo Maria Em\u00edlia, a experi\u00eancia dever\u00e1 contribuir para a aplica\u00e7\u00e3o de novos conhecimentos em sua atua\u00e7\u00e3o em Livramento de Nossa Senhora e munic\u00edpios da regi\u00e3o. Entre as \u00e1reas atendidas est\u00e3o demandas relacionadas \u00e0 concess\u00e3o de benef\u00edcios do Instituto Nacional do Seguro Social (INSS). O trabalho inclui casos envolvendo aposentadorias rurais e benef\u00edcios por incapacidade. Por fim, a participa\u00e7\u00e3o faz parte de uma agenda de qualifica\u00e7\u00e3o e atualiza\u00e7\u00e3o profissional na \u00e1rea previdenci\u00e1ria. A iniciativa busca acompanhar novas pr\u00e1ticas de gest\u00e3o e atua\u00e7\u00e3o jur\u00eddica. Com a forma\u00e7\u00e3o, Maria Em\u00edlia pretende ampliar as estrat\u00e9gias utilizadas no atendimento aos segurados e na condu\u00e7\u00e3o de demandas relacionadas aos benef\u00edcios previdenci\u00e1rios.\" \/>\n<meta property=\"og:url\" content=\"https:\/\/sudoesteacontece.com.br\/?p=29110\" \/>\n<meta property=\"og:site_name\" content=\"Sudoesteacontece\" \/>\n<meta property=\"article:publisher\" content=\"https:\/\/www.facebook.com\/sudoesteacontece\/?locale=pt_BR\" \/>\n<meta property=\"article:published_time\" content=\"2026-09-02T15:03:36+00:00\" \/>\n<meta property=\"article:modified_time\" content=\"2026-09-02T15:03:41+00:00\" \/>\n<meta property=\"og:image\" content=\"https:\/\/sudoesteacontece.com.br\/wp-content\/uploads\/2026\/09\/Advogada-de-Livramento-participa-de-imersao-nacional-sobre-Direito-Previdenciario-em-Sao-Paulo.jpg\" \/>\n\t<meta property=\"og:image:width\" content=\"900\" \/>\n\t<meta property=\"og:image:height\" content=\"600\" \/>\n\t<meta property=\"og:image:type\" content=\"image\/jpeg\" \/>\n<meta name=\"author\" content=\"Reda\u00e7\u00e3o\" \/>\n<meta name=\"twitter:card\" content=\"summary_large_image\" \/>\n<meta name=\"twitter:label1\" content=\"Escrito por\" \/>\n\t<meta name=\"twitter:data1\" content=\"Reda\u00e7\u00e3o\" \/>\n\t<meta name=\"twitter:label2\" content=\"Est. tempo de leitura\" \/>\n\t<meta name=\"twitter:data2\" content=\"2 minutos\" \/>\n<script type=\"application\/ld+json\" class=\"yoast-schema-graph\">{\"@context\":\"https:\/\/schema.org\",\"@graph\":[{\"@type\":\"Article\",\"@id\":\"https:\/\/sudoesteacontece.com.br\/?p=29110#article\",\"isPartOf\":{\"@id\":\"https:\/\/sudoesteacontece.com.br\/?p=29110\"},\"author\":{\"name\":\"Reda\u00e7\u00e3o\",\"@id\":\"https:\/\/sudoesteacontece.com.br\/#\/schema\/person\/a4f22429c1d0923ef8f7d43343f8dc38\"},\"headline\":\"Advogada de Livramento participa de imers\u00e3o nacional sobre Direito Previdenci\u00e1rio em SP\",\"datePublished\":\"2026-09-02T15:03:36+00:00\",\"dateModified\":\"2026-09-02T15:03:41+00:00\",\"mainEntityOfPage\":{\"@id\":\"https:\/\/sudoesteacontece.com.br\/?p=29110\"},\"wordCount\":339,\"commentCount\":0,\"publisher\":{\"@id\":\"https:\/\/sudoesteacontece.com.br\/#organization\"},\"image\":{\"@id\":\"https:\/\/sudoesteacontece.com.br\/?p=29110#primaryimage\"},\"thumbnailUrl\":\"http:\/\/sudoesteacontece.com.br\/wp-content\/uploads\/2026\/09\/Advogada-de-Livramento-participa-de-imersao-nacional-sobre-Direito-Previdenciario-em-Sao-Paulo.jpg\",\"articleSection\":[\"Cidades\",\"Livramento\"],\"inLanguage\":\"pt-BR\",\"potentialAction\":[{\"@type\":\"CommentAction\",\"name\":\"Comment\",\"target\":[\"https:\/\/sudoesteacontece.com.br\/?p=29110#respond\"]}]},{\"@type\":\"WebPage\",\"@id\":\"https:\/\/sudoesteacontece.com.br\/?p=29110\",\"url\":\"https:\/\/sudoesteacontece.com.br\/?p=29110\",\"name\":\"Advogada de Livramento participa de imers\u00e3o nacional sobre Direito Previdenci\u00e1rio em SP - Sudoesteacontece\",\"isPartOf\":{\"@id\":\"https:\/\/sudoesteacontece.com.br\/#website\"},\"primaryImageOfPage\":{\"@id\":\"https:\/\/sudoesteacontece.com.br\/?p=29110#primaryimage\"},\"image\":{\"@id\":\"https:\/\/sudoesteacontece.com.br\/?p=29110#primaryimage\"},\"thumbnailUrl\":\"http:\/\/sudoesteacontece.com.br\/wp-content\/uploads\/2026\/09\/Advogada-de-Livramento-participa-de-imersao-nacional-sobre-Direito-Previdenciario-em-Sao-Paulo.jpg\",\"datePublished\":\"2026-09-02T15:03:36+00:00\",\"dateModified\":\"2026-09-02T15:03:41+00:00\",\"breadcrumb\":{\"@id\":\"https:\/\/sudoesteacontece.com.br\/?p=29110#breadcrumb\"},\"inLanguage\":\"pt-BR\",\"potentialAction\":[{\"@type\":\"ReadAction\",\"target\":[\"https:\/\/sudoesteacontece.com.br\/?p=29110\"]}]},{\"@type\":\"ImageObject\",\"inLanguage\":\"pt-BR\",\"@id\":\"https:\/\/sudoesteacontece.com.br\/?p=29110#primaryimage\",\"url\":\"https:\/\/sudoesteacontece.com.br\/wp-content\/uploads\/2026\/09\/Advogada-de-Livramento-participa-de-imersao-nacional-sobre-Direito-Previdenciario-em-Sao-Paulo.jpg\",\"contentUrl\":\"https:\/\/sudoesteacontece.com.br\/wp-content\/uploads\/2026\/09\/Advogada-de-Livramento-participa-de-imersao-nacional-sobre-Direito-Previdenciario-em-Sao-Paulo.jpg\",\"width\":900,\"height\":600},{\"@type\":\"BreadcrumbList\",\"@id\":\"https:\/\/sudoesteacontece.com.br\/?p=29110#breadcrumb\",\"itemListElement\":[{\"@type\":\"ListItem\",\"position\":1,\"name\":\"In\u00edcio\",\"item\":\"https:\/\/sudoesteacontece.com.br\/\"},{\"@type\":\"ListItem\",\"position\":2,\"name\":\"Advogada de Livramento participa de imers\u00e3o nacional sobre Direito Previdenci\u00e1rio em SP\"}]},{\"@type\":\"WebSite\",\"@id\":\"https:\/\/sudoesteacontece.com.br\/#website\",\"url\":\"https:\/\/sudoesteacontece.com.br\/\",\"name\":\"Sudoesteacontece\",\"description\":\"\",\"publisher\":{\"@id\":\"https:\/\/sudoesteacontece.com.br\/#organization\"},\"potentialAction\":[{\"@type\":\"SearchAction\",\"target\":{\"@type\":\"EntryPoint\",\"urlTemplate\":\"https:\/\/sudoesteacontece.com.br\/?s={search_term_string}\"},\"query-input\":{\"@type\":\"PropertyValueSpecification\",\"valueRequired\":true,\"valueName\":\"search_term_string\"}}],\"inLanguage\":\"pt-BR\"},{\"@type\":\"Organization\",\"@id\":\"https:\/\/sudoesteacontece.com.br\/#organization\",\"name\":\"Sudoesteacontece\",\"url\":\"https:\/\/sudoesteacontece.com.br\/\",\"logo\":{\"@type\":\"ImageObject\",\"inLanguage\":\"pt-BR\",\"@id\":\"https:\/\/sudoesteacontece.com.br\/#\/schema\/logo\/image\/\",\"url\":\"https:\/\/sudoesteacontece.com.br\/wp-content\/uploads\/2025\/12\/cropped-logo-2-180x180-1.png\",\"contentUrl\":\"https:\/\/sudoesteacontece.com.br\/wp-content\/uploads\/2025\/12\/cropped-logo-2-180x180-1.png\",\"width\":180,\"height\":180,\"caption\":\"Sudoesteacontece\"},\"image\":{\"@id\":\"https:\/\/sudoesteacontece.com.br\/#\/schema\/logo\/image\/\"},\"sameAs\":[\"https:\/\/www.facebook.com\/sudoesteacontece\/?locale=pt_BR\"]},{\"@type\":\"Person\",\"@id\":\"https:\/\/sudoesteacontece.com.br\/#\/schema\/person\/a4f22429c1d0923ef8f7d43343f8dc38\",\"name\":\"Reda\u00e7\u00e3o\",\"image\":{\"@type\":\"ImageObject\",\"inLanguage\":\"pt-BR\",\"@id\":\"https:\/\/sudoesteacontece.com.br\/#\/schema\/person\/image\/\",\"url\":\"https:\/\/secure.gravatar.com\/avatar\/c3a5b3c93f268a709c25a2df414c629a96fb3b1b4bf97a94fb3f72e54ae76903?s=96&d=mm&r=g\",\"contentUrl\":\"https:\/\/secure.gravatar.com\/avatar\/c3a5b3c93f268a709c25a2df414c629a96fb3b1b4bf97a94fb3f72e54ae76903?s=96&d=mm&r=g\",\"caption\":\"Reda\u00e7\u00e3o\"},\"url\":\"https:\/\/sudoesteacontece.com.br\/?author=4\"}]}<\/script>\n<!-- \/ Yoast SEO plugin. -->","yoast_head_json":{"title":"Advogada de Livramento participa de imers\u00e3o nacional sobre Direito Previdenci\u00e1rio em SP - Sudoesteacontece","robots":{"index":"index","follow":"follow","max-snippet":"max-snippet:-1","max-image-preview":"max-image-preview:large","max-video-preview":"max-video-preview:-1"},"canonical":"https:\/\/sudoesteacontece.com.br\/?p=29110","og_locale":"pt_BR","og_type":"article","og_title":"Advogada de Livramento participa de imers\u00e3o nacional sobre Direito Previdenci\u00e1rio em SP - Sudoesteacontece","og_description":"A advogada Maria Em\u00edlia Tanajura, de Livramento de Nossa Senhora, participou em S\u00e3o Paulo de uma imers\u00e3o nacional voltada ao aperfei\u00e7oamento profissional na \u00e1rea de Direito Previdenci\u00e1rio. O encontro reuniu profissionais e especialistas para atividades relacionadas \u00e0 gest\u00e3o, lideran\u00e7a e estrat\u00e9gias de atua\u00e7\u00e3o. A programa\u00e7\u00e3o integra o programa Alian\u00e7a Prev e teve como objetivo ampliar conhecimentos aplicados ao atendimento de demandas previdenci\u00e1rias. Durante a agenda, Maria Em\u00edlia participou de atividades com Vitor Carvalho, profissional reconhecido nacionalmente pela atua\u00e7\u00e3o em Direito Previdenci\u00e1rio, e Joel Jota, empres\u00e1rio, escritor e mentor. Os encontros abordaram temas relacionados \u00e0 lideran\u00e7a, gest\u00e3o, neg\u00f3cios e desenvolvimento profissional. Parte da programa\u00e7\u00e3o ocorreu no Jota Lab, em Alphaville, na regi\u00e3o metropolitana de S\u00e3o Paulo. Al\u00e9m das atividades presenciais, a advogada participou do Jota Jota Podcast, espa\u00e7o que tamb\u00e9m recebeu discuss\u00f5es sobre lideran\u00e7a, neg\u00f3cios e desenvolvimento profissional. A programa\u00e7\u00e3o permitiu o contato com profissionais de diferentes \u00e1reas. O objetivo foi ampliar a troca de experi\u00eancias e conhecer estrat\u00e9gias que possam contribuir para o aprimoramento da atua\u00e7\u00e3o profissional. Segundo Maria Em\u00edlia, a experi\u00eancia dever\u00e1 contribuir para a aplica\u00e7\u00e3o de novos conhecimentos em sua atua\u00e7\u00e3o em Livramento de Nossa Senhora e munic\u00edpios da regi\u00e3o. Entre as \u00e1reas atendidas est\u00e3o demandas relacionadas \u00e0 concess\u00e3o de benef\u00edcios do Instituto Nacional do Seguro Social (INSS). O trabalho inclui casos envolvendo aposentadorias rurais e benef\u00edcios por incapacidade. Por fim, a participa\u00e7\u00e3o faz parte de uma agenda de qualifica\u00e7\u00e3o e atualiza\u00e7\u00e3o profissional na \u00e1rea previdenci\u00e1ria. A iniciativa busca acompanhar novas pr\u00e1ticas de gest\u00e3o e atua\u00e7\u00e3o jur\u00eddica. Com a forma\u00e7\u00e3o, Maria Em\u00edlia pretende ampliar as estrat\u00e9gias utilizadas no atendimento aos segurados e na condu\u00e7\u00e3o de demandas relacionadas aos benef\u00edcios previdenci\u00e1rios.","og_url":"https:\/\/sudoesteacontece.com.br\/?p=29110","og_site_name":"Sudoesteacontece","article_publisher":"https:\/\/www.facebook.com\/sudoesteacontece\/?locale=pt_BR","article_published_time":"2026-09-02T15:03:36+00:00","article_modified_time":"2026-09-02T15:03:41+00:00","og_image":[{"width":900,"height":600,"url":"https:\/\/sudoesteacontece.com.br\/wp-content\/uploads\/2026\/09\/Advogada-de-Livramento-participa-de-imersao-nacional-sobre-Direito-Previdenciario-em-Sao-Paulo.jpg","type":"image\/jpeg"}],"author":"Reda\u00e7\u00e3o","twitter_card":"summary_large_image","twitter_misc":{"Escrito por":"Reda\u00e7\u00e3o","Est. tempo de leitura":"2 minutos"},"schema":{"@context":"https:\/\/schema.org","@graph":[{"@type":"Article","@id":"https:\/\/sudoesteacontece.com.br\/?p=29110#article","isPartOf":{"@id":"https:\/\/sudoesteacontece.com.br\/?p=29110"},"author":{"name":"Reda\u00e7\u00e3o","@id":"https:\/\/sudoesteacontece.com.br\/#\/schema\/person\/a4f22429c1d0923ef8f7d43343f8dc38"},"headline":"Advogada de Livramento participa de imers\u00e3o nacional sobre Direito Previdenci\u00e1rio em SP","datePublished":"2026-09-02T15:03:36+00:00","dateModified":"2026-09-02T15:03:41+00:00","mainEntityOfPage":{"@id":"https:\/\/sudoesteacontece.com.br\/?p=29110"},"wordCount":339,"commentCount":0,"publisher":{"@id":"https:\/\/sudoesteacontece.com.br\/#organization"},"image":{"@id":"https:\/\/sudoesteacontece.com.br\/?p=29110#primaryimage"},"thumbnailUrl":"http:\/\/sudoesteacontece.com.br\/wp-content\/uploads\/2026\/09\/Advogada-de-Livramento-participa-de-imersao-nacional-sobre-Direito-Previdenciario-em-Sao-Paulo.jpg","articleSection":["Cidades","Livramento"],"inLanguage":"pt-BR","potentialAction":[{"@type":"CommentAction","name":"Comment","target":["https:\/\/sudoesteacontece.com.br\/?p=29110#respond"]}]},{"@type":"WebPage","@id":"https:\/\/sudoesteacontece.com.br\/?p=29110","url":"https:\/\/sudoesteacontece.com.br\/?p=29110","name":"Advogada de Livramento participa de imers\u00e3o nacional sobre Direito Previdenci\u00e1rio em SP - Sudoesteacontece","isPartOf":{"@id":"https:\/\/sudoesteacontece.com.br\/#website"},"primaryImageOfPage":{"@id":"https:\/\/sudoesteacontece.com.br\/?p=29110#primaryimage"},"image":{"@id":"https:\/\/sudoesteacontece.com.br\/?p=29110#primaryimage"},"thumbnailUrl":"http:\/\/sudoesteacontece.com.br\/wp-content\/uploads\/2026\/09\/Advogada-de-Livramento-participa-de-imersao-nacional-sobre-Direito-Previdenciario-em-Sao-Paulo.jpg","datePublished":"2026-09-02T15:03:36+00:00","dateModified":"2026-09-02T15:03:41+00:00","breadcrumb":{"@id":"https:\/\/sudoesteacontece.com.br\/?p=29110#breadcrumb"},"inLanguage":"pt-BR","potentialAction":[{"@type":"ReadAction","target":["https:\/\/sudoesteacontece.com.br\/?p=29110"]}]},{"@type":"ImageObject","inLanguage":"pt-BR","@id":"https:\/\/sudoesteacontece.com.br\/?p=29110#primaryimage","url":"https:\/\/sudoesteacontece.com.br\/wp-content\/uploads\/2026\/09\/Advogada-de-Livramento-participa-de-imersao-nacional-sobre-Direito-Previdenciario-em-Sao-Paulo.jpg","contentUrl":"https:\/\/sudoesteacontece.com.br\/wp-content\/uploads\/2026\/09\/Advogada-de-Livramento-participa-de-imersao-nacional-sobre-Direito-Previdenciario-em-Sao-Paulo.jpg","width":900,"height":600},{"@type":"BreadcrumbList","@id":"https:\/\/sudoesteacontece.com.br\/?p=29110#breadcrumb","itemListElement":[{"@type":"ListItem","position":1,"name":"In\u00edcio","item":"https:\/\/sudoesteacontece.com.br\/"},{"@type":"ListItem","position":2,"name":"Advogada de Livramento participa de imers\u00e3o nacional sobre Direito Previdenci\u00e1rio em SP"}]},{"@type":"WebSite","@id":"https:\/\/sudoesteacontece.com.br\/#website","url":"https:\/\/sudoesteacontece.com.br\/","name":"Sudoesteacontece","description":"","publisher":{"@id":"https:\/\/sudoesteacontece.com.br\/#organization"},"potentialAction":[{"@type":"SearchAction","target":{"@type":"EntryPoint","urlTemplate":"https:\/\/sudoesteacontece.com.br\/?s={search_term_string}"},"query-input":{"@type":"PropertyValueSpecification","valueRequired":true,"valueName":"search_term_string"}}],"inLanguage":"pt-BR"},{"@type":"Organization","@id":"https:\/\/sudoesteacontece.com.br\/#organization","name":"Sudoesteacontece","url":"https:\/\/sudoesteacontece.com.br\/","logo":{"@type":"ImageObject","inLanguage":"pt-BR","@id":"https:\/\/sudoesteacontece.com.br\/#\/schema\/logo\/image\/","url":"https:\/\/sudoesteacontece.com.br\/wp-content\/uploads\/2025\/12\/cropped-logo-2-180x180-1.png","contentUrl":"https:\/\/sudoesteacontece.com.br\/wp-content\/uploads\/2025\/12\/cropped-logo-2-180x180-1.png","width":180,"height":180,"caption":"Sudoesteacontece"},"image":{"@id":"https:\/\/sudoesteacontece.com.br\/#\/schema\/logo\/image\/"},"sameAs":["https:\/\/www.facebook.com\/sudoesteacontece\/?locale=pt_BR"]},{"@type":"Person","@id":"https:\/\/sudoesteacontece.com.br\/#\/schema\/person\/a4f22429c1d0923ef8f7d43343f8dc38","name":"Reda\u00e7\u00e3o","image":{"@type":"ImageObject","inLanguage":"pt-BR","@id":"https:\/\/sudoesteacontece.com.br\/#\/schema\/person\/image\/","url":"https:\/\/secure.gravatar.com\/avatar\/c3a5b3c93f268a709c25a2df414c629a96fb3b1b4bf97a94fb3f72e54ae76903?s=96&d=mm&r=g","contentUrl":"https:\/\/secure.gravatar.com\/avatar\/c3a5b3c93f268a709c25a2df414c629a96fb3b1b4bf97a94fb3f72e54ae76903?s=96&d=mm&r=g","caption":"Reda\u00e7\u00e3o"},"url":"https:\/\/sudoesteacontece.com.br\/?author=4"}]}},"_links":{"self":[{"href":"https:\/\/sudoesteacontece.com.br\/index.php?rest_route=\/wp\/v2\/posts\/29110","targetHints":{"allow":["GET"]}}],"collection":[{"href":"https:\/\/sudoesteacontece.com.br\/index.php?rest_route=\/wp\/v2\/posts"}],"about":[{"href":"https:\/\/sudoesteacontece.com.br\/index.php?rest_route=\/wp\/v2\/types\/post"}],"author":[{"embeddable":true,"href":"https:\/\/sudoesteacontece.com.br\/index.php?rest_route=\/wp\/v2\/users\/4"}],"replies":[{"embeddable":true,"href":"https:\/\/sudoesteacontece.com.br\/index.php?rest_route=%2Fwp%2Fv2%2Fcomments&post=29110"}],"version-history":[{"count":1,"href":"https:\/\/sudoesteacontece.com.br\/index.php?rest_route=\/wp\/v2\/posts\/29110\/revisions"}],"predecessor-version":[{"id":29188,"href":"https:\/\/sudoesteacontece.com.br\/index.php?rest_route=\/wp\/v2\/posts\/29110\/revisions\/29188"}],"wp:attachment":[{"href":"https:\/\/sudoesteacontece.com.br\/index.php?rest_route=%2Fwp%2Fv2%2Fmedia&parent=29110"}],"wp:term":[{"taxonomy":"category","embeddable":true,"href":"https:\/\/sudoesteacontece.com.br\/index.php?rest_route=%2Fwp%2Fv2%2Fcategories&post=29110"},{"taxonomy":"post_tag","embeddable":true,"href":"https:\/\/sudoesteacontece.com.br\/index.php?rest_route=%2Fwp%2Fv2%2Ftags&post=29110"}],"curies":[{"name":"wp","href":"https:\/\/api.w.org\/{rel}","templated":true}]}}