{"id":29111,"date":"2026-09-02T12:07:35","date_gmt":"2026-09-02T15:07:35","guid":{"rendered":"https:\/\/sudoesteacontece.com.br\/?p=29111"},"modified":"2026-09-02T12:07:41","modified_gmt":"2026-09-02T15:07:41","slug":"morre-aos-86-anos-dona-lilia-do-armarinho-santa-rita-em-vitoria-da-conquista","status":"publish","type":"post","link":"https:\/\/sudoesteacontece.com.br\/?p=29111","title":{"rendered":"Morre aos 86 anos Dona L\u00edlia do Armarinho Santa Rita em Vit\u00f3ria da Conquista"},"content":{"rendered":"\n<figure class=\"wp-block-image size-full\"><img fetchpriority=\"high\" decoding=\"async\" width=\"900\" height=\"600\" src=\"http:\/\/sudoesteacontece.com.br\/wp-content\/uploads\/2026\/09\/Morre-aos-86-anos-Dona-Lilia-do-Armarinho-Santa-Rita-em-Vitoria-da-Conquista.jpg\" alt=\"\" class=\"wp-image-29159\" srcset=\"https:\/\/sudoesteacontece.com.br\/wp-content\/uploads\/2026\/09\/Morre-aos-86-anos-Dona-Lilia-do-Armarinho-Santa-Rita-em-Vitoria-da-Conquista.jpg 900w, https:\/\/sudoesteacontece.com.br\/wp-content\/uploads\/2026\/09\/Morre-aos-86-anos-Dona-Lilia-do-Armarinho-Santa-Rita-em-Vitoria-da-Conquista-300x200.jpg 300w, https:\/\/sudoesteacontece.com.br\/wp-content\/uploads\/2026\/09\/Morre-aos-86-anos-Dona-Lilia-do-Armarinho-Santa-Rita-em-Vitoria-da-Conquista-768x512.jpg 768w\" sizes=\"(max-width: 900px) 100vw, 900px\" \/><\/figure>\n\n\n\n<p class=\"wp-block-paragraph\">Maria Barbosa Faria, conhecida como Dona L\u00edlia do Armarinho Santa Rita, morreu aos 86 anos nesta ter\u00e7a-feira (1\u00ba), em Vit\u00f3ria da Conquista. Natural de Barra da Estiva, ela viveu na cidade por quase 70 anos e comandou por mais de quatro d\u00e9cadas um tradicional estabelecimento comercial. A trajet\u00f3ria foi marcada pela rela\u00e7\u00e3o com clientes, amigos e moradores, que acompanharam sua atua\u00e7\u00e3o no com\u00e9rcio local ao longo dos anos.<\/p>\n\n\n\n<p class=\"wp-block-paragraph\">Conhecida pelo trabalho \u00e0 frente do Armarinho Santa Rita, Dona L\u00edlia construiu uma hist\u00f3ria ligada ao com\u00e9rcio de Vit\u00f3ria da Conquista. Durante d\u00e9cadas, manteve contato com diferentes gera\u00e7\u00f5es de clientes e pessoas da comunidade. A comerciante deixa sete filhos, sendo seis mulheres e um homem, al\u00e9m de 15 netos, 17 bisnetos e um tataraneto.<\/p>\n\n\n\n<p class=\"wp-block-paragraph\">Familiares, amigos e pessoas que acompanharam a trajet\u00f3ria da comerciante participam das cerim\u00f4nias de despedida. O vel\u00f3rio acontece na Igreja Batista Nacional Candeias, localizada na Avenida Pericles Gusm\u00e3o, n\u00ba 1017, pr\u00f3ximo ao Supermercado Santo Ant\u00f4nio, em Vit\u00f3ria da Conquista.<\/p>\n\n\n\n<p class=\"wp-block-paragraph\">Nesta quarta-feira (2), est\u00e1 previsto o sepultamento de Maria Barbosa Faria no Cemit\u00e9rio da Saudade. O hor\u00e1rio ainda ser\u00e1 informado pela fam\u00edlia. A despedida re\u00fane parentes e pessoas pr\u00f3ximas que mantiveram v\u00ednculos com Dona L\u00edlia durante sua longa trajet\u00f3ria pessoal e profissional na cidade.<\/p>\n","protected":false},"excerpt":{"rendered":"<p>Maria Barbosa Faria, conhecida como Dona L\u00edlia do Armarinho Santa Rita, morreu aos 86 anos nesta ter\u00e7a-feira (1\u00ba), em Vit\u00f3ria da Conquista. Natural de Barra da Estiva, ela viveu na cidade por quase 70 anos e comandou por mais de quatro d\u00e9cadas um tradicional estabelecimento comercial. A trajet\u00f3ria foi marcada pela rela\u00e7\u00e3o com clientes, amigos e moradores, que acompanharam sua atua\u00e7\u00e3o no com\u00e9rcio local ao longo dos anos. Conhecida pelo trabalho \u00e0 frente do Armarinho Santa Rita, Dona L\u00edlia construiu uma hist\u00f3ria ligada ao com\u00e9rcio de Vit\u00f3ria da Conquista. Durante d\u00e9cadas, manteve contato com diferentes gera\u00e7\u00f5es de clientes e pessoas da comunidade. A comerciante deixa sete filhos, sendo seis mulheres e um homem, al\u00e9m de 15 netos, 17 bisnetos e um tataraneto. Familiares, amigos e pessoas que acompanharam a trajet\u00f3ria da comerciante participam das cerim\u00f4nias de despedida. O vel\u00f3rio acontece na Igreja Batista Nacional Candeias, localizada na Avenida Pericles Gusm\u00e3o, n\u00ba 1017, pr\u00f3ximo ao Supermercado Santo Ant\u00f4nio, em Vit\u00f3ria da Conquista. Nesta quarta-feira (2), est\u00e1 previsto o sepultamento de Maria Barbosa Faria no Cemit\u00e9rio da Saudade. O hor\u00e1rio ainda ser\u00e1 informado pela fam\u00edlia. A despedida re\u00fane parentes e pessoas pr\u00f3ximas que mantiveram v\u00ednculos com Dona L\u00edlia durante sua longa trajet\u00f3ria pessoal e profissional na cidade.<\/p>\n","protected":false},"author":4,"featured_media":0,"comment_status":"open","ping_status":"open","sticky":false,"template":"","format":"standard","meta":{"footnotes":""},"categories":[4],"tags":[],"class_list":["post-29111","post","type-post","status-publish","format-standard","hentry","category-cidades"],"yoast_head":"<!-- This site is optimized with the Yoast SEO plugin v26.5 - https:\/\/yoast.com\/wordpress\/plugins\/seo\/ -->\n<title>Morre aos 86 anos Dona L\u00edlia do Armarinho Santa Rita em Vit\u00f3ria da Conquista - Sudoesteacontece<\/title>\n<meta name=\"robots\" content=\"index, follow, max-snippet:-1, max-image-preview:large, max-video-preview:-1\" \/>\n<link rel=\"canonical\" href=\"https:\/\/sudoesteacontece.com.br\/?p=29111\" \/>\n<meta property=\"og:locale\" content=\"pt_BR\" \/>\n<meta property=\"og:type\" content=\"article\" \/>\n<meta property=\"og:title\" content=\"Morre aos 86 anos Dona L\u00edlia do Armarinho Santa Rita em Vit\u00f3ria da Conquista - Sudoesteacontece\" \/>\n<meta property=\"og:description\" content=\"Maria Barbosa Faria, conhecida como Dona L\u00edlia do Armarinho Santa Rita, morreu aos 86 anos nesta ter\u00e7a-feira (1\u00ba), em Vit\u00f3ria da Conquista. Natural de Barra da Estiva, ela viveu na cidade por quase 70 anos e comandou por mais de quatro d\u00e9cadas um tradicional estabelecimento comercial. A trajet\u00f3ria foi marcada pela rela\u00e7\u00e3o com clientes, amigos e moradores, que acompanharam sua atua\u00e7\u00e3o no com\u00e9rcio local ao longo dos anos. Conhecida pelo trabalho \u00e0 frente do Armarinho Santa Rita, Dona L\u00edlia construiu uma hist\u00f3ria ligada ao com\u00e9rcio de Vit\u00f3ria da Conquista. Durante d\u00e9cadas, manteve contato com diferentes gera\u00e7\u00f5es de clientes e pessoas da comunidade. A comerciante deixa sete filhos, sendo seis mulheres e um homem, al\u00e9m de 15 netos, 17 bisnetos e um tataraneto. Familiares, amigos e pessoas que acompanharam a trajet\u00f3ria da comerciante participam das cerim\u00f4nias de despedida. O vel\u00f3rio acontece na Igreja Batista Nacional Candeias, localizada na Avenida Pericles Gusm\u00e3o, n\u00ba 1017, pr\u00f3ximo ao Supermercado Santo Ant\u00f4nio, em Vit\u00f3ria da Conquista. Nesta quarta-feira (2), est\u00e1 previsto o sepultamento de Maria Barbosa Faria no Cemit\u00e9rio da Saudade. O hor\u00e1rio ainda ser\u00e1 informado pela fam\u00edlia. A despedida re\u00fane parentes e pessoas pr\u00f3ximas que mantiveram v\u00ednculos com Dona L\u00edlia durante sua longa trajet\u00f3ria pessoal e profissional na cidade.\" \/>\n<meta property=\"og:url\" content=\"https:\/\/sudoesteacontece.com.br\/?p=29111\" \/>\n<meta property=\"og:site_name\" content=\"Sudoesteacontece\" \/>\n<meta property=\"article:publisher\" content=\"https:\/\/www.facebook.com\/sudoesteacontece\/?locale=pt_BR\" \/>\n<meta property=\"article:published_time\" content=\"2026-09-02T15:07:35+00:00\" \/>\n<meta property=\"article:modified_time\" content=\"2026-09-02T15:07:41+00:00\" \/>\n<meta property=\"og:image\" content=\"https:\/\/sudoesteacontece.com.br\/wp-content\/uploads\/2026\/09\/Morre-aos-86-anos-Dona-Lilia-do-Armarinho-Santa-Rita-em-Vitoria-da-Conquista.jpg\" \/>\n\t<meta property=\"og:image:width\" content=\"900\" \/>\n\t<meta property=\"og:image:height\" content=\"600\" \/>\n\t<meta property=\"og:image:type\" content=\"image\/jpeg\" \/>\n<meta name=\"author\" content=\"Reda\u00e7\u00e3o\" \/>\n<meta name=\"twitter:card\" content=\"summary_large_image\" \/>\n<meta name=\"twitter:label1\" content=\"Escrito por\" \/>\n\t<meta name=\"twitter:data1\" content=\"Reda\u00e7\u00e3o\" \/>\n\t<meta name=\"twitter:label2\" content=\"Est. tempo de leitura\" \/>\n\t<meta name=\"twitter:data2\" content=\"2 minutos\" \/>\n<script type=\"application\/ld+json\" class=\"yoast-schema-graph\">{\"@context\":\"https:\/\/schema.org\",\"@graph\":[{\"@type\":\"Article\",\"@id\":\"https:\/\/sudoesteacontece.com.br\/?p=29111#article\",\"isPartOf\":{\"@id\":\"https:\/\/sudoesteacontece.com.br\/?p=29111\"},\"author\":{\"name\":\"Reda\u00e7\u00e3o\",\"@id\":\"https:\/\/sudoesteacontece.com.br\/#\/schema\/person\/a4f22429c1d0923ef8f7d43343f8dc38\"},\"headline\":\"Morre aos 86 anos Dona L\u00edlia do Armarinho Santa Rita em Vit\u00f3ria da Conquista\",\"datePublished\":\"2026-09-02T15:07:35+00:00\",\"dateModified\":\"2026-09-02T15:07:41+00:00\",\"mainEntityOfPage\":{\"@id\":\"https:\/\/sudoesteacontece.com.br\/?p=29111\"},\"wordCount\":242,\"commentCount\":0,\"publisher\":{\"@id\":\"https:\/\/sudoesteacontece.com.br\/#organization\"},\"image\":{\"@id\":\"https:\/\/sudoesteacontece.com.br\/?p=29111#primaryimage\"},\"thumbnailUrl\":\"http:\/\/sudoesteacontece.com.br\/wp-content\/uploads\/2026\/09\/Morre-aos-86-anos-Dona-Lilia-do-Armarinho-Santa-Rita-em-Vitoria-da-Conquista.jpg\",\"articleSection\":[\"Cidades\"],\"inLanguage\":\"pt-BR\",\"potentialAction\":[{\"@type\":\"CommentAction\",\"name\":\"Comment\",\"target\":[\"https:\/\/sudoesteacontece.com.br\/?p=29111#respond\"]}]},{\"@type\":\"WebPage\",\"@id\":\"https:\/\/sudoesteacontece.com.br\/?p=29111\",\"url\":\"https:\/\/sudoesteacontece.com.br\/?p=29111\",\"name\":\"Morre aos 86 anos Dona L\u00edlia do Armarinho Santa Rita em Vit\u00f3ria da Conquista - Sudoesteacontece\",\"isPartOf\":{\"@id\":\"https:\/\/sudoesteacontece.com.br\/#website\"},\"primaryImageOfPage\":{\"@id\":\"https:\/\/sudoesteacontece.com.br\/?p=29111#primaryimage\"},\"image\":{\"@id\":\"https:\/\/sudoesteacontece.com.br\/?p=29111#primaryimage\"},\"thumbnailUrl\":\"http:\/\/sudoesteacontece.com.br\/wp-content\/uploads\/2026\/09\/Morre-aos-86-anos-Dona-Lilia-do-Armarinho-Santa-Rita-em-Vitoria-da-Conquista.jpg\",\"datePublished\":\"2026-09-02T15:07:35+00:00\",\"dateModified\":\"2026-09-02T15:07:41+00:00\",\"breadcrumb\":{\"@id\":\"https:\/\/sudoesteacontece.com.br\/?p=29111#breadcrumb\"},\"inLanguage\":\"pt-BR\",\"potentialAction\":[{\"@type\":\"ReadAction\",\"target\":[\"https:\/\/sudoesteacontece.com.br\/?p=29111\"]}]},{\"@type\":\"ImageObject\",\"inLanguage\":\"pt-BR\",\"@id\":\"https:\/\/sudoesteacontece.com.br\/?p=29111#primaryimage\",\"url\":\"https:\/\/sudoesteacontece.com.br\/wp-content\/uploads\/2026\/09\/Morre-aos-86-anos-Dona-Lilia-do-Armarinho-Santa-Rita-em-Vitoria-da-Conquista.jpg\",\"contentUrl\":\"https:\/\/sudoesteacontece.com.br\/wp-content\/uploads\/2026\/09\/Morre-aos-86-anos-Dona-Lilia-do-Armarinho-Santa-Rita-em-Vitoria-da-Conquista.jpg\",\"width\":900,\"height\":600},{\"@type\":\"BreadcrumbList\",\"@id\":\"https:\/\/sudoesteacontece.com.br\/?p=29111#breadcrumb\",\"itemListElement\":[{\"@type\":\"ListItem\",\"position\":1,\"name\":\"In\u00edcio\",\"item\":\"https:\/\/sudoesteacontece.com.br\/\"},{\"@type\":\"ListItem\",\"position\":2,\"name\":\"Morre aos 86 anos Dona L\u00edlia do Armarinho Santa Rita em Vit\u00f3ria da Conquista\"}]},{\"@type\":\"WebSite\",\"@id\":\"https:\/\/sudoesteacontece.com.br\/#website\",\"url\":\"https:\/\/sudoesteacontece.com.br\/\",\"name\":\"Sudoesteacontece\",\"description\":\"\",\"publisher\":{\"@id\":\"https:\/\/sudoesteacontece.com.br\/#organization\"},\"potentialAction\":[{\"@type\":\"SearchAction\",\"target\":{\"@type\":\"EntryPoint\",\"urlTemplate\":\"https:\/\/sudoesteacontece.com.br\/?s={search_term_string}\"},\"query-input\":{\"@type\":\"PropertyValueSpecification\",\"valueRequired\":true,\"valueName\":\"search_term_string\"}}],\"inLanguage\":\"pt-BR\"},{\"@type\":\"Organization\",\"@id\":\"https:\/\/sudoesteacontece.com.br\/#organization\",\"name\":\"Sudoesteacontece\",\"url\":\"https:\/\/sudoesteacontece.com.br\/\",\"logo\":{\"@type\":\"ImageObject\",\"inLanguage\":\"pt-BR\",\"@id\":\"https:\/\/sudoesteacontece.com.br\/#\/schema\/logo\/image\/\",\"url\":\"https:\/\/sudoesteacontece.com.br\/wp-content\/uploads\/2025\/12\/cropped-logo-2-180x180-1.png\",\"contentUrl\":\"https:\/\/sudoesteacontece.com.br\/wp-content\/uploads\/2025\/12\/cropped-logo-2-180x180-1.png\",\"width\":180,\"height\":180,\"caption\":\"Sudoesteacontece\"},\"image\":{\"@id\":\"https:\/\/sudoesteacontece.com.br\/#\/schema\/logo\/image\/\"},\"sameAs\":[\"https:\/\/www.facebook.com\/sudoesteacontece\/?locale=pt_BR\"]},{\"@type\":\"Person\",\"@id\":\"https:\/\/sudoesteacontece.com.br\/#\/schema\/person\/a4f22429c1d0923ef8f7d43343f8dc38\",\"name\":\"Reda\u00e7\u00e3o\",\"image\":{\"@type\":\"ImageObject\",\"inLanguage\":\"pt-BR\",\"@id\":\"https:\/\/sudoesteacontece.com.br\/#\/schema\/person\/image\/\",\"url\":\"https:\/\/secure.gravatar.com\/avatar\/c3a5b3c93f268a709c25a2df414c629a96fb3b1b4bf97a94fb3f72e54ae76903?s=96&d=mm&r=g\",\"contentUrl\":\"https:\/\/secure.gravatar.com\/avatar\/c3a5b3c93f268a709c25a2df414c629a96fb3b1b4bf97a94fb3f72e54ae76903?s=96&d=mm&r=g\",\"caption\":\"Reda\u00e7\u00e3o\"},\"url\":\"https:\/\/sudoesteacontece.com.br\/?author=4\"}]}<\/script>\n<!-- \/ Yoast SEO plugin. -->","yoast_head_json":{"title":"Morre aos 86 anos Dona L\u00edlia do Armarinho Santa Rita em Vit\u00f3ria da Conquista - Sudoesteacontece","robots":{"index":"index","follow":"follow","max-snippet":"max-snippet:-1","max-image-preview":"max-image-preview:large","max-video-preview":"max-video-preview:-1"},"canonical":"https:\/\/sudoesteacontece.com.br\/?p=29111","og_locale":"pt_BR","og_type":"article","og_title":"Morre aos 86 anos Dona L\u00edlia do Armarinho Santa Rita em Vit\u00f3ria da Conquista - Sudoesteacontece","og_description":"Maria Barbosa Faria, conhecida como Dona L\u00edlia do Armarinho Santa Rita, morreu aos 86 anos nesta ter\u00e7a-feira (1\u00ba), em Vit\u00f3ria da Conquista. Natural de Barra da Estiva, ela viveu na cidade por quase 70 anos e comandou por mais de quatro d\u00e9cadas um tradicional estabelecimento comercial. A trajet\u00f3ria foi marcada pela rela\u00e7\u00e3o com clientes, amigos e moradores, que acompanharam sua atua\u00e7\u00e3o no com\u00e9rcio local ao longo dos anos. Conhecida pelo trabalho \u00e0 frente do Armarinho Santa Rita, Dona L\u00edlia construiu uma hist\u00f3ria ligada ao com\u00e9rcio de Vit\u00f3ria da Conquista. Durante d\u00e9cadas, manteve contato com diferentes gera\u00e7\u00f5es de clientes e pessoas da comunidade. A comerciante deixa sete filhos, sendo seis mulheres e um homem, al\u00e9m de 15 netos, 17 bisnetos e um tataraneto. Familiares, amigos e pessoas que acompanharam a trajet\u00f3ria da comerciante participam das cerim\u00f4nias de despedida. O vel\u00f3rio acontece na Igreja Batista Nacional Candeias, localizada na Avenida Pericles Gusm\u00e3o, n\u00ba 1017, pr\u00f3ximo ao Supermercado Santo Ant\u00f4nio, em Vit\u00f3ria da Conquista. Nesta quarta-feira (2), est\u00e1 previsto o sepultamento de Maria Barbosa Faria no Cemit\u00e9rio da Saudade. O hor\u00e1rio ainda ser\u00e1 informado pela fam\u00edlia. A despedida re\u00fane parentes e pessoas pr\u00f3ximas que mantiveram v\u00ednculos com Dona L\u00edlia durante sua longa trajet\u00f3ria pessoal e profissional na cidade.","og_url":"https:\/\/sudoesteacontece.com.br\/?p=29111","og_site_name":"Sudoesteacontece","article_publisher":"https:\/\/www.facebook.com\/sudoesteacontece\/?locale=pt_BR","article_published_time":"2026-09-02T15:07:35+00:00","article_modified_time":"2026-09-02T15:07:41+00:00","og_image":[{"width":900,"height":600,"url":"https:\/\/sudoesteacontece.com.br\/wp-content\/uploads\/2026\/09\/Morre-aos-86-anos-Dona-Lilia-do-Armarinho-Santa-Rita-em-Vitoria-da-Conquista.jpg","type":"image\/jpeg"}],"author":"Reda\u00e7\u00e3o","twitter_card":"summary_large_image","twitter_misc":{"Escrito por":"Reda\u00e7\u00e3o","Est. tempo de leitura":"2 minutos"},"schema":{"@context":"https:\/\/schema.org","@graph":[{"@type":"Article","@id":"https:\/\/sudoesteacontece.com.br\/?p=29111#article","isPartOf":{"@id":"https:\/\/sudoesteacontece.com.br\/?p=29111"},"author":{"name":"Reda\u00e7\u00e3o","@id":"https:\/\/sudoesteacontece.com.br\/#\/schema\/person\/a4f22429c1d0923ef8f7d43343f8dc38"},"headline":"Morre aos 86 anos Dona L\u00edlia do Armarinho Santa Rita em Vit\u00f3ria da Conquista","datePublished":"2026-09-02T15:07:35+00:00","dateModified":"2026-09-02T15:07:41+00:00","mainEntityOfPage":{"@id":"https:\/\/sudoesteacontece.com.br\/?p=29111"},"wordCount":242,"commentCount":0,"publisher":{"@id":"https:\/\/sudoesteacontece.com.br\/#organization"},"image":{"@id":"https:\/\/sudoesteacontece.com.br\/?p=29111#primaryimage"},"thumbnailUrl":"http:\/\/sudoesteacontece.com.br\/wp-content\/uploads\/2026\/09\/Morre-aos-86-anos-Dona-Lilia-do-Armarinho-Santa-Rita-em-Vitoria-da-Conquista.jpg","articleSection":["Cidades"],"inLanguage":"pt-BR","potentialAction":[{"@type":"CommentAction","name":"Comment","target":["https:\/\/sudoesteacontece.com.br\/?p=29111#respond"]}]},{"@type":"WebPage","@id":"https:\/\/sudoesteacontece.com.br\/?p=29111","url":"https:\/\/sudoesteacontece.com.br\/?p=29111","name":"Morre aos 86 anos Dona L\u00edlia do Armarinho Santa Rita em Vit\u00f3ria da Conquista - Sudoesteacontece","isPartOf":{"@id":"https:\/\/sudoesteacontece.com.br\/#website"},"primaryImageOfPage":{"@id":"https:\/\/sudoesteacontece.com.br\/?p=29111#primaryimage"},"image":{"@id":"https:\/\/sudoesteacontece.com.br\/?p=29111#primaryimage"},"thumbnailUrl":"http:\/\/sudoesteacontece.com.br\/wp-content\/uploads\/2026\/09\/Morre-aos-86-anos-Dona-Lilia-do-Armarinho-Santa-Rita-em-Vitoria-da-Conquista.jpg","datePublished":"2026-09-02T15:07:35+00:00","dateModified":"2026-09-02T15:07:41+00:00","breadcrumb":{"@id":"https:\/\/sudoesteacontece.com.br\/?p=29111#breadcrumb"},"inLanguage":"pt-BR","potentialAction":[{"@type":"ReadAction","target":["https:\/\/sudoesteacontece.com.br\/?p=29111"]}]},{"@type":"ImageObject","inLanguage":"pt-BR","@id":"https:\/\/sudoesteacontece.com.br\/?p=29111#primaryimage","url":"https:\/\/sudoesteacontece.com.br\/wp-content\/uploads\/2026\/09\/Morre-aos-86-anos-Dona-Lilia-do-Armarinho-Santa-Rita-em-Vitoria-da-Conquista.jpg","contentUrl":"https:\/\/sudoesteacontece.com.br\/wp-content\/uploads\/2026\/09\/Morre-aos-86-anos-Dona-Lilia-do-Armarinho-Santa-Rita-em-Vitoria-da-Conquista.jpg","width":900,"height":600},{"@type":"BreadcrumbList","@id":"https:\/\/sudoesteacontece.com.br\/?p=29111#breadcrumb","itemListElement":[{"@type":"ListItem","position":1,"name":"In\u00edcio","item":"https:\/\/sudoesteacontece.com.br\/"},{"@type":"ListItem","position":2,"name":"Morre aos 86 anos Dona L\u00edlia do Armarinho Santa Rita em Vit\u00f3ria da Conquista"}]},{"@type":"WebSite","@id":"https:\/\/sudoesteacontece.com.br\/#website","url":"https:\/\/sudoesteacontece.com.br\/","name":"Sudoesteacontece","description":"","publisher":{"@id":"https:\/\/sudoesteacontece.com.br\/#organization"},"potentialAction":[{"@type":"SearchAction","target":{"@type":"EntryPoint","urlTemplate":"https:\/\/sudoesteacontece.com.br\/?s={search_term_string}"},"query-input":{"@type":"PropertyValueSpecification","valueRequired":true,"valueName":"search_term_string"}}],"inLanguage":"pt-BR"},{"@type":"Organization","@id":"https:\/\/sudoesteacontece.com.br\/#organization","name":"Sudoesteacontece","url":"https:\/\/sudoesteacontece.com.br\/","logo":{"@type":"ImageObject","inLanguage":"pt-BR","@id":"https:\/\/sudoesteacontece.com.br\/#\/schema\/logo\/image\/","url":"https:\/\/sudoesteacontece.com.br\/wp-content\/uploads\/2025\/12\/cropped-logo-2-180x180-1.png","contentUrl":"https:\/\/sudoesteacontece.com.br\/wp-content\/uploads\/2025\/12\/cropped-logo-2-180x180-1.png","width":180,"height":180,"caption":"Sudoesteacontece"},"image":{"@id":"https:\/\/sudoesteacontece.com.br\/#\/schema\/logo\/image\/"},"sameAs":["https:\/\/www.facebook.com\/sudoesteacontece\/?locale=pt_BR"]},{"@type":"Person","@id":"https:\/\/sudoesteacontece.com.br\/#\/schema\/person\/a4f22429c1d0923ef8f7d43343f8dc38","name":"Reda\u00e7\u00e3o","image":{"@type":"ImageObject","inLanguage":"pt-BR","@id":"https:\/\/sudoesteacontece.com.br\/#\/schema\/person\/image\/","url":"https:\/\/secure.gravatar.com\/avatar\/c3a5b3c93f268a709c25a2df414c629a96fb3b1b4bf97a94fb3f72e54ae76903?s=96&d=mm&r=g","contentUrl":"https:\/\/secure.gravatar.com\/avatar\/c3a5b3c93f268a709c25a2df414c629a96fb3b1b4bf97a94fb3f72e54ae76903?s=96&d=mm&r=g","caption":"Reda\u00e7\u00e3o"},"url":"https:\/\/sudoesteacontece.com.br\/?author=4"}]}},"_links":{"self":[{"href":"https:\/\/sudoesteacontece.com.br\/index.php?rest_route=\/wp\/v2\/posts\/29111","targetHints":{"allow":["GET"]}}],"collection":[{"href":"https:\/\/sudoesteacontece.com.br\/index.php?rest_route=\/wp\/v2\/posts"}],"about":[{"href":"https:\/\/sudoesteacontece.com.br\/index.php?rest_route=\/wp\/v2\/types\/post"}],"author":[{"embeddable":true,"href":"https:\/\/sudoesteacontece.com.br\/index.php?rest_route=\/wp\/v2\/users\/4"}],"replies":[{"embeddable":true,"href":"https:\/\/sudoesteacontece.com.br\/index.php?rest_route=%2Fwp%2Fv2%2Fcomments&post=29111"}],"version-history":[{"count":1,"href":"https:\/\/sudoesteacontece.com.br\/index.php?rest_route=\/wp\/v2\/posts\/29111\/revisions"}],"predecessor-version":[{"id":29189,"href":"https:\/\/sudoesteacontece.com.br\/index.php?rest_route=\/wp\/v2\/posts\/29111\/revisions\/29189"}],"wp:attachment":[{"href":"https:\/\/sudoesteacontece.com.br\/index.php?rest_route=%2Fwp%2Fv2%2Fmedia&parent=29111"}],"wp:term":[{"taxonomy":"category","embeddable":true,"href":"https:\/\/sudoesteacontece.com.br\/index.php?rest_route=%2Fwp%2Fv2%2Fcategories&post=29111"},{"taxonomy":"post_tag","embeddable":true,"href":"https:\/\/sudoesteacontece.com.br\/index.php?rest_route=%2Fwp%2Fv2%2Ftags&post=29111"}],"curies":[{"name":"wp","href":"https:\/\/api.w.org\/{rel}","templated":true}]}}