{"id":29113,"date":"2026-09-02T12:08:34","date_gmt":"2026-09-02T15:08:34","guid":{"rendered":"https:\/\/sudoesteacontece.com.br\/?p=29113"},"modified":"2026-09-02T12:08:39","modified_gmt":"2026-09-02T15:08:39","slug":"mensagens-de-vorcaro-colocam-moraes-no-centro-de-crise-no-stf","status":"publish","type":"post","link":"https:\/\/sudoesteacontece.com.br\/?p=29113","title":{"rendered":"Mensagens de Vorcaro colocam Moraes no centro de crise no STF"},"content":{"rendered":"\n<figure class=\"wp-block-image size-full\"><img fetchpriority=\"high\" decoding=\"async\" width=\"900\" height=\"600\" src=\"http:\/\/sudoesteacontece.com.br\/wp-content\/uploads\/2026\/09\/Mensagens-de-Vorcaro-colocam-Moraes-no-centro-de-crise-no-STF.jpg\" alt=\"\" class=\"wp-image-29158\" srcset=\"https:\/\/sudoesteacontece.com.br\/wp-content\/uploads\/2026\/09\/Mensagens-de-Vorcaro-colocam-Moraes-no-centro-de-crise-no-STF.jpg 900w, https:\/\/sudoesteacontece.com.br\/wp-content\/uploads\/2026\/09\/Mensagens-de-Vorcaro-colocam-Moraes-no-centro-de-crise-no-STF-300x200.jpg 300w, https:\/\/sudoesteacontece.com.br\/wp-content\/uploads\/2026\/09\/Mensagens-de-Vorcaro-colocam-Moraes-no-centro-de-crise-no-STF-768x512.jpg 768w\" sizes=\"(max-width: 900px) 100vw, 900px\" \/><\/figure>\n\n\n\n<p class=\"wp-block-paragraph\">Mensagens recuperadas pela Pol\u00edcia Federal no celular de Daniel Vorcaro indicam contatos frequentes com o ministro Alexandre de Moraes, do Supremo Tribunal Federal. O material, cujo sigilo foi retirado nesta ter\u00e7a-feira (1\u00ba) por decis\u00e3o do ministro Andr\u00e9 Mendon\u00e7a, mostra que o ex-banqueiro pediu orienta\u00e7\u00f5es sobre as investiga\u00e7\u00f5es e chegou a perguntar se deveria deixar o pa\u00eds. Os di\u00e1logos tamb\u00e9m registram ao menos seis encontros entre os dois.<\/p>\n\n\n\n<p class=\"wp-block-paragraph\">Segundo o relat\u00f3rio da PF, Vorcaro enviou mensagens a Moraes dois dias antes de ser preso, em 17 de novembro de 2025. Na ocasi\u00e3o, questionou se j\u00e1 deveria estar fora do pa\u00eds e, no dia seguinte, informou que estava em um voo com destino ao encontro. O ex-banqueiro acabou preso quando se preparava para embarcar em um jato particular com destino a Malta.<\/p>\n\n\n\n<p class=\"wp-block-paragraph\">Al\u00e9m disso, o material apreendido aponta que Moraes fez altera\u00e7\u00f5es em um contrato de R$ 131 milh\u00f5es firmado entre o Banco Master e o escrit\u00f3rio de advocacia de sua mulher, Viviane Barci de Moraes. Os metadados indicam que a \u00faltima modifica\u00e7\u00e3o foi realizada pelo usu\u00e1rio identificado como \u201cMinistro Alexandre de Moraes\u201d, em 15 de janeiro de 2024. Procurado, o ministro n\u00e3o se manifestou sobre as informa\u00e7\u00f5es.<\/p>\n\n\n\n<p class=\"wp-block-paragraph\">Paralelamente, a investiga\u00e7\u00e3o aponta a exist\u00eancia de um segundo contrato, no valor de R$ 50 milh\u00f5es, envolvendo o escrit\u00f3rio de Viviane. Uma minuta previa o pagamento de R$ 40 milh\u00f5es por meio da transfer\u00eancia de cotas de um jatinho e de um helic\u00f3ptero. Outros R$ 10 milh\u00f5es seriam destinados ao reembolso de despesas relacionadas aos voos, segundo o documento recuperado pela PF.<\/p>\n\n\n\n<p class=\"wp-block-paragraph\">O escrit\u00f3rio de Viviane Barci de Moraes afirmou que assinou apenas o primeiro contrato, de aproximadamente R$ 130 milh\u00f5es, e negou a exist\u00eancia de transfer\u00eancia ou substitui\u00e7\u00e3o do acordo. Segundo a banca, a proposta relacionada ao segundo contrato n\u00e3o foi aceita, nada foi assinado e o v\u00ednculo com o Banco Master terminou ap\u00f3s a liquida\u00e7\u00e3o da institui\u00e7\u00e3o.<\/p>\n\n\n\n<p class=\"wp-block-paragraph\">F\u00e1bio Faria, ex-ministro das Comunica\u00e7\u00f5es no governo Jair Bolsonaro, tamb\u00e9m aparece no relat\u00f3rio da Pol\u00edcia Federal. Segundo os investigadores, ele intermediou o contato entre Vorcaro e Moraes no fim de 2023, repassando ao ex-banqueiro os n\u00fameros de telefone do ministro. Em mensagens posteriores, Faria teria organizado encontros e tratado de contatos relacionados ao escrit\u00f3rio de Viviane.<\/p>\n\n\n\n<p class=\"wp-block-paragraph\">Outro ponto citado pela PF envolve mensagens nas quais Vorcaro menciona poss\u00edveis atua\u00e7\u00f5es de \u201cAndrei e Paulo\u201d em seu favor. Os investigadores interpretam as refer\u00eancias como men\u00e7\u00f5es a Andrei Rodrigues, diretor-geral da Pol\u00edcia Federal, e Paulo Gonet, procurador-geral da Rep\u00fablica. Gonet reagiu ao relat\u00f3rio e pediu sua anula\u00e7\u00e3o, acusando Mendon\u00e7a de utilizar a PF para impor uma investiga\u00e7\u00e3o sobre Moraes.<\/p>\n\n\n\n<p class=\"wp-block-paragraph\">Diante das revela\u00e7\u00f5es, Mendon\u00e7a pediu ao presidente do STF, Edson Fachin, a realiza\u00e7\u00e3o de uma sess\u00e3o presencial do plen\u00e1rio para discutir o conte\u00fado das mensagens. No Senado, integrantes da oposi\u00e7\u00e3o voltaram a defender o impeachment de Moraes. Fl\u00e1vio Bolsonaro tamb\u00e9m pediu a sa\u00edda do ministro, enquanto aliados de Lula avaliam que o avan\u00e7o das investiga\u00e7\u00f5es pode atingir principalmente o senador, que \u00e9 candidato \u00e0 Presid\u00eancia.<\/p>\n","protected":false},"excerpt":{"rendered":"<p>Mensagens recuperadas pela Pol\u00edcia Federal no celular de Daniel Vorcaro indicam contatos frequentes com o ministro Alexandre de Moraes, do Supremo Tribunal Federal. O material, cujo sigilo foi retirado nesta ter\u00e7a-feira (1\u00ba) por decis\u00e3o do ministro Andr\u00e9 Mendon\u00e7a, mostra que o ex-banqueiro pediu orienta\u00e7\u00f5es sobre as investiga\u00e7\u00f5es e chegou a perguntar se deveria deixar o pa\u00eds. Os di\u00e1logos tamb\u00e9m registram ao menos seis encontros entre os dois. Segundo o relat\u00f3rio da PF, Vorcaro enviou mensagens a Moraes dois dias antes de ser preso, em 17 de novembro de 2025. Na ocasi\u00e3o, questionou se j\u00e1 deveria estar fora do pa\u00eds e, no dia seguinte, informou que estava em um voo com destino ao encontro. O ex-banqueiro acabou preso quando se preparava para embarcar em um jato particular com destino a Malta. Al\u00e9m disso, o material apreendido aponta que Moraes fez altera\u00e7\u00f5es em um contrato de R$ 131 milh\u00f5es firmado entre o Banco Master e o escrit\u00f3rio de advocacia de sua mulher, Viviane Barci de Moraes. Os metadados indicam que a \u00faltima modifica\u00e7\u00e3o foi realizada pelo usu\u00e1rio identificado como \u201cMinistro Alexandre de Moraes\u201d, em 15 de janeiro de 2024. Procurado, o ministro n\u00e3o se manifestou sobre as informa\u00e7\u00f5es. Paralelamente, a investiga\u00e7\u00e3o aponta a exist\u00eancia de um segundo contrato, no valor de R$ 50 milh\u00f5es, envolvendo o escrit\u00f3rio de Viviane. Uma minuta previa o pagamento de R$ 40 milh\u00f5es por meio da transfer\u00eancia de cotas de um jatinho e de um helic\u00f3ptero. Outros R$ 10 milh\u00f5es seriam destinados ao reembolso de despesas relacionadas aos voos, segundo o documento recuperado pela PF. O escrit\u00f3rio de Viviane Barci de Moraes afirmou que assinou apenas o primeiro contrato, de aproximadamente R$ 130 milh\u00f5es, e negou a exist\u00eancia de transfer\u00eancia ou substitui\u00e7\u00e3o do acordo. Segundo a banca, a proposta relacionada ao segundo contrato n\u00e3o foi aceita, nada foi assinado e o v\u00ednculo com o Banco Master terminou ap\u00f3s a liquida\u00e7\u00e3o da institui\u00e7\u00e3o. F\u00e1bio Faria, ex-ministro das Comunica\u00e7\u00f5es no governo Jair Bolsonaro, tamb\u00e9m aparece no relat\u00f3rio da Pol\u00edcia Federal. Segundo os investigadores, ele intermediou o contato entre Vorcaro e Moraes no fim de 2023, repassando ao ex-banqueiro os n\u00fameros de telefone do ministro. Em mensagens posteriores, Faria teria organizado encontros e tratado de contatos relacionados ao escrit\u00f3rio de Viviane. Outro ponto citado pela PF envolve mensagens nas quais Vorcaro menciona poss\u00edveis atua\u00e7\u00f5es de \u201cAndrei e Paulo\u201d em seu favor. Os investigadores interpretam as refer\u00eancias como men\u00e7\u00f5es a Andrei Rodrigues, diretor-geral da Pol\u00edcia Federal, e Paulo Gonet, procurador-geral da Rep\u00fablica. Gonet reagiu ao relat\u00f3rio e pediu sua anula\u00e7\u00e3o, acusando Mendon\u00e7a de utilizar a PF para impor uma investiga\u00e7\u00e3o sobre Moraes. Diante das revela\u00e7\u00f5es, Mendon\u00e7a pediu ao presidente do STF, Edson Fachin, a realiza\u00e7\u00e3o de uma sess\u00e3o presencial do plen\u00e1rio para discutir o conte\u00fado das mensagens. No Senado, integrantes da oposi\u00e7\u00e3o voltaram a defender o impeachment de Moraes. Fl\u00e1vio Bolsonaro tamb\u00e9m pediu a sa\u00edda do ministro, enquanto aliados de Lula avaliam que o avan\u00e7o das investiga\u00e7\u00f5es pode atingir principalmente o senador, que \u00e9 candidato \u00e0 Presid\u00eancia.<\/p>\n","protected":false},"author":4,"featured_media":0,"comment_status":"open","ping_status":"open","sticky":false,"template":"","format":"standard","meta":{"footnotes":""},"categories":[53,58,13,6],"tags":[],"class_list":["post-29113","post","type-post","status-publish","format-standard","hentry","category-brasil","category-eleicoes-2026","category-justica","category-politica"],"yoast_head":"<!-- This site is optimized with the Yoast SEO plugin v26.5 - https:\/\/yoast.com\/wordpress\/plugins\/seo\/ -->\n<title>Mensagens de Vorcaro colocam Moraes no centro de crise no STF - Sudoesteacontece<\/title>\n<meta name=\"robots\" content=\"index, follow, max-snippet:-1, max-image-preview:large, max-video-preview:-1\" \/>\n<link rel=\"canonical\" href=\"https:\/\/sudoesteacontece.com.br\/?p=29113\" \/>\n<meta property=\"og:locale\" content=\"pt_BR\" \/>\n<meta property=\"og:type\" content=\"article\" \/>\n<meta property=\"og:title\" content=\"Mensagens de Vorcaro colocam Moraes no centro de crise no STF - Sudoesteacontece\" \/>\n<meta property=\"og:description\" content=\"Mensagens recuperadas pela Pol\u00edcia Federal no celular de Daniel Vorcaro indicam contatos frequentes com o ministro Alexandre de Moraes, do Supremo Tribunal Federal. O material, cujo sigilo foi retirado nesta ter\u00e7a-feira (1\u00ba) por decis\u00e3o do ministro Andr\u00e9 Mendon\u00e7a, mostra que o ex-banqueiro pediu orienta\u00e7\u00f5es sobre as investiga\u00e7\u00f5es e chegou a perguntar se deveria deixar o pa\u00eds. Os di\u00e1logos tamb\u00e9m registram ao menos seis encontros entre os dois. Segundo o relat\u00f3rio da PF, Vorcaro enviou mensagens a Moraes dois dias antes de ser preso, em 17 de novembro de 2025. Na ocasi\u00e3o, questionou se j\u00e1 deveria estar fora do pa\u00eds e, no dia seguinte, informou que estava em um voo com destino ao encontro. O ex-banqueiro acabou preso quando se preparava para embarcar em um jato particular com destino a Malta. Al\u00e9m disso, o material apreendido aponta que Moraes fez altera\u00e7\u00f5es em um contrato de R$ 131 milh\u00f5es firmado entre o Banco Master e o escrit\u00f3rio de advocacia de sua mulher, Viviane Barci de Moraes. Os metadados indicam que a \u00faltima modifica\u00e7\u00e3o foi realizada pelo usu\u00e1rio identificado como \u201cMinistro Alexandre de Moraes\u201d, em 15 de janeiro de 2024. Procurado, o ministro n\u00e3o se manifestou sobre as informa\u00e7\u00f5es. Paralelamente, a investiga\u00e7\u00e3o aponta a exist\u00eancia de um segundo contrato, no valor de R$ 50 milh\u00f5es, envolvendo o escrit\u00f3rio de Viviane. Uma minuta previa o pagamento de R$ 40 milh\u00f5es por meio da transfer\u00eancia de cotas de um jatinho e de um helic\u00f3ptero. Outros R$ 10 milh\u00f5es seriam destinados ao reembolso de despesas relacionadas aos voos, segundo o documento recuperado pela PF. O escrit\u00f3rio de Viviane Barci de Moraes afirmou que assinou apenas o primeiro contrato, de aproximadamente R$ 130 milh\u00f5es, e negou a exist\u00eancia de transfer\u00eancia ou substitui\u00e7\u00e3o do acordo. Segundo a banca, a proposta relacionada ao segundo contrato n\u00e3o foi aceita, nada foi assinado e o v\u00ednculo com o Banco Master terminou ap\u00f3s a liquida\u00e7\u00e3o da institui\u00e7\u00e3o. F\u00e1bio Faria, ex-ministro das Comunica\u00e7\u00f5es no governo Jair Bolsonaro, tamb\u00e9m aparece no relat\u00f3rio da Pol\u00edcia Federal. Segundo os investigadores, ele intermediou o contato entre Vorcaro e Moraes no fim de 2023, repassando ao ex-banqueiro os n\u00fameros de telefone do ministro. Em mensagens posteriores, Faria teria organizado encontros e tratado de contatos relacionados ao escrit\u00f3rio de Viviane. Outro ponto citado pela PF envolve mensagens nas quais Vorcaro menciona poss\u00edveis atua\u00e7\u00f5es de \u201cAndrei e Paulo\u201d em seu favor. Os investigadores interpretam as refer\u00eancias como men\u00e7\u00f5es a Andrei Rodrigues, diretor-geral da Pol\u00edcia Federal, e Paulo Gonet, procurador-geral da Rep\u00fablica. Gonet reagiu ao relat\u00f3rio e pediu sua anula\u00e7\u00e3o, acusando Mendon\u00e7a de utilizar a PF para impor uma investiga\u00e7\u00e3o sobre Moraes. Diante das revela\u00e7\u00f5es, Mendon\u00e7a pediu ao presidente do STF, Edson Fachin, a realiza\u00e7\u00e3o de uma sess\u00e3o presencial do plen\u00e1rio para discutir o conte\u00fado das mensagens. No Senado, integrantes da oposi\u00e7\u00e3o voltaram a defender o impeachment de Moraes. Fl\u00e1vio Bolsonaro tamb\u00e9m pediu a sa\u00edda do ministro, enquanto aliados de Lula avaliam que o avan\u00e7o das investiga\u00e7\u00f5es pode atingir principalmente o senador, que \u00e9 candidato \u00e0 Presid\u00eancia.\" \/>\n<meta property=\"og:url\" content=\"https:\/\/sudoesteacontece.com.br\/?p=29113\" \/>\n<meta property=\"og:site_name\" content=\"Sudoesteacontece\" \/>\n<meta property=\"article:publisher\" content=\"https:\/\/www.facebook.com\/sudoesteacontece\/?locale=pt_BR\" \/>\n<meta property=\"article:published_time\" content=\"2026-09-02T15:08:34+00:00\" \/>\n<meta property=\"article:modified_time\" content=\"2026-09-02T15:08:39+00:00\" \/>\n<meta property=\"og:image\" content=\"https:\/\/sudoesteacontece.com.br\/wp-content\/uploads\/2026\/09\/Mensagens-de-Vorcaro-colocam-Moraes-no-centro-de-crise-no-STF.jpg\" \/>\n\t<meta property=\"og:image:width\" content=\"900\" \/>\n\t<meta property=\"og:image:height\" content=\"600\" \/>\n\t<meta property=\"og:image:type\" content=\"image\/jpeg\" \/>\n<meta name=\"author\" content=\"Reda\u00e7\u00e3o\" \/>\n<meta name=\"twitter:card\" content=\"summary_large_image\" \/>\n<meta name=\"twitter:label1\" content=\"Escrito por\" \/>\n\t<meta name=\"twitter:data1\" content=\"Reda\u00e7\u00e3o\" \/>\n\t<meta name=\"twitter:label2\" content=\"Est. tempo de leitura\" \/>\n\t<meta name=\"twitter:data2\" content=\"3 minutos\" \/>\n<script type=\"application\/ld+json\" class=\"yoast-schema-graph\">{\"@context\":\"https:\/\/schema.org\",\"@graph\":[{\"@type\":\"Article\",\"@id\":\"https:\/\/sudoesteacontece.com.br\/?p=29113#article\",\"isPartOf\":{\"@id\":\"https:\/\/sudoesteacontece.com.br\/?p=29113\"},\"author\":{\"name\":\"Reda\u00e7\u00e3o\",\"@id\":\"https:\/\/sudoesteacontece.com.br\/#\/schema\/person\/a4f22429c1d0923ef8f7d43343f8dc38\"},\"headline\":\"Mensagens de Vorcaro colocam Moraes no centro de crise no STF\",\"datePublished\":\"2026-09-02T15:08:34+00:00\",\"dateModified\":\"2026-09-02T15:08:39+00:00\",\"mainEntityOfPage\":{\"@id\":\"https:\/\/sudoesteacontece.com.br\/?p=29113\"},\"wordCount\":562,\"commentCount\":0,\"publisher\":{\"@id\":\"https:\/\/sudoesteacontece.com.br\/#organization\"},\"image\":{\"@id\":\"https:\/\/sudoesteacontece.com.br\/?p=29113#primaryimage\"},\"thumbnailUrl\":\"http:\/\/sudoesteacontece.com.br\/wp-content\/uploads\/2026\/09\/Mensagens-de-Vorcaro-colocam-Moraes-no-centro-de-crise-no-STF.jpg\",\"articleSection\":[\"Brasil\",\"Elei\u00e7\u00f5es 2026\",\"Justi\u00e7a\",\"Pol\u00edtica\"],\"inLanguage\":\"pt-BR\",\"potentialAction\":[{\"@type\":\"CommentAction\",\"name\":\"Comment\",\"target\":[\"https:\/\/sudoesteacontece.com.br\/?p=29113#respond\"]}]},{\"@type\":\"WebPage\",\"@id\":\"https:\/\/sudoesteacontece.com.br\/?p=29113\",\"url\":\"https:\/\/sudoesteacontece.com.br\/?p=29113\",\"name\":\"Mensagens de Vorcaro colocam Moraes no centro de crise no STF - Sudoesteacontece\",\"isPartOf\":{\"@id\":\"https:\/\/sudoesteacontece.com.br\/#website\"},\"primaryImageOfPage\":{\"@id\":\"https:\/\/sudoesteacontece.com.br\/?p=29113#primaryimage\"},\"image\":{\"@id\":\"https:\/\/sudoesteacontece.com.br\/?p=29113#primaryimage\"},\"thumbnailUrl\":\"http:\/\/sudoesteacontece.com.br\/wp-content\/uploads\/2026\/09\/Mensagens-de-Vorcaro-colocam-Moraes-no-centro-de-crise-no-STF.jpg\",\"datePublished\":\"2026-09-02T15:08:34+00:00\",\"dateModified\":\"2026-09-02T15:08:39+00:00\",\"breadcrumb\":{\"@id\":\"https:\/\/sudoesteacontece.com.br\/?p=29113#breadcrumb\"},\"inLanguage\":\"pt-BR\",\"potentialAction\":[{\"@type\":\"ReadAction\",\"target\":[\"https:\/\/sudoesteacontece.com.br\/?p=29113\"]}]},{\"@type\":\"ImageObject\",\"inLanguage\":\"pt-BR\",\"@id\":\"https:\/\/sudoesteacontece.com.br\/?p=29113#primaryimage\",\"url\":\"https:\/\/sudoesteacontece.com.br\/wp-content\/uploads\/2026\/09\/Mensagens-de-Vorcaro-colocam-Moraes-no-centro-de-crise-no-STF.jpg\",\"contentUrl\":\"https:\/\/sudoesteacontece.com.br\/wp-content\/uploads\/2026\/09\/Mensagens-de-Vorcaro-colocam-Moraes-no-centro-de-crise-no-STF.jpg\",\"width\":900,\"height\":600},{\"@type\":\"BreadcrumbList\",\"@id\":\"https:\/\/sudoesteacontece.com.br\/?p=29113#breadcrumb\",\"itemListElement\":[{\"@type\":\"ListItem\",\"position\":1,\"name\":\"In\u00edcio\",\"item\":\"https:\/\/sudoesteacontece.com.br\/\"},{\"@type\":\"ListItem\",\"position\":2,\"name\":\"Mensagens de Vorcaro colocam Moraes no centro de crise no STF\"}]},{\"@type\":\"WebSite\",\"@id\":\"https:\/\/sudoesteacontece.com.br\/#website\",\"url\":\"https:\/\/sudoesteacontece.com.br\/\",\"name\":\"Sudoesteacontece\",\"description\":\"\",\"publisher\":{\"@id\":\"https:\/\/sudoesteacontece.com.br\/#organization\"},\"potentialAction\":[{\"@type\":\"SearchAction\",\"target\":{\"@type\":\"EntryPoint\",\"urlTemplate\":\"https:\/\/sudoesteacontece.com.br\/?s={search_term_string}\"},\"query-input\":{\"@type\":\"PropertyValueSpecification\",\"valueRequired\":true,\"valueName\":\"search_term_string\"}}],\"inLanguage\":\"pt-BR\"},{\"@type\":\"Organization\",\"@id\":\"https:\/\/sudoesteacontece.com.br\/#organization\",\"name\":\"Sudoesteacontece\",\"url\":\"https:\/\/sudoesteacontece.com.br\/\",\"logo\":{\"@type\":\"ImageObject\",\"inLanguage\":\"pt-BR\",\"@id\":\"https:\/\/sudoesteacontece.com.br\/#\/schema\/logo\/image\/\",\"url\":\"https:\/\/sudoesteacontece.com.br\/wp-content\/uploads\/2025\/12\/cropped-logo-2-180x180-1.png\",\"contentUrl\":\"https:\/\/sudoesteacontece.com.br\/wp-content\/uploads\/2025\/12\/cropped-logo-2-180x180-1.png\",\"width\":180,\"height\":180,\"caption\":\"Sudoesteacontece\"},\"image\":{\"@id\":\"https:\/\/sudoesteacontece.com.br\/#\/schema\/logo\/image\/\"},\"sameAs\":[\"https:\/\/www.facebook.com\/sudoesteacontece\/?locale=pt_BR\"]},{\"@type\":\"Person\",\"@id\":\"https:\/\/sudoesteacontece.com.br\/#\/schema\/person\/a4f22429c1d0923ef8f7d43343f8dc38\",\"name\":\"Reda\u00e7\u00e3o\",\"image\":{\"@type\":\"ImageObject\",\"inLanguage\":\"pt-BR\",\"@id\":\"https:\/\/sudoesteacontece.com.br\/#\/schema\/person\/image\/\",\"url\":\"https:\/\/secure.gravatar.com\/avatar\/c3a5b3c93f268a709c25a2df414c629a96fb3b1b4bf97a94fb3f72e54ae76903?s=96&d=mm&r=g\",\"contentUrl\":\"https:\/\/secure.gravatar.com\/avatar\/c3a5b3c93f268a709c25a2df414c629a96fb3b1b4bf97a94fb3f72e54ae76903?s=96&d=mm&r=g\",\"caption\":\"Reda\u00e7\u00e3o\"},\"url\":\"https:\/\/sudoesteacontece.com.br\/?author=4\"}]}<\/script>\n<!-- \/ Yoast SEO plugin. -->","yoast_head_json":{"title":"Mensagens de Vorcaro colocam Moraes no centro de crise no STF - Sudoesteacontece","robots":{"index":"index","follow":"follow","max-snippet":"max-snippet:-1","max-image-preview":"max-image-preview:large","max-video-preview":"max-video-preview:-1"},"canonical":"https:\/\/sudoesteacontece.com.br\/?p=29113","og_locale":"pt_BR","og_type":"article","og_title":"Mensagens de Vorcaro colocam Moraes no centro de crise no STF - Sudoesteacontece","og_description":"Mensagens recuperadas pela Pol\u00edcia Federal no celular de Daniel Vorcaro indicam contatos frequentes com o ministro Alexandre de Moraes, do Supremo Tribunal Federal. O material, cujo sigilo foi retirado nesta ter\u00e7a-feira (1\u00ba) por decis\u00e3o do ministro Andr\u00e9 Mendon\u00e7a, mostra que o ex-banqueiro pediu orienta\u00e7\u00f5es sobre as investiga\u00e7\u00f5es e chegou a perguntar se deveria deixar o pa\u00eds. Os di\u00e1logos tamb\u00e9m registram ao menos seis encontros entre os dois. Segundo o relat\u00f3rio da PF, Vorcaro enviou mensagens a Moraes dois dias antes de ser preso, em 17 de novembro de 2025. Na ocasi\u00e3o, questionou se j\u00e1 deveria estar fora do pa\u00eds e, no dia seguinte, informou que estava em um voo com destino ao encontro. O ex-banqueiro acabou preso quando se preparava para embarcar em um jato particular com destino a Malta. Al\u00e9m disso, o material apreendido aponta que Moraes fez altera\u00e7\u00f5es em um contrato de R$ 131 milh\u00f5es firmado entre o Banco Master e o escrit\u00f3rio de advocacia de sua mulher, Viviane Barci de Moraes. Os metadados indicam que a \u00faltima modifica\u00e7\u00e3o foi realizada pelo usu\u00e1rio identificado como \u201cMinistro Alexandre de Moraes\u201d, em 15 de janeiro de 2024. Procurado, o ministro n\u00e3o se manifestou sobre as informa\u00e7\u00f5es. Paralelamente, a investiga\u00e7\u00e3o aponta a exist\u00eancia de um segundo contrato, no valor de R$ 50 milh\u00f5es, envolvendo o escrit\u00f3rio de Viviane. Uma minuta previa o pagamento de R$ 40 milh\u00f5es por meio da transfer\u00eancia de cotas de um jatinho e de um helic\u00f3ptero. Outros R$ 10 milh\u00f5es seriam destinados ao reembolso de despesas relacionadas aos voos, segundo o documento recuperado pela PF. O escrit\u00f3rio de Viviane Barci de Moraes afirmou que assinou apenas o primeiro contrato, de aproximadamente R$ 130 milh\u00f5es, e negou a exist\u00eancia de transfer\u00eancia ou substitui\u00e7\u00e3o do acordo. Segundo a banca, a proposta relacionada ao segundo contrato n\u00e3o foi aceita, nada foi assinado e o v\u00ednculo com o Banco Master terminou ap\u00f3s a liquida\u00e7\u00e3o da institui\u00e7\u00e3o. F\u00e1bio Faria, ex-ministro das Comunica\u00e7\u00f5es no governo Jair Bolsonaro, tamb\u00e9m aparece no relat\u00f3rio da Pol\u00edcia Federal. Segundo os investigadores, ele intermediou o contato entre Vorcaro e Moraes no fim de 2023, repassando ao ex-banqueiro os n\u00fameros de telefone do ministro. Em mensagens posteriores, Faria teria organizado encontros e tratado de contatos relacionados ao escrit\u00f3rio de Viviane. Outro ponto citado pela PF envolve mensagens nas quais Vorcaro menciona poss\u00edveis atua\u00e7\u00f5es de \u201cAndrei e Paulo\u201d em seu favor. Os investigadores interpretam as refer\u00eancias como men\u00e7\u00f5es a Andrei Rodrigues, diretor-geral da Pol\u00edcia Federal, e Paulo Gonet, procurador-geral da Rep\u00fablica. Gonet reagiu ao relat\u00f3rio e pediu sua anula\u00e7\u00e3o, acusando Mendon\u00e7a de utilizar a PF para impor uma investiga\u00e7\u00e3o sobre Moraes. Diante das revela\u00e7\u00f5es, Mendon\u00e7a pediu ao presidente do STF, Edson Fachin, a realiza\u00e7\u00e3o de uma sess\u00e3o presencial do plen\u00e1rio para discutir o conte\u00fado das mensagens. No Senado, integrantes da oposi\u00e7\u00e3o voltaram a defender o impeachment de Moraes. Fl\u00e1vio Bolsonaro tamb\u00e9m pediu a sa\u00edda do ministro, enquanto aliados de Lula avaliam que o avan\u00e7o das investiga\u00e7\u00f5es pode atingir principalmente o senador, que \u00e9 candidato \u00e0 Presid\u00eancia.","og_url":"https:\/\/sudoesteacontece.com.br\/?p=29113","og_site_name":"Sudoesteacontece","article_publisher":"https:\/\/www.facebook.com\/sudoesteacontece\/?locale=pt_BR","article_published_time":"2026-09-02T15:08:34+00:00","article_modified_time":"2026-09-02T15:08:39+00:00","og_image":[{"width":900,"height":600,"url":"https:\/\/sudoesteacontece.com.br\/wp-content\/uploads\/2026\/09\/Mensagens-de-Vorcaro-colocam-Moraes-no-centro-de-crise-no-STF.jpg","type":"image\/jpeg"}],"author":"Reda\u00e7\u00e3o","twitter_card":"summary_large_image","twitter_misc":{"Escrito por":"Reda\u00e7\u00e3o","Est. tempo de leitura":"3 minutos"},"schema":{"@context":"https:\/\/schema.org","@graph":[{"@type":"Article","@id":"https:\/\/sudoesteacontece.com.br\/?p=29113#article","isPartOf":{"@id":"https:\/\/sudoesteacontece.com.br\/?p=29113"},"author":{"name":"Reda\u00e7\u00e3o","@id":"https:\/\/sudoesteacontece.com.br\/#\/schema\/person\/a4f22429c1d0923ef8f7d43343f8dc38"},"headline":"Mensagens de Vorcaro colocam Moraes no centro de crise no STF","datePublished":"2026-09-02T15:08:34+00:00","dateModified":"2026-09-02T15:08:39+00:00","mainEntityOfPage":{"@id":"https:\/\/sudoesteacontece.com.br\/?p=29113"},"wordCount":562,"commentCount":0,"publisher":{"@id":"https:\/\/sudoesteacontece.com.br\/#organization"},"image":{"@id":"https:\/\/sudoesteacontece.com.br\/?p=29113#primaryimage"},"thumbnailUrl":"http:\/\/sudoesteacontece.com.br\/wp-content\/uploads\/2026\/09\/Mensagens-de-Vorcaro-colocam-Moraes-no-centro-de-crise-no-STF.jpg","articleSection":["Brasil","Elei\u00e7\u00f5es 2026","Justi\u00e7a","Pol\u00edtica"],"inLanguage":"pt-BR","potentialAction":[{"@type":"CommentAction","name":"Comment","target":["https:\/\/sudoesteacontece.com.br\/?p=29113#respond"]}]},{"@type":"WebPage","@id":"https:\/\/sudoesteacontece.com.br\/?p=29113","url":"https:\/\/sudoesteacontece.com.br\/?p=29113","name":"Mensagens de Vorcaro colocam Moraes no centro de crise no STF - Sudoesteacontece","isPartOf":{"@id":"https:\/\/sudoesteacontece.com.br\/#website"},"primaryImageOfPage":{"@id":"https:\/\/sudoesteacontece.com.br\/?p=29113#primaryimage"},"image":{"@id":"https:\/\/sudoesteacontece.com.br\/?p=29113#primaryimage"},"thumbnailUrl":"http:\/\/sudoesteacontece.com.br\/wp-content\/uploads\/2026\/09\/Mensagens-de-Vorcaro-colocam-Moraes-no-centro-de-crise-no-STF.jpg","datePublished":"2026-09-02T15:08:34+00:00","dateModified":"2026-09-02T15:08:39+00:00","breadcrumb":{"@id":"https:\/\/sudoesteacontece.com.br\/?p=29113#breadcrumb"},"inLanguage":"pt-BR","potentialAction":[{"@type":"ReadAction","target":["https:\/\/sudoesteacontece.com.br\/?p=29113"]}]},{"@type":"ImageObject","inLanguage":"pt-BR","@id":"https:\/\/sudoesteacontece.com.br\/?p=29113#primaryimage","url":"https:\/\/sudoesteacontece.com.br\/wp-content\/uploads\/2026\/09\/Mensagens-de-Vorcaro-colocam-Moraes-no-centro-de-crise-no-STF.jpg","contentUrl":"https:\/\/sudoesteacontece.com.br\/wp-content\/uploads\/2026\/09\/Mensagens-de-Vorcaro-colocam-Moraes-no-centro-de-crise-no-STF.jpg","width":900,"height":600},{"@type":"BreadcrumbList","@id":"https:\/\/sudoesteacontece.com.br\/?p=29113#breadcrumb","itemListElement":[{"@type":"ListItem","position":1,"name":"In\u00edcio","item":"https:\/\/sudoesteacontece.com.br\/"},{"@type":"ListItem","position":2,"name":"Mensagens de Vorcaro colocam Moraes no centro de crise no STF"}]},{"@type":"WebSite","@id":"https:\/\/sudoesteacontece.com.br\/#website","url":"https:\/\/sudoesteacontece.com.br\/","name":"Sudoesteacontece","description":"","publisher":{"@id":"https:\/\/sudoesteacontece.com.br\/#organization"},"potentialAction":[{"@type":"SearchAction","target":{"@type":"EntryPoint","urlTemplate":"https:\/\/sudoesteacontece.com.br\/?s={search_term_string}"},"query-input":{"@type":"PropertyValueSpecification","valueRequired":true,"valueName":"search_term_string"}}],"inLanguage":"pt-BR"},{"@type":"Organization","@id":"https:\/\/sudoesteacontece.com.br\/#organization","name":"Sudoesteacontece","url":"https:\/\/sudoesteacontece.com.br\/","logo":{"@type":"ImageObject","inLanguage":"pt-BR","@id":"https:\/\/sudoesteacontece.com.br\/#\/schema\/logo\/image\/","url":"https:\/\/sudoesteacontece.com.br\/wp-content\/uploads\/2025\/12\/cropped-logo-2-180x180-1.png","contentUrl":"https:\/\/sudoesteacontece.com.br\/wp-content\/uploads\/2025\/12\/cropped-logo-2-180x180-1.png","width":180,"height":180,"caption":"Sudoesteacontece"},"image":{"@id":"https:\/\/sudoesteacontece.com.br\/#\/schema\/logo\/image\/"},"sameAs":["https:\/\/www.facebook.com\/sudoesteacontece\/?locale=pt_BR"]},{"@type":"Person","@id":"https:\/\/sudoesteacontece.com.br\/#\/schema\/person\/a4f22429c1d0923ef8f7d43343f8dc38","name":"Reda\u00e7\u00e3o","image":{"@type":"ImageObject","inLanguage":"pt-BR","@id":"https:\/\/sudoesteacontece.com.br\/#\/schema\/person\/image\/","url":"https:\/\/secure.gravatar.com\/avatar\/c3a5b3c93f268a709c25a2df414c629a96fb3b1b4bf97a94fb3f72e54ae76903?s=96&d=mm&r=g","contentUrl":"https:\/\/secure.gravatar.com\/avatar\/c3a5b3c93f268a709c25a2df414c629a96fb3b1b4bf97a94fb3f72e54ae76903?s=96&d=mm&r=g","caption":"Reda\u00e7\u00e3o"},"url":"https:\/\/sudoesteacontece.com.br\/?author=4"}]}},"_links":{"self":[{"href":"https:\/\/sudoesteacontece.com.br\/index.php?rest_route=\/wp\/v2\/posts\/29113","targetHints":{"allow":["GET"]}}],"collection":[{"href":"https:\/\/sudoesteacontece.com.br\/index.php?rest_route=\/wp\/v2\/posts"}],"about":[{"href":"https:\/\/sudoesteacontece.com.br\/index.php?rest_route=\/wp\/v2\/types\/post"}],"author":[{"embeddable":true,"href":"https:\/\/sudoesteacontece.com.br\/index.php?rest_route=\/wp\/v2\/users\/4"}],"replies":[{"embeddable":true,"href":"https:\/\/sudoesteacontece.com.br\/index.php?rest_route=%2Fwp%2Fv2%2Fcomments&post=29113"}],"version-history":[{"count":1,"href":"https:\/\/sudoesteacontece.com.br\/index.php?rest_route=\/wp\/v2\/posts\/29113\/revisions"}],"predecessor-version":[{"id":29190,"href":"https:\/\/sudoesteacontece.com.br\/index.php?rest_route=\/wp\/v2\/posts\/29113\/revisions\/29190"}],"wp:attachment":[{"href":"https:\/\/sudoesteacontece.com.br\/index.php?rest_route=%2Fwp%2Fv2%2Fmedia&parent=29113"}],"wp:term":[{"taxonomy":"category","embeddable":true,"href":"https:\/\/sudoesteacontece.com.br\/index.php?rest_route=%2Fwp%2Fv2%2Fcategories&post=29113"},{"taxonomy":"post_tag","embeddable":true,"href":"https:\/\/sudoesteacontece.com.br\/index.php?rest_route=%2Fwp%2Fv2%2Ftags&post=29113"}],"curies":[{"name":"wp","href":"https:\/\/api.w.org\/{rel}","templated":true}]}}