{"id":29114,"date":"2026-09-02T11:55:51","date_gmt":"2026-09-02T14:55:51","guid":{"rendered":"https:\/\/sudoesteacontece.com.br\/?p=29114"},"modified":"2026-09-02T11:55:56","modified_gmt":"2026-09-02T14:55:56","slug":"brumado-esquenta-disputa-politica-com-grupos-rivais-no-mesmo-palanque-de-jeronimo-e-lula","status":"publish","type":"post","link":"https:\/\/sudoesteacontece.com.br\/?p=29114","title":{"rendered":"Brumado esquenta disputa pol\u00edtica com grupos rivais no mesmo palanque de Jer\u00f4nimo e Lula"},"content":{"rendered":"\n<figure class=\"wp-block-image size-full\"><img fetchpriority=\"high\" decoding=\"async\" width=\"900\" height=\"600\" src=\"http:\/\/sudoesteacontece.com.br\/wp-content\/uploads\/2026\/09\/Brumado-esquenta-disputa-politica-com-grupos-rivais-no-mesmo-palanque-de-Jeronimo-e-Lula.jpg\" alt=\"\" class=\"wp-image-29149\" srcset=\"https:\/\/sudoesteacontece.com.br\/wp-content\/uploads\/2026\/09\/Brumado-esquenta-disputa-politica-com-grupos-rivais-no-mesmo-palanque-de-Jeronimo-e-Lula.jpg 900w, https:\/\/sudoesteacontece.com.br\/wp-content\/uploads\/2026\/09\/Brumado-esquenta-disputa-politica-com-grupos-rivais-no-mesmo-palanque-de-Jeronimo-e-Lula-300x200.jpg 300w, https:\/\/sudoesteacontece.com.br\/wp-content\/uploads\/2026\/09\/Brumado-esquenta-disputa-politica-com-grupos-rivais-no-mesmo-palanque-de-Jeronimo-e-Lula-768x512.jpg 768w\" sizes=\"(max-width: 900px) 100vw, 900px\" \/><\/figure>\n\n\n\n<p class=\"wp-block-paragraph\">As elei\u00e7\u00f5es de 2026 intensificaram em Brumado o confronto entre grupos de situa\u00e7\u00e3o e oposi\u00e7\u00e3o, que apoiam Jer\u00f4nimo Rodrigues e Luiz In\u00e1cio Lula da Silva, mas mant\u00eam a disputa concentrada na pol\u00edtica municipal. O cen\u00e1rio j\u00e1 \u00e9 tratado pelas duas alas como uma pr\u00e9via das elei\u00e7\u00f5es de 2028. Candidatos \u00e0 Assembleia Legislativa da Bahia e \u00e0 C\u00e2mara dos Deputados tamb\u00e9m utilizam a movimenta\u00e7\u00e3o pol\u00edtica para ampliar espa\u00e7o e buscar votos no munic\u00edpio.<\/p>\n\n\n\n<p class=\"wp-block-paragraph\">Enquanto isso, a oposi\u00e7\u00e3o ao prefeito Fabr\u00edcio Abrantes concentra cr\u00edticas principalmente na sa\u00fade p\u00fablica e em outras \u00e1reas consideradas essenciais. O grupo mant\u00e9m atua\u00e7\u00e3o pol\u00edtica desde a derrota nas elei\u00e7\u00f5es municipais de 2024. A estrat\u00e9gia inclui fiscaliza\u00e7\u00e3o e cobran\u00e7as sobre a administra\u00e7\u00e3o municipal, com o objetivo de questionar decis\u00f5es e resultados apresentados pela prefeitura durante o atual mandato.<\/p>\n\n\n\n<p class=\"wp-block-paragraph\">Por outro lado, aliados de Abrantes destacam a\u00e7\u00f5es realizadas ao longo de um ano e oito meses de governo. Desde o in\u00edcio do per\u00edodo eleitoral, em 16 de agosto, o grupo passou a ocupar as ruas com jingles pr\u00f3prios e identidade visual. A mobiliza\u00e7\u00e3o tamb\u00e9m refor\u00e7a a disputa pol\u00edtica local e serve como demonstra\u00e7\u00e3o de for\u00e7a para a sucess\u00e3o municipal prevista para 2028.<\/p>\n\n\n\n<p class=\"wp-block-paragraph\">Desde abril, o confronto entre os grupos ganhou novos epis\u00f3dios. Naquele m\u00eas, o prefeito questionou publicamente advers\u00e1rios sobre a origem de obras e recursos destinados a Brumado. Abrantes acusou integrantes da oposi\u00e7\u00e3o de tentar atribuir a si mesmos a\u00e7\u00f5es e investimentos direcionados ao munic\u00edpio. A discuss\u00e3o ampliou a disputa sobre quem possui maior influ\u00eancia na obten\u00e7\u00e3o de recursos para a cidade.<\/p>\n\n\n\n<p class=\"wp-block-paragraph\">Apesar das diverg\u00eancias locais, situa\u00e7\u00e3o e oposi\u00e7\u00e3o dividem o mesmo posicionamento nas disputas estadual e federal. Os dois grupos apoiam a reelei\u00e7\u00e3o de Jer\u00f4nimo Rodrigues ao Governo da Bahia e a candidatura de Luiz In\u00e1cio Lula da Silva \u00e0 Presid\u00eancia. A proximidade ficou evidente no com\u00edcio realizado em Brumado no dia 23 de agosto, quando os advers\u00e1rios ocuparam o mesmo palanque.<\/p>\n\n\n\n<p class=\"wp-block-paragraph\">Na ocasi\u00e3o, os grupos participaram do evento para defender as candidaturas majorit\u00e1rias apoiadas por ambos. A conviv\u00eancia, por\u00e9m, n\u00e3o eliminou as diferen\u00e7as existentes na pol\u00edtica municipal. A estrat\u00e9gia adotada pelas duas alas mant\u00e9m o apoio conjunto a Jer\u00f4nimo e Lula, enquanto o embate entre situa\u00e7\u00e3o e oposi\u00e7\u00e3o permanece voltado principalmente para a realidade pol\u00edtica de Brumado.<\/p>\n","protected":false},"excerpt":{"rendered":"<p>As elei\u00e7\u00f5es de 2026 intensificaram em Brumado o confronto entre grupos de situa\u00e7\u00e3o e oposi\u00e7\u00e3o, que apoiam Jer\u00f4nimo Rodrigues e Luiz In\u00e1cio Lula da Silva, mas mant\u00eam a disputa concentrada na pol\u00edtica municipal. O cen\u00e1rio j\u00e1 \u00e9 tratado pelas duas alas como uma pr\u00e9via das elei\u00e7\u00f5es de 2028. Candidatos \u00e0 Assembleia Legislativa da Bahia e \u00e0 C\u00e2mara dos Deputados tamb\u00e9m utilizam a movimenta\u00e7\u00e3o pol\u00edtica para ampliar espa\u00e7o e buscar votos no munic\u00edpio. Enquanto isso, a oposi\u00e7\u00e3o ao prefeito Fabr\u00edcio Abrantes concentra cr\u00edticas principalmente na sa\u00fade p\u00fablica e em outras \u00e1reas consideradas essenciais. O grupo mant\u00e9m atua\u00e7\u00e3o pol\u00edtica desde a derrota nas elei\u00e7\u00f5es municipais de 2024. A estrat\u00e9gia inclui fiscaliza\u00e7\u00e3o e cobran\u00e7as sobre a administra\u00e7\u00e3o municipal, com o objetivo de questionar decis\u00f5es e resultados apresentados pela prefeitura durante o atual mandato. Por outro lado, aliados de Abrantes destacam a\u00e7\u00f5es realizadas ao longo de um ano e oito meses de governo. Desde o in\u00edcio do per\u00edodo eleitoral, em 16 de agosto, o grupo passou a ocupar as ruas com jingles pr\u00f3prios e identidade visual. A mobiliza\u00e7\u00e3o tamb\u00e9m refor\u00e7a a disputa pol\u00edtica local e serve como demonstra\u00e7\u00e3o de for\u00e7a para a sucess\u00e3o municipal prevista para 2028. Desde abril, o confronto entre os grupos ganhou novos epis\u00f3dios. Naquele m\u00eas, o prefeito questionou publicamente advers\u00e1rios sobre a origem de obras e recursos destinados a Brumado. Abrantes acusou integrantes da oposi\u00e7\u00e3o de tentar atribuir a si mesmos a\u00e7\u00f5es e investimentos direcionados ao munic\u00edpio. A discuss\u00e3o ampliou a disputa sobre quem possui maior influ\u00eancia na obten\u00e7\u00e3o de recursos para a cidade. Apesar das diverg\u00eancias locais, situa\u00e7\u00e3o e oposi\u00e7\u00e3o dividem o mesmo posicionamento nas disputas estadual e federal. Os dois grupos apoiam a reelei\u00e7\u00e3o de Jer\u00f4nimo Rodrigues ao Governo da Bahia e a candidatura de Luiz In\u00e1cio Lula da Silva \u00e0 Presid\u00eancia. A proximidade ficou evidente no com\u00edcio realizado em Brumado no dia 23 de agosto, quando os advers\u00e1rios ocuparam o mesmo palanque. Na ocasi\u00e3o, os grupos participaram do evento para defender as candidaturas majorit\u00e1rias apoiadas por ambos. A conviv\u00eancia, por\u00e9m, n\u00e3o eliminou as diferen\u00e7as existentes na pol\u00edtica municipal. A estrat\u00e9gia adotada pelas duas alas mant\u00e9m o apoio conjunto a Jer\u00f4nimo e Lula, enquanto o embate entre situa\u00e7\u00e3o e oposi\u00e7\u00e3o permanece voltado principalmente para a realidade pol\u00edtica de Brumado.<\/p>\n","protected":false},"author":4,"featured_media":29149,"comment_status":"open","ping_status":"open","sticky":false,"template":"","format":"standard","meta":{"footnotes":""},"categories":[7,53,58,6],"tags":[],"class_list":["post-29114","post","type-post","status-publish","format-standard","has-post-thumbnail","hentry","category-bahia","category-brasil","category-eleicoes-2026","category-politica"],"yoast_head":"<!-- This site is optimized with the Yoast SEO plugin v26.5 - https:\/\/yoast.com\/wordpress\/plugins\/seo\/ -->\n<title>Brumado esquenta disputa pol\u00edtica com grupos rivais no mesmo palanque de Jer\u00f4nimo e Lula - Sudoesteacontece<\/title>\n<meta name=\"robots\" content=\"index, follow, max-snippet:-1, max-image-preview:large, max-video-preview:-1\" \/>\n<link rel=\"canonical\" href=\"https:\/\/sudoesteacontece.com.br\/?p=29114\" \/>\n<meta property=\"og:locale\" content=\"pt_BR\" \/>\n<meta property=\"og:type\" content=\"article\" \/>\n<meta property=\"og:title\" content=\"Brumado esquenta disputa pol\u00edtica com grupos rivais no mesmo palanque de Jer\u00f4nimo e Lula - Sudoesteacontece\" \/>\n<meta property=\"og:description\" content=\"As elei\u00e7\u00f5es de 2026 intensificaram em Brumado o confronto entre grupos de situa\u00e7\u00e3o e oposi\u00e7\u00e3o, que apoiam Jer\u00f4nimo Rodrigues e Luiz In\u00e1cio Lula da Silva, mas mant\u00eam a disputa concentrada na pol\u00edtica municipal. O cen\u00e1rio j\u00e1 \u00e9 tratado pelas duas alas como uma pr\u00e9via das elei\u00e7\u00f5es de 2028. Candidatos \u00e0 Assembleia Legislativa da Bahia e \u00e0 C\u00e2mara dos Deputados tamb\u00e9m utilizam a movimenta\u00e7\u00e3o pol\u00edtica para ampliar espa\u00e7o e buscar votos no munic\u00edpio. Enquanto isso, a oposi\u00e7\u00e3o ao prefeito Fabr\u00edcio Abrantes concentra cr\u00edticas principalmente na sa\u00fade p\u00fablica e em outras \u00e1reas consideradas essenciais. O grupo mant\u00e9m atua\u00e7\u00e3o pol\u00edtica desde a derrota nas elei\u00e7\u00f5es municipais de 2024. A estrat\u00e9gia inclui fiscaliza\u00e7\u00e3o e cobran\u00e7as sobre a administra\u00e7\u00e3o municipal, com o objetivo de questionar decis\u00f5es e resultados apresentados pela prefeitura durante o atual mandato. Por outro lado, aliados de Abrantes destacam a\u00e7\u00f5es realizadas ao longo de um ano e oito meses de governo. Desde o in\u00edcio do per\u00edodo eleitoral, em 16 de agosto, o grupo passou a ocupar as ruas com jingles pr\u00f3prios e identidade visual. A mobiliza\u00e7\u00e3o tamb\u00e9m refor\u00e7a a disputa pol\u00edtica local e serve como demonstra\u00e7\u00e3o de for\u00e7a para a sucess\u00e3o municipal prevista para 2028. Desde abril, o confronto entre os grupos ganhou novos epis\u00f3dios. Naquele m\u00eas, o prefeito questionou publicamente advers\u00e1rios sobre a origem de obras e recursos destinados a Brumado. Abrantes acusou integrantes da oposi\u00e7\u00e3o de tentar atribuir a si mesmos a\u00e7\u00f5es e investimentos direcionados ao munic\u00edpio. A discuss\u00e3o ampliou a disputa sobre quem possui maior influ\u00eancia na obten\u00e7\u00e3o de recursos para a cidade. Apesar das diverg\u00eancias locais, situa\u00e7\u00e3o e oposi\u00e7\u00e3o dividem o mesmo posicionamento nas disputas estadual e federal. Os dois grupos apoiam a reelei\u00e7\u00e3o de Jer\u00f4nimo Rodrigues ao Governo da Bahia e a candidatura de Luiz In\u00e1cio Lula da Silva \u00e0 Presid\u00eancia. A proximidade ficou evidente no com\u00edcio realizado em Brumado no dia 23 de agosto, quando os advers\u00e1rios ocuparam o mesmo palanque. Na ocasi\u00e3o, os grupos participaram do evento para defender as candidaturas majorit\u00e1rias apoiadas por ambos. A conviv\u00eancia, por\u00e9m, n\u00e3o eliminou as diferen\u00e7as existentes na pol\u00edtica municipal. A estrat\u00e9gia adotada pelas duas alas mant\u00e9m o apoio conjunto a Jer\u00f4nimo e Lula, enquanto o embate entre situa\u00e7\u00e3o e oposi\u00e7\u00e3o permanece voltado principalmente para a realidade pol\u00edtica de Brumado.\" \/>\n<meta property=\"og:url\" content=\"https:\/\/sudoesteacontece.com.br\/?p=29114\" \/>\n<meta property=\"og:site_name\" content=\"Sudoesteacontece\" \/>\n<meta property=\"article:publisher\" content=\"https:\/\/www.facebook.com\/sudoesteacontece\/?locale=pt_BR\" \/>\n<meta property=\"article:published_time\" content=\"2026-09-02T14:55:51+00:00\" \/>\n<meta property=\"article:modified_time\" content=\"2026-09-02T14:55:56+00:00\" \/>\n<meta property=\"og:image\" content=\"http:\/\/sudoesteacontece.com.br\/wp-content\/uploads\/2026\/09\/Brumado-esquenta-disputa-politica-com-grupos-rivais-no-mesmo-palanque-de-Jeronimo-e-Lula.jpg\" \/>\n\t<meta property=\"og:image:width\" content=\"900\" \/>\n\t<meta property=\"og:image:height\" content=\"600\" \/>\n\t<meta property=\"og:image:type\" content=\"image\/jpeg\" \/>\n<meta name=\"author\" content=\"Reda\u00e7\u00e3o\" \/>\n<meta name=\"twitter:card\" content=\"summary_large_image\" \/>\n<meta name=\"twitter:label1\" content=\"Escrito por\" \/>\n\t<meta name=\"twitter:data1\" content=\"Reda\u00e7\u00e3o\" \/>\n\t<meta name=\"twitter:label2\" content=\"Est. tempo de leitura\" \/>\n\t<meta name=\"twitter:data2\" content=\"3 minutos\" \/>\n<script type=\"application\/ld+json\" class=\"yoast-schema-graph\">{\"@context\":\"https:\/\/schema.org\",\"@graph\":[{\"@type\":\"Article\",\"@id\":\"https:\/\/sudoesteacontece.com.br\/?p=29114#article\",\"isPartOf\":{\"@id\":\"https:\/\/sudoesteacontece.com.br\/?p=29114\"},\"author\":{\"name\":\"Reda\u00e7\u00e3o\",\"@id\":\"https:\/\/sudoesteacontece.com.br\/#\/schema\/person\/a4f22429c1d0923ef8f7d43343f8dc38\"},\"headline\":\"Brumado esquenta disputa pol\u00edtica com grupos rivais no mesmo palanque de Jer\u00f4nimo e Lula\",\"datePublished\":\"2026-09-02T14:55:51+00:00\",\"dateModified\":\"2026-09-02T14:55:56+00:00\",\"mainEntityOfPage\":{\"@id\":\"https:\/\/sudoesteacontece.com.br\/?p=29114\"},\"wordCount\":449,\"commentCount\":0,\"publisher\":{\"@id\":\"https:\/\/sudoesteacontece.com.br\/#organization\"},\"image\":{\"@id\":\"https:\/\/sudoesteacontece.com.br\/?p=29114#primaryimage\"},\"thumbnailUrl\":\"https:\/\/sudoesteacontece.com.br\/wp-content\/uploads\/2026\/09\/Brumado-esquenta-disputa-politica-com-grupos-rivais-no-mesmo-palanque-de-Jeronimo-e-Lula.jpg\",\"articleSection\":[\"Bahia\",\"Brasil\",\"Elei\u00e7\u00f5es 2026\",\"Pol\u00edtica\"],\"inLanguage\":\"pt-BR\",\"potentialAction\":[{\"@type\":\"CommentAction\",\"name\":\"Comment\",\"target\":[\"https:\/\/sudoesteacontece.com.br\/?p=29114#respond\"]}]},{\"@type\":\"WebPage\",\"@id\":\"https:\/\/sudoesteacontece.com.br\/?p=29114\",\"url\":\"https:\/\/sudoesteacontece.com.br\/?p=29114\",\"name\":\"Brumado esquenta disputa pol\u00edtica com grupos rivais no mesmo palanque de Jer\u00f4nimo e Lula - Sudoesteacontece\",\"isPartOf\":{\"@id\":\"https:\/\/sudoesteacontece.com.br\/#website\"},\"primaryImageOfPage\":{\"@id\":\"https:\/\/sudoesteacontece.com.br\/?p=29114#primaryimage\"},\"image\":{\"@id\":\"https:\/\/sudoesteacontece.com.br\/?p=29114#primaryimage\"},\"thumbnailUrl\":\"https:\/\/sudoesteacontece.com.br\/wp-content\/uploads\/2026\/09\/Brumado-esquenta-disputa-politica-com-grupos-rivais-no-mesmo-palanque-de-Jeronimo-e-Lula.jpg\",\"datePublished\":\"2026-09-02T14:55:51+00:00\",\"dateModified\":\"2026-09-02T14:55:56+00:00\",\"breadcrumb\":{\"@id\":\"https:\/\/sudoesteacontece.com.br\/?p=29114#breadcrumb\"},\"inLanguage\":\"pt-BR\",\"potentialAction\":[{\"@type\":\"ReadAction\",\"target\":[\"https:\/\/sudoesteacontece.com.br\/?p=29114\"]}]},{\"@type\":\"ImageObject\",\"inLanguage\":\"pt-BR\",\"@id\":\"https:\/\/sudoesteacontece.com.br\/?p=29114#primaryimage\",\"url\":\"https:\/\/sudoesteacontece.com.br\/wp-content\/uploads\/2026\/09\/Brumado-esquenta-disputa-politica-com-grupos-rivais-no-mesmo-palanque-de-Jeronimo-e-Lula.jpg\",\"contentUrl\":\"https:\/\/sudoesteacontece.com.br\/wp-content\/uploads\/2026\/09\/Brumado-esquenta-disputa-politica-com-grupos-rivais-no-mesmo-palanque-de-Jeronimo-e-Lula.jpg\",\"width\":900,\"height\":600},{\"@type\":\"BreadcrumbList\",\"@id\":\"https:\/\/sudoesteacontece.com.br\/?p=29114#breadcrumb\",\"itemListElement\":[{\"@type\":\"ListItem\",\"position\":1,\"name\":\"In\u00edcio\",\"item\":\"https:\/\/sudoesteacontece.com.br\/\"},{\"@type\":\"ListItem\",\"position\":2,\"name\":\"Brumado esquenta disputa pol\u00edtica com grupos rivais no mesmo palanque de Jer\u00f4nimo e Lula\"}]},{\"@type\":\"WebSite\",\"@id\":\"https:\/\/sudoesteacontece.com.br\/#website\",\"url\":\"https:\/\/sudoesteacontece.com.br\/\",\"name\":\"Sudoesteacontece\",\"description\":\"\",\"publisher\":{\"@id\":\"https:\/\/sudoesteacontece.com.br\/#organization\"},\"potentialAction\":[{\"@type\":\"SearchAction\",\"target\":{\"@type\":\"EntryPoint\",\"urlTemplate\":\"https:\/\/sudoesteacontece.com.br\/?s={search_term_string}\"},\"query-input\":{\"@type\":\"PropertyValueSpecification\",\"valueRequired\":true,\"valueName\":\"search_term_string\"}}],\"inLanguage\":\"pt-BR\"},{\"@type\":\"Organization\",\"@id\":\"https:\/\/sudoesteacontece.com.br\/#organization\",\"name\":\"Sudoesteacontece\",\"url\":\"https:\/\/sudoesteacontece.com.br\/\",\"logo\":{\"@type\":\"ImageObject\",\"inLanguage\":\"pt-BR\",\"@id\":\"https:\/\/sudoesteacontece.com.br\/#\/schema\/logo\/image\/\",\"url\":\"https:\/\/sudoesteacontece.com.br\/wp-content\/uploads\/2025\/12\/cropped-logo-2-180x180-1.png\",\"contentUrl\":\"https:\/\/sudoesteacontece.com.br\/wp-content\/uploads\/2025\/12\/cropped-logo-2-180x180-1.png\",\"width\":180,\"height\":180,\"caption\":\"Sudoesteacontece\"},\"image\":{\"@id\":\"https:\/\/sudoesteacontece.com.br\/#\/schema\/logo\/image\/\"},\"sameAs\":[\"https:\/\/www.facebook.com\/sudoesteacontece\/?locale=pt_BR\"]},{\"@type\":\"Person\",\"@id\":\"https:\/\/sudoesteacontece.com.br\/#\/schema\/person\/a4f22429c1d0923ef8f7d43343f8dc38\",\"name\":\"Reda\u00e7\u00e3o\",\"image\":{\"@type\":\"ImageObject\",\"inLanguage\":\"pt-BR\",\"@id\":\"https:\/\/sudoesteacontece.com.br\/#\/schema\/person\/image\/\",\"url\":\"https:\/\/secure.gravatar.com\/avatar\/c3a5b3c93f268a709c25a2df414c629a96fb3b1b4bf97a94fb3f72e54ae76903?s=96&d=mm&r=g\",\"contentUrl\":\"https:\/\/secure.gravatar.com\/avatar\/c3a5b3c93f268a709c25a2df414c629a96fb3b1b4bf97a94fb3f72e54ae76903?s=96&d=mm&r=g\",\"caption\":\"Reda\u00e7\u00e3o\"},\"url\":\"https:\/\/sudoesteacontece.com.br\/?author=4\"}]}<\/script>\n<!-- \/ Yoast SEO plugin. -->","yoast_head_json":{"title":"Brumado esquenta disputa pol\u00edtica com grupos rivais no mesmo palanque de Jer\u00f4nimo e Lula - Sudoesteacontece","robots":{"index":"index","follow":"follow","max-snippet":"max-snippet:-1","max-image-preview":"max-image-preview:large","max-video-preview":"max-video-preview:-1"},"canonical":"https:\/\/sudoesteacontece.com.br\/?p=29114","og_locale":"pt_BR","og_type":"article","og_title":"Brumado esquenta disputa pol\u00edtica com grupos rivais no mesmo palanque de Jer\u00f4nimo e Lula - Sudoesteacontece","og_description":"As elei\u00e7\u00f5es de 2026 intensificaram em Brumado o confronto entre grupos de situa\u00e7\u00e3o e oposi\u00e7\u00e3o, que apoiam Jer\u00f4nimo Rodrigues e Luiz In\u00e1cio Lula da Silva, mas mant\u00eam a disputa concentrada na pol\u00edtica municipal. O cen\u00e1rio j\u00e1 \u00e9 tratado pelas duas alas como uma pr\u00e9via das elei\u00e7\u00f5es de 2028. Candidatos \u00e0 Assembleia Legislativa da Bahia e \u00e0 C\u00e2mara dos Deputados tamb\u00e9m utilizam a movimenta\u00e7\u00e3o pol\u00edtica para ampliar espa\u00e7o e buscar votos no munic\u00edpio. Enquanto isso, a oposi\u00e7\u00e3o ao prefeito Fabr\u00edcio Abrantes concentra cr\u00edticas principalmente na sa\u00fade p\u00fablica e em outras \u00e1reas consideradas essenciais. O grupo mant\u00e9m atua\u00e7\u00e3o pol\u00edtica desde a derrota nas elei\u00e7\u00f5es municipais de 2024. A estrat\u00e9gia inclui fiscaliza\u00e7\u00e3o e cobran\u00e7as sobre a administra\u00e7\u00e3o municipal, com o objetivo de questionar decis\u00f5es e resultados apresentados pela prefeitura durante o atual mandato. Por outro lado, aliados de Abrantes destacam a\u00e7\u00f5es realizadas ao longo de um ano e oito meses de governo. Desde o in\u00edcio do per\u00edodo eleitoral, em 16 de agosto, o grupo passou a ocupar as ruas com jingles pr\u00f3prios e identidade visual. A mobiliza\u00e7\u00e3o tamb\u00e9m refor\u00e7a a disputa pol\u00edtica local e serve como demonstra\u00e7\u00e3o de for\u00e7a para a sucess\u00e3o municipal prevista para 2028. Desde abril, o confronto entre os grupos ganhou novos epis\u00f3dios. Naquele m\u00eas, o prefeito questionou publicamente advers\u00e1rios sobre a origem de obras e recursos destinados a Brumado. Abrantes acusou integrantes da oposi\u00e7\u00e3o de tentar atribuir a si mesmos a\u00e7\u00f5es e investimentos direcionados ao munic\u00edpio. A discuss\u00e3o ampliou a disputa sobre quem possui maior influ\u00eancia na obten\u00e7\u00e3o de recursos para a cidade. Apesar das diverg\u00eancias locais, situa\u00e7\u00e3o e oposi\u00e7\u00e3o dividem o mesmo posicionamento nas disputas estadual e federal. Os dois grupos apoiam a reelei\u00e7\u00e3o de Jer\u00f4nimo Rodrigues ao Governo da Bahia e a candidatura de Luiz In\u00e1cio Lula da Silva \u00e0 Presid\u00eancia. A proximidade ficou evidente no com\u00edcio realizado em Brumado no dia 23 de agosto, quando os advers\u00e1rios ocuparam o mesmo palanque. Na ocasi\u00e3o, os grupos participaram do evento para defender as candidaturas majorit\u00e1rias apoiadas por ambos. A conviv\u00eancia, por\u00e9m, n\u00e3o eliminou as diferen\u00e7as existentes na pol\u00edtica municipal. A estrat\u00e9gia adotada pelas duas alas mant\u00e9m o apoio conjunto a Jer\u00f4nimo e Lula, enquanto o embate entre situa\u00e7\u00e3o e oposi\u00e7\u00e3o permanece voltado principalmente para a realidade pol\u00edtica de Brumado.","og_url":"https:\/\/sudoesteacontece.com.br\/?p=29114","og_site_name":"Sudoesteacontece","article_publisher":"https:\/\/www.facebook.com\/sudoesteacontece\/?locale=pt_BR","article_published_time":"2026-09-02T14:55:51+00:00","article_modified_time":"2026-09-02T14:55:56+00:00","og_image":[{"width":900,"height":600,"url":"http:\/\/sudoesteacontece.com.br\/wp-content\/uploads\/2026\/09\/Brumado-esquenta-disputa-politica-com-grupos-rivais-no-mesmo-palanque-de-Jeronimo-e-Lula.jpg","type":"image\/jpeg"}],"author":"Reda\u00e7\u00e3o","twitter_card":"summary_large_image","twitter_misc":{"Escrito por":"Reda\u00e7\u00e3o","Est. tempo de leitura":"3 minutos"},"schema":{"@context":"https:\/\/schema.org","@graph":[{"@type":"Article","@id":"https:\/\/sudoesteacontece.com.br\/?p=29114#article","isPartOf":{"@id":"https:\/\/sudoesteacontece.com.br\/?p=29114"},"author":{"name":"Reda\u00e7\u00e3o","@id":"https:\/\/sudoesteacontece.com.br\/#\/schema\/person\/a4f22429c1d0923ef8f7d43343f8dc38"},"headline":"Brumado esquenta disputa pol\u00edtica com grupos rivais no mesmo palanque de Jer\u00f4nimo e Lula","datePublished":"2026-09-02T14:55:51+00:00","dateModified":"2026-09-02T14:55:56+00:00","mainEntityOfPage":{"@id":"https:\/\/sudoesteacontece.com.br\/?p=29114"},"wordCount":449,"commentCount":0,"publisher":{"@id":"https:\/\/sudoesteacontece.com.br\/#organization"},"image":{"@id":"https:\/\/sudoesteacontece.com.br\/?p=29114#primaryimage"},"thumbnailUrl":"https:\/\/sudoesteacontece.com.br\/wp-content\/uploads\/2026\/09\/Brumado-esquenta-disputa-politica-com-grupos-rivais-no-mesmo-palanque-de-Jeronimo-e-Lula.jpg","articleSection":["Bahia","Brasil","Elei\u00e7\u00f5es 2026","Pol\u00edtica"],"inLanguage":"pt-BR","potentialAction":[{"@type":"CommentAction","name":"Comment","target":["https:\/\/sudoesteacontece.com.br\/?p=29114#respond"]}]},{"@type":"WebPage","@id":"https:\/\/sudoesteacontece.com.br\/?p=29114","url":"https:\/\/sudoesteacontece.com.br\/?p=29114","name":"Brumado esquenta disputa pol\u00edtica com grupos rivais no mesmo palanque de Jer\u00f4nimo e Lula - Sudoesteacontece","isPartOf":{"@id":"https:\/\/sudoesteacontece.com.br\/#website"},"primaryImageOfPage":{"@id":"https:\/\/sudoesteacontece.com.br\/?p=29114#primaryimage"},"image":{"@id":"https:\/\/sudoesteacontece.com.br\/?p=29114#primaryimage"},"thumbnailUrl":"https:\/\/sudoesteacontece.com.br\/wp-content\/uploads\/2026\/09\/Brumado-esquenta-disputa-politica-com-grupos-rivais-no-mesmo-palanque-de-Jeronimo-e-Lula.jpg","datePublished":"2026-09-02T14:55:51+00:00","dateModified":"2026-09-02T14:55:56+00:00","breadcrumb":{"@id":"https:\/\/sudoesteacontece.com.br\/?p=29114#breadcrumb"},"inLanguage":"pt-BR","potentialAction":[{"@type":"ReadAction","target":["https:\/\/sudoesteacontece.com.br\/?p=29114"]}]},{"@type":"ImageObject","inLanguage":"pt-BR","@id":"https:\/\/sudoesteacontece.com.br\/?p=29114#primaryimage","url":"https:\/\/sudoesteacontece.com.br\/wp-content\/uploads\/2026\/09\/Brumado-esquenta-disputa-politica-com-grupos-rivais-no-mesmo-palanque-de-Jeronimo-e-Lula.jpg","contentUrl":"https:\/\/sudoesteacontece.com.br\/wp-content\/uploads\/2026\/09\/Brumado-esquenta-disputa-politica-com-grupos-rivais-no-mesmo-palanque-de-Jeronimo-e-Lula.jpg","width":900,"height":600},{"@type":"BreadcrumbList","@id":"https:\/\/sudoesteacontece.com.br\/?p=29114#breadcrumb","itemListElement":[{"@type":"ListItem","position":1,"name":"In\u00edcio","item":"https:\/\/sudoesteacontece.com.br\/"},{"@type":"ListItem","position":2,"name":"Brumado esquenta disputa pol\u00edtica com grupos rivais no mesmo palanque de Jer\u00f4nimo e Lula"}]},{"@type":"WebSite","@id":"https:\/\/sudoesteacontece.com.br\/#website","url":"https:\/\/sudoesteacontece.com.br\/","name":"Sudoesteacontece","description":"","publisher":{"@id":"https:\/\/sudoesteacontece.com.br\/#organization"},"potentialAction":[{"@type":"SearchAction","target":{"@type":"EntryPoint","urlTemplate":"https:\/\/sudoesteacontece.com.br\/?s={search_term_string}"},"query-input":{"@type":"PropertyValueSpecification","valueRequired":true,"valueName":"search_term_string"}}],"inLanguage":"pt-BR"},{"@type":"Organization","@id":"https:\/\/sudoesteacontece.com.br\/#organization","name":"Sudoesteacontece","url":"https:\/\/sudoesteacontece.com.br\/","logo":{"@type":"ImageObject","inLanguage":"pt-BR","@id":"https:\/\/sudoesteacontece.com.br\/#\/schema\/logo\/image\/","url":"https:\/\/sudoesteacontece.com.br\/wp-content\/uploads\/2025\/12\/cropped-logo-2-180x180-1.png","contentUrl":"https:\/\/sudoesteacontece.com.br\/wp-content\/uploads\/2025\/12\/cropped-logo-2-180x180-1.png","width":180,"height":180,"caption":"Sudoesteacontece"},"image":{"@id":"https:\/\/sudoesteacontece.com.br\/#\/schema\/logo\/image\/"},"sameAs":["https:\/\/www.facebook.com\/sudoesteacontece\/?locale=pt_BR"]},{"@type":"Person","@id":"https:\/\/sudoesteacontece.com.br\/#\/schema\/person\/a4f22429c1d0923ef8f7d43343f8dc38","name":"Reda\u00e7\u00e3o","image":{"@type":"ImageObject","inLanguage":"pt-BR","@id":"https:\/\/sudoesteacontece.com.br\/#\/schema\/person\/image\/","url":"https:\/\/secure.gravatar.com\/avatar\/c3a5b3c93f268a709c25a2df414c629a96fb3b1b4bf97a94fb3f72e54ae76903?s=96&d=mm&r=g","contentUrl":"https:\/\/secure.gravatar.com\/avatar\/c3a5b3c93f268a709c25a2df414c629a96fb3b1b4bf97a94fb3f72e54ae76903?s=96&d=mm&r=g","caption":"Reda\u00e7\u00e3o"},"url":"https:\/\/sudoesteacontece.com.br\/?author=4"}]}},"_links":{"self":[{"href":"https:\/\/sudoesteacontece.com.br\/index.php?rest_route=\/wp\/v2\/posts\/29114","targetHints":{"allow":["GET"]}}],"collection":[{"href":"https:\/\/sudoesteacontece.com.br\/index.php?rest_route=\/wp\/v2\/posts"}],"about":[{"href":"https:\/\/sudoesteacontece.com.br\/index.php?rest_route=\/wp\/v2\/types\/post"}],"author":[{"embeddable":true,"href":"https:\/\/sudoesteacontece.com.br\/index.php?rest_route=\/wp\/v2\/users\/4"}],"replies":[{"embeddable":true,"href":"https:\/\/sudoesteacontece.com.br\/index.php?rest_route=%2Fwp%2Fv2%2Fcomments&post=29114"}],"version-history":[{"count":1,"href":"https:\/\/sudoesteacontece.com.br\/index.php?rest_route=\/wp\/v2\/posts\/29114\/revisions"}],"predecessor-version":[{"id":29179,"href":"https:\/\/sudoesteacontece.com.br\/index.php?rest_route=\/wp\/v2\/posts\/29114\/revisions\/29179"}],"wp:featuredmedia":[{"embeddable":true,"href":"https:\/\/sudoesteacontece.com.br\/index.php?rest_route=\/wp\/v2\/media\/29149"}],"wp:attachment":[{"href":"https:\/\/sudoesteacontece.com.br\/index.php?rest_route=%2Fwp%2Fv2%2Fmedia&parent=29114"}],"wp:term":[{"taxonomy":"category","embeddable":true,"href":"https:\/\/sudoesteacontece.com.br\/index.php?rest_route=%2Fwp%2Fv2%2Fcategories&post=29114"},{"taxonomy":"post_tag","embeddable":true,"href":"https:\/\/sudoesteacontece.com.br\/index.php?rest_route=%2Fwp%2Fv2%2Ftags&post=29114"}],"curies":[{"name":"wp","href":"https:\/\/api.w.org\/{rel}","templated":true}]}}