{"id":29120,"date":"2026-09-02T12:14:37","date_gmt":"2026-09-02T15:14:37","guid":{"rendered":"https:\/\/sudoesteacontece.com.br\/?p=29120"},"modified":"2026-09-02T12:14:42","modified_gmt":"2026-09-02T15:14:42","slug":"mdb-da-bahia-libera-r-28-milhoes-para-ricardo-maia-e-mira-tres-vagas-na-camara","status":"publish","type":"post","link":"https:\/\/sudoesteacontece.com.br\/?p=29120","title":{"rendered":"MDB da Bahia libera R$ 2,8 milh\u00f5es para Ricardo Maia e mira tr\u00eas vagas na C\u00e2mara"},"content":{"rendered":"\n<figure class=\"wp-block-image size-full\"><img fetchpriority=\"high\" decoding=\"async\" width=\"900\" height=\"600\" src=\"http:\/\/sudoesteacontece.com.br\/wp-content\/uploads\/2026\/09\/Lucio-Vieira-Lima-diz-que-MDB-ainda-nao-foi-chamado-para-discutir-chapa-de-Jeronimo-sudoeste-acontece.jpg\" alt=\"\" class=\"wp-image-29155\" srcset=\"https:\/\/sudoesteacontece.com.br\/wp-content\/uploads\/2026\/09\/Lucio-Vieira-Lima-diz-que-MDB-ainda-nao-foi-chamado-para-discutir-chapa-de-Jeronimo-sudoeste-acontece.jpg 900w, https:\/\/sudoesteacontece.com.br\/wp-content\/uploads\/2026\/09\/Lucio-Vieira-Lima-diz-que-MDB-ainda-nao-foi-chamado-para-discutir-chapa-de-Jeronimo-sudoeste-acontece-300x200.jpg 300w, https:\/\/sudoesteacontece.com.br\/wp-content\/uploads\/2026\/09\/Lucio-Vieira-Lima-diz-que-MDB-ainda-nao-foi-chamado-para-discutir-chapa-de-Jeronimo-sudoeste-acontece-768x512.jpg 768w\" sizes=\"(max-width: 900px) 100vw, 900px\" \/><\/figure>\n\n\n\n<p class=\"wp-block-paragraph\">O MDB da Bahia informou nesta ter\u00e7a-feira (1\u00ba) que a dire\u00e7\u00e3o nacional autorizou R$ 2,85 milh\u00f5es do fundo eleitoral para a campanha do deputado federal Ricardo Maia. O recurso ainda n\u00e3o havia sido transferido, mas a legenda confirmou a libera\u00e7\u00e3o da verba para o parlamentar, \u00fanico representante do partido na C\u00e2mara pelo estado.<\/p>\n\n\n\n<p class=\"wp-block-paragraph\">Segundo L\u00facio Vieira Lima, presidente de honra do MDB baiano, a distribui\u00e7\u00e3o dos recursos come\u00e7ou pelos deputados que j\u00e1 possuem mandato. Na sequ\u00eancia, conforme a dire\u00e7\u00e3o nacional, o partido dever\u00e1 direcionar verbas a candidaturas de mulheres e pessoas negras. A estrat\u00e9gia prioriza a elei\u00e7\u00e3o de deputados federais, que influencia a divis\u00e3o do fundo eleitoral e do tempo de propaganda.<\/p>\n\n\n\n<p class=\"wp-block-paragraph\">Jayme Vieira Lima, primo de L\u00facio e tamb\u00e9m candidato a deputado federal, dever\u00e1 receber uma quantia inferior \u00e0 destinada a Ricardo Maia por n\u00e3o ocupar atualmente uma cadeira na C\u00e2mara. A expectativa dentro da legenda \u00e9 que ele conquiste uma das vagas e se torne o segundo deputado federal eleito pelo MDB da Bahia.<\/p>\n\n\n\n<p class=\"wp-block-paragraph\">Entre os nomes cotados para disputar uma poss\u00edvel terceira cadeira est\u00e3o Danilo Henrique, de Barreiras, a ex-prefeita de Lauro de Freitas Moema Gramacho e a ex-vereadora de Vit\u00f3ria da Conquista L\u00facia Rocha. A dire\u00e7\u00e3o estadual avalia que a terceira vaga ser\u00e1 alvo de uma disputa acirrada com outras legendas.<\/p>\n\n\n\n<p class=\"wp-block-paragraph\">Para L\u00facio Vieira Lima, a elei\u00e7\u00e3o de tr\u00eas deputados federais ampliaria a for\u00e7a pol\u00edtica do MDB na Bahia. O dirigente tamb\u00e9m afirmou que o resultado poderia aumentar a participa\u00e7\u00e3o da legenda em eventual governo federal de Luiz In\u00e1cio Lula da Silva, caso o presidente seja reeleito.<\/p>\n\n\n\n<p class=\"wp-block-paragraph\">Na disputa pela Assembleia Legislativa da Bahia, o MDB trabalha com a possibilidade de eleger at\u00e9 quatro deputados estaduais. A dire\u00e7\u00e3o afirma considerar tr\u00eas cadeiras como uma meta consolidada e pretende conquistar uma quarta vaga nas elei\u00e7\u00f5es de 2026.<\/p>\n\n\n\n<p class=\"wp-block-paragraph\">Entre os nomes citados na disputa est\u00e3o os deputados Rog\u00e9rio Andrade e Matheus de Geraldo J\u00fanior, al\u00e9m de Carlinhos Sobral, Bete, de Z\u00e9 de Agd\u00f4nio, o vereador de Salvador David Rios e o ex-secret\u00e1rio da Superintend\u00eancia de Prote\u00e7\u00e3o e Defesa Civil da Bahia Heber Santana.<\/p>\n","protected":false},"excerpt":{"rendered":"<p>O MDB da Bahia informou nesta ter\u00e7a-feira (1\u00ba) que a dire\u00e7\u00e3o nacional autorizou R$ 2,85 milh\u00f5es do fundo eleitoral para a campanha do deputado federal Ricardo Maia. O recurso ainda n\u00e3o havia sido transferido, mas a legenda confirmou a libera\u00e7\u00e3o da verba para o parlamentar, \u00fanico representante do partido na C\u00e2mara pelo estado. Segundo L\u00facio Vieira Lima, presidente de honra do MDB baiano, a distribui\u00e7\u00e3o dos recursos come\u00e7ou pelos deputados que j\u00e1 possuem mandato. Na sequ\u00eancia, conforme a dire\u00e7\u00e3o nacional, o partido dever\u00e1 direcionar verbas a candidaturas de mulheres e pessoas negras. A estrat\u00e9gia prioriza a elei\u00e7\u00e3o de deputados federais, que influencia a divis\u00e3o do fundo eleitoral e do tempo de propaganda. Jayme Vieira Lima, primo de L\u00facio e tamb\u00e9m candidato a deputado federal, dever\u00e1 receber uma quantia inferior \u00e0 destinada a Ricardo Maia por n\u00e3o ocupar atualmente uma cadeira na C\u00e2mara. A expectativa dentro da legenda \u00e9 que ele conquiste uma das vagas e se torne o segundo deputado federal eleito pelo MDB da Bahia. Entre os nomes cotados para disputar uma poss\u00edvel terceira cadeira est\u00e3o Danilo Henrique, de Barreiras, a ex-prefeita de Lauro de Freitas Moema Gramacho e a ex-vereadora de Vit\u00f3ria da Conquista L\u00facia Rocha. A dire\u00e7\u00e3o estadual avalia que a terceira vaga ser\u00e1 alvo de uma disputa acirrada com outras legendas. Para L\u00facio Vieira Lima, a elei\u00e7\u00e3o de tr\u00eas deputados federais ampliaria a for\u00e7a pol\u00edtica do MDB na Bahia. O dirigente tamb\u00e9m afirmou que o resultado poderia aumentar a participa\u00e7\u00e3o da legenda em eventual governo federal de Luiz In\u00e1cio Lula da Silva, caso o presidente seja reeleito. Na disputa pela Assembleia Legislativa da Bahia, o MDB trabalha com a possibilidade de eleger at\u00e9 quatro deputados estaduais. A dire\u00e7\u00e3o afirma considerar tr\u00eas cadeiras como uma meta consolidada e pretende conquistar uma quarta vaga nas elei\u00e7\u00f5es de 2026. Entre os nomes citados na disputa est\u00e3o os deputados Rog\u00e9rio Andrade e Matheus de Geraldo J\u00fanior, al\u00e9m de Carlinhos Sobral, Bete, de Z\u00e9 de Agd\u00f4nio, o vereador de Salvador David Rios e o ex-secret\u00e1rio da Superintend\u00eancia de Prote\u00e7\u00e3o e Defesa Civil da Bahia Heber Santana.<\/p>\n","protected":false},"author":4,"featured_media":0,"comment_status":"open","ping_status":"open","sticky":false,"template":"","format":"standard","meta":{"footnotes":""},"categories":[7,6],"tags":[],"class_list":["post-29120","post","type-post","status-publish","format-standard","hentry","category-bahia","category-politica"],"yoast_head":"<!-- This site is optimized with the Yoast SEO plugin v26.5 - https:\/\/yoast.com\/wordpress\/plugins\/seo\/ -->\n<title>MDB da Bahia libera R$ 2,8 milh\u00f5es para Ricardo Maia e mira tr\u00eas vagas na C\u00e2mara - Sudoesteacontece<\/title>\n<meta name=\"robots\" content=\"index, follow, max-snippet:-1, max-image-preview:large, max-video-preview:-1\" \/>\n<link rel=\"canonical\" href=\"https:\/\/sudoesteacontece.com.br\/?p=29120\" \/>\n<meta property=\"og:locale\" content=\"pt_BR\" \/>\n<meta property=\"og:type\" content=\"article\" \/>\n<meta property=\"og:title\" content=\"MDB da Bahia libera R$ 2,8 milh\u00f5es para Ricardo Maia e mira tr\u00eas vagas na C\u00e2mara - Sudoesteacontece\" \/>\n<meta property=\"og:description\" content=\"O MDB da Bahia informou nesta ter\u00e7a-feira (1\u00ba) que a dire\u00e7\u00e3o nacional autorizou R$ 2,85 milh\u00f5es do fundo eleitoral para a campanha do deputado federal Ricardo Maia. O recurso ainda n\u00e3o havia sido transferido, mas a legenda confirmou a libera\u00e7\u00e3o da verba para o parlamentar, \u00fanico representante do partido na C\u00e2mara pelo estado. Segundo L\u00facio Vieira Lima, presidente de honra do MDB baiano, a distribui\u00e7\u00e3o dos recursos come\u00e7ou pelos deputados que j\u00e1 possuem mandato. Na sequ\u00eancia, conforme a dire\u00e7\u00e3o nacional, o partido dever\u00e1 direcionar verbas a candidaturas de mulheres e pessoas negras. A estrat\u00e9gia prioriza a elei\u00e7\u00e3o de deputados federais, que influencia a divis\u00e3o do fundo eleitoral e do tempo de propaganda. Jayme Vieira Lima, primo de L\u00facio e tamb\u00e9m candidato a deputado federal, dever\u00e1 receber uma quantia inferior \u00e0 destinada a Ricardo Maia por n\u00e3o ocupar atualmente uma cadeira na C\u00e2mara. A expectativa dentro da legenda \u00e9 que ele conquiste uma das vagas e se torne o segundo deputado federal eleito pelo MDB da Bahia. Entre os nomes cotados para disputar uma poss\u00edvel terceira cadeira est\u00e3o Danilo Henrique, de Barreiras, a ex-prefeita de Lauro de Freitas Moema Gramacho e a ex-vereadora de Vit\u00f3ria da Conquista L\u00facia Rocha. A dire\u00e7\u00e3o estadual avalia que a terceira vaga ser\u00e1 alvo de uma disputa acirrada com outras legendas. Para L\u00facio Vieira Lima, a elei\u00e7\u00e3o de tr\u00eas deputados federais ampliaria a for\u00e7a pol\u00edtica do MDB na Bahia. O dirigente tamb\u00e9m afirmou que o resultado poderia aumentar a participa\u00e7\u00e3o da legenda em eventual governo federal de Luiz In\u00e1cio Lula da Silva, caso o presidente seja reeleito. Na disputa pela Assembleia Legislativa da Bahia, o MDB trabalha com a possibilidade de eleger at\u00e9 quatro deputados estaduais. A dire\u00e7\u00e3o afirma considerar tr\u00eas cadeiras como uma meta consolidada e pretende conquistar uma quarta vaga nas elei\u00e7\u00f5es de 2026. Entre os nomes citados na disputa est\u00e3o os deputados Rog\u00e9rio Andrade e Matheus de Geraldo J\u00fanior, al\u00e9m de Carlinhos Sobral, Bete, de Z\u00e9 de Agd\u00f4nio, o vereador de Salvador David Rios e o ex-secret\u00e1rio da Superintend\u00eancia de Prote\u00e7\u00e3o e Defesa Civil da Bahia Heber Santana.\" \/>\n<meta property=\"og:url\" content=\"https:\/\/sudoesteacontece.com.br\/?p=29120\" \/>\n<meta property=\"og:site_name\" content=\"Sudoesteacontece\" \/>\n<meta property=\"article:publisher\" content=\"https:\/\/www.facebook.com\/sudoesteacontece\/?locale=pt_BR\" \/>\n<meta property=\"article:published_time\" content=\"2026-09-02T15:14:37+00:00\" \/>\n<meta property=\"article:modified_time\" content=\"2026-09-02T15:14:42+00:00\" \/>\n<meta property=\"og:image\" content=\"https:\/\/sudoesteacontece.com.br\/wp-content\/uploads\/2026\/09\/Lucio-Vieira-Lima-diz-que-MDB-ainda-nao-foi-chamado-para-discutir-chapa-de-Jeronimo-sudoeste-acontece.jpg\" \/>\n\t<meta property=\"og:image:width\" content=\"900\" \/>\n\t<meta property=\"og:image:height\" content=\"600\" \/>\n\t<meta property=\"og:image:type\" content=\"image\/jpeg\" \/>\n<meta name=\"author\" content=\"Reda\u00e7\u00e3o\" \/>\n<meta name=\"twitter:card\" content=\"summary_large_image\" \/>\n<meta name=\"twitter:label1\" content=\"Escrito por\" \/>\n\t<meta name=\"twitter:data1\" content=\"Reda\u00e7\u00e3o\" \/>\n\t<meta name=\"twitter:label2\" content=\"Est. tempo de leitura\" \/>\n\t<meta name=\"twitter:data2\" content=\"3 minutos\" \/>\n<script type=\"application\/ld+json\" class=\"yoast-schema-graph\">{\"@context\":\"https:\/\/schema.org\",\"@graph\":[{\"@type\":\"Article\",\"@id\":\"https:\/\/sudoesteacontece.com.br\/?p=29120#article\",\"isPartOf\":{\"@id\":\"https:\/\/sudoesteacontece.com.br\/?p=29120\"},\"author\":{\"name\":\"Reda\u00e7\u00e3o\",\"@id\":\"https:\/\/sudoesteacontece.com.br\/#\/schema\/person\/a4f22429c1d0923ef8f7d43343f8dc38\"},\"headline\":\"MDB da Bahia libera R$ 2,8 milh\u00f5es para Ricardo Maia e mira tr\u00eas vagas na C\u00e2mara\",\"datePublished\":\"2026-09-02T15:14:37+00:00\",\"dateModified\":\"2026-09-02T15:14:42+00:00\",\"mainEntityOfPage\":{\"@id\":\"https:\/\/sudoesteacontece.com.br\/?p=29120\"},\"wordCount\":400,\"commentCount\":0,\"publisher\":{\"@id\":\"https:\/\/sudoesteacontece.com.br\/#organization\"},\"image\":{\"@id\":\"https:\/\/sudoesteacontece.com.br\/?p=29120#primaryimage\"},\"thumbnailUrl\":\"http:\/\/sudoesteacontece.com.br\/wp-content\/uploads\/2026\/09\/Lucio-Vieira-Lima-diz-que-MDB-ainda-nao-foi-chamado-para-discutir-chapa-de-Jeronimo-sudoeste-acontece.jpg\",\"articleSection\":[\"Bahia\",\"Pol\u00edtica\"],\"inLanguage\":\"pt-BR\",\"potentialAction\":[{\"@type\":\"CommentAction\",\"name\":\"Comment\",\"target\":[\"https:\/\/sudoesteacontece.com.br\/?p=29120#respond\"]}]},{\"@type\":\"WebPage\",\"@id\":\"https:\/\/sudoesteacontece.com.br\/?p=29120\",\"url\":\"https:\/\/sudoesteacontece.com.br\/?p=29120\",\"name\":\"MDB da Bahia libera R$ 2,8 milh\u00f5es para Ricardo Maia e mira tr\u00eas vagas na C\u00e2mara - Sudoesteacontece\",\"isPartOf\":{\"@id\":\"https:\/\/sudoesteacontece.com.br\/#website\"},\"primaryImageOfPage\":{\"@id\":\"https:\/\/sudoesteacontece.com.br\/?p=29120#primaryimage\"},\"image\":{\"@id\":\"https:\/\/sudoesteacontece.com.br\/?p=29120#primaryimage\"},\"thumbnailUrl\":\"http:\/\/sudoesteacontece.com.br\/wp-content\/uploads\/2026\/09\/Lucio-Vieira-Lima-diz-que-MDB-ainda-nao-foi-chamado-para-discutir-chapa-de-Jeronimo-sudoeste-acontece.jpg\",\"datePublished\":\"2026-09-02T15:14:37+00:00\",\"dateModified\":\"2026-09-02T15:14:42+00:00\",\"breadcrumb\":{\"@id\":\"https:\/\/sudoesteacontece.com.br\/?p=29120#breadcrumb\"},\"inLanguage\":\"pt-BR\",\"potentialAction\":[{\"@type\":\"ReadAction\",\"target\":[\"https:\/\/sudoesteacontece.com.br\/?p=29120\"]}]},{\"@type\":\"ImageObject\",\"inLanguage\":\"pt-BR\",\"@id\":\"https:\/\/sudoesteacontece.com.br\/?p=29120#primaryimage\",\"url\":\"https:\/\/sudoesteacontece.com.br\/wp-content\/uploads\/2026\/09\/Lucio-Vieira-Lima-diz-que-MDB-ainda-nao-foi-chamado-para-discutir-chapa-de-Jeronimo-sudoeste-acontece.jpg\",\"contentUrl\":\"https:\/\/sudoesteacontece.com.br\/wp-content\/uploads\/2026\/09\/Lucio-Vieira-Lima-diz-que-MDB-ainda-nao-foi-chamado-para-discutir-chapa-de-Jeronimo-sudoeste-acontece.jpg\",\"width\":900,\"height\":600},{\"@type\":\"BreadcrumbList\",\"@id\":\"https:\/\/sudoesteacontece.com.br\/?p=29120#breadcrumb\",\"itemListElement\":[{\"@type\":\"ListItem\",\"position\":1,\"name\":\"In\u00edcio\",\"item\":\"https:\/\/sudoesteacontece.com.br\/\"},{\"@type\":\"ListItem\",\"position\":2,\"name\":\"MDB da Bahia libera R$ 2,8 milh\u00f5es para Ricardo Maia e mira tr\u00eas vagas na C\u00e2mara\"}]},{\"@type\":\"WebSite\",\"@id\":\"https:\/\/sudoesteacontece.com.br\/#website\",\"url\":\"https:\/\/sudoesteacontece.com.br\/\",\"name\":\"Sudoesteacontece\",\"description\":\"\",\"publisher\":{\"@id\":\"https:\/\/sudoesteacontece.com.br\/#organization\"},\"potentialAction\":[{\"@type\":\"SearchAction\",\"target\":{\"@type\":\"EntryPoint\",\"urlTemplate\":\"https:\/\/sudoesteacontece.com.br\/?s={search_term_string}\"},\"query-input\":{\"@type\":\"PropertyValueSpecification\",\"valueRequired\":true,\"valueName\":\"search_term_string\"}}],\"inLanguage\":\"pt-BR\"},{\"@type\":\"Organization\",\"@id\":\"https:\/\/sudoesteacontece.com.br\/#organization\",\"name\":\"Sudoesteacontece\",\"url\":\"https:\/\/sudoesteacontece.com.br\/\",\"logo\":{\"@type\":\"ImageObject\",\"inLanguage\":\"pt-BR\",\"@id\":\"https:\/\/sudoesteacontece.com.br\/#\/schema\/logo\/image\/\",\"url\":\"https:\/\/sudoesteacontece.com.br\/wp-content\/uploads\/2025\/12\/cropped-logo-2-180x180-1.png\",\"contentUrl\":\"https:\/\/sudoesteacontece.com.br\/wp-content\/uploads\/2025\/12\/cropped-logo-2-180x180-1.png\",\"width\":180,\"height\":180,\"caption\":\"Sudoesteacontece\"},\"image\":{\"@id\":\"https:\/\/sudoesteacontece.com.br\/#\/schema\/logo\/image\/\"},\"sameAs\":[\"https:\/\/www.facebook.com\/sudoesteacontece\/?locale=pt_BR\"]},{\"@type\":\"Person\",\"@id\":\"https:\/\/sudoesteacontece.com.br\/#\/schema\/person\/a4f22429c1d0923ef8f7d43343f8dc38\",\"name\":\"Reda\u00e7\u00e3o\",\"image\":{\"@type\":\"ImageObject\",\"inLanguage\":\"pt-BR\",\"@id\":\"https:\/\/sudoesteacontece.com.br\/#\/schema\/person\/image\/\",\"url\":\"https:\/\/secure.gravatar.com\/avatar\/c3a5b3c93f268a709c25a2df414c629a96fb3b1b4bf97a94fb3f72e54ae76903?s=96&d=mm&r=g\",\"contentUrl\":\"https:\/\/secure.gravatar.com\/avatar\/c3a5b3c93f268a709c25a2df414c629a96fb3b1b4bf97a94fb3f72e54ae76903?s=96&d=mm&r=g\",\"caption\":\"Reda\u00e7\u00e3o\"},\"url\":\"https:\/\/sudoesteacontece.com.br\/?author=4\"}]}<\/script>\n<!-- \/ Yoast SEO plugin. -->","yoast_head_json":{"title":"MDB da Bahia libera R$ 2,8 milh\u00f5es para Ricardo Maia e mira tr\u00eas vagas na C\u00e2mara - Sudoesteacontece","robots":{"index":"index","follow":"follow","max-snippet":"max-snippet:-1","max-image-preview":"max-image-preview:large","max-video-preview":"max-video-preview:-1"},"canonical":"https:\/\/sudoesteacontece.com.br\/?p=29120","og_locale":"pt_BR","og_type":"article","og_title":"MDB da Bahia libera R$ 2,8 milh\u00f5es para Ricardo Maia e mira tr\u00eas vagas na C\u00e2mara - Sudoesteacontece","og_description":"O MDB da Bahia informou nesta ter\u00e7a-feira (1\u00ba) que a dire\u00e7\u00e3o nacional autorizou R$ 2,85 milh\u00f5es do fundo eleitoral para a campanha do deputado federal Ricardo Maia. O recurso ainda n\u00e3o havia sido transferido, mas a legenda confirmou a libera\u00e7\u00e3o da verba para o parlamentar, \u00fanico representante do partido na C\u00e2mara pelo estado. Segundo L\u00facio Vieira Lima, presidente de honra do MDB baiano, a distribui\u00e7\u00e3o dos recursos come\u00e7ou pelos deputados que j\u00e1 possuem mandato. Na sequ\u00eancia, conforme a dire\u00e7\u00e3o nacional, o partido dever\u00e1 direcionar verbas a candidaturas de mulheres e pessoas negras. A estrat\u00e9gia prioriza a elei\u00e7\u00e3o de deputados federais, que influencia a divis\u00e3o do fundo eleitoral e do tempo de propaganda. Jayme Vieira Lima, primo de L\u00facio e tamb\u00e9m candidato a deputado federal, dever\u00e1 receber uma quantia inferior \u00e0 destinada a Ricardo Maia por n\u00e3o ocupar atualmente uma cadeira na C\u00e2mara. A expectativa dentro da legenda \u00e9 que ele conquiste uma das vagas e se torne o segundo deputado federal eleito pelo MDB da Bahia. Entre os nomes cotados para disputar uma poss\u00edvel terceira cadeira est\u00e3o Danilo Henrique, de Barreiras, a ex-prefeita de Lauro de Freitas Moema Gramacho e a ex-vereadora de Vit\u00f3ria da Conquista L\u00facia Rocha. A dire\u00e7\u00e3o estadual avalia que a terceira vaga ser\u00e1 alvo de uma disputa acirrada com outras legendas. Para L\u00facio Vieira Lima, a elei\u00e7\u00e3o de tr\u00eas deputados federais ampliaria a for\u00e7a pol\u00edtica do MDB na Bahia. O dirigente tamb\u00e9m afirmou que o resultado poderia aumentar a participa\u00e7\u00e3o da legenda em eventual governo federal de Luiz In\u00e1cio Lula da Silva, caso o presidente seja reeleito. Na disputa pela Assembleia Legislativa da Bahia, o MDB trabalha com a possibilidade de eleger at\u00e9 quatro deputados estaduais. A dire\u00e7\u00e3o afirma considerar tr\u00eas cadeiras como uma meta consolidada e pretende conquistar uma quarta vaga nas elei\u00e7\u00f5es de 2026. Entre os nomes citados na disputa est\u00e3o os deputados Rog\u00e9rio Andrade e Matheus de Geraldo J\u00fanior, al\u00e9m de Carlinhos Sobral, Bete, de Z\u00e9 de Agd\u00f4nio, o vereador de Salvador David Rios e o ex-secret\u00e1rio da Superintend\u00eancia de Prote\u00e7\u00e3o e Defesa Civil da Bahia Heber Santana.","og_url":"https:\/\/sudoesteacontece.com.br\/?p=29120","og_site_name":"Sudoesteacontece","article_publisher":"https:\/\/www.facebook.com\/sudoesteacontece\/?locale=pt_BR","article_published_time":"2026-09-02T15:14:37+00:00","article_modified_time":"2026-09-02T15:14:42+00:00","og_image":[{"width":900,"height":600,"url":"https:\/\/sudoesteacontece.com.br\/wp-content\/uploads\/2026\/09\/Lucio-Vieira-Lima-diz-que-MDB-ainda-nao-foi-chamado-para-discutir-chapa-de-Jeronimo-sudoeste-acontece.jpg","type":"image\/jpeg"}],"author":"Reda\u00e7\u00e3o","twitter_card":"summary_large_image","twitter_misc":{"Escrito por":"Reda\u00e7\u00e3o","Est. tempo de leitura":"3 minutos"},"schema":{"@context":"https:\/\/schema.org","@graph":[{"@type":"Article","@id":"https:\/\/sudoesteacontece.com.br\/?p=29120#article","isPartOf":{"@id":"https:\/\/sudoesteacontece.com.br\/?p=29120"},"author":{"name":"Reda\u00e7\u00e3o","@id":"https:\/\/sudoesteacontece.com.br\/#\/schema\/person\/a4f22429c1d0923ef8f7d43343f8dc38"},"headline":"MDB da Bahia libera R$ 2,8 milh\u00f5es para Ricardo Maia e mira tr\u00eas vagas na C\u00e2mara","datePublished":"2026-09-02T15:14:37+00:00","dateModified":"2026-09-02T15:14:42+00:00","mainEntityOfPage":{"@id":"https:\/\/sudoesteacontece.com.br\/?p=29120"},"wordCount":400,"commentCount":0,"publisher":{"@id":"https:\/\/sudoesteacontece.com.br\/#organization"},"image":{"@id":"https:\/\/sudoesteacontece.com.br\/?p=29120#primaryimage"},"thumbnailUrl":"http:\/\/sudoesteacontece.com.br\/wp-content\/uploads\/2026\/09\/Lucio-Vieira-Lima-diz-que-MDB-ainda-nao-foi-chamado-para-discutir-chapa-de-Jeronimo-sudoeste-acontece.jpg","articleSection":["Bahia","Pol\u00edtica"],"inLanguage":"pt-BR","potentialAction":[{"@type":"CommentAction","name":"Comment","target":["https:\/\/sudoesteacontece.com.br\/?p=29120#respond"]}]},{"@type":"WebPage","@id":"https:\/\/sudoesteacontece.com.br\/?p=29120","url":"https:\/\/sudoesteacontece.com.br\/?p=29120","name":"MDB da Bahia libera R$ 2,8 milh\u00f5es para Ricardo Maia e mira tr\u00eas vagas na C\u00e2mara - Sudoesteacontece","isPartOf":{"@id":"https:\/\/sudoesteacontece.com.br\/#website"},"primaryImageOfPage":{"@id":"https:\/\/sudoesteacontece.com.br\/?p=29120#primaryimage"},"image":{"@id":"https:\/\/sudoesteacontece.com.br\/?p=29120#primaryimage"},"thumbnailUrl":"http:\/\/sudoesteacontece.com.br\/wp-content\/uploads\/2026\/09\/Lucio-Vieira-Lima-diz-que-MDB-ainda-nao-foi-chamado-para-discutir-chapa-de-Jeronimo-sudoeste-acontece.jpg","datePublished":"2026-09-02T15:14:37+00:00","dateModified":"2026-09-02T15:14:42+00:00","breadcrumb":{"@id":"https:\/\/sudoesteacontece.com.br\/?p=29120#breadcrumb"},"inLanguage":"pt-BR","potentialAction":[{"@type":"ReadAction","target":["https:\/\/sudoesteacontece.com.br\/?p=29120"]}]},{"@type":"ImageObject","inLanguage":"pt-BR","@id":"https:\/\/sudoesteacontece.com.br\/?p=29120#primaryimage","url":"https:\/\/sudoesteacontece.com.br\/wp-content\/uploads\/2026\/09\/Lucio-Vieira-Lima-diz-que-MDB-ainda-nao-foi-chamado-para-discutir-chapa-de-Jeronimo-sudoeste-acontece.jpg","contentUrl":"https:\/\/sudoesteacontece.com.br\/wp-content\/uploads\/2026\/09\/Lucio-Vieira-Lima-diz-que-MDB-ainda-nao-foi-chamado-para-discutir-chapa-de-Jeronimo-sudoeste-acontece.jpg","width":900,"height":600},{"@type":"BreadcrumbList","@id":"https:\/\/sudoesteacontece.com.br\/?p=29120#breadcrumb","itemListElement":[{"@type":"ListItem","position":1,"name":"In\u00edcio","item":"https:\/\/sudoesteacontece.com.br\/"},{"@type":"ListItem","position":2,"name":"MDB da Bahia libera R$ 2,8 milh\u00f5es para Ricardo Maia e mira tr\u00eas vagas na C\u00e2mara"}]},{"@type":"WebSite","@id":"https:\/\/sudoesteacontece.com.br\/#website","url":"https:\/\/sudoesteacontece.com.br\/","name":"Sudoesteacontece","description":"","publisher":{"@id":"https:\/\/sudoesteacontece.com.br\/#organization"},"potentialAction":[{"@type":"SearchAction","target":{"@type":"EntryPoint","urlTemplate":"https:\/\/sudoesteacontece.com.br\/?s={search_term_string}"},"query-input":{"@type":"PropertyValueSpecification","valueRequired":true,"valueName":"search_term_string"}}],"inLanguage":"pt-BR"},{"@type":"Organization","@id":"https:\/\/sudoesteacontece.com.br\/#organization","name":"Sudoesteacontece","url":"https:\/\/sudoesteacontece.com.br\/","logo":{"@type":"ImageObject","inLanguage":"pt-BR","@id":"https:\/\/sudoesteacontece.com.br\/#\/schema\/logo\/image\/","url":"https:\/\/sudoesteacontece.com.br\/wp-content\/uploads\/2025\/12\/cropped-logo-2-180x180-1.png","contentUrl":"https:\/\/sudoesteacontece.com.br\/wp-content\/uploads\/2025\/12\/cropped-logo-2-180x180-1.png","width":180,"height":180,"caption":"Sudoesteacontece"},"image":{"@id":"https:\/\/sudoesteacontece.com.br\/#\/schema\/logo\/image\/"},"sameAs":["https:\/\/www.facebook.com\/sudoesteacontece\/?locale=pt_BR"]},{"@type":"Person","@id":"https:\/\/sudoesteacontece.com.br\/#\/schema\/person\/a4f22429c1d0923ef8f7d43343f8dc38","name":"Reda\u00e7\u00e3o","image":{"@type":"ImageObject","inLanguage":"pt-BR","@id":"https:\/\/sudoesteacontece.com.br\/#\/schema\/person\/image\/","url":"https:\/\/secure.gravatar.com\/avatar\/c3a5b3c93f268a709c25a2df414c629a96fb3b1b4bf97a94fb3f72e54ae76903?s=96&d=mm&r=g","contentUrl":"https:\/\/secure.gravatar.com\/avatar\/c3a5b3c93f268a709c25a2df414c629a96fb3b1b4bf97a94fb3f72e54ae76903?s=96&d=mm&r=g","caption":"Reda\u00e7\u00e3o"},"url":"https:\/\/sudoesteacontece.com.br\/?author=4"}]}},"_links":{"self":[{"href":"https:\/\/sudoesteacontece.com.br\/index.php?rest_route=\/wp\/v2\/posts\/29120","targetHints":{"allow":["GET"]}}],"collection":[{"href":"https:\/\/sudoesteacontece.com.br\/index.php?rest_route=\/wp\/v2\/posts"}],"about":[{"href":"https:\/\/sudoesteacontece.com.br\/index.php?rest_route=\/wp\/v2\/types\/post"}],"author":[{"embeddable":true,"href":"https:\/\/sudoesteacontece.com.br\/index.php?rest_route=\/wp\/v2\/users\/4"}],"replies":[{"embeddable":true,"href":"https:\/\/sudoesteacontece.com.br\/index.php?rest_route=%2Fwp%2Fv2%2Fcomments&post=29120"}],"version-history":[{"count":1,"href":"https:\/\/sudoesteacontece.com.br\/index.php?rest_route=\/wp\/v2\/posts\/29120\/revisions"}],"predecessor-version":[{"id":29194,"href":"https:\/\/sudoesteacontece.com.br\/index.php?rest_route=\/wp\/v2\/posts\/29120\/revisions\/29194"}],"wp:attachment":[{"href":"https:\/\/sudoesteacontece.com.br\/index.php?rest_route=%2Fwp%2Fv2%2Fmedia&parent=29120"}],"wp:term":[{"taxonomy":"category","embeddable":true,"href":"https:\/\/sudoesteacontece.com.br\/index.php?rest_route=%2Fwp%2Fv2%2Fcategories&post=29120"},{"taxonomy":"post_tag","embeddable":true,"href":"https:\/\/sudoesteacontece.com.br\/index.php?rest_route=%2Fwp%2Fv2%2Ftags&post=29120"}],"curies":[{"name":"wp","href":"https:\/\/api.w.org\/{rel}","templated":true}]}}