{"id":29121,"date":"2026-09-02T12:15:04","date_gmt":"2026-09-02T15:15:04","guid":{"rendered":"https:\/\/sudoesteacontece.com.br\/?p=29121"},"modified":"2026-09-02T12:15:09","modified_gmt":"2026-09-02T15:15:09","slug":"serra-da-chapadinha-ganha-unidade-de-conservacao-de-183-mil-hectares-na-chapada-diamantina","status":"publish","type":"post","link":"https:\/\/sudoesteacontece.com.br\/?p=29121","title":{"rendered":"Serra da Chapadinha ganha unidade de conserva\u00e7\u00e3o de 18,3 mil hectares na Chapada Diamantina"},"content":{"rendered":"\n<figure class=\"wp-block-image size-full\"><img fetchpriority=\"high\" decoding=\"async\" width=\"900\" height=\"600\" src=\"http:\/\/sudoesteacontece.com.br\/wp-content\/uploads\/2026\/09\/Serra-da-Chapadinha-ganha-unidade-de-conservacao-de-183-mil-hectares-na-Chapada-Diamantina.jpg\" alt=\"\" class=\"wp-image-29165\" srcset=\"https:\/\/sudoesteacontece.com.br\/wp-content\/uploads\/2026\/09\/Serra-da-Chapadinha-ganha-unidade-de-conservacao-de-183-mil-hectares-na-Chapada-Diamantina.jpg 900w, https:\/\/sudoesteacontece.com.br\/wp-content\/uploads\/2026\/09\/Serra-da-Chapadinha-ganha-unidade-de-conservacao-de-183-mil-hectares-na-Chapada-Diamantina-300x200.jpg 300w, https:\/\/sudoesteacontece.com.br\/wp-content\/uploads\/2026\/09\/Serra-da-Chapadinha-ganha-unidade-de-conservacao-de-183-mil-hectares-na-Chapada-Diamantina-768x512.jpg 768w\" sizes=\"(max-width: 900px) 100vw, 900px\" \/><\/figure>\n\n\n\n<p class=\"wp-block-paragraph\">A Serra da Chapadinha, no sul da Chapada Diamantina, passou a contar com uma nova \u00e1rea de prote\u00e7\u00e3o ambiental nesta ter\u00e7a-feira (1\u00ba). O Governo da Bahia criou o Ref\u00fagio de Vida Silvestre (REVIS) Serra da Chapadinha por meio do Decreto n\u00ba 24.778, publicado no Di\u00e1rio Oficial do Estado. A unidade possui aproximadamente 18,3 mil hectares distribu\u00eddos entre Itaet\u00ea, Ibicoara, Mucug\u00ea e Iramaia.<\/p>\n\n\n\n<p class=\"wp-block-paragraph\">Entre os objetivos da nova unidade de conserva\u00e7\u00e3o est\u00e3o a prote\u00e7\u00e3o da vegeta\u00e7\u00e3o nativa, da fauna, da flora, das nascentes e dos recursos h\u00eddricos existentes na regi\u00e3o. A medida tamb\u00e9m busca preservar a paisagem e os patrim\u00f4nios hist\u00f3rico e ambiental, al\u00e9m de manter a conex\u00e3o entre \u00e1reas de vegeta\u00e7\u00e3o nativa e outras regi\u00f5es protegidas.<\/p>\n\n\n\n<p class=\"wp-block-paragraph\">Estudos t\u00e9cnicos apontaram ainda a import\u00e2ncia da Serra da Chapadinha para a seguran\u00e7a h\u00eddrica. A \u00e1rea re\u00fane nascentes e regi\u00f5es de recarga relacionadas ao Rio Una, que contribuem para a manuten\u00e7\u00e3o dos aqu\u00edferos, das vaz\u00f5es dos cursos d\u2019\u00e1gua e da qualidade da \u00e1gua. Pesquisas tamb\u00e9m identificaram esp\u00e9cies amea\u00e7adas de extin\u00e7\u00e3o, animais end\u00eamicos e ambientes considerados relevantes para a conserva\u00e7\u00e3o.<\/p>\n\n\n\n<p class=\"wp-block-paragraph\">A cria\u00e7\u00e3o do REVIS teve origem em uma demanda apresentada pela sociedade civil e encaminhada ao Estado pelo Minist\u00e9rio do Meio Ambiente e Mudan\u00e7a do Clima. A proposta foi desenvolvida com base em estudos, visitas de campo, reuni\u00f5es institucionais e participa\u00e7\u00e3o de organiza\u00e7\u00f5es da sociedade civil e representantes dos munic\u00edpios envolvidos.<\/p>\n\n\n\n<p class=\"wp-block-paragraph\">Durante a elabora\u00e7\u00e3o da unidade, o Governo da Bahia realizou uma consulta p\u00fablica em junho deste ano, que recebeu 299 contribui\u00e7\u00f5es. As manifesta\u00e7\u00f5es foram analisadas antes da defini\u00e7\u00e3o dos limites finais, que tamb\u00e9m incorporaram uma pequena \u00e1rea pertencente ao munic\u00edpio de Iramaia.<\/p>\n\n\n\n<p class=\"wp-block-paragraph\">Por se tratar de um Ref\u00fagio de Vida Silvestre, a unidade permite a perman\u00eancia de propriedades particulares e de atividades j\u00e1 existentes, desde que sejam compat\u00edveis com os objetivos de conserva\u00e7\u00e3o. O decreto tamb\u00e9m preserva os usos regularmente estabelecidos em assentamentos de reforma agr\u00e1ria, desde que sejam respeitadas as normas ambientais e as regras da unidade.<\/p>\n\n\n\n<p class=\"wp-block-paragraph\">Visita\u00e7\u00e3o p\u00fablica, educa\u00e7\u00e3o ambiental, pesquisas cient\u00edficas, fiscaliza\u00e7\u00e3o, preven\u00e7\u00e3o e combate a inc\u00eandios, recupera\u00e7\u00e3o de \u00e1reas degradadas e monitoramento ambiental est\u00e3o entre as atividades permitidas. Minera\u00e7\u00e3o e outras pr\u00e1ticas incompat\u00edveis com a conserva\u00e7\u00e3o ficam proibidas. Tamb\u00e9m n\u00e3o s\u00e3o permitidas ca\u00e7a, captura, coleta, persegui\u00e7\u00e3o ou perturba\u00e7\u00e3o da fauna, exceto em a\u00e7\u00f5es autorizadas de manejo, pesquisa ou controle.<\/p>\n\n\n\n<p class=\"wp-block-paragraph\">A gest\u00e3o do Ref\u00fagio de Vida Silvestre Serra da Chapadinha ficar\u00e1 sob responsabilidade do Instituto do Meio Ambiente e Recursos H\u00eddricos (Inema). O decreto prev\u00ea a cria\u00e7\u00e3o de um Conselho Consultivo e estabelece que o Plano de Manejo dever\u00e1 ser elaborado e aprovado em at\u00e9 cinco anos. At\u00e9 a conclus\u00e3o do documento, permanecem proibidas atividades capazes de comprometer os objetivos que motivaram a cria\u00e7\u00e3o da unidade.<\/p>\n","protected":false},"excerpt":{"rendered":"<p>A Serra da Chapadinha, no sul da Chapada Diamantina, passou a contar com uma nova \u00e1rea de prote\u00e7\u00e3o ambiental nesta ter\u00e7a-feira (1\u00ba). O Governo da Bahia criou o Ref\u00fagio de Vida Silvestre (REVIS) Serra da Chapadinha por meio do Decreto n\u00ba 24.778, publicado no Di\u00e1rio Oficial do Estado. A unidade possui aproximadamente 18,3 mil hectares distribu\u00eddos entre Itaet\u00ea, Ibicoara, Mucug\u00ea e Iramaia. Entre os objetivos da nova unidade de conserva\u00e7\u00e3o est\u00e3o a prote\u00e7\u00e3o da vegeta\u00e7\u00e3o nativa, da fauna, da flora, das nascentes e dos recursos h\u00eddricos existentes na regi\u00e3o. A medida tamb\u00e9m busca preservar a paisagem e os patrim\u00f4nios hist\u00f3rico e ambiental, al\u00e9m de manter a conex\u00e3o entre \u00e1reas de vegeta\u00e7\u00e3o nativa e outras regi\u00f5es protegidas. Estudos t\u00e9cnicos apontaram ainda a import\u00e2ncia da Serra da Chapadinha para a seguran\u00e7a h\u00eddrica. A \u00e1rea re\u00fane nascentes e regi\u00f5es de recarga relacionadas ao Rio Una, que contribuem para a manuten\u00e7\u00e3o dos aqu\u00edferos, das vaz\u00f5es dos cursos d\u2019\u00e1gua e da qualidade da \u00e1gua. Pesquisas tamb\u00e9m identificaram esp\u00e9cies amea\u00e7adas de extin\u00e7\u00e3o, animais end\u00eamicos e ambientes considerados relevantes para a conserva\u00e7\u00e3o. A cria\u00e7\u00e3o do REVIS teve origem em uma demanda apresentada pela sociedade civil e encaminhada ao Estado pelo Minist\u00e9rio do Meio Ambiente e Mudan\u00e7a do Clima. A proposta foi desenvolvida com base em estudos, visitas de campo, reuni\u00f5es institucionais e participa\u00e7\u00e3o de organiza\u00e7\u00f5es da sociedade civil e representantes dos munic\u00edpios envolvidos. Durante a elabora\u00e7\u00e3o da unidade, o Governo da Bahia realizou uma consulta p\u00fablica em junho deste ano, que recebeu 299 contribui\u00e7\u00f5es. As manifesta\u00e7\u00f5es foram analisadas antes da defini\u00e7\u00e3o dos limites finais, que tamb\u00e9m incorporaram uma pequena \u00e1rea pertencente ao munic\u00edpio de Iramaia. Por se tratar de um Ref\u00fagio de Vida Silvestre, a unidade permite a perman\u00eancia de propriedades particulares e de atividades j\u00e1 existentes, desde que sejam compat\u00edveis com os objetivos de conserva\u00e7\u00e3o. O decreto tamb\u00e9m preserva os usos regularmente estabelecidos em assentamentos de reforma agr\u00e1ria, desde que sejam respeitadas as normas ambientais e as regras da unidade. Visita\u00e7\u00e3o p\u00fablica, educa\u00e7\u00e3o ambiental, pesquisas cient\u00edficas, fiscaliza\u00e7\u00e3o, preven\u00e7\u00e3o e combate a inc\u00eandios, recupera\u00e7\u00e3o de \u00e1reas degradadas e monitoramento ambiental est\u00e3o entre as atividades permitidas. Minera\u00e7\u00e3o e outras pr\u00e1ticas incompat\u00edveis com a conserva\u00e7\u00e3o ficam proibidas. Tamb\u00e9m n\u00e3o s\u00e3o permitidas ca\u00e7a, captura, coleta, persegui\u00e7\u00e3o ou perturba\u00e7\u00e3o da fauna, exceto em a\u00e7\u00f5es autorizadas de manejo, pesquisa ou controle. A gest\u00e3o do Ref\u00fagio de Vida Silvestre Serra da Chapadinha ficar\u00e1 sob responsabilidade do Instituto do Meio Ambiente e Recursos H\u00eddricos (Inema). O decreto prev\u00ea a cria\u00e7\u00e3o de um Conselho Consultivo e estabelece que o Plano de Manejo dever\u00e1 ser elaborado e aprovado em at\u00e9 cinco anos. At\u00e9 a conclus\u00e3o do documento, permanecem proibidas atividades capazes de comprometer os objetivos que motivaram a cria\u00e7\u00e3o da unidade.<\/p>\n","protected":false},"author":4,"featured_media":0,"comment_status":"open","ping_status":"open","sticky":false,"template":"","format":"standard","meta":{"footnotes":""},"categories":[4],"tags":[],"class_list":["post-29121","post","type-post","status-publish","format-standard","hentry","category-cidades"],"yoast_head":"<!-- This site is optimized with the Yoast SEO plugin v26.5 - https:\/\/yoast.com\/wordpress\/plugins\/seo\/ -->\n<title>Serra da Chapadinha ganha unidade de conserva\u00e7\u00e3o de 18,3 mil hectares na Chapada Diamantina - Sudoesteacontece<\/title>\n<meta name=\"robots\" content=\"index, follow, max-snippet:-1, max-image-preview:large, max-video-preview:-1\" \/>\n<link rel=\"canonical\" href=\"https:\/\/sudoesteacontece.com.br\/?p=29121\" \/>\n<meta property=\"og:locale\" content=\"pt_BR\" \/>\n<meta property=\"og:type\" content=\"article\" \/>\n<meta property=\"og:title\" content=\"Serra da Chapadinha ganha unidade de conserva\u00e7\u00e3o de 18,3 mil hectares na Chapada Diamantina - Sudoesteacontece\" \/>\n<meta property=\"og:description\" content=\"A Serra da Chapadinha, no sul da Chapada Diamantina, passou a contar com uma nova \u00e1rea de prote\u00e7\u00e3o ambiental nesta ter\u00e7a-feira (1\u00ba). O Governo da Bahia criou o Ref\u00fagio de Vida Silvestre (REVIS) Serra da Chapadinha por meio do Decreto n\u00ba 24.778, publicado no Di\u00e1rio Oficial do Estado. A unidade possui aproximadamente 18,3 mil hectares distribu\u00eddos entre Itaet\u00ea, Ibicoara, Mucug\u00ea e Iramaia. Entre os objetivos da nova unidade de conserva\u00e7\u00e3o est\u00e3o a prote\u00e7\u00e3o da vegeta\u00e7\u00e3o nativa, da fauna, da flora, das nascentes e dos recursos h\u00eddricos existentes na regi\u00e3o. A medida tamb\u00e9m busca preservar a paisagem e os patrim\u00f4nios hist\u00f3rico e ambiental, al\u00e9m de manter a conex\u00e3o entre \u00e1reas de vegeta\u00e7\u00e3o nativa e outras regi\u00f5es protegidas. Estudos t\u00e9cnicos apontaram ainda a import\u00e2ncia da Serra da Chapadinha para a seguran\u00e7a h\u00eddrica. A \u00e1rea re\u00fane nascentes e regi\u00f5es de recarga relacionadas ao Rio Una, que contribuem para a manuten\u00e7\u00e3o dos aqu\u00edferos, das vaz\u00f5es dos cursos d\u2019\u00e1gua e da qualidade da \u00e1gua. Pesquisas tamb\u00e9m identificaram esp\u00e9cies amea\u00e7adas de extin\u00e7\u00e3o, animais end\u00eamicos e ambientes considerados relevantes para a conserva\u00e7\u00e3o. A cria\u00e7\u00e3o do REVIS teve origem em uma demanda apresentada pela sociedade civil e encaminhada ao Estado pelo Minist\u00e9rio do Meio Ambiente e Mudan\u00e7a do Clima. A proposta foi desenvolvida com base em estudos, visitas de campo, reuni\u00f5es institucionais e participa\u00e7\u00e3o de organiza\u00e7\u00f5es da sociedade civil e representantes dos munic\u00edpios envolvidos. Durante a elabora\u00e7\u00e3o da unidade, o Governo da Bahia realizou uma consulta p\u00fablica em junho deste ano, que recebeu 299 contribui\u00e7\u00f5es. As manifesta\u00e7\u00f5es foram analisadas antes da defini\u00e7\u00e3o dos limites finais, que tamb\u00e9m incorporaram uma pequena \u00e1rea pertencente ao munic\u00edpio de Iramaia. Por se tratar de um Ref\u00fagio de Vida Silvestre, a unidade permite a perman\u00eancia de propriedades particulares e de atividades j\u00e1 existentes, desde que sejam compat\u00edveis com os objetivos de conserva\u00e7\u00e3o. O decreto tamb\u00e9m preserva os usos regularmente estabelecidos em assentamentos de reforma agr\u00e1ria, desde que sejam respeitadas as normas ambientais e as regras da unidade. Visita\u00e7\u00e3o p\u00fablica, educa\u00e7\u00e3o ambiental, pesquisas cient\u00edficas, fiscaliza\u00e7\u00e3o, preven\u00e7\u00e3o e combate a inc\u00eandios, recupera\u00e7\u00e3o de \u00e1reas degradadas e monitoramento ambiental est\u00e3o entre as atividades permitidas. Minera\u00e7\u00e3o e outras pr\u00e1ticas incompat\u00edveis com a conserva\u00e7\u00e3o ficam proibidas. Tamb\u00e9m n\u00e3o s\u00e3o permitidas ca\u00e7a, captura, coleta, persegui\u00e7\u00e3o ou perturba\u00e7\u00e3o da fauna, exceto em a\u00e7\u00f5es autorizadas de manejo, pesquisa ou controle. A gest\u00e3o do Ref\u00fagio de Vida Silvestre Serra da Chapadinha ficar\u00e1 sob responsabilidade do Instituto do Meio Ambiente e Recursos H\u00eddricos (Inema). O decreto prev\u00ea a cria\u00e7\u00e3o de um Conselho Consultivo e estabelece que o Plano de Manejo dever\u00e1 ser elaborado e aprovado em at\u00e9 cinco anos. At\u00e9 a conclus\u00e3o do documento, permanecem proibidas atividades capazes de comprometer os objetivos que motivaram a cria\u00e7\u00e3o da unidade.\" \/>\n<meta property=\"og:url\" content=\"https:\/\/sudoesteacontece.com.br\/?p=29121\" \/>\n<meta property=\"og:site_name\" content=\"Sudoesteacontece\" \/>\n<meta property=\"article:publisher\" content=\"https:\/\/www.facebook.com\/sudoesteacontece\/?locale=pt_BR\" \/>\n<meta property=\"article:published_time\" content=\"2026-09-02T15:15:04+00:00\" \/>\n<meta property=\"article:modified_time\" content=\"2026-09-02T15:15:09+00:00\" \/>\n<meta property=\"og:image\" content=\"https:\/\/sudoesteacontece.com.br\/wp-content\/uploads\/2026\/09\/Serra-da-Chapadinha-ganha-unidade-de-conservacao-de-183-mil-hectares-na-Chapada-Diamantina.jpg\" \/>\n\t<meta property=\"og:image:width\" content=\"900\" \/>\n\t<meta property=\"og:image:height\" content=\"600\" \/>\n\t<meta property=\"og:image:type\" content=\"image\/jpeg\" \/>\n<meta name=\"author\" content=\"Reda\u00e7\u00e3o\" \/>\n<meta name=\"twitter:card\" content=\"summary_large_image\" \/>\n<meta name=\"twitter:label1\" content=\"Escrito por\" \/>\n\t<meta name=\"twitter:data1\" content=\"Reda\u00e7\u00e3o\" \/>\n\t<meta name=\"twitter:label2\" content=\"Est. tempo de leitura\" \/>\n\t<meta name=\"twitter:data2\" content=\"3 minutos\" \/>\n<script type=\"application\/ld+json\" class=\"yoast-schema-graph\">{\"@context\":\"https:\/\/schema.org\",\"@graph\":[{\"@type\":\"Article\",\"@id\":\"https:\/\/sudoesteacontece.com.br\/?p=29121#article\",\"isPartOf\":{\"@id\":\"https:\/\/sudoesteacontece.com.br\/?p=29121\"},\"author\":{\"name\":\"Reda\u00e7\u00e3o\",\"@id\":\"https:\/\/sudoesteacontece.com.br\/#\/schema\/person\/a4f22429c1d0923ef8f7d43343f8dc38\"},\"headline\":\"Serra da Chapadinha ganha unidade de conserva\u00e7\u00e3o de 18,3 mil hectares na Chapada Diamantina\",\"datePublished\":\"2026-09-02T15:15:04+00:00\",\"dateModified\":\"2026-09-02T15:15:09+00:00\",\"mainEntityOfPage\":{\"@id\":\"https:\/\/sudoesteacontece.com.br\/?p=29121\"},\"wordCount\":535,\"commentCount\":0,\"publisher\":{\"@id\":\"https:\/\/sudoesteacontece.com.br\/#organization\"},\"image\":{\"@id\":\"https:\/\/sudoesteacontece.com.br\/?p=29121#primaryimage\"},\"thumbnailUrl\":\"http:\/\/sudoesteacontece.com.br\/wp-content\/uploads\/2026\/09\/Serra-da-Chapadinha-ganha-unidade-de-conservacao-de-183-mil-hectares-na-Chapada-Diamantina.jpg\",\"articleSection\":[\"Cidades\"],\"inLanguage\":\"pt-BR\",\"potentialAction\":[{\"@type\":\"CommentAction\",\"name\":\"Comment\",\"target\":[\"https:\/\/sudoesteacontece.com.br\/?p=29121#respond\"]}]},{\"@type\":\"WebPage\",\"@id\":\"https:\/\/sudoesteacontece.com.br\/?p=29121\",\"url\":\"https:\/\/sudoesteacontece.com.br\/?p=29121\",\"name\":\"Serra da Chapadinha ganha unidade de conserva\u00e7\u00e3o de 18,3 mil hectares na Chapada Diamantina - Sudoesteacontece\",\"isPartOf\":{\"@id\":\"https:\/\/sudoesteacontece.com.br\/#website\"},\"primaryImageOfPage\":{\"@id\":\"https:\/\/sudoesteacontece.com.br\/?p=29121#primaryimage\"},\"image\":{\"@id\":\"https:\/\/sudoesteacontece.com.br\/?p=29121#primaryimage\"},\"thumbnailUrl\":\"http:\/\/sudoesteacontece.com.br\/wp-content\/uploads\/2026\/09\/Serra-da-Chapadinha-ganha-unidade-de-conservacao-de-183-mil-hectares-na-Chapada-Diamantina.jpg\",\"datePublished\":\"2026-09-02T15:15:04+00:00\",\"dateModified\":\"2026-09-02T15:15:09+00:00\",\"breadcrumb\":{\"@id\":\"https:\/\/sudoesteacontece.com.br\/?p=29121#breadcrumb\"},\"inLanguage\":\"pt-BR\",\"potentialAction\":[{\"@type\":\"ReadAction\",\"target\":[\"https:\/\/sudoesteacontece.com.br\/?p=29121\"]}]},{\"@type\":\"ImageObject\",\"inLanguage\":\"pt-BR\",\"@id\":\"https:\/\/sudoesteacontece.com.br\/?p=29121#primaryimage\",\"url\":\"https:\/\/sudoesteacontece.com.br\/wp-content\/uploads\/2026\/09\/Serra-da-Chapadinha-ganha-unidade-de-conservacao-de-183-mil-hectares-na-Chapada-Diamantina.jpg\",\"contentUrl\":\"https:\/\/sudoesteacontece.com.br\/wp-content\/uploads\/2026\/09\/Serra-da-Chapadinha-ganha-unidade-de-conservacao-de-183-mil-hectares-na-Chapada-Diamantina.jpg\",\"width\":900,\"height\":600},{\"@type\":\"BreadcrumbList\",\"@id\":\"https:\/\/sudoesteacontece.com.br\/?p=29121#breadcrumb\",\"itemListElement\":[{\"@type\":\"ListItem\",\"position\":1,\"name\":\"In\u00edcio\",\"item\":\"https:\/\/sudoesteacontece.com.br\/\"},{\"@type\":\"ListItem\",\"position\":2,\"name\":\"Serra da Chapadinha ganha unidade de conserva\u00e7\u00e3o de 18,3 mil hectares na Chapada Diamantina\"}]},{\"@type\":\"WebSite\",\"@id\":\"https:\/\/sudoesteacontece.com.br\/#website\",\"url\":\"https:\/\/sudoesteacontece.com.br\/\",\"name\":\"Sudoesteacontece\",\"description\":\"\",\"publisher\":{\"@id\":\"https:\/\/sudoesteacontece.com.br\/#organization\"},\"potentialAction\":[{\"@type\":\"SearchAction\",\"target\":{\"@type\":\"EntryPoint\",\"urlTemplate\":\"https:\/\/sudoesteacontece.com.br\/?s={search_term_string}\"},\"query-input\":{\"@type\":\"PropertyValueSpecification\",\"valueRequired\":true,\"valueName\":\"search_term_string\"}}],\"inLanguage\":\"pt-BR\"},{\"@type\":\"Organization\",\"@id\":\"https:\/\/sudoesteacontece.com.br\/#organization\",\"name\":\"Sudoesteacontece\",\"url\":\"https:\/\/sudoesteacontece.com.br\/\",\"logo\":{\"@type\":\"ImageObject\",\"inLanguage\":\"pt-BR\",\"@id\":\"https:\/\/sudoesteacontece.com.br\/#\/schema\/logo\/image\/\",\"url\":\"https:\/\/sudoesteacontece.com.br\/wp-content\/uploads\/2025\/12\/cropped-logo-2-180x180-1.png\",\"contentUrl\":\"https:\/\/sudoesteacontece.com.br\/wp-content\/uploads\/2025\/12\/cropped-logo-2-180x180-1.png\",\"width\":180,\"height\":180,\"caption\":\"Sudoesteacontece\"},\"image\":{\"@id\":\"https:\/\/sudoesteacontece.com.br\/#\/schema\/logo\/image\/\"},\"sameAs\":[\"https:\/\/www.facebook.com\/sudoesteacontece\/?locale=pt_BR\"]},{\"@type\":\"Person\",\"@id\":\"https:\/\/sudoesteacontece.com.br\/#\/schema\/person\/a4f22429c1d0923ef8f7d43343f8dc38\",\"name\":\"Reda\u00e7\u00e3o\",\"image\":{\"@type\":\"ImageObject\",\"inLanguage\":\"pt-BR\",\"@id\":\"https:\/\/sudoesteacontece.com.br\/#\/schema\/person\/image\/\",\"url\":\"https:\/\/secure.gravatar.com\/avatar\/c3a5b3c93f268a709c25a2df414c629a96fb3b1b4bf97a94fb3f72e54ae76903?s=96&d=mm&r=g\",\"contentUrl\":\"https:\/\/secure.gravatar.com\/avatar\/c3a5b3c93f268a709c25a2df414c629a96fb3b1b4bf97a94fb3f72e54ae76903?s=96&d=mm&r=g\",\"caption\":\"Reda\u00e7\u00e3o\"},\"url\":\"https:\/\/sudoesteacontece.com.br\/?author=4\"}]}<\/script>\n<!-- \/ Yoast SEO plugin. -->","yoast_head_json":{"title":"Serra da Chapadinha ganha unidade de conserva\u00e7\u00e3o de 18,3 mil hectares na Chapada Diamantina - Sudoesteacontece","robots":{"index":"index","follow":"follow","max-snippet":"max-snippet:-1","max-image-preview":"max-image-preview:large","max-video-preview":"max-video-preview:-1"},"canonical":"https:\/\/sudoesteacontece.com.br\/?p=29121","og_locale":"pt_BR","og_type":"article","og_title":"Serra da Chapadinha ganha unidade de conserva\u00e7\u00e3o de 18,3 mil hectares na Chapada Diamantina - Sudoesteacontece","og_description":"A Serra da Chapadinha, no sul da Chapada Diamantina, passou a contar com uma nova \u00e1rea de prote\u00e7\u00e3o ambiental nesta ter\u00e7a-feira (1\u00ba). O Governo da Bahia criou o Ref\u00fagio de Vida Silvestre (REVIS) Serra da Chapadinha por meio do Decreto n\u00ba 24.778, publicado no Di\u00e1rio Oficial do Estado. A unidade possui aproximadamente 18,3 mil hectares distribu\u00eddos entre Itaet\u00ea, Ibicoara, Mucug\u00ea e Iramaia. Entre os objetivos da nova unidade de conserva\u00e7\u00e3o est\u00e3o a prote\u00e7\u00e3o da vegeta\u00e7\u00e3o nativa, da fauna, da flora, das nascentes e dos recursos h\u00eddricos existentes na regi\u00e3o. A medida tamb\u00e9m busca preservar a paisagem e os patrim\u00f4nios hist\u00f3rico e ambiental, al\u00e9m de manter a conex\u00e3o entre \u00e1reas de vegeta\u00e7\u00e3o nativa e outras regi\u00f5es protegidas. Estudos t\u00e9cnicos apontaram ainda a import\u00e2ncia da Serra da Chapadinha para a seguran\u00e7a h\u00eddrica. A \u00e1rea re\u00fane nascentes e regi\u00f5es de recarga relacionadas ao Rio Una, que contribuem para a manuten\u00e7\u00e3o dos aqu\u00edferos, das vaz\u00f5es dos cursos d\u2019\u00e1gua e da qualidade da \u00e1gua. Pesquisas tamb\u00e9m identificaram esp\u00e9cies amea\u00e7adas de extin\u00e7\u00e3o, animais end\u00eamicos e ambientes considerados relevantes para a conserva\u00e7\u00e3o. A cria\u00e7\u00e3o do REVIS teve origem em uma demanda apresentada pela sociedade civil e encaminhada ao Estado pelo Minist\u00e9rio do Meio Ambiente e Mudan\u00e7a do Clima. A proposta foi desenvolvida com base em estudos, visitas de campo, reuni\u00f5es institucionais e participa\u00e7\u00e3o de organiza\u00e7\u00f5es da sociedade civil e representantes dos munic\u00edpios envolvidos. Durante a elabora\u00e7\u00e3o da unidade, o Governo da Bahia realizou uma consulta p\u00fablica em junho deste ano, que recebeu 299 contribui\u00e7\u00f5es. As manifesta\u00e7\u00f5es foram analisadas antes da defini\u00e7\u00e3o dos limites finais, que tamb\u00e9m incorporaram uma pequena \u00e1rea pertencente ao munic\u00edpio de Iramaia. Por se tratar de um Ref\u00fagio de Vida Silvestre, a unidade permite a perman\u00eancia de propriedades particulares e de atividades j\u00e1 existentes, desde que sejam compat\u00edveis com os objetivos de conserva\u00e7\u00e3o. O decreto tamb\u00e9m preserva os usos regularmente estabelecidos em assentamentos de reforma agr\u00e1ria, desde que sejam respeitadas as normas ambientais e as regras da unidade. Visita\u00e7\u00e3o p\u00fablica, educa\u00e7\u00e3o ambiental, pesquisas cient\u00edficas, fiscaliza\u00e7\u00e3o, preven\u00e7\u00e3o e combate a inc\u00eandios, recupera\u00e7\u00e3o de \u00e1reas degradadas e monitoramento ambiental est\u00e3o entre as atividades permitidas. Minera\u00e7\u00e3o e outras pr\u00e1ticas incompat\u00edveis com a conserva\u00e7\u00e3o ficam proibidas. Tamb\u00e9m n\u00e3o s\u00e3o permitidas ca\u00e7a, captura, coleta, persegui\u00e7\u00e3o ou perturba\u00e7\u00e3o da fauna, exceto em a\u00e7\u00f5es autorizadas de manejo, pesquisa ou controle. A gest\u00e3o do Ref\u00fagio de Vida Silvestre Serra da Chapadinha ficar\u00e1 sob responsabilidade do Instituto do Meio Ambiente e Recursos H\u00eddricos (Inema). O decreto prev\u00ea a cria\u00e7\u00e3o de um Conselho Consultivo e estabelece que o Plano de Manejo dever\u00e1 ser elaborado e aprovado em at\u00e9 cinco anos. At\u00e9 a conclus\u00e3o do documento, permanecem proibidas atividades capazes de comprometer os objetivos que motivaram a cria\u00e7\u00e3o da unidade.","og_url":"https:\/\/sudoesteacontece.com.br\/?p=29121","og_site_name":"Sudoesteacontece","article_publisher":"https:\/\/www.facebook.com\/sudoesteacontece\/?locale=pt_BR","article_published_time":"2026-09-02T15:15:04+00:00","article_modified_time":"2026-09-02T15:15:09+00:00","og_image":[{"width":900,"height":600,"url":"https:\/\/sudoesteacontece.com.br\/wp-content\/uploads\/2026\/09\/Serra-da-Chapadinha-ganha-unidade-de-conservacao-de-183-mil-hectares-na-Chapada-Diamantina.jpg","type":"image\/jpeg"}],"author":"Reda\u00e7\u00e3o","twitter_card":"summary_large_image","twitter_misc":{"Escrito por":"Reda\u00e7\u00e3o","Est. tempo de leitura":"3 minutos"},"schema":{"@context":"https:\/\/schema.org","@graph":[{"@type":"Article","@id":"https:\/\/sudoesteacontece.com.br\/?p=29121#article","isPartOf":{"@id":"https:\/\/sudoesteacontece.com.br\/?p=29121"},"author":{"name":"Reda\u00e7\u00e3o","@id":"https:\/\/sudoesteacontece.com.br\/#\/schema\/person\/a4f22429c1d0923ef8f7d43343f8dc38"},"headline":"Serra da Chapadinha ganha unidade de conserva\u00e7\u00e3o de 18,3 mil hectares na Chapada Diamantina","datePublished":"2026-09-02T15:15:04+00:00","dateModified":"2026-09-02T15:15:09+00:00","mainEntityOfPage":{"@id":"https:\/\/sudoesteacontece.com.br\/?p=29121"},"wordCount":535,"commentCount":0,"publisher":{"@id":"https:\/\/sudoesteacontece.com.br\/#organization"},"image":{"@id":"https:\/\/sudoesteacontece.com.br\/?p=29121#primaryimage"},"thumbnailUrl":"http:\/\/sudoesteacontece.com.br\/wp-content\/uploads\/2026\/09\/Serra-da-Chapadinha-ganha-unidade-de-conservacao-de-183-mil-hectares-na-Chapada-Diamantina.jpg","articleSection":["Cidades"],"inLanguage":"pt-BR","potentialAction":[{"@type":"CommentAction","name":"Comment","target":["https:\/\/sudoesteacontece.com.br\/?p=29121#respond"]}]},{"@type":"WebPage","@id":"https:\/\/sudoesteacontece.com.br\/?p=29121","url":"https:\/\/sudoesteacontece.com.br\/?p=29121","name":"Serra da Chapadinha ganha unidade de conserva\u00e7\u00e3o de 18,3 mil hectares na Chapada Diamantina - Sudoesteacontece","isPartOf":{"@id":"https:\/\/sudoesteacontece.com.br\/#website"},"primaryImageOfPage":{"@id":"https:\/\/sudoesteacontece.com.br\/?p=29121#primaryimage"},"image":{"@id":"https:\/\/sudoesteacontece.com.br\/?p=29121#primaryimage"},"thumbnailUrl":"http:\/\/sudoesteacontece.com.br\/wp-content\/uploads\/2026\/09\/Serra-da-Chapadinha-ganha-unidade-de-conservacao-de-183-mil-hectares-na-Chapada-Diamantina.jpg","datePublished":"2026-09-02T15:15:04+00:00","dateModified":"2026-09-02T15:15:09+00:00","breadcrumb":{"@id":"https:\/\/sudoesteacontece.com.br\/?p=29121#breadcrumb"},"inLanguage":"pt-BR","potentialAction":[{"@type":"ReadAction","target":["https:\/\/sudoesteacontece.com.br\/?p=29121"]}]},{"@type":"ImageObject","inLanguage":"pt-BR","@id":"https:\/\/sudoesteacontece.com.br\/?p=29121#primaryimage","url":"https:\/\/sudoesteacontece.com.br\/wp-content\/uploads\/2026\/09\/Serra-da-Chapadinha-ganha-unidade-de-conservacao-de-183-mil-hectares-na-Chapada-Diamantina.jpg","contentUrl":"https:\/\/sudoesteacontece.com.br\/wp-content\/uploads\/2026\/09\/Serra-da-Chapadinha-ganha-unidade-de-conservacao-de-183-mil-hectares-na-Chapada-Diamantina.jpg","width":900,"height":600},{"@type":"BreadcrumbList","@id":"https:\/\/sudoesteacontece.com.br\/?p=29121#breadcrumb","itemListElement":[{"@type":"ListItem","position":1,"name":"In\u00edcio","item":"https:\/\/sudoesteacontece.com.br\/"},{"@type":"ListItem","position":2,"name":"Serra da Chapadinha ganha unidade de conserva\u00e7\u00e3o de 18,3 mil hectares na Chapada Diamantina"}]},{"@type":"WebSite","@id":"https:\/\/sudoesteacontece.com.br\/#website","url":"https:\/\/sudoesteacontece.com.br\/","name":"Sudoesteacontece","description":"","publisher":{"@id":"https:\/\/sudoesteacontece.com.br\/#organization"},"potentialAction":[{"@type":"SearchAction","target":{"@type":"EntryPoint","urlTemplate":"https:\/\/sudoesteacontece.com.br\/?s={search_term_string}"},"query-input":{"@type":"PropertyValueSpecification","valueRequired":true,"valueName":"search_term_string"}}],"inLanguage":"pt-BR"},{"@type":"Organization","@id":"https:\/\/sudoesteacontece.com.br\/#organization","name":"Sudoesteacontece","url":"https:\/\/sudoesteacontece.com.br\/","logo":{"@type":"ImageObject","inLanguage":"pt-BR","@id":"https:\/\/sudoesteacontece.com.br\/#\/schema\/logo\/image\/","url":"https:\/\/sudoesteacontece.com.br\/wp-content\/uploads\/2025\/12\/cropped-logo-2-180x180-1.png","contentUrl":"https:\/\/sudoesteacontece.com.br\/wp-content\/uploads\/2025\/12\/cropped-logo-2-180x180-1.png","width":180,"height":180,"caption":"Sudoesteacontece"},"image":{"@id":"https:\/\/sudoesteacontece.com.br\/#\/schema\/logo\/image\/"},"sameAs":["https:\/\/www.facebook.com\/sudoesteacontece\/?locale=pt_BR"]},{"@type":"Person","@id":"https:\/\/sudoesteacontece.com.br\/#\/schema\/person\/a4f22429c1d0923ef8f7d43343f8dc38","name":"Reda\u00e7\u00e3o","image":{"@type":"ImageObject","inLanguage":"pt-BR","@id":"https:\/\/sudoesteacontece.com.br\/#\/schema\/person\/image\/","url":"https:\/\/secure.gravatar.com\/avatar\/c3a5b3c93f268a709c25a2df414c629a96fb3b1b4bf97a94fb3f72e54ae76903?s=96&d=mm&r=g","contentUrl":"https:\/\/secure.gravatar.com\/avatar\/c3a5b3c93f268a709c25a2df414c629a96fb3b1b4bf97a94fb3f72e54ae76903?s=96&d=mm&r=g","caption":"Reda\u00e7\u00e3o"},"url":"https:\/\/sudoesteacontece.com.br\/?author=4"}]}},"_links":{"self":[{"href":"https:\/\/sudoesteacontece.com.br\/index.php?rest_route=\/wp\/v2\/posts\/29121","targetHints":{"allow":["GET"]}}],"collection":[{"href":"https:\/\/sudoesteacontece.com.br\/index.php?rest_route=\/wp\/v2\/posts"}],"about":[{"href":"https:\/\/sudoesteacontece.com.br\/index.php?rest_route=\/wp\/v2\/types\/post"}],"author":[{"embeddable":true,"href":"https:\/\/sudoesteacontece.com.br\/index.php?rest_route=\/wp\/v2\/users\/4"}],"replies":[{"embeddable":true,"href":"https:\/\/sudoesteacontece.com.br\/index.php?rest_route=%2Fwp%2Fv2%2Fcomments&post=29121"}],"version-history":[{"count":1,"href":"https:\/\/sudoesteacontece.com.br\/index.php?rest_route=\/wp\/v2\/posts\/29121\/revisions"}],"predecessor-version":[{"id":29195,"href":"https:\/\/sudoesteacontece.com.br\/index.php?rest_route=\/wp\/v2\/posts\/29121\/revisions\/29195"}],"wp:attachment":[{"href":"https:\/\/sudoesteacontece.com.br\/index.php?rest_route=%2Fwp%2Fv2%2Fmedia&parent=29121"}],"wp:term":[{"taxonomy":"category","embeddable":true,"href":"https:\/\/sudoesteacontece.com.br\/index.php?rest_route=%2Fwp%2Fv2%2Fcategories&post=29121"},{"taxonomy":"post_tag","embeddable":true,"href":"https:\/\/sudoesteacontece.com.br\/index.php?rest_route=%2Fwp%2Fv2%2Ftags&post=29121"}],"curies":[{"name":"wp","href":"https:\/\/api.w.org\/{rel}","templated":true}]}}