{"id":29122,"date":"2026-09-02T12:15:27","date_gmt":"2026-09-02T15:15:27","guid":{"rendered":"https:\/\/sudoesteacontece.com.br\/?p=29122"},"modified":"2026-09-02T12:15:32","modified_gmt":"2026-09-02T15:15:32","slug":"fotografo-registra-via-lactea-com-celular-na-zona-rural-de-brumado","status":"publish","type":"post","link":"https:\/\/sudoesteacontece.com.br\/?p=29122","title":{"rendered":"Fot\u00f3grafo registra Via L\u00e1ctea com celular na zona rural de Brumado"},"content":{"rendered":"\n<figure class=\"wp-block-image size-full\"><img fetchpriority=\"high\" decoding=\"async\" width=\"900\" height=\"600\" src=\"http:\/\/sudoesteacontece.com.br\/wp-content\/uploads\/2026\/09\/Via-lactar-brumado-zona-rural-brumado-fotografo.jpg\" alt=\"\" class=\"wp-image-29170\" srcset=\"https:\/\/sudoesteacontece.com.br\/wp-content\/uploads\/2026\/09\/Via-lactar-brumado-zona-rural-brumado-fotografo.jpg 900w, https:\/\/sudoesteacontece.com.br\/wp-content\/uploads\/2026\/09\/Via-lactar-brumado-zona-rural-brumado-fotografo-300x200.jpg 300w, https:\/\/sudoesteacontece.com.br\/wp-content\/uploads\/2026\/09\/Via-lactar-brumado-zona-rural-brumado-fotografo-768x512.jpg 768w\" sizes=\"(max-width: 900px) 100vw, 900px\" \/><\/figure>\n\n\n\n<p class=\"wp-block-paragraph\">A Via L\u00e1ctea foi registrada pelo fot\u00f3grafo William Santos durante uma observa\u00e7\u00e3o do c\u00e9u na zona rural de Brumado, no sudoeste da Bahia. Conhecido por fotografar fen\u00f4menos naturais na regi\u00e3o, ele conseguiu produzir a imagem utilizando apenas o pr\u00f3prio celular.<\/p>\n\n\n\n<p class=\"wp-block-paragraph\">Segundo Santos, a escolha de uma \u00e1rea afastada da regi\u00e3o urbana foi fundamental para conseguir visualizar o c\u00e9u com maior nitidez. A ilumina\u00e7\u00e3o artificial da cidade dificulta a observa\u00e7\u00e3o das estrelas e reduz a visibilidade de objetos celestes durante a noite.<\/p>\n\n\n\n<p class=\"wp-block-paragraph\">Sem utilizar equipamentos profissionais de grande porte, o fot\u00f3grafo configurou o celular no modo manual para aumentar a entrada de luz e melhorar a qualidade do registro. O procedimento permitiu captar detalhes da faixa luminosa da Via L\u00e1ctea que normalmente n\u00e3o aparecem em imagens feitas no modo autom\u00e1tico.<\/p>\n\n\n\n<p class=\"wp-block-paragraph\">Na zona rural, a menor concentra\u00e7\u00e3o de luzes artificiais favorece a observa\u00e7\u00e3o do c\u00e9u noturno. Nessas condi\u00e7\u00f5es, estrelas e outros elementos celestes podem ser percebidos com maior clareza, transformando a paisagem noturna em um cen\u00e1rio prop\u00edcio para registros fotogr\u00e1ficos.<\/p>\n","protected":false},"excerpt":{"rendered":"<p>A Via L\u00e1ctea foi registrada pelo fot\u00f3grafo William Santos durante uma observa\u00e7\u00e3o do c\u00e9u na zona rural de Brumado, no sudoeste da Bahia. Conhecido por fotografar fen\u00f4menos naturais na regi\u00e3o, ele conseguiu produzir a imagem utilizando apenas o pr\u00f3prio celular. Segundo Santos, a escolha de uma \u00e1rea afastada da regi\u00e3o urbana foi fundamental para conseguir visualizar o c\u00e9u com maior nitidez. A ilumina\u00e7\u00e3o artificial da cidade dificulta a observa\u00e7\u00e3o das estrelas e reduz a visibilidade de objetos celestes durante a noite. Sem utilizar equipamentos profissionais de grande porte, o fot\u00f3grafo configurou o celular no modo manual para aumentar a entrada de luz e melhorar a qualidade do registro. O procedimento permitiu captar detalhes da faixa luminosa da Via L\u00e1ctea que normalmente n\u00e3o aparecem em imagens feitas no modo autom\u00e1tico. Na zona rural, a menor concentra\u00e7\u00e3o de luzes artificiais favorece a observa\u00e7\u00e3o do c\u00e9u noturno. Nessas condi\u00e7\u00f5es, estrelas e outros elementos celestes podem ser percebidos com maior clareza, transformando a paisagem noturna em um cen\u00e1rio prop\u00edcio para registros fotogr\u00e1ficos.<\/p>\n","protected":false},"author":4,"featured_media":0,"comment_status":"open","ping_status":"open","sticky":false,"template":"","format":"standard","meta":{"footnotes":""},"categories":[10],"tags":[],"class_list":["post-29122","post","type-post","status-publish","format-standard","hentry","category-brumado"],"yoast_head":"<!-- This site is optimized with the Yoast SEO plugin v26.5 - https:\/\/yoast.com\/wordpress\/plugins\/seo\/ -->\n<title>Fot\u00f3grafo registra Via L\u00e1ctea com celular na zona rural de Brumado - Sudoesteacontece<\/title>\n<meta name=\"robots\" content=\"index, follow, max-snippet:-1, max-image-preview:large, max-video-preview:-1\" \/>\n<link rel=\"canonical\" href=\"https:\/\/sudoesteacontece.com.br\/?p=29122\" \/>\n<meta property=\"og:locale\" content=\"pt_BR\" \/>\n<meta property=\"og:type\" content=\"article\" \/>\n<meta property=\"og:title\" content=\"Fot\u00f3grafo registra Via L\u00e1ctea com celular na zona rural de Brumado - Sudoesteacontece\" \/>\n<meta property=\"og:description\" content=\"A Via L\u00e1ctea foi registrada pelo fot\u00f3grafo William Santos durante uma observa\u00e7\u00e3o do c\u00e9u na zona rural de Brumado, no sudoeste da Bahia. Conhecido por fotografar fen\u00f4menos naturais na regi\u00e3o, ele conseguiu produzir a imagem utilizando apenas o pr\u00f3prio celular. Segundo Santos, a escolha de uma \u00e1rea afastada da regi\u00e3o urbana foi fundamental para conseguir visualizar o c\u00e9u com maior nitidez. A ilumina\u00e7\u00e3o artificial da cidade dificulta a observa\u00e7\u00e3o das estrelas e reduz a visibilidade de objetos celestes durante a noite. Sem utilizar equipamentos profissionais de grande porte, o fot\u00f3grafo configurou o celular no modo manual para aumentar a entrada de luz e melhorar a qualidade do registro. O procedimento permitiu captar detalhes da faixa luminosa da Via L\u00e1ctea que normalmente n\u00e3o aparecem em imagens feitas no modo autom\u00e1tico. Na zona rural, a menor concentra\u00e7\u00e3o de luzes artificiais favorece a observa\u00e7\u00e3o do c\u00e9u noturno. Nessas condi\u00e7\u00f5es, estrelas e outros elementos celestes podem ser percebidos com maior clareza, transformando a paisagem noturna em um cen\u00e1rio prop\u00edcio para registros fotogr\u00e1ficos.\" \/>\n<meta property=\"og:url\" content=\"https:\/\/sudoesteacontece.com.br\/?p=29122\" \/>\n<meta property=\"og:site_name\" content=\"Sudoesteacontece\" \/>\n<meta property=\"article:publisher\" content=\"https:\/\/www.facebook.com\/sudoesteacontece\/?locale=pt_BR\" \/>\n<meta property=\"article:published_time\" content=\"2026-09-02T15:15:27+00:00\" \/>\n<meta property=\"article:modified_time\" content=\"2026-09-02T15:15:32+00:00\" \/>\n<meta property=\"og:image\" content=\"https:\/\/sudoesteacontece.com.br\/wp-content\/uploads\/2026\/09\/Via-lactar-brumado-zona-rural-brumado-fotografo.jpg\" \/>\n\t<meta property=\"og:image:width\" content=\"900\" \/>\n\t<meta property=\"og:image:height\" content=\"600\" \/>\n\t<meta property=\"og:image:type\" content=\"image\/jpeg\" \/>\n<meta name=\"author\" content=\"Reda\u00e7\u00e3o\" \/>\n<meta name=\"twitter:card\" content=\"summary_large_image\" \/>\n<meta name=\"twitter:label1\" content=\"Escrito por\" \/>\n\t<meta name=\"twitter:data1\" content=\"Reda\u00e7\u00e3o\" \/>\n\t<meta name=\"twitter:label2\" content=\"Est. tempo de leitura\" \/>\n\t<meta name=\"twitter:data2\" content=\"2 minutos\" \/>\n<script type=\"application\/ld+json\" class=\"yoast-schema-graph\">{\"@context\":\"https:\/\/schema.org\",\"@graph\":[{\"@type\":\"Article\",\"@id\":\"https:\/\/sudoesteacontece.com.br\/?p=29122#article\",\"isPartOf\":{\"@id\":\"https:\/\/sudoesteacontece.com.br\/?p=29122\"},\"author\":{\"name\":\"Reda\u00e7\u00e3o\",\"@id\":\"https:\/\/sudoesteacontece.com.br\/#\/schema\/person\/a4f22429c1d0923ef8f7d43343f8dc38\"},\"headline\":\"Fot\u00f3grafo registra Via L\u00e1ctea com celular na zona rural de Brumado\",\"datePublished\":\"2026-09-02T15:15:27+00:00\",\"dateModified\":\"2026-09-02T15:15:32+00:00\",\"mainEntityOfPage\":{\"@id\":\"https:\/\/sudoesteacontece.com.br\/?p=29122\"},\"wordCount\":203,\"commentCount\":0,\"publisher\":{\"@id\":\"https:\/\/sudoesteacontece.com.br\/#organization\"},\"image\":{\"@id\":\"https:\/\/sudoesteacontece.com.br\/?p=29122#primaryimage\"},\"thumbnailUrl\":\"http:\/\/sudoesteacontece.com.br\/wp-content\/uploads\/2026\/09\/Via-lactar-brumado-zona-rural-brumado-fotografo.jpg\",\"articleSection\":[\"Brumado\"],\"inLanguage\":\"pt-BR\",\"potentialAction\":[{\"@type\":\"CommentAction\",\"name\":\"Comment\",\"target\":[\"https:\/\/sudoesteacontece.com.br\/?p=29122#respond\"]}]},{\"@type\":\"WebPage\",\"@id\":\"https:\/\/sudoesteacontece.com.br\/?p=29122\",\"url\":\"https:\/\/sudoesteacontece.com.br\/?p=29122\",\"name\":\"Fot\u00f3grafo registra Via L\u00e1ctea com celular na zona rural de Brumado - Sudoesteacontece\",\"isPartOf\":{\"@id\":\"https:\/\/sudoesteacontece.com.br\/#website\"},\"primaryImageOfPage\":{\"@id\":\"https:\/\/sudoesteacontece.com.br\/?p=29122#primaryimage\"},\"image\":{\"@id\":\"https:\/\/sudoesteacontece.com.br\/?p=29122#primaryimage\"},\"thumbnailUrl\":\"http:\/\/sudoesteacontece.com.br\/wp-content\/uploads\/2026\/09\/Via-lactar-brumado-zona-rural-brumado-fotografo.jpg\",\"datePublished\":\"2026-09-02T15:15:27+00:00\",\"dateModified\":\"2026-09-02T15:15:32+00:00\",\"breadcrumb\":{\"@id\":\"https:\/\/sudoesteacontece.com.br\/?p=29122#breadcrumb\"},\"inLanguage\":\"pt-BR\",\"potentialAction\":[{\"@type\":\"ReadAction\",\"target\":[\"https:\/\/sudoesteacontece.com.br\/?p=29122\"]}]},{\"@type\":\"ImageObject\",\"inLanguage\":\"pt-BR\",\"@id\":\"https:\/\/sudoesteacontece.com.br\/?p=29122#primaryimage\",\"url\":\"https:\/\/sudoesteacontece.com.br\/wp-content\/uploads\/2026\/09\/Via-lactar-brumado-zona-rural-brumado-fotografo.jpg\",\"contentUrl\":\"https:\/\/sudoesteacontece.com.br\/wp-content\/uploads\/2026\/09\/Via-lactar-brumado-zona-rural-brumado-fotografo.jpg\",\"width\":900,\"height\":600},{\"@type\":\"BreadcrumbList\",\"@id\":\"https:\/\/sudoesteacontece.com.br\/?p=29122#breadcrumb\",\"itemListElement\":[{\"@type\":\"ListItem\",\"position\":1,\"name\":\"In\u00edcio\",\"item\":\"https:\/\/sudoesteacontece.com.br\/\"},{\"@type\":\"ListItem\",\"position\":2,\"name\":\"Fot\u00f3grafo registra Via L\u00e1ctea com celular na zona rural de Brumado\"}]},{\"@type\":\"WebSite\",\"@id\":\"https:\/\/sudoesteacontece.com.br\/#website\",\"url\":\"https:\/\/sudoesteacontece.com.br\/\",\"name\":\"Sudoesteacontece\",\"description\":\"\",\"publisher\":{\"@id\":\"https:\/\/sudoesteacontece.com.br\/#organization\"},\"potentialAction\":[{\"@type\":\"SearchAction\",\"target\":{\"@type\":\"EntryPoint\",\"urlTemplate\":\"https:\/\/sudoesteacontece.com.br\/?s={search_term_string}\"},\"query-input\":{\"@type\":\"PropertyValueSpecification\",\"valueRequired\":true,\"valueName\":\"search_term_string\"}}],\"inLanguage\":\"pt-BR\"},{\"@type\":\"Organization\",\"@id\":\"https:\/\/sudoesteacontece.com.br\/#organization\",\"name\":\"Sudoesteacontece\",\"url\":\"https:\/\/sudoesteacontece.com.br\/\",\"logo\":{\"@type\":\"ImageObject\",\"inLanguage\":\"pt-BR\",\"@id\":\"https:\/\/sudoesteacontece.com.br\/#\/schema\/logo\/image\/\",\"url\":\"https:\/\/sudoesteacontece.com.br\/wp-content\/uploads\/2025\/12\/cropped-logo-2-180x180-1.png\",\"contentUrl\":\"https:\/\/sudoesteacontece.com.br\/wp-content\/uploads\/2025\/12\/cropped-logo-2-180x180-1.png\",\"width\":180,\"height\":180,\"caption\":\"Sudoesteacontece\"},\"image\":{\"@id\":\"https:\/\/sudoesteacontece.com.br\/#\/schema\/logo\/image\/\"},\"sameAs\":[\"https:\/\/www.facebook.com\/sudoesteacontece\/?locale=pt_BR\"]},{\"@type\":\"Person\",\"@id\":\"https:\/\/sudoesteacontece.com.br\/#\/schema\/person\/a4f22429c1d0923ef8f7d43343f8dc38\",\"name\":\"Reda\u00e7\u00e3o\",\"image\":{\"@type\":\"ImageObject\",\"inLanguage\":\"pt-BR\",\"@id\":\"https:\/\/sudoesteacontece.com.br\/#\/schema\/person\/image\/\",\"url\":\"https:\/\/secure.gravatar.com\/avatar\/c3a5b3c93f268a709c25a2df414c629a96fb3b1b4bf97a94fb3f72e54ae76903?s=96&d=mm&r=g\",\"contentUrl\":\"https:\/\/secure.gravatar.com\/avatar\/c3a5b3c93f268a709c25a2df414c629a96fb3b1b4bf97a94fb3f72e54ae76903?s=96&d=mm&r=g\",\"caption\":\"Reda\u00e7\u00e3o\"},\"url\":\"https:\/\/sudoesteacontece.com.br\/?author=4\"}]}<\/script>\n<!-- \/ Yoast SEO plugin. -->","yoast_head_json":{"title":"Fot\u00f3grafo registra Via L\u00e1ctea com celular na zona rural de Brumado - Sudoesteacontece","robots":{"index":"index","follow":"follow","max-snippet":"max-snippet:-1","max-image-preview":"max-image-preview:large","max-video-preview":"max-video-preview:-1"},"canonical":"https:\/\/sudoesteacontece.com.br\/?p=29122","og_locale":"pt_BR","og_type":"article","og_title":"Fot\u00f3grafo registra Via L\u00e1ctea com celular na zona rural de Brumado - Sudoesteacontece","og_description":"A Via L\u00e1ctea foi registrada pelo fot\u00f3grafo William Santos durante uma observa\u00e7\u00e3o do c\u00e9u na zona rural de Brumado, no sudoeste da Bahia. Conhecido por fotografar fen\u00f4menos naturais na regi\u00e3o, ele conseguiu produzir a imagem utilizando apenas o pr\u00f3prio celular. Segundo Santos, a escolha de uma \u00e1rea afastada da regi\u00e3o urbana foi fundamental para conseguir visualizar o c\u00e9u com maior nitidez. A ilumina\u00e7\u00e3o artificial da cidade dificulta a observa\u00e7\u00e3o das estrelas e reduz a visibilidade de objetos celestes durante a noite. Sem utilizar equipamentos profissionais de grande porte, o fot\u00f3grafo configurou o celular no modo manual para aumentar a entrada de luz e melhorar a qualidade do registro. O procedimento permitiu captar detalhes da faixa luminosa da Via L\u00e1ctea que normalmente n\u00e3o aparecem em imagens feitas no modo autom\u00e1tico. Na zona rural, a menor concentra\u00e7\u00e3o de luzes artificiais favorece a observa\u00e7\u00e3o do c\u00e9u noturno. Nessas condi\u00e7\u00f5es, estrelas e outros elementos celestes podem ser percebidos com maior clareza, transformando a paisagem noturna em um cen\u00e1rio prop\u00edcio para registros fotogr\u00e1ficos.","og_url":"https:\/\/sudoesteacontece.com.br\/?p=29122","og_site_name":"Sudoesteacontece","article_publisher":"https:\/\/www.facebook.com\/sudoesteacontece\/?locale=pt_BR","article_published_time":"2026-09-02T15:15:27+00:00","article_modified_time":"2026-09-02T15:15:32+00:00","og_image":[{"width":900,"height":600,"url":"https:\/\/sudoesteacontece.com.br\/wp-content\/uploads\/2026\/09\/Via-lactar-brumado-zona-rural-brumado-fotografo.jpg","type":"image\/jpeg"}],"author":"Reda\u00e7\u00e3o","twitter_card":"summary_large_image","twitter_misc":{"Escrito por":"Reda\u00e7\u00e3o","Est. tempo de leitura":"2 minutos"},"schema":{"@context":"https:\/\/schema.org","@graph":[{"@type":"Article","@id":"https:\/\/sudoesteacontece.com.br\/?p=29122#article","isPartOf":{"@id":"https:\/\/sudoesteacontece.com.br\/?p=29122"},"author":{"name":"Reda\u00e7\u00e3o","@id":"https:\/\/sudoesteacontece.com.br\/#\/schema\/person\/a4f22429c1d0923ef8f7d43343f8dc38"},"headline":"Fot\u00f3grafo registra Via L\u00e1ctea com celular na zona rural de Brumado","datePublished":"2026-09-02T15:15:27+00:00","dateModified":"2026-09-02T15:15:32+00:00","mainEntityOfPage":{"@id":"https:\/\/sudoesteacontece.com.br\/?p=29122"},"wordCount":203,"commentCount":0,"publisher":{"@id":"https:\/\/sudoesteacontece.com.br\/#organization"},"image":{"@id":"https:\/\/sudoesteacontece.com.br\/?p=29122#primaryimage"},"thumbnailUrl":"http:\/\/sudoesteacontece.com.br\/wp-content\/uploads\/2026\/09\/Via-lactar-brumado-zona-rural-brumado-fotografo.jpg","articleSection":["Brumado"],"inLanguage":"pt-BR","potentialAction":[{"@type":"CommentAction","name":"Comment","target":["https:\/\/sudoesteacontece.com.br\/?p=29122#respond"]}]},{"@type":"WebPage","@id":"https:\/\/sudoesteacontece.com.br\/?p=29122","url":"https:\/\/sudoesteacontece.com.br\/?p=29122","name":"Fot\u00f3grafo registra Via L\u00e1ctea com celular na zona rural de Brumado - Sudoesteacontece","isPartOf":{"@id":"https:\/\/sudoesteacontece.com.br\/#website"},"primaryImageOfPage":{"@id":"https:\/\/sudoesteacontece.com.br\/?p=29122#primaryimage"},"image":{"@id":"https:\/\/sudoesteacontece.com.br\/?p=29122#primaryimage"},"thumbnailUrl":"http:\/\/sudoesteacontece.com.br\/wp-content\/uploads\/2026\/09\/Via-lactar-brumado-zona-rural-brumado-fotografo.jpg","datePublished":"2026-09-02T15:15:27+00:00","dateModified":"2026-09-02T15:15:32+00:00","breadcrumb":{"@id":"https:\/\/sudoesteacontece.com.br\/?p=29122#breadcrumb"},"inLanguage":"pt-BR","potentialAction":[{"@type":"ReadAction","target":["https:\/\/sudoesteacontece.com.br\/?p=29122"]}]},{"@type":"ImageObject","inLanguage":"pt-BR","@id":"https:\/\/sudoesteacontece.com.br\/?p=29122#primaryimage","url":"https:\/\/sudoesteacontece.com.br\/wp-content\/uploads\/2026\/09\/Via-lactar-brumado-zona-rural-brumado-fotografo.jpg","contentUrl":"https:\/\/sudoesteacontece.com.br\/wp-content\/uploads\/2026\/09\/Via-lactar-brumado-zona-rural-brumado-fotografo.jpg","width":900,"height":600},{"@type":"BreadcrumbList","@id":"https:\/\/sudoesteacontece.com.br\/?p=29122#breadcrumb","itemListElement":[{"@type":"ListItem","position":1,"name":"In\u00edcio","item":"https:\/\/sudoesteacontece.com.br\/"},{"@type":"ListItem","position":2,"name":"Fot\u00f3grafo registra Via L\u00e1ctea com celular na zona rural de Brumado"}]},{"@type":"WebSite","@id":"https:\/\/sudoesteacontece.com.br\/#website","url":"https:\/\/sudoesteacontece.com.br\/","name":"Sudoesteacontece","description":"","publisher":{"@id":"https:\/\/sudoesteacontece.com.br\/#organization"},"potentialAction":[{"@type":"SearchAction","target":{"@type":"EntryPoint","urlTemplate":"https:\/\/sudoesteacontece.com.br\/?s={search_term_string}"},"query-input":{"@type":"PropertyValueSpecification","valueRequired":true,"valueName":"search_term_string"}}],"inLanguage":"pt-BR"},{"@type":"Organization","@id":"https:\/\/sudoesteacontece.com.br\/#organization","name":"Sudoesteacontece","url":"https:\/\/sudoesteacontece.com.br\/","logo":{"@type":"ImageObject","inLanguage":"pt-BR","@id":"https:\/\/sudoesteacontece.com.br\/#\/schema\/logo\/image\/","url":"https:\/\/sudoesteacontece.com.br\/wp-content\/uploads\/2025\/12\/cropped-logo-2-180x180-1.png","contentUrl":"https:\/\/sudoesteacontece.com.br\/wp-content\/uploads\/2025\/12\/cropped-logo-2-180x180-1.png","width":180,"height":180,"caption":"Sudoesteacontece"},"image":{"@id":"https:\/\/sudoesteacontece.com.br\/#\/schema\/logo\/image\/"},"sameAs":["https:\/\/www.facebook.com\/sudoesteacontece\/?locale=pt_BR"]},{"@type":"Person","@id":"https:\/\/sudoesteacontece.com.br\/#\/schema\/person\/a4f22429c1d0923ef8f7d43343f8dc38","name":"Reda\u00e7\u00e3o","image":{"@type":"ImageObject","inLanguage":"pt-BR","@id":"https:\/\/sudoesteacontece.com.br\/#\/schema\/person\/image\/","url":"https:\/\/secure.gravatar.com\/avatar\/c3a5b3c93f268a709c25a2df414c629a96fb3b1b4bf97a94fb3f72e54ae76903?s=96&d=mm&r=g","contentUrl":"https:\/\/secure.gravatar.com\/avatar\/c3a5b3c93f268a709c25a2df414c629a96fb3b1b4bf97a94fb3f72e54ae76903?s=96&d=mm&r=g","caption":"Reda\u00e7\u00e3o"},"url":"https:\/\/sudoesteacontece.com.br\/?author=4"}]}},"_links":{"self":[{"href":"https:\/\/sudoesteacontece.com.br\/index.php?rest_route=\/wp\/v2\/posts\/29122","targetHints":{"allow":["GET"]}}],"collection":[{"href":"https:\/\/sudoesteacontece.com.br\/index.php?rest_route=\/wp\/v2\/posts"}],"about":[{"href":"https:\/\/sudoesteacontece.com.br\/index.php?rest_route=\/wp\/v2\/types\/post"}],"author":[{"embeddable":true,"href":"https:\/\/sudoesteacontece.com.br\/index.php?rest_route=\/wp\/v2\/users\/4"}],"replies":[{"embeddable":true,"href":"https:\/\/sudoesteacontece.com.br\/index.php?rest_route=%2Fwp%2Fv2%2Fcomments&post=29122"}],"version-history":[{"count":1,"href":"https:\/\/sudoesteacontece.com.br\/index.php?rest_route=\/wp\/v2\/posts\/29122\/revisions"}],"predecessor-version":[{"id":29196,"href":"https:\/\/sudoesteacontece.com.br\/index.php?rest_route=\/wp\/v2\/posts\/29122\/revisions\/29196"}],"wp:attachment":[{"href":"https:\/\/sudoesteacontece.com.br\/index.php?rest_route=%2Fwp%2Fv2%2Fmedia&parent=29122"}],"wp:term":[{"taxonomy":"category","embeddable":true,"href":"https:\/\/sudoesteacontece.com.br\/index.php?rest_route=%2Fwp%2Fv2%2Fcategories&post=29122"},{"taxonomy":"post_tag","embeddable":true,"href":"https:\/\/sudoesteacontece.com.br\/index.php?rest_route=%2Fwp%2Fv2%2Ftags&post=29122"}],"curies":[{"name":"wp","href":"https:\/\/api.w.org\/{rel}","templated":true}]}}