{"id":29132,"date":"2026-09-02T11:56:43","date_gmt":"2026-09-02T14:56:43","guid":{"rendered":"https:\/\/sudoesteacontece.com.br\/?p=29132"},"modified":"2026-09-02T11:56:49","modified_gmt":"2026-09-02T14:56:49","slug":"prf-reforca-fiscalizacao-nas-rodovias-da-bahia-durante-feriado-de-7-de-setembro","status":"publish","type":"post","link":"https:\/\/sudoesteacontece.com.br\/?p=29132","title":{"rendered":"PRF refor\u00e7a fiscaliza\u00e7\u00e3o nas rodovias da Bahia durante feriado de 7 de Setembro"},"content":{"rendered":"\n<figure class=\"wp-block-image size-full\"><img fetchpriority=\"high\" decoding=\"async\" width=\"900\" height=\"600\" src=\"http:\/\/sudoesteacontece.com.br\/wp-content\/uploads\/2026\/09\/PRF-reduz-em-35-numero-de-mortes-nas-rodovias-federais-da-Bahia-durante-o-Sao-Joao.jpg\" alt=\"\" class=\"wp-image-29163\" srcset=\"https:\/\/sudoesteacontece.com.br\/wp-content\/uploads\/2026\/09\/PRF-reduz-em-35-numero-de-mortes-nas-rodovias-federais-da-Bahia-durante-o-Sao-Joao.jpg 900w, https:\/\/sudoesteacontece.com.br\/wp-content\/uploads\/2026\/09\/PRF-reduz-em-35-numero-de-mortes-nas-rodovias-federais-da-Bahia-durante-o-Sao-Joao-300x200.jpg 300w, https:\/\/sudoesteacontece.com.br\/wp-content\/uploads\/2026\/09\/PRF-reduz-em-35-numero-de-mortes-nas-rodovias-federais-da-Bahia-durante-o-Sao-Joao-768x512.jpg 768w\" sizes=\"(max-width: 900px) 100vw, 900px\" \/><\/figure>\n\n\n\n<p class=\"wp-block-paragraph\">A Pol\u00edcia Rodovi\u00e1ria Federal (PRF) inicia \u00e0 0h de sexta-feira (4) a Opera\u00e7\u00e3o Independ\u00eancia 2026 nas rodovias federais da Bahia. A mobiliza\u00e7\u00e3o seguir\u00e1 at\u00e9 as 23h59 de segunda-feira (7), quando termina o feriado prolongado da Independ\u00eancia do Brasil. A expectativa \u00e9 de aumento no fluxo de ve\u00edculos, principalmente durante as sa\u00eddas para viagens na sexta e no retorno previsto para segunda-feira.<\/p>\n\n\n\n<p class=\"wp-block-paragraph\">Durante a opera\u00e7\u00e3o, as equipes refor\u00e7ar\u00e3o o policiamento ostensivo e a fiscaliza\u00e7\u00e3o nos principais trechos das rodovias federais baianas. O trabalho ter\u00e1 como prioridade a redu\u00e7\u00e3o dos sinistros graves e a preserva\u00e7\u00e3o de vidas. Entre as condutas fiscalizadas est\u00e3o o excesso de velocidade, ultrapassagens proibidas, dire\u00e7\u00e3o sob efeito de \u00e1lcool e o uso irregular do cinto de seguran\u00e7a.<\/p>\n\n\n\n<p class=\"wp-block-paragraph\">Dados da PRF mostram que a aten\u00e7\u00e3o ser\u00e1 redobrada diante do aumento dos acidentes nas estradas. Entre janeiro e junho de 2026, foram registrados 2.066 sinistros, sendo 771 considerados graves. No per\u00edodo, 2.663 pessoas ficaram feridas e 298 morreram. Em compara\u00e7\u00e3o com o primeiro semestre de 2025, houve crescimento de 88 ocorr\u00eancias, 129 casos graves, 258 feridos e 26 mortes.<\/p>\n\n\n\n<p class=\"wp-block-paragraph\">Entre as rodovias com maior n\u00famero de registros, a BR-116 liderou com 521 sinistros, seguida pela BR-324, com 502, e pela BR-101, com 427. A BR-116 tamb\u00e9m apresentou a maior quantidade de mortes, com 94 v\u00edtimas no primeiro semestre. Na sequ\u00eancia aparecem a BR-101, com 65 \u00f3bitos, e a BR-324, com 34.<\/p>\n\n\n\n<p class=\"wp-block-paragraph\">Em rela\u00e7\u00e3o \u00e0 BR-116, os trechos das regi\u00f5es de Vit\u00f3ria da Conquista e Feira de Santana concentraram os maiores n\u00fameros de ocorr\u00eancias, com 138 e 80 registros, respectivamente. Santa Terezinha teve 17 mortes, enquanto Vit\u00f3ria da Conquista contabilizou 14. Jequi\u00e9 registrou sete \u00f3bitos, Jaguaquara seis e Feira de Santana quatro.<\/p>\n\n\n\n<p class=\"wp-block-paragraph\">Al\u00e9m da Opera\u00e7\u00e3o Independ\u00eancia, a PRF realiza entre os dias 1\u00ba e 7 de setembro a Opera\u00e7\u00e3o Vaquejada de Serrinha 2026. A mobiliza\u00e7\u00e3o \u00e9 considerada a maior opera\u00e7\u00e3o local da Delegacia da PRF em Feira de Santana e foi planejada para acompanhar o aumento do tr\u00e1fego provocado pelo evento tradicional da regi\u00e3o.<\/p>\n","protected":false},"excerpt":{"rendered":"<p>A Pol\u00edcia Rodovi\u00e1ria Federal (PRF) inicia \u00e0 0h de sexta-feira (4) a Opera\u00e7\u00e3o Independ\u00eancia 2026 nas rodovias federais da Bahia. A mobiliza\u00e7\u00e3o seguir\u00e1 at\u00e9 as 23h59 de segunda-feira (7), quando termina o feriado prolongado da Independ\u00eancia do Brasil. A expectativa \u00e9 de aumento no fluxo de ve\u00edculos, principalmente durante as sa\u00eddas para viagens na sexta e no retorno previsto para segunda-feira. Durante a opera\u00e7\u00e3o, as equipes refor\u00e7ar\u00e3o o policiamento ostensivo e a fiscaliza\u00e7\u00e3o nos principais trechos das rodovias federais baianas. O trabalho ter\u00e1 como prioridade a redu\u00e7\u00e3o dos sinistros graves e a preserva\u00e7\u00e3o de vidas. Entre as condutas fiscalizadas est\u00e3o o excesso de velocidade, ultrapassagens proibidas, dire\u00e7\u00e3o sob efeito de \u00e1lcool e o uso irregular do cinto de seguran\u00e7a. Dados da PRF mostram que a aten\u00e7\u00e3o ser\u00e1 redobrada diante do aumento dos acidentes nas estradas. Entre janeiro e junho de 2026, foram registrados 2.066 sinistros, sendo 771 considerados graves. No per\u00edodo, 2.663 pessoas ficaram feridas e 298 morreram. Em compara\u00e7\u00e3o com o primeiro semestre de 2025, houve crescimento de 88 ocorr\u00eancias, 129 casos graves, 258 feridos e 26 mortes. Entre as rodovias com maior n\u00famero de registros, a BR-116 liderou com 521 sinistros, seguida pela BR-324, com 502, e pela BR-101, com 427. A BR-116 tamb\u00e9m apresentou a maior quantidade de mortes, com 94 v\u00edtimas no primeiro semestre. Na sequ\u00eancia aparecem a BR-101, com 65 \u00f3bitos, e a BR-324, com 34. Em rela\u00e7\u00e3o \u00e0 BR-116, os trechos das regi\u00f5es de Vit\u00f3ria da Conquista e Feira de Santana concentraram os maiores n\u00fameros de ocorr\u00eancias, com 138 e 80 registros, respectivamente. Santa Terezinha teve 17 mortes, enquanto Vit\u00f3ria da Conquista contabilizou 14. Jequi\u00e9 registrou sete \u00f3bitos, Jaguaquara seis e Feira de Santana quatro. Al\u00e9m da Opera\u00e7\u00e3o Independ\u00eancia, a PRF realiza entre os dias 1\u00ba e 7 de setembro a Opera\u00e7\u00e3o Vaquejada de Serrinha 2026. A mobiliza\u00e7\u00e3o \u00e9 considerada a maior opera\u00e7\u00e3o local da Delegacia da PRF em Feira de Santana e foi planejada para acompanhar o aumento do tr\u00e1fego provocado pelo evento tradicional da regi\u00e3o.<\/p>\n","protected":false},"author":4,"featured_media":29163,"comment_status":"open","ping_status":"open","sticky":false,"template":"","format":"standard","meta":{"footnotes":""},"categories":[7,4,3],"tags":[],"class_list":["post-29132","post","type-post","status-publish","format-standard","has-post-thumbnail","hentry","category-bahia","category-cidades","category-policia"],"yoast_head":"<!-- This site is optimized with the Yoast SEO plugin v26.5 - https:\/\/yoast.com\/wordpress\/plugins\/seo\/ -->\n<title>PRF refor\u00e7a fiscaliza\u00e7\u00e3o nas rodovias da Bahia durante feriado de 7 de Setembro - Sudoesteacontece<\/title>\n<meta name=\"robots\" content=\"index, follow, max-snippet:-1, max-image-preview:large, max-video-preview:-1\" \/>\n<link rel=\"canonical\" href=\"https:\/\/sudoesteacontece.com.br\/?p=29132\" \/>\n<meta property=\"og:locale\" content=\"pt_BR\" \/>\n<meta property=\"og:type\" content=\"article\" \/>\n<meta property=\"og:title\" content=\"PRF refor\u00e7a fiscaliza\u00e7\u00e3o nas rodovias da Bahia durante feriado de 7 de Setembro - Sudoesteacontece\" \/>\n<meta property=\"og:description\" content=\"A Pol\u00edcia Rodovi\u00e1ria Federal (PRF) inicia \u00e0 0h de sexta-feira (4) a Opera\u00e7\u00e3o Independ\u00eancia 2026 nas rodovias federais da Bahia. A mobiliza\u00e7\u00e3o seguir\u00e1 at\u00e9 as 23h59 de segunda-feira (7), quando termina o feriado prolongado da Independ\u00eancia do Brasil. A expectativa \u00e9 de aumento no fluxo de ve\u00edculos, principalmente durante as sa\u00eddas para viagens na sexta e no retorno previsto para segunda-feira. Durante a opera\u00e7\u00e3o, as equipes refor\u00e7ar\u00e3o o policiamento ostensivo e a fiscaliza\u00e7\u00e3o nos principais trechos das rodovias federais baianas. O trabalho ter\u00e1 como prioridade a redu\u00e7\u00e3o dos sinistros graves e a preserva\u00e7\u00e3o de vidas. Entre as condutas fiscalizadas est\u00e3o o excesso de velocidade, ultrapassagens proibidas, dire\u00e7\u00e3o sob efeito de \u00e1lcool e o uso irregular do cinto de seguran\u00e7a. Dados da PRF mostram que a aten\u00e7\u00e3o ser\u00e1 redobrada diante do aumento dos acidentes nas estradas. Entre janeiro e junho de 2026, foram registrados 2.066 sinistros, sendo 771 considerados graves. No per\u00edodo, 2.663 pessoas ficaram feridas e 298 morreram. Em compara\u00e7\u00e3o com o primeiro semestre de 2025, houve crescimento de 88 ocorr\u00eancias, 129 casos graves, 258 feridos e 26 mortes. Entre as rodovias com maior n\u00famero de registros, a BR-116 liderou com 521 sinistros, seguida pela BR-324, com 502, e pela BR-101, com 427. A BR-116 tamb\u00e9m apresentou a maior quantidade de mortes, com 94 v\u00edtimas no primeiro semestre. Na sequ\u00eancia aparecem a BR-101, com 65 \u00f3bitos, e a BR-324, com 34. Em rela\u00e7\u00e3o \u00e0 BR-116, os trechos das regi\u00f5es de Vit\u00f3ria da Conquista e Feira de Santana concentraram os maiores n\u00fameros de ocorr\u00eancias, com 138 e 80 registros, respectivamente. Santa Terezinha teve 17 mortes, enquanto Vit\u00f3ria da Conquista contabilizou 14. Jequi\u00e9 registrou sete \u00f3bitos, Jaguaquara seis e Feira de Santana quatro. Al\u00e9m da Opera\u00e7\u00e3o Independ\u00eancia, a PRF realiza entre os dias 1\u00ba e 7 de setembro a Opera\u00e7\u00e3o Vaquejada de Serrinha 2026. A mobiliza\u00e7\u00e3o \u00e9 considerada a maior opera\u00e7\u00e3o local da Delegacia da PRF em Feira de Santana e foi planejada para acompanhar o aumento do tr\u00e1fego provocado pelo evento tradicional da regi\u00e3o.\" \/>\n<meta property=\"og:url\" content=\"https:\/\/sudoesteacontece.com.br\/?p=29132\" \/>\n<meta property=\"og:site_name\" content=\"Sudoesteacontece\" \/>\n<meta property=\"article:publisher\" content=\"https:\/\/www.facebook.com\/sudoesteacontece\/?locale=pt_BR\" \/>\n<meta property=\"article:published_time\" content=\"2026-09-02T14:56:43+00:00\" \/>\n<meta property=\"article:modified_time\" content=\"2026-09-02T14:56:49+00:00\" \/>\n<meta property=\"og:image\" content=\"http:\/\/sudoesteacontece.com.br\/wp-content\/uploads\/2026\/09\/PRF-reduz-em-35-numero-de-mortes-nas-rodovias-federais-da-Bahia-durante-o-Sao-Joao.jpg\" \/>\n\t<meta property=\"og:image:width\" content=\"900\" \/>\n\t<meta property=\"og:image:height\" content=\"600\" \/>\n\t<meta property=\"og:image:type\" content=\"image\/jpeg\" \/>\n<meta name=\"author\" content=\"Reda\u00e7\u00e3o\" \/>\n<meta name=\"twitter:card\" content=\"summary_large_image\" \/>\n<meta name=\"twitter:label1\" content=\"Escrito por\" \/>\n\t<meta name=\"twitter:data1\" content=\"Reda\u00e7\u00e3o\" \/>\n\t<meta name=\"twitter:label2\" content=\"Est. tempo de leitura\" \/>\n\t<meta name=\"twitter:data2\" content=\"3 minutos\" \/>\n<script type=\"application\/ld+json\" class=\"yoast-schema-graph\">{\"@context\":\"https:\/\/schema.org\",\"@graph\":[{\"@type\":\"Article\",\"@id\":\"https:\/\/sudoesteacontece.com.br\/?p=29132#article\",\"isPartOf\":{\"@id\":\"https:\/\/sudoesteacontece.com.br\/?p=29132\"},\"author\":{\"name\":\"Reda\u00e7\u00e3o\",\"@id\":\"https:\/\/sudoesteacontece.com.br\/#\/schema\/person\/a4f22429c1d0923ef8f7d43343f8dc38\"},\"headline\":\"PRF refor\u00e7a fiscaliza\u00e7\u00e3o nas rodovias da Bahia durante feriado de 7 de Setembro\",\"datePublished\":\"2026-09-02T14:56:43+00:00\",\"dateModified\":\"2026-09-02T14:56:49+00:00\",\"mainEntityOfPage\":{\"@id\":\"https:\/\/sudoesteacontece.com.br\/?p=29132\"},\"wordCount\":356,\"commentCount\":0,\"publisher\":{\"@id\":\"https:\/\/sudoesteacontece.com.br\/#organization\"},\"image\":{\"@id\":\"https:\/\/sudoesteacontece.com.br\/?p=29132#primaryimage\"},\"thumbnailUrl\":\"https:\/\/sudoesteacontece.com.br\/wp-content\/uploads\/2026\/09\/PRF-reduz-em-35-numero-de-mortes-nas-rodovias-federais-da-Bahia-durante-o-Sao-Joao.jpg\",\"articleSection\":[\"Bahia\",\"Cidades\",\"Pol\u00edcia\"],\"inLanguage\":\"pt-BR\",\"potentialAction\":[{\"@type\":\"CommentAction\",\"name\":\"Comment\",\"target\":[\"https:\/\/sudoesteacontece.com.br\/?p=29132#respond\"]}]},{\"@type\":\"WebPage\",\"@id\":\"https:\/\/sudoesteacontece.com.br\/?p=29132\",\"url\":\"https:\/\/sudoesteacontece.com.br\/?p=29132\",\"name\":\"PRF refor\u00e7a fiscaliza\u00e7\u00e3o nas rodovias da Bahia durante feriado de 7 de Setembro - Sudoesteacontece\",\"isPartOf\":{\"@id\":\"https:\/\/sudoesteacontece.com.br\/#website\"},\"primaryImageOfPage\":{\"@id\":\"https:\/\/sudoesteacontece.com.br\/?p=29132#primaryimage\"},\"image\":{\"@id\":\"https:\/\/sudoesteacontece.com.br\/?p=29132#primaryimage\"},\"thumbnailUrl\":\"https:\/\/sudoesteacontece.com.br\/wp-content\/uploads\/2026\/09\/PRF-reduz-em-35-numero-de-mortes-nas-rodovias-federais-da-Bahia-durante-o-Sao-Joao.jpg\",\"datePublished\":\"2026-09-02T14:56:43+00:00\",\"dateModified\":\"2026-09-02T14:56:49+00:00\",\"breadcrumb\":{\"@id\":\"https:\/\/sudoesteacontece.com.br\/?p=29132#breadcrumb\"},\"inLanguage\":\"pt-BR\",\"potentialAction\":[{\"@type\":\"ReadAction\",\"target\":[\"https:\/\/sudoesteacontece.com.br\/?p=29132\"]}]},{\"@type\":\"ImageObject\",\"inLanguage\":\"pt-BR\",\"@id\":\"https:\/\/sudoesteacontece.com.br\/?p=29132#primaryimage\",\"url\":\"https:\/\/sudoesteacontece.com.br\/wp-content\/uploads\/2026\/09\/PRF-reduz-em-35-numero-de-mortes-nas-rodovias-federais-da-Bahia-durante-o-Sao-Joao.jpg\",\"contentUrl\":\"https:\/\/sudoesteacontece.com.br\/wp-content\/uploads\/2026\/09\/PRF-reduz-em-35-numero-de-mortes-nas-rodovias-federais-da-Bahia-durante-o-Sao-Joao.jpg\",\"width\":900,\"height\":600},{\"@type\":\"BreadcrumbList\",\"@id\":\"https:\/\/sudoesteacontece.com.br\/?p=29132#breadcrumb\",\"itemListElement\":[{\"@type\":\"ListItem\",\"position\":1,\"name\":\"In\u00edcio\",\"item\":\"https:\/\/sudoesteacontece.com.br\/\"},{\"@type\":\"ListItem\",\"position\":2,\"name\":\"PRF refor\u00e7a fiscaliza\u00e7\u00e3o nas rodovias da Bahia durante feriado de 7 de Setembro\"}]},{\"@type\":\"WebSite\",\"@id\":\"https:\/\/sudoesteacontece.com.br\/#website\",\"url\":\"https:\/\/sudoesteacontece.com.br\/\",\"name\":\"Sudoesteacontece\",\"description\":\"\",\"publisher\":{\"@id\":\"https:\/\/sudoesteacontece.com.br\/#organization\"},\"potentialAction\":[{\"@type\":\"SearchAction\",\"target\":{\"@type\":\"EntryPoint\",\"urlTemplate\":\"https:\/\/sudoesteacontece.com.br\/?s={search_term_string}\"},\"query-input\":{\"@type\":\"PropertyValueSpecification\",\"valueRequired\":true,\"valueName\":\"search_term_string\"}}],\"inLanguage\":\"pt-BR\"},{\"@type\":\"Organization\",\"@id\":\"https:\/\/sudoesteacontece.com.br\/#organization\",\"name\":\"Sudoesteacontece\",\"url\":\"https:\/\/sudoesteacontece.com.br\/\",\"logo\":{\"@type\":\"ImageObject\",\"inLanguage\":\"pt-BR\",\"@id\":\"https:\/\/sudoesteacontece.com.br\/#\/schema\/logo\/image\/\",\"url\":\"https:\/\/sudoesteacontece.com.br\/wp-content\/uploads\/2025\/12\/cropped-logo-2-180x180-1.png\",\"contentUrl\":\"https:\/\/sudoesteacontece.com.br\/wp-content\/uploads\/2025\/12\/cropped-logo-2-180x180-1.png\",\"width\":180,\"height\":180,\"caption\":\"Sudoesteacontece\"},\"image\":{\"@id\":\"https:\/\/sudoesteacontece.com.br\/#\/schema\/logo\/image\/\"},\"sameAs\":[\"https:\/\/www.facebook.com\/sudoesteacontece\/?locale=pt_BR\"]},{\"@type\":\"Person\",\"@id\":\"https:\/\/sudoesteacontece.com.br\/#\/schema\/person\/a4f22429c1d0923ef8f7d43343f8dc38\",\"name\":\"Reda\u00e7\u00e3o\",\"image\":{\"@type\":\"ImageObject\",\"inLanguage\":\"pt-BR\",\"@id\":\"https:\/\/sudoesteacontece.com.br\/#\/schema\/person\/image\/\",\"url\":\"https:\/\/secure.gravatar.com\/avatar\/c3a5b3c93f268a709c25a2df414c629a96fb3b1b4bf97a94fb3f72e54ae76903?s=96&d=mm&r=g\",\"contentUrl\":\"https:\/\/secure.gravatar.com\/avatar\/c3a5b3c93f268a709c25a2df414c629a96fb3b1b4bf97a94fb3f72e54ae76903?s=96&d=mm&r=g\",\"caption\":\"Reda\u00e7\u00e3o\"},\"url\":\"https:\/\/sudoesteacontece.com.br\/?author=4\"}]}<\/script>\n<!-- \/ Yoast SEO plugin. -->","yoast_head_json":{"title":"PRF refor\u00e7a fiscaliza\u00e7\u00e3o nas rodovias da Bahia durante feriado de 7 de Setembro - Sudoesteacontece","robots":{"index":"index","follow":"follow","max-snippet":"max-snippet:-1","max-image-preview":"max-image-preview:large","max-video-preview":"max-video-preview:-1"},"canonical":"https:\/\/sudoesteacontece.com.br\/?p=29132","og_locale":"pt_BR","og_type":"article","og_title":"PRF refor\u00e7a fiscaliza\u00e7\u00e3o nas rodovias da Bahia durante feriado de 7 de Setembro - Sudoesteacontece","og_description":"A Pol\u00edcia Rodovi\u00e1ria Federal (PRF) inicia \u00e0 0h de sexta-feira (4) a Opera\u00e7\u00e3o Independ\u00eancia 2026 nas rodovias federais da Bahia. A mobiliza\u00e7\u00e3o seguir\u00e1 at\u00e9 as 23h59 de segunda-feira (7), quando termina o feriado prolongado da Independ\u00eancia do Brasil. A expectativa \u00e9 de aumento no fluxo de ve\u00edculos, principalmente durante as sa\u00eddas para viagens na sexta e no retorno previsto para segunda-feira. Durante a opera\u00e7\u00e3o, as equipes refor\u00e7ar\u00e3o o policiamento ostensivo e a fiscaliza\u00e7\u00e3o nos principais trechos das rodovias federais baianas. O trabalho ter\u00e1 como prioridade a redu\u00e7\u00e3o dos sinistros graves e a preserva\u00e7\u00e3o de vidas. Entre as condutas fiscalizadas est\u00e3o o excesso de velocidade, ultrapassagens proibidas, dire\u00e7\u00e3o sob efeito de \u00e1lcool e o uso irregular do cinto de seguran\u00e7a. Dados da PRF mostram que a aten\u00e7\u00e3o ser\u00e1 redobrada diante do aumento dos acidentes nas estradas. Entre janeiro e junho de 2026, foram registrados 2.066 sinistros, sendo 771 considerados graves. No per\u00edodo, 2.663 pessoas ficaram feridas e 298 morreram. Em compara\u00e7\u00e3o com o primeiro semestre de 2025, houve crescimento de 88 ocorr\u00eancias, 129 casos graves, 258 feridos e 26 mortes. Entre as rodovias com maior n\u00famero de registros, a BR-116 liderou com 521 sinistros, seguida pela BR-324, com 502, e pela BR-101, com 427. A BR-116 tamb\u00e9m apresentou a maior quantidade de mortes, com 94 v\u00edtimas no primeiro semestre. Na sequ\u00eancia aparecem a BR-101, com 65 \u00f3bitos, e a BR-324, com 34. Em rela\u00e7\u00e3o \u00e0 BR-116, os trechos das regi\u00f5es de Vit\u00f3ria da Conquista e Feira de Santana concentraram os maiores n\u00fameros de ocorr\u00eancias, com 138 e 80 registros, respectivamente. Santa Terezinha teve 17 mortes, enquanto Vit\u00f3ria da Conquista contabilizou 14. Jequi\u00e9 registrou sete \u00f3bitos, Jaguaquara seis e Feira de Santana quatro. Al\u00e9m da Opera\u00e7\u00e3o Independ\u00eancia, a PRF realiza entre os dias 1\u00ba e 7 de setembro a Opera\u00e7\u00e3o Vaquejada de Serrinha 2026. A mobiliza\u00e7\u00e3o \u00e9 considerada a maior opera\u00e7\u00e3o local da Delegacia da PRF em Feira de Santana e foi planejada para acompanhar o aumento do tr\u00e1fego provocado pelo evento tradicional da regi\u00e3o.","og_url":"https:\/\/sudoesteacontece.com.br\/?p=29132","og_site_name":"Sudoesteacontece","article_publisher":"https:\/\/www.facebook.com\/sudoesteacontece\/?locale=pt_BR","article_published_time":"2026-09-02T14:56:43+00:00","article_modified_time":"2026-09-02T14:56:49+00:00","og_image":[{"width":900,"height":600,"url":"http:\/\/sudoesteacontece.com.br\/wp-content\/uploads\/2026\/09\/PRF-reduz-em-35-numero-de-mortes-nas-rodovias-federais-da-Bahia-durante-o-Sao-Joao.jpg","type":"image\/jpeg"}],"author":"Reda\u00e7\u00e3o","twitter_card":"summary_large_image","twitter_misc":{"Escrito por":"Reda\u00e7\u00e3o","Est. tempo de leitura":"3 minutos"},"schema":{"@context":"https:\/\/schema.org","@graph":[{"@type":"Article","@id":"https:\/\/sudoesteacontece.com.br\/?p=29132#article","isPartOf":{"@id":"https:\/\/sudoesteacontece.com.br\/?p=29132"},"author":{"name":"Reda\u00e7\u00e3o","@id":"https:\/\/sudoesteacontece.com.br\/#\/schema\/person\/a4f22429c1d0923ef8f7d43343f8dc38"},"headline":"PRF refor\u00e7a fiscaliza\u00e7\u00e3o nas rodovias da Bahia durante feriado de 7 de Setembro","datePublished":"2026-09-02T14:56:43+00:00","dateModified":"2026-09-02T14:56:49+00:00","mainEntityOfPage":{"@id":"https:\/\/sudoesteacontece.com.br\/?p=29132"},"wordCount":356,"commentCount":0,"publisher":{"@id":"https:\/\/sudoesteacontece.com.br\/#organization"},"image":{"@id":"https:\/\/sudoesteacontece.com.br\/?p=29132#primaryimage"},"thumbnailUrl":"https:\/\/sudoesteacontece.com.br\/wp-content\/uploads\/2026\/09\/PRF-reduz-em-35-numero-de-mortes-nas-rodovias-federais-da-Bahia-durante-o-Sao-Joao.jpg","articleSection":["Bahia","Cidades","Pol\u00edcia"],"inLanguage":"pt-BR","potentialAction":[{"@type":"CommentAction","name":"Comment","target":["https:\/\/sudoesteacontece.com.br\/?p=29132#respond"]}]},{"@type":"WebPage","@id":"https:\/\/sudoesteacontece.com.br\/?p=29132","url":"https:\/\/sudoesteacontece.com.br\/?p=29132","name":"PRF refor\u00e7a fiscaliza\u00e7\u00e3o nas rodovias da Bahia durante feriado de 7 de Setembro - Sudoesteacontece","isPartOf":{"@id":"https:\/\/sudoesteacontece.com.br\/#website"},"primaryImageOfPage":{"@id":"https:\/\/sudoesteacontece.com.br\/?p=29132#primaryimage"},"image":{"@id":"https:\/\/sudoesteacontece.com.br\/?p=29132#primaryimage"},"thumbnailUrl":"https:\/\/sudoesteacontece.com.br\/wp-content\/uploads\/2026\/09\/PRF-reduz-em-35-numero-de-mortes-nas-rodovias-federais-da-Bahia-durante-o-Sao-Joao.jpg","datePublished":"2026-09-02T14:56:43+00:00","dateModified":"2026-09-02T14:56:49+00:00","breadcrumb":{"@id":"https:\/\/sudoesteacontece.com.br\/?p=29132#breadcrumb"},"inLanguage":"pt-BR","potentialAction":[{"@type":"ReadAction","target":["https:\/\/sudoesteacontece.com.br\/?p=29132"]}]},{"@type":"ImageObject","inLanguage":"pt-BR","@id":"https:\/\/sudoesteacontece.com.br\/?p=29132#primaryimage","url":"https:\/\/sudoesteacontece.com.br\/wp-content\/uploads\/2026\/09\/PRF-reduz-em-35-numero-de-mortes-nas-rodovias-federais-da-Bahia-durante-o-Sao-Joao.jpg","contentUrl":"https:\/\/sudoesteacontece.com.br\/wp-content\/uploads\/2026\/09\/PRF-reduz-em-35-numero-de-mortes-nas-rodovias-federais-da-Bahia-durante-o-Sao-Joao.jpg","width":900,"height":600},{"@type":"BreadcrumbList","@id":"https:\/\/sudoesteacontece.com.br\/?p=29132#breadcrumb","itemListElement":[{"@type":"ListItem","position":1,"name":"In\u00edcio","item":"https:\/\/sudoesteacontece.com.br\/"},{"@type":"ListItem","position":2,"name":"PRF refor\u00e7a fiscaliza\u00e7\u00e3o nas rodovias da Bahia durante feriado de 7 de Setembro"}]},{"@type":"WebSite","@id":"https:\/\/sudoesteacontece.com.br\/#website","url":"https:\/\/sudoesteacontece.com.br\/","name":"Sudoesteacontece","description":"","publisher":{"@id":"https:\/\/sudoesteacontece.com.br\/#organization"},"potentialAction":[{"@type":"SearchAction","target":{"@type":"EntryPoint","urlTemplate":"https:\/\/sudoesteacontece.com.br\/?s={search_term_string}"},"query-input":{"@type":"PropertyValueSpecification","valueRequired":true,"valueName":"search_term_string"}}],"inLanguage":"pt-BR"},{"@type":"Organization","@id":"https:\/\/sudoesteacontece.com.br\/#organization","name":"Sudoesteacontece","url":"https:\/\/sudoesteacontece.com.br\/","logo":{"@type":"ImageObject","inLanguage":"pt-BR","@id":"https:\/\/sudoesteacontece.com.br\/#\/schema\/logo\/image\/","url":"https:\/\/sudoesteacontece.com.br\/wp-content\/uploads\/2025\/12\/cropped-logo-2-180x180-1.png","contentUrl":"https:\/\/sudoesteacontece.com.br\/wp-content\/uploads\/2025\/12\/cropped-logo-2-180x180-1.png","width":180,"height":180,"caption":"Sudoesteacontece"},"image":{"@id":"https:\/\/sudoesteacontece.com.br\/#\/schema\/logo\/image\/"},"sameAs":["https:\/\/www.facebook.com\/sudoesteacontece\/?locale=pt_BR"]},{"@type":"Person","@id":"https:\/\/sudoesteacontece.com.br\/#\/schema\/person\/a4f22429c1d0923ef8f7d43343f8dc38","name":"Reda\u00e7\u00e3o","image":{"@type":"ImageObject","inLanguage":"pt-BR","@id":"https:\/\/sudoesteacontece.com.br\/#\/schema\/person\/image\/","url":"https:\/\/secure.gravatar.com\/avatar\/c3a5b3c93f268a709c25a2df414c629a96fb3b1b4bf97a94fb3f72e54ae76903?s=96&d=mm&r=g","contentUrl":"https:\/\/secure.gravatar.com\/avatar\/c3a5b3c93f268a709c25a2df414c629a96fb3b1b4bf97a94fb3f72e54ae76903?s=96&d=mm&r=g","caption":"Reda\u00e7\u00e3o"},"url":"https:\/\/sudoesteacontece.com.br\/?author=4"}]}},"_links":{"self":[{"href":"https:\/\/sudoesteacontece.com.br\/index.php?rest_route=\/wp\/v2\/posts\/29132","targetHints":{"allow":["GET"]}}],"collection":[{"href":"https:\/\/sudoesteacontece.com.br\/index.php?rest_route=\/wp\/v2\/posts"}],"about":[{"href":"https:\/\/sudoesteacontece.com.br\/index.php?rest_route=\/wp\/v2\/types\/post"}],"author":[{"embeddable":true,"href":"https:\/\/sudoesteacontece.com.br\/index.php?rest_route=\/wp\/v2\/users\/4"}],"replies":[{"embeddable":true,"href":"https:\/\/sudoesteacontece.com.br\/index.php?rest_route=%2Fwp%2Fv2%2Fcomments&post=29132"}],"version-history":[{"count":1,"href":"https:\/\/sudoesteacontece.com.br\/index.php?rest_route=\/wp\/v2\/posts\/29132\/revisions"}],"predecessor-version":[{"id":29180,"href":"https:\/\/sudoesteacontece.com.br\/index.php?rest_route=\/wp\/v2\/posts\/29132\/revisions\/29180"}],"wp:featuredmedia":[{"embeddable":true,"href":"https:\/\/sudoesteacontece.com.br\/index.php?rest_route=\/wp\/v2\/media\/29163"}],"wp:attachment":[{"href":"https:\/\/sudoesteacontece.com.br\/index.php?rest_route=%2Fwp%2Fv2%2Fmedia&parent=29132"}],"wp:term":[{"taxonomy":"category","embeddable":true,"href":"https:\/\/sudoesteacontece.com.br\/index.php?rest_route=%2Fwp%2Fv2%2Fcategories&post=29132"},{"taxonomy":"post_tag","embeddable":true,"href":"https:\/\/sudoesteacontece.com.br\/index.php?rest_route=%2Fwp%2Fv2%2Ftags&post=29132"}],"curies":[{"name":"wp","href":"https:\/\/api.w.org\/{rel}","templated":true}]}}