{"id":29206,"date":"2026-09-02T18:32:43","date_gmt":"2026-09-02T21:32:43","guid":{"rendered":"https:\/\/sudoesteacontece.com.br\/?p=29206"},"modified":"2026-09-02T18:32:48","modified_gmt":"2026-09-02T21:32:48","slug":"vitoria-da-conquista-amanhece-em-luto-com-morte-de-adailton-gomes","status":"publish","type":"post","link":"https:\/\/sudoesteacontece.com.br\/?p=29206","title":{"rendered":"Vit\u00f3ria da Conquista amanhece em luto com morte de Adailton Gomes"},"content":{"rendered":"\n<figure class=\"wp-block-image size-full\"><img fetchpriority=\"high\" decoding=\"async\" width=\"900\" height=\"600\" src=\"http:\/\/sudoesteacontece.com.br\/wp-content\/uploads\/2026\/09\/Vitoria-da-Conquista-amanhece-em-luto-com-morte-de-Adailton-Gomes.jpg\" alt=\"\" class=\"wp-image-29237\" srcset=\"https:\/\/sudoesteacontece.com.br\/wp-content\/uploads\/2026\/09\/Vitoria-da-Conquista-amanhece-em-luto-com-morte-de-Adailton-Gomes.jpg 900w, https:\/\/sudoesteacontece.com.br\/wp-content\/uploads\/2026\/09\/Vitoria-da-Conquista-amanhece-em-luto-com-morte-de-Adailton-Gomes-300x200.jpg 300w, https:\/\/sudoesteacontece.com.br\/wp-content\/uploads\/2026\/09\/Vitoria-da-Conquista-amanhece-em-luto-com-morte-de-Adailton-Gomes-768x512.jpg 768w\" sizes=\"(max-width: 900px) 100vw, 900px\" \/><\/figure>\n\n\n\n<p class=\"wp-block-paragraph\">Adailton Gomes morreu em Vit\u00f3ria da Conquista, no sudoeste da Bahia. A informa\u00e7\u00e3o foi divulgada nesta quarta-feira (2), e causou tristeza entre familiares, amigos e pessoas que conviviam com ele. Conhecido na cidade, ele recebeu diversas manifesta\u00e7\u00f5es de pesar ap\u00f3s a confirma\u00e7\u00e3o da morte.<\/p>\n\n\n\n<p class=\"wp-block-paragraph\">Segundo as informa\u00e7\u00f5es divulgadas, Adailton era uma pessoa querida e conhecida no munic\u00edpio. Ap\u00f3s a not\u00edcia, amigos e pessoas pr\u00f3ximas passaram a publicar homenagens nas redes sociais. As mensagens relembram momentos compartilhados, al\u00e9m de destacar a amizade e o carinho constru\u00eddos ao longo de sua trajet\u00f3ria.<\/p>\n\n\n\n<p class=\"wp-block-paragraph\">Desde o an\u00fancio do falecimento, as manifesta\u00e7\u00f5es de solidariedade se multiplicaram entre aqueles que mantinham algum v\u00ednculo com Adailton Gomes. As publica\u00e7\u00f5es tamb\u00e9m ressaltam as lembran\u00e7as deixadas por ele entre pessoas que tiveram contato durante a vida. A fam\u00edlia e os amigos enfrentam o per\u00edodo de despedida cercados por mensagens de apoio.<\/p>\n\n\n\n<p class=\"wp-block-paragraph\">At\u00e9 o momento, as informa\u00e7\u00f5es divulgadas n\u00e3o detalham a causa da morte, nem apresentam dados sobre vel\u00f3rio e sepultamento. O falecimento repercutiu entre moradores e conhecidos de Vit\u00f3ria da Conquista nesta quarta-feira. Familiares e amigos recebem manifesta\u00e7\u00f5es de solidariedade diante da perda.<\/p>\n","protected":false},"excerpt":{"rendered":"<p>Adailton Gomes morreu em Vit\u00f3ria da Conquista, no sudoeste da Bahia. A informa\u00e7\u00e3o foi divulgada nesta quarta-feira (2), e causou tristeza entre familiares, amigos e pessoas que conviviam com ele. Conhecido na cidade, ele recebeu diversas manifesta\u00e7\u00f5es de pesar ap\u00f3s a confirma\u00e7\u00e3o da morte. Segundo as informa\u00e7\u00f5es divulgadas, Adailton era uma pessoa querida e conhecida no munic\u00edpio. Ap\u00f3s a not\u00edcia, amigos e pessoas pr\u00f3ximas passaram a publicar homenagens nas redes sociais. As mensagens relembram momentos compartilhados, al\u00e9m de destacar a amizade e o carinho constru\u00eddos ao longo de sua trajet\u00f3ria. Desde o an\u00fancio do falecimento, as manifesta\u00e7\u00f5es de solidariedade se multiplicaram entre aqueles que mantinham algum v\u00ednculo com Adailton Gomes. As publica\u00e7\u00f5es tamb\u00e9m ressaltam as lembran\u00e7as deixadas por ele entre pessoas que tiveram contato durante a vida. A fam\u00edlia e os amigos enfrentam o per\u00edodo de despedida cercados por mensagens de apoio. At\u00e9 o momento, as informa\u00e7\u00f5es divulgadas n\u00e3o detalham a causa da morte, nem apresentam dados sobre vel\u00f3rio e sepultamento. O falecimento repercutiu entre moradores e conhecidos de Vit\u00f3ria da Conquista nesta quarta-feira. Familiares e amigos recebem manifesta\u00e7\u00f5es de solidariedade diante da perda.<\/p>\n","protected":false},"author":4,"featured_media":0,"comment_status":"open","ping_status":"open","sticky":false,"template":"","format":"standard","meta":{"footnotes":""},"categories":[4],"tags":[],"class_list":["post-29206","post","type-post","status-publish","format-standard","hentry","category-cidades"],"yoast_head":"<!-- This site is optimized with the Yoast SEO plugin v26.5 - https:\/\/yoast.com\/wordpress\/plugins\/seo\/ -->\n<title>Vit\u00f3ria da Conquista amanhece em luto com morte de Adailton Gomes - Sudoesteacontece<\/title>\n<meta name=\"robots\" content=\"index, follow, max-snippet:-1, max-image-preview:large, max-video-preview:-1\" \/>\n<link rel=\"canonical\" href=\"https:\/\/sudoesteacontece.com.br\/?p=29206\" \/>\n<meta property=\"og:locale\" content=\"pt_BR\" \/>\n<meta property=\"og:type\" content=\"article\" \/>\n<meta property=\"og:title\" content=\"Vit\u00f3ria da Conquista amanhece em luto com morte de Adailton Gomes - Sudoesteacontece\" \/>\n<meta property=\"og:description\" content=\"Adailton Gomes morreu em Vit\u00f3ria da Conquista, no sudoeste da Bahia. A informa\u00e7\u00e3o foi divulgada nesta quarta-feira (2), e causou tristeza entre familiares, amigos e pessoas que conviviam com ele. Conhecido na cidade, ele recebeu diversas manifesta\u00e7\u00f5es de pesar ap\u00f3s a confirma\u00e7\u00e3o da morte. Segundo as informa\u00e7\u00f5es divulgadas, Adailton era uma pessoa querida e conhecida no munic\u00edpio. Ap\u00f3s a not\u00edcia, amigos e pessoas pr\u00f3ximas passaram a publicar homenagens nas redes sociais. As mensagens relembram momentos compartilhados, al\u00e9m de destacar a amizade e o carinho constru\u00eddos ao longo de sua trajet\u00f3ria. Desde o an\u00fancio do falecimento, as manifesta\u00e7\u00f5es de solidariedade se multiplicaram entre aqueles que mantinham algum v\u00ednculo com Adailton Gomes. As publica\u00e7\u00f5es tamb\u00e9m ressaltam as lembran\u00e7as deixadas por ele entre pessoas que tiveram contato durante a vida. A fam\u00edlia e os amigos enfrentam o per\u00edodo de despedida cercados por mensagens de apoio. At\u00e9 o momento, as informa\u00e7\u00f5es divulgadas n\u00e3o detalham a causa da morte, nem apresentam dados sobre vel\u00f3rio e sepultamento. O falecimento repercutiu entre moradores e conhecidos de Vit\u00f3ria da Conquista nesta quarta-feira. Familiares e amigos recebem manifesta\u00e7\u00f5es de solidariedade diante da perda.\" \/>\n<meta property=\"og:url\" content=\"https:\/\/sudoesteacontece.com.br\/?p=29206\" \/>\n<meta property=\"og:site_name\" content=\"Sudoesteacontece\" \/>\n<meta property=\"article:publisher\" content=\"https:\/\/www.facebook.com\/sudoesteacontece\/?locale=pt_BR\" \/>\n<meta property=\"article:published_time\" content=\"2026-09-02T21:32:43+00:00\" \/>\n<meta property=\"article:modified_time\" content=\"2026-09-02T21:32:48+00:00\" \/>\n<meta property=\"og:image\" content=\"https:\/\/sudoesteacontece.com.br\/wp-content\/uploads\/2026\/09\/Vitoria-da-Conquista-amanhece-em-luto-com-morte-de-Adailton-Gomes.jpg\" \/>\n\t<meta property=\"og:image:width\" content=\"900\" \/>\n\t<meta property=\"og:image:height\" content=\"600\" \/>\n\t<meta property=\"og:image:type\" content=\"image\/jpeg\" \/>\n<meta name=\"author\" content=\"Reda\u00e7\u00e3o\" \/>\n<meta name=\"twitter:card\" content=\"summary_large_image\" \/>\n<meta name=\"twitter:label1\" content=\"Escrito por\" \/>\n\t<meta name=\"twitter:data1\" content=\"Reda\u00e7\u00e3o\" \/>\n\t<meta name=\"twitter:label2\" content=\"Est. tempo de leitura\" \/>\n\t<meta name=\"twitter:data2\" content=\"2 minutos\" \/>\n<script type=\"application\/ld+json\" class=\"yoast-schema-graph\">{\"@context\":\"https:\/\/schema.org\",\"@graph\":[{\"@type\":\"Article\",\"@id\":\"https:\/\/sudoesteacontece.com.br\/?p=29206#article\",\"isPartOf\":{\"@id\":\"https:\/\/sudoesteacontece.com.br\/?p=29206\"},\"author\":{\"name\":\"Reda\u00e7\u00e3o\",\"@id\":\"https:\/\/sudoesteacontece.com.br\/#\/schema\/person\/a4f22429c1d0923ef8f7d43343f8dc38\"},\"headline\":\"Vit\u00f3ria da Conquista amanhece em luto com morte de Adailton Gomes\",\"datePublished\":\"2026-09-02T21:32:43+00:00\",\"dateModified\":\"2026-09-02T21:32:48+00:00\",\"mainEntityOfPage\":{\"@id\":\"https:\/\/sudoesteacontece.com.br\/?p=29206\"},\"wordCount\":221,\"commentCount\":0,\"publisher\":{\"@id\":\"https:\/\/sudoesteacontece.com.br\/#organization\"},\"image\":{\"@id\":\"https:\/\/sudoesteacontece.com.br\/?p=29206#primaryimage\"},\"thumbnailUrl\":\"http:\/\/sudoesteacontece.com.br\/wp-content\/uploads\/2026\/09\/Vitoria-da-Conquista-amanhece-em-luto-com-morte-de-Adailton-Gomes.jpg\",\"articleSection\":[\"Cidades\"],\"inLanguage\":\"pt-BR\",\"potentialAction\":[{\"@type\":\"CommentAction\",\"name\":\"Comment\",\"target\":[\"https:\/\/sudoesteacontece.com.br\/?p=29206#respond\"]}]},{\"@type\":\"WebPage\",\"@id\":\"https:\/\/sudoesteacontece.com.br\/?p=29206\",\"url\":\"https:\/\/sudoesteacontece.com.br\/?p=29206\",\"name\":\"Vit\u00f3ria da Conquista amanhece em luto com morte de Adailton Gomes - Sudoesteacontece\",\"isPartOf\":{\"@id\":\"https:\/\/sudoesteacontece.com.br\/#website\"},\"primaryImageOfPage\":{\"@id\":\"https:\/\/sudoesteacontece.com.br\/?p=29206#primaryimage\"},\"image\":{\"@id\":\"https:\/\/sudoesteacontece.com.br\/?p=29206#primaryimage\"},\"thumbnailUrl\":\"http:\/\/sudoesteacontece.com.br\/wp-content\/uploads\/2026\/09\/Vitoria-da-Conquista-amanhece-em-luto-com-morte-de-Adailton-Gomes.jpg\",\"datePublished\":\"2026-09-02T21:32:43+00:00\",\"dateModified\":\"2026-09-02T21:32:48+00:00\",\"breadcrumb\":{\"@id\":\"https:\/\/sudoesteacontece.com.br\/?p=29206#breadcrumb\"},\"inLanguage\":\"pt-BR\",\"potentialAction\":[{\"@type\":\"ReadAction\",\"target\":[\"https:\/\/sudoesteacontece.com.br\/?p=29206\"]}]},{\"@type\":\"ImageObject\",\"inLanguage\":\"pt-BR\",\"@id\":\"https:\/\/sudoesteacontece.com.br\/?p=29206#primaryimage\",\"url\":\"https:\/\/sudoesteacontece.com.br\/wp-content\/uploads\/2026\/09\/Vitoria-da-Conquista-amanhece-em-luto-com-morte-de-Adailton-Gomes.jpg\",\"contentUrl\":\"https:\/\/sudoesteacontece.com.br\/wp-content\/uploads\/2026\/09\/Vitoria-da-Conquista-amanhece-em-luto-com-morte-de-Adailton-Gomes.jpg\",\"width\":900,\"height\":600},{\"@type\":\"BreadcrumbList\",\"@id\":\"https:\/\/sudoesteacontece.com.br\/?p=29206#breadcrumb\",\"itemListElement\":[{\"@type\":\"ListItem\",\"position\":1,\"name\":\"In\u00edcio\",\"item\":\"https:\/\/sudoesteacontece.com.br\/\"},{\"@type\":\"ListItem\",\"position\":2,\"name\":\"Vit\u00f3ria da Conquista amanhece em luto com morte de Adailton Gomes\"}]},{\"@type\":\"WebSite\",\"@id\":\"https:\/\/sudoesteacontece.com.br\/#website\",\"url\":\"https:\/\/sudoesteacontece.com.br\/\",\"name\":\"Sudoesteacontece\",\"description\":\"\",\"publisher\":{\"@id\":\"https:\/\/sudoesteacontece.com.br\/#organization\"},\"potentialAction\":[{\"@type\":\"SearchAction\",\"target\":{\"@type\":\"EntryPoint\",\"urlTemplate\":\"https:\/\/sudoesteacontece.com.br\/?s={search_term_string}\"},\"query-input\":{\"@type\":\"PropertyValueSpecification\",\"valueRequired\":true,\"valueName\":\"search_term_string\"}}],\"inLanguage\":\"pt-BR\"},{\"@type\":\"Organization\",\"@id\":\"https:\/\/sudoesteacontece.com.br\/#organization\",\"name\":\"Sudoesteacontece\",\"url\":\"https:\/\/sudoesteacontece.com.br\/\",\"logo\":{\"@type\":\"ImageObject\",\"inLanguage\":\"pt-BR\",\"@id\":\"https:\/\/sudoesteacontece.com.br\/#\/schema\/logo\/image\/\",\"url\":\"https:\/\/sudoesteacontece.com.br\/wp-content\/uploads\/2025\/12\/cropped-logo-2-180x180-1.png\",\"contentUrl\":\"https:\/\/sudoesteacontece.com.br\/wp-content\/uploads\/2025\/12\/cropped-logo-2-180x180-1.png\",\"width\":180,\"height\":180,\"caption\":\"Sudoesteacontece\"},\"image\":{\"@id\":\"https:\/\/sudoesteacontece.com.br\/#\/schema\/logo\/image\/\"},\"sameAs\":[\"https:\/\/www.facebook.com\/sudoesteacontece\/?locale=pt_BR\"]},{\"@type\":\"Person\",\"@id\":\"https:\/\/sudoesteacontece.com.br\/#\/schema\/person\/a4f22429c1d0923ef8f7d43343f8dc38\",\"name\":\"Reda\u00e7\u00e3o\",\"image\":{\"@type\":\"ImageObject\",\"inLanguage\":\"pt-BR\",\"@id\":\"https:\/\/sudoesteacontece.com.br\/#\/schema\/person\/image\/\",\"url\":\"https:\/\/secure.gravatar.com\/avatar\/c3a5b3c93f268a709c25a2df414c629a96fb3b1b4bf97a94fb3f72e54ae76903?s=96&d=mm&r=g\",\"contentUrl\":\"https:\/\/secure.gravatar.com\/avatar\/c3a5b3c93f268a709c25a2df414c629a96fb3b1b4bf97a94fb3f72e54ae76903?s=96&d=mm&r=g\",\"caption\":\"Reda\u00e7\u00e3o\"},\"url\":\"https:\/\/sudoesteacontece.com.br\/?author=4\"}]}<\/script>\n<!-- \/ Yoast SEO plugin. -->","yoast_head_json":{"title":"Vit\u00f3ria da Conquista amanhece em luto com morte de Adailton Gomes - Sudoesteacontece","robots":{"index":"index","follow":"follow","max-snippet":"max-snippet:-1","max-image-preview":"max-image-preview:large","max-video-preview":"max-video-preview:-1"},"canonical":"https:\/\/sudoesteacontece.com.br\/?p=29206","og_locale":"pt_BR","og_type":"article","og_title":"Vit\u00f3ria da Conquista amanhece em luto com morte de Adailton Gomes - Sudoesteacontece","og_description":"Adailton Gomes morreu em Vit\u00f3ria da Conquista, no sudoeste da Bahia. A informa\u00e7\u00e3o foi divulgada nesta quarta-feira (2), e causou tristeza entre familiares, amigos e pessoas que conviviam com ele. Conhecido na cidade, ele recebeu diversas manifesta\u00e7\u00f5es de pesar ap\u00f3s a confirma\u00e7\u00e3o da morte. Segundo as informa\u00e7\u00f5es divulgadas, Adailton era uma pessoa querida e conhecida no munic\u00edpio. Ap\u00f3s a not\u00edcia, amigos e pessoas pr\u00f3ximas passaram a publicar homenagens nas redes sociais. As mensagens relembram momentos compartilhados, al\u00e9m de destacar a amizade e o carinho constru\u00eddos ao longo de sua trajet\u00f3ria. Desde o an\u00fancio do falecimento, as manifesta\u00e7\u00f5es de solidariedade se multiplicaram entre aqueles que mantinham algum v\u00ednculo com Adailton Gomes. As publica\u00e7\u00f5es tamb\u00e9m ressaltam as lembran\u00e7as deixadas por ele entre pessoas que tiveram contato durante a vida. A fam\u00edlia e os amigos enfrentam o per\u00edodo de despedida cercados por mensagens de apoio. At\u00e9 o momento, as informa\u00e7\u00f5es divulgadas n\u00e3o detalham a causa da morte, nem apresentam dados sobre vel\u00f3rio e sepultamento. O falecimento repercutiu entre moradores e conhecidos de Vit\u00f3ria da Conquista nesta quarta-feira. Familiares e amigos recebem manifesta\u00e7\u00f5es de solidariedade diante da perda.","og_url":"https:\/\/sudoesteacontece.com.br\/?p=29206","og_site_name":"Sudoesteacontece","article_publisher":"https:\/\/www.facebook.com\/sudoesteacontece\/?locale=pt_BR","article_published_time":"2026-09-02T21:32:43+00:00","article_modified_time":"2026-09-02T21:32:48+00:00","og_image":[{"width":900,"height":600,"url":"https:\/\/sudoesteacontece.com.br\/wp-content\/uploads\/2026\/09\/Vitoria-da-Conquista-amanhece-em-luto-com-morte-de-Adailton-Gomes.jpg","type":"image\/jpeg"}],"author":"Reda\u00e7\u00e3o","twitter_card":"summary_large_image","twitter_misc":{"Escrito por":"Reda\u00e7\u00e3o","Est. tempo de leitura":"2 minutos"},"schema":{"@context":"https:\/\/schema.org","@graph":[{"@type":"Article","@id":"https:\/\/sudoesteacontece.com.br\/?p=29206#article","isPartOf":{"@id":"https:\/\/sudoesteacontece.com.br\/?p=29206"},"author":{"name":"Reda\u00e7\u00e3o","@id":"https:\/\/sudoesteacontece.com.br\/#\/schema\/person\/a4f22429c1d0923ef8f7d43343f8dc38"},"headline":"Vit\u00f3ria da Conquista amanhece em luto com morte de Adailton Gomes","datePublished":"2026-09-02T21:32:43+00:00","dateModified":"2026-09-02T21:32:48+00:00","mainEntityOfPage":{"@id":"https:\/\/sudoesteacontece.com.br\/?p=29206"},"wordCount":221,"commentCount":0,"publisher":{"@id":"https:\/\/sudoesteacontece.com.br\/#organization"},"image":{"@id":"https:\/\/sudoesteacontece.com.br\/?p=29206#primaryimage"},"thumbnailUrl":"http:\/\/sudoesteacontece.com.br\/wp-content\/uploads\/2026\/09\/Vitoria-da-Conquista-amanhece-em-luto-com-morte-de-Adailton-Gomes.jpg","articleSection":["Cidades"],"inLanguage":"pt-BR","potentialAction":[{"@type":"CommentAction","name":"Comment","target":["https:\/\/sudoesteacontece.com.br\/?p=29206#respond"]}]},{"@type":"WebPage","@id":"https:\/\/sudoesteacontece.com.br\/?p=29206","url":"https:\/\/sudoesteacontece.com.br\/?p=29206","name":"Vit\u00f3ria da Conquista amanhece em luto com morte de Adailton Gomes - Sudoesteacontece","isPartOf":{"@id":"https:\/\/sudoesteacontece.com.br\/#website"},"primaryImageOfPage":{"@id":"https:\/\/sudoesteacontece.com.br\/?p=29206#primaryimage"},"image":{"@id":"https:\/\/sudoesteacontece.com.br\/?p=29206#primaryimage"},"thumbnailUrl":"http:\/\/sudoesteacontece.com.br\/wp-content\/uploads\/2026\/09\/Vitoria-da-Conquista-amanhece-em-luto-com-morte-de-Adailton-Gomes.jpg","datePublished":"2026-09-02T21:32:43+00:00","dateModified":"2026-09-02T21:32:48+00:00","breadcrumb":{"@id":"https:\/\/sudoesteacontece.com.br\/?p=29206#breadcrumb"},"inLanguage":"pt-BR","potentialAction":[{"@type":"ReadAction","target":["https:\/\/sudoesteacontece.com.br\/?p=29206"]}]},{"@type":"ImageObject","inLanguage":"pt-BR","@id":"https:\/\/sudoesteacontece.com.br\/?p=29206#primaryimage","url":"https:\/\/sudoesteacontece.com.br\/wp-content\/uploads\/2026\/09\/Vitoria-da-Conquista-amanhece-em-luto-com-morte-de-Adailton-Gomes.jpg","contentUrl":"https:\/\/sudoesteacontece.com.br\/wp-content\/uploads\/2026\/09\/Vitoria-da-Conquista-amanhece-em-luto-com-morte-de-Adailton-Gomes.jpg","width":900,"height":600},{"@type":"BreadcrumbList","@id":"https:\/\/sudoesteacontece.com.br\/?p=29206#breadcrumb","itemListElement":[{"@type":"ListItem","position":1,"name":"In\u00edcio","item":"https:\/\/sudoesteacontece.com.br\/"},{"@type":"ListItem","position":2,"name":"Vit\u00f3ria da Conquista amanhece em luto com morte de Adailton Gomes"}]},{"@type":"WebSite","@id":"https:\/\/sudoesteacontece.com.br\/#website","url":"https:\/\/sudoesteacontece.com.br\/","name":"Sudoesteacontece","description":"","publisher":{"@id":"https:\/\/sudoesteacontece.com.br\/#organization"},"potentialAction":[{"@type":"SearchAction","target":{"@type":"EntryPoint","urlTemplate":"https:\/\/sudoesteacontece.com.br\/?s={search_term_string}"},"query-input":{"@type":"PropertyValueSpecification","valueRequired":true,"valueName":"search_term_string"}}],"inLanguage":"pt-BR"},{"@type":"Organization","@id":"https:\/\/sudoesteacontece.com.br\/#organization","name":"Sudoesteacontece","url":"https:\/\/sudoesteacontece.com.br\/","logo":{"@type":"ImageObject","inLanguage":"pt-BR","@id":"https:\/\/sudoesteacontece.com.br\/#\/schema\/logo\/image\/","url":"https:\/\/sudoesteacontece.com.br\/wp-content\/uploads\/2025\/12\/cropped-logo-2-180x180-1.png","contentUrl":"https:\/\/sudoesteacontece.com.br\/wp-content\/uploads\/2025\/12\/cropped-logo-2-180x180-1.png","width":180,"height":180,"caption":"Sudoesteacontece"},"image":{"@id":"https:\/\/sudoesteacontece.com.br\/#\/schema\/logo\/image\/"},"sameAs":["https:\/\/www.facebook.com\/sudoesteacontece\/?locale=pt_BR"]},{"@type":"Person","@id":"https:\/\/sudoesteacontece.com.br\/#\/schema\/person\/a4f22429c1d0923ef8f7d43343f8dc38","name":"Reda\u00e7\u00e3o","image":{"@type":"ImageObject","inLanguage":"pt-BR","@id":"https:\/\/sudoesteacontece.com.br\/#\/schema\/person\/image\/","url":"https:\/\/secure.gravatar.com\/avatar\/c3a5b3c93f268a709c25a2df414c629a96fb3b1b4bf97a94fb3f72e54ae76903?s=96&d=mm&r=g","contentUrl":"https:\/\/secure.gravatar.com\/avatar\/c3a5b3c93f268a709c25a2df414c629a96fb3b1b4bf97a94fb3f72e54ae76903?s=96&d=mm&r=g","caption":"Reda\u00e7\u00e3o"},"url":"https:\/\/sudoesteacontece.com.br\/?author=4"}]}},"_links":{"self":[{"href":"https:\/\/sudoesteacontece.com.br\/index.php?rest_route=\/wp\/v2\/posts\/29206","targetHints":{"allow":["GET"]}}],"collection":[{"href":"https:\/\/sudoesteacontece.com.br\/index.php?rest_route=\/wp\/v2\/posts"}],"about":[{"href":"https:\/\/sudoesteacontece.com.br\/index.php?rest_route=\/wp\/v2\/types\/post"}],"author":[{"embeddable":true,"href":"https:\/\/sudoesteacontece.com.br\/index.php?rest_route=\/wp\/v2\/users\/4"}],"replies":[{"embeddable":true,"href":"https:\/\/sudoesteacontece.com.br\/index.php?rest_route=%2Fwp%2Fv2%2Fcomments&post=29206"}],"version-history":[{"count":1,"href":"https:\/\/sudoesteacontece.com.br\/index.php?rest_route=\/wp\/v2\/posts\/29206\/revisions"}],"predecessor-version":[{"id":29239,"href":"https:\/\/sudoesteacontece.com.br\/index.php?rest_route=\/wp\/v2\/posts\/29206\/revisions\/29239"}],"wp:attachment":[{"href":"https:\/\/sudoesteacontece.com.br\/index.php?rest_route=%2Fwp%2Fv2%2Fmedia&parent=29206"}],"wp:term":[{"taxonomy":"category","embeddable":true,"href":"https:\/\/sudoesteacontece.com.br\/index.php?rest_route=%2Fwp%2Fv2%2Fcategories&post=29206"},{"taxonomy":"post_tag","embeddable":true,"href":"https:\/\/sudoesteacontece.com.br\/index.php?rest_route=%2Fwp%2Fv2%2Ftags&post=29206"}],"curies":[{"name":"wp","href":"https:\/\/api.w.org\/{rel}","templated":true}]}}