{"id":29207,"date":"2026-09-02T18:33:24","date_gmt":"2026-09-02T21:33:24","guid":{"rendered":"https:\/\/sudoesteacontece.com.br\/?p=29207"},"modified":"2026-09-02T18:33:30","modified_gmt":"2026-09-02T21:33:30","slug":"moraes-e-mendonca-se-encontram-no-stf-apos-novas-mensagens-de-vorcaro","status":"publish","type":"post","link":"https:\/\/sudoesteacontece.com.br\/?p=29207","title":{"rendered":"Moraes e Mendon\u00e7a se encontram no STF ap\u00f3s novas mensagens de Vorcaro"},"content":{"rendered":"\n<figure class=\"wp-block-image size-full\"><img fetchpriority=\"high\" decoding=\"async\" width=\"900\" height=\"600\" src=\"http:\/\/sudoesteacontece.com.br\/wp-content\/uploads\/2026\/09\/Moraes-e-Mendonca-se-encontram-no-STF-apos-novas-mensagens-de-Vorcaro.jpg\" alt=\"\" class=\"wp-image-29232\" srcset=\"https:\/\/sudoesteacontece.com.br\/wp-content\/uploads\/2026\/09\/Moraes-e-Mendonca-se-encontram-no-STF-apos-novas-mensagens-de-Vorcaro.jpg 900w, https:\/\/sudoesteacontece.com.br\/wp-content\/uploads\/2026\/09\/Moraes-e-Mendonca-se-encontram-no-STF-apos-novas-mensagens-de-Vorcaro-300x200.jpg 300w, https:\/\/sudoesteacontece.com.br\/wp-content\/uploads\/2026\/09\/Moraes-e-Mendonca-se-encontram-no-STF-apos-novas-mensagens-de-Vorcaro-768x512.jpg 768w\" sizes=\"(max-width: 900px) 100vw, 900px\" \/><\/figure>\n\n\n\n<p class=\"wp-block-paragraph\">Alexandre de Moraes e Andr\u00e9 Mendon\u00e7a ficaram lado a lado no plen\u00e1rio do Supremo Tribunal Federal (STF), nesta quarta-feira (2), na primeira sess\u00e3o da Corte ap\u00f3s a divulga\u00e7\u00e3o de novas mensagens atribu\u00eddas a Daniel Vorcaro. O encontro ocorreu depois que o conte\u00fado das conversas do ex-banqueiro com Moraes se tornou p\u00fablico por determina\u00e7\u00e3o do relator do caso envolvendo o Banco Master. Nenhum dos ministros presentes comentou o epis\u00f3dio durante a sess\u00e3o.<\/p>\n\n\n\n<p class=\"wp-block-paragraph\">Al\u00e9m deles, o procurador-geral da Rep\u00fablica, Paulo Gonet, esteve no Supremo durante a reuni\u00e3o. As mensagens divulgadas tamb\u00e9m registram pedidos para que fossem acionados o diretor-geral da Pol\u00edcia Federal, Andrei Rodrigues, e o pr\u00f3prio PGR. Moraes e Mendon\u00e7a, apontados como figuras centrais na crise envolvendo o epis\u00f3dio, ocuparam cadeiras vizinhas na bancada. Na abertura dos trabalhos, os dois n\u00e3o conversaram.<\/p>\n\n\n\n<p class=\"wp-block-paragraph\">Gilmar Mendes, decano do tribunal e ministro que costuma se pronunciar em per\u00edodos de tens\u00e3o institucional, tamb\u00e9m n\u00e3o abordou o assunto. Ele deixou o pr\u00e9dio do Supremo pouco depois do in\u00edcio da sess\u00e3o. O presidente da Corte, Luiz Edson Fachin, igualmente evitou abrir espa\u00e7o para manifesta\u00e7\u00f5es sobre o caso. Pela manh\u00e3, havia divulgado uma nota na qual afirmou que adotar\u00e1 as medidas \u201ccab\u00edveis e necess\u00e1rias\u201d nos pr\u00f3ximos dias.<\/p>\n\n\n\n<p class=\"wp-block-paragraph\">Durante os trabalhos, Fachin decidiu priorizar processos que previam sustenta\u00e7\u00e3o oral dos advogados. O primeiro julgamento foi iniciado com as manifesta\u00e7\u00f5es das defesas, antes da fase de vota\u00e7\u00e3o dos ministros. Em seguida, o plen\u00e1rio passou a analisar um recurso relacionado \u00e0 cobran\u00e7a de ITBI por empresas que atuam na compra, venda ou loca\u00e7\u00e3o de im\u00f3veis, em opera\u00e7\u00f5es de transfer\u00eancia de bens e direitos para incorpora\u00e7\u00e3o ao capital social.<\/p>\n\n\n\n<p class=\"wp-block-paragraph\">Por fim, a disposi\u00e7\u00e3o dos ministros no plen\u00e1rio segue a ordem de ingresso de cada integrante na Corte. Moraes ocupa uma cadeira no STF desde 2017, enquanto Mendon\u00e7a foi nomeado em 2021. A sess\u00e3o desta quarta-feira marcou o primeiro encontro p\u00fablico dos dois ministros no plen\u00e1rio ap\u00f3s a divulga\u00e7\u00e3o das mensagens envolvendo Moraes e Vorcaro.<\/p>\n","protected":false},"excerpt":{"rendered":"<p>Alexandre de Moraes e Andr\u00e9 Mendon\u00e7a ficaram lado a lado no plen\u00e1rio do Supremo Tribunal Federal (STF), nesta quarta-feira (2), na primeira sess\u00e3o da Corte ap\u00f3s a divulga\u00e7\u00e3o de novas mensagens atribu\u00eddas a Daniel Vorcaro. O encontro ocorreu depois que o conte\u00fado das conversas do ex-banqueiro com Moraes se tornou p\u00fablico por determina\u00e7\u00e3o do relator do caso envolvendo o Banco Master. Nenhum dos ministros presentes comentou o epis\u00f3dio durante a sess\u00e3o. Al\u00e9m deles, o procurador-geral da Rep\u00fablica, Paulo Gonet, esteve no Supremo durante a reuni\u00e3o. As mensagens divulgadas tamb\u00e9m registram pedidos para que fossem acionados o diretor-geral da Pol\u00edcia Federal, Andrei Rodrigues, e o pr\u00f3prio PGR. Moraes e Mendon\u00e7a, apontados como figuras centrais na crise envolvendo o epis\u00f3dio, ocuparam cadeiras vizinhas na bancada. Na abertura dos trabalhos, os dois n\u00e3o conversaram. Gilmar Mendes, decano do tribunal e ministro que costuma se pronunciar em per\u00edodos de tens\u00e3o institucional, tamb\u00e9m n\u00e3o abordou o assunto. Ele deixou o pr\u00e9dio do Supremo pouco depois do in\u00edcio da sess\u00e3o. O presidente da Corte, Luiz Edson Fachin, igualmente evitou abrir espa\u00e7o para manifesta\u00e7\u00f5es sobre o caso. Pela manh\u00e3, havia divulgado uma nota na qual afirmou que adotar\u00e1 as medidas \u201ccab\u00edveis e necess\u00e1rias\u201d nos pr\u00f3ximos dias. Durante os trabalhos, Fachin decidiu priorizar processos que previam sustenta\u00e7\u00e3o oral dos advogados. O primeiro julgamento foi iniciado com as manifesta\u00e7\u00f5es das defesas, antes da fase de vota\u00e7\u00e3o dos ministros. Em seguida, o plen\u00e1rio passou a analisar um recurso relacionado \u00e0 cobran\u00e7a de ITBI por empresas que atuam na compra, venda ou loca\u00e7\u00e3o de im\u00f3veis, em opera\u00e7\u00f5es de transfer\u00eancia de bens e direitos para incorpora\u00e7\u00e3o ao capital social. Por fim, a disposi\u00e7\u00e3o dos ministros no plen\u00e1rio segue a ordem de ingresso de cada integrante na Corte. Moraes ocupa uma cadeira no STF desde 2017, enquanto Mendon\u00e7a foi nomeado em 2021. A sess\u00e3o desta quarta-feira marcou o primeiro encontro p\u00fablico dos dois ministros no plen\u00e1rio ap\u00f3s a divulga\u00e7\u00e3o das mensagens envolvendo Moraes e Vorcaro.<\/p>\n","protected":false},"author":4,"featured_media":0,"comment_status":"open","ping_status":"open","sticky":false,"template":"","format":"standard","meta":{"footnotes":""},"categories":[53,13,6],"tags":[],"class_list":["post-29207","post","type-post","status-publish","format-standard","hentry","category-brasil","category-justica","category-politica"],"yoast_head":"<!-- This site is optimized with the Yoast SEO plugin v26.5 - https:\/\/yoast.com\/wordpress\/plugins\/seo\/ -->\n<title>Moraes e Mendon\u00e7a se encontram no STF ap\u00f3s novas mensagens de Vorcaro - Sudoesteacontece<\/title>\n<meta name=\"robots\" content=\"index, follow, max-snippet:-1, max-image-preview:large, max-video-preview:-1\" \/>\n<link rel=\"canonical\" href=\"https:\/\/sudoesteacontece.com.br\/?p=29207\" \/>\n<meta property=\"og:locale\" content=\"pt_BR\" \/>\n<meta property=\"og:type\" content=\"article\" \/>\n<meta property=\"og:title\" content=\"Moraes e Mendon\u00e7a se encontram no STF ap\u00f3s novas mensagens de Vorcaro - Sudoesteacontece\" \/>\n<meta property=\"og:description\" content=\"Alexandre de Moraes e Andr\u00e9 Mendon\u00e7a ficaram lado a lado no plen\u00e1rio do Supremo Tribunal Federal (STF), nesta quarta-feira (2), na primeira sess\u00e3o da Corte ap\u00f3s a divulga\u00e7\u00e3o de novas mensagens atribu\u00eddas a Daniel Vorcaro. O encontro ocorreu depois que o conte\u00fado das conversas do ex-banqueiro com Moraes se tornou p\u00fablico por determina\u00e7\u00e3o do relator do caso envolvendo o Banco Master. Nenhum dos ministros presentes comentou o epis\u00f3dio durante a sess\u00e3o. Al\u00e9m deles, o procurador-geral da Rep\u00fablica, Paulo Gonet, esteve no Supremo durante a reuni\u00e3o. As mensagens divulgadas tamb\u00e9m registram pedidos para que fossem acionados o diretor-geral da Pol\u00edcia Federal, Andrei Rodrigues, e o pr\u00f3prio PGR. Moraes e Mendon\u00e7a, apontados como figuras centrais na crise envolvendo o epis\u00f3dio, ocuparam cadeiras vizinhas na bancada. Na abertura dos trabalhos, os dois n\u00e3o conversaram. Gilmar Mendes, decano do tribunal e ministro que costuma se pronunciar em per\u00edodos de tens\u00e3o institucional, tamb\u00e9m n\u00e3o abordou o assunto. Ele deixou o pr\u00e9dio do Supremo pouco depois do in\u00edcio da sess\u00e3o. O presidente da Corte, Luiz Edson Fachin, igualmente evitou abrir espa\u00e7o para manifesta\u00e7\u00f5es sobre o caso. Pela manh\u00e3, havia divulgado uma nota na qual afirmou que adotar\u00e1 as medidas \u201ccab\u00edveis e necess\u00e1rias\u201d nos pr\u00f3ximos dias. Durante os trabalhos, Fachin decidiu priorizar processos que previam sustenta\u00e7\u00e3o oral dos advogados. O primeiro julgamento foi iniciado com as manifesta\u00e7\u00f5es das defesas, antes da fase de vota\u00e7\u00e3o dos ministros. Em seguida, o plen\u00e1rio passou a analisar um recurso relacionado \u00e0 cobran\u00e7a de ITBI por empresas que atuam na compra, venda ou loca\u00e7\u00e3o de im\u00f3veis, em opera\u00e7\u00f5es de transfer\u00eancia de bens e direitos para incorpora\u00e7\u00e3o ao capital social. Por fim, a disposi\u00e7\u00e3o dos ministros no plen\u00e1rio segue a ordem de ingresso de cada integrante na Corte. Moraes ocupa uma cadeira no STF desde 2017, enquanto Mendon\u00e7a foi nomeado em 2021. A sess\u00e3o desta quarta-feira marcou o primeiro encontro p\u00fablico dos dois ministros no plen\u00e1rio ap\u00f3s a divulga\u00e7\u00e3o das mensagens envolvendo Moraes e Vorcaro.\" \/>\n<meta property=\"og:url\" content=\"https:\/\/sudoesteacontece.com.br\/?p=29207\" \/>\n<meta property=\"og:site_name\" content=\"Sudoesteacontece\" \/>\n<meta property=\"article:publisher\" content=\"https:\/\/www.facebook.com\/sudoesteacontece\/?locale=pt_BR\" \/>\n<meta property=\"article:published_time\" content=\"2026-09-02T21:33:24+00:00\" \/>\n<meta property=\"article:modified_time\" content=\"2026-09-02T21:33:30+00:00\" \/>\n<meta property=\"og:image\" content=\"https:\/\/sudoesteacontece.com.br\/wp-content\/uploads\/2026\/09\/Moraes-e-Mendonca-se-encontram-no-STF-apos-novas-mensagens-de-Vorcaro.jpg\" \/>\n\t<meta property=\"og:image:width\" content=\"900\" \/>\n\t<meta property=\"og:image:height\" content=\"600\" \/>\n\t<meta property=\"og:image:type\" content=\"image\/jpeg\" \/>\n<meta name=\"author\" content=\"Reda\u00e7\u00e3o\" \/>\n<meta name=\"twitter:card\" content=\"summary_large_image\" \/>\n<meta name=\"twitter:label1\" content=\"Escrito por\" \/>\n\t<meta name=\"twitter:data1\" content=\"Reda\u00e7\u00e3o\" \/>\n\t<meta name=\"twitter:label2\" content=\"Est. tempo de leitura\" \/>\n\t<meta name=\"twitter:data2\" content=\"2 minutos\" \/>\n<script type=\"application\/ld+json\" class=\"yoast-schema-graph\">{\"@context\":\"https:\/\/schema.org\",\"@graph\":[{\"@type\":\"Article\",\"@id\":\"https:\/\/sudoesteacontece.com.br\/?p=29207#article\",\"isPartOf\":{\"@id\":\"https:\/\/sudoesteacontece.com.br\/?p=29207\"},\"author\":{\"name\":\"Reda\u00e7\u00e3o\",\"@id\":\"https:\/\/sudoesteacontece.com.br\/#\/schema\/person\/a4f22429c1d0923ef8f7d43343f8dc38\"},\"headline\":\"Moraes e Mendon\u00e7a se encontram no STF ap\u00f3s novas mensagens de Vorcaro\",\"datePublished\":\"2026-09-02T21:33:24+00:00\",\"dateModified\":\"2026-09-02T21:33:30+00:00\",\"mainEntityOfPage\":{\"@id\":\"https:\/\/sudoesteacontece.com.br\/?p=29207\"},\"wordCount\":382,\"commentCount\":0,\"publisher\":{\"@id\":\"https:\/\/sudoesteacontece.com.br\/#organization\"},\"image\":{\"@id\":\"https:\/\/sudoesteacontece.com.br\/?p=29207#primaryimage\"},\"thumbnailUrl\":\"http:\/\/sudoesteacontece.com.br\/wp-content\/uploads\/2026\/09\/Moraes-e-Mendonca-se-encontram-no-STF-apos-novas-mensagens-de-Vorcaro.jpg\",\"articleSection\":[\"Brasil\",\"Justi\u00e7a\",\"Pol\u00edtica\"],\"inLanguage\":\"pt-BR\",\"potentialAction\":[{\"@type\":\"CommentAction\",\"name\":\"Comment\",\"target\":[\"https:\/\/sudoesteacontece.com.br\/?p=29207#respond\"]}]},{\"@type\":\"WebPage\",\"@id\":\"https:\/\/sudoesteacontece.com.br\/?p=29207\",\"url\":\"https:\/\/sudoesteacontece.com.br\/?p=29207\",\"name\":\"Moraes e Mendon\u00e7a se encontram no STF ap\u00f3s novas mensagens de Vorcaro - Sudoesteacontece\",\"isPartOf\":{\"@id\":\"https:\/\/sudoesteacontece.com.br\/#website\"},\"primaryImageOfPage\":{\"@id\":\"https:\/\/sudoesteacontece.com.br\/?p=29207#primaryimage\"},\"image\":{\"@id\":\"https:\/\/sudoesteacontece.com.br\/?p=29207#primaryimage\"},\"thumbnailUrl\":\"http:\/\/sudoesteacontece.com.br\/wp-content\/uploads\/2026\/09\/Moraes-e-Mendonca-se-encontram-no-STF-apos-novas-mensagens-de-Vorcaro.jpg\",\"datePublished\":\"2026-09-02T21:33:24+00:00\",\"dateModified\":\"2026-09-02T21:33:30+00:00\",\"breadcrumb\":{\"@id\":\"https:\/\/sudoesteacontece.com.br\/?p=29207#breadcrumb\"},\"inLanguage\":\"pt-BR\",\"potentialAction\":[{\"@type\":\"ReadAction\",\"target\":[\"https:\/\/sudoesteacontece.com.br\/?p=29207\"]}]},{\"@type\":\"ImageObject\",\"inLanguage\":\"pt-BR\",\"@id\":\"https:\/\/sudoesteacontece.com.br\/?p=29207#primaryimage\",\"url\":\"https:\/\/sudoesteacontece.com.br\/wp-content\/uploads\/2026\/09\/Moraes-e-Mendonca-se-encontram-no-STF-apos-novas-mensagens-de-Vorcaro.jpg\",\"contentUrl\":\"https:\/\/sudoesteacontece.com.br\/wp-content\/uploads\/2026\/09\/Moraes-e-Mendonca-se-encontram-no-STF-apos-novas-mensagens-de-Vorcaro.jpg\",\"width\":900,\"height\":600},{\"@type\":\"BreadcrumbList\",\"@id\":\"https:\/\/sudoesteacontece.com.br\/?p=29207#breadcrumb\",\"itemListElement\":[{\"@type\":\"ListItem\",\"position\":1,\"name\":\"In\u00edcio\",\"item\":\"https:\/\/sudoesteacontece.com.br\/\"},{\"@type\":\"ListItem\",\"position\":2,\"name\":\"Moraes e Mendon\u00e7a se encontram no STF ap\u00f3s novas mensagens de Vorcaro\"}]},{\"@type\":\"WebSite\",\"@id\":\"https:\/\/sudoesteacontece.com.br\/#website\",\"url\":\"https:\/\/sudoesteacontece.com.br\/\",\"name\":\"Sudoesteacontece\",\"description\":\"\",\"publisher\":{\"@id\":\"https:\/\/sudoesteacontece.com.br\/#organization\"},\"potentialAction\":[{\"@type\":\"SearchAction\",\"target\":{\"@type\":\"EntryPoint\",\"urlTemplate\":\"https:\/\/sudoesteacontece.com.br\/?s={search_term_string}\"},\"query-input\":{\"@type\":\"PropertyValueSpecification\",\"valueRequired\":true,\"valueName\":\"search_term_string\"}}],\"inLanguage\":\"pt-BR\"},{\"@type\":\"Organization\",\"@id\":\"https:\/\/sudoesteacontece.com.br\/#organization\",\"name\":\"Sudoesteacontece\",\"url\":\"https:\/\/sudoesteacontece.com.br\/\",\"logo\":{\"@type\":\"ImageObject\",\"inLanguage\":\"pt-BR\",\"@id\":\"https:\/\/sudoesteacontece.com.br\/#\/schema\/logo\/image\/\",\"url\":\"https:\/\/sudoesteacontece.com.br\/wp-content\/uploads\/2025\/12\/cropped-logo-2-180x180-1.png\",\"contentUrl\":\"https:\/\/sudoesteacontece.com.br\/wp-content\/uploads\/2025\/12\/cropped-logo-2-180x180-1.png\",\"width\":180,\"height\":180,\"caption\":\"Sudoesteacontece\"},\"image\":{\"@id\":\"https:\/\/sudoesteacontece.com.br\/#\/schema\/logo\/image\/\"},\"sameAs\":[\"https:\/\/www.facebook.com\/sudoesteacontece\/?locale=pt_BR\"]},{\"@type\":\"Person\",\"@id\":\"https:\/\/sudoesteacontece.com.br\/#\/schema\/person\/a4f22429c1d0923ef8f7d43343f8dc38\",\"name\":\"Reda\u00e7\u00e3o\",\"image\":{\"@type\":\"ImageObject\",\"inLanguage\":\"pt-BR\",\"@id\":\"https:\/\/sudoesteacontece.com.br\/#\/schema\/person\/image\/\",\"url\":\"https:\/\/secure.gravatar.com\/avatar\/c3a5b3c93f268a709c25a2df414c629a96fb3b1b4bf97a94fb3f72e54ae76903?s=96&d=mm&r=g\",\"contentUrl\":\"https:\/\/secure.gravatar.com\/avatar\/c3a5b3c93f268a709c25a2df414c629a96fb3b1b4bf97a94fb3f72e54ae76903?s=96&d=mm&r=g\",\"caption\":\"Reda\u00e7\u00e3o\"},\"url\":\"https:\/\/sudoesteacontece.com.br\/?author=4\"}]}<\/script>\n<!-- \/ Yoast SEO plugin. -->","yoast_head_json":{"title":"Moraes e Mendon\u00e7a se encontram no STF ap\u00f3s novas mensagens de Vorcaro - Sudoesteacontece","robots":{"index":"index","follow":"follow","max-snippet":"max-snippet:-1","max-image-preview":"max-image-preview:large","max-video-preview":"max-video-preview:-1"},"canonical":"https:\/\/sudoesteacontece.com.br\/?p=29207","og_locale":"pt_BR","og_type":"article","og_title":"Moraes e Mendon\u00e7a se encontram no STF ap\u00f3s novas mensagens de Vorcaro - Sudoesteacontece","og_description":"Alexandre de Moraes e Andr\u00e9 Mendon\u00e7a ficaram lado a lado no plen\u00e1rio do Supremo Tribunal Federal (STF), nesta quarta-feira (2), na primeira sess\u00e3o da Corte ap\u00f3s a divulga\u00e7\u00e3o de novas mensagens atribu\u00eddas a Daniel Vorcaro. O encontro ocorreu depois que o conte\u00fado das conversas do ex-banqueiro com Moraes se tornou p\u00fablico por determina\u00e7\u00e3o do relator do caso envolvendo o Banco Master. Nenhum dos ministros presentes comentou o epis\u00f3dio durante a sess\u00e3o. Al\u00e9m deles, o procurador-geral da Rep\u00fablica, Paulo Gonet, esteve no Supremo durante a reuni\u00e3o. As mensagens divulgadas tamb\u00e9m registram pedidos para que fossem acionados o diretor-geral da Pol\u00edcia Federal, Andrei Rodrigues, e o pr\u00f3prio PGR. Moraes e Mendon\u00e7a, apontados como figuras centrais na crise envolvendo o epis\u00f3dio, ocuparam cadeiras vizinhas na bancada. Na abertura dos trabalhos, os dois n\u00e3o conversaram. Gilmar Mendes, decano do tribunal e ministro que costuma se pronunciar em per\u00edodos de tens\u00e3o institucional, tamb\u00e9m n\u00e3o abordou o assunto. Ele deixou o pr\u00e9dio do Supremo pouco depois do in\u00edcio da sess\u00e3o. O presidente da Corte, Luiz Edson Fachin, igualmente evitou abrir espa\u00e7o para manifesta\u00e7\u00f5es sobre o caso. Pela manh\u00e3, havia divulgado uma nota na qual afirmou que adotar\u00e1 as medidas \u201ccab\u00edveis e necess\u00e1rias\u201d nos pr\u00f3ximos dias. Durante os trabalhos, Fachin decidiu priorizar processos que previam sustenta\u00e7\u00e3o oral dos advogados. O primeiro julgamento foi iniciado com as manifesta\u00e7\u00f5es das defesas, antes da fase de vota\u00e7\u00e3o dos ministros. Em seguida, o plen\u00e1rio passou a analisar um recurso relacionado \u00e0 cobran\u00e7a de ITBI por empresas que atuam na compra, venda ou loca\u00e7\u00e3o de im\u00f3veis, em opera\u00e7\u00f5es de transfer\u00eancia de bens e direitos para incorpora\u00e7\u00e3o ao capital social. Por fim, a disposi\u00e7\u00e3o dos ministros no plen\u00e1rio segue a ordem de ingresso de cada integrante na Corte. Moraes ocupa uma cadeira no STF desde 2017, enquanto Mendon\u00e7a foi nomeado em 2021. A sess\u00e3o desta quarta-feira marcou o primeiro encontro p\u00fablico dos dois ministros no plen\u00e1rio ap\u00f3s a divulga\u00e7\u00e3o das mensagens envolvendo Moraes e Vorcaro.","og_url":"https:\/\/sudoesteacontece.com.br\/?p=29207","og_site_name":"Sudoesteacontece","article_publisher":"https:\/\/www.facebook.com\/sudoesteacontece\/?locale=pt_BR","article_published_time":"2026-09-02T21:33:24+00:00","article_modified_time":"2026-09-02T21:33:30+00:00","og_image":[{"width":900,"height":600,"url":"https:\/\/sudoesteacontece.com.br\/wp-content\/uploads\/2026\/09\/Moraes-e-Mendonca-se-encontram-no-STF-apos-novas-mensagens-de-Vorcaro.jpg","type":"image\/jpeg"}],"author":"Reda\u00e7\u00e3o","twitter_card":"summary_large_image","twitter_misc":{"Escrito por":"Reda\u00e7\u00e3o","Est. tempo de leitura":"2 minutos"},"schema":{"@context":"https:\/\/schema.org","@graph":[{"@type":"Article","@id":"https:\/\/sudoesteacontece.com.br\/?p=29207#article","isPartOf":{"@id":"https:\/\/sudoesteacontece.com.br\/?p=29207"},"author":{"name":"Reda\u00e7\u00e3o","@id":"https:\/\/sudoesteacontece.com.br\/#\/schema\/person\/a4f22429c1d0923ef8f7d43343f8dc38"},"headline":"Moraes e Mendon\u00e7a se encontram no STF ap\u00f3s novas mensagens de Vorcaro","datePublished":"2026-09-02T21:33:24+00:00","dateModified":"2026-09-02T21:33:30+00:00","mainEntityOfPage":{"@id":"https:\/\/sudoesteacontece.com.br\/?p=29207"},"wordCount":382,"commentCount":0,"publisher":{"@id":"https:\/\/sudoesteacontece.com.br\/#organization"},"image":{"@id":"https:\/\/sudoesteacontece.com.br\/?p=29207#primaryimage"},"thumbnailUrl":"http:\/\/sudoesteacontece.com.br\/wp-content\/uploads\/2026\/09\/Moraes-e-Mendonca-se-encontram-no-STF-apos-novas-mensagens-de-Vorcaro.jpg","articleSection":["Brasil","Justi\u00e7a","Pol\u00edtica"],"inLanguage":"pt-BR","potentialAction":[{"@type":"CommentAction","name":"Comment","target":["https:\/\/sudoesteacontece.com.br\/?p=29207#respond"]}]},{"@type":"WebPage","@id":"https:\/\/sudoesteacontece.com.br\/?p=29207","url":"https:\/\/sudoesteacontece.com.br\/?p=29207","name":"Moraes e Mendon\u00e7a se encontram no STF ap\u00f3s novas mensagens de Vorcaro - Sudoesteacontece","isPartOf":{"@id":"https:\/\/sudoesteacontece.com.br\/#website"},"primaryImageOfPage":{"@id":"https:\/\/sudoesteacontece.com.br\/?p=29207#primaryimage"},"image":{"@id":"https:\/\/sudoesteacontece.com.br\/?p=29207#primaryimage"},"thumbnailUrl":"http:\/\/sudoesteacontece.com.br\/wp-content\/uploads\/2026\/09\/Moraes-e-Mendonca-se-encontram-no-STF-apos-novas-mensagens-de-Vorcaro.jpg","datePublished":"2026-09-02T21:33:24+00:00","dateModified":"2026-09-02T21:33:30+00:00","breadcrumb":{"@id":"https:\/\/sudoesteacontece.com.br\/?p=29207#breadcrumb"},"inLanguage":"pt-BR","potentialAction":[{"@type":"ReadAction","target":["https:\/\/sudoesteacontece.com.br\/?p=29207"]}]},{"@type":"ImageObject","inLanguage":"pt-BR","@id":"https:\/\/sudoesteacontece.com.br\/?p=29207#primaryimage","url":"https:\/\/sudoesteacontece.com.br\/wp-content\/uploads\/2026\/09\/Moraes-e-Mendonca-se-encontram-no-STF-apos-novas-mensagens-de-Vorcaro.jpg","contentUrl":"https:\/\/sudoesteacontece.com.br\/wp-content\/uploads\/2026\/09\/Moraes-e-Mendonca-se-encontram-no-STF-apos-novas-mensagens-de-Vorcaro.jpg","width":900,"height":600},{"@type":"BreadcrumbList","@id":"https:\/\/sudoesteacontece.com.br\/?p=29207#breadcrumb","itemListElement":[{"@type":"ListItem","position":1,"name":"In\u00edcio","item":"https:\/\/sudoesteacontece.com.br\/"},{"@type":"ListItem","position":2,"name":"Moraes e Mendon\u00e7a se encontram no STF ap\u00f3s novas mensagens de Vorcaro"}]},{"@type":"WebSite","@id":"https:\/\/sudoesteacontece.com.br\/#website","url":"https:\/\/sudoesteacontece.com.br\/","name":"Sudoesteacontece","description":"","publisher":{"@id":"https:\/\/sudoesteacontece.com.br\/#organization"},"potentialAction":[{"@type":"SearchAction","target":{"@type":"EntryPoint","urlTemplate":"https:\/\/sudoesteacontece.com.br\/?s={search_term_string}"},"query-input":{"@type":"PropertyValueSpecification","valueRequired":true,"valueName":"search_term_string"}}],"inLanguage":"pt-BR"},{"@type":"Organization","@id":"https:\/\/sudoesteacontece.com.br\/#organization","name":"Sudoesteacontece","url":"https:\/\/sudoesteacontece.com.br\/","logo":{"@type":"ImageObject","inLanguage":"pt-BR","@id":"https:\/\/sudoesteacontece.com.br\/#\/schema\/logo\/image\/","url":"https:\/\/sudoesteacontece.com.br\/wp-content\/uploads\/2025\/12\/cropped-logo-2-180x180-1.png","contentUrl":"https:\/\/sudoesteacontece.com.br\/wp-content\/uploads\/2025\/12\/cropped-logo-2-180x180-1.png","width":180,"height":180,"caption":"Sudoesteacontece"},"image":{"@id":"https:\/\/sudoesteacontece.com.br\/#\/schema\/logo\/image\/"},"sameAs":["https:\/\/www.facebook.com\/sudoesteacontece\/?locale=pt_BR"]},{"@type":"Person","@id":"https:\/\/sudoesteacontece.com.br\/#\/schema\/person\/a4f22429c1d0923ef8f7d43343f8dc38","name":"Reda\u00e7\u00e3o","image":{"@type":"ImageObject","inLanguage":"pt-BR","@id":"https:\/\/sudoesteacontece.com.br\/#\/schema\/person\/image\/","url":"https:\/\/secure.gravatar.com\/avatar\/c3a5b3c93f268a709c25a2df414c629a96fb3b1b4bf97a94fb3f72e54ae76903?s=96&d=mm&r=g","contentUrl":"https:\/\/secure.gravatar.com\/avatar\/c3a5b3c93f268a709c25a2df414c629a96fb3b1b4bf97a94fb3f72e54ae76903?s=96&d=mm&r=g","caption":"Reda\u00e7\u00e3o"},"url":"https:\/\/sudoesteacontece.com.br\/?author=4"}]}},"_links":{"self":[{"href":"https:\/\/sudoesteacontece.com.br\/index.php?rest_route=\/wp\/v2\/posts\/29207","targetHints":{"allow":["GET"]}}],"collection":[{"href":"https:\/\/sudoesteacontece.com.br\/index.php?rest_route=\/wp\/v2\/posts"}],"about":[{"href":"https:\/\/sudoesteacontece.com.br\/index.php?rest_route=\/wp\/v2\/types\/post"}],"author":[{"embeddable":true,"href":"https:\/\/sudoesteacontece.com.br\/index.php?rest_route=\/wp\/v2\/users\/4"}],"replies":[{"embeddable":true,"href":"https:\/\/sudoesteacontece.com.br\/index.php?rest_route=%2Fwp%2Fv2%2Fcomments&post=29207"}],"version-history":[{"count":1,"href":"https:\/\/sudoesteacontece.com.br\/index.php?rest_route=\/wp\/v2\/posts\/29207\/revisions"}],"predecessor-version":[{"id":29240,"href":"https:\/\/sudoesteacontece.com.br\/index.php?rest_route=\/wp\/v2\/posts\/29207\/revisions\/29240"}],"wp:attachment":[{"href":"https:\/\/sudoesteacontece.com.br\/index.php?rest_route=%2Fwp%2Fv2%2Fmedia&parent=29207"}],"wp:term":[{"taxonomy":"category","embeddable":true,"href":"https:\/\/sudoesteacontece.com.br\/index.php?rest_route=%2Fwp%2Fv2%2Fcategories&post=29207"},{"taxonomy":"post_tag","embeddable":true,"href":"https:\/\/sudoesteacontece.com.br\/index.php?rest_route=%2Fwp%2Fv2%2Ftags&post=29207"}],"curies":[{"name":"wp","href":"https:\/\/api.w.org\/{rel}","templated":true}]}}