{"id":29211,"date":"2026-09-02T18:35:45","date_gmt":"2026-09-02T21:35:45","guid":{"rendered":"https:\/\/sudoesteacontece.com.br\/?p=29211"},"modified":"2026-09-02T18:35:50","modified_gmt":"2026-09-02T21:35:50","slug":"jeronimo-cobra-apuracao-da-justica-sobre-fatos-envolvendo-pgr-e-stf","status":"publish","type":"post","link":"https:\/\/sudoesteacontece.com.br\/?p=29211","title":{"rendered":"Jer\u00f4nimo cobra apura\u00e7\u00e3o da Justi\u00e7a sobre fatos envolvendo PGR e STF"},"content":{"rendered":"\n<figure class=\"wp-block-image size-full\"><img fetchpriority=\"high\" decoding=\"async\" width=\"810\" height=\"540\" src=\"http:\/\/sudoesteacontece.com.br\/wp-content\/uploads\/2026\/09\/Jeronimo-alfineta-Arthur-Maia-ao-vivo-e-deixa-Nal-que-e-um-aliado-do-deputado-visivelmente-sem-reacao-em-Guanambi.jpg\" alt=\"\" class=\"wp-image-29229\" srcset=\"https:\/\/sudoesteacontece.com.br\/wp-content\/uploads\/2026\/09\/Jeronimo-alfineta-Arthur-Maia-ao-vivo-e-deixa-Nal-que-e-um-aliado-do-deputado-visivelmente-sem-reacao-em-Guanambi.jpg 810w, https:\/\/sudoesteacontece.com.br\/wp-content\/uploads\/2026\/09\/Jeronimo-alfineta-Arthur-Maia-ao-vivo-e-deixa-Nal-que-e-um-aliado-do-deputado-visivelmente-sem-reacao-em-Guanambi-300x200.jpg 300w, https:\/\/sudoesteacontece.com.br\/wp-content\/uploads\/2026\/09\/Jeronimo-alfineta-Arthur-Maia-ao-vivo-e-deixa-Nal-que-e-um-aliado-do-deputado-visivelmente-sem-reacao-em-Guanambi-768x512.jpg 768w\" sizes=\"(max-width: 810px) 100vw, 810px\" \/><\/figure>\n\n\n\n<p class=\"wp-block-paragraph\">O governador da Bahia e candidato \u00e0 reelei\u00e7\u00e3o, Jer\u00f4nimo Rodrigues (PT), defendeu nesta quarta-feira (2) a atua\u00e7\u00e3o das institui\u00e7\u00f5es diante dos recentes desdobramentos de investiga\u00e7\u00f5es envolvendo a Procuradoria-Geral da Rep\u00fablica (PGR) e o Supremo Tribunal Federal (STF). Ap\u00f3s participar de uma sabatina em uma r\u00e1dio de Salvador, ele afirmou que \u00e9 necess\u00e1rio aguardar a an\u00e1lise dos fatos pelas autoridades antes de qualquer conclus\u00e3o sobre o caso.<\/p>\n\n\n\n<p class=\"wp-block-paragraph\">Questionado sobre a condu\u00e7\u00e3o das apura\u00e7\u00f5es e as manifesta\u00e7\u00f5es da PGR, Jer\u00f4nimo afirmou manter uma posi\u00e7\u00e3o de defesa do fortalecimento institucional. O governador tamb\u00e9m mencionou que o material citado no caso foi devolvido pelo procurador-geral da Rep\u00fablica, Paulo Gonet. Segundo ele, cabe \u00e0 Justi\u00e7a examinar as informa\u00e7\u00f5es e esclarecer cada circunst\u00e2ncia relacionada aos acontecimentos.<\/p>\n\n\n\n<p class=\"wp-block-paragraph\">Durante a entrevista, o petista foi questionado sobre os poss\u00edveis rumos do caso no Judici\u00e1rio. Em resposta, Jer\u00f4nimo disse que ainda considera prematuro adotar qualquer comportamento diante dos fatos. A declara\u00e7\u00e3o ocorreu em meio aos recentes questionamentos relacionados \u00e0 atua\u00e7\u00e3o de integrantes das institui\u00e7\u00f5es respons\u00e1veis pela investiga\u00e7\u00e3o e an\u00e1lise das informa\u00e7\u00f5es.<\/p>\n\n\n\n<p class=\"wp-block-paragraph\">Por fim, o governador afirmou confiar nos ministros que integram o Supremo Tribunal Federal. Jer\u00f4nimo refor\u00e7ou que, neste momento, n\u00e3o considera adequado antecipar conclus\u00f5es sobre o caso. A posi\u00e7\u00e3o apresentada durante a sabatina foi de cautela e de defesa da atua\u00e7\u00e3o institucional, enquanto os fatos permanecem sob an\u00e1lise das autoridades competentes.<\/p>\n","protected":false},"excerpt":{"rendered":"<p>O governador da Bahia e candidato \u00e0 reelei\u00e7\u00e3o, Jer\u00f4nimo Rodrigues (PT), defendeu nesta quarta-feira (2) a atua\u00e7\u00e3o das institui\u00e7\u00f5es diante dos recentes desdobramentos de investiga\u00e7\u00f5es envolvendo a Procuradoria-Geral da Rep\u00fablica (PGR) e o Supremo Tribunal Federal (STF). Ap\u00f3s participar de uma sabatina em uma r\u00e1dio de Salvador, ele afirmou que \u00e9 necess\u00e1rio aguardar a an\u00e1lise dos fatos pelas autoridades antes de qualquer conclus\u00e3o sobre o caso. Questionado sobre a condu\u00e7\u00e3o das apura\u00e7\u00f5es e as manifesta\u00e7\u00f5es da PGR, Jer\u00f4nimo afirmou manter uma posi\u00e7\u00e3o de defesa do fortalecimento institucional. O governador tamb\u00e9m mencionou que o material citado no caso foi devolvido pelo procurador-geral da Rep\u00fablica, Paulo Gonet. Segundo ele, cabe \u00e0 Justi\u00e7a examinar as informa\u00e7\u00f5es e esclarecer cada circunst\u00e2ncia relacionada aos acontecimentos. Durante a entrevista, o petista foi questionado sobre os poss\u00edveis rumos do caso no Judici\u00e1rio. Em resposta, Jer\u00f4nimo disse que ainda considera prematuro adotar qualquer comportamento diante dos fatos. A declara\u00e7\u00e3o ocorreu em meio aos recentes questionamentos relacionados \u00e0 atua\u00e7\u00e3o de integrantes das institui\u00e7\u00f5es respons\u00e1veis pela investiga\u00e7\u00e3o e an\u00e1lise das informa\u00e7\u00f5es. Por fim, o governador afirmou confiar nos ministros que integram o Supremo Tribunal Federal. Jer\u00f4nimo refor\u00e7ou que, neste momento, n\u00e3o considera adequado antecipar conclus\u00f5es sobre o caso. A posi\u00e7\u00e3o apresentada durante a sabatina foi de cautela e de defesa da atua\u00e7\u00e3o institucional, enquanto os fatos permanecem sob an\u00e1lise das autoridades competentes.<\/p>\n","protected":false},"author":4,"featured_media":0,"comment_status":"open","ping_status":"open","sticky":false,"template":"","format":"standard","meta":{"footnotes":""},"categories":[7,53,58,13,6],"tags":[],"class_list":["post-29211","post","type-post","status-publish","format-standard","hentry","category-bahia","category-brasil","category-eleicoes-2026","category-justica","category-politica"],"yoast_head":"<!-- This site is optimized with the Yoast SEO plugin v26.5 - https:\/\/yoast.com\/wordpress\/plugins\/seo\/ -->\n<title>Jer\u00f4nimo cobra apura\u00e7\u00e3o da Justi\u00e7a sobre fatos envolvendo PGR e STF - Sudoesteacontece<\/title>\n<meta name=\"robots\" content=\"index, follow, max-snippet:-1, max-image-preview:large, max-video-preview:-1\" \/>\n<link rel=\"canonical\" href=\"https:\/\/sudoesteacontece.com.br\/?p=29211\" \/>\n<meta property=\"og:locale\" content=\"pt_BR\" \/>\n<meta property=\"og:type\" content=\"article\" \/>\n<meta property=\"og:title\" content=\"Jer\u00f4nimo cobra apura\u00e7\u00e3o da Justi\u00e7a sobre fatos envolvendo PGR e STF - Sudoesteacontece\" \/>\n<meta property=\"og:description\" content=\"O governador da Bahia e candidato \u00e0 reelei\u00e7\u00e3o, Jer\u00f4nimo Rodrigues (PT), defendeu nesta quarta-feira (2) a atua\u00e7\u00e3o das institui\u00e7\u00f5es diante dos recentes desdobramentos de investiga\u00e7\u00f5es envolvendo a Procuradoria-Geral da Rep\u00fablica (PGR) e o Supremo Tribunal Federal (STF). Ap\u00f3s participar de uma sabatina em uma r\u00e1dio de Salvador, ele afirmou que \u00e9 necess\u00e1rio aguardar a an\u00e1lise dos fatos pelas autoridades antes de qualquer conclus\u00e3o sobre o caso. Questionado sobre a condu\u00e7\u00e3o das apura\u00e7\u00f5es e as manifesta\u00e7\u00f5es da PGR, Jer\u00f4nimo afirmou manter uma posi\u00e7\u00e3o de defesa do fortalecimento institucional. O governador tamb\u00e9m mencionou que o material citado no caso foi devolvido pelo procurador-geral da Rep\u00fablica, Paulo Gonet. Segundo ele, cabe \u00e0 Justi\u00e7a examinar as informa\u00e7\u00f5es e esclarecer cada circunst\u00e2ncia relacionada aos acontecimentos. Durante a entrevista, o petista foi questionado sobre os poss\u00edveis rumos do caso no Judici\u00e1rio. Em resposta, Jer\u00f4nimo disse que ainda considera prematuro adotar qualquer comportamento diante dos fatos. A declara\u00e7\u00e3o ocorreu em meio aos recentes questionamentos relacionados \u00e0 atua\u00e7\u00e3o de integrantes das institui\u00e7\u00f5es respons\u00e1veis pela investiga\u00e7\u00e3o e an\u00e1lise das informa\u00e7\u00f5es. Por fim, o governador afirmou confiar nos ministros que integram o Supremo Tribunal Federal. Jer\u00f4nimo refor\u00e7ou que, neste momento, n\u00e3o considera adequado antecipar conclus\u00f5es sobre o caso. A posi\u00e7\u00e3o apresentada durante a sabatina foi de cautela e de defesa da atua\u00e7\u00e3o institucional, enquanto os fatos permanecem sob an\u00e1lise das autoridades competentes.\" \/>\n<meta property=\"og:url\" content=\"https:\/\/sudoesteacontece.com.br\/?p=29211\" \/>\n<meta property=\"og:site_name\" content=\"Sudoesteacontece\" \/>\n<meta property=\"article:publisher\" content=\"https:\/\/www.facebook.com\/sudoesteacontece\/?locale=pt_BR\" \/>\n<meta property=\"article:published_time\" content=\"2026-09-02T21:35:45+00:00\" \/>\n<meta property=\"article:modified_time\" content=\"2026-09-02T21:35:50+00:00\" \/>\n<meta property=\"og:image\" content=\"https:\/\/sudoesteacontece.com.br\/wp-content\/uploads\/2026\/09\/Jeronimo-alfineta-Arthur-Maia-ao-vivo-e-deixa-Nal-que-e-um-aliado-do-deputado-visivelmente-sem-reacao-em-Guanambi.jpg\" \/>\n\t<meta property=\"og:image:width\" content=\"810\" \/>\n\t<meta property=\"og:image:height\" content=\"540\" \/>\n\t<meta property=\"og:image:type\" content=\"image\/jpeg\" \/>\n<meta name=\"author\" content=\"Reda\u00e7\u00e3o\" \/>\n<meta name=\"twitter:card\" content=\"summary_large_image\" \/>\n<meta name=\"twitter:label1\" content=\"Escrito por\" \/>\n\t<meta name=\"twitter:data1\" content=\"Reda\u00e7\u00e3o\" \/>\n\t<meta name=\"twitter:label2\" content=\"Est. tempo de leitura\" \/>\n\t<meta name=\"twitter:data2\" content=\"2 minutos\" \/>\n<script type=\"application\/ld+json\" class=\"yoast-schema-graph\">{\"@context\":\"https:\/\/schema.org\",\"@graph\":[{\"@type\":\"Article\",\"@id\":\"https:\/\/sudoesteacontece.com.br\/?p=29211#article\",\"isPartOf\":{\"@id\":\"https:\/\/sudoesteacontece.com.br\/?p=29211\"},\"author\":{\"name\":\"Reda\u00e7\u00e3o\",\"@id\":\"https:\/\/sudoesteacontece.com.br\/#\/schema\/person\/a4f22429c1d0923ef8f7d43343f8dc38\"},\"headline\":\"Jer\u00f4nimo cobra apura\u00e7\u00e3o da Justi\u00e7a sobre fatos envolvendo PGR e STF\",\"datePublished\":\"2026-09-02T21:35:45+00:00\",\"dateModified\":\"2026-09-02T21:35:50+00:00\",\"mainEntityOfPage\":{\"@id\":\"https:\/\/sudoesteacontece.com.br\/?p=29211\"},\"wordCount\":269,\"commentCount\":0,\"publisher\":{\"@id\":\"https:\/\/sudoesteacontece.com.br\/#organization\"},\"image\":{\"@id\":\"https:\/\/sudoesteacontece.com.br\/?p=29211#primaryimage\"},\"thumbnailUrl\":\"http:\/\/sudoesteacontece.com.br\/wp-content\/uploads\/2026\/09\/Jeronimo-alfineta-Arthur-Maia-ao-vivo-e-deixa-Nal-que-e-um-aliado-do-deputado-visivelmente-sem-reacao-em-Guanambi.jpg\",\"articleSection\":[\"Bahia\",\"Brasil\",\"Elei\u00e7\u00f5es 2026\",\"Justi\u00e7a\",\"Pol\u00edtica\"],\"inLanguage\":\"pt-BR\",\"potentialAction\":[{\"@type\":\"CommentAction\",\"name\":\"Comment\",\"target\":[\"https:\/\/sudoesteacontece.com.br\/?p=29211#respond\"]}]},{\"@type\":\"WebPage\",\"@id\":\"https:\/\/sudoesteacontece.com.br\/?p=29211\",\"url\":\"https:\/\/sudoesteacontece.com.br\/?p=29211\",\"name\":\"Jer\u00f4nimo cobra apura\u00e7\u00e3o da Justi\u00e7a sobre fatos envolvendo PGR e STF - Sudoesteacontece\",\"isPartOf\":{\"@id\":\"https:\/\/sudoesteacontece.com.br\/#website\"},\"primaryImageOfPage\":{\"@id\":\"https:\/\/sudoesteacontece.com.br\/?p=29211#primaryimage\"},\"image\":{\"@id\":\"https:\/\/sudoesteacontece.com.br\/?p=29211#primaryimage\"},\"thumbnailUrl\":\"http:\/\/sudoesteacontece.com.br\/wp-content\/uploads\/2026\/09\/Jeronimo-alfineta-Arthur-Maia-ao-vivo-e-deixa-Nal-que-e-um-aliado-do-deputado-visivelmente-sem-reacao-em-Guanambi.jpg\",\"datePublished\":\"2026-09-02T21:35:45+00:00\",\"dateModified\":\"2026-09-02T21:35:50+00:00\",\"breadcrumb\":{\"@id\":\"https:\/\/sudoesteacontece.com.br\/?p=29211#breadcrumb\"},\"inLanguage\":\"pt-BR\",\"potentialAction\":[{\"@type\":\"ReadAction\",\"target\":[\"https:\/\/sudoesteacontece.com.br\/?p=29211\"]}]},{\"@type\":\"ImageObject\",\"inLanguage\":\"pt-BR\",\"@id\":\"https:\/\/sudoesteacontece.com.br\/?p=29211#primaryimage\",\"url\":\"https:\/\/sudoesteacontece.com.br\/wp-content\/uploads\/2026\/09\/Jeronimo-alfineta-Arthur-Maia-ao-vivo-e-deixa-Nal-que-e-um-aliado-do-deputado-visivelmente-sem-reacao-em-Guanambi.jpg\",\"contentUrl\":\"https:\/\/sudoesteacontece.com.br\/wp-content\/uploads\/2026\/09\/Jeronimo-alfineta-Arthur-Maia-ao-vivo-e-deixa-Nal-que-e-um-aliado-do-deputado-visivelmente-sem-reacao-em-Guanambi.jpg\",\"width\":810,\"height\":540},{\"@type\":\"BreadcrumbList\",\"@id\":\"https:\/\/sudoesteacontece.com.br\/?p=29211#breadcrumb\",\"itemListElement\":[{\"@type\":\"ListItem\",\"position\":1,\"name\":\"In\u00edcio\",\"item\":\"https:\/\/sudoesteacontece.com.br\/\"},{\"@type\":\"ListItem\",\"position\":2,\"name\":\"Jer\u00f4nimo cobra apura\u00e7\u00e3o da Justi\u00e7a sobre fatos envolvendo PGR e STF\"}]},{\"@type\":\"WebSite\",\"@id\":\"https:\/\/sudoesteacontece.com.br\/#website\",\"url\":\"https:\/\/sudoesteacontece.com.br\/\",\"name\":\"Sudoesteacontece\",\"description\":\"\",\"publisher\":{\"@id\":\"https:\/\/sudoesteacontece.com.br\/#organization\"},\"potentialAction\":[{\"@type\":\"SearchAction\",\"target\":{\"@type\":\"EntryPoint\",\"urlTemplate\":\"https:\/\/sudoesteacontece.com.br\/?s={search_term_string}\"},\"query-input\":{\"@type\":\"PropertyValueSpecification\",\"valueRequired\":true,\"valueName\":\"search_term_string\"}}],\"inLanguage\":\"pt-BR\"},{\"@type\":\"Organization\",\"@id\":\"https:\/\/sudoesteacontece.com.br\/#organization\",\"name\":\"Sudoesteacontece\",\"url\":\"https:\/\/sudoesteacontece.com.br\/\",\"logo\":{\"@type\":\"ImageObject\",\"inLanguage\":\"pt-BR\",\"@id\":\"https:\/\/sudoesteacontece.com.br\/#\/schema\/logo\/image\/\",\"url\":\"https:\/\/sudoesteacontece.com.br\/wp-content\/uploads\/2025\/12\/cropped-logo-2-180x180-1.png\",\"contentUrl\":\"https:\/\/sudoesteacontece.com.br\/wp-content\/uploads\/2025\/12\/cropped-logo-2-180x180-1.png\",\"width\":180,\"height\":180,\"caption\":\"Sudoesteacontece\"},\"image\":{\"@id\":\"https:\/\/sudoesteacontece.com.br\/#\/schema\/logo\/image\/\"},\"sameAs\":[\"https:\/\/www.facebook.com\/sudoesteacontece\/?locale=pt_BR\"]},{\"@type\":\"Person\",\"@id\":\"https:\/\/sudoesteacontece.com.br\/#\/schema\/person\/a4f22429c1d0923ef8f7d43343f8dc38\",\"name\":\"Reda\u00e7\u00e3o\",\"image\":{\"@type\":\"ImageObject\",\"inLanguage\":\"pt-BR\",\"@id\":\"https:\/\/sudoesteacontece.com.br\/#\/schema\/person\/image\/\",\"url\":\"https:\/\/secure.gravatar.com\/avatar\/c3a5b3c93f268a709c25a2df414c629a96fb3b1b4bf97a94fb3f72e54ae76903?s=96&d=mm&r=g\",\"contentUrl\":\"https:\/\/secure.gravatar.com\/avatar\/c3a5b3c93f268a709c25a2df414c629a96fb3b1b4bf97a94fb3f72e54ae76903?s=96&d=mm&r=g\",\"caption\":\"Reda\u00e7\u00e3o\"},\"url\":\"https:\/\/sudoesteacontece.com.br\/?author=4\"}]}<\/script>\n<!-- \/ Yoast SEO plugin. -->","yoast_head_json":{"title":"Jer\u00f4nimo cobra apura\u00e7\u00e3o da Justi\u00e7a sobre fatos envolvendo PGR e STF - Sudoesteacontece","robots":{"index":"index","follow":"follow","max-snippet":"max-snippet:-1","max-image-preview":"max-image-preview:large","max-video-preview":"max-video-preview:-1"},"canonical":"https:\/\/sudoesteacontece.com.br\/?p=29211","og_locale":"pt_BR","og_type":"article","og_title":"Jer\u00f4nimo cobra apura\u00e7\u00e3o da Justi\u00e7a sobre fatos envolvendo PGR e STF - Sudoesteacontece","og_description":"O governador da Bahia e candidato \u00e0 reelei\u00e7\u00e3o, Jer\u00f4nimo Rodrigues (PT), defendeu nesta quarta-feira (2) a atua\u00e7\u00e3o das institui\u00e7\u00f5es diante dos recentes desdobramentos de investiga\u00e7\u00f5es envolvendo a Procuradoria-Geral da Rep\u00fablica (PGR) e o Supremo Tribunal Federal (STF). Ap\u00f3s participar de uma sabatina em uma r\u00e1dio de Salvador, ele afirmou que \u00e9 necess\u00e1rio aguardar a an\u00e1lise dos fatos pelas autoridades antes de qualquer conclus\u00e3o sobre o caso. Questionado sobre a condu\u00e7\u00e3o das apura\u00e7\u00f5es e as manifesta\u00e7\u00f5es da PGR, Jer\u00f4nimo afirmou manter uma posi\u00e7\u00e3o de defesa do fortalecimento institucional. O governador tamb\u00e9m mencionou que o material citado no caso foi devolvido pelo procurador-geral da Rep\u00fablica, Paulo Gonet. Segundo ele, cabe \u00e0 Justi\u00e7a examinar as informa\u00e7\u00f5es e esclarecer cada circunst\u00e2ncia relacionada aos acontecimentos. Durante a entrevista, o petista foi questionado sobre os poss\u00edveis rumos do caso no Judici\u00e1rio. Em resposta, Jer\u00f4nimo disse que ainda considera prematuro adotar qualquer comportamento diante dos fatos. A declara\u00e7\u00e3o ocorreu em meio aos recentes questionamentos relacionados \u00e0 atua\u00e7\u00e3o de integrantes das institui\u00e7\u00f5es respons\u00e1veis pela investiga\u00e7\u00e3o e an\u00e1lise das informa\u00e7\u00f5es. Por fim, o governador afirmou confiar nos ministros que integram o Supremo Tribunal Federal. Jer\u00f4nimo refor\u00e7ou que, neste momento, n\u00e3o considera adequado antecipar conclus\u00f5es sobre o caso. A posi\u00e7\u00e3o apresentada durante a sabatina foi de cautela e de defesa da atua\u00e7\u00e3o institucional, enquanto os fatos permanecem sob an\u00e1lise das autoridades competentes.","og_url":"https:\/\/sudoesteacontece.com.br\/?p=29211","og_site_name":"Sudoesteacontece","article_publisher":"https:\/\/www.facebook.com\/sudoesteacontece\/?locale=pt_BR","article_published_time":"2026-09-02T21:35:45+00:00","article_modified_time":"2026-09-02T21:35:50+00:00","og_image":[{"width":810,"height":540,"url":"https:\/\/sudoesteacontece.com.br\/wp-content\/uploads\/2026\/09\/Jeronimo-alfineta-Arthur-Maia-ao-vivo-e-deixa-Nal-que-e-um-aliado-do-deputado-visivelmente-sem-reacao-em-Guanambi.jpg","type":"image\/jpeg"}],"author":"Reda\u00e7\u00e3o","twitter_card":"summary_large_image","twitter_misc":{"Escrito por":"Reda\u00e7\u00e3o","Est. tempo de leitura":"2 minutos"},"schema":{"@context":"https:\/\/schema.org","@graph":[{"@type":"Article","@id":"https:\/\/sudoesteacontece.com.br\/?p=29211#article","isPartOf":{"@id":"https:\/\/sudoesteacontece.com.br\/?p=29211"},"author":{"name":"Reda\u00e7\u00e3o","@id":"https:\/\/sudoesteacontece.com.br\/#\/schema\/person\/a4f22429c1d0923ef8f7d43343f8dc38"},"headline":"Jer\u00f4nimo cobra apura\u00e7\u00e3o da Justi\u00e7a sobre fatos envolvendo PGR e STF","datePublished":"2026-09-02T21:35:45+00:00","dateModified":"2026-09-02T21:35:50+00:00","mainEntityOfPage":{"@id":"https:\/\/sudoesteacontece.com.br\/?p=29211"},"wordCount":269,"commentCount":0,"publisher":{"@id":"https:\/\/sudoesteacontece.com.br\/#organization"},"image":{"@id":"https:\/\/sudoesteacontece.com.br\/?p=29211#primaryimage"},"thumbnailUrl":"http:\/\/sudoesteacontece.com.br\/wp-content\/uploads\/2026\/09\/Jeronimo-alfineta-Arthur-Maia-ao-vivo-e-deixa-Nal-que-e-um-aliado-do-deputado-visivelmente-sem-reacao-em-Guanambi.jpg","articleSection":["Bahia","Brasil","Elei\u00e7\u00f5es 2026","Justi\u00e7a","Pol\u00edtica"],"inLanguage":"pt-BR","potentialAction":[{"@type":"CommentAction","name":"Comment","target":["https:\/\/sudoesteacontece.com.br\/?p=29211#respond"]}]},{"@type":"WebPage","@id":"https:\/\/sudoesteacontece.com.br\/?p=29211","url":"https:\/\/sudoesteacontece.com.br\/?p=29211","name":"Jer\u00f4nimo cobra apura\u00e7\u00e3o da Justi\u00e7a sobre fatos envolvendo PGR e STF - Sudoesteacontece","isPartOf":{"@id":"https:\/\/sudoesteacontece.com.br\/#website"},"primaryImageOfPage":{"@id":"https:\/\/sudoesteacontece.com.br\/?p=29211#primaryimage"},"image":{"@id":"https:\/\/sudoesteacontece.com.br\/?p=29211#primaryimage"},"thumbnailUrl":"http:\/\/sudoesteacontece.com.br\/wp-content\/uploads\/2026\/09\/Jeronimo-alfineta-Arthur-Maia-ao-vivo-e-deixa-Nal-que-e-um-aliado-do-deputado-visivelmente-sem-reacao-em-Guanambi.jpg","datePublished":"2026-09-02T21:35:45+00:00","dateModified":"2026-09-02T21:35:50+00:00","breadcrumb":{"@id":"https:\/\/sudoesteacontece.com.br\/?p=29211#breadcrumb"},"inLanguage":"pt-BR","potentialAction":[{"@type":"ReadAction","target":["https:\/\/sudoesteacontece.com.br\/?p=29211"]}]},{"@type":"ImageObject","inLanguage":"pt-BR","@id":"https:\/\/sudoesteacontece.com.br\/?p=29211#primaryimage","url":"https:\/\/sudoesteacontece.com.br\/wp-content\/uploads\/2026\/09\/Jeronimo-alfineta-Arthur-Maia-ao-vivo-e-deixa-Nal-que-e-um-aliado-do-deputado-visivelmente-sem-reacao-em-Guanambi.jpg","contentUrl":"https:\/\/sudoesteacontece.com.br\/wp-content\/uploads\/2026\/09\/Jeronimo-alfineta-Arthur-Maia-ao-vivo-e-deixa-Nal-que-e-um-aliado-do-deputado-visivelmente-sem-reacao-em-Guanambi.jpg","width":810,"height":540},{"@type":"BreadcrumbList","@id":"https:\/\/sudoesteacontece.com.br\/?p=29211#breadcrumb","itemListElement":[{"@type":"ListItem","position":1,"name":"In\u00edcio","item":"https:\/\/sudoesteacontece.com.br\/"},{"@type":"ListItem","position":2,"name":"Jer\u00f4nimo cobra apura\u00e7\u00e3o da Justi\u00e7a sobre fatos envolvendo PGR e STF"}]},{"@type":"WebSite","@id":"https:\/\/sudoesteacontece.com.br\/#website","url":"https:\/\/sudoesteacontece.com.br\/","name":"Sudoesteacontece","description":"","publisher":{"@id":"https:\/\/sudoesteacontece.com.br\/#organization"},"potentialAction":[{"@type":"SearchAction","target":{"@type":"EntryPoint","urlTemplate":"https:\/\/sudoesteacontece.com.br\/?s={search_term_string}"},"query-input":{"@type":"PropertyValueSpecification","valueRequired":true,"valueName":"search_term_string"}}],"inLanguage":"pt-BR"},{"@type":"Organization","@id":"https:\/\/sudoesteacontece.com.br\/#organization","name":"Sudoesteacontece","url":"https:\/\/sudoesteacontece.com.br\/","logo":{"@type":"ImageObject","inLanguage":"pt-BR","@id":"https:\/\/sudoesteacontece.com.br\/#\/schema\/logo\/image\/","url":"https:\/\/sudoesteacontece.com.br\/wp-content\/uploads\/2025\/12\/cropped-logo-2-180x180-1.png","contentUrl":"https:\/\/sudoesteacontece.com.br\/wp-content\/uploads\/2025\/12\/cropped-logo-2-180x180-1.png","width":180,"height":180,"caption":"Sudoesteacontece"},"image":{"@id":"https:\/\/sudoesteacontece.com.br\/#\/schema\/logo\/image\/"},"sameAs":["https:\/\/www.facebook.com\/sudoesteacontece\/?locale=pt_BR"]},{"@type":"Person","@id":"https:\/\/sudoesteacontece.com.br\/#\/schema\/person\/a4f22429c1d0923ef8f7d43343f8dc38","name":"Reda\u00e7\u00e3o","image":{"@type":"ImageObject","inLanguage":"pt-BR","@id":"https:\/\/sudoesteacontece.com.br\/#\/schema\/person\/image\/","url":"https:\/\/secure.gravatar.com\/avatar\/c3a5b3c93f268a709c25a2df414c629a96fb3b1b4bf97a94fb3f72e54ae76903?s=96&d=mm&r=g","contentUrl":"https:\/\/secure.gravatar.com\/avatar\/c3a5b3c93f268a709c25a2df414c629a96fb3b1b4bf97a94fb3f72e54ae76903?s=96&d=mm&r=g","caption":"Reda\u00e7\u00e3o"},"url":"https:\/\/sudoesteacontece.com.br\/?author=4"}]}},"_links":{"self":[{"href":"https:\/\/sudoesteacontece.com.br\/index.php?rest_route=\/wp\/v2\/posts\/29211","targetHints":{"allow":["GET"]}}],"collection":[{"href":"https:\/\/sudoesteacontece.com.br\/index.php?rest_route=\/wp\/v2\/posts"}],"about":[{"href":"https:\/\/sudoesteacontece.com.br\/index.php?rest_route=\/wp\/v2\/types\/post"}],"author":[{"embeddable":true,"href":"https:\/\/sudoesteacontece.com.br\/index.php?rest_route=\/wp\/v2\/users\/4"}],"replies":[{"embeddable":true,"href":"https:\/\/sudoesteacontece.com.br\/index.php?rest_route=%2Fwp%2Fv2%2Fcomments&post=29211"}],"version-history":[{"count":1,"href":"https:\/\/sudoesteacontece.com.br\/index.php?rest_route=\/wp\/v2\/posts\/29211\/revisions"}],"predecessor-version":[{"id":29244,"href":"https:\/\/sudoesteacontece.com.br\/index.php?rest_route=\/wp\/v2\/posts\/29211\/revisions\/29244"}],"wp:attachment":[{"href":"https:\/\/sudoesteacontece.com.br\/index.php?rest_route=%2Fwp%2Fv2%2Fmedia&parent=29211"}],"wp:term":[{"taxonomy":"category","embeddable":true,"href":"https:\/\/sudoesteacontece.com.br\/index.php?rest_route=%2Fwp%2Fv2%2Fcategories&post=29211"},{"taxonomy":"post_tag","embeddable":true,"href":"https:\/\/sudoesteacontece.com.br\/index.php?rest_route=%2Fwp%2Fv2%2Ftags&post=29211"}],"curies":[{"name":"wp","href":"https:\/\/api.w.org\/{rel}","templated":true}]}}