{"id":29212,"date":"2026-09-02T18:36:14","date_gmt":"2026-09-02T21:36:14","guid":{"rendered":"https:\/\/sudoesteacontece.com.br\/?p=29212"},"modified":"2026-09-02T18:36:20","modified_gmt":"2026-09-02T21:36:20","slug":"caminhao-sem-freios-usa-area-de-escape-e-evita-acidente-na-ba-142-em-ituacu","status":"publish","type":"post","link":"https:\/\/sudoesteacontece.com.br\/?p=29212","title":{"rendered":"Caminh\u00e3o sem freios usa \u00e1rea de escape e evita acidente na BA-142 em Itua\u00e7u"},"content":{"rendered":"\n<figure class=\"wp-block-image size-full\"><img fetchpriority=\"high\" decoding=\"async\" width=\"900\" height=\"600\" src=\"http:\/\/sudoesteacontece.com.br\/wp-content\/uploads\/2026\/09\/Caminhao-sem-freios-usa-area-de-escape-e-evita-acidente-na-BA-142-em-Ituacu.jpg\" alt=\"\" class=\"wp-image-29224\" srcset=\"https:\/\/sudoesteacontece.com.br\/wp-content\/uploads\/2026\/09\/Caminhao-sem-freios-usa-area-de-escape-e-evita-acidente-na-BA-142-em-Ituacu.jpg 900w, https:\/\/sudoesteacontece.com.br\/wp-content\/uploads\/2026\/09\/Caminhao-sem-freios-usa-area-de-escape-e-evita-acidente-na-BA-142-em-Ituacu-300x200.jpg 300w, https:\/\/sudoesteacontece.com.br\/wp-content\/uploads\/2026\/09\/Caminhao-sem-freios-usa-area-de-escape-e-evita-acidente-na-BA-142-em-Ituacu-768x512.jpg 768w\" sizes=\"(max-width: 900px) 100vw, 900px\" \/><\/figure>\n\n\n\n<p class=\"wp-block-paragraph\">Um caminh\u00e3o-ba\u00fa carregado de melancias apresentou uma falha no sistema de freios e precisou utilizar uma \u00e1rea de escape na BA-142, em Itua\u00e7u, na Chapada Diamantina. O caso ocorreu na tarde deste domingo (30). Diante da emerg\u00eancia, o motorista conseguiu direcionar o ve\u00edculo para a estrutura de seguran\u00e7a instalada \u00e0s margens da rodovia. A manobra reduziu a velocidade e evitou um poss\u00edvel acidente de maiores propor\u00e7\u00f5es.<\/p>\n\n\n\n<p class=\"wp-block-paragraph\">Segundo as informa\u00e7\u00f5es divulgadas sobre a ocorr\u00eancia, o problema mec\u00e2nico aconteceu enquanto o caminh\u00e3o trafegava pela rodovia. O condutor percebeu a falha nos freios e, diante da impossibilidade de controlar normalmente o ve\u00edculo, conseguiu acessar a \u00e1rea de escape. A estrutura foi projetada justamente para auxiliar na parada de caminh\u00f5es e outros ve\u00edculos pesados em situa\u00e7\u00f5es de emerg\u00eancia.<\/p>\n\n\n\n<p class=\"wp-block-paragraph\">Constru\u00edda com aproximadamente 180 metros de extens\u00e3o, a \u00e1rea possui uma camada de material de argila desenvolvida para aumentar a resist\u00eancia ao deslocamento dos ve\u00edculos. O dispositivo \u00e9 especialmente importante em trechos de descida, onde uma falha mec\u00e2nica pode dificultar a redu\u00e7\u00e3o da velocidade. A utiliza\u00e7\u00e3o permite que o ve\u00edculo perca velocidade de maneira controlada at\u00e9 conseguir parar.<\/p>\n\n\n\n<p class=\"wp-block-paragraph\">Conforme informa\u00e7\u00f5es obtidas sobre o trecho, este foi o sexto registro de utiliza\u00e7\u00e3o da estrutura desde a implanta\u00e7\u00e3o da \u00e1rea de escape na BA-142. O equipamento oferece uma alternativa para motoristas que enfrentam problemas mec\u00e2nicos e perdem a capacidade de controlar adequadamente ve\u00edculos pesados. A ocorr\u00eancia refor\u00e7a a fun\u00e7\u00e3o da estrutura como recurso destinado a reduzir riscos durante situa\u00e7\u00f5es de emerg\u00eancia na rodovia.<\/p>\n\n\n\n<p class=\"wp-block-paragraph\">Ap\u00f3s conseguir conduzir o caminh\u00e3o para o dispositivo, o motorista evitou que a falha no sistema de frenagem evolu\u00edsse para uma ocorr\u00eancia de maiores propor\u00e7\u00f5es. A carga transportada era composta por melancias. A \u00e1rea de escape permaneceu como o ponto utilizado para a conten\u00e7\u00e3o do ve\u00edculo durante a situa\u00e7\u00e3o registrada no trecho da rodovia em Itua\u00e7u.<\/p>\n","protected":false},"excerpt":{"rendered":"<p>Um caminh\u00e3o-ba\u00fa carregado de melancias apresentou uma falha no sistema de freios e precisou utilizar uma \u00e1rea de escape na BA-142, em Itua\u00e7u, na Chapada Diamantina. O caso ocorreu na tarde deste domingo (30). Diante da emerg\u00eancia, o motorista conseguiu direcionar o ve\u00edculo para a estrutura de seguran\u00e7a instalada \u00e0s margens da rodovia. A manobra reduziu a velocidade e evitou um poss\u00edvel acidente de maiores propor\u00e7\u00f5es. Segundo as informa\u00e7\u00f5es divulgadas sobre a ocorr\u00eancia, o problema mec\u00e2nico aconteceu enquanto o caminh\u00e3o trafegava pela rodovia. O condutor percebeu a falha nos freios e, diante da impossibilidade de controlar normalmente o ve\u00edculo, conseguiu acessar a \u00e1rea de escape. A estrutura foi projetada justamente para auxiliar na parada de caminh\u00f5es e outros ve\u00edculos pesados em situa\u00e7\u00f5es de emerg\u00eancia. Constru\u00edda com aproximadamente 180 metros de extens\u00e3o, a \u00e1rea possui uma camada de material de argila desenvolvida para aumentar a resist\u00eancia ao deslocamento dos ve\u00edculos. O dispositivo \u00e9 especialmente importante em trechos de descida, onde uma falha mec\u00e2nica pode dificultar a redu\u00e7\u00e3o da velocidade. A utiliza\u00e7\u00e3o permite que o ve\u00edculo perca velocidade de maneira controlada at\u00e9 conseguir parar. Conforme informa\u00e7\u00f5es obtidas sobre o trecho, este foi o sexto registro de utiliza\u00e7\u00e3o da estrutura desde a implanta\u00e7\u00e3o da \u00e1rea de escape na BA-142. O equipamento oferece uma alternativa para motoristas que enfrentam problemas mec\u00e2nicos e perdem a capacidade de controlar adequadamente ve\u00edculos pesados. A ocorr\u00eancia refor\u00e7a a fun\u00e7\u00e3o da estrutura como recurso destinado a reduzir riscos durante situa\u00e7\u00f5es de emerg\u00eancia na rodovia. Ap\u00f3s conseguir conduzir o caminh\u00e3o para o dispositivo, o motorista evitou que a falha no sistema de frenagem evolu\u00edsse para uma ocorr\u00eancia de maiores propor\u00e7\u00f5es. A carga transportada era composta por melancias. A \u00e1rea de escape permaneceu como o ponto utilizado para a conten\u00e7\u00e3o do ve\u00edculo durante a situa\u00e7\u00e3o registrada no trecho da rodovia em Itua\u00e7u.<\/p>\n","protected":false},"author":4,"featured_media":0,"comment_status":"open","ping_status":"open","sticky":false,"template":"","format":"standard","meta":{"footnotes":""},"categories":[4,56],"tags":[],"class_list":["post-29212","post","type-post","status-publish","format-standard","hentry","category-cidades","category-ituacu"],"yoast_head":"<!-- This site is optimized with the Yoast SEO plugin v26.5 - https:\/\/yoast.com\/wordpress\/plugins\/seo\/ -->\n<title>Caminh\u00e3o sem freios usa \u00e1rea de escape e evita acidente na BA-142 em Itua\u00e7u - Sudoesteacontece<\/title>\n<meta name=\"robots\" content=\"index, follow, max-snippet:-1, max-image-preview:large, max-video-preview:-1\" \/>\n<link rel=\"canonical\" href=\"https:\/\/sudoesteacontece.com.br\/?p=29212\" \/>\n<meta property=\"og:locale\" content=\"pt_BR\" \/>\n<meta property=\"og:type\" content=\"article\" \/>\n<meta property=\"og:title\" content=\"Caminh\u00e3o sem freios usa \u00e1rea de escape e evita acidente na BA-142 em Itua\u00e7u - Sudoesteacontece\" \/>\n<meta property=\"og:description\" content=\"Um caminh\u00e3o-ba\u00fa carregado de melancias apresentou uma falha no sistema de freios e precisou utilizar uma \u00e1rea de escape na BA-142, em Itua\u00e7u, na Chapada Diamantina. O caso ocorreu na tarde deste domingo (30). Diante da emerg\u00eancia, o motorista conseguiu direcionar o ve\u00edculo para a estrutura de seguran\u00e7a instalada \u00e0s margens da rodovia. A manobra reduziu a velocidade e evitou um poss\u00edvel acidente de maiores propor\u00e7\u00f5es. Segundo as informa\u00e7\u00f5es divulgadas sobre a ocorr\u00eancia, o problema mec\u00e2nico aconteceu enquanto o caminh\u00e3o trafegava pela rodovia. O condutor percebeu a falha nos freios e, diante da impossibilidade de controlar normalmente o ve\u00edculo, conseguiu acessar a \u00e1rea de escape. A estrutura foi projetada justamente para auxiliar na parada de caminh\u00f5es e outros ve\u00edculos pesados em situa\u00e7\u00f5es de emerg\u00eancia. Constru\u00edda com aproximadamente 180 metros de extens\u00e3o, a \u00e1rea possui uma camada de material de argila desenvolvida para aumentar a resist\u00eancia ao deslocamento dos ve\u00edculos. O dispositivo \u00e9 especialmente importante em trechos de descida, onde uma falha mec\u00e2nica pode dificultar a redu\u00e7\u00e3o da velocidade. A utiliza\u00e7\u00e3o permite que o ve\u00edculo perca velocidade de maneira controlada at\u00e9 conseguir parar. Conforme informa\u00e7\u00f5es obtidas sobre o trecho, este foi o sexto registro de utiliza\u00e7\u00e3o da estrutura desde a implanta\u00e7\u00e3o da \u00e1rea de escape na BA-142. O equipamento oferece uma alternativa para motoristas que enfrentam problemas mec\u00e2nicos e perdem a capacidade de controlar adequadamente ve\u00edculos pesados. A ocorr\u00eancia refor\u00e7a a fun\u00e7\u00e3o da estrutura como recurso destinado a reduzir riscos durante situa\u00e7\u00f5es de emerg\u00eancia na rodovia. Ap\u00f3s conseguir conduzir o caminh\u00e3o para o dispositivo, o motorista evitou que a falha no sistema de frenagem evolu\u00edsse para uma ocorr\u00eancia de maiores propor\u00e7\u00f5es. A carga transportada era composta por melancias. A \u00e1rea de escape permaneceu como o ponto utilizado para a conten\u00e7\u00e3o do ve\u00edculo durante a situa\u00e7\u00e3o registrada no trecho da rodovia em Itua\u00e7u.\" \/>\n<meta property=\"og:url\" content=\"https:\/\/sudoesteacontece.com.br\/?p=29212\" \/>\n<meta property=\"og:site_name\" content=\"Sudoesteacontece\" \/>\n<meta property=\"article:publisher\" content=\"https:\/\/www.facebook.com\/sudoesteacontece\/?locale=pt_BR\" \/>\n<meta property=\"article:published_time\" content=\"2026-09-02T21:36:14+00:00\" \/>\n<meta property=\"article:modified_time\" content=\"2026-09-02T21:36:20+00:00\" \/>\n<meta property=\"og:image\" content=\"https:\/\/sudoesteacontece.com.br\/wp-content\/uploads\/2026\/09\/Caminhao-sem-freios-usa-area-de-escape-e-evita-acidente-na-BA-142-em-Ituacu.jpg\" \/>\n\t<meta property=\"og:image:width\" content=\"900\" \/>\n\t<meta property=\"og:image:height\" content=\"600\" \/>\n\t<meta property=\"og:image:type\" content=\"image\/jpeg\" \/>\n<meta name=\"author\" content=\"Reda\u00e7\u00e3o\" \/>\n<meta name=\"twitter:card\" content=\"summary_large_image\" \/>\n<meta name=\"twitter:label1\" content=\"Escrito por\" \/>\n\t<meta name=\"twitter:data1\" content=\"Reda\u00e7\u00e3o\" \/>\n\t<meta name=\"twitter:label2\" content=\"Est. tempo de leitura\" \/>\n\t<meta name=\"twitter:data2\" content=\"2 minutos\" \/>\n<script type=\"application\/ld+json\" class=\"yoast-schema-graph\">{\"@context\":\"https:\/\/schema.org\",\"@graph\":[{\"@type\":\"Article\",\"@id\":\"https:\/\/sudoesteacontece.com.br\/?p=29212#article\",\"isPartOf\":{\"@id\":\"https:\/\/sudoesteacontece.com.br\/?p=29212\"},\"author\":{\"name\":\"Reda\u00e7\u00e3o\",\"@id\":\"https:\/\/sudoesteacontece.com.br\/#\/schema\/person\/a4f22429c1d0923ef8f7d43343f8dc38\"},\"headline\":\"Caminh\u00e3o sem freios usa \u00e1rea de escape e evita acidente na BA-142 em Itua\u00e7u\",\"datePublished\":\"2026-09-02T21:36:14+00:00\",\"dateModified\":\"2026-09-02T21:36:20+00:00\",\"mainEntityOfPage\":{\"@id\":\"https:\/\/sudoesteacontece.com.br\/?p=29212\"},\"wordCount\":357,\"commentCount\":0,\"publisher\":{\"@id\":\"https:\/\/sudoesteacontece.com.br\/#organization\"},\"image\":{\"@id\":\"https:\/\/sudoesteacontece.com.br\/?p=29212#primaryimage\"},\"thumbnailUrl\":\"http:\/\/sudoesteacontece.com.br\/wp-content\/uploads\/2026\/09\/Caminhao-sem-freios-usa-area-de-escape-e-evita-acidente-na-BA-142-em-Ituacu.jpg\",\"articleSection\":[\"Cidades\",\"Itua\u00e7u\"],\"inLanguage\":\"pt-BR\",\"potentialAction\":[{\"@type\":\"CommentAction\",\"name\":\"Comment\",\"target\":[\"https:\/\/sudoesteacontece.com.br\/?p=29212#respond\"]}]},{\"@type\":\"WebPage\",\"@id\":\"https:\/\/sudoesteacontece.com.br\/?p=29212\",\"url\":\"https:\/\/sudoesteacontece.com.br\/?p=29212\",\"name\":\"Caminh\u00e3o sem freios usa \u00e1rea de escape e evita acidente na BA-142 em Itua\u00e7u - Sudoesteacontece\",\"isPartOf\":{\"@id\":\"https:\/\/sudoesteacontece.com.br\/#website\"},\"primaryImageOfPage\":{\"@id\":\"https:\/\/sudoesteacontece.com.br\/?p=29212#primaryimage\"},\"image\":{\"@id\":\"https:\/\/sudoesteacontece.com.br\/?p=29212#primaryimage\"},\"thumbnailUrl\":\"http:\/\/sudoesteacontece.com.br\/wp-content\/uploads\/2026\/09\/Caminhao-sem-freios-usa-area-de-escape-e-evita-acidente-na-BA-142-em-Ituacu.jpg\",\"datePublished\":\"2026-09-02T21:36:14+00:00\",\"dateModified\":\"2026-09-02T21:36:20+00:00\",\"breadcrumb\":{\"@id\":\"https:\/\/sudoesteacontece.com.br\/?p=29212#breadcrumb\"},\"inLanguage\":\"pt-BR\",\"potentialAction\":[{\"@type\":\"ReadAction\",\"target\":[\"https:\/\/sudoesteacontece.com.br\/?p=29212\"]}]},{\"@type\":\"ImageObject\",\"inLanguage\":\"pt-BR\",\"@id\":\"https:\/\/sudoesteacontece.com.br\/?p=29212#primaryimage\",\"url\":\"https:\/\/sudoesteacontece.com.br\/wp-content\/uploads\/2026\/09\/Caminhao-sem-freios-usa-area-de-escape-e-evita-acidente-na-BA-142-em-Ituacu.jpg\",\"contentUrl\":\"https:\/\/sudoesteacontece.com.br\/wp-content\/uploads\/2026\/09\/Caminhao-sem-freios-usa-area-de-escape-e-evita-acidente-na-BA-142-em-Ituacu.jpg\",\"width\":900,\"height\":600},{\"@type\":\"BreadcrumbList\",\"@id\":\"https:\/\/sudoesteacontece.com.br\/?p=29212#breadcrumb\",\"itemListElement\":[{\"@type\":\"ListItem\",\"position\":1,\"name\":\"In\u00edcio\",\"item\":\"https:\/\/sudoesteacontece.com.br\/\"},{\"@type\":\"ListItem\",\"position\":2,\"name\":\"Caminh\u00e3o sem freios usa \u00e1rea de escape e evita acidente na BA-142 em Itua\u00e7u\"}]},{\"@type\":\"WebSite\",\"@id\":\"https:\/\/sudoesteacontece.com.br\/#website\",\"url\":\"https:\/\/sudoesteacontece.com.br\/\",\"name\":\"Sudoesteacontece\",\"description\":\"\",\"publisher\":{\"@id\":\"https:\/\/sudoesteacontece.com.br\/#organization\"},\"potentialAction\":[{\"@type\":\"SearchAction\",\"target\":{\"@type\":\"EntryPoint\",\"urlTemplate\":\"https:\/\/sudoesteacontece.com.br\/?s={search_term_string}\"},\"query-input\":{\"@type\":\"PropertyValueSpecification\",\"valueRequired\":true,\"valueName\":\"search_term_string\"}}],\"inLanguage\":\"pt-BR\"},{\"@type\":\"Organization\",\"@id\":\"https:\/\/sudoesteacontece.com.br\/#organization\",\"name\":\"Sudoesteacontece\",\"url\":\"https:\/\/sudoesteacontece.com.br\/\",\"logo\":{\"@type\":\"ImageObject\",\"inLanguage\":\"pt-BR\",\"@id\":\"https:\/\/sudoesteacontece.com.br\/#\/schema\/logo\/image\/\",\"url\":\"https:\/\/sudoesteacontece.com.br\/wp-content\/uploads\/2025\/12\/cropped-logo-2-180x180-1.png\",\"contentUrl\":\"https:\/\/sudoesteacontece.com.br\/wp-content\/uploads\/2025\/12\/cropped-logo-2-180x180-1.png\",\"width\":180,\"height\":180,\"caption\":\"Sudoesteacontece\"},\"image\":{\"@id\":\"https:\/\/sudoesteacontece.com.br\/#\/schema\/logo\/image\/\"},\"sameAs\":[\"https:\/\/www.facebook.com\/sudoesteacontece\/?locale=pt_BR\"]},{\"@type\":\"Person\",\"@id\":\"https:\/\/sudoesteacontece.com.br\/#\/schema\/person\/a4f22429c1d0923ef8f7d43343f8dc38\",\"name\":\"Reda\u00e7\u00e3o\",\"image\":{\"@type\":\"ImageObject\",\"inLanguage\":\"pt-BR\",\"@id\":\"https:\/\/sudoesteacontece.com.br\/#\/schema\/person\/image\/\",\"url\":\"https:\/\/secure.gravatar.com\/avatar\/c3a5b3c93f268a709c25a2df414c629a96fb3b1b4bf97a94fb3f72e54ae76903?s=96&d=mm&r=g\",\"contentUrl\":\"https:\/\/secure.gravatar.com\/avatar\/c3a5b3c93f268a709c25a2df414c629a96fb3b1b4bf97a94fb3f72e54ae76903?s=96&d=mm&r=g\",\"caption\":\"Reda\u00e7\u00e3o\"},\"url\":\"https:\/\/sudoesteacontece.com.br\/?author=4\"}]}<\/script>\n<!-- \/ Yoast SEO plugin. -->","yoast_head_json":{"title":"Caminh\u00e3o sem freios usa \u00e1rea de escape e evita acidente na BA-142 em Itua\u00e7u - Sudoesteacontece","robots":{"index":"index","follow":"follow","max-snippet":"max-snippet:-1","max-image-preview":"max-image-preview:large","max-video-preview":"max-video-preview:-1"},"canonical":"https:\/\/sudoesteacontece.com.br\/?p=29212","og_locale":"pt_BR","og_type":"article","og_title":"Caminh\u00e3o sem freios usa \u00e1rea de escape e evita acidente na BA-142 em Itua\u00e7u - Sudoesteacontece","og_description":"Um caminh\u00e3o-ba\u00fa carregado de melancias apresentou uma falha no sistema de freios e precisou utilizar uma \u00e1rea de escape na BA-142, em Itua\u00e7u, na Chapada Diamantina. O caso ocorreu na tarde deste domingo (30). Diante da emerg\u00eancia, o motorista conseguiu direcionar o ve\u00edculo para a estrutura de seguran\u00e7a instalada \u00e0s margens da rodovia. A manobra reduziu a velocidade e evitou um poss\u00edvel acidente de maiores propor\u00e7\u00f5es. Segundo as informa\u00e7\u00f5es divulgadas sobre a ocorr\u00eancia, o problema mec\u00e2nico aconteceu enquanto o caminh\u00e3o trafegava pela rodovia. O condutor percebeu a falha nos freios e, diante da impossibilidade de controlar normalmente o ve\u00edculo, conseguiu acessar a \u00e1rea de escape. A estrutura foi projetada justamente para auxiliar na parada de caminh\u00f5es e outros ve\u00edculos pesados em situa\u00e7\u00f5es de emerg\u00eancia. Constru\u00edda com aproximadamente 180 metros de extens\u00e3o, a \u00e1rea possui uma camada de material de argila desenvolvida para aumentar a resist\u00eancia ao deslocamento dos ve\u00edculos. O dispositivo \u00e9 especialmente importante em trechos de descida, onde uma falha mec\u00e2nica pode dificultar a redu\u00e7\u00e3o da velocidade. A utiliza\u00e7\u00e3o permite que o ve\u00edculo perca velocidade de maneira controlada at\u00e9 conseguir parar. Conforme informa\u00e7\u00f5es obtidas sobre o trecho, este foi o sexto registro de utiliza\u00e7\u00e3o da estrutura desde a implanta\u00e7\u00e3o da \u00e1rea de escape na BA-142. O equipamento oferece uma alternativa para motoristas que enfrentam problemas mec\u00e2nicos e perdem a capacidade de controlar adequadamente ve\u00edculos pesados. A ocorr\u00eancia refor\u00e7a a fun\u00e7\u00e3o da estrutura como recurso destinado a reduzir riscos durante situa\u00e7\u00f5es de emerg\u00eancia na rodovia. Ap\u00f3s conseguir conduzir o caminh\u00e3o para o dispositivo, o motorista evitou que a falha no sistema de frenagem evolu\u00edsse para uma ocorr\u00eancia de maiores propor\u00e7\u00f5es. A carga transportada era composta por melancias. A \u00e1rea de escape permaneceu como o ponto utilizado para a conten\u00e7\u00e3o do ve\u00edculo durante a situa\u00e7\u00e3o registrada no trecho da rodovia em Itua\u00e7u.","og_url":"https:\/\/sudoesteacontece.com.br\/?p=29212","og_site_name":"Sudoesteacontece","article_publisher":"https:\/\/www.facebook.com\/sudoesteacontece\/?locale=pt_BR","article_published_time":"2026-09-02T21:36:14+00:00","article_modified_time":"2026-09-02T21:36:20+00:00","og_image":[{"width":900,"height":600,"url":"https:\/\/sudoesteacontece.com.br\/wp-content\/uploads\/2026\/09\/Caminhao-sem-freios-usa-area-de-escape-e-evita-acidente-na-BA-142-em-Ituacu.jpg","type":"image\/jpeg"}],"author":"Reda\u00e7\u00e3o","twitter_card":"summary_large_image","twitter_misc":{"Escrito por":"Reda\u00e7\u00e3o","Est. tempo de leitura":"2 minutos"},"schema":{"@context":"https:\/\/schema.org","@graph":[{"@type":"Article","@id":"https:\/\/sudoesteacontece.com.br\/?p=29212#article","isPartOf":{"@id":"https:\/\/sudoesteacontece.com.br\/?p=29212"},"author":{"name":"Reda\u00e7\u00e3o","@id":"https:\/\/sudoesteacontece.com.br\/#\/schema\/person\/a4f22429c1d0923ef8f7d43343f8dc38"},"headline":"Caminh\u00e3o sem freios usa \u00e1rea de escape e evita acidente na BA-142 em Itua\u00e7u","datePublished":"2026-09-02T21:36:14+00:00","dateModified":"2026-09-02T21:36:20+00:00","mainEntityOfPage":{"@id":"https:\/\/sudoesteacontece.com.br\/?p=29212"},"wordCount":357,"commentCount":0,"publisher":{"@id":"https:\/\/sudoesteacontece.com.br\/#organization"},"image":{"@id":"https:\/\/sudoesteacontece.com.br\/?p=29212#primaryimage"},"thumbnailUrl":"http:\/\/sudoesteacontece.com.br\/wp-content\/uploads\/2026\/09\/Caminhao-sem-freios-usa-area-de-escape-e-evita-acidente-na-BA-142-em-Ituacu.jpg","articleSection":["Cidades","Itua\u00e7u"],"inLanguage":"pt-BR","potentialAction":[{"@type":"CommentAction","name":"Comment","target":["https:\/\/sudoesteacontece.com.br\/?p=29212#respond"]}]},{"@type":"WebPage","@id":"https:\/\/sudoesteacontece.com.br\/?p=29212","url":"https:\/\/sudoesteacontece.com.br\/?p=29212","name":"Caminh\u00e3o sem freios usa \u00e1rea de escape e evita acidente na BA-142 em Itua\u00e7u - Sudoesteacontece","isPartOf":{"@id":"https:\/\/sudoesteacontece.com.br\/#website"},"primaryImageOfPage":{"@id":"https:\/\/sudoesteacontece.com.br\/?p=29212#primaryimage"},"image":{"@id":"https:\/\/sudoesteacontece.com.br\/?p=29212#primaryimage"},"thumbnailUrl":"http:\/\/sudoesteacontece.com.br\/wp-content\/uploads\/2026\/09\/Caminhao-sem-freios-usa-area-de-escape-e-evita-acidente-na-BA-142-em-Ituacu.jpg","datePublished":"2026-09-02T21:36:14+00:00","dateModified":"2026-09-02T21:36:20+00:00","breadcrumb":{"@id":"https:\/\/sudoesteacontece.com.br\/?p=29212#breadcrumb"},"inLanguage":"pt-BR","potentialAction":[{"@type":"ReadAction","target":["https:\/\/sudoesteacontece.com.br\/?p=29212"]}]},{"@type":"ImageObject","inLanguage":"pt-BR","@id":"https:\/\/sudoesteacontece.com.br\/?p=29212#primaryimage","url":"https:\/\/sudoesteacontece.com.br\/wp-content\/uploads\/2026\/09\/Caminhao-sem-freios-usa-area-de-escape-e-evita-acidente-na-BA-142-em-Ituacu.jpg","contentUrl":"https:\/\/sudoesteacontece.com.br\/wp-content\/uploads\/2026\/09\/Caminhao-sem-freios-usa-area-de-escape-e-evita-acidente-na-BA-142-em-Ituacu.jpg","width":900,"height":600},{"@type":"BreadcrumbList","@id":"https:\/\/sudoesteacontece.com.br\/?p=29212#breadcrumb","itemListElement":[{"@type":"ListItem","position":1,"name":"In\u00edcio","item":"https:\/\/sudoesteacontece.com.br\/"},{"@type":"ListItem","position":2,"name":"Caminh\u00e3o sem freios usa \u00e1rea de escape e evita acidente na BA-142 em Itua\u00e7u"}]},{"@type":"WebSite","@id":"https:\/\/sudoesteacontece.com.br\/#website","url":"https:\/\/sudoesteacontece.com.br\/","name":"Sudoesteacontece","description":"","publisher":{"@id":"https:\/\/sudoesteacontece.com.br\/#organization"},"potentialAction":[{"@type":"SearchAction","target":{"@type":"EntryPoint","urlTemplate":"https:\/\/sudoesteacontece.com.br\/?s={search_term_string}"},"query-input":{"@type":"PropertyValueSpecification","valueRequired":true,"valueName":"search_term_string"}}],"inLanguage":"pt-BR"},{"@type":"Organization","@id":"https:\/\/sudoesteacontece.com.br\/#organization","name":"Sudoesteacontece","url":"https:\/\/sudoesteacontece.com.br\/","logo":{"@type":"ImageObject","inLanguage":"pt-BR","@id":"https:\/\/sudoesteacontece.com.br\/#\/schema\/logo\/image\/","url":"https:\/\/sudoesteacontece.com.br\/wp-content\/uploads\/2025\/12\/cropped-logo-2-180x180-1.png","contentUrl":"https:\/\/sudoesteacontece.com.br\/wp-content\/uploads\/2025\/12\/cropped-logo-2-180x180-1.png","width":180,"height":180,"caption":"Sudoesteacontece"},"image":{"@id":"https:\/\/sudoesteacontece.com.br\/#\/schema\/logo\/image\/"},"sameAs":["https:\/\/www.facebook.com\/sudoesteacontece\/?locale=pt_BR"]},{"@type":"Person","@id":"https:\/\/sudoesteacontece.com.br\/#\/schema\/person\/a4f22429c1d0923ef8f7d43343f8dc38","name":"Reda\u00e7\u00e3o","image":{"@type":"ImageObject","inLanguage":"pt-BR","@id":"https:\/\/sudoesteacontece.com.br\/#\/schema\/person\/image\/","url":"https:\/\/secure.gravatar.com\/avatar\/c3a5b3c93f268a709c25a2df414c629a96fb3b1b4bf97a94fb3f72e54ae76903?s=96&d=mm&r=g","contentUrl":"https:\/\/secure.gravatar.com\/avatar\/c3a5b3c93f268a709c25a2df414c629a96fb3b1b4bf97a94fb3f72e54ae76903?s=96&d=mm&r=g","caption":"Reda\u00e7\u00e3o"},"url":"https:\/\/sudoesteacontece.com.br\/?author=4"}]}},"_links":{"self":[{"href":"https:\/\/sudoesteacontece.com.br\/index.php?rest_route=\/wp\/v2\/posts\/29212","targetHints":{"allow":["GET"]}}],"collection":[{"href":"https:\/\/sudoesteacontece.com.br\/index.php?rest_route=\/wp\/v2\/posts"}],"about":[{"href":"https:\/\/sudoesteacontece.com.br\/index.php?rest_route=\/wp\/v2\/types\/post"}],"author":[{"embeddable":true,"href":"https:\/\/sudoesteacontece.com.br\/index.php?rest_route=\/wp\/v2\/users\/4"}],"replies":[{"embeddable":true,"href":"https:\/\/sudoesteacontece.com.br\/index.php?rest_route=%2Fwp%2Fv2%2Fcomments&post=29212"}],"version-history":[{"count":1,"href":"https:\/\/sudoesteacontece.com.br\/index.php?rest_route=\/wp\/v2\/posts\/29212\/revisions"}],"predecessor-version":[{"id":29245,"href":"https:\/\/sudoesteacontece.com.br\/index.php?rest_route=\/wp\/v2\/posts\/29212\/revisions\/29245"}],"wp:attachment":[{"href":"https:\/\/sudoesteacontece.com.br\/index.php?rest_route=%2Fwp%2Fv2%2Fmedia&parent=29212"}],"wp:term":[{"taxonomy":"category","embeddable":true,"href":"https:\/\/sudoesteacontece.com.br\/index.php?rest_route=%2Fwp%2Fv2%2Fcategories&post=29212"},{"taxonomy":"post_tag","embeddable":true,"href":"https:\/\/sudoesteacontece.com.br\/index.php?rest_route=%2Fwp%2Fv2%2Ftags&post=29212"}],"curies":[{"name":"wp","href":"https:\/\/api.w.org\/{rel}","templated":true}]}}