{"id":29214,"date":"2026-09-02T18:38:29","date_gmt":"2026-09-02T21:38:29","guid":{"rendered":"https:\/\/sudoesteacontece.com.br\/?p=29214"},"modified":"2026-09-02T18:38:35","modified_gmt":"2026-09-02T21:38:35","slug":"vorcaro-acusa-prisao-de-pressao-psicologica-e-ameacas-para-evitar-delacao","status":"publish","type":"post","link":"https:\/\/sudoesteacontece.com.br\/?p=29214","title":{"rendered":"Vorcaro acusa pris\u00e3o de press\u00e3o psicol\u00f3gica e amea\u00e7as para evitar dela\u00e7\u00e3o"},"content":{"rendered":"\n<figure class=\"wp-block-image size-full\"><img fetchpriority=\"high\" decoding=\"async\" width=\"900\" height=\"600\" src=\"http:\/\/sudoesteacontece.com.br\/wp-content\/uploads\/2026\/09\/Vorcaro-acusa-prisao-de-pressao-psicologica-e-ameacas-para-evitar-delacao.jpg\" alt=\"\" class=\"wp-image-29238\" srcset=\"https:\/\/sudoesteacontece.com.br\/wp-content\/uploads\/2026\/09\/Vorcaro-acusa-prisao-de-pressao-psicologica-e-ameacas-para-evitar-delacao.jpg 900w, https:\/\/sudoesteacontece.com.br\/wp-content\/uploads\/2026\/09\/Vorcaro-acusa-prisao-de-pressao-psicologica-e-ameacas-para-evitar-delacao-300x200.jpg 300w, https:\/\/sudoesteacontece.com.br\/wp-content\/uploads\/2026\/09\/Vorcaro-acusa-prisao-de-pressao-psicologica-e-ameacas-para-evitar-delacao-768x512.jpg 768w\" sizes=\"(max-width: 900px) 100vw, 900px\" \/><\/figure>\n\n\n\n<p class=\"wp-block-paragraph\">O ex-banqueiro Daniel Vorcaro afirmou, em depoimento ao gabinete do ministro do Supremo Tribunal Federal (STF) Andr\u00e9 Mendon\u00e7a, ter sofrido tortura psicol\u00f3gica, maus-tratos e amea\u00e7as veladas durante a pris\u00e3o. Segundo ele, as a\u00e7\u00f5es tinham o objetivo de impedir que relatasse informa\u00e7\u00f5es sobre integrantes da Pol\u00edcia Federal em uma eventual dela\u00e7\u00e3o premiada. O depoimento foi prestado a um juiz auxiliar do gabinete e registrado em v\u00eddeo.<\/p>\n\n\n\n<p class=\"wp-block-paragraph\">Vorcaro est\u00e1 preso desde mar\u00e7o e tenta negociar um acordo de colabora\u00e7\u00e3o premiada. Na avalia\u00e7\u00e3o apresentada durante o depoimento, a resist\u00eancia da Pol\u00edcia Federal \u00e0 negocia\u00e7\u00e3o estaria relacionada \u00e0s informa\u00e7\u00f5es que ele pretende apresentar. O ex-banqueiro tamb\u00e9m teria citado o diretor-geral da corpora\u00e7\u00e3o, Andrei Rodrigues, ao relatar os epis\u00f3dios ocorridos durante o per\u00edodo de deten\u00e7\u00e3o.<\/p>\n\n\n\n<p class=\"wp-block-paragraph\">Procurados, o advogado de Vorcaro, Daniel Bialski, e Andrei Rodrigues n\u00e3o responderam aos questionamentos sobre as acusa\u00e7\u00f5es. Interlocutores do diretor-geral da PF afirmaram, por\u00e9m, que ele nunca manteve rela\u00e7\u00e3o com o ex-banqueiro. Segundo esse relato, os dois teriam se encontrado apenas uma vez, de maneira casual, durante um semin\u00e1rio jur\u00eddico realizado em Londres e organizado pelo grupo Voto.<\/p>\n\n\n\n<p class=\"wp-block-paragraph\">Ainda conforme essas pessoas, o Banco Master patrocinou o evento, embora essa informa\u00e7\u00e3o n\u00e3o fosse divulgada. Integrantes da PF tamb\u00e9m sustentam que Vorcaro poderia ter procurado diretamente a Procuradoria-Geral da Rep\u00fablica (PGR) para negociar uma colabora\u00e7\u00e3o, sem a necessidade de participa\u00e7\u00e3o da Pol\u00edcia Federal. O depoimento prestado no gabinete de Mendon\u00e7a passou a ser interpretado por integrantes da corpora\u00e7\u00e3o como uma tentativa de viabilizar a dela\u00e7\u00e3o sem a presen\u00e7a da PF.<\/p>\n\n\n\n<p class=\"wp-block-paragraph\">Mendon\u00e7a confirmou nesta quarta-feira (2) que Vorcaro prestou recentemente depoimento no \u00e2mbito da investiga\u00e7\u00e3o sobre o Banco Master. Segundo o ministro, o ato contou com a presen\u00e7a do Minist\u00e9rio P\u00fablico, mas n\u00e3o teve participa\u00e7\u00e3o da Pol\u00edcia Federal. Em nota divulgada pela assessoria, Mendon\u00e7a afirmou que a oitiva ocorreu a pedido da defesa, ap\u00f3s o ex-banqueiro relatar que sofria graves intimida\u00e7\u00f5es e solicitar que fosse ouvido com urg\u00eancia.<\/p>\n\n\n\n<p class=\"wp-block-paragraph\">A defesa de Vorcaro tamb\u00e9m afirmou que havia necessidade de uma oitiva imediata diante das circunst\u00e2ncias relatadas pelo cliente. O ministro classificou o procedimento como um ato processual regular, conduzido por juiz auxiliar de seu gabinete. Segundo Mendon\u00e7a, n\u00e3o foram tratados no depoimento assuntos relacionados ao ministro Alexandre de Moraes.<\/p>\n\n\n\n<p class=\"wp-block-paragraph\">O caso ocorre em meio \u00e0 crise provocada pela divulga\u00e7\u00e3o de informa\u00e7\u00f5es sobre contatos entre Moraes e Vorcaro. O ministro passou a ser alvo de questionamentos ap\u00f3s a revela\u00e7\u00e3o de que mantinha comunica\u00e7\u00e3o com o ex-banqueiro e tratava de assuntos relacionados \u00e0s investiga\u00e7\u00f5es envolvendo o Banco Master. Mendon\u00e7a \u00e9 o relator do inqu\u00e9rito sobre o caso no Supremo.<\/p>\n","protected":false},"excerpt":{"rendered":"<p>O ex-banqueiro Daniel Vorcaro afirmou, em depoimento ao gabinete do ministro do Supremo Tribunal Federal (STF) Andr\u00e9 Mendon\u00e7a, ter sofrido tortura psicol\u00f3gica, maus-tratos e amea\u00e7as veladas durante a pris\u00e3o. Segundo ele, as a\u00e7\u00f5es tinham o objetivo de impedir que relatasse informa\u00e7\u00f5es sobre integrantes da Pol\u00edcia Federal em uma eventual dela\u00e7\u00e3o premiada. O depoimento foi prestado a um juiz auxiliar do gabinete e registrado em v\u00eddeo. Vorcaro est\u00e1 preso desde mar\u00e7o e tenta negociar um acordo de colabora\u00e7\u00e3o premiada. Na avalia\u00e7\u00e3o apresentada durante o depoimento, a resist\u00eancia da Pol\u00edcia Federal \u00e0 negocia\u00e7\u00e3o estaria relacionada \u00e0s informa\u00e7\u00f5es que ele pretende apresentar. O ex-banqueiro tamb\u00e9m teria citado o diretor-geral da corpora\u00e7\u00e3o, Andrei Rodrigues, ao relatar os epis\u00f3dios ocorridos durante o per\u00edodo de deten\u00e7\u00e3o. Procurados, o advogado de Vorcaro, Daniel Bialski, e Andrei Rodrigues n\u00e3o responderam aos questionamentos sobre as acusa\u00e7\u00f5es. Interlocutores do diretor-geral da PF afirmaram, por\u00e9m, que ele nunca manteve rela\u00e7\u00e3o com o ex-banqueiro. Segundo esse relato, os dois teriam se encontrado apenas uma vez, de maneira casual, durante um semin\u00e1rio jur\u00eddico realizado em Londres e organizado pelo grupo Voto. Ainda conforme essas pessoas, o Banco Master patrocinou o evento, embora essa informa\u00e7\u00e3o n\u00e3o fosse divulgada. Integrantes da PF tamb\u00e9m sustentam que Vorcaro poderia ter procurado diretamente a Procuradoria-Geral da Rep\u00fablica (PGR) para negociar uma colabora\u00e7\u00e3o, sem a necessidade de participa\u00e7\u00e3o da Pol\u00edcia Federal. O depoimento prestado no gabinete de Mendon\u00e7a passou a ser interpretado por integrantes da corpora\u00e7\u00e3o como uma tentativa de viabilizar a dela\u00e7\u00e3o sem a presen\u00e7a da PF. Mendon\u00e7a confirmou nesta quarta-feira (2) que Vorcaro prestou recentemente depoimento no \u00e2mbito da investiga\u00e7\u00e3o sobre o Banco Master. Segundo o ministro, o ato contou com a presen\u00e7a do Minist\u00e9rio P\u00fablico, mas n\u00e3o teve participa\u00e7\u00e3o da Pol\u00edcia Federal. Em nota divulgada pela assessoria, Mendon\u00e7a afirmou que a oitiva ocorreu a pedido da defesa, ap\u00f3s o ex-banqueiro relatar que sofria graves intimida\u00e7\u00f5es e solicitar que fosse ouvido com urg\u00eancia. A defesa de Vorcaro tamb\u00e9m afirmou que havia necessidade de uma oitiva imediata diante das circunst\u00e2ncias relatadas pelo cliente. O ministro classificou o procedimento como um ato processual regular, conduzido por juiz auxiliar de seu gabinete. Segundo Mendon\u00e7a, n\u00e3o foram tratados no depoimento assuntos relacionados ao ministro Alexandre de Moraes. O caso ocorre em meio \u00e0 crise provocada pela divulga\u00e7\u00e3o de informa\u00e7\u00f5es sobre contatos entre Moraes e Vorcaro. O ministro passou a ser alvo de questionamentos ap\u00f3s a revela\u00e7\u00e3o de que mantinha comunica\u00e7\u00e3o com o ex-banqueiro e tratava de assuntos relacionados \u00e0s investiga\u00e7\u00f5es envolvendo o Banco Master. Mendon\u00e7a \u00e9 o relator do inqu\u00e9rito sobre o caso no Supremo.<\/p>\n","protected":false},"author":4,"featured_media":0,"comment_status":"open","ping_status":"open","sticky":false,"template":"","format":"standard","meta":{"footnotes":""},"categories":[53,58,13,6],"tags":[],"class_list":["post-29214","post","type-post","status-publish","format-standard","hentry","category-brasil","category-eleicoes-2026","category-justica","category-politica"],"yoast_head":"<!-- This site is optimized with the Yoast SEO plugin v26.5 - https:\/\/yoast.com\/wordpress\/plugins\/seo\/ -->\n<title>Vorcaro acusa pris\u00e3o de press\u00e3o psicol\u00f3gica e amea\u00e7as para evitar dela\u00e7\u00e3o - Sudoesteacontece<\/title>\n<meta name=\"robots\" content=\"index, follow, max-snippet:-1, max-image-preview:large, max-video-preview:-1\" \/>\n<link rel=\"canonical\" href=\"https:\/\/sudoesteacontece.com.br\/?p=29214\" \/>\n<meta property=\"og:locale\" content=\"pt_BR\" \/>\n<meta property=\"og:type\" content=\"article\" \/>\n<meta property=\"og:title\" content=\"Vorcaro acusa pris\u00e3o de press\u00e3o psicol\u00f3gica e amea\u00e7as para evitar dela\u00e7\u00e3o - Sudoesteacontece\" \/>\n<meta property=\"og:description\" content=\"O ex-banqueiro Daniel Vorcaro afirmou, em depoimento ao gabinete do ministro do Supremo Tribunal Federal (STF) Andr\u00e9 Mendon\u00e7a, ter sofrido tortura psicol\u00f3gica, maus-tratos e amea\u00e7as veladas durante a pris\u00e3o. Segundo ele, as a\u00e7\u00f5es tinham o objetivo de impedir que relatasse informa\u00e7\u00f5es sobre integrantes da Pol\u00edcia Federal em uma eventual dela\u00e7\u00e3o premiada. O depoimento foi prestado a um juiz auxiliar do gabinete e registrado em v\u00eddeo. Vorcaro est\u00e1 preso desde mar\u00e7o e tenta negociar um acordo de colabora\u00e7\u00e3o premiada. Na avalia\u00e7\u00e3o apresentada durante o depoimento, a resist\u00eancia da Pol\u00edcia Federal \u00e0 negocia\u00e7\u00e3o estaria relacionada \u00e0s informa\u00e7\u00f5es que ele pretende apresentar. O ex-banqueiro tamb\u00e9m teria citado o diretor-geral da corpora\u00e7\u00e3o, Andrei Rodrigues, ao relatar os epis\u00f3dios ocorridos durante o per\u00edodo de deten\u00e7\u00e3o. Procurados, o advogado de Vorcaro, Daniel Bialski, e Andrei Rodrigues n\u00e3o responderam aos questionamentos sobre as acusa\u00e7\u00f5es. Interlocutores do diretor-geral da PF afirmaram, por\u00e9m, que ele nunca manteve rela\u00e7\u00e3o com o ex-banqueiro. Segundo esse relato, os dois teriam se encontrado apenas uma vez, de maneira casual, durante um semin\u00e1rio jur\u00eddico realizado em Londres e organizado pelo grupo Voto. Ainda conforme essas pessoas, o Banco Master patrocinou o evento, embora essa informa\u00e7\u00e3o n\u00e3o fosse divulgada. Integrantes da PF tamb\u00e9m sustentam que Vorcaro poderia ter procurado diretamente a Procuradoria-Geral da Rep\u00fablica (PGR) para negociar uma colabora\u00e7\u00e3o, sem a necessidade de participa\u00e7\u00e3o da Pol\u00edcia Federal. O depoimento prestado no gabinete de Mendon\u00e7a passou a ser interpretado por integrantes da corpora\u00e7\u00e3o como uma tentativa de viabilizar a dela\u00e7\u00e3o sem a presen\u00e7a da PF. Mendon\u00e7a confirmou nesta quarta-feira (2) que Vorcaro prestou recentemente depoimento no \u00e2mbito da investiga\u00e7\u00e3o sobre o Banco Master. Segundo o ministro, o ato contou com a presen\u00e7a do Minist\u00e9rio P\u00fablico, mas n\u00e3o teve participa\u00e7\u00e3o da Pol\u00edcia Federal. Em nota divulgada pela assessoria, Mendon\u00e7a afirmou que a oitiva ocorreu a pedido da defesa, ap\u00f3s o ex-banqueiro relatar que sofria graves intimida\u00e7\u00f5es e solicitar que fosse ouvido com urg\u00eancia. A defesa de Vorcaro tamb\u00e9m afirmou que havia necessidade de uma oitiva imediata diante das circunst\u00e2ncias relatadas pelo cliente. O ministro classificou o procedimento como um ato processual regular, conduzido por juiz auxiliar de seu gabinete. Segundo Mendon\u00e7a, n\u00e3o foram tratados no depoimento assuntos relacionados ao ministro Alexandre de Moraes. O caso ocorre em meio \u00e0 crise provocada pela divulga\u00e7\u00e3o de informa\u00e7\u00f5es sobre contatos entre Moraes e Vorcaro. O ministro passou a ser alvo de questionamentos ap\u00f3s a revela\u00e7\u00e3o de que mantinha comunica\u00e7\u00e3o com o ex-banqueiro e tratava de assuntos relacionados \u00e0s investiga\u00e7\u00f5es envolvendo o Banco Master. Mendon\u00e7a \u00e9 o relator do inqu\u00e9rito sobre o caso no Supremo.\" \/>\n<meta property=\"og:url\" content=\"https:\/\/sudoesteacontece.com.br\/?p=29214\" \/>\n<meta property=\"og:site_name\" content=\"Sudoesteacontece\" \/>\n<meta property=\"article:publisher\" content=\"https:\/\/www.facebook.com\/sudoesteacontece\/?locale=pt_BR\" \/>\n<meta property=\"article:published_time\" content=\"2026-09-02T21:38:29+00:00\" \/>\n<meta property=\"article:modified_time\" content=\"2026-09-02T21:38:35+00:00\" \/>\n<meta property=\"og:image\" content=\"https:\/\/sudoesteacontece.com.br\/wp-content\/uploads\/2026\/09\/Vorcaro-acusa-prisao-de-pressao-psicologica-e-ameacas-para-evitar-delacao.jpg\" \/>\n\t<meta property=\"og:image:width\" content=\"900\" \/>\n\t<meta property=\"og:image:height\" content=\"600\" \/>\n\t<meta property=\"og:image:type\" content=\"image\/jpeg\" \/>\n<meta name=\"author\" content=\"Reda\u00e7\u00e3o\" \/>\n<meta name=\"twitter:card\" content=\"summary_large_image\" \/>\n<meta name=\"twitter:label1\" content=\"Escrito por\" \/>\n\t<meta name=\"twitter:data1\" content=\"Reda\u00e7\u00e3o\" \/>\n\t<meta name=\"twitter:label2\" content=\"Est. tempo de leitura\" \/>\n\t<meta name=\"twitter:data2\" content=\"3 minutos\" \/>\n<script type=\"application\/ld+json\" class=\"yoast-schema-graph\">{\"@context\":\"https:\/\/schema.org\",\"@graph\":[{\"@type\":\"Article\",\"@id\":\"https:\/\/sudoesteacontece.com.br\/?p=29214#article\",\"isPartOf\":{\"@id\":\"https:\/\/sudoesteacontece.com.br\/?p=29214\"},\"author\":{\"name\":\"Reda\u00e7\u00e3o\",\"@id\":\"https:\/\/sudoesteacontece.com.br\/#\/schema\/person\/a4f22429c1d0923ef8f7d43343f8dc38\"},\"headline\":\"Vorcaro acusa pris\u00e3o de press\u00e3o psicol\u00f3gica e amea\u00e7as para evitar dela\u00e7\u00e3o\",\"datePublished\":\"2026-09-02T21:38:29+00:00\",\"dateModified\":\"2026-09-02T21:38:35+00:00\",\"mainEntityOfPage\":{\"@id\":\"https:\/\/sudoesteacontece.com.br\/?p=29214\"},\"wordCount\":498,\"commentCount\":0,\"publisher\":{\"@id\":\"https:\/\/sudoesteacontece.com.br\/#organization\"},\"image\":{\"@id\":\"https:\/\/sudoesteacontece.com.br\/?p=29214#primaryimage\"},\"thumbnailUrl\":\"http:\/\/sudoesteacontece.com.br\/wp-content\/uploads\/2026\/09\/Vorcaro-acusa-prisao-de-pressao-psicologica-e-ameacas-para-evitar-delacao.jpg\",\"articleSection\":[\"Brasil\",\"Elei\u00e7\u00f5es 2026\",\"Justi\u00e7a\",\"Pol\u00edtica\"],\"inLanguage\":\"pt-BR\",\"potentialAction\":[{\"@type\":\"CommentAction\",\"name\":\"Comment\",\"target\":[\"https:\/\/sudoesteacontece.com.br\/?p=29214#respond\"]}]},{\"@type\":\"WebPage\",\"@id\":\"https:\/\/sudoesteacontece.com.br\/?p=29214\",\"url\":\"https:\/\/sudoesteacontece.com.br\/?p=29214\",\"name\":\"Vorcaro acusa pris\u00e3o de press\u00e3o psicol\u00f3gica e amea\u00e7as para evitar dela\u00e7\u00e3o - Sudoesteacontece\",\"isPartOf\":{\"@id\":\"https:\/\/sudoesteacontece.com.br\/#website\"},\"primaryImageOfPage\":{\"@id\":\"https:\/\/sudoesteacontece.com.br\/?p=29214#primaryimage\"},\"image\":{\"@id\":\"https:\/\/sudoesteacontece.com.br\/?p=29214#primaryimage\"},\"thumbnailUrl\":\"http:\/\/sudoesteacontece.com.br\/wp-content\/uploads\/2026\/09\/Vorcaro-acusa-prisao-de-pressao-psicologica-e-ameacas-para-evitar-delacao.jpg\",\"datePublished\":\"2026-09-02T21:38:29+00:00\",\"dateModified\":\"2026-09-02T21:38:35+00:00\",\"breadcrumb\":{\"@id\":\"https:\/\/sudoesteacontece.com.br\/?p=29214#breadcrumb\"},\"inLanguage\":\"pt-BR\",\"potentialAction\":[{\"@type\":\"ReadAction\",\"target\":[\"https:\/\/sudoesteacontece.com.br\/?p=29214\"]}]},{\"@type\":\"ImageObject\",\"inLanguage\":\"pt-BR\",\"@id\":\"https:\/\/sudoesteacontece.com.br\/?p=29214#primaryimage\",\"url\":\"https:\/\/sudoesteacontece.com.br\/wp-content\/uploads\/2026\/09\/Vorcaro-acusa-prisao-de-pressao-psicologica-e-ameacas-para-evitar-delacao.jpg\",\"contentUrl\":\"https:\/\/sudoesteacontece.com.br\/wp-content\/uploads\/2026\/09\/Vorcaro-acusa-prisao-de-pressao-psicologica-e-ameacas-para-evitar-delacao.jpg\",\"width\":900,\"height\":600},{\"@type\":\"BreadcrumbList\",\"@id\":\"https:\/\/sudoesteacontece.com.br\/?p=29214#breadcrumb\",\"itemListElement\":[{\"@type\":\"ListItem\",\"position\":1,\"name\":\"In\u00edcio\",\"item\":\"https:\/\/sudoesteacontece.com.br\/\"},{\"@type\":\"ListItem\",\"position\":2,\"name\":\"Vorcaro acusa pris\u00e3o de press\u00e3o psicol\u00f3gica e amea\u00e7as para evitar dela\u00e7\u00e3o\"}]},{\"@type\":\"WebSite\",\"@id\":\"https:\/\/sudoesteacontece.com.br\/#website\",\"url\":\"https:\/\/sudoesteacontece.com.br\/\",\"name\":\"Sudoesteacontece\",\"description\":\"\",\"publisher\":{\"@id\":\"https:\/\/sudoesteacontece.com.br\/#organization\"},\"potentialAction\":[{\"@type\":\"SearchAction\",\"target\":{\"@type\":\"EntryPoint\",\"urlTemplate\":\"https:\/\/sudoesteacontece.com.br\/?s={search_term_string}\"},\"query-input\":{\"@type\":\"PropertyValueSpecification\",\"valueRequired\":true,\"valueName\":\"search_term_string\"}}],\"inLanguage\":\"pt-BR\"},{\"@type\":\"Organization\",\"@id\":\"https:\/\/sudoesteacontece.com.br\/#organization\",\"name\":\"Sudoesteacontece\",\"url\":\"https:\/\/sudoesteacontece.com.br\/\",\"logo\":{\"@type\":\"ImageObject\",\"inLanguage\":\"pt-BR\",\"@id\":\"https:\/\/sudoesteacontece.com.br\/#\/schema\/logo\/image\/\",\"url\":\"https:\/\/sudoesteacontece.com.br\/wp-content\/uploads\/2025\/12\/cropped-logo-2-180x180-1.png\",\"contentUrl\":\"https:\/\/sudoesteacontece.com.br\/wp-content\/uploads\/2025\/12\/cropped-logo-2-180x180-1.png\",\"width\":180,\"height\":180,\"caption\":\"Sudoesteacontece\"},\"image\":{\"@id\":\"https:\/\/sudoesteacontece.com.br\/#\/schema\/logo\/image\/\"},\"sameAs\":[\"https:\/\/www.facebook.com\/sudoesteacontece\/?locale=pt_BR\"]},{\"@type\":\"Person\",\"@id\":\"https:\/\/sudoesteacontece.com.br\/#\/schema\/person\/a4f22429c1d0923ef8f7d43343f8dc38\",\"name\":\"Reda\u00e7\u00e3o\",\"image\":{\"@type\":\"ImageObject\",\"inLanguage\":\"pt-BR\",\"@id\":\"https:\/\/sudoesteacontece.com.br\/#\/schema\/person\/image\/\",\"url\":\"https:\/\/secure.gravatar.com\/avatar\/c3a5b3c93f268a709c25a2df414c629a96fb3b1b4bf97a94fb3f72e54ae76903?s=96&d=mm&r=g\",\"contentUrl\":\"https:\/\/secure.gravatar.com\/avatar\/c3a5b3c93f268a709c25a2df414c629a96fb3b1b4bf97a94fb3f72e54ae76903?s=96&d=mm&r=g\",\"caption\":\"Reda\u00e7\u00e3o\"},\"url\":\"https:\/\/sudoesteacontece.com.br\/?author=4\"}]}<\/script>\n<!-- \/ Yoast SEO plugin. -->","yoast_head_json":{"title":"Vorcaro acusa pris\u00e3o de press\u00e3o psicol\u00f3gica e amea\u00e7as para evitar dela\u00e7\u00e3o - Sudoesteacontece","robots":{"index":"index","follow":"follow","max-snippet":"max-snippet:-1","max-image-preview":"max-image-preview:large","max-video-preview":"max-video-preview:-1"},"canonical":"https:\/\/sudoesteacontece.com.br\/?p=29214","og_locale":"pt_BR","og_type":"article","og_title":"Vorcaro acusa pris\u00e3o de press\u00e3o psicol\u00f3gica e amea\u00e7as para evitar dela\u00e7\u00e3o - Sudoesteacontece","og_description":"O ex-banqueiro Daniel Vorcaro afirmou, em depoimento ao gabinete do ministro do Supremo Tribunal Federal (STF) Andr\u00e9 Mendon\u00e7a, ter sofrido tortura psicol\u00f3gica, maus-tratos e amea\u00e7as veladas durante a pris\u00e3o. Segundo ele, as a\u00e7\u00f5es tinham o objetivo de impedir que relatasse informa\u00e7\u00f5es sobre integrantes da Pol\u00edcia Federal em uma eventual dela\u00e7\u00e3o premiada. O depoimento foi prestado a um juiz auxiliar do gabinete e registrado em v\u00eddeo. Vorcaro est\u00e1 preso desde mar\u00e7o e tenta negociar um acordo de colabora\u00e7\u00e3o premiada. Na avalia\u00e7\u00e3o apresentada durante o depoimento, a resist\u00eancia da Pol\u00edcia Federal \u00e0 negocia\u00e7\u00e3o estaria relacionada \u00e0s informa\u00e7\u00f5es que ele pretende apresentar. O ex-banqueiro tamb\u00e9m teria citado o diretor-geral da corpora\u00e7\u00e3o, Andrei Rodrigues, ao relatar os epis\u00f3dios ocorridos durante o per\u00edodo de deten\u00e7\u00e3o. Procurados, o advogado de Vorcaro, Daniel Bialski, e Andrei Rodrigues n\u00e3o responderam aos questionamentos sobre as acusa\u00e7\u00f5es. Interlocutores do diretor-geral da PF afirmaram, por\u00e9m, que ele nunca manteve rela\u00e7\u00e3o com o ex-banqueiro. Segundo esse relato, os dois teriam se encontrado apenas uma vez, de maneira casual, durante um semin\u00e1rio jur\u00eddico realizado em Londres e organizado pelo grupo Voto. Ainda conforme essas pessoas, o Banco Master patrocinou o evento, embora essa informa\u00e7\u00e3o n\u00e3o fosse divulgada. Integrantes da PF tamb\u00e9m sustentam que Vorcaro poderia ter procurado diretamente a Procuradoria-Geral da Rep\u00fablica (PGR) para negociar uma colabora\u00e7\u00e3o, sem a necessidade de participa\u00e7\u00e3o da Pol\u00edcia Federal. O depoimento prestado no gabinete de Mendon\u00e7a passou a ser interpretado por integrantes da corpora\u00e7\u00e3o como uma tentativa de viabilizar a dela\u00e7\u00e3o sem a presen\u00e7a da PF. Mendon\u00e7a confirmou nesta quarta-feira (2) que Vorcaro prestou recentemente depoimento no \u00e2mbito da investiga\u00e7\u00e3o sobre o Banco Master. Segundo o ministro, o ato contou com a presen\u00e7a do Minist\u00e9rio P\u00fablico, mas n\u00e3o teve participa\u00e7\u00e3o da Pol\u00edcia Federal. Em nota divulgada pela assessoria, Mendon\u00e7a afirmou que a oitiva ocorreu a pedido da defesa, ap\u00f3s o ex-banqueiro relatar que sofria graves intimida\u00e7\u00f5es e solicitar que fosse ouvido com urg\u00eancia. A defesa de Vorcaro tamb\u00e9m afirmou que havia necessidade de uma oitiva imediata diante das circunst\u00e2ncias relatadas pelo cliente. O ministro classificou o procedimento como um ato processual regular, conduzido por juiz auxiliar de seu gabinete. Segundo Mendon\u00e7a, n\u00e3o foram tratados no depoimento assuntos relacionados ao ministro Alexandre de Moraes. O caso ocorre em meio \u00e0 crise provocada pela divulga\u00e7\u00e3o de informa\u00e7\u00f5es sobre contatos entre Moraes e Vorcaro. O ministro passou a ser alvo de questionamentos ap\u00f3s a revela\u00e7\u00e3o de que mantinha comunica\u00e7\u00e3o com o ex-banqueiro e tratava de assuntos relacionados \u00e0s investiga\u00e7\u00f5es envolvendo o Banco Master. Mendon\u00e7a \u00e9 o relator do inqu\u00e9rito sobre o caso no Supremo.","og_url":"https:\/\/sudoesteacontece.com.br\/?p=29214","og_site_name":"Sudoesteacontece","article_publisher":"https:\/\/www.facebook.com\/sudoesteacontece\/?locale=pt_BR","article_published_time":"2026-09-02T21:38:29+00:00","article_modified_time":"2026-09-02T21:38:35+00:00","og_image":[{"width":900,"height":600,"url":"https:\/\/sudoesteacontece.com.br\/wp-content\/uploads\/2026\/09\/Vorcaro-acusa-prisao-de-pressao-psicologica-e-ameacas-para-evitar-delacao.jpg","type":"image\/jpeg"}],"author":"Reda\u00e7\u00e3o","twitter_card":"summary_large_image","twitter_misc":{"Escrito por":"Reda\u00e7\u00e3o","Est. tempo de leitura":"3 minutos"},"schema":{"@context":"https:\/\/schema.org","@graph":[{"@type":"Article","@id":"https:\/\/sudoesteacontece.com.br\/?p=29214#article","isPartOf":{"@id":"https:\/\/sudoesteacontece.com.br\/?p=29214"},"author":{"name":"Reda\u00e7\u00e3o","@id":"https:\/\/sudoesteacontece.com.br\/#\/schema\/person\/a4f22429c1d0923ef8f7d43343f8dc38"},"headline":"Vorcaro acusa pris\u00e3o de press\u00e3o psicol\u00f3gica e amea\u00e7as para evitar dela\u00e7\u00e3o","datePublished":"2026-09-02T21:38:29+00:00","dateModified":"2026-09-02T21:38:35+00:00","mainEntityOfPage":{"@id":"https:\/\/sudoesteacontece.com.br\/?p=29214"},"wordCount":498,"commentCount":0,"publisher":{"@id":"https:\/\/sudoesteacontece.com.br\/#organization"},"image":{"@id":"https:\/\/sudoesteacontece.com.br\/?p=29214#primaryimage"},"thumbnailUrl":"http:\/\/sudoesteacontece.com.br\/wp-content\/uploads\/2026\/09\/Vorcaro-acusa-prisao-de-pressao-psicologica-e-ameacas-para-evitar-delacao.jpg","articleSection":["Brasil","Elei\u00e7\u00f5es 2026","Justi\u00e7a","Pol\u00edtica"],"inLanguage":"pt-BR","potentialAction":[{"@type":"CommentAction","name":"Comment","target":["https:\/\/sudoesteacontece.com.br\/?p=29214#respond"]}]},{"@type":"WebPage","@id":"https:\/\/sudoesteacontece.com.br\/?p=29214","url":"https:\/\/sudoesteacontece.com.br\/?p=29214","name":"Vorcaro acusa pris\u00e3o de press\u00e3o psicol\u00f3gica e amea\u00e7as para evitar dela\u00e7\u00e3o - Sudoesteacontece","isPartOf":{"@id":"https:\/\/sudoesteacontece.com.br\/#website"},"primaryImageOfPage":{"@id":"https:\/\/sudoesteacontece.com.br\/?p=29214#primaryimage"},"image":{"@id":"https:\/\/sudoesteacontece.com.br\/?p=29214#primaryimage"},"thumbnailUrl":"http:\/\/sudoesteacontece.com.br\/wp-content\/uploads\/2026\/09\/Vorcaro-acusa-prisao-de-pressao-psicologica-e-ameacas-para-evitar-delacao.jpg","datePublished":"2026-09-02T21:38:29+00:00","dateModified":"2026-09-02T21:38:35+00:00","breadcrumb":{"@id":"https:\/\/sudoesteacontece.com.br\/?p=29214#breadcrumb"},"inLanguage":"pt-BR","potentialAction":[{"@type":"ReadAction","target":["https:\/\/sudoesteacontece.com.br\/?p=29214"]}]},{"@type":"ImageObject","inLanguage":"pt-BR","@id":"https:\/\/sudoesteacontece.com.br\/?p=29214#primaryimage","url":"https:\/\/sudoesteacontece.com.br\/wp-content\/uploads\/2026\/09\/Vorcaro-acusa-prisao-de-pressao-psicologica-e-ameacas-para-evitar-delacao.jpg","contentUrl":"https:\/\/sudoesteacontece.com.br\/wp-content\/uploads\/2026\/09\/Vorcaro-acusa-prisao-de-pressao-psicologica-e-ameacas-para-evitar-delacao.jpg","width":900,"height":600},{"@type":"BreadcrumbList","@id":"https:\/\/sudoesteacontece.com.br\/?p=29214#breadcrumb","itemListElement":[{"@type":"ListItem","position":1,"name":"In\u00edcio","item":"https:\/\/sudoesteacontece.com.br\/"},{"@type":"ListItem","position":2,"name":"Vorcaro acusa pris\u00e3o de press\u00e3o psicol\u00f3gica e amea\u00e7as para evitar dela\u00e7\u00e3o"}]},{"@type":"WebSite","@id":"https:\/\/sudoesteacontece.com.br\/#website","url":"https:\/\/sudoesteacontece.com.br\/","name":"Sudoesteacontece","description":"","publisher":{"@id":"https:\/\/sudoesteacontece.com.br\/#organization"},"potentialAction":[{"@type":"SearchAction","target":{"@type":"EntryPoint","urlTemplate":"https:\/\/sudoesteacontece.com.br\/?s={search_term_string}"},"query-input":{"@type":"PropertyValueSpecification","valueRequired":true,"valueName":"search_term_string"}}],"inLanguage":"pt-BR"},{"@type":"Organization","@id":"https:\/\/sudoesteacontece.com.br\/#organization","name":"Sudoesteacontece","url":"https:\/\/sudoesteacontece.com.br\/","logo":{"@type":"ImageObject","inLanguage":"pt-BR","@id":"https:\/\/sudoesteacontece.com.br\/#\/schema\/logo\/image\/","url":"https:\/\/sudoesteacontece.com.br\/wp-content\/uploads\/2025\/12\/cropped-logo-2-180x180-1.png","contentUrl":"https:\/\/sudoesteacontece.com.br\/wp-content\/uploads\/2025\/12\/cropped-logo-2-180x180-1.png","width":180,"height":180,"caption":"Sudoesteacontece"},"image":{"@id":"https:\/\/sudoesteacontece.com.br\/#\/schema\/logo\/image\/"},"sameAs":["https:\/\/www.facebook.com\/sudoesteacontece\/?locale=pt_BR"]},{"@type":"Person","@id":"https:\/\/sudoesteacontece.com.br\/#\/schema\/person\/a4f22429c1d0923ef8f7d43343f8dc38","name":"Reda\u00e7\u00e3o","image":{"@type":"ImageObject","inLanguage":"pt-BR","@id":"https:\/\/sudoesteacontece.com.br\/#\/schema\/person\/image\/","url":"https:\/\/secure.gravatar.com\/avatar\/c3a5b3c93f268a709c25a2df414c629a96fb3b1b4bf97a94fb3f72e54ae76903?s=96&d=mm&r=g","contentUrl":"https:\/\/secure.gravatar.com\/avatar\/c3a5b3c93f268a709c25a2df414c629a96fb3b1b4bf97a94fb3f72e54ae76903?s=96&d=mm&r=g","caption":"Reda\u00e7\u00e3o"},"url":"https:\/\/sudoesteacontece.com.br\/?author=4"}]}},"_links":{"self":[{"href":"https:\/\/sudoesteacontece.com.br\/index.php?rest_route=\/wp\/v2\/posts\/29214","targetHints":{"allow":["GET"]}}],"collection":[{"href":"https:\/\/sudoesteacontece.com.br\/index.php?rest_route=\/wp\/v2\/posts"}],"about":[{"href":"https:\/\/sudoesteacontece.com.br\/index.php?rest_route=\/wp\/v2\/types\/post"}],"author":[{"embeddable":true,"href":"https:\/\/sudoesteacontece.com.br\/index.php?rest_route=\/wp\/v2\/users\/4"}],"replies":[{"embeddable":true,"href":"https:\/\/sudoesteacontece.com.br\/index.php?rest_route=%2Fwp%2Fv2%2Fcomments&post=29214"}],"version-history":[{"count":1,"href":"https:\/\/sudoesteacontece.com.br\/index.php?rest_route=\/wp\/v2\/posts\/29214\/revisions"}],"predecessor-version":[{"id":29248,"href":"https:\/\/sudoesteacontece.com.br\/index.php?rest_route=\/wp\/v2\/posts\/29214\/revisions\/29248"}],"wp:attachment":[{"href":"https:\/\/sudoesteacontece.com.br\/index.php?rest_route=%2Fwp%2Fv2%2Fmedia&parent=29214"}],"wp:term":[{"taxonomy":"category","embeddable":true,"href":"https:\/\/sudoesteacontece.com.br\/index.php?rest_route=%2Fwp%2Fv2%2Fcategories&post=29214"},{"taxonomy":"post_tag","embeddable":true,"href":"https:\/\/sudoesteacontece.com.br\/index.php?rest_route=%2Fwp%2Fv2%2Ftags&post=29214"}],"curies":[{"name":"wp","href":"https:\/\/api.w.org\/{rel}","templated":true}]}}