{"id":29215,"date":"2026-09-02T18:38:53","date_gmt":"2026-09-02T21:38:53","guid":{"rendered":"https:\/\/sudoesteacontece.com.br\/?p=29215"},"modified":"2026-09-02T18:38:59","modified_gmt":"2026-09-02T21:38:59","slug":"jeronimo-e-acm-neto-miram-obras-e-seguranca-na-disputa-pelo-governo-da-bahia","status":"publish","type":"post","link":"https:\/\/sudoesteacontece.com.br\/?p=29215","title":{"rendered":"Jer\u00f4nimo e ACM Neto miram obras e seguran\u00e7a na disputa pelo governo da Bahia"},"content":{"rendered":"\n<figure class=\"wp-block-image size-full\"><img fetchpriority=\"high\" decoding=\"async\" width=\"900\" height=\"600\" src=\"http:\/\/sudoesteacontece.com.br\/wp-content\/uploads\/2026\/09\/Pesquisa-aponta-ACM-Neto-a-frente-de-Jeronimo-na-disputa-pelo-governo-da-Bahia.jpg\" alt=\"\" class=\"wp-image-29235\" srcset=\"https:\/\/sudoesteacontece.com.br\/wp-content\/uploads\/2026\/09\/Pesquisa-aponta-ACM-Neto-a-frente-de-Jeronimo-na-disputa-pelo-governo-da-Bahia.jpg 900w, https:\/\/sudoesteacontece.com.br\/wp-content\/uploads\/2026\/09\/Pesquisa-aponta-ACM-Neto-a-frente-de-Jeronimo-na-disputa-pelo-governo-da-Bahia-300x200.jpg 300w, https:\/\/sudoesteacontece.com.br\/wp-content\/uploads\/2026\/09\/Pesquisa-aponta-ACM-Neto-a-frente-de-Jeronimo-na-disputa-pelo-governo-da-Bahia-768x512.jpg 768w\" sizes=\"(max-width: 900px) 100vw, 900px\" \/><\/figure>\n\n\n\n<p class=\"wp-block-paragraph\">As campanhas de Jer\u00f4nimo Rodrigues (PT) e ACM Neto (Uni\u00e3o Brasil) adotaram estrat\u00e9gias diferentes na propaganda eleitoral exibida nesta quarta-feira (2). O governador destacou obras e investimentos em mobilidade, com \u00eanfase no metr\u00f4 e no VLT do Sub\u00farbio Ferrovi\u00e1rio. O ex-prefeito de Salvador concentrou o programa na seguran\u00e7a p\u00fablica e apresentou os \u00edndices de viol\u00eancia como um dos principais problemas do estado.<\/p>\n\n\n\n<p class=\"wp-block-paragraph\">Jer\u00f4nimo utilizou a propaganda para defender obras realizadas ou ampliadas durante administra\u00e7\u00f5es petistas e responder \u00e0s cr\u00edticas sobre projetos de mobilidade. O candidato afirmou que pretende renovar toda a frota de \u00f4nibus at\u00e9 o quarto ano de um eventual segundo mandato. O VLT do Sub\u00farbio recebeu destaque especial e foi apresentado como uma interven\u00e7\u00e3o associada \u00e0 moderniza\u00e7\u00e3o da regi\u00e3o.<\/p>\n\n\n\n<p class=\"wp-block-paragraph\">Moradores tamb\u00e9m participaram da pe\u00e7a eleitoral com depoimentos sobre os efeitos atribu\u00eddos ao VLT. Os relatos mencionaram mudan\u00e7as na mobilidade, urbaniza\u00e7\u00e3o, com\u00e9rcio, seguran\u00e7a e infraestrutura. Durante o programa, Jer\u00f4nimo ainda relacionou a governos do PT obras como a Nova Rodovi\u00e1ria, a Via Expressa, a Avenida 29 de Mar\u00e7o e outras interven\u00e7\u00f5es vi\u00e1rias realizadas em Salvador.<\/p>\n\n\n\n<p class=\"wp-block-paragraph\">Em outro momento, o governador direcionou cr\u00edticas \u00e0 administra\u00e7\u00e3o municipal da capital baiana, principalmente na \u00e1rea do transporte coletivo. Sem citar diretamente o advers\u00e1rio, Jer\u00f4nimo estabeleceu uma compara\u00e7\u00e3o entre quem critica projetos e quem, segundo sua avalia\u00e7\u00e3o, efetivamente realiza as obras. A declara\u00e7\u00e3o foi utilizada como contraponto \u00e0 estrat\u00e9gia adotada por ACM Neto na propaganda eleitoral.<\/p>\n\n\n\n<p class=\"wp-block-paragraph\">Por sua vez, ACM Neto concentrou praticamente toda a propaganda na seguran\u00e7a p\u00fablica. O candidato apresentou n\u00fameros relacionados a homic\u00eddios e munic\u00edpios apontados como violentos para defender a exist\u00eancia de uma crise no setor. Na pe\u00e7a, ele responsabilizou diretamente a gest\u00e3o de Jer\u00f4nimo pelos \u00edndices e utilizou o tema como principal argumento para defender uma mudan\u00e7a no comando do estado.<\/p>\n\n\n\n<p class=\"wp-block-paragraph\">Entre as propostas apresentadas por Neto est\u00e1 a cria\u00e7\u00e3o de uma \u201cgovernadoria da seguran\u00e7a\u201d, com reuni\u00f5es semanais entre o governador, respons\u00e1veis pela intelig\u00eancia e comandantes das for\u00e7as de seguran\u00e7a. O candidato tamb\u00e9m prometeu instalar bases policiais permanentes em \u00e1reas dominadas pelo crime, al\u00e9m de defender a valoriza\u00e7\u00e3o dos agentes e a\u00e7\u00f5es contra fac\u00e7\u00f5es a partir dos pres\u00eddios.<\/p>\n\n\n\n<p class=\"wp-block-paragraph\">Para combater a atua\u00e7\u00e3o criminosa dentro das unidades prisionais, Neto citou medidas como bloqueio de sinais de celular e utiliza\u00e7\u00e3o de drones. As propostas foram apresentadas como parte de uma nova estrat\u00e9gia para enfrentar a viol\u00eancia na Bahia. A campanha tamb\u00e9m procurou associar os \u00edndices apresentados ao desempenho da atual administra\u00e7\u00e3o estadual.<\/p>\n\n\n\n<p class=\"wp-block-paragraph\">Enquanto Jer\u00f4nimo estruturou a propaganda em torno de obras, investimentos e continuidade de projetos, ACM Neto priorizou a seguran\u00e7a e a promessa de mudan\u00e7a na pol\u00edtica de combate ao crime. O candidato do PSOL, Ronaldo Mansur, teve tempo reduzido na propaganda eleitoral e n\u00e3o conseguiu apresentar suas propostas durante o programa.<\/p>\n","protected":false},"excerpt":{"rendered":"<p>As campanhas de Jer\u00f4nimo Rodrigues (PT) e ACM Neto (Uni\u00e3o Brasil) adotaram estrat\u00e9gias diferentes na propaganda eleitoral exibida nesta quarta-feira (2). O governador destacou obras e investimentos em mobilidade, com \u00eanfase no metr\u00f4 e no VLT do Sub\u00farbio Ferrovi\u00e1rio. O ex-prefeito de Salvador concentrou o programa na seguran\u00e7a p\u00fablica e apresentou os \u00edndices de viol\u00eancia como um dos principais problemas do estado. Jer\u00f4nimo utilizou a propaganda para defender obras realizadas ou ampliadas durante administra\u00e7\u00f5es petistas e responder \u00e0s cr\u00edticas sobre projetos de mobilidade. O candidato afirmou que pretende renovar toda a frota de \u00f4nibus at\u00e9 o quarto ano de um eventual segundo mandato. O VLT do Sub\u00farbio recebeu destaque especial e foi apresentado como uma interven\u00e7\u00e3o associada \u00e0 moderniza\u00e7\u00e3o da regi\u00e3o. Moradores tamb\u00e9m participaram da pe\u00e7a eleitoral com depoimentos sobre os efeitos atribu\u00eddos ao VLT. Os relatos mencionaram mudan\u00e7as na mobilidade, urbaniza\u00e7\u00e3o, com\u00e9rcio, seguran\u00e7a e infraestrutura. Durante o programa, Jer\u00f4nimo ainda relacionou a governos do PT obras como a Nova Rodovi\u00e1ria, a Via Expressa, a Avenida 29 de Mar\u00e7o e outras interven\u00e7\u00f5es vi\u00e1rias realizadas em Salvador. Em outro momento, o governador direcionou cr\u00edticas \u00e0 administra\u00e7\u00e3o municipal da capital baiana, principalmente na \u00e1rea do transporte coletivo. Sem citar diretamente o advers\u00e1rio, Jer\u00f4nimo estabeleceu uma compara\u00e7\u00e3o entre quem critica projetos e quem, segundo sua avalia\u00e7\u00e3o, efetivamente realiza as obras. A declara\u00e7\u00e3o foi utilizada como contraponto \u00e0 estrat\u00e9gia adotada por ACM Neto na propaganda eleitoral. Por sua vez, ACM Neto concentrou praticamente toda a propaganda na seguran\u00e7a p\u00fablica. O candidato apresentou n\u00fameros relacionados a homic\u00eddios e munic\u00edpios apontados como violentos para defender a exist\u00eancia de uma crise no setor. Na pe\u00e7a, ele responsabilizou diretamente a gest\u00e3o de Jer\u00f4nimo pelos \u00edndices e utilizou o tema como principal argumento para defender uma mudan\u00e7a no comando do estado. Entre as propostas apresentadas por Neto est\u00e1 a cria\u00e7\u00e3o de uma \u201cgovernadoria da seguran\u00e7a\u201d, com reuni\u00f5es semanais entre o governador, respons\u00e1veis pela intelig\u00eancia e comandantes das for\u00e7as de seguran\u00e7a. O candidato tamb\u00e9m prometeu instalar bases policiais permanentes em \u00e1reas dominadas pelo crime, al\u00e9m de defender a valoriza\u00e7\u00e3o dos agentes e a\u00e7\u00f5es contra fac\u00e7\u00f5es a partir dos pres\u00eddios. Para combater a atua\u00e7\u00e3o criminosa dentro das unidades prisionais, Neto citou medidas como bloqueio de sinais de celular e utiliza\u00e7\u00e3o de drones. As propostas foram apresentadas como parte de uma nova estrat\u00e9gia para enfrentar a viol\u00eancia na Bahia. A campanha tamb\u00e9m procurou associar os \u00edndices apresentados ao desempenho da atual administra\u00e7\u00e3o estadual. Enquanto Jer\u00f4nimo estruturou a propaganda em torno de obras, investimentos e continuidade de projetos, ACM Neto priorizou a seguran\u00e7a e a promessa de mudan\u00e7a na pol\u00edtica de combate ao crime. O candidato do PSOL, Ronaldo Mansur, teve tempo reduzido na propaganda eleitoral e n\u00e3o conseguiu apresentar suas propostas durante o programa.<\/p>\n","protected":false},"author":4,"featured_media":0,"comment_status":"open","ping_status":"open","sticky":false,"template":"","format":"standard","meta":{"footnotes":""},"categories":[7,58,6],"tags":[],"class_list":["post-29215","post","type-post","status-publish","format-standard","hentry","category-bahia","category-eleicoes-2026","category-politica"],"yoast_head":"<!-- This site is optimized with the Yoast SEO plugin v26.5 - https:\/\/yoast.com\/wordpress\/plugins\/seo\/ -->\n<title>Jer\u00f4nimo e ACM Neto miram obras e seguran\u00e7a na disputa pelo governo da Bahia - Sudoesteacontece<\/title>\n<meta name=\"robots\" content=\"index, follow, max-snippet:-1, max-image-preview:large, max-video-preview:-1\" \/>\n<link rel=\"canonical\" href=\"https:\/\/sudoesteacontece.com.br\/?p=29215\" \/>\n<meta property=\"og:locale\" content=\"pt_BR\" \/>\n<meta property=\"og:type\" content=\"article\" \/>\n<meta property=\"og:title\" content=\"Jer\u00f4nimo e ACM Neto miram obras e seguran\u00e7a na disputa pelo governo da Bahia - Sudoesteacontece\" \/>\n<meta property=\"og:description\" content=\"As campanhas de Jer\u00f4nimo Rodrigues (PT) e ACM Neto (Uni\u00e3o Brasil) adotaram estrat\u00e9gias diferentes na propaganda eleitoral exibida nesta quarta-feira (2). O governador destacou obras e investimentos em mobilidade, com \u00eanfase no metr\u00f4 e no VLT do Sub\u00farbio Ferrovi\u00e1rio. O ex-prefeito de Salvador concentrou o programa na seguran\u00e7a p\u00fablica e apresentou os \u00edndices de viol\u00eancia como um dos principais problemas do estado. Jer\u00f4nimo utilizou a propaganda para defender obras realizadas ou ampliadas durante administra\u00e7\u00f5es petistas e responder \u00e0s cr\u00edticas sobre projetos de mobilidade. O candidato afirmou que pretende renovar toda a frota de \u00f4nibus at\u00e9 o quarto ano de um eventual segundo mandato. O VLT do Sub\u00farbio recebeu destaque especial e foi apresentado como uma interven\u00e7\u00e3o associada \u00e0 moderniza\u00e7\u00e3o da regi\u00e3o. Moradores tamb\u00e9m participaram da pe\u00e7a eleitoral com depoimentos sobre os efeitos atribu\u00eddos ao VLT. Os relatos mencionaram mudan\u00e7as na mobilidade, urbaniza\u00e7\u00e3o, com\u00e9rcio, seguran\u00e7a e infraestrutura. Durante o programa, Jer\u00f4nimo ainda relacionou a governos do PT obras como a Nova Rodovi\u00e1ria, a Via Expressa, a Avenida 29 de Mar\u00e7o e outras interven\u00e7\u00f5es vi\u00e1rias realizadas em Salvador. Em outro momento, o governador direcionou cr\u00edticas \u00e0 administra\u00e7\u00e3o municipal da capital baiana, principalmente na \u00e1rea do transporte coletivo. Sem citar diretamente o advers\u00e1rio, Jer\u00f4nimo estabeleceu uma compara\u00e7\u00e3o entre quem critica projetos e quem, segundo sua avalia\u00e7\u00e3o, efetivamente realiza as obras. A declara\u00e7\u00e3o foi utilizada como contraponto \u00e0 estrat\u00e9gia adotada por ACM Neto na propaganda eleitoral. Por sua vez, ACM Neto concentrou praticamente toda a propaganda na seguran\u00e7a p\u00fablica. O candidato apresentou n\u00fameros relacionados a homic\u00eddios e munic\u00edpios apontados como violentos para defender a exist\u00eancia de uma crise no setor. Na pe\u00e7a, ele responsabilizou diretamente a gest\u00e3o de Jer\u00f4nimo pelos \u00edndices e utilizou o tema como principal argumento para defender uma mudan\u00e7a no comando do estado. Entre as propostas apresentadas por Neto est\u00e1 a cria\u00e7\u00e3o de uma \u201cgovernadoria da seguran\u00e7a\u201d, com reuni\u00f5es semanais entre o governador, respons\u00e1veis pela intelig\u00eancia e comandantes das for\u00e7as de seguran\u00e7a. O candidato tamb\u00e9m prometeu instalar bases policiais permanentes em \u00e1reas dominadas pelo crime, al\u00e9m de defender a valoriza\u00e7\u00e3o dos agentes e a\u00e7\u00f5es contra fac\u00e7\u00f5es a partir dos pres\u00eddios. Para combater a atua\u00e7\u00e3o criminosa dentro das unidades prisionais, Neto citou medidas como bloqueio de sinais de celular e utiliza\u00e7\u00e3o de drones. As propostas foram apresentadas como parte de uma nova estrat\u00e9gia para enfrentar a viol\u00eancia na Bahia. A campanha tamb\u00e9m procurou associar os \u00edndices apresentados ao desempenho da atual administra\u00e7\u00e3o estadual. Enquanto Jer\u00f4nimo estruturou a propaganda em torno de obras, investimentos e continuidade de projetos, ACM Neto priorizou a seguran\u00e7a e a promessa de mudan\u00e7a na pol\u00edtica de combate ao crime. O candidato do PSOL, Ronaldo Mansur, teve tempo reduzido na propaganda eleitoral e n\u00e3o conseguiu apresentar suas propostas durante o programa.\" \/>\n<meta property=\"og:url\" content=\"https:\/\/sudoesteacontece.com.br\/?p=29215\" \/>\n<meta property=\"og:site_name\" content=\"Sudoesteacontece\" \/>\n<meta property=\"article:publisher\" content=\"https:\/\/www.facebook.com\/sudoesteacontece\/?locale=pt_BR\" \/>\n<meta property=\"article:published_time\" content=\"2026-09-02T21:38:53+00:00\" \/>\n<meta property=\"article:modified_time\" content=\"2026-09-02T21:38:59+00:00\" \/>\n<meta property=\"og:image\" content=\"https:\/\/sudoesteacontece.com.br\/wp-content\/uploads\/2026\/09\/Pesquisa-aponta-ACM-Neto-a-frente-de-Jeronimo-na-disputa-pelo-governo-da-Bahia.jpg\" \/>\n\t<meta property=\"og:image:width\" content=\"900\" \/>\n\t<meta property=\"og:image:height\" content=\"600\" \/>\n\t<meta property=\"og:image:type\" content=\"image\/jpeg\" \/>\n<meta name=\"author\" content=\"Reda\u00e7\u00e3o\" \/>\n<meta name=\"twitter:card\" content=\"summary_large_image\" \/>\n<meta name=\"twitter:label1\" content=\"Escrito por\" \/>\n\t<meta name=\"twitter:data1\" content=\"Reda\u00e7\u00e3o\" \/>\n\t<meta name=\"twitter:label2\" content=\"Est. tempo de leitura\" \/>\n\t<meta name=\"twitter:data2\" content=\"3 minutos\" \/>\n<script type=\"application\/ld+json\" class=\"yoast-schema-graph\">{\"@context\":\"https:\/\/schema.org\",\"@graph\":[{\"@type\":\"Article\",\"@id\":\"https:\/\/sudoesteacontece.com.br\/?p=29215#article\",\"isPartOf\":{\"@id\":\"https:\/\/sudoesteacontece.com.br\/?p=29215\"},\"author\":{\"name\":\"Reda\u00e7\u00e3o\",\"@id\":\"https:\/\/sudoesteacontece.com.br\/#\/schema\/person\/a4f22429c1d0923ef8f7d43343f8dc38\"},\"headline\":\"Jer\u00f4nimo e ACM Neto miram obras e seguran\u00e7a na disputa pelo governo da Bahia\",\"datePublished\":\"2026-09-02T21:38:53+00:00\",\"dateModified\":\"2026-09-02T21:38:59+00:00\",\"mainEntityOfPage\":{\"@id\":\"https:\/\/sudoesteacontece.com.br\/?p=29215\"},\"wordCount\":532,\"commentCount\":0,\"publisher\":{\"@id\":\"https:\/\/sudoesteacontece.com.br\/#organization\"},\"image\":{\"@id\":\"https:\/\/sudoesteacontece.com.br\/?p=29215#primaryimage\"},\"thumbnailUrl\":\"http:\/\/sudoesteacontece.com.br\/wp-content\/uploads\/2026\/09\/Pesquisa-aponta-ACM-Neto-a-frente-de-Jeronimo-na-disputa-pelo-governo-da-Bahia.jpg\",\"articleSection\":[\"Bahia\",\"Elei\u00e7\u00f5es 2026\",\"Pol\u00edtica\"],\"inLanguage\":\"pt-BR\",\"potentialAction\":[{\"@type\":\"CommentAction\",\"name\":\"Comment\",\"target\":[\"https:\/\/sudoesteacontece.com.br\/?p=29215#respond\"]}]},{\"@type\":\"WebPage\",\"@id\":\"https:\/\/sudoesteacontece.com.br\/?p=29215\",\"url\":\"https:\/\/sudoesteacontece.com.br\/?p=29215\",\"name\":\"Jer\u00f4nimo e ACM Neto miram obras e seguran\u00e7a na disputa pelo governo da Bahia - Sudoesteacontece\",\"isPartOf\":{\"@id\":\"https:\/\/sudoesteacontece.com.br\/#website\"},\"primaryImageOfPage\":{\"@id\":\"https:\/\/sudoesteacontece.com.br\/?p=29215#primaryimage\"},\"image\":{\"@id\":\"https:\/\/sudoesteacontece.com.br\/?p=29215#primaryimage\"},\"thumbnailUrl\":\"http:\/\/sudoesteacontece.com.br\/wp-content\/uploads\/2026\/09\/Pesquisa-aponta-ACM-Neto-a-frente-de-Jeronimo-na-disputa-pelo-governo-da-Bahia.jpg\",\"datePublished\":\"2026-09-02T21:38:53+00:00\",\"dateModified\":\"2026-09-02T21:38:59+00:00\",\"breadcrumb\":{\"@id\":\"https:\/\/sudoesteacontece.com.br\/?p=29215#breadcrumb\"},\"inLanguage\":\"pt-BR\",\"potentialAction\":[{\"@type\":\"ReadAction\",\"target\":[\"https:\/\/sudoesteacontece.com.br\/?p=29215\"]}]},{\"@type\":\"ImageObject\",\"inLanguage\":\"pt-BR\",\"@id\":\"https:\/\/sudoesteacontece.com.br\/?p=29215#primaryimage\",\"url\":\"https:\/\/sudoesteacontece.com.br\/wp-content\/uploads\/2026\/09\/Pesquisa-aponta-ACM-Neto-a-frente-de-Jeronimo-na-disputa-pelo-governo-da-Bahia.jpg\",\"contentUrl\":\"https:\/\/sudoesteacontece.com.br\/wp-content\/uploads\/2026\/09\/Pesquisa-aponta-ACM-Neto-a-frente-de-Jeronimo-na-disputa-pelo-governo-da-Bahia.jpg\",\"width\":900,\"height\":600},{\"@type\":\"BreadcrumbList\",\"@id\":\"https:\/\/sudoesteacontece.com.br\/?p=29215#breadcrumb\",\"itemListElement\":[{\"@type\":\"ListItem\",\"position\":1,\"name\":\"In\u00edcio\",\"item\":\"https:\/\/sudoesteacontece.com.br\/\"},{\"@type\":\"ListItem\",\"position\":2,\"name\":\"Jer\u00f4nimo e ACM Neto miram obras e seguran\u00e7a na disputa pelo governo da Bahia\"}]},{\"@type\":\"WebSite\",\"@id\":\"https:\/\/sudoesteacontece.com.br\/#website\",\"url\":\"https:\/\/sudoesteacontece.com.br\/\",\"name\":\"Sudoesteacontece\",\"description\":\"\",\"publisher\":{\"@id\":\"https:\/\/sudoesteacontece.com.br\/#organization\"},\"potentialAction\":[{\"@type\":\"SearchAction\",\"target\":{\"@type\":\"EntryPoint\",\"urlTemplate\":\"https:\/\/sudoesteacontece.com.br\/?s={search_term_string}\"},\"query-input\":{\"@type\":\"PropertyValueSpecification\",\"valueRequired\":true,\"valueName\":\"search_term_string\"}}],\"inLanguage\":\"pt-BR\"},{\"@type\":\"Organization\",\"@id\":\"https:\/\/sudoesteacontece.com.br\/#organization\",\"name\":\"Sudoesteacontece\",\"url\":\"https:\/\/sudoesteacontece.com.br\/\",\"logo\":{\"@type\":\"ImageObject\",\"inLanguage\":\"pt-BR\",\"@id\":\"https:\/\/sudoesteacontece.com.br\/#\/schema\/logo\/image\/\",\"url\":\"https:\/\/sudoesteacontece.com.br\/wp-content\/uploads\/2025\/12\/cropped-logo-2-180x180-1.png\",\"contentUrl\":\"https:\/\/sudoesteacontece.com.br\/wp-content\/uploads\/2025\/12\/cropped-logo-2-180x180-1.png\",\"width\":180,\"height\":180,\"caption\":\"Sudoesteacontece\"},\"image\":{\"@id\":\"https:\/\/sudoesteacontece.com.br\/#\/schema\/logo\/image\/\"},\"sameAs\":[\"https:\/\/www.facebook.com\/sudoesteacontece\/?locale=pt_BR\"]},{\"@type\":\"Person\",\"@id\":\"https:\/\/sudoesteacontece.com.br\/#\/schema\/person\/a4f22429c1d0923ef8f7d43343f8dc38\",\"name\":\"Reda\u00e7\u00e3o\",\"image\":{\"@type\":\"ImageObject\",\"inLanguage\":\"pt-BR\",\"@id\":\"https:\/\/sudoesteacontece.com.br\/#\/schema\/person\/image\/\",\"url\":\"https:\/\/secure.gravatar.com\/avatar\/c3a5b3c93f268a709c25a2df414c629a96fb3b1b4bf97a94fb3f72e54ae76903?s=96&d=mm&r=g\",\"contentUrl\":\"https:\/\/secure.gravatar.com\/avatar\/c3a5b3c93f268a709c25a2df414c629a96fb3b1b4bf97a94fb3f72e54ae76903?s=96&d=mm&r=g\",\"caption\":\"Reda\u00e7\u00e3o\"},\"url\":\"https:\/\/sudoesteacontece.com.br\/?author=4\"}]}<\/script>\n<!-- \/ Yoast SEO plugin. -->","yoast_head_json":{"title":"Jer\u00f4nimo e ACM Neto miram obras e seguran\u00e7a na disputa pelo governo da Bahia - Sudoesteacontece","robots":{"index":"index","follow":"follow","max-snippet":"max-snippet:-1","max-image-preview":"max-image-preview:large","max-video-preview":"max-video-preview:-1"},"canonical":"https:\/\/sudoesteacontece.com.br\/?p=29215","og_locale":"pt_BR","og_type":"article","og_title":"Jer\u00f4nimo e ACM Neto miram obras e seguran\u00e7a na disputa pelo governo da Bahia - Sudoesteacontece","og_description":"As campanhas de Jer\u00f4nimo Rodrigues (PT) e ACM Neto (Uni\u00e3o Brasil) adotaram estrat\u00e9gias diferentes na propaganda eleitoral exibida nesta quarta-feira (2). O governador destacou obras e investimentos em mobilidade, com \u00eanfase no metr\u00f4 e no VLT do Sub\u00farbio Ferrovi\u00e1rio. O ex-prefeito de Salvador concentrou o programa na seguran\u00e7a p\u00fablica e apresentou os \u00edndices de viol\u00eancia como um dos principais problemas do estado. Jer\u00f4nimo utilizou a propaganda para defender obras realizadas ou ampliadas durante administra\u00e7\u00f5es petistas e responder \u00e0s cr\u00edticas sobre projetos de mobilidade. O candidato afirmou que pretende renovar toda a frota de \u00f4nibus at\u00e9 o quarto ano de um eventual segundo mandato. O VLT do Sub\u00farbio recebeu destaque especial e foi apresentado como uma interven\u00e7\u00e3o associada \u00e0 moderniza\u00e7\u00e3o da regi\u00e3o. Moradores tamb\u00e9m participaram da pe\u00e7a eleitoral com depoimentos sobre os efeitos atribu\u00eddos ao VLT. Os relatos mencionaram mudan\u00e7as na mobilidade, urbaniza\u00e7\u00e3o, com\u00e9rcio, seguran\u00e7a e infraestrutura. Durante o programa, Jer\u00f4nimo ainda relacionou a governos do PT obras como a Nova Rodovi\u00e1ria, a Via Expressa, a Avenida 29 de Mar\u00e7o e outras interven\u00e7\u00f5es vi\u00e1rias realizadas em Salvador. Em outro momento, o governador direcionou cr\u00edticas \u00e0 administra\u00e7\u00e3o municipal da capital baiana, principalmente na \u00e1rea do transporte coletivo. Sem citar diretamente o advers\u00e1rio, Jer\u00f4nimo estabeleceu uma compara\u00e7\u00e3o entre quem critica projetos e quem, segundo sua avalia\u00e7\u00e3o, efetivamente realiza as obras. A declara\u00e7\u00e3o foi utilizada como contraponto \u00e0 estrat\u00e9gia adotada por ACM Neto na propaganda eleitoral. Por sua vez, ACM Neto concentrou praticamente toda a propaganda na seguran\u00e7a p\u00fablica. O candidato apresentou n\u00fameros relacionados a homic\u00eddios e munic\u00edpios apontados como violentos para defender a exist\u00eancia de uma crise no setor. Na pe\u00e7a, ele responsabilizou diretamente a gest\u00e3o de Jer\u00f4nimo pelos \u00edndices e utilizou o tema como principal argumento para defender uma mudan\u00e7a no comando do estado. Entre as propostas apresentadas por Neto est\u00e1 a cria\u00e7\u00e3o de uma \u201cgovernadoria da seguran\u00e7a\u201d, com reuni\u00f5es semanais entre o governador, respons\u00e1veis pela intelig\u00eancia e comandantes das for\u00e7as de seguran\u00e7a. O candidato tamb\u00e9m prometeu instalar bases policiais permanentes em \u00e1reas dominadas pelo crime, al\u00e9m de defender a valoriza\u00e7\u00e3o dos agentes e a\u00e7\u00f5es contra fac\u00e7\u00f5es a partir dos pres\u00eddios. Para combater a atua\u00e7\u00e3o criminosa dentro das unidades prisionais, Neto citou medidas como bloqueio de sinais de celular e utiliza\u00e7\u00e3o de drones. As propostas foram apresentadas como parte de uma nova estrat\u00e9gia para enfrentar a viol\u00eancia na Bahia. A campanha tamb\u00e9m procurou associar os \u00edndices apresentados ao desempenho da atual administra\u00e7\u00e3o estadual. Enquanto Jer\u00f4nimo estruturou a propaganda em torno de obras, investimentos e continuidade de projetos, ACM Neto priorizou a seguran\u00e7a e a promessa de mudan\u00e7a na pol\u00edtica de combate ao crime. O candidato do PSOL, Ronaldo Mansur, teve tempo reduzido na propaganda eleitoral e n\u00e3o conseguiu apresentar suas propostas durante o programa.","og_url":"https:\/\/sudoesteacontece.com.br\/?p=29215","og_site_name":"Sudoesteacontece","article_publisher":"https:\/\/www.facebook.com\/sudoesteacontece\/?locale=pt_BR","article_published_time":"2026-09-02T21:38:53+00:00","article_modified_time":"2026-09-02T21:38:59+00:00","og_image":[{"width":900,"height":600,"url":"https:\/\/sudoesteacontece.com.br\/wp-content\/uploads\/2026\/09\/Pesquisa-aponta-ACM-Neto-a-frente-de-Jeronimo-na-disputa-pelo-governo-da-Bahia.jpg","type":"image\/jpeg"}],"author":"Reda\u00e7\u00e3o","twitter_card":"summary_large_image","twitter_misc":{"Escrito por":"Reda\u00e7\u00e3o","Est. tempo de leitura":"3 minutos"},"schema":{"@context":"https:\/\/schema.org","@graph":[{"@type":"Article","@id":"https:\/\/sudoesteacontece.com.br\/?p=29215#article","isPartOf":{"@id":"https:\/\/sudoesteacontece.com.br\/?p=29215"},"author":{"name":"Reda\u00e7\u00e3o","@id":"https:\/\/sudoesteacontece.com.br\/#\/schema\/person\/a4f22429c1d0923ef8f7d43343f8dc38"},"headline":"Jer\u00f4nimo e ACM Neto miram obras e seguran\u00e7a na disputa pelo governo da Bahia","datePublished":"2026-09-02T21:38:53+00:00","dateModified":"2026-09-02T21:38:59+00:00","mainEntityOfPage":{"@id":"https:\/\/sudoesteacontece.com.br\/?p=29215"},"wordCount":532,"commentCount":0,"publisher":{"@id":"https:\/\/sudoesteacontece.com.br\/#organization"},"image":{"@id":"https:\/\/sudoesteacontece.com.br\/?p=29215#primaryimage"},"thumbnailUrl":"http:\/\/sudoesteacontece.com.br\/wp-content\/uploads\/2026\/09\/Pesquisa-aponta-ACM-Neto-a-frente-de-Jeronimo-na-disputa-pelo-governo-da-Bahia.jpg","articleSection":["Bahia","Elei\u00e7\u00f5es 2026","Pol\u00edtica"],"inLanguage":"pt-BR","potentialAction":[{"@type":"CommentAction","name":"Comment","target":["https:\/\/sudoesteacontece.com.br\/?p=29215#respond"]}]},{"@type":"WebPage","@id":"https:\/\/sudoesteacontece.com.br\/?p=29215","url":"https:\/\/sudoesteacontece.com.br\/?p=29215","name":"Jer\u00f4nimo e ACM Neto miram obras e seguran\u00e7a na disputa pelo governo da Bahia - Sudoesteacontece","isPartOf":{"@id":"https:\/\/sudoesteacontece.com.br\/#website"},"primaryImageOfPage":{"@id":"https:\/\/sudoesteacontece.com.br\/?p=29215#primaryimage"},"image":{"@id":"https:\/\/sudoesteacontece.com.br\/?p=29215#primaryimage"},"thumbnailUrl":"http:\/\/sudoesteacontece.com.br\/wp-content\/uploads\/2026\/09\/Pesquisa-aponta-ACM-Neto-a-frente-de-Jeronimo-na-disputa-pelo-governo-da-Bahia.jpg","datePublished":"2026-09-02T21:38:53+00:00","dateModified":"2026-09-02T21:38:59+00:00","breadcrumb":{"@id":"https:\/\/sudoesteacontece.com.br\/?p=29215#breadcrumb"},"inLanguage":"pt-BR","potentialAction":[{"@type":"ReadAction","target":["https:\/\/sudoesteacontece.com.br\/?p=29215"]}]},{"@type":"ImageObject","inLanguage":"pt-BR","@id":"https:\/\/sudoesteacontece.com.br\/?p=29215#primaryimage","url":"https:\/\/sudoesteacontece.com.br\/wp-content\/uploads\/2026\/09\/Pesquisa-aponta-ACM-Neto-a-frente-de-Jeronimo-na-disputa-pelo-governo-da-Bahia.jpg","contentUrl":"https:\/\/sudoesteacontece.com.br\/wp-content\/uploads\/2026\/09\/Pesquisa-aponta-ACM-Neto-a-frente-de-Jeronimo-na-disputa-pelo-governo-da-Bahia.jpg","width":900,"height":600},{"@type":"BreadcrumbList","@id":"https:\/\/sudoesteacontece.com.br\/?p=29215#breadcrumb","itemListElement":[{"@type":"ListItem","position":1,"name":"In\u00edcio","item":"https:\/\/sudoesteacontece.com.br\/"},{"@type":"ListItem","position":2,"name":"Jer\u00f4nimo e ACM Neto miram obras e seguran\u00e7a na disputa pelo governo da Bahia"}]},{"@type":"WebSite","@id":"https:\/\/sudoesteacontece.com.br\/#website","url":"https:\/\/sudoesteacontece.com.br\/","name":"Sudoesteacontece","description":"","publisher":{"@id":"https:\/\/sudoesteacontece.com.br\/#organization"},"potentialAction":[{"@type":"SearchAction","target":{"@type":"EntryPoint","urlTemplate":"https:\/\/sudoesteacontece.com.br\/?s={search_term_string}"},"query-input":{"@type":"PropertyValueSpecification","valueRequired":true,"valueName":"search_term_string"}}],"inLanguage":"pt-BR"},{"@type":"Organization","@id":"https:\/\/sudoesteacontece.com.br\/#organization","name":"Sudoesteacontece","url":"https:\/\/sudoesteacontece.com.br\/","logo":{"@type":"ImageObject","inLanguage":"pt-BR","@id":"https:\/\/sudoesteacontece.com.br\/#\/schema\/logo\/image\/","url":"https:\/\/sudoesteacontece.com.br\/wp-content\/uploads\/2025\/12\/cropped-logo-2-180x180-1.png","contentUrl":"https:\/\/sudoesteacontece.com.br\/wp-content\/uploads\/2025\/12\/cropped-logo-2-180x180-1.png","width":180,"height":180,"caption":"Sudoesteacontece"},"image":{"@id":"https:\/\/sudoesteacontece.com.br\/#\/schema\/logo\/image\/"},"sameAs":["https:\/\/www.facebook.com\/sudoesteacontece\/?locale=pt_BR"]},{"@type":"Person","@id":"https:\/\/sudoesteacontece.com.br\/#\/schema\/person\/a4f22429c1d0923ef8f7d43343f8dc38","name":"Reda\u00e7\u00e3o","image":{"@type":"ImageObject","inLanguage":"pt-BR","@id":"https:\/\/sudoesteacontece.com.br\/#\/schema\/person\/image\/","url":"https:\/\/secure.gravatar.com\/avatar\/c3a5b3c93f268a709c25a2df414c629a96fb3b1b4bf97a94fb3f72e54ae76903?s=96&d=mm&r=g","contentUrl":"https:\/\/secure.gravatar.com\/avatar\/c3a5b3c93f268a709c25a2df414c629a96fb3b1b4bf97a94fb3f72e54ae76903?s=96&d=mm&r=g","caption":"Reda\u00e7\u00e3o"},"url":"https:\/\/sudoesteacontece.com.br\/?author=4"}]}},"_links":{"self":[{"href":"https:\/\/sudoesteacontece.com.br\/index.php?rest_route=\/wp\/v2\/posts\/29215","targetHints":{"allow":["GET"]}}],"collection":[{"href":"https:\/\/sudoesteacontece.com.br\/index.php?rest_route=\/wp\/v2\/posts"}],"about":[{"href":"https:\/\/sudoesteacontece.com.br\/index.php?rest_route=\/wp\/v2\/types\/post"}],"author":[{"embeddable":true,"href":"https:\/\/sudoesteacontece.com.br\/index.php?rest_route=\/wp\/v2\/users\/4"}],"replies":[{"embeddable":true,"href":"https:\/\/sudoesteacontece.com.br\/index.php?rest_route=%2Fwp%2Fv2%2Fcomments&post=29215"}],"version-history":[{"count":1,"href":"https:\/\/sudoesteacontece.com.br\/index.php?rest_route=\/wp\/v2\/posts\/29215\/revisions"}],"predecessor-version":[{"id":29249,"href":"https:\/\/sudoesteacontece.com.br\/index.php?rest_route=\/wp\/v2\/posts\/29215\/revisions\/29249"}],"wp:attachment":[{"href":"https:\/\/sudoesteacontece.com.br\/index.php?rest_route=%2Fwp%2Fv2%2Fmedia&parent=29215"}],"wp:term":[{"taxonomy":"category","embeddable":true,"href":"https:\/\/sudoesteacontece.com.br\/index.php?rest_route=%2Fwp%2Fv2%2Fcategories&post=29215"},{"taxonomy":"post_tag","embeddable":true,"href":"https:\/\/sudoesteacontece.com.br\/index.php?rest_route=%2Fwp%2Fv2%2Ftags&post=29215"}],"curies":[{"name":"wp","href":"https:\/\/api.w.org\/{rel}","templated":true}]}}