{"id":29217,"date":"2026-09-02T18:37:33","date_gmt":"2026-09-02T21:37:33","guid":{"rendered":"https:\/\/sudoesteacontece.com.br\/?p=29217"},"modified":"2026-09-02T18:37:38","modified_gmt":"2026-09-02T21:37:38","slug":"jornalista-de-brumado-recebe-protecao-da-justica-apos-ataques-em-luis-eduardo-magalhaes","status":"publish","type":"post","link":"https:\/\/sudoesteacontece.com.br\/?p=29217","title":{"rendered":"Jornalista de Brumado recebe prote\u00e7\u00e3o da Justi\u00e7a ap\u00f3s ataques em Lu\u00eds Eduardo Magalh\u00e3es"},"content":{"rendered":"\n<figure class=\"wp-block-image size-full\"><img fetchpriority=\"high\" decoding=\"async\" width=\"900\" height=\"600\" src=\"http:\/\/sudoesteacontece.com.br\/wp-content\/uploads\/2026\/09\/Jornalista-de-Brumado-recebe-protecao-da-Justica-apos-ataques-em-Luis-Eduardo-Magalhaes.jpg\" alt=\"\" class=\"wp-image-29230\" srcset=\"https:\/\/sudoesteacontece.com.br\/wp-content\/uploads\/2026\/09\/Jornalista-de-Brumado-recebe-protecao-da-Justica-apos-ataques-em-Luis-Eduardo-Magalhaes.jpg 900w, https:\/\/sudoesteacontece.com.br\/wp-content\/uploads\/2026\/09\/Jornalista-de-Brumado-recebe-protecao-da-Justica-apos-ataques-em-Luis-Eduardo-Magalhaes-300x200.jpg 300w, https:\/\/sudoesteacontece.com.br\/wp-content\/uploads\/2026\/09\/Jornalista-de-Brumado-recebe-protecao-da-Justica-apos-ataques-em-Luis-Eduardo-Magalhaes-768x512.jpg 768w\" sizes=\"(max-width: 900px) 100vw, 900px\" \/><\/figure>\n\n\n\n<p class=\"wp-block-paragraph\">A jornalista Scheila Bernardes, natural de Brumado e apresentadora do Jornal da Manh\u00e3, da R\u00e1dio Cultura FM, em Lu\u00eds Eduardo Magalh\u00e3es, passou a contar com medida protetiva ap\u00f3s relatar ataques e amea\u00e7as. A decis\u00e3o foi expedida no s\u00e1bado (29), depois que, segundo a jornalista, um servidor p\u00fablico nomeado no munic\u00edpio teria filmado sua resid\u00eancia. Ela tamb\u00e9m afirma ter sido alvo de ofensas direcionadas a ela e \u00e0 fam\u00edlia.<\/p>\n\n\n\n<p class=\"wp-block-paragraph\">Segundo Scheila, o epis\u00f3dio faz parte de uma sequ\u00eancia de situa\u00e7\u00f5es que incluem invas\u00e3o de privacidade, xingamentos e ataques nas redes sociais. Em entrevista concedida nesta ter\u00e7a-feira (1\u00ba), ela relatou que outra emissora local ligada ao homem citado teria promovido uma campanha difamat\u00f3ria contra ela desde o in\u00edcio do ano. A jornalista afirmou que os epis\u00f3dios provocaram medo, inseguran\u00e7a e sofrimento, levando-a a buscar prote\u00e7\u00e3o judicial.<\/p>\n\n\n\n<p class=\"wp-block-paragraph\">De acordo com o relato apresentado pela comunicadora, a Justi\u00e7a considerou que os fatos registrados no pedido configuram persegui\u00e7\u00e3o, amea\u00e7a e intimida\u00e7\u00e3o. Scheila tamb\u00e9m declarou acreditar que os ataques estejam relacionados a um grupo pol\u00edtico local. Segundo ela, foram apresentadas evid\u00eancias durante o pedido de prote\u00e7\u00e3o, incluindo informa\u00e7\u00f5es sobre um grupo de WhatsApp utilizado, conforme sua vers\u00e3o, para disseminar ofensas contra ela.<\/p>\n\n\n\n<p class=\"wp-block-paragraph\">Al\u00e9m disso, a jornalista relacionou os epis\u00f3dios ao exerc\u00edcio de sua profiss\u00e3o e \u00e0 forma como desenvolve o trabalho na emissora. Scheila afirmou que sua atua\u00e7\u00e3o jornal\u00edstica n\u00e3o tem sido bem recebida por algumas pessoas e classificou o momento como dif\u00edcil e delicado. Ela tamb\u00e9m pediu solidariedade dos colegas de imprensa e apoio de pessoas que enfrentam situa\u00e7\u00f5es semelhantes envolvendo amea\u00e7as e intimida\u00e7\u00f5es.<\/p>\n\n\n\n<p class=\"wp-block-paragraph\">Desde a concess\u00e3o da medida protetiva, equipes da Ronda Maria da Penha passaram a realizar rondas nas proximidades da resid\u00eancia da jornalista e da emissora onde ela trabalha. Scheila afirmou que n\u00e3o possui pend\u00eancias com a atual administra\u00e7\u00e3o municipal e declarou manter uma atua\u00e7\u00e3o jornal\u00edstica baseada em princ\u00edpios \u00e9ticos, com participa\u00e7\u00e3o da popula\u00e7\u00e3o e espa\u00e7o para diferentes demandas.<\/p>\n\n\n\n<p class=\"wp-block-paragraph\">Por fim, a jornalista afirmou que considera os ataques direcionados \u00e0 sua pessoa e avaliou que existe uma tentativa de atingir sua reputa\u00e7\u00e3o. As acusa\u00e7\u00f5es mencionadas na reportagem s\u00e3o baseadas no relato apresentado por Scheila e nas informa\u00e7\u00f5es relacionadas ao pedido de prote\u00e7\u00e3o judicial. A medida atualmente garante acompanhamento policial nas \u00e1reas pr\u00f3ximas \u00e0 resid\u00eancia e ao local de trabalho da comunicadora.<\/p>\n","protected":false},"excerpt":{"rendered":"<p>A jornalista Scheila Bernardes, natural de Brumado e apresentadora do Jornal da Manh\u00e3, da R\u00e1dio Cultura FM, em Lu\u00eds Eduardo Magalh\u00e3es, passou a contar com medida protetiva ap\u00f3s relatar ataques e amea\u00e7as. A decis\u00e3o foi expedida no s\u00e1bado (29), depois que, segundo a jornalista, um servidor p\u00fablico nomeado no munic\u00edpio teria filmado sua resid\u00eancia. Ela tamb\u00e9m afirma ter sido alvo de ofensas direcionadas a ela e \u00e0 fam\u00edlia. Segundo Scheila, o epis\u00f3dio faz parte de uma sequ\u00eancia de situa\u00e7\u00f5es que incluem invas\u00e3o de privacidade, xingamentos e ataques nas redes sociais. Em entrevista concedida nesta ter\u00e7a-feira (1\u00ba), ela relatou que outra emissora local ligada ao homem citado teria promovido uma campanha difamat\u00f3ria contra ela desde o in\u00edcio do ano. A jornalista afirmou que os epis\u00f3dios provocaram medo, inseguran\u00e7a e sofrimento, levando-a a buscar prote\u00e7\u00e3o judicial. De acordo com o relato apresentado pela comunicadora, a Justi\u00e7a considerou que os fatos registrados no pedido configuram persegui\u00e7\u00e3o, amea\u00e7a e intimida\u00e7\u00e3o. Scheila tamb\u00e9m declarou acreditar que os ataques estejam relacionados a um grupo pol\u00edtico local. Segundo ela, foram apresentadas evid\u00eancias durante o pedido de prote\u00e7\u00e3o, incluindo informa\u00e7\u00f5es sobre um grupo de WhatsApp utilizado, conforme sua vers\u00e3o, para disseminar ofensas contra ela. Al\u00e9m disso, a jornalista relacionou os epis\u00f3dios ao exerc\u00edcio de sua profiss\u00e3o e \u00e0 forma como desenvolve o trabalho na emissora. Scheila afirmou que sua atua\u00e7\u00e3o jornal\u00edstica n\u00e3o tem sido bem recebida por algumas pessoas e classificou o momento como dif\u00edcil e delicado. Ela tamb\u00e9m pediu solidariedade dos colegas de imprensa e apoio de pessoas que enfrentam situa\u00e7\u00f5es semelhantes envolvendo amea\u00e7as e intimida\u00e7\u00f5es. Desde a concess\u00e3o da medida protetiva, equipes da Ronda Maria da Penha passaram a realizar rondas nas proximidades da resid\u00eancia da jornalista e da emissora onde ela trabalha. Scheila afirmou que n\u00e3o possui pend\u00eancias com a atual administra\u00e7\u00e3o municipal e declarou manter uma atua\u00e7\u00e3o jornal\u00edstica baseada em princ\u00edpios \u00e9ticos, com participa\u00e7\u00e3o da popula\u00e7\u00e3o e espa\u00e7o para diferentes demandas. Por fim, a jornalista afirmou que considera os ataques direcionados \u00e0 sua pessoa e avaliou que existe uma tentativa de atingir sua reputa\u00e7\u00e3o. As acusa\u00e7\u00f5es mencionadas na reportagem s\u00e3o baseadas no relato apresentado por Scheila e nas informa\u00e7\u00f5es relacionadas ao pedido de prote\u00e7\u00e3o judicial. A medida atualmente garante acompanhamento policial nas \u00e1reas pr\u00f3ximas \u00e0 resid\u00eancia e ao local de trabalho da comunicadora.<\/p>\n","protected":false},"author":4,"featured_media":0,"comment_status":"open","ping_status":"open","sticky":false,"template":"","format":"standard","meta":{"footnotes":""},"categories":[10,4,82,16],"tags":[],"class_list":["post-29217","post","type-post","status-publish","format-standard","hentry","category-brumado","category-cidades","category-luis-eduardo-magalhaes","category-tv-radio-e-cinema"],"yoast_head":"<!-- This site is optimized with the Yoast SEO plugin v26.5 - https:\/\/yoast.com\/wordpress\/plugins\/seo\/ -->\n<title>Jornalista de Brumado recebe prote\u00e7\u00e3o da Justi\u00e7a ap\u00f3s ataques em Lu\u00eds Eduardo Magalh\u00e3es - Sudoesteacontece<\/title>\n<meta name=\"robots\" content=\"index, follow, max-snippet:-1, max-image-preview:large, max-video-preview:-1\" \/>\n<link rel=\"canonical\" href=\"https:\/\/sudoesteacontece.com.br\/?p=29217\" \/>\n<meta property=\"og:locale\" content=\"pt_BR\" \/>\n<meta property=\"og:type\" content=\"article\" \/>\n<meta property=\"og:title\" content=\"Jornalista de Brumado recebe prote\u00e7\u00e3o da Justi\u00e7a ap\u00f3s ataques em Lu\u00eds Eduardo Magalh\u00e3es - Sudoesteacontece\" \/>\n<meta property=\"og:description\" content=\"A jornalista Scheila Bernardes, natural de Brumado e apresentadora do Jornal da Manh\u00e3, da R\u00e1dio Cultura FM, em Lu\u00eds Eduardo Magalh\u00e3es, passou a contar com medida protetiva ap\u00f3s relatar ataques e amea\u00e7as. A decis\u00e3o foi expedida no s\u00e1bado (29), depois que, segundo a jornalista, um servidor p\u00fablico nomeado no munic\u00edpio teria filmado sua resid\u00eancia. Ela tamb\u00e9m afirma ter sido alvo de ofensas direcionadas a ela e \u00e0 fam\u00edlia. Segundo Scheila, o epis\u00f3dio faz parte de uma sequ\u00eancia de situa\u00e7\u00f5es que incluem invas\u00e3o de privacidade, xingamentos e ataques nas redes sociais. Em entrevista concedida nesta ter\u00e7a-feira (1\u00ba), ela relatou que outra emissora local ligada ao homem citado teria promovido uma campanha difamat\u00f3ria contra ela desde o in\u00edcio do ano. A jornalista afirmou que os epis\u00f3dios provocaram medo, inseguran\u00e7a e sofrimento, levando-a a buscar prote\u00e7\u00e3o judicial. De acordo com o relato apresentado pela comunicadora, a Justi\u00e7a considerou que os fatos registrados no pedido configuram persegui\u00e7\u00e3o, amea\u00e7a e intimida\u00e7\u00e3o. Scheila tamb\u00e9m declarou acreditar que os ataques estejam relacionados a um grupo pol\u00edtico local. Segundo ela, foram apresentadas evid\u00eancias durante o pedido de prote\u00e7\u00e3o, incluindo informa\u00e7\u00f5es sobre um grupo de WhatsApp utilizado, conforme sua vers\u00e3o, para disseminar ofensas contra ela. Al\u00e9m disso, a jornalista relacionou os epis\u00f3dios ao exerc\u00edcio de sua profiss\u00e3o e \u00e0 forma como desenvolve o trabalho na emissora. Scheila afirmou que sua atua\u00e7\u00e3o jornal\u00edstica n\u00e3o tem sido bem recebida por algumas pessoas e classificou o momento como dif\u00edcil e delicado. Ela tamb\u00e9m pediu solidariedade dos colegas de imprensa e apoio de pessoas que enfrentam situa\u00e7\u00f5es semelhantes envolvendo amea\u00e7as e intimida\u00e7\u00f5es. Desde a concess\u00e3o da medida protetiva, equipes da Ronda Maria da Penha passaram a realizar rondas nas proximidades da resid\u00eancia da jornalista e da emissora onde ela trabalha. Scheila afirmou que n\u00e3o possui pend\u00eancias com a atual administra\u00e7\u00e3o municipal e declarou manter uma atua\u00e7\u00e3o jornal\u00edstica baseada em princ\u00edpios \u00e9ticos, com participa\u00e7\u00e3o da popula\u00e7\u00e3o e espa\u00e7o para diferentes demandas. Por fim, a jornalista afirmou que considera os ataques direcionados \u00e0 sua pessoa e avaliou que existe uma tentativa de atingir sua reputa\u00e7\u00e3o. As acusa\u00e7\u00f5es mencionadas na reportagem s\u00e3o baseadas no relato apresentado por Scheila e nas informa\u00e7\u00f5es relacionadas ao pedido de prote\u00e7\u00e3o judicial. A medida atualmente garante acompanhamento policial nas \u00e1reas pr\u00f3ximas \u00e0 resid\u00eancia e ao local de trabalho da comunicadora.\" \/>\n<meta property=\"og:url\" content=\"https:\/\/sudoesteacontece.com.br\/?p=29217\" \/>\n<meta property=\"og:site_name\" content=\"Sudoesteacontece\" \/>\n<meta property=\"article:publisher\" content=\"https:\/\/www.facebook.com\/sudoesteacontece\/?locale=pt_BR\" \/>\n<meta property=\"article:published_time\" content=\"2026-09-02T21:37:33+00:00\" \/>\n<meta property=\"article:modified_time\" content=\"2026-09-02T21:37:38+00:00\" \/>\n<meta property=\"og:image\" content=\"https:\/\/sudoesteacontece.com.br\/wp-content\/uploads\/2026\/09\/Jornalista-de-Brumado-recebe-protecao-da-Justica-apos-ataques-em-Luis-Eduardo-Magalhaes.jpg\" \/>\n\t<meta property=\"og:image:width\" content=\"900\" \/>\n\t<meta property=\"og:image:height\" content=\"600\" \/>\n\t<meta property=\"og:image:type\" content=\"image\/jpeg\" \/>\n<meta name=\"author\" content=\"Reda\u00e7\u00e3o\" \/>\n<meta name=\"twitter:card\" content=\"summary_large_image\" \/>\n<meta name=\"twitter:label1\" content=\"Escrito por\" \/>\n\t<meta name=\"twitter:data1\" content=\"Reda\u00e7\u00e3o\" \/>\n\t<meta name=\"twitter:label2\" content=\"Est. tempo de leitura\" \/>\n\t<meta name=\"twitter:data2\" content=\"3 minutos\" \/>\n<script type=\"application\/ld+json\" class=\"yoast-schema-graph\">{\"@context\":\"https:\/\/schema.org\",\"@graph\":[{\"@type\":\"Article\",\"@id\":\"https:\/\/sudoesteacontece.com.br\/?p=29217#article\",\"isPartOf\":{\"@id\":\"https:\/\/sudoesteacontece.com.br\/?p=29217\"},\"author\":{\"name\":\"Reda\u00e7\u00e3o\",\"@id\":\"https:\/\/sudoesteacontece.com.br\/#\/schema\/person\/a4f22429c1d0923ef8f7d43343f8dc38\"},\"headline\":\"Jornalista de Brumado recebe prote\u00e7\u00e3o da Justi\u00e7a ap\u00f3s ataques em Lu\u00eds Eduardo Magalh\u00e3es\",\"datePublished\":\"2026-09-02T21:37:33+00:00\",\"dateModified\":\"2026-09-02T21:37:38+00:00\",\"mainEntityOfPage\":{\"@id\":\"https:\/\/sudoesteacontece.com.br\/?p=29217\"},\"wordCount\":453,\"commentCount\":0,\"publisher\":{\"@id\":\"https:\/\/sudoesteacontece.com.br\/#organization\"},\"image\":{\"@id\":\"https:\/\/sudoesteacontece.com.br\/?p=29217#primaryimage\"},\"thumbnailUrl\":\"http:\/\/sudoesteacontece.com.br\/wp-content\/uploads\/2026\/09\/Jornalista-de-Brumado-recebe-protecao-da-Justica-apos-ataques-em-Luis-Eduardo-Magalhaes.jpg\",\"articleSection\":[\"Brumado\",\"Cidades\",\"Lu\u00eds Eduardo Magalh\u00e3es\",\"TV, R\u00e1dio e Cinema\"],\"inLanguage\":\"pt-BR\",\"potentialAction\":[{\"@type\":\"CommentAction\",\"name\":\"Comment\",\"target\":[\"https:\/\/sudoesteacontece.com.br\/?p=29217#respond\"]}]},{\"@type\":\"WebPage\",\"@id\":\"https:\/\/sudoesteacontece.com.br\/?p=29217\",\"url\":\"https:\/\/sudoesteacontece.com.br\/?p=29217\",\"name\":\"Jornalista de Brumado recebe prote\u00e7\u00e3o da Justi\u00e7a ap\u00f3s ataques em Lu\u00eds Eduardo Magalh\u00e3es - Sudoesteacontece\",\"isPartOf\":{\"@id\":\"https:\/\/sudoesteacontece.com.br\/#website\"},\"primaryImageOfPage\":{\"@id\":\"https:\/\/sudoesteacontece.com.br\/?p=29217#primaryimage\"},\"image\":{\"@id\":\"https:\/\/sudoesteacontece.com.br\/?p=29217#primaryimage\"},\"thumbnailUrl\":\"http:\/\/sudoesteacontece.com.br\/wp-content\/uploads\/2026\/09\/Jornalista-de-Brumado-recebe-protecao-da-Justica-apos-ataques-em-Luis-Eduardo-Magalhaes.jpg\",\"datePublished\":\"2026-09-02T21:37:33+00:00\",\"dateModified\":\"2026-09-02T21:37:38+00:00\",\"breadcrumb\":{\"@id\":\"https:\/\/sudoesteacontece.com.br\/?p=29217#breadcrumb\"},\"inLanguage\":\"pt-BR\",\"potentialAction\":[{\"@type\":\"ReadAction\",\"target\":[\"https:\/\/sudoesteacontece.com.br\/?p=29217\"]}]},{\"@type\":\"ImageObject\",\"inLanguage\":\"pt-BR\",\"@id\":\"https:\/\/sudoesteacontece.com.br\/?p=29217#primaryimage\",\"url\":\"https:\/\/sudoesteacontece.com.br\/wp-content\/uploads\/2026\/09\/Jornalista-de-Brumado-recebe-protecao-da-Justica-apos-ataques-em-Luis-Eduardo-Magalhaes.jpg\",\"contentUrl\":\"https:\/\/sudoesteacontece.com.br\/wp-content\/uploads\/2026\/09\/Jornalista-de-Brumado-recebe-protecao-da-Justica-apos-ataques-em-Luis-Eduardo-Magalhaes.jpg\",\"width\":900,\"height\":600},{\"@type\":\"BreadcrumbList\",\"@id\":\"https:\/\/sudoesteacontece.com.br\/?p=29217#breadcrumb\",\"itemListElement\":[{\"@type\":\"ListItem\",\"position\":1,\"name\":\"In\u00edcio\",\"item\":\"https:\/\/sudoesteacontece.com.br\/\"},{\"@type\":\"ListItem\",\"position\":2,\"name\":\"Jornalista de Brumado recebe prote\u00e7\u00e3o da Justi\u00e7a ap\u00f3s ataques em Lu\u00eds Eduardo Magalh\u00e3es\"}]},{\"@type\":\"WebSite\",\"@id\":\"https:\/\/sudoesteacontece.com.br\/#website\",\"url\":\"https:\/\/sudoesteacontece.com.br\/\",\"name\":\"Sudoesteacontece\",\"description\":\"\",\"publisher\":{\"@id\":\"https:\/\/sudoesteacontece.com.br\/#organization\"},\"potentialAction\":[{\"@type\":\"SearchAction\",\"target\":{\"@type\":\"EntryPoint\",\"urlTemplate\":\"https:\/\/sudoesteacontece.com.br\/?s={search_term_string}\"},\"query-input\":{\"@type\":\"PropertyValueSpecification\",\"valueRequired\":true,\"valueName\":\"search_term_string\"}}],\"inLanguage\":\"pt-BR\"},{\"@type\":\"Organization\",\"@id\":\"https:\/\/sudoesteacontece.com.br\/#organization\",\"name\":\"Sudoesteacontece\",\"url\":\"https:\/\/sudoesteacontece.com.br\/\",\"logo\":{\"@type\":\"ImageObject\",\"inLanguage\":\"pt-BR\",\"@id\":\"https:\/\/sudoesteacontece.com.br\/#\/schema\/logo\/image\/\",\"url\":\"https:\/\/sudoesteacontece.com.br\/wp-content\/uploads\/2025\/12\/cropped-logo-2-180x180-1.png\",\"contentUrl\":\"https:\/\/sudoesteacontece.com.br\/wp-content\/uploads\/2025\/12\/cropped-logo-2-180x180-1.png\",\"width\":180,\"height\":180,\"caption\":\"Sudoesteacontece\"},\"image\":{\"@id\":\"https:\/\/sudoesteacontece.com.br\/#\/schema\/logo\/image\/\"},\"sameAs\":[\"https:\/\/www.facebook.com\/sudoesteacontece\/?locale=pt_BR\"]},{\"@type\":\"Person\",\"@id\":\"https:\/\/sudoesteacontece.com.br\/#\/schema\/person\/a4f22429c1d0923ef8f7d43343f8dc38\",\"name\":\"Reda\u00e7\u00e3o\",\"image\":{\"@type\":\"ImageObject\",\"inLanguage\":\"pt-BR\",\"@id\":\"https:\/\/sudoesteacontece.com.br\/#\/schema\/person\/image\/\",\"url\":\"https:\/\/secure.gravatar.com\/avatar\/c3a5b3c93f268a709c25a2df414c629a96fb3b1b4bf97a94fb3f72e54ae76903?s=96&d=mm&r=g\",\"contentUrl\":\"https:\/\/secure.gravatar.com\/avatar\/c3a5b3c93f268a709c25a2df414c629a96fb3b1b4bf97a94fb3f72e54ae76903?s=96&d=mm&r=g\",\"caption\":\"Reda\u00e7\u00e3o\"},\"url\":\"https:\/\/sudoesteacontece.com.br\/?author=4\"}]}<\/script>\n<!-- \/ Yoast SEO plugin. -->","yoast_head_json":{"title":"Jornalista de Brumado recebe prote\u00e7\u00e3o da Justi\u00e7a ap\u00f3s ataques em Lu\u00eds Eduardo Magalh\u00e3es - Sudoesteacontece","robots":{"index":"index","follow":"follow","max-snippet":"max-snippet:-1","max-image-preview":"max-image-preview:large","max-video-preview":"max-video-preview:-1"},"canonical":"https:\/\/sudoesteacontece.com.br\/?p=29217","og_locale":"pt_BR","og_type":"article","og_title":"Jornalista de Brumado recebe prote\u00e7\u00e3o da Justi\u00e7a ap\u00f3s ataques em Lu\u00eds Eduardo Magalh\u00e3es - Sudoesteacontece","og_description":"A jornalista Scheila Bernardes, natural de Brumado e apresentadora do Jornal da Manh\u00e3, da R\u00e1dio Cultura FM, em Lu\u00eds Eduardo Magalh\u00e3es, passou a contar com medida protetiva ap\u00f3s relatar ataques e amea\u00e7as. A decis\u00e3o foi expedida no s\u00e1bado (29), depois que, segundo a jornalista, um servidor p\u00fablico nomeado no munic\u00edpio teria filmado sua resid\u00eancia. Ela tamb\u00e9m afirma ter sido alvo de ofensas direcionadas a ela e \u00e0 fam\u00edlia. Segundo Scheila, o epis\u00f3dio faz parte de uma sequ\u00eancia de situa\u00e7\u00f5es que incluem invas\u00e3o de privacidade, xingamentos e ataques nas redes sociais. Em entrevista concedida nesta ter\u00e7a-feira (1\u00ba), ela relatou que outra emissora local ligada ao homem citado teria promovido uma campanha difamat\u00f3ria contra ela desde o in\u00edcio do ano. A jornalista afirmou que os epis\u00f3dios provocaram medo, inseguran\u00e7a e sofrimento, levando-a a buscar prote\u00e7\u00e3o judicial. De acordo com o relato apresentado pela comunicadora, a Justi\u00e7a considerou que os fatos registrados no pedido configuram persegui\u00e7\u00e3o, amea\u00e7a e intimida\u00e7\u00e3o. Scheila tamb\u00e9m declarou acreditar que os ataques estejam relacionados a um grupo pol\u00edtico local. Segundo ela, foram apresentadas evid\u00eancias durante o pedido de prote\u00e7\u00e3o, incluindo informa\u00e7\u00f5es sobre um grupo de WhatsApp utilizado, conforme sua vers\u00e3o, para disseminar ofensas contra ela. Al\u00e9m disso, a jornalista relacionou os epis\u00f3dios ao exerc\u00edcio de sua profiss\u00e3o e \u00e0 forma como desenvolve o trabalho na emissora. Scheila afirmou que sua atua\u00e7\u00e3o jornal\u00edstica n\u00e3o tem sido bem recebida por algumas pessoas e classificou o momento como dif\u00edcil e delicado. Ela tamb\u00e9m pediu solidariedade dos colegas de imprensa e apoio de pessoas que enfrentam situa\u00e7\u00f5es semelhantes envolvendo amea\u00e7as e intimida\u00e7\u00f5es. Desde a concess\u00e3o da medida protetiva, equipes da Ronda Maria da Penha passaram a realizar rondas nas proximidades da resid\u00eancia da jornalista e da emissora onde ela trabalha. Scheila afirmou que n\u00e3o possui pend\u00eancias com a atual administra\u00e7\u00e3o municipal e declarou manter uma atua\u00e7\u00e3o jornal\u00edstica baseada em princ\u00edpios \u00e9ticos, com participa\u00e7\u00e3o da popula\u00e7\u00e3o e espa\u00e7o para diferentes demandas. Por fim, a jornalista afirmou que considera os ataques direcionados \u00e0 sua pessoa e avaliou que existe uma tentativa de atingir sua reputa\u00e7\u00e3o. As acusa\u00e7\u00f5es mencionadas na reportagem s\u00e3o baseadas no relato apresentado por Scheila e nas informa\u00e7\u00f5es relacionadas ao pedido de prote\u00e7\u00e3o judicial. A medida atualmente garante acompanhamento policial nas \u00e1reas pr\u00f3ximas \u00e0 resid\u00eancia e ao local de trabalho da comunicadora.","og_url":"https:\/\/sudoesteacontece.com.br\/?p=29217","og_site_name":"Sudoesteacontece","article_publisher":"https:\/\/www.facebook.com\/sudoesteacontece\/?locale=pt_BR","article_published_time":"2026-09-02T21:37:33+00:00","article_modified_time":"2026-09-02T21:37:38+00:00","og_image":[{"width":900,"height":600,"url":"https:\/\/sudoesteacontece.com.br\/wp-content\/uploads\/2026\/09\/Jornalista-de-Brumado-recebe-protecao-da-Justica-apos-ataques-em-Luis-Eduardo-Magalhaes.jpg","type":"image\/jpeg"}],"author":"Reda\u00e7\u00e3o","twitter_card":"summary_large_image","twitter_misc":{"Escrito por":"Reda\u00e7\u00e3o","Est. tempo de leitura":"3 minutos"},"schema":{"@context":"https:\/\/schema.org","@graph":[{"@type":"Article","@id":"https:\/\/sudoesteacontece.com.br\/?p=29217#article","isPartOf":{"@id":"https:\/\/sudoesteacontece.com.br\/?p=29217"},"author":{"name":"Reda\u00e7\u00e3o","@id":"https:\/\/sudoesteacontece.com.br\/#\/schema\/person\/a4f22429c1d0923ef8f7d43343f8dc38"},"headline":"Jornalista de Brumado recebe prote\u00e7\u00e3o da Justi\u00e7a ap\u00f3s ataques em Lu\u00eds Eduardo Magalh\u00e3es","datePublished":"2026-09-02T21:37:33+00:00","dateModified":"2026-09-02T21:37:38+00:00","mainEntityOfPage":{"@id":"https:\/\/sudoesteacontece.com.br\/?p=29217"},"wordCount":453,"commentCount":0,"publisher":{"@id":"https:\/\/sudoesteacontece.com.br\/#organization"},"image":{"@id":"https:\/\/sudoesteacontece.com.br\/?p=29217#primaryimage"},"thumbnailUrl":"http:\/\/sudoesteacontece.com.br\/wp-content\/uploads\/2026\/09\/Jornalista-de-Brumado-recebe-protecao-da-Justica-apos-ataques-em-Luis-Eduardo-Magalhaes.jpg","articleSection":["Brumado","Cidades","Lu\u00eds Eduardo Magalh\u00e3es","TV, R\u00e1dio e Cinema"],"inLanguage":"pt-BR","potentialAction":[{"@type":"CommentAction","name":"Comment","target":["https:\/\/sudoesteacontece.com.br\/?p=29217#respond"]}]},{"@type":"WebPage","@id":"https:\/\/sudoesteacontece.com.br\/?p=29217","url":"https:\/\/sudoesteacontece.com.br\/?p=29217","name":"Jornalista de Brumado recebe prote\u00e7\u00e3o da Justi\u00e7a ap\u00f3s ataques em Lu\u00eds Eduardo Magalh\u00e3es - Sudoesteacontece","isPartOf":{"@id":"https:\/\/sudoesteacontece.com.br\/#website"},"primaryImageOfPage":{"@id":"https:\/\/sudoesteacontece.com.br\/?p=29217#primaryimage"},"image":{"@id":"https:\/\/sudoesteacontece.com.br\/?p=29217#primaryimage"},"thumbnailUrl":"http:\/\/sudoesteacontece.com.br\/wp-content\/uploads\/2026\/09\/Jornalista-de-Brumado-recebe-protecao-da-Justica-apos-ataques-em-Luis-Eduardo-Magalhaes.jpg","datePublished":"2026-09-02T21:37:33+00:00","dateModified":"2026-09-02T21:37:38+00:00","breadcrumb":{"@id":"https:\/\/sudoesteacontece.com.br\/?p=29217#breadcrumb"},"inLanguage":"pt-BR","potentialAction":[{"@type":"ReadAction","target":["https:\/\/sudoesteacontece.com.br\/?p=29217"]}]},{"@type":"ImageObject","inLanguage":"pt-BR","@id":"https:\/\/sudoesteacontece.com.br\/?p=29217#primaryimage","url":"https:\/\/sudoesteacontece.com.br\/wp-content\/uploads\/2026\/09\/Jornalista-de-Brumado-recebe-protecao-da-Justica-apos-ataques-em-Luis-Eduardo-Magalhaes.jpg","contentUrl":"https:\/\/sudoesteacontece.com.br\/wp-content\/uploads\/2026\/09\/Jornalista-de-Brumado-recebe-protecao-da-Justica-apos-ataques-em-Luis-Eduardo-Magalhaes.jpg","width":900,"height":600},{"@type":"BreadcrumbList","@id":"https:\/\/sudoesteacontece.com.br\/?p=29217#breadcrumb","itemListElement":[{"@type":"ListItem","position":1,"name":"In\u00edcio","item":"https:\/\/sudoesteacontece.com.br\/"},{"@type":"ListItem","position":2,"name":"Jornalista de Brumado recebe prote\u00e7\u00e3o da Justi\u00e7a ap\u00f3s ataques em Lu\u00eds Eduardo Magalh\u00e3es"}]},{"@type":"WebSite","@id":"https:\/\/sudoesteacontece.com.br\/#website","url":"https:\/\/sudoesteacontece.com.br\/","name":"Sudoesteacontece","description":"","publisher":{"@id":"https:\/\/sudoesteacontece.com.br\/#organization"},"potentialAction":[{"@type":"SearchAction","target":{"@type":"EntryPoint","urlTemplate":"https:\/\/sudoesteacontece.com.br\/?s={search_term_string}"},"query-input":{"@type":"PropertyValueSpecification","valueRequired":true,"valueName":"search_term_string"}}],"inLanguage":"pt-BR"},{"@type":"Organization","@id":"https:\/\/sudoesteacontece.com.br\/#organization","name":"Sudoesteacontece","url":"https:\/\/sudoesteacontece.com.br\/","logo":{"@type":"ImageObject","inLanguage":"pt-BR","@id":"https:\/\/sudoesteacontece.com.br\/#\/schema\/logo\/image\/","url":"https:\/\/sudoesteacontece.com.br\/wp-content\/uploads\/2025\/12\/cropped-logo-2-180x180-1.png","contentUrl":"https:\/\/sudoesteacontece.com.br\/wp-content\/uploads\/2025\/12\/cropped-logo-2-180x180-1.png","width":180,"height":180,"caption":"Sudoesteacontece"},"image":{"@id":"https:\/\/sudoesteacontece.com.br\/#\/schema\/logo\/image\/"},"sameAs":["https:\/\/www.facebook.com\/sudoesteacontece\/?locale=pt_BR"]},{"@type":"Person","@id":"https:\/\/sudoesteacontece.com.br\/#\/schema\/person\/a4f22429c1d0923ef8f7d43343f8dc38","name":"Reda\u00e7\u00e3o","image":{"@type":"ImageObject","inLanguage":"pt-BR","@id":"https:\/\/sudoesteacontece.com.br\/#\/schema\/person\/image\/","url":"https:\/\/secure.gravatar.com\/avatar\/c3a5b3c93f268a709c25a2df414c629a96fb3b1b4bf97a94fb3f72e54ae76903?s=96&d=mm&r=g","contentUrl":"https:\/\/secure.gravatar.com\/avatar\/c3a5b3c93f268a709c25a2df414c629a96fb3b1b4bf97a94fb3f72e54ae76903?s=96&d=mm&r=g","caption":"Reda\u00e7\u00e3o"},"url":"https:\/\/sudoesteacontece.com.br\/?author=4"}]}},"_links":{"self":[{"href":"https:\/\/sudoesteacontece.com.br\/index.php?rest_route=\/wp\/v2\/posts\/29217","targetHints":{"allow":["GET"]}}],"collection":[{"href":"https:\/\/sudoesteacontece.com.br\/index.php?rest_route=\/wp\/v2\/posts"}],"about":[{"href":"https:\/\/sudoesteacontece.com.br\/index.php?rest_route=\/wp\/v2\/types\/post"}],"author":[{"embeddable":true,"href":"https:\/\/sudoesteacontece.com.br\/index.php?rest_route=\/wp\/v2\/users\/4"}],"replies":[{"embeddable":true,"href":"https:\/\/sudoesteacontece.com.br\/index.php?rest_route=%2Fwp%2Fv2%2Fcomments&post=29217"}],"version-history":[{"count":1,"href":"https:\/\/sudoesteacontece.com.br\/index.php?rest_route=\/wp\/v2\/posts\/29217\/revisions"}],"predecessor-version":[{"id":29246,"href":"https:\/\/sudoesteacontece.com.br\/index.php?rest_route=\/wp\/v2\/posts\/29217\/revisions\/29246"}],"wp:attachment":[{"href":"https:\/\/sudoesteacontece.com.br\/index.php?rest_route=%2Fwp%2Fv2%2Fmedia&parent=29217"}],"wp:term":[{"taxonomy":"category","embeddable":true,"href":"https:\/\/sudoesteacontece.com.br\/index.php?rest_route=%2Fwp%2Fv2%2Fcategories&post=29217"},{"taxonomy":"post_tag","embeddable":true,"href":"https:\/\/sudoesteacontece.com.br\/index.php?rest_route=%2Fwp%2Fv2%2Ftags&post=29217"}],"curies":[{"name":"wp","href":"https:\/\/api.w.org\/{rel}","templated":true}]}}