{"id":29220,"date":"2026-09-02T18:40:47","date_gmt":"2026-09-02T21:40:47","guid":{"rendered":"https:\/\/sudoesteacontece.com.br\/?p=29220"},"modified":"2026-09-02T18:40:53","modified_gmt":"2026-09-02T21:40:53","slug":"brumado-reune-autoridades-no-ii-forum-de-seguranca-publica-em-setembro","status":"publish","type":"post","link":"https:\/\/sudoesteacontece.com.br\/?p=29220","title":{"rendered":"Brumado re\u00fane autoridades no II F\u00f3rum de Seguran\u00e7a P\u00fablica em setembro"},"content":{"rendered":"\n<figure class=\"wp-block-image size-full\"><img fetchpriority=\"high\" decoding=\"async\" width=\"900\" height=\"600\" src=\"http:\/\/sudoesteacontece.com.br\/wp-content\/uploads\/2026\/09\/Brumado-reune-autoridades-no-II-Forum-de-Seguranca-Publica-em-setembro.jpg\" alt=\"\" class=\"wp-image-29223\" srcset=\"https:\/\/sudoesteacontece.com.br\/wp-content\/uploads\/2026\/09\/Brumado-reune-autoridades-no-II-Forum-de-Seguranca-Publica-em-setembro.jpg 900w, https:\/\/sudoesteacontece.com.br\/wp-content\/uploads\/2026\/09\/Brumado-reune-autoridades-no-II-Forum-de-Seguranca-Publica-em-setembro-300x200.jpg 300w, https:\/\/sudoesteacontece.com.br\/wp-content\/uploads\/2026\/09\/Brumado-reune-autoridades-no-II-Forum-de-Seguranca-Publica-em-setembro-768x512.jpg 768w\" sizes=\"(max-width: 900px) 100vw, 900px\" \/><\/figure>\n\n\n\n<p class=\"wp-block-paragraph\">Brumado receber\u00e1, no dia 9 de setembro, o II F\u00f3rum de Seguran\u00e7a P\u00fablica, que reunir\u00e1 autoridades, representantes das for\u00e7as de seguran\u00e7a, profissionais do sistema de Justi\u00e7a e integrantes da sociedade civil. O evento ser\u00e1 realizado a partir das 18h30, no Audit\u00f3rio da OAB Subse\u00e7\u00e3o Brumado. A programa\u00e7\u00e3o pretende ampliar o di\u00e1logo entre institui\u00e7\u00f5es e comunidade sobre os desafios da seguran\u00e7a p\u00fablica no munic\u00edpio.<\/p>\n\n\n\n<p class=\"wp-block-paragraph\">Promovido pelo Conselho Comunit\u00e1rio de Seguran\u00e7a P\u00fablica de Brumado (CONSEG), o encontro ter\u00e1 como tema \u201cUma constru\u00e7\u00e3o coletiva entre institui\u00e7\u00f5es e sociedade\u201d. A proposta \u00e9 estimular o debate sobre integra\u00e7\u00e3o institucional e discutir caminhos para a constru\u00e7\u00e3o de solu\u00e7\u00f5es relacionadas \u00e0 seguran\u00e7a e \u00e0 cidadania. Estudantes, profissionais da \u00e1rea jur\u00eddica, gestores p\u00fablicos e integrantes das for\u00e7as de seguran\u00e7a tamb\u00e9m est\u00e3o entre o p\u00fablico previsto.<\/p>\n\n\n\n<p class=\"wp-block-paragraph\">Entre os participantes anunciados est\u00e3o o juiz Genivaldo, titular da Vara Crime; a defensora p\u00fablica Emily Duarte; e o capit\u00e3o C\u00edcero da Hora, da Pol\u00edcia Militar. Tamb\u00e9m participar\u00e3o o advogado e professor da UNEB Camilo; o delegado titular de Brumado, Wendel; e a promotora de Justi\u00e7a Daniela Almeida. A programa\u00e7\u00e3o ainda contar\u00e1 com representantes do sistema prisional e da advocacia.<\/p>\n\n\n\n<p class=\"wp-block-paragraph\">Durante o f\u00f3rum, tamb\u00e9m est\u00e3o previstas as participa\u00e7\u00f5es do diretor do Conjunto Penal de Brumado, Igor Henrique; da advogada e presidente da OAB Brumado, Ingrid Freire; e da advogada e presidente do CONSEG Brumado, Carolina Amorim. Os representantes dever\u00e3o contribuir para as discuss\u00f5es sobre a atua\u00e7\u00e3o integrada das institui\u00e7\u00f5es e a participa\u00e7\u00e3o da sociedade nas quest\u00f5es relacionadas \u00e0 seguran\u00e7a p\u00fablica.<\/p>\n\n\n\n<p class=\"wp-block-paragraph\">Al\u00e9m dos debates, a programa\u00e7\u00e3o incluir\u00e1 a cerim\u00f4nia de elei\u00e7\u00e3o e posse da nova diretoria do Conselho Comunit\u00e1rio de Seguran\u00e7a P\u00fablica de Brumado. A solenidade marcar\u00e1 o in\u00edcio de um novo ciclo de atua\u00e7\u00e3o da entidade no munic\u00edpio. O evento tamb\u00e9m prev\u00ea a participa\u00e7\u00e3o de estudantes, que ter\u00e3o direito \u00e0 certifica\u00e7\u00e3o correspondente \u00e0 carga hor\u00e1ria da atividade.<\/p>\n\n\n\n<p class=\"wp-block-paragraph\">Por fim, a organiza\u00e7\u00e3o destaca a participa\u00e7\u00e3o da comunidade como parte importante da proposta do f\u00f3rum. A iniciativa busca aproximar moradores, institui\u00e7\u00f5es e profissionais envolvidos na \u00e1rea, ampliando o espa\u00e7o para discuss\u00e3o sobre seguran\u00e7a p\u00fablica e cidadania. A programa\u00e7\u00e3o ser\u00e1 aberta ao p\u00fablico interessado, com presen\u00e7a de diferentes segmentos da sociedade e \u00f3rg\u00e3os que atuam no munic\u00edpio.<\/p>\n","protected":false},"excerpt":{"rendered":"<p>Brumado receber\u00e1, no dia 9 de setembro, o II F\u00f3rum de Seguran\u00e7a P\u00fablica, que reunir\u00e1 autoridades, representantes das for\u00e7as de seguran\u00e7a, profissionais do sistema de Justi\u00e7a e integrantes da sociedade civil. O evento ser\u00e1 realizado a partir das 18h30, no Audit\u00f3rio da OAB Subse\u00e7\u00e3o Brumado. A programa\u00e7\u00e3o pretende ampliar o di\u00e1logo entre institui\u00e7\u00f5es e comunidade sobre os desafios da seguran\u00e7a p\u00fablica no munic\u00edpio. Promovido pelo Conselho Comunit\u00e1rio de Seguran\u00e7a P\u00fablica de Brumado (CONSEG), o encontro ter\u00e1 como tema \u201cUma constru\u00e7\u00e3o coletiva entre institui\u00e7\u00f5es e sociedade\u201d. A proposta \u00e9 estimular o debate sobre integra\u00e7\u00e3o institucional e discutir caminhos para a constru\u00e7\u00e3o de solu\u00e7\u00f5es relacionadas \u00e0 seguran\u00e7a e \u00e0 cidadania. Estudantes, profissionais da \u00e1rea jur\u00eddica, gestores p\u00fablicos e integrantes das for\u00e7as de seguran\u00e7a tamb\u00e9m est\u00e3o entre o p\u00fablico previsto. Entre os participantes anunciados est\u00e3o o juiz Genivaldo, titular da Vara Crime; a defensora p\u00fablica Emily Duarte; e o capit\u00e3o C\u00edcero da Hora, da Pol\u00edcia Militar. Tamb\u00e9m participar\u00e3o o advogado e professor da UNEB Camilo; o delegado titular de Brumado, Wendel; e a promotora de Justi\u00e7a Daniela Almeida. A programa\u00e7\u00e3o ainda contar\u00e1 com representantes do sistema prisional e da advocacia. Durante o f\u00f3rum, tamb\u00e9m est\u00e3o previstas as participa\u00e7\u00f5es do diretor do Conjunto Penal de Brumado, Igor Henrique; da advogada e presidente da OAB Brumado, Ingrid Freire; e da advogada e presidente do CONSEG Brumado, Carolina Amorim. Os representantes dever\u00e3o contribuir para as discuss\u00f5es sobre a atua\u00e7\u00e3o integrada das institui\u00e7\u00f5es e a participa\u00e7\u00e3o da sociedade nas quest\u00f5es relacionadas \u00e0 seguran\u00e7a p\u00fablica. Al\u00e9m dos debates, a programa\u00e7\u00e3o incluir\u00e1 a cerim\u00f4nia de elei\u00e7\u00e3o e posse da nova diretoria do Conselho Comunit\u00e1rio de Seguran\u00e7a P\u00fablica de Brumado. A solenidade marcar\u00e1 o in\u00edcio de um novo ciclo de atua\u00e7\u00e3o da entidade no munic\u00edpio. O evento tamb\u00e9m prev\u00ea a participa\u00e7\u00e3o de estudantes, que ter\u00e3o direito \u00e0 certifica\u00e7\u00e3o correspondente \u00e0 carga hor\u00e1ria da atividade. Por fim, a organiza\u00e7\u00e3o destaca a participa\u00e7\u00e3o da comunidade como parte importante da proposta do f\u00f3rum. A iniciativa busca aproximar moradores, institui\u00e7\u00f5es e profissionais envolvidos na \u00e1rea, ampliando o espa\u00e7o para discuss\u00e3o sobre seguran\u00e7a p\u00fablica e cidadania. A programa\u00e7\u00e3o ser\u00e1 aberta ao p\u00fablico interessado, com presen\u00e7a de diferentes segmentos da sociedade e \u00f3rg\u00e3os que atuam no munic\u00edpio.<\/p>\n","protected":false},"author":4,"featured_media":0,"comment_status":"open","ping_status":"open","sticky":false,"template":"","format":"standard","meta":{"footnotes":""},"categories":[10,4],"tags":[],"class_list":["post-29220","post","type-post","status-publish","format-standard","hentry","category-brumado","category-cidades"],"yoast_head":"<!-- This site is optimized with the Yoast SEO plugin v26.5 - https:\/\/yoast.com\/wordpress\/plugins\/seo\/ -->\n<title>Brumado re\u00fane autoridades no II F\u00f3rum de Seguran\u00e7a P\u00fablica em setembro - Sudoesteacontece<\/title>\n<meta name=\"robots\" content=\"index, follow, max-snippet:-1, max-image-preview:large, max-video-preview:-1\" \/>\n<link rel=\"canonical\" href=\"https:\/\/sudoesteacontece.com.br\/?p=29220\" \/>\n<meta property=\"og:locale\" content=\"pt_BR\" \/>\n<meta property=\"og:type\" content=\"article\" \/>\n<meta property=\"og:title\" content=\"Brumado re\u00fane autoridades no II F\u00f3rum de Seguran\u00e7a P\u00fablica em setembro - Sudoesteacontece\" \/>\n<meta property=\"og:description\" content=\"Brumado receber\u00e1, no dia 9 de setembro, o II F\u00f3rum de Seguran\u00e7a P\u00fablica, que reunir\u00e1 autoridades, representantes das for\u00e7as de seguran\u00e7a, profissionais do sistema de Justi\u00e7a e integrantes da sociedade civil. O evento ser\u00e1 realizado a partir das 18h30, no Audit\u00f3rio da OAB Subse\u00e7\u00e3o Brumado. A programa\u00e7\u00e3o pretende ampliar o di\u00e1logo entre institui\u00e7\u00f5es e comunidade sobre os desafios da seguran\u00e7a p\u00fablica no munic\u00edpio. Promovido pelo Conselho Comunit\u00e1rio de Seguran\u00e7a P\u00fablica de Brumado (CONSEG), o encontro ter\u00e1 como tema \u201cUma constru\u00e7\u00e3o coletiva entre institui\u00e7\u00f5es e sociedade\u201d. A proposta \u00e9 estimular o debate sobre integra\u00e7\u00e3o institucional e discutir caminhos para a constru\u00e7\u00e3o de solu\u00e7\u00f5es relacionadas \u00e0 seguran\u00e7a e \u00e0 cidadania. Estudantes, profissionais da \u00e1rea jur\u00eddica, gestores p\u00fablicos e integrantes das for\u00e7as de seguran\u00e7a tamb\u00e9m est\u00e3o entre o p\u00fablico previsto. Entre os participantes anunciados est\u00e3o o juiz Genivaldo, titular da Vara Crime; a defensora p\u00fablica Emily Duarte; e o capit\u00e3o C\u00edcero da Hora, da Pol\u00edcia Militar. Tamb\u00e9m participar\u00e3o o advogado e professor da UNEB Camilo; o delegado titular de Brumado, Wendel; e a promotora de Justi\u00e7a Daniela Almeida. A programa\u00e7\u00e3o ainda contar\u00e1 com representantes do sistema prisional e da advocacia. Durante o f\u00f3rum, tamb\u00e9m est\u00e3o previstas as participa\u00e7\u00f5es do diretor do Conjunto Penal de Brumado, Igor Henrique; da advogada e presidente da OAB Brumado, Ingrid Freire; e da advogada e presidente do CONSEG Brumado, Carolina Amorim. Os representantes dever\u00e3o contribuir para as discuss\u00f5es sobre a atua\u00e7\u00e3o integrada das institui\u00e7\u00f5es e a participa\u00e7\u00e3o da sociedade nas quest\u00f5es relacionadas \u00e0 seguran\u00e7a p\u00fablica. Al\u00e9m dos debates, a programa\u00e7\u00e3o incluir\u00e1 a cerim\u00f4nia de elei\u00e7\u00e3o e posse da nova diretoria do Conselho Comunit\u00e1rio de Seguran\u00e7a P\u00fablica de Brumado. A solenidade marcar\u00e1 o in\u00edcio de um novo ciclo de atua\u00e7\u00e3o da entidade no munic\u00edpio. O evento tamb\u00e9m prev\u00ea a participa\u00e7\u00e3o de estudantes, que ter\u00e3o direito \u00e0 certifica\u00e7\u00e3o correspondente \u00e0 carga hor\u00e1ria da atividade. Por fim, a organiza\u00e7\u00e3o destaca a participa\u00e7\u00e3o da comunidade como parte importante da proposta do f\u00f3rum. A iniciativa busca aproximar moradores, institui\u00e7\u00f5es e profissionais envolvidos na \u00e1rea, ampliando o espa\u00e7o para discuss\u00e3o sobre seguran\u00e7a p\u00fablica e cidadania. A programa\u00e7\u00e3o ser\u00e1 aberta ao p\u00fablico interessado, com presen\u00e7a de diferentes segmentos da sociedade e \u00f3rg\u00e3os que atuam no munic\u00edpio.\" \/>\n<meta property=\"og:url\" content=\"https:\/\/sudoesteacontece.com.br\/?p=29220\" \/>\n<meta property=\"og:site_name\" content=\"Sudoesteacontece\" \/>\n<meta property=\"article:publisher\" content=\"https:\/\/www.facebook.com\/sudoesteacontece\/?locale=pt_BR\" \/>\n<meta property=\"article:published_time\" content=\"2026-09-02T21:40:47+00:00\" \/>\n<meta property=\"article:modified_time\" content=\"2026-09-02T21:40:53+00:00\" \/>\n<meta property=\"og:image\" content=\"https:\/\/sudoesteacontece.com.br\/wp-content\/uploads\/2026\/09\/Brumado-reune-autoridades-no-II-Forum-de-Seguranca-Publica-em-setembro.jpg\" \/>\n\t<meta property=\"og:image:width\" content=\"900\" \/>\n\t<meta property=\"og:image:height\" content=\"600\" \/>\n\t<meta property=\"og:image:type\" content=\"image\/jpeg\" \/>\n<meta name=\"author\" content=\"Reda\u00e7\u00e3o\" \/>\n<meta name=\"twitter:card\" content=\"summary_large_image\" \/>\n<meta name=\"twitter:label1\" content=\"Escrito por\" \/>\n\t<meta name=\"twitter:data1\" content=\"Reda\u00e7\u00e3o\" \/>\n\t<meta name=\"twitter:label2\" content=\"Est. tempo de leitura\" \/>\n\t<meta name=\"twitter:data2\" content=\"3 minutos\" \/>\n<script type=\"application\/ld+json\" class=\"yoast-schema-graph\">{\"@context\":\"https:\/\/schema.org\",\"@graph\":[{\"@type\":\"Article\",\"@id\":\"https:\/\/sudoesteacontece.com.br\/?p=29220#article\",\"isPartOf\":{\"@id\":\"https:\/\/sudoesteacontece.com.br\/?p=29220\"},\"author\":{\"name\":\"Reda\u00e7\u00e3o\",\"@id\":\"https:\/\/sudoesteacontece.com.br\/#\/schema\/person\/a4f22429c1d0923ef8f7d43343f8dc38\"},\"headline\":\"Brumado re\u00fane autoridades no II F\u00f3rum de Seguran\u00e7a P\u00fablica em setembro\",\"datePublished\":\"2026-09-02T21:40:47+00:00\",\"dateModified\":\"2026-09-02T21:40:53+00:00\",\"mainEntityOfPage\":{\"@id\":\"https:\/\/sudoesteacontece.com.br\/?p=29220\"},\"wordCount\":448,\"commentCount\":0,\"publisher\":{\"@id\":\"https:\/\/sudoesteacontece.com.br\/#organization\"},\"image\":{\"@id\":\"https:\/\/sudoesteacontece.com.br\/?p=29220#primaryimage\"},\"thumbnailUrl\":\"http:\/\/sudoesteacontece.com.br\/wp-content\/uploads\/2026\/09\/Brumado-reune-autoridades-no-II-Forum-de-Seguranca-Publica-em-setembro.jpg\",\"articleSection\":[\"Brumado\",\"Cidades\"],\"inLanguage\":\"pt-BR\",\"potentialAction\":[{\"@type\":\"CommentAction\",\"name\":\"Comment\",\"target\":[\"https:\/\/sudoesteacontece.com.br\/?p=29220#respond\"]}]},{\"@type\":\"WebPage\",\"@id\":\"https:\/\/sudoesteacontece.com.br\/?p=29220\",\"url\":\"https:\/\/sudoesteacontece.com.br\/?p=29220\",\"name\":\"Brumado re\u00fane autoridades no II F\u00f3rum de Seguran\u00e7a P\u00fablica em setembro - Sudoesteacontece\",\"isPartOf\":{\"@id\":\"https:\/\/sudoesteacontece.com.br\/#website\"},\"primaryImageOfPage\":{\"@id\":\"https:\/\/sudoesteacontece.com.br\/?p=29220#primaryimage\"},\"image\":{\"@id\":\"https:\/\/sudoesteacontece.com.br\/?p=29220#primaryimage\"},\"thumbnailUrl\":\"http:\/\/sudoesteacontece.com.br\/wp-content\/uploads\/2026\/09\/Brumado-reune-autoridades-no-II-Forum-de-Seguranca-Publica-em-setembro.jpg\",\"datePublished\":\"2026-09-02T21:40:47+00:00\",\"dateModified\":\"2026-09-02T21:40:53+00:00\",\"breadcrumb\":{\"@id\":\"https:\/\/sudoesteacontece.com.br\/?p=29220#breadcrumb\"},\"inLanguage\":\"pt-BR\",\"potentialAction\":[{\"@type\":\"ReadAction\",\"target\":[\"https:\/\/sudoesteacontece.com.br\/?p=29220\"]}]},{\"@type\":\"ImageObject\",\"inLanguage\":\"pt-BR\",\"@id\":\"https:\/\/sudoesteacontece.com.br\/?p=29220#primaryimage\",\"url\":\"https:\/\/sudoesteacontece.com.br\/wp-content\/uploads\/2026\/09\/Brumado-reune-autoridades-no-II-Forum-de-Seguranca-Publica-em-setembro.jpg\",\"contentUrl\":\"https:\/\/sudoesteacontece.com.br\/wp-content\/uploads\/2026\/09\/Brumado-reune-autoridades-no-II-Forum-de-Seguranca-Publica-em-setembro.jpg\",\"width\":900,\"height\":600},{\"@type\":\"BreadcrumbList\",\"@id\":\"https:\/\/sudoesteacontece.com.br\/?p=29220#breadcrumb\",\"itemListElement\":[{\"@type\":\"ListItem\",\"position\":1,\"name\":\"In\u00edcio\",\"item\":\"https:\/\/sudoesteacontece.com.br\/\"},{\"@type\":\"ListItem\",\"position\":2,\"name\":\"Brumado re\u00fane autoridades no II F\u00f3rum de Seguran\u00e7a P\u00fablica em setembro\"}]},{\"@type\":\"WebSite\",\"@id\":\"https:\/\/sudoesteacontece.com.br\/#website\",\"url\":\"https:\/\/sudoesteacontece.com.br\/\",\"name\":\"Sudoesteacontece\",\"description\":\"\",\"publisher\":{\"@id\":\"https:\/\/sudoesteacontece.com.br\/#organization\"},\"potentialAction\":[{\"@type\":\"SearchAction\",\"target\":{\"@type\":\"EntryPoint\",\"urlTemplate\":\"https:\/\/sudoesteacontece.com.br\/?s={search_term_string}\"},\"query-input\":{\"@type\":\"PropertyValueSpecification\",\"valueRequired\":true,\"valueName\":\"search_term_string\"}}],\"inLanguage\":\"pt-BR\"},{\"@type\":\"Organization\",\"@id\":\"https:\/\/sudoesteacontece.com.br\/#organization\",\"name\":\"Sudoesteacontece\",\"url\":\"https:\/\/sudoesteacontece.com.br\/\",\"logo\":{\"@type\":\"ImageObject\",\"inLanguage\":\"pt-BR\",\"@id\":\"https:\/\/sudoesteacontece.com.br\/#\/schema\/logo\/image\/\",\"url\":\"https:\/\/sudoesteacontece.com.br\/wp-content\/uploads\/2025\/12\/cropped-logo-2-180x180-1.png\",\"contentUrl\":\"https:\/\/sudoesteacontece.com.br\/wp-content\/uploads\/2025\/12\/cropped-logo-2-180x180-1.png\",\"width\":180,\"height\":180,\"caption\":\"Sudoesteacontece\"},\"image\":{\"@id\":\"https:\/\/sudoesteacontece.com.br\/#\/schema\/logo\/image\/\"},\"sameAs\":[\"https:\/\/www.facebook.com\/sudoesteacontece\/?locale=pt_BR\"]},{\"@type\":\"Person\",\"@id\":\"https:\/\/sudoesteacontece.com.br\/#\/schema\/person\/a4f22429c1d0923ef8f7d43343f8dc38\",\"name\":\"Reda\u00e7\u00e3o\",\"image\":{\"@type\":\"ImageObject\",\"inLanguage\":\"pt-BR\",\"@id\":\"https:\/\/sudoesteacontece.com.br\/#\/schema\/person\/image\/\",\"url\":\"https:\/\/secure.gravatar.com\/avatar\/c3a5b3c93f268a709c25a2df414c629a96fb3b1b4bf97a94fb3f72e54ae76903?s=96&d=mm&r=g\",\"contentUrl\":\"https:\/\/secure.gravatar.com\/avatar\/c3a5b3c93f268a709c25a2df414c629a96fb3b1b4bf97a94fb3f72e54ae76903?s=96&d=mm&r=g\",\"caption\":\"Reda\u00e7\u00e3o\"},\"url\":\"https:\/\/sudoesteacontece.com.br\/?author=4\"}]}<\/script>\n<!-- \/ Yoast SEO plugin. -->","yoast_head_json":{"title":"Brumado re\u00fane autoridades no II F\u00f3rum de Seguran\u00e7a P\u00fablica em setembro - Sudoesteacontece","robots":{"index":"index","follow":"follow","max-snippet":"max-snippet:-1","max-image-preview":"max-image-preview:large","max-video-preview":"max-video-preview:-1"},"canonical":"https:\/\/sudoesteacontece.com.br\/?p=29220","og_locale":"pt_BR","og_type":"article","og_title":"Brumado re\u00fane autoridades no II F\u00f3rum de Seguran\u00e7a P\u00fablica em setembro - Sudoesteacontece","og_description":"Brumado receber\u00e1, no dia 9 de setembro, o II F\u00f3rum de Seguran\u00e7a P\u00fablica, que reunir\u00e1 autoridades, representantes das for\u00e7as de seguran\u00e7a, profissionais do sistema de Justi\u00e7a e integrantes da sociedade civil. O evento ser\u00e1 realizado a partir das 18h30, no Audit\u00f3rio da OAB Subse\u00e7\u00e3o Brumado. A programa\u00e7\u00e3o pretende ampliar o di\u00e1logo entre institui\u00e7\u00f5es e comunidade sobre os desafios da seguran\u00e7a p\u00fablica no munic\u00edpio. Promovido pelo Conselho Comunit\u00e1rio de Seguran\u00e7a P\u00fablica de Brumado (CONSEG), o encontro ter\u00e1 como tema \u201cUma constru\u00e7\u00e3o coletiva entre institui\u00e7\u00f5es e sociedade\u201d. A proposta \u00e9 estimular o debate sobre integra\u00e7\u00e3o institucional e discutir caminhos para a constru\u00e7\u00e3o de solu\u00e7\u00f5es relacionadas \u00e0 seguran\u00e7a e \u00e0 cidadania. Estudantes, profissionais da \u00e1rea jur\u00eddica, gestores p\u00fablicos e integrantes das for\u00e7as de seguran\u00e7a tamb\u00e9m est\u00e3o entre o p\u00fablico previsto. Entre os participantes anunciados est\u00e3o o juiz Genivaldo, titular da Vara Crime; a defensora p\u00fablica Emily Duarte; e o capit\u00e3o C\u00edcero da Hora, da Pol\u00edcia Militar. Tamb\u00e9m participar\u00e3o o advogado e professor da UNEB Camilo; o delegado titular de Brumado, Wendel; e a promotora de Justi\u00e7a Daniela Almeida. A programa\u00e7\u00e3o ainda contar\u00e1 com representantes do sistema prisional e da advocacia. Durante o f\u00f3rum, tamb\u00e9m est\u00e3o previstas as participa\u00e7\u00f5es do diretor do Conjunto Penal de Brumado, Igor Henrique; da advogada e presidente da OAB Brumado, Ingrid Freire; e da advogada e presidente do CONSEG Brumado, Carolina Amorim. Os representantes dever\u00e3o contribuir para as discuss\u00f5es sobre a atua\u00e7\u00e3o integrada das institui\u00e7\u00f5es e a participa\u00e7\u00e3o da sociedade nas quest\u00f5es relacionadas \u00e0 seguran\u00e7a p\u00fablica. Al\u00e9m dos debates, a programa\u00e7\u00e3o incluir\u00e1 a cerim\u00f4nia de elei\u00e7\u00e3o e posse da nova diretoria do Conselho Comunit\u00e1rio de Seguran\u00e7a P\u00fablica de Brumado. A solenidade marcar\u00e1 o in\u00edcio de um novo ciclo de atua\u00e7\u00e3o da entidade no munic\u00edpio. O evento tamb\u00e9m prev\u00ea a participa\u00e7\u00e3o de estudantes, que ter\u00e3o direito \u00e0 certifica\u00e7\u00e3o correspondente \u00e0 carga hor\u00e1ria da atividade. Por fim, a organiza\u00e7\u00e3o destaca a participa\u00e7\u00e3o da comunidade como parte importante da proposta do f\u00f3rum. A iniciativa busca aproximar moradores, institui\u00e7\u00f5es e profissionais envolvidos na \u00e1rea, ampliando o espa\u00e7o para discuss\u00e3o sobre seguran\u00e7a p\u00fablica e cidadania. A programa\u00e7\u00e3o ser\u00e1 aberta ao p\u00fablico interessado, com presen\u00e7a de diferentes segmentos da sociedade e \u00f3rg\u00e3os que atuam no munic\u00edpio.","og_url":"https:\/\/sudoesteacontece.com.br\/?p=29220","og_site_name":"Sudoesteacontece","article_publisher":"https:\/\/www.facebook.com\/sudoesteacontece\/?locale=pt_BR","article_published_time":"2026-09-02T21:40:47+00:00","article_modified_time":"2026-09-02T21:40:53+00:00","og_image":[{"width":900,"height":600,"url":"https:\/\/sudoesteacontece.com.br\/wp-content\/uploads\/2026\/09\/Brumado-reune-autoridades-no-II-Forum-de-Seguranca-Publica-em-setembro.jpg","type":"image\/jpeg"}],"author":"Reda\u00e7\u00e3o","twitter_card":"summary_large_image","twitter_misc":{"Escrito por":"Reda\u00e7\u00e3o","Est. tempo de leitura":"3 minutos"},"schema":{"@context":"https:\/\/schema.org","@graph":[{"@type":"Article","@id":"https:\/\/sudoesteacontece.com.br\/?p=29220#article","isPartOf":{"@id":"https:\/\/sudoesteacontece.com.br\/?p=29220"},"author":{"name":"Reda\u00e7\u00e3o","@id":"https:\/\/sudoesteacontece.com.br\/#\/schema\/person\/a4f22429c1d0923ef8f7d43343f8dc38"},"headline":"Brumado re\u00fane autoridades no II F\u00f3rum de Seguran\u00e7a P\u00fablica em setembro","datePublished":"2026-09-02T21:40:47+00:00","dateModified":"2026-09-02T21:40:53+00:00","mainEntityOfPage":{"@id":"https:\/\/sudoesteacontece.com.br\/?p=29220"},"wordCount":448,"commentCount":0,"publisher":{"@id":"https:\/\/sudoesteacontece.com.br\/#organization"},"image":{"@id":"https:\/\/sudoesteacontece.com.br\/?p=29220#primaryimage"},"thumbnailUrl":"http:\/\/sudoesteacontece.com.br\/wp-content\/uploads\/2026\/09\/Brumado-reune-autoridades-no-II-Forum-de-Seguranca-Publica-em-setembro.jpg","articleSection":["Brumado","Cidades"],"inLanguage":"pt-BR","potentialAction":[{"@type":"CommentAction","name":"Comment","target":["https:\/\/sudoesteacontece.com.br\/?p=29220#respond"]}]},{"@type":"WebPage","@id":"https:\/\/sudoesteacontece.com.br\/?p=29220","url":"https:\/\/sudoesteacontece.com.br\/?p=29220","name":"Brumado re\u00fane autoridades no II F\u00f3rum de Seguran\u00e7a P\u00fablica em setembro - Sudoesteacontece","isPartOf":{"@id":"https:\/\/sudoesteacontece.com.br\/#website"},"primaryImageOfPage":{"@id":"https:\/\/sudoesteacontece.com.br\/?p=29220#primaryimage"},"image":{"@id":"https:\/\/sudoesteacontece.com.br\/?p=29220#primaryimage"},"thumbnailUrl":"http:\/\/sudoesteacontece.com.br\/wp-content\/uploads\/2026\/09\/Brumado-reune-autoridades-no-II-Forum-de-Seguranca-Publica-em-setembro.jpg","datePublished":"2026-09-02T21:40:47+00:00","dateModified":"2026-09-02T21:40:53+00:00","breadcrumb":{"@id":"https:\/\/sudoesteacontece.com.br\/?p=29220#breadcrumb"},"inLanguage":"pt-BR","potentialAction":[{"@type":"ReadAction","target":["https:\/\/sudoesteacontece.com.br\/?p=29220"]}]},{"@type":"ImageObject","inLanguage":"pt-BR","@id":"https:\/\/sudoesteacontece.com.br\/?p=29220#primaryimage","url":"https:\/\/sudoesteacontece.com.br\/wp-content\/uploads\/2026\/09\/Brumado-reune-autoridades-no-II-Forum-de-Seguranca-Publica-em-setembro.jpg","contentUrl":"https:\/\/sudoesteacontece.com.br\/wp-content\/uploads\/2026\/09\/Brumado-reune-autoridades-no-II-Forum-de-Seguranca-Publica-em-setembro.jpg","width":900,"height":600},{"@type":"BreadcrumbList","@id":"https:\/\/sudoesteacontece.com.br\/?p=29220#breadcrumb","itemListElement":[{"@type":"ListItem","position":1,"name":"In\u00edcio","item":"https:\/\/sudoesteacontece.com.br\/"},{"@type":"ListItem","position":2,"name":"Brumado re\u00fane autoridades no II F\u00f3rum de Seguran\u00e7a P\u00fablica em setembro"}]},{"@type":"WebSite","@id":"https:\/\/sudoesteacontece.com.br\/#website","url":"https:\/\/sudoesteacontece.com.br\/","name":"Sudoesteacontece","description":"","publisher":{"@id":"https:\/\/sudoesteacontece.com.br\/#organization"},"potentialAction":[{"@type":"SearchAction","target":{"@type":"EntryPoint","urlTemplate":"https:\/\/sudoesteacontece.com.br\/?s={search_term_string}"},"query-input":{"@type":"PropertyValueSpecification","valueRequired":true,"valueName":"search_term_string"}}],"inLanguage":"pt-BR"},{"@type":"Organization","@id":"https:\/\/sudoesteacontece.com.br\/#organization","name":"Sudoesteacontece","url":"https:\/\/sudoesteacontece.com.br\/","logo":{"@type":"ImageObject","inLanguage":"pt-BR","@id":"https:\/\/sudoesteacontece.com.br\/#\/schema\/logo\/image\/","url":"https:\/\/sudoesteacontece.com.br\/wp-content\/uploads\/2025\/12\/cropped-logo-2-180x180-1.png","contentUrl":"https:\/\/sudoesteacontece.com.br\/wp-content\/uploads\/2025\/12\/cropped-logo-2-180x180-1.png","width":180,"height":180,"caption":"Sudoesteacontece"},"image":{"@id":"https:\/\/sudoesteacontece.com.br\/#\/schema\/logo\/image\/"},"sameAs":["https:\/\/www.facebook.com\/sudoesteacontece\/?locale=pt_BR"]},{"@type":"Person","@id":"https:\/\/sudoesteacontece.com.br\/#\/schema\/person\/a4f22429c1d0923ef8f7d43343f8dc38","name":"Reda\u00e7\u00e3o","image":{"@type":"ImageObject","inLanguage":"pt-BR","@id":"https:\/\/sudoesteacontece.com.br\/#\/schema\/person\/image\/","url":"https:\/\/secure.gravatar.com\/avatar\/c3a5b3c93f268a709c25a2df414c629a96fb3b1b4bf97a94fb3f72e54ae76903?s=96&d=mm&r=g","contentUrl":"https:\/\/secure.gravatar.com\/avatar\/c3a5b3c93f268a709c25a2df414c629a96fb3b1b4bf97a94fb3f72e54ae76903?s=96&d=mm&r=g","caption":"Reda\u00e7\u00e3o"},"url":"https:\/\/sudoesteacontece.com.br\/?author=4"}]}},"_links":{"self":[{"href":"https:\/\/sudoesteacontece.com.br\/index.php?rest_route=\/wp\/v2\/posts\/29220","targetHints":{"allow":["GET"]}}],"collection":[{"href":"https:\/\/sudoesteacontece.com.br\/index.php?rest_route=\/wp\/v2\/posts"}],"about":[{"href":"https:\/\/sudoesteacontece.com.br\/index.php?rest_route=\/wp\/v2\/types\/post"}],"author":[{"embeddable":true,"href":"https:\/\/sudoesteacontece.com.br\/index.php?rest_route=\/wp\/v2\/users\/4"}],"replies":[{"embeddable":true,"href":"https:\/\/sudoesteacontece.com.br\/index.php?rest_route=%2Fwp%2Fv2%2Fcomments&post=29220"}],"version-history":[{"count":1,"href":"https:\/\/sudoesteacontece.com.br\/index.php?rest_route=\/wp\/v2\/posts\/29220\/revisions"}],"predecessor-version":[{"id":29253,"href":"https:\/\/sudoesteacontece.com.br\/index.php?rest_route=\/wp\/v2\/posts\/29220\/revisions\/29253"}],"wp:attachment":[{"href":"https:\/\/sudoesteacontece.com.br\/index.php?rest_route=%2Fwp%2Fv2%2Fmedia&parent=29220"}],"wp:term":[{"taxonomy":"category","embeddable":true,"href":"https:\/\/sudoesteacontece.com.br\/index.php?rest_route=%2Fwp%2Fv2%2Fcategories&post=29220"},{"taxonomy":"post_tag","embeddable":true,"href":"https:\/\/sudoesteacontece.com.br\/index.php?rest_route=%2Fwp%2Fv2%2Ftags&post=29220"}],"curies":[{"name":"wp","href":"https:\/\/api.w.org\/{rel}","templated":true}]}}