{"id":29221,"date":"2026-09-02T18:41:24","date_gmt":"2026-09-02T21:41:24","guid":{"rendered":"https:\/\/sudoesteacontece.com.br\/?p=29221"},"modified":"2026-09-02T18:41:29","modified_gmt":"2026-09-02T21:41:29","slug":"lula-se-reune-com-ministros-do-stf-em-meio-a-crise-envolvendo-moraes-e-mendonca","status":"publish","type":"post","link":"https:\/\/sudoesteacontece.com.br\/?p=29221","title":{"rendered":"Lula se re\u00fane com ministros do STF em meio \u00e0 crise envolvendo Moraes e Mendon\u00e7a"},"content":{"rendered":"\n<figure class=\"wp-block-image size-full\"><img fetchpriority=\"high\" decoding=\"async\" width=\"900\" height=\"600\" src=\"http:\/\/sudoesteacontece.com.br\/wp-content\/uploads\/2026\/09\/Lula-se-reune-com-ministros-do-STF-em-meio-a-crise-envolvendo-Moraes-e-Mendonca.jpg\" alt=\"\" class=\"wp-image-29231\" srcset=\"https:\/\/sudoesteacontece.com.br\/wp-content\/uploads\/2026\/09\/Lula-se-reune-com-ministros-do-STF-em-meio-a-crise-envolvendo-Moraes-e-Mendonca.jpg 900w, https:\/\/sudoesteacontece.com.br\/wp-content\/uploads\/2026\/09\/Lula-se-reune-com-ministros-do-STF-em-meio-a-crise-envolvendo-Moraes-e-Mendonca-300x200.jpg 300w, https:\/\/sudoesteacontece.com.br\/wp-content\/uploads\/2026\/09\/Lula-se-reune-com-ministros-do-STF-em-meio-a-crise-envolvendo-Moraes-e-Mendonca-768x512.jpg 768w\" sizes=\"(max-width: 900px) 100vw, 900px\" \/><\/figure>\n\n\n\n<p class=\"wp-block-paragraph\">O presidente Luiz In\u00e1cio Lula da Silva conversou, na noite de ter\u00e7a-feira (1\u00ba), com ministros do Supremo Tribunal Federal (STF) sobre a crise envolvendo Alexandre de Moraes e Andr\u00e9 Mendon\u00e7a. O encontro ocorreu ap\u00f3s a divulga\u00e7\u00e3o de mensagens trocadas entre Moraes e Daniel Vorcaro, dono do Banco Master, que ampliaram as tens\u00f5es dentro da Corte.<\/p>\n\n\n\n<p class=\"wp-block-paragraph\">Segundo relatos, Lula conversou com ministros alinhados a Moraes, que fizeram cr\u00edticas \u00e0 atua\u00e7\u00e3o de Mendon\u00e7a na condu\u00e7\u00e3o do caso relacionado ao Banco Master. Os interlocutores do presidente afirmaram que o relator estaria adotando medidas em sintonia com interesses de advers\u00e1rios pol\u00edticos do governo.<\/p>\n\n\n\n<p class=\"wp-block-paragraph\">Mendon\u00e7a foi indicado ao STF pelo ex-presidente Jair Bolsonaro, pai do senador Fl\u00e1vio Bolsonaro (PL), apontado como um dos principais nomes da oposi\u00e7\u00e3o na disputa presidencial. Aliados do ministro, por\u00e9m, rejeitam a acusa\u00e7\u00e3o de que suas decis\u00f5es tenham motiva\u00e7\u00e3o pol\u00edtica.<\/p>\n\n\n\n<p class=\"wp-block-paragraph\">Durante as conversas, integrantes do grupo pr\u00f3ximo a Moraes tamb\u00e9m teriam defendido uma atua\u00e7\u00e3o mais firme de Lula diante do agravamento do conflito institucional. A avalia\u00e7\u00e3o apresentada ao presidente \u00e9 de que a crise exige uma resposta mais contundente para conter os efeitos da disputa.<\/p>\n\n\n\n<p class=\"wp-block-paragraph\">Outro alvo das cr\u00edticas foi o advogado-geral da Uni\u00e3o, Jorge Messias. Segundo os relatos, aliados de Moraes questionaram a decis\u00e3o da Advocacia-Geral da Uni\u00e3o (AGU) de n\u00e3o avan\u00e7ar com medidas destinadas a contestar decis\u00f5es tomadas por Mendon\u00e7a no caso Master.<\/p>\n\n\n\n<p class=\"wp-block-paragraph\">A crise ganhou for\u00e7a ap\u00f3s a divulga\u00e7\u00e3o de di\u00e1logos entre Moraes e Vorcaro, que passaram a integrar as discuss\u00f5es sobre a investiga\u00e7\u00e3o do Banco Master. O epis\u00f3dio provocou novos atritos entre integrantes do STF, a Pol\u00edcia Federal e a AGU, ampliando a disputa institucional em torno da condu\u00e7\u00e3o das apura\u00e7\u00f5es.<\/p>\n","protected":false},"excerpt":{"rendered":"<p>O presidente Luiz In\u00e1cio Lula da Silva conversou, na noite de ter\u00e7a-feira (1\u00ba), com ministros do Supremo Tribunal Federal (STF) sobre a crise envolvendo Alexandre de Moraes e Andr\u00e9 Mendon\u00e7a. O encontro ocorreu ap\u00f3s a divulga\u00e7\u00e3o de mensagens trocadas entre Moraes e Daniel Vorcaro, dono do Banco Master, que ampliaram as tens\u00f5es dentro da Corte. Segundo relatos, Lula conversou com ministros alinhados a Moraes, que fizeram cr\u00edticas \u00e0 atua\u00e7\u00e3o de Mendon\u00e7a na condu\u00e7\u00e3o do caso relacionado ao Banco Master. Os interlocutores do presidente afirmaram que o relator estaria adotando medidas em sintonia com interesses de advers\u00e1rios pol\u00edticos do governo. Mendon\u00e7a foi indicado ao STF pelo ex-presidente Jair Bolsonaro, pai do senador Fl\u00e1vio Bolsonaro (PL), apontado como um dos principais nomes da oposi\u00e7\u00e3o na disputa presidencial. Aliados do ministro, por\u00e9m, rejeitam a acusa\u00e7\u00e3o de que suas decis\u00f5es tenham motiva\u00e7\u00e3o pol\u00edtica. Durante as conversas, integrantes do grupo pr\u00f3ximo a Moraes tamb\u00e9m teriam defendido uma atua\u00e7\u00e3o mais firme de Lula diante do agravamento do conflito institucional. A avalia\u00e7\u00e3o apresentada ao presidente \u00e9 de que a crise exige uma resposta mais contundente para conter os efeitos da disputa. Outro alvo das cr\u00edticas foi o advogado-geral da Uni\u00e3o, Jorge Messias. Segundo os relatos, aliados de Moraes questionaram a decis\u00e3o da Advocacia-Geral da Uni\u00e3o (AGU) de n\u00e3o avan\u00e7ar com medidas destinadas a contestar decis\u00f5es tomadas por Mendon\u00e7a no caso Master. A crise ganhou for\u00e7a ap\u00f3s a divulga\u00e7\u00e3o de di\u00e1logos entre Moraes e Vorcaro, que passaram a integrar as discuss\u00f5es sobre a investiga\u00e7\u00e3o do Banco Master. O epis\u00f3dio provocou novos atritos entre integrantes do STF, a Pol\u00edcia Federal e a AGU, ampliando a disputa institucional em torno da condu\u00e7\u00e3o das apura\u00e7\u00f5es.<\/p>\n","protected":false},"author":4,"featured_media":0,"comment_status":"open","ping_status":"open","sticky":false,"template":"","format":"standard","meta":{"footnotes":""},"categories":[53,58,13,3,6],"tags":[],"class_list":["post-29221","post","type-post","status-publish","format-standard","hentry","category-brasil","category-eleicoes-2026","category-justica","category-policia","category-politica"],"yoast_head":"<!-- This site is optimized with the Yoast SEO plugin v26.5 - https:\/\/yoast.com\/wordpress\/plugins\/seo\/ -->\n<title>Lula se re\u00fane com ministros do STF em meio \u00e0 crise envolvendo Moraes e Mendon\u00e7a - Sudoesteacontece<\/title>\n<meta name=\"robots\" content=\"index, follow, max-snippet:-1, max-image-preview:large, max-video-preview:-1\" \/>\n<link rel=\"canonical\" href=\"https:\/\/sudoesteacontece.com.br\/?p=29221\" \/>\n<meta property=\"og:locale\" content=\"pt_BR\" \/>\n<meta property=\"og:type\" content=\"article\" \/>\n<meta property=\"og:title\" content=\"Lula se re\u00fane com ministros do STF em meio \u00e0 crise envolvendo Moraes e Mendon\u00e7a - Sudoesteacontece\" \/>\n<meta property=\"og:description\" content=\"O presidente Luiz In\u00e1cio Lula da Silva conversou, na noite de ter\u00e7a-feira (1\u00ba), com ministros do Supremo Tribunal Federal (STF) sobre a crise envolvendo Alexandre de Moraes e Andr\u00e9 Mendon\u00e7a. O encontro ocorreu ap\u00f3s a divulga\u00e7\u00e3o de mensagens trocadas entre Moraes e Daniel Vorcaro, dono do Banco Master, que ampliaram as tens\u00f5es dentro da Corte. Segundo relatos, Lula conversou com ministros alinhados a Moraes, que fizeram cr\u00edticas \u00e0 atua\u00e7\u00e3o de Mendon\u00e7a na condu\u00e7\u00e3o do caso relacionado ao Banco Master. Os interlocutores do presidente afirmaram que o relator estaria adotando medidas em sintonia com interesses de advers\u00e1rios pol\u00edticos do governo. Mendon\u00e7a foi indicado ao STF pelo ex-presidente Jair Bolsonaro, pai do senador Fl\u00e1vio Bolsonaro (PL), apontado como um dos principais nomes da oposi\u00e7\u00e3o na disputa presidencial. Aliados do ministro, por\u00e9m, rejeitam a acusa\u00e7\u00e3o de que suas decis\u00f5es tenham motiva\u00e7\u00e3o pol\u00edtica. Durante as conversas, integrantes do grupo pr\u00f3ximo a Moraes tamb\u00e9m teriam defendido uma atua\u00e7\u00e3o mais firme de Lula diante do agravamento do conflito institucional. A avalia\u00e7\u00e3o apresentada ao presidente \u00e9 de que a crise exige uma resposta mais contundente para conter os efeitos da disputa. Outro alvo das cr\u00edticas foi o advogado-geral da Uni\u00e3o, Jorge Messias. Segundo os relatos, aliados de Moraes questionaram a decis\u00e3o da Advocacia-Geral da Uni\u00e3o (AGU) de n\u00e3o avan\u00e7ar com medidas destinadas a contestar decis\u00f5es tomadas por Mendon\u00e7a no caso Master. A crise ganhou for\u00e7a ap\u00f3s a divulga\u00e7\u00e3o de di\u00e1logos entre Moraes e Vorcaro, que passaram a integrar as discuss\u00f5es sobre a investiga\u00e7\u00e3o do Banco Master. O epis\u00f3dio provocou novos atritos entre integrantes do STF, a Pol\u00edcia Federal e a AGU, ampliando a disputa institucional em torno da condu\u00e7\u00e3o das apura\u00e7\u00f5es.\" \/>\n<meta property=\"og:url\" content=\"https:\/\/sudoesteacontece.com.br\/?p=29221\" \/>\n<meta property=\"og:site_name\" content=\"Sudoesteacontece\" \/>\n<meta property=\"article:publisher\" content=\"https:\/\/www.facebook.com\/sudoesteacontece\/?locale=pt_BR\" \/>\n<meta property=\"article:published_time\" content=\"2026-09-02T21:41:24+00:00\" \/>\n<meta property=\"article:modified_time\" content=\"2026-09-02T21:41:29+00:00\" \/>\n<meta property=\"og:image\" content=\"https:\/\/sudoesteacontece.com.br\/wp-content\/uploads\/2026\/09\/Lula-se-reune-com-ministros-do-STF-em-meio-a-crise-envolvendo-Moraes-e-Mendonca.jpg\" \/>\n\t<meta property=\"og:image:width\" content=\"900\" \/>\n\t<meta property=\"og:image:height\" content=\"600\" \/>\n\t<meta property=\"og:image:type\" content=\"image\/jpeg\" \/>\n<meta name=\"author\" content=\"Reda\u00e7\u00e3o\" \/>\n<meta name=\"twitter:card\" content=\"summary_large_image\" \/>\n<meta name=\"twitter:label1\" content=\"Escrito por\" \/>\n\t<meta name=\"twitter:data1\" content=\"Reda\u00e7\u00e3o\" \/>\n\t<meta name=\"twitter:label2\" content=\"Est. tempo de leitura\" \/>\n\t<meta name=\"twitter:data2\" content=\"2 minutos\" \/>\n<script type=\"application\/ld+json\" class=\"yoast-schema-graph\">{\"@context\":\"https:\/\/schema.org\",\"@graph\":[{\"@type\":\"Article\",\"@id\":\"https:\/\/sudoesteacontece.com.br\/?p=29221#article\",\"isPartOf\":{\"@id\":\"https:\/\/sudoesteacontece.com.br\/?p=29221\"},\"author\":{\"name\":\"Reda\u00e7\u00e3o\",\"@id\":\"https:\/\/sudoesteacontece.com.br\/#\/schema\/person\/a4f22429c1d0923ef8f7d43343f8dc38\"},\"headline\":\"Lula se re\u00fane com ministros do STF em meio \u00e0 crise envolvendo Moraes e Mendon\u00e7a\",\"datePublished\":\"2026-09-02T21:41:24+00:00\",\"dateModified\":\"2026-09-02T21:41:29+00:00\",\"mainEntityOfPage\":{\"@id\":\"https:\/\/sudoesteacontece.com.br\/?p=29221\"},\"wordCount\":329,\"commentCount\":0,\"publisher\":{\"@id\":\"https:\/\/sudoesteacontece.com.br\/#organization\"},\"image\":{\"@id\":\"https:\/\/sudoesteacontece.com.br\/?p=29221#primaryimage\"},\"thumbnailUrl\":\"http:\/\/sudoesteacontece.com.br\/wp-content\/uploads\/2026\/09\/Lula-se-reune-com-ministros-do-STF-em-meio-a-crise-envolvendo-Moraes-e-Mendonca.jpg\",\"articleSection\":[\"Brasil\",\"Elei\u00e7\u00f5es 2026\",\"Justi\u00e7a\",\"Pol\u00edcia\",\"Pol\u00edtica\"],\"inLanguage\":\"pt-BR\",\"potentialAction\":[{\"@type\":\"CommentAction\",\"name\":\"Comment\",\"target\":[\"https:\/\/sudoesteacontece.com.br\/?p=29221#respond\"]}]},{\"@type\":\"WebPage\",\"@id\":\"https:\/\/sudoesteacontece.com.br\/?p=29221\",\"url\":\"https:\/\/sudoesteacontece.com.br\/?p=29221\",\"name\":\"Lula se re\u00fane com ministros do STF em meio \u00e0 crise envolvendo Moraes e Mendon\u00e7a - Sudoesteacontece\",\"isPartOf\":{\"@id\":\"https:\/\/sudoesteacontece.com.br\/#website\"},\"primaryImageOfPage\":{\"@id\":\"https:\/\/sudoesteacontece.com.br\/?p=29221#primaryimage\"},\"image\":{\"@id\":\"https:\/\/sudoesteacontece.com.br\/?p=29221#primaryimage\"},\"thumbnailUrl\":\"http:\/\/sudoesteacontece.com.br\/wp-content\/uploads\/2026\/09\/Lula-se-reune-com-ministros-do-STF-em-meio-a-crise-envolvendo-Moraes-e-Mendonca.jpg\",\"datePublished\":\"2026-09-02T21:41:24+00:00\",\"dateModified\":\"2026-09-02T21:41:29+00:00\",\"breadcrumb\":{\"@id\":\"https:\/\/sudoesteacontece.com.br\/?p=29221#breadcrumb\"},\"inLanguage\":\"pt-BR\",\"potentialAction\":[{\"@type\":\"ReadAction\",\"target\":[\"https:\/\/sudoesteacontece.com.br\/?p=29221\"]}]},{\"@type\":\"ImageObject\",\"inLanguage\":\"pt-BR\",\"@id\":\"https:\/\/sudoesteacontece.com.br\/?p=29221#primaryimage\",\"url\":\"https:\/\/sudoesteacontece.com.br\/wp-content\/uploads\/2026\/09\/Lula-se-reune-com-ministros-do-STF-em-meio-a-crise-envolvendo-Moraes-e-Mendonca.jpg\",\"contentUrl\":\"https:\/\/sudoesteacontece.com.br\/wp-content\/uploads\/2026\/09\/Lula-se-reune-com-ministros-do-STF-em-meio-a-crise-envolvendo-Moraes-e-Mendonca.jpg\",\"width\":900,\"height\":600},{\"@type\":\"BreadcrumbList\",\"@id\":\"https:\/\/sudoesteacontece.com.br\/?p=29221#breadcrumb\",\"itemListElement\":[{\"@type\":\"ListItem\",\"position\":1,\"name\":\"In\u00edcio\",\"item\":\"https:\/\/sudoesteacontece.com.br\/\"},{\"@type\":\"ListItem\",\"position\":2,\"name\":\"Lula se re\u00fane com ministros do STF em meio \u00e0 crise envolvendo Moraes e Mendon\u00e7a\"}]},{\"@type\":\"WebSite\",\"@id\":\"https:\/\/sudoesteacontece.com.br\/#website\",\"url\":\"https:\/\/sudoesteacontece.com.br\/\",\"name\":\"Sudoesteacontece\",\"description\":\"\",\"publisher\":{\"@id\":\"https:\/\/sudoesteacontece.com.br\/#organization\"},\"potentialAction\":[{\"@type\":\"SearchAction\",\"target\":{\"@type\":\"EntryPoint\",\"urlTemplate\":\"https:\/\/sudoesteacontece.com.br\/?s={search_term_string}\"},\"query-input\":{\"@type\":\"PropertyValueSpecification\",\"valueRequired\":true,\"valueName\":\"search_term_string\"}}],\"inLanguage\":\"pt-BR\"},{\"@type\":\"Organization\",\"@id\":\"https:\/\/sudoesteacontece.com.br\/#organization\",\"name\":\"Sudoesteacontece\",\"url\":\"https:\/\/sudoesteacontece.com.br\/\",\"logo\":{\"@type\":\"ImageObject\",\"inLanguage\":\"pt-BR\",\"@id\":\"https:\/\/sudoesteacontece.com.br\/#\/schema\/logo\/image\/\",\"url\":\"https:\/\/sudoesteacontece.com.br\/wp-content\/uploads\/2025\/12\/cropped-logo-2-180x180-1.png\",\"contentUrl\":\"https:\/\/sudoesteacontece.com.br\/wp-content\/uploads\/2025\/12\/cropped-logo-2-180x180-1.png\",\"width\":180,\"height\":180,\"caption\":\"Sudoesteacontece\"},\"image\":{\"@id\":\"https:\/\/sudoesteacontece.com.br\/#\/schema\/logo\/image\/\"},\"sameAs\":[\"https:\/\/www.facebook.com\/sudoesteacontece\/?locale=pt_BR\"]},{\"@type\":\"Person\",\"@id\":\"https:\/\/sudoesteacontece.com.br\/#\/schema\/person\/a4f22429c1d0923ef8f7d43343f8dc38\",\"name\":\"Reda\u00e7\u00e3o\",\"image\":{\"@type\":\"ImageObject\",\"inLanguage\":\"pt-BR\",\"@id\":\"https:\/\/sudoesteacontece.com.br\/#\/schema\/person\/image\/\",\"url\":\"https:\/\/secure.gravatar.com\/avatar\/c3a5b3c93f268a709c25a2df414c629a96fb3b1b4bf97a94fb3f72e54ae76903?s=96&d=mm&r=g\",\"contentUrl\":\"https:\/\/secure.gravatar.com\/avatar\/c3a5b3c93f268a709c25a2df414c629a96fb3b1b4bf97a94fb3f72e54ae76903?s=96&d=mm&r=g\",\"caption\":\"Reda\u00e7\u00e3o\"},\"url\":\"https:\/\/sudoesteacontece.com.br\/?author=4\"}]}<\/script>\n<!-- \/ Yoast SEO plugin. -->","yoast_head_json":{"title":"Lula se re\u00fane com ministros do STF em meio \u00e0 crise envolvendo Moraes e Mendon\u00e7a - Sudoesteacontece","robots":{"index":"index","follow":"follow","max-snippet":"max-snippet:-1","max-image-preview":"max-image-preview:large","max-video-preview":"max-video-preview:-1"},"canonical":"https:\/\/sudoesteacontece.com.br\/?p=29221","og_locale":"pt_BR","og_type":"article","og_title":"Lula se re\u00fane com ministros do STF em meio \u00e0 crise envolvendo Moraes e Mendon\u00e7a - Sudoesteacontece","og_description":"O presidente Luiz In\u00e1cio Lula da Silva conversou, na noite de ter\u00e7a-feira (1\u00ba), com ministros do Supremo Tribunal Federal (STF) sobre a crise envolvendo Alexandre de Moraes e Andr\u00e9 Mendon\u00e7a. O encontro ocorreu ap\u00f3s a divulga\u00e7\u00e3o de mensagens trocadas entre Moraes e Daniel Vorcaro, dono do Banco Master, que ampliaram as tens\u00f5es dentro da Corte. Segundo relatos, Lula conversou com ministros alinhados a Moraes, que fizeram cr\u00edticas \u00e0 atua\u00e7\u00e3o de Mendon\u00e7a na condu\u00e7\u00e3o do caso relacionado ao Banco Master. Os interlocutores do presidente afirmaram que o relator estaria adotando medidas em sintonia com interesses de advers\u00e1rios pol\u00edticos do governo. Mendon\u00e7a foi indicado ao STF pelo ex-presidente Jair Bolsonaro, pai do senador Fl\u00e1vio Bolsonaro (PL), apontado como um dos principais nomes da oposi\u00e7\u00e3o na disputa presidencial. Aliados do ministro, por\u00e9m, rejeitam a acusa\u00e7\u00e3o de que suas decis\u00f5es tenham motiva\u00e7\u00e3o pol\u00edtica. Durante as conversas, integrantes do grupo pr\u00f3ximo a Moraes tamb\u00e9m teriam defendido uma atua\u00e7\u00e3o mais firme de Lula diante do agravamento do conflito institucional. A avalia\u00e7\u00e3o apresentada ao presidente \u00e9 de que a crise exige uma resposta mais contundente para conter os efeitos da disputa. Outro alvo das cr\u00edticas foi o advogado-geral da Uni\u00e3o, Jorge Messias. Segundo os relatos, aliados de Moraes questionaram a decis\u00e3o da Advocacia-Geral da Uni\u00e3o (AGU) de n\u00e3o avan\u00e7ar com medidas destinadas a contestar decis\u00f5es tomadas por Mendon\u00e7a no caso Master. A crise ganhou for\u00e7a ap\u00f3s a divulga\u00e7\u00e3o de di\u00e1logos entre Moraes e Vorcaro, que passaram a integrar as discuss\u00f5es sobre a investiga\u00e7\u00e3o do Banco Master. O epis\u00f3dio provocou novos atritos entre integrantes do STF, a Pol\u00edcia Federal e a AGU, ampliando a disputa institucional em torno da condu\u00e7\u00e3o das apura\u00e7\u00f5es.","og_url":"https:\/\/sudoesteacontece.com.br\/?p=29221","og_site_name":"Sudoesteacontece","article_publisher":"https:\/\/www.facebook.com\/sudoesteacontece\/?locale=pt_BR","article_published_time":"2026-09-02T21:41:24+00:00","article_modified_time":"2026-09-02T21:41:29+00:00","og_image":[{"width":900,"height":600,"url":"https:\/\/sudoesteacontece.com.br\/wp-content\/uploads\/2026\/09\/Lula-se-reune-com-ministros-do-STF-em-meio-a-crise-envolvendo-Moraes-e-Mendonca.jpg","type":"image\/jpeg"}],"author":"Reda\u00e7\u00e3o","twitter_card":"summary_large_image","twitter_misc":{"Escrito por":"Reda\u00e7\u00e3o","Est. tempo de leitura":"2 minutos"},"schema":{"@context":"https:\/\/schema.org","@graph":[{"@type":"Article","@id":"https:\/\/sudoesteacontece.com.br\/?p=29221#article","isPartOf":{"@id":"https:\/\/sudoesteacontece.com.br\/?p=29221"},"author":{"name":"Reda\u00e7\u00e3o","@id":"https:\/\/sudoesteacontece.com.br\/#\/schema\/person\/a4f22429c1d0923ef8f7d43343f8dc38"},"headline":"Lula se re\u00fane com ministros do STF em meio \u00e0 crise envolvendo Moraes e Mendon\u00e7a","datePublished":"2026-09-02T21:41:24+00:00","dateModified":"2026-09-02T21:41:29+00:00","mainEntityOfPage":{"@id":"https:\/\/sudoesteacontece.com.br\/?p=29221"},"wordCount":329,"commentCount":0,"publisher":{"@id":"https:\/\/sudoesteacontece.com.br\/#organization"},"image":{"@id":"https:\/\/sudoesteacontece.com.br\/?p=29221#primaryimage"},"thumbnailUrl":"http:\/\/sudoesteacontece.com.br\/wp-content\/uploads\/2026\/09\/Lula-se-reune-com-ministros-do-STF-em-meio-a-crise-envolvendo-Moraes-e-Mendonca.jpg","articleSection":["Brasil","Elei\u00e7\u00f5es 2026","Justi\u00e7a","Pol\u00edcia","Pol\u00edtica"],"inLanguage":"pt-BR","potentialAction":[{"@type":"CommentAction","name":"Comment","target":["https:\/\/sudoesteacontece.com.br\/?p=29221#respond"]}]},{"@type":"WebPage","@id":"https:\/\/sudoesteacontece.com.br\/?p=29221","url":"https:\/\/sudoesteacontece.com.br\/?p=29221","name":"Lula se re\u00fane com ministros do STF em meio \u00e0 crise envolvendo Moraes e Mendon\u00e7a - Sudoesteacontece","isPartOf":{"@id":"https:\/\/sudoesteacontece.com.br\/#website"},"primaryImageOfPage":{"@id":"https:\/\/sudoesteacontece.com.br\/?p=29221#primaryimage"},"image":{"@id":"https:\/\/sudoesteacontece.com.br\/?p=29221#primaryimage"},"thumbnailUrl":"http:\/\/sudoesteacontece.com.br\/wp-content\/uploads\/2026\/09\/Lula-se-reune-com-ministros-do-STF-em-meio-a-crise-envolvendo-Moraes-e-Mendonca.jpg","datePublished":"2026-09-02T21:41:24+00:00","dateModified":"2026-09-02T21:41:29+00:00","breadcrumb":{"@id":"https:\/\/sudoesteacontece.com.br\/?p=29221#breadcrumb"},"inLanguage":"pt-BR","potentialAction":[{"@type":"ReadAction","target":["https:\/\/sudoesteacontece.com.br\/?p=29221"]}]},{"@type":"ImageObject","inLanguage":"pt-BR","@id":"https:\/\/sudoesteacontece.com.br\/?p=29221#primaryimage","url":"https:\/\/sudoesteacontece.com.br\/wp-content\/uploads\/2026\/09\/Lula-se-reune-com-ministros-do-STF-em-meio-a-crise-envolvendo-Moraes-e-Mendonca.jpg","contentUrl":"https:\/\/sudoesteacontece.com.br\/wp-content\/uploads\/2026\/09\/Lula-se-reune-com-ministros-do-STF-em-meio-a-crise-envolvendo-Moraes-e-Mendonca.jpg","width":900,"height":600},{"@type":"BreadcrumbList","@id":"https:\/\/sudoesteacontece.com.br\/?p=29221#breadcrumb","itemListElement":[{"@type":"ListItem","position":1,"name":"In\u00edcio","item":"https:\/\/sudoesteacontece.com.br\/"},{"@type":"ListItem","position":2,"name":"Lula se re\u00fane com ministros do STF em meio \u00e0 crise envolvendo Moraes e Mendon\u00e7a"}]},{"@type":"WebSite","@id":"https:\/\/sudoesteacontece.com.br\/#website","url":"https:\/\/sudoesteacontece.com.br\/","name":"Sudoesteacontece","description":"","publisher":{"@id":"https:\/\/sudoesteacontece.com.br\/#organization"},"potentialAction":[{"@type":"SearchAction","target":{"@type":"EntryPoint","urlTemplate":"https:\/\/sudoesteacontece.com.br\/?s={search_term_string}"},"query-input":{"@type":"PropertyValueSpecification","valueRequired":true,"valueName":"search_term_string"}}],"inLanguage":"pt-BR"},{"@type":"Organization","@id":"https:\/\/sudoesteacontece.com.br\/#organization","name":"Sudoesteacontece","url":"https:\/\/sudoesteacontece.com.br\/","logo":{"@type":"ImageObject","inLanguage":"pt-BR","@id":"https:\/\/sudoesteacontece.com.br\/#\/schema\/logo\/image\/","url":"https:\/\/sudoesteacontece.com.br\/wp-content\/uploads\/2025\/12\/cropped-logo-2-180x180-1.png","contentUrl":"https:\/\/sudoesteacontece.com.br\/wp-content\/uploads\/2025\/12\/cropped-logo-2-180x180-1.png","width":180,"height":180,"caption":"Sudoesteacontece"},"image":{"@id":"https:\/\/sudoesteacontece.com.br\/#\/schema\/logo\/image\/"},"sameAs":["https:\/\/www.facebook.com\/sudoesteacontece\/?locale=pt_BR"]},{"@type":"Person","@id":"https:\/\/sudoesteacontece.com.br\/#\/schema\/person\/a4f22429c1d0923ef8f7d43343f8dc38","name":"Reda\u00e7\u00e3o","image":{"@type":"ImageObject","inLanguage":"pt-BR","@id":"https:\/\/sudoesteacontece.com.br\/#\/schema\/person\/image\/","url":"https:\/\/secure.gravatar.com\/avatar\/c3a5b3c93f268a709c25a2df414c629a96fb3b1b4bf97a94fb3f72e54ae76903?s=96&d=mm&r=g","contentUrl":"https:\/\/secure.gravatar.com\/avatar\/c3a5b3c93f268a709c25a2df414c629a96fb3b1b4bf97a94fb3f72e54ae76903?s=96&d=mm&r=g","caption":"Reda\u00e7\u00e3o"},"url":"https:\/\/sudoesteacontece.com.br\/?author=4"}]}},"_links":{"self":[{"href":"https:\/\/sudoesteacontece.com.br\/index.php?rest_route=\/wp\/v2\/posts\/29221","targetHints":{"allow":["GET"]}}],"collection":[{"href":"https:\/\/sudoesteacontece.com.br\/index.php?rest_route=\/wp\/v2\/posts"}],"about":[{"href":"https:\/\/sudoesteacontece.com.br\/index.php?rest_route=\/wp\/v2\/types\/post"}],"author":[{"embeddable":true,"href":"https:\/\/sudoesteacontece.com.br\/index.php?rest_route=\/wp\/v2\/users\/4"}],"replies":[{"embeddable":true,"href":"https:\/\/sudoesteacontece.com.br\/index.php?rest_route=%2Fwp%2Fv2%2Fcomments&post=29221"}],"version-history":[{"count":1,"href":"https:\/\/sudoesteacontece.com.br\/index.php?rest_route=\/wp\/v2\/posts\/29221\/revisions"}],"predecessor-version":[{"id":29254,"href":"https:\/\/sudoesteacontece.com.br\/index.php?rest_route=\/wp\/v2\/posts\/29221\/revisions\/29254"}],"wp:attachment":[{"href":"https:\/\/sudoesteacontece.com.br\/index.php?rest_route=%2Fwp%2Fv2%2Fmedia&parent=29221"}],"wp:term":[{"taxonomy":"category","embeddable":true,"href":"https:\/\/sudoesteacontece.com.br\/index.php?rest_route=%2Fwp%2Fv2%2Fcategories&post=29221"},{"taxonomy":"post_tag","embeddable":true,"href":"https:\/\/sudoesteacontece.com.br\/index.php?rest_route=%2Fwp%2Fv2%2Ftags&post=29221"}],"curies":[{"name":"wp","href":"https:\/\/api.w.org\/{rel}","templated":true}]}}