{"id":2927,"date":"2025-11-18T18:00:40","date_gmt":"2025-11-18T21:00:40","guid":{"rendered":"https:\/\/sudoesteacontece.com.br\/?p=2927"},"modified":"2025-11-18T18:00:44","modified_gmt":"2025-11-18T21:00:44","slug":"mudanca-no-comando-da-drfr-delegado-odilson-pereira-anuncia-saida-em-conquista","status":"publish","type":"post","link":"https:\/\/sudoesteacontece.com.br\/?p=2927","title":{"rendered":"Mudan\u00e7a no comando da DRFR: delegado Odilson Pereira anuncia sa\u00edda em Conquista"},"content":{"rendered":"<div class=\"wp-block-image\">\n<figure class=\"aligncenter size-full\"><img fetchpriority=\"high\" decoding=\"async\" width=\"900\" height=\"600\" src=\"http:\/\/sudoesteacontece.com.br\/wp-content\/uploads\/2025\/11\/Mudanca-no-comando-da-DRFR-delegado-Odilson-Pereira-anuncia-saida-em-Conquista-sudoeste-acontece.jpg\" alt=\"\" class=\"wp-image-2949\" srcset=\"https:\/\/sudoesteacontece.com.br\/wp-content\/uploads\/2025\/11\/Mudanca-no-comando-da-DRFR-delegado-Odilson-Pereira-anuncia-saida-em-Conquista-sudoeste-acontece.jpg 900w, https:\/\/sudoesteacontece.com.br\/wp-content\/uploads\/2025\/11\/Mudanca-no-comando-da-DRFR-delegado-Odilson-Pereira-anuncia-saida-em-Conquista-sudoeste-acontece-300x200.jpg 300w, https:\/\/sudoesteacontece.com.br\/wp-content\/uploads\/2025\/11\/Mudanca-no-comando-da-DRFR-delegado-Odilson-Pereira-anuncia-saida-em-Conquista-sudoeste-acontece-768x512.jpg 768w\" sizes=\"(max-width: 900px) 100vw, 900px\" \/><\/figure>\n<\/div>\n\n\n<p>Delegado Odilson Pereira Silva anunciou que est\u00e1 deixando o comando da Delegacia de Repress\u00e3o a Furtos e Roubos (DRFR) de Vit\u00f3ria da Conquista. Unidade \u00e9 vinculada \u00e0 10\u00aa Coorpin e tem papel central no combate ao crime na regi\u00e3o.<\/p>\n\n\n\n<p>Reconhecido pelas opera\u00e7\u00f5es frequentes, Pereira conduziu investiga\u00e7\u00f5es importantes contra furtos, roubos, estelionatos e outras pr\u00e1ticas criminosas. Trabalho dele ganhou destaque pela firmeza nas a\u00e7\u00f5es e pela atua\u00e7\u00e3o constante contra grupos organizados.<\/p>\n\n\n\n<p>Manh\u00e3 desta ter\u00e7a-feira (18) foi marcada pela declara\u00e7\u00e3o p\u00fablica do delegado, que afirmou sentir \u201cdever cumprido\u201d ap\u00f3s anos \u00e0 frente da DRFR. Ele explicou que, apesar do an\u00fancio, a sa\u00edda ainda n\u00e3o est\u00e1 oficializada. \u201cNa verdade, eu continuo na Delegacia por enquanto. Vamos ver se vai sair alguma remo\u00e7\u00e3o\u201d, disse Pereira.<\/p>\n\n\n\n<p>Expectativa agora \u00e9 pela defini\u00e7\u00e3o do novo titular da DRFR. Nome do substituto deve ser divulgado nos pr\u00f3ximos dias de novembro, enquanto a unidade segue em funcionamento e mant\u00e9m o foco nas investiga\u00e7\u00f5es em andamento.<\/p>\n","protected":false},"excerpt":{"rendered":"<p>Delegado Odilson Pereira Silva anunciou que est\u00e1 deixando o comando da Delegacia de Repress\u00e3o a Furtos e Roubos (DRFR) de Vit\u00f3ria da Conquista. Unidade \u00e9 vinculada \u00e0 10\u00aa Coorpin e tem papel central no combate ao crime na regi\u00e3o. Reconhecido pelas opera\u00e7\u00f5es frequentes, Pereira conduziu investiga\u00e7\u00f5es importantes contra furtos, roubos, estelionatos e outras pr\u00e1ticas criminosas. Trabalho dele ganhou destaque pela firmeza nas a\u00e7\u00f5es e pela atua\u00e7\u00e3o constante contra grupos organizados. Manh\u00e3 desta ter\u00e7a-feira (18) foi marcada pela declara\u00e7\u00e3o p\u00fablica do delegado, que afirmou sentir \u201cdever cumprido\u201d ap\u00f3s anos \u00e0 frente da DRFR. Ele explicou que, apesar do an\u00fancio, a sa\u00edda ainda n\u00e3o est\u00e1 oficializada. \u201cNa verdade, eu continuo na Delegacia por enquanto. Vamos ver se vai sair alguma remo\u00e7\u00e3o\u201d, disse Pereira. Expectativa agora \u00e9 pela defini\u00e7\u00e3o do novo titular da DRFR. Nome do substituto deve ser divulgado nos pr\u00f3ximos dias de novembro, enquanto a unidade segue em funcionamento e mant\u00e9m o foco nas investiga\u00e7\u00f5es em andamento.<\/p>\n","protected":false},"author":2,"featured_media":2949,"comment_status":"open","ping_status":"open","sticky":false,"template":"","format":"standard","meta":{"footnotes":""},"categories":[4,3,8],"tags":[],"class_list":["post-2927","post","type-post","status-publish","format-standard","has-post-thumbnail","hentry","category-cidades","category-policia","category-vitoria-da-conquista"],"yoast_head":"<!-- This site is optimized with the Yoast SEO plugin v26.5 - https:\/\/yoast.com\/wordpress\/plugins\/seo\/ -->\n<title>Mudan\u00e7a no comando da DRFR: delegado Odilson Pereira anuncia sa\u00edda em Conquista - Sudoesteacontece<\/title>\n<meta name=\"robots\" content=\"index, follow, max-snippet:-1, max-image-preview:large, max-video-preview:-1\" \/>\n<link rel=\"canonical\" href=\"https:\/\/sudoesteacontece.com.br\/?p=2927\" \/>\n<meta property=\"og:locale\" content=\"pt_BR\" \/>\n<meta property=\"og:type\" content=\"article\" \/>\n<meta property=\"og:title\" content=\"Mudan\u00e7a no comando da DRFR: delegado Odilson Pereira anuncia sa\u00edda em Conquista - Sudoesteacontece\" \/>\n<meta property=\"og:description\" content=\"Delegado Odilson Pereira Silva anunciou que est\u00e1 deixando o comando da Delegacia de Repress\u00e3o a Furtos e Roubos (DRFR) de Vit\u00f3ria da Conquista. Unidade \u00e9 vinculada \u00e0 10\u00aa Coorpin e tem papel central no combate ao crime na regi\u00e3o. Reconhecido pelas opera\u00e7\u00f5es frequentes, Pereira conduziu investiga\u00e7\u00f5es importantes contra furtos, roubos, estelionatos e outras pr\u00e1ticas criminosas. Trabalho dele ganhou destaque pela firmeza nas a\u00e7\u00f5es e pela atua\u00e7\u00e3o constante contra grupos organizados. Manh\u00e3 desta ter\u00e7a-feira (18) foi marcada pela declara\u00e7\u00e3o p\u00fablica do delegado, que afirmou sentir \u201cdever cumprido\u201d ap\u00f3s anos \u00e0 frente da DRFR. Ele explicou que, apesar do an\u00fancio, a sa\u00edda ainda n\u00e3o est\u00e1 oficializada. \u201cNa verdade, eu continuo na Delegacia por enquanto. Vamos ver se vai sair alguma remo\u00e7\u00e3o\u201d, disse Pereira. Expectativa agora \u00e9 pela defini\u00e7\u00e3o do novo titular da DRFR. Nome do substituto deve ser divulgado nos pr\u00f3ximos dias de novembro, enquanto a unidade segue em funcionamento e mant\u00e9m o foco nas investiga\u00e7\u00f5es em andamento.\" \/>\n<meta property=\"og:url\" content=\"https:\/\/sudoesteacontece.com.br\/?p=2927\" \/>\n<meta property=\"og:site_name\" content=\"Sudoesteacontece\" \/>\n<meta property=\"article:publisher\" content=\"https:\/\/www.facebook.com\/sudoesteacontece\/?locale=pt_BR\" \/>\n<meta property=\"article:published_time\" content=\"2025-11-18T21:00:40+00:00\" \/>\n<meta property=\"article:modified_time\" content=\"2025-11-18T21:00:44+00:00\" \/>\n<meta property=\"og:image\" content=\"https:\/\/sudoesteacontece.com.br\/wp-content\/uploads\/2025\/11\/Mudanca-no-comando-da-DRFR-delegado-Odilson-Pereira-anuncia-saida-em-Conquista-sudoeste-acontece.jpg\" \/>\n\t<meta property=\"og:image:width\" content=\"900\" \/>\n\t<meta property=\"og:image:height\" content=\"600\" \/>\n\t<meta property=\"og:image:type\" content=\"image\/jpeg\" \/>\n<meta name=\"author\" content=\"Washington Tiago\" \/>\n<meta name=\"twitter:card\" content=\"summary_large_image\" \/>\n<meta name=\"twitter:label1\" content=\"Escrito por\" \/>\n\t<meta name=\"twitter:data1\" content=\"Washington Tiago\" \/>\n\t<meta name=\"twitter:label2\" content=\"Est. tempo de leitura\" \/>\n\t<meta name=\"twitter:data2\" content=\"1 minuto\" \/>\n<script type=\"application\/ld+json\" class=\"yoast-schema-graph\">{\"@context\":\"https:\/\/schema.org\",\"@graph\":[{\"@type\":\"Article\",\"@id\":\"https:\/\/sudoesteacontece.com.br\/?p=2927#article\",\"isPartOf\":{\"@id\":\"https:\/\/sudoesteacontece.com.br\/?p=2927\"},\"author\":{\"name\":\"Washington Tiago\",\"@id\":\"https:\/\/sudoesteacontece.com.br\/#\/schema\/person\/3cf2cf009926a9683ebc29d5379fa79c\"},\"headline\":\"Mudan\u00e7a no comando da DRFR: delegado Odilson Pereira anuncia sa\u00edda em Conquista\",\"datePublished\":\"2025-11-18T21:00:40+00:00\",\"dateModified\":\"2025-11-18T21:00:44+00:00\",\"mainEntityOfPage\":{\"@id\":\"https:\/\/sudoesteacontece.com.br\/?p=2927\"},\"wordCount\":184,\"commentCount\":0,\"publisher\":{\"@id\":\"https:\/\/sudoesteacontece.com.br\/#organization\"},\"image\":{\"@id\":\"https:\/\/sudoesteacontece.com.br\/?p=2927#primaryimage\"},\"thumbnailUrl\":\"https:\/\/sudoesteacontece.com.br\/wp-content\/uploads\/2025\/11\/Mudanca-no-comando-da-DRFR-delegado-Odilson-Pereira-anuncia-saida-em-Conquista-sudoeste-acontece.jpg\",\"articleSection\":[\"Cidades\",\"Pol\u00edcia\",\"Vit\u00f3ria da Conquista\"],\"inLanguage\":\"pt-BR\",\"potentialAction\":[{\"@type\":\"CommentAction\",\"name\":\"Comment\",\"target\":[\"https:\/\/sudoesteacontece.com.br\/?p=2927#respond\"]}]},{\"@type\":\"WebPage\",\"@id\":\"https:\/\/sudoesteacontece.com.br\/?p=2927\",\"url\":\"https:\/\/sudoesteacontece.com.br\/?p=2927\",\"name\":\"Mudan\u00e7a no comando da DRFR: delegado Odilson Pereira anuncia sa\u00edda em Conquista - Sudoesteacontece\",\"isPartOf\":{\"@id\":\"https:\/\/sudoesteacontece.com.br\/#website\"},\"primaryImageOfPage\":{\"@id\":\"https:\/\/sudoesteacontece.com.br\/?p=2927#primaryimage\"},\"image\":{\"@id\":\"https:\/\/sudoesteacontece.com.br\/?p=2927#primaryimage\"},\"thumbnailUrl\":\"https:\/\/sudoesteacontece.com.br\/wp-content\/uploads\/2025\/11\/Mudanca-no-comando-da-DRFR-delegado-Odilson-Pereira-anuncia-saida-em-Conquista-sudoeste-acontece.jpg\",\"datePublished\":\"2025-11-18T21:00:40+00:00\",\"dateModified\":\"2025-11-18T21:00:44+00:00\",\"breadcrumb\":{\"@id\":\"https:\/\/sudoesteacontece.com.br\/?p=2927#breadcrumb\"},\"inLanguage\":\"pt-BR\",\"potentialAction\":[{\"@type\":\"ReadAction\",\"target\":[\"https:\/\/sudoesteacontece.com.br\/?p=2927\"]}]},{\"@type\":\"ImageObject\",\"inLanguage\":\"pt-BR\",\"@id\":\"https:\/\/sudoesteacontece.com.br\/?p=2927#primaryimage\",\"url\":\"https:\/\/sudoesteacontece.com.br\/wp-content\/uploads\/2025\/11\/Mudanca-no-comando-da-DRFR-delegado-Odilson-Pereira-anuncia-saida-em-Conquista-sudoeste-acontece.jpg\",\"contentUrl\":\"https:\/\/sudoesteacontece.com.br\/wp-content\/uploads\/2025\/11\/Mudanca-no-comando-da-DRFR-delegado-Odilson-Pereira-anuncia-saida-em-Conquista-sudoeste-acontece.jpg\",\"width\":900,\"height\":600},{\"@type\":\"BreadcrumbList\",\"@id\":\"https:\/\/sudoesteacontece.com.br\/?p=2927#breadcrumb\",\"itemListElement\":[{\"@type\":\"ListItem\",\"position\":1,\"name\":\"In\u00edcio\",\"item\":\"https:\/\/sudoesteacontece.com.br\/\"},{\"@type\":\"ListItem\",\"position\":2,\"name\":\"Mudan\u00e7a no comando da DRFR: delegado Odilson Pereira anuncia sa\u00edda em Conquista\"}]},{\"@type\":\"WebSite\",\"@id\":\"https:\/\/sudoesteacontece.com.br\/#website\",\"url\":\"https:\/\/sudoesteacontece.com.br\/\",\"name\":\"Sudoesteacontece\",\"description\":\"\",\"publisher\":{\"@id\":\"https:\/\/sudoesteacontece.com.br\/#organization\"},\"potentialAction\":[{\"@type\":\"SearchAction\",\"target\":{\"@type\":\"EntryPoint\",\"urlTemplate\":\"https:\/\/sudoesteacontece.com.br\/?s={search_term_string}\"},\"query-input\":{\"@type\":\"PropertyValueSpecification\",\"valueRequired\":true,\"valueName\":\"search_term_string\"}}],\"inLanguage\":\"pt-BR\"},{\"@type\":\"Organization\",\"@id\":\"https:\/\/sudoesteacontece.com.br\/#organization\",\"name\":\"Sudoesteacontece\",\"url\":\"https:\/\/sudoesteacontece.com.br\/\",\"logo\":{\"@type\":\"ImageObject\",\"inLanguage\":\"pt-BR\",\"@id\":\"https:\/\/sudoesteacontece.com.br\/#\/schema\/logo\/image\/\",\"url\":\"https:\/\/sudoesteacontece.com.br\/wp-content\/uploads\/2025\/12\/cropped-logo-2-180x180-1.png\",\"contentUrl\":\"https:\/\/sudoesteacontece.com.br\/wp-content\/uploads\/2025\/12\/cropped-logo-2-180x180-1.png\",\"width\":180,\"height\":180,\"caption\":\"Sudoesteacontece\"},\"image\":{\"@id\":\"https:\/\/sudoesteacontece.com.br\/#\/schema\/logo\/image\/\"},\"sameAs\":[\"https:\/\/www.facebook.com\/sudoesteacontece\/?locale=pt_BR\"]},{\"@type\":\"Person\",\"@id\":\"https:\/\/sudoesteacontece.com.br\/#\/schema\/person\/3cf2cf009926a9683ebc29d5379fa79c\",\"name\":\"Washington Tiago\",\"image\":{\"@type\":\"ImageObject\",\"inLanguage\":\"pt-BR\",\"@id\":\"https:\/\/sudoesteacontece.com.br\/#\/schema\/person\/image\/\",\"url\":\"https:\/\/secure.gravatar.com\/avatar\/33c43b8668157e040f9d1fe93c354bf087cbd8ba36270c1163198bd3ddcf2a56?s=96&d=mm&r=g\",\"contentUrl\":\"https:\/\/secure.gravatar.com\/avatar\/33c43b8668157e040f9d1fe93c354bf087cbd8ba36270c1163198bd3ddcf2a56?s=96&d=mm&r=g\",\"caption\":\"Washington Tiago\"},\"url\":\"https:\/\/sudoesteacontece.com.br\/?author=2\"}]}<\/script>\n<!-- \/ Yoast SEO plugin. -->","yoast_head_json":{"title":"Mudan\u00e7a no comando da DRFR: delegado Odilson Pereira anuncia sa\u00edda em Conquista - Sudoesteacontece","robots":{"index":"index","follow":"follow","max-snippet":"max-snippet:-1","max-image-preview":"max-image-preview:large","max-video-preview":"max-video-preview:-1"},"canonical":"https:\/\/sudoesteacontece.com.br\/?p=2927","og_locale":"pt_BR","og_type":"article","og_title":"Mudan\u00e7a no comando da DRFR: delegado Odilson Pereira anuncia sa\u00edda em Conquista - Sudoesteacontece","og_description":"Delegado Odilson Pereira Silva anunciou que est\u00e1 deixando o comando da Delegacia de Repress\u00e3o a Furtos e Roubos (DRFR) de Vit\u00f3ria da Conquista. Unidade \u00e9 vinculada \u00e0 10\u00aa Coorpin e tem papel central no combate ao crime na regi\u00e3o. Reconhecido pelas opera\u00e7\u00f5es frequentes, Pereira conduziu investiga\u00e7\u00f5es importantes contra furtos, roubos, estelionatos e outras pr\u00e1ticas criminosas. Trabalho dele ganhou destaque pela firmeza nas a\u00e7\u00f5es e pela atua\u00e7\u00e3o constante contra grupos organizados. Manh\u00e3 desta ter\u00e7a-feira (18) foi marcada pela declara\u00e7\u00e3o p\u00fablica do delegado, que afirmou sentir \u201cdever cumprido\u201d ap\u00f3s anos \u00e0 frente da DRFR. Ele explicou que, apesar do an\u00fancio, a sa\u00edda ainda n\u00e3o est\u00e1 oficializada. \u201cNa verdade, eu continuo na Delegacia por enquanto. Vamos ver se vai sair alguma remo\u00e7\u00e3o\u201d, disse Pereira. Expectativa agora \u00e9 pela defini\u00e7\u00e3o do novo titular da DRFR. Nome do substituto deve ser divulgado nos pr\u00f3ximos dias de novembro, enquanto a unidade segue em funcionamento e mant\u00e9m o foco nas investiga\u00e7\u00f5es em andamento.","og_url":"https:\/\/sudoesteacontece.com.br\/?p=2927","og_site_name":"Sudoesteacontece","article_publisher":"https:\/\/www.facebook.com\/sudoesteacontece\/?locale=pt_BR","article_published_time":"2025-11-18T21:00:40+00:00","article_modified_time":"2025-11-18T21:00:44+00:00","og_image":[{"width":900,"height":600,"url":"https:\/\/sudoesteacontece.com.br\/wp-content\/uploads\/2025\/11\/Mudanca-no-comando-da-DRFR-delegado-Odilson-Pereira-anuncia-saida-em-Conquista-sudoeste-acontece.jpg","type":"image\/jpeg"}],"author":"Washington Tiago","twitter_card":"summary_large_image","twitter_misc":{"Escrito por":"Washington Tiago","Est. tempo de leitura":"1 minuto"},"schema":{"@context":"https:\/\/schema.org","@graph":[{"@type":"Article","@id":"https:\/\/sudoesteacontece.com.br\/?p=2927#article","isPartOf":{"@id":"https:\/\/sudoesteacontece.com.br\/?p=2927"},"author":{"name":"Washington Tiago","@id":"https:\/\/sudoesteacontece.com.br\/#\/schema\/person\/3cf2cf009926a9683ebc29d5379fa79c"},"headline":"Mudan\u00e7a no comando da DRFR: delegado Odilson Pereira anuncia sa\u00edda em Conquista","datePublished":"2025-11-18T21:00:40+00:00","dateModified":"2025-11-18T21:00:44+00:00","mainEntityOfPage":{"@id":"https:\/\/sudoesteacontece.com.br\/?p=2927"},"wordCount":184,"commentCount":0,"publisher":{"@id":"https:\/\/sudoesteacontece.com.br\/#organization"},"image":{"@id":"https:\/\/sudoesteacontece.com.br\/?p=2927#primaryimage"},"thumbnailUrl":"https:\/\/sudoesteacontece.com.br\/wp-content\/uploads\/2025\/11\/Mudanca-no-comando-da-DRFR-delegado-Odilson-Pereira-anuncia-saida-em-Conquista-sudoeste-acontece.jpg","articleSection":["Cidades","Pol\u00edcia","Vit\u00f3ria da Conquista"],"inLanguage":"pt-BR","potentialAction":[{"@type":"CommentAction","name":"Comment","target":["https:\/\/sudoesteacontece.com.br\/?p=2927#respond"]}]},{"@type":"WebPage","@id":"https:\/\/sudoesteacontece.com.br\/?p=2927","url":"https:\/\/sudoesteacontece.com.br\/?p=2927","name":"Mudan\u00e7a no comando da DRFR: delegado Odilson Pereira anuncia sa\u00edda em Conquista - Sudoesteacontece","isPartOf":{"@id":"https:\/\/sudoesteacontece.com.br\/#website"},"primaryImageOfPage":{"@id":"https:\/\/sudoesteacontece.com.br\/?p=2927#primaryimage"},"image":{"@id":"https:\/\/sudoesteacontece.com.br\/?p=2927#primaryimage"},"thumbnailUrl":"https:\/\/sudoesteacontece.com.br\/wp-content\/uploads\/2025\/11\/Mudanca-no-comando-da-DRFR-delegado-Odilson-Pereira-anuncia-saida-em-Conquista-sudoeste-acontece.jpg","datePublished":"2025-11-18T21:00:40+00:00","dateModified":"2025-11-18T21:00:44+00:00","breadcrumb":{"@id":"https:\/\/sudoesteacontece.com.br\/?p=2927#breadcrumb"},"inLanguage":"pt-BR","potentialAction":[{"@type":"ReadAction","target":["https:\/\/sudoesteacontece.com.br\/?p=2927"]}]},{"@type":"ImageObject","inLanguage":"pt-BR","@id":"https:\/\/sudoesteacontece.com.br\/?p=2927#primaryimage","url":"https:\/\/sudoesteacontece.com.br\/wp-content\/uploads\/2025\/11\/Mudanca-no-comando-da-DRFR-delegado-Odilson-Pereira-anuncia-saida-em-Conquista-sudoeste-acontece.jpg","contentUrl":"https:\/\/sudoesteacontece.com.br\/wp-content\/uploads\/2025\/11\/Mudanca-no-comando-da-DRFR-delegado-Odilson-Pereira-anuncia-saida-em-Conquista-sudoeste-acontece.jpg","width":900,"height":600},{"@type":"BreadcrumbList","@id":"https:\/\/sudoesteacontece.com.br\/?p=2927#breadcrumb","itemListElement":[{"@type":"ListItem","position":1,"name":"In\u00edcio","item":"https:\/\/sudoesteacontece.com.br\/"},{"@type":"ListItem","position":2,"name":"Mudan\u00e7a no comando da DRFR: delegado Odilson Pereira anuncia sa\u00edda em Conquista"}]},{"@type":"WebSite","@id":"https:\/\/sudoesteacontece.com.br\/#website","url":"https:\/\/sudoesteacontece.com.br\/","name":"Sudoesteacontece","description":"","publisher":{"@id":"https:\/\/sudoesteacontece.com.br\/#organization"},"potentialAction":[{"@type":"SearchAction","target":{"@type":"EntryPoint","urlTemplate":"https:\/\/sudoesteacontece.com.br\/?s={search_term_string}"},"query-input":{"@type":"PropertyValueSpecification","valueRequired":true,"valueName":"search_term_string"}}],"inLanguage":"pt-BR"},{"@type":"Organization","@id":"https:\/\/sudoesteacontece.com.br\/#organization","name":"Sudoesteacontece","url":"https:\/\/sudoesteacontece.com.br\/","logo":{"@type":"ImageObject","inLanguage":"pt-BR","@id":"https:\/\/sudoesteacontece.com.br\/#\/schema\/logo\/image\/","url":"https:\/\/sudoesteacontece.com.br\/wp-content\/uploads\/2025\/12\/cropped-logo-2-180x180-1.png","contentUrl":"https:\/\/sudoesteacontece.com.br\/wp-content\/uploads\/2025\/12\/cropped-logo-2-180x180-1.png","width":180,"height":180,"caption":"Sudoesteacontece"},"image":{"@id":"https:\/\/sudoesteacontece.com.br\/#\/schema\/logo\/image\/"},"sameAs":["https:\/\/www.facebook.com\/sudoesteacontece\/?locale=pt_BR"]},{"@type":"Person","@id":"https:\/\/sudoesteacontece.com.br\/#\/schema\/person\/3cf2cf009926a9683ebc29d5379fa79c","name":"Washington Tiago","image":{"@type":"ImageObject","inLanguage":"pt-BR","@id":"https:\/\/sudoesteacontece.com.br\/#\/schema\/person\/image\/","url":"https:\/\/secure.gravatar.com\/avatar\/33c43b8668157e040f9d1fe93c354bf087cbd8ba36270c1163198bd3ddcf2a56?s=96&d=mm&r=g","contentUrl":"https:\/\/secure.gravatar.com\/avatar\/33c43b8668157e040f9d1fe93c354bf087cbd8ba36270c1163198bd3ddcf2a56?s=96&d=mm&r=g","caption":"Washington Tiago"},"url":"https:\/\/sudoesteacontece.com.br\/?author=2"}]}},"_links":{"self":[{"href":"https:\/\/sudoesteacontece.com.br\/index.php?rest_route=\/wp\/v2\/posts\/2927","targetHints":{"allow":["GET"]}}],"collection":[{"href":"https:\/\/sudoesteacontece.com.br\/index.php?rest_route=\/wp\/v2\/posts"}],"about":[{"href":"https:\/\/sudoesteacontece.com.br\/index.php?rest_route=\/wp\/v2\/types\/post"}],"author":[{"embeddable":true,"href":"https:\/\/sudoesteacontece.com.br\/index.php?rest_route=\/wp\/v2\/users\/2"}],"replies":[{"embeddable":true,"href":"https:\/\/sudoesteacontece.com.br\/index.php?rest_route=%2Fwp%2Fv2%2Fcomments&post=2927"}],"version-history":[{"count":0,"href":"https:\/\/sudoesteacontece.com.br\/index.php?rest_route=\/wp\/v2\/posts\/2927\/revisions"}],"wp:featuredmedia":[{"embeddable":true,"href":"https:\/\/sudoesteacontece.com.br\/index.php?rest_route=\/wp\/v2\/media\/2949"}],"wp:attachment":[{"href":"https:\/\/sudoesteacontece.com.br\/index.php?rest_route=%2Fwp%2Fv2%2Fmedia&parent=2927"}],"wp:term":[{"taxonomy":"category","embeddable":true,"href":"https:\/\/sudoesteacontece.com.br\/index.php?rest_route=%2Fwp%2Fv2%2Fcategories&post=2927"},{"taxonomy":"post_tag","embeddable":true,"href":"https:\/\/sudoesteacontece.com.br\/index.php?rest_route=%2Fwp%2Fv2%2Ftags&post=2927"}],"curies":[{"name":"wp","href":"https:\/\/api.w.org\/{rel}","templated":true}]}}