{"id":29272,"date":"2026-09-03T12:35:21","date_gmt":"2026-09-03T15:35:21","guid":{"rendered":"https:\/\/sudoesteacontece.com.br\/?p=29272"},"modified":"2026-09-03T12:35:26","modified_gmt":"2026-09-03T15:35:26","slug":"granizo-e-ventania-provocam-estragos-em-vitoria-da-conquista","status":"publish","type":"post","link":"https:\/\/sudoesteacontece.com.br\/?p=29272","title":{"rendered":"Granizo e ventania provocam estragos em Vit\u00f3ria da Conquista"},"content":{"rendered":"\n<figure class=\"wp-block-image size-full\"><img fetchpriority=\"high\" decoding=\"async\" width=\"900\" height=\"600\" src=\"http:\/\/sudoesteacontece.com.br\/wp-content\/uploads\/2026\/09\/Granizo-e-ventania-provocam-estragos-em-Vitoria-da-Conquista.jpg\" alt=\"\" class=\"wp-image-29311\" srcset=\"https:\/\/sudoesteacontece.com.br\/wp-content\/uploads\/2026\/09\/Granizo-e-ventania-provocam-estragos-em-Vitoria-da-Conquista.jpg 900w, https:\/\/sudoesteacontece.com.br\/wp-content\/uploads\/2026\/09\/Granizo-e-ventania-provocam-estragos-em-Vitoria-da-Conquista-300x200.jpg 300w, https:\/\/sudoesteacontece.com.br\/wp-content\/uploads\/2026\/09\/Granizo-e-ventania-provocam-estragos-em-Vitoria-da-Conquista-768x512.jpg 768w\" sizes=\"(max-width: 900px) 100vw, 900px\" \/><\/figure>\n\n\n\n<p class=\"wp-block-paragraph\">Uma forte tempestade atingiu Vit\u00f3ria da Conquista, no sudoeste da Bahia, no fim da tarde e durante a noite desta quarta-feira (2). O temporal foi acompanhado de granizo e rajadas intensas de vento, provocando danos em pontos isolados do munic\u00edpio. Moradores registraram pedras de gelo durante a chuva e compartilharam imagens nas redes sociais, ap\u00f3s um per\u00edodo de tempo seco na regi\u00e3o. A ocorr\u00eancia chamou aten\u00e7\u00e3o pela mudan\u00e7a repentina nas condi\u00e7\u00f5es clim\u00e1ticas.<\/p>\n\n\n\n<p class=\"wp-block-paragraph\">Durante a tempestade, a forma\u00e7\u00e3o de granizo ocorreu de maneira irregular entre diferentes \u00e1reas da cidade. Enquanto moradores de alguns bairros relataram ac\u00famulo de pedras de gelo, outras regi\u00f5es tiveram apenas chuva mais fraca. As rajadas de vento, por\u00e9m, provocaram os principais danos registrados. A for\u00e7a do vendaval causou destelhamentos e arrancou coberturas e estruturas met\u00e1licas em determinados pontos de Vit\u00f3ria da Conquista.<\/p>\n\n\n\n<p class=\"wp-block-paragraph\">Al\u00e9m disso, houve relatos de danos em coberturas de postos de combust\u00edveis e galp\u00f5es comerciais. V\u00eddeos e fotografias publicados por moradores mostram a intensidade da chuva e os efeitos provocados pelo vento. As imagens tamb\u00e9m registraram a presen\u00e7a de granizo durante o temporal. Os danos, conforme os relatos dispon\u00edveis, ficaram concentrados em \u00e1reas espec\u00edficas do munic\u00edpio.<\/p>\n\n\n\n<p class=\"wp-block-paragraph\">Segundo a explica\u00e7\u00e3o meteorol\u00f3gica, o granizo se forma dentro de nuvens cumulonimbus, associadas a tempestades intensas. Gotas de \u00e1gua s\u00e3o levadas por correntes ascendentes para regi\u00f5es muito frias da nuvem, onde congelam. O processo se repete em diferentes altitudes, fazendo as pedras aumentarem de tamanho at\u00e9 que o peso supere a for\u00e7a das correntes de ar e provoque a queda.<\/p>\n\n\n\n<p class=\"wp-block-paragraph\">O fen\u00f4meno ocorreu ap\u00f3s um per\u00edodo de tempo seco e de baixa umidade na regi\u00e3o. Na mesma quarta-feira, munic\u00edpios do sudoeste baiano registraram temperaturas elevadas, com marcas superiores a 38\u00b0C em algumas localidades. Em Vit\u00f3ria da Conquista, a m\u00e1xima chegou a 32\u00b0C. A combina\u00e7\u00e3o entre calor, umidade e instabilidade atmosf\u00e9rica favoreceu a forma\u00e7\u00e3o da tempestade.<\/p>\n\n\n\n<p class=\"wp-block-paragraph\">At\u00e9 o momento, os relatos dispon\u00edveis apontam que os preju\u00edzos ficaram restritos a determinados pontos da cidade. N\u00e3o h\u00e1 confirma\u00e7\u00e3o de v\u00edtimas relacionadas ao temporal nas informa\u00e7\u00f5es apresentadas. A ocorr\u00eancia tamb\u00e9m foi amplamente registrada por moradores, que divulgaram v\u00eddeos e imagens dos estragos e da queda de granizo durante a tempestade.<\/p>\n","protected":false},"excerpt":{"rendered":"<p>Uma forte tempestade atingiu Vit\u00f3ria da Conquista, no sudoeste da Bahia, no fim da tarde e durante a noite desta quarta-feira (2). O temporal foi acompanhado de granizo e rajadas intensas de vento, provocando danos em pontos isolados do munic\u00edpio. Moradores registraram pedras de gelo durante a chuva e compartilharam imagens nas redes sociais, ap\u00f3s um per\u00edodo de tempo seco na regi\u00e3o. A ocorr\u00eancia chamou aten\u00e7\u00e3o pela mudan\u00e7a repentina nas condi\u00e7\u00f5es clim\u00e1ticas. Durante a tempestade, a forma\u00e7\u00e3o de granizo ocorreu de maneira irregular entre diferentes \u00e1reas da cidade. Enquanto moradores de alguns bairros relataram ac\u00famulo de pedras de gelo, outras regi\u00f5es tiveram apenas chuva mais fraca. As rajadas de vento, por\u00e9m, provocaram os principais danos registrados. A for\u00e7a do vendaval causou destelhamentos e arrancou coberturas e estruturas met\u00e1licas em determinados pontos de Vit\u00f3ria da Conquista. Al\u00e9m disso, houve relatos de danos em coberturas de postos de combust\u00edveis e galp\u00f5es comerciais. V\u00eddeos e fotografias publicados por moradores mostram a intensidade da chuva e os efeitos provocados pelo vento. As imagens tamb\u00e9m registraram a presen\u00e7a de granizo durante o temporal. Os danos, conforme os relatos dispon\u00edveis, ficaram concentrados em \u00e1reas espec\u00edficas do munic\u00edpio. Segundo a explica\u00e7\u00e3o meteorol\u00f3gica, o granizo se forma dentro de nuvens cumulonimbus, associadas a tempestades intensas. Gotas de \u00e1gua s\u00e3o levadas por correntes ascendentes para regi\u00f5es muito frias da nuvem, onde congelam. O processo se repete em diferentes altitudes, fazendo as pedras aumentarem de tamanho at\u00e9 que o peso supere a for\u00e7a das correntes de ar e provoque a queda. O fen\u00f4meno ocorreu ap\u00f3s um per\u00edodo de tempo seco e de baixa umidade na regi\u00e3o. Na mesma quarta-feira, munic\u00edpios do sudoeste baiano registraram temperaturas elevadas, com marcas superiores a 38\u00b0C em algumas localidades. Em Vit\u00f3ria da Conquista, a m\u00e1xima chegou a 32\u00b0C. A combina\u00e7\u00e3o entre calor, umidade e instabilidade atmosf\u00e9rica favoreceu a forma\u00e7\u00e3o da tempestade. At\u00e9 o momento, os relatos dispon\u00edveis apontam que os preju\u00edzos ficaram restritos a determinados pontos da cidade. N\u00e3o h\u00e1 confirma\u00e7\u00e3o de v\u00edtimas relacionadas ao temporal nas informa\u00e7\u00f5es apresentadas. A ocorr\u00eancia tamb\u00e9m foi amplamente registrada por moradores, que divulgaram v\u00eddeos e imagens dos estragos e da queda de granizo durante a tempestade.<\/p>\n","protected":false},"author":4,"featured_media":0,"comment_status":"open","ping_status":"open","sticky":false,"template":"","format":"standard","meta":{"footnotes":""},"categories":[4,8],"tags":[],"class_list":["post-29272","post","type-post","status-publish","format-standard","hentry","category-cidades","category-vitoria-da-conquista"],"yoast_head":"<!-- This site is optimized with the Yoast SEO plugin v26.5 - https:\/\/yoast.com\/wordpress\/plugins\/seo\/ -->\n<title>Granizo e ventania provocam estragos em Vit\u00f3ria da Conquista - Sudoesteacontece<\/title>\n<meta name=\"robots\" content=\"index, follow, max-snippet:-1, max-image-preview:large, max-video-preview:-1\" \/>\n<link rel=\"canonical\" href=\"https:\/\/sudoesteacontece.com.br\/?p=29272\" \/>\n<meta property=\"og:locale\" content=\"pt_BR\" \/>\n<meta property=\"og:type\" content=\"article\" \/>\n<meta property=\"og:title\" content=\"Granizo e ventania provocam estragos em Vit\u00f3ria da Conquista - Sudoesteacontece\" \/>\n<meta property=\"og:description\" content=\"Uma forte tempestade atingiu Vit\u00f3ria da Conquista, no sudoeste da Bahia, no fim da tarde e durante a noite desta quarta-feira (2). O temporal foi acompanhado de granizo e rajadas intensas de vento, provocando danos em pontos isolados do munic\u00edpio. Moradores registraram pedras de gelo durante a chuva e compartilharam imagens nas redes sociais, ap\u00f3s um per\u00edodo de tempo seco na regi\u00e3o. A ocorr\u00eancia chamou aten\u00e7\u00e3o pela mudan\u00e7a repentina nas condi\u00e7\u00f5es clim\u00e1ticas. Durante a tempestade, a forma\u00e7\u00e3o de granizo ocorreu de maneira irregular entre diferentes \u00e1reas da cidade. Enquanto moradores de alguns bairros relataram ac\u00famulo de pedras de gelo, outras regi\u00f5es tiveram apenas chuva mais fraca. As rajadas de vento, por\u00e9m, provocaram os principais danos registrados. A for\u00e7a do vendaval causou destelhamentos e arrancou coberturas e estruturas met\u00e1licas em determinados pontos de Vit\u00f3ria da Conquista. Al\u00e9m disso, houve relatos de danos em coberturas de postos de combust\u00edveis e galp\u00f5es comerciais. V\u00eddeos e fotografias publicados por moradores mostram a intensidade da chuva e os efeitos provocados pelo vento. As imagens tamb\u00e9m registraram a presen\u00e7a de granizo durante o temporal. Os danos, conforme os relatos dispon\u00edveis, ficaram concentrados em \u00e1reas espec\u00edficas do munic\u00edpio. Segundo a explica\u00e7\u00e3o meteorol\u00f3gica, o granizo se forma dentro de nuvens cumulonimbus, associadas a tempestades intensas. Gotas de \u00e1gua s\u00e3o levadas por correntes ascendentes para regi\u00f5es muito frias da nuvem, onde congelam. O processo se repete em diferentes altitudes, fazendo as pedras aumentarem de tamanho at\u00e9 que o peso supere a for\u00e7a das correntes de ar e provoque a queda. O fen\u00f4meno ocorreu ap\u00f3s um per\u00edodo de tempo seco e de baixa umidade na regi\u00e3o. Na mesma quarta-feira, munic\u00edpios do sudoeste baiano registraram temperaturas elevadas, com marcas superiores a 38\u00b0C em algumas localidades. Em Vit\u00f3ria da Conquista, a m\u00e1xima chegou a 32\u00b0C. A combina\u00e7\u00e3o entre calor, umidade e instabilidade atmosf\u00e9rica favoreceu a forma\u00e7\u00e3o da tempestade. At\u00e9 o momento, os relatos dispon\u00edveis apontam que os preju\u00edzos ficaram restritos a determinados pontos da cidade. N\u00e3o h\u00e1 confirma\u00e7\u00e3o de v\u00edtimas relacionadas ao temporal nas informa\u00e7\u00f5es apresentadas. A ocorr\u00eancia tamb\u00e9m foi amplamente registrada por moradores, que divulgaram v\u00eddeos e imagens dos estragos e da queda de granizo durante a tempestade.\" \/>\n<meta property=\"og:url\" content=\"https:\/\/sudoesteacontece.com.br\/?p=29272\" \/>\n<meta property=\"og:site_name\" content=\"Sudoesteacontece\" \/>\n<meta property=\"article:publisher\" content=\"https:\/\/www.facebook.com\/sudoesteacontece\/?locale=pt_BR\" \/>\n<meta property=\"article:published_time\" content=\"2026-09-03T15:35:21+00:00\" \/>\n<meta property=\"article:modified_time\" content=\"2026-09-03T15:35:26+00:00\" \/>\n<meta property=\"og:image\" content=\"https:\/\/sudoesteacontece.com.br\/wp-content\/uploads\/2026\/09\/Granizo-e-ventania-provocam-estragos-em-Vitoria-da-Conquista.jpg\" \/>\n\t<meta property=\"og:image:width\" content=\"900\" \/>\n\t<meta property=\"og:image:height\" content=\"600\" \/>\n\t<meta property=\"og:image:type\" content=\"image\/jpeg\" \/>\n<meta name=\"author\" content=\"Reda\u00e7\u00e3o\" \/>\n<meta name=\"twitter:card\" content=\"summary_large_image\" \/>\n<meta name=\"twitter:label1\" content=\"Escrito por\" \/>\n\t<meta name=\"twitter:data1\" content=\"Reda\u00e7\u00e3o\" \/>\n\t<meta name=\"twitter:label2\" content=\"Est. tempo de leitura\" \/>\n\t<meta name=\"twitter:data2\" content=\"3 minutos\" \/>\n<script type=\"application\/ld+json\" class=\"yoast-schema-graph\">{\"@context\":\"https:\/\/schema.org\",\"@graph\":[{\"@type\":\"Article\",\"@id\":\"https:\/\/sudoesteacontece.com.br\/?p=29272#article\",\"isPartOf\":{\"@id\":\"https:\/\/sudoesteacontece.com.br\/?p=29272\"},\"author\":{\"name\":\"Reda\u00e7\u00e3o\",\"@id\":\"https:\/\/sudoesteacontece.com.br\/#\/schema\/person\/a4f22429c1d0923ef8f7d43343f8dc38\"},\"headline\":\"Granizo e ventania provocam estragos em Vit\u00f3ria da Conquista\",\"datePublished\":\"2026-09-03T15:35:21+00:00\",\"dateModified\":\"2026-09-03T15:35:26+00:00\",\"mainEntityOfPage\":{\"@id\":\"https:\/\/sudoesteacontece.com.br\/?p=29272\"},\"wordCount\":416,\"commentCount\":0,\"publisher\":{\"@id\":\"https:\/\/sudoesteacontece.com.br\/#organization\"},\"image\":{\"@id\":\"https:\/\/sudoesteacontece.com.br\/?p=29272#primaryimage\"},\"thumbnailUrl\":\"http:\/\/sudoesteacontece.com.br\/wp-content\/uploads\/2026\/09\/Granizo-e-ventania-provocam-estragos-em-Vitoria-da-Conquista.jpg\",\"articleSection\":[\"Cidades\",\"Vit\u00f3ria da Conquista\"],\"inLanguage\":\"pt-BR\",\"potentialAction\":[{\"@type\":\"CommentAction\",\"name\":\"Comment\",\"target\":[\"https:\/\/sudoesteacontece.com.br\/?p=29272#respond\"]}]},{\"@type\":\"WebPage\",\"@id\":\"https:\/\/sudoesteacontece.com.br\/?p=29272\",\"url\":\"https:\/\/sudoesteacontece.com.br\/?p=29272\",\"name\":\"Granizo e ventania provocam estragos em Vit\u00f3ria da Conquista - Sudoesteacontece\",\"isPartOf\":{\"@id\":\"https:\/\/sudoesteacontece.com.br\/#website\"},\"primaryImageOfPage\":{\"@id\":\"https:\/\/sudoesteacontece.com.br\/?p=29272#primaryimage\"},\"image\":{\"@id\":\"https:\/\/sudoesteacontece.com.br\/?p=29272#primaryimage\"},\"thumbnailUrl\":\"http:\/\/sudoesteacontece.com.br\/wp-content\/uploads\/2026\/09\/Granizo-e-ventania-provocam-estragos-em-Vitoria-da-Conquista.jpg\",\"datePublished\":\"2026-09-03T15:35:21+00:00\",\"dateModified\":\"2026-09-03T15:35:26+00:00\",\"breadcrumb\":{\"@id\":\"https:\/\/sudoesteacontece.com.br\/?p=29272#breadcrumb\"},\"inLanguage\":\"pt-BR\",\"potentialAction\":[{\"@type\":\"ReadAction\",\"target\":[\"https:\/\/sudoesteacontece.com.br\/?p=29272\"]}]},{\"@type\":\"ImageObject\",\"inLanguage\":\"pt-BR\",\"@id\":\"https:\/\/sudoesteacontece.com.br\/?p=29272#primaryimage\",\"url\":\"https:\/\/sudoesteacontece.com.br\/wp-content\/uploads\/2026\/09\/Granizo-e-ventania-provocam-estragos-em-Vitoria-da-Conquista.jpg\",\"contentUrl\":\"https:\/\/sudoesteacontece.com.br\/wp-content\/uploads\/2026\/09\/Granizo-e-ventania-provocam-estragos-em-Vitoria-da-Conquista.jpg\",\"width\":900,\"height\":600},{\"@type\":\"BreadcrumbList\",\"@id\":\"https:\/\/sudoesteacontece.com.br\/?p=29272#breadcrumb\",\"itemListElement\":[{\"@type\":\"ListItem\",\"position\":1,\"name\":\"In\u00edcio\",\"item\":\"https:\/\/sudoesteacontece.com.br\/\"},{\"@type\":\"ListItem\",\"position\":2,\"name\":\"Granizo e ventania provocam estragos em Vit\u00f3ria da Conquista\"}]},{\"@type\":\"WebSite\",\"@id\":\"https:\/\/sudoesteacontece.com.br\/#website\",\"url\":\"https:\/\/sudoesteacontece.com.br\/\",\"name\":\"Sudoesteacontece\",\"description\":\"\",\"publisher\":{\"@id\":\"https:\/\/sudoesteacontece.com.br\/#organization\"},\"potentialAction\":[{\"@type\":\"SearchAction\",\"target\":{\"@type\":\"EntryPoint\",\"urlTemplate\":\"https:\/\/sudoesteacontece.com.br\/?s={search_term_string}\"},\"query-input\":{\"@type\":\"PropertyValueSpecification\",\"valueRequired\":true,\"valueName\":\"search_term_string\"}}],\"inLanguage\":\"pt-BR\"},{\"@type\":\"Organization\",\"@id\":\"https:\/\/sudoesteacontece.com.br\/#organization\",\"name\":\"Sudoesteacontece\",\"url\":\"https:\/\/sudoesteacontece.com.br\/\",\"logo\":{\"@type\":\"ImageObject\",\"inLanguage\":\"pt-BR\",\"@id\":\"https:\/\/sudoesteacontece.com.br\/#\/schema\/logo\/image\/\",\"url\":\"https:\/\/sudoesteacontece.com.br\/wp-content\/uploads\/2025\/12\/cropped-logo-2-180x180-1.png\",\"contentUrl\":\"https:\/\/sudoesteacontece.com.br\/wp-content\/uploads\/2025\/12\/cropped-logo-2-180x180-1.png\",\"width\":180,\"height\":180,\"caption\":\"Sudoesteacontece\"},\"image\":{\"@id\":\"https:\/\/sudoesteacontece.com.br\/#\/schema\/logo\/image\/\"},\"sameAs\":[\"https:\/\/www.facebook.com\/sudoesteacontece\/?locale=pt_BR\"]},{\"@type\":\"Person\",\"@id\":\"https:\/\/sudoesteacontece.com.br\/#\/schema\/person\/a4f22429c1d0923ef8f7d43343f8dc38\",\"name\":\"Reda\u00e7\u00e3o\",\"image\":{\"@type\":\"ImageObject\",\"inLanguage\":\"pt-BR\",\"@id\":\"https:\/\/sudoesteacontece.com.br\/#\/schema\/person\/image\/\",\"url\":\"https:\/\/secure.gravatar.com\/avatar\/c3a5b3c93f268a709c25a2df414c629a96fb3b1b4bf97a94fb3f72e54ae76903?s=96&d=mm&r=g\",\"contentUrl\":\"https:\/\/secure.gravatar.com\/avatar\/c3a5b3c93f268a709c25a2df414c629a96fb3b1b4bf97a94fb3f72e54ae76903?s=96&d=mm&r=g\",\"caption\":\"Reda\u00e7\u00e3o\"},\"url\":\"https:\/\/sudoesteacontece.com.br\/?author=4\"}]}<\/script>\n<!-- \/ Yoast SEO plugin. -->","yoast_head_json":{"title":"Granizo e ventania provocam estragos em Vit\u00f3ria da Conquista - Sudoesteacontece","robots":{"index":"index","follow":"follow","max-snippet":"max-snippet:-1","max-image-preview":"max-image-preview:large","max-video-preview":"max-video-preview:-1"},"canonical":"https:\/\/sudoesteacontece.com.br\/?p=29272","og_locale":"pt_BR","og_type":"article","og_title":"Granizo e ventania provocam estragos em Vit\u00f3ria da Conquista - Sudoesteacontece","og_description":"Uma forte tempestade atingiu Vit\u00f3ria da Conquista, no sudoeste da Bahia, no fim da tarde e durante a noite desta quarta-feira (2). O temporal foi acompanhado de granizo e rajadas intensas de vento, provocando danos em pontos isolados do munic\u00edpio. Moradores registraram pedras de gelo durante a chuva e compartilharam imagens nas redes sociais, ap\u00f3s um per\u00edodo de tempo seco na regi\u00e3o. A ocorr\u00eancia chamou aten\u00e7\u00e3o pela mudan\u00e7a repentina nas condi\u00e7\u00f5es clim\u00e1ticas. Durante a tempestade, a forma\u00e7\u00e3o de granizo ocorreu de maneira irregular entre diferentes \u00e1reas da cidade. Enquanto moradores de alguns bairros relataram ac\u00famulo de pedras de gelo, outras regi\u00f5es tiveram apenas chuva mais fraca. As rajadas de vento, por\u00e9m, provocaram os principais danos registrados. A for\u00e7a do vendaval causou destelhamentos e arrancou coberturas e estruturas met\u00e1licas em determinados pontos de Vit\u00f3ria da Conquista. Al\u00e9m disso, houve relatos de danos em coberturas de postos de combust\u00edveis e galp\u00f5es comerciais. V\u00eddeos e fotografias publicados por moradores mostram a intensidade da chuva e os efeitos provocados pelo vento. As imagens tamb\u00e9m registraram a presen\u00e7a de granizo durante o temporal. Os danos, conforme os relatos dispon\u00edveis, ficaram concentrados em \u00e1reas espec\u00edficas do munic\u00edpio. Segundo a explica\u00e7\u00e3o meteorol\u00f3gica, o granizo se forma dentro de nuvens cumulonimbus, associadas a tempestades intensas. Gotas de \u00e1gua s\u00e3o levadas por correntes ascendentes para regi\u00f5es muito frias da nuvem, onde congelam. O processo se repete em diferentes altitudes, fazendo as pedras aumentarem de tamanho at\u00e9 que o peso supere a for\u00e7a das correntes de ar e provoque a queda. O fen\u00f4meno ocorreu ap\u00f3s um per\u00edodo de tempo seco e de baixa umidade na regi\u00e3o. Na mesma quarta-feira, munic\u00edpios do sudoeste baiano registraram temperaturas elevadas, com marcas superiores a 38\u00b0C em algumas localidades. Em Vit\u00f3ria da Conquista, a m\u00e1xima chegou a 32\u00b0C. A combina\u00e7\u00e3o entre calor, umidade e instabilidade atmosf\u00e9rica favoreceu a forma\u00e7\u00e3o da tempestade. At\u00e9 o momento, os relatos dispon\u00edveis apontam que os preju\u00edzos ficaram restritos a determinados pontos da cidade. N\u00e3o h\u00e1 confirma\u00e7\u00e3o de v\u00edtimas relacionadas ao temporal nas informa\u00e7\u00f5es apresentadas. A ocorr\u00eancia tamb\u00e9m foi amplamente registrada por moradores, que divulgaram v\u00eddeos e imagens dos estragos e da queda de granizo durante a tempestade.","og_url":"https:\/\/sudoesteacontece.com.br\/?p=29272","og_site_name":"Sudoesteacontece","article_publisher":"https:\/\/www.facebook.com\/sudoesteacontece\/?locale=pt_BR","article_published_time":"2026-09-03T15:35:21+00:00","article_modified_time":"2026-09-03T15:35:26+00:00","og_image":[{"width":900,"height":600,"url":"https:\/\/sudoesteacontece.com.br\/wp-content\/uploads\/2026\/09\/Granizo-e-ventania-provocam-estragos-em-Vitoria-da-Conquista.jpg","type":"image\/jpeg"}],"author":"Reda\u00e7\u00e3o","twitter_card":"summary_large_image","twitter_misc":{"Escrito por":"Reda\u00e7\u00e3o","Est. tempo de leitura":"3 minutos"},"schema":{"@context":"https:\/\/schema.org","@graph":[{"@type":"Article","@id":"https:\/\/sudoesteacontece.com.br\/?p=29272#article","isPartOf":{"@id":"https:\/\/sudoesteacontece.com.br\/?p=29272"},"author":{"name":"Reda\u00e7\u00e3o","@id":"https:\/\/sudoesteacontece.com.br\/#\/schema\/person\/a4f22429c1d0923ef8f7d43343f8dc38"},"headline":"Granizo e ventania provocam estragos em Vit\u00f3ria da Conquista","datePublished":"2026-09-03T15:35:21+00:00","dateModified":"2026-09-03T15:35:26+00:00","mainEntityOfPage":{"@id":"https:\/\/sudoesteacontece.com.br\/?p=29272"},"wordCount":416,"commentCount":0,"publisher":{"@id":"https:\/\/sudoesteacontece.com.br\/#organization"},"image":{"@id":"https:\/\/sudoesteacontece.com.br\/?p=29272#primaryimage"},"thumbnailUrl":"http:\/\/sudoesteacontece.com.br\/wp-content\/uploads\/2026\/09\/Granizo-e-ventania-provocam-estragos-em-Vitoria-da-Conquista.jpg","articleSection":["Cidades","Vit\u00f3ria da Conquista"],"inLanguage":"pt-BR","potentialAction":[{"@type":"CommentAction","name":"Comment","target":["https:\/\/sudoesteacontece.com.br\/?p=29272#respond"]}]},{"@type":"WebPage","@id":"https:\/\/sudoesteacontece.com.br\/?p=29272","url":"https:\/\/sudoesteacontece.com.br\/?p=29272","name":"Granizo e ventania provocam estragos em Vit\u00f3ria da Conquista - Sudoesteacontece","isPartOf":{"@id":"https:\/\/sudoesteacontece.com.br\/#website"},"primaryImageOfPage":{"@id":"https:\/\/sudoesteacontece.com.br\/?p=29272#primaryimage"},"image":{"@id":"https:\/\/sudoesteacontece.com.br\/?p=29272#primaryimage"},"thumbnailUrl":"http:\/\/sudoesteacontece.com.br\/wp-content\/uploads\/2026\/09\/Granizo-e-ventania-provocam-estragos-em-Vitoria-da-Conquista.jpg","datePublished":"2026-09-03T15:35:21+00:00","dateModified":"2026-09-03T15:35:26+00:00","breadcrumb":{"@id":"https:\/\/sudoesteacontece.com.br\/?p=29272#breadcrumb"},"inLanguage":"pt-BR","potentialAction":[{"@type":"ReadAction","target":["https:\/\/sudoesteacontece.com.br\/?p=29272"]}]},{"@type":"ImageObject","inLanguage":"pt-BR","@id":"https:\/\/sudoesteacontece.com.br\/?p=29272#primaryimage","url":"https:\/\/sudoesteacontece.com.br\/wp-content\/uploads\/2026\/09\/Granizo-e-ventania-provocam-estragos-em-Vitoria-da-Conquista.jpg","contentUrl":"https:\/\/sudoesteacontece.com.br\/wp-content\/uploads\/2026\/09\/Granizo-e-ventania-provocam-estragos-em-Vitoria-da-Conquista.jpg","width":900,"height":600},{"@type":"BreadcrumbList","@id":"https:\/\/sudoesteacontece.com.br\/?p=29272#breadcrumb","itemListElement":[{"@type":"ListItem","position":1,"name":"In\u00edcio","item":"https:\/\/sudoesteacontece.com.br\/"},{"@type":"ListItem","position":2,"name":"Granizo e ventania provocam estragos em Vit\u00f3ria da Conquista"}]},{"@type":"WebSite","@id":"https:\/\/sudoesteacontece.com.br\/#website","url":"https:\/\/sudoesteacontece.com.br\/","name":"Sudoesteacontece","description":"","publisher":{"@id":"https:\/\/sudoesteacontece.com.br\/#organization"},"potentialAction":[{"@type":"SearchAction","target":{"@type":"EntryPoint","urlTemplate":"https:\/\/sudoesteacontece.com.br\/?s={search_term_string}"},"query-input":{"@type":"PropertyValueSpecification","valueRequired":true,"valueName":"search_term_string"}}],"inLanguage":"pt-BR"},{"@type":"Organization","@id":"https:\/\/sudoesteacontece.com.br\/#organization","name":"Sudoesteacontece","url":"https:\/\/sudoesteacontece.com.br\/","logo":{"@type":"ImageObject","inLanguage":"pt-BR","@id":"https:\/\/sudoesteacontece.com.br\/#\/schema\/logo\/image\/","url":"https:\/\/sudoesteacontece.com.br\/wp-content\/uploads\/2025\/12\/cropped-logo-2-180x180-1.png","contentUrl":"https:\/\/sudoesteacontece.com.br\/wp-content\/uploads\/2025\/12\/cropped-logo-2-180x180-1.png","width":180,"height":180,"caption":"Sudoesteacontece"},"image":{"@id":"https:\/\/sudoesteacontece.com.br\/#\/schema\/logo\/image\/"},"sameAs":["https:\/\/www.facebook.com\/sudoesteacontece\/?locale=pt_BR"]},{"@type":"Person","@id":"https:\/\/sudoesteacontece.com.br\/#\/schema\/person\/a4f22429c1d0923ef8f7d43343f8dc38","name":"Reda\u00e7\u00e3o","image":{"@type":"ImageObject","inLanguage":"pt-BR","@id":"https:\/\/sudoesteacontece.com.br\/#\/schema\/person\/image\/","url":"https:\/\/secure.gravatar.com\/avatar\/c3a5b3c93f268a709c25a2df414c629a96fb3b1b4bf97a94fb3f72e54ae76903?s=96&d=mm&r=g","contentUrl":"https:\/\/secure.gravatar.com\/avatar\/c3a5b3c93f268a709c25a2df414c629a96fb3b1b4bf97a94fb3f72e54ae76903?s=96&d=mm&r=g","caption":"Reda\u00e7\u00e3o"},"url":"https:\/\/sudoesteacontece.com.br\/?author=4"}]}},"_links":{"self":[{"href":"https:\/\/sudoesteacontece.com.br\/index.php?rest_route=\/wp\/v2\/posts\/29272","targetHints":{"allow":["GET"]}}],"collection":[{"href":"https:\/\/sudoesteacontece.com.br\/index.php?rest_route=\/wp\/v2\/posts"}],"about":[{"href":"https:\/\/sudoesteacontece.com.br\/index.php?rest_route=\/wp\/v2\/types\/post"}],"author":[{"embeddable":true,"href":"https:\/\/sudoesteacontece.com.br\/index.php?rest_route=\/wp\/v2\/users\/4"}],"replies":[{"embeddable":true,"href":"https:\/\/sudoesteacontece.com.br\/index.php?rest_route=%2Fwp%2Fv2%2Fcomments&post=29272"}],"version-history":[{"count":1,"href":"https:\/\/sudoesteacontece.com.br\/index.php?rest_route=\/wp\/v2\/posts\/29272\/revisions"}],"predecessor-version":[{"id":29329,"href":"https:\/\/sudoesteacontece.com.br\/index.php?rest_route=\/wp\/v2\/posts\/29272\/revisions\/29329"}],"wp:attachment":[{"href":"https:\/\/sudoesteacontece.com.br\/index.php?rest_route=%2Fwp%2Fv2%2Fmedia&parent=29272"}],"wp:term":[{"taxonomy":"category","embeddable":true,"href":"https:\/\/sudoesteacontece.com.br\/index.php?rest_route=%2Fwp%2Fv2%2Fcategories&post=29272"},{"taxonomy":"post_tag","embeddable":true,"href":"https:\/\/sudoesteacontece.com.br\/index.php?rest_route=%2Fwp%2Fv2%2Ftags&post=29272"}],"curies":[{"name":"wp","href":"https:\/\/api.w.org\/{rel}","templated":true}]}}