{"id":29275,"date":"2026-09-03T12:41:33","date_gmt":"2026-09-03T15:41:33","guid":{"rendered":"https:\/\/sudoesteacontece.com.br\/?p=29275"},"modified":"2026-09-03T12:41:39","modified_gmt":"2026-09-03T15:41:39","slug":"mpf-fiscaliza-acordo-com-embasa-para-criar-centro-arqueologico-em-seabra","status":"publish","type":"post","link":"https:\/\/sudoesteacontece.com.br\/?p=29275","title":{"rendered":"MPF fiscaliza acordo com Embasa para criar centro arqueol\u00f3gico em Seabra"},"content":{"rendered":"\n<figure class=\"wp-block-image size-full\"><img fetchpriority=\"high\" decoding=\"async\" width=\"900\" height=\"600\" src=\"http:\/\/sudoesteacontece.com.br\/wp-content\/uploads\/2026\/09\/MPF-fiscaliza-acordo-com-Embasa-para-criar-centro-arqueologico-em-Seabra.jpg\" alt=\"\" class=\"wp-image-29319\" srcset=\"https:\/\/sudoesteacontece.com.br\/wp-content\/uploads\/2026\/09\/MPF-fiscaliza-acordo-com-Embasa-para-criar-centro-arqueologico-em-Seabra.jpg 900w, https:\/\/sudoesteacontece.com.br\/wp-content\/uploads\/2026\/09\/MPF-fiscaliza-acordo-com-Embasa-para-criar-centro-arqueologico-em-Seabra-300x200.jpg 300w, https:\/\/sudoesteacontece.com.br\/wp-content\/uploads\/2026\/09\/MPF-fiscaliza-acordo-com-Embasa-para-criar-centro-arqueologico-em-Seabra-768x512.jpg 768w\" sizes=\"(max-width: 900px) 100vw, 900px\" \/><\/figure>\n\n\n\n<p class=\"wp-block-paragraph\">O Minist\u00e9rio P\u00fablico Federal (MPF) instaurou, na ter\u00e7a-feira (1\u00ba), procedimento administrativo para acompanhar as negocia\u00e7\u00f5es de um Termo de Ajustamento de Conduta (TAC) com a Embasa. A medida busca garantir a cria\u00e7\u00e3o do Centro de Refer\u00eancia Arqueol\u00f3gica da Chapada Diamantina (CRA), com sede em Seabra. A estrutura dever\u00e1 funcionar como forma de compensa\u00e7\u00e3o pelos danos atribu\u00eddos \u00e0 empresa ao patrim\u00f4nio arqueol\u00f3gico da regi\u00e3o.<\/p>\n\n\n\n<p class=\"wp-block-paragraph\">Conforme a Portaria n\u00ba 35, de 26 de agosto de 2026, o procedimento foi formalizado pelo procurador da Rep\u00fablica Gabriel Dalla Favera de Oliveira. A atua\u00e7\u00e3o est\u00e1 vinculada \u00e0 4\u00aa C\u00e2mara de Coordena\u00e7\u00e3o e Revis\u00e3o do MPF. O \u00f3rg\u00e3o pretende acompanhar de forma cont\u00ednua as tratativas para a elabora\u00e7\u00e3o e assinatura do acordo com a Empresa Baiana de \u00c1guas e Saneamento.<\/p>\n\n\n\n<p class=\"wp-block-paragraph\">Durante a tramita\u00e7\u00e3o, o MPF dever\u00e1 fiscalizar as condi\u00e7\u00f5es estabelecidas no TAC e acompanhar a implementa\u00e7\u00e3o das medidas previstas. O objetivo \u00e9 assegurar que a compensa\u00e7\u00e3o pelos danos ao patrim\u00f4nio arqueol\u00f3gico seja efetivamente executada. A atua\u00e7\u00e3o tamb\u00e9m busca garantir o cumprimento integral das obriga\u00e7\u00f5es que forem estabelecidas no acordo entre as partes.<\/p>\n\n\n\n<p class=\"wp-block-paragraph\">Segundo o procedimento, a cria\u00e7\u00e3o do centro arqueol\u00f3gico est\u00e1 relacionada ao ressarcimento pelos danos provocados ao Patrim\u00f4nio Arqueol\u00f3gico da Chapada Diamantina. A iniciativa dever\u00e1 estabelecer uma estrutura de refer\u00eancia para a preserva\u00e7\u00e3o desse patrim\u00f4nio. O acompanhamento do Minist\u00e9rio P\u00fablico Federal pretende evitar que as medidas previstas no acordo deixem de ser cumpridas ap\u00f3s sua formaliza\u00e7\u00e3o.<\/p>\n\n\n\n<p class=\"wp-block-paragraph\">Por fim, a atua\u00e7\u00e3o do MPF tem como fundamento a Constitui\u00e7\u00e3o Federal e as diretrizes do Conselho Nacional do Minist\u00e9rio P\u00fablico (CNMP). O procedimento seguir\u00e1 acompanhando as negocia\u00e7\u00f5es at\u00e9 a conclus\u00e3o do acordo e a efetiva implementa\u00e7\u00e3o das medidas previstas. A finalidade \u00e9 garantir o ressarcimento e a compensa\u00e7\u00e3o pelo patrim\u00f4nio hist\u00f3rico e cultural atingido.<\/p>\n","protected":false},"excerpt":{"rendered":"<p>O Minist\u00e9rio P\u00fablico Federal (MPF) instaurou, na ter\u00e7a-feira (1\u00ba), procedimento administrativo para acompanhar as negocia\u00e7\u00f5es de um Termo de Ajustamento de Conduta (TAC) com a Embasa. A medida busca garantir a cria\u00e7\u00e3o do Centro de Refer\u00eancia Arqueol\u00f3gica da Chapada Diamantina (CRA), com sede em Seabra. A estrutura dever\u00e1 funcionar como forma de compensa\u00e7\u00e3o pelos danos atribu\u00eddos \u00e0 empresa ao patrim\u00f4nio arqueol\u00f3gico da regi\u00e3o. Conforme a Portaria n\u00ba 35, de 26 de agosto de 2026, o procedimento foi formalizado pelo procurador da Rep\u00fablica Gabriel Dalla Favera de Oliveira. A atua\u00e7\u00e3o est\u00e1 vinculada \u00e0 4\u00aa C\u00e2mara de Coordena\u00e7\u00e3o e Revis\u00e3o do MPF. O \u00f3rg\u00e3o pretende acompanhar de forma cont\u00ednua as tratativas para a elabora\u00e7\u00e3o e assinatura do acordo com a Empresa Baiana de \u00c1guas e Saneamento. Durante a tramita\u00e7\u00e3o, o MPF dever\u00e1 fiscalizar as condi\u00e7\u00f5es estabelecidas no TAC e acompanhar a implementa\u00e7\u00e3o das medidas previstas. O objetivo \u00e9 assegurar que a compensa\u00e7\u00e3o pelos danos ao patrim\u00f4nio arqueol\u00f3gico seja efetivamente executada. A atua\u00e7\u00e3o tamb\u00e9m busca garantir o cumprimento integral das obriga\u00e7\u00f5es que forem estabelecidas no acordo entre as partes. Segundo o procedimento, a cria\u00e7\u00e3o do centro arqueol\u00f3gico est\u00e1 relacionada ao ressarcimento pelos danos provocados ao Patrim\u00f4nio Arqueol\u00f3gico da Chapada Diamantina. A iniciativa dever\u00e1 estabelecer uma estrutura de refer\u00eancia para a preserva\u00e7\u00e3o desse patrim\u00f4nio. O acompanhamento do Minist\u00e9rio P\u00fablico Federal pretende evitar que as medidas previstas no acordo deixem de ser cumpridas ap\u00f3s sua formaliza\u00e7\u00e3o. Por fim, a atua\u00e7\u00e3o do MPF tem como fundamento a Constitui\u00e7\u00e3o Federal e as diretrizes do Conselho Nacional do Minist\u00e9rio P\u00fablico (CNMP). O procedimento seguir\u00e1 acompanhando as negocia\u00e7\u00f5es at\u00e9 a conclus\u00e3o do acordo e a efetiva implementa\u00e7\u00e3o das medidas previstas. A finalidade \u00e9 garantir o ressarcimento e a compensa\u00e7\u00e3o pelo patrim\u00f4nio hist\u00f3rico e cultural atingido.<\/p>\n","protected":false},"author":4,"featured_media":0,"comment_status":"open","ping_status":"open","sticky":false,"template":"","format":"standard","meta":{"footnotes":""},"categories":[4,6,105],"tags":[],"class_list":["post-29275","post","type-post","status-publish","format-standard","hentry","category-cidades","category-politica","category-seabra"],"yoast_head":"<!-- This site is optimized with the Yoast SEO plugin v26.5 - https:\/\/yoast.com\/wordpress\/plugins\/seo\/ -->\n<title>MPF fiscaliza acordo com Embasa para criar centro arqueol\u00f3gico em Seabra - Sudoesteacontece<\/title>\n<meta name=\"robots\" content=\"index, follow, max-snippet:-1, max-image-preview:large, max-video-preview:-1\" \/>\n<link rel=\"canonical\" href=\"https:\/\/sudoesteacontece.com.br\/?p=29275\" \/>\n<meta property=\"og:locale\" content=\"pt_BR\" \/>\n<meta property=\"og:type\" content=\"article\" \/>\n<meta property=\"og:title\" content=\"MPF fiscaliza acordo com Embasa para criar centro arqueol\u00f3gico em Seabra - Sudoesteacontece\" \/>\n<meta property=\"og:description\" content=\"O Minist\u00e9rio P\u00fablico Federal (MPF) instaurou, na ter\u00e7a-feira (1\u00ba), procedimento administrativo para acompanhar as negocia\u00e7\u00f5es de um Termo de Ajustamento de Conduta (TAC) com a Embasa. A medida busca garantir a cria\u00e7\u00e3o do Centro de Refer\u00eancia Arqueol\u00f3gica da Chapada Diamantina (CRA), com sede em Seabra. A estrutura dever\u00e1 funcionar como forma de compensa\u00e7\u00e3o pelos danos atribu\u00eddos \u00e0 empresa ao patrim\u00f4nio arqueol\u00f3gico da regi\u00e3o. Conforme a Portaria n\u00ba 35, de 26 de agosto de 2026, o procedimento foi formalizado pelo procurador da Rep\u00fablica Gabriel Dalla Favera de Oliveira. A atua\u00e7\u00e3o est\u00e1 vinculada \u00e0 4\u00aa C\u00e2mara de Coordena\u00e7\u00e3o e Revis\u00e3o do MPF. O \u00f3rg\u00e3o pretende acompanhar de forma cont\u00ednua as tratativas para a elabora\u00e7\u00e3o e assinatura do acordo com a Empresa Baiana de \u00c1guas e Saneamento. Durante a tramita\u00e7\u00e3o, o MPF dever\u00e1 fiscalizar as condi\u00e7\u00f5es estabelecidas no TAC e acompanhar a implementa\u00e7\u00e3o das medidas previstas. O objetivo \u00e9 assegurar que a compensa\u00e7\u00e3o pelos danos ao patrim\u00f4nio arqueol\u00f3gico seja efetivamente executada. A atua\u00e7\u00e3o tamb\u00e9m busca garantir o cumprimento integral das obriga\u00e7\u00f5es que forem estabelecidas no acordo entre as partes. Segundo o procedimento, a cria\u00e7\u00e3o do centro arqueol\u00f3gico est\u00e1 relacionada ao ressarcimento pelos danos provocados ao Patrim\u00f4nio Arqueol\u00f3gico da Chapada Diamantina. A iniciativa dever\u00e1 estabelecer uma estrutura de refer\u00eancia para a preserva\u00e7\u00e3o desse patrim\u00f4nio. O acompanhamento do Minist\u00e9rio P\u00fablico Federal pretende evitar que as medidas previstas no acordo deixem de ser cumpridas ap\u00f3s sua formaliza\u00e7\u00e3o. Por fim, a atua\u00e7\u00e3o do MPF tem como fundamento a Constitui\u00e7\u00e3o Federal e as diretrizes do Conselho Nacional do Minist\u00e9rio P\u00fablico (CNMP). O procedimento seguir\u00e1 acompanhando as negocia\u00e7\u00f5es at\u00e9 a conclus\u00e3o do acordo e a efetiva implementa\u00e7\u00e3o das medidas previstas. A finalidade \u00e9 garantir o ressarcimento e a compensa\u00e7\u00e3o pelo patrim\u00f4nio hist\u00f3rico e cultural atingido.\" \/>\n<meta property=\"og:url\" content=\"https:\/\/sudoesteacontece.com.br\/?p=29275\" \/>\n<meta property=\"og:site_name\" content=\"Sudoesteacontece\" \/>\n<meta property=\"article:publisher\" content=\"https:\/\/www.facebook.com\/sudoesteacontece\/?locale=pt_BR\" \/>\n<meta property=\"article:published_time\" content=\"2026-09-03T15:41:33+00:00\" \/>\n<meta property=\"article:modified_time\" content=\"2026-09-03T15:41:39+00:00\" \/>\n<meta property=\"og:image\" content=\"https:\/\/sudoesteacontece.com.br\/wp-content\/uploads\/2026\/09\/MPF-fiscaliza-acordo-com-Embasa-para-criar-centro-arqueologico-em-Seabra.jpg\" \/>\n\t<meta property=\"og:image:width\" content=\"900\" \/>\n\t<meta property=\"og:image:height\" content=\"600\" \/>\n\t<meta property=\"og:image:type\" content=\"image\/jpeg\" \/>\n<meta name=\"author\" content=\"Reda\u00e7\u00e3o\" \/>\n<meta name=\"twitter:card\" content=\"summary_large_image\" \/>\n<meta name=\"twitter:label1\" content=\"Escrito por\" \/>\n\t<meta name=\"twitter:data1\" content=\"Reda\u00e7\u00e3o\" \/>\n\t<meta name=\"twitter:label2\" content=\"Est. tempo de leitura\" \/>\n\t<meta name=\"twitter:data2\" content=\"2 minutos\" \/>\n<script type=\"application\/ld+json\" class=\"yoast-schema-graph\">{\"@context\":\"https:\/\/schema.org\",\"@graph\":[{\"@type\":\"Article\",\"@id\":\"https:\/\/sudoesteacontece.com.br\/?p=29275#article\",\"isPartOf\":{\"@id\":\"https:\/\/sudoesteacontece.com.br\/?p=29275\"},\"author\":{\"name\":\"Reda\u00e7\u00e3o\",\"@id\":\"https:\/\/sudoesteacontece.com.br\/#\/schema\/person\/a4f22429c1d0923ef8f7d43343f8dc38\"},\"headline\":\"MPF fiscaliza acordo com Embasa para criar centro arqueol\u00f3gico em Seabra\",\"datePublished\":\"2026-09-03T15:41:33+00:00\",\"dateModified\":\"2026-09-03T15:41:39+00:00\",\"mainEntityOfPage\":{\"@id\":\"https:\/\/sudoesteacontece.com.br\/?p=29275\"},\"wordCount\":339,\"commentCount\":0,\"publisher\":{\"@id\":\"https:\/\/sudoesteacontece.com.br\/#organization\"},\"image\":{\"@id\":\"https:\/\/sudoesteacontece.com.br\/?p=29275#primaryimage\"},\"thumbnailUrl\":\"http:\/\/sudoesteacontece.com.br\/wp-content\/uploads\/2026\/09\/MPF-fiscaliza-acordo-com-Embasa-para-criar-centro-arqueologico-em-Seabra.jpg\",\"articleSection\":[\"Cidades\",\"Pol\u00edtica\",\"Seabra\"],\"inLanguage\":\"pt-BR\",\"potentialAction\":[{\"@type\":\"CommentAction\",\"name\":\"Comment\",\"target\":[\"https:\/\/sudoesteacontece.com.br\/?p=29275#respond\"]}]},{\"@type\":\"WebPage\",\"@id\":\"https:\/\/sudoesteacontece.com.br\/?p=29275\",\"url\":\"https:\/\/sudoesteacontece.com.br\/?p=29275\",\"name\":\"MPF fiscaliza acordo com Embasa para criar centro arqueol\u00f3gico em Seabra - Sudoesteacontece\",\"isPartOf\":{\"@id\":\"https:\/\/sudoesteacontece.com.br\/#website\"},\"primaryImageOfPage\":{\"@id\":\"https:\/\/sudoesteacontece.com.br\/?p=29275#primaryimage\"},\"image\":{\"@id\":\"https:\/\/sudoesteacontece.com.br\/?p=29275#primaryimage\"},\"thumbnailUrl\":\"http:\/\/sudoesteacontece.com.br\/wp-content\/uploads\/2026\/09\/MPF-fiscaliza-acordo-com-Embasa-para-criar-centro-arqueologico-em-Seabra.jpg\",\"datePublished\":\"2026-09-03T15:41:33+00:00\",\"dateModified\":\"2026-09-03T15:41:39+00:00\",\"breadcrumb\":{\"@id\":\"https:\/\/sudoesteacontece.com.br\/?p=29275#breadcrumb\"},\"inLanguage\":\"pt-BR\",\"potentialAction\":[{\"@type\":\"ReadAction\",\"target\":[\"https:\/\/sudoesteacontece.com.br\/?p=29275\"]}]},{\"@type\":\"ImageObject\",\"inLanguage\":\"pt-BR\",\"@id\":\"https:\/\/sudoesteacontece.com.br\/?p=29275#primaryimage\",\"url\":\"https:\/\/sudoesteacontece.com.br\/wp-content\/uploads\/2026\/09\/MPF-fiscaliza-acordo-com-Embasa-para-criar-centro-arqueologico-em-Seabra.jpg\",\"contentUrl\":\"https:\/\/sudoesteacontece.com.br\/wp-content\/uploads\/2026\/09\/MPF-fiscaliza-acordo-com-Embasa-para-criar-centro-arqueologico-em-Seabra.jpg\",\"width\":900,\"height\":600},{\"@type\":\"BreadcrumbList\",\"@id\":\"https:\/\/sudoesteacontece.com.br\/?p=29275#breadcrumb\",\"itemListElement\":[{\"@type\":\"ListItem\",\"position\":1,\"name\":\"In\u00edcio\",\"item\":\"https:\/\/sudoesteacontece.com.br\/\"},{\"@type\":\"ListItem\",\"position\":2,\"name\":\"MPF fiscaliza acordo com Embasa para criar centro arqueol\u00f3gico em Seabra\"}]},{\"@type\":\"WebSite\",\"@id\":\"https:\/\/sudoesteacontece.com.br\/#website\",\"url\":\"https:\/\/sudoesteacontece.com.br\/\",\"name\":\"Sudoesteacontece\",\"description\":\"\",\"publisher\":{\"@id\":\"https:\/\/sudoesteacontece.com.br\/#organization\"},\"potentialAction\":[{\"@type\":\"SearchAction\",\"target\":{\"@type\":\"EntryPoint\",\"urlTemplate\":\"https:\/\/sudoesteacontece.com.br\/?s={search_term_string}\"},\"query-input\":{\"@type\":\"PropertyValueSpecification\",\"valueRequired\":true,\"valueName\":\"search_term_string\"}}],\"inLanguage\":\"pt-BR\"},{\"@type\":\"Organization\",\"@id\":\"https:\/\/sudoesteacontece.com.br\/#organization\",\"name\":\"Sudoesteacontece\",\"url\":\"https:\/\/sudoesteacontece.com.br\/\",\"logo\":{\"@type\":\"ImageObject\",\"inLanguage\":\"pt-BR\",\"@id\":\"https:\/\/sudoesteacontece.com.br\/#\/schema\/logo\/image\/\",\"url\":\"https:\/\/sudoesteacontece.com.br\/wp-content\/uploads\/2025\/12\/cropped-logo-2-180x180-1.png\",\"contentUrl\":\"https:\/\/sudoesteacontece.com.br\/wp-content\/uploads\/2025\/12\/cropped-logo-2-180x180-1.png\",\"width\":180,\"height\":180,\"caption\":\"Sudoesteacontece\"},\"image\":{\"@id\":\"https:\/\/sudoesteacontece.com.br\/#\/schema\/logo\/image\/\"},\"sameAs\":[\"https:\/\/www.facebook.com\/sudoesteacontece\/?locale=pt_BR\"]},{\"@type\":\"Person\",\"@id\":\"https:\/\/sudoesteacontece.com.br\/#\/schema\/person\/a4f22429c1d0923ef8f7d43343f8dc38\",\"name\":\"Reda\u00e7\u00e3o\",\"image\":{\"@type\":\"ImageObject\",\"inLanguage\":\"pt-BR\",\"@id\":\"https:\/\/sudoesteacontece.com.br\/#\/schema\/person\/image\/\",\"url\":\"https:\/\/secure.gravatar.com\/avatar\/c3a5b3c93f268a709c25a2df414c629a96fb3b1b4bf97a94fb3f72e54ae76903?s=96&d=mm&r=g\",\"contentUrl\":\"https:\/\/secure.gravatar.com\/avatar\/c3a5b3c93f268a709c25a2df414c629a96fb3b1b4bf97a94fb3f72e54ae76903?s=96&d=mm&r=g\",\"caption\":\"Reda\u00e7\u00e3o\"},\"url\":\"https:\/\/sudoesteacontece.com.br\/?author=4\"}]}<\/script>\n<!-- \/ Yoast SEO plugin. -->","yoast_head_json":{"title":"MPF fiscaliza acordo com Embasa para criar centro arqueol\u00f3gico em Seabra - Sudoesteacontece","robots":{"index":"index","follow":"follow","max-snippet":"max-snippet:-1","max-image-preview":"max-image-preview:large","max-video-preview":"max-video-preview:-1"},"canonical":"https:\/\/sudoesteacontece.com.br\/?p=29275","og_locale":"pt_BR","og_type":"article","og_title":"MPF fiscaliza acordo com Embasa para criar centro arqueol\u00f3gico em Seabra - Sudoesteacontece","og_description":"O Minist\u00e9rio P\u00fablico Federal (MPF) instaurou, na ter\u00e7a-feira (1\u00ba), procedimento administrativo para acompanhar as negocia\u00e7\u00f5es de um Termo de Ajustamento de Conduta (TAC) com a Embasa. A medida busca garantir a cria\u00e7\u00e3o do Centro de Refer\u00eancia Arqueol\u00f3gica da Chapada Diamantina (CRA), com sede em Seabra. A estrutura dever\u00e1 funcionar como forma de compensa\u00e7\u00e3o pelos danos atribu\u00eddos \u00e0 empresa ao patrim\u00f4nio arqueol\u00f3gico da regi\u00e3o. Conforme a Portaria n\u00ba 35, de 26 de agosto de 2026, o procedimento foi formalizado pelo procurador da Rep\u00fablica Gabriel Dalla Favera de Oliveira. A atua\u00e7\u00e3o est\u00e1 vinculada \u00e0 4\u00aa C\u00e2mara de Coordena\u00e7\u00e3o e Revis\u00e3o do MPF. O \u00f3rg\u00e3o pretende acompanhar de forma cont\u00ednua as tratativas para a elabora\u00e7\u00e3o e assinatura do acordo com a Empresa Baiana de \u00c1guas e Saneamento. Durante a tramita\u00e7\u00e3o, o MPF dever\u00e1 fiscalizar as condi\u00e7\u00f5es estabelecidas no TAC e acompanhar a implementa\u00e7\u00e3o das medidas previstas. O objetivo \u00e9 assegurar que a compensa\u00e7\u00e3o pelos danos ao patrim\u00f4nio arqueol\u00f3gico seja efetivamente executada. A atua\u00e7\u00e3o tamb\u00e9m busca garantir o cumprimento integral das obriga\u00e7\u00f5es que forem estabelecidas no acordo entre as partes. Segundo o procedimento, a cria\u00e7\u00e3o do centro arqueol\u00f3gico est\u00e1 relacionada ao ressarcimento pelos danos provocados ao Patrim\u00f4nio Arqueol\u00f3gico da Chapada Diamantina. A iniciativa dever\u00e1 estabelecer uma estrutura de refer\u00eancia para a preserva\u00e7\u00e3o desse patrim\u00f4nio. O acompanhamento do Minist\u00e9rio P\u00fablico Federal pretende evitar que as medidas previstas no acordo deixem de ser cumpridas ap\u00f3s sua formaliza\u00e7\u00e3o. Por fim, a atua\u00e7\u00e3o do MPF tem como fundamento a Constitui\u00e7\u00e3o Federal e as diretrizes do Conselho Nacional do Minist\u00e9rio P\u00fablico (CNMP). O procedimento seguir\u00e1 acompanhando as negocia\u00e7\u00f5es at\u00e9 a conclus\u00e3o do acordo e a efetiva implementa\u00e7\u00e3o das medidas previstas. A finalidade \u00e9 garantir o ressarcimento e a compensa\u00e7\u00e3o pelo patrim\u00f4nio hist\u00f3rico e cultural atingido.","og_url":"https:\/\/sudoesteacontece.com.br\/?p=29275","og_site_name":"Sudoesteacontece","article_publisher":"https:\/\/www.facebook.com\/sudoesteacontece\/?locale=pt_BR","article_published_time":"2026-09-03T15:41:33+00:00","article_modified_time":"2026-09-03T15:41:39+00:00","og_image":[{"width":900,"height":600,"url":"https:\/\/sudoesteacontece.com.br\/wp-content\/uploads\/2026\/09\/MPF-fiscaliza-acordo-com-Embasa-para-criar-centro-arqueologico-em-Seabra.jpg","type":"image\/jpeg"}],"author":"Reda\u00e7\u00e3o","twitter_card":"summary_large_image","twitter_misc":{"Escrito por":"Reda\u00e7\u00e3o","Est. tempo de leitura":"2 minutos"},"schema":{"@context":"https:\/\/schema.org","@graph":[{"@type":"Article","@id":"https:\/\/sudoesteacontece.com.br\/?p=29275#article","isPartOf":{"@id":"https:\/\/sudoesteacontece.com.br\/?p=29275"},"author":{"name":"Reda\u00e7\u00e3o","@id":"https:\/\/sudoesteacontece.com.br\/#\/schema\/person\/a4f22429c1d0923ef8f7d43343f8dc38"},"headline":"MPF fiscaliza acordo com Embasa para criar centro arqueol\u00f3gico em Seabra","datePublished":"2026-09-03T15:41:33+00:00","dateModified":"2026-09-03T15:41:39+00:00","mainEntityOfPage":{"@id":"https:\/\/sudoesteacontece.com.br\/?p=29275"},"wordCount":339,"commentCount":0,"publisher":{"@id":"https:\/\/sudoesteacontece.com.br\/#organization"},"image":{"@id":"https:\/\/sudoesteacontece.com.br\/?p=29275#primaryimage"},"thumbnailUrl":"http:\/\/sudoesteacontece.com.br\/wp-content\/uploads\/2026\/09\/MPF-fiscaliza-acordo-com-Embasa-para-criar-centro-arqueologico-em-Seabra.jpg","articleSection":["Cidades","Pol\u00edtica","Seabra"],"inLanguage":"pt-BR","potentialAction":[{"@type":"CommentAction","name":"Comment","target":["https:\/\/sudoesteacontece.com.br\/?p=29275#respond"]}]},{"@type":"WebPage","@id":"https:\/\/sudoesteacontece.com.br\/?p=29275","url":"https:\/\/sudoesteacontece.com.br\/?p=29275","name":"MPF fiscaliza acordo com Embasa para criar centro arqueol\u00f3gico em Seabra - Sudoesteacontece","isPartOf":{"@id":"https:\/\/sudoesteacontece.com.br\/#website"},"primaryImageOfPage":{"@id":"https:\/\/sudoesteacontece.com.br\/?p=29275#primaryimage"},"image":{"@id":"https:\/\/sudoesteacontece.com.br\/?p=29275#primaryimage"},"thumbnailUrl":"http:\/\/sudoesteacontece.com.br\/wp-content\/uploads\/2026\/09\/MPF-fiscaliza-acordo-com-Embasa-para-criar-centro-arqueologico-em-Seabra.jpg","datePublished":"2026-09-03T15:41:33+00:00","dateModified":"2026-09-03T15:41:39+00:00","breadcrumb":{"@id":"https:\/\/sudoesteacontece.com.br\/?p=29275#breadcrumb"},"inLanguage":"pt-BR","potentialAction":[{"@type":"ReadAction","target":["https:\/\/sudoesteacontece.com.br\/?p=29275"]}]},{"@type":"ImageObject","inLanguage":"pt-BR","@id":"https:\/\/sudoesteacontece.com.br\/?p=29275#primaryimage","url":"https:\/\/sudoesteacontece.com.br\/wp-content\/uploads\/2026\/09\/MPF-fiscaliza-acordo-com-Embasa-para-criar-centro-arqueologico-em-Seabra.jpg","contentUrl":"https:\/\/sudoesteacontece.com.br\/wp-content\/uploads\/2026\/09\/MPF-fiscaliza-acordo-com-Embasa-para-criar-centro-arqueologico-em-Seabra.jpg","width":900,"height":600},{"@type":"BreadcrumbList","@id":"https:\/\/sudoesteacontece.com.br\/?p=29275#breadcrumb","itemListElement":[{"@type":"ListItem","position":1,"name":"In\u00edcio","item":"https:\/\/sudoesteacontece.com.br\/"},{"@type":"ListItem","position":2,"name":"MPF fiscaliza acordo com Embasa para criar centro arqueol\u00f3gico em Seabra"}]},{"@type":"WebSite","@id":"https:\/\/sudoesteacontece.com.br\/#website","url":"https:\/\/sudoesteacontece.com.br\/","name":"Sudoesteacontece","description":"","publisher":{"@id":"https:\/\/sudoesteacontece.com.br\/#organization"},"potentialAction":[{"@type":"SearchAction","target":{"@type":"EntryPoint","urlTemplate":"https:\/\/sudoesteacontece.com.br\/?s={search_term_string}"},"query-input":{"@type":"PropertyValueSpecification","valueRequired":true,"valueName":"search_term_string"}}],"inLanguage":"pt-BR"},{"@type":"Organization","@id":"https:\/\/sudoesteacontece.com.br\/#organization","name":"Sudoesteacontece","url":"https:\/\/sudoesteacontece.com.br\/","logo":{"@type":"ImageObject","inLanguage":"pt-BR","@id":"https:\/\/sudoesteacontece.com.br\/#\/schema\/logo\/image\/","url":"https:\/\/sudoesteacontece.com.br\/wp-content\/uploads\/2025\/12\/cropped-logo-2-180x180-1.png","contentUrl":"https:\/\/sudoesteacontece.com.br\/wp-content\/uploads\/2025\/12\/cropped-logo-2-180x180-1.png","width":180,"height":180,"caption":"Sudoesteacontece"},"image":{"@id":"https:\/\/sudoesteacontece.com.br\/#\/schema\/logo\/image\/"},"sameAs":["https:\/\/www.facebook.com\/sudoesteacontece\/?locale=pt_BR"]},{"@type":"Person","@id":"https:\/\/sudoesteacontece.com.br\/#\/schema\/person\/a4f22429c1d0923ef8f7d43343f8dc38","name":"Reda\u00e7\u00e3o","image":{"@type":"ImageObject","inLanguage":"pt-BR","@id":"https:\/\/sudoesteacontece.com.br\/#\/schema\/person\/image\/","url":"https:\/\/secure.gravatar.com\/avatar\/c3a5b3c93f268a709c25a2df414c629a96fb3b1b4bf97a94fb3f72e54ae76903?s=96&d=mm&r=g","contentUrl":"https:\/\/secure.gravatar.com\/avatar\/c3a5b3c93f268a709c25a2df414c629a96fb3b1b4bf97a94fb3f72e54ae76903?s=96&d=mm&r=g","caption":"Reda\u00e7\u00e3o"},"url":"https:\/\/sudoesteacontece.com.br\/?author=4"}]}},"_links":{"self":[{"href":"https:\/\/sudoesteacontece.com.br\/index.php?rest_route=\/wp\/v2\/posts\/29275","targetHints":{"allow":["GET"]}}],"collection":[{"href":"https:\/\/sudoesteacontece.com.br\/index.php?rest_route=\/wp\/v2\/posts"}],"about":[{"href":"https:\/\/sudoesteacontece.com.br\/index.php?rest_route=\/wp\/v2\/types\/post"}],"author":[{"embeddable":true,"href":"https:\/\/sudoesteacontece.com.br\/index.php?rest_route=\/wp\/v2\/users\/4"}],"replies":[{"embeddable":true,"href":"https:\/\/sudoesteacontece.com.br\/index.php?rest_route=%2Fwp%2Fv2%2Fcomments&post=29275"}],"version-history":[{"count":1,"href":"https:\/\/sudoesteacontece.com.br\/index.php?rest_route=\/wp\/v2\/posts\/29275\/revisions"}],"predecessor-version":[{"id":29340,"href":"https:\/\/sudoesteacontece.com.br\/index.php?rest_route=\/wp\/v2\/posts\/29275\/revisions\/29340"}],"wp:attachment":[{"href":"https:\/\/sudoesteacontece.com.br\/index.php?rest_route=%2Fwp%2Fv2%2Fmedia&parent=29275"}],"wp:term":[{"taxonomy":"category","embeddable":true,"href":"https:\/\/sudoesteacontece.com.br\/index.php?rest_route=%2Fwp%2Fv2%2Fcategories&post=29275"},{"taxonomy":"post_tag","embeddable":true,"href":"https:\/\/sudoesteacontece.com.br\/index.php?rest_route=%2Fwp%2Fv2%2Ftags&post=29275"}],"curies":[{"name":"wp","href":"https:\/\/api.w.org\/{rel}","templated":true}]}}