{"id":2928,"date":"2025-11-18T18:06:24","date_gmt":"2025-11-18T21:06:24","guid":{"rendered":"https:\/\/sudoesteacontece.com.br\/?p=2928"},"modified":"2025-11-18T18:06:28","modified_gmt":"2025-11-18T21:06:28","slug":"nelson-leal-preve-novas-baixas-no-governo-e-destaca-forca-de-acm-neto-no-interior-da-bahia","status":"publish","type":"post","link":"https:\/\/sudoesteacontece.com.br\/?p=2928","title":{"rendered":"Nelson Leal prev\u00ea novas baixas no governo e destaca for\u00e7a de ACM Neto no interior da Bahia"},"content":{"rendered":"<div class=\"wp-block-image\">\n<figure class=\"aligncenter size-full\"><img fetchpriority=\"high\" decoding=\"async\" width=\"900\" height=\"600\" src=\"http:\/\/sudoesteacontece.com.br\/wp-content\/uploads\/2025\/11\/Nelson-Leal-preve-novas-baixas-no-governo-e-destaca-forca-de-ACM-Neto-no-interior-da-Bahia-sudoeste-acontece.jpg\" alt=\"\" class=\"wp-image-2952\" srcset=\"https:\/\/sudoesteacontece.com.br\/wp-content\/uploads\/2025\/11\/Nelson-Leal-preve-novas-baixas-no-governo-e-destaca-forca-de-ACM-Neto-no-interior-da-Bahia-sudoeste-acontece.jpg 900w, https:\/\/sudoesteacontece.com.br\/wp-content\/uploads\/2025\/11\/Nelson-Leal-preve-novas-baixas-no-governo-e-destaca-forca-de-ACM-Neto-no-interior-da-Bahia-sudoeste-acontece-300x200.jpg 300w, https:\/\/sudoesteacontece.com.br\/wp-content\/uploads\/2025\/11\/Nelson-Leal-preve-novas-baixas-no-governo-e-destaca-forca-de-ACM-Neto-no-interior-da-Bahia-sudoeste-acontece-768x512.jpg 768w\" sizes=\"(max-width: 900px) 100vw, 900px\" \/><\/figure>\n<\/div>\n\n\n<p>Deputado Nelson Leal (PP) afirmou nesta segunda-feira (18) que o clima pol\u00edtico no interior da Bahia favorece ACM Neto (Uni\u00e3o) de maneira muito mais intensa do que em 2022. Ele prev\u00ea novas baixas no grupo governista ap\u00f3s a migra\u00e7\u00e3o do deputado Cafu Barreto (PSD), movimento que ajudou a articular.<\/p>\n\n\n\n<p>Avalia\u00e7\u00e3o do pepista indica que a mudan\u00e7a de lado dele e de Cafu representa apenas o in\u00edcio de um processo maior. \u201cEstamos surpresos com a receptividade. Em 2022, quando o PP apoiou ACM Neto, houve resist\u00eancia de bases e prefeitos. Agora \u00e9 o contr\u00e1rio. A quantidade de liga\u00e7\u00f5es que recebo diariamente \u00e9 impressionante\u201d, disse. Ele contou ainda que a sede do Uni\u00e3o Brasil \u201cparecia uma feira\u201d, devido ao fluxo de lideran\u00e7as pol\u00edticas nesta segunda-feira.<\/p>\n\n\n\n<p>Sentimento no interior, segundo Leal, aponta para um cen\u00e1rio de transforma\u00e7\u00e3o nas elei\u00e7\u00f5es de 2026. \u201cN\u00e3o tenho d\u00favidas de que vem mais gente. Acredito que Neto far\u00e1 a mudan\u00e7a que a Bahia precisa\u201d, declarou. Ele afirmou que a altern\u00e2ncia de poder \u00e9 \u201csalutar\u201d ap\u00f3s cerca de 20 anos do mesmo grupo no comando do estado. \u201cQuem roda o Estado v\u00ea estruturas exauridas. Acho que a disputa n\u00e3o ser\u00e1 t\u00e3o apertada quanto se diz hoje. Ser\u00e1 mais expressiva, e acredito em vit\u00f3ria por ampla vantagem\u201d, completou.<\/p>\n\n\n\n<p>Coletiva desta segunda-feira, convocada por Cafu Barreto, reuniu a bancada da oposi\u00e7\u00e3o na Assembleia Legislativa. Durante a entrevista, Nelson Leal tamb\u00e9m explicou por que decidiu n\u00e3o concorrer a mais uma reelei\u00e7\u00e3o ap\u00f3s 27 anos na Casa.<\/p>\n\n\n\n<p>Declara\u00e7\u00e3o dele foi direta: \u201cS\u00f3 Neto me convenceu a n\u00e3o ser candidato. Coloco de lado o mandato em prol de algo maior: trazer a Bahia de volta ao caminho da prosperidade\u201d. O deputado afirmou viver um \u201ccansa\u00e7o natural\u201d ap\u00f3s quase tr\u00eas d\u00e9cadas de rotina parlamentar, mas disse estar motivado pelo novo projeto pol\u00edtico.<\/p>\n","protected":false},"excerpt":{"rendered":"<p>Deputado Nelson Leal (PP) afirmou nesta segunda-feira (18) que o clima pol\u00edtico no interior da Bahia favorece ACM Neto (Uni\u00e3o) de maneira muito mais intensa do que em 2022. Ele prev\u00ea novas baixas no grupo governista ap\u00f3s a migra\u00e7\u00e3o do deputado Cafu Barreto (PSD), movimento que ajudou a articular. Avalia\u00e7\u00e3o do pepista indica que a mudan\u00e7a de lado dele e de Cafu representa apenas o in\u00edcio de um processo maior. \u201cEstamos surpresos com a receptividade. Em 2022, quando o PP apoiou ACM Neto, houve resist\u00eancia de bases e prefeitos. Agora \u00e9 o contr\u00e1rio. A quantidade de liga\u00e7\u00f5es que recebo diariamente \u00e9 impressionante\u201d, disse. Ele contou ainda que a sede do Uni\u00e3o Brasil \u201cparecia uma feira\u201d, devido ao fluxo de lideran\u00e7as pol\u00edticas nesta segunda-feira. Sentimento no interior, segundo Leal, aponta para um cen\u00e1rio de transforma\u00e7\u00e3o nas elei\u00e7\u00f5es de 2026. \u201cN\u00e3o tenho d\u00favidas de que vem mais gente. Acredito que Neto far\u00e1 a mudan\u00e7a que a Bahia precisa\u201d, declarou. Ele afirmou que a altern\u00e2ncia de poder \u00e9 \u201csalutar\u201d ap\u00f3s cerca de 20 anos do mesmo grupo no comando do estado. \u201cQuem roda o Estado v\u00ea estruturas exauridas. Acho que a disputa n\u00e3o ser\u00e1 t\u00e3o apertada quanto se diz hoje. Ser\u00e1 mais expressiva, e acredito em vit\u00f3ria por ampla vantagem\u201d, completou. Coletiva desta segunda-feira, convocada por Cafu Barreto, reuniu a bancada da oposi\u00e7\u00e3o na Assembleia Legislativa. Durante a entrevista, Nelson Leal tamb\u00e9m explicou por que decidiu n\u00e3o concorrer a mais uma reelei\u00e7\u00e3o ap\u00f3s 27 anos na Casa. Declara\u00e7\u00e3o dele foi direta: \u201cS\u00f3 Neto me convenceu a n\u00e3o ser candidato. Coloco de lado o mandato em prol de algo maior: trazer a Bahia de volta ao caminho da prosperidade\u201d. O deputado afirmou viver um \u201ccansa\u00e7o natural\u201d ap\u00f3s quase tr\u00eas d\u00e9cadas de rotina parlamentar, mas disse estar motivado pelo novo projeto pol\u00edtico.<\/p>\n","protected":false},"author":2,"featured_media":2952,"comment_status":"open","ping_status":"open","sticky":false,"template":"","format":"standard","meta":{"footnotes":""},"categories":[7,4,58,6],"tags":[],"class_list":["post-2928","post","type-post","status-publish","format-standard","has-post-thumbnail","hentry","category-bahia","category-cidades","category-eleicoes-2026","category-politica"],"yoast_head":"<!-- This site is optimized with the Yoast SEO plugin v26.5 - https:\/\/yoast.com\/wordpress\/plugins\/seo\/ -->\n<title>Nelson Leal prev\u00ea novas baixas no governo e destaca for\u00e7a de ACM Neto no interior da Bahia - Sudoesteacontece<\/title>\n<meta name=\"robots\" content=\"index, follow, max-snippet:-1, max-image-preview:large, max-video-preview:-1\" \/>\n<link rel=\"canonical\" href=\"https:\/\/sudoesteacontece.com.br\/?p=2928\" \/>\n<meta property=\"og:locale\" content=\"pt_BR\" \/>\n<meta property=\"og:type\" content=\"article\" \/>\n<meta property=\"og:title\" content=\"Nelson Leal prev\u00ea novas baixas no governo e destaca for\u00e7a de ACM Neto no interior da Bahia - Sudoesteacontece\" \/>\n<meta property=\"og:description\" content=\"Deputado Nelson Leal (PP) afirmou nesta segunda-feira (18) que o clima pol\u00edtico no interior da Bahia favorece ACM Neto (Uni\u00e3o) de maneira muito mais intensa do que em 2022. Ele prev\u00ea novas baixas no grupo governista ap\u00f3s a migra\u00e7\u00e3o do deputado Cafu Barreto (PSD), movimento que ajudou a articular. Avalia\u00e7\u00e3o do pepista indica que a mudan\u00e7a de lado dele e de Cafu representa apenas o in\u00edcio de um processo maior. \u201cEstamos surpresos com a receptividade. Em 2022, quando o PP apoiou ACM Neto, houve resist\u00eancia de bases e prefeitos. Agora \u00e9 o contr\u00e1rio. A quantidade de liga\u00e7\u00f5es que recebo diariamente \u00e9 impressionante\u201d, disse. Ele contou ainda que a sede do Uni\u00e3o Brasil \u201cparecia uma feira\u201d, devido ao fluxo de lideran\u00e7as pol\u00edticas nesta segunda-feira. Sentimento no interior, segundo Leal, aponta para um cen\u00e1rio de transforma\u00e7\u00e3o nas elei\u00e7\u00f5es de 2026. \u201cN\u00e3o tenho d\u00favidas de que vem mais gente. Acredito que Neto far\u00e1 a mudan\u00e7a que a Bahia precisa\u201d, declarou. Ele afirmou que a altern\u00e2ncia de poder \u00e9 \u201csalutar\u201d ap\u00f3s cerca de 20 anos do mesmo grupo no comando do estado. \u201cQuem roda o Estado v\u00ea estruturas exauridas. Acho que a disputa n\u00e3o ser\u00e1 t\u00e3o apertada quanto se diz hoje. Ser\u00e1 mais expressiva, e acredito em vit\u00f3ria por ampla vantagem\u201d, completou. Coletiva desta segunda-feira, convocada por Cafu Barreto, reuniu a bancada da oposi\u00e7\u00e3o na Assembleia Legislativa. Durante a entrevista, Nelson Leal tamb\u00e9m explicou por que decidiu n\u00e3o concorrer a mais uma reelei\u00e7\u00e3o ap\u00f3s 27 anos na Casa. Declara\u00e7\u00e3o dele foi direta: \u201cS\u00f3 Neto me convenceu a n\u00e3o ser candidato. Coloco de lado o mandato em prol de algo maior: trazer a Bahia de volta ao caminho da prosperidade\u201d. O deputado afirmou viver um \u201ccansa\u00e7o natural\u201d ap\u00f3s quase tr\u00eas d\u00e9cadas de rotina parlamentar, mas disse estar motivado pelo novo projeto pol\u00edtico.\" \/>\n<meta property=\"og:url\" content=\"https:\/\/sudoesteacontece.com.br\/?p=2928\" \/>\n<meta property=\"og:site_name\" content=\"Sudoesteacontece\" \/>\n<meta property=\"article:publisher\" content=\"https:\/\/www.facebook.com\/sudoesteacontece\/?locale=pt_BR\" \/>\n<meta property=\"article:published_time\" content=\"2025-11-18T21:06:24+00:00\" \/>\n<meta property=\"article:modified_time\" content=\"2025-11-18T21:06:28+00:00\" \/>\n<meta property=\"og:image\" content=\"https:\/\/sudoesteacontece.com.br\/wp-content\/uploads\/2025\/11\/Nelson-Leal-preve-novas-baixas-no-governo-e-destaca-forca-de-ACM-Neto-no-interior-da-Bahia-sudoeste-acontece.jpg\" \/>\n\t<meta property=\"og:image:width\" content=\"900\" \/>\n\t<meta property=\"og:image:height\" content=\"600\" \/>\n\t<meta property=\"og:image:type\" content=\"image\/jpeg\" \/>\n<meta name=\"author\" content=\"Washington Tiago\" \/>\n<meta name=\"twitter:card\" content=\"summary_large_image\" \/>\n<meta name=\"twitter:label1\" content=\"Escrito por\" \/>\n\t<meta name=\"twitter:data1\" content=\"Washington Tiago\" \/>\n\t<meta name=\"twitter:label2\" content=\"Est. tempo de leitura\" \/>\n\t<meta name=\"twitter:data2\" content=\"2 minutos\" \/>\n<script type=\"application\/ld+json\" class=\"yoast-schema-graph\">{\"@context\":\"https:\/\/schema.org\",\"@graph\":[{\"@type\":\"Article\",\"@id\":\"https:\/\/sudoesteacontece.com.br\/?p=2928#article\",\"isPartOf\":{\"@id\":\"https:\/\/sudoesteacontece.com.br\/?p=2928\"},\"author\":{\"name\":\"Washington Tiago\",\"@id\":\"https:\/\/sudoesteacontece.com.br\/#\/schema\/person\/3cf2cf009926a9683ebc29d5379fa79c\"},\"headline\":\"Nelson Leal prev\u00ea novas baixas no governo e destaca for\u00e7a de ACM Neto no interior da Bahia\",\"datePublished\":\"2025-11-18T21:06:24+00:00\",\"dateModified\":\"2025-11-18T21:06:28+00:00\",\"mainEntityOfPage\":{\"@id\":\"https:\/\/sudoesteacontece.com.br\/?p=2928\"},\"wordCount\":342,\"commentCount\":0,\"publisher\":{\"@id\":\"https:\/\/sudoesteacontece.com.br\/#organization\"},\"image\":{\"@id\":\"https:\/\/sudoesteacontece.com.br\/?p=2928#primaryimage\"},\"thumbnailUrl\":\"https:\/\/sudoesteacontece.com.br\/wp-content\/uploads\/2025\/11\/Nelson-Leal-preve-novas-baixas-no-governo-e-destaca-forca-de-ACM-Neto-no-interior-da-Bahia-sudoeste-acontece.jpg\",\"articleSection\":[\"Bahia\",\"Cidades\",\"Elei\u00e7\u00f5es 2026\",\"Pol\u00edtica\"],\"inLanguage\":\"pt-BR\",\"potentialAction\":[{\"@type\":\"CommentAction\",\"name\":\"Comment\",\"target\":[\"https:\/\/sudoesteacontece.com.br\/?p=2928#respond\"]}]},{\"@type\":\"WebPage\",\"@id\":\"https:\/\/sudoesteacontece.com.br\/?p=2928\",\"url\":\"https:\/\/sudoesteacontece.com.br\/?p=2928\",\"name\":\"Nelson Leal prev\u00ea novas baixas no governo e destaca for\u00e7a de ACM Neto no interior da Bahia - Sudoesteacontece\",\"isPartOf\":{\"@id\":\"https:\/\/sudoesteacontece.com.br\/#website\"},\"primaryImageOfPage\":{\"@id\":\"https:\/\/sudoesteacontece.com.br\/?p=2928#primaryimage\"},\"image\":{\"@id\":\"https:\/\/sudoesteacontece.com.br\/?p=2928#primaryimage\"},\"thumbnailUrl\":\"https:\/\/sudoesteacontece.com.br\/wp-content\/uploads\/2025\/11\/Nelson-Leal-preve-novas-baixas-no-governo-e-destaca-forca-de-ACM-Neto-no-interior-da-Bahia-sudoeste-acontece.jpg\",\"datePublished\":\"2025-11-18T21:06:24+00:00\",\"dateModified\":\"2025-11-18T21:06:28+00:00\",\"breadcrumb\":{\"@id\":\"https:\/\/sudoesteacontece.com.br\/?p=2928#breadcrumb\"},\"inLanguage\":\"pt-BR\",\"potentialAction\":[{\"@type\":\"ReadAction\",\"target\":[\"https:\/\/sudoesteacontece.com.br\/?p=2928\"]}]},{\"@type\":\"ImageObject\",\"inLanguage\":\"pt-BR\",\"@id\":\"https:\/\/sudoesteacontece.com.br\/?p=2928#primaryimage\",\"url\":\"https:\/\/sudoesteacontece.com.br\/wp-content\/uploads\/2025\/11\/Nelson-Leal-preve-novas-baixas-no-governo-e-destaca-forca-de-ACM-Neto-no-interior-da-Bahia-sudoeste-acontece.jpg\",\"contentUrl\":\"https:\/\/sudoesteacontece.com.br\/wp-content\/uploads\/2025\/11\/Nelson-Leal-preve-novas-baixas-no-governo-e-destaca-forca-de-ACM-Neto-no-interior-da-Bahia-sudoeste-acontece.jpg\",\"width\":900,\"height\":600},{\"@type\":\"BreadcrumbList\",\"@id\":\"https:\/\/sudoesteacontece.com.br\/?p=2928#breadcrumb\",\"itemListElement\":[{\"@type\":\"ListItem\",\"position\":1,\"name\":\"In\u00edcio\",\"item\":\"https:\/\/sudoesteacontece.com.br\/\"},{\"@type\":\"ListItem\",\"position\":2,\"name\":\"Nelson Leal prev\u00ea novas baixas no governo e destaca for\u00e7a de ACM Neto no interior da Bahia\"}]},{\"@type\":\"WebSite\",\"@id\":\"https:\/\/sudoesteacontece.com.br\/#website\",\"url\":\"https:\/\/sudoesteacontece.com.br\/\",\"name\":\"Sudoesteacontece\",\"description\":\"\",\"publisher\":{\"@id\":\"https:\/\/sudoesteacontece.com.br\/#organization\"},\"potentialAction\":[{\"@type\":\"SearchAction\",\"target\":{\"@type\":\"EntryPoint\",\"urlTemplate\":\"https:\/\/sudoesteacontece.com.br\/?s={search_term_string}\"},\"query-input\":{\"@type\":\"PropertyValueSpecification\",\"valueRequired\":true,\"valueName\":\"search_term_string\"}}],\"inLanguage\":\"pt-BR\"},{\"@type\":\"Organization\",\"@id\":\"https:\/\/sudoesteacontece.com.br\/#organization\",\"name\":\"Sudoesteacontece\",\"url\":\"https:\/\/sudoesteacontece.com.br\/\",\"logo\":{\"@type\":\"ImageObject\",\"inLanguage\":\"pt-BR\",\"@id\":\"https:\/\/sudoesteacontece.com.br\/#\/schema\/logo\/image\/\",\"url\":\"https:\/\/sudoesteacontece.com.br\/wp-content\/uploads\/2025\/12\/cropped-logo-2-180x180-1.png\",\"contentUrl\":\"https:\/\/sudoesteacontece.com.br\/wp-content\/uploads\/2025\/12\/cropped-logo-2-180x180-1.png\",\"width\":180,\"height\":180,\"caption\":\"Sudoesteacontece\"},\"image\":{\"@id\":\"https:\/\/sudoesteacontece.com.br\/#\/schema\/logo\/image\/\"},\"sameAs\":[\"https:\/\/www.facebook.com\/sudoesteacontece\/?locale=pt_BR\"]},{\"@type\":\"Person\",\"@id\":\"https:\/\/sudoesteacontece.com.br\/#\/schema\/person\/3cf2cf009926a9683ebc29d5379fa79c\",\"name\":\"Washington Tiago\",\"image\":{\"@type\":\"ImageObject\",\"inLanguage\":\"pt-BR\",\"@id\":\"https:\/\/sudoesteacontece.com.br\/#\/schema\/person\/image\/\",\"url\":\"https:\/\/secure.gravatar.com\/avatar\/33c43b8668157e040f9d1fe93c354bf087cbd8ba36270c1163198bd3ddcf2a56?s=96&d=mm&r=g\",\"contentUrl\":\"https:\/\/secure.gravatar.com\/avatar\/33c43b8668157e040f9d1fe93c354bf087cbd8ba36270c1163198bd3ddcf2a56?s=96&d=mm&r=g\",\"caption\":\"Washington Tiago\"},\"url\":\"https:\/\/sudoesteacontece.com.br\/?author=2\"}]}<\/script>\n<!-- \/ Yoast SEO plugin. -->","yoast_head_json":{"title":"Nelson Leal prev\u00ea novas baixas no governo e destaca for\u00e7a de ACM Neto no interior da Bahia - Sudoesteacontece","robots":{"index":"index","follow":"follow","max-snippet":"max-snippet:-1","max-image-preview":"max-image-preview:large","max-video-preview":"max-video-preview:-1"},"canonical":"https:\/\/sudoesteacontece.com.br\/?p=2928","og_locale":"pt_BR","og_type":"article","og_title":"Nelson Leal prev\u00ea novas baixas no governo e destaca for\u00e7a de ACM Neto no interior da Bahia - Sudoesteacontece","og_description":"Deputado Nelson Leal (PP) afirmou nesta segunda-feira (18) que o clima pol\u00edtico no interior da Bahia favorece ACM Neto (Uni\u00e3o) de maneira muito mais intensa do que em 2022. Ele prev\u00ea novas baixas no grupo governista ap\u00f3s a migra\u00e7\u00e3o do deputado Cafu Barreto (PSD), movimento que ajudou a articular. Avalia\u00e7\u00e3o do pepista indica que a mudan\u00e7a de lado dele e de Cafu representa apenas o in\u00edcio de um processo maior. \u201cEstamos surpresos com a receptividade. Em 2022, quando o PP apoiou ACM Neto, houve resist\u00eancia de bases e prefeitos. Agora \u00e9 o contr\u00e1rio. A quantidade de liga\u00e7\u00f5es que recebo diariamente \u00e9 impressionante\u201d, disse. Ele contou ainda que a sede do Uni\u00e3o Brasil \u201cparecia uma feira\u201d, devido ao fluxo de lideran\u00e7as pol\u00edticas nesta segunda-feira. Sentimento no interior, segundo Leal, aponta para um cen\u00e1rio de transforma\u00e7\u00e3o nas elei\u00e7\u00f5es de 2026. \u201cN\u00e3o tenho d\u00favidas de que vem mais gente. Acredito que Neto far\u00e1 a mudan\u00e7a que a Bahia precisa\u201d, declarou. Ele afirmou que a altern\u00e2ncia de poder \u00e9 \u201csalutar\u201d ap\u00f3s cerca de 20 anos do mesmo grupo no comando do estado. \u201cQuem roda o Estado v\u00ea estruturas exauridas. Acho que a disputa n\u00e3o ser\u00e1 t\u00e3o apertada quanto se diz hoje. Ser\u00e1 mais expressiva, e acredito em vit\u00f3ria por ampla vantagem\u201d, completou. Coletiva desta segunda-feira, convocada por Cafu Barreto, reuniu a bancada da oposi\u00e7\u00e3o na Assembleia Legislativa. Durante a entrevista, Nelson Leal tamb\u00e9m explicou por que decidiu n\u00e3o concorrer a mais uma reelei\u00e7\u00e3o ap\u00f3s 27 anos na Casa. Declara\u00e7\u00e3o dele foi direta: \u201cS\u00f3 Neto me convenceu a n\u00e3o ser candidato. Coloco de lado o mandato em prol de algo maior: trazer a Bahia de volta ao caminho da prosperidade\u201d. O deputado afirmou viver um \u201ccansa\u00e7o natural\u201d ap\u00f3s quase tr\u00eas d\u00e9cadas de rotina parlamentar, mas disse estar motivado pelo novo projeto pol\u00edtico.","og_url":"https:\/\/sudoesteacontece.com.br\/?p=2928","og_site_name":"Sudoesteacontece","article_publisher":"https:\/\/www.facebook.com\/sudoesteacontece\/?locale=pt_BR","article_published_time":"2025-11-18T21:06:24+00:00","article_modified_time":"2025-11-18T21:06:28+00:00","og_image":[{"width":900,"height":600,"url":"https:\/\/sudoesteacontece.com.br\/wp-content\/uploads\/2025\/11\/Nelson-Leal-preve-novas-baixas-no-governo-e-destaca-forca-de-ACM-Neto-no-interior-da-Bahia-sudoeste-acontece.jpg","type":"image\/jpeg"}],"author":"Washington Tiago","twitter_card":"summary_large_image","twitter_misc":{"Escrito por":"Washington Tiago","Est. tempo de leitura":"2 minutos"},"schema":{"@context":"https:\/\/schema.org","@graph":[{"@type":"Article","@id":"https:\/\/sudoesteacontece.com.br\/?p=2928#article","isPartOf":{"@id":"https:\/\/sudoesteacontece.com.br\/?p=2928"},"author":{"name":"Washington Tiago","@id":"https:\/\/sudoesteacontece.com.br\/#\/schema\/person\/3cf2cf009926a9683ebc29d5379fa79c"},"headline":"Nelson Leal prev\u00ea novas baixas no governo e destaca for\u00e7a de ACM Neto no interior da Bahia","datePublished":"2025-11-18T21:06:24+00:00","dateModified":"2025-11-18T21:06:28+00:00","mainEntityOfPage":{"@id":"https:\/\/sudoesteacontece.com.br\/?p=2928"},"wordCount":342,"commentCount":0,"publisher":{"@id":"https:\/\/sudoesteacontece.com.br\/#organization"},"image":{"@id":"https:\/\/sudoesteacontece.com.br\/?p=2928#primaryimage"},"thumbnailUrl":"https:\/\/sudoesteacontece.com.br\/wp-content\/uploads\/2025\/11\/Nelson-Leal-preve-novas-baixas-no-governo-e-destaca-forca-de-ACM-Neto-no-interior-da-Bahia-sudoeste-acontece.jpg","articleSection":["Bahia","Cidades","Elei\u00e7\u00f5es 2026","Pol\u00edtica"],"inLanguage":"pt-BR","potentialAction":[{"@type":"CommentAction","name":"Comment","target":["https:\/\/sudoesteacontece.com.br\/?p=2928#respond"]}]},{"@type":"WebPage","@id":"https:\/\/sudoesteacontece.com.br\/?p=2928","url":"https:\/\/sudoesteacontece.com.br\/?p=2928","name":"Nelson Leal prev\u00ea novas baixas no governo e destaca for\u00e7a de ACM Neto no interior da Bahia - Sudoesteacontece","isPartOf":{"@id":"https:\/\/sudoesteacontece.com.br\/#website"},"primaryImageOfPage":{"@id":"https:\/\/sudoesteacontece.com.br\/?p=2928#primaryimage"},"image":{"@id":"https:\/\/sudoesteacontece.com.br\/?p=2928#primaryimage"},"thumbnailUrl":"https:\/\/sudoesteacontece.com.br\/wp-content\/uploads\/2025\/11\/Nelson-Leal-preve-novas-baixas-no-governo-e-destaca-forca-de-ACM-Neto-no-interior-da-Bahia-sudoeste-acontece.jpg","datePublished":"2025-11-18T21:06:24+00:00","dateModified":"2025-11-18T21:06:28+00:00","breadcrumb":{"@id":"https:\/\/sudoesteacontece.com.br\/?p=2928#breadcrumb"},"inLanguage":"pt-BR","potentialAction":[{"@type":"ReadAction","target":["https:\/\/sudoesteacontece.com.br\/?p=2928"]}]},{"@type":"ImageObject","inLanguage":"pt-BR","@id":"https:\/\/sudoesteacontece.com.br\/?p=2928#primaryimage","url":"https:\/\/sudoesteacontece.com.br\/wp-content\/uploads\/2025\/11\/Nelson-Leal-preve-novas-baixas-no-governo-e-destaca-forca-de-ACM-Neto-no-interior-da-Bahia-sudoeste-acontece.jpg","contentUrl":"https:\/\/sudoesteacontece.com.br\/wp-content\/uploads\/2025\/11\/Nelson-Leal-preve-novas-baixas-no-governo-e-destaca-forca-de-ACM-Neto-no-interior-da-Bahia-sudoeste-acontece.jpg","width":900,"height":600},{"@type":"BreadcrumbList","@id":"https:\/\/sudoesteacontece.com.br\/?p=2928#breadcrumb","itemListElement":[{"@type":"ListItem","position":1,"name":"In\u00edcio","item":"https:\/\/sudoesteacontece.com.br\/"},{"@type":"ListItem","position":2,"name":"Nelson Leal prev\u00ea novas baixas no governo e destaca for\u00e7a de ACM Neto no interior da Bahia"}]},{"@type":"WebSite","@id":"https:\/\/sudoesteacontece.com.br\/#website","url":"https:\/\/sudoesteacontece.com.br\/","name":"Sudoesteacontece","description":"","publisher":{"@id":"https:\/\/sudoesteacontece.com.br\/#organization"},"potentialAction":[{"@type":"SearchAction","target":{"@type":"EntryPoint","urlTemplate":"https:\/\/sudoesteacontece.com.br\/?s={search_term_string}"},"query-input":{"@type":"PropertyValueSpecification","valueRequired":true,"valueName":"search_term_string"}}],"inLanguage":"pt-BR"},{"@type":"Organization","@id":"https:\/\/sudoesteacontece.com.br\/#organization","name":"Sudoesteacontece","url":"https:\/\/sudoesteacontece.com.br\/","logo":{"@type":"ImageObject","inLanguage":"pt-BR","@id":"https:\/\/sudoesteacontece.com.br\/#\/schema\/logo\/image\/","url":"https:\/\/sudoesteacontece.com.br\/wp-content\/uploads\/2025\/12\/cropped-logo-2-180x180-1.png","contentUrl":"https:\/\/sudoesteacontece.com.br\/wp-content\/uploads\/2025\/12\/cropped-logo-2-180x180-1.png","width":180,"height":180,"caption":"Sudoesteacontece"},"image":{"@id":"https:\/\/sudoesteacontece.com.br\/#\/schema\/logo\/image\/"},"sameAs":["https:\/\/www.facebook.com\/sudoesteacontece\/?locale=pt_BR"]},{"@type":"Person","@id":"https:\/\/sudoesteacontece.com.br\/#\/schema\/person\/3cf2cf009926a9683ebc29d5379fa79c","name":"Washington Tiago","image":{"@type":"ImageObject","inLanguage":"pt-BR","@id":"https:\/\/sudoesteacontece.com.br\/#\/schema\/person\/image\/","url":"https:\/\/secure.gravatar.com\/avatar\/33c43b8668157e040f9d1fe93c354bf087cbd8ba36270c1163198bd3ddcf2a56?s=96&d=mm&r=g","contentUrl":"https:\/\/secure.gravatar.com\/avatar\/33c43b8668157e040f9d1fe93c354bf087cbd8ba36270c1163198bd3ddcf2a56?s=96&d=mm&r=g","caption":"Washington Tiago"},"url":"https:\/\/sudoesteacontece.com.br\/?author=2"}]}},"_links":{"self":[{"href":"https:\/\/sudoesteacontece.com.br\/index.php?rest_route=\/wp\/v2\/posts\/2928","targetHints":{"allow":["GET"]}}],"collection":[{"href":"https:\/\/sudoesteacontece.com.br\/index.php?rest_route=\/wp\/v2\/posts"}],"about":[{"href":"https:\/\/sudoesteacontece.com.br\/index.php?rest_route=\/wp\/v2\/types\/post"}],"author":[{"embeddable":true,"href":"https:\/\/sudoesteacontece.com.br\/index.php?rest_route=\/wp\/v2\/users\/2"}],"replies":[{"embeddable":true,"href":"https:\/\/sudoesteacontece.com.br\/index.php?rest_route=%2Fwp%2Fv2%2Fcomments&post=2928"}],"version-history":[{"count":0,"href":"https:\/\/sudoesteacontece.com.br\/index.php?rest_route=\/wp\/v2\/posts\/2928\/revisions"}],"wp:featuredmedia":[{"embeddable":true,"href":"https:\/\/sudoesteacontece.com.br\/index.php?rest_route=\/wp\/v2\/media\/2952"}],"wp:attachment":[{"href":"https:\/\/sudoesteacontece.com.br\/index.php?rest_route=%2Fwp%2Fv2%2Fmedia&parent=2928"}],"wp:term":[{"taxonomy":"category","embeddable":true,"href":"https:\/\/sudoesteacontece.com.br\/index.php?rest_route=%2Fwp%2Fv2%2Fcategories&post=2928"},{"taxonomy":"post_tag","embeddable":true,"href":"https:\/\/sudoesteacontece.com.br\/index.php?rest_route=%2Fwp%2Fv2%2Ftags&post=2928"}],"curies":[{"name":"wp","href":"https:\/\/api.w.org\/{rel}","templated":true}]}}