{"id":29280,"date":"2026-09-03T12:41:01","date_gmt":"2026-09-03T15:41:01","guid":{"rendered":"https:\/\/sudoesteacontece.com.br\/?p=29280"},"modified":"2026-09-03T12:41:07","modified_gmt":"2026-09-03T15:41:07","slug":"operacao-apreende-mais-de-250-kg-de-drogas-enviadas-de-sao-paulo-para-vitoria-da-conquista","status":"publish","type":"post","link":"https:\/\/sudoesteacontece.com.br\/?p=29280","title":{"rendered":"Opera\u00e7\u00e3o apreende mais de 250 kg de drogas enviadas de S\u00e3o Paulo para Vit\u00f3ria da Conquista"},"content":{"rendered":"\n<figure class=\"wp-block-image size-full\"><img fetchpriority=\"high\" decoding=\"async\" width=\"900\" height=\"600\" src=\"http:\/\/sudoesteacontece.com.br\/wp-content\/uploads\/2026\/09\/Operacao-apreende-mais-de-250-kg-de-drogas-enviadas-de-Sao-Paulo-para-Vitoria-da-Conquista.jpg\" alt=\"\" class=\"wp-image-29320\" srcset=\"https:\/\/sudoesteacontece.com.br\/wp-content\/uploads\/2026\/09\/Operacao-apreende-mais-de-250-kg-de-drogas-enviadas-de-Sao-Paulo-para-Vitoria-da-Conquista.jpg 900w, https:\/\/sudoesteacontece.com.br\/wp-content\/uploads\/2026\/09\/Operacao-apreende-mais-de-250-kg-de-drogas-enviadas-de-Sao-Paulo-para-Vitoria-da-Conquista-300x200.jpg 300w, https:\/\/sudoesteacontece.com.br\/wp-content\/uploads\/2026\/09\/Operacao-apreende-mais-de-250-kg-de-drogas-enviadas-de-Sao-Paulo-para-Vitoria-da-Conquista-768x512.jpg 768w\" sizes=\"(max-width: 900px) 100vw, 900px\" \/><\/figure>\n\n\n\n<p class=\"wp-block-paragraph\">Uma opera\u00e7\u00e3o integrada apreendeu mais de 250 quilos de drogas na manh\u00e3 desta quinta-feira (3), em Vit\u00f3ria da Conquista, no sudoeste da Bahia. A carga, que saiu de S\u00e3o Paulo, tinha como destino o munic\u00edpio baiano. Segundo as autoridades, os entorpecentes seriam entregues a integrantes de uma fac\u00e7\u00e3o criminosa com atua\u00e7\u00e3o no estado. A a\u00e7\u00e3o reuniu equipes da Secretaria da Seguran\u00e7a P\u00fablica, Pol\u00edcia Federal, Pol\u00edcia Militar, Pol\u00edcia Civil, Pol\u00edcia Rodovi\u00e1ria Federal e FICCO Bahia.<\/p>\n\n\n\n<p class=\"wp-block-paragraph\">Com base em informa\u00e7\u00f5es de intelig\u00eancia, as for\u00e7as de seguran\u00e7a localizaram o caminh\u00e3o utilizado no transporte da carga. O ve\u00edculo foi interceptado no posto da Pol\u00edcia Rodovi\u00e1ria Federal, em Vit\u00f3ria da Conquista. Durante a fiscaliza\u00e7\u00e3o, os agentes fizeram buscas no compartimento de carga e encontraram diversos tabletes de entorpecentes escondidos no interior do caminh\u00e3o.<\/p>\n\n\n\n<p class=\"wp-block-paragraph\">Entre o material apreendido estavam aproximadamente 250 quilos de coca\u00edna, maconha e haxixe. A opera\u00e7\u00e3o identificou que as drogas eram transportadas entre os estados e chegariam ao munic\u00edpio para posterior distribui\u00e7\u00e3o. O trabalho conjunto das equipes permitiu localizar o carregamento antes que ele fosse entregue no destino indicado pelas investiga\u00e7\u00f5es.<\/p>\n\n\n\n<p class=\"wp-block-paragraph\">Ap\u00f3s a abordagem, o motorista do caminh\u00e3o foi detido e levado para a Delegacia da Pol\u00edcia Federal em Vit\u00f3ria da Conquista. Os entorpecentes tamb\u00e9m foram encaminhados \u00e0 unidade policial, onde dever\u00e3o permanecer \u00e0 disposi\u00e7\u00e3o da investiga\u00e7\u00e3o. A ocorr\u00eancia ser\u00e1 apurada pelas autoridades respons\u00e1veis pelo combate ao tr\u00e1fico de drogas.<\/p>\n\n\n\n<p class=\"wp-block-paragraph\">Segundo os \u00f3rg\u00e3os de seguran\u00e7a envolvidos, a opera\u00e7\u00e3o demonstra a atua\u00e7\u00e3o conjunta das for\u00e7as policiais no enfrentamento ao tr\u00e1fico interestadual. A integra\u00e7\u00e3o entre os setores de intelig\u00eancia e as equipes respons\u00e1veis pela abordagem permitiu interceptar a carga que seguia de S\u00e3o Paulo para o sudoeste da Bahia.<\/p>\n","protected":false},"excerpt":{"rendered":"<p>Uma opera\u00e7\u00e3o integrada apreendeu mais de 250 quilos de drogas na manh\u00e3 desta quinta-feira (3), em Vit\u00f3ria da Conquista, no sudoeste da Bahia. A carga, que saiu de S\u00e3o Paulo, tinha como destino o munic\u00edpio baiano. Segundo as autoridades, os entorpecentes seriam entregues a integrantes de uma fac\u00e7\u00e3o criminosa com atua\u00e7\u00e3o no estado. A a\u00e7\u00e3o reuniu equipes da Secretaria da Seguran\u00e7a P\u00fablica, Pol\u00edcia Federal, Pol\u00edcia Militar, Pol\u00edcia Civil, Pol\u00edcia Rodovi\u00e1ria Federal e FICCO Bahia. Com base em informa\u00e7\u00f5es de intelig\u00eancia, as for\u00e7as de seguran\u00e7a localizaram o caminh\u00e3o utilizado no transporte da carga. O ve\u00edculo foi interceptado no posto da Pol\u00edcia Rodovi\u00e1ria Federal, em Vit\u00f3ria da Conquista. Durante a fiscaliza\u00e7\u00e3o, os agentes fizeram buscas no compartimento de carga e encontraram diversos tabletes de entorpecentes escondidos no interior do caminh\u00e3o. Entre o material apreendido estavam aproximadamente 250 quilos de coca\u00edna, maconha e haxixe. A opera\u00e7\u00e3o identificou que as drogas eram transportadas entre os estados e chegariam ao munic\u00edpio para posterior distribui\u00e7\u00e3o. O trabalho conjunto das equipes permitiu localizar o carregamento antes que ele fosse entregue no destino indicado pelas investiga\u00e7\u00f5es. Ap\u00f3s a abordagem, o motorista do caminh\u00e3o foi detido e levado para a Delegacia da Pol\u00edcia Federal em Vit\u00f3ria da Conquista. Os entorpecentes tamb\u00e9m foram encaminhados \u00e0 unidade policial, onde dever\u00e3o permanecer \u00e0 disposi\u00e7\u00e3o da investiga\u00e7\u00e3o. A ocorr\u00eancia ser\u00e1 apurada pelas autoridades respons\u00e1veis pelo combate ao tr\u00e1fico de drogas. Segundo os \u00f3rg\u00e3os de seguran\u00e7a envolvidos, a opera\u00e7\u00e3o demonstra a atua\u00e7\u00e3o conjunta das for\u00e7as policiais no enfrentamento ao tr\u00e1fico interestadual. A integra\u00e7\u00e3o entre os setores de intelig\u00eancia e as equipes respons\u00e1veis pela abordagem permitiu interceptar a carga que seguia de S\u00e3o Paulo para o sudoeste da Bahia.<\/p>\n","protected":false},"author":4,"featured_media":0,"comment_status":"open","ping_status":"open","sticky":false,"template":"","format":"standard","meta":{"footnotes":""},"categories":[4,3],"tags":[],"class_list":["post-29280","post","type-post","status-publish","format-standard","hentry","category-cidades","category-policia"],"yoast_head":"<!-- This site is optimized with the Yoast SEO plugin v26.5 - https:\/\/yoast.com\/wordpress\/plugins\/seo\/ -->\n<title>Opera\u00e7\u00e3o apreende mais de 250 kg de drogas enviadas de S\u00e3o Paulo para Vit\u00f3ria da Conquista - Sudoesteacontece<\/title>\n<meta name=\"robots\" content=\"index, follow, max-snippet:-1, max-image-preview:large, max-video-preview:-1\" \/>\n<link rel=\"canonical\" href=\"https:\/\/sudoesteacontece.com.br\/?p=29280\" \/>\n<meta property=\"og:locale\" content=\"pt_BR\" \/>\n<meta property=\"og:type\" content=\"article\" \/>\n<meta property=\"og:title\" content=\"Opera\u00e7\u00e3o apreende mais de 250 kg de drogas enviadas de S\u00e3o Paulo para Vit\u00f3ria da Conquista - Sudoesteacontece\" \/>\n<meta property=\"og:description\" content=\"Uma opera\u00e7\u00e3o integrada apreendeu mais de 250 quilos de drogas na manh\u00e3 desta quinta-feira (3), em Vit\u00f3ria da Conquista, no sudoeste da Bahia. A carga, que saiu de S\u00e3o Paulo, tinha como destino o munic\u00edpio baiano. Segundo as autoridades, os entorpecentes seriam entregues a integrantes de uma fac\u00e7\u00e3o criminosa com atua\u00e7\u00e3o no estado. A a\u00e7\u00e3o reuniu equipes da Secretaria da Seguran\u00e7a P\u00fablica, Pol\u00edcia Federal, Pol\u00edcia Militar, Pol\u00edcia Civil, Pol\u00edcia Rodovi\u00e1ria Federal e FICCO Bahia. Com base em informa\u00e7\u00f5es de intelig\u00eancia, as for\u00e7as de seguran\u00e7a localizaram o caminh\u00e3o utilizado no transporte da carga. O ve\u00edculo foi interceptado no posto da Pol\u00edcia Rodovi\u00e1ria Federal, em Vit\u00f3ria da Conquista. Durante a fiscaliza\u00e7\u00e3o, os agentes fizeram buscas no compartimento de carga e encontraram diversos tabletes de entorpecentes escondidos no interior do caminh\u00e3o. Entre o material apreendido estavam aproximadamente 250 quilos de coca\u00edna, maconha e haxixe. A opera\u00e7\u00e3o identificou que as drogas eram transportadas entre os estados e chegariam ao munic\u00edpio para posterior distribui\u00e7\u00e3o. O trabalho conjunto das equipes permitiu localizar o carregamento antes que ele fosse entregue no destino indicado pelas investiga\u00e7\u00f5es. Ap\u00f3s a abordagem, o motorista do caminh\u00e3o foi detido e levado para a Delegacia da Pol\u00edcia Federal em Vit\u00f3ria da Conquista. Os entorpecentes tamb\u00e9m foram encaminhados \u00e0 unidade policial, onde dever\u00e3o permanecer \u00e0 disposi\u00e7\u00e3o da investiga\u00e7\u00e3o. A ocorr\u00eancia ser\u00e1 apurada pelas autoridades respons\u00e1veis pelo combate ao tr\u00e1fico de drogas. Segundo os \u00f3rg\u00e3os de seguran\u00e7a envolvidos, a opera\u00e7\u00e3o demonstra a atua\u00e7\u00e3o conjunta das for\u00e7as policiais no enfrentamento ao tr\u00e1fico interestadual. A integra\u00e7\u00e3o entre os setores de intelig\u00eancia e as equipes respons\u00e1veis pela abordagem permitiu interceptar a carga que seguia de S\u00e3o Paulo para o sudoeste da Bahia.\" \/>\n<meta property=\"og:url\" content=\"https:\/\/sudoesteacontece.com.br\/?p=29280\" \/>\n<meta property=\"og:site_name\" content=\"Sudoesteacontece\" \/>\n<meta property=\"article:publisher\" content=\"https:\/\/www.facebook.com\/sudoesteacontece\/?locale=pt_BR\" \/>\n<meta property=\"article:published_time\" content=\"2026-09-03T15:41:01+00:00\" \/>\n<meta property=\"article:modified_time\" content=\"2026-09-03T15:41:07+00:00\" \/>\n<meta property=\"og:image\" content=\"https:\/\/sudoesteacontece.com.br\/wp-content\/uploads\/2026\/09\/Operacao-apreende-mais-de-250-kg-de-drogas-enviadas-de-Sao-Paulo-para-Vitoria-da-Conquista.jpg\" \/>\n\t<meta property=\"og:image:width\" content=\"900\" \/>\n\t<meta property=\"og:image:height\" content=\"600\" \/>\n\t<meta property=\"og:image:type\" content=\"image\/jpeg\" \/>\n<meta name=\"author\" content=\"Reda\u00e7\u00e3o\" \/>\n<meta name=\"twitter:card\" content=\"summary_large_image\" \/>\n<meta name=\"twitter:label1\" content=\"Escrito por\" \/>\n\t<meta name=\"twitter:data1\" content=\"Reda\u00e7\u00e3o\" \/>\n\t<meta name=\"twitter:label2\" content=\"Est. tempo de leitura\" \/>\n\t<meta name=\"twitter:data2\" content=\"2 minutos\" \/>\n<script type=\"application\/ld+json\" class=\"yoast-schema-graph\">{\"@context\":\"https:\/\/schema.org\",\"@graph\":[{\"@type\":\"Article\",\"@id\":\"https:\/\/sudoesteacontece.com.br\/?p=29280#article\",\"isPartOf\":{\"@id\":\"https:\/\/sudoesteacontece.com.br\/?p=29280\"},\"author\":{\"name\":\"Reda\u00e7\u00e3o\",\"@id\":\"https:\/\/sudoesteacontece.com.br\/#\/schema\/person\/a4f22429c1d0923ef8f7d43343f8dc38\"},\"headline\":\"Opera\u00e7\u00e3o apreende mais de 250 kg de drogas enviadas de S\u00e3o Paulo para Vit\u00f3ria da Conquista\",\"datePublished\":\"2026-09-03T15:41:01+00:00\",\"dateModified\":\"2026-09-03T15:41:07+00:00\",\"mainEntityOfPage\":{\"@id\":\"https:\/\/sudoesteacontece.com.br\/?p=29280\"},\"wordCount\":338,\"commentCount\":0,\"publisher\":{\"@id\":\"https:\/\/sudoesteacontece.com.br\/#organization\"},\"image\":{\"@id\":\"https:\/\/sudoesteacontece.com.br\/?p=29280#primaryimage\"},\"thumbnailUrl\":\"http:\/\/sudoesteacontece.com.br\/wp-content\/uploads\/2026\/09\/Operacao-apreende-mais-de-250-kg-de-drogas-enviadas-de-Sao-Paulo-para-Vitoria-da-Conquista.jpg\",\"articleSection\":[\"Cidades\",\"Pol\u00edcia\"],\"inLanguage\":\"pt-BR\",\"potentialAction\":[{\"@type\":\"CommentAction\",\"name\":\"Comment\",\"target\":[\"https:\/\/sudoesteacontece.com.br\/?p=29280#respond\"]}]},{\"@type\":\"WebPage\",\"@id\":\"https:\/\/sudoesteacontece.com.br\/?p=29280\",\"url\":\"https:\/\/sudoesteacontece.com.br\/?p=29280\",\"name\":\"Opera\u00e7\u00e3o apreende mais de 250 kg de drogas enviadas de S\u00e3o Paulo para Vit\u00f3ria da Conquista - Sudoesteacontece\",\"isPartOf\":{\"@id\":\"https:\/\/sudoesteacontece.com.br\/#website\"},\"primaryImageOfPage\":{\"@id\":\"https:\/\/sudoesteacontece.com.br\/?p=29280#primaryimage\"},\"image\":{\"@id\":\"https:\/\/sudoesteacontece.com.br\/?p=29280#primaryimage\"},\"thumbnailUrl\":\"http:\/\/sudoesteacontece.com.br\/wp-content\/uploads\/2026\/09\/Operacao-apreende-mais-de-250-kg-de-drogas-enviadas-de-Sao-Paulo-para-Vitoria-da-Conquista.jpg\",\"datePublished\":\"2026-09-03T15:41:01+00:00\",\"dateModified\":\"2026-09-03T15:41:07+00:00\",\"breadcrumb\":{\"@id\":\"https:\/\/sudoesteacontece.com.br\/?p=29280#breadcrumb\"},\"inLanguage\":\"pt-BR\",\"potentialAction\":[{\"@type\":\"ReadAction\",\"target\":[\"https:\/\/sudoesteacontece.com.br\/?p=29280\"]}]},{\"@type\":\"ImageObject\",\"inLanguage\":\"pt-BR\",\"@id\":\"https:\/\/sudoesteacontece.com.br\/?p=29280#primaryimage\",\"url\":\"https:\/\/sudoesteacontece.com.br\/wp-content\/uploads\/2026\/09\/Operacao-apreende-mais-de-250-kg-de-drogas-enviadas-de-Sao-Paulo-para-Vitoria-da-Conquista.jpg\",\"contentUrl\":\"https:\/\/sudoesteacontece.com.br\/wp-content\/uploads\/2026\/09\/Operacao-apreende-mais-de-250-kg-de-drogas-enviadas-de-Sao-Paulo-para-Vitoria-da-Conquista.jpg\",\"width\":900,\"height\":600},{\"@type\":\"BreadcrumbList\",\"@id\":\"https:\/\/sudoesteacontece.com.br\/?p=29280#breadcrumb\",\"itemListElement\":[{\"@type\":\"ListItem\",\"position\":1,\"name\":\"In\u00edcio\",\"item\":\"https:\/\/sudoesteacontece.com.br\/\"},{\"@type\":\"ListItem\",\"position\":2,\"name\":\"Opera\u00e7\u00e3o apreende mais de 250 kg de drogas enviadas de S\u00e3o Paulo para Vit\u00f3ria da Conquista\"}]},{\"@type\":\"WebSite\",\"@id\":\"https:\/\/sudoesteacontece.com.br\/#website\",\"url\":\"https:\/\/sudoesteacontece.com.br\/\",\"name\":\"Sudoesteacontece\",\"description\":\"\",\"publisher\":{\"@id\":\"https:\/\/sudoesteacontece.com.br\/#organization\"},\"potentialAction\":[{\"@type\":\"SearchAction\",\"target\":{\"@type\":\"EntryPoint\",\"urlTemplate\":\"https:\/\/sudoesteacontece.com.br\/?s={search_term_string}\"},\"query-input\":{\"@type\":\"PropertyValueSpecification\",\"valueRequired\":true,\"valueName\":\"search_term_string\"}}],\"inLanguage\":\"pt-BR\"},{\"@type\":\"Organization\",\"@id\":\"https:\/\/sudoesteacontece.com.br\/#organization\",\"name\":\"Sudoesteacontece\",\"url\":\"https:\/\/sudoesteacontece.com.br\/\",\"logo\":{\"@type\":\"ImageObject\",\"inLanguage\":\"pt-BR\",\"@id\":\"https:\/\/sudoesteacontece.com.br\/#\/schema\/logo\/image\/\",\"url\":\"https:\/\/sudoesteacontece.com.br\/wp-content\/uploads\/2025\/12\/cropped-logo-2-180x180-1.png\",\"contentUrl\":\"https:\/\/sudoesteacontece.com.br\/wp-content\/uploads\/2025\/12\/cropped-logo-2-180x180-1.png\",\"width\":180,\"height\":180,\"caption\":\"Sudoesteacontece\"},\"image\":{\"@id\":\"https:\/\/sudoesteacontece.com.br\/#\/schema\/logo\/image\/\"},\"sameAs\":[\"https:\/\/www.facebook.com\/sudoesteacontece\/?locale=pt_BR\"]},{\"@type\":\"Person\",\"@id\":\"https:\/\/sudoesteacontece.com.br\/#\/schema\/person\/a4f22429c1d0923ef8f7d43343f8dc38\",\"name\":\"Reda\u00e7\u00e3o\",\"image\":{\"@type\":\"ImageObject\",\"inLanguage\":\"pt-BR\",\"@id\":\"https:\/\/sudoesteacontece.com.br\/#\/schema\/person\/image\/\",\"url\":\"https:\/\/secure.gravatar.com\/avatar\/c3a5b3c93f268a709c25a2df414c629a96fb3b1b4bf97a94fb3f72e54ae76903?s=96&d=mm&r=g\",\"contentUrl\":\"https:\/\/secure.gravatar.com\/avatar\/c3a5b3c93f268a709c25a2df414c629a96fb3b1b4bf97a94fb3f72e54ae76903?s=96&d=mm&r=g\",\"caption\":\"Reda\u00e7\u00e3o\"},\"url\":\"https:\/\/sudoesteacontece.com.br\/?author=4\"}]}<\/script>\n<!-- \/ Yoast SEO plugin. -->","yoast_head_json":{"title":"Opera\u00e7\u00e3o apreende mais de 250 kg de drogas enviadas de S\u00e3o Paulo para Vit\u00f3ria da Conquista - Sudoesteacontece","robots":{"index":"index","follow":"follow","max-snippet":"max-snippet:-1","max-image-preview":"max-image-preview:large","max-video-preview":"max-video-preview:-1"},"canonical":"https:\/\/sudoesteacontece.com.br\/?p=29280","og_locale":"pt_BR","og_type":"article","og_title":"Opera\u00e7\u00e3o apreende mais de 250 kg de drogas enviadas de S\u00e3o Paulo para Vit\u00f3ria da Conquista - Sudoesteacontece","og_description":"Uma opera\u00e7\u00e3o integrada apreendeu mais de 250 quilos de drogas na manh\u00e3 desta quinta-feira (3), em Vit\u00f3ria da Conquista, no sudoeste da Bahia. A carga, que saiu de S\u00e3o Paulo, tinha como destino o munic\u00edpio baiano. Segundo as autoridades, os entorpecentes seriam entregues a integrantes de uma fac\u00e7\u00e3o criminosa com atua\u00e7\u00e3o no estado. A a\u00e7\u00e3o reuniu equipes da Secretaria da Seguran\u00e7a P\u00fablica, Pol\u00edcia Federal, Pol\u00edcia Militar, Pol\u00edcia Civil, Pol\u00edcia Rodovi\u00e1ria Federal e FICCO Bahia. Com base em informa\u00e7\u00f5es de intelig\u00eancia, as for\u00e7as de seguran\u00e7a localizaram o caminh\u00e3o utilizado no transporte da carga. O ve\u00edculo foi interceptado no posto da Pol\u00edcia Rodovi\u00e1ria Federal, em Vit\u00f3ria da Conquista. Durante a fiscaliza\u00e7\u00e3o, os agentes fizeram buscas no compartimento de carga e encontraram diversos tabletes de entorpecentes escondidos no interior do caminh\u00e3o. Entre o material apreendido estavam aproximadamente 250 quilos de coca\u00edna, maconha e haxixe. A opera\u00e7\u00e3o identificou que as drogas eram transportadas entre os estados e chegariam ao munic\u00edpio para posterior distribui\u00e7\u00e3o. O trabalho conjunto das equipes permitiu localizar o carregamento antes que ele fosse entregue no destino indicado pelas investiga\u00e7\u00f5es. Ap\u00f3s a abordagem, o motorista do caminh\u00e3o foi detido e levado para a Delegacia da Pol\u00edcia Federal em Vit\u00f3ria da Conquista. Os entorpecentes tamb\u00e9m foram encaminhados \u00e0 unidade policial, onde dever\u00e3o permanecer \u00e0 disposi\u00e7\u00e3o da investiga\u00e7\u00e3o. A ocorr\u00eancia ser\u00e1 apurada pelas autoridades respons\u00e1veis pelo combate ao tr\u00e1fico de drogas. Segundo os \u00f3rg\u00e3os de seguran\u00e7a envolvidos, a opera\u00e7\u00e3o demonstra a atua\u00e7\u00e3o conjunta das for\u00e7as policiais no enfrentamento ao tr\u00e1fico interestadual. A integra\u00e7\u00e3o entre os setores de intelig\u00eancia e as equipes respons\u00e1veis pela abordagem permitiu interceptar a carga que seguia de S\u00e3o Paulo para o sudoeste da Bahia.","og_url":"https:\/\/sudoesteacontece.com.br\/?p=29280","og_site_name":"Sudoesteacontece","article_publisher":"https:\/\/www.facebook.com\/sudoesteacontece\/?locale=pt_BR","article_published_time":"2026-09-03T15:41:01+00:00","article_modified_time":"2026-09-03T15:41:07+00:00","og_image":[{"width":900,"height":600,"url":"https:\/\/sudoesteacontece.com.br\/wp-content\/uploads\/2026\/09\/Operacao-apreende-mais-de-250-kg-de-drogas-enviadas-de-Sao-Paulo-para-Vitoria-da-Conquista.jpg","type":"image\/jpeg"}],"author":"Reda\u00e7\u00e3o","twitter_card":"summary_large_image","twitter_misc":{"Escrito por":"Reda\u00e7\u00e3o","Est. tempo de leitura":"2 minutos"},"schema":{"@context":"https:\/\/schema.org","@graph":[{"@type":"Article","@id":"https:\/\/sudoesteacontece.com.br\/?p=29280#article","isPartOf":{"@id":"https:\/\/sudoesteacontece.com.br\/?p=29280"},"author":{"name":"Reda\u00e7\u00e3o","@id":"https:\/\/sudoesteacontece.com.br\/#\/schema\/person\/a4f22429c1d0923ef8f7d43343f8dc38"},"headline":"Opera\u00e7\u00e3o apreende mais de 250 kg de drogas enviadas de S\u00e3o Paulo para Vit\u00f3ria da Conquista","datePublished":"2026-09-03T15:41:01+00:00","dateModified":"2026-09-03T15:41:07+00:00","mainEntityOfPage":{"@id":"https:\/\/sudoesteacontece.com.br\/?p=29280"},"wordCount":338,"commentCount":0,"publisher":{"@id":"https:\/\/sudoesteacontece.com.br\/#organization"},"image":{"@id":"https:\/\/sudoesteacontece.com.br\/?p=29280#primaryimage"},"thumbnailUrl":"http:\/\/sudoesteacontece.com.br\/wp-content\/uploads\/2026\/09\/Operacao-apreende-mais-de-250-kg-de-drogas-enviadas-de-Sao-Paulo-para-Vitoria-da-Conquista.jpg","articleSection":["Cidades","Pol\u00edcia"],"inLanguage":"pt-BR","potentialAction":[{"@type":"CommentAction","name":"Comment","target":["https:\/\/sudoesteacontece.com.br\/?p=29280#respond"]}]},{"@type":"WebPage","@id":"https:\/\/sudoesteacontece.com.br\/?p=29280","url":"https:\/\/sudoesteacontece.com.br\/?p=29280","name":"Opera\u00e7\u00e3o apreende mais de 250 kg de drogas enviadas de S\u00e3o Paulo para Vit\u00f3ria da Conquista - Sudoesteacontece","isPartOf":{"@id":"https:\/\/sudoesteacontece.com.br\/#website"},"primaryImageOfPage":{"@id":"https:\/\/sudoesteacontece.com.br\/?p=29280#primaryimage"},"image":{"@id":"https:\/\/sudoesteacontece.com.br\/?p=29280#primaryimage"},"thumbnailUrl":"http:\/\/sudoesteacontece.com.br\/wp-content\/uploads\/2026\/09\/Operacao-apreende-mais-de-250-kg-de-drogas-enviadas-de-Sao-Paulo-para-Vitoria-da-Conquista.jpg","datePublished":"2026-09-03T15:41:01+00:00","dateModified":"2026-09-03T15:41:07+00:00","breadcrumb":{"@id":"https:\/\/sudoesteacontece.com.br\/?p=29280#breadcrumb"},"inLanguage":"pt-BR","potentialAction":[{"@type":"ReadAction","target":["https:\/\/sudoesteacontece.com.br\/?p=29280"]}]},{"@type":"ImageObject","inLanguage":"pt-BR","@id":"https:\/\/sudoesteacontece.com.br\/?p=29280#primaryimage","url":"https:\/\/sudoesteacontece.com.br\/wp-content\/uploads\/2026\/09\/Operacao-apreende-mais-de-250-kg-de-drogas-enviadas-de-Sao-Paulo-para-Vitoria-da-Conquista.jpg","contentUrl":"https:\/\/sudoesteacontece.com.br\/wp-content\/uploads\/2026\/09\/Operacao-apreende-mais-de-250-kg-de-drogas-enviadas-de-Sao-Paulo-para-Vitoria-da-Conquista.jpg","width":900,"height":600},{"@type":"BreadcrumbList","@id":"https:\/\/sudoesteacontece.com.br\/?p=29280#breadcrumb","itemListElement":[{"@type":"ListItem","position":1,"name":"In\u00edcio","item":"https:\/\/sudoesteacontece.com.br\/"},{"@type":"ListItem","position":2,"name":"Opera\u00e7\u00e3o apreende mais de 250 kg de drogas enviadas de S\u00e3o Paulo para Vit\u00f3ria da Conquista"}]},{"@type":"WebSite","@id":"https:\/\/sudoesteacontece.com.br\/#website","url":"https:\/\/sudoesteacontece.com.br\/","name":"Sudoesteacontece","description":"","publisher":{"@id":"https:\/\/sudoesteacontece.com.br\/#organization"},"potentialAction":[{"@type":"SearchAction","target":{"@type":"EntryPoint","urlTemplate":"https:\/\/sudoesteacontece.com.br\/?s={search_term_string}"},"query-input":{"@type":"PropertyValueSpecification","valueRequired":true,"valueName":"search_term_string"}}],"inLanguage":"pt-BR"},{"@type":"Organization","@id":"https:\/\/sudoesteacontece.com.br\/#organization","name":"Sudoesteacontece","url":"https:\/\/sudoesteacontece.com.br\/","logo":{"@type":"ImageObject","inLanguage":"pt-BR","@id":"https:\/\/sudoesteacontece.com.br\/#\/schema\/logo\/image\/","url":"https:\/\/sudoesteacontece.com.br\/wp-content\/uploads\/2025\/12\/cropped-logo-2-180x180-1.png","contentUrl":"https:\/\/sudoesteacontece.com.br\/wp-content\/uploads\/2025\/12\/cropped-logo-2-180x180-1.png","width":180,"height":180,"caption":"Sudoesteacontece"},"image":{"@id":"https:\/\/sudoesteacontece.com.br\/#\/schema\/logo\/image\/"},"sameAs":["https:\/\/www.facebook.com\/sudoesteacontece\/?locale=pt_BR"]},{"@type":"Person","@id":"https:\/\/sudoesteacontece.com.br\/#\/schema\/person\/a4f22429c1d0923ef8f7d43343f8dc38","name":"Reda\u00e7\u00e3o","image":{"@type":"ImageObject","inLanguage":"pt-BR","@id":"https:\/\/sudoesteacontece.com.br\/#\/schema\/person\/image\/","url":"https:\/\/secure.gravatar.com\/avatar\/c3a5b3c93f268a709c25a2df414c629a96fb3b1b4bf97a94fb3f72e54ae76903?s=96&d=mm&r=g","contentUrl":"https:\/\/secure.gravatar.com\/avatar\/c3a5b3c93f268a709c25a2df414c629a96fb3b1b4bf97a94fb3f72e54ae76903?s=96&d=mm&r=g","caption":"Reda\u00e7\u00e3o"},"url":"https:\/\/sudoesteacontece.com.br\/?author=4"}]}},"_links":{"self":[{"href":"https:\/\/sudoesteacontece.com.br\/index.php?rest_route=\/wp\/v2\/posts\/29280","targetHints":{"allow":["GET"]}}],"collection":[{"href":"https:\/\/sudoesteacontece.com.br\/index.php?rest_route=\/wp\/v2\/posts"}],"about":[{"href":"https:\/\/sudoesteacontece.com.br\/index.php?rest_route=\/wp\/v2\/types\/post"}],"author":[{"embeddable":true,"href":"https:\/\/sudoesteacontece.com.br\/index.php?rest_route=\/wp\/v2\/users\/4"}],"replies":[{"embeddable":true,"href":"https:\/\/sudoesteacontece.com.br\/index.php?rest_route=%2Fwp%2Fv2%2Fcomments&post=29280"}],"version-history":[{"count":1,"href":"https:\/\/sudoesteacontece.com.br\/index.php?rest_route=\/wp\/v2\/posts\/29280\/revisions"}],"predecessor-version":[{"id":29339,"href":"https:\/\/sudoesteacontece.com.br\/index.php?rest_route=\/wp\/v2\/posts\/29280\/revisions\/29339"}],"wp:attachment":[{"href":"https:\/\/sudoesteacontece.com.br\/index.php?rest_route=%2Fwp%2Fv2%2Fmedia&parent=29280"}],"wp:term":[{"taxonomy":"category","embeddable":true,"href":"https:\/\/sudoesteacontece.com.br\/index.php?rest_route=%2Fwp%2Fv2%2Fcategories&post=29280"},{"taxonomy":"post_tag","embeddable":true,"href":"https:\/\/sudoesteacontece.com.br\/index.php?rest_route=%2Fwp%2Fv2%2Ftags&post=29280"}],"curies":[{"name":"wp","href":"https:\/\/api.w.org\/{rel}","templated":true}]}}