{"id":29281,"date":"2026-09-03T12:43:46","date_gmt":"2026-09-03T15:43:46","guid":{"rendered":"https:\/\/sudoesteacontece.com.br\/?p=29281"},"modified":"2026-09-03T12:43:51","modified_gmt":"2026-09-03T15:43:51","slug":"lula-se-distancia-de-moraes-e-adota-discurso-de-que-ninguem-esta-acima-da-lei","status":"publish","type":"post","link":"https:\/\/sudoesteacontece.com.br\/?p=29281","title":{"rendered":"Lula se distancia de Moraes e adota discurso de que ningu\u00e9m est\u00e1 acima da lei"},"content":{"rendered":"\n<figure class=\"wp-block-image size-full\"><img fetchpriority=\"high\" decoding=\"async\" width=\"900\" height=\"600\" src=\"http:\/\/sudoesteacontece.com.br\/wp-content\/uploads\/2026\/09\/Seguranca-vira-campo-de-batalha-entre-Lula-e-oposicao-na-corrida-eleitoral-de-2026-1.jpg\" alt=\"\" class=\"wp-image-29325\" srcset=\"https:\/\/sudoesteacontece.com.br\/wp-content\/uploads\/2026\/09\/Seguranca-vira-campo-de-batalha-entre-Lula-e-oposicao-na-corrida-eleitoral-de-2026-1.jpg 900w, https:\/\/sudoesteacontece.com.br\/wp-content\/uploads\/2026\/09\/Seguranca-vira-campo-de-batalha-entre-Lula-e-oposicao-na-corrida-eleitoral-de-2026-1-300x200.jpg 300w, https:\/\/sudoesteacontece.com.br\/wp-content\/uploads\/2026\/09\/Seguranca-vira-campo-de-batalha-entre-Lula-e-oposicao-na-corrida-eleitoral-de-2026-1-768x512.jpg 768w\" sizes=\"(max-width: 900px) 100vw, 900px\" \/><\/figure>\n\n\n\n<p class=\"wp-block-paragraph\">O presidente Luiz In\u00e1cio Lula da Silva conversou na ter\u00e7a-feira (1\u00ba) com o presidente do Supremo Tribunal Federal (STF), Edson Fachin, sobre a crise provocada pelas revela\u00e7\u00f5es envolvendo o ministro Alexandre de Moraes e o ex-banqueiro Daniel Vorcaro. O governo avalia como evitar que o epis\u00f3dio afete a campanha de reelei\u00e7\u00e3o.<\/p>\n\n\n\n<p class=\"wp-block-paragraph\">Lula tamb\u00e9m foi procurado pelo ministro Gilmar Mendes, que manifestou preocupa\u00e7\u00e3o com a rela\u00e7\u00e3o entre institui\u00e7\u00f5es do governo e a c\u00fapula da Pol\u00edcia Federal. A discuss\u00e3o ocorre em meio ao conflito entre o diretor-geral da PF, Andrei Rodrigues, e o ministro Andr\u00e9 Mendon\u00e7a sobre a condu\u00e7\u00e3o das investiga\u00e7\u00f5es envolvendo o Banco Master.<\/p>\n\n\n\n<p class=\"wp-block-paragraph\">Na manh\u00e3 desta quarta-feira (2), Lula discutiu o epis\u00f3dio com aliados pol\u00edticos e definiu a linha que dever\u00e1 orientar as manifesta\u00e7\u00f5es do grupo. A estrat\u00e9gia ser\u00e1 defender que ningu\u00e9m est\u00e1 acima da lei, sem citar diretamente Moraes. O presidente dever\u00e1 abordar o assunto apenas quando questionado em entrevistas. A tend\u00eancia, segundo aliados, \u00e9 que Lula adote uma postura mais moderada do que a apresentada pelo presidente do PT, Edinho Silva.<\/p>\n\n\n\n<p class=\"wp-block-paragraph\">Edinho divulgou um v\u00eddeo nas redes sociais no qual afirmou que o sistema pol\u00edtico e judicial brasileiro enfrenta uma crise e defendeu mudan\u00e7as. Segundo ele, nenhum cidad\u00e3o, governante, parlamentar ou integrante do Judici\u00e1rio deve estar acima da legisla\u00e7\u00e3o. O dirigente tamb\u00e9m prop\u00f4s um c\u00f3digo de \u00e9tica para o Judici\u00e1rio e o Minist\u00e9rio P\u00fablico, al\u00e9m do fim dos supersal\u00e1rios e da rela\u00e7\u00e3o considerada inadequada entre interesses p\u00fablicos e privados.<\/p>\n\n\n\n<p class=\"wp-block-paragraph\">Aliados pr\u00f3ximos ao presidente lembraram que Lula j\u00e1 cobrou publicamente explica\u00e7\u00f5es de seu filho F\u00e1bio Lu\u00eds, conhecido como Lulinha, alvo de tr\u00eas inqu\u00e9ritos e de suspeitas de tr\u00e1fico de influ\u00eancia. Para esse grupo, a mesma l\u00f3gica deveria ser aplicada diante das informa\u00e7\u00f5es envolvendo Moraes. O presidente, por\u00e9m, n\u00e3o pretende tomar a iniciativa de comentar o caso. A avalia\u00e7\u00e3o \u00e9 que o epis\u00f3dio n\u00e3o deve ser tratado voluntariamente como uma quest\u00e3o de governo.<\/p>\n\n\n\n<p class=\"wp-block-paragraph\">Em abril, Lula chegou a defender publicamente que Moraes deveria se declarar impedido de participar de vota\u00e7\u00f5es relacionadas ao Banco Master. Na ocasi\u00e3o, o presidente afirmou que o ministro havia constru\u00eddo uma trajet\u00f3ria importante com o julgamento dos envolvidos nos ataques de 8 de janeiro e deveria preservar essa biografia. Ap\u00f3s a declara\u00e7\u00e3o, os dois passaram por um per\u00edodo de afastamento, mas retomaram a aproxima\u00e7\u00e3o nos meses seguintes.<\/p>\n\n\n\n<p class=\"wp-block-paragraph\">As revela\u00e7\u00f5es divulgadas na ter\u00e7a-feira (1\u00ba) aumentaram a press\u00e3o sobre o ministro. Segundo as informa\u00e7\u00f5es apresentadas, Vorcaro teria perguntado a Moraes se deveria deixar o pa\u00eds dois dias antes de ser preso quando se preparava para uma viagem ao exterior. Tamb\u00e9m foi divulgado que Moraes editou um contrato de R$ 131 milh\u00f5es entre o escrit\u00f3rio de advocacia de sua mulher, Viviane Barci de Moraes, e o antigo Banco Master.<\/p>\n\n\n\n<p class=\"wp-block-paragraph\">No campo pol\u00edtico, as informa\u00e7\u00f5es foram utilizadas por aliados do senador Fl\u00e1vio Bolsonaro (PL-RJ), principal advers\u00e1rio de Lula na elei\u00e7\u00e3o presidencial. O grupo voltou a pressionar pelo impeachment de Moraes, medida defendida pelos bolsonaristas h\u00e1 anos. O ministro teve papel central nas decis\u00f5es judiciais relacionadas ao processo que resultou na pris\u00e3o de Jair Bolsonaro.<\/p>\n\n\n\n<p class=\"wp-block-paragraph\">Por fim, aliados de Lula avaliam desde o fim do ano passado que o desgaste do STF provocado pelo caso Banco Master pode atingir a popularidade do presidente. A proximidade entre Lula e integrantes da Corte marcou parte do atual governo. Nesta quarta-feira (2), pesquisa Quaest apontou Lula com 42% das inten\u00e7\u00f5es de voto contra 41% de Fl\u00e1vio Bolsonaro em uma simula\u00e7\u00e3o de segundo turno. A margem de erro \u00e9 de dois pontos percentuais, configurando empate t\u00e9cnico.<\/p>\n","protected":false},"excerpt":{"rendered":"<p>O presidente Luiz In\u00e1cio Lula da Silva conversou na ter\u00e7a-feira (1\u00ba) com o presidente do Supremo Tribunal Federal (STF), Edson Fachin, sobre a crise provocada pelas revela\u00e7\u00f5es envolvendo o ministro Alexandre de Moraes e o ex-banqueiro Daniel Vorcaro. O governo avalia como evitar que o epis\u00f3dio afete a campanha de reelei\u00e7\u00e3o. Lula tamb\u00e9m foi procurado pelo ministro Gilmar Mendes, que manifestou preocupa\u00e7\u00e3o com a rela\u00e7\u00e3o entre institui\u00e7\u00f5es do governo e a c\u00fapula da Pol\u00edcia Federal. A discuss\u00e3o ocorre em meio ao conflito entre o diretor-geral da PF, Andrei Rodrigues, e o ministro Andr\u00e9 Mendon\u00e7a sobre a condu\u00e7\u00e3o das investiga\u00e7\u00f5es envolvendo o Banco Master. Na manh\u00e3 desta quarta-feira (2), Lula discutiu o epis\u00f3dio com aliados pol\u00edticos e definiu a linha que dever\u00e1 orientar as manifesta\u00e7\u00f5es do grupo. A estrat\u00e9gia ser\u00e1 defender que ningu\u00e9m est\u00e1 acima da lei, sem citar diretamente Moraes. O presidente dever\u00e1 abordar o assunto apenas quando questionado em entrevistas. A tend\u00eancia, segundo aliados, \u00e9 que Lula adote uma postura mais moderada do que a apresentada pelo presidente do PT, Edinho Silva. Edinho divulgou um v\u00eddeo nas redes sociais no qual afirmou que o sistema pol\u00edtico e judicial brasileiro enfrenta uma crise e defendeu mudan\u00e7as. Segundo ele, nenhum cidad\u00e3o, governante, parlamentar ou integrante do Judici\u00e1rio deve estar acima da legisla\u00e7\u00e3o. O dirigente tamb\u00e9m prop\u00f4s um c\u00f3digo de \u00e9tica para o Judici\u00e1rio e o Minist\u00e9rio P\u00fablico, al\u00e9m do fim dos supersal\u00e1rios e da rela\u00e7\u00e3o considerada inadequada entre interesses p\u00fablicos e privados. Aliados pr\u00f3ximos ao presidente lembraram que Lula j\u00e1 cobrou publicamente explica\u00e7\u00f5es de seu filho F\u00e1bio Lu\u00eds, conhecido como Lulinha, alvo de tr\u00eas inqu\u00e9ritos e de suspeitas de tr\u00e1fico de influ\u00eancia. Para esse grupo, a mesma l\u00f3gica deveria ser aplicada diante das informa\u00e7\u00f5es envolvendo Moraes. O presidente, por\u00e9m, n\u00e3o pretende tomar a iniciativa de comentar o caso. A avalia\u00e7\u00e3o \u00e9 que o epis\u00f3dio n\u00e3o deve ser tratado voluntariamente como uma quest\u00e3o de governo. Em abril, Lula chegou a defender publicamente que Moraes deveria se declarar impedido de participar de vota\u00e7\u00f5es relacionadas ao Banco Master. Na ocasi\u00e3o, o presidente afirmou que o ministro havia constru\u00eddo uma trajet\u00f3ria importante com o julgamento dos envolvidos nos ataques de 8 de janeiro e deveria preservar essa biografia. Ap\u00f3s a declara\u00e7\u00e3o, os dois passaram por um per\u00edodo de afastamento, mas retomaram a aproxima\u00e7\u00e3o nos meses seguintes. As revela\u00e7\u00f5es divulgadas na ter\u00e7a-feira (1\u00ba) aumentaram a press\u00e3o sobre o ministro. Segundo as informa\u00e7\u00f5es apresentadas, Vorcaro teria perguntado a Moraes se deveria deixar o pa\u00eds dois dias antes de ser preso quando se preparava para uma viagem ao exterior. Tamb\u00e9m foi divulgado que Moraes editou um contrato de R$ 131 milh\u00f5es entre o escrit\u00f3rio de advocacia de sua mulher, Viviane Barci de Moraes, e o antigo Banco Master. No campo pol\u00edtico, as informa\u00e7\u00f5es foram utilizadas por aliados do senador Fl\u00e1vio Bolsonaro (PL-RJ), principal advers\u00e1rio de Lula na elei\u00e7\u00e3o presidencial. O grupo voltou a pressionar pelo impeachment de Moraes, medida defendida pelos bolsonaristas h\u00e1 anos. O ministro teve papel central nas decis\u00f5es judiciais relacionadas ao processo que resultou na pris\u00e3o de Jair Bolsonaro. Por fim, aliados de Lula avaliam desde o fim do ano passado que o desgaste do STF provocado pelo caso Banco Master pode atingir a popularidade do presidente. A proximidade entre Lula e integrantes da Corte marcou parte do atual governo. Nesta quarta-feira (2), pesquisa Quaest apontou Lula com 42% das inten\u00e7\u00f5es de voto contra 41% de Fl\u00e1vio Bolsonaro em uma simula\u00e7\u00e3o de segundo turno. A margem de erro \u00e9 de dois pontos percentuais, configurando empate t\u00e9cnico.<\/p>\n","protected":false},"author":4,"featured_media":0,"comment_status":"open","ping_status":"open","sticky":false,"template":"","format":"standard","meta":{"footnotes":""},"categories":[53,58,13,6],"tags":[],"class_list":["post-29281","post","type-post","status-publish","format-standard","hentry","category-brasil","category-eleicoes-2026","category-justica","category-politica"],"yoast_head":"<!-- This site is optimized with the Yoast SEO plugin v26.5 - https:\/\/yoast.com\/wordpress\/plugins\/seo\/ -->\n<title>Lula se distancia de Moraes e adota discurso de que ningu\u00e9m est\u00e1 acima da lei - Sudoesteacontece<\/title>\n<meta name=\"robots\" content=\"index, follow, max-snippet:-1, max-image-preview:large, max-video-preview:-1\" \/>\n<link rel=\"canonical\" href=\"https:\/\/sudoesteacontece.com.br\/?p=29281\" \/>\n<meta property=\"og:locale\" content=\"pt_BR\" \/>\n<meta property=\"og:type\" content=\"article\" \/>\n<meta property=\"og:title\" content=\"Lula se distancia de Moraes e adota discurso de que ningu\u00e9m est\u00e1 acima da lei - Sudoesteacontece\" \/>\n<meta property=\"og:description\" content=\"O presidente Luiz In\u00e1cio Lula da Silva conversou na ter\u00e7a-feira (1\u00ba) com o presidente do Supremo Tribunal Federal (STF), Edson Fachin, sobre a crise provocada pelas revela\u00e7\u00f5es envolvendo o ministro Alexandre de Moraes e o ex-banqueiro Daniel Vorcaro. O governo avalia como evitar que o epis\u00f3dio afete a campanha de reelei\u00e7\u00e3o. Lula tamb\u00e9m foi procurado pelo ministro Gilmar Mendes, que manifestou preocupa\u00e7\u00e3o com a rela\u00e7\u00e3o entre institui\u00e7\u00f5es do governo e a c\u00fapula da Pol\u00edcia Federal. A discuss\u00e3o ocorre em meio ao conflito entre o diretor-geral da PF, Andrei Rodrigues, e o ministro Andr\u00e9 Mendon\u00e7a sobre a condu\u00e7\u00e3o das investiga\u00e7\u00f5es envolvendo o Banco Master. Na manh\u00e3 desta quarta-feira (2), Lula discutiu o epis\u00f3dio com aliados pol\u00edticos e definiu a linha que dever\u00e1 orientar as manifesta\u00e7\u00f5es do grupo. A estrat\u00e9gia ser\u00e1 defender que ningu\u00e9m est\u00e1 acima da lei, sem citar diretamente Moraes. O presidente dever\u00e1 abordar o assunto apenas quando questionado em entrevistas. A tend\u00eancia, segundo aliados, \u00e9 que Lula adote uma postura mais moderada do que a apresentada pelo presidente do PT, Edinho Silva. Edinho divulgou um v\u00eddeo nas redes sociais no qual afirmou que o sistema pol\u00edtico e judicial brasileiro enfrenta uma crise e defendeu mudan\u00e7as. Segundo ele, nenhum cidad\u00e3o, governante, parlamentar ou integrante do Judici\u00e1rio deve estar acima da legisla\u00e7\u00e3o. O dirigente tamb\u00e9m prop\u00f4s um c\u00f3digo de \u00e9tica para o Judici\u00e1rio e o Minist\u00e9rio P\u00fablico, al\u00e9m do fim dos supersal\u00e1rios e da rela\u00e7\u00e3o considerada inadequada entre interesses p\u00fablicos e privados. Aliados pr\u00f3ximos ao presidente lembraram que Lula j\u00e1 cobrou publicamente explica\u00e7\u00f5es de seu filho F\u00e1bio Lu\u00eds, conhecido como Lulinha, alvo de tr\u00eas inqu\u00e9ritos e de suspeitas de tr\u00e1fico de influ\u00eancia. Para esse grupo, a mesma l\u00f3gica deveria ser aplicada diante das informa\u00e7\u00f5es envolvendo Moraes. O presidente, por\u00e9m, n\u00e3o pretende tomar a iniciativa de comentar o caso. A avalia\u00e7\u00e3o \u00e9 que o epis\u00f3dio n\u00e3o deve ser tratado voluntariamente como uma quest\u00e3o de governo. Em abril, Lula chegou a defender publicamente que Moraes deveria se declarar impedido de participar de vota\u00e7\u00f5es relacionadas ao Banco Master. Na ocasi\u00e3o, o presidente afirmou que o ministro havia constru\u00eddo uma trajet\u00f3ria importante com o julgamento dos envolvidos nos ataques de 8 de janeiro e deveria preservar essa biografia. Ap\u00f3s a declara\u00e7\u00e3o, os dois passaram por um per\u00edodo de afastamento, mas retomaram a aproxima\u00e7\u00e3o nos meses seguintes. As revela\u00e7\u00f5es divulgadas na ter\u00e7a-feira (1\u00ba) aumentaram a press\u00e3o sobre o ministro. Segundo as informa\u00e7\u00f5es apresentadas, Vorcaro teria perguntado a Moraes se deveria deixar o pa\u00eds dois dias antes de ser preso quando se preparava para uma viagem ao exterior. Tamb\u00e9m foi divulgado que Moraes editou um contrato de R$ 131 milh\u00f5es entre o escrit\u00f3rio de advocacia de sua mulher, Viviane Barci de Moraes, e o antigo Banco Master. No campo pol\u00edtico, as informa\u00e7\u00f5es foram utilizadas por aliados do senador Fl\u00e1vio Bolsonaro (PL-RJ), principal advers\u00e1rio de Lula na elei\u00e7\u00e3o presidencial. O grupo voltou a pressionar pelo impeachment de Moraes, medida defendida pelos bolsonaristas h\u00e1 anos. O ministro teve papel central nas decis\u00f5es judiciais relacionadas ao processo que resultou na pris\u00e3o de Jair Bolsonaro. Por fim, aliados de Lula avaliam desde o fim do ano passado que o desgaste do STF provocado pelo caso Banco Master pode atingir a popularidade do presidente. A proximidade entre Lula e integrantes da Corte marcou parte do atual governo. Nesta quarta-feira (2), pesquisa Quaest apontou Lula com 42% das inten\u00e7\u00f5es de voto contra 41% de Fl\u00e1vio Bolsonaro em uma simula\u00e7\u00e3o de segundo turno. A margem de erro \u00e9 de dois pontos percentuais, configurando empate t\u00e9cnico.\" \/>\n<meta property=\"og:url\" content=\"https:\/\/sudoesteacontece.com.br\/?p=29281\" \/>\n<meta property=\"og:site_name\" content=\"Sudoesteacontece\" \/>\n<meta property=\"article:publisher\" content=\"https:\/\/www.facebook.com\/sudoesteacontece\/?locale=pt_BR\" \/>\n<meta property=\"article:published_time\" content=\"2026-09-03T15:43:46+00:00\" \/>\n<meta property=\"article:modified_time\" content=\"2026-09-03T15:43:51+00:00\" \/>\n<meta property=\"og:image\" content=\"https:\/\/sudoesteacontece.com.br\/wp-content\/uploads\/2026\/09\/Seguranca-vira-campo-de-batalha-entre-Lula-e-oposicao-na-corrida-eleitoral-de-2026-1.jpg\" \/>\n\t<meta property=\"og:image:width\" content=\"900\" \/>\n\t<meta property=\"og:image:height\" content=\"600\" \/>\n\t<meta property=\"og:image:type\" content=\"image\/jpeg\" \/>\n<meta name=\"author\" content=\"Reda\u00e7\u00e3o\" \/>\n<meta name=\"twitter:card\" content=\"summary_large_image\" \/>\n<meta name=\"twitter:label1\" content=\"Escrito por\" \/>\n\t<meta name=\"twitter:data1\" content=\"Reda\u00e7\u00e3o\" \/>\n\t<meta name=\"twitter:label2\" content=\"Est. tempo de leitura\" \/>\n\t<meta name=\"twitter:data2\" content=\"4 minutos\" \/>\n<script type=\"application\/ld+json\" class=\"yoast-schema-graph\">{\"@context\":\"https:\/\/schema.org\",\"@graph\":[{\"@type\":\"Article\",\"@id\":\"https:\/\/sudoesteacontece.com.br\/?p=29281#article\",\"isPartOf\":{\"@id\":\"https:\/\/sudoesteacontece.com.br\/?p=29281\"},\"author\":{\"name\":\"Reda\u00e7\u00e3o\",\"@id\":\"https:\/\/sudoesteacontece.com.br\/#\/schema\/person\/a4f22429c1d0923ef8f7d43343f8dc38\"},\"headline\":\"Lula se distancia de Moraes e adota discurso de que ningu\u00e9m est\u00e1 acima da lei\",\"datePublished\":\"2026-09-03T15:43:46+00:00\",\"dateModified\":\"2026-09-03T15:43:51+00:00\",\"mainEntityOfPage\":{\"@id\":\"https:\/\/sudoesteacontece.com.br\/?p=29281\"},\"wordCount\":666,\"commentCount\":0,\"publisher\":{\"@id\":\"https:\/\/sudoesteacontece.com.br\/#organization\"},\"image\":{\"@id\":\"https:\/\/sudoesteacontece.com.br\/?p=29281#primaryimage\"},\"thumbnailUrl\":\"http:\/\/sudoesteacontece.com.br\/wp-content\/uploads\/2026\/09\/Seguranca-vira-campo-de-batalha-entre-Lula-e-oposicao-na-corrida-eleitoral-de-2026-1.jpg\",\"articleSection\":[\"Brasil\",\"Elei\u00e7\u00f5es 2026\",\"Justi\u00e7a\",\"Pol\u00edtica\"],\"inLanguage\":\"pt-BR\",\"potentialAction\":[{\"@type\":\"CommentAction\",\"name\":\"Comment\",\"target\":[\"https:\/\/sudoesteacontece.com.br\/?p=29281#respond\"]}]},{\"@type\":\"WebPage\",\"@id\":\"https:\/\/sudoesteacontece.com.br\/?p=29281\",\"url\":\"https:\/\/sudoesteacontece.com.br\/?p=29281\",\"name\":\"Lula se distancia de Moraes e adota discurso de que ningu\u00e9m est\u00e1 acima da lei - Sudoesteacontece\",\"isPartOf\":{\"@id\":\"https:\/\/sudoesteacontece.com.br\/#website\"},\"primaryImageOfPage\":{\"@id\":\"https:\/\/sudoesteacontece.com.br\/?p=29281#primaryimage\"},\"image\":{\"@id\":\"https:\/\/sudoesteacontece.com.br\/?p=29281#primaryimage\"},\"thumbnailUrl\":\"http:\/\/sudoesteacontece.com.br\/wp-content\/uploads\/2026\/09\/Seguranca-vira-campo-de-batalha-entre-Lula-e-oposicao-na-corrida-eleitoral-de-2026-1.jpg\",\"datePublished\":\"2026-09-03T15:43:46+00:00\",\"dateModified\":\"2026-09-03T15:43:51+00:00\",\"breadcrumb\":{\"@id\":\"https:\/\/sudoesteacontece.com.br\/?p=29281#breadcrumb\"},\"inLanguage\":\"pt-BR\",\"potentialAction\":[{\"@type\":\"ReadAction\",\"target\":[\"https:\/\/sudoesteacontece.com.br\/?p=29281\"]}]},{\"@type\":\"ImageObject\",\"inLanguage\":\"pt-BR\",\"@id\":\"https:\/\/sudoesteacontece.com.br\/?p=29281#primaryimage\",\"url\":\"https:\/\/sudoesteacontece.com.br\/wp-content\/uploads\/2026\/09\/Seguranca-vira-campo-de-batalha-entre-Lula-e-oposicao-na-corrida-eleitoral-de-2026-1.jpg\",\"contentUrl\":\"https:\/\/sudoesteacontece.com.br\/wp-content\/uploads\/2026\/09\/Seguranca-vira-campo-de-batalha-entre-Lula-e-oposicao-na-corrida-eleitoral-de-2026-1.jpg\",\"width\":900,\"height\":600},{\"@type\":\"BreadcrumbList\",\"@id\":\"https:\/\/sudoesteacontece.com.br\/?p=29281#breadcrumb\",\"itemListElement\":[{\"@type\":\"ListItem\",\"position\":1,\"name\":\"In\u00edcio\",\"item\":\"https:\/\/sudoesteacontece.com.br\/\"},{\"@type\":\"ListItem\",\"position\":2,\"name\":\"Lula se distancia de Moraes e adota discurso de que ningu\u00e9m est\u00e1 acima da lei\"}]},{\"@type\":\"WebSite\",\"@id\":\"https:\/\/sudoesteacontece.com.br\/#website\",\"url\":\"https:\/\/sudoesteacontece.com.br\/\",\"name\":\"Sudoesteacontece\",\"description\":\"\",\"publisher\":{\"@id\":\"https:\/\/sudoesteacontece.com.br\/#organization\"},\"potentialAction\":[{\"@type\":\"SearchAction\",\"target\":{\"@type\":\"EntryPoint\",\"urlTemplate\":\"https:\/\/sudoesteacontece.com.br\/?s={search_term_string}\"},\"query-input\":{\"@type\":\"PropertyValueSpecification\",\"valueRequired\":true,\"valueName\":\"search_term_string\"}}],\"inLanguage\":\"pt-BR\"},{\"@type\":\"Organization\",\"@id\":\"https:\/\/sudoesteacontece.com.br\/#organization\",\"name\":\"Sudoesteacontece\",\"url\":\"https:\/\/sudoesteacontece.com.br\/\",\"logo\":{\"@type\":\"ImageObject\",\"inLanguage\":\"pt-BR\",\"@id\":\"https:\/\/sudoesteacontece.com.br\/#\/schema\/logo\/image\/\",\"url\":\"https:\/\/sudoesteacontece.com.br\/wp-content\/uploads\/2025\/12\/cropped-logo-2-180x180-1.png\",\"contentUrl\":\"https:\/\/sudoesteacontece.com.br\/wp-content\/uploads\/2025\/12\/cropped-logo-2-180x180-1.png\",\"width\":180,\"height\":180,\"caption\":\"Sudoesteacontece\"},\"image\":{\"@id\":\"https:\/\/sudoesteacontece.com.br\/#\/schema\/logo\/image\/\"},\"sameAs\":[\"https:\/\/www.facebook.com\/sudoesteacontece\/?locale=pt_BR\"]},{\"@type\":\"Person\",\"@id\":\"https:\/\/sudoesteacontece.com.br\/#\/schema\/person\/a4f22429c1d0923ef8f7d43343f8dc38\",\"name\":\"Reda\u00e7\u00e3o\",\"image\":{\"@type\":\"ImageObject\",\"inLanguage\":\"pt-BR\",\"@id\":\"https:\/\/sudoesteacontece.com.br\/#\/schema\/person\/image\/\",\"url\":\"https:\/\/secure.gravatar.com\/avatar\/c3a5b3c93f268a709c25a2df414c629a96fb3b1b4bf97a94fb3f72e54ae76903?s=96&d=mm&r=g\",\"contentUrl\":\"https:\/\/secure.gravatar.com\/avatar\/c3a5b3c93f268a709c25a2df414c629a96fb3b1b4bf97a94fb3f72e54ae76903?s=96&d=mm&r=g\",\"caption\":\"Reda\u00e7\u00e3o\"},\"url\":\"https:\/\/sudoesteacontece.com.br\/?author=4\"}]}<\/script>\n<!-- \/ Yoast SEO plugin. -->","yoast_head_json":{"title":"Lula se distancia de Moraes e adota discurso de que ningu\u00e9m est\u00e1 acima da lei - Sudoesteacontece","robots":{"index":"index","follow":"follow","max-snippet":"max-snippet:-1","max-image-preview":"max-image-preview:large","max-video-preview":"max-video-preview:-1"},"canonical":"https:\/\/sudoesteacontece.com.br\/?p=29281","og_locale":"pt_BR","og_type":"article","og_title":"Lula se distancia de Moraes e adota discurso de que ningu\u00e9m est\u00e1 acima da lei - Sudoesteacontece","og_description":"O presidente Luiz In\u00e1cio Lula da Silva conversou na ter\u00e7a-feira (1\u00ba) com o presidente do Supremo Tribunal Federal (STF), Edson Fachin, sobre a crise provocada pelas revela\u00e7\u00f5es envolvendo o ministro Alexandre de Moraes e o ex-banqueiro Daniel Vorcaro. O governo avalia como evitar que o epis\u00f3dio afete a campanha de reelei\u00e7\u00e3o. Lula tamb\u00e9m foi procurado pelo ministro Gilmar Mendes, que manifestou preocupa\u00e7\u00e3o com a rela\u00e7\u00e3o entre institui\u00e7\u00f5es do governo e a c\u00fapula da Pol\u00edcia Federal. A discuss\u00e3o ocorre em meio ao conflito entre o diretor-geral da PF, Andrei Rodrigues, e o ministro Andr\u00e9 Mendon\u00e7a sobre a condu\u00e7\u00e3o das investiga\u00e7\u00f5es envolvendo o Banco Master. Na manh\u00e3 desta quarta-feira (2), Lula discutiu o epis\u00f3dio com aliados pol\u00edticos e definiu a linha que dever\u00e1 orientar as manifesta\u00e7\u00f5es do grupo. A estrat\u00e9gia ser\u00e1 defender que ningu\u00e9m est\u00e1 acima da lei, sem citar diretamente Moraes. O presidente dever\u00e1 abordar o assunto apenas quando questionado em entrevistas. A tend\u00eancia, segundo aliados, \u00e9 que Lula adote uma postura mais moderada do que a apresentada pelo presidente do PT, Edinho Silva. Edinho divulgou um v\u00eddeo nas redes sociais no qual afirmou que o sistema pol\u00edtico e judicial brasileiro enfrenta uma crise e defendeu mudan\u00e7as. Segundo ele, nenhum cidad\u00e3o, governante, parlamentar ou integrante do Judici\u00e1rio deve estar acima da legisla\u00e7\u00e3o. O dirigente tamb\u00e9m prop\u00f4s um c\u00f3digo de \u00e9tica para o Judici\u00e1rio e o Minist\u00e9rio P\u00fablico, al\u00e9m do fim dos supersal\u00e1rios e da rela\u00e7\u00e3o considerada inadequada entre interesses p\u00fablicos e privados. Aliados pr\u00f3ximos ao presidente lembraram que Lula j\u00e1 cobrou publicamente explica\u00e7\u00f5es de seu filho F\u00e1bio Lu\u00eds, conhecido como Lulinha, alvo de tr\u00eas inqu\u00e9ritos e de suspeitas de tr\u00e1fico de influ\u00eancia. Para esse grupo, a mesma l\u00f3gica deveria ser aplicada diante das informa\u00e7\u00f5es envolvendo Moraes. O presidente, por\u00e9m, n\u00e3o pretende tomar a iniciativa de comentar o caso. A avalia\u00e7\u00e3o \u00e9 que o epis\u00f3dio n\u00e3o deve ser tratado voluntariamente como uma quest\u00e3o de governo. Em abril, Lula chegou a defender publicamente que Moraes deveria se declarar impedido de participar de vota\u00e7\u00f5es relacionadas ao Banco Master. Na ocasi\u00e3o, o presidente afirmou que o ministro havia constru\u00eddo uma trajet\u00f3ria importante com o julgamento dos envolvidos nos ataques de 8 de janeiro e deveria preservar essa biografia. Ap\u00f3s a declara\u00e7\u00e3o, os dois passaram por um per\u00edodo de afastamento, mas retomaram a aproxima\u00e7\u00e3o nos meses seguintes. As revela\u00e7\u00f5es divulgadas na ter\u00e7a-feira (1\u00ba) aumentaram a press\u00e3o sobre o ministro. Segundo as informa\u00e7\u00f5es apresentadas, Vorcaro teria perguntado a Moraes se deveria deixar o pa\u00eds dois dias antes de ser preso quando se preparava para uma viagem ao exterior. Tamb\u00e9m foi divulgado que Moraes editou um contrato de R$ 131 milh\u00f5es entre o escrit\u00f3rio de advocacia de sua mulher, Viviane Barci de Moraes, e o antigo Banco Master. No campo pol\u00edtico, as informa\u00e7\u00f5es foram utilizadas por aliados do senador Fl\u00e1vio Bolsonaro (PL-RJ), principal advers\u00e1rio de Lula na elei\u00e7\u00e3o presidencial. O grupo voltou a pressionar pelo impeachment de Moraes, medida defendida pelos bolsonaristas h\u00e1 anos. O ministro teve papel central nas decis\u00f5es judiciais relacionadas ao processo que resultou na pris\u00e3o de Jair Bolsonaro. Por fim, aliados de Lula avaliam desde o fim do ano passado que o desgaste do STF provocado pelo caso Banco Master pode atingir a popularidade do presidente. A proximidade entre Lula e integrantes da Corte marcou parte do atual governo. Nesta quarta-feira (2), pesquisa Quaest apontou Lula com 42% das inten\u00e7\u00f5es de voto contra 41% de Fl\u00e1vio Bolsonaro em uma simula\u00e7\u00e3o de segundo turno. A margem de erro \u00e9 de dois pontos percentuais, configurando empate t\u00e9cnico.","og_url":"https:\/\/sudoesteacontece.com.br\/?p=29281","og_site_name":"Sudoesteacontece","article_publisher":"https:\/\/www.facebook.com\/sudoesteacontece\/?locale=pt_BR","article_published_time":"2026-09-03T15:43:46+00:00","article_modified_time":"2026-09-03T15:43:51+00:00","og_image":[{"width":900,"height":600,"url":"https:\/\/sudoesteacontece.com.br\/wp-content\/uploads\/2026\/09\/Seguranca-vira-campo-de-batalha-entre-Lula-e-oposicao-na-corrida-eleitoral-de-2026-1.jpg","type":"image\/jpeg"}],"author":"Reda\u00e7\u00e3o","twitter_card":"summary_large_image","twitter_misc":{"Escrito por":"Reda\u00e7\u00e3o","Est. tempo de leitura":"4 minutos"},"schema":{"@context":"https:\/\/schema.org","@graph":[{"@type":"Article","@id":"https:\/\/sudoesteacontece.com.br\/?p=29281#article","isPartOf":{"@id":"https:\/\/sudoesteacontece.com.br\/?p=29281"},"author":{"name":"Reda\u00e7\u00e3o","@id":"https:\/\/sudoesteacontece.com.br\/#\/schema\/person\/a4f22429c1d0923ef8f7d43343f8dc38"},"headline":"Lula se distancia de Moraes e adota discurso de que ningu\u00e9m est\u00e1 acima da lei","datePublished":"2026-09-03T15:43:46+00:00","dateModified":"2026-09-03T15:43:51+00:00","mainEntityOfPage":{"@id":"https:\/\/sudoesteacontece.com.br\/?p=29281"},"wordCount":666,"commentCount":0,"publisher":{"@id":"https:\/\/sudoesteacontece.com.br\/#organization"},"image":{"@id":"https:\/\/sudoesteacontece.com.br\/?p=29281#primaryimage"},"thumbnailUrl":"http:\/\/sudoesteacontece.com.br\/wp-content\/uploads\/2026\/09\/Seguranca-vira-campo-de-batalha-entre-Lula-e-oposicao-na-corrida-eleitoral-de-2026-1.jpg","articleSection":["Brasil","Elei\u00e7\u00f5es 2026","Justi\u00e7a","Pol\u00edtica"],"inLanguage":"pt-BR","potentialAction":[{"@type":"CommentAction","name":"Comment","target":["https:\/\/sudoesteacontece.com.br\/?p=29281#respond"]}]},{"@type":"WebPage","@id":"https:\/\/sudoesteacontece.com.br\/?p=29281","url":"https:\/\/sudoesteacontece.com.br\/?p=29281","name":"Lula se distancia de Moraes e adota discurso de que ningu\u00e9m est\u00e1 acima da lei - Sudoesteacontece","isPartOf":{"@id":"https:\/\/sudoesteacontece.com.br\/#website"},"primaryImageOfPage":{"@id":"https:\/\/sudoesteacontece.com.br\/?p=29281#primaryimage"},"image":{"@id":"https:\/\/sudoesteacontece.com.br\/?p=29281#primaryimage"},"thumbnailUrl":"http:\/\/sudoesteacontece.com.br\/wp-content\/uploads\/2026\/09\/Seguranca-vira-campo-de-batalha-entre-Lula-e-oposicao-na-corrida-eleitoral-de-2026-1.jpg","datePublished":"2026-09-03T15:43:46+00:00","dateModified":"2026-09-03T15:43:51+00:00","breadcrumb":{"@id":"https:\/\/sudoesteacontece.com.br\/?p=29281#breadcrumb"},"inLanguage":"pt-BR","potentialAction":[{"@type":"ReadAction","target":["https:\/\/sudoesteacontece.com.br\/?p=29281"]}]},{"@type":"ImageObject","inLanguage":"pt-BR","@id":"https:\/\/sudoesteacontece.com.br\/?p=29281#primaryimage","url":"https:\/\/sudoesteacontece.com.br\/wp-content\/uploads\/2026\/09\/Seguranca-vira-campo-de-batalha-entre-Lula-e-oposicao-na-corrida-eleitoral-de-2026-1.jpg","contentUrl":"https:\/\/sudoesteacontece.com.br\/wp-content\/uploads\/2026\/09\/Seguranca-vira-campo-de-batalha-entre-Lula-e-oposicao-na-corrida-eleitoral-de-2026-1.jpg","width":900,"height":600},{"@type":"BreadcrumbList","@id":"https:\/\/sudoesteacontece.com.br\/?p=29281#breadcrumb","itemListElement":[{"@type":"ListItem","position":1,"name":"In\u00edcio","item":"https:\/\/sudoesteacontece.com.br\/"},{"@type":"ListItem","position":2,"name":"Lula se distancia de Moraes e adota discurso de que ningu\u00e9m est\u00e1 acima da lei"}]},{"@type":"WebSite","@id":"https:\/\/sudoesteacontece.com.br\/#website","url":"https:\/\/sudoesteacontece.com.br\/","name":"Sudoesteacontece","description":"","publisher":{"@id":"https:\/\/sudoesteacontece.com.br\/#organization"},"potentialAction":[{"@type":"SearchAction","target":{"@type":"EntryPoint","urlTemplate":"https:\/\/sudoesteacontece.com.br\/?s={search_term_string}"},"query-input":{"@type":"PropertyValueSpecification","valueRequired":true,"valueName":"search_term_string"}}],"inLanguage":"pt-BR"},{"@type":"Organization","@id":"https:\/\/sudoesteacontece.com.br\/#organization","name":"Sudoesteacontece","url":"https:\/\/sudoesteacontece.com.br\/","logo":{"@type":"ImageObject","inLanguage":"pt-BR","@id":"https:\/\/sudoesteacontece.com.br\/#\/schema\/logo\/image\/","url":"https:\/\/sudoesteacontece.com.br\/wp-content\/uploads\/2025\/12\/cropped-logo-2-180x180-1.png","contentUrl":"https:\/\/sudoesteacontece.com.br\/wp-content\/uploads\/2025\/12\/cropped-logo-2-180x180-1.png","width":180,"height":180,"caption":"Sudoesteacontece"},"image":{"@id":"https:\/\/sudoesteacontece.com.br\/#\/schema\/logo\/image\/"},"sameAs":["https:\/\/www.facebook.com\/sudoesteacontece\/?locale=pt_BR"]},{"@type":"Person","@id":"https:\/\/sudoesteacontece.com.br\/#\/schema\/person\/a4f22429c1d0923ef8f7d43343f8dc38","name":"Reda\u00e7\u00e3o","image":{"@type":"ImageObject","inLanguage":"pt-BR","@id":"https:\/\/sudoesteacontece.com.br\/#\/schema\/person\/image\/","url":"https:\/\/secure.gravatar.com\/avatar\/c3a5b3c93f268a709c25a2df414c629a96fb3b1b4bf97a94fb3f72e54ae76903?s=96&d=mm&r=g","contentUrl":"https:\/\/secure.gravatar.com\/avatar\/c3a5b3c93f268a709c25a2df414c629a96fb3b1b4bf97a94fb3f72e54ae76903?s=96&d=mm&r=g","caption":"Reda\u00e7\u00e3o"},"url":"https:\/\/sudoesteacontece.com.br\/?author=4"}]}},"_links":{"self":[{"href":"https:\/\/sudoesteacontece.com.br\/index.php?rest_route=\/wp\/v2\/posts\/29281","targetHints":{"allow":["GET"]}}],"collection":[{"href":"https:\/\/sudoesteacontece.com.br\/index.php?rest_route=\/wp\/v2\/posts"}],"about":[{"href":"https:\/\/sudoesteacontece.com.br\/index.php?rest_route=\/wp\/v2\/types\/post"}],"author":[{"embeddable":true,"href":"https:\/\/sudoesteacontece.com.br\/index.php?rest_route=\/wp\/v2\/users\/4"}],"replies":[{"embeddable":true,"href":"https:\/\/sudoesteacontece.com.br\/index.php?rest_route=%2Fwp%2Fv2%2Fcomments&post=29281"}],"version-history":[{"count":1,"href":"https:\/\/sudoesteacontece.com.br\/index.php?rest_route=\/wp\/v2\/posts\/29281\/revisions"}],"predecessor-version":[{"id":29344,"href":"https:\/\/sudoesteacontece.com.br\/index.php?rest_route=\/wp\/v2\/posts\/29281\/revisions\/29344"}],"wp:attachment":[{"href":"https:\/\/sudoesteacontece.com.br\/index.php?rest_route=%2Fwp%2Fv2%2Fmedia&parent=29281"}],"wp:term":[{"taxonomy":"category","embeddable":true,"href":"https:\/\/sudoesteacontece.com.br\/index.php?rest_route=%2Fwp%2Fv2%2Fcategories&post=29281"},{"taxonomy":"post_tag","embeddable":true,"href":"https:\/\/sudoesteacontece.com.br\/index.php?rest_route=%2Fwp%2Fv2%2Ftags&post=29281"}],"curies":[{"name":"wp","href":"https:\/\/api.w.org\/{rel}","templated":true}]}}