{"id":29282,"date":"2026-09-03T12:36:03","date_gmt":"2026-09-03T15:36:03","guid":{"rendered":"https:\/\/sudoesteacontece.com.br\/?p=29282"},"modified":"2026-09-03T12:36:08","modified_gmt":"2026-09-03T15:36:08","slug":"prefeita-de-mucuge-destaca-forca-feminina-e-prepara-sucessao-para-2028","status":"publish","type":"post","link":"https:\/\/sudoesteacontece.com.br\/?p=29282","title":{"rendered":"Prefeita de Mucug\u00ea destaca for\u00e7a feminina e prepara sucess\u00e3o para 2028"},"content":{"rendered":"\n<figure class=\"wp-block-image size-full\"><img fetchpriority=\"high\" decoding=\"async\" width=\"900\" height=\"600\" src=\"http:\/\/sudoesteacontece.com.br\/wp-content\/uploads\/2026\/09\/prefeita-de-mucuge.jpg\" alt=\"\" class=\"wp-image-29322\" srcset=\"https:\/\/sudoesteacontece.com.br\/wp-content\/uploads\/2026\/09\/prefeita-de-mucuge.jpg 900w, https:\/\/sudoesteacontece.com.br\/wp-content\/uploads\/2026\/09\/prefeita-de-mucuge-300x200.jpg 300w, https:\/\/sudoesteacontece.com.br\/wp-content\/uploads\/2026\/09\/prefeita-de-mucuge-768x512.jpg 768w\" sizes=\"(max-width: 900px) 100vw, 900px\" \/><\/figure>\n\n\n\n<p class=\"wp-block-paragraph\">Mucug\u00ea vive um per\u00edodo de valoriza\u00e7\u00e3o imobili\u00e1ria e crescimento da proje\u00e7\u00e3o tur\u00edstica, segundo a prefeita Ana Ol\u00edmpia Hora Medrado, conhecida como Dona Ana. Em entrevista nesta quarta-feira (2), a gestora destacou a atua\u00e7\u00e3o feminina na administra\u00e7\u00e3o p\u00fablica e afirmou que o trabalho exige responsabilidade e sensibilidade na gest\u00e3o dos recursos municipais. Aos 76 anos, ela cumpre o quinto mandato \u00e0 frente da Prefeitura de Mucug\u00ea.<\/p>\n\n\n\n<p class=\"wp-block-paragraph\">Localizado na Chapada Diamantina, o munic\u00edpio fica a 263 quil\u00f4metros de Vit\u00f3ria da Conquista e re\u00fane patrim\u00f4nio hist\u00f3rico e atrativos naturais. Mucug\u00ea foi fundada h\u00e1 178 anos e \u00e9 tombada como Patrim\u00f4nio Nacional pelo Instituto do Patrim\u00f4nio Hist\u00f3rico e Art\u00edstico Nacional (Iphan). Entre os principais pontos est\u00e3o os casar\u00f5es coloniais do s\u00e9culo XIX, a Serra do Sincor\u00e1 e o Cemit\u00e9rio Bizantino, considerado \u00fanico no Brasil.<\/p>\n\n\n\n<p class=\"wp-block-paragraph\">Segundo Dona Ana, a disposi\u00e7\u00e3o para permanecer na vida p\u00fablica est\u00e1 relacionada \u00e0 liga\u00e7\u00e3o constru\u00edda com a popula\u00e7\u00e3o. A prefeita iniciou sua trajet\u00f3ria pol\u00edtica na d\u00e9cada de 1970, quando atuou como primeira-dama, e posteriormente exerceu os cargos de vice-prefeita e prefeita. Ela tamb\u00e9m participou da cria\u00e7\u00e3o de um hospital comunit\u00e1rio por meio de um mutir\u00e3o. A gestora atribui a continuidade de sua atua\u00e7\u00e3o ao v\u00ednculo com a comunidade.<\/p>\n\n\n\n<p class=\"wp-block-paragraph\">Durante a entrevista, a prefeita defendeu a necessidade de manter proximidade com os moradores e adotar crit\u00e9rios \u00e9ticos e transparentes na administra\u00e7\u00e3o. Para ela, a perman\u00eancia na pol\u00edtica depende da coer\u00eancia entre o discurso e a pr\u00e1tica. Dona Ana afirmou que o eleitor conhece a postura dos gestores e acompanha a forma como eles conduzem suas atividades p\u00fablicas.<\/p>\n\n\n\n<p class=\"wp-block-paragraph\">Nas articula\u00e7\u00f5es para as Elei\u00e7\u00f5es 2026, Dona Ana declarou apoio ao governador Jer\u00f4nimo Rodrigues, ao presidente Luiz In\u00e1cio Lula da Silva e aos senadores Jaques Wagner e Rui Costa. A prefeita tamb\u00e9m citou apoio \u00e0s candidaturas dos deputados L\u00eddice da Mata e \u00c2ngelo Almeida. Segundo ela, a inten\u00e7\u00e3o \u00e9 contribuir para o fortalecimento das bancadas e manter as parcerias pol\u00edticas.<\/p>\n\n\n\n<p class=\"wp-block-paragraph\">Al\u00e9m disso, a gestora mencionou a parceria com o deputado federal Waldenor Pereira na busca por investimentos para a Feira Liter\u00e1ria de Mucug\u00ea, projetos educacionais e a\u00e7\u00f5es voltadas \u00e0 filarm\u00f4nica. As iniciativas fazem parte das articula\u00e7\u00f5es mantidas pelo munic\u00edpio para ampliar investimentos e apoiar atividades culturais e educacionais.<\/p>\n\n\n\n<p class=\"wp-block-paragraph\">Por fim, Dona Ana afirmou que n\u00e3o pretende disputar novas elei\u00e7\u00f5es e indicou o atual vice-prefeito, Leandro da Cunha Profeta, do Avante, como nome trabalhado para a sucess\u00e3o municipal em 2028. A indica\u00e7\u00e3o sinaliza a inten\u00e7\u00e3o de manter a continuidade do grupo pol\u00edtico que atualmente administra Mucug\u00ea.<\/p>\n","protected":false},"excerpt":{"rendered":"<p>Mucug\u00ea vive um per\u00edodo de valoriza\u00e7\u00e3o imobili\u00e1ria e crescimento da proje\u00e7\u00e3o tur\u00edstica, segundo a prefeita Ana Ol\u00edmpia Hora Medrado, conhecida como Dona Ana. Em entrevista nesta quarta-feira (2), a gestora destacou a atua\u00e7\u00e3o feminina na administra\u00e7\u00e3o p\u00fablica e afirmou que o trabalho exige responsabilidade e sensibilidade na gest\u00e3o dos recursos municipais. Aos 76 anos, ela cumpre o quinto mandato \u00e0 frente da Prefeitura de Mucug\u00ea. Localizado na Chapada Diamantina, o munic\u00edpio fica a 263 quil\u00f4metros de Vit\u00f3ria da Conquista e re\u00fane patrim\u00f4nio hist\u00f3rico e atrativos naturais. Mucug\u00ea foi fundada h\u00e1 178 anos e \u00e9 tombada como Patrim\u00f4nio Nacional pelo Instituto do Patrim\u00f4nio Hist\u00f3rico e Art\u00edstico Nacional (Iphan). Entre os principais pontos est\u00e3o os casar\u00f5es coloniais do s\u00e9culo XIX, a Serra do Sincor\u00e1 e o Cemit\u00e9rio Bizantino, considerado \u00fanico no Brasil. Segundo Dona Ana, a disposi\u00e7\u00e3o para permanecer na vida p\u00fablica est\u00e1 relacionada \u00e0 liga\u00e7\u00e3o constru\u00edda com a popula\u00e7\u00e3o. A prefeita iniciou sua trajet\u00f3ria pol\u00edtica na d\u00e9cada de 1970, quando atuou como primeira-dama, e posteriormente exerceu os cargos de vice-prefeita e prefeita. Ela tamb\u00e9m participou da cria\u00e7\u00e3o de um hospital comunit\u00e1rio por meio de um mutir\u00e3o. A gestora atribui a continuidade de sua atua\u00e7\u00e3o ao v\u00ednculo com a comunidade. Durante a entrevista, a prefeita defendeu a necessidade de manter proximidade com os moradores e adotar crit\u00e9rios \u00e9ticos e transparentes na administra\u00e7\u00e3o. Para ela, a perman\u00eancia na pol\u00edtica depende da coer\u00eancia entre o discurso e a pr\u00e1tica. Dona Ana afirmou que o eleitor conhece a postura dos gestores e acompanha a forma como eles conduzem suas atividades p\u00fablicas. Nas articula\u00e7\u00f5es para as Elei\u00e7\u00f5es 2026, Dona Ana declarou apoio ao governador Jer\u00f4nimo Rodrigues, ao presidente Luiz In\u00e1cio Lula da Silva e aos senadores Jaques Wagner e Rui Costa. A prefeita tamb\u00e9m citou apoio \u00e0s candidaturas dos deputados L\u00eddice da Mata e \u00c2ngelo Almeida. Segundo ela, a inten\u00e7\u00e3o \u00e9 contribuir para o fortalecimento das bancadas e manter as parcerias pol\u00edticas. Al\u00e9m disso, a gestora mencionou a parceria com o deputado federal Waldenor Pereira na busca por investimentos para a Feira Liter\u00e1ria de Mucug\u00ea, projetos educacionais e a\u00e7\u00f5es voltadas \u00e0 filarm\u00f4nica. As iniciativas fazem parte das articula\u00e7\u00f5es mantidas pelo munic\u00edpio para ampliar investimentos e apoiar atividades culturais e educacionais. Por fim, Dona Ana afirmou que n\u00e3o pretende disputar novas elei\u00e7\u00f5es e indicou o atual vice-prefeito, Leandro da Cunha Profeta, do Avante, como nome trabalhado para a sucess\u00e3o municipal em 2028. A indica\u00e7\u00e3o sinaliza a inten\u00e7\u00e3o de manter a continuidade do grupo pol\u00edtico que atualmente administra Mucug\u00ea.<\/p>\n","protected":false},"author":4,"featured_media":29322,"comment_status":"open","ping_status":"open","sticky":false,"template":"","format":"standard","meta":{"footnotes":""},"categories":[4,98,6],"tags":[],"class_list":["post-29282","post","type-post","status-publish","format-standard","has-post-thumbnail","hentry","category-cidades","category-mucuge","category-politica"],"yoast_head":"<!-- This site is optimized with the Yoast SEO plugin v26.5 - https:\/\/yoast.com\/wordpress\/plugins\/seo\/ -->\n<title>Prefeita de Mucug\u00ea destaca for\u00e7a feminina e prepara sucess\u00e3o para 2028 - Sudoesteacontece<\/title>\n<meta name=\"robots\" content=\"index, follow, max-snippet:-1, max-image-preview:large, max-video-preview:-1\" \/>\n<link rel=\"canonical\" href=\"https:\/\/sudoesteacontece.com.br\/?p=29282\" \/>\n<meta property=\"og:locale\" content=\"pt_BR\" \/>\n<meta property=\"og:type\" content=\"article\" \/>\n<meta property=\"og:title\" content=\"Prefeita de Mucug\u00ea destaca for\u00e7a feminina e prepara sucess\u00e3o para 2028 - Sudoesteacontece\" \/>\n<meta property=\"og:description\" content=\"Mucug\u00ea vive um per\u00edodo de valoriza\u00e7\u00e3o imobili\u00e1ria e crescimento da proje\u00e7\u00e3o tur\u00edstica, segundo a prefeita Ana Ol\u00edmpia Hora Medrado, conhecida como Dona Ana. Em entrevista nesta quarta-feira (2), a gestora destacou a atua\u00e7\u00e3o feminina na administra\u00e7\u00e3o p\u00fablica e afirmou que o trabalho exige responsabilidade e sensibilidade na gest\u00e3o dos recursos municipais. Aos 76 anos, ela cumpre o quinto mandato \u00e0 frente da Prefeitura de Mucug\u00ea. Localizado na Chapada Diamantina, o munic\u00edpio fica a 263 quil\u00f4metros de Vit\u00f3ria da Conquista e re\u00fane patrim\u00f4nio hist\u00f3rico e atrativos naturais. Mucug\u00ea foi fundada h\u00e1 178 anos e \u00e9 tombada como Patrim\u00f4nio Nacional pelo Instituto do Patrim\u00f4nio Hist\u00f3rico e Art\u00edstico Nacional (Iphan). Entre os principais pontos est\u00e3o os casar\u00f5es coloniais do s\u00e9culo XIX, a Serra do Sincor\u00e1 e o Cemit\u00e9rio Bizantino, considerado \u00fanico no Brasil. Segundo Dona Ana, a disposi\u00e7\u00e3o para permanecer na vida p\u00fablica est\u00e1 relacionada \u00e0 liga\u00e7\u00e3o constru\u00edda com a popula\u00e7\u00e3o. A prefeita iniciou sua trajet\u00f3ria pol\u00edtica na d\u00e9cada de 1970, quando atuou como primeira-dama, e posteriormente exerceu os cargos de vice-prefeita e prefeita. Ela tamb\u00e9m participou da cria\u00e7\u00e3o de um hospital comunit\u00e1rio por meio de um mutir\u00e3o. A gestora atribui a continuidade de sua atua\u00e7\u00e3o ao v\u00ednculo com a comunidade. Durante a entrevista, a prefeita defendeu a necessidade de manter proximidade com os moradores e adotar crit\u00e9rios \u00e9ticos e transparentes na administra\u00e7\u00e3o. Para ela, a perman\u00eancia na pol\u00edtica depende da coer\u00eancia entre o discurso e a pr\u00e1tica. Dona Ana afirmou que o eleitor conhece a postura dos gestores e acompanha a forma como eles conduzem suas atividades p\u00fablicas. Nas articula\u00e7\u00f5es para as Elei\u00e7\u00f5es 2026, Dona Ana declarou apoio ao governador Jer\u00f4nimo Rodrigues, ao presidente Luiz In\u00e1cio Lula da Silva e aos senadores Jaques Wagner e Rui Costa. A prefeita tamb\u00e9m citou apoio \u00e0s candidaturas dos deputados L\u00eddice da Mata e \u00c2ngelo Almeida. Segundo ela, a inten\u00e7\u00e3o \u00e9 contribuir para o fortalecimento das bancadas e manter as parcerias pol\u00edticas. Al\u00e9m disso, a gestora mencionou a parceria com o deputado federal Waldenor Pereira na busca por investimentos para a Feira Liter\u00e1ria de Mucug\u00ea, projetos educacionais e a\u00e7\u00f5es voltadas \u00e0 filarm\u00f4nica. As iniciativas fazem parte das articula\u00e7\u00f5es mantidas pelo munic\u00edpio para ampliar investimentos e apoiar atividades culturais e educacionais. Por fim, Dona Ana afirmou que n\u00e3o pretende disputar novas elei\u00e7\u00f5es e indicou o atual vice-prefeito, Leandro da Cunha Profeta, do Avante, como nome trabalhado para a sucess\u00e3o municipal em 2028. A indica\u00e7\u00e3o sinaliza a inten\u00e7\u00e3o de manter a continuidade do grupo pol\u00edtico que atualmente administra Mucug\u00ea.\" \/>\n<meta property=\"og:url\" content=\"https:\/\/sudoesteacontece.com.br\/?p=29282\" \/>\n<meta property=\"og:site_name\" content=\"Sudoesteacontece\" \/>\n<meta property=\"article:publisher\" content=\"https:\/\/www.facebook.com\/sudoesteacontece\/?locale=pt_BR\" \/>\n<meta property=\"article:published_time\" content=\"2026-09-03T15:36:03+00:00\" \/>\n<meta property=\"article:modified_time\" content=\"2026-09-03T15:36:08+00:00\" \/>\n<meta property=\"og:image\" content=\"http:\/\/sudoesteacontece.com.br\/wp-content\/uploads\/2026\/09\/prefeita-de-mucuge.jpg\" \/>\n\t<meta property=\"og:image:width\" content=\"900\" \/>\n\t<meta property=\"og:image:height\" content=\"600\" \/>\n\t<meta property=\"og:image:type\" content=\"image\/jpeg\" \/>\n<meta name=\"author\" content=\"Reda\u00e7\u00e3o\" \/>\n<meta name=\"twitter:card\" content=\"summary_large_image\" \/>\n<meta name=\"twitter:label1\" content=\"Escrito por\" \/>\n\t<meta name=\"twitter:data1\" content=\"Reda\u00e7\u00e3o\" \/>\n\t<meta name=\"twitter:label2\" content=\"Est. tempo de leitura\" \/>\n\t<meta name=\"twitter:data2\" content=\"3 minutos\" \/>\n<script type=\"application\/ld+json\" class=\"yoast-schema-graph\">{\"@context\":\"https:\/\/schema.org\",\"@graph\":[{\"@type\":\"Article\",\"@id\":\"https:\/\/sudoesteacontece.com.br\/?p=29282#article\",\"isPartOf\":{\"@id\":\"https:\/\/sudoesteacontece.com.br\/?p=29282\"},\"author\":{\"name\":\"Reda\u00e7\u00e3o\",\"@id\":\"https:\/\/sudoesteacontece.com.br\/#\/schema\/person\/a4f22429c1d0923ef8f7d43343f8dc38\"},\"headline\":\"Prefeita de Mucug\u00ea destaca for\u00e7a feminina e prepara sucess\u00e3o para 2028\",\"datePublished\":\"2026-09-03T15:36:03+00:00\",\"dateModified\":\"2026-09-03T15:36:08+00:00\",\"mainEntityOfPage\":{\"@id\":\"https:\/\/sudoesteacontece.com.br\/?p=29282\"},\"wordCount\":476,\"commentCount\":0,\"publisher\":{\"@id\":\"https:\/\/sudoesteacontece.com.br\/#organization\"},\"image\":{\"@id\":\"https:\/\/sudoesteacontece.com.br\/?p=29282#primaryimage\"},\"thumbnailUrl\":\"https:\/\/sudoesteacontece.com.br\/wp-content\/uploads\/2026\/09\/prefeita-de-mucuge.jpg\",\"articleSection\":[\"Cidades\",\"Mucug\u00ea\",\"Pol\u00edtica\"],\"inLanguage\":\"pt-BR\",\"potentialAction\":[{\"@type\":\"CommentAction\",\"name\":\"Comment\",\"target\":[\"https:\/\/sudoesteacontece.com.br\/?p=29282#respond\"]}]},{\"@type\":\"WebPage\",\"@id\":\"https:\/\/sudoesteacontece.com.br\/?p=29282\",\"url\":\"https:\/\/sudoesteacontece.com.br\/?p=29282\",\"name\":\"Prefeita de Mucug\u00ea destaca for\u00e7a feminina e prepara sucess\u00e3o para 2028 - Sudoesteacontece\",\"isPartOf\":{\"@id\":\"https:\/\/sudoesteacontece.com.br\/#website\"},\"primaryImageOfPage\":{\"@id\":\"https:\/\/sudoesteacontece.com.br\/?p=29282#primaryimage\"},\"image\":{\"@id\":\"https:\/\/sudoesteacontece.com.br\/?p=29282#primaryimage\"},\"thumbnailUrl\":\"https:\/\/sudoesteacontece.com.br\/wp-content\/uploads\/2026\/09\/prefeita-de-mucuge.jpg\",\"datePublished\":\"2026-09-03T15:36:03+00:00\",\"dateModified\":\"2026-09-03T15:36:08+00:00\",\"breadcrumb\":{\"@id\":\"https:\/\/sudoesteacontece.com.br\/?p=29282#breadcrumb\"},\"inLanguage\":\"pt-BR\",\"potentialAction\":[{\"@type\":\"ReadAction\",\"target\":[\"https:\/\/sudoesteacontece.com.br\/?p=29282\"]}]},{\"@type\":\"ImageObject\",\"inLanguage\":\"pt-BR\",\"@id\":\"https:\/\/sudoesteacontece.com.br\/?p=29282#primaryimage\",\"url\":\"https:\/\/sudoesteacontece.com.br\/wp-content\/uploads\/2026\/09\/prefeita-de-mucuge.jpg\",\"contentUrl\":\"https:\/\/sudoesteacontece.com.br\/wp-content\/uploads\/2026\/09\/prefeita-de-mucuge.jpg\",\"width\":900,\"height\":600},{\"@type\":\"BreadcrumbList\",\"@id\":\"https:\/\/sudoesteacontece.com.br\/?p=29282#breadcrumb\",\"itemListElement\":[{\"@type\":\"ListItem\",\"position\":1,\"name\":\"In\u00edcio\",\"item\":\"https:\/\/sudoesteacontece.com.br\/\"},{\"@type\":\"ListItem\",\"position\":2,\"name\":\"Prefeita de Mucug\u00ea destaca for\u00e7a feminina e prepara sucess\u00e3o para 2028\"}]},{\"@type\":\"WebSite\",\"@id\":\"https:\/\/sudoesteacontece.com.br\/#website\",\"url\":\"https:\/\/sudoesteacontece.com.br\/\",\"name\":\"Sudoesteacontece\",\"description\":\"\",\"publisher\":{\"@id\":\"https:\/\/sudoesteacontece.com.br\/#organization\"},\"potentialAction\":[{\"@type\":\"SearchAction\",\"target\":{\"@type\":\"EntryPoint\",\"urlTemplate\":\"https:\/\/sudoesteacontece.com.br\/?s={search_term_string}\"},\"query-input\":{\"@type\":\"PropertyValueSpecification\",\"valueRequired\":true,\"valueName\":\"search_term_string\"}}],\"inLanguage\":\"pt-BR\"},{\"@type\":\"Organization\",\"@id\":\"https:\/\/sudoesteacontece.com.br\/#organization\",\"name\":\"Sudoesteacontece\",\"url\":\"https:\/\/sudoesteacontece.com.br\/\",\"logo\":{\"@type\":\"ImageObject\",\"inLanguage\":\"pt-BR\",\"@id\":\"https:\/\/sudoesteacontece.com.br\/#\/schema\/logo\/image\/\",\"url\":\"https:\/\/sudoesteacontece.com.br\/wp-content\/uploads\/2025\/12\/cropped-logo-2-180x180-1.png\",\"contentUrl\":\"https:\/\/sudoesteacontece.com.br\/wp-content\/uploads\/2025\/12\/cropped-logo-2-180x180-1.png\",\"width\":180,\"height\":180,\"caption\":\"Sudoesteacontece\"},\"image\":{\"@id\":\"https:\/\/sudoesteacontece.com.br\/#\/schema\/logo\/image\/\"},\"sameAs\":[\"https:\/\/www.facebook.com\/sudoesteacontece\/?locale=pt_BR\"]},{\"@type\":\"Person\",\"@id\":\"https:\/\/sudoesteacontece.com.br\/#\/schema\/person\/a4f22429c1d0923ef8f7d43343f8dc38\",\"name\":\"Reda\u00e7\u00e3o\",\"image\":{\"@type\":\"ImageObject\",\"inLanguage\":\"pt-BR\",\"@id\":\"https:\/\/sudoesteacontece.com.br\/#\/schema\/person\/image\/\",\"url\":\"https:\/\/secure.gravatar.com\/avatar\/c3a5b3c93f268a709c25a2df414c629a96fb3b1b4bf97a94fb3f72e54ae76903?s=96&d=mm&r=g\",\"contentUrl\":\"https:\/\/secure.gravatar.com\/avatar\/c3a5b3c93f268a709c25a2df414c629a96fb3b1b4bf97a94fb3f72e54ae76903?s=96&d=mm&r=g\",\"caption\":\"Reda\u00e7\u00e3o\"},\"url\":\"https:\/\/sudoesteacontece.com.br\/?author=4\"}]}<\/script>\n<!-- \/ Yoast SEO plugin. -->","yoast_head_json":{"title":"Prefeita de Mucug\u00ea destaca for\u00e7a feminina e prepara sucess\u00e3o para 2028 - Sudoesteacontece","robots":{"index":"index","follow":"follow","max-snippet":"max-snippet:-1","max-image-preview":"max-image-preview:large","max-video-preview":"max-video-preview:-1"},"canonical":"https:\/\/sudoesteacontece.com.br\/?p=29282","og_locale":"pt_BR","og_type":"article","og_title":"Prefeita de Mucug\u00ea destaca for\u00e7a feminina e prepara sucess\u00e3o para 2028 - Sudoesteacontece","og_description":"Mucug\u00ea vive um per\u00edodo de valoriza\u00e7\u00e3o imobili\u00e1ria e crescimento da proje\u00e7\u00e3o tur\u00edstica, segundo a prefeita Ana Ol\u00edmpia Hora Medrado, conhecida como Dona Ana. Em entrevista nesta quarta-feira (2), a gestora destacou a atua\u00e7\u00e3o feminina na administra\u00e7\u00e3o p\u00fablica e afirmou que o trabalho exige responsabilidade e sensibilidade na gest\u00e3o dos recursos municipais. Aos 76 anos, ela cumpre o quinto mandato \u00e0 frente da Prefeitura de Mucug\u00ea. Localizado na Chapada Diamantina, o munic\u00edpio fica a 263 quil\u00f4metros de Vit\u00f3ria da Conquista e re\u00fane patrim\u00f4nio hist\u00f3rico e atrativos naturais. Mucug\u00ea foi fundada h\u00e1 178 anos e \u00e9 tombada como Patrim\u00f4nio Nacional pelo Instituto do Patrim\u00f4nio Hist\u00f3rico e Art\u00edstico Nacional (Iphan). Entre os principais pontos est\u00e3o os casar\u00f5es coloniais do s\u00e9culo XIX, a Serra do Sincor\u00e1 e o Cemit\u00e9rio Bizantino, considerado \u00fanico no Brasil. Segundo Dona Ana, a disposi\u00e7\u00e3o para permanecer na vida p\u00fablica est\u00e1 relacionada \u00e0 liga\u00e7\u00e3o constru\u00edda com a popula\u00e7\u00e3o. A prefeita iniciou sua trajet\u00f3ria pol\u00edtica na d\u00e9cada de 1970, quando atuou como primeira-dama, e posteriormente exerceu os cargos de vice-prefeita e prefeita. Ela tamb\u00e9m participou da cria\u00e7\u00e3o de um hospital comunit\u00e1rio por meio de um mutir\u00e3o. A gestora atribui a continuidade de sua atua\u00e7\u00e3o ao v\u00ednculo com a comunidade. Durante a entrevista, a prefeita defendeu a necessidade de manter proximidade com os moradores e adotar crit\u00e9rios \u00e9ticos e transparentes na administra\u00e7\u00e3o. Para ela, a perman\u00eancia na pol\u00edtica depende da coer\u00eancia entre o discurso e a pr\u00e1tica. Dona Ana afirmou que o eleitor conhece a postura dos gestores e acompanha a forma como eles conduzem suas atividades p\u00fablicas. Nas articula\u00e7\u00f5es para as Elei\u00e7\u00f5es 2026, Dona Ana declarou apoio ao governador Jer\u00f4nimo Rodrigues, ao presidente Luiz In\u00e1cio Lula da Silva e aos senadores Jaques Wagner e Rui Costa. A prefeita tamb\u00e9m citou apoio \u00e0s candidaturas dos deputados L\u00eddice da Mata e \u00c2ngelo Almeida. Segundo ela, a inten\u00e7\u00e3o \u00e9 contribuir para o fortalecimento das bancadas e manter as parcerias pol\u00edticas. Al\u00e9m disso, a gestora mencionou a parceria com o deputado federal Waldenor Pereira na busca por investimentos para a Feira Liter\u00e1ria de Mucug\u00ea, projetos educacionais e a\u00e7\u00f5es voltadas \u00e0 filarm\u00f4nica. As iniciativas fazem parte das articula\u00e7\u00f5es mantidas pelo munic\u00edpio para ampliar investimentos e apoiar atividades culturais e educacionais. Por fim, Dona Ana afirmou que n\u00e3o pretende disputar novas elei\u00e7\u00f5es e indicou o atual vice-prefeito, Leandro da Cunha Profeta, do Avante, como nome trabalhado para a sucess\u00e3o municipal em 2028. A indica\u00e7\u00e3o sinaliza a inten\u00e7\u00e3o de manter a continuidade do grupo pol\u00edtico que atualmente administra Mucug\u00ea.","og_url":"https:\/\/sudoesteacontece.com.br\/?p=29282","og_site_name":"Sudoesteacontece","article_publisher":"https:\/\/www.facebook.com\/sudoesteacontece\/?locale=pt_BR","article_published_time":"2026-09-03T15:36:03+00:00","article_modified_time":"2026-09-03T15:36:08+00:00","og_image":[{"width":900,"height":600,"url":"http:\/\/sudoesteacontece.com.br\/wp-content\/uploads\/2026\/09\/prefeita-de-mucuge.jpg","type":"image\/jpeg"}],"author":"Reda\u00e7\u00e3o","twitter_card":"summary_large_image","twitter_misc":{"Escrito por":"Reda\u00e7\u00e3o","Est. tempo de leitura":"3 minutos"},"schema":{"@context":"https:\/\/schema.org","@graph":[{"@type":"Article","@id":"https:\/\/sudoesteacontece.com.br\/?p=29282#article","isPartOf":{"@id":"https:\/\/sudoesteacontece.com.br\/?p=29282"},"author":{"name":"Reda\u00e7\u00e3o","@id":"https:\/\/sudoesteacontece.com.br\/#\/schema\/person\/a4f22429c1d0923ef8f7d43343f8dc38"},"headline":"Prefeita de Mucug\u00ea destaca for\u00e7a feminina e prepara sucess\u00e3o para 2028","datePublished":"2026-09-03T15:36:03+00:00","dateModified":"2026-09-03T15:36:08+00:00","mainEntityOfPage":{"@id":"https:\/\/sudoesteacontece.com.br\/?p=29282"},"wordCount":476,"commentCount":0,"publisher":{"@id":"https:\/\/sudoesteacontece.com.br\/#organization"},"image":{"@id":"https:\/\/sudoesteacontece.com.br\/?p=29282#primaryimage"},"thumbnailUrl":"https:\/\/sudoesteacontece.com.br\/wp-content\/uploads\/2026\/09\/prefeita-de-mucuge.jpg","articleSection":["Cidades","Mucug\u00ea","Pol\u00edtica"],"inLanguage":"pt-BR","potentialAction":[{"@type":"CommentAction","name":"Comment","target":["https:\/\/sudoesteacontece.com.br\/?p=29282#respond"]}]},{"@type":"WebPage","@id":"https:\/\/sudoesteacontece.com.br\/?p=29282","url":"https:\/\/sudoesteacontece.com.br\/?p=29282","name":"Prefeita de Mucug\u00ea destaca for\u00e7a feminina e prepara sucess\u00e3o para 2028 - Sudoesteacontece","isPartOf":{"@id":"https:\/\/sudoesteacontece.com.br\/#website"},"primaryImageOfPage":{"@id":"https:\/\/sudoesteacontece.com.br\/?p=29282#primaryimage"},"image":{"@id":"https:\/\/sudoesteacontece.com.br\/?p=29282#primaryimage"},"thumbnailUrl":"https:\/\/sudoesteacontece.com.br\/wp-content\/uploads\/2026\/09\/prefeita-de-mucuge.jpg","datePublished":"2026-09-03T15:36:03+00:00","dateModified":"2026-09-03T15:36:08+00:00","breadcrumb":{"@id":"https:\/\/sudoesteacontece.com.br\/?p=29282#breadcrumb"},"inLanguage":"pt-BR","potentialAction":[{"@type":"ReadAction","target":["https:\/\/sudoesteacontece.com.br\/?p=29282"]}]},{"@type":"ImageObject","inLanguage":"pt-BR","@id":"https:\/\/sudoesteacontece.com.br\/?p=29282#primaryimage","url":"https:\/\/sudoesteacontece.com.br\/wp-content\/uploads\/2026\/09\/prefeita-de-mucuge.jpg","contentUrl":"https:\/\/sudoesteacontece.com.br\/wp-content\/uploads\/2026\/09\/prefeita-de-mucuge.jpg","width":900,"height":600},{"@type":"BreadcrumbList","@id":"https:\/\/sudoesteacontece.com.br\/?p=29282#breadcrumb","itemListElement":[{"@type":"ListItem","position":1,"name":"In\u00edcio","item":"https:\/\/sudoesteacontece.com.br\/"},{"@type":"ListItem","position":2,"name":"Prefeita de Mucug\u00ea destaca for\u00e7a feminina e prepara sucess\u00e3o para 2028"}]},{"@type":"WebSite","@id":"https:\/\/sudoesteacontece.com.br\/#website","url":"https:\/\/sudoesteacontece.com.br\/","name":"Sudoesteacontece","description":"","publisher":{"@id":"https:\/\/sudoesteacontece.com.br\/#organization"},"potentialAction":[{"@type":"SearchAction","target":{"@type":"EntryPoint","urlTemplate":"https:\/\/sudoesteacontece.com.br\/?s={search_term_string}"},"query-input":{"@type":"PropertyValueSpecification","valueRequired":true,"valueName":"search_term_string"}}],"inLanguage":"pt-BR"},{"@type":"Organization","@id":"https:\/\/sudoesteacontece.com.br\/#organization","name":"Sudoesteacontece","url":"https:\/\/sudoesteacontece.com.br\/","logo":{"@type":"ImageObject","inLanguage":"pt-BR","@id":"https:\/\/sudoesteacontece.com.br\/#\/schema\/logo\/image\/","url":"https:\/\/sudoesteacontece.com.br\/wp-content\/uploads\/2025\/12\/cropped-logo-2-180x180-1.png","contentUrl":"https:\/\/sudoesteacontece.com.br\/wp-content\/uploads\/2025\/12\/cropped-logo-2-180x180-1.png","width":180,"height":180,"caption":"Sudoesteacontece"},"image":{"@id":"https:\/\/sudoesteacontece.com.br\/#\/schema\/logo\/image\/"},"sameAs":["https:\/\/www.facebook.com\/sudoesteacontece\/?locale=pt_BR"]},{"@type":"Person","@id":"https:\/\/sudoesteacontece.com.br\/#\/schema\/person\/a4f22429c1d0923ef8f7d43343f8dc38","name":"Reda\u00e7\u00e3o","image":{"@type":"ImageObject","inLanguage":"pt-BR","@id":"https:\/\/sudoesteacontece.com.br\/#\/schema\/person\/image\/","url":"https:\/\/secure.gravatar.com\/avatar\/c3a5b3c93f268a709c25a2df414c629a96fb3b1b4bf97a94fb3f72e54ae76903?s=96&d=mm&r=g","contentUrl":"https:\/\/secure.gravatar.com\/avatar\/c3a5b3c93f268a709c25a2df414c629a96fb3b1b4bf97a94fb3f72e54ae76903?s=96&d=mm&r=g","caption":"Reda\u00e7\u00e3o"},"url":"https:\/\/sudoesteacontece.com.br\/?author=4"}]}},"_links":{"self":[{"href":"https:\/\/sudoesteacontece.com.br\/index.php?rest_route=\/wp\/v2\/posts\/29282","targetHints":{"allow":["GET"]}}],"collection":[{"href":"https:\/\/sudoesteacontece.com.br\/index.php?rest_route=\/wp\/v2\/posts"}],"about":[{"href":"https:\/\/sudoesteacontece.com.br\/index.php?rest_route=\/wp\/v2\/types\/post"}],"author":[{"embeddable":true,"href":"https:\/\/sudoesteacontece.com.br\/index.php?rest_route=\/wp\/v2\/users\/4"}],"replies":[{"embeddable":true,"href":"https:\/\/sudoesteacontece.com.br\/index.php?rest_route=%2Fwp%2Fv2%2Fcomments&post=29282"}],"version-history":[{"count":1,"href":"https:\/\/sudoesteacontece.com.br\/index.php?rest_route=\/wp\/v2\/posts\/29282\/revisions"}],"predecessor-version":[{"id":29330,"href":"https:\/\/sudoesteacontece.com.br\/index.php?rest_route=\/wp\/v2\/posts\/29282\/revisions\/29330"}],"wp:featuredmedia":[{"embeddable":true,"href":"https:\/\/sudoesteacontece.com.br\/index.php?rest_route=\/wp\/v2\/media\/29322"}],"wp:attachment":[{"href":"https:\/\/sudoesteacontece.com.br\/index.php?rest_route=%2Fwp%2Fv2%2Fmedia&parent=29282"}],"wp:term":[{"taxonomy":"category","embeddable":true,"href":"https:\/\/sudoesteacontece.com.br\/index.php?rest_route=%2Fwp%2Fv2%2Fcategories&post=29282"},{"taxonomy":"post_tag","embeddable":true,"href":"https:\/\/sudoesteacontece.com.br\/index.php?rest_route=%2Fwp%2Fv2%2Ftags&post=29282"}],"curies":[{"name":"wp","href":"https:\/\/api.w.org\/{rel}","templated":true}]}}