{"id":29283,"date":"2026-09-03T12:45:33","date_gmt":"2026-09-03T15:45:33","guid":{"rendered":"https:\/\/sudoesteacontece.com.br\/?p=29283"},"modified":"2026-09-03T12:45:38","modified_gmt":"2026-09-03T15:45:38","slug":"vorcaro-diz-a-mendonca-que-pretende-delatar-integrantes-do-governo-lula","status":"publish","type":"post","link":"https:\/\/sudoesteacontece.com.br\/?p=29283","title":{"rendered":"Vorcaro diz a Mendon\u00e7a que pretende delatar integrantes do governo Lula"},"content":{"rendered":"\n<figure class=\"wp-block-image size-full\"><img fetchpriority=\"high\" decoding=\"async\" width=\"900\" height=\"600\" src=\"http:\/\/sudoesteacontece.com.br\/wp-content\/uploads\/2026\/09\/790269049_2830621350644498_7266525538503694860_n.jpeg\" alt=\"\" class=\"wp-image-29302\" srcset=\"https:\/\/sudoesteacontece.com.br\/wp-content\/uploads\/2026\/09\/790269049_2830621350644498_7266525538503694860_n.jpeg 900w, https:\/\/sudoesteacontece.com.br\/wp-content\/uploads\/2026\/09\/790269049_2830621350644498_7266525538503694860_n-300x200.jpeg 300w, https:\/\/sudoesteacontece.com.br\/wp-content\/uploads\/2026\/09\/790269049_2830621350644498_7266525538503694860_n-768x512.jpeg 768w\" sizes=\"(max-width: 900px) 100vw, 900px\" \/><\/figure>\n\n\n\n<p class=\"wp-block-paragraph\">O banqueiro Daniel Vorcaro afirmou ao ministro Andr\u00e9 Mendon\u00e7a, do Supremo Tribunal Federal (STF), que pretende fazer novas revela\u00e7\u00f5es envolvendo integrantes do atual governo do presidente Luiz In\u00e1cio Lula da Silva. A informa\u00e7\u00e3o consta de depoimento prestado pelo empres\u00e1rio na semana passada. O conte\u00fado foi obtido pelo Estad\u00e3o e ocorre em meio \u00e0s investiga\u00e7\u00f5es relacionadas ao Banco Master.<\/p>\n\n\n\n<p class=\"wp-block-paragraph\">Segundo o depoimento, Vorcaro afirmou que teria informa\u00e7\u00f5es sobre pessoas ligadas ao governo federal e que pretendia relat\u00e1-las como forma de se proteger de supostos ataques. Ele tamb\u00e9m declarou que alguns epis\u00f3dios teriam ultrapassado limites que classificou como quest\u00f5es de moralidade e ilicitude. As afirma\u00e7\u00f5es, por\u00e9m, n\u00e3o foram acompanhadas, no trecho divulgado, de provas sobre os fatos mencionados.<\/p>\n\n\n\n<p class=\"wp-block-paragraph\">O depoimento foi solicitado pela pr\u00f3pria defesa de Vorcaro ao ministro Andr\u00e9 Mendon\u00e7a. Os advogados alegaram que o banqueiro estaria sofrendo amea\u00e7as por n\u00e3o avan\u00e7ar com uma colabora\u00e7\u00e3o premiada. A Pol\u00edcia Federal e a Procuradoria-Geral da Rep\u00fablica (PGR), contudo, j\u00e1 haviam rejeitado duas propostas anteriores de dela\u00e7\u00e3o por considerarem que as informa\u00e7\u00f5es apresentadas n\u00e3o traziam elementos novos.<\/p>\n\n\n\n<p class=\"wp-block-paragraph\">Na declara\u00e7\u00e3o prestada a Mendon\u00e7a, Vorcaro tamb\u00e9m mencionou o diretor-geral da Pol\u00edcia Federal, Andrei Rodrigues. O banqueiro reconheceu que os dois j\u00e1 tinham uma rela\u00e7\u00e3o anterior \u00e0 Opera\u00e7\u00e3o Compliance Zero e afirmou que Rodrigues chegou a viajar com ele para eventos. Vorcaro, entretanto, n\u00e3o apresentou detalhes sobre essas viagens nem indicou, no depoimento divulgado, evid\u00eancias de irregularidades relacionadas aos encontros.<\/p>\n\n\n\n<p class=\"wp-block-paragraph\">Al\u00e9m disso, o banqueiro afirmou que estaria sendo alvo de intimida\u00e7\u00f5es durante as investiga\u00e7\u00f5es. Ele alegou que os investigadores utilizariam vazamentos seletivos para pression\u00e1-lo, embora as informa\u00e7\u00f5es apresentadas n\u00e3o detalhem quais epis\u00f3dios espec\u00edficos teriam caracterizado essas supostas a\u00e7\u00f5es. O conte\u00fado do depoimento passou a ser analisado no contexto das investiga\u00e7\u00f5es sobre as rela\u00e7\u00f5es de Vorcaro com autoridades e integrantes do poder p\u00fablico.<\/p>\n\n\n\n<p class=\"wp-block-paragraph\">A declara\u00e7\u00e3o veio a p\u00fablico um dia depois de o ministro Alexandre de Moraes revelar mensagens trocadas com Vorcaro. As conversas aumentaram a press\u00e3o pol\u00edtica e institucional em torno do caso. As novas afirma\u00e7\u00f5es do banqueiro sobre poss\u00edveis integrantes do governo federal tamb\u00e9m passaram a ser consideradas pelos investigadores no contexto das tentativas anteriores de colabora\u00e7\u00e3o premiada.<\/p>\n","protected":false},"excerpt":{"rendered":"<p>O banqueiro Daniel Vorcaro afirmou ao ministro Andr\u00e9 Mendon\u00e7a, do Supremo Tribunal Federal (STF), que pretende fazer novas revela\u00e7\u00f5es envolvendo integrantes do atual governo do presidente Luiz In\u00e1cio Lula da Silva. A informa\u00e7\u00e3o consta de depoimento prestado pelo empres\u00e1rio na semana passada. O conte\u00fado foi obtido pelo Estad\u00e3o e ocorre em meio \u00e0s investiga\u00e7\u00f5es relacionadas ao Banco Master. Segundo o depoimento, Vorcaro afirmou que teria informa\u00e7\u00f5es sobre pessoas ligadas ao governo federal e que pretendia relat\u00e1-las como forma de se proteger de supostos ataques. Ele tamb\u00e9m declarou que alguns epis\u00f3dios teriam ultrapassado limites que classificou como quest\u00f5es de moralidade e ilicitude. As afirma\u00e7\u00f5es, por\u00e9m, n\u00e3o foram acompanhadas, no trecho divulgado, de provas sobre os fatos mencionados. O depoimento foi solicitado pela pr\u00f3pria defesa de Vorcaro ao ministro Andr\u00e9 Mendon\u00e7a. Os advogados alegaram que o banqueiro estaria sofrendo amea\u00e7as por n\u00e3o avan\u00e7ar com uma colabora\u00e7\u00e3o premiada. A Pol\u00edcia Federal e a Procuradoria-Geral da Rep\u00fablica (PGR), contudo, j\u00e1 haviam rejeitado duas propostas anteriores de dela\u00e7\u00e3o por considerarem que as informa\u00e7\u00f5es apresentadas n\u00e3o traziam elementos novos. Na declara\u00e7\u00e3o prestada a Mendon\u00e7a, Vorcaro tamb\u00e9m mencionou o diretor-geral da Pol\u00edcia Federal, Andrei Rodrigues. O banqueiro reconheceu que os dois j\u00e1 tinham uma rela\u00e7\u00e3o anterior \u00e0 Opera\u00e7\u00e3o Compliance Zero e afirmou que Rodrigues chegou a viajar com ele para eventos. Vorcaro, entretanto, n\u00e3o apresentou detalhes sobre essas viagens nem indicou, no depoimento divulgado, evid\u00eancias de irregularidades relacionadas aos encontros. Al\u00e9m disso, o banqueiro afirmou que estaria sendo alvo de intimida\u00e7\u00f5es durante as investiga\u00e7\u00f5es. Ele alegou que os investigadores utilizariam vazamentos seletivos para pression\u00e1-lo, embora as informa\u00e7\u00f5es apresentadas n\u00e3o detalhem quais epis\u00f3dios espec\u00edficos teriam caracterizado essas supostas a\u00e7\u00f5es. O conte\u00fado do depoimento passou a ser analisado no contexto das investiga\u00e7\u00f5es sobre as rela\u00e7\u00f5es de Vorcaro com autoridades e integrantes do poder p\u00fablico. A declara\u00e7\u00e3o veio a p\u00fablico um dia depois de o ministro Alexandre de Moraes revelar mensagens trocadas com Vorcaro. As conversas aumentaram a press\u00e3o pol\u00edtica e institucional em torno do caso. As novas afirma\u00e7\u00f5es do banqueiro sobre poss\u00edveis integrantes do governo federal tamb\u00e9m passaram a ser consideradas pelos investigadores no contexto das tentativas anteriores de colabora\u00e7\u00e3o premiada.<\/p>\n","protected":false},"author":4,"featured_media":0,"comment_status":"open","ping_status":"open","sticky":false,"template":"","format":"standard","meta":{"footnotes":""},"categories":[53,13,3,6],"tags":[],"class_list":["post-29283","post","type-post","status-publish","format-standard","hentry","category-brasil","category-justica","category-policia","category-politica"],"yoast_head":"<!-- This site is optimized with the Yoast SEO plugin v26.5 - https:\/\/yoast.com\/wordpress\/plugins\/seo\/ -->\n<title>Vorcaro diz a Mendon\u00e7a que pretende delatar integrantes do governo Lula - Sudoesteacontece<\/title>\n<meta name=\"robots\" content=\"index, follow, max-snippet:-1, max-image-preview:large, max-video-preview:-1\" \/>\n<link rel=\"canonical\" href=\"https:\/\/sudoesteacontece.com.br\/?p=29283\" \/>\n<meta property=\"og:locale\" content=\"pt_BR\" \/>\n<meta property=\"og:type\" content=\"article\" \/>\n<meta property=\"og:title\" content=\"Vorcaro diz a Mendon\u00e7a que pretende delatar integrantes do governo Lula - Sudoesteacontece\" \/>\n<meta property=\"og:description\" content=\"O banqueiro Daniel Vorcaro afirmou ao ministro Andr\u00e9 Mendon\u00e7a, do Supremo Tribunal Federal (STF), que pretende fazer novas revela\u00e7\u00f5es envolvendo integrantes do atual governo do presidente Luiz In\u00e1cio Lula da Silva. A informa\u00e7\u00e3o consta de depoimento prestado pelo empres\u00e1rio na semana passada. O conte\u00fado foi obtido pelo Estad\u00e3o e ocorre em meio \u00e0s investiga\u00e7\u00f5es relacionadas ao Banco Master. Segundo o depoimento, Vorcaro afirmou que teria informa\u00e7\u00f5es sobre pessoas ligadas ao governo federal e que pretendia relat\u00e1-las como forma de se proteger de supostos ataques. Ele tamb\u00e9m declarou que alguns epis\u00f3dios teriam ultrapassado limites que classificou como quest\u00f5es de moralidade e ilicitude. As afirma\u00e7\u00f5es, por\u00e9m, n\u00e3o foram acompanhadas, no trecho divulgado, de provas sobre os fatos mencionados. O depoimento foi solicitado pela pr\u00f3pria defesa de Vorcaro ao ministro Andr\u00e9 Mendon\u00e7a. Os advogados alegaram que o banqueiro estaria sofrendo amea\u00e7as por n\u00e3o avan\u00e7ar com uma colabora\u00e7\u00e3o premiada. A Pol\u00edcia Federal e a Procuradoria-Geral da Rep\u00fablica (PGR), contudo, j\u00e1 haviam rejeitado duas propostas anteriores de dela\u00e7\u00e3o por considerarem que as informa\u00e7\u00f5es apresentadas n\u00e3o traziam elementos novos. Na declara\u00e7\u00e3o prestada a Mendon\u00e7a, Vorcaro tamb\u00e9m mencionou o diretor-geral da Pol\u00edcia Federal, Andrei Rodrigues. O banqueiro reconheceu que os dois j\u00e1 tinham uma rela\u00e7\u00e3o anterior \u00e0 Opera\u00e7\u00e3o Compliance Zero e afirmou que Rodrigues chegou a viajar com ele para eventos. Vorcaro, entretanto, n\u00e3o apresentou detalhes sobre essas viagens nem indicou, no depoimento divulgado, evid\u00eancias de irregularidades relacionadas aos encontros. Al\u00e9m disso, o banqueiro afirmou que estaria sendo alvo de intimida\u00e7\u00f5es durante as investiga\u00e7\u00f5es. Ele alegou que os investigadores utilizariam vazamentos seletivos para pression\u00e1-lo, embora as informa\u00e7\u00f5es apresentadas n\u00e3o detalhem quais epis\u00f3dios espec\u00edficos teriam caracterizado essas supostas a\u00e7\u00f5es. O conte\u00fado do depoimento passou a ser analisado no contexto das investiga\u00e7\u00f5es sobre as rela\u00e7\u00f5es de Vorcaro com autoridades e integrantes do poder p\u00fablico. A declara\u00e7\u00e3o veio a p\u00fablico um dia depois de o ministro Alexandre de Moraes revelar mensagens trocadas com Vorcaro. As conversas aumentaram a press\u00e3o pol\u00edtica e institucional em torno do caso. As novas afirma\u00e7\u00f5es do banqueiro sobre poss\u00edveis integrantes do governo federal tamb\u00e9m passaram a ser consideradas pelos investigadores no contexto das tentativas anteriores de colabora\u00e7\u00e3o premiada.\" \/>\n<meta property=\"og:url\" content=\"https:\/\/sudoesteacontece.com.br\/?p=29283\" \/>\n<meta property=\"og:site_name\" content=\"Sudoesteacontece\" \/>\n<meta property=\"article:publisher\" content=\"https:\/\/www.facebook.com\/sudoesteacontece\/?locale=pt_BR\" \/>\n<meta property=\"article:published_time\" content=\"2026-09-03T15:45:33+00:00\" \/>\n<meta property=\"article:modified_time\" content=\"2026-09-03T15:45:38+00:00\" \/>\n<meta property=\"og:image\" content=\"https:\/\/sudoesteacontece.com.br\/wp-content\/uploads\/2026\/09\/790269049_2830621350644498_7266525538503694860_n.jpeg\" \/>\n\t<meta property=\"og:image:width\" content=\"900\" \/>\n\t<meta property=\"og:image:height\" content=\"600\" \/>\n\t<meta property=\"og:image:type\" content=\"image\/jpeg\" \/>\n<meta name=\"author\" content=\"Reda\u00e7\u00e3o\" \/>\n<meta name=\"twitter:card\" content=\"summary_large_image\" \/>\n<meta name=\"twitter:label1\" content=\"Escrito por\" \/>\n\t<meta name=\"twitter:data1\" content=\"Reda\u00e7\u00e3o\" \/>\n\t<meta name=\"twitter:label2\" content=\"Est. tempo de leitura\" \/>\n\t<meta name=\"twitter:data2\" content=\"3 minutos\" \/>\n<script type=\"application\/ld+json\" class=\"yoast-schema-graph\">{\"@context\":\"https:\/\/schema.org\",\"@graph\":[{\"@type\":\"Article\",\"@id\":\"https:\/\/sudoesteacontece.com.br\/?p=29283#article\",\"isPartOf\":{\"@id\":\"https:\/\/sudoesteacontece.com.br\/?p=29283\"},\"author\":{\"name\":\"Reda\u00e7\u00e3o\",\"@id\":\"https:\/\/sudoesteacontece.com.br\/#\/schema\/person\/a4f22429c1d0923ef8f7d43343f8dc38\"},\"headline\":\"Vorcaro diz a Mendon\u00e7a que pretende delatar integrantes do governo Lula\",\"datePublished\":\"2026-09-03T15:45:33+00:00\",\"dateModified\":\"2026-09-03T15:45:38+00:00\",\"mainEntityOfPage\":{\"@id\":\"https:\/\/sudoesteacontece.com.br\/?p=29283\"},\"wordCount\":419,\"commentCount\":0,\"publisher\":{\"@id\":\"https:\/\/sudoesteacontece.com.br\/#organization\"},\"image\":{\"@id\":\"https:\/\/sudoesteacontece.com.br\/?p=29283#primaryimage\"},\"thumbnailUrl\":\"http:\/\/sudoesteacontece.com.br\/wp-content\/uploads\/2026\/09\/790269049_2830621350644498_7266525538503694860_n.jpeg\",\"articleSection\":[\"Brasil\",\"Justi\u00e7a\",\"Pol\u00edcia\",\"Pol\u00edtica\"],\"inLanguage\":\"pt-BR\",\"potentialAction\":[{\"@type\":\"CommentAction\",\"name\":\"Comment\",\"target\":[\"https:\/\/sudoesteacontece.com.br\/?p=29283#respond\"]}]},{\"@type\":\"WebPage\",\"@id\":\"https:\/\/sudoesteacontece.com.br\/?p=29283\",\"url\":\"https:\/\/sudoesteacontece.com.br\/?p=29283\",\"name\":\"Vorcaro diz a Mendon\u00e7a que pretende delatar integrantes do governo Lula - Sudoesteacontece\",\"isPartOf\":{\"@id\":\"https:\/\/sudoesteacontece.com.br\/#website\"},\"primaryImageOfPage\":{\"@id\":\"https:\/\/sudoesteacontece.com.br\/?p=29283#primaryimage\"},\"image\":{\"@id\":\"https:\/\/sudoesteacontece.com.br\/?p=29283#primaryimage\"},\"thumbnailUrl\":\"http:\/\/sudoesteacontece.com.br\/wp-content\/uploads\/2026\/09\/790269049_2830621350644498_7266525538503694860_n.jpeg\",\"datePublished\":\"2026-09-03T15:45:33+00:00\",\"dateModified\":\"2026-09-03T15:45:38+00:00\",\"breadcrumb\":{\"@id\":\"https:\/\/sudoesteacontece.com.br\/?p=29283#breadcrumb\"},\"inLanguage\":\"pt-BR\",\"potentialAction\":[{\"@type\":\"ReadAction\",\"target\":[\"https:\/\/sudoesteacontece.com.br\/?p=29283\"]}]},{\"@type\":\"ImageObject\",\"inLanguage\":\"pt-BR\",\"@id\":\"https:\/\/sudoesteacontece.com.br\/?p=29283#primaryimage\",\"url\":\"https:\/\/sudoesteacontece.com.br\/wp-content\/uploads\/2026\/09\/790269049_2830621350644498_7266525538503694860_n.jpeg\",\"contentUrl\":\"https:\/\/sudoesteacontece.com.br\/wp-content\/uploads\/2026\/09\/790269049_2830621350644498_7266525538503694860_n.jpeg\",\"width\":900,\"height\":600},{\"@type\":\"BreadcrumbList\",\"@id\":\"https:\/\/sudoesteacontece.com.br\/?p=29283#breadcrumb\",\"itemListElement\":[{\"@type\":\"ListItem\",\"position\":1,\"name\":\"In\u00edcio\",\"item\":\"https:\/\/sudoesteacontece.com.br\/\"},{\"@type\":\"ListItem\",\"position\":2,\"name\":\"Vorcaro diz a Mendon\u00e7a que pretende delatar integrantes do governo Lula\"}]},{\"@type\":\"WebSite\",\"@id\":\"https:\/\/sudoesteacontece.com.br\/#website\",\"url\":\"https:\/\/sudoesteacontece.com.br\/\",\"name\":\"Sudoesteacontece\",\"description\":\"\",\"publisher\":{\"@id\":\"https:\/\/sudoesteacontece.com.br\/#organization\"},\"potentialAction\":[{\"@type\":\"SearchAction\",\"target\":{\"@type\":\"EntryPoint\",\"urlTemplate\":\"https:\/\/sudoesteacontece.com.br\/?s={search_term_string}\"},\"query-input\":{\"@type\":\"PropertyValueSpecification\",\"valueRequired\":true,\"valueName\":\"search_term_string\"}}],\"inLanguage\":\"pt-BR\"},{\"@type\":\"Organization\",\"@id\":\"https:\/\/sudoesteacontece.com.br\/#organization\",\"name\":\"Sudoesteacontece\",\"url\":\"https:\/\/sudoesteacontece.com.br\/\",\"logo\":{\"@type\":\"ImageObject\",\"inLanguage\":\"pt-BR\",\"@id\":\"https:\/\/sudoesteacontece.com.br\/#\/schema\/logo\/image\/\",\"url\":\"https:\/\/sudoesteacontece.com.br\/wp-content\/uploads\/2025\/12\/cropped-logo-2-180x180-1.png\",\"contentUrl\":\"https:\/\/sudoesteacontece.com.br\/wp-content\/uploads\/2025\/12\/cropped-logo-2-180x180-1.png\",\"width\":180,\"height\":180,\"caption\":\"Sudoesteacontece\"},\"image\":{\"@id\":\"https:\/\/sudoesteacontece.com.br\/#\/schema\/logo\/image\/\"},\"sameAs\":[\"https:\/\/www.facebook.com\/sudoesteacontece\/?locale=pt_BR\"]},{\"@type\":\"Person\",\"@id\":\"https:\/\/sudoesteacontece.com.br\/#\/schema\/person\/a4f22429c1d0923ef8f7d43343f8dc38\",\"name\":\"Reda\u00e7\u00e3o\",\"image\":{\"@type\":\"ImageObject\",\"inLanguage\":\"pt-BR\",\"@id\":\"https:\/\/sudoesteacontece.com.br\/#\/schema\/person\/image\/\",\"url\":\"https:\/\/secure.gravatar.com\/avatar\/c3a5b3c93f268a709c25a2df414c629a96fb3b1b4bf97a94fb3f72e54ae76903?s=96&d=mm&r=g\",\"contentUrl\":\"https:\/\/secure.gravatar.com\/avatar\/c3a5b3c93f268a709c25a2df414c629a96fb3b1b4bf97a94fb3f72e54ae76903?s=96&d=mm&r=g\",\"caption\":\"Reda\u00e7\u00e3o\"},\"url\":\"https:\/\/sudoesteacontece.com.br\/?author=4\"}]}<\/script>\n<!-- \/ Yoast SEO plugin. -->","yoast_head_json":{"title":"Vorcaro diz a Mendon\u00e7a que pretende delatar integrantes do governo Lula - Sudoesteacontece","robots":{"index":"index","follow":"follow","max-snippet":"max-snippet:-1","max-image-preview":"max-image-preview:large","max-video-preview":"max-video-preview:-1"},"canonical":"https:\/\/sudoesteacontece.com.br\/?p=29283","og_locale":"pt_BR","og_type":"article","og_title":"Vorcaro diz a Mendon\u00e7a que pretende delatar integrantes do governo Lula - Sudoesteacontece","og_description":"O banqueiro Daniel Vorcaro afirmou ao ministro Andr\u00e9 Mendon\u00e7a, do Supremo Tribunal Federal (STF), que pretende fazer novas revela\u00e7\u00f5es envolvendo integrantes do atual governo do presidente Luiz In\u00e1cio Lula da Silva. A informa\u00e7\u00e3o consta de depoimento prestado pelo empres\u00e1rio na semana passada. O conte\u00fado foi obtido pelo Estad\u00e3o e ocorre em meio \u00e0s investiga\u00e7\u00f5es relacionadas ao Banco Master. Segundo o depoimento, Vorcaro afirmou que teria informa\u00e7\u00f5es sobre pessoas ligadas ao governo federal e que pretendia relat\u00e1-las como forma de se proteger de supostos ataques. Ele tamb\u00e9m declarou que alguns epis\u00f3dios teriam ultrapassado limites que classificou como quest\u00f5es de moralidade e ilicitude. As afirma\u00e7\u00f5es, por\u00e9m, n\u00e3o foram acompanhadas, no trecho divulgado, de provas sobre os fatos mencionados. O depoimento foi solicitado pela pr\u00f3pria defesa de Vorcaro ao ministro Andr\u00e9 Mendon\u00e7a. Os advogados alegaram que o banqueiro estaria sofrendo amea\u00e7as por n\u00e3o avan\u00e7ar com uma colabora\u00e7\u00e3o premiada. A Pol\u00edcia Federal e a Procuradoria-Geral da Rep\u00fablica (PGR), contudo, j\u00e1 haviam rejeitado duas propostas anteriores de dela\u00e7\u00e3o por considerarem que as informa\u00e7\u00f5es apresentadas n\u00e3o traziam elementos novos. Na declara\u00e7\u00e3o prestada a Mendon\u00e7a, Vorcaro tamb\u00e9m mencionou o diretor-geral da Pol\u00edcia Federal, Andrei Rodrigues. O banqueiro reconheceu que os dois j\u00e1 tinham uma rela\u00e7\u00e3o anterior \u00e0 Opera\u00e7\u00e3o Compliance Zero e afirmou que Rodrigues chegou a viajar com ele para eventos. Vorcaro, entretanto, n\u00e3o apresentou detalhes sobre essas viagens nem indicou, no depoimento divulgado, evid\u00eancias de irregularidades relacionadas aos encontros. Al\u00e9m disso, o banqueiro afirmou que estaria sendo alvo de intimida\u00e7\u00f5es durante as investiga\u00e7\u00f5es. Ele alegou que os investigadores utilizariam vazamentos seletivos para pression\u00e1-lo, embora as informa\u00e7\u00f5es apresentadas n\u00e3o detalhem quais epis\u00f3dios espec\u00edficos teriam caracterizado essas supostas a\u00e7\u00f5es. O conte\u00fado do depoimento passou a ser analisado no contexto das investiga\u00e7\u00f5es sobre as rela\u00e7\u00f5es de Vorcaro com autoridades e integrantes do poder p\u00fablico. A declara\u00e7\u00e3o veio a p\u00fablico um dia depois de o ministro Alexandre de Moraes revelar mensagens trocadas com Vorcaro. As conversas aumentaram a press\u00e3o pol\u00edtica e institucional em torno do caso. As novas afirma\u00e7\u00f5es do banqueiro sobre poss\u00edveis integrantes do governo federal tamb\u00e9m passaram a ser consideradas pelos investigadores no contexto das tentativas anteriores de colabora\u00e7\u00e3o premiada.","og_url":"https:\/\/sudoesteacontece.com.br\/?p=29283","og_site_name":"Sudoesteacontece","article_publisher":"https:\/\/www.facebook.com\/sudoesteacontece\/?locale=pt_BR","article_published_time":"2026-09-03T15:45:33+00:00","article_modified_time":"2026-09-03T15:45:38+00:00","og_image":[{"width":900,"height":600,"url":"https:\/\/sudoesteacontece.com.br\/wp-content\/uploads\/2026\/09\/790269049_2830621350644498_7266525538503694860_n.jpeg","type":"image\/jpeg"}],"author":"Reda\u00e7\u00e3o","twitter_card":"summary_large_image","twitter_misc":{"Escrito por":"Reda\u00e7\u00e3o","Est. tempo de leitura":"3 minutos"},"schema":{"@context":"https:\/\/schema.org","@graph":[{"@type":"Article","@id":"https:\/\/sudoesteacontece.com.br\/?p=29283#article","isPartOf":{"@id":"https:\/\/sudoesteacontece.com.br\/?p=29283"},"author":{"name":"Reda\u00e7\u00e3o","@id":"https:\/\/sudoesteacontece.com.br\/#\/schema\/person\/a4f22429c1d0923ef8f7d43343f8dc38"},"headline":"Vorcaro diz a Mendon\u00e7a que pretende delatar integrantes do governo Lula","datePublished":"2026-09-03T15:45:33+00:00","dateModified":"2026-09-03T15:45:38+00:00","mainEntityOfPage":{"@id":"https:\/\/sudoesteacontece.com.br\/?p=29283"},"wordCount":419,"commentCount":0,"publisher":{"@id":"https:\/\/sudoesteacontece.com.br\/#organization"},"image":{"@id":"https:\/\/sudoesteacontece.com.br\/?p=29283#primaryimage"},"thumbnailUrl":"http:\/\/sudoesteacontece.com.br\/wp-content\/uploads\/2026\/09\/790269049_2830621350644498_7266525538503694860_n.jpeg","articleSection":["Brasil","Justi\u00e7a","Pol\u00edcia","Pol\u00edtica"],"inLanguage":"pt-BR","potentialAction":[{"@type":"CommentAction","name":"Comment","target":["https:\/\/sudoesteacontece.com.br\/?p=29283#respond"]}]},{"@type":"WebPage","@id":"https:\/\/sudoesteacontece.com.br\/?p=29283","url":"https:\/\/sudoesteacontece.com.br\/?p=29283","name":"Vorcaro diz a Mendon\u00e7a que pretende delatar integrantes do governo Lula - Sudoesteacontece","isPartOf":{"@id":"https:\/\/sudoesteacontece.com.br\/#website"},"primaryImageOfPage":{"@id":"https:\/\/sudoesteacontece.com.br\/?p=29283#primaryimage"},"image":{"@id":"https:\/\/sudoesteacontece.com.br\/?p=29283#primaryimage"},"thumbnailUrl":"http:\/\/sudoesteacontece.com.br\/wp-content\/uploads\/2026\/09\/790269049_2830621350644498_7266525538503694860_n.jpeg","datePublished":"2026-09-03T15:45:33+00:00","dateModified":"2026-09-03T15:45:38+00:00","breadcrumb":{"@id":"https:\/\/sudoesteacontece.com.br\/?p=29283#breadcrumb"},"inLanguage":"pt-BR","potentialAction":[{"@type":"ReadAction","target":["https:\/\/sudoesteacontece.com.br\/?p=29283"]}]},{"@type":"ImageObject","inLanguage":"pt-BR","@id":"https:\/\/sudoesteacontece.com.br\/?p=29283#primaryimage","url":"https:\/\/sudoesteacontece.com.br\/wp-content\/uploads\/2026\/09\/790269049_2830621350644498_7266525538503694860_n.jpeg","contentUrl":"https:\/\/sudoesteacontece.com.br\/wp-content\/uploads\/2026\/09\/790269049_2830621350644498_7266525538503694860_n.jpeg","width":900,"height":600},{"@type":"BreadcrumbList","@id":"https:\/\/sudoesteacontece.com.br\/?p=29283#breadcrumb","itemListElement":[{"@type":"ListItem","position":1,"name":"In\u00edcio","item":"https:\/\/sudoesteacontece.com.br\/"},{"@type":"ListItem","position":2,"name":"Vorcaro diz a Mendon\u00e7a que pretende delatar integrantes do governo Lula"}]},{"@type":"WebSite","@id":"https:\/\/sudoesteacontece.com.br\/#website","url":"https:\/\/sudoesteacontece.com.br\/","name":"Sudoesteacontece","description":"","publisher":{"@id":"https:\/\/sudoesteacontece.com.br\/#organization"},"potentialAction":[{"@type":"SearchAction","target":{"@type":"EntryPoint","urlTemplate":"https:\/\/sudoesteacontece.com.br\/?s={search_term_string}"},"query-input":{"@type":"PropertyValueSpecification","valueRequired":true,"valueName":"search_term_string"}}],"inLanguage":"pt-BR"},{"@type":"Organization","@id":"https:\/\/sudoesteacontece.com.br\/#organization","name":"Sudoesteacontece","url":"https:\/\/sudoesteacontece.com.br\/","logo":{"@type":"ImageObject","inLanguage":"pt-BR","@id":"https:\/\/sudoesteacontece.com.br\/#\/schema\/logo\/image\/","url":"https:\/\/sudoesteacontece.com.br\/wp-content\/uploads\/2025\/12\/cropped-logo-2-180x180-1.png","contentUrl":"https:\/\/sudoesteacontece.com.br\/wp-content\/uploads\/2025\/12\/cropped-logo-2-180x180-1.png","width":180,"height":180,"caption":"Sudoesteacontece"},"image":{"@id":"https:\/\/sudoesteacontece.com.br\/#\/schema\/logo\/image\/"},"sameAs":["https:\/\/www.facebook.com\/sudoesteacontece\/?locale=pt_BR"]},{"@type":"Person","@id":"https:\/\/sudoesteacontece.com.br\/#\/schema\/person\/a4f22429c1d0923ef8f7d43343f8dc38","name":"Reda\u00e7\u00e3o","image":{"@type":"ImageObject","inLanguage":"pt-BR","@id":"https:\/\/sudoesteacontece.com.br\/#\/schema\/person\/image\/","url":"https:\/\/secure.gravatar.com\/avatar\/c3a5b3c93f268a709c25a2df414c629a96fb3b1b4bf97a94fb3f72e54ae76903?s=96&d=mm&r=g","contentUrl":"https:\/\/secure.gravatar.com\/avatar\/c3a5b3c93f268a709c25a2df414c629a96fb3b1b4bf97a94fb3f72e54ae76903?s=96&d=mm&r=g","caption":"Reda\u00e7\u00e3o"},"url":"https:\/\/sudoesteacontece.com.br\/?author=4"}]}},"_links":{"self":[{"href":"https:\/\/sudoesteacontece.com.br\/index.php?rest_route=\/wp\/v2\/posts\/29283","targetHints":{"allow":["GET"]}}],"collection":[{"href":"https:\/\/sudoesteacontece.com.br\/index.php?rest_route=\/wp\/v2\/posts"}],"about":[{"href":"https:\/\/sudoesteacontece.com.br\/index.php?rest_route=\/wp\/v2\/types\/post"}],"author":[{"embeddable":true,"href":"https:\/\/sudoesteacontece.com.br\/index.php?rest_route=\/wp\/v2\/users\/4"}],"replies":[{"embeddable":true,"href":"https:\/\/sudoesteacontece.com.br\/index.php?rest_route=%2Fwp%2Fv2%2Fcomments&post=29283"}],"version-history":[{"count":1,"href":"https:\/\/sudoesteacontece.com.br\/index.php?rest_route=\/wp\/v2\/posts\/29283\/revisions"}],"predecessor-version":[{"id":29346,"href":"https:\/\/sudoesteacontece.com.br\/index.php?rest_route=\/wp\/v2\/posts\/29283\/revisions\/29346"}],"wp:attachment":[{"href":"https:\/\/sudoesteacontece.com.br\/index.php?rest_route=%2Fwp%2Fv2%2Fmedia&parent=29283"}],"wp:term":[{"taxonomy":"category","embeddable":true,"href":"https:\/\/sudoesteacontece.com.br\/index.php?rest_route=%2Fwp%2Fv2%2Fcategories&post=29283"},{"taxonomy":"post_tag","embeddable":true,"href":"https:\/\/sudoesteacontece.com.br\/index.php?rest_route=%2Fwp%2Fv2%2Ftags&post=29283"}],"curies":[{"name":"wp","href":"https:\/\/api.w.org\/{rel}","templated":true}]}}