{"id":29287,"date":"2026-09-03T12:47:38","date_gmt":"2026-09-03T15:47:38","guid":{"rendered":"https:\/\/sudoesteacontece.com.br\/?p=29287"},"modified":"2026-09-03T12:47:43","modified_gmt":"2026-09-03T15:47:43","slug":"brumado-pode-criar-comite-de-crise-climatica-para-enfrentar-seca-prolongada","status":"publish","type":"post","link":"https:\/\/sudoesteacontece.com.br\/?p=29287","title":{"rendered":"Brumado pode criar Comit\u00ea de Crise Clim\u00e1tica para enfrentar seca prolongada"},"content":{"rendered":"\n<figure class=\"wp-block-image size-full\"><img fetchpriority=\"high\" decoding=\"async\" width=\"900\" height=\"600\" src=\"http:\/\/sudoesteacontece.com.br\/wp-content\/uploads\/2026\/09\/Brumado-pode-criar-Comite-de-Crise-Climatica-para-enfrentar-seca-prolongada.jpg\" alt=\"\" class=\"wp-image-29306\" srcset=\"https:\/\/sudoesteacontece.com.br\/wp-content\/uploads\/2026\/09\/Brumado-pode-criar-Comite-de-Crise-Climatica-para-enfrentar-seca-prolongada.jpg 900w, https:\/\/sudoesteacontece.com.br\/wp-content\/uploads\/2026\/09\/Brumado-pode-criar-Comite-de-Crise-Climatica-para-enfrentar-seca-prolongada-300x200.jpg 300w, https:\/\/sudoesteacontece.com.br\/wp-content\/uploads\/2026\/09\/Brumado-pode-criar-Comite-de-Crise-Climatica-para-enfrentar-seca-prolongada-768x512.jpg 768w\" sizes=\"(max-width: 900px) 100vw, 900px\" \/><\/figure>\n\n\n\n<p class=\"wp-block-paragraph\">O Conselho Municipal de Desenvolvimento Sustent\u00e1vel (CMDS) realizou uma reuni\u00e3o extraordin\u00e1ria nesta quarta-feira (2) para discutir os impactos do super El Ni\u00f1o e a previs\u00e3o de uma seca intensa na regi\u00e3o de Brumado. O encontro ocorreu no audit\u00f3rio da antiga prefeitura, na Pra\u00e7a Coronel Zeca Leite, e reuniu representantes ligados ao setor p\u00fablico e \u00e0 zona rural.<\/p>\n\n\n\n<p class=\"wp-block-paragraph\">Durante a reuni\u00e3o, o presidente do CMDS, Cl\u00e1udio Ribas, entregou ao prefeito Fabr\u00edcio Abrantes uma resolu\u00e7\u00e3o que prop\u00f5e a cria\u00e7\u00e3o de um Comit\u00ea de Crise Clim\u00e1tica no munic\u00edpio. A estrutura dever\u00e1 definir estrat\u00e9gias de conviv\u00eancia com a estiagem, acompanhar os efeitos do per\u00edodo seco e articular medidas para reduzir os impactos sobre a popula\u00e7\u00e3o.<\/p>\n\n\n\n<p class=\"wp-block-paragraph\">Segundo o secret\u00e1rio municipal de Agricultura, Agno Meira, o comit\u00ea tamb\u00e9m dever\u00e1 estabelecer como ser\u00e3o conduzidas as parcerias entre o CMDS e a Prefeitura de Brumado no enfrentamento da seca. A administra\u00e7\u00e3o municipal, conforme relatado pelo secret\u00e1rio, j\u00e1 mant\u00e9m di\u00e1logo com os governos Federal e Estadual em busca de pol\u00edticas p\u00fablicas para amenizar os efeitos da estiagem.<\/p>\n\n\n\n<p class=\"wp-block-paragraph\">Al\u00e9m disso, o encontro discutiu a cria\u00e7\u00e3o de um Fundo de Conviv\u00eancia com a Seca no munic\u00edpio. Para Agno Meira, a ado\u00e7\u00e3o dessas medidas poder\u00e1 ampliar a capacidade de resposta de Brumado diante de um per\u00edodo de estiagem que, segundo as proje\u00e7\u00f5es apresentadas na reuni\u00e3o, pode se prolongar.<\/p>\n\n\n\n<p class=\"wp-block-paragraph\">Na zona rural, produtores demonstraram preocupa\u00e7\u00e3o com os poss\u00edveis efeitos do fen\u00f4meno clim\u00e1tico. Manoel Fernandes, produtor da Fazenda Sucuruiu, relatou que o pasto j\u00e1 est\u00e1 diminuindo e que a disponibilidade de ra\u00e7\u00e3o tamb\u00e9m \u00e9 limitada, aumentando as dificuldades para manter a cria\u00e7\u00e3o de animais.<\/p>\n\n\n\n<p class=\"wp-block-paragraph\">Por fim, o produtor destacou que a redu\u00e7\u00e3o da alimenta\u00e7\u00e3o do rebanho afeta diretamente a produ\u00e7\u00e3o rural. A queda na disponibilidade de pasto e ra\u00e7\u00e3o pode comprometer a atividade de agricultores e pecuaristas, criando uma rea\u00e7\u00e3o em cadeia sobre a economia e a rotina das comunidades do interior.<\/p>\n","protected":false},"excerpt":{"rendered":"<p>O Conselho Municipal de Desenvolvimento Sustent\u00e1vel (CMDS) realizou uma reuni\u00e3o extraordin\u00e1ria nesta quarta-feira (2) para discutir os impactos do super El Ni\u00f1o e a previs\u00e3o de uma seca intensa na regi\u00e3o de Brumado. O encontro ocorreu no audit\u00f3rio da antiga prefeitura, na Pra\u00e7a Coronel Zeca Leite, e reuniu representantes ligados ao setor p\u00fablico e \u00e0 zona rural. Durante a reuni\u00e3o, o presidente do CMDS, Cl\u00e1udio Ribas, entregou ao prefeito Fabr\u00edcio Abrantes uma resolu\u00e7\u00e3o que prop\u00f5e a cria\u00e7\u00e3o de um Comit\u00ea de Crise Clim\u00e1tica no munic\u00edpio. A estrutura dever\u00e1 definir estrat\u00e9gias de conviv\u00eancia com a estiagem, acompanhar os efeitos do per\u00edodo seco e articular medidas para reduzir os impactos sobre a popula\u00e7\u00e3o. Segundo o secret\u00e1rio municipal de Agricultura, Agno Meira, o comit\u00ea tamb\u00e9m dever\u00e1 estabelecer como ser\u00e3o conduzidas as parcerias entre o CMDS e a Prefeitura de Brumado no enfrentamento da seca. A administra\u00e7\u00e3o municipal, conforme relatado pelo secret\u00e1rio, j\u00e1 mant\u00e9m di\u00e1logo com os governos Federal e Estadual em busca de pol\u00edticas p\u00fablicas para amenizar os efeitos da estiagem. Al\u00e9m disso, o encontro discutiu a cria\u00e7\u00e3o de um Fundo de Conviv\u00eancia com a Seca no munic\u00edpio. Para Agno Meira, a ado\u00e7\u00e3o dessas medidas poder\u00e1 ampliar a capacidade de resposta de Brumado diante de um per\u00edodo de estiagem que, segundo as proje\u00e7\u00f5es apresentadas na reuni\u00e3o, pode se prolongar. Na zona rural, produtores demonstraram preocupa\u00e7\u00e3o com os poss\u00edveis efeitos do fen\u00f4meno clim\u00e1tico. Manoel Fernandes, produtor da Fazenda Sucuruiu, relatou que o pasto j\u00e1 est\u00e1 diminuindo e que a disponibilidade de ra\u00e7\u00e3o tamb\u00e9m \u00e9 limitada, aumentando as dificuldades para manter a cria\u00e7\u00e3o de animais. Por fim, o produtor destacou que a redu\u00e7\u00e3o da alimenta\u00e7\u00e3o do rebanho afeta diretamente a produ\u00e7\u00e3o rural. A queda na disponibilidade de pasto e ra\u00e7\u00e3o pode comprometer a atividade de agricultores e pecuaristas, criando uma rea\u00e7\u00e3o em cadeia sobre a economia e a rotina das comunidades do interior.<\/p>\n","protected":false},"author":4,"featured_media":0,"comment_status":"open","ping_status":"open","sticky":false,"template":"","format":"standard","meta":{"footnotes":""},"categories":[10,4,6],"tags":[],"class_list":["post-29287","post","type-post","status-publish","format-standard","hentry","category-brumado","category-cidades","category-politica"],"yoast_head":"<!-- This site is optimized with the Yoast SEO plugin v26.5 - https:\/\/yoast.com\/wordpress\/plugins\/seo\/ -->\n<title>Brumado pode criar Comit\u00ea de Crise Clim\u00e1tica para enfrentar seca prolongada - Sudoesteacontece<\/title>\n<meta name=\"robots\" content=\"index, follow, max-snippet:-1, max-image-preview:large, max-video-preview:-1\" \/>\n<link rel=\"canonical\" href=\"https:\/\/sudoesteacontece.com.br\/?p=29287\" \/>\n<meta property=\"og:locale\" content=\"pt_BR\" \/>\n<meta property=\"og:type\" content=\"article\" \/>\n<meta property=\"og:title\" content=\"Brumado pode criar Comit\u00ea de Crise Clim\u00e1tica para enfrentar seca prolongada - Sudoesteacontece\" \/>\n<meta property=\"og:description\" content=\"O Conselho Municipal de Desenvolvimento Sustent\u00e1vel (CMDS) realizou uma reuni\u00e3o extraordin\u00e1ria nesta quarta-feira (2) para discutir os impactos do super El Ni\u00f1o e a previs\u00e3o de uma seca intensa na regi\u00e3o de Brumado. O encontro ocorreu no audit\u00f3rio da antiga prefeitura, na Pra\u00e7a Coronel Zeca Leite, e reuniu representantes ligados ao setor p\u00fablico e \u00e0 zona rural. Durante a reuni\u00e3o, o presidente do CMDS, Cl\u00e1udio Ribas, entregou ao prefeito Fabr\u00edcio Abrantes uma resolu\u00e7\u00e3o que prop\u00f5e a cria\u00e7\u00e3o de um Comit\u00ea de Crise Clim\u00e1tica no munic\u00edpio. A estrutura dever\u00e1 definir estrat\u00e9gias de conviv\u00eancia com a estiagem, acompanhar os efeitos do per\u00edodo seco e articular medidas para reduzir os impactos sobre a popula\u00e7\u00e3o. Segundo o secret\u00e1rio municipal de Agricultura, Agno Meira, o comit\u00ea tamb\u00e9m dever\u00e1 estabelecer como ser\u00e3o conduzidas as parcerias entre o CMDS e a Prefeitura de Brumado no enfrentamento da seca. A administra\u00e7\u00e3o municipal, conforme relatado pelo secret\u00e1rio, j\u00e1 mant\u00e9m di\u00e1logo com os governos Federal e Estadual em busca de pol\u00edticas p\u00fablicas para amenizar os efeitos da estiagem. Al\u00e9m disso, o encontro discutiu a cria\u00e7\u00e3o de um Fundo de Conviv\u00eancia com a Seca no munic\u00edpio. Para Agno Meira, a ado\u00e7\u00e3o dessas medidas poder\u00e1 ampliar a capacidade de resposta de Brumado diante de um per\u00edodo de estiagem que, segundo as proje\u00e7\u00f5es apresentadas na reuni\u00e3o, pode se prolongar. Na zona rural, produtores demonstraram preocupa\u00e7\u00e3o com os poss\u00edveis efeitos do fen\u00f4meno clim\u00e1tico. Manoel Fernandes, produtor da Fazenda Sucuruiu, relatou que o pasto j\u00e1 est\u00e1 diminuindo e que a disponibilidade de ra\u00e7\u00e3o tamb\u00e9m \u00e9 limitada, aumentando as dificuldades para manter a cria\u00e7\u00e3o de animais. Por fim, o produtor destacou que a redu\u00e7\u00e3o da alimenta\u00e7\u00e3o do rebanho afeta diretamente a produ\u00e7\u00e3o rural. A queda na disponibilidade de pasto e ra\u00e7\u00e3o pode comprometer a atividade de agricultores e pecuaristas, criando uma rea\u00e7\u00e3o em cadeia sobre a economia e a rotina das comunidades do interior.\" \/>\n<meta property=\"og:url\" content=\"https:\/\/sudoesteacontece.com.br\/?p=29287\" \/>\n<meta property=\"og:site_name\" content=\"Sudoesteacontece\" \/>\n<meta property=\"article:publisher\" content=\"https:\/\/www.facebook.com\/sudoesteacontece\/?locale=pt_BR\" \/>\n<meta property=\"article:published_time\" content=\"2026-09-03T15:47:38+00:00\" \/>\n<meta property=\"article:modified_time\" content=\"2026-09-03T15:47:43+00:00\" \/>\n<meta property=\"og:image\" content=\"https:\/\/sudoesteacontece.com.br\/wp-content\/uploads\/2026\/09\/Brumado-pode-criar-Comite-de-Crise-Climatica-para-enfrentar-seca-prolongada.jpg\" \/>\n\t<meta property=\"og:image:width\" content=\"900\" \/>\n\t<meta property=\"og:image:height\" content=\"600\" \/>\n\t<meta property=\"og:image:type\" content=\"image\/jpeg\" \/>\n<meta name=\"author\" content=\"Reda\u00e7\u00e3o\" \/>\n<meta name=\"twitter:card\" content=\"summary_large_image\" \/>\n<meta name=\"twitter:label1\" content=\"Escrito por\" \/>\n\t<meta name=\"twitter:data1\" content=\"Reda\u00e7\u00e3o\" \/>\n\t<meta name=\"twitter:label2\" content=\"Est. tempo de leitura\" \/>\n\t<meta name=\"twitter:data2\" content=\"2 minutos\" \/>\n<script type=\"application\/ld+json\" class=\"yoast-schema-graph\">{\"@context\":\"https:\/\/schema.org\",\"@graph\":[{\"@type\":\"Article\",\"@id\":\"https:\/\/sudoesteacontece.com.br\/?p=29287#article\",\"isPartOf\":{\"@id\":\"https:\/\/sudoesteacontece.com.br\/?p=29287\"},\"author\":{\"name\":\"Reda\u00e7\u00e3o\",\"@id\":\"https:\/\/sudoesteacontece.com.br\/#\/schema\/person\/a4f22429c1d0923ef8f7d43343f8dc38\"},\"headline\":\"Brumado pode criar Comit\u00ea de Crise Clim\u00e1tica para enfrentar seca prolongada\",\"datePublished\":\"2026-09-03T15:47:38+00:00\",\"dateModified\":\"2026-09-03T15:47:43+00:00\",\"mainEntityOfPage\":{\"@id\":\"https:\/\/sudoesteacontece.com.br\/?p=29287\"},\"wordCount\":367,\"commentCount\":0,\"publisher\":{\"@id\":\"https:\/\/sudoesteacontece.com.br\/#organization\"},\"image\":{\"@id\":\"https:\/\/sudoesteacontece.com.br\/?p=29287#primaryimage\"},\"thumbnailUrl\":\"http:\/\/sudoesteacontece.com.br\/wp-content\/uploads\/2026\/09\/Brumado-pode-criar-Comite-de-Crise-Climatica-para-enfrentar-seca-prolongada.jpg\",\"articleSection\":[\"Brumado\",\"Cidades\",\"Pol\u00edtica\"],\"inLanguage\":\"pt-BR\",\"potentialAction\":[{\"@type\":\"CommentAction\",\"name\":\"Comment\",\"target\":[\"https:\/\/sudoesteacontece.com.br\/?p=29287#respond\"]}]},{\"@type\":\"WebPage\",\"@id\":\"https:\/\/sudoesteacontece.com.br\/?p=29287\",\"url\":\"https:\/\/sudoesteacontece.com.br\/?p=29287\",\"name\":\"Brumado pode criar Comit\u00ea de Crise Clim\u00e1tica para enfrentar seca prolongada - Sudoesteacontece\",\"isPartOf\":{\"@id\":\"https:\/\/sudoesteacontece.com.br\/#website\"},\"primaryImageOfPage\":{\"@id\":\"https:\/\/sudoesteacontece.com.br\/?p=29287#primaryimage\"},\"image\":{\"@id\":\"https:\/\/sudoesteacontece.com.br\/?p=29287#primaryimage\"},\"thumbnailUrl\":\"http:\/\/sudoesteacontece.com.br\/wp-content\/uploads\/2026\/09\/Brumado-pode-criar-Comite-de-Crise-Climatica-para-enfrentar-seca-prolongada.jpg\",\"datePublished\":\"2026-09-03T15:47:38+00:00\",\"dateModified\":\"2026-09-03T15:47:43+00:00\",\"breadcrumb\":{\"@id\":\"https:\/\/sudoesteacontece.com.br\/?p=29287#breadcrumb\"},\"inLanguage\":\"pt-BR\",\"potentialAction\":[{\"@type\":\"ReadAction\",\"target\":[\"https:\/\/sudoesteacontece.com.br\/?p=29287\"]}]},{\"@type\":\"ImageObject\",\"inLanguage\":\"pt-BR\",\"@id\":\"https:\/\/sudoesteacontece.com.br\/?p=29287#primaryimage\",\"url\":\"https:\/\/sudoesteacontece.com.br\/wp-content\/uploads\/2026\/09\/Brumado-pode-criar-Comite-de-Crise-Climatica-para-enfrentar-seca-prolongada.jpg\",\"contentUrl\":\"https:\/\/sudoesteacontece.com.br\/wp-content\/uploads\/2026\/09\/Brumado-pode-criar-Comite-de-Crise-Climatica-para-enfrentar-seca-prolongada.jpg\",\"width\":900,\"height\":600},{\"@type\":\"BreadcrumbList\",\"@id\":\"https:\/\/sudoesteacontece.com.br\/?p=29287#breadcrumb\",\"itemListElement\":[{\"@type\":\"ListItem\",\"position\":1,\"name\":\"In\u00edcio\",\"item\":\"https:\/\/sudoesteacontece.com.br\/\"},{\"@type\":\"ListItem\",\"position\":2,\"name\":\"Brumado pode criar Comit\u00ea de Crise Clim\u00e1tica para enfrentar seca prolongada\"}]},{\"@type\":\"WebSite\",\"@id\":\"https:\/\/sudoesteacontece.com.br\/#website\",\"url\":\"https:\/\/sudoesteacontece.com.br\/\",\"name\":\"Sudoesteacontece\",\"description\":\"\",\"publisher\":{\"@id\":\"https:\/\/sudoesteacontece.com.br\/#organization\"},\"potentialAction\":[{\"@type\":\"SearchAction\",\"target\":{\"@type\":\"EntryPoint\",\"urlTemplate\":\"https:\/\/sudoesteacontece.com.br\/?s={search_term_string}\"},\"query-input\":{\"@type\":\"PropertyValueSpecification\",\"valueRequired\":true,\"valueName\":\"search_term_string\"}}],\"inLanguage\":\"pt-BR\"},{\"@type\":\"Organization\",\"@id\":\"https:\/\/sudoesteacontece.com.br\/#organization\",\"name\":\"Sudoesteacontece\",\"url\":\"https:\/\/sudoesteacontece.com.br\/\",\"logo\":{\"@type\":\"ImageObject\",\"inLanguage\":\"pt-BR\",\"@id\":\"https:\/\/sudoesteacontece.com.br\/#\/schema\/logo\/image\/\",\"url\":\"https:\/\/sudoesteacontece.com.br\/wp-content\/uploads\/2025\/12\/cropped-logo-2-180x180-1.png\",\"contentUrl\":\"https:\/\/sudoesteacontece.com.br\/wp-content\/uploads\/2025\/12\/cropped-logo-2-180x180-1.png\",\"width\":180,\"height\":180,\"caption\":\"Sudoesteacontece\"},\"image\":{\"@id\":\"https:\/\/sudoesteacontece.com.br\/#\/schema\/logo\/image\/\"},\"sameAs\":[\"https:\/\/www.facebook.com\/sudoesteacontece\/?locale=pt_BR\"]},{\"@type\":\"Person\",\"@id\":\"https:\/\/sudoesteacontece.com.br\/#\/schema\/person\/a4f22429c1d0923ef8f7d43343f8dc38\",\"name\":\"Reda\u00e7\u00e3o\",\"image\":{\"@type\":\"ImageObject\",\"inLanguage\":\"pt-BR\",\"@id\":\"https:\/\/sudoesteacontece.com.br\/#\/schema\/person\/image\/\",\"url\":\"https:\/\/secure.gravatar.com\/avatar\/c3a5b3c93f268a709c25a2df414c629a96fb3b1b4bf97a94fb3f72e54ae76903?s=96&d=mm&r=g\",\"contentUrl\":\"https:\/\/secure.gravatar.com\/avatar\/c3a5b3c93f268a709c25a2df414c629a96fb3b1b4bf97a94fb3f72e54ae76903?s=96&d=mm&r=g\",\"caption\":\"Reda\u00e7\u00e3o\"},\"url\":\"https:\/\/sudoesteacontece.com.br\/?author=4\"}]}<\/script>\n<!-- \/ Yoast SEO plugin. -->","yoast_head_json":{"title":"Brumado pode criar Comit\u00ea de Crise Clim\u00e1tica para enfrentar seca prolongada - Sudoesteacontece","robots":{"index":"index","follow":"follow","max-snippet":"max-snippet:-1","max-image-preview":"max-image-preview:large","max-video-preview":"max-video-preview:-1"},"canonical":"https:\/\/sudoesteacontece.com.br\/?p=29287","og_locale":"pt_BR","og_type":"article","og_title":"Brumado pode criar Comit\u00ea de Crise Clim\u00e1tica para enfrentar seca prolongada - Sudoesteacontece","og_description":"O Conselho Municipal de Desenvolvimento Sustent\u00e1vel (CMDS) realizou uma reuni\u00e3o extraordin\u00e1ria nesta quarta-feira (2) para discutir os impactos do super El Ni\u00f1o e a previs\u00e3o de uma seca intensa na regi\u00e3o de Brumado. O encontro ocorreu no audit\u00f3rio da antiga prefeitura, na Pra\u00e7a Coronel Zeca Leite, e reuniu representantes ligados ao setor p\u00fablico e \u00e0 zona rural. Durante a reuni\u00e3o, o presidente do CMDS, Cl\u00e1udio Ribas, entregou ao prefeito Fabr\u00edcio Abrantes uma resolu\u00e7\u00e3o que prop\u00f5e a cria\u00e7\u00e3o de um Comit\u00ea de Crise Clim\u00e1tica no munic\u00edpio. A estrutura dever\u00e1 definir estrat\u00e9gias de conviv\u00eancia com a estiagem, acompanhar os efeitos do per\u00edodo seco e articular medidas para reduzir os impactos sobre a popula\u00e7\u00e3o. Segundo o secret\u00e1rio municipal de Agricultura, Agno Meira, o comit\u00ea tamb\u00e9m dever\u00e1 estabelecer como ser\u00e3o conduzidas as parcerias entre o CMDS e a Prefeitura de Brumado no enfrentamento da seca. A administra\u00e7\u00e3o municipal, conforme relatado pelo secret\u00e1rio, j\u00e1 mant\u00e9m di\u00e1logo com os governos Federal e Estadual em busca de pol\u00edticas p\u00fablicas para amenizar os efeitos da estiagem. Al\u00e9m disso, o encontro discutiu a cria\u00e7\u00e3o de um Fundo de Conviv\u00eancia com a Seca no munic\u00edpio. Para Agno Meira, a ado\u00e7\u00e3o dessas medidas poder\u00e1 ampliar a capacidade de resposta de Brumado diante de um per\u00edodo de estiagem que, segundo as proje\u00e7\u00f5es apresentadas na reuni\u00e3o, pode se prolongar. Na zona rural, produtores demonstraram preocupa\u00e7\u00e3o com os poss\u00edveis efeitos do fen\u00f4meno clim\u00e1tico. Manoel Fernandes, produtor da Fazenda Sucuruiu, relatou que o pasto j\u00e1 est\u00e1 diminuindo e que a disponibilidade de ra\u00e7\u00e3o tamb\u00e9m \u00e9 limitada, aumentando as dificuldades para manter a cria\u00e7\u00e3o de animais. Por fim, o produtor destacou que a redu\u00e7\u00e3o da alimenta\u00e7\u00e3o do rebanho afeta diretamente a produ\u00e7\u00e3o rural. A queda na disponibilidade de pasto e ra\u00e7\u00e3o pode comprometer a atividade de agricultores e pecuaristas, criando uma rea\u00e7\u00e3o em cadeia sobre a economia e a rotina das comunidades do interior.","og_url":"https:\/\/sudoesteacontece.com.br\/?p=29287","og_site_name":"Sudoesteacontece","article_publisher":"https:\/\/www.facebook.com\/sudoesteacontece\/?locale=pt_BR","article_published_time":"2026-09-03T15:47:38+00:00","article_modified_time":"2026-09-03T15:47:43+00:00","og_image":[{"width":900,"height":600,"url":"https:\/\/sudoesteacontece.com.br\/wp-content\/uploads\/2026\/09\/Brumado-pode-criar-Comite-de-Crise-Climatica-para-enfrentar-seca-prolongada.jpg","type":"image\/jpeg"}],"author":"Reda\u00e7\u00e3o","twitter_card":"summary_large_image","twitter_misc":{"Escrito por":"Reda\u00e7\u00e3o","Est. tempo de leitura":"2 minutos"},"schema":{"@context":"https:\/\/schema.org","@graph":[{"@type":"Article","@id":"https:\/\/sudoesteacontece.com.br\/?p=29287#article","isPartOf":{"@id":"https:\/\/sudoesteacontece.com.br\/?p=29287"},"author":{"name":"Reda\u00e7\u00e3o","@id":"https:\/\/sudoesteacontece.com.br\/#\/schema\/person\/a4f22429c1d0923ef8f7d43343f8dc38"},"headline":"Brumado pode criar Comit\u00ea de Crise Clim\u00e1tica para enfrentar seca prolongada","datePublished":"2026-09-03T15:47:38+00:00","dateModified":"2026-09-03T15:47:43+00:00","mainEntityOfPage":{"@id":"https:\/\/sudoesteacontece.com.br\/?p=29287"},"wordCount":367,"commentCount":0,"publisher":{"@id":"https:\/\/sudoesteacontece.com.br\/#organization"},"image":{"@id":"https:\/\/sudoesteacontece.com.br\/?p=29287#primaryimage"},"thumbnailUrl":"http:\/\/sudoesteacontece.com.br\/wp-content\/uploads\/2026\/09\/Brumado-pode-criar-Comite-de-Crise-Climatica-para-enfrentar-seca-prolongada.jpg","articleSection":["Brumado","Cidades","Pol\u00edtica"],"inLanguage":"pt-BR","potentialAction":[{"@type":"CommentAction","name":"Comment","target":["https:\/\/sudoesteacontece.com.br\/?p=29287#respond"]}]},{"@type":"WebPage","@id":"https:\/\/sudoesteacontece.com.br\/?p=29287","url":"https:\/\/sudoesteacontece.com.br\/?p=29287","name":"Brumado pode criar Comit\u00ea de Crise Clim\u00e1tica para enfrentar seca prolongada - Sudoesteacontece","isPartOf":{"@id":"https:\/\/sudoesteacontece.com.br\/#website"},"primaryImageOfPage":{"@id":"https:\/\/sudoesteacontece.com.br\/?p=29287#primaryimage"},"image":{"@id":"https:\/\/sudoesteacontece.com.br\/?p=29287#primaryimage"},"thumbnailUrl":"http:\/\/sudoesteacontece.com.br\/wp-content\/uploads\/2026\/09\/Brumado-pode-criar-Comite-de-Crise-Climatica-para-enfrentar-seca-prolongada.jpg","datePublished":"2026-09-03T15:47:38+00:00","dateModified":"2026-09-03T15:47:43+00:00","breadcrumb":{"@id":"https:\/\/sudoesteacontece.com.br\/?p=29287#breadcrumb"},"inLanguage":"pt-BR","potentialAction":[{"@type":"ReadAction","target":["https:\/\/sudoesteacontece.com.br\/?p=29287"]}]},{"@type":"ImageObject","inLanguage":"pt-BR","@id":"https:\/\/sudoesteacontece.com.br\/?p=29287#primaryimage","url":"https:\/\/sudoesteacontece.com.br\/wp-content\/uploads\/2026\/09\/Brumado-pode-criar-Comite-de-Crise-Climatica-para-enfrentar-seca-prolongada.jpg","contentUrl":"https:\/\/sudoesteacontece.com.br\/wp-content\/uploads\/2026\/09\/Brumado-pode-criar-Comite-de-Crise-Climatica-para-enfrentar-seca-prolongada.jpg","width":900,"height":600},{"@type":"BreadcrumbList","@id":"https:\/\/sudoesteacontece.com.br\/?p=29287#breadcrumb","itemListElement":[{"@type":"ListItem","position":1,"name":"In\u00edcio","item":"https:\/\/sudoesteacontece.com.br\/"},{"@type":"ListItem","position":2,"name":"Brumado pode criar Comit\u00ea de Crise Clim\u00e1tica para enfrentar seca prolongada"}]},{"@type":"WebSite","@id":"https:\/\/sudoesteacontece.com.br\/#website","url":"https:\/\/sudoesteacontece.com.br\/","name":"Sudoesteacontece","description":"","publisher":{"@id":"https:\/\/sudoesteacontece.com.br\/#organization"},"potentialAction":[{"@type":"SearchAction","target":{"@type":"EntryPoint","urlTemplate":"https:\/\/sudoesteacontece.com.br\/?s={search_term_string}"},"query-input":{"@type":"PropertyValueSpecification","valueRequired":true,"valueName":"search_term_string"}}],"inLanguage":"pt-BR"},{"@type":"Organization","@id":"https:\/\/sudoesteacontece.com.br\/#organization","name":"Sudoesteacontece","url":"https:\/\/sudoesteacontece.com.br\/","logo":{"@type":"ImageObject","inLanguage":"pt-BR","@id":"https:\/\/sudoesteacontece.com.br\/#\/schema\/logo\/image\/","url":"https:\/\/sudoesteacontece.com.br\/wp-content\/uploads\/2025\/12\/cropped-logo-2-180x180-1.png","contentUrl":"https:\/\/sudoesteacontece.com.br\/wp-content\/uploads\/2025\/12\/cropped-logo-2-180x180-1.png","width":180,"height":180,"caption":"Sudoesteacontece"},"image":{"@id":"https:\/\/sudoesteacontece.com.br\/#\/schema\/logo\/image\/"},"sameAs":["https:\/\/www.facebook.com\/sudoesteacontece\/?locale=pt_BR"]},{"@type":"Person","@id":"https:\/\/sudoesteacontece.com.br\/#\/schema\/person\/a4f22429c1d0923ef8f7d43343f8dc38","name":"Reda\u00e7\u00e3o","image":{"@type":"ImageObject","inLanguage":"pt-BR","@id":"https:\/\/sudoesteacontece.com.br\/#\/schema\/person\/image\/","url":"https:\/\/secure.gravatar.com\/avatar\/c3a5b3c93f268a709c25a2df414c629a96fb3b1b4bf97a94fb3f72e54ae76903?s=96&d=mm&r=g","contentUrl":"https:\/\/secure.gravatar.com\/avatar\/c3a5b3c93f268a709c25a2df414c629a96fb3b1b4bf97a94fb3f72e54ae76903?s=96&d=mm&r=g","caption":"Reda\u00e7\u00e3o"},"url":"https:\/\/sudoesteacontece.com.br\/?author=4"}]}},"_links":{"self":[{"href":"https:\/\/sudoesteacontece.com.br\/index.php?rest_route=\/wp\/v2\/posts\/29287","targetHints":{"allow":["GET"]}}],"collection":[{"href":"https:\/\/sudoesteacontece.com.br\/index.php?rest_route=\/wp\/v2\/posts"}],"about":[{"href":"https:\/\/sudoesteacontece.com.br\/index.php?rest_route=\/wp\/v2\/types\/post"}],"author":[{"embeddable":true,"href":"https:\/\/sudoesteacontece.com.br\/index.php?rest_route=\/wp\/v2\/users\/4"}],"replies":[{"embeddable":true,"href":"https:\/\/sudoesteacontece.com.br\/index.php?rest_route=%2Fwp%2Fv2%2Fcomments&post=29287"}],"version-history":[{"count":1,"href":"https:\/\/sudoesteacontece.com.br\/index.php?rest_route=\/wp\/v2\/posts\/29287\/revisions"}],"predecessor-version":[{"id":29349,"href":"https:\/\/sudoesteacontece.com.br\/index.php?rest_route=\/wp\/v2\/posts\/29287\/revisions\/29349"}],"wp:attachment":[{"href":"https:\/\/sudoesteacontece.com.br\/index.php?rest_route=%2Fwp%2Fv2%2Fmedia&parent=29287"}],"wp:term":[{"taxonomy":"category","embeddable":true,"href":"https:\/\/sudoesteacontece.com.br\/index.php?rest_route=%2Fwp%2Fv2%2Fcategories&post=29287"},{"taxonomy":"post_tag","embeddable":true,"href":"https:\/\/sudoesteacontece.com.br\/index.php?rest_route=%2Fwp%2Fv2%2Ftags&post=29287"}],"curies":[{"name":"wp","href":"https:\/\/api.w.org\/{rel}","templated":true}]}}