{"id":29289,"date":"2026-09-03T12:49:26","date_gmt":"2026-09-03T15:49:26","guid":{"rendered":"https:\/\/sudoesteacontece.com.br\/?p=29289"},"modified":"2026-09-03T12:49:32","modified_gmt":"2026-09-03T15:49:32","slug":"tres-pessoas-ficam-feridas-apos-caminhonete-cair-em-corrego-na-br-122-em-candiba","status":"publish","type":"post","link":"https:\/\/sudoesteacontece.com.br\/?p=29289","title":{"rendered":"Tr\u00eas pessoas ficam feridas ap\u00f3s caminhonete cair em c\u00f3rrego na BR-122, em Candiba"},"content":{"rendered":"\n<figure class=\"wp-block-image size-full\"><img fetchpriority=\"high\" decoding=\"async\" width=\"900\" height=\"600\" src=\"http:\/\/sudoesteacontece.com.br\/wp-content\/uploads\/2026\/09\/Tres-pessoas-ficam-feridas-apos-caminhonete-cair-em-corrego-na-BR-122-em-Candiba.jpg\" alt=\"\" class=\"wp-image-29327\" srcset=\"https:\/\/sudoesteacontece.com.br\/wp-content\/uploads\/2026\/09\/Tres-pessoas-ficam-feridas-apos-caminhonete-cair-em-corrego-na-BR-122-em-Candiba.jpg 900w, https:\/\/sudoesteacontece.com.br\/wp-content\/uploads\/2026\/09\/Tres-pessoas-ficam-feridas-apos-caminhonete-cair-em-corrego-na-BR-122-em-Candiba-300x200.jpg 300w, https:\/\/sudoesteacontece.com.br\/wp-content\/uploads\/2026\/09\/Tres-pessoas-ficam-feridas-apos-caminhonete-cair-em-corrego-na-BR-122-em-Candiba-768x512.jpg 768w\" sizes=\"(max-width: 900px) 100vw, 900px\" \/><\/figure>\n\n\n\n<p class=\"wp-block-paragraph\">Tr\u00eas pessoas ficaram feridas ap\u00f3s uma caminhonete Ford F-350 sair da pista e cair em um c\u00f3rrego \u00e0s margens da BR-122, em Candiba, no sudoeste da Bahia. O acidente aconteceu na tarde desta quarta-feira (2), no trecho entre o distrito de Pil\u00f5es e Pinda\u00ed.<\/p>\n\n\n\n<p class=\"wp-block-paragraph\">Segundo a Pol\u00edcia Militar, uma equipe do 17\u00ba Batalh\u00e3o foi acionada por volta das 13h56 para atender \u00e0 ocorr\u00eancia. No local, os policiais encontraram a caminhonete verde dentro do c\u00f3rrego, ap\u00f3s o ve\u00edculo descer uma ribanceira localizada \u00e0s margens da rodovia.<\/p>\n\n\n\n<p class=\"wp-block-paragraph\">De acordo com o motorista, de 47 anos, ele seguia pela BR-122 quando precisou desviar de outro ve\u00edculo. O condutor relatou que o autom\u00f3vel teria invadido a contram\u00e3o durante uma ultrapassagem, provocando o risco de uma colis\u00e3o frontal.<\/p>\n\n\n\n<p class=\"wp-block-paragraph\">Ao realizar a manobra para evitar o impacto, o motorista entrou no acostamento e perdeu o controle da dire\u00e7\u00e3o. A caminhonete saiu da pista, desceu pela ribanceira e terminou dentro do c\u00f3rrego. O condutor e dois passageiros, de 63 e 41 anos, ficaram feridos na ocorr\u00eancia.<\/p>\n\n\n\n<p class=\"wp-block-paragraph\">Equipes do Servi\u00e7o de Atendimento M\u00f3vel de Urg\u00eancia (SAMU) atenderam as tr\u00eas v\u00edtimas, que apresentavam escoria\u00e7\u00f5es aparentemente leves. Elas foram encaminhadas ao Hospital Municipal de Candiba para avalia\u00e7\u00e3o m\u00e9dica e atendimento.<\/p>\n\n\n\n<p class=\"wp-block-paragraph\">Depois do resgate, a Pol\u00edcia Militar sinalizou o trecho da rodovia para alertar os demais motoristas e evitar novos acidentes. A caminhonete permaneceu sob responsabilidade da guarni\u00e7\u00e3o at\u00e9 a chegada de um respons\u00e1vel pelo servi\u00e7o de guincho.<\/p>\n\n\n\n<p class=\"wp-block-paragraph\">Por fim, a ocorr\u00eancia foi registrada pela Pol\u00edcia Militar por meio de um Relat\u00f3rio de Acidente de Tr\u00e2nsito (RAT). As circunst\u00e2ncias relatadas pelo motorista sobre a manobra para evitar a colis\u00e3o foram registradas no documento da ocorr\u00eancia.<\/p>\n","protected":false},"excerpt":{"rendered":"<p>Tr\u00eas pessoas ficaram feridas ap\u00f3s uma caminhonete Ford F-350 sair da pista e cair em um c\u00f3rrego \u00e0s margens da BR-122, em Candiba, no sudoeste da Bahia. O acidente aconteceu na tarde desta quarta-feira (2), no trecho entre o distrito de Pil\u00f5es e Pinda\u00ed. Segundo a Pol\u00edcia Militar, uma equipe do 17\u00ba Batalh\u00e3o foi acionada por volta das 13h56 para atender \u00e0 ocorr\u00eancia. No local, os policiais encontraram a caminhonete verde dentro do c\u00f3rrego, ap\u00f3s o ve\u00edculo descer uma ribanceira localizada \u00e0s margens da rodovia. De acordo com o motorista, de 47 anos, ele seguia pela BR-122 quando precisou desviar de outro ve\u00edculo. O condutor relatou que o autom\u00f3vel teria invadido a contram\u00e3o durante uma ultrapassagem, provocando o risco de uma colis\u00e3o frontal. Ao realizar a manobra para evitar o impacto, o motorista entrou no acostamento e perdeu o controle da dire\u00e7\u00e3o. A caminhonete saiu da pista, desceu pela ribanceira e terminou dentro do c\u00f3rrego. O condutor e dois passageiros, de 63 e 41 anos, ficaram feridos na ocorr\u00eancia. Equipes do Servi\u00e7o de Atendimento M\u00f3vel de Urg\u00eancia (SAMU) atenderam as tr\u00eas v\u00edtimas, que apresentavam escoria\u00e7\u00f5es aparentemente leves. Elas foram encaminhadas ao Hospital Municipal de Candiba para avalia\u00e7\u00e3o m\u00e9dica e atendimento. Depois do resgate, a Pol\u00edcia Militar sinalizou o trecho da rodovia para alertar os demais motoristas e evitar novos acidentes. A caminhonete permaneceu sob responsabilidade da guarni\u00e7\u00e3o at\u00e9 a chegada de um respons\u00e1vel pelo servi\u00e7o de guincho. Por fim, a ocorr\u00eancia foi registrada pela Pol\u00edcia Militar por meio de um Relat\u00f3rio de Acidente de Tr\u00e2nsito (RAT). As circunst\u00e2ncias relatadas pelo motorista sobre a manobra para evitar a colis\u00e3o foram registradas no documento da ocorr\u00eancia.<\/p>\n","protected":false},"author":4,"featured_media":0,"comment_status":"open","ping_status":"open","sticky":false,"template":"","format":"standard","meta":{"footnotes":""},"categories":[5,84,4],"tags":[],"class_list":["post-29289","post","type-post","status-publish","format-standard","hentry","category-acidente","category-candiba","category-cidades"],"yoast_head":"<!-- This site is optimized with the Yoast SEO plugin v26.5 - https:\/\/yoast.com\/wordpress\/plugins\/seo\/ -->\n<title>Tr\u00eas pessoas ficam feridas ap\u00f3s caminhonete cair em c\u00f3rrego na BR-122, em Candiba - Sudoesteacontece<\/title>\n<meta name=\"robots\" content=\"index, follow, max-snippet:-1, max-image-preview:large, max-video-preview:-1\" \/>\n<link rel=\"canonical\" href=\"https:\/\/sudoesteacontece.com.br\/?p=29289\" \/>\n<meta property=\"og:locale\" content=\"pt_BR\" \/>\n<meta property=\"og:type\" content=\"article\" \/>\n<meta property=\"og:title\" content=\"Tr\u00eas pessoas ficam feridas ap\u00f3s caminhonete cair em c\u00f3rrego na BR-122, em Candiba - Sudoesteacontece\" \/>\n<meta property=\"og:description\" content=\"Tr\u00eas pessoas ficaram feridas ap\u00f3s uma caminhonete Ford F-350 sair da pista e cair em um c\u00f3rrego \u00e0s margens da BR-122, em Candiba, no sudoeste da Bahia. O acidente aconteceu na tarde desta quarta-feira (2), no trecho entre o distrito de Pil\u00f5es e Pinda\u00ed. Segundo a Pol\u00edcia Militar, uma equipe do 17\u00ba Batalh\u00e3o foi acionada por volta das 13h56 para atender \u00e0 ocorr\u00eancia. No local, os policiais encontraram a caminhonete verde dentro do c\u00f3rrego, ap\u00f3s o ve\u00edculo descer uma ribanceira localizada \u00e0s margens da rodovia. De acordo com o motorista, de 47 anos, ele seguia pela BR-122 quando precisou desviar de outro ve\u00edculo. O condutor relatou que o autom\u00f3vel teria invadido a contram\u00e3o durante uma ultrapassagem, provocando o risco de uma colis\u00e3o frontal. Ao realizar a manobra para evitar o impacto, o motorista entrou no acostamento e perdeu o controle da dire\u00e7\u00e3o. A caminhonete saiu da pista, desceu pela ribanceira e terminou dentro do c\u00f3rrego. O condutor e dois passageiros, de 63 e 41 anos, ficaram feridos na ocorr\u00eancia. Equipes do Servi\u00e7o de Atendimento M\u00f3vel de Urg\u00eancia (SAMU) atenderam as tr\u00eas v\u00edtimas, que apresentavam escoria\u00e7\u00f5es aparentemente leves. Elas foram encaminhadas ao Hospital Municipal de Candiba para avalia\u00e7\u00e3o m\u00e9dica e atendimento. Depois do resgate, a Pol\u00edcia Militar sinalizou o trecho da rodovia para alertar os demais motoristas e evitar novos acidentes. A caminhonete permaneceu sob responsabilidade da guarni\u00e7\u00e3o at\u00e9 a chegada de um respons\u00e1vel pelo servi\u00e7o de guincho. Por fim, a ocorr\u00eancia foi registrada pela Pol\u00edcia Militar por meio de um Relat\u00f3rio de Acidente de Tr\u00e2nsito (RAT). As circunst\u00e2ncias relatadas pelo motorista sobre a manobra para evitar a colis\u00e3o foram registradas no documento da ocorr\u00eancia.\" \/>\n<meta property=\"og:url\" content=\"https:\/\/sudoesteacontece.com.br\/?p=29289\" \/>\n<meta property=\"og:site_name\" content=\"Sudoesteacontece\" \/>\n<meta property=\"article:publisher\" content=\"https:\/\/www.facebook.com\/sudoesteacontece\/?locale=pt_BR\" \/>\n<meta property=\"article:published_time\" content=\"2026-09-03T15:49:26+00:00\" \/>\n<meta property=\"article:modified_time\" content=\"2026-09-03T15:49:32+00:00\" \/>\n<meta property=\"og:image\" content=\"https:\/\/sudoesteacontece.com.br\/wp-content\/uploads\/2026\/09\/Tres-pessoas-ficam-feridas-apos-caminhonete-cair-em-corrego-na-BR-122-em-Candiba.jpg\" \/>\n\t<meta property=\"og:image:width\" content=\"900\" \/>\n\t<meta property=\"og:image:height\" content=\"600\" \/>\n\t<meta property=\"og:image:type\" content=\"image\/jpeg\" \/>\n<meta name=\"author\" content=\"Reda\u00e7\u00e3o\" \/>\n<meta name=\"twitter:card\" content=\"summary_large_image\" \/>\n<meta name=\"twitter:label1\" content=\"Escrito por\" \/>\n\t<meta name=\"twitter:data1\" content=\"Reda\u00e7\u00e3o\" \/>\n\t<meta name=\"twitter:label2\" content=\"Est. tempo de leitura\" \/>\n\t<meta name=\"twitter:data2\" content=\"2 minutos\" \/>\n<script type=\"application\/ld+json\" class=\"yoast-schema-graph\">{\"@context\":\"https:\/\/schema.org\",\"@graph\":[{\"@type\":\"Article\",\"@id\":\"https:\/\/sudoesteacontece.com.br\/?p=29289#article\",\"isPartOf\":{\"@id\":\"https:\/\/sudoesteacontece.com.br\/?p=29289\"},\"author\":{\"name\":\"Reda\u00e7\u00e3o\",\"@id\":\"https:\/\/sudoesteacontece.com.br\/#\/schema\/person\/a4f22429c1d0923ef8f7d43343f8dc38\"},\"headline\":\"Tr\u00eas pessoas ficam feridas ap\u00f3s caminhonete cair em c\u00f3rrego na BR-122, em Candiba\",\"datePublished\":\"2026-09-03T15:49:26+00:00\",\"dateModified\":\"2026-09-03T15:49:32+00:00\",\"mainEntityOfPage\":{\"@id\":\"https:\/\/sudoesteacontece.com.br\/?p=29289\"},\"wordCount\":320,\"commentCount\":0,\"publisher\":{\"@id\":\"https:\/\/sudoesteacontece.com.br\/#organization\"},\"image\":{\"@id\":\"https:\/\/sudoesteacontece.com.br\/?p=29289#primaryimage\"},\"thumbnailUrl\":\"http:\/\/sudoesteacontece.com.br\/wp-content\/uploads\/2026\/09\/Tres-pessoas-ficam-feridas-apos-caminhonete-cair-em-corrego-na-BR-122-em-Candiba.jpg\",\"articleSection\":[\"Acidente\",\"Candiba\",\"Cidades\"],\"inLanguage\":\"pt-BR\",\"potentialAction\":[{\"@type\":\"CommentAction\",\"name\":\"Comment\",\"target\":[\"https:\/\/sudoesteacontece.com.br\/?p=29289#respond\"]}]},{\"@type\":\"WebPage\",\"@id\":\"https:\/\/sudoesteacontece.com.br\/?p=29289\",\"url\":\"https:\/\/sudoesteacontece.com.br\/?p=29289\",\"name\":\"Tr\u00eas pessoas ficam feridas ap\u00f3s caminhonete cair em c\u00f3rrego na BR-122, em Candiba - Sudoesteacontece\",\"isPartOf\":{\"@id\":\"https:\/\/sudoesteacontece.com.br\/#website\"},\"primaryImageOfPage\":{\"@id\":\"https:\/\/sudoesteacontece.com.br\/?p=29289#primaryimage\"},\"image\":{\"@id\":\"https:\/\/sudoesteacontece.com.br\/?p=29289#primaryimage\"},\"thumbnailUrl\":\"http:\/\/sudoesteacontece.com.br\/wp-content\/uploads\/2026\/09\/Tres-pessoas-ficam-feridas-apos-caminhonete-cair-em-corrego-na-BR-122-em-Candiba.jpg\",\"datePublished\":\"2026-09-03T15:49:26+00:00\",\"dateModified\":\"2026-09-03T15:49:32+00:00\",\"breadcrumb\":{\"@id\":\"https:\/\/sudoesteacontece.com.br\/?p=29289#breadcrumb\"},\"inLanguage\":\"pt-BR\",\"potentialAction\":[{\"@type\":\"ReadAction\",\"target\":[\"https:\/\/sudoesteacontece.com.br\/?p=29289\"]}]},{\"@type\":\"ImageObject\",\"inLanguage\":\"pt-BR\",\"@id\":\"https:\/\/sudoesteacontece.com.br\/?p=29289#primaryimage\",\"url\":\"https:\/\/sudoesteacontece.com.br\/wp-content\/uploads\/2026\/09\/Tres-pessoas-ficam-feridas-apos-caminhonete-cair-em-corrego-na-BR-122-em-Candiba.jpg\",\"contentUrl\":\"https:\/\/sudoesteacontece.com.br\/wp-content\/uploads\/2026\/09\/Tres-pessoas-ficam-feridas-apos-caminhonete-cair-em-corrego-na-BR-122-em-Candiba.jpg\",\"width\":900,\"height\":600},{\"@type\":\"BreadcrumbList\",\"@id\":\"https:\/\/sudoesteacontece.com.br\/?p=29289#breadcrumb\",\"itemListElement\":[{\"@type\":\"ListItem\",\"position\":1,\"name\":\"In\u00edcio\",\"item\":\"https:\/\/sudoesteacontece.com.br\/\"},{\"@type\":\"ListItem\",\"position\":2,\"name\":\"Tr\u00eas pessoas ficam feridas ap\u00f3s caminhonete cair em c\u00f3rrego na BR-122, em Candiba\"}]},{\"@type\":\"WebSite\",\"@id\":\"https:\/\/sudoesteacontece.com.br\/#website\",\"url\":\"https:\/\/sudoesteacontece.com.br\/\",\"name\":\"Sudoesteacontece\",\"description\":\"\",\"publisher\":{\"@id\":\"https:\/\/sudoesteacontece.com.br\/#organization\"},\"potentialAction\":[{\"@type\":\"SearchAction\",\"target\":{\"@type\":\"EntryPoint\",\"urlTemplate\":\"https:\/\/sudoesteacontece.com.br\/?s={search_term_string}\"},\"query-input\":{\"@type\":\"PropertyValueSpecification\",\"valueRequired\":true,\"valueName\":\"search_term_string\"}}],\"inLanguage\":\"pt-BR\"},{\"@type\":\"Organization\",\"@id\":\"https:\/\/sudoesteacontece.com.br\/#organization\",\"name\":\"Sudoesteacontece\",\"url\":\"https:\/\/sudoesteacontece.com.br\/\",\"logo\":{\"@type\":\"ImageObject\",\"inLanguage\":\"pt-BR\",\"@id\":\"https:\/\/sudoesteacontece.com.br\/#\/schema\/logo\/image\/\",\"url\":\"https:\/\/sudoesteacontece.com.br\/wp-content\/uploads\/2025\/12\/cropped-logo-2-180x180-1.png\",\"contentUrl\":\"https:\/\/sudoesteacontece.com.br\/wp-content\/uploads\/2025\/12\/cropped-logo-2-180x180-1.png\",\"width\":180,\"height\":180,\"caption\":\"Sudoesteacontece\"},\"image\":{\"@id\":\"https:\/\/sudoesteacontece.com.br\/#\/schema\/logo\/image\/\"},\"sameAs\":[\"https:\/\/www.facebook.com\/sudoesteacontece\/?locale=pt_BR\"]},{\"@type\":\"Person\",\"@id\":\"https:\/\/sudoesteacontece.com.br\/#\/schema\/person\/a4f22429c1d0923ef8f7d43343f8dc38\",\"name\":\"Reda\u00e7\u00e3o\",\"image\":{\"@type\":\"ImageObject\",\"inLanguage\":\"pt-BR\",\"@id\":\"https:\/\/sudoesteacontece.com.br\/#\/schema\/person\/image\/\",\"url\":\"https:\/\/secure.gravatar.com\/avatar\/c3a5b3c93f268a709c25a2df414c629a96fb3b1b4bf97a94fb3f72e54ae76903?s=96&d=mm&r=g\",\"contentUrl\":\"https:\/\/secure.gravatar.com\/avatar\/c3a5b3c93f268a709c25a2df414c629a96fb3b1b4bf97a94fb3f72e54ae76903?s=96&d=mm&r=g\",\"caption\":\"Reda\u00e7\u00e3o\"},\"url\":\"https:\/\/sudoesteacontece.com.br\/?author=4\"}]}<\/script>\n<!-- \/ Yoast SEO plugin. -->","yoast_head_json":{"title":"Tr\u00eas pessoas ficam feridas ap\u00f3s caminhonete cair em c\u00f3rrego na BR-122, em Candiba - Sudoesteacontece","robots":{"index":"index","follow":"follow","max-snippet":"max-snippet:-1","max-image-preview":"max-image-preview:large","max-video-preview":"max-video-preview:-1"},"canonical":"https:\/\/sudoesteacontece.com.br\/?p=29289","og_locale":"pt_BR","og_type":"article","og_title":"Tr\u00eas pessoas ficam feridas ap\u00f3s caminhonete cair em c\u00f3rrego na BR-122, em Candiba - Sudoesteacontece","og_description":"Tr\u00eas pessoas ficaram feridas ap\u00f3s uma caminhonete Ford F-350 sair da pista e cair em um c\u00f3rrego \u00e0s margens da BR-122, em Candiba, no sudoeste da Bahia. O acidente aconteceu na tarde desta quarta-feira (2), no trecho entre o distrito de Pil\u00f5es e Pinda\u00ed. Segundo a Pol\u00edcia Militar, uma equipe do 17\u00ba Batalh\u00e3o foi acionada por volta das 13h56 para atender \u00e0 ocorr\u00eancia. No local, os policiais encontraram a caminhonete verde dentro do c\u00f3rrego, ap\u00f3s o ve\u00edculo descer uma ribanceira localizada \u00e0s margens da rodovia. De acordo com o motorista, de 47 anos, ele seguia pela BR-122 quando precisou desviar de outro ve\u00edculo. O condutor relatou que o autom\u00f3vel teria invadido a contram\u00e3o durante uma ultrapassagem, provocando o risco de uma colis\u00e3o frontal. Ao realizar a manobra para evitar o impacto, o motorista entrou no acostamento e perdeu o controle da dire\u00e7\u00e3o. A caminhonete saiu da pista, desceu pela ribanceira e terminou dentro do c\u00f3rrego. O condutor e dois passageiros, de 63 e 41 anos, ficaram feridos na ocorr\u00eancia. Equipes do Servi\u00e7o de Atendimento M\u00f3vel de Urg\u00eancia (SAMU) atenderam as tr\u00eas v\u00edtimas, que apresentavam escoria\u00e7\u00f5es aparentemente leves. Elas foram encaminhadas ao Hospital Municipal de Candiba para avalia\u00e7\u00e3o m\u00e9dica e atendimento. Depois do resgate, a Pol\u00edcia Militar sinalizou o trecho da rodovia para alertar os demais motoristas e evitar novos acidentes. A caminhonete permaneceu sob responsabilidade da guarni\u00e7\u00e3o at\u00e9 a chegada de um respons\u00e1vel pelo servi\u00e7o de guincho. Por fim, a ocorr\u00eancia foi registrada pela Pol\u00edcia Militar por meio de um Relat\u00f3rio de Acidente de Tr\u00e2nsito (RAT). As circunst\u00e2ncias relatadas pelo motorista sobre a manobra para evitar a colis\u00e3o foram registradas no documento da ocorr\u00eancia.","og_url":"https:\/\/sudoesteacontece.com.br\/?p=29289","og_site_name":"Sudoesteacontece","article_publisher":"https:\/\/www.facebook.com\/sudoesteacontece\/?locale=pt_BR","article_published_time":"2026-09-03T15:49:26+00:00","article_modified_time":"2026-09-03T15:49:32+00:00","og_image":[{"width":900,"height":600,"url":"https:\/\/sudoesteacontece.com.br\/wp-content\/uploads\/2026\/09\/Tres-pessoas-ficam-feridas-apos-caminhonete-cair-em-corrego-na-BR-122-em-Candiba.jpg","type":"image\/jpeg"}],"author":"Reda\u00e7\u00e3o","twitter_card":"summary_large_image","twitter_misc":{"Escrito por":"Reda\u00e7\u00e3o","Est. tempo de leitura":"2 minutos"},"schema":{"@context":"https:\/\/schema.org","@graph":[{"@type":"Article","@id":"https:\/\/sudoesteacontece.com.br\/?p=29289#article","isPartOf":{"@id":"https:\/\/sudoesteacontece.com.br\/?p=29289"},"author":{"name":"Reda\u00e7\u00e3o","@id":"https:\/\/sudoesteacontece.com.br\/#\/schema\/person\/a4f22429c1d0923ef8f7d43343f8dc38"},"headline":"Tr\u00eas pessoas ficam feridas ap\u00f3s caminhonete cair em c\u00f3rrego na BR-122, em Candiba","datePublished":"2026-09-03T15:49:26+00:00","dateModified":"2026-09-03T15:49:32+00:00","mainEntityOfPage":{"@id":"https:\/\/sudoesteacontece.com.br\/?p=29289"},"wordCount":320,"commentCount":0,"publisher":{"@id":"https:\/\/sudoesteacontece.com.br\/#organization"},"image":{"@id":"https:\/\/sudoesteacontece.com.br\/?p=29289#primaryimage"},"thumbnailUrl":"http:\/\/sudoesteacontece.com.br\/wp-content\/uploads\/2026\/09\/Tres-pessoas-ficam-feridas-apos-caminhonete-cair-em-corrego-na-BR-122-em-Candiba.jpg","articleSection":["Acidente","Candiba","Cidades"],"inLanguage":"pt-BR","potentialAction":[{"@type":"CommentAction","name":"Comment","target":["https:\/\/sudoesteacontece.com.br\/?p=29289#respond"]}]},{"@type":"WebPage","@id":"https:\/\/sudoesteacontece.com.br\/?p=29289","url":"https:\/\/sudoesteacontece.com.br\/?p=29289","name":"Tr\u00eas pessoas ficam feridas ap\u00f3s caminhonete cair em c\u00f3rrego na BR-122, em Candiba - Sudoesteacontece","isPartOf":{"@id":"https:\/\/sudoesteacontece.com.br\/#website"},"primaryImageOfPage":{"@id":"https:\/\/sudoesteacontece.com.br\/?p=29289#primaryimage"},"image":{"@id":"https:\/\/sudoesteacontece.com.br\/?p=29289#primaryimage"},"thumbnailUrl":"http:\/\/sudoesteacontece.com.br\/wp-content\/uploads\/2026\/09\/Tres-pessoas-ficam-feridas-apos-caminhonete-cair-em-corrego-na-BR-122-em-Candiba.jpg","datePublished":"2026-09-03T15:49:26+00:00","dateModified":"2026-09-03T15:49:32+00:00","breadcrumb":{"@id":"https:\/\/sudoesteacontece.com.br\/?p=29289#breadcrumb"},"inLanguage":"pt-BR","potentialAction":[{"@type":"ReadAction","target":["https:\/\/sudoesteacontece.com.br\/?p=29289"]}]},{"@type":"ImageObject","inLanguage":"pt-BR","@id":"https:\/\/sudoesteacontece.com.br\/?p=29289#primaryimage","url":"https:\/\/sudoesteacontece.com.br\/wp-content\/uploads\/2026\/09\/Tres-pessoas-ficam-feridas-apos-caminhonete-cair-em-corrego-na-BR-122-em-Candiba.jpg","contentUrl":"https:\/\/sudoesteacontece.com.br\/wp-content\/uploads\/2026\/09\/Tres-pessoas-ficam-feridas-apos-caminhonete-cair-em-corrego-na-BR-122-em-Candiba.jpg","width":900,"height":600},{"@type":"BreadcrumbList","@id":"https:\/\/sudoesteacontece.com.br\/?p=29289#breadcrumb","itemListElement":[{"@type":"ListItem","position":1,"name":"In\u00edcio","item":"https:\/\/sudoesteacontece.com.br\/"},{"@type":"ListItem","position":2,"name":"Tr\u00eas pessoas ficam feridas ap\u00f3s caminhonete cair em c\u00f3rrego na BR-122, em Candiba"}]},{"@type":"WebSite","@id":"https:\/\/sudoesteacontece.com.br\/#website","url":"https:\/\/sudoesteacontece.com.br\/","name":"Sudoesteacontece","description":"","publisher":{"@id":"https:\/\/sudoesteacontece.com.br\/#organization"},"potentialAction":[{"@type":"SearchAction","target":{"@type":"EntryPoint","urlTemplate":"https:\/\/sudoesteacontece.com.br\/?s={search_term_string}"},"query-input":{"@type":"PropertyValueSpecification","valueRequired":true,"valueName":"search_term_string"}}],"inLanguage":"pt-BR"},{"@type":"Organization","@id":"https:\/\/sudoesteacontece.com.br\/#organization","name":"Sudoesteacontece","url":"https:\/\/sudoesteacontece.com.br\/","logo":{"@type":"ImageObject","inLanguage":"pt-BR","@id":"https:\/\/sudoesteacontece.com.br\/#\/schema\/logo\/image\/","url":"https:\/\/sudoesteacontece.com.br\/wp-content\/uploads\/2025\/12\/cropped-logo-2-180x180-1.png","contentUrl":"https:\/\/sudoesteacontece.com.br\/wp-content\/uploads\/2025\/12\/cropped-logo-2-180x180-1.png","width":180,"height":180,"caption":"Sudoesteacontece"},"image":{"@id":"https:\/\/sudoesteacontece.com.br\/#\/schema\/logo\/image\/"},"sameAs":["https:\/\/www.facebook.com\/sudoesteacontece\/?locale=pt_BR"]},{"@type":"Person","@id":"https:\/\/sudoesteacontece.com.br\/#\/schema\/person\/a4f22429c1d0923ef8f7d43343f8dc38","name":"Reda\u00e7\u00e3o","image":{"@type":"ImageObject","inLanguage":"pt-BR","@id":"https:\/\/sudoesteacontece.com.br\/#\/schema\/person\/image\/","url":"https:\/\/secure.gravatar.com\/avatar\/c3a5b3c93f268a709c25a2df414c629a96fb3b1b4bf97a94fb3f72e54ae76903?s=96&d=mm&r=g","contentUrl":"https:\/\/secure.gravatar.com\/avatar\/c3a5b3c93f268a709c25a2df414c629a96fb3b1b4bf97a94fb3f72e54ae76903?s=96&d=mm&r=g","caption":"Reda\u00e7\u00e3o"},"url":"https:\/\/sudoesteacontece.com.br\/?author=4"}]}},"_links":{"self":[{"href":"https:\/\/sudoesteacontece.com.br\/index.php?rest_route=\/wp\/v2\/posts\/29289","targetHints":{"allow":["GET"]}}],"collection":[{"href":"https:\/\/sudoesteacontece.com.br\/index.php?rest_route=\/wp\/v2\/posts"}],"about":[{"href":"https:\/\/sudoesteacontece.com.br\/index.php?rest_route=\/wp\/v2\/types\/post"}],"author":[{"embeddable":true,"href":"https:\/\/sudoesteacontece.com.br\/index.php?rest_route=\/wp\/v2\/users\/4"}],"replies":[{"embeddable":true,"href":"https:\/\/sudoesteacontece.com.br\/index.php?rest_route=%2Fwp%2Fv2%2Fcomments&post=29289"}],"version-history":[{"count":1,"href":"https:\/\/sudoesteacontece.com.br\/index.php?rest_route=\/wp\/v2\/posts\/29289\/revisions"}],"predecessor-version":[{"id":29351,"href":"https:\/\/sudoesteacontece.com.br\/index.php?rest_route=\/wp\/v2\/posts\/29289\/revisions\/29351"}],"wp:attachment":[{"href":"https:\/\/sudoesteacontece.com.br\/index.php?rest_route=%2Fwp%2Fv2%2Fmedia&parent=29289"}],"wp:term":[{"taxonomy":"category","embeddable":true,"href":"https:\/\/sudoesteacontece.com.br\/index.php?rest_route=%2Fwp%2Fv2%2Fcategories&post=29289"},{"taxonomy":"post_tag","embeddable":true,"href":"https:\/\/sudoesteacontece.com.br\/index.php?rest_route=%2Fwp%2Fv2%2Ftags&post=29289"}],"curies":[{"name":"wp","href":"https:\/\/api.w.org\/{rel}","templated":true}]}}