{"id":29293,"date":"2026-09-03T12:52:16","date_gmt":"2026-09-03T15:52:16","guid":{"rendered":"https:\/\/sudoesteacontece.com.br\/?p=29293"},"modified":"2026-09-03T12:52:22","modified_gmt":"2026-09-03T15:52:22","slug":"aprovacao-de-jeronimo-cai-13-pontos-e-fica-abaixo-da-de-rui-costa-em-2022","status":"publish","type":"post","link":"https:\/\/sudoesteacontece.com.br\/?p=29293","title":{"rendered":"Aprova\u00e7\u00e3o de Jer\u00f4nimo cai 13 pontos e fica abaixo da de Rui Costa em 2022"},"content":{"rendered":"\n<figure class=\"wp-block-image size-full\"><img fetchpriority=\"high\" decoding=\"async\" width=\"900\" height=\"600\" src=\"http:\/\/sudoesteacontece.com.br\/wp-content\/uploads\/2026\/09\/JERONIMO-.jpg\" alt=\"\" class=\"wp-image-29314\" srcset=\"https:\/\/sudoesteacontece.com.br\/wp-content\/uploads\/2026\/09\/JERONIMO-.jpg 900w, https:\/\/sudoesteacontece.com.br\/wp-content\/uploads\/2026\/09\/JERONIMO--300x200.jpg 300w, https:\/\/sudoesteacontece.com.br\/wp-content\/uploads\/2026\/09\/JERONIMO--768x512.jpg 768w\" sizes=\"(max-width: 900px) 100vw, 900px\" \/><\/figure>\n\n\n\n<p class=\"wp-block-paragraph\">A aprova\u00e7\u00e3o do governador Jer\u00f4nimo Rodrigues \u00e9 13 pontos percentuais inferior \u00e0 registrada por Rui Costa em agosto de 2022, segundo pesquisa AtlasIntel\/A TARDE divulgada nesta quinta-feira (3). O levantamento mostra que 48% dos baianos aprovam a atual gest\u00e3o, enquanto 46% desaprovam e 6% n\u00e3o souberam responder.<\/p>\n\n\n\n<p class=\"wp-block-paragraph\">Na compara\u00e7\u00e3o com o cen\u00e1rio de quatro anos atr\u00e1s, Rui Costa encerrava o segundo mandato com 61% de aprova\u00e7\u00e3o entre os eleitores baianos. Naquele per\u00edodo, o ent\u00e3o governador era considerado o principal cabo eleitoral de Jer\u00f4nimo Rodrigues, que disputava a sucess\u00e3o no governo estadual.<\/p>\n\n\n\n<p class=\"wp-block-paragraph\">Atualmente, Jer\u00f4nimo mant\u00e9m uma avalia\u00e7\u00e3o numericamente positiva, mas a diferen\u00e7a entre aprova\u00e7\u00e3o e desaprova\u00e7\u00e3o ficou estreita. Os 48% que aprovam a administra\u00e7\u00e3o representam apenas dois pontos percentuais a mais que os 46% que avaliam negativamente o governo.<\/p>\n\n\n\n<p class=\"wp-block-paragraph\">Segundo a pesquisa, o levantamento ouviu 1.804 eleitores da Bahia entre os dias 28 de agosto e 2 de setembro de 2026. A margem de erro \u00e9 de dois pontos percentuais, com n\u00edvel de confian\u00e7a de 95%.<\/p>\n\n\n\n<p class=\"wp-block-paragraph\">Registrada no Tribunal Regional Eleitoral da Bahia (TRE-BA) sob o n\u00famero 08891\/2026, a pesquisa apresenta o cen\u00e1rio de avalia\u00e7\u00e3o do governo estadual a pouco mais de um m\u00eas do primeiro turno das elei\u00e7\u00f5es. Os dados tamb\u00e9m mostram uma diferen\u00e7a relevante em rela\u00e7\u00e3o ao \u00edndice de aprova\u00e7\u00e3o registrado por Rui Costa no mesmo per\u00edodo eleitoral de 2022.<\/p>\n","protected":false},"excerpt":{"rendered":"<p>A aprova\u00e7\u00e3o do governador Jer\u00f4nimo Rodrigues \u00e9 13 pontos percentuais inferior \u00e0 registrada por Rui Costa em agosto de 2022, segundo pesquisa AtlasIntel\/A TARDE divulgada nesta quinta-feira (3). O levantamento mostra que 48% dos baianos aprovam a atual gest\u00e3o, enquanto 46% desaprovam e 6% n\u00e3o souberam responder. Na compara\u00e7\u00e3o com o cen\u00e1rio de quatro anos atr\u00e1s, Rui Costa encerrava o segundo mandato com 61% de aprova\u00e7\u00e3o entre os eleitores baianos. Naquele per\u00edodo, o ent\u00e3o governador era considerado o principal cabo eleitoral de Jer\u00f4nimo Rodrigues, que disputava a sucess\u00e3o no governo estadual. Atualmente, Jer\u00f4nimo mant\u00e9m uma avalia\u00e7\u00e3o numericamente positiva, mas a diferen\u00e7a entre aprova\u00e7\u00e3o e desaprova\u00e7\u00e3o ficou estreita. Os 48% que aprovam a administra\u00e7\u00e3o representam apenas dois pontos percentuais a mais que os 46% que avaliam negativamente o governo. Segundo a pesquisa, o levantamento ouviu 1.804 eleitores da Bahia entre os dias 28 de agosto e 2 de setembro de 2026. A margem de erro \u00e9 de dois pontos percentuais, com n\u00edvel de confian\u00e7a de 95%. Registrada no Tribunal Regional Eleitoral da Bahia (TRE-BA) sob o n\u00famero 08891\/2026, a pesquisa apresenta o cen\u00e1rio de avalia\u00e7\u00e3o do governo estadual a pouco mais de um m\u00eas do primeiro turno das elei\u00e7\u00f5es. Os dados tamb\u00e9m mostram uma diferen\u00e7a relevante em rela\u00e7\u00e3o ao \u00edndice de aprova\u00e7\u00e3o registrado por Rui Costa no mesmo per\u00edodo eleitoral de 2022.<\/p>\n","protected":false},"author":4,"featured_media":0,"comment_status":"open","ping_status":"open","sticky":false,"template":"","format":"standard","meta":{"footnotes":""},"categories":[7,58,6],"tags":[],"class_list":["post-29293","post","type-post","status-publish","format-standard","hentry","category-bahia","category-eleicoes-2026","category-politica"],"yoast_head":"<!-- This site is optimized with the Yoast SEO plugin v26.5 - https:\/\/yoast.com\/wordpress\/plugins\/seo\/ -->\n<title>Aprova\u00e7\u00e3o de Jer\u00f4nimo cai 13 pontos e fica abaixo da de Rui Costa em 2022 - Sudoesteacontece<\/title>\n<meta name=\"robots\" content=\"index, follow, max-snippet:-1, max-image-preview:large, max-video-preview:-1\" \/>\n<link rel=\"canonical\" href=\"https:\/\/sudoesteacontece.com.br\/?p=29293\" \/>\n<meta property=\"og:locale\" content=\"pt_BR\" \/>\n<meta property=\"og:type\" content=\"article\" \/>\n<meta property=\"og:title\" content=\"Aprova\u00e7\u00e3o de Jer\u00f4nimo cai 13 pontos e fica abaixo da de Rui Costa em 2022 - Sudoesteacontece\" \/>\n<meta property=\"og:description\" content=\"A aprova\u00e7\u00e3o do governador Jer\u00f4nimo Rodrigues \u00e9 13 pontos percentuais inferior \u00e0 registrada por Rui Costa em agosto de 2022, segundo pesquisa AtlasIntel\/A TARDE divulgada nesta quinta-feira (3). O levantamento mostra que 48% dos baianos aprovam a atual gest\u00e3o, enquanto 46% desaprovam e 6% n\u00e3o souberam responder. Na compara\u00e7\u00e3o com o cen\u00e1rio de quatro anos atr\u00e1s, Rui Costa encerrava o segundo mandato com 61% de aprova\u00e7\u00e3o entre os eleitores baianos. Naquele per\u00edodo, o ent\u00e3o governador era considerado o principal cabo eleitoral de Jer\u00f4nimo Rodrigues, que disputava a sucess\u00e3o no governo estadual. Atualmente, Jer\u00f4nimo mant\u00e9m uma avalia\u00e7\u00e3o numericamente positiva, mas a diferen\u00e7a entre aprova\u00e7\u00e3o e desaprova\u00e7\u00e3o ficou estreita. Os 48% que aprovam a administra\u00e7\u00e3o representam apenas dois pontos percentuais a mais que os 46% que avaliam negativamente o governo. Segundo a pesquisa, o levantamento ouviu 1.804 eleitores da Bahia entre os dias 28 de agosto e 2 de setembro de 2026. A margem de erro \u00e9 de dois pontos percentuais, com n\u00edvel de confian\u00e7a de 95%. Registrada no Tribunal Regional Eleitoral da Bahia (TRE-BA) sob o n\u00famero 08891\/2026, a pesquisa apresenta o cen\u00e1rio de avalia\u00e7\u00e3o do governo estadual a pouco mais de um m\u00eas do primeiro turno das elei\u00e7\u00f5es. Os dados tamb\u00e9m mostram uma diferen\u00e7a relevante em rela\u00e7\u00e3o ao \u00edndice de aprova\u00e7\u00e3o registrado por Rui Costa no mesmo per\u00edodo eleitoral de 2022.\" \/>\n<meta property=\"og:url\" content=\"https:\/\/sudoesteacontece.com.br\/?p=29293\" \/>\n<meta property=\"og:site_name\" content=\"Sudoesteacontece\" \/>\n<meta property=\"article:publisher\" content=\"https:\/\/www.facebook.com\/sudoesteacontece\/?locale=pt_BR\" \/>\n<meta property=\"article:published_time\" content=\"2026-09-03T15:52:16+00:00\" \/>\n<meta property=\"article:modified_time\" content=\"2026-09-03T15:52:22+00:00\" \/>\n<meta property=\"og:image\" content=\"https:\/\/sudoesteacontece.com.br\/wp-content\/uploads\/2026\/09\/JERONIMO-.jpg\" \/>\n\t<meta property=\"og:image:width\" content=\"900\" \/>\n\t<meta property=\"og:image:height\" content=\"600\" \/>\n\t<meta property=\"og:image:type\" content=\"image\/jpeg\" \/>\n<meta name=\"author\" content=\"Reda\u00e7\u00e3o\" \/>\n<meta name=\"twitter:card\" content=\"summary_large_image\" \/>\n<meta name=\"twitter:label1\" content=\"Escrito por\" \/>\n\t<meta name=\"twitter:data1\" content=\"Reda\u00e7\u00e3o\" \/>\n\t<meta name=\"twitter:label2\" content=\"Est. tempo de leitura\" \/>\n\t<meta name=\"twitter:data2\" content=\"2 minutos\" \/>\n<script type=\"application\/ld+json\" class=\"yoast-schema-graph\">{\"@context\":\"https:\/\/schema.org\",\"@graph\":[{\"@type\":\"Article\",\"@id\":\"https:\/\/sudoesteacontece.com.br\/?p=29293#article\",\"isPartOf\":{\"@id\":\"https:\/\/sudoesteacontece.com.br\/?p=29293\"},\"author\":{\"name\":\"Reda\u00e7\u00e3o\",\"@id\":\"https:\/\/sudoesteacontece.com.br\/#\/schema\/person\/a4f22429c1d0923ef8f7d43343f8dc38\"},\"headline\":\"Aprova\u00e7\u00e3o de Jer\u00f4nimo cai 13 pontos e fica abaixo da de Rui Costa em 2022\",\"datePublished\":\"2026-09-03T15:52:16+00:00\",\"dateModified\":\"2026-09-03T15:52:22+00:00\",\"mainEntityOfPage\":{\"@id\":\"https:\/\/sudoesteacontece.com.br\/?p=29293\"},\"wordCount\":249,\"commentCount\":0,\"publisher\":{\"@id\":\"https:\/\/sudoesteacontece.com.br\/#organization\"},\"image\":{\"@id\":\"https:\/\/sudoesteacontece.com.br\/?p=29293#primaryimage\"},\"thumbnailUrl\":\"http:\/\/sudoesteacontece.com.br\/wp-content\/uploads\/2026\/09\/JERONIMO-.jpg\",\"articleSection\":[\"Bahia\",\"Elei\u00e7\u00f5es 2026\",\"Pol\u00edtica\"],\"inLanguage\":\"pt-BR\",\"potentialAction\":[{\"@type\":\"CommentAction\",\"name\":\"Comment\",\"target\":[\"https:\/\/sudoesteacontece.com.br\/?p=29293#respond\"]}]},{\"@type\":\"WebPage\",\"@id\":\"https:\/\/sudoesteacontece.com.br\/?p=29293\",\"url\":\"https:\/\/sudoesteacontece.com.br\/?p=29293\",\"name\":\"Aprova\u00e7\u00e3o de Jer\u00f4nimo cai 13 pontos e fica abaixo da de Rui Costa em 2022 - Sudoesteacontece\",\"isPartOf\":{\"@id\":\"https:\/\/sudoesteacontece.com.br\/#website\"},\"primaryImageOfPage\":{\"@id\":\"https:\/\/sudoesteacontece.com.br\/?p=29293#primaryimage\"},\"image\":{\"@id\":\"https:\/\/sudoesteacontece.com.br\/?p=29293#primaryimage\"},\"thumbnailUrl\":\"http:\/\/sudoesteacontece.com.br\/wp-content\/uploads\/2026\/09\/JERONIMO-.jpg\",\"datePublished\":\"2026-09-03T15:52:16+00:00\",\"dateModified\":\"2026-09-03T15:52:22+00:00\",\"breadcrumb\":{\"@id\":\"https:\/\/sudoesteacontece.com.br\/?p=29293#breadcrumb\"},\"inLanguage\":\"pt-BR\",\"potentialAction\":[{\"@type\":\"ReadAction\",\"target\":[\"https:\/\/sudoesteacontece.com.br\/?p=29293\"]}]},{\"@type\":\"ImageObject\",\"inLanguage\":\"pt-BR\",\"@id\":\"https:\/\/sudoesteacontece.com.br\/?p=29293#primaryimage\",\"url\":\"https:\/\/sudoesteacontece.com.br\/wp-content\/uploads\/2026\/09\/JERONIMO-.jpg\",\"contentUrl\":\"https:\/\/sudoesteacontece.com.br\/wp-content\/uploads\/2026\/09\/JERONIMO-.jpg\",\"width\":900,\"height\":600},{\"@type\":\"BreadcrumbList\",\"@id\":\"https:\/\/sudoesteacontece.com.br\/?p=29293#breadcrumb\",\"itemListElement\":[{\"@type\":\"ListItem\",\"position\":1,\"name\":\"In\u00edcio\",\"item\":\"https:\/\/sudoesteacontece.com.br\/\"},{\"@type\":\"ListItem\",\"position\":2,\"name\":\"Aprova\u00e7\u00e3o de Jer\u00f4nimo cai 13 pontos e fica abaixo da de Rui Costa em 2022\"}]},{\"@type\":\"WebSite\",\"@id\":\"https:\/\/sudoesteacontece.com.br\/#website\",\"url\":\"https:\/\/sudoesteacontece.com.br\/\",\"name\":\"Sudoesteacontece\",\"description\":\"\",\"publisher\":{\"@id\":\"https:\/\/sudoesteacontece.com.br\/#organization\"},\"potentialAction\":[{\"@type\":\"SearchAction\",\"target\":{\"@type\":\"EntryPoint\",\"urlTemplate\":\"https:\/\/sudoesteacontece.com.br\/?s={search_term_string}\"},\"query-input\":{\"@type\":\"PropertyValueSpecification\",\"valueRequired\":true,\"valueName\":\"search_term_string\"}}],\"inLanguage\":\"pt-BR\"},{\"@type\":\"Organization\",\"@id\":\"https:\/\/sudoesteacontece.com.br\/#organization\",\"name\":\"Sudoesteacontece\",\"url\":\"https:\/\/sudoesteacontece.com.br\/\",\"logo\":{\"@type\":\"ImageObject\",\"inLanguage\":\"pt-BR\",\"@id\":\"https:\/\/sudoesteacontece.com.br\/#\/schema\/logo\/image\/\",\"url\":\"https:\/\/sudoesteacontece.com.br\/wp-content\/uploads\/2025\/12\/cropped-logo-2-180x180-1.png\",\"contentUrl\":\"https:\/\/sudoesteacontece.com.br\/wp-content\/uploads\/2025\/12\/cropped-logo-2-180x180-1.png\",\"width\":180,\"height\":180,\"caption\":\"Sudoesteacontece\"},\"image\":{\"@id\":\"https:\/\/sudoesteacontece.com.br\/#\/schema\/logo\/image\/\"},\"sameAs\":[\"https:\/\/www.facebook.com\/sudoesteacontece\/?locale=pt_BR\"]},{\"@type\":\"Person\",\"@id\":\"https:\/\/sudoesteacontece.com.br\/#\/schema\/person\/a4f22429c1d0923ef8f7d43343f8dc38\",\"name\":\"Reda\u00e7\u00e3o\",\"image\":{\"@type\":\"ImageObject\",\"inLanguage\":\"pt-BR\",\"@id\":\"https:\/\/sudoesteacontece.com.br\/#\/schema\/person\/image\/\",\"url\":\"https:\/\/secure.gravatar.com\/avatar\/c3a5b3c93f268a709c25a2df414c629a96fb3b1b4bf97a94fb3f72e54ae76903?s=96&d=mm&r=g\",\"contentUrl\":\"https:\/\/secure.gravatar.com\/avatar\/c3a5b3c93f268a709c25a2df414c629a96fb3b1b4bf97a94fb3f72e54ae76903?s=96&d=mm&r=g\",\"caption\":\"Reda\u00e7\u00e3o\"},\"url\":\"https:\/\/sudoesteacontece.com.br\/?author=4\"}]}<\/script>\n<!-- \/ Yoast SEO plugin. -->","yoast_head_json":{"title":"Aprova\u00e7\u00e3o de Jer\u00f4nimo cai 13 pontos e fica abaixo da de Rui Costa em 2022 - Sudoesteacontece","robots":{"index":"index","follow":"follow","max-snippet":"max-snippet:-1","max-image-preview":"max-image-preview:large","max-video-preview":"max-video-preview:-1"},"canonical":"https:\/\/sudoesteacontece.com.br\/?p=29293","og_locale":"pt_BR","og_type":"article","og_title":"Aprova\u00e7\u00e3o de Jer\u00f4nimo cai 13 pontos e fica abaixo da de Rui Costa em 2022 - Sudoesteacontece","og_description":"A aprova\u00e7\u00e3o do governador Jer\u00f4nimo Rodrigues \u00e9 13 pontos percentuais inferior \u00e0 registrada por Rui Costa em agosto de 2022, segundo pesquisa AtlasIntel\/A TARDE divulgada nesta quinta-feira (3). O levantamento mostra que 48% dos baianos aprovam a atual gest\u00e3o, enquanto 46% desaprovam e 6% n\u00e3o souberam responder. Na compara\u00e7\u00e3o com o cen\u00e1rio de quatro anos atr\u00e1s, Rui Costa encerrava o segundo mandato com 61% de aprova\u00e7\u00e3o entre os eleitores baianos. Naquele per\u00edodo, o ent\u00e3o governador era considerado o principal cabo eleitoral de Jer\u00f4nimo Rodrigues, que disputava a sucess\u00e3o no governo estadual. Atualmente, Jer\u00f4nimo mant\u00e9m uma avalia\u00e7\u00e3o numericamente positiva, mas a diferen\u00e7a entre aprova\u00e7\u00e3o e desaprova\u00e7\u00e3o ficou estreita. Os 48% que aprovam a administra\u00e7\u00e3o representam apenas dois pontos percentuais a mais que os 46% que avaliam negativamente o governo. Segundo a pesquisa, o levantamento ouviu 1.804 eleitores da Bahia entre os dias 28 de agosto e 2 de setembro de 2026. A margem de erro \u00e9 de dois pontos percentuais, com n\u00edvel de confian\u00e7a de 95%. Registrada no Tribunal Regional Eleitoral da Bahia (TRE-BA) sob o n\u00famero 08891\/2026, a pesquisa apresenta o cen\u00e1rio de avalia\u00e7\u00e3o do governo estadual a pouco mais de um m\u00eas do primeiro turno das elei\u00e7\u00f5es. Os dados tamb\u00e9m mostram uma diferen\u00e7a relevante em rela\u00e7\u00e3o ao \u00edndice de aprova\u00e7\u00e3o registrado por Rui Costa no mesmo per\u00edodo eleitoral de 2022.","og_url":"https:\/\/sudoesteacontece.com.br\/?p=29293","og_site_name":"Sudoesteacontece","article_publisher":"https:\/\/www.facebook.com\/sudoesteacontece\/?locale=pt_BR","article_published_time":"2026-09-03T15:52:16+00:00","article_modified_time":"2026-09-03T15:52:22+00:00","og_image":[{"width":900,"height":600,"url":"https:\/\/sudoesteacontece.com.br\/wp-content\/uploads\/2026\/09\/JERONIMO-.jpg","type":"image\/jpeg"}],"author":"Reda\u00e7\u00e3o","twitter_card":"summary_large_image","twitter_misc":{"Escrito por":"Reda\u00e7\u00e3o","Est. tempo de leitura":"2 minutos"},"schema":{"@context":"https:\/\/schema.org","@graph":[{"@type":"Article","@id":"https:\/\/sudoesteacontece.com.br\/?p=29293#article","isPartOf":{"@id":"https:\/\/sudoesteacontece.com.br\/?p=29293"},"author":{"name":"Reda\u00e7\u00e3o","@id":"https:\/\/sudoesteacontece.com.br\/#\/schema\/person\/a4f22429c1d0923ef8f7d43343f8dc38"},"headline":"Aprova\u00e7\u00e3o de Jer\u00f4nimo cai 13 pontos e fica abaixo da de Rui Costa em 2022","datePublished":"2026-09-03T15:52:16+00:00","dateModified":"2026-09-03T15:52:22+00:00","mainEntityOfPage":{"@id":"https:\/\/sudoesteacontece.com.br\/?p=29293"},"wordCount":249,"commentCount":0,"publisher":{"@id":"https:\/\/sudoesteacontece.com.br\/#organization"},"image":{"@id":"https:\/\/sudoesteacontece.com.br\/?p=29293#primaryimage"},"thumbnailUrl":"http:\/\/sudoesteacontece.com.br\/wp-content\/uploads\/2026\/09\/JERONIMO-.jpg","articleSection":["Bahia","Elei\u00e7\u00f5es 2026","Pol\u00edtica"],"inLanguage":"pt-BR","potentialAction":[{"@type":"CommentAction","name":"Comment","target":["https:\/\/sudoesteacontece.com.br\/?p=29293#respond"]}]},{"@type":"WebPage","@id":"https:\/\/sudoesteacontece.com.br\/?p=29293","url":"https:\/\/sudoesteacontece.com.br\/?p=29293","name":"Aprova\u00e7\u00e3o de Jer\u00f4nimo cai 13 pontos e fica abaixo da de Rui Costa em 2022 - Sudoesteacontece","isPartOf":{"@id":"https:\/\/sudoesteacontece.com.br\/#website"},"primaryImageOfPage":{"@id":"https:\/\/sudoesteacontece.com.br\/?p=29293#primaryimage"},"image":{"@id":"https:\/\/sudoesteacontece.com.br\/?p=29293#primaryimage"},"thumbnailUrl":"http:\/\/sudoesteacontece.com.br\/wp-content\/uploads\/2026\/09\/JERONIMO-.jpg","datePublished":"2026-09-03T15:52:16+00:00","dateModified":"2026-09-03T15:52:22+00:00","breadcrumb":{"@id":"https:\/\/sudoesteacontece.com.br\/?p=29293#breadcrumb"},"inLanguage":"pt-BR","potentialAction":[{"@type":"ReadAction","target":["https:\/\/sudoesteacontece.com.br\/?p=29293"]}]},{"@type":"ImageObject","inLanguage":"pt-BR","@id":"https:\/\/sudoesteacontece.com.br\/?p=29293#primaryimage","url":"https:\/\/sudoesteacontece.com.br\/wp-content\/uploads\/2026\/09\/JERONIMO-.jpg","contentUrl":"https:\/\/sudoesteacontece.com.br\/wp-content\/uploads\/2026\/09\/JERONIMO-.jpg","width":900,"height":600},{"@type":"BreadcrumbList","@id":"https:\/\/sudoesteacontece.com.br\/?p=29293#breadcrumb","itemListElement":[{"@type":"ListItem","position":1,"name":"In\u00edcio","item":"https:\/\/sudoesteacontece.com.br\/"},{"@type":"ListItem","position":2,"name":"Aprova\u00e7\u00e3o de Jer\u00f4nimo cai 13 pontos e fica abaixo da de Rui Costa em 2022"}]},{"@type":"WebSite","@id":"https:\/\/sudoesteacontece.com.br\/#website","url":"https:\/\/sudoesteacontece.com.br\/","name":"Sudoesteacontece","description":"","publisher":{"@id":"https:\/\/sudoesteacontece.com.br\/#organization"},"potentialAction":[{"@type":"SearchAction","target":{"@type":"EntryPoint","urlTemplate":"https:\/\/sudoesteacontece.com.br\/?s={search_term_string}"},"query-input":{"@type":"PropertyValueSpecification","valueRequired":true,"valueName":"search_term_string"}}],"inLanguage":"pt-BR"},{"@type":"Organization","@id":"https:\/\/sudoesteacontece.com.br\/#organization","name":"Sudoesteacontece","url":"https:\/\/sudoesteacontece.com.br\/","logo":{"@type":"ImageObject","inLanguage":"pt-BR","@id":"https:\/\/sudoesteacontece.com.br\/#\/schema\/logo\/image\/","url":"https:\/\/sudoesteacontece.com.br\/wp-content\/uploads\/2025\/12\/cropped-logo-2-180x180-1.png","contentUrl":"https:\/\/sudoesteacontece.com.br\/wp-content\/uploads\/2025\/12\/cropped-logo-2-180x180-1.png","width":180,"height":180,"caption":"Sudoesteacontece"},"image":{"@id":"https:\/\/sudoesteacontece.com.br\/#\/schema\/logo\/image\/"},"sameAs":["https:\/\/www.facebook.com\/sudoesteacontece\/?locale=pt_BR"]},{"@type":"Person","@id":"https:\/\/sudoesteacontece.com.br\/#\/schema\/person\/a4f22429c1d0923ef8f7d43343f8dc38","name":"Reda\u00e7\u00e3o","image":{"@type":"ImageObject","inLanguage":"pt-BR","@id":"https:\/\/sudoesteacontece.com.br\/#\/schema\/person\/image\/","url":"https:\/\/secure.gravatar.com\/avatar\/c3a5b3c93f268a709c25a2df414c629a96fb3b1b4bf97a94fb3f72e54ae76903?s=96&d=mm&r=g","contentUrl":"https:\/\/secure.gravatar.com\/avatar\/c3a5b3c93f268a709c25a2df414c629a96fb3b1b4bf97a94fb3f72e54ae76903?s=96&d=mm&r=g","caption":"Reda\u00e7\u00e3o"},"url":"https:\/\/sudoesteacontece.com.br\/?author=4"}]}},"_links":{"self":[{"href":"https:\/\/sudoesteacontece.com.br\/index.php?rest_route=\/wp\/v2\/posts\/29293","targetHints":{"allow":["GET"]}}],"collection":[{"href":"https:\/\/sudoesteacontece.com.br\/index.php?rest_route=\/wp\/v2\/posts"}],"about":[{"href":"https:\/\/sudoesteacontece.com.br\/index.php?rest_route=\/wp\/v2\/types\/post"}],"author":[{"embeddable":true,"href":"https:\/\/sudoesteacontece.com.br\/index.php?rest_route=\/wp\/v2\/users\/4"}],"replies":[{"embeddable":true,"href":"https:\/\/sudoesteacontece.com.br\/index.php?rest_route=%2Fwp%2Fv2%2Fcomments&post=29293"}],"version-history":[{"count":1,"href":"https:\/\/sudoesteacontece.com.br\/index.php?rest_route=\/wp\/v2\/posts\/29293\/revisions"}],"predecessor-version":[{"id":29355,"href":"https:\/\/sudoesteacontece.com.br\/index.php?rest_route=\/wp\/v2\/posts\/29293\/revisions\/29355"}],"wp:attachment":[{"href":"https:\/\/sudoesteacontece.com.br\/index.php?rest_route=%2Fwp%2Fv2%2Fmedia&parent=29293"}],"wp:term":[{"taxonomy":"category","embeddable":true,"href":"https:\/\/sudoesteacontece.com.br\/index.php?rest_route=%2Fwp%2Fv2%2Fcategories&post=29293"},{"taxonomy":"post_tag","embeddable":true,"href":"https:\/\/sudoesteacontece.com.br\/index.php?rest_route=%2Fwp%2Fv2%2Ftags&post=29293"}],"curies":[{"name":"wp","href":"https:\/\/api.w.org\/{rel}","templated":true}]}}