{"id":29294,"date":"2026-09-03T12:38:48","date_gmt":"2026-09-03T15:38:48","guid":{"rendered":"https:\/\/sudoesteacontece.com.br\/?p=29294"},"modified":"2026-09-03T12:38:54","modified_gmt":"2026-09-03T15:38:54","slug":"homem-e-preso-em-flagrante-apos-injuria-racial-contra-policial-em-brumado","status":"publish","type":"post","link":"https:\/\/sudoesteacontece.com.br\/?p=29294","title":{"rendered":"Homem \u00e9 preso em flagrante ap\u00f3s inj\u00faria racial contra policial em Brumado"},"content":{"rendered":"\n<figure class=\"wp-block-image size-full\"><img fetchpriority=\"high\" decoding=\"async\" width=\"900\" height=\"600\" src=\"http:\/\/sudoesteacontece.com.br\/wp-content\/uploads\/2026\/09\/24o-Batalhao-da-Policia-Militar-registra-aumento-de-183-nas-prisoes-de-foragidos-em-Brumado-1-1-1-1.jpg\" alt=\"\" class=\"wp-image-29301\" srcset=\"https:\/\/sudoesteacontece.com.br\/wp-content\/uploads\/2026\/09\/24o-Batalhao-da-Policia-Militar-registra-aumento-de-183-nas-prisoes-de-foragidos-em-Brumado-1-1-1-1.jpg 900w, https:\/\/sudoesteacontece.com.br\/wp-content\/uploads\/2026\/09\/24o-Batalhao-da-Policia-Militar-registra-aumento-de-183-nas-prisoes-de-foragidos-em-Brumado-1-1-1-1-300x200.jpg 300w, https:\/\/sudoesteacontece.com.br\/wp-content\/uploads\/2026\/09\/24o-Batalhao-da-Policia-Militar-registra-aumento-de-183-nas-prisoes-de-foragidos-em-Brumado-1-1-1-1-768x512.jpg 768w\" sizes=\"(max-width: 900px) 100vw, 900px\" \/><\/figure>\n\n\n\n<p class=\"wp-block-paragraph\">Um homem foi preso em flagrante na noite desta quarta-feira (2), ap\u00f3s ser acusado de cometer inj\u00faria racial contra um policial militar durante uma ocorr\u00eancia no bairro S\u00e3o F\u00e9lix, em Brumado, no sudoeste da Bahia. O caso aconteceu por volta das 18h40, na Rua Hermes Teixeira.<\/p>\n\n\n\n<p class=\"wp-block-paragraph\">Segundo a Pol\u00edcia Militar, a guarni\u00e7\u00e3o foi acionada ap\u00f3s uma mulher relatar que o homem estaria dando socos na porta da resid\u00eancia da ex-esposa, tentando danificar o im\u00f3vel e entrar no local. Ainda conforme o relato, ele tamb\u00e9m teria proferido palavras de baixo cal\u00e3o e mantido esse comportamento de forma recorrente.<\/p>\n\n\n\n<p class=\"wp-block-paragraph\">Ao chegar ao endere\u00e7o, os policiais encontraram o homem alterado e agressivo, enquanto esmurrava a porta da resid\u00eancia. Durante a interven\u00e7\u00e3o, ele passou a ofender especificamente o soldado Luan Moreira e se recusou inicialmente a informar a pr\u00f3pria identifica\u00e7\u00e3o.<\/p>\n\n\n\n<p class=\"wp-block-paragraph\">Durante a abordagem, os policiais posicionaram o suspeito junto \u00e0 parede para realizar a busca pessoal, seguindo os procedimentos de seguran\u00e7a. Ao ser novamente questionado pelo soldado sobre seu nome, o homem respondeu: \u201cN\u00e3o vou falar meu nome para negro\u201d.<\/p>\n\n\n\n<p class=\"wp-block-paragraph\">Diante da manifesta\u00e7\u00e3o de cunho racial, dirigida ao policial durante o exerc\u00edcio da fun\u00e7\u00e3o, o homem foi identificado como Walker Moura Souza. Ele foi conduzido \u00e0 Delegacia Territorial de Brumado, acompanhado dos demais envolvidos na ocorr\u00eancia.<\/p>\n\n\n\n<p class=\"wp-block-paragraph\">Na unidade policial, os fatos foram apresentados \u00e0 autoridade competente, que formalizou a ocorr\u00eancia. Walker Moura Souza foi autuado em flagrante em raz\u00e3o da manifesta\u00e7\u00e3o de cunho racial dirigida ao policial militar.<\/p>\n\n\n\n<p class=\"wp-block-paragraph\">O caso foi registrado no Boletim de Ocorr\u00eancia n\u00ba 656751\/2026. A ocorr\u00eancia teve como local a Rua Hermes Teixeira, n\u00ba 137, no bairro S\u00e3o F\u00e9lix, pr\u00f3ximo a uma madeireira, conforme o registro policial.<\/p>\n","protected":false},"excerpt":{"rendered":"<p>Um homem foi preso em flagrante na noite desta quarta-feira (2), ap\u00f3s ser acusado de cometer inj\u00faria racial contra um policial militar durante uma ocorr\u00eancia no bairro S\u00e3o F\u00e9lix, em Brumado, no sudoeste da Bahia. O caso aconteceu por volta das 18h40, na Rua Hermes Teixeira. Segundo a Pol\u00edcia Militar, a guarni\u00e7\u00e3o foi acionada ap\u00f3s uma mulher relatar que o homem estaria dando socos na porta da resid\u00eancia da ex-esposa, tentando danificar o im\u00f3vel e entrar no local. Ainda conforme o relato, ele tamb\u00e9m teria proferido palavras de baixo cal\u00e3o e mantido esse comportamento de forma recorrente. Ao chegar ao endere\u00e7o, os policiais encontraram o homem alterado e agressivo, enquanto esmurrava a porta da resid\u00eancia. Durante a interven\u00e7\u00e3o, ele passou a ofender especificamente o soldado Luan Moreira e se recusou inicialmente a informar a pr\u00f3pria identifica\u00e7\u00e3o. Durante a abordagem, os policiais posicionaram o suspeito junto \u00e0 parede para realizar a busca pessoal, seguindo os procedimentos de seguran\u00e7a. Ao ser novamente questionado pelo soldado sobre seu nome, o homem respondeu: \u201cN\u00e3o vou falar meu nome para negro\u201d. Diante da manifesta\u00e7\u00e3o de cunho racial, dirigida ao policial durante o exerc\u00edcio da fun\u00e7\u00e3o, o homem foi identificado como Walker Moura Souza. Ele foi conduzido \u00e0 Delegacia Territorial de Brumado, acompanhado dos demais envolvidos na ocorr\u00eancia. Na unidade policial, os fatos foram apresentados \u00e0 autoridade competente, que formalizou a ocorr\u00eancia. Walker Moura Souza foi autuado em flagrante em raz\u00e3o da manifesta\u00e7\u00e3o de cunho racial dirigida ao policial militar. O caso foi registrado no Boletim de Ocorr\u00eancia n\u00ba 656751\/2026. A ocorr\u00eancia teve como local a Rua Hermes Teixeira, n\u00ba 137, no bairro S\u00e3o F\u00e9lix, pr\u00f3ximo a uma madeireira, conforme o registro policial.<\/p>\n","protected":false},"author":4,"featured_media":29301,"comment_status":"open","ping_status":"open","sticky":false,"template":"","format":"standard","meta":{"footnotes":""},"categories":[10,4,13,3],"tags":[],"class_list":["post-29294","post","type-post","status-publish","format-standard","has-post-thumbnail","hentry","category-brumado","category-cidades","category-justica","category-policia"],"yoast_head":"<!-- This site is optimized with the Yoast SEO plugin v26.5 - https:\/\/yoast.com\/wordpress\/plugins\/seo\/ -->\n<title>Homem \u00e9 preso em flagrante ap\u00f3s inj\u00faria racial contra policial em Brumado - Sudoesteacontece<\/title>\n<meta name=\"robots\" content=\"index, follow, max-snippet:-1, max-image-preview:large, max-video-preview:-1\" \/>\n<link rel=\"canonical\" href=\"https:\/\/sudoesteacontece.com.br\/?p=29294\" \/>\n<meta property=\"og:locale\" content=\"pt_BR\" \/>\n<meta property=\"og:type\" content=\"article\" \/>\n<meta property=\"og:title\" content=\"Homem \u00e9 preso em flagrante ap\u00f3s inj\u00faria racial contra policial em Brumado - Sudoesteacontece\" \/>\n<meta property=\"og:description\" content=\"Um homem foi preso em flagrante na noite desta quarta-feira (2), ap\u00f3s ser acusado de cometer inj\u00faria racial contra um policial militar durante uma ocorr\u00eancia no bairro S\u00e3o F\u00e9lix, em Brumado, no sudoeste da Bahia. O caso aconteceu por volta das 18h40, na Rua Hermes Teixeira. Segundo a Pol\u00edcia Militar, a guarni\u00e7\u00e3o foi acionada ap\u00f3s uma mulher relatar que o homem estaria dando socos na porta da resid\u00eancia da ex-esposa, tentando danificar o im\u00f3vel e entrar no local. Ainda conforme o relato, ele tamb\u00e9m teria proferido palavras de baixo cal\u00e3o e mantido esse comportamento de forma recorrente. Ao chegar ao endere\u00e7o, os policiais encontraram o homem alterado e agressivo, enquanto esmurrava a porta da resid\u00eancia. Durante a interven\u00e7\u00e3o, ele passou a ofender especificamente o soldado Luan Moreira e se recusou inicialmente a informar a pr\u00f3pria identifica\u00e7\u00e3o. Durante a abordagem, os policiais posicionaram o suspeito junto \u00e0 parede para realizar a busca pessoal, seguindo os procedimentos de seguran\u00e7a. Ao ser novamente questionado pelo soldado sobre seu nome, o homem respondeu: \u201cN\u00e3o vou falar meu nome para negro\u201d. Diante da manifesta\u00e7\u00e3o de cunho racial, dirigida ao policial durante o exerc\u00edcio da fun\u00e7\u00e3o, o homem foi identificado como Walker Moura Souza. Ele foi conduzido \u00e0 Delegacia Territorial de Brumado, acompanhado dos demais envolvidos na ocorr\u00eancia. Na unidade policial, os fatos foram apresentados \u00e0 autoridade competente, que formalizou a ocorr\u00eancia. Walker Moura Souza foi autuado em flagrante em raz\u00e3o da manifesta\u00e7\u00e3o de cunho racial dirigida ao policial militar. O caso foi registrado no Boletim de Ocorr\u00eancia n\u00ba 656751\/2026. A ocorr\u00eancia teve como local a Rua Hermes Teixeira, n\u00ba 137, no bairro S\u00e3o F\u00e9lix, pr\u00f3ximo a uma madeireira, conforme o registro policial.\" \/>\n<meta property=\"og:url\" content=\"https:\/\/sudoesteacontece.com.br\/?p=29294\" \/>\n<meta property=\"og:site_name\" content=\"Sudoesteacontece\" \/>\n<meta property=\"article:publisher\" content=\"https:\/\/www.facebook.com\/sudoesteacontece\/?locale=pt_BR\" \/>\n<meta property=\"article:published_time\" content=\"2026-09-03T15:38:48+00:00\" \/>\n<meta property=\"article:modified_time\" content=\"2026-09-03T15:38:54+00:00\" \/>\n<meta property=\"og:image\" content=\"http:\/\/sudoesteacontece.com.br\/wp-content\/uploads\/2026\/09\/24o-Batalhao-da-Policia-Militar-registra-aumento-de-183-nas-prisoes-de-foragidos-em-Brumado-1-1-1-1.jpg\" \/>\n\t<meta property=\"og:image:width\" content=\"900\" \/>\n\t<meta property=\"og:image:height\" content=\"600\" \/>\n\t<meta property=\"og:image:type\" content=\"image\/jpeg\" \/>\n<meta name=\"author\" content=\"Reda\u00e7\u00e3o\" \/>\n<meta name=\"twitter:card\" content=\"summary_large_image\" \/>\n<meta name=\"twitter:label1\" content=\"Escrito por\" \/>\n\t<meta name=\"twitter:data1\" content=\"Reda\u00e7\u00e3o\" \/>\n\t<meta name=\"twitter:label2\" content=\"Est. tempo de leitura\" \/>\n\t<meta name=\"twitter:data2\" content=\"2 minutos\" \/>\n<script type=\"application\/ld+json\" class=\"yoast-schema-graph\">{\"@context\":\"https:\/\/schema.org\",\"@graph\":[{\"@type\":\"Article\",\"@id\":\"https:\/\/sudoesteacontece.com.br\/?p=29294#article\",\"isPartOf\":{\"@id\":\"https:\/\/sudoesteacontece.com.br\/?p=29294\"},\"author\":{\"name\":\"Reda\u00e7\u00e3o\",\"@id\":\"https:\/\/sudoesteacontece.com.br\/#\/schema\/person\/a4f22429c1d0923ef8f7d43343f8dc38\"},\"headline\":\"Homem \u00e9 preso em flagrante ap\u00f3s inj\u00faria racial contra policial em Brumado\",\"datePublished\":\"2026-09-03T15:38:48+00:00\",\"dateModified\":\"2026-09-03T15:38:54+00:00\",\"mainEntityOfPage\":{\"@id\":\"https:\/\/sudoesteacontece.com.br\/?p=29294\"},\"wordCount\":315,\"commentCount\":0,\"publisher\":{\"@id\":\"https:\/\/sudoesteacontece.com.br\/#organization\"},\"image\":{\"@id\":\"https:\/\/sudoesteacontece.com.br\/?p=29294#primaryimage\"},\"thumbnailUrl\":\"https:\/\/sudoesteacontece.com.br\/wp-content\/uploads\/2026\/09\/24o-Batalhao-da-Policia-Militar-registra-aumento-de-183-nas-prisoes-de-foragidos-em-Brumado-1-1-1-1.jpg\",\"articleSection\":[\"Brumado\",\"Cidades\",\"Justi\u00e7a\",\"Pol\u00edcia\"],\"inLanguage\":\"pt-BR\",\"potentialAction\":[{\"@type\":\"CommentAction\",\"name\":\"Comment\",\"target\":[\"https:\/\/sudoesteacontece.com.br\/?p=29294#respond\"]}]},{\"@type\":\"WebPage\",\"@id\":\"https:\/\/sudoesteacontece.com.br\/?p=29294\",\"url\":\"https:\/\/sudoesteacontece.com.br\/?p=29294\",\"name\":\"Homem \u00e9 preso em flagrante ap\u00f3s inj\u00faria racial contra policial em Brumado - Sudoesteacontece\",\"isPartOf\":{\"@id\":\"https:\/\/sudoesteacontece.com.br\/#website\"},\"primaryImageOfPage\":{\"@id\":\"https:\/\/sudoesteacontece.com.br\/?p=29294#primaryimage\"},\"image\":{\"@id\":\"https:\/\/sudoesteacontece.com.br\/?p=29294#primaryimage\"},\"thumbnailUrl\":\"https:\/\/sudoesteacontece.com.br\/wp-content\/uploads\/2026\/09\/24o-Batalhao-da-Policia-Militar-registra-aumento-de-183-nas-prisoes-de-foragidos-em-Brumado-1-1-1-1.jpg\",\"datePublished\":\"2026-09-03T15:38:48+00:00\",\"dateModified\":\"2026-09-03T15:38:54+00:00\",\"breadcrumb\":{\"@id\":\"https:\/\/sudoesteacontece.com.br\/?p=29294#breadcrumb\"},\"inLanguage\":\"pt-BR\",\"potentialAction\":[{\"@type\":\"ReadAction\",\"target\":[\"https:\/\/sudoesteacontece.com.br\/?p=29294\"]}]},{\"@type\":\"ImageObject\",\"inLanguage\":\"pt-BR\",\"@id\":\"https:\/\/sudoesteacontece.com.br\/?p=29294#primaryimage\",\"url\":\"https:\/\/sudoesteacontece.com.br\/wp-content\/uploads\/2026\/09\/24o-Batalhao-da-Policia-Militar-registra-aumento-de-183-nas-prisoes-de-foragidos-em-Brumado-1-1-1-1.jpg\",\"contentUrl\":\"https:\/\/sudoesteacontece.com.br\/wp-content\/uploads\/2026\/09\/24o-Batalhao-da-Policia-Militar-registra-aumento-de-183-nas-prisoes-de-foragidos-em-Brumado-1-1-1-1.jpg\",\"width\":900,\"height\":600},{\"@type\":\"BreadcrumbList\",\"@id\":\"https:\/\/sudoesteacontece.com.br\/?p=29294#breadcrumb\",\"itemListElement\":[{\"@type\":\"ListItem\",\"position\":1,\"name\":\"In\u00edcio\",\"item\":\"https:\/\/sudoesteacontece.com.br\/\"},{\"@type\":\"ListItem\",\"position\":2,\"name\":\"Homem \u00e9 preso em flagrante ap\u00f3s inj\u00faria racial contra policial em Brumado\"}]},{\"@type\":\"WebSite\",\"@id\":\"https:\/\/sudoesteacontece.com.br\/#website\",\"url\":\"https:\/\/sudoesteacontece.com.br\/\",\"name\":\"Sudoesteacontece\",\"description\":\"\",\"publisher\":{\"@id\":\"https:\/\/sudoesteacontece.com.br\/#organization\"},\"potentialAction\":[{\"@type\":\"SearchAction\",\"target\":{\"@type\":\"EntryPoint\",\"urlTemplate\":\"https:\/\/sudoesteacontece.com.br\/?s={search_term_string}\"},\"query-input\":{\"@type\":\"PropertyValueSpecification\",\"valueRequired\":true,\"valueName\":\"search_term_string\"}}],\"inLanguage\":\"pt-BR\"},{\"@type\":\"Organization\",\"@id\":\"https:\/\/sudoesteacontece.com.br\/#organization\",\"name\":\"Sudoesteacontece\",\"url\":\"https:\/\/sudoesteacontece.com.br\/\",\"logo\":{\"@type\":\"ImageObject\",\"inLanguage\":\"pt-BR\",\"@id\":\"https:\/\/sudoesteacontece.com.br\/#\/schema\/logo\/image\/\",\"url\":\"https:\/\/sudoesteacontece.com.br\/wp-content\/uploads\/2025\/12\/cropped-logo-2-180x180-1.png\",\"contentUrl\":\"https:\/\/sudoesteacontece.com.br\/wp-content\/uploads\/2025\/12\/cropped-logo-2-180x180-1.png\",\"width\":180,\"height\":180,\"caption\":\"Sudoesteacontece\"},\"image\":{\"@id\":\"https:\/\/sudoesteacontece.com.br\/#\/schema\/logo\/image\/\"},\"sameAs\":[\"https:\/\/www.facebook.com\/sudoesteacontece\/?locale=pt_BR\"]},{\"@type\":\"Person\",\"@id\":\"https:\/\/sudoesteacontece.com.br\/#\/schema\/person\/a4f22429c1d0923ef8f7d43343f8dc38\",\"name\":\"Reda\u00e7\u00e3o\",\"image\":{\"@type\":\"ImageObject\",\"inLanguage\":\"pt-BR\",\"@id\":\"https:\/\/sudoesteacontece.com.br\/#\/schema\/person\/image\/\",\"url\":\"https:\/\/secure.gravatar.com\/avatar\/c3a5b3c93f268a709c25a2df414c629a96fb3b1b4bf97a94fb3f72e54ae76903?s=96&d=mm&r=g\",\"contentUrl\":\"https:\/\/secure.gravatar.com\/avatar\/c3a5b3c93f268a709c25a2df414c629a96fb3b1b4bf97a94fb3f72e54ae76903?s=96&d=mm&r=g\",\"caption\":\"Reda\u00e7\u00e3o\"},\"url\":\"https:\/\/sudoesteacontece.com.br\/?author=4\"}]}<\/script>\n<!-- \/ Yoast SEO plugin. -->","yoast_head_json":{"title":"Homem \u00e9 preso em flagrante ap\u00f3s inj\u00faria racial contra policial em Brumado - Sudoesteacontece","robots":{"index":"index","follow":"follow","max-snippet":"max-snippet:-1","max-image-preview":"max-image-preview:large","max-video-preview":"max-video-preview:-1"},"canonical":"https:\/\/sudoesteacontece.com.br\/?p=29294","og_locale":"pt_BR","og_type":"article","og_title":"Homem \u00e9 preso em flagrante ap\u00f3s inj\u00faria racial contra policial em Brumado - Sudoesteacontece","og_description":"Um homem foi preso em flagrante na noite desta quarta-feira (2), ap\u00f3s ser acusado de cometer inj\u00faria racial contra um policial militar durante uma ocorr\u00eancia no bairro S\u00e3o F\u00e9lix, em Brumado, no sudoeste da Bahia. O caso aconteceu por volta das 18h40, na Rua Hermes Teixeira. Segundo a Pol\u00edcia Militar, a guarni\u00e7\u00e3o foi acionada ap\u00f3s uma mulher relatar que o homem estaria dando socos na porta da resid\u00eancia da ex-esposa, tentando danificar o im\u00f3vel e entrar no local. Ainda conforme o relato, ele tamb\u00e9m teria proferido palavras de baixo cal\u00e3o e mantido esse comportamento de forma recorrente. Ao chegar ao endere\u00e7o, os policiais encontraram o homem alterado e agressivo, enquanto esmurrava a porta da resid\u00eancia. Durante a interven\u00e7\u00e3o, ele passou a ofender especificamente o soldado Luan Moreira e se recusou inicialmente a informar a pr\u00f3pria identifica\u00e7\u00e3o. Durante a abordagem, os policiais posicionaram o suspeito junto \u00e0 parede para realizar a busca pessoal, seguindo os procedimentos de seguran\u00e7a. Ao ser novamente questionado pelo soldado sobre seu nome, o homem respondeu: \u201cN\u00e3o vou falar meu nome para negro\u201d. Diante da manifesta\u00e7\u00e3o de cunho racial, dirigida ao policial durante o exerc\u00edcio da fun\u00e7\u00e3o, o homem foi identificado como Walker Moura Souza. Ele foi conduzido \u00e0 Delegacia Territorial de Brumado, acompanhado dos demais envolvidos na ocorr\u00eancia. Na unidade policial, os fatos foram apresentados \u00e0 autoridade competente, que formalizou a ocorr\u00eancia. Walker Moura Souza foi autuado em flagrante em raz\u00e3o da manifesta\u00e7\u00e3o de cunho racial dirigida ao policial militar. O caso foi registrado no Boletim de Ocorr\u00eancia n\u00ba 656751\/2026. A ocorr\u00eancia teve como local a Rua Hermes Teixeira, n\u00ba 137, no bairro S\u00e3o F\u00e9lix, pr\u00f3ximo a uma madeireira, conforme o registro policial.","og_url":"https:\/\/sudoesteacontece.com.br\/?p=29294","og_site_name":"Sudoesteacontece","article_publisher":"https:\/\/www.facebook.com\/sudoesteacontece\/?locale=pt_BR","article_published_time":"2026-09-03T15:38:48+00:00","article_modified_time":"2026-09-03T15:38:54+00:00","og_image":[{"width":900,"height":600,"url":"http:\/\/sudoesteacontece.com.br\/wp-content\/uploads\/2026\/09\/24o-Batalhao-da-Policia-Militar-registra-aumento-de-183-nas-prisoes-de-foragidos-em-Brumado-1-1-1-1.jpg","type":"image\/jpeg"}],"author":"Reda\u00e7\u00e3o","twitter_card":"summary_large_image","twitter_misc":{"Escrito por":"Reda\u00e7\u00e3o","Est. tempo de leitura":"2 minutos"},"schema":{"@context":"https:\/\/schema.org","@graph":[{"@type":"Article","@id":"https:\/\/sudoesteacontece.com.br\/?p=29294#article","isPartOf":{"@id":"https:\/\/sudoesteacontece.com.br\/?p=29294"},"author":{"name":"Reda\u00e7\u00e3o","@id":"https:\/\/sudoesteacontece.com.br\/#\/schema\/person\/a4f22429c1d0923ef8f7d43343f8dc38"},"headline":"Homem \u00e9 preso em flagrante ap\u00f3s inj\u00faria racial contra policial em Brumado","datePublished":"2026-09-03T15:38:48+00:00","dateModified":"2026-09-03T15:38:54+00:00","mainEntityOfPage":{"@id":"https:\/\/sudoesteacontece.com.br\/?p=29294"},"wordCount":315,"commentCount":0,"publisher":{"@id":"https:\/\/sudoesteacontece.com.br\/#organization"},"image":{"@id":"https:\/\/sudoesteacontece.com.br\/?p=29294#primaryimage"},"thumbnailUrl":"https:\/\/sudoesteacontece.com.br\/wp-content\/uploads\/2026\/09\/24o-Batalhao-da-Policia-Militar-registra-aumento-de-183-nas-prisoes-de-foragidos-em-Brumado-1-1-1-1.jpg","articleSection":["Brumado","Cidades","Justi\u00e7a","Pol\u00edcia"],"inLanguage":"pt-BR","potentialAction":[{"@type":"CommentAction","name":"Comment","target":["https:\/\/sudoesteacontece.com.br\/?p=29294#respond"]}]},{"@type":"WebPage","@id":"https:\/\/sudoesteacontece.com.br\/?p=29294","url":"https:\/\/sudoesteacontece.com.br\/?p=29294","name":"Homem \u00e9 preso em flagrante ap\u00f3s inj\u00faria racial contra policial em Brumado - Sudoesteacontece","isPartOf":{"@id":"https:\/\/sudoesteacontece.com.br\/#website"},"primaryImageOfPage":{"@id":"https:\/\/sudoesteacontece.com.br\/?p=29294#primaryimage"},"image":{"@id":"https:\/\/sudoesteacontece.com.br\/?p=29294#primaryimage"},"thumbnailUrl":"https:\/\/sudoesteacontece.com.br\/wp-content\/uploads\/2026\/09\/24o-Batalhao-da-Policia-Militar-registra-aumento-de-183-nas-prisoes-de-foragidos-em-Brumado-1-1-1-1.jpg","datePublished":"2026-09-03T15:38:48+00:00","dateModified":"2026-09-03T15:38:54+00:00","breadcrumb":{"@id":"https:\/\/sudoesteacontece.com.br\/?p=29294#breadcrumb"},"inLanguage":"pt-BR","potentialAction":[{"@type":"ReadAction","target":["https:\/\/sudoesteacontece.com.br\/?p=29294"]}]},{"@type":"ImageObject","inLanguage":"pt-BR","@id":"https:\/\/sudoesteacontece.com.br\/?p=29294#primaryimage","url":"https:\/\/sudoesteacontece.com.br\/wp-content\/uploads\/2026\/09\/24o-Batalhao-da-Policia-Militar-registra-aumento-de-183-nas-prisoes-de-foragidos-em-Brumado-1-1-1-1.jpg","contentUrl":"https:\/\/sudoesteacontece.com.br\/wp-content\/uploads\/2026\/09\/24o-Batalhao-da-Policia-Militar-registra-aumento-de-183-nas-prisoes-de-foragidos-em-Brumado-1-1-1-1.jpg","width":900,"height":600},{"@type":"BreadcrumbList","@id":"https:\/\/sudoesteacontece.com.br\/?p=29294#breadcrumb","itemListElement":[{"@type":"ListItem","position":1,"name":"In\u00edcio","item":"https:\/\/sudoesteacontece.com.br\/"},{"@type":"ListItem","position":2,"name":"Homem \u00e9 preso em flagrante ap\u00f3s inj\u00faria racial contra policial em Brumado"}]},{"@type":"WebSite","@id":"https:\/\/sudoesteacontece.com.br\/#website","url":"https:\/\/sudoesteacontece.com.br\/","name":"Sudoesteacontece","description":"","publisher":{"@id":"https:\/\/sudoesteacontece.com.br\/#organization"},"potentialAction":[{"@type":"SearchAction","target":{"@type":"EntryPoint","urlTemplate":"https:\/\/sudoesteacontece.com.br\/?s={search_term_string}"},"query-input":{"@type":"PropertyValueSpecification","valueRequired":true,"valueName":"search_term_string"}}],"inLanguage":"pt-BR"},{"@type":"Organization","@id":"https:\/\/sudoesteacontece.com.br\/#organization","name":"Sudoesteacontece","url":"https:\/\/sudoesteacontece.com.br\/","logo":{"@type":"ImageObject","inLanguage":"pt-BR","@id":"https:\/\/sudoesteacontece.com.br\/#\/schema\/logo\/image\/","url":"https:\/\/sudoesteacontece.com.br\/wp-content\/uploads\/2025\/12\/cropped-logo-2-180x180-1.png","contentUrl":"https:\/\/sudoesteacontece.com.br\/wp-content\/uploads\/2025\/12\/cropped-logo-2-180x180-1.png","width":180,"height":180,"caption":"Sudoesteacontece"},"image":{"@id":"https:\/\/sudoesteacontece.com.br\/#\/schema\/logo\/image\/"},"sameAs":["https:\/\/www.facebook.com\/sudoesteacontece\/?locale=pt_BR"]},{"@type":"Person","@id":"https:\/\/sudoesteacontece.com.br\/#\/schema\/person\/a4f22429c1d0923ef8f7d43343f8dc38","name":"Reda\u00e7\u00e3o","image":{"@type":"ImageObject","inLanguage":"pt-BR","@id":"https:\/\/sudoesteacontece.com.br\/#\/schema\/person\/image\/","url":"https:\/\/secure.gravatar.com\/avatar\/c3a5b3c93f268a709c25a2df414c629a96fb3b1b4bf97a94fb3f72e54ae76903?s=96&d=mm&r=g","contentUrl":"https:\/\/secure.gravatar.com\/avatar\/c3a5b3c93f268a709c25a2df414c629a96fb3b1b4bf97a94fb3f72e54ae76903?s=96&d=mm&r=g","caption":"Reda\u00e7\u00e3o"},"url":"https:\/\/sudoesteacontece.com.br\/?author=4"}]}},"_links":{"self":[{"href":"https:\/\/sudoesteacontece.com.br\/index.php?rest_route=\/wp\/v2\/posts\/29294","targetHints":{"allow":["GET"]}}],"collection":[{"href":"https:\/\/sudoesteacontece.com.br\/index.php?rest_route=\/wp\/v2\/posts"}],"about":[{"href":"https:\/\/sudoesteacontece.com.br\/index.php?rest_route=\/wp\/v2\/types\/post"}],"author":[{"embeddable":true,"href":"https:\/\/sudoesteacontece.com.br\/index.php?rest_route=\/wp\/v2\/users\/4"}],"replies":[{"embeddable":true,"href":"https:\/\/sudoesteacontece.com.br\/index.php?rest_route=%2Fwp%2Fv2%2Fcomments&post=29294"}],"version-history":[{"count":1,"href":"https:\/\/sudoesteacontece.com.br\/index.php?rest_route=\/wp\/v2\/posts\/29294\/revisions"}],"predecessor-version":[{"id":29335,"href":"https:\/\/sudoesteacontece.com.br\/index.php?rest_route=\/wp\/v2\/posts\/29294\/revisions\/29335"}],"wp:featuredmedia":[{"embeddable":true,"href":"https:\/\/sudoesteacontece.com.br\/index.php?rest_route=\/wp\/v2\/media\/29301"}],"wp:attachment":[{"href":"https:\/\/sudoesteacontece.com.br\/index.php?rest_route=%2Fwp%2Fv2%2Fmedia&parent=29294"}],"wp:term":[{"taxonomy":"category","embeddable":true,"href":"https:\/\/sudoesteacontece.com.br\/index.php?rest_route=%2Fwp%2Fv2%2Fcategories&post=29294"},{"taxonomy":"post_tag","embeddable":true,"href":"https:\/\/sudoesteacontece.com.br\/index.php?rest_route=%2Fwp%2Fv2%2Ftags&post=29294"}],"curies":[{"name":"wp","href":"https:\/\/api.w.org\/{rel}","templated":true}]}}