{"id":29298,"date":"2026-09-03T12:52:59","date_gmt":"2026-09-03T15:52:59","guid":{"rendered":"https:\/\/sudoesteacontece.com.br\/?p=29298"},"modified":"2026-09-03T12:53:04","modified_gmt":"2026-09-03T15:53:04","slug":"rui-costa-comemora-avanco-do-fim-da-escala-6x1-e-da-pec-da-seguranca","status":"publish","type":"post","link":"https:\/\/sudoesteacontece.com.br\/?p=29298","title":{"rendered":"Rui Costa comemora avan\u00e7o do fim da escala 6&#215;1 e da PEC da Seguran\u00e7a"},"content":{"rendered":"\n<figure class=\"wp-block-image size-full\"><img fetchpriority=\"high\" decoding=\"async\" width=\"900\" height=\"600\" src=\"http:\/\/sudoesteacontece.com.br\/wp-content\/uploads\/2026\/09\/Justica-Eleitoral-suspende-propaganda-de-Rui-Costa-e-Wagner-por-uso-irregular-de-Lula-l.jpg\" alt=\"\" class=\"wp-image-29316\" srcset=\"https:\/\/sudoesteacontece.com.br\/wp-content\/uploads\/2026\/09\/Justica-Eleitoral-suspende-propaganda-de-Rui-Costa-e-Wagner-por-uso-irregular-de-Lula-l.jpg 900w, https:\/\/sudoesteacontece.com.br\/wp-content\/uploads\/2026\/09\/Justica-Eleitoral-suspende-propaganda-de-Rui-Costa-e-Wagner-por-uso-irregular-de-Lula-l-300x200.jpg 300w, https:\/\/sudoesteacontece.com.br\/wp-content\/uploads\/2026\/09\/Justica-Eleitoral-suspende-propaganda-de-Rui-Costa-e-Wagner-por-uso-irregular-de-Lula-l-768x512.jpg 768w\" sizes=\"(max-width: 900px) 100vw, 900px\" \/><\/figure>\n\n\n\n<p class=\"wp-block-paragraph\">O candidato ao Senado pela Bahia Rui Costa (PT) comemorou nesta quarta-feira (2) a aprova\u00e7\u00e3o, pela Comiss\u00e3o de Constitui\u00e7\u00e3o e Justi\u00e7a (CCJ) do Senado, das propostas que tratam do fim da escala 6&#215;1 e da PEC da Seguran\u00e7a P\u00fablica. As duas mat\u00e9rias s\u00e3o consideradas priorit\u00e1rias pelo governo Luiz In\u00e1cio Lula da Silva (PT) e agora seguem para an\u00e1lise do Plen\u00e1rio.<\/p>\n\n\n\n<p class=\"wp-block-paragraph\">Pela proposta aprovada na comiss\u00e3o, a jornada m\u00e1xima de trabalho seria reduzida de 44 para 40 horas semanais, com garantia de dois dias de repouso semanal remunerado e sem redu\u00e7\u00e3o salarial. O texto ainda precisa passar pelo Plen\u00e1rio do Senado para avan\u00e7ar na tramita\u00e7\u00e3o.<\/p>\n\n\n\n<p class=\"wp-block-paragraph\">Durante encontro com movimentos sindicais da Bahia, Rui Costa defendeu a vota\u00e7\u00e3o r\u00e1pida da proposta e afirmou esperar que o presidente do Senado, Davi Alcolumbre, coloque o texto em pauta. \u201cTemos uma expectativa l\u00e1 de ver se o presidente do Senado pauta a vota\u00e7\u00e3o do Plen\u00e1rio rapidamente\u201d, declarou.<\/p>\n\n\n\n<p class=\"wp-block-paragraph\">Na mesma sess\u00e3o, a CCJ aprovou o texto-base da PEC da Seguran\u00e7a P\u00fablica, apresentada pelo governo federal. A proposta amplia a integra\u00e7\u00e3o entre \u00f3rg\u00e3os de seguran\u00e7a e estabelece novas regras para o enfrentamento das organiza\u00e7\u00f5es criminosas, com mudan\u00e7as na atua\u00e7\u00e3o conjunta de Uni\u00e3o, estados e munic\u00edpios.<\/p>\n\n\n\n<p class=\"wp-block-paragraph\">Segundo Rui Costa, a medida pretende ampliar a participa\u00e7\u00e3o do governo federal na seguran\u00e7a p\u00fablica e permitir maior atua\u00e7\u00e3o da Uni\u00e3o no combate \u00e0 criminalidade. O candidato tamb\u00e9m relacionou a aprova\u00e7\u00e3o ao compromisso anunciado por Lula de recriar o Minist\u00e9rio da Seguran\u00e7a P\u00fablica ap\u00f3s o avan\u00e7o da proposta no Congresso.<\/p>\n\n\n\n<p class=\"wp-block-paragraph\">Al\u00e9m disso, Rui Costa disputa uma das duas vagas da Bahia no Senado ao lado do senador Jaques Wagner, pela chapa governista. Antes do encontro com os sindicalistas, ele participou de uma caminhada no bairro do Nordeste de Amaralina, em Salvador, ao lado de integrantes da chapa.<\/p>\n\n\n\n<p class=\"wp-block-paragraph\">Agora, as duas propostas seguem para vota\u00e7\u00e3o no Plen\u00e1rio do Senado. Por se tratar de uma PEC, a mat\u00e9ria da Seguran\u00e7a P\u00fablica precisar\u00e1 obter pelo menos 49 votos favor\u00e1veis entre os 81 senadores, em dois turnos de vota\u00e7\u00e3o, antes de concluir sua tramita\u00e7\u00e3o na Casa.<\/p>\n","protected":false},"excerpt":{"rendered":"<p>O candidato ao Senado pela Bahia Rui Costa (PT) comemorou nesta quarta-feira (2) a aprova\u00e7\u00e3o, pela Comiss\u00e3o de Constitui\u00e7\u00e3o e Justi\u00e7a (CCJ) do Senado, das propostas que tratam do fim da escala 6&#215;1 e da PEC da Seguran\u00e7a P\u00fablica. As duas mat\u00e9rias s\u00e3o consideradas priorit\u00e1rias pelo governo Luiz In\u00e1cio Lula da Silva (PT) e agora seguem para an\u00e1lise do Plen\u00e1rio. Pela proposta aprovada na comiss\u00e3o, a jornada m\u00e1xima de trabalho seria reduzida de 44 para 40 horas semanais, com garantia de dois dias de repouso semanal remunerado e sem redu\u00e7\u00e3o salarial. O texto ainda precisa passar pelo Plen\u00e1rio do Senado para avan\u00e7ar na tramita\u00e7\u00e3o. Durante encontro com movimentos sindicais da Bahia, Rui Costa defendeu a vota\u00e7\u00e3o r\u00e1pida da proposta e afirmou esperar que o presidente do Senado, Davi Alcolumbre, coloque o texto em pauta. \u201cTemos uma expectativa l\u00e1 de ver se o presidente do Senado pauta a vota\u00e7\u00e3o do Plen\u00e1rio rapidamente\u201d, declarou. Na mesma sess\u00e3o, a CCJ aprovou o texto-base da PEC da Seguran\u00e7a P\u00fablica, apresentada pelo governo federal. A proposta amplia a integra\u00e7\u00e3o entre \u00f3rg\u00e3os de seguran\u00e7a e estabelece novas regras para o enfrentamento das organiza\u00e7\u00f5es criminosas, com mudan\u00e7as na atua\u00e7\u00e3o conjunta de Uni\u00e3o, estados e munic\u00edpios. Segundo Rui Costa, a medida pretende ampliar a participa\u00e7\u00e3o do governo federal na seguran\u00e7a p\u00fablica e permitir maior atua\u00e7\u00e3o da Uni\u00e3o no combate \u00e0 criminalidade. O candidato tamb\u00e9m relacionou a aprova\u00e7\u00e3o ao compromisso anunciado por Lula de recriar o Minist\u00e9rio da Seguran\u00e7a P\u00fablica ap\u00f3s o avan\u00e7o da proposta no Congresso. Al\u00e9m disso, Rui Costa disputa uma das duas vagas da Bahia no Senado ao lado do senador Jaques Wagner, pela chapa governista. Antes do encontro com os sindicalistas, ele participou de uma caminhada no bairro do Nordeste de Amaralina, em Salvador, ao lado de integrantes da chapa. Agora, as duas propostas seguem para vota\u00e7\u00e3o no Plen\u00e1rio do Senado. Por se tratar de uma PEC, a mat\u00e9ria da Seguran\u00e7a P\u00fablica precisar\u00e1 obter pelo menos 49 votos favor\u00e1veis entre os 81 senadores, em dois turnos de vota\u00e7\u00e3o, antes de concluir sua tramita\u00e7\u00e3o na Casa.<\/p>\n","protected":false},"author":4,"featured_media":0,"comment_status":"open","ping_status":"open","sticky":false,"template":"","format":"standard","meta":{"footnotes":""},"categories":[7,53,58,6],"tags":[],"class_list":["post-29298","post","type-post","status-publish","format-standard","hentry","category-bahia","category-brasil","category-eleicoes-2026","category-politica"],"yoast_head":"<!-- This site is optimized with the Yoast SEO plugin v26.5 - https:\/\/yoast.com\/wordpress\/plugins\/seo\/ -->\n<title>Rui Costa comemora avan\u00e7o do fim da escala 6x1 e da PEC da Seguran\u00e7a - Sudoesteacontece<\/title>\n<meta name=\"robots\" content=\"index, follow, max-snippet:-1, max-image-preview:large, max-video-preview:-1\" \/>\n<link rel=\"canonical\" href=\"https:\/\/sudoesteacontece.com.br\/?p=29298\" \/>\n<meta property=\"og:locale\" content=\"pt_BR\" \/>\n<meta property=\"og:type\" content=\"article\" \/>\n<meta property=\"og:title\" content=\"Rui Costa comemora avan\u00e7o do fim da escala 6x1 e da PEC da Seguran\u00e7a - Sudoesteacontece\" \/>\n<meta property=\"og:description\" content=\"O candidato ao Senado pela Bahia Rui Costa (PT) comemorou nesta quarta-feira (2) a aprova\u00e7\u00e3o, pela Comiss\u00e3o de Constitui\u00e7\u00e3o e Justi\u00e7a (CCJ) do Senado, das propostas que tratam do fim da escala 6&#215;1 e da PEC da Seguran\u00e7a P\u00fablica. As duas mat\u00e9rias s\u00e3o consideradas priorit\u00e1rias pelo governo Luiz In\u00e1cio Lula da Silva (PT) e agora seguem para an\u00e1lise do Plen\u00e1rio. Pela proposta aprovada na comiss\u00e3o, a jornada m\u00e1xima de trabalho seria reduzida de 44 para 40 horas semanais, com garantia de dois dias de repouso semanal remunerado e sem redu\u00e7\u00e3o salarial. O texto ainda precisa passar pelo Plen\u00e1rio do Senado para avan\u00e7ar na tramita\u00e7\u00e3o. Durante encontro com movimentos sindicais da Bahia, Rui Costa defendeu a vota\u00e7\u00e3o r\u00e1pida da proposta e afirmou esperar que o presidente do Senado, Davi Alcolumbre, coloque o texto em pauta. \u201cTemos uma expectativa l\u00e1 de ver se o presidente do Senado pauta a vota\u00e7\u00e3o do Plen\u00e1rio rapidamente\u201d, declarou. Na mesma sess\u00e3o, a CCJ aprovou o texto-base da PEC da Seguran\u00e7a P\u00fablica, apresentada pelo governo federal. A proposta amplia a integra\u00e7\u00e3o entre \u00f3rg\u00e3os de seguran\u00e7a e estabelece novas regras para o enfrentamento das organiza\u00e7\u00f5es criminosas, com mudan\u00e7as na atua\u00e7\u00e3o conjunta de Uni\u00e3o, estados e munic\u00edpios. Segundo Rui Costa, a medida pretende ampliar a participa\u00e7\u00e3o do governo federal na seguran\u00e7a p\u00fablica e permitir maior atua\u00e7\u00e3o da Uni\u00e3o no combate \u00e0 criminalidade. O candidato tamb\u00e9m relacionou a aprova\u00e7\u00e3o ao compromisso anunciado por Lula de recriar o Minist\u00e9rio da Seguran\u00e7a P\u00fablica ap\u00f3s o avan\u00e7o da proposta no Congresso. Al\u00e9m disso, Rui Costa disputa uma das duas vagas da Bahia no Senado ao lado do senador Jaques Wagner, pela chapa governista. Antes do encontro com os sindicalistas, ele participou de uma caminhada no bairro do Nordeste de Amaralina, em Salvador, ao lado de integrantes da chapa. Agora, as duas propostas seguem para vota\u00e7\u00e3o no Plen\u00e1rio do Senado. Por se tratar de uma PEC, a mat\u00e9ria da Seguran\u00e7a P\u00fablica precisar\u00e1 obter pelo menos 49 votos favor\u00e1veis entre os 81 senadores, em dois turnos de vota\u00e7\u00e3o, antes de concluir sua tramita\u00e7\u00e3o na Casa.\" \/>\n<meta property=\"og:url\" content=\"https:\/\/sudoesteacontece.com.br\/?p=29298\" \/>\n<meta property=\"og:site_name\" content=\"Sudoesteacontece\" \/>\n<meta property=\"article:publisher\" content=\"https:\/\/www.facebook.com\/sudoesteacontece\/?locale=pt_BR\" \/>\n<meta property=\"article:published_time\" content=\"2026-09-03T15:52:59+00:00\" \/>\n<meta property=\"article:modified_time\" content=\"2026-09-03T15:53:04+00:00\" \/>\n<meta property=\"og:image\" content=\"https:\/\/sudoesteacontece.com.br\/wp-content\/uploads\/2026\/09\/Justica-Eleitoral-suspende-propaganda-de-Rui-Costa-e-Wagner-por-uso-irregular-de-Lula-l.jpg\" \/>\n\t<meta property=\"og:image:width\" content=\"900\" \/>\n\t<meta property=\"og:image:height\" content=\"600\" \/>\n\t<meta property=\"og:image:type\" content=\"image\/jpeg\" \/>\n<meta name=\"author\" content=\"Reda\u00e7\u00e3o\" \/>\n<meta name=\"twitter:card\" content=\"summary_large_image\" \/>\n<meta name=\"twitter:label1\" content=\"Escrito por\" \/>\n\t<meta name=\"twitter:data1\" content=\"Reda\u00e7\u00e3o\" \/>\n\t<meta name=\"twitter:label2\" content=\"Est. tempo de leitura\" \/>\n\t<meta name=\"twitter:data2\" content=\"3 minutos\" \/>\n<script type=\"application\/ld+json\" class=\"yoast-schema-graph\">{\"@context\":\"https:\/\/schema.org\",\"@graph\":[{\"@type\":\"Article\",\"@id\":\"https:\/\/sudoesteacontece.com.br\/?p=29298#article\",\"isPartOf\":{\"@id\":\"https:\/\/sudoesteacontece.com.br\/?p=29298\"},\"author\":{\"name\":\"Reda\u00e7\u00e3o\",\"@id\":\"https:\/\/sudoesteacontece.com.br\/#\/schema\/person\/a4f22429c1d0923ef8f7d43343f8dc38\"},\"headline\":\"Rui Costa comemora avan\u00e7o do fim da escala 6&#215;1 e da PEC da Seguran\u00e7a\",\"datePublished\":\"2026-09-03T15:52:59+00:00\",\"dateModified\":\"2026-09-03T15:53:04+00:00\",\"mainEntityOfPage\":{\"@id\":\"https:\/\/sudoesteacontece.com.br\/?p=29298\"},\"wordCount\":404,\"commentCount\":0,\"publisher\":{\"@id\":\"https:\/\/sudoesteacontece.com.br\/#organization\"},\"image\":{\"@id\":\"https:\/\/sudoesteacontece.com.br\/?p=29298#primaryimage\"},\"thumbnailUrl\":\"http:\/\/sudoesteacontece.com.br\/wp-content\/uploads\/2026\/09\/Justica-Eleitoral-suspende-propaganda-de-Rui-Costa-e-Wagner-por-uso-irregular-de-Lula-l.jpg\",\"articleSection\":[\"Bahia\",\"Brasil\",\"Elei\u00e7\u00f5es 2026\",\"Pol\u00edtica\"],\"inLanguage\":\"pt-BR\",\"potentialAction\":[{\"@type\":\"CommentAction\",\"name\":\"Comment\",\"target\":[\"https:\/\/sudoesteacontece.com.br\/?p=29298#respond\"]}]},{\"@type\":\"WebPage\",\"@id\":\"https:\/\/sudoesteacontece.com.br\/?p=29298\",\"url\":\"https:\/\/sudoesteacontece.com.br\/?p=29298\",\"name\":\"Rui Costa comemora avan\u00e7o do fim da escala 6x1 e da PEC da Seguran\u00e7a - Sudoesteacontece\",\"isPartOf\":{\"@id\":\"https:\/\/sudoesteacontece.com.br\/#website\"},\"primaryImageOfPage\":{\"@id\":\"https:\/\/sudoesteacontece.com.br\/?p=29298#primaryimage\"},\"image\":{\"@id\":\"https:\/\/sudoesteacontece.com.br\/?p=29298#primaryimage\"},\"thumbnailUrl\":\"http:\/\/sudoesteacontece.com.br\/wp-content\/uploads\/2026\/09\/Justica-Eleitoral-suspende-propaganda-de-Rui-Costa-e-Wagner-por-uso-irregular-de-Lula-l.jpg\",\"datePublished\":\"2026-09-03T15:52:59+00:00\",\"dateModified\":\"2026-09-03T15:53:04+00:00\",\"breadcrumb\":{\"@id\":\"https:\/\/sudoesteacontece.com.br\/?p=29298#breadcrumb\"},\"inLanguage\":\"pt-BR\",\"potentialAction\":[{\"@type\":\"ReadAction\",\"target\":[\"https:\/\/sudoesteacontece.com.br\/?p=29298\"]}]},{\"@type\":\"ImageObject\",\"inLanguage\":\"pt-BR\",\"@id\":\"https:\/\/sudoesteacontece.com.br\/?p=29298#primaryimage\",\"url\":\"https:\/\/sudoesteacontece.com.br\/wp-content\/uploads\/2026\/09\/Justica-Eleitoral-suspende-propaganda-de-Rui-Costa-e-Wagner-por-uso-irregular-de-Lula-l.jpg\",\"contentUrl\":\"https:\/\/sudoesteacontece.com.br\/wp-content\/uploads\/2026\/09\/Justica-Eleitoral-suspende-propaganda-de-Rui-Costa-e-Wagner-por-uso-irregular-de-Lula-l.jpg\",\"width\":900,\"height\":600},{\"@type\":\"BreadcrumbList\",\"@id\":\"https:\/\/sudoesteacontece.com.br\/?p=29298#breadcrumb\",\"itemListElement\":[{\"@type\":\"ListItem\",\"position\":1,\"name\":\"In\u00edcio\",\"item\":\"https:\/\/sudoesteacontece.com.br\/\"},{\"@type\":\"ListItem\",\"position\":2,\"name\":\"Rui Costa comemora avan\u00e7o do fim da escala 6&#215;1 e da PEC da Seguran\u00e7a\"}]},{\"@type\":\"WebSite\",\"@id\":\"https:\/\/sudoesteacontece.com.br\/#website\",\"url\":\"https:\/\/sudoesteacontece.com.br\/\",\"name\":\"Sudoesteacontece\",\"description\":\"\",\"publisher\":{\"@id\":\"https:\/\/sudoesteacontece.com.br\/#organization\"},\"potentialAction\":[{\"@type\":\"SearchAction\",\"target\":{\"@type\":\"EntryPoint\",\"urlTemplate\":\"https:\/\/sudoesteacontece.com.br\/?s={search_term_string}\"},\"query-input\":{\"@type\":\"PropertyValueSpecification\",\"valueRequired\":true,\"valueName\":\"search_term_string\"}}],\"inLanguage\":\"pt-BR\"},{\"@type\":\"Organization\",\"@id\":\"https:\/\/sudoesteacontece.com.br\/#organization\",\"name\":\"Sudoesteacontece\",\"url\":\"https:\/\/sudoesteacontece.com.br\/\",\"logo\":{\"@type\":\"ImageObject\",\"inLanguage\":\"pt-BR\",\"@id\":\"https:\/\/sudoesteacontece.com.br\/#\/schema\/logo\/image\/\",\"url\":\"https:\/\/sudoesteacontece.com.br\/wp-content\/uploads\/2025\/12\/cropped-logo-2-180x180-1.png\",\"contentUrl\":\"https:\/\/sudoesteacontece.com.br\/wp-content\/uploads\/2025\/12\/cropped-logo-2-180x180-1.png\",\"width\":180,\"height\":180,\"caption\":\"Sudoesteacontece\"},\"image\":{\"@id\":\"https:\/\/sudoesteacontece.com.br\/#\/schema\/logo\/image\/\"},\"sameAs\":[\"https:\/\/www.facebook.com\/sudoesteacontece\/?locale=pt_BR\"]},{\"@type\":\"Person\",\"@id\":\"https:\/\/sudoesteacontece.com.br\/#\/schema\/person\/a4f22429c1d0923ef8f7d43343f8dc38\",\"name\":\"Reda\u00e7\u00e3o\",\"image\":{\"@type\":\"ImageObject\",\"inLanguage\":\"pt-BR\",\"@id\":\"https:\/\/sudoesteacontece.com.br\/#\/schema\/person\/image\/\",\"url\":\"https:\/\/secure.gravatar.com\/avatar\/c3a5b3c93f268a709c25a2df414c629a96fb3b1b4bf97a94fb3f72e54ae76903?s=96&d=mm&r=g\",\"contentUrl\":\"https:\/\/secure.gravatar.com\/avatar\/c3a5b3c93f268a709c25a2df414c629a96fb3b1b4bf97a94fb3f72e54ae76903?s=96&d=mm&r=g\",\"caption\":\"Reda\u00e7\u00e3o\"},\"url\":\"https:\/\/sudoesteacontece.com.br\/?author=4\"}]}<\/script>\n<!-- \/ Yoast SEO plugin. -->","yoast_head_json":{"title":"Rui Costa comemora avan\u00e7o do fim da escala 6x1 e da PEC da Seguran\u00e7a - Sudoesteacontece","robots":{"index":"index","follow":"follow","max-snippet":"max-snippet:-1","max-image-preview":"max-image-preview:large","max-video-preview":"max-video-preview:-1"},"canonical":"https:\/\/sudoesteacontece.com.br\/?p=29298","og_locale":"pt_BR","og_type":"article","og_title":"Rui Costa comemora avan\u00e7o do fim da escala 6x1 e da PEC da Seguran\u00e7a - Sudoesteacontece","og_description":"O candidato ao Senado pela Bahia Rui Costa (PT) comemorou nesta quarta-feira (2) a aprova\u00e7\u00e3o, pela Comiss\u00e3o de Constitui\u00e7\u00e3o e Justi\u00e7a (CCJ) do Senado, das propostas que tratam do fim da escala 6&#215;1 e da PEC da Seguran\u00e7a P\u00fablica. As duas mat\u00e9rias s\u00e3o consideradas priorit\u00e1rias pelo governo Luiz In\u00e1cio Lula da Silva (PT) e agora seguem para an\u00e1lise do Plen\u00e1rio. Pela proposta aprovada na comiss\u00e3o, a jornada m\u00e1xima de trabalho seria reduzida de 44 para 40 horas semanais, com garantia de dois dias de repouso semanal remunerado e sem redu\u00e7\u00e3o salarial. O texto ainda precisa passar pelo Plen\u00e1rio do Senado para avan\u00e7ar na tramita\u00e7\u00e3o. Durante encontro com movimentos sindicais da Bahia, Rui Costa defendeu a vota\u00e7\u00e3o r\u00e1pida da proposta e afirmou esperar que o presidente do Senado, Davi Alcolumbre, coloque o texto em pauta. \u201cTemos uma expectativa l\u00e1 de ver se o presidente do Senado pauta a vota\u00e7\u00e3o do Plen\u00e1rio rapidamente\u201d, declarou. Na mesma sess\u00e3o, a CCJ aprovou o texto-base da PEC da Seguran\u00e7a P\u00fablica, apresentada pelo governo federal. A proposta amplia a integra\u00e7\u00e3o entre \u00f3rg\u00e3os de seguran\u00e7a e estabelece novas regras para o enfrentamento das organiza\u00e7\u00f5es criminosas, com mudan\u00e7as na atua\u00e7\u00e3o conjunta de Uni\u00e3o, estados e munic\u00edpios. Segundo Rui Costa, a medida pretende ampliar a participa\u00e7\u00e3o do governo federal na seguran\u00e7a p\u00fablica e permitir maior atua\u00e7\u00e3o da Uni\u00e3o no combate \u00e0 criminalidade. O candidato tamb\u00e9m relacionou a aprova\u00e7\u00e3o ao compromisso anunciado por Lula de recriar o Minist\u00e9rio da Seguran\u00e7a P\u00fablica ap\u00f3s o avan\u00e7o da proposta no Congresso. Al\u00e9m disso, Rui Costa disputa uma das duas vagas da Bahia no Senado ao lado do senador Jaques Wagner, pela chapa governista. Antes do encontro com os sindicalistas, ele participou de uma caminhada no bairro do Nordeste de Amaralina, em Salvador, ao lado de integrantes da chapa. Agora, as duas propostas seguem para vota\u00e7\u00e3o no Plen\u00e1rio do Senado. Por se tratar de uma PEC, a mat\u00e9ria da Seguran\u00e7a P\u00fablica precisar\u00e1 obter pelo menos 49 votos favor\u00e1veis entre os 81 senadores, em dois turnos de vota\u00e7\u00e3o, antes de concluir sua tramita\u00e7\u00e3o na Casa.","og_url":"https:\/\/sudoesteacontece.com.br\/?p=29298","og_site_name":"Sudoesteacontece","article_publisher":"https:\/\/www.facebook.com\/sudoesteacontece\/?locale=pt_BR","article_published_time":"2026-09-03T15:52:59+00:00","article_modified_time":"2026-09-03T15:53:04+00:00","og_image":[{"width":900,"height":600,"url":"https:\/\/sudoesteacontece.com.br\/wp-content\/uploads\/2026\/09\/Justica-Eleitoral-suspende-propaganda-de-Rui-Costa-e-Wagner-por-uso-irregular-de-Lula-l.jpg","type":"image\/jpeg"}],"author":"Reda\u00e7\u00e3o","twitter_card":"summary_large_image","twitter_misc":{"Escrito por":"Reda\u00e7\u00e3o","Est. tempo de leitura":"3 minutos"},"schema":{"@context":"https:\/\/schema.org","@graph":[{"@type":"Article","@id":"https:\/\/sudoesteacontece.com.br\/?p=29298#article","isPartOf":{"@id":"https:\/\/sudoesteacontece.com.br\/?p=29298"},"author":{"name":"Reda\u00e7\u00e3o","@id":"https:\/\/sudoesteacontece.com.br\/#\/schema\/person\/a4f22429c1d0923ef8f7d43343f8dc38"},"headline":"Rui Costa comemora avan\u00e7o do fim da escala 6&#215;1 e da PEC da Seguran\u00e7a","datePublished":"2026-09-03T15:52:59+00:00","dateModified":"2026-09-03T15:53:04+00:00","mainEntityOfPage":{"@id":"https:\/\/sudoesteacontece.com.br\/?p=29298"},"wordCount":404,"commentCount":0,"publisher":{"@id":"https:\/\/sudoesteacontece.com.br\/#organization"},"image":{"@id":"https:\/\/sudoesteacontece.com.br\/?p=29298#primaryimage"},"thumbnailUrl":"http:\/\/sudoesteacontece.com.br\/wp-content\/uploads\/2026\/09\/Justica-Eleitoral-suspende-propaganda-de-Rui-Costa-e-Wagner-por-uso-irregular-de-Lula-l.jpg","articleSection":["Bahia","Brasil","Elei\u00e7\u00f5es 2026","Pol\u00edtica"],"inLanguage":"pt-BR","potentialAction":[{"@type":"CommentAction","name":"Comment","target":["https:\/\/sudoesteacontece.com.br\/?p=29298#respond"]}]},{"@type":"WebPage","@id":"https:\/\/sudoesteacontece.com.br\/?p=29298","url":"https:\/\/sudoesteacontece.com.br\/?p=29298","name":"Rui Costa comemora avan\u00e7o do fim da escala 6x1 e da PEC da Seguran\u00e7a - Sudoesteacontece","isPartOf":{"@id":"https:\/\/sudoesteacontece.com.br\/#website"},"primaryImageOfPage":{"@id":"https:\/\/sudoesteacontece.com.br\/?p=29298#primaryimage"},"image":{"@id":"https:\/\/sudoesteacontece.com.br\/?p=29298#primaryimage"},"thumbnailUrl":"http:\/\/sudoesteacontece.com.br\/wp-content\/uploads\/2026\/09\/Justica-Eleitoral-suspende-propaganda-de-Rui-Costa-e-Wagner-por-uso-irregular-de-Lula-l.jpg","datePublished":"2026-09-03T15:52:59+00:00","dateModified":"2026-09-03T15:53:04+00:00","breadcrumb":{"@id":"https:\/\/sudoesteacontece.com.br\/?p=29298#breadcrumb"},"inLanguage":"pt-BR","potentialAction":[{"@type":"ReadAction","target":["https:\/\/sudoesteacontece.com.br\/?p=29298"]}]},{"@type":"ImageObject","inLanguage":"pt-BR","@id":"https:\/\/sudoesteacontece.com.br\/?p=29298#primaryimage","url":"https:\/\/sudoesteacontece.com.br\/wp-content\/uploads\/2026\/09\/Justica-Eleitoral-suspende-propaganda-de-Rui-Costa-e-Wagner-por-uso-irregular-de-Lula-l.jpg","contentUrl":"https:\/\/sudoesteacontece.com.br\/wp-content\/uploads\/2026\/09\/Justica-Eleitoral-suspende-propaganda-de-Rui-Costa-e-Wagner-por-uso-irregular-de-Lula-l.jpg","width":900,"height":600},{"@type":"BreadcrumbList","@id":"https:\/\/sudoesteacontece.com.br\/?p=29298#breadcrumb","itemListElement":[{"@type":"ListItem","position":1,"name":"In\u00edcio","item":"https:\/\/sudoesteacontece.com.br\/"},{"@type":"ListItem","position":2,"name":"Rui Costa comemora avan\u00e7o do fim da escala 6&#215;1 e da PEC da Seguran\u00e7a"}]},{"@type":"WebSite","@id":"https:\/\/sudoesteacontece.com.br\/#website","url":"https:\/\/sudoesteacontece.com.br\/","name":"Sudoesteacontece","description":"","publisher":{"@id":"https:\/\/sudoesteacontece.com.br\/#organization"},"potentialAction":[{"@type":"SearchAction","target":{"@type":"EntryPoint","urlTemplate":"https:\/\/sudoesteacontece.com.br\/?s={search_term_string}"},"query-input":{"@type":"PropertyValueSpecification","valueRequired":true,"valueName":"search_term_string"}}],"inLanguage":"pt-BR"},{"@type":"Organization","@id":"https:\/\/sudoesteacontece.com.br\/#organization","name":"Sudoesteacontece","url":"https:\/\/sudoesteacontece.com.br\/","logo":{"@type":"ImageObject","inLanguage":"pt-BR","@id":"https:\/\/sudoesteacontece.com.br\/#\/schema\/logo\/image\/","url":"https:\/\/sudoesteacontece.com.br\/wp-content\/uploads\/2025\/12\/cropped-logo-2-180x180-1.png","contentUrl":"https:\/\/sudoesteacontece.com.br\/wp-content\/uploads\/2025\/12\/cropped-logo-2-180x180-1.png","width":180,"height":180,"caption":"Sudoesteacontece"},"image":{"@id":"https:\/\/sudoesteacontece.com.br\/#\/schema\/logo\/image\/"},"sameAs":["https:\/\/www.facebook.com\/sudoesteacontece\/?locale=pt_BR"]},{"@type":"Person","@id":"https:\/\/sudoesteacontece.com.br\/#\/schema\/person\/a4f22429c1d0923ef8f7d43343f8dc38","name":"Reda\u00e7\u00e3o","image":{"@type":"ImageObject","inLanguage":"pt-BR","@id":"https:\/\/sudoesteacontece.com.br\/#\/schema\/person\/image\/","url":"https:\/\/secure.gravatar.com\/avatar\/c3a5b3c93f268a709c25a2df414c629a96fb3b1b4bf97a94fb3f72e54ae76903?s=96&d=mm&r=g","contentUrl":"https:\/\/secure.gravatar.com\/avatar\/c3a5b3c93f268a709c25a2df414c629a96fb3b1b4bf97a94fb3f72e54ae76903?s=96&d=mm&r=g","caption":"Reda\u00e7\u00e3o"},"url":"https:\/\/sudoesteacontece.com.br\/?author=4"}]}},"_links":{"self":[{"href":"https:\/\/sudoesteacontece.com.br\/index.php?rest_route=\/wp\/v2\/posts\/29298","targetHints":{"allow":["GET"]}}],"collection":[{"href":"https:\/\/sudoesteacontece.com.br\/index.php?rest_route=\/wp\/v2\/posts"}],"about":[{"href":"https:\/\/sudoesteacontece.com.br\/index.php?rest_route=\/wp\/v2\/types\/post"}],"author":[{"embeddable":true,"href":"https:\/\/sudoesteacontece.com.br\/index.php?rest_route=\/wp\/v2\/users\/4"}],"replies":[{"embeddable":true,"href":"https:\/\/sudoesteacontece.com.br\/index.php?rest_route=%2Fwp%2Fv2%2Fcomments&post=29298"}],"version-history":[{"count":1,"href":"https:\/\/sudoesteacontece.com.br\/index.php?rest_route=\/wp\/v2\/posts\/29298\/revisions"}],"predecessor-version":[{"id":29356,"href":"https:\/\/sudoesteacontece.com.br\/index.php?rest_route=\/wp\/v2\/posts\/29298\/revisions\/29356"}],"wp:attachment":[{"href":"https:\/\/sudoesteacontece.com.br\/index.php?rest_route=%2Fwp%2Fv2%2Fmedia&parent=29298"}],"wp:term":[{"taxonomy":"category","embeddable":true,"href":"https:\/\/sudoesteacontece.com.br\/index.php?rest_route=%2Fwp%2Fv2%2Fcategories&post=29298"},{"taxonomy":"post_tag","embeddable":true,"href":"https:\/\/sudoesteacontece.com.br\/index.php?rest_route=%2Fwp%2Fv2%2Ftags&post=29298"}],"curies":[{"name":"wp","href":"https:\/\/api.w.org\/{rel}","templated":true}]}}