{"id":2933,"date":"2025-11-18T18:34:22","date_gmt":"2025-11-18T21:34:22","guid":{"rendered":"https:\/\/sudoesteacontece.com.br\/?p=2933"},"modified":"2025-11-18T18:34:24","modified_gmt":"2025-11-18T21:34:24","slug":"cafu-diz-que-apoiara-angelo-coronel-mesmo-se-senador-seguir-no-governo-mas-promete-atuar-para-leva-lo-a-oposicao","status":"publish","type":"post","link":"https:\/\/sudoesteacontece.com.br\/?p=2933","title":{"rendered":"Cafu diz que apoiar\u00e1 Angelo Coronel mesmo se senador seguir no governo, mas promete atuar para lev\u00e1-lo \u00e0 oposi\u00e7\u00e3o"},"content":{"rendered":"<div class=\"wp-block-image\">\n<figure class=\"aligncenter size-full\"><img fetchpriority=\"high\" decoding=\"async\" width=\"900\" height=\"600\" src=\"http:\/\/sudoesteacontece.com.br\/wp-content\/uploads\/2025\/11\/Cafu-diz-que-apoiara-Angelo-Coronel-mesmo-se-senador-seguir-no-governo-mas-promete-atuar-para-leva-lo-a-oposicao.jpg\" alt=\"\" class=\"wp-image-2961\" srcset=\"https:\/\/sudoesteacontece.com.br\/wp-content\/uploads\/2025\/11\/Cafu-diz-que-apoiara-Angelo-Coronel-mesmo-se-senador-seguir-no-governo-mas-promete-atuar-para-leva-lo-a-oposicao.jpg 900w, https:\/\/sudoesteacontece.com.br\/wp-content\/uploads\/2025\/11\/Cafu-diz-que-apoiara-Angelo-Coronel-mesmo-se-senador-seguir-no-governo-mas-promete-atuar-para-leva-lo-a-oposicao-300x200.jpg 300w, https:\/\/sudoesteacontece.com.br\/wp-content\/uploads\/2025\/11\/Cafu-diz-que-apoiara-Angelo-Coronel-mesmo-se-senador-seguir-no-governo-mas-promete-atuar-para-leva-lo-a-oposicao-768x512.jpg 768w\" sizes=\"(max-width: 900px) 100vw, 900px\" \/><\/figure>\n<\/div>\n\n\n<p>Deputado estadual Cafu Barreto (PSD) afirmou nesta segunda-feira (17), durante entrevista na lideran\u00e7a da oposi\u00e7\u00e3o na Assembleia Legislativa, que seguir\u00e1 apoiando a reelei\u00e7\u00e3o do senador Angelo Coronel (PSD). A posi\u00e7\u00e3o ser\u00e1 mantida mesmo que o senador permane\u00e7a aliado do governador Jer\u00f4nimo Rodrigues (PT).<\/p>\n\n\n\n<p>Declara\u00e7\u00e3o ocorreu ap\u00f3s a migra\u00e7\u00e3o de Cafu para o grupo de ACM Neto (Uni\u00e3o). O deputado disse ter \u201ccarinho e respeito enormes\u201d por Coronel e garantiu que a amizade constru\u00edda ao longo dos anos n\u00e3o muda. \u201cTenho uma hist\u00f3ria com ele. L\u00e1 em Ibitit\u00e1, quando fui prefeito, foi onde ele teve proporcionalmente mais votos. O que eu vou \u00e9 desejar que ele chegue chegando aqui junto a Neto\u201d, afirmou.<\/p>\n\n\n\n<p>Promessa de Cafu \u00e9 atuar para convencer o senador a se juntar ao bloco oposicionista. Ele garantiu que, quando encontrar Coronel, ter\u00e1 uma conversa franca sobre os rumos de 2026. \u201cN\u00e3o vou convencer ningu\u00e9m, porque cada um decide sua vida. Mas vou dizer: \u2018Meu desejo \u00e9 que voc\u00ea venha ficar com a gente\u2019\u201d, explicou.<\/p>\n\n\n\n<p>Apoio ao senador ser\u00e1 mantido mesmo se Coronel permanecer na base governista. Cafu refor\u00e7ou que n\u00e3o romper\u00e1 com quem sempre esteve ao seu lado. \u201cSe ele ficar l\u00e1, eu vou colaborar da melhor forma poss\u00edvel. N\u00e3o tem porqu\u00ea romper com quem sempre esteve comigo\u201d, destacou.<\/p>\n\n\n\n<p>Coletiva contou com a presen\u00e7a do l\u00edder da oposi\u00e7\u00e3o na Assembleia, Tiago Correia (PSDB), e de outros parlamentares do bloco. Cafu tamb\u00e9m respondeu cr\u00edticas do senador Otto Alencar (PSD), tema j\u00e1 abordado mais cedo pelo site.<\/p>\n","protected":false},"excerpt":{"rendered":"<p>Deputado estadual Cafu Barreto (PSD) afirmou nesta segunda-feira (17), durante entrevista na lideran\u00e7a da oposi\u00e7\u00e3o na Assembleia Legislativa, que seguir\u00e1 apoiando a reelei\u00e7\u00e3o do senador Angelo Coronel (PSD). A posi\u00e7\u00e3o ser\u00e1 mantida mesmo que o senador permane\u00e7a aliado do governador Jer\u00f4nimo Rodrigues (PT). Declara\u00e7\u00e3o ocorreu ap\u00f3s a migra\u00e7\u00e3o de Cafu para o grupo de ACM Neto (Uni\u00e3o). O deputado disse ter \u201ccarinho e respeito enormes\u201d por Coronel e garantiu que a amizade constru\u00edda ao longo dos anos n\u00e3o muda. \u201cTenho uma hist\u00f3ria com ele. L\u00e1 em Ibitit\u00e1, quando fui prefeito, foi onde ele teve proporcionalmente mais votos. O que eu vou \u00e9 desejar que ele chegue chegando aqui junto a Neto\u201d, afirmou. Promessa de Cafu \u00e9 atuar para convencer o senador a se juntar ao bloco oposicionista. Ele garantiu que, quando encontrar Coronel, ter\u00e1 uma conversa franca sobre os rumos de 2026. \u201cN\u00e3o vou convencer ningu\u00e9m, porque cada um decide sua vida. Mas vou dizer: \u2018Meu desejo \u00e9 que voc\u00ea venha ficar com a gente\u2019\u201d, explicou. Apoio ao senador ser\u00e1 mantido mesmo se Coronel permanecer na base governista. Cafu refor\u00e7ou que n\u00e3o romper\u00e1 com quem sempre esteve ao seu lado. \u201cSe ele ficar l\u00e1, eu vou colaborar da melhor forma poss\u00edvel. N\u00e3o tem porqu\u00ea romper com quem sempre esteve comigo\u201d, destacou. Coletiva contou com a presen\u00e7a do l\u00edder da oposi\u00e7\u00e3o na Assembleia, Tiago Correia (PSDB), e de outros parlamentares do bloco. Cafu tamb\u00e9m respondeu cr\u00edticas do senador Otto Alencar (PSD), tema j\u00e1 abordado mais cedo pelo site.<\/p>\n","protected":false},"author":1,"featured_media":2961,"comment_status":"open","ping_status":"open","sticky":false,"template":"","format":"standard","meta":{"footnotes":""},"categories":[7,58,6],"tags":[],"class_list":["post-2933","post","type-post","status-publish","format-standard","has-post-thumbnail","hentry","category-bahia","category-eleicoes-2026","category-politica"],"yoast_head":"<!-- This site is optimized with the Yoast SEO plugin v26.5 - https:\/\/yoast.com\/wordpress\/plugins\/seo\/ -->\n<title>Cafu diz que apoiar\u00e1 Angelo Coronel mesmo se senador seguir no governo, mas promete atuar para lev\u00e1-lo \u00e0 oposi\u00e7\u00e3o - Sudoesteacontece<\/title>\n<meta name=\"robots\" content=\"index, follow, max-snippet:-1, max-image-preview:large, max-video-preview:-1\" \/>\n<link rel=\"canonical\" href=\"https:\/\/sudoesteacontece.com.br\/?p=2933\" \/>\n<meta property=\"og:locale\" content=\"pt_BR\" \/>\n<meta property=\"og:type\" content=\"article\" \/>\n<meta property=\"og:title\" content=\"Cafu diz que apoiar\u00e1 Angelo Coronel mesmo se senador seguir no governo, mas promete atuar para lev\u00e1-lo \u00e0 oposi\u00e7\u00e3o - Sudoesteacontece\" \/>\n<meta property=\"og:description\" content=\"Deputado estadual Cafu Barreto (PSD) afirmou nesta segunda-feira (17), durante entrevista na lideran\u00e7a da oposi\u00e7\u00e3o na Assembleia Legislativa, que seguir\u00e1 apoiando a reelei\u00e7\u00e3o do senador Angelo Coronel (PSD). A posi\u00e7\u00e3o ser\u00e1 mantida mesmo que o senador permane\u00e7a aliado do governador Jer\u00f4nimo Rodrigues (PT). Declara\u00e7\u00e3o ocorreu ap\u00f3s a migra\u00e7\u00e3o de Cafu para o grupo de ACM Neto (Uni\u00e3o). O deputado disse ter \u201ccarinho e respeito enormes\u201d por Coronel e garantiu que a amizade constru\u00edda ao longo dos anos n\u00e3o muda. \u201cTenho uma hist\u00f3ria com ele. L\u00e1 em Ibitit\u00e1, quando fui prefeito, foi onde ele teve proporcionalmente mais votos. O que eu vou \u00e9 desejar que ele chegue chegando aqui junto a Neto\u201d, afirmou. Promessa de Cafu \u00e9 atuar para convencer o senador a se juntar ao bloco oposicionista. Ele garantiu que, quando encontrar Coronel, ter\u00e1 uma conversa franca sobre os rumos de 2026. \u201cN\u00e3o vou convencer ningu\u00e9m, porque cada um decide sua vida. Mas vou dizer: \u2018Meu desejo \u00e9 que voc\u00ea venha ficar com a gente\u2019\u201d, explicou. Apoio ao senador ser\u00e1 mantido mesmo se Coronel permanecer na base governista. Cafu refor\u00e7ou que n\u00e3o romper\u00e1 com quem sempre esteve ao seu lado. \u201cSe ele ficar l\u00e1, eu vou colaborar da melhor forma poss\u00edvel. N\u00e3o tem porqu\u00ea romper com quem sempre esteve comigo\u201d, destacou. Coletiva contou com a presen\u00e7a do l\u00edder da oposi\u00e7\u00e3o na Assembleia, Tiago Correia (PSDB), e de outros parlamentares do bloco. Cafu tamb\u00e9m respondeu cr\u00edticas do senador Otto Alencar (PSD), tema j\u00e1 abordado mais cedo pelo site.\" \/>\n<meta property=\"og:url\" content=\"https:\/\/sudoesteacontece.com.br\/?p=2933\" \/>\n<meta property=\"og:site_name\" content=\"Sudoesteacontece\" \/>\n<meta property=\"article:publisher\" content=\"https:\/\/www.facebook.com\/sudoesteacontece\/?locale=pt_BR\" \/>\n<meta property=\"article:published_time\" content=\"2025-11-18T21:34:22+00:00\" \/>\n<meta property=\"article:modified_time\" content=\"2025-11-18T21:34:24+00:00\" \/>\n<meta property=\"og:image\" content=\"https:\/\/sudoesteacontece.com.br\/wp-content\/uploads\/2025\/11\/Cafu-diz-que-apoiara-Angelo-Coronel-mesmo-se-senador-seguir-no-governo-mas-promete-atuar-para-leva-lo-a-oposicao.jpg\" \/>\n\t<meta property=\"og:image:width\" content=\"900\" \/>\n\t<meta property=\"og:image:height\" content=\"600\" \/>\n\t<meta property=\"og:image:type\" content=\"image\/jpeg\" \/>\n<meta name=\"author\" content=\"sudoesteacontece\" \/>\n<meta name=\"twitter:card\" content=\"summary_large_image\" \/>\n<meta name=\"twitter:label1\" content=\"Escrito por\" \/>\n\t<meta name=\"twitter:data1\" content=\"sudoesteacontece\" \/>\n\t<meta name=\"twitter:label2\" content=\"Est. tempo de leitura\" \/>\n\t<meta name=\"twitter:data2\" content=\"1 minuto\" \/>\n<script type=\"application\/ld+json\" class=\"yoast-schema-graph\">{\"@context\":\"https:\/\/schema.org\",\"@graph\":[{\"@type\":\"Article\",\"@id\":\"https:\/\/sudoesteacontece.com.br\/?p=2933#article\",\"isPartOf\":{\"@id\":\"https:\/\/sudoesteacontece.com.br\/?p=2933\"},\"author\":{\"name\":\"sudoesteacontece\",\"@id\":\"https:\/\/sudoesteacontece.com.br\/#\/schema\/person\/f4b00cd0a26ac17646f19707cdceb2ce\"},\"headline\":\"Cafu diz que apoiar\u00e1 Angelo Coronel mesmo se senador seguir no governo, mas promete atuar para lev\u00e1-lo \u00e0 oposi\u00e7\u00e3o\",\"datePublished\":\"2025-11-18T21:34:22+00:00\",\"dateModified\":\"2025-11-18T21:34:24+00:00\",\"mainEntityOfPage\":{\"@id\":\"https:\/\/sudoesteacontece.com.br\/?p=2933\"},\"wordCount\":286,\"commentCount\":0,\"publisher\":{\"@id\":\"https:\/\/sudoesteacontece.com.br\/#organization\"},\"image\":{\"@id\":\"https:\/\/sudoesteacontece.com.br\/?p=2933#primaryimage\"},\"thumbnailUrl\":\"https:\/\/sudoesteacontece.com.br\/wp-content\/uploads\/2025\/11\/Cafu-diz-que-apoiara-Angelo-Coronel-mesmo-se-senador-seguir-no-governo-mas-promete-atuar-para-leva-lo-a-oposicao.jpg\",\"articleSection\":[\"Bahia\",\"Elei\u00e7\u00f5es 2026\",\"Pol\u00edtica\"],\"inLanguage\":\"pt-BR\",\"potentialAction\":[{\"@type\":\"CommentAction\",\"name\":\"Comment\",\"target\":[\"https:\/\/sudoesteacontece.com.br\/?p=2933#respond\"]}]},{\"@type\":\"WebPage\",\"@id\":\"https:\/\/sudoesteacontece.com.br\/?p=2933\",\"url\":\"https:\/\/sudoesteacontece.com.br\/?p=2933\",\"name\":\"Cafu diz que apoiar\u00e1 Angelo Coronel mesmo se senador seguir no governo, mas promete atuar para lev\u00e1-lo \u00e0 oposi\u00e7\u00e3o - Sudoesteacontece\",\"isPartOf\":{\"@id\":\"https:\/\/sudoesteacontece.com.br\/#website\"},\"primaryImageOfPage\":{\"@id\":\"https:\/\/sudoesteacontece.com.br\/?p=2933#primaryimage\"},\"image\":{\"@id\":\"https:\/\/sudoesteacontece.com.br\/?p=2933#primaryimage\"},\"thumbnailUrl\":\"https:\/\/sudoesteacontece.com.br\/wp-content\/uploads\/2025\/11\/Cafu-diz-que-apoiara-Angelo-Coronel-mesmo-se-senador-seguir-no-governo-mas-promete-atuar-para-leva-lo-a-oposicao.jpg\",\"datePublished\":\"2025-11-18T21:34:22+00:00\",\"dateModified\":\"2025-11-18T21:34:24+00:00\",\"breadcrumb\":{\"@id\":\"https:\/\/sudoesteacontece.com.br\/?p=2933#breadcrumb\"},\"inLanguage\":\"pt-BR\",\"potentialAction\":[{\"@type\":\"ReadAction\",\"target\":[\"https:\/\/sudoesteacontece.com.br\/?p=2933\"]}]},{\"@type\":\"ImageObject\",\"inLanguage\":\"pt-BR\",\"@id\":\"https:\/\/sudoesteacontece.com.br\/?p=2933#primaryimage\",\"url\":\"https:\/\/sudoesteacontece.com.br\/wp-content\/uploads\/2025\/11\/Cafu-diz-que-apoiara-Angelo-Coronel-mesmo-se-senador-seguir-no-governo-mas-promete-atuar-para-leva-lo-a-oposicao.jpg\",\"contentUrl\":\"https:\/\/sudoesteacontece.com.br\/wp-content\/uploads\/2025\/11\/Cafu-diz-que-apoiara-Angelo-Coronel-mesmo-se-senador-seguir-no-governo-mas-promete-atuar-para-leva-lo-a-oposicao.jpg\",\"width\":900,\"height\":600},{\"@type\":\"BreadcrumbList\",\"@id\":\"https:\/\/sudoesteacontece.com.br\/?p=2933#breadcrumb\",\"itemListElement\":[{\"@type\":\"ListItem\",\"position\":1,\"name\":\"In\u00edcio\",\"item\":\"https:\/\/sudoesteacontece.com.br\/\"},{\"@type\":\"ListItem\",\"position\":2,\"name\":\"Cafu diz que apoiar\u00e1 Angelo Coronel mesmo se senador seguir no governo, mas promete atuar para lev\u00e1-lo \u00e0 oposi\u00e7\u00e3o\"}]},{\"@type\":\"WebSite\",\"@id\":\"https:\/\/sudoesteacontece.com.br\/#website\",\"url\":\"https:\/\/sudoesteacontece.com.br\/\",\"name\":\"Sudoesteacontece\",\"description\":\"\",\"publisher\":{\"@id\":\"https:\/\/sudoesteacontece.com.br\/#organization\"},\"potentialAction\":[{\"@type\":\"SearchAction\",\"target\":{\"@type\":\"EntryPoint\",\"urlTemplate\":\"https:\/\/sudoesteacontece.com.br\/?s={search_term_string}\"},\"query-input\":{\"@type\":\"PropertyValueSpecification\",\"valueRequired\":true,\"valueName\":\"search_term_string\"}}],\"inLanguage\":\"pt-BR\"},{\"@type\":\"Organization\",\"@id\":\"https:\/\/sudoesteacontece.com.br\/#organization\",\"name\":\"Sudoesteacontece\",\"url\":\"https:\/\/sudoesteacontece.com.br\/\",\"logo\":{\"@type\":\"ImageObject\",\"inLanguage\":\"pt-BR\",\"@id\":\"https:\/\/sudoesteacontece.com.br\/#\/schema\/logo\/image\/\",\"url\":\"https:\/\/sudoesteacontece.com.br\/wp-content\/uploads\/2025\/12\/cropped-logo-2-180x180-1.png\",\"contentUrl\":\"https:\/\/sudoesteacontece.com.br\/wp-content\/uploads\/2025\/12\/cropped-logo-2-180x180-1.png\",\"width\":180,\"height\":180,\"caption\":\"Sudoesteacontece\"},\"image\":{\"@id\":\"https:\/\/sudoesteacontece.com.br\/#\/schema\/logo\/image\/\"},\"sameAs\":[\"https:\/\/www.facebook.com\/sudoesteacontece\/?locale=pt_BR\"]},{\"@type\":\"Person\",\"@id\":\"https:\/\/sudoesteacontece.com.br\/#\/schema\/person\/f4b00cd0a26ac17646f19707cdceb2ce\",\"name\":\"sudoesteacontece\",\"image\":{\"@type\":\"ImageObject\",\"inLanguage\":\"pt-BR\",\"@id\":\"https:\/\/sudoesteacontece.com.br\/#\/schema\/person\/image\/\",\"url\":\"https:\/\/secure.gravatar.com\/avatar\/704557d1f79b454f041f9e5935f2b0e8393614e97e537fc508d1d628292cacfd?s=96&d=mm&r=g\",\"contentUrl\":\"https:\/\/secure.gravatar.com\/avatar\/704557d1f79b454f041f9e5935f2b0e8393614e97e537fc508d1d628292cacfd?s=96&d=mm&r=g\",\"caption\":\"sudoesteacontece\"},\"sameAs\":[\"http:\/\/sudoesteacontece.com.br\"],\"url\":\"https:\/\/sudoesteacontece.com.br\/?author=1\"}]}<\/script>\n<!-- \/ Yoast SEO plugin. -->","yoast_head_json":{"title":"Cafu diz que apoiar\u00e1 Angelo Coronel mesmo se senador seguir no governo, mas promete atuar para lev\u00e1-lo \u00e0 oposi\u00e7\u00e3o - Sudoesteacontece","robots":{"index":"index","follow":"follow","max-snippet":"max-snippet:-1","max-image-preview":"max-image-preview:large","max-video-preview":"max-video-preview:-1"},"canonical":"https:\/\/sudoesteacontece.com.br\/?p=2933","og_locale":"pt_BR","og_type":"article","og_title":"Cafu diz que apoiar\u00e1 Angelo Coronel mesmo se senador seguir no governo, mas promete atuar para lev\u00e1-lo \u00e0 oposi\u00e7\u00e3o - Sudoesteacontece","og_description":"Deputado estadual Cafu Barreto (PSD) afirmou nesta segunda-feira (17), durante entrevista na lideran\u00e7a da oposi\u00e7\u00e3o na Assembleia Legislativa, que seguir\u00e1 apoiando a reelei\u00e7\u00e3o do senador Angelo Coronel (PSD). A posi\u00e7\u00e3o ser\u00e1 mantida mesmo que o senador permane\u00e7a aliado do governador Jer\u00f4nimo Rodrigues (PT). Declara\u00e7\u00e3o ocorreu ap\u00f3s a migra\u00e7\u00e3o de Cafu para o grupo de ACM Neto (Uni\u00e3o). O deputado disse ter \u201ccarinho e respeito enormes\u201d por Coronel e garantiu que a amizade constru\u00edda ao longo dos anos n\u00e3o muda. \u201cTenho uma hist\u00f3ria com ele. L\u00e1 em Ibitit\u00e1, quando fui prefeito, foi onde ele teve proporcionalmente mais votos. O que eu vou \u00e9 desejar que ele chegue chegando aqui junto a Neto\u201d, afirmou. Promessa de Cafu \u00e9 atuar para convencer o senador a se juntar ao bloco oposicionista. Ele garantiu que, quando encontrar Coronel, ter\u00e1 uma conversa franca sobre os rumos de 2026. \u201cN\u00e3o vou convencer ningu\u00e9m, porque cada um decide sua vida. Mas vou dizer: \u2018Meu desejo \u00e9 que voc\u00ea venha ficar com a gente\u2019\u201d, explicou. Apoio ao senador ser\u00e1 mantido mesmo se Coronel permanecer na base governista. Cafu refor\u00e7ou que n\u00e3o romper\u00e1 com quem sempre esteve ao seu lado. \u201cSe ele ficar l\u00e1, eu vou colaborar da melhor forma poss\u00edvel. N\u00e3o tem porqu\u00ea romper com quem sempre esteve comigo\u201d, destacou. Coletiva contou com a presen\u00e7a do l\u00edder da oposi\u00e7\u00e3o na Assembleia, Tiago Correia (PSDB), e de outros parlamentares do bloco. Cafu tamb\u00e9m respondeu cr\u00edticas do senador Otto Alencar (PSD), tema j\u00e1 abordado mais cedo pelo site.","og_url":"https:\/\/sudoesteacontece.com.br\/?p=2933","og_site_name":"Sudoesteacontece","article_publisher":"https:\/\/www.facebook.com\/sudoesteacontece\/?locale=pt_BR","article_published_time":"2025-11-18T21:34:22+00:00","article_modified_time":"2025-11-18T21:34:24+00:00","og_image":[{"width":900,"height":600,"url":"https:\/\/sudoesteacontece.com.br\/wp-content\/uploads\/2025\/11\/Cafu-diz-que-apoiara-Angelo-Coronel-mesmo-se-senador-seguir-no-governo-mas-promete-atuar-para-leva-lo-a-oposicao.jpg","type":"image\/jpeg"}],"author":"sudoesteacontece","twitter_card":"summary_large_image","twitter_misc":{"Escrito por":"sudoesteacontece","Est. tempo de leitura":"1 minuto"},"schema":{"@context":"https:\/\/schema.org","@graph":[{"@type":"Article","@id":"https:\/\/sudoesteacontece.com.br\/?p=2933#article","isPartOf":{"@id":"https:\/\/sudoesteacontece.com.br\/?p=2933"},"author":{"name":"sudoesteacontece","@id":"https:\/\/sudoesteacontece.com.br\/#\/schema\/person\/f4b00cd0a26ac17646f19707cdceb2ce"},"headline":"Cafu diz que apoiar\u00e1 Angelo Coronel mesmo se senador seguir no governo, mas promete atuar para lev\u00e1-lo \u00e0 oposi\u00e7\u00e3o","datePublished":"2025-11-18T21:34:22+00:00","dateModified":"2025-11-18T21:34:24+00:00","mainEntityOfPage":{"@id":"https:\/\/sudoesteacontece.com.br\/?p=2933"},"wordCount":286,"commentCount":0,"publisher":{"@id":"https:\/\/sudoesteacontece.com.br\/#organization"},"image":{"@id":"https:\/\/sudoesteacontece.com.br\/?p=2933#primaryimage"},"thumbnailUrl":"https:\/\/sudoesteacontece.com.br\/wp-content\/uploads\/2025\/11\/Cafu-diz-que-apoiara-Angelo-Coronel-mesmo-se-senador-seguir-no-governo-mas-promete-atuar-para-leva-lo-a-oposicao.jpg","articleSection":["Bahia","Elei\u00e7\u00f5es 2026","Pol\u00edtica"],"inLanguage":"pt-BR","potentialAction":[{"@type":"CommentAction","name":"Comment","target":["https:\/\/sudoesteacontece.com.br\/?p=2933#respond"]}]},{"@type":"WebPage","@id":"https:\/\/sudoesteacontece.com.br\/?p=2933","url":"https:\/\/sudoesteacontece.com.br\/?p=2933","name":"Cafu diz que apoiar\u00e1 Angelo Coronel mesmo se senador seguir no governo, mas promete atuar para lev\u00e1-lo \u00e0 oposi\u00e7\u00e3o - Sudoesteacontece","isPartOf":{"@id":"https:\/\/sudoesteacontece.com.br\/#website"},"primaryImageOfPage":{"@id":"https:\/\/sudoesteacontece.com.br\/?p=2933#primaryimage"},"image":{"@id":"https:\/\/sudoesteacontece.com.br\/?p=2933#primaryimage"},"thumbnailUrl":"https:\/\/sudoesteacontece.com.br\/wp-content\/uploads\/2025\/11\/Cafu-diz-que-apoiara-Angelo-Coronel-mesmo-se-senador-seguir-no-governo-mas-promete-atuar-para-leva-lo-a-oposicao.jpg","datePublished":"2025-11-18T21:34:22+00:00","dateModified":"2025-11-18T21:34:24+00:00","breadcrumb":{"@id":"https:\/\/sudoesteacontece.com.br\/?p=2933#breadcrumb"},"inLanguage":"pt-BR","potentialAction":[{"@type":"ReadAction","target":["https:\/\/sudoesteacontece.com.br\/?p=2933"]}]},{"@type":"ImageObject","inLanguage":"pt-BR","@id":"https:\/\/sudoesteacontece.com.br\/?p=2933#primaryimage","url":"https:\/\/sudoesteacontece.com.br\/wp-content\/uploads\/2025\/11\/Cafu-diz-que-apoiara-Angelo-Coronel-mesmo-se-senador-seguir-no-governo-mas-promete-atuar-para-leva-lo-a-oposicao.jpg","contentUrl":"https:\/\/sudoesteacontece.com.br\/wp-content\/uploads\/2025\/11\/Cafu-diz-que-apoiara-Angelo-Coronel-mesmo-se-senador-seguir-no-governo-mas-promete-atuar-para-leva-lo-a-oposicao.jpg","width":900,"height":600},{"@type":"BreadcrumbList","@id":"https:\/\/sudoesteacontece.com.br\/?p=2933#breadcrumb","itemListElement":[{"@type":"ListItem","position":1,"name":"In\u00edcio","item":"https:\/\/sudoesteacontece.com.br\/"},{"@type":"ListItem","position":2,"name":"Cafu diz que apoiar\u00e1 Angelo Coronel mesmo se senador seguir no governo, mas promete atuar para lev\u00e1-lo \u00e0 oposi\u00e7\u00e3o"}]},{"@type":"WebSite","@id":"https:\/\/sudoesteacontece.com.br\/#website","url":"https:\/\/sudoesteacontece.com.br\/","name":"Sudoesteacontece","description":"","publisher":{"@id":"https:\/\/sudoesteacontece.com.br\/#organization"},"potentialAction":[{"@type":"SearchAction","target":{"@type":"EntryPoint","urlTemplate":"https:\/\/sudoesteacontece.com.br\/?s={search_term_string}"},"query-input":{"@type":"PropertyValueSpecification","valueRequired":true,"valueName":"search_term_string"}}],"inLanguage":"pt-BR"},{"@type":"Organization","@id":"https:\/\/sudoesteacontece.com.br\/#organization","name":"Sudoesteacontece","url":"https:\/\/sudoesteacontece.com.br\/","logo":{"@type":"ImageObject","inLanguage":"pt-BR","@id":"https:\/\/sudoesteacontece.com.br\/#\/schema\/logo\/image\/","url":"https:\/\/sudoesteacontece.com.br\/wp-content\/uploads\/2025\/12\/cropped-logo-2-180x180-1.png","contentUrl":"https:\/\/sudoesteacontece.com.br\/wp-content\/uploads\/2025\/12\/cropped-logo-2-180x180-1.png","width":180,"height":180,"caption":"Sudoesteacontece"},"image":{"@id":"https:\/\/sudoesteacontece.com.br\/#\/schema\/logo\/image\/"},"sameAs":["https:\/\/www.facebook.com\/sudoesteacontece\/?locale=pt_BR"]},{"@type":"Person","@id":"https:\/\/sudoesteacontece.com.br\/#\/schema\/person\/f4b00cd0a26ac17646f19707cdceb2ce","name":"sudoesteacontece","image":{"@type":"ImageObject","inLanguage":"pt-BR","@id":"https:\/\/sudoesteacontece.com.br\/#\/schema\/person\/image\/","url":"https:\/\/secure.gravatar.com\/avatar\/704557d1f79b454f041f9e5935f2b0e8393614e97e537fc508d1d628292cacfd?s=96&d=mm&r=g","contentUrl":"https:\/\/secure.gravatar.com\/avatar\/704557d1f79b454f041f9e5935f2b0e8393614e97e537fc508d1d628292cacfd?s=96&d=mm&r=g","caption":"sudoesteacontece"},"sameAs":["http:\/\/sudoesteacontece.com.br"],"url":"https:\/\/sudoesteacontece.com.br\/?author=1"}]}},"_links":{"self":[{"href":"https:\/\/sudoesteacontece.com.br\/index.php?rest_route=\/wp\/v2\/posts\/2933","targetHints":{"allow":["GET"]}}],"collection":[{"href":"https:\/\/sudoesteacontece.com.br\/index.php?rest_route=\/wp\/v2\/posts"}],"about":[{"href":"https:\/\/sudoesteacontece.com.br\/index.php?rest_route=\/wp\/v2\/types\/post"}],"author":[{"embeddable":true,"href":"https:\/\/sudoesteacontece.com.br\/index.php?rest_route=\/wp\/v2\/users\/1"}],"replies":[{"embeddable":true,"href":"https:\/\/sudoesteacontece.com.br\/index.php?rest_route=%2Fwp%2Fv2%2Fcomments&post=2933"}],"version-history":[{"count":0,"href":"https:\/\/sudoesteacontece.com.br\/index.php?rest_route=\/wp\/v2\/posts\/2933\/revisions"}],"wp:featuredmedia":[{"embeddable":true,"href":"https:\/\/sudoesteacontece.com.br\/index.php?rest_route=\/wp\/v2\/media\/2961"}],"wp:attachment":[{"href":"https:\/\/sudoesteacontece.com.br\/index.php?rest_route=%2Fwp%2Fv2%2Fmedia&parent=2933"}],"wp:term":[{"taxonomy":"category","embeddable":true,"href":"https:\/\/sudoesteacontece.com.br\/index.php?rest_route=%2Fwp%2Fv2%2Fcategories&post=2933"},{"taxonomy":"post_tag","embeddable":true,"href":"https:\/\/sudoesteacontece.com.br\/index.php?rest_route=%2Fwp%2Fv2%2Ftags&post=2933"}],"curies":[{"name":"wp","href":"https:\/\/api.w.org\/{rel}","templated":true}]}}