{"id":29367,"date":"2026-09-03T17:42:18","date_gmt":"2026-09-03T20:42:18","guid":{"rendered":"https:\/\/sudoesteacontece.com.br\/?p=29367"},"modified":"2026-09-03T17:42:24","modified_gmt":"2026-09-03T20:42:24","slug":"augusto-cury-atribui-crescimento-nas-pesquisas-a-discurso-de-pacificacao-do-pais","status":"publish","type":"post","link":"https:\/\/sudoesteacontece.com.br\/?p=29367","title":{"rendered":"Augusto Cury atribui crescimento nas pesquisas a discurso de pacifica\u00e7\u00e3o do pa\u00eds"},"content":{"rendered":"\n<figure class=\"wp-block-image size-full\"><img fetchpriority=\"high\" decoding=\"async\" width=\"900\" height=\"600\" src=\"http:\/\/sudoesteacontece.com.br\/wp-content\/uploads\/2026\/09\/Augusto-Cury-atribui-crescimento-nas-pesquisas-a-discurso-de-pacificacao-do-pais.jpg\" alt=\"\" class=\"wp-image-29382\" srcset=\"https:\/\/sudoesteacontece.com.br\/wp-content\/uploads\/2026\/09\/Augusto-Cury-atribui-crescimento-nas-pesquisas-a-discurso-de-pacificacao-do-pais.jpg 900w, https:\/\/sudoesteacontece.com.br\/wp-content\/uploads\/2026\/09\/Augusto-Cury-atribui-crescimento-nas-pesquisas-a-discurso-de-pacificacao-do-pais-300x200.jpg 300w, https:\/\/sudoesteacontece.com.br\/wp-content\/uploads\/2026\/09\/Augusto-Cury-atribui-crescimento-nas-pesquisas-a-discurso-de-pacificacao-do-pais-768x512.jpg 768w\" sizes=\"(max-width: 900px) 100vw, 900px\" \/><\/figure>\n\n\n\n<p class=\"wp-block-paragraph\">O presidenci\u00e1vel Augusto Cury (Avante) atribuiu nesta quarta-feira (2) seu crescimento nas pesquisas eleitorais ao discurso de pacifica\u00e7\u00e3o do pa\u00eds. Levantamento da Quaest mostrou o candidato com 10% das inten\u00e7\u00f5es de voto, isolado em terceiro lugar, atr\u00e1s de Lula (PT), com 37%, e Fl\u00e1vio Bolsonaro (PL), com 30%.<\/p>\n\n\n\n<p class=\"wp-block-paragraph\">Durante um encontro com l\u00edderes da comunidade judaica na Federa\u00e7\u00e3o Israelita do Estado de S\u00e3o Paulo, Cury afirmou que a democracia depende da diverg\u00eancia entre ideias. Segundo ele, os governos de Jair Bolsonaro (PL) e Lula contribu\u00edram para ampliar a divis\u00e3o entre os eleitores.<\/p>\n\n\n\n<p class=\"wp-block-paragraph\">Na avalia\u00e7\u00e3o do candidato, sua ascens\u00e3o ocorre de forma org\u00e2nica e conta com manifesta\u00e7\u00f5es espont\u00e2neas de apoiadores. Cury afirmou que pessoas t\u00eam organizado carreatas em seu apoio sem participa\u00e7\u00e3o direta de sua campanha.<\/p>\n\n\n\n<p class=\"wp-block-paragraph\">Ao comparar seu desempenho com a trajet\u00f3ria eleitoral de Jair Bolsonaro em 2018 e de Barack Obama nos Estados Unidos em 2008, o presidenci\u00e1vel disse considerar seu crescimento especialmente r\u00e1pido. Advers\u00e1rios, por\u00e9m, atribuem a alta a estrat\u00e9gias agressivas de divulga\u00e7\u00e3o na internet e a poss\u00edveis a\u00e7\u00f5es artificiais de engajamento.<\/p>\n\n\n\n<p class=\"wp-block-paragraph\">Questionado sobre uma declara\u00e7\u00e3o de Renan Santos (Miss\u00e3o), que chamou sua candidatura de \u201cpastel de vento\u201d, Cury reagiu com bom humor. Ele afirmou gostar de pastel desde a inf\u00e2ncia e disse que pretende concentrar a campanha na apresenta\u00e7\u00e3o de propostas, sem ataques pessoais aos advers\u00e1rios.<\/p>\n\n\n\n<p class=\"wp-block-paragraph\">Por fim, Cury destacou sua origem humilde e afirmou que cresceu ao lado de cinco irm\u00e3os, com a fam\u00edlia dividindo um \u00fanico dormit\u00f3rio. M\u00e9dico psiquiatra e autor de livros de autoajuda, ele disse que suas obras foram publicadas em 90 pa\u00edses e comparou a supera\u00e7\u00e3o de traumas \u00e0s divis\u00f5es pol\u00edticas do Brasil.<\/p>\n","protected":false},"excerpt":{"rendered":"<p>O presidenci\u00e1vel Augusto Cury (Avante) atribuiu nesta quarta-feira (2) seu crescimento nas pesquisas eleitorais ao discurso de pacifica\u00e7\u00e3o do pa\u00eds. Levantamento da Quaest mostrou o candidato com 10% das inten\u00e7\u00f5es de voto, isolado em terceiro lugar, atr\u00e1s de Lula (PT), com 37%, e Fl\u00e1vio Bolsonaro (PL), com 30%. Durante um encontro com l\u00edderes da comunidade judaica na Federa\u00e7\u00e3o Israelita do Estado de S\u00e3o Paulo, Cury afirmou que a democracia depende da diverg\u00eancia entre ideias. Segundo ele, os governos de Jair Bolsonaro (PL) e Lula contribu\u00edram para ampliar a divis\u00e3o entre os eleitores. Na avalia\u00e7\u00e3o do candidato, sua ascens\u00e3o ocorre de forma org\u00e2nica e conta com manifesta\u00e7\u00f5es espont\u00e2neas de apoiadores. Cury afirmou que pessoas t\u00eam organizado carreatas em seu apoio sem participa\u00e7\u00e3o direta de sua campanha. Ao comparar seu desempenho com a trajet\u00f3ria eleitoral de Jair Bolsonaro em 2018 e de Barack Obama nos Estados Unidos em 2008, o presidenci\u00e1vel disse considerar seu crescimento especialmente r\u00e1pido. Advers\u00e1rios, por\u00e9m, atribuem a alta a estrat\u00e9gias agressivas de divulga\u00e7\u00e3o na internet e a poss\u00edveis a\u00e7\u00f5es artificiais de engajamento. Questionado sobre uma declara\u00e7\u00e3o de Renan Santos (Miss\u00e3o), que chamou sua candidatura de \u201cpastel de vento\u201d, Cury reagiu com bom humor. Ele afirmou gostar de pastel desde a inf\u00e2ncia e disse que pretende concentrar a campanha na apresenta\u00e7\u00e3o de propostas, sem ataques pessoais aos advers\u00e1rios. Por fim, Cury destacou sua origem humilde e afirmou que cresceu ao lado de cinco irm\u00e3os, com a fam\u00edlia dividindo um \u00fanico dormit\u00f3rio. M\u00e9dico psiquiatra e autor de livros de autoajuda, ele disse que suas obras foram publicadas em 90 pa\u00edses e comparou a supera\u00e7\u00e3o de traumas \u00e0s divis\u00f5es pol\u00edticas do Brasil.<\/p>\n","protected":false},"author":4,"featured_media":0,"comment_status":"open","ping_status":"open","sticky":false,"template":"","format":"standard","meta":{"footnotes":""},"categories":[53,58,6],"tags":[],"class_list":["post-29367","post","type-post","status-publish","format-standard","hentry","category-brasil","category-eleicoes-2026","category-politica"],"yoast_head":"<!-- This site is optimized with the Yoast SEO plugin v26.5 - https:\/\/yoast.com\/wordpress\/plugins\/seo\/ -->\n<title>Augusto Cury atribui crescimento nas pesquisas a discurso de pacifica\u00e7\u00e3o do pa\u00eds - Sudoesteacontece<\/title>\n<meta name=\"robots\" content=\"index, follow, max-snippet:-1, max-image-preview:large, max-video-preview:-1\" \/>\n<link rel=\"canonical\" href=\"https:\/\/sudoesteacontece.com.br\/?p=29367\" \/>\n<meta property=\"og:locale\" content=\"pt_BR\" \/>\n<meta property=\"og:type\" content=\"article\" \/>\n<meta property=\"og:title\" content=\"Augusto Cury atribui crescimento nas pesquisas a discurso de pacifica\u00e7\u00e3o do pa\u00eds - Sudoesteacontece\" \/>\n<meta property=\"og:description\" content=\"O presidenci\u00e1vel Augusto Cury (Avante) atribuiu nesta quarta-feira (2) seu crescimento nas pesquisas eleitorais ao discurso de pacifica\u00e7\u00e3o do pa\u00eds. Levantamento da Quaest mostrou o candidato com 10% das inten\u00e7\u00f5es de voto, isolado em terceiro lugar, atr\u00e1s de Lula (PT), com 37%, e Fl\u00e1vio Bolsonaro (PL), com 30%. Durante um encontro com l\u00edderes da comunidade judaica na Federa\u00e7\u00e3o Israelita do Estado de S\u00e3o Paulo, Cury afirmou que a democracia depende da diverg\u00eancia entre ideias. Segundo ele, os governos de Jair Bolsonaro (PL) e Lula contribu\u00edram para ampliar a divis\u00e3o entre os eleitores. Na avalia\u00e7\u00e3o do candidato, sua ascens\u00e3o ocorre de forma org\u00e2nica e conta com manifesta\u00e7\u00f5es espont\u00e2neas de apoiadores. Cury afirmou que pessoas t\u00eam organizado carreatas em seu apoio sem participa\u00e7\u00e3o direta de sua campanha. Ao comparar seu desempenho com a trajet\u00f3ria eleitoral de Jair Bolsonaro em 2018 e de Barack Obama nos Estados Unidos em 2008, o presidenci\u00e1vel disse considerar seu crescimento especialmente r\u00e1pido. Advers\u00e1rios, por\u00e9m, atribuem a alta a estrat\u00e9gias agressivas de divulga\u00e7\u00e3o na internet e a poss\u00edveis a\u00e7\u00f5es artificiais de engajamento. Questionado sobre uma declara\u00e7\u00e3o de Renan Santos (Miss\u00e3o), que chamou sua candidatura de \u201cpastel de vento\u201d, Cury reagiu com bom humor. Ele afirmou gostar de pastel desde a inf\u00e2ncia e disse que pretende concentrar a campanha na apresenta\u00e7\u00e3o de propostas, sem ataques pessoais aos advers\u00e1rios. Por fim, Cury destacou sua origem humilde e afirmou que cresceu ao lado de cinco irm\u00e3os, com a fam\u00edlia dividindo um \u00fanico dormit\u00f3rio. M\u00e9dico psiquiatra e autor de livros de autoajuda, ele disse que suas obras foram publicadas em 90 pa\u00edses e comparou a supera\u00e7\u00e3o de traumas \u00e0s divis\u00f5es pol\u00edticas do Brasil.\" \/>\n<meta property=\"og:url\" content=\"https:\/\/sudoesteacontece.com.br\/?p=29367\" \/>\n<meta property=\"og:site_name\" content=\"Sudoesteacontece\" \/>\n<meta property=\"article:publisher\" content=\"https:\/\/www.facebook.com\/sudoesteacontece\/?locale=pt_BR\" \/>\n<meta property=\"article:published_time\" content=\"2026-09-03T20:42:18+00:00\" \/>\n<meta property=\"article:modified_time\" content=\"2026-09-03T20:42:24+00:00\" \/>\n<meta property=\"og:image\" content=\"https:\/\/sudoesteacontece.com.br\/wp-content\/uploads\/2026\/09\/Augusto-Cury-atribui-crescimento-nas-pesquisas-a-discurso-de-pacificacao-do-pais.jpg\" \/>\n\t<meta property=\"og:image:width\" content=\"900\" \/>\n\t<meta property=\"og:image:height\" content=\"600\" \/>\n\t<meta property=\"og:image:type\" content=\"image\/jpeg\" \/>\n<meta name=\"author\" content=\"Reda\u00e7\u00e3o\" \/>\n<meta name=\"twitter:card\" content=\"summary_large_image\" \/>\n<meta name=\"twitter:label1\" content=\"Escrito por\" \/>\n\t<meta name=\"twitter:data1\" content=\"Reda\u00e7\u00e3o\" \/>\n\t<meta name=\"twitter:label2\" content=\"Est. tempo de leitura\" \/>\n\t<meta name=\"twitter:data2\" content=\"2 minutos\" \/>\n<script type=\"application\/ld+json\" class=\"yoast-schema-graph\">{\"@context\":\"https:\/\/schema.org\",\"@graph\":[{\"@type\":\"Article\",\"@id\":\"https:\/\/sudoesteacontece.com.br\/?p=29367#article\",\"isPartOf\":{\"@id\":\"https:\/\/sudoesteacontece.com.br\/?p=29367\"},\"author\":{\"name\":\"Reda\u00e7\u00e3o\",\"@id\":\"https:\/\/sudoesteacontece.com.br\/#\/schema\/person\/a4f22429c1d0923ef8f7d43343f8dc38\"},\"headline\":\"Augusto Cury atribui crescimento nas pesquisas a discurso de pacifica\u00e7\u00e3o do pa\u00eds\",\"datePublished\":\"2026-09-03T20:42:18+00:00\",\"dateModified\":\"2026-09-03T20:42:24+00:00\",\"mainEntityOfPage\":{\"@id\":\"https:\/\/sudoesteacontece.com.br\/?p=29367\"},\"wordCount\":319,\"commentCount\":0,\"publisher\":{\"@id\":\"https:\/\/sudoesteacontece.com.br\/#organization\"},\"image\":{\"@id\":\"https:\/\/sudoesteacontece.com.br\/?p=29367#primaryimage\"},\"thumbnailUrl\":\"http:\/\/sudoesteacontece.com.br\/wp-content\/uploads\/2026\/09\/Augusto-Cury-atribui-crescimento-nas-pesquisas-a-discurso-de-pacificacao-do-pais.jpg\",\"articleSection\":[\"Brasil\",\"Elei\u00e7\u00f5es 2026\",\"Pol\u00edtica\"],\"inLanguage\":\"pt-BR\",\"potentialAction\":[{\"@type\":\"CommentAction\",\"name\":\"Comment\",\"target\":[\"https:\/\/sudoesteacontece.com.br\/?p=29367#respond\"]}]},{\"@type\":\"WebPage\",\"@id\":\"https:\/\/sudoesteacontece.com.br\/?p=29367\",\"url\":\"https:\/\/sudoesteacontece.com.br\/?p=29367\",\"name\":\"Augusto Cury atribui crescimento nas pesquisas a discurso de pacifica\u00e7\u00e3o do pa\u00eds - Sudoesteacontece\",\"isPartOf\":{\"@id\":\"https:\/\/sudoesteacontece.com.br\/#website\"},\"primaryImageOfPage\":{\"@id\":\"https:\/\/sudoesteacontece.com.br\/?p=29367#primaryimage\"},\"image\":{\"@id\":\"https:\/\/sudoesteacontece.com.br\/?p=29367#primaryimage\"},\"thumbnailUrl\":\"http:\/\/sudoesteacontece.com.br\/wp-content\/uploads\/2026\/09\/Augusto-Cury-atribui-crescimento-nas-pesquisas-a-discurso-de-pacificacao-do-pais.jpg\",\"datePublished\":\"2026-09-03T20:42:18+00:00\",\"dateModified\":\"2026-09-03T20:42:24+00:00\",\"breadcrumb\":{\"@id\":\"https:\/\/sudoesteacontece.com.br\/?p=29367#breadcrumb\"},\"inLanguage\":\"pt-BR\",\"potentialAction\":[{\"@type\":\"ReadAction\",\"target\":[\"https:\/\/sudoesteacontece.com.br\/?p=29367\"]}]},{\"@type\":\"ImageObject\",\"inLanguage\":\"pt-BR\",\"@id\":\"https:\/\/sudoesteacontece.com.br\/?p=29367#primaryimage\",\"url\":\"https:\/\/sudoesteacontece.com.br\/wp-content\/uploads\/2026\/09\/Augusto-Cury-atribui-crescimento-nas-pesquisas-a-discurso-de-pacificacao-do-pais.jpg\",\"contentUrl\":\"https:\/\/sudoesteacontece.com.br\/wp-content\/uploads\/2026\/09\/Augusto-Cury-atribui-crescimento-nas-pesquisas-a-discurso-de-pacificacao-do-pais.jpg\",\"width\":900,\"height\":600},{\"@type\":\"BreadcrumbList\",\"@id\":\"https:\/\/sudoesteacontece.com.br\/?p=29367#breadcrumb\",\"itemListElement\":[{\"@type\":\"ListItem\",\"position\":1,\"name\":\"In\u00edcio\",\"item\":\"https:\/\/sudoesteacontece.com.br\/\"},{\"@type\":\"ListItem\",\"position\":2,\"name\":\"Augusto Cury atribui crescimento nas pesquisas a discurso de pacifica\u00e7\u00e3o do pa\u00eds\"}]},{\"@type\":\"WebSite\",\"@id\":\"https:\/\/sudoesteacontece.com.br\/#website\",\"url\":\"https:\/\/sudoesteacontece.com.br\/\",\"name\":\"Sudoesteacontece\",\"description\":\"\",\"publisher\":{\"@id\":\"https:\/\/sudoesteacontece.com.br\/#organization\"},\"potentialAction\":[{\"@type\":\"SearchAction\",\"target\":{\"@type\":\"EntryPoint\",\"urlTemplate\":\"https:\/\/sudoesteacontece.com.br\/?s={search_term_string}\"},\"query-input\":{\"@type\":\"PropertyValueSpecification\",\"valueRequired\":true,\"valueName\":\"search_term_string\"}}],\"inLanguage\":\"pt-BR\"},{\"@type\":\"Organization\",\"@id\":\"https:\/\/sudoesteacontece.com.br\/#organization\",\"name\":\"Sudoesteacontece\",\"url\":\"https:\/\/sudoesteacontece.com.br\/\",\"logo\":{\"@type\":\"ImageObject\",\"inLanguage\":\"pt-BR\",\"@id\":\"https:\/\/sudoesteacontece.com.br\/#\/schema\/logo\/image\/\",\"url\":\"https:\/\/sudoesteacontece.com.br\/wp-content\/uploads\/2025\/12\/cropped-logo-2-180x180-1.png\",\"contentUrl\":\"https:\/\/sudoesteacontece.com.br\/wp-content\/uploads\/2025\/12\/cropped-logo-2-180x180-1.png\",\"width\":180,\"height\":180,\"caption\":\"Sudoesteacontece\"},\"image\":{\"@id\":\"https:\/\/sudoesteacontece.com.br\/#\/schema\/logo\/image\/\"},\"sameAs\":[\"https:\/\/www.facebook.com\/sudoesteacontece\/?locale=pt_BR\"]},{\"@type\":\"Person\",\"@id\":\"https:\/\/sudoesteacontece.com.br\/#\/schema\/person\/a4f22429c1d0923ef8f7d43343f8dc38\",\"name\":\"Reda\u00e7\u00e3o\",\"image\":{\"@type\":\"ImageObject\",\"inLanguage\":\"pt-BR\",\"@id\":\"https:\/\/sudoesteacontece.com.br\/#\/schema\/person\/image\/\",\"url\":\"https:\/\/secure.gravatar.com\/avatar\/c3a5b3c93f268a709c25a2df414c629a96fb3b1b4bf97a94fb3f72e54ae76903?s=96&d=mm&r=g\",\"contentUrl\":\"https:\/\/secure.gravatar.com\/avatar\/c3a5b3c93f268a709c25a2df414c629a96fb3b1b4bf97a94fb3f72e54ae76903?s=96&d=mm&r=g\",\"caption\":\"Reda\u00e7\u00e3o\"},\"url\":\"https:\/\/sudoesteacontece.com.br\/?author=4\"}]}<\/script>\n<!-- \/ Yoast SEO plugin. -->","yoast_head_json":{"title":"Augusto Cury atribui crescimento nas pesquisas a discurso de pacifica\u00e7\u00e3o do pa\u00eds - Sudoesteacontece","robots":{"index":"index","follow":"follow","max-snippet":"max-snippet:-1","max-image-preview":"max-image-preview:large","max-video-preview":"max-video-preview:-1"},"canonical":"https:\/\/sudoesteacontece.com.br\/?p=29367","og_locale":"pt_BR","og_type":"article","og_title":"Augusto Cury atribui crescimento nas pesquisas a discurso de pacifica\u00e7\u00e3o do pa\u00eds - Sudoesteacontece","og_description":"O presidenci\u00e1vel Augusto Cury (Avante) atribuiu nesta quarta-feira (2) seu crescimento nas pesquisas eleitorais ao discurso de pacifica\u00e7\u00e3o do pa\u00eds. Levantamento da Quaest mostrou o candidato com 10% das inten\u00e7\u00f5es de voto, isolado em terceiro lugar, atr\u00e1s de Lula (PT), com 37%, e Fl\u00e1vio Bolsonaro (PL), com 30%. Durante um encontro com l\u00edderes da comunidade judaica na Federa\u00e7\u00e3o Israelita do Estado de S\u00e3o Paulo, Cury afirmou que a democracia depende da diverg\u00eancia entre ideias. Segundo ele, os governos de Jair Bolsonaro (PL) e Lula contribu\u00edram para ampliar a divis\u00e3o entre os eleitores. Na avalia\u00e7\u00e3o do candidato, sua ascens\u00e3o ocorre de forma org\u00e2nica e conta com manifesta\u00e7\u00f5es espont\u00e2neas de apoiadores. Cury afirmou que pessoas t\u00eam organizado carreatas em seu apoio sem participa\u00e7\u00e3o direta de sua campanha. Ao comparar seu desempenho com a trajet\u00f3ria eleitoral de Jair Bolsonaro em 2018 e de Barack Obama nos Estados Unidos em 2008, o presidenci\u00e1vel disse considerar seu crescimento especialmente r\u00e1pido. Advers\u00e1rios, por\u00e9m, atribuem a alta a estrat\u00e9gias agressivas de divulga\u00e7\u00e3o na internet e a poss\u00edveis a\u00e7\u00f5es artificiais de engajamento. Questionado sobre uma declara\u00e7\u00e3o de Renan Santos (Miss\u00e3o), que chamou sua candidatura de \u201cpastel de vento\u201d, Cury reagiu com bom humor. Ele afirmou gostar de pastel desde a inf\u00e2ncia e disse que pretende concentrar a campanha na apresenta\u00e7\u00e3o de propostas, sem ataques pessoais aos advers\u00e1rios. Por fim, Cury destacou sua origem humilde e afirmou que cresceu ao lado de cinco irm\u00e3os, com a fam\u00edlia dividindo um \u00fanico dormit\u00f3rio. M\u00e9dico psiquiatra e autor de livros de autoajuda, ele disse que suas obras foram publicadas em 90 pa\u00edses e comparou a supera\u00e7\u00e3o de traumas \u00e0s divis\u00f5es pol\u00edticas do Brasil.","og_url":"https:\/\/sudoesteacontece.com.br\/?p=29367","og_site_name":"Sudoesteacontece","article_publisher":"https:\/\/www.facebook.com\/sudoesteacontece\/?locale=pt_BR","article_published_time":"2026-09-03T20:42:18+00:00","article_modified_time":"2026-09-03T20:42:24+00:00","og_image":[{"width":900,"height":600,"url":"https:\/\/sudoesteacontece.com.br\/wp-content\/uploads\/2026\/09\/Augusto-Cury-atribui-crescimento-nas-pesquisas-a-discurso-de-pacificacao-do-pais.jpg","type":"image\/jpeg"}],"author":"Reda\u00e7\u00e3o","twitter_card":"summary_large_image","twitter_misc":{"Escrito por":"Reda\u00e7\u00e3o","Est. tempo de leitura":"2 minutos"},"schema":{"@context":"https:\/\/schema.org","@graph":[{"@type":"Article","@id":"https:\/\/sudoesteacontece.com.br\/?p=29367#article","isPartOf":{"@id":"https:\/\/sudoesteacontece.com.br\/?p=29367"},"author":{"name":"Reda\u00e7\u00e3o","@id":"https:\/\/sudoesteacontece.com.br\/#\/schema\/person\/a4f22429c1d0923ef8f7d43343f8dc38"},"headline":"Augusto Cury atribui crescimento nas pesquisas a discurso de pacifica\u00e7\u00e3o do pa\u00eds","datePublished":"2026-09-03T20:42:18+00:00","dateModified":"2026-09-03T20:42:24+00:00","mainEntityOfPage":{"@id":"https:\/\/sudoesteacontece.com.br\/?p=29367"},"wordCount":319,"commentCount":0,"publisher":{"@id":"https:\/\/sudoesteacontece.com.br\/#organization"},"image":{"@id":"https:\/\/sudoesteacontece.com.br\/?p=29367#primaryimage"},"thumbnailUrl":"http:\/\/sudoesteacontece.com.br\/wp-content\/uploads\/2026\/09\/Augusto-Cury-atribui-crescimento-nas-pesquisas-a-discurso-de-pacificacao-do-pais.jpg","articleSection":["Brasil","Elei\u00e7\u00f5es 2026","Pol\u00edtica"],"inLanguage":"pt-BR","potentialAction":[{"@type":"CommentAction","name":"Comment","target":["https:\/\/sudoesteacontece.com.br\/?p=29367#respond"]}]},{"@type":"WebPage","@id":"https:\/\/sudoesteacontece.com.br\/?p=29367","url":"https:\/\/sudoesteacontece.com.br\/?p=29367","name":"Augusto Cury atribui crescimento nas pesquisas a discurso de pacifica\u00e7\u00e3o do pa\u00eds - Sudoesteacontece","isPartOf":{"@id":"https:\/\/sudoesteacontece.com.br\/#website"},"primaryImageOfPage":{"@id":"https:\/\/sudoesteacontece.com.br\/?p=29367#primaryimage"},"image":{"@id":"https:\/\/sudoesteacontece.com.br\/?p=29367#primaryimage"},"thumbnailUrl":"http:\/\/sudoesteacontece.com.br\/wp-content\/uploads\/2026\/09\/Augusto-Cury-atribui-crescimento-nas-pesquisas-a-discurso-de-pacificacao-do-pais.jpg","datePublished":"2026-09-03T20:42:18+00:00","dateModified":"2026-09-03T20:42:24+00:00","breadcrumb":{"@id":"https:\/\/sudoesteacontece.com.br\/?p=29367#breadcrumb"},"inLanguage":"pt-BR","potentialAction":[{"@type":"ReadAction","target":["https:\/\/sudoesteacontece.com.br\/?p=29367"]}]},{"@type":"ImageObject","inLanguage":"pt-BR","@id":"https:\/\/sudoesteacontece.com.br\/?p=29367#primaryimage","url":"https:\/\/sudoesteacontece.com.br\/wp-content\/uploads\/2026\/09\/Augusto-Cury-atribui-crescimento-nas-pesquisas-a-discurso-de-pacificacao-do-pais.jpg","contentUrl":"https:\/\/sudoesteacontece.com.br\/wp-content\/uploads\/2026\/09\/Augusto-Cury-atribui-crescimento-nas-pesquisas-a-discurso-de-pacificacao-do-pais.jpg","width":900,"height":600},{"@type":"BreadcrumbList","@id":"https:\/\/sudoesteacontece.com.br\/?p=29367#breadcrumb","itemListElement":[{"@type":"ListItem","position":1,"name":"In\u00edcio","item":"https:\/\/sudoesteacontece.com.br\/"},{"@type":"ListItem","position":2,"name":"Augusto Cury atribui crescimento nas pesquisas a discurso de pacifica\u00e7\u00e3o do pa\u00eds"}]},{"@type":"WebSite","@id":"https:\/\/sudoesteacontece.com.br\/#website","url":"https:\/\/sudoesteacontece.com.br\/","name":"Sudoesteacontece","description":"","publisher":{"@id":"https:\/\/sudoesteacontece.com.br\/#organization"},"potentialAction":[{"@type":"SearchAction","target":{"@type":"EntryPoint","urlTemplate":"https:\/\/sudoesteacontece.com.br\/?s={search_term_string}"},"query-input":{"@type":"PropertyValueSpecification","valueRequired":true,"valueName":"search_term_string"}}],"inLanguage":"pt-BR"},{"@type":"Organization","@id":"https:\/\/sudoesteacontece.com.br\/#organization","name":"Sudoesteacontece","url":"https:\/\/sudoesteacontece.com.br\/","logo":{"@type":"ImageObject","inLanguage":"pt-BR","@id":"https:\/\/sudoesteacontece.com.br\/#\/schema\/logo\/image\/","url":"https:\/\/sudoesteacontece.com.br\/wp-content\/uploads\/2025\/12\/cropped-logo-2-180x180-1.png","contentUrl":"https:\/\/sudoesteacontece.com.br\/wp-content\/uploads\/2025\/12\/cropped-logo-2-180x180-1.png","width":180,"height":180,"caption":"Sudoesteacontece"},"image":{"@id":"https:\/\/sudoesteacontece.com.br\/#\/schema\/logo\/image\/"},"sameAs":["https:\/\/www.facebook.com\/sudoesteacontece\/?locale=pt_BR"]},{"@type":"Person","@id":"https:\/\/sudoesteacontece.com.br\/#\/schema\/person\/a4f22429c1d0923ef8f7d43343f8dc38","name":"Reda\u00e7\u00e3o","image":{"@type":"ImageObject","inLanguage":"pt-BR","@id":"https:\/\/sudoesteacontece.com.br\/#\/schema\/person\/image\/","url":"https:\/\/secure.gravatar.com\/avatar\/c3a5b3c93f268a709c25a2df414c629a96fb3b1b4bf97a94fb3f72e54ae76903?s=96&d=mm&r=g","contentUrl":"https:\/\/secure.gravatar.com\/avatar\/c3a5b3c93f268a709c25a2df414c629a96fb3b1b4bf97a94fb3f72e54ae76903?s=96&d=mm&r=g","caption":"Reda\u00e7\u00e3o"},"url":"https:\/\/sudoesteacontece.com.br\/?author=4"}]}},"_links":{"self":[{"href":"https:\/\/sudoesteacontece.com.br\/index.php?rest_route=\/wp\/v2\/posts\/29367","targetHints":{"allow":["GET"]}}],"collection":[{"href":"https:\/\/sudoesteacontece.com.br\/index.php?rest_route=\/wp\/v2\/posts"}],"about":[{"href":"https:\/\/sudoesteacontece.com.br\/index.php?rest_route=\/wp\/v2\/types\/post"}],"author":[{"embeddable":true,"href":"https:\/\/sudoesteacontece.com.br\/index.php?rest_route=\/wp\/v2\/users\/4"}],"replies":[{"embeddable":true,"href":"https:\/\/sudoesteacontece.com.br\/index.php?rest_route=%2Fwp%2Fv2%2Fcomments&post=29367"}],"version-history":[{"count":1,"href":"https:\/\/sudoesteacontece.com.br\/index.php?rest_route=\/wp\/v2\/posts\/29367\/revisions"}],"predecessor-version":[{"id":29383,"href":"https:\/\/sudoesteacontece.com.br\/index.php?rest_route=\/wp\/v2\/posts\/29367\/revisions\/29383"}],"wp:attachment":[{"href":"https:\/\/sudoesteacontece.com.br\/index.php?rest_route=%2Fwp%2Fv2%2Fmedia&parent=29367"}],"wp:term":[{"taxonomy":"category","embeddable":true,"href":"https:\/\/sudoesteacontece.com.br\/index.php?rest_route=%2Fwp%2Fv2%2Fcategories&post=29367"},{"taxonomy":"post_tag","embeddable":true,"href":"https:\/\/sudoesteacontece.com.br\/index.php?rest_route=%2Fwp%2Fv2%2Ftags&post=29367"}],"curies":[{"name":"wp","href":"https:\/\/api.w.org\/{rel}","templated":true}]}}