{"id":29371,"date":"2026-09-03T17:44:34","date_gmt":"2026-09-03T20:44:34","guid":{"rendered":"https:\/\/sudoesteacontece.com.br\/?p=29371"},"modified":"2026-09-03T17:44:40","modified_gmt":"2026-09-03T20:44:40","slug":"motocicleta-e-apreendida-apos-jovem-sem-cnh-ser-abordado-em-iuiu","status":"publish","type":"post","link":"https:\/\/sudoesteacontece.com.br\/?p=29371","title":{"rendered":"Motocicleta \u00e9 apreendida ap\u00f3s jovem sem CNH ser abordado em Iui\u00fa"},"content":{"rendered":"\n<figure class=\"wp-block-image size-full\"><img fetchpriority=\"high\" decoding=\"async\" width=\"900\" height=\"600\" src=\"http:\/\/sudoesteacontece.com.br\/wp-content\/uploads\/2026\/09\/Motocicleta-e-apreendida-apos-jovem-sem-CNH-ser-abordado-em-Iuiu.jpg\" alt=\"\" class=\"wp-image-29390\" srcset=\"https:\/\/sudoesteacontece.com.br\/wp-content\/uploads\/2026\/09\/Motocicleta-e-apreendida-apos-jovem-sem-CNH-ser-abordado-em-Iuiu.jpg 900w, https:\/\/sudoesteacontece.com.br\/wp-content\/uploads\/2026\/09\/Motocicleta-e-apreendida-apos-jovem-sem-CNH-ser-abordado-em-Iuiu-300x200.jpg 300w, https:\/\/sudoesteacontece.com.br\/wp-content\/uploads\/2026\/09\/Motocicleta-e-apreendida-apos-jovem-sem-CNH-ser-abordado-em-Iuiu-768x512.jpg 768w\" sizes=\"(max-width: 900px) 100vw, 900px\" \/><\/figure>\n\n\n\n<p class=\"wp-block-paragraph\">Uma motocicleta foi apreendida pela Pol\u00edcia Militar na tarde desta quarta-feira (2), em Iui\u00fa, no sudoeste da Bahia, ap\u00f3s uma abordagem no Centro da cidade. O condutor, de 18 anos, n\u00e3o possu\u00eda Carteira Nacional de Habilita\u00e7\u00e3o (CNH).<\/p>\n\n\n\n<p class=\"wp-block-paragraph\">A ocorr\u00eancia foi registrada por volta das 17h58, na Avenida Vicente Cristo Lopes, durante rondas ostensivas realizadas por uma equipe do 17\u00ba Batalh\u00e3o da Pol\u00edcia Militar (17\u00ba BPM). Os agentes abordaram uma Honda CG 150 Titan, de cor preta.<\/p>\n\n\n\n<p class=\"wp-block-paragraph\">Durante a fiscaliza\u00e7\u00e3o, os policiais constataram que o jovem n\u00e3o tinha habilita\u00e7\u00e3o para conduzir o ve\u00edculo. A motocicleta tamb\u00e9m apresentava irregularidades que comprometiam a identifica\u00e7\u00e3o e os equipamentos obrigat\u00f3rios.<\/p>\n\n\n\n<p class=\"wp-block-paragraph\">Al\u00e9m da aus\u00eancia de CNH, a moto estava sem os espelhos retrovisores e circulava com a placa de identifica\u00e7\u00e3o dobrada, dificultando sua visualiza\u00e7\u00e3o. Diante das infra\u00e7\u00f5es encontradas, o ve\u00edculo foi recolhido pelos policiais.<\/p>\n\n\n\n<p class=\"wp-block-paragraph\">Ap\u00f3s a apreens\u00e3o, a motocicleta foi encaminhada para a ado\u00e7\u00e3o das medidas administrativas previstas na legisla\u00e7\u00e3o de tr\u00e2nsito. A ocorr\u00eancia fez parte das a\u00e7\u00f5es de fiscaliza\u00e7\u00e3o realizadas pela Pol\u00edcia Militar no munic\u00edpio.<\/p>\n\n\n\n<p class=\"wp-block-paragraph\">Com as abordagens, o 17\u00ba BPM busca refor\u00e7ar a seguran\u00e7a vi\u00e1ria e retirar de circula\u00e7\u00e3o ve\u00edculos que estejam em situa\u00e7\u00e3o irregular. As medidas tamb\u00e9m t\u00eam como objetivo reduzir riscos para condutores, passageiros e demais usu\u00e1rios das vias.<\/p>\n","protected":false},"excerpt":{"rendered":"<p>Uma motocicleta foi apreendida pela Pol\u00edcia Militar na tarde desta quarta-feira (2), em Iui\u00fa, no sudoeste da Bahia, ap\u00f3s uma abordagem no Centro da cidade. O condutor, de 18 anos, n\u00e3o possu\u00eda Carteira Nacional de Habilita\u00e7\u00e3o (CNH). A ocorr\u00eancia foi registrada por volta das 17h58, na Avenida Vicente Cristo Lopes, durante rondas ostensivas realizadas por uma equipe do 17\u00ba Batalh\u00e3o da Pol\u00edcia Militar (17\u00ba BPM). Os agentes abordaram uma Honda CG 150 Titan, de cor preta. Durante a fiscaliza\u00e7\u00e3o, os policiais constataram que o jovem n\u00e3o tinha habilita\u00e7\u00e3o para conduzir o ve\u00edculo. A motocicleta tamb\u00e9m apresentava irregularidades que comprometiam a identifica\u00e7\u00e3o e os equipamentos obrigat\u00f3rios. Al\u00e9m da aus\u00eancia de CNH, a moto estava sem os espelhos retrovisores e circulava com a placa de identifica\u00e7\u00e3o dobrada, dificultando sua visualiza\u00e7\u00e3o. Diante das infra\u00e7\u00f5es encontradas, o ve\u00edculo foi recolhido pelos policiais. Ap\u00f3s a apreens\u00e3o, a motocicleta foi encaminhada para a ado\u00e7\u00e3o das medidas administrativas previstas na legisla\u00e7\u00e3o de tr\u00e2nsito. A ocorr\u00eancia fez parte das a\u00e7\u00f5es de fiscaliza\u00e7\u00e3o realizadas pela Pol\u00edcia Militar no munic\u00edpio. Com as abordagens, o 17\u00ba BPM busca refor\u00e7ar a seguran\u00e7a vi\u00e1ria e retirar de circula\u00e7\u00e3o ve\u00edculos que estejam em situa\u00e7\u00e3o irregular. As medidas tamb\u00e9m t\u00eam como objetivo reduzir riscos para condutores, passageiros e demais usu\u00e1rios das vias.<\/p>\n","protected":false},"author":4,"featured_media":0,"comment_status":"open","ping_status":"open","sticky":false,"template":"","format":"standard","meta":{"footnotes":""},"categories":[4,87,3],"tags":[],"class_list":["post-29371","post","type-post","status-publish","format-standard","hentry","category-cidades","category-iuiu","category-policia"],"yoast_head":"<!-- This site is optimized with the Yoast SEO plugin v26.5 - https:\/\/yoast.com\/wordpress\/plugins\/seo\/ -->\n<title>Motocicleta \u00e9 apreendida ap\u00f3s jovem sem CNH ser abordado em Iui\u00fa - Sudoesteacontece<\/title>\n<meta name=\"robots\" content=\"index, follow, max-snippet:-1, max-image-preview:large, max-video-preview:-1\" \/>\n<link rel=\"canonical\" href=\"https:\/\/sudoesteacontece.com.br\/?p=29371\" \/>\n<meta property=\"og:locale\" content=\"pt_BR\" \/>\n<meta property=\"og:type\" content=\"article\" \/>\n<meta property=\"og:title\" content=\"Motocicleta \u00e9 apreendida ap\u00f3s jovem sem CNH ser abordado em Iui\u00fa - Sudoesteacontece\" \/>\n<meta property=\"og:description\" content=\"Uma motocicleta foi apreendida pela Pol\u00edcia Militar na tarde desta quarta-feira (2), em Iui\u00fa, no sudoeste da Bahia, ap\u00f3s uma abordagem no Centro da cidade. O condutor, de 18 anos, n\u00e3o possu\u00eda Carteira Nacional de Habilita\u00e7\u00e3o (CNH). A ocorr\u00eancia foi registrada por volta das 17h58, na Avenida Vicente Cristo Lopes, durante rondas ostensivas realizadas por uma equipe do 17\u00ba Batalh\u00e3o da Pol\u00edcia Militar (17\u00ba BPM). Os agentes abordaram uma Honda CG 150 Titan, de cor preta. Durante a fiscaliza\u00e7\u00e3o, os policiais constataram que o jovem n\u00e3o tinha habilita\u00e7\u00e3o para conduzir o ve\u00edculo. A motocicleta tamb\u00e9m apresentava irregularidades que comprometiam a identifica\u00e7\u00e3o e os equipamentos obrigat\u00f3rios. Al\u00e9m da aus\u00eancia de CNH, a moto estava sem os espelhos retrovisores e circulava com a placa de identifica\u00e7\u00e3o dobrada, dificultando sua visualiza\u00e7\u00e3o. Diante das infra\u00e7\u00f5es encontradas, o ve\u00edculo foi recolhido pelos policiais. Ap\u00f3s a apreens\u00e3o, a motocicleta foi encaminhada para a ado\u00e7\u00e3o das medidas administrativas previstas na legisla\u00e7\u00e3o de tr\u00e2nsito. A ocorr\u00eancia fez parte das a\u00e7\u00f5es de fiscaliza\u00e7\u00e3o realizadas pela Pol\u00edcia Militar no munic\u00edpio. Com as abordagens, o 17\u00ba BPM busca refor\u00e7ar a seguran\u00e7a vi\u00e1ria e retirar de circula\u00e7\u00e3o ve\u00edculos que estejam em situa\u00e7\u00e3o irregular. As medidas tamb\u00e9m t\u00eam como objetivo reduzir riscos para condutores, passageiros e demais usu\u00e1rios das vias.\" \/>\n<meta property=\"og:url\" content=\"https:\/\/sudoesteacontece.com.br\/?p=29371\" \/>\n<meta property=\"og:site_name\" content=\"Sudoesteacontece\" \/>\n<meta property=\"article:publisher\" content=\"https:\/\/www.facebook.com\/sudoesteacontece\/?locale=pt_BR\" \/>\n<meta property=\"article:published_time\" content=\"2026-09-03T20:44:34+00:00\" \/>\n<meta property=\"article:modified_time\" content=\"2026-09-03T20:44:40+00:00\" \/>\n<meta property=\"og:image\" content=\"https:\/\/sudoesteacontece.com.br\/wp-content\/uploads\/2026\/09\/Motocicleta-e-apreendida-apos-jovem-sem-CNH-ser-abordado-em-Iuiu.jpg\" \/>\n\t<meta property=\"og:image:width\" content=\"900\" \/>\n\t<meta property=\"og:image:height\" content=\"600\" \/>\n\t<meta property=\"og:image:type\" content=\"image\/jpeg\" \/>\n<meta name=\"author\" content=\"Reda\u00e7\u00e3o\" \/>\n<meta name=\"twitter:card\" content=\"summary_large_image\" \/>\n<meta name=\"twitter:label1\" content=\"Escrito por\" \/>\n\t<meta name=\"twitter:data1\" content=\"Reda\u00e7\u00e3o\" \/>\n\t<meta name=\"twitter:label2\" content=\"Est. tempo de leitura\" \/>\n\t<meta name=\"twitter:data2\" content=\"2 minutos\" \/>\n<script type=\"application\/ld+json\" class=\"yoast-schema-graph\">{\"@context\":\"https:\/\/schema.org\",\"@graph\":[{\"@type\":\"Article\",\"@id\":\"https:\/\/sudoesteacontece.com.br\/?p=29371#article\",\"isPartOf\":{\"@id\":\"https:\/\/sudoesteacontece.com.br\/?p=29371\"},\"author\":{\"name\":\"Reda\u00e7\u00e3o\",\"@id\":\"https:\/\/sudoesteacontece.com.br\/#\/schema\/person\/a4f22429c1d0923ef8f7d43343f8dc38\"},\"headline\":\"Motocicleta \u00e9 apreendida ap\u00f3s jovem sem CNH ser abordado em Iui\u00fa\",\"datePublished\":\"2026-09-03T20:44:34+00:00\",\"dateModified\":\"2026-09-03T20:44:40+00:00\",\"mainEntityOfPage\":{\"@id\":\"https:\/\/sudoesteacontece.com.br\/?p=29371\"},\"wordCount\":252,\"commentCount\":0,\"publisher\":{\"@id\":\"https:\/\/sudoesteacontece.com.br\/#organization\"},\"image\":{\"@id\":\"https:\/\/sudoesteacontece.com.br\/?p=29371#primaryimage\"},\"thumbnailUrl\":\"http:\/\/sudoesteacontece.com.br\/wp-content\/uploads\/2026\/09\/Motocicleta-e-apreendida-apos-jovem-sem-CNH-ser-abordado-em-Iuiu.jpg\",\"articleSection\":[\"Cidades\",\"Iuiu\",\"Pol\u00edcia\"],\"inLanguage\":\"pt-BR\",\"potentialAction\":[{\"@type\":\"CommentAction\",\"name\":\"Comment\",\"target\":[\"https:\/\/sudoesteacontece.com.br\/?p=29371#respond\"]}]},{\"@type\":\"WebPage\",\"@id\":\"https:\/\/sudoesteacontece.com.br\/?p=29371\",\"url\":\"https:\/\/sudoesteacontece.com.br\/?p=29371\",\"name\":\"Motocicleta \u00e9 apreendida ap\u00f3s jovem sem CNH ser abordado em Iui\u00fa - Sudoesteacontece\",\"isPartOf\":{\"@id\":\"https:\/\/sudoesteacontece.com.br\/#website\"},\"primaryImageOfPage\":{\"@id\":\"https:\/\/sudoesteacontece.com.br\/?p=29371#primaryimage\"},\"image\":{\"@id\":\"https:\/\/sudoesteacontece.com.br\/?p=29371#primaryimage\"},\"thumbnailUrl\":\"http:\/\/sudoesteacontece.com.br\/wp-content\/uploads\/2026\/09\/Motocicleta-e-apreendida-apos-jovem-sem-CNH-ser-abordado-em-Iuiu.jpg\",\"datePublished\":\"2026-09-03T20:44:34+00:00\",\"dateModified\":\"2026-09-03T20:44:40+00:00\",\"breadcrumb\":{\"@id\":\"https:\/\/sudoesteacontece.com.br\/?p=29371#breadcrumb\"},\"inLanguage\":\"pt-BR\",\"potentialAction\":[{\"@type\":\"ReadAction\",\"target\":[\"https:\/\/sudoesteacontece.com.br\/?p=29371\"]}]},{\"@type\":\"ImageObject\",\"inLanguage\":\"pt-BR\",\"@id\":\"https:\/\/sudoesteacontece.com.br\/?p=29371#primaryimage\",\"url\":\"https:\/\/sudoesteacontece.com.br\/wp-content\/uploads\/2026\/09\/Motocicleta-e-apreendida-apos-jovem-sem-CNH-ser-abordado-em-Iuiu.jpg\",\"contentUrl\":\"https:\/\/sudoesteacontece.com.br\/wp-content\/uploads\/2026\/09\/Motocicleta-e-apreendida-apos-jovem-sem-CNH-ser-abordado-em-Iuiu.jpg\",\"width\":900,\"height\":600},{\"@type\":\"BreadcrumbList\",\"@id\":\"https:\/\/sudoesteacontece.com.br\/?p=29371#breadcrumb\",\"itemListElement\":[{\"@type\":\"ListItem\",\"position\":1,\"name\":\"In\u00edcio\",\"item\":\"https:\/\/sudoesteacontece.com.br\/\"},{\"@type\":\"ListItem\",\"position\":2,\"name\":\"Motocicleta \u00e9 apreendida ap\u00f3s jovem sem CNH ser abordado em Iui\u00fa\"}]},{\"@type\":\"WebSite\",\"@id\":\"https:\/\/sudoesteacontece.com.br\/#website\",\"url\":\"https:\/\/sudoesteacontece.com.br\/\",\"name\":\"Sudoesteacontece\",\"description\":\"\",\"publisher\":{\"@id\":\"https:\/\/sudoesteacontece.com.br\/#organization\"},\"potentialAction\":[{\"@type\":\"SearchAction\",\"target\":{\"@type\":\"EntryPoint\",\"urlTemplate\":\"https:\/\/sudoesteacontece.com.br\/?s={search_term_string}\"},\"query-input\":{\"@type\":\"PropertyValueSpecification\",\"valueRequired\":true,\"valueName\":\"search_term_string\"}}],\"inLanguage\":\"pt-BR\"},{\"@type\":\"Organization\",\"@id\":\"https:\/\/sudoesteacontece.com.br\/#organization\",\"name\":\"Sudoesteacontece\",\"url\":\"https:\/\/sudoesteacontece.com.br\/\",\"logo\":{\"@type\":\"ImageObject\",\"inLanguage\":\"pt-BR\",\"@id\":\"https:\/\/sudoesteacontece.com.br\/#\/schema\/logo\/image\/\",\"url\":\"https:\/\/sudoesteacontece.com.br\/wp-content\/uploads\/2025\/12\/cropped-logo-2-180x180-1.png\",\"contentUrl\":\"https:\/\/sudoesteacontece.com.br\/wp-content\/uploads\/2025\/12\/cropped-logo-2-180x180-1.png\",\"width\":180,\"height\":180,\"caption\":\"Sudoesteacontece\"},\"image\":{\"@id\":\"https:\/\/sudoesteacontece.com.br\/#\/schema\/logo\/image\/\"},\"sameAs\":[\"https:\/\/www.facebook.com\/sudoesteacontece\/?locale=pt_BR\"]},{\"@type\":\"Person\",\"@id\":\"https:\/\/sudoesteacontece.com.br\/#\/schema\/person\/a4f22429c1d0923ef8f7d43343f8dc38\",\"name\":\"Reda\u00e7\u00e3o\",\"image\":{\"@type\":\"ImageObject\",\"inLanguage\":\"pt-BR\",\"@id\":\"https:\/\/sudoesteacontece.com.br\/#\/schema\/person\/image\/\",\"url\":\"https:\/\/secure.gravatar.com\/avatar\/c3a5b3c93f268a709c25a2df414c629a96fb3b1b4bf97a94fb3f72e54ae76903?s=96&d=mm&r=g\",\"contentUrl\":\"https:\/\/secure.gravatar.com\/avatar\/c3a5b3c93f268a709c25a2df414c629a96fb3b1b4bf97a94fb3f72e54ae76903?s=96&d=mm&r=g\",\"caption\":\"Reda\u00e7\u00e3o\"},\"url\":\"https:\/\/sudoesteacontece.com.br\/?author=4\"}]}<\/script>\n<!-- \/ Yoast SEO plugin. -->","yoast_head_json":{"title":"Motocicleta \u00e9 apreendida ap\u00f3s jovem sem CNH ser abordado em Iui\u00fa - Sudoesteacontece","robots":{"index":"index","follow":"follow","max-snippet":"max-snippet:-1","max-image-preview":"max-image-preview:large","max-video-preview":"max-video-preview:-1"},"canonical":"https:\/\/sudoesteacontece.com.br\/?p=29371","og_locale":"pt_BR","og_type":"article","og_title":"Motocicleta \u00e9 apreendida ap\u00f3s jovem sem CNH ser abordado em Iui\u00fa - Sudoesteacontece","og_description":"Uma motocicleta foi apreendida pela Pol\u00edcia Militar na tarde desta quarta-feira (2), em Iui\u00fa, no sudoeste da Bahia, ap\u00f3s uma abordagem no Centro da cidade. O condutor, de 18 anos, n\u00e3o possu\u00eda Carteira Nacional de Habilita\u00e7\u00e3o (CNH). A ocorr\u00eancia foi registrada por volta das 17h58, na Avenida Vicente Cristo Lopes, durante rondas ostensivas realizadas por uma equipe do 17\u00ba Batalh\u00e3o da Pol\u00edcia Militar (17\u00ba BPM). Os agentes abordaram uma Honda CG 150 Titan, de cor preta. Durante a fiscaliza\u00e7\u00e3o, os policiais constataram que o jovem n\u00e3o tinha habilita\u00e7\u00e3o para conduzir o ve\u00edculo. A motocicleta tamb\u00e9m apresentava irregularidades que comprometiam a identifica\u00e7\u00e3o e os equipamentos obrigat\u00f3rios. Al\u00e9m da aus\u00eancia de CNH, a moto estava sem os espelhos retrovisores e circulava com a placa de identifica\u00e7\u00e3o dobrada, dificultando sua visualiza\u00e7\u00e3o. Diante das infra\u00e7\u00f5es encontradas, o ve\u00edculo foi recolhido pelos policiais. Ap\u00f3s a apreens\u00e3o, a motocicleta foi encaminhada para a ado\u00e7\u00e3o das medidas administrativas previstas na legisla\u00e7\u00e3o de tr\u00e2nsito. A ocorr\u00eancia fez parte das a\u00e7\u00f5es de fiscaliza\u00e7\u00e3o realizadas pela Pol\u00edcia Militar no munic\u00edpio. Com as abordagens, o 17\u00ba BPM busca refor\u00e7ar a seguran\u00e7a vi\u00e1ria e retirar de circula\u00e7\u00e3o ve\u00edculos que estejam em situa\u00e7\u00e3o irregular. As medidas tamb\u00e9m t\u00eam como objetivo reduzir riscos para condutores, passageiros e demais usu\u00e1rios das vias.","og_url":"https:\/\/sudoesteacontece.com.br\/?p=29371","og_site_name":"Sudoesteacontece","article_publisher":"https:\/\/www.facebook.com\/sudoesteacontece\/?locale=pt_BR","article_published_time":"2026-09-03T20:44:34+00:00","article_modified_time":"2026-09-03T20:44:40+00:00","og_image":[{"width":900,"height":600,"url":"https:\/\/sudoesteacontece.com.br\/wp-content\/uploads\/2026\/09\/Motocicleta-e-apreendida-apos-jovem-sem-CNH-ser-abordado-em-Iuiu.jpg","type":"image\/jpeg"}],"author":"Reda\u00e7\u00e3o","twitter_card":"summary_large_image","twitter_misc":{"Escrito por":"Reda\u00e7\u00e3o","Est. tempo de leitura":"2 minutos"},"schema":{"@context":"https:\/\/schema.org","@graph":[{"@type":"Article","@id":"https:\/\/sudoesteacontece.com.br\/?p=29371#article","isPartOf":{"@id":"https:\/\/sudoesteacontece.com.br\/?p=29371"},"author":{"name":"Reda\u00e7\u00e3o","@id":"https:\/\/sudoesteacontece.com.br\/#\/schema\/person\/a4f22429c1d0923ef8f7d43343f8dc38"},"headline":"Motocicleta \u00e9 apreendida ap\u00f3s jovem sem CNH ser abordado em Iui\u00fa","datePublished":"2026-09-03T20:44:34+00:00","dateModified":"2026-09-03T20:44:40+00:00","mainEntityOfPage":{"@id":"https:\/\/sudoesteacontece.com.br\/?p=29371"},"wordCount":252,"commentCount":0,"publisher":{"@id":"https:\/\/sudoesteacontece.com.br\/#organization"},"image":{"@id":"https:\/\/sudoesteacontece.com.br\/?p=29371#primaryimage"},"thumbnailUrl":"http:\/\/sudoesteacontece.com.br\/wp-content\/uploads\/2026\/09\/Motocicleta-e-apreendida-apos-jovem-sem-CNH-ser-abordado-em-Iuiu.jpg","articleSection":["Cidades","Iuiu","Pol\u00edcia"],"inLanguage":"pt-BR","potentialAction":[{"@type":"CommentAction","name":"Comment","target":["https:\/\/sudoesteacontece.com.br\/?p=29371#respond"]}]},{"@type":"WebPage","@id":"https:\/\/sudoesteacontece.com.br\/?p=29371","url":"https:\/\/sudoesteacontece.com.br\/?p=29371","name":"Motocicleta \u00e9 apreendida ap\u00f3s jovem sem CNH ser abordado em Iui\u00fa - Sudoesteacontece","isPartOf":{"@id":"https:\/\/sudoesteacontece.com.br\/#website"},"primaryImageOfPage":{"@id":"https:\/\/sudoesteacontece.com.br\/?p=29371#primaryimage"},"image":{"@id":"https:\/\/sudoesteacontece.com.br\/?p=29371#primaryimage"},"thumbnailUrl":"http:\/\/sudoesteacontece.com.br\/wp-content\/uploads\/2026\/09\/Motocicleta-e-apreendida-apos-jovem-sem-CNH-ser-abordado-em-Iuiu.jpg","datePublished":"2026-09-03T20:44:34+00:00","dateModified":"2026-09-03T20:44:40+00:00","breadcrumb":{"@id":"https:\/\/sudoesteacontece.com.br\/?p=29371#breadcrumb"},"inLanguage":"pt-BR","potentialAction":[{"@type":"ReadAction","target":["https:\/\/sudoesteacontece.com.br\/?p=29371"]}]},{"@type":"ImageObject","inLanguage":"pt-BR","@id":"https:\/\/sudoesteacontece.com.br\/?p=29371#primaryimage","url":"https:\/\/sudoesteacontece.com.br\/wp-content\/uploads\/2026\/09\/Motocicleta-e-apreendida-apos-jovem-sem-CNH-ser-abordado-em-Iuiu.jpg","contentUrl":"https:\/\/sudoesteacontece.com.br\/wp-content\/uploads\/2026\/09\/Motocicleta-e-apreendida-apos-jovem-sem-CNH-ser-abordado-em-Iuiu.jpg","width":900,"height":600},{"@type":"BreadcrumbList","@id":"https:\/\/sudoesteacontece.com.br\/?p=29371#breadcrumb","itemListElement":[{"@type":"ListItem","position":1,"name":"In\u00edcio","item":"https:\/\/sudoesteacontece.com.br\/"},{"@type":"ListItem","position":2,"name":"Motocicleta \u00e9 apreendida ap\u00f3s jovem sem CNH ser abordado em Iui\u00fa"}]},{"@type":"WebSite","@id":"https:\/\/sudoesteacontece.com.br\/#website","url":"https:\/\/sudoesteacontece.com.br\/","name":"Sudoesteacontece","description":"","publisher":{"@id":"https:\/\/sudoesteacontece.com.br\/#organization"},"potentialAction":[{"@type":"SearchAction","target":{"@type":"EntryPoint","urlTemplate":"https:\/\/sudoesteacontece.com.br\/?s={search_term_string}"},"query-input":{"@type":"PropertyValueSpecification","valueRequired":true,"valueName":"search_term_string"}}],"inLanguage":"pt-BR"},{"@type":"Organization","@id":"https:\/\/sudoesteacontece.com.br\/#organization","name":"Sudoesteacontece","url":"https:\/\/sudoesteacontece.com.br\/","logo":{"@type":"ImageObject","inLanguage":"pt-BR","@id":"https:\/\/sudoesteacontece.com.br\/#\/schema\/logo\/image\/","url":"https:\/\/sudoesteacontece.com.br\/wp-content\/uploads\/2025\/12\/cropped-logo-2-180x180-1.png","contentUrl":"https:\/\/sudoesteacontece.com.br\/wp-content\/uploads\/2025\/12\/cropped-logo-2-180x180-1.png","width":180,"height":180,"caption":"Sudoesteacontece"},"image":{"@id":"https:\/\/sudoesteacontece.com.br\/#\/schema\/logo\/image\/"},"sameAs":["https:\/\/www.facebook.com\/sudoesteacontece\/?locale=pt_BR"]},{"@type":"Person","@id":"https:\/\/sudoesteacontece.com.br\/#\/schema\/person\/a4f22429c1d0923ef8f7d43343f8dc38","name":"Reda\u00e7\u00e3o","image":{"@type":"ImageObject","inLanguage":"pt-BR","@id":"https:\/\/sudoesteacontece.com.br\/#\/schema\/person\/image\/","url":"https:\/\/secure.gravatar.com\/avatar\/c3a5b3c93f268a709c25a2df414c629a96fb3b1b4bf97a94fb3f72e54ae76903?s=96&d=mm&r=g","contentUrl":"https:\/\/secure.gravatar.com\/avatar\/c3a5b3c93f268a709c25a2df414c629a96fb3b1b4bf97a94fb3f72e54ae76903?s=96&d=mm&r=g","caption":"Reda\u00e7\u00e3o"},"url":"https:\/\/sudoesteacontece.com.br\/?author=4"}]}},"_links":{"self":[{"href":"https:\/\/sudoesteacontece.com.br\/index.php?rest_route=\/wp\/v2\/posts\/29371","targetHints":{"allow":["GET"]}}],"collection":[{"href":"https:\/\/sudoesteacontece.com.br\/index.php?rest_route=\/wp\/v2\/posts"}],"about":[{"href":"https:\/\/sudoesteacontece.com.br\/index.php?rest_route=\/wp\/v2\/types\/post"}],"author":[{"embeddable":true,"href":"https:\/\/sudoesteacontece.com.br\/index.php?rest_route=\/wp\/v2\/users\/4"}],"replies":[{"embeddable":true,"href":"https:\/\/sudoesteacontece.com.br\/index.php?rest_route=%2Fwp%2Fv2%2Fcomments&post=29371"}],"version-history":[{"count":1,"href":"https:\/\/sudoesteacontece.com.br\/index.php?rest_route=\/wp\/v2\/posts\/29371\/revisions"}],"predecessor-version":[{"id":29391,"href":"https:\/\/sudoesteacontece.com.br\/index.php?rest_route=\/wp\/v2\/posts\/29371\/revisions\/29391"}],"wp:attachment":[{"href":"https:\/\/sudoesteacontece.com.br\/index.php?rest_route=%2Fwp%2Fv2%2Fmedia&parent=29371"}],"wp:term":[{"taxonomy":"category","embeddable":true,"href":"https:\/\/sudoesteacontece.com.br\/index.php?rest_route=%2Fwp%2Fv2%2Fcategories&post=29371"},{"taxonomy":"post_tag","embeddable":true,"href":"https:\/\/sudoesteacontece.com.br\/index.php?rest_route=%2Fwp%2Fv2%2Ftags&post=29371"}],"curies":[{"name":"wp","href":"https:\/\/api.w.org\/{rel}","templated":true}]}}