{"id":29375,"date":"2026-09-03T17:46:30","date_gmt":"2026-09-03T20:46:30","guid":{"rendered":"https:\/\/sudoesteacontece.com.br\/?p=29375"},"modified":"2026-09-03T17:46:36","modified_gmt":"2026-09-03T20:46:36","slug":"audiencia-publica-discute-criacao-do-forum-municipal-de-educacao-em-brumado","status":"publish","type":"post","link":"https:\/\/sudoesteacontece.com.br\/?p=29375","title":{"rendered":"Audi\u00eancia p\u00fablica discute cria\u00e7\u00e3o do F\u00f3rum Municipal de Educa\u00e7\u00e3o em Brumado"},"content":{"rendered":"\n<figure class=\"wp-block-image size-large\"><img fetchpriority=\"high\" decoding=\"async\" width=\"1024\" height=\"707\" src=\"http:\/\/sudoesteacontece.com.br\/wp-content\/uploads\/2026\/09\/imgupscaler-enhanced-1024x707.jpg\" alt=\"\" class=\"wp-image-29396\" srcset=\"https:\/\/sudoesteacontece.com.br\/wp-content\/uploads\/2026\/09\/imgupscaler-enhanced-1024x707.jpg 1024w, https:\/\/sudoesteacontece.com.br\/wp-content\/uploads\/2026\/09\/imgupscaler-enhanced-300x207.jpg 300w, https:\/\/sudoesteacontece.com.br\/wp-content\/uploads\/2026\/09\/imgupscaler-enhanced-768x530.jpg 768w, https:\/\/sudoesteacontece.com.br\/wp-content\/uploads\/2026\/09\/imgupscaler-enhanced.jpg 1472w\" sizes=\"(max-width: 1024px) 100vw, 1024px\" \/><\/figure>\n\n\n\n<p class=\"wp-block-paragraph\">A Prefeitura de Brumado realizou, na quarta-feira (2), uma audi\u00eancia p\u00fablica para discutir a cria\u00e7\u00e3o do F\u00f3rum Municipal de Educa\u00e7\u00e3o. O encontro, promovido pela Secretaria Municipal de Educa\u00e7\u00e3o (SEMED), ocorreu no audit\u00f3rio da Prefeitura e reuniu representantes de diferentes setores ligados ao ensino no munic\u00edpio.<\/p>\n\n\n\n<p class=\"wp-block-paragraph\">Participaram da discuss\u00e3o autoridades, professores, cuidadores de creches, pais, int\u00e9rpretes de Libras e representantes de institui\u00e7\u00f5es p\u00fablicas e privadas. A audi\u00eancia buscou ampliar o di\u00e1logo entre a comunidade escolar e o poder p\u00fablico sobre as pol\u00edticas educacionais de Brumado.<\/p>\n\n\n\n<p class=\"wp-block-paragraph\">Durante a reuni\u00e3o, os participantes apresentaram ideias e perspectivas para contribuir com a constru\u00e7\u00e3o de uma educa\u00e7\u00e3o mais inclusiva e participativa. As manifesta\u00e7\u00f5es tamb\u00e9m tiveram como objetivo aproximar as decis\u00f5es administrativas das necessidades da popula\u00e7\u00e3o.<\/p>\n\n\n\n<p class=\"wp-block-paragraph\">Com a proposta de cria\u00e7\u00e3o do f\u00f3rum, a administra\u00e7\u00e3o municipal pretende fortalecer a participa\u00e7\u00e3o da sociedade no debate sobre a educa\u00e7\u00e3o. O espa\u00e7o dever\u00e1 reunir representantes de diferentes segmentos para acompanhar e contribuir com as pol\u00edticas p\u00fablicas da \u00e1rea.<\/p>\n\n\n\n<p class=\"wp-block-paragraph\">A iniciativa tamb\u00e9m busca ampliar a participa\u00e7\u00e3o social no planejamento e no desenvolvimento da educa\u00e7\u00e3o municipal. A institui\u00e7\u00e3o do F\u00f3rum Municipal de Educa\u00e7\u00e3o pretende criar um ambiente permanente de di\u00e1logo entre os setores envolvidos no ensino de Brumado.<\/p>\n","protected":false},"excerpt":{"rendered":"<p>A Prefeitura de Brumado realizou, na quarta-feira (2), uma audi\u00eancia p\u00fablica para discutir a cria\u00e7\u00e3o do F\u00f3rum Municipal de Educa\u00e7\u00e3o. O encontro, promovido pela Secretaria Municipal de Educa\u00e7\u00e3o (SEMED), ocorreu no audit\u00f3rio da Prefeitura e reuniu representantes de diferentes setores ligados ao ensino no munic\u00edpio. Participaram da discuss\u00e3o autoridades, professores, cuidadores de creches, pais, int\u00e9rpretes de Libras e representantes de institui\u00e7\u00f5es p\u00fablicas e privadas. A audi\u00eancia buscou ampliar o di\u00e1logo entre a comunidade escolar e o poder p\u00fablico sobre as pol\u00edticas educacionais de Brumado. Durante a reuni\u00e3o, os participantes apresentaram ideias e perspectivas para contribuir com a constru\u00e7\u00e3o de uma educa\u00e7\u00e3o mais inclusiva e participativa. As manifesta\u00e7\u00f5es tamb\u00e9m tiveram como objetivo aproximar as decis\u00f5es administrativas das necessidades da popula\u00e7\u00e3o. Com a proposta de cria\u00e7\u00e3o do f\u00f3rum, a administra\u00e7\u00e3o municipal pretende fortalecer a participa\u00e7\u00e3o da sociedade no debate sobre a educa\u00e7\u00e3o. O espa\u00e7o dever\u00e1 reunir representantes de diferentes segmentos para acompanhar e contribuir com as pol\u00edticas p\u00fablicas da \u00e1rea. A iniciativa tamb\u00e9m busca ampliar a participa\u00e7\u00e3o social no planejamento e no desenvolvimento da educa\u00e7\u00e3o municipal. A institui\u00e7\u00e3o do F\u00f3rum Municipal de Educa\u00e7\u00e3o pretende criar um ambiente permanente de di\u00e1logo entre os setores envolvidos no ensino de Brumado.<\/p>\n","protected":false},"author":4,"featured_media":0,"comment_status":"open","ping_status":"open","sticky":false,"template":"","format":"standard","meta":{"footnotes":""},"categories":[10,4,6],"tags":[],"class_list":["post-29375","post","type-post","status-publish","format-standard","hentry","category-brumado","category-cidades","category-politica"],"yoast_head":"<!-- This site is optimized with the Yoast SEO plugin v26.5 - https:\/\/yoast.com\/wordpress\/plugins\/seo\/ -->\n<title>Audi\u00eancia p\u00fablica discute cria\u00e7\u00e3o do F\u00f3rum Municipal de Educa\u00e7\u00e3o em Brumado - Sudoesteacontece<\/title>\n<meta name=\"robots\" content=\"index, follow, max-snippet:-1, max-image-preview:large, max-video-preview:-1\" \/>\n<link rel=\"canonical\" href=\"https:\/\/sudoesteacontece.com.br\/?p=29375\" \/>\n<meta property=\"og:locale\" content=\"pt_BR\" \/>\n<meta property=\"og:type\" content=\"article\" \/>\n<meta property=\"og:title\" content=\"Audi\u00eancia p\u00fablica discute cria\u00e7\u00e3o do F\u00f3rum Municipal de Educa\u00e7\u00e3o em Brumado - Sudoesteacontece\" \/>\n<meta property=\"og:description\" content=\"A Prefeitura de Brumado realizou, na quarta-feira (2), uma audi\u00eancia p\u00fablica para discutir a cria\u00e7\u00e3o do F\u00f3rum Municipal de Educa\u00e7\u00e3o. O encontro, promovido pela Secretaria Municipal de Educa\u00e7\u00e3o (SEMED), ocorreu no audit\u00f3rio da Prefeitura e reuniu representantes de diferentes setores ligados ao ensino no munic\u00edpio. Participaram da discuss\u00e3o autoridades, professores, cuidadores de creches, pais, int\u00e9rpretes de Libras e representantes de institui\u00e7\u00f5es p\u00fablicas e privadas. A audi\u00eancia buscou ampliar o di\u00e1logo entre a comunidade escolar e o poder p\u00fablico sobre as pol\u00edticas educacionais de Brumado. Durante a reuni\u00e3o, os participantes apresentaram ideias e perspectivas para contribuir com a constru\u00e7\u00e3o de uma educa\u00e7\u00e3o mais inclusiva e participativa. As manifesta\u00e7\u00f5es tamb\u00e9m tiveram como objetivo aproximar as decis\u00f5es administrativas das necessidades da popula\u00e7\u00e3o. Com a proposta de cria\u00e7\u00e3o do f\u00f3rum, a administra\u00e7\u00e3o municipal pretende fortalecer a participa\u00e7\u00e3o da sociedade no debate sobre a educa\u00e7\u00e3o. O espa\u00e7o dever\u00e1 reunir representantes de diferentes segmentos para acompanhar e contribuir com as pol\u00edticas p\u00fablicas da \u00e1rea. A iniciativa tamb\u00e9m busca ampliar a participa\u00e7\u00e3o social no planejamento e no desenvolvimento da educa\u00e7\u00e3o municipal. A institui\u00e7\u00e3o do F\u00f3rum Municipal de Educa\u00e7\u00e3o pretende criar um ambiente permanente de di\u00e1logo entre os setores envolvidos no ensino de Brumado.\" \/>\n<meta property=\"og:url\" content=\"https:\/\/sudoesteacontece.com.br\/?p=29375\" \/>\n<meta property=\"og:site_name\" content=\"Sudoesteacontece\" \/>\n<meta property=\"article:publisher\" content=\"https:\/\/www.facebook.com\/sudoesteacontece\/?locale=pt_BR\" \/>\n<meta property=\"article:published_time\" content=\"2026-09-03T20:46:30+00:00\" \/>\n<meta property=\"article:modified_time\" content=\"2026-09-03T20:46:36+00:00\" \/>\n<meta property=\"og:image\" content=\"https:\/\/sudoesteacontece.com.br\/wp-content\/uploads\/2026\/09\/imgupscaler-enhanced.jpg\" \/>\n\t<meta property=\"og:image:width\" content=\"1472\" \/>\n\t<meta property=\"og:image:height\" content=\"1016\" \/>\n\t<meta property=\"og:image:type\" content=\"image\/jpeg\" \/>\n<meta name=\"author\" content=\"Reda\u00e7\u00e3o\" \/>\n<meta name=\"twitter:card\" content=\"summary_large_image\" \/>\n<meta name=\"twitter:label1\" content=\"Escrito por\" \/>\n\t<meta name=\"twitter:data1\" content=\"Reda\u00e7\u00e3o\" \/>\n\t<meta name=\"twitter:label2\" content=\"Est. tempo de leitura\" \/>\n\t<meta name=\"twitter:data2\" content=\"2 minutos\" \/>\n<script type=\"application\/ld+json\" class=\"yoast-schema-graph\">{\"@context\":\"https:\/\/schema.org\",\"@graph\":[{\"@type\":\"Article\",\"@id\":\"https:\/\/sudoesteacontece.com.br\/?p=29375#article\",\"isPartOf\":{\"@id\":\"https:\/\/sudoesteacontece.com.br\/?p=29375\"},\"author\":{\"name\":\"Reda\u00e7\u00e3o\",\"@id\":\"https:\/\/sudoesteacontece.com.br\/#\/schema\/person\/a4f22429c1d0923ef8f7d43343f8dc38\"},\"headline\":\"Audi\u00eancia p\u00fablica discute cria\u00e7\u00e3o do F\u00f3rum Municipal de Educa\u00e7\u00e3o em Brumado\",\"datePublished\":\"2026-09-03T20:46:30+00:00\",\"dateModified\":\"2026-09-03T20:46:36+00:00\",\"mainEntityOfPage\":{\"@id\":\"https:\/\/sudoesteacontece.com.br\/?p=29375\"},\"wordCount\":249,\"commentCount\":0,\"publisher\":{\"@id\":\"https:\/\/sudoesteacontece.com.br\/#organization\"},\"image\":{\"@id\":\"https:\/\/sudoesteacontece.com.br\/?p=29375#primaryimage\"},\"thumbnailUrl\":\"http:\/\/sudoesteacontece.com.br\/wp-content\/uploads\/2026\/09\/imgupscaler-enhanced-1024x707.jpg\",\"articleSection\":[\"Brumado\",\"Cidades\",\"Pol\u00edtica\"],\"inLanguage\":\"pt-BR\",\"potentialAction\":[{\"@type\":\"CommentAction\",\"name\":\"Comment\",\"target\":[\"https:\/\/sudoesteacontece.com.br\/?p=29375#respond\"]}]},{\"@type\":\"WebPage\",\"@id\":\"https:\/\/sudoesteacontece.com.br\/?p=29375\",\"url\":\"https:\/\/sudoesteacontece.com.br\/?p=29375\",\"name\":\"Audi\u00eancia p\u00fablica discute cria\u00e7\u00e3o do F\u00f3rum Municipal de Educa\u00e7\u00e3o em Brumado - Sudoesteacontece\",\"isPartOf\":{\"@id\":\"https:\/\/sudoesteacontece.com.br\/#website\"},\"primaryImageOfPage\":{\"@id\":\"https:\/\/sudoesteacontece.com.br\/?p=29375#primaryimage\"},\"image\":{\"@id\":\"https:\/\/sudoesteacontece.com.br\/?p=29375#primaryimage\"},\"thumbnailUrl\":\"http:\/\/sudoesteacontece.com.br\/wp-content\/uploads\/2026\/09\/imgupscaler-enhanced-1024x707.jpg\",\"datePublished\":\"2026-09-03T20:46:30+00:00\",\"dateModified\":\"2026-09-03T20:46:36+00:00\",\"breadcrumb\":{\"@id\":\"https:\/\/sudoesteacontece.com.br\/?p=29375#breadcrumb\"},\"inLanguage\":\"pt-BR\",\"potentialAction\":[{\"@type\":\"ReadAction\",\"target\":[\"https:\/\/sudoesteacontece.com.br\/?p=29375\"]}]},{\"@type\":\"ImageObject\",\"inLanguage\":\"pt-BR\",\"@id\":\"https:\/\/sudoesteacontece.com.br\/?p=29375#primaryimage\",\"url\":\"https:\/\/sudoesteacontece.com.br\/wp-content\/uploads\/2026\/09\/imgupscaler-enhanced.jpg\",\"contentUrl\":\"https:\/\/sudoesteacontece.com.br\/wp-content\/uploads\/2026\/09\/imgupscaler-enhanced.jpg\",\"width\":1472,\"height\":1016},{\"@type\":\"BreadcrumbList\",\"@id\":\"https:\/\/sudoesteacontece.com.br\/?p=29375#breadcrumb\",\"itemListElement\":[{\"@type\":\"ListItem\",\"position\":1,\"name\":\"In\u00edcio\",\"item\":\"https:\/\/sudoesteacontece.com.br\/\"},{\"@type\":\"ListItem\",\"position\":2,\"name\":\"Audi\u00eancia p\u00fablica discute cria\u00e7\u00e3o do F\u00f3rum Municipal de Educa\u00e7\u00e3o em Brumado\"}]},{\"@type\":\"WebSite\",\"@id\":\"https:\/\/sudoesteacontece.com.br\/#website\",\"url\":\"https:\/\/sudoesteacontece.com.br\/\",\"name\":\"Sudoesteacontece\",\"description\":\"\",\"publisher\":{\"@id\":\"https:\/\/sudoesteacontece.com.br\/#organization\"},\"potentialAction\":[{\"@type\":\"SearchAction\",\"target\":{\"@type\":\"EntryPoint\",\"urlTemplate\":\"https:\/\/sudoesteacontece.com.br\/?s={search_term_string}\"},\"query-input\":{\"@type\":\"PropertyValueSpecification\",\"valueRequired\":true,\"valueName\":\"search_term_string\"}}],\"inLanguage\":\"pt-BR\"},{\"@type\":\"Organization\",\"@id\":\"https:\/\/sudoesteacontece.com.br\/#organization\",\"name\":\"Sudoesteacontece\",\"url\":\"https:\/\/sudoesteacontece.com.br\/\",\"logo\":{\"@type\":\"ImageObject\",\"inLanguage\":\"pt-BR\",\"@id\":\"https:\/\/sudoesteacontece.com.br\/#\/schema\/logo\/image\/\",\"url\":\"https:\/\/sudoesteacontece.com.br\/wp-content\/uploads\/2025\/12\/cropped-logo-2-180x180-1.png\",\"contentUrl\":\"https:\/\/sudoesteacontece.com.br\/wp-content\/uploads\/2025\/12\/cropped-logo-2-180x180-1.png\",\"width\":180,\"height\":180,\"caption\":\"Sudoesteacontece\"},\"image\":{\"@id\":\"https:\/\/sudoesteacontece.com.br\/#\/schema\/logo\/image\/\"},\"sameAs\":[\"https:\/\/www.facebook.com\/sudoesteacontece\/?locale=pt_BR\"]},{\"@type\":\"Person\",\"@id\":\"https:\/\/sudoesteacontece.com.br\/#\/schema\/person\/a4f22429c1d0923ef8f7d43343f8dc38\",\"name\":\"Reda\u00e7\u00e3o\",\"image\":{\"@type\":\"ImageObject\",\"inLanguage\":\"pt-BR\",\"@id\":\"https:\/\/sudoesteacontece.com.br\/#\/schema\/person\/image\/\",\"url\":\"https:\/\/secure.gravatar.com\/avatar\/c3a5b3c93f268a709c25a2df414c629a96fb3b1b4bf97a94fb3f72e54ae76903?s=96&d=mm&r=g\",\"contentUrl\":\"https:\/\/secure.gravatar.com\/avatar\/c3a5b3c93f268a709c25a2df414c629a96fb3b1b4bf97a94fb3f72e54ae76903?s=96&d=mm&r=g\",\"caption\":\"Reda\u00e7\u00e3o\"},\"url\":\"https:\/\/sudoesteacontece.com.br\/?author=4\"}]}<\/script>\n<!-- \/ Yoast SEO plugin. -->","yoast_head_json":{"title":"Audi\u00eancia p\u00fablica discute cria\u00e7\u00e3o do F\u00f3rum Municipal de Educa\u00e7\u00e3o em Brumado - Sudoesteacontece","robots":{"index":"index","follow":"follow","max-snippet":"max-snippet:-1","max-image-preview":"max-image-preview:large","max-video-preview":"max-video-preview:-1"},"canonical":"https:\/\/sudoesteacontece.com.br\/?p=29375","og_locale":"pt_BR","og_type":"article","og_title":"Audi\u00eancia p\u00fablica discute cria\u00e7\u00e3o do F\u00f3rum Municipal de Educa\u00e7\u00e3o em Brumado - Sudoesteacontece","og_description":"A Prefeitura de Brumado realizou, na quarta-feira (2), uma audi\u00eancia p\u00fablica para discutir a cria\u00e7\u00e3o do F\u00f3rum Municipal de Educa\u00e7\u00e3o. O encontro, promovido pela Secretaria Municipal de Educa\u00e7\u00e3o (SEMED), ocorreu no audit\u00f3rio da Prefeitura e reuniu representantes de diferentes setores ligados ao ensino no munic\u00edpio. Participaram da discuss\u00e3o autoridades, professores, cuidadores de creches, pais, int\u00e9rpretes de Libras e representantes de institui\u00e7\u00f5es p\u00fablicas e privadas. A audi\u00eancia buscou ampliar o di\u00e1logo entre a comunidade escolar e o poder p\u00fablico sobre as pol\u00edticas educacionais de Brumado. Durante a reuni\u00e3o, os participantes apresentaram ideias e perspectivas para contribuir com a constru\u00e7\u00e3o de uma educa\u00e7\u00e3o mais inclusiva e participativa. As manifesta\u00e7\u00f5es tamb\u00e9m tiveram como objetivo aproximar as decis\u00f5es administrativas das necessidades da popula\u00e7\u00e3o. Com a proposta de cria\u00e7\u00e3o do f\u00f3rum, a administra\u00e7\u00e3o municipal pretende fortalecer a participa\u00e7\u00e3o da sociedade no debate sobre a educa\u00e7\u00e3o. O espa\u00e7o dever\u00e1 reunir representantes de diferentes segmentos para acompanhar e contribuir com as pol\u00edticas p\u00fablicas da \u00e1rea. A iniciativa tamb\u00e9m busca ampliar a participa\u00e7\u00e3o social no planejamento e no desenvolvimento da educa\u00e7\u00e3o municipal. A institui\u00e7\u00e3o do F\u00f3rum Municipal de Educa\u00e7\u00e3o pretende criar um ambiente permanente de di\u00e1logo entre os setores envolvidos no ensino de Brumado.","og_url":"https:\/\/sudoesteacontece.com.br\/?p=29375","og_site_name":"Sudoesteacontece","article_publisher":"https:\/\/www.facebook.com\/sudoesteacontece\/?locale=pt_BR","article_published_time":"2026-09-03T20:46:30+00:00","article_modified_time":"2026-09-03T20:46:36+00:00","og_image":[{"width":1472,"height":1016,"url":"https:\/\/sudoesteacontece.com.br\/wp-content\/uploads\/2026\/09\/imgupscaler-enhanced.jpg","type":"image\/jpeg"}],"author":"Reda\u00e7\u00e3o","twitter_card":"summary_large_image","twitter_misc":{"Escrito por":"Reda\u00e7\u00e3o","Est. tempo de leitura":"2 minutos"},"schema":{"@context":"https:\/\/schema.org","@graph":[{"@type":"Article","@id":"https:\/\/sudoesteacontece.com.br\/?p=29375#article","isPartOf":{"@id":"https:\/\/sudoesteacontece.com.br\/?p=29375"},"author":{"name":"Reda\u00e7\u00e3o","@id":"https:\/\/sudoesteacontece.com.br\/#\/schema\/person\/a4f22429c1d0923ef8f7d43343f8dc38"},"headline":"Audi\u00eancia p\u00fablica discute cria\u00e7\u00e3o do F\u00f3rum Municipal de Educa\u00e7\u00e3o em Brumado","datePublished":"2026-09-03T20:46:30+00:00","dateModified":"2026-09-03T20:46:36+00:00","mainEntityOfPage":{"@id":"https:\/\/sudoesteacontece.com.br\/?p=29375"},"wordCount":249,"commentCount":0,"publisher":{"@id":"https:\/\/sudoesteacontece.com.br\/#organization"},"image":{"@id":"https:\/\/sudoesteacontece.com.br\/?p=29375#primaryimage"},"thumbnailUrl":"http:\/\/sudoesteacontece.com.br\/wp-content\/uploads\/2026\/09\/imgupscaler-enhanced-1024x707.jpg","articleSection":["Brumado","Cidades","Pol\u00edtica"],"inLanguage":"pt-BR","potentialAction":[{"@type":"CommentAction","name":"Comment","target":["https:\/\/sudoesteacontece.com.br\/?p=29375#respond"]}]},{"@type":"WebPage","@id":"https:\/\/sudoesteacontece.com.br\/?p=29375","url":"https:\/\/sudoesteacontece.com.br\/?p=29375","name":"Audi\u00eancia p\u00fablica discute cria\u00e7\u00e3o do F\u00f3rum Municipal de Educa\u00e7\u00e3o em Brumado - Sudoesteacontece","isPartOf":{"@id":"https:\/\/sudoesteacontece.com.br\/#website"},"primaryImageOfPage":{"@id":"https:\/\/sudoesteacontece.com.br\/?p=29375#primaryimage"},"image":{"@id":"https:\/\/sudoesteacontece.com.br\/?p=29375#primaryimage"},"thumbnailUrl":"http:\/\/sudoesteacontece.com.br\/wp-content\/uploads\/2026\/09\/imgupscaler-enhanced-1024x707.jpg","datePublished":"2026-09-03T20:46:30+00:00","dateModified":"2026-09-03T20:46:36+00:00","breadcrumb":{"@id":"https:\/\/sudoesteacontece.com.br\/?p=29375#breadcrumb"},"inLanguage":"pt-BR","potentialAction":[{"@type":"ReadAction","target":["https:\/\/sudoesteacontece.com.br\/?p=29375"]}]},{"@type":"ImageObject","inLanguage":"pt-BR","@id":"https:\/\/sudoesteacontece.com.br\/?p=29375#primaryimage","url":"https:\/\/sudoesteacontece.com.br\/wp-content\/uploads\/2026\/09\/imgupscaler-enhanced.jpg","contentUrl":"https:\/\/sudoesteacontece.com.br\/wp-content\/uploads\/2026\/09\/imgupscaler-enhanced.jpg","width":1472,"height":1016},{"@type":"BreadcrumbList","@id":"https:\/\/sudoesteacontece.com.br\/?p=29375#breadcrumb","itemListElement":[{"@type":"ListItem","position":1,"name":"In\u00edcio","item":"https:\/\/sudoesteacontece.com.br\/"},{"@type":"ListItem","position":2,"name":"Audi\u00eancia p\u00fablica discute cria\u00e7\u00e3o do F\u00f3rum Municipal de Educa\u00e7\u00e3o em Brumado"}]},{"@type":"WebSite","@id":"https:\/\/sudoesteacontece.com.br\/#website","url":"https:\/\/sudoesteacontece.com.br\/","name":"Sudoesteacontece","description":"","publisher":{"@id":"https:\/\/sudoesteacontece.com.br\/#organization"},"potentialAction":[{"@type":"SearchAction","target":{"@type":"EntryPoint","urlTemplate":"https:\/\/sudoesteacontece.com.br\/?s={search_term_string}"},"query-input":{"@type":"PropertyValueSpecification","valueRequired":true,"valueName":"search_term_string"}}],"inLanguage":"pt-BR"},{"@type":"Organization","@id":"https:\/\/sudoesteacontece.com.br\/#organization","name":"Sudoesteacontece","url":"https:\/\/sudoesteacontece.com.br\/","logo":{"@type":"ImageObject","inLanguage":"pt-BR","@id":"https:\/\/sudoesteacontece.com.br\/#\/schema\/logo\/image\/","url":"https:\/\/sudoesteacontece.com.br\/wp-content\/uploads\/2025\/12\/cropped-logo-2-180x180-1.png","contentUrl":"https:\/\/sudoesteacontece.com.br\/wp-content\/uploads\/2025\/12\/cropped-logo-2-180x180-1.png","width":180,"height":180,"caption":"Sudoesteacontece"},"image":{"@id":"https:\/\/sudoesteacontece.com.br\/#\/schema\/logo\/image\/"},"sameAs":["https:\/\/www.facebook.com\/sudoesteacontece\/?locale=pt_BR"]},{"@type":"Person","@id":"https:\/\/sudoesteacontece.com.br\/#\/schema\/person\/a4f22429c1d0923ef8f7d43343f8dc38","name":"Reda\u00e7\u00e3o","image":{"@type":"ImageObject","inLanguage":"pt-BR","@id":"https:\/\/sudoesteacontece.com.br\/#\/schema\/person\/image\/","url":"https:\/\/secure.gravatar.com\/avatar\/c3a5b3c93f268a709c25a2df414c629a96fb3b1b4bf97a94fb3f72e54ae76903?s=96&d=mm&r=g","contentUrl":"https:\/\/secure.gravatar.com\/avatar\/c3a5b3c93f268a709c25a2df414c629a96fb3b1b4bf97a94fb3f72e54ae76903?s=96&d=mm&r=g","caption":"Reda\u00e7\u00e3o"},"url":"https:\/\/sudoesteacontece.com.br\/?author=4"}]}},"_links":{"self":[{"href":"https:\/\/sudoesteacontece.com.br\/index.php?rest_route=\/wp\/v2\/posts\/29375","targetHints":{"allow":["GET"]}}],"collection":[{"href":"https:\/\/sudoesteacontece.com.br\/index.php?rest_route=\/wp\/v2\/posts"}],"about":[{"href":"https:\/\/sudoesteacontece.com.br\/index.php?rest_route=\/wp\/v2\/types\/post"}],"author":[{"embeddable":true,"href":"https:\/\/sudoesteacontece.com.br\/index.php?rest_route=\/wp\/v2\/users\/4"}],"replies":[{"embeddable":true,"href":"https:\/\/sudoesteacontece.com.br\/index.php?rest_route=%2Fwp%2Fv2%2Fcomments&post=29375"}],"version-history":[{"count":1,"href":"https:\/\/sudoesteacontece.com.br\/index.php?rest_route=\/wp\/v2\/posts\/29375\/revisions"}],"predecessor-version":[{"id":29397,"href":"https:\/\/sudoesteacontece.com.br\/index.php?rest_route=\/wp\/v2\/posts\/29375\/revisions\/29397"}],"wp:attachment":[{"href":"https:\/\/sudoesteacontece.com.br\/index.php?rest_route=%2Fwp%2Fv2%2Fmedia&parent=29375"}],"wp:term":[{"taxonomy":"category","embeddable":true,"href":"https:\/\/sudoesteacontece.com.br\/index.php?rest_route=%2Fwp%2Fv2%2Fcategories&post=29375"},{"taxonomy":"post_tag","embeddable":true,"href":"https:\/\/sudoesteacontece.com.br\/index.php?rest_route=%2Fwp%2Fv2%2Ftags&post=29375"}],"curies":[{"name":"wp","href":"https:\/\/api.w.org\/{rel}","templated":true}]}}