{"id":29410,"date":"2026-09-04T12:24:46","date_gmt":"2026-09-04T15:24:46","guid":{"rendered":"https:\/\/sudoesteacontece.com.br\/?p=29410"},"modified":"2026-09-04T12:24:52","modified_gmt":"2026-09-04T15:24:52","slug":"pm-apreende-granada-armas-e-drogas-escondidas-em-area-de-mata-em-marau","status":"publish","type":"post","link":"https:\/\/sudoesteacontece.com.br\/?p=29410","title":{"rendered":"PM apreende granada, armas e drogas escondidas em \u00e1rea de mata em Mara\u00fa"},"content":{"rendered":"\n<figure class=\"wp-block-image size-full\"><img fetchpriority=\"high\" decoding=\"async\" width=\"900\" height=\"600\" src=\"http:\/\/sudoesteacontece.com.br\/wp-content\/uploads\/2026\/09\/PM-apreende-granada-armas-e-drogas-escondidas-em-area-de-mata-em-Marau.jpg\" alt=\"\" class=\"wp-image-29467\" srcset=\"https:\/\/sudoesteacontece.com.br\/wp-content\/uploads\/2026\/09\/PM-apreende-granada-armas-e-drogas-escondidas-em-area-de-mata-em-Marau.jpg 900w, https:\/\/sudoesteacontece.com.br\/wp-content\/uploads\/2026\/09\/PM-apreende-granada-armas-e-drogas-escondidas-em-area-de-mata-em-Marau-300x200.jpg 300w, https:\/\/sudoesteacontece.com.br\/wp-content\/uploads\/2026\/09\/PM-apreende-granada-armas-e-drogas-escondidas-em-area-de-mata-em-Marau-768x512.jpg 768w\" sizes=\"(max-width: 900px) 100vw, 900px\" \/><\/figure>\n\n\n\n<p class=\"wp-block-paragraph\">Uma granada, duas armas de fogo, muni\u00e7\u00f5es e drogas foram apreendidas pela Pol\u00edcia Militar na noite desta quinta-feira (3), na regi\u00e3o de Taipu de Fora, em Mara\u00fa, no sul da Bahia. A a\u00e7\u00e3o ocorreu durante uma averigua\u00e7\u00e3o em uma \u00e1rea de mata. Um motociclista foi abordado ao deixar o local e, segundo a PM, policiais encontraram por\u00e7\u00f5es de maconha com ele.<\/p>\n\n\n\n<p class=\"wp-block-paragraph\">Durante as buscas pela vegeta\u00e7\u00e3o, outro homem teria fugido ao perceber a presen\u00e7a dos policiais. Na sequ\u00eancia, a equipe encontrou um tonel enterrado, onde parte do material estava escondida. A apreens\u00e3o incluiu uma espingarda calibre 12, uma pistola 9 mm, carregadores, muni\u00e7\u00f5es de diferentes calibres e uma granada.<\/p>\n\n\n\n<p class=\"wp-block-paragraph\">Tamb\u00e9m foram localizados um r\u00e1dio comunicador, uma balan\u00e7a de precis\u00e3o, por\u00e7\u00f5es de maconha, pinos usados para acondicionar coca\u00edna e outros materiais relacionados ao armazenamento de entorpecentes. Todo o material foi recolhido pelos policiais durante a opera\u00e7\u00e3o. Um suspeito localizado na a\u00e7\u00e3o tamb\u00e9m foi conduzido para prestar esclarecimentos.<\/p>\n\n\n\n<p class=\"wp-block-paragraph\">Entre os objetos apreendidos estava ainda uma chave de Fiat Palio. Segundo a Pol\u00edcia Militar, o objeto foi testado em um ve\u00edculo abandonado depois de um confronto registrado em 31 de maio, na BR-030, entre Mara\u00fa e Barra Grande. A chave teria acionado normalmente a igni\u00e7\u00e3o e o painel do autom\u00f3vel.<\/p>\n\n\n\n<p class=\"wp-block-paragraph\">Na ocorr\u00eancia de maio, um jovem morreu durante o confronto e outra pessoa ficou gravemente ferida. Conforme as informa\u00e7\u00f5es repassadas na ocasi\u00e3o, a v\u00edtima fatal n\u00e3o seria o alvo da a\u00e7\u00e3o. Os suspeitos teriam utilizado uma espingarda calibre 12 e uma pistola durante o epis\u00f3dio.<\/p>\n\n\n\n<p class=\"wp-block-paragraph\">Agora, a Pol\u00edcia Civil dever\u00e1 investigar se existe rela\u00e7\u00e3o entre as armas e demais materiais apreendidos e o homic\u00eddio ocorrido em maio. Os objetos dever\u00e3o passar por per\u00edcia para verificar poss\u00edveis v\u00ednculos com o crime. O suspeito e todo o material foram encaminhados \u00e0 Delegacia Territorial, onde foram adotadas as medidas cab\u00edveis.<\/p>\n","protected":false},"excerpt":{"rendered":"<p>Uma granada, duas armas de fogo, muni\u00e7\u00f5es e drogas foram apreendidas pela Pol\u00edcia Militar na noite desta quinta-feira (3), na regi\u00e3o de Taipu de Fora, em Mara\u00fa, no sul da Bahia. A a\u00e7\u00e3o ocorreu durante uma averigua\u00e7\u00e3o em uma \u00e1rea de mata. Um motociclista foi abordado ao deixar o local e, segundo a PM, policiais encontraram por\u00e7\u00f5es de maconha com ele. Durante as buscas pela vegeta\u00e7\u00e3o, outro homem teria fugido ao perceber a presen\u00e7a dos policiais. Na sequ\u00eancia, a equipe encontrou um tonel enterrado, onde parte do material estava escondida. A apreens\u00e3o incluiu uma espingarda calibre 12, uma pistola 9 mm, carregadores, muni\u00e7\u00f5es de diferentes calibres e uma granada. Tamb\u00e9m foram localizados um r\u00e1dio comunicador, uma balan\u00e7a de precis\u00e3o, por\u00e7\u00f5es de maconha, pinos usados para acondicionar coca\u00edna e outros materiais relacionados ao armazenamento de entorpecentes. Todo o material foi recolhido pelos policiais durante a opera\u00e7\u00e3o. Um suspeito localizado na a\u00e7\u00e3o tamb\u00e9m foi conduzido para prestar esclarecimentos. Entre os objetos apreendidos estava ainda uma chave de Fiat Palio. Segundo a Pol\u00edcia Militar, o objeto foi testado em um ve\u00edculo abandonado depois de um confronto registrado em 31 de maio, na BR-030, entre Mara\u00fa e Barra Grande. A chave teria acionado normalmente a igni\u00e7\u00e3o e o painel do autom\u00f3vel. Na ocorr\u00eancia de maio, um jovem morreu durante o confronto e outra pessoa ficou gravemente ferida. Conforme as informa\u00e7\u00f5es repassadas na ocasi\u00e3o, a v\u00edtima fatal n\u00e3o seria o alvo da a\u00e7\u00e3o. Os suspeitos teriam utilizado uma espingarda calibre 12 e uma pistola durante o epis\u00f3dio. Agora, a Pol\u00edcia Civil dever\u00e1 investigar se existe rela\u00e7\u00e3o entre as armas e demais materiais apreendidos e o homic\u00eddio ocorrido em maio. Os objetos dever\u00e3o passar por per\u00edcia para verificar poss\u00edveis v\u00ednculos com o crime. O suspeito e todo o material foram encaminhados \u00e0 Delegacia Territorial, onde foram adotadas as medidas cab\u00edveis.<\/p>\n","protected":false},"author":4,"featured_media":0,"comment_status":"open","ping_status":"open","sticky":false,"template":"","format":"standard","meta":{"footnotes":""},"categories":[4,3],"tags":[],"class_list":["post-29410","post","type-post","status-publish","format-standard","hentry","category-cidades","category-policia"],"yoast_head":"<!-- This site is optimized with the Yoast SEO plugin v26.5 - https:\/\/yoast.com\/wordpress\/plugins\/seo\/ -->\n<title>PM apreende granada, armas e drogas escondidas em \u00e1rea de mata em Mara\u00fa - Sudoesteacontece<\/title>\n<meta name=\"robots\" content=\"index, follow, max-snippet:-1, max-image-preview:large, max-video-preview:-1\" \/>\n<link rel=\"canonical\" href=\"https:\/\/sudoesteacontece.com.br\/?p=29410\" \/>\n<meta property=\"og:locale\" content=\"pt_BR\" \/>\n<meta property=\"og:type\" content=\"article\" \/>\n<meta property=\"og:title\" content=\"PM apreende granada, armas e drogas escondidas em \u00e1rea de mata em Mara\u00fa - Sudoesteacontece\" \/>\n<meta property=\"og:description\" content=\"Uma granada, duas armas de fogo, muni\u00e7\u00f5es e drogas foram apreendidas pela Pol\u00edcia Militar na noite desta quinta-feira (3), na regi\u00e3o de Taipu de Fora, em Mara\u00fa, no sul da Bahia. A a\u00e7\u00e3o ocorreu durante uma averigua\u00e7\u00e3o em uma \u00e1rea de mata. Um motociclista foi abordado ao deixar o local e, segundo a PM, policiais encontraram por\u00e7\u00f5es de maconha com ele. Durante as buscas pela vegeta\u00e7\u00e3o, outro homem teria fugido ao perceber a presen\u00e7a dos policiais. Na sequ\u00eancia, a equipe encontrou um tonel enterrado, onde parte do material estava escondida. A apreens\u00e3o incluiu uma espingarda calibre 12, uma pistola 9 mm, carregadores, muni\u00e7\u00f5es de diferentes calibres e uma granada. Tamb\u00e9m foram localizados um r\u00e1dio comunicador, uma balan\u00e7a de precis\u00e3o, por\u00e7\u00f5es de maconha, pinos usados para acondicionar coca\u00edna e outros materiais relacionados ao armazenamento de entorpecentes. Todo o material foi recolhido pelos policiais durante a opera\u00e7\u00e3o. Um suspeito localizado na a\u00e7\u00e3o tamb\u00e9m foi conduzido para prestar esclarecimentos. Entre os objetos apreendidos estava ainda uma chave de Fiat Palio. Segundo a Pol\u00edcia Militar, o objeto foi testado em um ve\u00edculo abandonado depois de um confronto registrado em 31 de maio, na BR-030, entre Mara\u00fa e Barra Grande. A chave teria acionado normalmente a igni\u00e7\u00e3o e o painel do autom\u00f3vel. Na ocorr\u00eancia de maio, um jovem morreu durante o confronto e outra pessoa ficou gravemente ferida. Conforme as informa\u00e7\u00f5es repassadas na ocasi\u00e3o, a v\u00edtima fatal n\u00e3o seria o alvo da a\u00e7\u00e3o. Os suspeitos teriam utilizado uma espingarda calibre 12 e uma pistola durante o epis\u00f3dio. Agora, a Pol\u00edcia Civil dever\u00e1 investigar se existe rela\u00e7\u00e3o entre as armas e demais materiais apreendidos e o homic\u00eddio ocorrido em maio. Os objetos dever\u00e3o passar por per\u00edcia para verificar poss\u00edveis v\u00ednculos com o crime. O suspeito e todo o material foram encaminhados \u00e0 Delegacia Territorial, onde foram adotadas as medidas cab\u00edveis.\" \/>\n<meta property=\"og:url\" content=\"https:\/\/sudoesteacontece.com.br\/?p=29410\" \/>\n<meta property=\"og:site_name\" content=\"Sudoesteacontece\" \/>\n<meta property=\"article:publisher\" content=\"https:\/\/www.facebook.com\/sudoesteacontece\/?locale=pt_BR\" \/>\n<meta property=\"article:published_time\" content=\"2026-09-04T15:24:46+00:00\" \/>\n<meta property=\"article:modified_time\" content=\"2026-09-04T15:24:52+00:00\" \/>\n<meta property=\"og:image\" content=\"https:\/\/sudoesteacontece.com.br\/wp-content\/uploads\/2026\/09\/PM-apreende-granada-armas-e-drogas-escondidas-em-area-de-mata-em-Marau.jpg\" \/>\n\t<meta property=\"og:image:width\" content=\"900\" \/>\n\t<meta property=\"og:image:height\" content=\"600\" \/>\n\t<meta property=\"og:image:type\" content=\"image\/jpeg\" \/>\n<meta name=\"author\" content=\"Reda\u00e7\u00e3o\" \/>\n<meta name=\"twitter:card\" content=\"summary_large_image\" \/>\n<meta name=\"twitter:label1\" content=\"Escrito por\" \/>\n\t<meta name=\"twitter:data1\" content=\"Reda\u00e7\u00e3o\" \/>\n\t<meta name=\"twitter:label2\" content=\"Est. tempo de leitura\" \/>\n\t<meta name=\"twitter:data2\" content=\"2 minutos\" \/>\n<script type=\"application\/ld+json\" class=\"yoast-schema-graph\">{\"@context\":\"https:\/\/schema.org\",\"@graph\":[{\"@type\":\"Article\",\"@id\":\"https:\/\/sudoesteacontece.com.br\/?p=29410#article\",\"isPartOf\":{\"@id\":\"https:\/\/sudoesteacontece.com.br\/?p=29410\"},\"author\":{\"name\":\"Reda\u00e7\u00e3o\",\"@id\":\"https:\/\/sudoesteacontece.com.br\/#\/schema\/person\/a4f22429c1d0923ef8f7d43343f8dc38\"},\"headline\":\"PM apreende granada, armas e drogas escondidas em \u00e1rea de mata em Mara\u00fa\",\"datePublished\":\"2026-09-04T15:24:46+00:00\",\"dateModified\":\"2026-09-04T15:24:52+00:00\",\"mainEntityOfPage\":{\"@id\":\"https:\/\/sudoesteacontece.com.br\/?p=29410\"},\"wordCount\":350,\"commentCount\":0,\"publisher\":{\"@id\":\"https:\/\/sudoesteacontece.com.br\/#organization\"},\"image\":{\"@id\":\"https:\/\/sudoesteacontece.com.br\/?p=29410#primaryimage\"},\"thumbnailUrl\":\"http:\/\/sudoesteacontece.com.br\/wp-content\/uploads\/2026\/09\/PM-apreende-granada-armas-e-drogas-escondidas-em-area-de-mata-em-Marau.jpg\",\"articleSection\":[\"Cidades\",\"Pol\u00edcia\"],\"inLanguage\":\"pt-BR\",\"potentialAction\":[{\"@type\":\"CommentAction\",\"name\":\"Comment\",\"target\":[\"https:\/\/sudoesteacontece.com.br\/?p=29410#respond\"]}]},{\"@type\":\"WebPage\",\"@id\":\"https:\/\/sudoesteacontece.com.br\/?p=29410\",\"url\":\"https:\/\/sudoesteacontece.com.br\/?p=29410\",\"name\":\"PM apreende granada, armas e drogas escondidas em \u00e1rea de mata em Mara\u00fa - Sudoesteacontece\",\"isPartOf\":{\"@id\":\"https:\/\/sudoesteacontece.com.br\/#website\"},\"primaryImageOfPage\":{\"@id\":\"https:\/\/sudoesteacontece.com.br\/?p=29410#primaryimage\"},\"image\":{\"@id\":\"https:\/\/sudoesteacontece.com.br\/?p=29410#primaryimage\"},\"thumbnailUrl\":\"http:\/\/sudoesteacontece.com.br\/wp-content\/uploads\/2026\/09\/PM-apreende-granada-armas-e-drogas-escondidas-em-area-de-mata-em-Marau.jpg\",\"datePublished\":\"2026-09-04T15:24:46+00:00\",\"dateModified\":\"2026-09-04T15:24:52+00:00\",\"breadcrumb\":{\"@id\":\"https:\/\/sudoesteacontece.com.br\/?p=29410#breadcrumb\"},\"inLanguage\":\"pt-BR\",\"potentialAction\":[{\"@type\":\"ReadAction\",\"target\":[\"https:\/\/sudoesteacontece.com.br\/?p=29410\"]}]},{\"@type\":\"ImageObject\",\"inLanguage\":\"pt-BR\",\"@id\":\"https:\/\/sudoesteacontece.com.br\/?p=29410#primaryimage\",\"url\":\"https:\/\/sudoesteacontece.com.br\/wp-content\/uploads\/2026\/09\/PM-apreende-granada-armas-e-drogas-escondidas-em-area-de-mata-em-Marau.jpg\",\"contentUrl\":\"https:\/\/sudoesteacontece.com.br\/wp-content\/uploads\/2026\/09\/PM-apreende-granada-armas-e-drogas-escondidas-em-area-de-mata-em-Marau.jpg\",\"width\":900,\"height\":600},{\"@type\":\"BreadcrumbList\",\"@id\":\"https:\/\/sudoesteacontece.com.br\/?p=29410#breadcrumb\",\"itemListElement\":[{\"@type\":\"ListItem\",\"position\":1,\"name\":\"In\u00edcio\",\"item\":\"https:\/\/sudoesteacontece.com.br\/\"},{\"@type\":\"ListItem\",\"position\":2,\"name\":\"PM apreende granada, armas e drogas escondidas em \u00e1rea de mata em Mara\u00fa\"}]},{\"@type\":\"WebSite\",\"@id\":\"https:\/\/sudoesteacontece.com.br\/#website\",\"url\":\"https:\/\/sudoesteacontece.com.br\/\",\"name\":\"Sudoesteacontece\",\"description\":\"\",\"publisher\":{\"@id\":\"https:\/\/sudoesteacontece.com.br\/#organization\"},\"potentialAction\":[{\"@type\":\"SearchAction\",\"target\":{\"@type\":\"EntryPoint\",\"urlTemplate\":\"https:\/\/sudoesteacontece.com.br\/?s={search_term_string}\"},\"query-input\":{\"@type\":\"PropertyValueSpecification\",\"valueRequired\":true,\"valueName\":\"search_term_string\"}}],\"inLanguage\":\"pt-BR\"},{\"@type\":\"Organization\",\"@id\":\"https:\/\/sudoesteacontece.com.br\/#organization\",\"name\":\"Sudoesteacontece\",\"url\":\"https:\/\/sudoesteacontece.com.br\/\",\"logo\":{\"@type\":\"ImageObject\",\"inLanguage\":\"pt-BR\",\"@id\":\"https:\/\/sudoesteacontece.com.br\/#\/schema\/logo\/image\/\",\"url\":\"https:\/\/sudoesteacontece.com.br\/wp-content\/uploads\/2025\/12\/cropped-logo-2-180x180-1.png\",\"contentUrl\":\"https:\/\/sudoesteacontece.com.br\/wp-content\/uploads\/2025\/12\/cropped-logo-2-180x180-1.png\",\"width\":180,\"height\":180,\"caption\":\"Sudoesteacontece\"},\"image\":{\"@id\":\"https:\/\/sudoesteacontece.com.br\/#\/schema\/logo\/image\/\"},\"sameAs\":[\"https:\/\/www.facebook.com\/sudoesteacontece\/?locale=pt_BR\"]},{\"@type\":\"Person\",\"@id\":\"https:\/\/sudoesteacontece.com.br\/#\/schema\/person\/a4f22429c1d0923ef8f7d43343f8dc38\",\"name\":\"Reda\u00e7\u00e3o\",\"image\":{\"@type\":\"ImageObject\",\"inLanguage\":\"pt-BR\",\"@id\":\"https:\/\/sudoesteacontece.com.br\/#\/schema\/person\/image\/\",\"url\":\"https:\/\/secure.gravatar.com\/avatar\/c3a5b3c93f268a709c25a2df414c629a96fb3b1b4bf97a94fb3f72e54ae76903?s=96&d=mm&r=g\",\"contentUrl\":\"https:\/\/secure.gravatar.com\/avatar\/c3a5b3c93f268a709c25a2df414c629a96fb3b1b4bf97a94fb3f72e54ae76903?s=96&d=mm&r=g\",\"caption\":\"Reda\u00e7\u00e3o\"},\"url\":\"https:\/\/sudoesteacontece.com.br\/?author=4\"}]}<\/script>\n<!-- \/ Yoast SEO plugin. -->","yoast_head_json":{"title":"PM apreende granada, armas e drogas escondidas em \u00e1rea de mata em Mara\u00fa - Sudoesteacontece","robots":{"index":"index","follow":"follow","max-snippet":"max-snippet:-1","max-image-preview":"max-image-preview:large","max-video-preview":"max-video-preview:-1"},"canonical":"https:\/\/sudoesteacontece.com.br\/?p=29410","og_locale":"pt_BR","og_type":"article","og_title":"PM apreende granada, armas e drogas escondidas em \u00e1rea de mata em Mara\u00fa - Sudoesteacontece","og_description":"Uma granada, duas armas de fogo, muni\u00e7\u00f5es e drogas foram apreendidas pela Pol\u00edcia Militar na noite desta quinta-feira (3), na regi\u00e3o de Taipu de Fora, em Mara\u00fa, no sul da Bahia. A a\u00e7\u00e3o ocorreu durante uma averigua\u00e7\u00e3o em uma \u00e1rea de mata. Um motociclista foi abordado ao deixar o local e, segundo a PM, policiais encontraram por\u00e7\u00f5es de maconha com ele. Durante as buscas pela vegeta\u00e7\u00e3o, outro homem teria fugido ao perceber a presen\u00e7a dos policiais. Na sequ\u00eancia, a equipe encontrou um tonel enterrado, onde parte do material estava escondida. A apreens\u00e3o incluiu uma espingarda calibre 12, uma pistola 9 mm, carregadores, muni\u00e7\u00f5es de diferentes calibres e uma granada. Tamb\u00e9m foram localizados um r\u00e1dio comunicador, uma balan\u00e7a de precis\u00e3o, por\u00e7\u00f5es de maconha, pinos usados para acondicionar coca\u00edna e outros materiais relacionados ao armazenamento de entorpecentes. Todo o material foi recolhido pelos policiais durante a opera\u00e7\u00e3o. Um suspeito localizado na a\u00e7\u00e3o tamb\u00e9m foi conduzido para prestar esclarecimentos. Entre os objetos apreendidos estava ainda uma chave de Fiat Palio. Segundo a Pol\u00edcia Militar, o objeto foi testado em um ve\u00edculo abandonado depois de um confronto registrado em 31 de maio, na BR-030, entre Mara\u00fa e Barra Grande. A chave teria acionado normalmente a igni\u00e7\u00e3o e o painel do autom\u00f3vel. Na ocorr\u00eancia de maio, um jovem morreu durante o confronto e outra pessoa ficou gravemente ferida. Conforme as informa\u00e7\u00f5es repassadas na ocasi\u00e3o, a v\u00edtima fatal n\u00e3o seria o alvo da a\u00e7\u00e3o. Os suspeitos teriam utilizado uma espingarda calibre 12 e uma pistola durante o epis\u00f3dio. Agora, a Pol\u00edcia Civil dever\u00e1 investigar se existe rela\u00e7\u00e3o entre as armas e demais materiais apreendidos e o homic\u00eddio ocorrido em maio. Os objetos dever\u00e3o passar por per\u00edcia para verificar poss\u00edveis v\u00ednculos com o crime. O suspeito e todo o material foram encaminhados \u00e0 Delegacia Territorial, onde foram adotadas as medidas cab\u00edveis.","og_url":"https:\/\/sudoesteacontece.com.br\/?p=29410","og_site_name":"Sudoesteacontece","article_publisher":"https:\/\/www.facebook.com\/sudoesteacontece\/?locale=pt_BR","article_published_time":"2026-09-04T15:24:46+00:00","article_modified_time":"2026-09-04T15:24:52+00:00","og_image":[{"width":900,"height":600,"url":"https:\/\/sudoesteacontece.com.br\/wp-content\/uploads\/2026\/09\/PM-apreende-granada-armas-e-drogas-escondidas-em-area-de-mata-em-Marau.jpg","type":"image\/jpeg"}],"author":"Reda\u00e7\u00e3o","twitter_card":"summary_large_image","twitter_misc":{"Escrito por":"Reda\u00e7\u00e3o","Est. tempo de leitura":"2 minutos"},"schema":{"@context":"https:\/\/schema.org","@graph":[{"@type":"Article","@id":"https:\/\/sudoesteacontece.com.br\/?p=29410#article","isPartOf":{"@id":"https:\/\/sudoesteacontece.com.br\/?p=29410"},"author":{"name":"Reda\u00e7\u00e3o","@id":"https:\/\/sudoesteacontece.com.br\/#\/schema\/person\/a4f22429c1d0923ef8f7d43343f8dc38"},"headline":"PM apreende granada, armas e drogas escondidas em \u00e1rea de mata em Mara\u00fa","datePublished":"2026-09-04T15:24:46+00:00","dateModified":"2026-09-04T15:24:52+00:00","mainEntityOfPage":{"@id":"https:\/\/sudoesteacontece.com.br\/?p=29410"},"wordCount":350,"commentCount":0,"publisher":{"@id":"https:\/\/sudoesteacontece.com.br\/#organization"},"image":{"@id":"https:\/\/sudoesteacontece.com.br\/?p=29410#primaryimage"},"thumbnailUrl":"http:\/\/sudoesteacontece.com.br\/wp-content\/uploads\/2026\/09\/PM-apreende-granada-armas-e-drogas-escondidas-em-area-de-mata-em-Marau.jpg","articleSection":["Cidades","Pol\u00edcia"],"inLanguage":"pt-BR","potentialAction":[{"@type":"CommentAction","name":"Comment","target":["https:\/\/sudoesteacontece.com.br\/?p=29410#respond"]}]},{"@type":"WebPage","@id":"https:\/\/sudoesteacontece.com.br\/?p=29410","url":"https:\/\/sudoesteacontece.com.br\/?p=29410","name":"PM apreende granada, armas e drogas escondidas em \u00e1rea de mata em Mara\u00fa - Sudoesteacontece","isPartOf":{"@id":"https:\/\/sudoesteacontece.com.br\/#website"},"primaryImageOfPage":{"@id":"https:\/\/sudoesteacontece.com.br\/?p=29410#primaryimage"},"image":{"@id":"https:\/\/sudoesteacontece.com.br\/?p=29410#primaryimage"},"thumbnailUrl":"http:\/\/sudoesteacontece.com.br\/wp-content\/uploads\/2026\/09\/PM-apreende-granada-armas-e-drogas-escondidas-em-area-de-mata-em-Marau.jpg","datePublished":"2026-09-04T15:24:46+00:00","dateModified":"2026-09-04T15:24:52+00:00","breadcrumb":{"@id":"https:\/\/sudoesteacontece.com.br\/?p=29410#breadcrumb"},"inLanguage":"pt-BR","potentialAction":[{"@type":"ReadAction","target":["https:\/\/sudoesteacontece.com.br\/?p=29410"]}]},{"@type":"ImageObject","inLanguage":"pt-BR","@id":"https:\/\/sudoesteacontece.com.br\/?p=29410#primaryimage","url":"https:\/\/sudoesteacontece.com.br\/wp-content\/uploads\/2026\/09\/PM-apreende-granada-armas-e-drogas-escondidas-em-area-de-mata-em-Marau.jpg","contentUrl":"https:\/\/sudoesteacontece.com.br\/wp-content\/uploads\/2026\/09\/PM-apreende-granada-armas-e-drogas-escondidas-em-area-de-mata-em-Marau.jpg","width":900,"height":600},{"@type":"BreadcrumbList","@id":"https:\/\/sudoesteacontece.com.br\/?p=29410#breadcrumb","itemListElement":[{"@type":"ListItem","position":1,"name":"In\u00edcio","item":"https:\/\/sudoesteacontece.com.br\/"},{"@type":"ListItem","position":2,"name":"PM apreende granada, armas e drogas escondidas em \u00e1rea de mata em Mara\u00fa"}]},{"@type":"WebSite","@id":"https:\/\/sudoesteacontece.com.br\/#website","url":"https:\/\/sudoesteacontece.com.br\/","name":"Sudoesteacontece","description":"","publisher":{"@id":"https:\/\/sudoesteacontece.com.br\/#organization"},"potentialAction":[{"@type":"SearchAction","target":{"@type":"EntryPoint","urlTemplate":"https:\/\/sudoesteacontece.com.br\/?s={search_term_string}"},"query-input":{"@type":"PropertyValueSpecification","valueRequired":true,"valueName":"search_term_string"}}],"inLanguage":"pt-BR"},{"@type":"Organization","@id":"https:\/\/sudoesteacontece.com.br\/#organization","name":"Sudoesteacontece","url":"https:\/\/sudoesteacontece.com.br\/","logo":{"@type":"ImageObject","inLanguage":"pt-BR","@id":"https:\/\/sudoesteacontece.com.br\/#\/schema\/logo\/image\/","url":"https:\/\/sudoesteacontece.com.br\/wp-content\/uploads\/2025\/12\/cropped-logo-2-180x180-1.png","contentUrl":"https:\/\/sudoesteacontece.com.br\/wp-content\/uploads\/2025\/12\/cropped-logo-2-180x180-1.png","width":180,"height":180,"caption":"Sudoesteacontece"},"image":{"@id":"https:\/\/sudoesteacontece.com.br\/#\/schema\/logo\/image\/"},"sameAs":["https:\/\/www.facebook.com\/sudoesteacontece\/?locale=pt_BR"]},{"@type":"Person","@id":"https:\/\/sudoesteacontece.com.br\/#\/schema\/person\/a4f22429c1d0923ef8f7d43343f8dc38","name":"Reda\u00e7\u00e3o","image":{"@type":"ImageObject","inLanguage":"pt-BR","@id":"https:\/\/sudoesteacontece.com.br\/#\/schema\/person\/image\/","url":"https:\/\/secure.gravatar.com\/avatar\/c3a5b3c93f268a709c25a2df414c629a96fb3b1b4bf97a94fb3f72e54ae76903?s=96&d=mm&r=g","contentUrl":"https:\/\/secure.gravatar.com\/avatar\/c3a5b3c93f268a709c25a2df414c629a96fb3b1b4bf97a94fb3f72e54ae76903?s=96&d=mm&r=g","caption":"Reda\u00e7\u00e3o"},"url":"https:\/\/sudoesteacontece.com.br\/?author=4"}]}},"_links":{"self":[{"href":"https:\/\/sudoesteacontece.com.br\/index.php?rest_route=\/wp\/v2\/posts\/29410","targetHints":{"allow":["GET"]}}],"collection":[{"href":"https:\/\/sudoesteacontece.com.br\/index.php?rest_route=\/wp\/v2\/posts"}],"about":[{"href":"https:\/\/sudoesteacontece.com.br\/index.php?rest_route=\/wp\/v2\/types\/post"}],"author":[{"embeddable":true,"href":"https:\/\/sudoesteacontece.com.br\/index.php?rest_route=\/wp\/v2\/users\/4"}],"replies":[{"embeddable":true,"href":"https:\/\/sudoesteacontece.com.br\/index.php?rest_route=%2Fwp%2Fv2%2Fcomments&post=29410"}],"version-history":[{"count":1,"href":"https:\/\/sudoesteacontece.com.br\/index.php?rest_route=\/wp\/v2\/posts\/29410\/revisions"}],"predecessor-version":[{"id":29470,"href":"https:\/\/sudoesteacontece.com.br\/index.php?rest_route=\/wp\/v2\/posts\/29410\/revisions\/29470"}],"wp:attachment":[{"href":"https:\/\/sudoesteacontece.com.br\/index.php?rest_route=%2Fwp%2Fv2%2Fmedia&parent=29410"}],"wp:term":[{"taxonomy":"category","embeddable":true,"href":"https:\/\/sudoesteacontece.com.br\/index.php?rest_route=%2Fwp%2Fv2%2Fcategories&post=29410"},{"taxonomy":"post_tag","embeddable":true,"href":"https:\/\/sudoesteacontece.com.br\/index.php?rest_route=%2Fwp%2Fv2%2Ftags&post=29410"}],"curies":[{"name":"wp","href":"https:\/\/api.w.org\/{rel}","templated":true}]}}