{"id":29413,"date":"2026-09-04T12:25:35","date_gmt":"2026-09-04T15:25:35","guid":{"rendered":"https:\/\/sudoesteacontece.com.br\/?p=29413"},"modified":"2026-09-04T12:25:40","modified_gmt":"2026-09-04T15:25:40","slug":"moraes-usa-relatorio-sem-valor-probatorio-para-questionar-atuacao-de-mendonca","status":"publish","type":"post","link":"https:\/\/sudoesteacontece.com.br\/?p=29413","title":{"rendered":"Moraes usa relat\u00f3rio sem valor probat\u00f3rio para questionar atua\u00e7\u00e3o de Mendon\u00e7a"},"content":{"rendered":"\n<figure class=\"wp-block-image size-full\"><img fetchpriority=\"high\" decoding=\"async\" width=\"900\" height=\"600\" src=\"http:\/\/sudoesteacontece.com.br\/wp-content\/uploads\/2026\/09\/Moraes-usa-relatorio-sem-valor-probatorio-para-questionar-atuacao-de-Mendonca.jpg\" alt=\"\" class=\"wp-image-29463\" srcset=\"https:\/\/sudoesteacontece.com.br\/wp-content\/uploads\/2026\/09\/Moraes-usa-relatorio-sem-valor-probatorio-para-questionar-atuacao-de-Mendonca.jpg 900w, https:\/\/sudoesteacontece.com.br\/wp-content\/uploads\/2026\/09\/Moraes-usa-relatorio-sem-valor-probatorio-para-questionar-atuacao-de-Mendonca-300x200.jpg 300w, https:\/\/sudoesteacontece.com.br\/wp-content\/uploads\/2026\/09\/Moraes-usa-relatorio-sem-valor-probatorio-para-questionar-atuacao-de-Mendonca-768x512.jpg 768w\" sizes=\"(max-width: 900px) 100vw, 900px\" \/><\/figure>\n\n\n\n<p class=\"wp-block-paragraph\">O ministro Alexandre de Moraes usou um relat\u00f3rio interno da Pol\u00edcia Federal para fundamentar um pedido de investiga\u00e7\u00e3o contra o ministro Andr\u00e9 Mendon\u00e7a. O documento foi classificado pela pr\u00f3pria PF como \u201csem valor probat\u00f3rio\u201d. O material re\u00fane relatos an\u00f4nimos sobre a atua\u00e7\u00e3o de Mendon\u00e7a em apura\u00e7\u00f5es relacionadas a desvios no INSS. O relat\u00f3rio n\u00e3o possui cabe\u00e7alho oficial da corpora\u00e7\u00e3o nem assinatura de delegado respons\u00e1vel.<\/p>\n\n\n\n<p class=\"wp-block-paragraph\">Segundo o documento, Mendon\u00e7a teria questionado a atua\u00e7\u00e3o do diretor-geral da PF, Andrei Rodrigues, e do procurador-geral da Rep\u00fablica, Paulo Gonet. O ministro tamb\u00e9m teria avaliado medidas relacionadas \u00e0 condu\u00e7\u00e3o das investiga\u00e7\u00f5es. Os relatos, por\u00e9m, receberam classifica\u00e7\u00e3o de confian\u00e7a entre \u201cbaixa\u201d e \u201cmoderada\u201d, devido \u00e0 aus\u00eancia de documentos que confirmassem as informa\u00e7\u00f5es.<\/p>\n\n\n\n<p class=\"wp-block-paragraph\">Al\u00e9m disso, o relat\u00f3rio aponta que seria defens\u00e1vel o pedido de Mendon\u00e7a para identificar interlocutores de Daniel Vorcaro. Em contrapartida, o material considera possivelmente indevida a determina\u00e7\u00e3o para obter a \u00edntegra das mensagens. A avalia\u00e7\u00e3o consta no pr\u00f3prio documento utilizado como refer\u00eancia para questionar a conduta do ministro.<\/p>\n\n\n\n<p class=\"wp-block-paragraph\">Outro ponto levantado envolve a suposta exist\u00eancia de direcionamento das investiga\u00e7\u00f5es contra cinco ministros do Supremo Tribunal Federal. O relat\u00f3rio, entretanto, n\u00e3o confirma essa conclus\u00e3o. As men\u00e7\u00f5es aos magistrados aparecem em contextos diferentes e tamb\u00e9m foram classificadas como informa\u00e7\u00f5es de baixa confiabilidade.<\/p>\n\n\n\n<p class=\"wp-block-paragraph\">Entre os casos citados est\u00e3o refer\u00eancias a suspeitas envolvendo o ministro Dias Toffoli. O documento tamb\u00e9m registra preocupa\u00e7\u00e3o de Mendon\u00e7a com acusa\u00e7\u00f5es consideradas infundadas contra Kassio Nunes Marques. As informa\u00e7\u00f5es integram o relat\u00f3rio interno utilizado por Moraes para sustentar o pedido de investiga\u00e7\u00e3o.<\/p>\n\n\n\n<p class=\"wp-block-paragraph\">At\u00e9 o momento, o material apresentado n\u00e3o re\u00fane elementos documentais considerados suficientes para comprovar os relatos registrados. A classifica\u00e7\u00e3o de baixa ou moderada confiabilidade consta no pr\u00f3prio relat\u00f3rio da Pol\u00edcia Federal utilizado na argumenta\u00e7\u00e3o apresentada por Moraes.<\/p>\n","protected":false},"excerpt":{"rendered":"<p>O ministro Alexandre de Moraes usou um relat\u00f3rio interno da Pol\u00edcia Federal para fundamentar um pedido de investiga\u00e7\u00e3o contra o ministro Andr\u00e9 Mendon\u00e7a. O documento foi classificado pela pr\u00f3pria PF como \u201csem valor probat\u00f3rio\u201d. O material re\u00fane relatos an\u00f4nimos sobre a atua\u00e7\u00e3o de Mendon\u00e7a em apura\u00e7\u00f5es relacionadas a desvios no INSS. O relat\u00f3rio n\u00e3o possui cabe\u00e7alho oficial da corpora\u00e7\u00e3o nem assinatura de delegado respons\u00e1vel. Segundo o documento, Mendon\u00e7a teria questionado a atua\u00e7\u00e3o do diretor-geral da PF, Andrei Rodrigues, e do procurador-geral da Rep\u00fablica, Paulo Gonet. O ministro tamb\u00e9m teria avaliado medidas relacionadas \u00e0 condu\u00e7\u00e3o das investiga\u00e7\u00f5es. Os relatos, por\u00e9m, receberam classifica\u00e7\u00e3o de confian\u00e7a entre \u201cbaixa\u201d e \u201cmoderada\u201d, devido \u00e0 aus\u00eancia de documentos que confirmassem as informa\u00e7\u00f5es. Al\u00e9m disso, o relat\u00f3rio aponta que seria defens\u00e1vel o pedido de Mendon\u00e7a para identificar interlocutores de Daniel Vorcaro. Em contrapartida, o material considera possivelmente indevida a determina\u00e7\u00e3o para obter a \u00edntegra das mensagens. A avalia\u00e7\u00e3o consta no pr\u00f3prio documento utilizado como refer\u00eancia para questionar a conduta do ministro. Outro ponto levantado envolve a suposta exist\u00eancia de direcionamento das investiga\u00e7\u00f5es contra cinco ministros do Supremo Tribunal Federal. O relat\u00f3rio, entretanto, n\u00e3o confirma essa conclus\u00e3o. As men\u00e7\u00f5es aos magistrados aparecem em contextos diferentes e tamb\u00e9m foram classificadas como informa\u00e7\u00f5es de baixa confiabilidade. Entre os casos citados est\u00e3o refer\u00eancias a suspeitas envolvendo o ministro Dias Toffoli. O documento tamb\u00e9m registra preocupa\u00e7\u00e3o de Mendon\u00e7a com acusa\u00e7\u00f5es consideradas infundadas contra Kassio Nunes Marques. As informa\u00e7\u00f5es integram o relat\u00f3rio interno utilizado por Moraes para sustentar o pedido de investiga\u00e7\u00e3o. At\u00e9 o momento, o material apresentado n\u00e3o re\u00fane elementos documentais considerados suficientes para comprovar os relatos registrados. A classifica\u00e7\u00e3o de baixa ou moderada confiabilidade consta no pr\u00f3prio relat\u00f3rio da Pol\u00edcia Federal utilizado na argumenta\u00e7\u00e3o apresentada por Moraes.<\/p>\n","protected":false},"author":4,"featured_media":0,"comment_status":"open","ping_status":"open","sticky":false,"template":"","format":"standard","meta":{"footnotes":""},"categories":[53,58,13,3,6],"tags":[],"class_list":["post-29413","post","type-post","status-publish","format-standard","hentry","category-brasil","category-eleicoes-2026","category-justica","category-policia","category-politica"],"yoast_head":"<!-- This site is optimized with the Yoast SEO plugin v26.5 - https:\/\/yoast.com\/wordpress\/plugins\/seo\/ -->\n<title>Moraes usa relat\u00f3rio sem valor probat\u00f3rio para questionar atua\u00e7\u00e3o de Mendon\u00e7a - Sudoesteacontece<\/title>\n<meta name=\"robots\" content=\"index, follow, max-snippet:-1, max-image-preview:large, max-video-preview:-1\" \/>\n<link rel=\"canonical\" href=\"https:\/\/sudoesteacontece.com.br\/?p=29413\" \/>\n<meta property=\"og:locale\" content=\"pt_BR\" \/>\n<meta property=\"og:type\" content=\"article\" \/>\n<meta property=\"og:title\" content=\"Moraes usa relat\u00f3rio sem valor probat\u00f3rio para questionar atua\u00e7\u00e3o de Mendon\u00e7a - Sudoesteacontece\" \/>\n<meta property=\"og:description\" content=\"O ministro Alexandre de Moraes usou um relat\u00f3rio interno da Pol\u00edcia Federal para fundamentar um pedido de investiga\u00e7\u00e3o contra o ministro Andr\u00e9 Mendon\u00e7a. O documento foi classificado pela pr\u00f3pria PF como \u201csem valor probat\u00f3rio\u201d. O material re\u00fane relatos an\u00f4nimos sobre a atua\u00e7\u00e3o de Mendon\u00e7a em apura\u00e7\u00f5es relacionadas a desvios no INSS. O relat\u00f3rio n\u00e3o possui cabe\u00e7alho oficial da corpora\u00e7\u00e3o nem assinatura de delegado respons\u00e1vel. Segundo o documento, Mendon\u00e7a teria questionado a atua\u00e7\u00e3o do diretor-geral da PF, Andrei Rodrigues, e do procurador-geral da Rep\u00fablica, Paulo Gonet. O ministro tamb\u00e9m teria avaliado medidas relacionadas \u00e0 condu\u00e7\u00e3o das investiga\u00e7\u00f5es. Os relatos, por\u00e9m, receberam classifica\u00e7\u00e3o de confian\u00e7a entre \u201cbaixa\u201d e \u201cmoderada\u201d, devido \u00e0 aus\u00eancia de documentos que confirmassem as informa\u00e7\u00f5es. Al\u00e9m disso, o relat\u00f3rio aponta que seria defens\u00e1vel o pedido de Mendon\u00e7a para identificar interlocutores de Daniel Vorcaro. Em contrapartida, o material considera possivelmente indevida a determina\u00e7\u00e3o para obter a \u00edntegra das mensagens. A avalia\u00e7\u00e3o consta no pr\u00f3prio documento utilizado como refer\u00eancia para questionar a conduta do ministro. Outro ponto levantado envolve a suposta exist\u00eancia de direcionamento das investiga\u00e7\u00f5es contra cinco ministros do Supremo Tribunal Federal. O relat\u00f3rio, entretanto, n\u00e3o confirma essa conclus\u00e3o. As men\u00e7\u00f5es aos magistrados aparecem em contextos diferentes e tamb\u00e9m foram classificadas como informa\u00e7\u00f5es de baixa confiabilidade. Entre os casos citados est\u00e3o refer\u00eancias a suspeitas envolvendo o ministro Dias Toffoli. O documento tamb\u00e9m registra preocupa\u00e7\u00e3o de Mendon\u00e7a com acusa\u00e7\u00f5es consideradas infundadas contra Kassio Nunes Marques. As informa\u00e7\u00f5es integram o relat\u00f3rio interno utilizado por Moraes para sustentar o pedido de investiga\u00e7\u00e3o. At\u00e9 o momento, o material apresentado n\u00e3o re\u00fane elementos documentais considerados suficientes para comprovar os relatos registrados. A classifica\u00e7\u00e3o de baixa ou moderada confiabilidade consta no pr\u00f3prio relat\u00f3rio da Pol\u00edcia Federal utilizado na argumenta\u00e7\u00e3o apresentada por Moraes.\" \/>\n<meta property=\"og:url\" content=\"https:\/\/sudoesteacontece.com.br\/?p=29413\" \/>\n<meta property=\"og:site_name\" content=\"Sudoesteacontece\" \/>\n<meta property=\"article:publisher\" content=\"https:\/\/www.facebook.com\/sudoesteacontece\/?locale=pt_BR\" \/>\n<meta property=\"article:published_time\" content=\"2026-09-04T15:25:35+00:00\" \/>\n<meta property=\"article:modified_time\" content=\"2026-09-04T15:25:40+00:00\" \/>\n<meta property=\"og:image\" content=\"https:\/\/sudoesteacontece.com.br\/wp-content\/uploads\/2026\/09\/Moraes-usa-relatorio-sem-valor-probatorio-para-questionar-atuacao-de-Mendonca.jpg\" \/>\n\t<meta property=\"og:image:width\" content=\"900\" \/>\n\t<meta property=\"og:image:height\" content=\"600\" \/>\n\t<meta property=\"og:image:type\" content=\"image\/jpeg\" \/>\n<meta name=\"author\" content=\"Reda\u00e7\u00e3o\" \/>\n<meta name=\"twitter:card\" content=\"summary_large_image\" \/>\n<meta name=\"twitter:label1\" content=\"Escrito por\" \/>\n\t<meta name=\"twitter:data1\" content=\"Reda\u00e7\u00e3o\" \/>\n\t<meta name=\"twitter:label2\" content=\"Est. tempo de leitura\" \/>\n\t<meta name=\"twitter:data2\" content=\"2 minutos\" \/>\n<script type=\"application\/ld+json\" class=\"yoast-schema-graph\">{\"@context\":\"https:\/\/schema.org\",\"@graph\":[{\"@type\":\"Article\",\"@id\":\"https:\/\/sudoesteacontece.com.br\/?p=29413#article\",\"isPartOf\":{\"@id\":\"https:\/\/sudoesteacontece.com.br\/?p=29413\"},\"author\":{\"name\":\"Reda\u00e7\u00e3o\",\"@id\":\"https:\/\/sudoesteacontece.com.br\/#\/schema\/person\/a4f22429c1d0923ef8f7d43343f8dc38\"},\"headline\":\"Moraes usa relat\u00f3rio sem valor probat\u00f3rio para questionar atua\u00e7\u00e3o de Mendon\u00e7a\",\"datePublished\":\"2026-09-04T15:25:35+00:00\",\"dateModified\":\"2026-09-04T15:25:40+00:00\",\"mainEntityOfPage\":{\"@id\":\"https:\/\/sudoesteacontece.com.br\/?p=29413\"},\"wordCount\":358,\"commentCount\":0,\"publisher\":{\"@id\":\"https:\/\/sudoesteacontece.com.br\/#organization\"},\"image\":{\"@id\":\"https:\/\/sudoesteacontece.com.br\/?p=29413#primaryimage\"},\"thumbnailUrl\":\"http:\/\/sudoesteacontece.com.br\/wp-content\/uploads\/2026\/09\/Moraes-usa-relatorio-sem-valor-probatorio-para-questionar-atuacao-de-Mendonca.jpg\",\"articleSection\":[\"Brasil\",\"Elei\u00e7\u00f5es 2026\",\"Justi\u00e7a\",\"Pol\u00edcia\",\"Pol\u00edtica\"],\"inLanguage\":\"pt-BR\",\"potentialAction\":[{\"@type\":\"CommentAction\",\"name\":\"Comment\",\"target\":[\"https:\/\/sudoesteacontece.com.br\/?p=29413#respond\"]}]},{\"@type\":\"WebPage\",\"@id\":\"https:\/\/sudoesteacontece.com.br\/?p=29413\",\"url\":\"https:\/\/sudoesteacontece.com.br\/?p=29413\",\"name\":\"Moraes usa relat\u00f3rio sem valor probat\u00f3rio para questionar atua\u00e7\u00e3o de Mendon\u00e7a - Sudoesteacontece\",\"isPartOf\":{\"@id\":\"https:\/\/sudoesteacontece.com.br\/#website\"},\"primaryImageOfPage\":{\"@id\":\"https:\/\/sudoesteacontece.com.br\/?p=29413#primaryimage\"},\"image\":{\"@id\":\"https:\/\/sudoesteacontece.com.br\/?p=29413#primaryimage\"},\"thumbnailUrl\":\"http:\/\/sudoesteacontece.com.br\/wp-content\/uploads\/2026\/09\/Moraes-usa-relatorio-sem-valor-probatorio-para-questionar-atuacao-de-Mendonca.jpg\",\"datePublished\":\"2026-09-04T15:25:35+00:00\",\"dateModified\":\"2026-09-04T15:25:40+00:00\",\"breadcrumb\":{\"@id\":\"https:\/\/sudoesteacontece.com.br\/?p=29413#breadcrumb\"},\"inLanguage\":\"pt-BR\",\"potentialAction\":[{\"@type\":\"ReadAction\",\"target\":[\"https:\/\/sudoesteacontece.com.br\/?p=29413\"]}]},{\"@type\":\"ImageObject\",\"inLanguage\":\"pt-BR\",\"@id\":\"https:\/\/sudoesteacontece.com.br\/?p=29413#primaryimage\",\"url\":\"https:\/\/sudoesteacontece.com.br\/wp-content\/uploads\/2026\/09\/Moraes-usa-relatorio-sem-valor-probatorio-para-questionar-atuacao-de-Mendonca.jpg\",\"contentUrl\":\"https:\/\/sudoesteacontece.com.br\/wp-content\/uploads\/2026\/09\/Moraes-usa-relatorio-sem-valor-probatorio-para-questionar-atuacao-de-Mendonca.jpg\",\"width\":900,\"height\":600},{\"@type\":\"BreadcrumbList\",\"@id\":\"https:\/\/sudoesteacontece.com.br\/?p=29413#breadcrumb\",\"itemListElement\":[{\"@type\":\"ListItem\",\"position\":1,\"name\":\"In\u00edcio\",\"item\":\"https:\/\/sudoesteacontece.com.br\/\"},{\"@type\":\"ListItem\",\"position\":2,\"name\":\"Moraes usa relat\u00f3rio sem valor probat\u00f3rio para questionar atua\u00e7\u00e3o de Mendon\u00e7a\"}]},{\"@type\":\"WebSite\",\"@id\":\"https:\/\/sudoesteacontece.com.br\/#website\",\"url\":\"https:\/\/sudoesteacontece.com.br\/\",\"name\":\"Sudoesteacontece\",\"description\":\"\",\"publisher\":{\"@id\":\"https:\/\/sudoesteacontece.com.br\/#organization\"},\"potentialAction\":[{\"@type\":\"SearchAction\",\"target\":{\"@type\":\"EntryPoint\",\"urlTemplate\":\"https:\/\/sudoesteacontece.com.br\/?s={search_term_string}\"},\"query-input\":{\"@type\":\"PropertyValueSpecification\",\"valueRequired\":true,\"valueName\":\"search_term_string\"}}],\"inLanguage\":\"pt-BR\"},{\"@type\":\"Organization\",\"@id\":\"https:\/\/sudoesteacontece.com.br\/#organization\",\"name\":\"Sudoesteacontece\",\"url\":\"https:\/\/sudoesteacontece.com.br\/\",\"logo\":{\"@type\":\"ImageObject\",\"inLanguage\":\"pt-BR\",\"@id\":\"https:\/\/sudoesteacontece.com.br\/#\/schema\/logo\/image\/\",\"url\":\"https:\/\/sudoesteacontece.com.br\/wp-content\/uploads\/2025\/12\/cropped-logo-2-180x180-1.png\",\"contentUrl\":\"https:\/\/sudoesteacontece.com.br\/wp-content\/uploads\/2025\/12\/cropped-logo-2-180x180-1.png\",\"width\":180,\"height\":180,\"caption\":\"Sudoesteacontece\"},\"image\":{\"@id\":\"https:\/\/sudoesteacontece.com.br\/#\/schema\/logo\/image\/\"},\"sameAs\":[\"https:\/\/www.facebook.com\/sudoesteacontece\/?locale=pt_BR\"]},{\"@type\":\"Person\",\"@id\":\"https:\/\/sudoesteacontece.com.br\/#\/schema\/person\/a4f22429c1d0923ef8f7d43343f8dc38\",\"name\":\"Reda\u00e7\u00e3o\",\"image\":{\"@type\":\"ImageObject\",\"inLanguage\":\"pt-BR\",\"@id\":\"https:\/\/sudoesteacontece.com.br\/#\/schema\/person\/image\/\",\"url\":\"https:\/\/secure.gravatar.com\/avatar\/c3a5b3c93f268a709c25a2df414c629a96fb3b1b4bf97a94fb3f72e54ae76903?s=96&d=mm&r=g\",\"contentUrl\":\"https:\/\/secure.gravatar.com\/avatar\/c3a5b3c93f268a709c25a2df414c629a96fb3b1b4bf97a94fb3f72e54ae76903?s=96&d=mm&r=g\",\"caption\":\"Reda\u00e7\u00e3o\"},\"url\":\"https:\/\/sudoesteacontece.com.br\/?author=4\"}]}<\/script>\n<!-- \/ Yoast SEO plugin. -->","yoast_head_json":{"title":"Moraes usa relat\u00f3rio sem valor probat\u00f3rio para questionar atua\u00e7\u00e3o de Mendon\u00e7a - Sudoesteacontece","robots":{"index":"index","follow":"follow","max-snippet":"max-snippet:-1","max-image-preview":"max-image-preview:large","max-video-preview":"max-video-preview:-1"},"canonical":"https:\/\/sudoesteacontece.com.br\/?p=29413","og_locale":"pt_BR","og_type":"article","og_title":"Moraes usa relat\u00f3rio sem valor probat\u00f3rio para questionar atua\u00e7\u00e3o de Mendon\u00e7a - Sudoesteacontece","og_description":"O ministro Alexandre de Moraes usou um relat\u00f3rio interno da Pol\u00edcia Federal para fundamentar um pedido de investiga\u00e7\u00e3o contra o ministro Andr\u00e9 Mendon\u00e7a. O documento foi classificado pela pr\u00f3pria PF como \u201csem valor probat\u00f3rio\u201d. O material re\u00fane relatos an\u00f4nimos sobre a atua\u00e7\u00e3o de Mendon\u00e7a em apura\u00e7\u00f5es relacionadas a desvios no INSS. O relat\u00f3rio n\u00e3o possui cabe\u00e7alho oficial da corpora\u00e7\u00e3o nem assinatura de delegado respons\u00e1vel. Segundo o documento, Mendon\u00e7a teria questionado a atua\u00e7\u00e3o do diretor-geral da PF, Andrei Rodrigues, e do procurador-geral da Rep\u00fablica, Paulo Gonet. O ministro tamb\u00e9m teria avaliado medidas relacionadas \u00e0 condu\u00e7\u00e3o das investiga\u00e7\u00f5es. Os relatos, por\u00e9m, receberam classifica\u00e7\u00e3o de confian\u00e7a entre \u201cbaixa\u201d e \u201cmoderada\u201d, devido \u00e0 aus\u00eancia de documentos que confirmassem as informa\u00e7\u00f5es. Al\u00e9m disso, o relat\u00f3rio aponta que seria defens\u00e1vel o pedido de Mendon\u00e7a para identificar interlocutores de Daniel Vorcaro. Em contrapartida, o material considera possivelmente indevida a determina\u00e7\u00e3o para obter a \u00edntegra das mensagens. A avalia\u00e7\u00e3o consta no pr\u00f3prio documento utilizado como refer\u00eancia para questionar a conduta do ministro. Outro ponto levantado envolve a suposta exist\u00eancia de direcionamento das investiga\u00e7\u00f5es contra cinco ministros do Supremo Tribunal Federal. O relat\u00f3rio, entretanto, n\u00e3o confirma essa conclus\u00e3o. As men\u00e7\u00f5es aos magistrados aparecem em contextos diferentes e tamb\u00e9m foram classificadas como informa\u00e7\u00f5es de baixa confiabilidade. Entre os casos citados est\u00e3o refer\u00eancias a suspeitas envolvendo o ministro Dias Toffoli. O documento tamb\u00e9m registra preocupa\u00e7\u00e3o de Mendon\u00e7a com acusa\u00e7\u00f5es consideradas infundadas contra Kassio Nunes Marques. As informa\u00e7\u00f5es integram o relat\u00f3rio interno utilizado por Moraes para sustentar o pedido de investiga\u00e7\u00e3o. At\u00e9 o momento, o material apresentado n\u00e3o re\u00fane elementos documentais considerados suficientes para comprovar os relatos registrados. A classifica\u00e7\u00e3o de baixa ou moderada confiabilidade consta no pr\u00f3prio relat\u00f3rio da Pol\u00edcia Federal utilizado na argumenta\u00e7\u00e3o apresentada por Moraes.","og_url":"https:\/\/sudoesteacontece.com.br\/?p=29413","og_site_name":"Sudoesteacontece","article_publisher":"https:\/\/www.facebook.com\/sudoesteacontece\/?locale=pt_BR","article_published_time":"2026-09-04T15:25:35+00:00","article_modified_time":"2026-09-04T15:25:40+00:00","og_image":[{"width":900,"height":600,"url":"https:\/\/sudoesteacontece.com.br\/wp-content\/uploads\/2026\/09\/Moraes-usa-relatorio-sem-valor-probatorio-para-questionar-atuacao-de-Mendonca.jpg","type":"image\/jpeg"}],"author":"Reda\u00e7\u00e3o","twitter_card":"summary_large_image","twitter_misc":{"Escrito por":"Reda\u00e7\u00e3o","Est. tempo de leitura":"2 minutos"},"schema":{"@context":"https:\/\/schema.org","@graph":[{"@type":"Article","@id":"https:\/\/sudoesteacontece.com.br\/?p=29413#article","isPartOf":{"@id":"https:\/\/sudoesteacontece.com.br\/?p=29413"},"author":{"name":"Reda\u00e7\u00e3o","@id":"https:\/\/sudoesteacontece.com.br\/#\/schema\/person\/a4f22429c1d0923ef8f7d43343f8dc38"},"headline":"Moraes usa relat\u00f3rio sem valor probat\u00f3rio para questionar atua\u00e7\u00e3o de Mendon\u00e7a","datePublished":"2026-09-04T15:25:35+00:00","dateModified":"2026-09-04T15:25:40+00:00","mainEntityOfPage":{"@id":"https:\/\/sudoesteacontece.com.br\/?p=29413"},"wordCount":358,"commentCount":0,"publisher":{"@id":"https:\/\/sudoesteacontece.com.br\/#organization"},"image":{"@id":"https:\/\/sudoesteacontece.com.br\/?p=29413#primaryimage"},"thumbnailUrl":"http:\/\/sudoesteacontece.com.br\/wp-content\/uploads\/2026\/09\/Moraes-usa-relatorio-sem-valor-probatorio-para-questionar-atuacao-de-Mendonca.jpg","articleSection":["Brasil","Elei\u00e7\u00f5es 2026","Justi\u00e7a","Pol\u00edcia","Pol\u00edtica"],"inLanguage":"pt-BR","potentialAction":[{"@type":"CommentAction","name":"Comment","target":["https:\/\/sudoesteacontece.com.br\/?p=29413#respond"]}]},{"@type":"WebPage","@id":"https:\/\/sudoesteacontece.com.br\/?p=29413","url":"https:\/\/sudoesteacontece.com.br\/?p=29413","name":"Moraes usa relat\u00f3rio sem valor probat\u00f3rio para questionar atua\u00e7\u00e3o de Mendon\u00e7a - Sudoesteacontece","isPartOf":{"@id":"https:\/\/sudoesteacontece.com.br\/#website"},"primaryImageOfPage":{"@id":"https:\/\/sudoesteacontece.com.br\/?p=29413#primaryimage"},"image":{"@id":"https:\/\/sudoesteacontece.com.br\/?p=29413#primaryimage"},"thumbnailUrl":"http:\/\/sudoesteacontece.com.br\/wp-content\/uploads\/2026\/09\/Moraes-usa-relatorio-sem-valor-probatorio-para-questionar-atuacao-de-Mendonca.jpg","datePublished":"2026-09-04T15:25:35+00:00","dateModified":"2026-09-04T15:25:40+00:00","breadcrumb":{"@id":"https:\/\/sudoesteacontece.com.br\/?p=29413#breadcrumb"},"inLanguage":"pt-BR","potentialAction":[{"@type":"ReadAction","target":["https:\/\/sudoesteacontece.com.br\/?p=29413"]}]},{"@type":"ImageObject","inLanguage":"pt-BR","@id":"https:\/\/sudoesteacontece.com.br\/?p=29413#primaryimage","url":"https:\/\/sudoesteacontece.com.br\/wp-content\/uploads\/2026\/09\/Moraes-usa-relatorio-sem-valor-probatorio-para-questionar-atuacao-de-Mendonca.jpg","contentUrl":"https:\/\/sudoesteacontece.com.br\/wp-content\/uploads\/2026\/09\/Moraes-usa-relatorio-sem-valor-probatorio-para-questionar-atuacao-de-Mendonca.jpg","width":900,"height":600},{"@type":"BreadcrumbList","@id":"https:\/\/sudoesteacontece.com.br\/?p=29413#breadcrumb","itemListElement":[{"@type":"ListItem","position":1,"name":"In\u00edcio","item":"https:\/\/sudoesteacontece.com.br\/"},{"@type":"ListItem","position":2,"name":"Moraes usa relat\u00f3rio sem valor probat\u00f3rio para questionar atua\u00e7\u00e3o de Mendon\u00e7a"}]},{"@type":"WebSite","@id":"https:\/\/sudoesteacontece.com.br\/#website","url":"https:\/\/sudoesteacontece.com.br\/","name":"Sudoesteacontece","description":"","publisher":{"@id":"https:\/\/sudoesteacontece.com.br\/#organization"},"potentialAction":[{"@type":"SearchAction","target":{"@type":"EntryPoint","urlTemplate":"https:\/\/sudoesteacontece.com.br\/?s={search_term_string}"},"query-input":{"@type":"PropertyValueSpecification","valueRequired":true,"valueName":"search_term_string"}}],"inLanguage":"pt-BR"},{"@type":"Organization","@id":"https:\/\/sudoesteacontece.com.br\/#organization","name":"Sudoesteacontece","url":"https:\/\/sudoesteacontece.com.br\/","logo":{"@type":"ImageObject","inLanguage":"pt-BR","@id":"https:\/\/sudoesteacontece.com.br\/#\/schema\/logo\/image\/","url":"https:\/\/sudoesteacontece.com.br\/wp-content\/uploads\/2025\/12\/cropped-logo-2-180x180-1.png","contentUrl":"https:\/\/sudoesteacontece.com.br\/wp-content\/uploads\/2025\/12\/cropped-logo-2-180x180-1.png","width":180,"height":180,"caption":"Sudoesteacontece"},"image":{"@id":"https:\/\/sudoesteacontece.com.br\/#\/schema\/logo\/image\/"},"sameAs":["https:\/\/www.facebook.com\/sudoesteacontece\/?locale=pt_BR"]},{"@type":"Person","@id":"https:\/\/sudoesteacontece.com.br\/#\/schema\/person\/a4f22429c1d0923ef8f7d43343f8dc38","name":"Reda\u00e7\u00e3o","image":{"@type":"ImageObject","inLanguage":"pt-BR","@id":"https:\/\/sudoesteacontece.com.br\/#\/schema\/person\/image\/","url":"https:\/\/secure.gravatar.com\/avatar\/c3a5b3c93f268a709c25a2df414c629a96fb3b1b4bf97a94fb3f72e54ae76903?s=96&d=mm&r=g","contentUrl":"https:\/\/secure.gravatar.com\/avatar\/c3a5b3c93f268a709c25a2df414c629a96fb3b1b4bf97a94fb3f72e54ae76903?s=96&d=mm&r=g","caption":"Reda\u00e7\u00e3o"},"url":"https:\/\/sudoesteacontece.com.br\/?author=4"}]}},"_links":{"self":[{"href":"https:\/\/sudoesteacontece.com.br\/index.php?rest_route=\/wp\/v2\/posts\/29413","targetHints":{"allow":["GET"]}}],"collection":[{"href":"https:\/\/sudoesteacontece.com.br\/index.php?rest_route=\/wp\/v2\/posts"}],"about":[{"href":"https:\/\/sudoesteacontece.com.br\/index.php?rest_route=\/wp\/v2\/types\/post"}],"author":[{"embeddable":true,"href":"https:\/\/sudoesteacontece.com.br\/index.php?rest_route=\/wp\/v2\/users\/4"}],"replies":[{"embeddable":true,"href":"https:\/\/sudoesteacontece.com.br\/index.php?rest_route=%2Fwp%2Fv2%2Fcomments&post=29413"}],"version-history":[{"count":1,"href":"https:\/\/sudoesteacontece.com.br\/index.php?rest_route=\/wp\/v2\/posts\/29413\/revisions"}],"predecessor-version":[{"id":29471,"href":"https:\/\/sudoesteacontece.com.br\/index.php?rest_route=\/wp\/v2\/posts\/29413\/revisions\/29471"}],"wp:attachment":[{"href":"https:\/\/sudoesteacontece.com.br\/index.php?rest_route=%2Fwp%2Fv2%2Fmedia&parent=29413"}],"wp:term":[{"taxonomy":"category","embeddable":true,"href":"https:\/\/sudoesteacontece.com.br\/index.php?rest_route=%2Fwp%2Fv2%2Fcategories&post=29413"},{"taxonomy":"post_tag","embeddable":true,"href":"https:\/\/sudoesteacontece.com.br\/index.php?rest_route=%2Fwp%2Fv2%2Ftags&post=29413"}],"curies":[{"name":"wp","href":"https:\/\/api.w.org\/{rel}","templated":true}]}}