{"id":29415,"date":"2026-09-04T09:13:00","date_gmt":"2026-09-04T12:13:00","guid":{"rendered":"https:\/\/sudoesteacontece.com.br\/?p=29415"},"modified":"2026-09-04T12:26:30","modified_gmt":"2026-09-04T15:26:30","slug":"morre-aos-76-anos-jose-cerqueira-costa-lideranca-historica-da-politica-do-pt-em-conquista","status":"publish","type":"post","link":"https:\/\/sudoesteacontece.com.br\/?p=29415","title":{"rendered":"Morre aos 76 anos Jos\u00e9 Cerqueira Costa, lideran\u00e7a hist\u00f3rica da pol\u00edtica do PT em Conquista"},"content":{"rendered":"\n<figure class=\"wp-block-image size-full\"><img fetchpriority=\"high\" decoding=\"async\" width=\"900\" height=\"600\" src=\"http:\/\/sudoesteacontece.com.br\/wp-content\/uploads\/2026\/09\/Morre-aos-76-anos-Jose-Cerqueira-Costa-lideranca-historica-da-politica-do-PT-em-Conquista.jpg\" alt=\"\" class=\"wp-image-29464\" srcset=\"https:\/\/sudoesteacontece.com.br\/wp-content\/uploads\/2026\/09\/Morre-aos-76-anos-Jose-Cerqueira-Costa-lideranca-historica-da-politica-do-PT-em-Conquista.jpg 900w, https:\/\/sudoesteacontece.com.br\/wp-content\/uploads\/2026\/09\/Morre-aos-76-anos-Jose-Cerqueira-Costa-lideranca-historica-da-politica-do-PT-em-Conquista-300x200.jpg 300w, https:\/\/sudoesteacontece.com.br\/wp-content\/uploads\/2026\/09\/Morre-aos-76-anos-Jose-Cerqueira-Costa-lideranca-historica-da-politica-do-PT-em-Conquista-768x512.jpg 768w\" sizes=\"(max-width: 900px) 100vw, 900px\" \/><\/figure>\n\n\n\n<p class=\"wp-block-paragraph\">Jos\u00e9 Cerqueira Costa, lideran\u00e7a hist\u00f3rica da pol\u00edtica de Vit\u00f3ria da Conquista, morreu aos 76 anos nesta sexta-feira (4). Ele estava internado no Hospital SAMUR e, segundo as informa\u00e7\u00f5es divulgadas, teve complica\u00e7\u00f5es decorrentes de COVID-19 e pneumonia. Cerqueira foi servidor da Empresa Brasileira de Telecomunica\u00e7\u00f5es (EMBRATEL) e tamb\u00e9m exerceu fun\u00e7\u00f5es na dire\u00e7\u00e3o do Partido dos Trabalhadores (PT).<\/p>\n\n\n\n<p class=\"wp-block-paragraph\">Durante a trajet\u00f3ria pol\u00edtica, Jos\u00e9 Cerqueira ficou conhecido pela atua\u00e7\u00e3o em defesa de pessoas em situa\u00e7\u00e3o de vulnerabilidade e pela participa\u00e7\u00e3o em iniciativas voltadas ao desenvolvimento de Vit\u00f3ria da Conquista. Familiares e amigos receberam, na manh\u00e3 desta sexta, manifesta\u00e7\u00f5es de solidariedade e homenagens ap\u00f3s a confirma\u00e7\u00e3o da morte.<\/p>\n\n\n\n<p class=\"wp-block-paragraph\">Entre as mensagens de pesar est\u00e1 a do ex-senador Walter Pinheiro, que destacou a amizade constru\u00edda durante anos de trabalho nas telecomunica\u00e7\u00f5es. Em sua manifesta\u00e7\u00e3o, Pinheiro tamb\u00e9m ressaltou a participa\u00e7\u00e3o de Cerqueira em articula\u00e7\u00f5es no Territ\u00f3rio de Vit\u00f3ria da Conquista e a disposi\u00e7\u00e3o para ajudar outras pessoas.<\/p>\n\n\n\n<p class=\"wp-block-paragraph\">Segundo Walter Pinheiro, Jos\u00e9 Cerqueira exercia papel de apoio nas a\u00e7\u00f5es das quais participava e era reconhecido pela postura solid\u00e1ria. O ex-senador tamb\u00e9m mencionou a f\u00e9 crist\u00e3 do amigo e afirmou que sua trajet\u00f3ria deixou um legado entre familiares, companheiros de trabalho e pessoas que conviveram com ele.<\/p>\n\n\n\n<p class=\"wp-block-paragraph\">O sepultamento ser\u00e1 precedido por um culto f\u00fanebre na Igreja Batista Peniel, em Vit\u00f3ria da Conquista, onde Cerqueira era membro ativo. A cerim\u00f4nia est\u00e1 prevista para as 14h30 desta sexta-feira (4). Familiares e amigos participam das despedidas e prestam as \u00faltimas homenagens ao ex-dirigente partid\u00e1rio e ex-servidor da EMBRATEL.<\/p>\n","protected":false},"excerpt":{"rendered":"<p>Jos\u00e9 Cerqueira Costa, lideran\u00e7a hist\u00f3rica da pol\u00edtica de Vit\u00f3ria da Conquista, morreu aos 76 anos nesta sexta-feira (4). Ele estava internado no Hospital SAMUR e, segundo as informa\u00e7\u00f5es divulgadas, teve complica\u00e7\u00f5es decorrentes de COVID-19 e pneumonia. Cerqueira foi servidor da Empresa Brasileira de Telecomunica\u00e7\u00f5es (EMBRATEL) e tamb\u00e9m exerceu fun\u00e7\u00f5es na dire\u00e7\u00e3o do Partido dos Trabalhadores (PT). Durante a trajet\u00f3ria pol\u00edtica, Jos\u00e9 Cerqueira ficou conhecido pela atua\u00e7\u00e3o em defesa de pessoas em situa\u00e7\u00e3o de vulnerabilidade e pela participa\u00e7\u00e3o em iniciativas voltadas ao desenvolvimento de Vit\u00f3ria da Conquista. Familiares e amigos receberam, na manh\u00e3 desta sexta, manifesta\u00e7\u00f5es de solidariedade e homenagens ap\u00f3s a confirma\u00e7\u00e3o da morte. Entre as mensagens de pesar est\u00e1 a do ex-senador Walter Pinheiro, que destacou a amizade constru\u00edda durante anos de trabalho nas telecomunica\u00e7\u00f5es. Em sua manifesta\u00e7\u00e3o, Pinheiro tamb\u00e9m ressaltou a participa\u00e7\u00e3o de Cerqueira em articula\u00e7\u00f5es no Territ\u00f3rio de Vit\u00f3ria da Conquista e a disposi\u00e7\u00e3o para ajudar outras pessoas. Segundo Walter Pinheiro, Jos\u00e9 Cerqueira exercia papel de apoio nas a\u00e7\u00f5es das quais participava e era reconhecido pela postura solid\u00e1ria. O ex-senador tamb\u00e9m mencionou a f\u00e9 crist\u00e3 do amigo e afirmou que sua trajet\u00f3ria deixou um legado entre familiares, companheiros de trabalho e pessoas que conviveram com ele. O sepultamento ser\u00e1 precedido por um culto f\u00fanebre na Igreja Batista Peniel, em Vit\u00f3ria da Conquista, onde Cerqueira era membro ativo. A cerim\u00f4nia est\u00e1 prevista para as 14h30 desta sexta-feira (4). Familiares e amigos participam das despedidas e prestam as \u00faltimas homenagens ao ex-dirigente partid\u00e1rio e ex-servidor da EMBRATEL.<\/p>\n","protected":false},"author":4,"featured_media":29464,"comment_status":"open","ping_status":"open","sticky":false,"template":"","format":"standard","meta":{"footnotes":""},"categories":[4,6],"tags":[],"class_list":["post-29415","post","type-post","status-publish","format-standard","has-post-thumbnail","hentry","category-cidades","category-politica"],"yoast_head":"<!-- This site is optimized with the Yoast SEO plugin v26.5 - https:\/\/yoast.com\/wordpress\/plugins\/seo\/ -->\n<title>Morre aos 76 anos Jos\u00e9 Cerqueira Costa, lideran\u00e7a hist\u00f3rica da pol\u00edtica do PT em Conquista - Sudoesteacontece<\/title>\n<meta name=\"robots\" content=\"index, follow, max-snippet:-1, max-image-preview:large, max-video-preview:-1\" \/>\n<link rel=\"canonical\" href=\"https:\/\/sudoesteacontece.com.br\/?p=29415\" \/>\n<meta property=\"og:locale\" content=\"pt_BR\" \/>\n<meta property=\"og:type\" content=\"article\" \/>\n<meta property=\"og:title\" content=\"Morre aos 76 anos Jos\u00e9 Cerqueira Costa, lideran\u00e7a hist\u00f3rica da pol\u00edtica do PT em Conquista - Sudoesteacontece\" \/>\n<meta property=\"og:description\" content=\"Jos\u00e9 Cerqueira Costa, lideran\u00e7a hist\u00f3rica da pol\u00edtica de Vit\u00f3ria da Conquista, morreu aos 76 anos nesta sexta-feira (4). Ele estava internado no Hospital SAMUR e, segundo as informa\u00e7\u00f5es divulgadas, teve complica\u00e7\u00f5es decorrentes de COVID-19 e pneumonia. Cerqueira foi servidor da Empresa Brasileira de Telecomunica\u00e7\u00f5es (EMBRATEL) e tamb\u00e9m exerceu fun\u00e7\u00f5es na dire\u00e7\u00e3o do Partido dos Trabalhadores (PT). Durante a trajet\u00f3ria pol\u00edtica, Jos\u00e9 Cerqueira ficou conhecido pela atua\u00e7\u00e3o em defesa de pessoas em situa\u00e7\u00e3o de vulnerabilidade e pela participa\u00e7\u00e3o em iniciativas voltadas ao desenvolvimento de Vit\u00f3ria da Conquista. Familiares e amigos receberam, na manh\u00e3 desta sexta, manifesta\u00e7\u00f5es de solidariedade e homenagens ap\u00f3s a confirma\u00e7\u00e3o da morte. Entre as mensagens de pesar est\u00e1 a do ex-senador Walter Pinheiro, que destacou a amizade constru\u00edda durante anos de trabalho nas telecomunica\u00e7\u00f5es. Em sua manifesta\u00e7\u00e3o, Pinheiro tamb\u00e9m ressaltou a participa\u00e7\u00e3o de Cerqueira em articula\u00e7\u00f5es no Territ\u00f3rio de Vit\u00f3ria da Conquista e a disposi\u00e7\u00e3o para ajudar outras pessoas. Segundo Walter Pinheiro, Jos\u00e9 Cerqueira exercia papel de apoio nas a\u00e7\u00f5es das quais participava e era reconhecido pela postura solid\u00e1ria. O ex-senador tamb\u00e9m mencionou a f\u00e9 crist\u00e3 do amigo e afirmou que sua trajet\u00f3ria deixou um legado entre familiares, companheiros de trabalho e pessoas que conviveram com ele. O sepultamento ser\u00e1 precedido por um culto f\u00fanebre na Igreja Batista Peniel, em Vit\u00f3ria da Conquista, onde Cerqueira era membro ativo. A cerim\u00f4nia est\u00e1 prevista para as 14h30 desta sexta-feira (4). Familiares e amigos participam das despedidas e prestam as \u00faltimas homenagens ao ex-dirigente partid\u00e1rio e ex-servidor da EMBRATEL.\" \/>\n<meta property=\"og:url\" content=\"https:\/\/sudoesteacontece.com.br\/?p=29415\" \/>\n<meta property=\"og:site_name\" content=\"Sudoesteacontece\" \/>\n<meta property=\"article:publisher\" content=\"https:\/\/www.facebook.com\/sudoesteacontece\/?locale=pt_BR\" \/>\n<meta property=\"article:published_time\" content=\"2026-09-04T12:13:00+00:00\" \/>\n<meta property=\"article:modified_time\" content=\"2026-09-04T15:26:30+00:00\" \/>\n<meta property=\"og:image\" content=\"http:\/\/sudoesteacontece.com.br\/wp-content\/uploads\/2026\/09\/Morre-aos-76-anos-Jose-Cerqueira-Costa-lideranca-historica-da-politica-do-PT-em-Conquista.jpg\" \/>\n\t<meta property=\"og:image:width\" content=\"900\" \/>\n\t<meta property=\"og:image:height\" content=\"600\" \/>\n\t<meta property=\"og:image:type\" content=\"image\/jpeg\" \/>\n<meta name=\"author\" content=\"Reda\u00e7\u00e3o\" \/>\n<meta name=\"twitter:card\" content=\"summary_large_image\" \/>\n<meta name=\"twitter:label1\" content=\"Escrito por\" \/>\n\t<meta name=\"twitter:data1\" content=\"Reda\u00e7\u00e3o\" \/>\n\t<meta name=\"twitter:label2\" content=\"Est. tempo de leitura\" \/>\n\t<meta name=\"twitter:data2\" content=\"2 minutos\" \/>\n<script type=\"application\/ld+json\" class=\"yoast-schema-graph\">{\"@context\":\"https:\/\/schema.org\",\"@graph\":[{\"@type\":\"Article\",\"@id\":\"https:\/\/sudoesteacontece.com.br\/?p=29415#article\",\"isPartOf\":{\"@id\":\"https:\/\/sudoesteacontece.com.br\/?p=29415\"},\"author\":{\"name\":\"Reda\u00e7\u00e3o\",\"@id\":\"https:\/\/sudoesteacontece.com.br\/#\/schema\/person\/a4f22429c1d0923ef8f7d43343f8dc38\"},\"headline\":\"Morre aos 76 anos Jos\u00e9 Cerqueira Costa, lideran\u00e7a hist\u00f3rica da pol\u00edtica do PT em Conquista\",\"datePublished\":\"2026-09-04T12:13:00+00:00\",\"dateModified\":\"2026-09-04T15:26:30+00:00\",\"mainEntityOfPage\":{\"@id\":\"https:\/\/sudoesteacontece.com.br\/?p=29415\"},\"wordCount\":298,\"commentCount\":0,\"publisher\":{\"@id\":\"https:\/\/sudoesteacontece.com.br\/#organization\"},\"image\":{\"@id\":\"https:\/\/sudoesteacontece.com.br\/?p=29415#primaryimage\"},\"thumbnailUrl\":\"https:\/\/sudoesteacontece.com.br\/wp-content\/uploads\/2026\/09\/Morre-aos-76-anos-Jose-Cerqueira-Costa-lideranca-historica-da-politica-do-PT-em-Conquista.jpg\",\"articleSection\":[\"Cidades\",\"Pol\u00edtica\"],\"inLanguage\":\"pt-BR\",\"potentialAction\":[{\"@type\":\"CommentAction\",\"name\":\"Comment\",\"target\":[\"https:\/\/sudoesteacontece.com.br\/?p=29415#respond\"]}]},{\"@type\":\"WebPage\",\"@id\":\"https:\/\/sudoesteacontece.com.br\/?p=29415\",\"url\":\"https:\/\/sudoesteacontece.com.br\/?p=29415\",\"name\":\"Morre aos 76 anos Jos\u00e9 Cerqueira Costa, lideran\u00e7a hist\u00f3rica da pol\u00edtica do PT em Conquista - Sudoesteacontece\",\"isPartOf\":{\"@id\":\"https:\/\/sudoesteacontece.com.br\/#website\"},\"primaryImageOfPage\":{\"@id\":\"https:\/\/sudoesteacontece.com.br\/?p=29415#primaryimage\"},\"image\":{\"@id\":\"https:\/\/sudoesteacontece.com.br\/?p=29415#primaryimage\"},\"thumbnailUrl\":\"https:\/\/sudoesteacontece.com.br\/wp-content\/uploads\/2026\/09\/Morre-aos-76-anos-Jose-Cerqueira-Costa-lideranca-historica-da-politica-do-PT-em-Conquista.jpg\",\"datePublished\":\"2026-09-04T12:13:00+00:00\",\"dateModified\":\"2026-09-04T15:26:30+00:00\",\"breadcrumb\":{\"@id\":\"https:\/\/sudoesteacontece.com.br\/?p=29415#breadcrumb\"},\"inLanguage\":\"pt-BR\",\"potentialAction\":[{\"@type\":\"ReadAction\",\"target\":[\"https:\/\/sudoesteacontece.com.br\/?p=29415\"]}]},{\"@type\":\"ImageObject\",\"inLanguage\":\"pt-BR\",\"@id\":\"https:\/\/sudoesteacontece.com.br\/?p=29415#primaryimage\",\"url\":\"https:\/\/sudoesteacontece.com.br\/wp-content\/uploads\/2026\/09\/Morre-aos-76-anos-Jose-Cerqueira-Costa-lideranca-historica-da-politica-do-PT-em-Conquista.jpg\",\"contentUrl\":\"https:\/\/sudoesteacontece.com.br\/wp-content\/uploads\/2026\/09\/Morre-aos-76-anos-Jose-Cerqueira-Costa-lideranca-historica-da-politica-do-PT-em-Conquista.jpg\",\"width\":900,\"height\":600},{\"@type\":\"BreadcrumbList\",\"@id\":\"https:\/\/sudoesteacontece.com.br\/?p=29415#breadcrumb\",\"itemListElement\":[{\"@type\":\"ListItem\",\"position\":1,\"name\":\"In\u00edcio\",\"item\":\"https:\/\/sudoesteacontece.com.br\/\"},{\"@type\":\"ListItem\",\"position\":2,\"name\":\"Morre aos 76 anos Jos\u00e9 Cerqueira Costa, lideran\u00e7a hist\u00f3rica da pol\u00edtica do PT em Conquista\"}]},{\"@type\":\"WebSite\",\"@id\":\"https:\/\/sudoesteacontece.com.br\/#website\",\"url\":\"https:\/\/sudoesteacontece.com.br\/\",\"name\":\"Sudoesteacontece\",\"description\":\"\",\"publisher\":{\"@id\":\"https:\/\/sudoesteacontece.com.br\/#organization\"},\"potentialAction\":[{\"@type\":\"SearchAction\",\"target\":{\"@type\":\"EntryPoint\",\"urlTemplate\":\"https:\/\/sudoesteacontece.com.br\/?s={search_term_string}\"},\"query-input\":{\"@type\":\"PropertyValueSpecification\",\"valueRequired\":true,\"valueName\":\"search_term_string\"}}],\"inLanguage\":\"pt-BR\"},{\"@type\":\"Organization\",\"@id\":\"https:\/\/sudoesteacontece.com.br\/#organization\",\"name\":\"Sudoesteacontece\",\"url\":\"https:\/\/sudoesteacontece.com.br\/\",\"logo\":{\"@type\":\"ImageObject\",\"inLanguage\":\"pt-BR\",\"@id\":\"https:\/\/sudoesteacontece.com.br\/#\/schema\/logo\/image\/\",\"url\":\"https:\/\/sudoesteacontece.com.br\/wp-content\/uploads\/2025\/12\/cropped-logo-2-180x180-1.png\",\"contentUrl\":\"https:\/\/sudoesteacontece.com.br\/wp-content\/uploads\/2025\/12\/cropped-logo-2-180x180-1.png\",\"width\":180,\"height\":180,\"caption\":\"Sudoesteacontece\"},\"image\":{\"@id\":\"https:\/\/sudoesteacontece.com.br\/#\/schema\/logo\/image\/\"},\"sameAs\":[\"https:\/\/www.facebook.com\/sudoesteacontece\/?locale=pt_BR\"]},{\"@type\":\"Person\",\"@id\":\"https:\/\/sudoesteacontece.com.br\/#\/schema\/person\/a4f22429c1d0923ef8f7d43343f8dc38\",\"name\":\"Reda\u00e7\u00e3o\",\"image\":{\"@type\":\"ImageObject\",\"inLanguage\":\"pt-BR\",\"@id\":\"https:\/\/sudoesteacontece.com.br\/#\/schema\/person\/image\/\",\"url\":\"https:\/\/secure.gravatar.com\/avatar\/c3a5b3c93f268a709c25a2df414c629a96fb3b1b4bf97a94fb3f72e54ae76903?s=96&d=mm&r=g\",\"contentUrl\":\"https:\/\/secure.gravatar.com\/avatar\/c3a5b3c93f268a709c25a2df414c629a96fb3b1b4bf97a94fb3f72e54ae76903?s=96&d=mm&r=g\",\"caption\":\"Reda\u00e7\u00e3o\"},\"url\":\"https:\/\/sudoesteacontece.com.br\/?author=4\"}]}<\/script>\n<!-- \/ Yoast SEO plugin. -->","yoast_head_json":{"title":"Morre aos 76 anos Jos\u00e9 Cerqueira Costa, lideran\u00e7a hist\u00f3rica da pol\u00edtica do PT em Conquista - Sudoesteacontece","robots":{"index":"index","follow":"follow","max-snippet":"max-snippet:-1","max-image-preview":"max-image-preview:large","max-video-preview":"max-video-preview:-1"},"canonical":"https:\/\/sudoesteacontece.com.br\/?p=29415","og_locale":"pt_BR","og_type":"article","og_title":"Morre aos 76 anos Jos\u00e9 Cerqueira Costa, lideran\u00e7a hist\u00f3rica da pol\u00edtica do PT em Conquista - Sudoesteacontece","og_description":"Jos\u00e9 Cerqueira Costa, lideran\u00e7a hist\u00f3rica da pol\u00edtica de Vit\u00f3ria da Conquista, morreu aos 76 anos nesta sexta-feira (4). Ele estava internado no Hospital SAMUR e, segundo as informa\u00e7\u00f5es divulgadas, teve complica\u00e7\u00f5es decorrentes de COVID-19 e pneumonia. Cerqueira foi servidor da Empresa Brasileira de Telecomunica\u00e7\u00f5es (EMBRATEL) e tamb\u00e9m exerceu fun\u00e7\u00f5es na dire\u00e7\u00e3o do Partido dos Trabalhadores (PT). Durante a trajet\u00f3ria pol\u00edtica, Jos\u00e9 Cerqueira ficou conhecido pela atua\u00e7\u00e3o em defesa de pessoas em situa\u00e7\u00e3o de vulnerabilidade e pela participa\u00e7\u00e3o em iniciativas voltadas ao desenvolvimento de Vit\u00f3ria da Conquista. Familiares e amigos receberam, na manh\u00e3 desta sexta, manifesta\u00e7\u00f5es de solidariedade e homenagens ap\u00f3s a confirma\u00e7\u00e3o da morte. Entre as mensagens de pesar est\u00e1 a do ex-senador Walter Pinheiro, que destacou a amizade constru\u00edda durante anos de trabalho nas telecomunica\u00e7\u00f5es. Em sua manifesta\u00e7\u00e3o, Pinheiro tamb\u00e9m ressaltou a participa\u00e7\u00e3o de Cerqueira em articula\u00e7\u00f5es no Territ\u00f3rio de Vit\u00f3ria da Conquista e a disposi\u00e7\u00e3o para ajudar outras pessoas. Segundo Walter Pinheiro, Jos\u00e9 Cerqueira exercia papel de apoio nas a\u00e7\u00f5es das quais participava e era reconhecido pela postura solid\u00e1ria. O ex-senador tamb\u00e9m mencionou a f\u00e9 crist\u00e3 do amigo e afirmou que sua trajet\u00f3ria deixou um legado entre familiares, companheiros de trabalho e pessoas que conviveram com ele. O sepultamento ser\u00e1 precedido por um culto f\u00fanebre na Igreja Batista Peniel, em Vit\u00f3ria da Conquista, onde Cerqueira era membro ativo. A cerim\u00f4nia est\u00e1 prevista para as 14h30 desta sexta-feira (4). Familiares e amigos participam das despedidas e prestam as \u00faltimas homenagens ao ex-dirigente partid\u00e1rio e ex-servidor da EMBRATEL.","og_url":"https:\/\/sudoesteacontece.com.br\/?p=29415","og_site_name":"Sudoesteacontece","article_publisher":"https:\/\/www.facebook.com\/sudoesteacontece\/?locale=pt_BR","article_published_time":"2026-09-04T12:13:00+00:00","article_modified_time":"2026-09-04T15:26:30+00:00","og_image":[{"width":900,"height":600,"url":"http:\/\/sudoesteacontece.com.br\/wp-content\/uploads\/2026\/09\/Morre-aos-76-anos-Jose-Cerqueira-Costa-lideranca-historica-da-politica-do-PT-em-Conquista.jpg","type":"image\/jpeg"}],"author":"Reda\u00e7\u00e3o","twitter_card":"summary_large_image","twitter_misc":{"Escrito por":"Reda\u00e7\u00e3o","Est. tempo de leitura":"2 minutos"},"schema":{"@context":"https:\/\/schema.org","@graph":[{"@type":"Article","@id":"https:\/\/sudoesteacontece.com.br\/?p=29415#article","isPartOf":{"@id":"https:\/\/sudoesteacontece.com.br\/?p=29415"},"author":{"name":"Reda\u00e7\u00e3o","@id":"https:\/\/sudoesteacontece.com.br\/#\/schema\/person\/a4f22429c1d0923ef8f7d43343f8dc38"},"headline":"Morre aos 76 anos Jos\u00e9 Cerqueira Costa, lideran\u00e7a hist\u00f3rica da pol\u00edtica do PT em Conquista","datePublished":"2026-09-04T12:13:00+00:00","dateModified":"2026-09-04T15:26:30+00:00","mainEntityOfPage":{"@id":"https:\/\/sudoesteacontece.com.br\/?p=29415"},"wordCount":298,"commentCount":0,"publisher":{"@id":"https:\/\/sudoesteacontece.com.br\/#organization"},"image":{"@id":"https:\/\/sudoesteacontece.com.br\/?p=29415#primaryimage"},"thumbnailUrl":"https:\/\/sudoesteacontece.com.br\/wp-content\/uploads\/2026\/09\/Morre-aos-76-anos-Jose-Cerqueira-Costa-lideranca-historica-da-politica-do-PT-em-Conquista.jpg","articleSection":["Cidades","Pol\u00edtica"],"inLanguage":"pt-BR","potentialAction":[{"@type":"CommentAction","name":"Comment","target":["https:\/\/sudoesteacontece.com.br\/?p=29415#respond"]}]},{"@type":"WebPage","@id":"https:\/\/sudoesteacontece.com.br\/?p=29415","url":"https:\/\/sudoesteacontece.com.br\/?p=29415","name":"Morre aos 76 anos Jos\u00e9 Cerqueira Costa, lideran\u00e7a hist\u00f3rica da pol\u00edtica do PT em Conquista - Sudoesteacontece","isPartOf":{"@id":"https:\/\/sudoesteacontece.com.br\/#website"},"primaryImageOfPage":{"@id":"https:\/\/sudoesteacontece.com.br\/?p=29415#primaryimage"},"image":{"@id":"https:\/\/sudoesteacontece.com.br\/?p=29415#primaryimage"},"thumbnailUrl":"https:\/\/sudoesteacontece.com.br\/wp-content\/uploads\/2026\/09\/Morre-aos-76-anos-Jose-Cerqueira-Costa-lideranca-historica-da-politica-do-PT-em-Conquista.jpg","datePublished":"2026-09-04T12:13:00+00:00","dateModified":"2026-09-04T15:26:30+00:00","breadcrumb":{"@id":"https:\/\/sudoesteacontece.com.br\/?p=29415#breadcrumb"},"inLanguage":"pt-BR","potentialAction":[{"@type":"ReadAction","target":["https:\/\/sudoesteacontece.com.br\/?p=29415"]}]},{"@type":"ImageObject","inLanguage":"pt-BR","@id":"https:\/\/sudoesteacontece.com.br\/?p=29415#primaryimage","url":"https:\/\/sudoesteacontece.com.br\/wp-content\/uploads\/2026\/09\/Morre-aos-76-anos-Jose-Cerqueira-Costa-lideranca-historica-da-politica-do-PT-em-Conquista.jpg","contentUrl":"https:\/\/sudoesteacontece.com.br\/wp-content\/uploads\/2026\/09\/Morre-aos-76-anos-Jose-Cerqueira-Costa-lideranca-historica-da-politica-do-PT-em-Conquista.jpg","width":900,"height":600},{"@type":"BreadcrumbList","@id":"https:\/\/sudoesteacontece.com.br\/?p=29415#breadcrumb","itemListElement":[{"@type":"ListItem","position":1,"name":"In\u00edcio","item":"https:\/\/sudoesteacontece.com.br\/"},{"@type":"ListItem","position":2,"name":"Morre aos 76 anos Jos\u00e9 Cerqueira Costa, lideran\u00e7a hist\u00f3rica da pol\u00edtica do PT em Conquista"}]},{"@type":"WebSite","@id":"https:\/\/sudoesteacontece.com.br\/#website","url":"https:\/\/sudoesteacontece.com.br\/","name":"Sudoesteacontece","description":"","publisher":{"@id":"https:\/\/sudoesteacontece.com.br\/#organization"},"potentialAction":[{"@type":"SearchAction","target":{"@type":"EntryPoint","urlTemplate":"https:\/\/sudoesteacontece.com.br\/?s={search_term_string}"},"query-input":{"@type":"PropertyValueSpecification","valueRequired":true,"valueName":"search_term_string"}}],"inLanguage":"pt-BR"},{"@type":"Organization","@id":"https:\/\/sudoesteacontece.com.br\/#organization","name":"Sudoesteacontece","url":"https:\/\/sudoesteacontece.com.br\/","logo":{"@type":"ImageObject","inLanguage":"pt-BR","@id":"https:\/\/sudoesteacontece.com.br\/#\/schema\/logo\/image\/","url":"https:\/\/sudoesteacontece.com.br\/wp-content\/uploads\/2025\/12\/cropped-logo-2-180x180-1.png","contentUrl":"https:\/\/sudoesteacontece.com.br\/wp-content\/uploads\/2025\/12\/cropped-logo-2-180x180-1.png","width":180,"height":180,"caption":"Sudoesteacontece"},"image":{"@id":"https:\/\/sudoesteacontece.com.br\/#\/schema\/logo\/image\/"},"sameAs":["https:\/\/www.facebook.com\/sudoesteacontece\/?locale=pt_BR"]},{"@type":"Person","@id":"https:\/\/sudoesteacontece.com.br\/#\/schema\/person\/a4f22429c1d0923ef8f7d43343f8dc38","name":"Reda\u00e7\u00e3o","image":{"@type":"ImageObject","inLanguage":"pt-BR","@id":"https:\/\/sudoesteacontece.com.br\/#\/schema\/person\/image\/","url":"https:\/\/secure.gravatar.com\/avatar\/c3a5b3c93f268a709c25a2df414c629a96fb3b1b4bf97a94fb3f72e54ae76903?s=96&d=mm&r=g","contentUrl":"https:\/\/secure.gravatar.com\/avatar\/c3a5b3c93f268a709c25a2df414c629a96fb3b1b4bf97a94fb3f72e54ae76903?s=96&d=mm&r=g","caption":"Reda\u00e7\u00e3o"},"url":"https:\/\/sudoesteacontece.com.br\/?author=4"}]}},"_links":{"self":[{"href":"https:\/\/sudoesteacontece.com.br\/index.php?rest_route=\/wp\/v2\/posts\/29415","targetHints":{"allow":["GET"]}}],"collection":[{"href":"https:\/\/sudoesteacontece.com.br\/index.php?rest_route=\/wp\/v2\/posts"}],"about":[{"href":"https:\/\/sudoesteacontece.com.br\/index.php?rest_route=\/wp\/v2\/types\/post"}],"author":[{"embeddable":true,"href":"https:\/\/sudoesteacontece.com.br\/index.php?rest_route=\/wp\/v2\/users\/4"}],"replies":[{"embeddable":true,"href":"https:\/\/sudoesteacontece.com.br\/index.php?rest_route=%2Fwp%2Fv2%2Fcomments&post=29415"}],"version-history":[{"count":1,"href":"https:\/\/sudoesteacontece.com.br\/index.php?rest_route=\/wp\/v2\/posts\/29415\/revisions"}],"predecessor-version":[{"id":29472,"href":"https:\/\/sudoesteacontece.com.br\/index.php?rest_route=\/wp\/v2\/posts\/29415\/revisions\/29472"}],"wp:featuredmedia":[{"embeddable":true,"href":"https:\/\/sudoesteacontece.com.br\/index.php?rest_route=\/wp\/v2\/media\/29464"}],"wp:attachment":[{"href":"https:\/\/sudoesteacontece.com.br\/index.php?rest_route=%2Fwp%2Fv2%2Fmedia&parent=29415"}],"wp:term":[{"taxonomy":"category","embeddable":true,"href":"https:\/\/sudoesteacontece.com.br\/index.php?rest_route=%2Fwp%2Fv2%2Fcategories&post=29415"},{"taxonomy":"post_tag","embeddable":true,"href":"https:\/\/sudoesteacontece.com.br\/index.php?rest_route=%2Fwp%2Fv2%2Ftags&post=29415"}],"curies":[{"name":"wp","href":"https:\/\/api.w.org\/{rel}","templated":true}]}}