{"id":29421,"date":"2026-09-04T12:33:23","date_gmt":"2026-09-04T15:33:23","guid":{"rendered":"https:\/\/sudoesteacontece.com.br\/?p=29421"},"modified":"2026-09-04T12:33:28","modified_gmt":"2026-09-04T15:33:28","slug":"moraes-se-reune-com-alcolumbre-antes-de-ofensiva-contra-mendonca-no-stf","status":"publish","type":"post","link":"https:\/\/sudoesteacontece.com.br\/?p=29421","title":{"rendered":"Moraes se re\u00fane com Alcolumbre antes de ofensiva contra Mendon\u00e7a no STF"},"content":{"rendered":"\n<figure class=\"wp-block-image size-full\"><img fetchpriority=\"high\" decoding=\"async\" width=\"900\" height=\"600\" src=\"http:\/\/sudoesteacontece.com.br\/wp-content\/uploads\/2026\/09\/Moraes-se-reune-com-Alcolumbre-antes-de-ofensiva-contra-Mendonca-no-STF.jpg\" alt=\"\" class=\"wp-image-29462\" srcset=\"https:\/\/sudoesteacontece.com.br\/wp-content\/uploads\/2026\/09\/Moraes-se-reune-com-Alcolumbre-antes-de-ofensiva-contra-Mendonca-no-STF.jpg 900w, https:\/\/sudoesteacontece.com.br\/wp-content\/uploads\/2026\/09\/Moraes-se-reune-com-Alcolumbre-antes-de-ofensiva-contra-Mendonca-no-STF-300x200.jpg 300w, https:\/\/sudoesteacontece.com.br\/wp-content\/uploads\/2026\/09\/Moraes-se-reune-com-Alcolumbre-antes-de-ofensiva-contra-Mendonca-no-STF-768x512.jpg 768w\" sizes=\"(max-width: 900px) 100vw, 900px\" \/><\/figure>\n\n\n\n<p class=\"wp-block-paragraph\">O ministro Alexandre de Moraes se reuniu por cerca de tr\u00eas horas com o presidente do Senado, Davi Alcolumbre, na quarta-feira (2), em Bras\u00edlia. O encontro ocorreu um dia antes de Moraes retirar o sigilo de uma decis\u00e3o que apontou supostas irregularidades na atua\u00e7\u00e3o do ministro Andr\u00e9 Mendon\u00e7a. Segundo informa\u00e7\u00f5es divulgadas pela coluna de Malu Gaspar, tr\u00eas fontes confirmaram que a reuni\u00e3o aconteceu na resid\u00eancia de Alcolumbre.<\/p>\n\n\n\n<p class=\"wp-block-paragraph\">Durante o encontro, Alcolumbre j\u00e1 aparecia citado em relat\u00f3rios de intelig\u00eancia da Pol\u00edcia Federal utilizados por Moraes. Os documentos levantam a possibilidade de direcionamento das investiga\u00e7\u00f5es por Mendon\u00e7a, mas classificam como baixo o grau de confian\u00e7a dessas informa\u00e7\u00f5es. O material tamb\u00e9m n\u00e3o apresenta elementos conclusivos que comprovem as alega\u00e7\u00f5es envolvendo o presidente do Senado.<\/p>\n\n\n\n<p class=\"wp-block-paragraph\">Ap\u00f3s a reuni\u00e3o, Alcolumbre criticou no Senado as cobran\u00e7as da oposi\u00e7\u00e3o para que colocasse em vota\u00e7\u00e3o um eventual processo de impeachment contra Moraes. Na mesma ocasi\u00e3o, mencionou o caso \u201cDark Horse\u201d, relacionado a pedidos de recursos feitos por Fl\u00e1vio Bolsonaro a Daniel Vorcaro para financiar um filme sobre Jair Bolsonaro.<\/p>\n\n\n\n<p class=\"wp-block-paragraph\">Segundo a coluna, Moraes e Alcolumbre mant\u00eam uma rela\u00e7\u00e3o pol\u00edtica pr\u00f3xima. A decis\u00e3o do ministro do STF apontou supostos ind\u00edcios de improbidade, abuso de autoridade e crime de responsabilidade atribu\u00eddos a Mendon\u00e7a. A avalia\u00e7\u00e3o publicada \u00e9 de que o epis\u00f3dio poderia criar condi\u00e7\u00f5es para que o presidente do Senado analisasse eventuais medidas contra o ministro do Supremo.<\/p>\n\n\n\n<p class=\"wp-block-paragraph\">Paralelamente, Alcolumbre tamb\u00e9m aparece citado em investiga\u00e7\u00f5es relacionadas ao Banco Master. A ofensiva de Moraes contra Mendon\u00e7a ocorreu tr\u00eas dias depois de o ministro encaminhar \u00e0 Procuradoria-Geral da Rep\u00fablica mensagens trocadas com Vorcaro. O procurador-geral Paulo Gonet, por sua vez, pediu que essas mensagens fossem consideradas nulas.<\/p>\n\n\n\n<p class=\"wp-block-paragraph\">Por fim, a an\u00e1lise publicada pela coluna aponta poss\u00edveis impactos da decis\u00e3o sobre as investiga\u00e7\u00f5es envolvendo o Banco Master. Entre os argumentos mencionados est\u00e3o suspeitas de direcionamento das apura\u00e7\u00f5es e eventual quebra da cadeia de cust\u00f3dia. Essas quest\u00f5es j\u00e1 eram consideradas pela defesa de Vorcaro em uma tentativa de anular o processo.<\/p>\n\n\n\n<p class=\"wp-block-paragraph\">Embora tenham sido utilizados na decis\u00e3o, os relat\u00f3rios citados s\u00e3o descritos como ap\u00f3crifos e n\u00e3o apresentam provas conclusivas sobre as alega\u00e7\u00f5es relacionadas a Alcolumbre. As informa\u00e7\u00f5es sobre o encontro entre Moraes e o presidente do Senado foram atribu\u00eddas a tr\u00eas fontes ouvidas pela coluna.<\/p>\n","protected":false},"excerpt":{"rendered":"<p>O ministro Alexandre de Moraes se reuniu por cerca de tr\u00eas horas com o presidente do Senado, Davi Alcolumbre, na quarta-feira (2), em Bras\u00edlia. O encontro ocorreu um dia antes de Moraes retirar o sigilo de uma decis\u00e3o que apontou supostas irregularidades na atua\u00e7\u00e3o do ministro Andr\u00e9 Mendon\u00e7a. Segundo informa\u00e7\u00f5es divulgadas pela coluna de Malu Gaspar, tr\u00eas fontes confirmaram que a reuni\u00e3o aconteceu na resid\u00eancia de Alcolumbre. Durante o encontro, Alcolumbre j\u00e1 aparecia citado em relat\u00f3rios de intelig\u00eancia da Pol\u00edcia Federal utilizados por Moraes. Os documentos levantam a possibilidade de direcionamento das investiga\u00e7\u00f5es por Mendon\u00e7a, mas classificam como baixo o grau de confian\u00e7a dessas informa\u00e7\u00f5es. O material tamb\u00e9m n\u00e3o apresenta elementos conclusivos que comprovem as alega\u00e7\u00f5es envolvendo o presidente do Senado. Ap\u00f3s a reuni\u00e3o, Alcolumbre criticou no Senado as cobran\u00e7as da oposi\u00e7\u00e3o para que colocasse em vota\u00e7\u00e3o um eventual processo de impeachment contra Moraes. Na mesma ocasi\u00e3o, mencionou o caso \u201cDark Horse\u201d, relacionado a pedidos de recursos feitos por Fl\u00e1vio Bolsonaro a Daniel Vorcaro para financiar um filme sobre Jair Bolsonaro. Segundo a coluna, Moraes e Alcolumbre mant\u00eam uma rela\u00e7\u00e3o pol\u00edtica pr\u00f3xima. A decis\u00e3o do ministro do STF apontou supostos ind\u00edcios de improbidade, abuso de autoridade e crime de responsabilidade atribu\u00eddos a Mendon\u00e7a. A avalia\u00e7\u00e3o publicada \u00e9 de que o epis\u00f3dio poderia criar condi\u00e7\u00f5es para que o presidente do Senado analisasse eventuais medidas contra o ministro do Supremo. Paralelamente, Alcolumbre tamb\u00e9m aparece citado em investiga\u00e7\u00f5es relacionadas ao Banco Master. A ofensiva de Moraes contra Mendon\u00e7a ocorreu tr\u00eas dias depois de o ministro encaminhar \u00e0 Procuradoria-Geral da Rep\u00fablica mensagens trocadas com Vorcaro. O procurador-geral Paulo Gonet, por sua vez, pediu que essas mensagens fossem consideradas nulas. Por fim, a an\u00e1lise publicada pela coluna aponta poss\u00edveis impactos da decis\u00e3o sobre as investiga\u00e7\u00f5es envolvendo o Banco Master. Entre os argumentos mencionados est\u00e3o suspeitas de direcionamento das apura\u00e7\u00f5es e eventual quebra da cadeia de cust\u00f3dia. Essas quest\u00f5es j\u00e1 eram consideradas pela defesa de Vorcaro em uma tentativa de anular o processo. Embora tenham sido utilizados na decis\u00e3o, os relat\u00f3rios citados s\u00e3o descritos como ap\u00f3crifos e n\u00e3o apresentam provas conclusivas sobre as alega\u00e7\u00f5es relacionadas a Alcolumbre. As informa\u00e7\u00f5es sobre o encontro entre Moraes e o presidente do Senado foram atribu\u00eddas a tr\u00eas fontes ouvidas pela coluna.<\/p>\n","protected":false},"author":4,"featured_media":0,"comment_status":"open","ping_status":"open","sticky":false,"template":"","format":"standard","meta":{"footnotes":""},"categories":[53,58,13,3,6],"tags":[],"class_list":["post-29421","post","type-post","status-publish","format-standard","hentry","category-brasil","category-eleicoes-2026","category-justica","category-policia","category-politica"],"yoast_head":"<!-- This site is optimized with the Yoast SEO plugin v26.5 - https:\/\/yoast.com\/wordpress\/plugins\/seo\/ -->\n<title>Moraes se re\u00fane com Alcolumbre antes de ofensiva contra Mendon\u00e7a no STF - Sudoesteacontece<\/title>\n<meta name=\"robots\" content=\"index, follow, max-snippet:-1, max-image-preview:large, max-video-preview:-1\" \/>\n<link rel=\"canonical\" href=\"https:\/\/sudoesteacontece.com.br\/?p=29421\" \/>\n<meta property=\"og:locale\" content=\"pt_BR\" \/>\n<meta property=\"og:type\" content=\"article\" \/>\n<meta property=\"og:title\" content=\"Moraes se re\u00fane com Alcolumbre antes de ofensiva contra Mendon\u00e7a no STF - Sudoesteacontece\" \/>\n<meta property=\"og:description\" content=\"O ministro Alexandre de Moraes se reuniu por cerca de tr\u00eas horas com o presidente do Senado, Davi Alcolumbre, na quarta-feira (2), em Bras\u00edlia. O encontro ocorreu um dia antes de Moraes retirar o sigilo de uma decis\u00e3o que apontou supostas irregularidades na atua\u00e7\u00e3o do ministro Andr\u00e9 Mendon\u00e7a. Segundo informa\u00e7\u00f5es divulgadas pela coluna de Malu Gaspar, tr\u00eas fontes confirmaram que a reuni\u00e3o aconteceu na resid\u00eancia de Alcolumbre. Durante o encontro, Alcolumbre j\u00e1 aparecia citado em relat\u00f3rios de intelig\u00eancia da Pol\u00edcia Federal utilizados por Moraes. Os documentos levantam a possibilidade de direcionamento das investiga\u00e7\u00f5es por Mendon\u00e7a, mas classificam como baixo o grau de confian\u00e7a dessas informa\u00e7\u00f5es. O material tamb\u00e9m n\u00e3o apresenta elementos conclusivos que comprovem as alega\u00e7\u00f5es envolvendo o presidente do Senado. Ap\u00f3s a reuni\u00e3o, Alcolumbre criticou no Senado as cobran\u00e7as da oposi\u00e7\u00e3o para que colocasse em vota\u00e7\u00e3o um eventual processo de impeachment contra Moraes. Na mesma ocasi\u00e3o, mencionou o caso \u201cDark Horse\u201d, relacionado a pedidos de recursos feitos por Fl\u00e1vio Bolsonaro a Daniel Vorcaro para financiar um filme sobre Jair Bolsonaro. Segundo a coluna, Moraes e Alcolumbre mant\u00eam uma rela\u00e7\u00e3o pol\u00edtica pr\u00f3xima. A decis\u00e3o do ministro do STF apontou supostos ind\u00edcios de improbidade, abuso de autoridade e crime de responsabilidade atribu\u00eddos a Mendon\u00e7a. A avalia\u00e7\u00e3o publicada \u00e9 de que o epis\u00f3dio poderia criar condi\u00e7\u00f5es para que o presidente do Senado analisasse eventuais medidas contra o ministro do Supremo. Paralelamente, Alcolumbre tamb\u00e9m aparece citado em investiga\u00e7\u00f5es relacionadas ao Banco Master. A ofensiva de Moraes contra Mendon\u00e7a ocorreu tr\u00eas dias depois de o ministro encaminhar \u00e0 Procuradoria-Geral da Rep\u00fablica mensagens trocadas com Vorcaro. O procurador-geral Paulo Gonet, por sua vez, pediu que essas mensagens fossem consideradas nulas. Por fim, a an\u00e1lise publicada pela coluna aponta poss\u00edveis impactos da decis\u00e3o sobre as investiga\u00e7\u00f5es envolvendo o Banco Master. Entre os argumentos mencionados est\u00e3o suspeitas de direcionamento das apura\u00e7\u00f5es e eventual quebra da cadeia de cust\u00f3dia. Essas quest\u00f5es j\u00e1 eram consideradas pela defesa de Vorcaro em uma tentativa de anular o processo. Embora tenham sido utilizados na decis\u00e3o, os relat\u00f3rios citados s\u00e3o descritos como ap\u00f3crifos e n\u00e3o apresentam provas conclusivas sobre as alega\u00e7\u00f5es relacionadas a Alcolumbre. As informa\u00e7\u00f5es sobre o encontro entre Moraes e o presidente do Senado foram atribu\u00eddas a tr\u00eas fontes ouvidas pela coluna.\" \/>\n<meta property=\"og:url\" content=\"https:\/\/sudoesteacontece.com.br\/?p=29421\" \/>\n<meta property=\"og:site_name\" content=\"Sudoesteacontece\" \/>\n<meta property=\"article:publisher\" content=\"https:\/\/www.facebook.com\/sudoesteacontece\/?locale=pt_BR\" \/>\n<meta property=\"article:published_time\" content=\"2026-09-04T15:33:23+00:00\" \/>\n<meta property=\"article:modified_time\" content=\"2026-09-04T15:33:28+00:00\" \/>\n<meta property=\"og:image\" content=\"https:\/\/sudoesteacontece.com.br\/wp-content\/uploads\/2026\/09\/Moraes-se-reune-com-Alcolumbre-antes-de-ofensiva-contra-Mendonca-no-STF.jpg\" \/>\n\t<meta property=\"og:image:width\" content=\"900\" \/>\n\t<meta property=\"og:image:height\" content=\"600\" \/>\n\t<meta property=\"og:image:type\" content=\"image\/jpeg\" \/>\n<meta name=\"author\" content=\"Reda\u00e7\u00e3o\" \/>\n<meta name=\"twitter:card\" content=\"summary_large_image\" \/>\n<meta name=\"twitter:label1\" content=\"Escrito por\" \/>\n\t<meta name=\"twitter:data1\" content=\"Reda\u00e7\u00e3o\" \/>\n\t<meta name=\"twitter:label2\" content=\"Est. tempo de leitura\" \/>\n\t<meta name=\"twitter:data2\" content=\"3 minutos\" \/>\n<script type=\"application\/ld+json\" class=\"yoast-schema-graph\">{\"@context\":\"https:\/\/schema.org\",\"@graph\":[{\"@type\":\"Article\",\"@id\":\"https:\/\/sudoesteacontece.com.br\/?p=29421#article\",\"isPartOf\":{\"@id\":\"https:\/\/sudoesteacontece.com.br\/?p=29421\"},\"author\":{\"name\":\"Reda\u00e7\u00e3o\",\"@id\":\"https:\/\/sudoesteacontece.com.br\/#\/schema\/person\/a4f22429c1d0923ef8f7d43343f8dc38\"},\"headline\":\"Moraes se re\u00fane com Alcolumbre antes de ofensiva contra Mendon\u00e7a no STF\",\"datePublished\":\"2026-09-04T15:33:23+00:00\",\"dateModified\":\"2026-09-04T15:33:28+00:00\",\"mainEntityOfPage\":{\"@id\":\"https:\/\/sudoesteacontece.com.br\/?p=29421\"},\"wordCount\":441,\"commentCount\":0,\"publisher\":{\"@id\":\"https:\/\/sudoesteacontece.com.br\/#organization\"},\"image\":{\"@id\":\"https:\/\/sudoesteacontece.com.br\/?p=29421#primaryimage\"},\"thumbnailUrl\":\"http:\/\/sudoesteacontece.com.br\/wp-content\/uploads\/2026\/09\/Moraes-se-reune-com-Alcolumbre-antes-de-ofensiva-contra-Mendonca-no-STF.jpg\",\"articleSection\":[\"Brasil\",\"Elei\u00e7\u00f5es 2026\",\"Justi\u00e7a\",\"Pol\u00edcia\",\"Pol\u00edtica\"],\"inLanguage\":\"pt-BR\",\"potentialAction\":[{\"@type\":\"CommentAction\",\"name\":\"Comment\",\"target\":[\"https:\/\/sudoesteacontece.com.br\/?p=29421#respond\"]}]},{\"@type\":\"WebPage\",\"@id\":\"https:\/\/sudoesteacontece.com.br\/?p=29421\",\"url\":\"https:\/\/sudoesteacontece.com.br\/?p=29421\",\"name\":\"Moraes se re\u00fane com Alcolumbre antes de ofensiva contra Mendon\u00e7a no STF - Sudoesteacontece\",\"isPartOf\":{\"@id\":\"https:\/\/sudoesteacontece.com.br\/#website\"},\"primaryImageOfPage\":{\"@id\":\"https:\/\/sudoesteacontece.com.br\/?p=29421#primaryimage\"},\"image\":{\"@id\":\"https:\/\/sudoesteacontece.com.br\/?p=29421#primaryimage\"},\"thumbnailUrl\":\"http:\/\/sudoesteacontece.com.br\/wp-content\/uploads\/2026\/09\/Moraes-se-reune-com-Alcolumbre-antes-de-ofensiva-contra-Mendonca-no-STF.jpg\",\"datePublished\":\"2026-09-04T15:33:23+00:00\",\"dateModified\":\"2026-09-04T15:33:28+00:00\",\"breadcrumb\":{\"@id\":\"https:\/\/sudoesteacontece.com.br\/?p=29421#breadcrumb\"},\"inLanguage\":\"pt-BR\",\"potentialAction\":[{\"@type\":\"ReadAction\",\"target\":[\"https:\/\/sudoesteacontece.com.br\/?p=29421\"]}]},{\"@type\":\"ImageObject\",\"inLanguage\":\"pt-BR\",\"@id\":\"https:\/\/sudoesteacontece.com.br\/?p=29421#primaryimage\",\"url\":\"https:\/\/sudoesteacontece.com.br\/wp-content\/uploads\/2026\/09\/Moraes-se-reune-com-Alcolumbre-antes-de-ofensiva-contra-Mendonca-no-STF.jpg\",\"contentUrl\":\"https:\/\/sudoesteacontece.com.br\/wp-content\/uploads\/2026\/09\/Moraes-se-reune-com-Alcolumbre-antes-de-ofensiva-contra-Mendonca-no-STF.jpg\",\"width\":900,\"height\":600},{\"@type\":\"BreadcrumbList\",\"@id\":\"https:\/\/sudoesteacontece.com.br\/?p=29421#breadcrumb\",\"itemListElement\":[{\"@type\":\"ListItem\",\"position\":1,\"name\":\"In\u00edcio\",\"item\":\"https:\/\/sudoesteacontece.com.br\/\"},{\"@type\":\"ListItem\",\"position\":2,\"name\":\"Moraes se re\u00fane com Alcolumbre antes de ofensiva contra Mendon\u00e7a no STF\"}]},{\"@type\":\"WebSite\",\"@id\":\"https:\/\/sudoesteacontece.com.br\/#website\",\"url\":\"https:\/\/sudoesteacontece.com.br\/\",\"name\":\"Sudoesteacontece\",\"description\":\"\",\"publisher\":{\"@id\":\"https:\/\/sudoesteacontece.com.br\/#organization\"},\"potentialAction\":[{\"@type\":\"SearchAction\",\"target\":{\"@type\":\"EntryPoint\",\"urlTemplate\":\"https:\/\/sudoesteacontece.com.br\/?s={search_term_string}\"},\"query-input\":{\"@type\":\"PropertyValueSpecification\",\"valueRequired\":true,\"valueName\":\"search_term_string\"}}],\"inLanguage\":\"pt-BR\"},{\"@type\":\"Organization\",\"@id\":\"https:\/\/sudoesteacontece.com.br\/#organization\",\"name\":\"Sudoesteacontece\",\"url\":\"https:\/\/sudoesteacontece.com.br\/\",\"logo\":{\"@type\":\"ImageObject\",\"inLanguage\":\"pt-BR\",\"@id\":\"https:\/\/sudoesteacontece.com.br\/#\/schema\/logo\/image\/\",\"url\":\"https:\/\/sudoesteacontece.com.br\/wp-content\/uploads\/2025\/12\/cropped-logo-2-180x180-1.png\",\"contentUrl\":\"https:\/\/sudoesteacontece.com.br\/wp-content\/uploads\/2025\/12\/cropped-logo-2-180x180-1.png\",\"width\":180,\"height\":180,\"caption\":\"Sudoesteacontece\"},\"image\":{\"@id\":\"https:\/\/sudoesteacontece.com.br\/#\/schema\/logo\/image\/\"},\"sameAs\":[\"https:\/\/www.facebook.com\/sudoesteacontece\/?locale=pt_BR\"]},{\"@type\":\"Person\",\"@id\":\"https:\/\/sudoesteacontece.com.br\/#\/schema\/person\/a4f22429c1d0923ef8f7d43343f8dc38\",\"name\":\"Reda\u00e7\u00e3o\",\"image\":{\"@type\":\"ImageObject\",\"inLanguage\":\"pt-BR\",\"@id\":\"https:\/\/sudoesteacontece.com.br\/#\/schema\/person\/image\/\",\"url\":\"https:\/\/secure.gravatar.com\/avatar\/c3a5b3c93f268a709c25a2df414c629a96fb3b1b4bf97a94fb3f72e54ae76903?s=96&d=mm&r=g\",\"contentUrl\":\"https:\/\/secure.gravatar.com\/avatar\/c3a5b3c93f268a709c25a2df414c629a96fb3b1b4bf97a94fb3f72e54ae76903?s=96&d=mm&r=g\",\"caption\":\"Reda\u00e7\u00e3o\"},\"url\":\"https:\/\/sudoesteacontece.com.br\/?author=4\"}]}<\/script>\n<!-- \/ Yoast SEO plugin. -->","yoast_head_json":{"title":"Moraes se re\u00fane com Alcolumbre antes de ofensiva contra Mendon\u00e7a no STF - Sudoesteacontece","robots":{"index":"index","follow":"follow","max-snippet":"max-snippet:-1","max-image-preview":"max-image-preview:large","max-video-preview":"max-video-preview:-1"},"canonical":"https:\/\/sudoesteacontece.com.br\/?p=29421","og_locale":"pt_BR","og_type":"article","og_title":"Moraes se re\u00fane com Alcolumbre antes de ofensiva contra Mendon\u00e7a no STF - Sudoesteacontece","og_description":"O ministro Alexandre de Moraes se reuniu por cerca de tr\u00eas horas com o presidente do Senado, Davi Alcolumbre, na quarta-feira (2), em Bras\u00edlia. O encontro ocorreu um dia antes de Moraes retirar o sigilo de uma decis\u00e3o que apontou supostas irregularidades na atua\u00e7\u00e3o do ministro Andr\u00e9 Mendon\u00e7a. Segundo informa\u00e7\u00f5es divulgadas pela coluna de Malu Gaspar, tr\u00eas fontes confirmaram que a reuni\u00e3o aconteceu na resid\u00eancia de Alcolumbre. Durante o encontro, Alcolumbre j\u00e1 aparecia citado em relat\u00f3rios de intelig\u00eancia da Pol\u00edcia Federal utilizados por Moraes. Os documentos levantam a possibilidade de direcionamento das investiga\u00e7\u00f5es por Mendon\u00e7a, mas classificam como baixo o grau de confian\u00e7a dessas informa\u00e7\u00f5es. O material tamb\u00e9m n\u00e3o apresenta elementos conclusivos que comprovem as alega\u00e7\u00f5es envolvendo o presidente do Senado. Ap\u00f3s a reuni\u00e3o, Alcolumbre criticou no Senado as cobran\u00e7as da oposi\u00e7\u00e3o para que colocasse em vota\u00e7\u00e3o um eventual processo de impeachment contra Moraes. Na mesma ocasi\u00e3o, mencionou o caso \u201cDark Horse\u201d, relacionado a pedidos de recursos feitos por Fl\u00e1vio Bolsonaro a Daniel Vorcaro para financiar um filme sobre Jair Bolsonaro. Segundo a coluna, Moraes e Alcolumbre mant\u00eam uma rela\u00e7\u00e3o pol\u00edtica pr\u00f3xima. A decis\u00e3o do ministro do STF apontou supostos ind\u00edcios de improbidade, abuso de autoridade e crime de responsabilidade atribu\u00eddos a Mendon\u00e7a. A avalia\u00e7\u00e3o publicada \u00e9 de que o epis\u00f3dio poderia criar condi\u00e7\u00f5es para que o presidente do Senado analisasse eventuais medidas contra o ministro do Supremo. Paralelamente, Alcolumbre tamb\u00e9m aparece citado em investiga\u00e7\u00f5es relacionadas ao Banco Master. A ofensiva de Moraes contra Mendon\u00e7a ocorreu tr\u00eas dias depois de o ministro encaminhar \u00e0 Procuradoria-Geral da Rep\u00fablica mensagens trocadas com Vorcaro. O procurador-geral Paulo Gonet, por sua vez, pediu que essas mensagens fossem consideradas nulas. Por fim, a an\u00e1lise publicada pela coluna aponta poss\u00edveis impactos da decis\u00e3o sobre as investiga\u00e7\u00f5es envolvendo o Banco Master. Entre os argumentos mencionados est\u00e3o suspeitas de direcionamento das apura\u00e7\u00f5es e eventual quebra da cadeia de cust\u00f3dia. Essas quest\u00f5es j\u00e1 eram consideradas pela defesa de Vorcaro em uma tentativa de anular o processo. Embora tenham sido utilizados na decis\u00e3o, os relat\u00f3rios citados s\u00e3o descritos como ap\u00f3crifos e n\u00e3o apresentam provas conclusivas sobre as alega\u00e7\u00f5es relacionadas a Alcolumbre. As informa\u00e7\u00f5es sobre o encontro entre Moraes e o presidente do Senado foram atribu\u00eddas a tr\u00eas fontes ouvidas pela coluna.","og_url":"https:\/\/sudoesteacontece.com.br\/?p=29421","og_site_name":"Sudoesteacontece","article_publisher":"https:\/\/www.facebook.com\/sudoesteacontece\/?locale=pt_BR","article_published_time":"2026-09-04T15:33:23+00:00","article_modified_time":"2026-09-04T15:33:28+00:00","og_image":[{"width":900,"height":600,"url":"https:\/\/sudoesteacontece.com.br\/wp-content\/uploads\/2026\/09\/Moraes-se-reune-com-Alcolumbre-antes-de-ofensiva-contra-Mendonca-no-STF.jpg","type":"image\/jpeg"}],"author":"Reda\u00e7\u00e3o","twitter_card":"summary_large_image","twitter_misc":{"Escrito por":"Reda\u00e7\u00e3o","Est. tempo de leitura":"3 minutos"},"schema":{"@context":"https:\/\/schema.org","@graph":[{"@type":"Article","@id":"https:\/\/sudoesteacontece.com.br\/?p=29421#article","isPartOf":{"@id":"https:\/\/sudoesteacontece.com.br\/?p=29421"},"author":{"name":"Reda\u00e7\u00e3o","@id":"https:\/\/sudoesteacontece.com.br\/#\/schema\/person\/a4f22429c1d0923ef8f7d43343f8dc38"},"headline":"Moraes se re\u00fane com Alcolumbre antes de ofensiva contra Mendon\u00e7a no STF","datePublished":"2026-09-04T15:33:23+00:00","dateModified":"2026-09-04T15:33:28+00:00","mainEntityOfPage":{"@id":"https:\/\/sudoesteacontece.com.br\/?p=29421"},"wordCount":441,"commentCount":0,"publisher":{"@id":"https:\/\/sudoesteacontece.com.br\/#organization"},"image":{"@id":"https:\/\/sudoesteacontece.com.br\/?p=29421#primaryimage"},"thumbnailUrl":"http:\/\/sudoesteacontece.com.br\/wp-content\/uploads\/2026\/09\/Moraes-se-reune-com-Alcolumbre-antes-de-ofensiva-contra-Mendonca-no-STF.jpg","articleSection":["Brasil","Elei\u00e7\u00f5es 2026","Justi\u00e7a","Pol\u00edcia","Pol\u00edtica"],"inLanguage":"pt-BR","potentialAction":[{"@type":"CommentAction","name":"Comment","target":["https:\/\/sudoesteacontece.com.br\/?p=29421#respond"]}]},{"@type":"WebPage","@id":"https:\/\/sudoesteacontece.com.br\/?p=29421","url":"https:\/\/sudoesteacontece.com.br\/?p=29421","name":"Moraes se re\u00fane com Alcolumbre antes de ofensiva contra Mendon\u00e7a no STF - Sudoesteacontece","isPartOf":{"@id":"https:\/\/sudoesteacontece.com.br\/#website"},"primaryImageOfPage":{"@id":"https:\/\/sudoesteacontece.com.br\/?p=29421#primaryimage"},"image":{"@id":"https:\/\/sudoesteacontece.com.br\/?p=29421#primaryimage"},"thumbnailUrl":"http:\/\/sudoesteacontece.com.br\/wp-content\/uploads\/2026\/09\/Moraes-se-reune-com-Alcolumbre-antes-de-ofensiva-contra-Mendonca-no-STF.jpg","datePublished":"2026-09-04T15:33:23+00:00","dateModified":"2026-09-04T15:33:28+00:00","breadcrumb":{"@id":"https:\/\/sudoesteacontece.com.br\/?p=29421#breadcrumb"},"inLanguage":"pt-BR","potentialAction":[{"@type":"ReadAction","target":["https:\/\/sudoesteacontece.com.br\/?p=29421"]}]},{"@type":"ImageObject","inLanguage":"pt-BR","@id":"https:\/\/sudoesteacontece.com.br\/?p=29421#primaryimage","url":"https:\/\/sudoesteacontece.com.br\/wp-content\/uploads\/2026\/09\/Moraes-se-reune-com-Alcolumbre-antes-de-ofensiva-contra-Mendonca-no-STF.jpg","contentUrl":"https:\/\/sudoesteacontece.com.br\/wp-content\/uploads\/2026\/09\/Moraes-se-reune-com-Alcolumbre-antes-de-ofensiva-contra-Mendonca-no-STF.jpg","width":900,"height":600},{"@type":"BreadcrumbList","@id":"https:\/\/sudoesteacontece.com.br\/?p=29421#breadcrumb","itemListElement":[{"@type":"ListItem","position":1,"name":"In\u00edcio","item":"https:\/\/sudoesteacontece.com.br\/"},{"@type":"ListItem","position":2,"name":"Moraes se re\u00fane com Alcolumbre antes de ofensiva contra Mendon\u00e7a no STF"}]},{"@type":"WebSite","@id":"https:\/\/sudoesteacontece.com.br\/#website","url":"https:\/\/sudoesteacontece.com.br\/","name":"Sudoesteacontece","description":"","publisher":{"@id":"https:\/\/sudoesteacontece.com.br\/#organization"},"potentialAction":[{"@type":"SearchAction","target":{"@type":"EntryPoint","urlTemplate":"https:\/\/sudoesteacontece.com.br\/?s={search_term_string}"},"query-input":{"@type":"PropertyValueSpecification","valueRequired":true,"valueName":"search_term_string"}}],"inLanguage":"pt-BR"},{"@type":"Organization","@id":"https:\/\/sudoesteacontece.com.br\/#organization","name":"Sudoesteacontece","url":"https:\/\/sudoesteacontece.com.br\/","logo":{"@type":"ImageObject","inLanguage":"pt-BR","@id":"https:\/\/sudoesteacontece.com.br\/#\/schema\/logo\/image\/","url":"https:\/\/sudoesteacontece.com.br\/wp-content\/uploads\/2025\/12\/cropped-logo-2-180x180-1.png","contentUrl":"https:\/\/sudoesteacontece.com.br\/wp-content\/uploads\/2025\/12\/cropped-logo-2-180x180-1.png","width":180,"height":180,"caption":"Sudoesteacontece"},"image":{"@id":"https:\/\/sudoesteacontece.com.br\/#\/schema\/logo\/image\/"},"sameAs":["https:\/\/www.facebook.com\/sudoesteacontece\/?locale=pt_BR"]},{"@type":"Person","@id":"https:\/\/sudoesteacontece.com.br\/#\/schema\/person\/a4f22429c1d0923ef8f7d43343f8dc38","name":"Reda\u00e7\u00e3o","image":{"@type":"ImageObject","inLanguage":"pt-BR","@id":"https:\/\/sudoesteacontece.com.br\/#\/schema\/person\/image\/","url":"https:\/\/secure.gravatar.com\/avatar\/c3a5b3c93f268a709c25a2df414c629a96fb3b1b4bf97a94fb3f72e54ae76903?s=96&d=mm&r=g","contentUrl":"https:\/\/secure.gravatar.com\/avatar\/c3a5b3c93f268a709c25a2df414c629a96fb3b1b4bf97a94fb3f72e54ae76903?s=96&d=mm&r=g","caption":"Reda\u00e7\u00e3o"},"url":"https:\/\/sudoesteacontece.com.br\/?author=4"}]}},"_links":{"self":[{"href":"https:\/\/sudoesteacontece.com.br\/index.php?rest_route=\/wp\/v2\/posts\/29421","targetHints":{"allow":["GET"]}}],"collection":[{"href":"https:\/\/sudoesteacontece.com.br\/index.php?rest_route=\/wp\/v2\/posts"}],"about":[{"href":"https:\/\/sudoesteacontece.com.br\/index.php?rest_route=\/wp\/v2\/types\/post"}],"author":[{"embeddable":true,"href":"https:\/\/sudoesteacontece.com.br\/index.php?rest_route=\/wp\/v2\/users\/4"}],"replies":[{"embeddable":true,"href":"https:\/\/sudoesteacontece.com.br\/index.php?rest_route=%2Fwp%2Fv2%2Fcomments&post=29421"}],"version-history":[{"count":1,"href":"https:\/\/sudoesteacontece.com.br\/index.php?rest_route=\/wp\/v2\/posts\/29421\/revisions"}],"predecessor-version":[{"id":29480,"href":"https:\/\/sudoesteacontece.com.br\/index.php?rest_route=\/wp\/v2\/posts\/29421\/revisions\/29480"}],"wp:attachment":[{"href":"https:\/\/sudoesteacontece.com.br\/index.php?rest_route=%2Fwp%2Fv2%2Fmedia&parent=29421"}],"wp:term":[{"taxonomy":"category","embeddable":true,"href":"https:\/\/sudoesteacontece.com.br\/index.php?rest_route=%2Fwp%2Fv2%2Fcategories&post=29421"},{"taxonomy":"post_tag","embeddable":true,"href":"https:\/\/sudoesteacontece.com.br\/index.php?rest_route=%2Fwp%2Fv2%2Ftags&post=29421"}],"curies":[{"name":"wp","href":"https:\/\/api.w.org\/{rel}","templated":true}]}}