{"id":29426,"date":"2026-09-04T12:38:00","date_gmt":"2026-09-04T15:38:00","guid":{"rendered":"https:\/\/sudoesteacontece.com.br\/?p=29426"},"modified":"2026-09-04T12:38:05","modified_gmt":"2026-09-04T15:38:05","slug":"homem-morre-apos-cair-de-telhado-durante-fuga-da-pm-em-conceicao-do-jacuipe","status":"publish","type":"post","link":"https:\/\/sudoesteacontece.com.br\/?p=29426","title":{"rendered":"Homem morre ap\u00f3s cair de telhado durante fuga da PM em Concei\u00e7\u00e3o do Jacu\u00edpe"},"content":{"rendered":"\n<figure class=\"wp-block-image size-full\"><img fetchpriority=\"high\" decoding=\"async\" width=\"900\" height=\"600\" src=\"http:\/\/sudoesteacontece.com.br\/wp-content\/uploads\/2026\/09\/Homem-morre-apos-cair-de-telhado-durante-fuga-da-PM-em-Conceicao-do-Jacuipe.jpg\" alt=\"\" class=\"wp-image-29457\" srcset=\"https:\/\/sudoesteacontece.com.br\/wp-content\/uploads\/2026\/09\/Homem-morre-apos-cair-de-telhado-durante-fuga-da-PM-em-Conceicao-do-Jacuipe.jpg 900w, https:\/\/sudoesteacontece.com.br\/wp-content\/uploads\/2026\/09\/Homem-morre-apos-cair-de-telhado-durante-fuga-da-PM-em-Conceicao-do-Jacuipe-300x200.jpg 300w, https:\/\/sudoesteacontece.com.br\/wp-content\/uploads\/2026\/09\/Homem-morre-apos-cair-de-telhado-durante-fuga-da-PM-em-Conceicao-do-Jacuipe-768x512.jpg 768w\" sizes=\"(max-width: 900px) 100vw, 900px\" \/><\/figure>\n\n\n\n<p class=\"wp-block-paragraph\">Um homem de 25 anos morreu ap\u00f3s cair do telhado de uma resid\u00eancia enquanto tentava fugir da Pol\u00edcia Militar, na manh\u00e3 desta quarta-feira (2), em Concei\u00e7\u00e3o do Jacu\u00edpe, no interior da Bahia. O caso aconteceu na regi\u00e3o de Ilicuritiba. Segundo a corpora\u00e7\u00e3o, o jovem teria pulado muros e utilizado os telhados de im\u00f3veis da Rua Tertuliano Pereira Roque durante a fuga.<\/p>\n\n\n\n<p class=\"wp-block-paragraph\">Durante a ocorr\u00eancia, policiais da 66\u00aa Companhia Independente da Pol\u00edcia Militar (CIPM) teriam avistado o homem e iniciado a persegui\u00e7\u00e3o. Conforme a corpora\u00e7\u00e3o, ele tamb\u00e9m estaria amea\u00e7ando moradores antes de seguir pelos im\u00f3veis da regi\u00e3o. Na sequ\u00eancia, o rapaz caiu em um terreno nas proximidades e ficou ferido.<\/p>\n\n\n\n<p class=\"wp-block-paragraph\">Identificado como Taylan Santos da Cruz Santos, o homem foi encontrado ca\u00eddo no local indicado e recebeu atendimento ap\u00f3s ser encaminhado para uma unidade de sa\u00fade da regi\u00e3o. Apesar dos cuidados m\u00e9dicos, ele n\u00e3o resistiu aos ferimentos provocados pela queda e morreu posteriormente.<\/p>\n\n\n\n<p class=\"wp-block-paragraph\">Segundo informa\u00e7\u00f5es repassadas pelo pai \u00e0 Pol\u00edcia Militar, Taylan estava em pris\u00e3o domiciliar e deveria utilizar tornozeleira eletr\u00f4nica. A informa\u00e7\u00e3o foi registrada durante o atendimento da ocorr\u00eancia. N\u00e3o foram divulgados detalhes sobre eventual situa\u00e7\u00e3o do equipamento no momento da fuga.<\/p>\n\n\n\n<p class=\"wp-block-paragraph\">Agora, as circunst\u00e2ncias da ocorr\u00eancia ser\u00e3o investigadas pela Pol\u00edcia Civil. O caso foi registrado na Delegacia de Concei\u00e7\u00e3o do Jacu\u00edpe, que dever\u00e1 apurar a din\u00e2mica da persegui\u00e7\u00e3o, a queda e os acontecimentos que antecederam a morte do jovem.<\/p>\n","protected":false},"excerpt":{"rendered":"<p>Um homem de 25 anos morreu ap\u00f3s cair do telhado de uma resid\u00eancia enquanto tentava fugir da Pol\u00edcia Militar, na manh\u00e3 desta quarta-feira (2), em Concei\u00e7\u00e3o do Jacu\u00edpe, no interior da Bahia. O caso aconteceu na regi\u00e3o de Ilicuritiba. Segundo a corpora\u00e7\u00e3o, o jovem teria pulado muros e utilizado os telhados de im\u00f3veis da Rua Tertuliano Pereira Roque durante a fuga. Durante a ocorr\u00eancia, policiais da 66\u00aa Companhia Independente da Pol\u00edcia Militar (CIPM) teriam avistado o homem e iniciado a persegui\u00e7\u00e3o. Conforme a corpora\u00e7\u00e3o, ele tamb\u00e9m estaria amea\u00e7ando moradores antes de seguir pelos im\u00f3veis da regi\u00e3o. Na sequ\u00eancia, o rapaz caiu em um terreno nas proximidades e ficou ferido. Identificado como Taylan Santos da Cruz Santos, o homem foi encontrado ca\u00eddo no local indicado e recebeu atendimento ap\u00f3s ser encaminhado para uma unidade de sa\u00fade da regi\u00e3o. Apesar dos cuidados m\u00e9dicos, ele n\u00e3o resistiu aos ferimentos provocados pela queda e morreu posteriormente. Segundo informa\u00e7\u00f5es repassadas pelo pai \u00e0 Pol\u00edcia Militar, Taylan estava em pris\u00e3o domiciliar e deveria utilizar tornozeleira eletr\u00f4nica. A informa\u00e7\u00e3o foi registrada durante o atendimento da ocorr\u00eancia. N\u00e3o foram divulgados detalhes sobre eventual situa\u00e7\u00e3o do equipamento no momento da fuga. Agora, as circunst\u00e2ncias da ocorr\u00eancia ser\u00e3o investigadas pela Pol\u00edcia Civil. O caso foi registrado na Delegacia de Concei\u00e7\u00e3o do Jacu\u00edpe, que dever\u00e1 apurar a din\u00e2mica da persegui\u00e7\u00e3o, a queda e os acontecimentos que antecederam a morte do jovem.<\/p>\n","protected":false},"author":4,"featured_media":0,"comment_status":"open","ping_status":"open","sticky":false,"template":"","format":"standard","meta":{"footnotes":""},"categories":[4,3],"tags":[],"class_list":["post-29426","post","type-post","status-publish","format-standard","hentry","category-cidades","category-policia"],"yoast_head":"<!-- This site is optimized with the Yoast SEO plugin v26.5 - https:\/\/yoast.com\/wordpress\/plugins\/seo\/ -->\n<title>Homem morre ap\u00f3s cair de telhado durante fuga da PM em Concei\u00e7\u00e3o do Jacu\u00edpe - Sudoesteacontece<\/title>\n<meta name=\"robots\" content=\"index, follow, max-snippet:-1, max-image-preview:large, max-video-preview:-1\" \/>\n<link rel=\"canonical\" href=\"https:\/\/sudoesteacontece.com.br\/?p=29426\" \/>\n<meta property=\"og:locale\" content=\"pt_BR\" \/>\n<meta property=\"og:type\" content=\"article\" \/>\n<meta property=\"og:title\" content=\"Homem morre ap\u00f3s cair de telhado durante fuga da PM em Concei\u00e7\u00e3o do Jacu\u00edpe - Sudoesteacontece\" \/>\n<meta property=\"og:description\" content=\"Um homem de 25 anos morreu ap\u00f3s cair do telhado de uma resid\u00eancia enquanto tentava fugir da Pol\u00edcia Militar, na manh\u00e3 desta quarta-feira (2), em Concei\u00e7\u00e3o do Jacu\u00edpe, no interior da Bahia. O caso aconteceu na regi\u00e3o de Ilicuritiba. Segundo a corpora\u00e7\u00e3o, o jovem teria pulado muros e utilizado os telhados de im\u00f3veis da Rua Tertuliano Pereira Roque durante a fuga. Durante a ocorr\u00eancia, policiais da 66\u00aa Companhia Independente da Pol\u00edcia Militar (CIPM) teriam avistado o homem e iniciado a persegui\u00e7\u00e3o. Conforme a corpora\u00e7\u00e3o, ele tamb\u00e9m estaria amea\u00e7ando moradores antes de seguir pelos im\u00f3veis da regi\u00e3o. Na sequ\u00eancia, o rapaz caiu em um terreno nas proximidades e ficou ferido. Identificado como Taylan Santos da Cruz Santos, o homem foi encontrado ca\u00eddo no local indicado e recebeu atendimento ap\u00f3s ser encaminhado para uma unidade de sa\u00fade da regi\u00e3o. Apesar dos cuidados m\u00e9dicos, ele n\u00e3o resistiu aos ferimentos provocados pela queda e morreu posteriormente. Segundo informa\u00e7\u00f5es repassadas pelo pai \u00e0 Pol\u00edcia Militar, Taylan estava em pris\u00e3o domiciliar e deveria utilizar tornozeleira eletr\u00f4nica. A informa\u00e7\u00e3o foi registrada durante o atendimento da ocorr\u00eancia. N\u00e3o foram divulgados detalhes sobre eventual situa\u00e7\u00e3o do equipamento no momento da fuga. Agora, as circunst\u00e2ncias da ocorr\u00eancia ser\u00e3o investigadas pela Pol\u00edcia Civil. O caso foi registrado na Delegacia de Concei\u00e7\u00e3o do Jacu\u00edpe, que dever\u00e1 apurar a din\u00e2mica da persegui\u00e7\u00e3o, a queda e os acontecimentos que antecederam a morte do jovem.\" \/>\n<meta property=\"og:url\" content=\"https:\/\/sudoesteacontece.com.br\/?p=29426\" \/>\n<meta property=\"og:site_name\" content=\"Sudoesteacontece\" \/>\n<meta property=\"article:publisher\" content=\"https:\/\/www.facebook.com\/sudoesteacontece\/?locale=pt_BR\" \/>\n<meta property=\"article:published_time\" content=\"2026-09-04T15:38:00+00:00\" \/>\n<meta property=\"article:modified_time\" content=\"2026-09-04T15:38:05+00:00\" \/>\n<meta property=\"og:image\" content=\"https:\/\/sudoesteacontece.com.br\/wp-content\/uploads\/2026\/09\/Homem-morre-apos-cair-de-telhado-durante-fuga-da-PM-em-Conceicao-do-Jacuipe.jpg\" \/>\n\t<meta property=\"og:image:width\" content=\"900\" \/>\n\t<meta property=\"og:image:height\" content=\"600\" \/>\n\t<meta property=\"og:image:type\" content=\"image\/jpeg\" \/>\n<meta name=\"author\" content=\"Reda\u00e7\u00e3o\" \/>\n<meta name=\"twitter:card\" content=\"summary_large_image\" \/>\n<meta name=\"twitter:label1\" content=\"Escrito por\" \/>\n\t<meta name=\"twitter:data1\" content=\"Reda\u00e7\u00e3o\" \/>\n\t<meta name=\"twitter:label2\" content=\"Est. tempo de leitura\" \/>\n\t<meta name=\"twitter:data2\" content=\"2 minutos\" \/>\n<script type=\"application\/ld+json\" class=\"yoast-schema-graph\">{\"@context\":\"https:\/\/schema.org\",\"@graph\":[{\"@type\":\"Article\",\"@id\":\"https:\/\/sudoesteacontece.com.br\/?p=29426#article\",\"isPartOf\":{\"@id\":\"https:\/\/sudoesteacontece.com.br\/?p=29426\"},\"author\":{\"name\":\"Reda\u00e7\u00e3o\",\"@id\":\"https:\/\/sudoesteacontece.com.br\/#\/schema\/person\/a4f22429c1d0923ef8f7d43343f8dc38\"},\"headline\":\"Homem morre ap\u00f3s cair de telhado durante fuga da PM em Concei\u00e7\u00e3o do Jacu\u00edpe\",\"datePublished\":\"2026-09-04T15:38:00+00:00\",\"dateModified\":\"2026-09-04T15:38:05+00:00\",\"mainEntityOfPage\":{\"@id\":\"https:\/\/sudoesteacontece.com.br\/?p=29426\"},\"wordCount\":282,\"commentCount\":0,\"publisher\":{\"@id\":\"https:\/\/sudoesteacontece.com.br\/#organization\"},\"image\":{\"@id\":\"https:\/\/sudoesteacontece.com.br\/?p=29426#primaryimage\"},\"thumbnailUrl\":\"http:\/\/sudoesteacontece.com.br\/wp-content\/uploads\/2026\/09\/Homem-morre-apos-cair-de-telhado-durante-fuga-da-PM-em-Conceicao-do-Jacuipe.jpg\",\"articleSection\":[\"Cidades\",\"Pol\u00edcia\"],\"inLanguage\":\"pt-BR\",\"potentialAction\":[{\"@type\":\"CommentAction\",\"name\":\"Comment\",\"target\":[\"https:\/\/sudoesteacontece.com.br\/?p=29426#respond\"]}]},{\"@type\":\"WebPage\",\"@id\":\"https:\/\/sudoesteacontece.com.br\/?p=29426\",\"url\":\"https:\/\/sudoesteacontece.com.br\/?p=29426\",\"name\":\"Homem morre ap\u00f3s cair de telhado durante fuga da PM em Concei\u00e7\u00e3o do Jacu\u00edpe - Sudoesteacontece\",\"isPartOf\":{\"@id\":\"https:\/\/sudoesteacontece.com.br\/#website\"},\"primaryImageOfPage\":{\"@id\":\"https:\/\/sudoesteacontece.com.br\/?p=29426#primaryimage\"},\"image\":{\"@id\":\"https:\/\/sudoesteacontece.com.br\/?p=29426#primaryimage\"},\"thumbnailUrl\":\"http:\/\/sudoesteacontece.com.br\/wp-content\/uploads\/2026\/09\/Homem-morre-apos-cair-de-telhado-durante-fuga-da-PM-em-Conceicao-do-Jacuipe.jpg\",\"datePublished\":\"2026-09-04T15:38:00+00:00\",\"dateModified\":\"2026-09-04T15:38:05+00:00\",\"breadcrumb\":{\"@id\":\"https:\/\/sudoesteacontece.com.br\/?p=29426#breadcrumb\"},\"inLanguage\":\"pt-BR\",\"potentialAction\":[{\"@type\":\"ReadAction\",\"target\":[\"https:\/\/sudoesteacontece.com.br\/?p=29426\"]}]},{\"@type\":\"ImageObject\",\"inLanguage\":\"pt-BR\",\"@id\":\"https:\/\/sudoesteacontece.com.br\/?p=29426#primaryimage\",\"url\":\"https:\/\/sudoesteacontece.com.br\/wp-content\/uploads\/2026\/09\/Homem-morre-apos-cair-de-telhado-durante-fuga-da-PM-em-Conceicao-do-Jacuipe.jpg\",\"contentUrl\":\"https:\/\/sudoesteacontece.com.br\/wp-content\/uploads\/2026\/09\/Homem-morre-apos-cair-de-telhado-durante-fuga-da-PM-em-Conceicao-do-Jacuipe.jpg\",\"width\":900,\"height\":600},{\"@type\":\"BreadcrumbList\",\"@id\":\"https:\/\/sudoesteacontece.com.br\/?p=29426#breadcrumb\",\"itemListElement\":[{\"@type\":\"ListItem\",\"position\":1,\"name\":\"In\u00edcio\",\"item\":\"https:\/\/sudoesteacontece.com.br\/\"},{\"@type\":\"ListItem\",\"position\":2,\"name\":\"Homem morre ap\u00f3s cair de telhado durante fuga da PM em Concei\u00e7\u00e3o do Jacu\u00edpe\"}]},{\"@type\":\"WebSite\",\"@id\":\"https:\/\/sudoesteacontece.com.br\/#website\",\"url\":\"https:\/\/sudoesteacontece.com.br\/\",\"name\":\"Sudoesteacontece\",\"description\":\"\",\"publisher\":{\"@id\":\"https:\/\/sudoesteacontece.com.br\/#organization\"},\"potentialAction\":[{\"@type\":\"SearchAction\",\"target\":{\"@type\":\"EntryPoint\",\"urlTemplate\":\"https:\/\/sudoesteacontece.com.br\/?s={search_term_string}\"},\"query-input\":{\"@type\":\"PropertyValueSpecification\",\"valueRequired\":true,\"valueName\":\"search_term_string\"}}],\"inLanguage\":\"pt-BR\"},{\"@type\":\"Organization\",\"@id\":\"https:\/\/sudoesteacontece.com.br\/#organization\",\"name\":\"Sudoesteacontece\",\"url\":\"https:\/\/sudoesteacontece.com.br\/\",\"logo\":{\"@type\":\"ImageObject\",\"inLanguage\":\"pt-BR\",\"@id\":\"https:\/\/sudoesteacontece.com.br\/#\/schema\/logo\/image\/\",\"url\":\"https:\/\/sudoesteacontece.com.br\/wp-content\/uploads\/2025\/12\/cropped-logo-2-180x180-1.png\",\"contentUrl\":\"https:\/\/sudoesteacontece.com.br\/wp-content\/uploads\/2025\/12\/cropped-logo-2-180x180-1.png\",\"width\":180,\"height\":180,\"caption\":\"Sudoesteacontece\"},\"image\":{\"@id\":\"https:\/\/sudoesteacontece.com.br\/#\/schema\/logo\/image\/\"},\"sameAs\":[\"https:\/\/www.facebook.com\/sudoesteacontece\/?locale=pt_BR\"]},{\"@type\":\"Person\",\"@id\":\"https:\/\/sudoesteacontece.com.br\/#\/schema\/person\/a4f22429c1d0923ef8f7d43343f8dc38\",\"name\":\"Reda\u00e7\u00e3o\",\"image\":{\"@type\":\"ImageObject\",\"inLanguage\":\"pt-BR\",\"@id\":\"https:\/\/sudoesteacontece.com.br\/#\/schema\/person\/image\/\",\"url\":\"https:\/\/secure.gravatar.com\/avatar\/c3a5b3c93f268a709c25a2df414c629a96fb3b1b4bf97a94fb3f72e54ae76903?s=96&d=mm&r=g\",\"contentUrl\":\"https:\/\/secure.gravatar.com\/avatar\/c3a5b3c93f268a709c25a2df414c629a96fb3b1b4bf97a94fb3f72e54ae76903?s=96&d=mm&r=g\",\"caption\":\"Reda\u00e7\u00e3o\"},\"url\":\"https:\/\/sudoesteacontece.com.br\/?author=4\"}]}<\/script>\n<!-- \/ Yoast SEO plugin. -->","yoast_head_json":{"title":"Homem morre ap\u00f3s cair de telhado durante fuga da PM em Concei\u00e7\u00e3o do Jacu\u00edpe - Sudoesteacontece","robots":{"index":"index","follow":"follow","max-snippet":"max-snippet:-1","max-image-preview":"max-image-preview:large","max-video-preview":"max-video-preview:-1"},"canonical":"https:\/\/sudoesteacontece.com.br\/?p=29426","og_locale":"pt_BR","og_type":"article","og_title":"Homem morre ap\u00f3s cair de telhado durante fuga da PM em Concei\u00e7\u00e3o do Jacu\u00edpe - Sudoesteacontece","og_description":"Um homem de 25 anos morreu ap\u00f3s cair do telhado de uma resid\u00eancia enquanto tentava fugir da Pol\u00edcia Militar, na manh\u00e3 desta quarta-feira (2), em Concei\u00e7\u00e3o do Jacu\u00edpe, no interior da Bahia. O caso aconteceu na regi\u00e3o de Ilicuritiba. Segundo a corpora\u00e7\u00e3o, o jovem teria pulado muros e utilizado os telhados de im\u00f3veis da Rua Tertuliano Pereira Roque durante a fuga. Durante a ocorr\u00eancia, policiais da 66\u00aa Companhia Independente da Pol\u00edcia Militar (CIPM) teriam avistado o homem e iniciado a persegui\u00e7\u00e3o. Conforme a corpora\u00e7\u00e3o, ele tamb\u00e9m estaria amea\u00e7ando moradores antes de seguir pelos im\u00f3veis da regi\u00e3o. Na sequ\u00eancia, o rapaz caiu em um terreno nas proximidades e ficou ferido. Identificado como Taylan Santos da Cruz Santos, o homem foi encontrado ca\u00eddo no local indicado e recebeu atendimento ap\u00f3s ser encaminhado para uma unidade de sa\u00fade da regi\u00e3o. Apesar dos cuidados m\u00e9dicos, ele n\u00e3o resistiu aos ferimentos provocados pela queda e morreu posteriormente. Segundo informa\u00e7\u00f5es repassadas pelo pai \u00e0 Pol\u00edcia Militar, Taylan estava em pris\u00e3o domiciliar e deveria utilizar tornozeleira eletr\u00f4nica. A informa\u00e7\u00e3o foi registrada durante o atendimento da ocorr\u00eancia. N\u00e3o foram divulgados detalhes sobre eventual situa\u00e7\u00e3o do equipamento no momento da fuga. Agora, as circunst\u00e2ncias da ocorr\u00eancia ser\u00e3o investigadas pela Pol\u00edcia Civil. O caso foi registrado na Delegacia de Concei\u00e7\u00e3o do Jacu\u00edpe, que dever\u00e1 apurar a din\u00e2mica da persegui\u00e7\u00e3o, a queda e os acontecimentos que antecederam a morte do jovem.","og_url":"https:\/\/sudoesteacontece.com.br\/?p=29426","og_site_name":"Sudoesteacontece","article_publisher":"https:\/\/www.facebook.com\/sudoesteacontece\/?locale=pt_BR","article_published_time":"2026-09-04T15:38:00+00:00","article_modified_time":"2026-09-04T15:38:05+00:00","og_image":[{"width":900,"height":600,"url":"https:\/\/sudoesteacontece.com.br\/wp-content\/uploads\/2026\/09\/Homem-morre-apos-cair-de-telhado-durante-fuga-da-PM-em-Conceicao-do-Jacuipe.jpg","type":"image\/jpeg"}],"author":"Reda\u00e7\u00e3o","twitter_card":"summary_large_image","twitter_misc":{"Escrito por":"Reda\u00e7\u00e3o","Est. tempo de leitura":"2 minutos"},"schema":{"@context":"https:\/\/schema.org","@graph":[{"@type":"Article","@id":"https:\/\/sudoesteacontece.com.br\/?p=29426#article","isPartOf":{"@id":"https:\/\/sudoesteacontece.com.br\/?p=29426"},"author":{"name":"Reda\u00e7\u00e3o","@id":"https:\/\/sudoesteacontece.com.br\/#\/schema\/person\/a4f22429c1d0923ef8f7d43343f8dc38"},"headline":"Homem morre ap\u00f3s cair de telhado durante fuga da PM em Concei\u00e7\u00e3o do Jacu\u00edpe","datePublished":"2026-09-04T15:38:00+00:00","dateModified":"2026-09-04T15:38:05+00:00","mainEntityOfPage":{"@id":"https:\/\/sudoesteacontece.com.br\/?p=29426"},"wordCount":282,"commentCount":0,"publisher":{"@id":"https:\/\/sudoesteacontece.com.br\/#organization"},"image":{"@id":"https:\/\/sudoesteacontece.com.br\/?p=29426#primaryimage"},"thumbnailUrl":"http:\/\/sudoesteacontece.com.br\/wp-content\/uploads\/2026\/09\/Homem-morre-apos-cair-de-telhado-durante-fuga-da-PM-em-Conceicao-do-Jacuipe.jpg","articleSection":["Cidades","Pol\u00edcia"],"inLanguage":"pt-BR","potentialAction":[{"@type":"CommentAction","name":"Comment","target":["https:\/\/sudoesteacontece.com.br\/?p=29426#respond"]}]},{"@type":"WebPage","@id":"https:\/\/sudoesteacontece.com.br\/?p=29426","url":"https:\/\/sudoesteacontece.com.br\/?p=29426","name":"Homem morre ap\u00f3s cair de telhado durante fuga da PM em Concei\u00e7\u00e3o do Jacu\u00edpe - Sudoesteacontece","isPartOf":{"@id":"https:\/\/sudoesteacontece.com.br\/#website"},"primaryImageOfPage":{"@id":"https:\/\/sudoesteacontece.com.br\/?p=29426#primaryimage"},"image":{"@id":"https:\/\/sudoesteacontece.com.br\/?p=29426#primaryimage"},"thumbnailUrl":"http:\/\/sudoesteacontece.com.br\/wp-content\/uploads\/2026\/09\/Homem-morre-apos-cair-de-telhado-durante-fuga-da-PM-em-Conceicao-do-Jacuipe.jpg","datePublished":"2026-09-04T15:38:00+00:00","dateModified":"2026-09-04T15:38:05+00:00","breadcrumb":{"@id":"https:\/\/sudoesteacontece.com.br\/?p=29426#breadcrumb"},"inLanguage":"pt-BR","potentialAction":[{"@type":"ReadAction","target":["https:\/\/sudoesteacontece.com.br\/?p=29426"]}]},{"@type":"ImageObject","inLanguage":"pt-BR","@id":"https:\/\/sudoesteacontece.com.br\/?p=29426#primaryimage","url":"https:\/\/sudoesteacontece.com.br\/wp-content\/uploads\/2026\/09\/Homem-morre-apos-cair-de-telhado-durante-fuga-da-PM-em-Conceicao-do-Jacuipe.jpg","contentUrl":"https:\/\/sudoesteacontece.com.br\/wp-content\/uploads\/2026\/09\/Homem-morre-apos-cair-de-telhado-durante-fuga-da-PM-em-Conceicao-do-Jacuipe.jpg","width":900,"height":600},{"@type":"BreadcrumbList","@id":"https:\/\/sudoesteacontece.com.br\/?p=29426#breadcrumb","itemListElement":[{"@type":"ListItem","position":1,"name":"In\u00edcio","item":"https:\/\/sudoesteacontece.com.br\/"},{"@type":"ListItem","position":2,"name":"Homem morre ap\u00f3s cair de telhado durante fuga da PM em Concei\u00e7\u00e3o do Jacu\u00edpe"}]},{"@type":"WebSite","@id":"https:\/\/sudoesteacontece.com.br\/#website","url":"https:\/\/sudoesteacontece.com.br\/","name":"Sudoesteacontece","description":"","publisher":{"@id":"https:\/\/sudoesteacontece.com.br\/#organization"},"potentialAction":[{"@type":"SearchAction","target":{"@type":"EntryPoint","urlTemplate":"https:\/\/sudoesteacontece.com.br\/?s={search_term_string}"},"query-input":{"@type":"PropertyValueSpecification","valueRequired":true,"valueName":"search_term_string"}}],"inLanguage":"pt-BR"},{"@type":"Organization","@id":"https:\/\/sudoesteacontece.com.br\/#organization","name":"Sudoesteacontece","url":"https:\/\/sudoesteacontece.com.br\/","logo":{"@type":"ImageObject","inLanguage":"pt-BR","@id":"https:\/\/sudoesteacontece.com.br\/#\/schema\/logo\/image\/","url":"https:\/\/sudoesteacontece.com.br\/wp-content\/uploads\/2025\/12\/cropped-logo-2-180x180-1.png","contentUrl":"https:\/\/sudoesteacontece.com.br\/wp-content\/uploads\/2025\/12\/cropped-logo-2-180x180-1.png","width":180,"height":180,"caption":"Sudoesteacontece"},"image":{"@id":"https:\/\/sudoesteacontece.com.br\/#\/schema\/logo\/image\/"},"sameAs":["https:\/\/www.facebook.com\/sudoesteacontece\/?locale=pt_BR"]},{"@type":"Person","@id":"https:\/\/sudoesteacontece.com.br\/#\/schema\/person\/a4f22429c1d0923ef8f7d43343f8dc38","name":"Reda\u00e7\u00e3o","image":{"@type":"ImageObject","inLanguage":"pt-BR","@id":"https:\/\/sudoesteacontece.com.br\/#\/schema\/person\/image\/","url":"https:\/\/secure.gravatar.com\/avatar\/c3a5b3c93f268a709c25a2df414c629a96fb3b1b4bf97a94fb3f72e54ae76903?s=96&d=mm&r=g","contentUrl":"https:\/\/secure.gravatar.com\/avatar\/c3a5b3c93f268a709c25a2df414c629a96fb3b1b4bf97a94fb3f72e54ae76903?s=96&d=mm&r=g","caption":"Reda\u00e7\u00e3o"},"url":"https:\/\/sudoesteacontece.com.br\/?author=4"}]}},"_links":{"self":[{"href":"https:\/\/sudoesteacontece.com.br\/index.php?rest_route=\/wp\/v2\/posts\/29426","targetHints":{"allow":["GET"]}}],"collection":[{"href":"https:\/\/sudoesteacontece.com.br\/index.php?rest_route=\/wp\/v2\/posts"}],"about":[{"href":"https:\/\/sudoesteacontece.com.br\/index.php?rest_route=\/wp\/v2\/types\/post"}],"author":[{"embeddable":true,"href":"https:\/\/sudoesteacontece.com.br\/index.php?rest_route=\/wp\/v2\/users\/4"}],"replies":[{"embeddable":true,"href":"https:\/\/sudoesteacontece.com.br\/index.php?rest_route=%2Fwp%2Fv2%2Fcomments&post=29426"}],"version-history":[{"count":1,"href":"https:\/\/sudoesteacontece.com.br\/index.php?rest_route=\/wp\/v2\/posts\/29426\/revisions"}],"predecessor-version":[{"id":29485,"href":"https:\/\/sudoesteacontece.com.br\/index.php?rest_route=\/wp\/v2\/posts\/29426\/revisions\/29485"}],"wp:attachment":[{"href":"https:\/\/sudoesteacontece.com.br\/index.php?rest_route=%2Fwp%2Fv2%2Fmedia&parent=29426"}],"wp:term":[{"taxonomy":"category","embeddable":true,"href":"https:\/\/sudoesteacontece.com.br\/index.php?rest_route=%2Fwp%2Fv2%2Fcategories&post=29426"},{"taxonomy":"post_tag","embeddable":true,"href":"https:\/\/sudoesteacontece.com.br\/index.php?rest_route=%2Fwp%2Fv2%2Ftags&post=29426"}],"curies":[{"name":"wp","href":"https:\/\/api.w.org\/{rel}","templated":true}]}}