{"id":29427,"date":"2026-09-04T12:38:42","date_gmt":"2026-09-04T15:38:42","guid":{"rendered":"https:\/\/sudoesteacontece.com.br\/?p=29427"},"modified":"2026-09-04T12:38:47","modified_gmt":"2026-09-04T15:38:47","slug":"camara-de-livramento-anula-eleicao-antecipada-da-mesa-diretora-para-2027-e-2028","status":"publish","type":"post","link":"https:\/\/sudoesteacontece.com.br\/?p=29427","title":{"rendered":"C\u00e2mara de Livramento anula elei\u00e7\u00e3o antecipada da Mesa Diretora para 2027 e 2028"},"content":{"rendered":"\n<figure class=\"wp-block-image size-full\"><img fetchpriority=\"high\" decoding=\"async\" width=\"900\" height=\"600\" src=\"http:\/\/sudoesteacontece.com.br\/wp-content\/uploads\/2026\/09\/Camara-de-Livramento-anula-eleicao-antecipada-da-Mesa-Diretora-para-2027-e-2028.jpg\" alt=\"\" class=\"wp-image-29448\" srcset=\"https:\/\/sudoesteacontece.com.br\/wp-content\/uploads\/2026\/09\/Camara-de-Livramento-anula-eleicao-antecipada-da-Mesa-Diretora-para-2027-e-2028.jpg 900w, https:\/\/sudoesteacontece.com.br\/wp-content\/uploads\/2026\/09\/Camara-de-Livramento-anula-eleicao-antecipada-da-Mesa-Diretora-para-2027-e-2028-300x200.jpg 300w, https:\/\/sudoesteacontece.com.br\/wp-content\/uploads\/2026\/09\/Camara-de-Livramento-anula-eleicao-antecipada-da-Mesa-Diretora-para-2027-e-2028-768x512.jpg 768w\" sizes=\"(max-width: 900px) 100vw, 900px\" \/><\/figure>\n\n\n\n<p class=\"wp-block-paragraph\">A C\u00e2mara Municipal de Livramento de Nossa Senhora anulou integralmente a elei\u00e7\u00e3o antecipada da Mesa Diretora para o bi\u00eanio 2027\/2028. A decis\u00e3o foi publicada na ter\u00e7a-feira (1\u00ba), por meio de Ato da Presid\u00eancia. Com a medida, tamb\u00e9m foram anulados o Edital de Convoca\u00e7\u00e3o n\u00ba 01\/2025, a sess\u00e3o realizada em 29 de agosto de 2025 e os atos posteriores relacionados ao pleito.<\/p>\n\n\n\n<p class=\"wp-block-paragraph\">Segundo o ato publicado no Di\u00e1rio Oficial do Legislativo, a elei\u00e7\u00e3o havia sido realizada com base na Emenda \u00e0 Lei Org\u00e2nica Municipal n\u00ba 03\/2025. A norma permitia a escolha da Mesa Diretora a qualquer momento. A C\u00e2mara considerou necess\u00e1rio cancelar o procedimento ap\u00f3s a identifica\u00e7\u00e3o de incompatibilidade com o entendimento firmado pelo Supremo Tribunal Federal.<\/p>\n\n\n\n<p class=\"wp-block-paragraph\">Conforme a jurisprud\u00eancia do STF mencionada no documento, a elei\u00e7\u00e3o para renova\u00e7\u00e3o da Mesa Diretora no segundo bi\u00eanio da legislatura somente pode ocorrer a partir de 1\u00ba de outubro do ano anterior ao in\u00edcio do mandato. Dessa forma, o pleito realizado em agosto de 2025 ocorreu antes do per\u00edodo considerado v\u00e1lido pela decis\u00e3o judicial citada no ato.<\/p>\n\n\n\n<p class=\"wp-block-paragraph\">Al\u00e9m disso, a medida atende ao Procedimento Preparat\u00f3rio n\u00ba 003.9.113390\/2026, instaurado pela 1\u00aa Promotoria de Justi\u00e7a de Livramento de Nossa Senhora. O procedimento apura a regularidade da Emenda \u00e0 Lei Org\u00e2nica Municipal n\u00ba 03\/2025 e da elei\u00e7\u00e3o antecipada realizada pela C\u00e2mara.<\/p>\n\n\n\n<p class=\"wp-block-paragraph\">Agora, um novo processo eleitoral dever\u00e1 ser realizado no segundo semestre deste ano, a partir de 1\u00ba de outubro. A C\u00e2mara informou que a convoca\u00e7\u00e3o seguir\u00e1 os par\u00e2metros definidos pelo Supremo Tribunal Federal para a escolha da Mesa Diretora do segundo bi\u00eanio da legislatura.<\/p>\n\n\n\n<p class=\"wp-block-paragraph\">Por fim, a anula\u00e7\u00e3o tamb\u00e9m atingiu a Ata n\u00ba 775\/2025 e todos os atos subsequentes decorrentes da elei\u00e7\u00e3o cancelada. Uma c\u00f3pia do Ato da Presid\u00eancia foi encaminhada formalmente ao Minist\u00e9rio P\u00fablico, nos autos do procedimento que acompanha a regularidade da emenda e do processo eleitoral.<\/p>\n","protected":false},"excerpt":{"rendered":"<p>A C\u00e2mara Municipal de Livramento de Nossa Senhora anulou integralmente a elei\u00e7\u00e3o antecipada da Mesa Diretora para o bi\u00eanio 2027\/2028. A decis\u00e3o foi publicada na ter\u00e7a-feira (1\u00ba), por meio de Ato da Presid\u00eancia. Com a medida, tamb\u00e9m foram anulados o Edital de Convoca\u00e7\u00e3o n\u00ba 01\/2025, a sess\u00e3o realizada em 29 de agosto de 2025 e os atos posteriores relacionados ao pleito. Segundo o ato publicado no Di\u00e1rio Oficial do Legislativo, a elei\u00e7\u00e3o havia sido realizada com base na Emenda \u00e0 Lei Org\u00e2nica Municipal n\u00ba 03\/2025. A norma permitia a escolha da Mesa Diretora a qualquer momento. A C\u00e2mara considerou necess\u00e1rio cancelar o procedimento ap\u00f3s a identifica\u00e7\u00e3o de incompatibilidade com o entendimento firmado pelo Supremo Tribunal Federal. Conforme a jurisprud\u00eancia do STF mencionada no documento, a elei\u00e7\u00e3o para renova\u00e7\u00e3o da Mesa Diretora no segundo bi\u00eanio da legislatura somente pode ocorrer a partir de 1\u00ba de outubro do ano anterior ao in\u00edcio do mandato. Dessa forma, o pleito realizado em agosto de 2025 ocorreu antes do per\u00edodo considerado v\u00e1lido pela decis\u00e3o judicial citada no ato. Al\u00e9m disso, a medida atende ao Procedimento Preparat\u00f3rio n\u00ba 003.9.113390\/2026, instaurado pela 1\u00aa Promotoria de Justi\u00e7a de Livramento de Nossa Senhora. O procedimento apura a regularidade da Emenda \u00e0 Lei Org\u00e2nica Municipal n\u00ba 03\/2025 e da elei\u00e7\u00e3o antecipada realizada pela C\u00e2mara. Agora, um novo processo eleitoral dever\u00e1 ser realizado no segundo semestre deste ano, a partir de 1\u00ba de outubro. A C\u00e2mara informou que a convoca\u00e7\u00e3o seguir\u00e1 os par\u00e2metros definidos pelo Supremo Tribunal Federal para a escolha da Mesa Diretora do segundo bi\u00eanio da legislatura. Por fim, a anula\u00e7\u00e3o tamb\u00e9m atingiu a Ata n\u00ba 775\/2025 e todos os atos subsequentes decorrentes da elei\u00e7\u00e3o cancelada. Uma c\u00f3pia do Ato da Presid\u00eancia foi encaminhada formalmente ao Minist\u00e9rio P\u00fablico, nos autos do procedimento que acompanha a regularidade da emenda e do processo eleitoral.<\/p>\n","protected":false},"author":4,"featured_media":0,"comment_status":"open","ping_status":"open","sticky":false,"template":"","format":"standard","meta":{"footnotes":""},"categories":[58,18,6],"tags":[],"class_list":["post-29427","post","type-post","status-publish","format-standard","hentry","category-eleicoes-2026","category-livramento","category-politica"],"yoast_head":"<!-- This site is optimized with the Yoast SEO plugin v26.5 - https:\/\/yoast.com\/wordpress\/plugins\/seo\/ -->\n<title>C\u00e2mara de Livramento anula elei\u00e7\u00e3o antecipada da Mesa Diretora para 2027 e 2028 - Sudoesteacontece<\/title>\n<meta name=\"robots\" content=\"index, follow, max-snippet:-1, max-image-preview:large, max-video-preview:-1\" \/>\n<link rel=\"canonical\" href=\"https:\/\/sudoesteacontece.com.br\/?p=29427\" \/>\n<meta property=\"og:locale\" content=\"pt_BR\" \/>\n<meta property=\"og:type\" content=\"article\" \/>\n<meta property=\"og:title\" content=\"C\u00e2mara de Livramento anula elei\u00e7\u00e3o antecipada da Mesa Diretora para 2027 e 2028 - Sudoesteacontece\" \/>\n<meta property=\"og:description\" content=\"A C\u00e2mara Municipal de Livramento de Nossa Senhora anulou integralmente a elei\u00e7\u00e3o antecipada da Mesa Diretora para o bi\u00eanio 2027\/2028. A decis\u00e3o foi publicada na ter\u00e7a-feira (1\u00ba), por meio de Ato da Presid\u00eancia. Com a medida, tamb\u00e9m foram anulados o Edital de Convoca\u00e7\u00e3o n\u00ba 01\/2025, a sess\u00e3o realizada em 29 de agosto de 2025 e os atos posteriores relacionados ao pleito. Segundo o ato publicado no Di\u00e1rio Oficial do Legislativo, a elei\u00e7\u00e3o havia sido realizada com base na Emenda \u00e0 Lei Org\u00e2nica Municipal n\u00ba 03\/2025. A norma permitia a escolha da Mesa Diretora a qualquer momento. A C\u00e2mara considerou necess\u00e1rio cancelar o procedimento ap\u00f3s a identifica\u00e7\u00e3o de incompatibilidade com o entendimento firmado pelo Supremo Tribunal Federal. Conforme a jurisprud\u00eancia do STF mencionada no documento, a elei\u00e7\u00e3o para renova\u00e7\u00e3o da Mesa Diretora no segundo bi\u00eanio da legislatura somente pode ocorrer a partir de 1\u00ba de outubro do ano anterior ao in\u00edcio do mandato. Dessa forma, o pleito realizado em agosto de 2025 ocorreu antes do per\u00edodo considerado v\u00e1lido pela decis\u00e3o judicial citada no ato. Al\u00e9m disso, a medida atende ao Procedimento Preparat\u00f3rio n\u00ba 003.9.113390\/2026, instaurado pela 1\u00aa Promotoria de Justi\u00e7a de Livramento de Nossa Senhora. O procedimento apura a regularidade da Emenda \u00e0 Lei Org\u00e2nica Municipal n\u00ba 03\/2025 e da elei\u00e7\u00e3o antecipada realizada pela C\u00e2mara. Agora, um novo processo eleitoral dever\u00e1 ser realizado no segundo semestre deste ano, a partir de 1\u00ba de outubro. A C\u00e2mara informou que a convoca\u00e7\u00e3o seguir\u00e1 os par\u00e2metros definidos pelo Supremo Tribunal Federal para a escolha da Mesa Diretora do segundo bi\u00eanio da legislatura. Por fim, a anula\u00e7\u00e3o tamb\u00e9m atingiu a Ata n\u00ba 775\/2025 e todos os atos subsequentes decorrentes da elei\u00e7\u00e3o cancelada. Uma c\u00f3pia do Ato da Presid\u00eancia foi encaminhada formalmente ao Minist\u00e9rio P\u00fablico, nos autos do procedimento que acompanha a regularidade da emenda e do processo eleitoral.\" \/>\n<meta property=\"og:url\" content=\"https:\/\/sudoesteacontece.com.br\/?p=29427\" \/>\n<meta property=\"og:site_name\" content=\"Sudoesteacontece\" \/>\n<meta property=\"article:publisher\" content=\"https:\/\/www.facebook.com\/sudoesteacontece\/?locale=pt_BR\" \/>\n<meta property=\"article:published_time\" content=\"2026-09-04T15:38:42+00:00\" \/>\n<meta property=\"article:modified_time\" content=\"2026-09-04T15:38:47+00:00\" \/>\n<meta property=\"og:image\" content=\"https:\/\/sudoesteacontece.com.br\/wp-content\/uploads\/2026\/09\/Camara-de-Livramento-anula-eleicao-antecipada-da-Mesa-Diretora-para-2027-e-2028.jpg\" \/>\n\t<meta property=\"og:image:width\" content=\"900\" \/>\n\t<meta property=\"og:image:height\" content=\"600\" \/>\n\t<meta property=\"og:image:type\" content=\"image\/jpeg\" \/>\n<meta name=\"author\" content=\"Reda\u00e7\u00e3o\" \/>\n<meta name=\"twitter:card\" content=\"summary_large_image\" \/>\n<meta name=\"twitter:label1\" content=\"Escrito por\" \/>\n\t<meta name=\"twitter:data1\" content=\"Reda\u00e7\u00e3o\" \/>\n\t<meta name=\"twitter:label2\" content=\"Est. tempo de leitura\" \/>\n\t<meta name=\"twitter:data2\" content=\"2 minutos\" \/>\n<script type=\"application\/ld+json\" class=\"yoast-schema-graph\">{\"@context\":\"https:\/\/schema.org\",\"@graph\":[{\"@type\":\"Article\",\"@id\":\"https:\/\/sudoesteacontece.com.br\/?p=29427#article\",\"isPartOf\":{\"@id\":\"https:\/\/sudoesteacontece.com.br\/?p=29427\"},\"author\":{\"name\":\"Reda\u00e7\u00e3o\",\"@id\":\"https:\/\/sudoesteacontece.com.br\/#\/schema\/person\/a4f22429c1d0923ef8f7d43343f8dc38\"},\"headline\":\"C\u00e2mara de Livramento anula elei\u00e7\u00e3o antecipada da Mesa Diretora para 2027 e 2028\",\"datePublished\":\"2026-09-04T15:38:42+00:00\",\"dateModified\":\"2026-09-04T15:38:47+00:00\",\"mainEntityOfPage\":{\"@id\":\"https:\/\/sudoesteacontece.com.br\/?p=29427\"},\"wordCount\":342,\"commentCount\":0,\"publisher\":{\"@id\":\"https:\/\/sudoesteacontece.com.br\/#organization\"},\"image\":{\"@id\":\"https:\/\/sudoesteacontece.com.br\/?p=29427#primaryimage\"},\"thumbnailUrl\":\"http:\/\/sudoesteacontece.com.br\/wp-content\/uploads\/2026\/09\/Camara-de-Livramento-anula-eleicao-antecipada-da-Mesa-Diretora-para-2027-e-2028.jpg\",\"articleSection\":[\"Elei\u00e7\u00f5es 2026\",\"Livramento\",\"Pol\u00edtica\"],\"inLanguage\":\"pt-BR\",\"potentialAction\":[{\"@type\":\"CommentAction\",\"name\":\"Comment\",\"target\":[\"https:\/\/sudoesteacontece.com.br\/?p=29427#respond\"]}]},{\"@type\":\"WebPage\",\"@id\":\"https:\/\/sudoesteacontece.com.br\/?p=29427\",\"url\":\"https:\/\/sudoesteacontece.com.br\/?p=29427\",\"name\":\"C\u00e2mara de Livramento anula elei\u00e7\u00e3o antecipada da Mesa Diretora para 2027 e 2028 - Sudoesteacontece\",\"isPartOf\":{\"@id\":\"https:\/\/sudoesteacontece.com.br\/#website\"},\"primaryImageOfPage\":{\"@id\":\"https:\/\/sudoesteacontece.com.br\/?p=29427#primaryimage\"},\"image\":{\"@id\":\"https:\/\/sudoesteacontece.com.br\/?p=29427#primaryimage\"},\"thumbnailUrl\":\"http:\/\/sudoesteacontece.com.br\/wp-content\/uploads\/2026\/09\/Camara-de-Livramento-anula-eleicao-antecipada-da-Mesa-Diretora-para-2027-e-2028.jpg\",\"datePublished\":\"2026-09-04T15:38:42+00:00\",\"dateModified\":\"2026-09-04T15:38:47+00:00\",\"breadcrumb\":{\"@id\":\"https:\/\/sudoesteacontece.com.br\/?p=29427#breadcrumb\"},\"inLanguage\":\"pt-BR\",\"potentialAction\":[{\"@type\":\"ReadAction\",\"target\":[\"https:\/\/sudoesteacontece.com.br\/?p=29427\"]}]},{\"@type\":\"ImageObject\",\"inLanguage\":\"pt-BR\",\"@id\":\"https:\/\/sudoesteacontece.com.br\/?p=29427#primaryimage\",\"url\":\"https:\/\/sudoesteacontece.com.br\/wp-content\/uploads\/2026\/09\/Camara-de-Livramento-anula-eleicao-antecipada-da-Mesa-Diretora-para-2027-e-2028.jpg\",\"contentUrl\":\"https:\/\/sudoesteacontece.com.br\/wp-content\/uploads\/2026\/09\/Camara-de-Livramento-anula-eleicao-antecipada-da-Mesa-Diretora-para-2027-e-2028.jpg\",\"width\":900,\"height\":600},{\"@type\":\"BreadcrumbList\",\"@id\":\"https:\/\/sudoesteacontece.com.br\/?p=29427#breadcrumb\",\"itemListElement\":[{\"@type\":\"ListItem\",\"position\":1,\"name\":\"In\u00edcio\",\"item\":\"https:\/\/sudoesteacontece.com.br\/\"},{\"@type\":\"ListItem\",\"position\":2,\"name\":\"C\u00e2mara de Livramento anula elei\u00e7\u00e3o antecipada da Mesa Diretora para 2027 e 2028\"}]},{\"@type\":\"WebSite\",\"@id\":\"https:\/\/sudoesteacontece.com.br\/#website\",\"url\":\"https:\/\/sudoesteacontece.com.br\/\",\"name\":\"Sudoesteacontece\",\"description\":\"\",\"publisher\":{\"@id\":\"https:\/\/sudoesteacontece.com.br\/#organization\"},\"potentialAction\":[{\"@type\":\"SearchAction\",\"target\":{\"@type\":\"EntryPoint\",\"urlTemplate\":\"https:\/\/sudoesteacontece.com.br\/?s={search_term_string}\"},\"query-input\":{\"@type\":\"PropertyValueSpecification\",\"valueRequired\":true,\"valueName\":\"search_term_string\"}}],\"inLanguage\":\"pt-BR\"},{\"@type\":\"Organization\",\"@id\":\"https:\/\/sudoesteacontece.com.br\/#organization\",\"name\":\"Sudoesteacontece\",\"url\":\"https:\/\/sudoesteacontece.com.br\/\",\"logo\":{\"@type\":\"ImageObject\",\"inLanguage\":\"pt-BR\",\"@id\":\"https:\/\/sudoesteacontece.com.br\/#\/schema\/logo\/image\/\",\"url\":\"https:\/\/sudoesteacontece.com.br\/wp-content\/uploads\/2025\/12\/cropped-logo-2-180x180-1.png\",\"contentUrl\":\"https:\/\/sudoesteacontece.com.br\/wp-content\/uploads\/2025\/12\/cropped-logo-2-180x180-1.png\",\"width\":180,\"height\":180,\"caption\":\"Sudoesteacontece\"},\"image\":{\"@id\":\"https:\/\/sudoesteacontece.com.br\/#\/schema\/logo\/image\/\"},\"sameAs\":[\"https:\/\/www.facebook.com\/sudoesteacontece\/?locale=pt_BR\"]},{\"@type\":\"Person\",\"@id\":\"https:\/\/sudoesteacontece.com.br\/#\/schema\/person\/a4f22429c1d0923ef8f7d43343f8dc38\",\"name\":\"Reda\u00e7\u00e3o\",\"image\":{\"@type\":\"ImageObject\",\"inLanguage\":\"pt-BR\",\"@id\":\"https:\/\/sudoesteacontece.com.br\/#\/schema\/person\/image\/\",\"url\":\"https:\/\/secure.gravatar.com\/avatar\/c3a5b3c93f268a709c25a2df414c629a96fb3b1b4bf97a94fb3f72e54ae76903?s=96&d=mm&r=g\",\"contentUrl\":\"https:\/\/secure.gravatar.com\/avatar\/c3a5b3c93f268a709c25a2df414c629a96fb3b1b4bf97a94fb3f72e54ae76903?s=96&d=mm&r=g\",\"caption\":\"Reda\u00e7\u00e3o\"},\"url\":\"https:\/\/sudoesteacontece.com.br\/?author=4\"}]}<\/script>\n<!-- \/ Yoast SEO plugin. -->","yoast_head_json":{"title":"C\u00e2mara de Livramento anula elei\u00e7\u00e3o antecipada da Mesa Diretora para 2027 e 2028 - Sudoesteacontece","robots":{"index":"index","follow":"follow","max-snippet":"max-snippet:-1","max-image-preview":"max-image-preview:large","max-video-preview":"max-video-preview:-1"},"canonical":"https:\/\/sudoesteacontece.com.br\/?p=29427","og_locale":"pt_BR","og_type":"article","og_title":"C\u00e2mara de Livramento anula elei\u00e7\u00e3o antecipada da Mesa Diretora para 2027 e 2028 - Sudoesteacontece","og_description":"A C\u00e2mara Municipal de Livramento de Nossa Senhora anulou integralmente a elei\u00e7\u00e3o antecipada da Mesa Diretora para o bi\u00eanio 2027\/2028. A decis\u00e3o foi publicada na ter\u00e7a-feira (1\u00ba), por meio de Ato da Presid\u00eancia. Com a medida, tamb\u00e9m foram anulados o Edital de Convoca\u00e7\u00e3o n\u00ba 01\/2025, a sess\u00e3o realizada em 29 de agosto de 2025 e os atos posteriores relacionados ao pleito. Segundo o ato publicado no Di\u00e1rio Oficial do Legislativo, a elei\u00e7\u00e3o havia sido realizada com base na Emenda \u00e0 Lei Org\u00e2nica Municipal n\u00ba 03\/2025. A norma permitia a escolha da Mesa Diretora a qualquer momento. A C\u00e2mara considerou necess\u00e1rio cancelar o procedimento ap\u00f3s a identifica\u00e7\u00e3o de incompatibilidade com o entendimento firmado pelo Supremo Tribunal Federal. Conforme a jurisprud\u00eancia do STF mencionada no documento, a elei\u00e7\u00e3o para renova\u00e7\u00e3o da Mesa Diretora no segundo bi\u00eanio da legislatura somente pode ocorrer a partir de 1\u00ba de outubro do ano anterior ao in\u00edcio do mandato. Dessa forma, o pleito realizado em agosto de 2025 ocorreu antes do per\u00edodo considerado v\u00e1lido pela decis\u00e3o judicial citada no ato. Al\u00e9m disso, a medida atende ao Procedimento Preparat\u00f3rio n\u00ba 003.9.113390\/2026, instaurado pela 1\u00aa Promotoria de Justi\u00e7a de Livramento de Nossa Senhora. O procedimento apura a regularidade da Emenda \u00e0 Lei Org\u00e2nica Municipal n\u00ba 03\/2025 e da elei\u00e7\u00e3o antecipada realizada pela C\u00e2mara. Agora, um novo processo eleitoral dever\u00e1 ser realizado no segundo semestre deste ano, a partir de 1\u00ba de outubro. A C\u00e2mara informou que a convoca\u00e7\u00e3o seguir\u00e1 os par\u00e2metros definidos pelo Supremo Tribunal Federal para a escolha da Mesa Diretora do segundo bi\u00eanio da legislatura. Por fim, a anula\u00e7\u00e3o tamb\u00e9m atingiu a Ata n\u00ba 775\/2025 e todos os atos subsequentes decorrentes da elei\u00e7\u00e3o cancelada. Uma c\u00f3pia do Ato da Presid\u00eancia foi encaminhada formalmente ao Minist\u00e9rio P\u00fablico, nos autos do procedimento que acompanha a regularidade da emenda e do processo eleitoral.","og_url":"https:\/\/sudoesteacontece.com.br\/?p=29427","og_site_name":"Sudoesteacontece","article_publisher":"https:\/\/www.facebook.com\/sudoesteacontece\/?locale=pt_BR","article_published_time":"2026-09-04T15:38:42+00:00","article_modified_time":"2026-09-04T15:38:47+00:00","og_image":[{"width":900,"height":600,"url":"https:\/\/sudoesteacontece.com.br\/wp-content\/uploads\/2026\/09\/Camara-de-Livramento-anula-eleicao-antecipada-da-Mesa-Diretora-para-2027-e-2028.jpg","type":"image\/jpeg"}],"author":"Reda\u00e7\u00e3o","twitter_card":"summary_large_image","twitter_misc":{"Escrito por":"Reda\u00e7\u00e3o","Est. tempo de leitura":"2 minutos"},"schema":{"@context":"https:\/\/schema.org","@graph":[{"@type":"Article","@id":"https:\/\/sudoesteacontece.com.br\/?p=29427#article","isPartOf":{"@id":"https:\/\/sudoesteacontece.com.br\/?p=29427"},"author":{"name":"Reda\u00e7\u00e3o","@id":"https:\/\/sudoesteacontece.com.br\/#\/schema\/person\/a4f22429c1d0923ef8f7d43343f8dc38"},"headline":"C\u00e2mara de Livramento anula elei\u00e7\u00e3o antecipada da Mesa Diretora para 2027 e 2028","datePublished":"2026-09-04T15:38:42+00:00","dateModified":"2026-09-04T15:38:47+00:00","mainEntityOfPage":{"@id":"https:\/\/sudoesteacontece.com.br\/?p=29427"},"wordCount":342,"commentCount":0,"publisher":{"@id":"https:\/\/sudoesteacontece.com.br\/#organization"},"image":{"@id":"https:\/\/sudoesteacontece.com.br\/?p=29427#primaryimage"},"thumbnailUrl":"http:\/\/sudoesteacontece.com.br\/wp-content\/uploads\/2026\/09\/Camara-de-Livramento-anula-eleicao-antecipada-da-Mesa-Diretora-para-2027-e-2028.jpg","articleSection":["Elei\u00e7\u00f5es 2026","Livramento","Pol\u00edtica"],"inLanguage":"pt-BR","potentialAction":[{"@type":"CommentAction","name":"Comment","target":["https:\/\/sudoesteacontece.com.br\/?p=29427#respond"]}]},{"@type":"WebPage","@id":"https:\/\/sudoesteacontece.com.br\/?p=29427","url":"https:\/\/sudoesteacontece.com.br\/?p=29427","name":"C\u00e2mara de Livramento anula elei\u00e7\u00e3o antecipada da Mesa Diretora para 2027 e 2028 - Sudoesteacontece","isPartOf":{"@id":"https:\/\/sudoesteacontece.com.br\/#website"},"primaryImageOfPage":{"@id":"https:\/\/sudoesteacontece.com.br\/?p=29427#primaryimage"},"image":{"@id":"https:\/\/sudoesteacontece.com.br\/?p=29427#primaryimage"},"thumbnailUrl":"http:\/\/sudoesteacontece.com.br\/wp-content\/uploads\/2026\/09\/Camara-de-Livramento-anula-eleicao-antecipada-da-Mesa-Diretora-para-2027-e-2028.jpg","datePublished":"2026-09-04T15:38:42+00:00","dateModified":"2026-09-04T15:38:47+00:00","breadcrumb":{"@id":"https:\/\/sudoesteacontece.com.br\/?p=29427#breadcrumb"},"inLanguage":"pt-BR","potentialAction":[{"@type":"ReadAction","target":["https:\/\/sudoesteacontece.com.br\/?p=29427"]}]},{"@type":"ImageObject","inLanguage":"pt-BR","@id":"https:\/\/sudoesteacontece.com.br\/?p=29427#primaryimage","url":"https:\/\/sudoesteacontece.com.br\/wp-content\/uploads\/2026\/09\/Camara-de-Livramento-anula-eleicao-antecipada-da-Mesa-Diretora-para-2027-e-2028.jpg","contentUrl":"https:\/\/sudoesteacontece.com.br\/wp-content\/uploads\/2026\/09\/Camara-de-Livramento-anula-eleicao-antecipada-da-Mesa-Diretora-para-2027-e-2028.jpg","width":900,"height":600},{"@type":"BreadcrumbList","@id":"https:\/\/sudoesteacontece.com.br\/?p=29427#breadcrumb","itemListElement":[{"@type":"ListItem","position":1,"name":"In\u00edcio","item":"https:\/\/sudoesteacontece.com.br\/"},{"@type":"ListItem","position":2,"name":"C\u00e2mara de Livramento anula elei\u00e7\u00e3o antecipada da Mesa Diretora para 2027 e 2028"}]},{"@type":"WebSite","@id":"https:\/\/sudoesteacontece.com.br\/#website","url":"https:\/\/sudoesteacontece.com.br\/","name":"Sudoesteacontece","description":"","publisher":{"@id":"https:\/\/sudoesteacontece.com.br\/#organization"},"potentialAction":[{"@type":"SearchAction","target":{"@type":"EntryPoint","urlTemplate":"https:\/\/sudoesteacontece.com.br\/?s={search_term_string}"},"query-input":{"@type":"PropertyValueSpecification","valueRequired":true,"valueName":"search_term_string"}}],"inLanguage":"pt-BR"},{"@type":"Organization","@id":"https:\/\/sudoesteacontece.com.br\/#organization","name":"Sudoesteacontece","url":"https:\/\/sudoesteacontece.com.br\/","logo":{"@type":"ImageObject","inLanguage":"pt-BR","@id":"https:\/\/sudoesteacontece.com.br\/#\/schema\/logo\/image\/","url":"https:\/\/sudoesteacontece.com.br\/wp-content\/uploads\/2025\/12\/cropped-logo-2-180x180-1.png","contentUrl":"https:\/\/sudoesteacontece.com.br\/wp-content\/uploads\/2025\/12\/cropped-logo-2-180x180-1.png","width":180,"height":180,"caption":"Sudoesteacontece"},"image":{"@id":"https:\/\/sudoesteacontece.com.br\/#\/schema\/logo\/image\/"},"sameAs":["https:\/\/www.facebook.com\/sudoesteacontece\/?locale=pt_BR"]},{"@type":"Person","@id":"https:\/\/sudoesteacontece.com.br\/#\/schema\/person\/a4f22429c1d0923ef8f7d43343f8dc38","name":"Reda\u00e7\u00e3o","image":{"@type":"ImageObject","inLanguage":"pt-BR","@id":"https:\/\/sudoesteacontece.com.br\/#\/schema\/person\/image\/","url":"https:\/\/secure.gravatar.com\/avatar\/c3a5b3c93f268a709c25a2df414c629a96fb3b1b4bf97a94fb3f72e54ae76903?s=96&d=mm&r=g","contentUrl":"https:\/\/secure.gravatar.com\/avatar\/c3a5b3c93f268a709c25a2df414c629a96fb3b1b4bf97a94fb3f72e54ae76903?s=96&d=mm&r=g","caption":"Reda\u00e7\u00e3o"},"url":"https:\/\/sudoesteacontece.com.br\/?author=4"}]}},"_links":{"self":[{"href":"https:\/\/sudoesteacontece.com.br\/index.php?rest_route=\/wp\/v2\/posts\/29427","targetHints":{"allow":["GET"]}}],"collection":[{"href":"https:\/\/sudoesteacontece.com.br\/index.php?rest_route=\/wp\/v2\/posts"}],"about":[{"href":"https:\/\/sudoesteacontece.com.br\/index.php?rest_route=\/wp\/v2\/types\/post"}],"author":[{"embeddable":true,"href":"https:\/\/sudoesteacontece.com.br\/index.php?rest_route=\/wp\/v2\/users\/4"}],"replies":[{"embeddable":true,"href":"https:\/\/sudoesteacontece.com.br\/index.php?rest_route=%2Fwp%2Fv2%2Fcomments&post=29427"}],"version-history":[{"count":1,"href":"https:\/\/sudoesteacontece.com.br\/index.php?rest_route=\/wp\/v2\/posts\/29427\/revisions"}],"predecessor-version":[{"id":29486,"href":"https:\/\/sudoesteacontece.com.br\/index.php?rest_route=\/wp\/v2\/posts\/29427\/revisions\/29486"}],"wp:attachment":[{"href":"https:\/\/sudoesteacontece.com.br\/index.php?rest_route=%2Fwp%2Fv2%2Fmedia&parent=29427"}],"wp:term":[{"taxonomy":"category","embeddable":true,"href":"https:\/\/sudoesteacontece.com.br\/index.php?rest_route=%2Fwp%2Fv2%2Fcategories&post=29427"},{"taxonomy":"post_tag","embeddable":true,"href":"https:\/\/sudoesteacontece.com.br\/index.php?rest_route=%2Fwp%2Fv2%2Ftags&post=29427"}],"curies":[{"name":"wp","href":"https:\/\/api.w.org\/{rel}","templated":true}]}}