{"id":29428,"date":"2026-09-04T12:39:32","date_gmt":"2026-09-04T15:39:32","guid":{"rendered":"https:\/\/sudoesteacontece.com.br\/?p=29428"},"modified":"2026-09-04T12:39:38","modified_gmt":"2026-09-04T15:39:38","slug":"citacoes-a-gonet-em-mensagens-de-vorcaro-aumentam-pressao-sobre-pgr","status":"publish","type":"post","link":"https:\/\/sudoesteacontece.com.br\/?p=29428","title":{"rendered":"Cita\u00e7\u00f5es a Gonet em mensagens de Vorcaro aumentam press\u00e3o sobre PGR"},"content":{"rendered":"\n<figure class=\"wp-block-image size-large\"><img fetchpriority=\"high\" decoding=\"async\" width=\"1024\" height=\"679\" src=\"http:\/\/sudoesteacontece.com.br\/wp-content\/uploads\/2026\/09\/Servidores-da-PGR-relatam-tensao-e-ironizam-Gonet-em-grupos-de-WhatsApp-1024x679.jpg\" alt=\"\" class=\"wp-image-29469\" srcset=\"https:\/\/sudoesteacontece.com.br\/wp-content\/uploads\/2026\/09\/Servidores-da-PGR-relatam-tensao-e-ironizam-Gonet-em-grupos-de-WhatsApp-1024x679.jpg 1024w, https:\/\/sudoesteacontece.com.br\/wp-content\/uploads\/2026\/09\/Servidores-da-PGR-relatam-tensao-e-ironizam-Gonet-em-grupos-de-WhatsApp-300x199.jpg 300w, https:\/\/sudoesteacontece.com.br\/wp-content\/uploads\/2026\/09\/Servidores-da-PGR-relatam-tensao-e-ironizam-Gonet-em-grupos-de-WhatsApp-768x509.jpg 768w, https:\/\/sudoesteacontece.com.br\/wp-content\/uploads\/2026\/09\/Servidores-da-PGR-relatam-tensao-e-ironizam-Gonet-em-grupos-de-WhatsApp.jpg 1496w\" sizes=\"(max-width: 1024px) 100vw, 1024px\" \/><\/figure>\n\n\n\n<p class=\"wp-block-paragraph\">Integrantes da c\u00fapula da Procuradoria-Geral da Rep\u00fablica avaliam que as men\u00e7\u00f5es ao procurador-geral Paulo Gonet em mensagens de Daniel Vorcaro exp\u00f5em a institui\u00e7\u00e3o a uma crise in\u00e9dita. Apesar do desconforto interno, os procuradores consideram que n\u00e3o h\u00e1, at\u00e9 o momento, elementos suficientes para transformar Gonet em alvo de investiga\u00e7\u00e3o.<\/p>\n\n\n\n<p class=\"wp-block-paragraph\">Entre os di\u00e1logos analisados pela Pol\u00edcia Federal, h\u00e1 mensagens em que o advogado Ciro Soares encaminha a Vorcaro conte\u00fados atribu\u00eddos a Gonet. Em outro trecho, o ent\u00e3o dono do Banco Master pede a um interlocutor que seria Alexandre de Moraes a atua\u00e7\u00e3o de \u201cAndrei e Paulo\u201d para barrar uma opera\u00e7\u00e3o contra a institui\u00e7\u00e3o. As refer\u00eancias seriam ao diretor-geral da PF, Andrei Rodrigues, e ao procurador-geral.<\/p>\n\n\n\n<p class=\"wp-block-paragraph\">Al\u00e9m disso, o filho de Gonet teria solicitado a Vorcaro participa\u00e7\u00e3o em um evento em Londres, com despesas custeadas pelo banqueiro. O procurador-geral foi procurado na quarta-feira (2) e na quinta-feira (3), mas n\u00e3o se manifestou. Em conversas com integrantes de sua equipe, Gonet negou proximidade com Vorcaro e afirmou que Moraes nunca pediu interfer\u00eancia em investiga\u00e7\u00f5es relacionadas ao Banco Master.<\/p>\n\n\n\n<p class=\"wp-block-paragraph\">Dentro da PGR, uma parcela dos procuradores defende que Gonet permane\u00e7a \u00e0 frente do caso. Para esse grupo, a participa\u00e7\u00e3o no evento londrino, que reuniu centenas de pessoas, n\u00e3o demonstraria rela\u00e7\u00e3o de intimidade com o banqueiro. A avalia\u00e7\u00e3o tamb\u00e9m considera que a presen\u00e7a de autoridades em eventos financiados por empres\u00e1rios ou institui\u00e7\u00f5es privadas \u00e9 frequente e, por si s\u00f3, n\u00e3o comprometeria a atua\u00e7\u00e3o profissional.<\/p>\n\n\n\n<p class=\"wp-block-paragraph\">Outra ala, por\u00e9m, entende que as refer\u00eancias reunidas no relat\u00f3rio da PF s\u00e3o suficientes para provocar d\u00favidas sobre eventual conflito de interesses. Nesse entendimento, o afastamento de Gonet poderia ser adotado como medida de prud\u00eancia e reduzir questionamentos sobre a condu\u00e7\u00e3o da investiga\u00e7\u00e3o. A preocupa\u00e7\u00e3o ganhou for\u00e7a diante da participa\u00e7\u00e3o de Moraes no epis\u00f3dio e da dimens\u00e3o das apura\u00e7\u00f5es.<\/p>\n\n\n\n<p class=\"wp-block-paragraph\">Nos bastidores, procuradores passaram a discutir se o Conselho Superior do Minist\u00e9rio P\u00fablico Federal deve analisar o assunto. O \u00f3rg\u00e3o \u00e9 respons\u00e1vel por promo\u00e7\u00f5es na carreira, processos administrativos e normas de atua\u00e7\u00e3o da institui\u00e7\u00e3o. Eventuais medidas relacionadas a ocupantes dos postos mais altos da Procuradoria tamb\u00e9m envolvem regras espec\u00edficas, enquanto a responsabiliza\u00e7\u00e3o por crime de responsabilidade passa pelo Senado.<\/p>\n\n\n\n<p class=\"wp-block-paragraph\">Atualmente, o vice-presidente do Conselho Superior do MPF \u00e9 Nicolau Dino, irm\u00e3o do ministro do STF Fl\u00e1vio Dino. Caso considere necess\u00e1rio, ele poder\u00e1 convocar uma sess\u00e3o colegiada para discutir o epis\u00f3dio. A avalia\u00e7\u00e3o sobre eventual suspei\u00e7\u00e3o, entretanto, divide integrantes da institui\u00e7\u00e3o, que divergem sobre a exist\u00eancia de elementos capazes de comprometer a atua\u00e7\u00e3o de Gonet.<\/p>\n\n\n\n<p class=\"wp-block-paragraph\">Por fim, a Pol\u00edcia Federal aponta que a interlocu\u00e7\u00e3o entre Gonet e Vorcaro ocorreu inicialmente por meio do advogado Ciro Soares, em abril de 2024. Na ocasi\u00e3o, segundo o relat\u00f3rio, Soares enviou mensagens ao banqueiro mencionando Gonet e afirmou que o procurador-geral era \u201cfirme\u201d. Um interlocutor de Gonet tamb\u00e9m afirma que o PGR n\u00e3o mantinha o n\u00famero de Vorcaro salvo no pr\u00f3prio celular.<\/p>\n","protected":false},"excerpt":{"rendered":"<p>Integrantes da c\u00fapula da Procuradoria-Geral da Rep\u00fablica avaliam que as men\u00e7\u00f5es ao procurador-geral Paulo Gonet em mensagens de Daniel Vorcaro exp\u00f5em a institui\u00e7\u00e3o a uma crise in\u00e9dita. Apesar do desconforto interno, os procuradores consideram que n\u00e3o h\u00e1, at\u00e9 o momento, elementos suficientes para transformar Gonet em alvo de investiga\u00e7\u00e3o. Entre os di\u00e1logos analisados pela Pol\u00edcia Federal, h\u00e1 mensagens em que o advogado Ciro Soares encaminha a Vorcaro conte\u00fados atribu\u00eddos a Gonet. Em outro trecho, o ent\u00e3o dono do Banco Master pede a um interlocutor que seria Alexandre de Moraes a atua\u00e7\u00e3o de \u201cAndrei e Paulo\u201d para barrar uma opera\u00e7\u00e3o contra a institui\u00e7\u00e3o. As refer\u00eancias seriam ao diretor-geral da PF, Andrei Rodrigues, e ao procurador-geral. Al\u00e9m disso, o filho de Gonet teria solicitado a Vorcaro participa\u00e7\u00e3o em um evento em Londres, com despesas custeadas pelo banqueiro. O procurador-geral foi procurado na quarta-feira (2) e na quinta-feira (3), mas n\u00e3o se manifestou. Em conversas com integrantes de sua equipe, Gonet negou proximidade com Vorcaro e afirmou que Moraes nunca pediu interfer\u00eancia em investiga\u00e7\u00f5es relacionadas ao Banco Master. Dentro da PGR, uma parcela dos procuradores defende que Gonet permane\u00e7a \u00e0 frente do caso. Para esse grupo, a participa\u00e7\u00e3o no evento londrino, que reuniu centenas de pessoas, n\u00e3o demonstraria rela\u00e7\u00e3o de intimidade com o banqueiro. A avalia\u00e7\u00e3o tamb\u00e9m considera que a presen\u00e7a de autoridades em eventos financiados por empres\u00e1rios ou institui\u00e7\u00f5es privadas \u00e9 frequente e, por si s\u00f3, n\u00e3o comprometeria a atua\u00e7\u00e3o profissional. Outra ala, por\u00e9m, entende que as refer\u00eancias reunidas no relat\u00f3rio da PF s\u00e3o suficientes para provocar d\u00favidas sobre eventual conflito de interesses. Nesse entendimento, o afastamento de Gonet poderia ser adotado como medida de prud\u00eancia e reduzir questionamentos sobre a condu\u00e7\u00e3o da investiga\u00e7\u00e3o. A preocupa\u00e7\u00e3o ganhou for\u00e7a diante da participa\u00e7\u00e3o de Moraes no epis\u00f3dio e da dimens\u00e3o das apura\u00e7\u00f5es. Nos bastidores, procuradores passaram a discutir se o Conselho Superior do Minist\u00e9rio P\u00fablico Federal deve analisar o assunto. O \u00f3rg\u00e3o \u00e9 respons\u00e1vel por promo\u00e7\u00f5es na carreira, processos administrativos e normas de atua\u00e7\u00e3o da institui\u00e7\u00e3o. Eventuais medidas relacionadas a ocupantes dos postos mais altos da Procuradoria tamb\u00e9m envolvem regras espec\u00edficas, enquanto a responsabiliza\u00e7\u00e3o por crime de responsabilidade passa pelo Senado. Atualmente, o vice-presidente do Conselho Superior do MPF \u00e9 Nicolau Dino, irm\u00e3o do ministro do STF Fl\u00e1vio Dino. Caso considere necess\u00e1rio, ele poder\u00e1 convocar uma sess\u00e3o colegiada para discutir o epis\u00f3dio. A avalia\u00e7\u00e3o sobre eventual suspei\u00e7\u00e3o, entretanto, divide integrantes da institui\u00e7\u00e3o, que divergem sobre a exist\u00eancia de elementos capazes de comprometer a atua\u00e7\u00e3o de Gonet. Por fim, a Pol\u00edcia Federal aponta que a interlocu\u00e7\u00e3o entre Gonet e Vorcaro ocorreu inicialmente por meio do advogado Ciro Soares, em abril de 2024. Na ocasi\u00e3o, segundo o relat\u00f3rio, Soares enviou mensagens ao banqueiro mencionando Gonet e afirmou que o procurador-geral era \u201cfirme\u201d. Um interlocutor de Gonet tamb\u00e9m afirma que o PGR n\u00e3o mantinha o n\u00famero de Vorcaro salvo no pr\u00f3prio celular.<\/p>\n","protected":false},"author":4,"featured_media":0,"comment_status":"open","ping_status":"open","sticky":false,"template":"","format":"standard","meta":{"footnotes":""},"categories":[53,58,13,3,6],"tags":[],"class_list":["post-29428","post","type-post","status-publish","format-standard","hentry","category-brasil","category-eleicoes-2026","category-justica","category-policia","category-politica"],"yoast_head":"<!-- This site is optimized with the Yoast SEO plugin v26.5 - https:\/\/yoast.com\/wordpress\/plugins\/seo\/ -->\n<title>Cita\u00e7\u00f5es a Gonet em mensagens de Vorcaro aumentam press\u00e3o sobre PGR - Sudoesteacontece<\/title>\n<meta name=\"robots\" content=\"index, follow, max-snippet:-1, max-image-preview:large, max-video-preview:-1\" \/>\n<link rel=\"canonical\" href=\"https:\/\/sudoesteacontece.com.br\/?p=29428\" \/>\n<meta property=\"og:locale\" content=\"pt_BR\" \/>\n<meta property=\"og:type\" content=\"article\" \/>\n<meta property=\"og:title\" content=\"Cita\u00e7\u00f5es a Gonet em mensagens de Vorcaro aumentam press\u00e3o sobre PGR - Sudoesteacontece\" \/>\n<meta property=\"og:description\" content=\"Integrantes da c\u00fapula da Procuradoria-Geral da Rep\u00fablica avaliam que as men\u00e7\u00f5es ao procurador-geral Paulo Gonet em mensagens de Daniel Vorcaro exp\u00f5em a institui\u00e7\u00e3o a uma crise in\u00e9dita. Apesar do desconforto interno, os procuradores consideram que n\u00e3o h\u00e1, at\u00e9 o momento, elementos suficientes para transformar Gonet em alvo de investiga\u00e7\u00e3o. Entre os di\u00e1logos analisados pela Pol\u00edcia Federal, h\u00e1 mensagens em que o advogado Ciro Soares encaminha a Vorcaro conte\u00fados atribu\u00eddos a Gonet. Em outro trecho, o ent\u00e3o dono do Banco Master pede a um interlocutor que seria Alexandre de Moraes a atua\u00e7\u00e3o de \u201cAndrei e Paulo\u201d para barrar uma opera\u00e7\u00e3o contra a institui\u00e7\u00e3o. As refer\u00eancias seriam ao diretor-geral da PF, Andrei Rodrigues, e ao procurador-geral. Al\u00e9m disso, o filho de Gonet teria solicitado a Vorcaro participa\u00e7\u00e3o em um evento em Londres, com despesas custeadas pelo banqueiro. O procurador-geral foi procurado na quarta-feira (2) e na quinta-feira (3), mas n\u00e3o se manifestou. Em conversas com integrantes de sua equipe, Gonet negou proximidade com Vorcaro e afirmou que Moraes nunca pediu interfer\u00eancia em investiga\u00e7\u00f5es relacionadas ao Banco Master. Dentro da PGR, uma parcela dos procuradores defende que Gonet permane\u00e7a \u00e0 frente do caso. Para esse grupo, a participa\u00e7\u00e3o no evento londrino, que reuniu centenas de pessoas, n\u00e3o demonstraria rela\u00e7\u00e3o de intimidade com o banqueiro. A avalia\u00e7\u00e3o tamb\u00e9m considera que a presen\u00e7a de autoridades em eventos financiados por empres\u00e1rios ou institui\u00e7\u00f5es privadas \u00e9 frequente e, por si s\u00f3, n\u00e3o comprometeria a atua\u00e7\u00e3o profissional. Outra ala, por\u00e9m, entende que as refer\u00eancias reunidas no relat\u00f3rio da PF s\u00e3o suficientes para provocar d\u00favidas sobre eventual conflito de interesses. Nesse entendimento, o afastamento de Gonet poderia ser adotado como medida de prud\u00eancia e reduzir questionamentos sobre a condu\u00e7\u00e3o da investiga\u00e7\u00e3o. A preocupa\u00e7\u00e3o ganhou for\u00e7a diante da participa\u00e7\u00e3o de Moraes no epis\u00f3dio e da dimens\u00e3o das apura\u00e7\u00f5es. Nos bastidores, procuradores passaram a discutir se o Conselho Superior do Minist\u00e9rio P\u00fablico Federal deve analisar o assunto. O \u00f3rg\u00e3o \u00e9 respons\u00e1vel por promo\u00e7\u00f5es na carreira, processos administrativos e normas de atua\u00e7\u00e3o da institui\u00e7\u00e3o. Eventuais medidas relacionadas a ocupantes dos postos mais altos da Procuradoria tamb\u00e9m envolvem regras espec\u00edficas, enquanto a responsabiliza\u00e7\u00e3o por crime de responsabilidade passa pelo Senado. Atualmente, o vice-presidente do Conselho Superior do MPF \u00e9 Nicolau Dino, irm\u00e3o do ministro do STF Fl\u00e1vio Dino. Caso considere necess\u00e1rio, ele poder\u00e1 convocar uma sess\u00e3o colegiada para discutir o epis\u00f3dio. A avalia\u00e7\u00e3o sobre eventual suspei\u00e7\u00e3o, entretanto, divide integrantes da institui\u00e7\u00e3o, que divergem sobre a exist\u00eancia de elementos capazes de comprometer a atua\u00e7\u00e3o de Gonet. Por fim, a Pol\u00edcia Federal aponta que a interlocu\u00e7\u00e3o entre Gonet e Vorcaro ocorreu inicialmente por meio do advogado Ciro Soares, em abril de 2024. Na ocasi\u00e3o, segundo o relat\u00f3rio, Soares enviou mensagens ao banqueiro mencionando Gonet e afirmou que o procurador-geral era \u201cfirme\u201d. Um interlocutor de Gonet tamb\u00e9m afirma que o PGR n\u00e3o mantinha o n\u00famero de Vorcaro salvo no pr\u00f3prio celular.\" \/>\n<meta property=\"og:url\" content=\"https:\/\/sudoesteacontece.com.br\/?p=29428\" \/>\n<meta property=\"og:site_name\" content=\"Sudoesteacontece\" \/>\n<meta property=\"article:publisher\" content=\"https:\/\/www.facebook.com\/sudoesteacontece\/?locale=pt_BR\" \/>\n<meta property=\"article:published_time\" content=\"2026-09-04T15:39:32+00:00\" \/>\n<meta property=\"article:modified_time\" content=\"2026-09-04T15:39:38+00:00\" \/>\n<meta property=\"og:image\" content=\"https:\/\/sudoesteacontece.com.br\/wp-content\/uploads\/2026\/09\/Servidores-da-PGR-relatam-tensao-e-ironizam-Gonet-em-grupos-de-WhatsApp.jpg\" \/>\n\t<meta property=\"og:image:width\" content=\"1496\" \/>\n\t<meta property=\"og:image:height\" content=\"992\" \/>\n\t<meta property=\"og:image:type\" content=\"image\/jpeg\" \/>\n<meta name=\"author\" content=\"Reda\u00e7\u00e3o\" \/>\n<meta name=\"twitter:card\" content=\"summary_large_image\" \/>\n<meta name=\"twitter:label1\" content=\"Escrito por\" \/>\n\t<meta name=\"twitter:data1\" content=\"Reda\u00e7\u00e3o\" \/>\n\t<meta name=\"twitter:label2\" content=\"Est. tempo de leitura\" \/>\n\t<meta name=\"twitter:data2\" content=\"3 minutos\" \/>\n<script type=\"application\/ld+json\" class=\"yoast-schema-graph\">{\"@context\":\"https:\/\/schema.org\",\"@graph\":[{\"@type\":\"Article\",\"@id\":\"https:\/\/sudoesteacontece.com.br\/?p=29428#article\",\"isPartOf\":{\"@id\":\"https:\/\/sudoesteacontece.com.br\/?p=29428\"},\"author\":{\"name\":\"Reda\u00e7\u00e3o\",\"@id\":\"https:\/\/sudoesteacontece.com.br\/#\/schema\/person\/a4f22429c1d0923ef8f7d43343f8dc38\"},\"headline\":\"Cita\u00e7\u00f5es a Gonet em mensagens de Vorcaro aumentam press\u00e3o sobre PGR\",\"datePublished\":\"2026-09-04T15:39:32+00:00\",\"dateModified\":\"2026-09-04T15:39:38+00:00\",\"mainEntityOfPage\":{\"@id\":\"https:\/\/sudoesteacontece.com.br\/?p=29428\"},\"wordCount\":556,\"commentCount\":0,\"publisher\":{\"@id\":\"https:\/\/sudoesteacontece.com.br\/#organization\"},\"image\":{\"@id\":\"https:\/\/sudoesteacontece.com.br\/?p=29428#primaryimage\"},\"thumbnailUrl\":\"http:\/\/sudoesteacontece.com.br\/wp-content\/uploads\/2026\/09\/Servidores-da-PGR-relatam-tensao-e-ironizam-Gonet-em-grupos-de-WhatsApp-1024x679.jpg\",\"articleSection\":[\"Brasil\",\"Elei\u00e7\u00f5es 2026\",\"Justi\u00e7a\",\"Pol\u00edcia\",\"Pol\u00edtica\"],\"inLanguage\":\"pt-BR\",\"potentialAction\":[{\"@type\":\"CommentAction\",\"name\":\"Comment\",\"target\":[\"https:\/\/sudoesteacontece.com.br\/?p=29428#respond\"]}]},{\"@type\":\"WebPage\",\"@id\":\"https:\/\/sudoesteacontece.com.br\/?p=29428\",\"url\":\"https:\/\/sudoesteacontece.com.br\/?p=29428\",\"name\":\"Cita\u00e7\u00f5es a Gonet em mensagens de Vorcaro aumentam press\u00e3o sobre PGR - Sudoesteacontece\",\"isPartOf\":{\"@id\":\"https:\/\/sudoesteacontece.com.br\/#website\"},\"primaryImageOfPage\":{\"@id\":\"https:\/\/sudoesteacontece.com.br\/?p=29428#primaryimage\"},\"image\":{\"@id\":\"https:\/\/sudoesteacontece.com.br\/?p=29428#primaryimage\"},\"thumbnailUrl\":\"http:\/\/sudoesteacontece.com.br\/wp-content\/uploads\/2026\/09\/Servidores-da-PGR-relatam-tensao-e-ironizam-Gonet-em-grupos-de-WhatsApp-1024x679.jpg\",\"datePublished\":\"2026-09-04T15:39:32+00:00\",\"dateModified\":\"2026-09-04T15:39:38+00:00\",\"breadcrumb\":{\"@id\":\"https:\/\/sudoesteacontece.com.br\/?p=29428#breadcrumb\"},\"inLanguage\":\"pt-BR\",\"potentialAction\":[{\"@type\":\"ReadAction\",\"target\":[\"https:\/\/sudoesteacontece.com.br\/?p=29428\"]}]},{\"@type\":\"ImageObject\",\"inLanguage\":\"pt-BR\",\"@id\":\"https:\/\/sudoesteacontece.com.br\/?p=29428#primaryimage\",\"url\":\"https:\/\/sudoesteacontece.com.br\/wp-content\/uploads\/2026\/09\/Servidores-da-PGR-relatam-tensao-e-ironizam-Gonet-em-grupos-de-WhatsApp.jpg\",\"contentUrl\":\"https:\/\/sudoesteacontece.com.br\/wp-content\/uploads\/2026\/09\/Servidores-da-PGR-relatam-tensao-e-ironizam-Gonet-em-grupos-de-WhatsApp.jpg\",\"width\":1496,\"height\":992},{\"@type\":\"BreadcrumbList\",\"@id\":\"https:\/\/sudoesteacontece.com.br\/?p=29428#breadcrumb\",\"itemListElement\":[{\"@type\":\"ListItem\",\"position\":1,\"name\":\"In\u00edcio\",\"item\":\"https:\/\/sudoesteacontece.com.br\/\"},{\"@type\":\"ListItem\",\"position\":2,\"name\":\"Cita\u00e7\u00f5es a Gonet em mensagens de Vorcaro aumentam press\u00e3o sobre PGR\"}]},{\"@type\":\"WebSite\",\"@id\":\"https:\/\/sudoesteacontece.com.br\/#website\",\"url\":\"https:\/\/sudoesteacontece.com.br\/\",\"name\":\"Sudoesteacontece\",\"description\":\"\",\"publisher\":{\"@id\":\"https:\/\/sudoesteacontece.com.br\/#organization\"},\"potentialAction\":[{\"@type\":\"SearchAction\",\"target\":{\"@type\":\"EntryPoint\",\"urlTemplate\":\"https:\/\/sudoesteacontece.com.br\/?s={search_term_string}\"},\"query-input\":{\"@type\":\"PropertyValueSpecification\",\"valueRequired\":true,\"valueName\":\"search_term_string\"}}],\"inLanguage\":\"pt-BR\"},{\"@type\":\"Organization\",\"@id\":\"https:\/\/sudoesteacontece.com.br\/#organization\",\"name\":\"Sudoesteacontece\",\"url\":\"https:\/\/sudoesteacontece.com.br\/\",\"logo\":{\"@type\":\"ImageObject\",\"inLanguage\":\"pt-BR\",\"@id\":\"https:\/\/sudoesteacontece.com.br\/#\/schema\/logo\/image\/\",\"url\":\"https:\/\/sudoesteacontece.com.br\/wp-content\/uploads\/2025\/12\/cropped-logo-2-180x180-1.png\",\"contentUrl\":\"https:\/\/sudoesteacontece.com.br\/wp-content\/uploads\/2025\/12\/cropped-logo-2-180x180-1.png\",\"width\":180,\"height\":180,\"caption\":\"Sudoesteacontece\"},\"image\":{\"@id\":\"https:\/\/sudoesteacontece.com.br\/#\/schema\/logo\/image\/\"},\"sameAs\":[\"https:\/\/www.facebook.com\/sudoesteacontece\/?locale=pt_BR\"]},{\"@type\":\"Person\",\"@id\":\"https:\/\/sudoesteacontece.com.br\/#\/schema\/person\/a4f22429c1d0923ef8f7d43343f8dc38\",\"name\":\"Reda\u00e7\u00e3o\",\"image\":{\"@type\":\"ImageObject\",\"inLanguage\":\"pt-BR\",\"@id\":\"https:\/\/sudoesteacontece.com.br\/#\/schema\/person\/image\/\",\"url\":\"https:\/\/secure.gravatar.com\/avatar\/c3a5b3c93f268a709c25a2df414c629a96fb3b1b4bf97a94fb3f72e54ae76903?s=96&d=mm&r=g\",\"contentUrl\":\"https:\/\/secure.gravatar.com\/avatar\/c3a5b3c93f268a709c25a2df414c629a96fb3b1b4bf97a94fb3f72e54ae76903?s=96&d=mm&r=g\",\"caption\":\"Reda\u00e7\u00e3o\"},\"url\":\"https:\/\/sudoesteacontece.com.br\/?author=4\"}]}<\/script>\n<!-- \/ Yoast SEO plugin. -->","yoast_head_json":{"title":"Cita\u00e7\u00f5es a Gonet em mensagens de Vorcaro aumentam press\u00e3o sobre PGR - Sudoesteacontece","robots":{"index":"index","follow":"follow","max-snippet":"max-snippet:-1","max-image-preview":"max-image-preview:large","max-video-preview":"max-video-preview:-1"},"canonical":"https:\/\/sudoesteacontece.com.br\/?p=29428","og_locale":"pt_BR","og_type":"article","og_title":"Cita\u00e7\u00f5es a Gonet em mensagens de Vorcaro aumentam press\u00e3o sobre PGR - Sudoesteacontece","og_description":"Integrantes da c\u00fapula da Procuradoria-Geral da Rep\u00fablica avaliam que as men\u00e7\u00f5es ao procurador-geral Paulo Gonet em mensagens de Daniel Vorcaro exp\u00f5em a institui\u00e7\u00e3o a uma crise in\u00e9dita. Apesar do desconforto interno, os procuradores consideram que n\u00e3o h\u00e1, at\u00e9 o momento, elementos suficientes para transformar Gonet em alvo de investiga\u00e7\u00e3o. Entre os di\u00e1logos analisados pela Pol\u00edcia Federal, h\u00e1 mensagens em que o advogado Ciro Soares encaminha a Vorcaro conte\u00fados atribu\u00eddos a Gonet. Em outro trecho, o ent\u00e3o dono do Banco Master pede a um interlocutor que seria Alexandre de Moraes a atua\u00e7\u00e3o de \u201cAndrei e Paulo\u201d para barrar uma opera\u00e7\u00e3o contra a institui\u00e7\u00e3o. As refer\u00eancias seriam ao diretor-geral da PF, Andrei Rodrigues, e ao procurador-geral. Al\u00e9m disso, o filho de Gonet teria solicitado a Vorcaro participa\u00e7\u00e3o em um evento em Londres, com despesas custeadas pelo banqueiro. O procurador-geral foi procurado na quarta-feira (2) e na quinta-feira (3), mas n\u00e3o se manifestou. Em conversas com integrantes de sua equipe, Gonet negou proximidade com Vorcaro e afirmou que Moraes nunca pediu interfer\u00eancia em investiga\u00e7\u00f5es relacionadas ao Banco Master. Dentro da PGR, uma parcela dos procuradores defende que Gonet permane\u00e7a \u00e0 frente do caso. Para esse grupo, a participa\u00e7\u00e3o no evento londrino, que reuniu centenas de pessoas, n\u00e3o demonstraria rela\u00e7\u00e3o de intimidade com o banqueiro. A avalia\u00e7\u00e3o tamb\u00e9m considera que a presen\u00e7a de autoridades em eventos financiados por empres\u00e1rios ou institui\u00e7\u00f5es privadas \u00e9 frequente e, por si s\u00f3, n\u00e3o comprometeria a atua\u00e7\u00e3o profissional. Outra ala, por\u00e9m, entende que as refer\u00eancias reunidas no relat\u00f3rio da PF s\u00e3o suficientes para provocar d\u00favidas sobre eventual conflito de interesses. Nesse entendimento, o afastamento de Gonet poderia ser adotado como medida de prud\u00eancia e reduzir questionamentos sobre a condu\u00e7\u00e3o da investiga\u00e7\u00e3o. A preocupa\u00e7\u00e3o ganhou for\u00e7a diante da participa\u00e7\u00e3o de Moraes no epis\u00f3dio e da dimens\u00e3o das apura\u00e7\u00f5es. Nos bastidores, procuradores passaram a discutir se o Conselho Superior do Minist\u00e9rio P\u00fablico Federal deve analisar o assunto. O \u00f3rg\u00e3o \u00e9 respons\u00e1vel por promo\u00e7\u00f5es na carreira, processos administrativos e normas de atua\u00e7\u00e3o da institui\u00e7\u00e3o. Eventuais medidas relacionadas a ocupantes dos postos mais altos da Procuradoria tamb\u00e9m envolvem regras espec\u00edficas, enquanto a responsabiliza\u00e7\u00e3o por crime de responsabilidade passa pelo Senado. Atualmente, o vice-presidente do Conselho Superior do MPF \u00e9 Nicolau Dino, irm\u00e3o do ministro do STF Fl\u00e1vio Dino. Caso considere necess\u00e1rio, ele poder\u00e1 convocar uma sess\u00e3o colegiada para discutir o epis\u00f3dio. A avalia\u00e7\u00e3o sobre eventual suspei\u00e7\u00e3o, entretanto, divide integrantes da institui\u00e7\u00e3o, que divergem sobre a exist\u00eancia de elementos capazes de comprometer a atua\u00e7\u00e3o de Gonet. Por fim, a Pol\u00edcia Federal aponta que a interlocu\u00e7\u00e3o entre Gonet e Vorcaro ocorreu inicialmente por meio do advogado Ciro Soares, em abril de 2024. Na ocasi\u00e3o, segundo o relat\u00f3rio, Soares enviou mensagens ao banqueiro mencionando Gonet e afirmou que o procurador-geral era \u201cfirme\u201d. Um interlocutor de Gonet tamb\u00e9m afirma que o PGR n\u00e3o mantinha o n\u00famero de Vorcaro salvo no pr\u00f3prio celular.","og_url":"https:\/\/sudoesteacontece.com.br\/?p=29428","og_site_name":"Sudoesteacontece","article_publisher":"https:\/\/www.facebook.com\/sudoesteacontece\/?locale=pt_BR","article_published_time":"2026-09-04T15:39:32+00:00","article_modified_time":"2026-09-04T15:39:38+00:00","og_image":[{"width":1496,"height":992,"url":"https:\/\/sudoesteacontece.com.br\/wp-content\/uploads\/2026\/09\/Servidores-da-PGR-relatam-tensao-e-ironizam-Gonet-em-grupos-de-WhatsApp.jpg","type":"image\/jpeg"}],"author":"Reda\u00e7\u00e3o","twitter_card":"summary_large_image","twitter_misc":{"Escrito por":"Reda\u00e7\u00e3o","Est. tempo de leitura":"3 minutos"},"schema":{"@context":"https:\/\/schema.org","@graph":[{"@type":"Article","@id":"https:\/\/sudoesteacontece.com.br\/?p=29428#article","isPartOf":{"@id":"https:\/\/sudoesteacontece.com.br\/?p=29428"},"author":{"name":"Reda\u00e7\u00e3o","@id":"https:\/\/sudoesteacontece.com.br\/#\/schema\/person\/a4f22429c1d0923ef8f7d43343f8dc38"},"headline":"Cita\u00e7\u00f5es a Gonet em mensagens de Vorcaro aumentam press\u00e3o sobre PGR","datePublished":"2026-09-04T15:39:32+00:00","dateModified":"2026-09-04T15:39:38+00:00","mainEntityOfPage":{"@id":"https:\/\/sudoesteacontece.com.br\/?p=29428"},"wordCount":556,"commentCount":0,"publisher":{"@id":"https:\/\/sudoesteacontece.com.br\/#organization"},"image":{"@id":"https:\/\/sudoesteacontece.com.br\/?p=29428#primaryimage"},"thumbnailUrl":"http:\/\/sudoesteacontece.com.br\/wp-content\/uploads\/2026\/09\/Servidores-da-PGR-relatam-tensao-e-ironizam-Gonet-em-grupos-de-WhatsApp-1024x679.jpg","articleSection":["Brasil","Elei\u00e7\u00f5es 2026","Justi\u00e7a","Pol\u00edcia","Pol\u00edtica"],"inLanguage":"pt-BR","potentialAction":[{"@type":"CommentAction","name":"Comment","target":["https:\/\/sudoesteacontece.com.br\/?p=29428#respond"]}]},{"@type":"WebPage","@id":"https:\/\/sudoesteacontece.com.br\/?p=29428","url":"https:\/\/sudoesteacontece.com.br\/?p=29428","name":"Cita\u00e7\u00f5es a Gonet em mensagens de Vorcaro aumentam press\u00e3o sobre PGR - Sudoesteacontece","isPartOf":{"@id":"https:\/\/sudoesteacontece.com.br\/#website"},"primaryImageOfPage":{"@id":"https:\/\/sudoesteacontece.com.br\/?p=29428#primaryimage"},"image":{"@id":"https:\/\/sudoesteacontece.com.br\/?p=29428#primaryimage"},"thumbnailUrl":"http:\/\/sudoesteacontece.com.br\/wp-content\/uploads\/2026\/09\/Servidores-da-PGR-relatam-tensao-e-ironizam-Gonet-em-grupos-de-WhatsApp-1024x679.jpg","datePublished":"2026-09-04T15:39:32+00:00","dateModified":"2026-09-04T15:39:38+00:00","breadcrumb":{"@id":"https:\/\/sudoesteacontece.com.br\/?p=29428#breadcrumb"},"inLanguage":"pt-BR","potentialAction":[{"@type":"ReadAction","target":["https:\/\/sudoesteacontece.com.br\/?p=29428"]}]},{"@type":"ImageObject","inLanguage":"pt-BR","@id":"https:\/\/sudoesteacontece.com.br\/?p=29428#primaryimage","url":"https:\/\/sudoesteacontece.com.br\/wp-content\/uploads\/2026\/09\/Servidores-da-PGR-relatam-tensao-e-ironizam-Gonet-em-grupos-de-WhatsApp.jpg","contentUrl":"https:\/\/sudoesteacontece.com.br\/wp-content\/uploads\/2026\/09\/Servidores-da-PGR-relatam-tensao-e-ironizam-Gonet-em-grupos-de-WhatsApp.jpg","width":1496,"height":992},{"@type":"BreadcrumbList","@id":"https:\/\/sudoesteacontece.com.br\/?p=29428#breadcrumb","itemListElement":[{"@type":"ListItem","position":1,"name":"In\u00edcio","item":"https:\/\/sudoesteacontece.com.br\/"},{"@type":"ListItem","position":2,"name":"Cita\u00e7\u00f5es a Gonet em mensagens de Vorcaro aumentam press\u00e3o sobre PGR"}]},{"@type":"WebSite","@id":"https:\/\/sudoesteacontece.com.br\/#website","url":"https:\/\/sudoesteacontece.com.br\/","name":"Sudoesteacontece","description":"","publisher":{"@id":"https:\/\/sudoesteacontece.com.br\/#organization"},"potentialAction":[{"@type":"SearchAction","target":{"@type":"EntryPoint","urlTemplate":"https:\/\/sudoesteacontece.com.br\/?s={search_term_string}"},"query-input":{"@type":"PropertyValueSpecification","valueRequired":true,"valueName":"search_term_string"}}],"inLanguage":"pt-BR"},{"@type":"Organization","@id":"https:\/\/sudoesteacontece.com.br\/#organization","name":"Sudoesteacontece","url":"https:\/\/sudoesteacontece.com.br\/","logo":{"@type":"ImageObject","inLanguage":"pt-BR","@id":"https:\/\/sudoesteacontece.com.br\/#\/schema\/logo\/image\/","url":"https:\/\/sudoesteacontece.com.br\/wp-content\/uploads\/2025\/12\/cropped-logo-2-180x180-1.png","contentUrl":"https:\/\/sudoesteacontece.com.br\/wp-content\/uploads\/2025\/12\/cropped-logo-2-180x180-1.png","width":180,"height":180,"caption":"Sudoesteacontece"},"image":{"@id":"https:\/\/sudoesteacontece.com.br\/#\/schema\/logo\/image\/"},"sameAs":["https:\/\/www.facebook.com\/sudoesteacontece\/?locale=pt_BR"]},{"@type":"Person","@id":"https:\/\/sudoesteacontece.com.br\/#\/schema\/person\/a4f22429c1d0923ef8f7d43343f8dc38","name":"Reda\u00e7\u00e3o","image":{"@type":"ImageObject","inLanguage":"pt-BR","@id":"https:\/\/sudoesteacontece.com.br\/#\/schema\/person\/image\/","url":"https:\/\/secure.gravatar.com\/avatar\/c3a5b3c93f268a709c25a2df414c629a96fb3b1b4bf97a94fb3f72e54ae76903?s=96&d=mm&r=g","contentUrl":"https:\/\/secure.gravatar.com\/avatar\/c3a5b3c93f268a709c25a2df414c629a96fb3b1b4bf97a94fb3f72e54ae76903?s=96&d=mm&r=g","caption":"Reda\u00e7\u00e3o"},"url":"https:\/\/sudoesteacontece.com.br\/?author=4"}]}},"_links":{"self":[{"href":"https:\/\/sudoesteacontece.com.br\/index.php?rest_route=\/wp\/v2\/posts\/29428","targetHints":{"allow":["GET"]}}],"collection":[{"href":"https:\/\/sudoesteacontece.com.br\/index.php?rest_route=\/wp\/v2\/posts"}],"about":[{"href":"https:\/\/sudoesteacontece.com.br\/index.php?rest_route=\/wp\/v2\/types\/post"}],"author":[{"embeddable":true,"href":"https:\/\/sudoesteacontece.com.br\/index.php?rest_route=\/wp\/v2\/users\/4"}],"replies":[{"embeddable":true,"href":"https:\/\/sudoesteacontece.com.br\/index.php?rest_route=%2Fwp%2Fv2%2Fcomments&post=29428"}],"version-history":[{"count":1,"href":"https:\/\/sudoesteacontece.com.br\/index.php?rest_route=\/wp\/v2\/posts\/29428\/revisions"}],"predecessor-version":[{"id":29487,"href":"https:\/\/sudoesteacontece.com.br\/index.php?rest_route=\/wp\/v2\/posts\/29428\/revisions\/29487"}],"wp:attachment":[{"href":"https:\/\/sudoesteacontece.com.br\/index.php?rest_route=%2Fwp%2Fv2%2Fmedia&parent=29428"}],"wp:term":[{"taxonomy":"category","embeddable":true,"href":"https:\/\/sudoesteacontece.com.br\/index.php?rest_route=%2Fwp%2Fv2%2Fcategories&post=29428"},{"taxonomy":"post_tag","embeddable":true,"href":"https:\/\/sudoesteacontece.com.br\/index.php?rest_route=%2Fwp%2Fv2%2Ftags&post=29428"}],"curies":[{"name":"wp","href":"https:\/\/api.w.org\/{rel}","templated":true}]}}