{"id":29430,"date":"2026-09-04T12:40:24","date_gmt":"2026-09-04T15:40:24","guid":{"rendered":"https:\/\/sudoesteacontece.com.br\/?p=29430"},"modified":"2026-09-04T12:40:30","modified_gmt":"2026-09-04T15:40:30","slug":"pm-apreende-252-gramas-de-maconha-durante-acao-em-bom-jesus-da-lapa","status":"publish","type":"post","link":"https:\/\/sudoesteacontece.com.br\/?p=29430","title":{"rendered":"PM apreende 252 gramas de maconha durante a\u00e7\u00e3o em Bom Jesus da Lapa"},"content":{"rendered":"\n<figure class=\"wp-block-image size-full\"><img fetchpriority=\"high\" decoding=\"async\" width=\"900\" height=\"600\" src=\"http:\/\/sudoesteacontece.com.br\/wp-content\/uploads\/2026\/09\/PM-apreende-252-gramas-de-maconha-durante-acao-em-Bom-Jesus-da-Lapa.jpg\" alt=\"\" class=\"wp-image-29466\" srcset=\"https:\/\/sudoesteacontece.com.br\/wp-content\/uploads\/2026\/09\/PM-apreende-252-gramas-de-maconha-durante-acao-em-Bom-Jesus-da-Lapa.jpg 900w, https:\/\/sudoesteacontece.com.br\/wp-content\/uploads\/2026\/09\/PM-apreende-252-gramas-de-maconha-durante-acao-em-Bom-Jesus-da-Lapa-300x200.jpg 300w, https:\/\/sudoesteacontece.com.br\/wp-content\/uploads\/2026\/09\/PM-apreende-252-gramas-de-maconha-durante-acao-em-Bom-Jesus-da-Lapa-768x512.jpg 768w\" sizes=\"(max-width: 900px) 100vw, 900px\" \/><\/figure>\n\n\n\n<p class=\"wp-block-paragraph\">A Pol\u00edcia Militar apreendeu aproximadamente 252 gramas de uma subst\u00e2ncia semelhante \u00e0 maconha na manh\u00e3 desta quinta-feira (3), no bairro Jo\u00e3o Paulo II, em Bom Jesus da Lapa. Um homem foi conduzido \u00e0 delegacia ap\u00f3s a a\u00e7\u00e3o realizada por policiais da 38\u00aa Companhia Independente de Pol\u00edcia Militar (CIPM). A ocorr\u00eancia come\u00e7ou por volta das 9h, ap\u00f3s uma den\u00fancia sobre poss\u00edvel tr\u00e1fico em uma resid\u00eancia da Rua S\u00e3o Joaquim.<\/p>\n\n\n\n<p class=\"wp-block-paragraph\">Segundo a PM, os policiais foram at\u00e9 o im\u00f3vel indicado na den\u00fancia e abordaram um homem que estava no local. Durante a abordagem, ele informou que mantinha entorpecente e uma balan\u00e7a de precis\u00e3o no quarto. Ap\u00f3s autorizar a realiza\u00e7\u00e3o da busca, a equipe encontrou a subst\u00e2ncia e outros objetos durante a verifica\u00e7\u00e3o do c\u00f4modo.<\/p>\n\n\n\n<p class=\"wp-block-paragraph\">Al\u00e9m da droga, os policiais localizaram uma balan\u00e7a de precis\u00e3o, embalagens utilizadas para acondicionamento, R$ 40 em esp\u00e9cie, uma m\u00e1scara e um aparelho celular. O material foi recolhido e apresentado junto com o suspeito para os procedimentos previstos. A quantidade apreendida foi estimada em aproximadamente 252 gramas.<\/p>\n\n\n\n<p class=\"wp-block-paragraph\">Na sequ\u00eancia, o homem e todos os itens encontrados durante a a\u00e7\u00e3o foram encaminhados \u00e0 Delegacia Territorial de Bom Jesus da Lapa. A ocorr\u00eancia foi apresentada \u00e0 autoridade policial, que dever\u00e1 adotar as medidas cab\u00edveis conforme o caso. A Pol\u00edcia Militar n\u00e3o informou outros detalhes sobre a investiga\u00e7\u00e3o relacionada \u00e0 den\u00fancia.<\/p>\n","protected":false},"excerpt":{"rendered":"<p>A Pol\u00edcia Militar apreendeu aproximadamente 252 gramas de uma subst\u00e2ncia semelhante \u00e0 maconha na manh\u00e3 desta quinta-feira (3), no bairro Jo\u00e3o Paulo II, em Bom Jesus da Lapa. Um homem foi conduzido \u00e0 delegacia ap\u00f3s a a\u00e7\u00e3o realizada por policiais da 38\u00aa Companhia Independente de Pol\u00edcia Militar (CIPM). A ocorr\u00eancia come\u00e7ou por volta das 9h, ap\u00f3s uma den\u00fancia sobre poss\u00edvel tr\u00e1fico em uma resid\u00eancia da Rua S\u00e3o Joaquim. Segundo a PM, os policiais foram at\u00e9 o im\u00f3vel indicado na den\u00fancia e abordaram um homem que estava no local. Durante a abordagem, ele informou que mantinha entorpecente e uma balan\u00e7a de precis\u00e3o no quarto. Ap\u00f3s autorizar a realiza\u00e7\u00e3o da busca, a equipe encontrou a subst\u00e2ncia e outros objetos durante a verifica\u00e7\u00e3o do c\u00f4modo. Al\u00e9m da droga, os policiais localizaram uma balan\u00e7a de precis\u00e3o, embalagens utilizadas para acondicionamento, R$ 40 em esp\u00e9cie, uma m\u00e1scara e um aparelho celular. O material foi recolhido e apresentado junto com o suspeito para os procedimentos previstos. A quantidade apreendida foi estimada em aproximadamente 252 gramas. Na sequ\u00eancia, o homem e todos os itens encontrados durante a a\u00e7\u00e3o foram encaminhados \u00e0 Delegacia Territorial de Bom Jesus da Lapa. A ocorr\u00eancia foi apresentada \u00e0 autoridade policial, que dever\u00e1 adotar as medidas cab\u00edveis conforme o caso. A Pol\u00edcia Militar n\u00e3o informou outros detalhes sobre a investiga\u00e7\u00e3o relacionada \u00e0 den\u00fancia.<\/p>\n","protected":false},"author":4,"featured_media":0,"comment_status":"open","ping_status":"open","sticky":false,"template":"","format":"standard","meta":{"footnotes":""},"categories":[54,3],"tags":[],"class_list":["post-29430","post","type-post","status-publish","format-standard","hentry","category-bom-jesus-da-lapa","category-policia"],"yoast_head":"<!-- This site is optimized with the Yoast SEO plugin v26.5 - https:\/\/yoast.com\/wordpress\/plugins\/seo\/ -->\n<title>PM apreende 252 gramas de maconha durante a\u00e7\u00e3o em Bom Jesus da Lapa - Sudoesteacontece<\/title>\n<meta name=\"robots\" content=\"index, follow, max-snippet:-1, max-image-preview:large, max-video-preview:-1\" \/>\n<link rel=\"canonical\" href=\"https:\/\/sudoesteacontece.com.br\/?p=29430\" \/>\n<meta property=\"og:locale\" content=\"pt_BR\" \/>\n<meta property=\"og:type\" content=\"article\" \/>\n<meta property=\"og:title\" content=\"PM apreende 252 gramas de maconha durante a\u00e7\u00e3o em Bom Jesus da Lapa - Sudoesteacontece\" \/>\n<meta property=\"og:description\" content=\"A Pol\u00edcia Militar apreendeu aproximadamente 252 gramas de uma subst\u00e2ncia semelhante \u00e0 maconha na manh\u00e3 desta quinta-feira (3), no bairro Jo\u00e3o Paulo II, em Bom Jesus da Lapa. Um homem foi conduzido \u00e0 delegacia ap\u00f3s a a\u00e7\u00e3o realizada por policiais da 38\u00aa Companhia Independente de Pol\u00edcia Militar (CIPM). A ocorr\u00eancia come\u00e7ou por volta das 9h, ap\u00f3s uma den\u00fancia sobre poss\u00edvel tr\u00e1fico em uma resid\u00eancia da Rua S\u00e3o Joaquim. Segundo a PM, os policiais foram at\u00e9 o im\u00f3vel indicado na den\u00fancia e abordaram um homem que estava no local. Durante a abordagem, ele informou que mantinha entorpecente e uma balan\u00e7a de precis\u00e3o no quarto. Ap\u00f3s autorizar a realiza\u00e7\u00e3o da busca, a equipe encontrou a subst\u00e2ncia e outros objetos durante a verifica\u00e7\u00e3o do c\u00f4modo. Al\u00e9m da droga, os policiais localizaram uma balan\u00e7a de precis\u00e3o, embalagens utilizadas para acondicionamento, R$ 40 em esp\u00e9cie, uma m\u00e1scara e um aparelho celular. O material foi recolhido e apresentado junto com o suspeito para os procedimentos previstos. A quantidade apreendida foi estimada em aproximadamente 252 gramas. Na sequ\u00eancia, o homem e todos os itens encontrados durante a a\u00e7\u00e3o foram encaminhados \u00e0 Delegacia Territorial de Bom Jesus da Lapa. A ocorr\u00eancia foi apresentada \u00e0 autoridade policial, que dever\u00e1 adotar as medidas cab\u00edveis conforme o caso. A Pol\u00edcia Militar n\u00e3o informou outros detalhes sobre a investiga\u00e7\u00e3o relacionada \u00e0 den\u00fancia.\" \/>\n<meta property=\"og:url\" content=\"https:\/\/sudoesteacontece.com.br\/?p=29430\" \/>\n<meta property=\"og:site_name\" content=\"Sudoesteacontece\" \/>\n<meta property=\"article:publisher\" content=\"https:\/\/www.facebook.com\/sudoesteacontece\/?locale=pt_BR\" \/>\n<meta property=\"article:published_time\" content=\"2026-09-04T15:40:24+00:00\" \/>\n<meta property=\"article:modified_time\" content=\"2026-09-04T15:40:30+00:00\" \/>\n<meta property=\"og:image\" content=\"https:\/\/sudoesteacontece.com.br\/wp-content\/uploads\/2026\/09\/PM-apreende-252-gramas-de-maconha-durante-acao-em-Bom-Jesus-da-Lapa.jpg\" \/>\n\t<meta property=\"og:image:width\" content=\"900\" \/>\n\t<meta property=\"og:image:height\" content=\"600\" \/>\n\t<meta property=\"og:image:type\" content=\"image\/jpeg\" \/>\n<meta name=\"author\" content=\"Reda\u00e7\u00e3o\" \/>\n<meta name=\"twitter:card\" content=\"summary_large_image\" \/>\n<meta name=\"twitter:label1\" content=\"Escrito por\" \/>\n\t<meta name=\"twitter:data1\" content=\"Reda\u00e7\u00e3o\" \/>\n\t<meta name=\"twitter:label2\" content=\"Est. tempo de leitura\" \/>\n\t<meta name=\"twitter:data2\" content=\"2 minutos\" \/>\n<script type=\"application\/ld+json\" class=\"yoast-schema-graph\">{\"@context\":\"https:\/\/schema.org\",\"@graph\":[{\"@type\":\"Article\",\"@id\":\"https:\/\/sudoesteacontece.com.br\/?p=29430#article\",\"isPartOf\":{\"@id\":\"https:\/\/sudoesteacontece.com.br\/?p=29430\"},\"author\":{\"name\":\"Reda\u00e7\u00e3o\",\"@id\":\"https:\/\/sudoesteacontece.com.br\/#\/schema\/person\/a4f22429c1d0923ef8f7d43343f8dc38\"},\"headline\":\"PM apreende 252 gramas de maconha durante a\u00e7\u00e3o em Bom Jesus da Lapa\",\"datePublished\":\"2026-09-04T15:40:24+00:00\",\"dateModified\":\"2026-09-04T15:40:30+00:00\",\"mainEntityOfPage\":{\"@id\":\"https:\/\/sudoesteacontece.com.br\/?p=29430\"},\"wordCount\":259,\"commentCount\":0,\"publisher\":{\"@id\":\"https:\/\/sudoesteacontece.com.br\/#organization\"},\"image\":{\"@id\":\"https:\/\/sudoesteacontece.com.br\/?p=29430#primaryimage\"},\"thumbnailUrl\":\"http:\/\/sudoesteacontece.com.br\/wp-content\/uploads\/2026\/09\/PM-apreende-252-gramas-de-maconha-durante-acao-em-Bom-Jesus-da-Lapa.jpg\",\"articleSection\":[\"Bom Jesus da Lapa\",\"Pol\u00edcia\"],\"inLanguage\":\"pt-BR\",\"potentialAction\":[{\"@type\":\"CommentAction\",\"name\":\"Comment\",\"target\":[\"https:\/\/sudoesteacontece.com.br\/?p=29430#respond\"]}]},{\"@type\":\"WebPage\",\"@id\":\"https:\/\/sudoesteacontece.com.br\/?p=29430\",\"url\":\"https:\/\/sudoesteacontece.com.br\/?p=29430\",\"name\":\"PM apreende 252 gramas de maconha durante a\u00e7\u00e3o em Bom Jesus da Lapa - Sudoesteacontece\",\"isPartOf\":{\"@id\":\"https:\/\/sudoesteacontece.com.br\/#website\"},\"primaryImageOfPage\":{\"@id\":\"https:\/\/sudoesteacontece.com.br\/?p=29430#primaryimage\"},\"image\":{\"@id\":\"https:\/\/sudoesteacontece.com.br\/?p=29430#primaryimage\"},\"thumbnailUrl\":\"http:\/\/sudoesteacontece.com.br\/wp-content\/uploads\/2026\/09\/PM-apreende-252-gramas-de-maconha-durante-acao-em-Bom-Jesus-da-Lapa.jpg\",\"datePublished\":\"2026-09-04T15:40:24+00:00\",\"dateModified\":\"2026-09-04T15:40:30+00:00\",\"breadcrumb\":{\"@id\":\"https:\/\/sudoesteacontece.com.br\/?p=29430#breadcrumb\"},\"inLanguage\":\"pt-BR\",\"potentialAction\":[{\"@type\":\"ReadAction\",\"target\":[\"https:\/\/sudoesteacontece.com.br\/?p=29430\"]}]},{\"@type\":\"ImageObject\",\"inLanguage\":\"pt-BR\",\"@id\":\"https:\/\/sudoesteacontece.com.br\/?p=29430#primaryimage\",\"url\":\"https:\/\/sudoesteacontece.com.br\/wp-content\/uploads\/2026\/09\/PM-apreende-252-gramas-de-maconha-durante-acao-em-Bom-Jesus-da-Lapa.jpg\",\"contentUrl\":\"https:\/\/sudoesteacontece.com.br\/wp-content\/uploads\/2026\/09\/PM-apreende-252-gramas-de-maconha-durante-acao-em-Bom-Jesus-da-Lapa.jpg\",\"width\":900,\"height\":600},{\"@type\":\"BreadcrumbList\",\"@id\":\"https:\/\/sudoesteacontece.com.br\/?p=29430#breadcrumb\",\"itemListElement\":[{\"@type\":\"ListItem\",\"position\":1,\"name\":\"In\u00edcio\",\"item\":\"https:\/\/sudoesteacontece.com.br\/\"},{\"@type\":\"ListItem\",\"position\":2,\"name\":\"PM apreende 252 gramas de maconha durante a\u00e7\u00e3o em Bom Jesus da Lapa\"}]},{\"@type\":\"WebSite\",\"@id\":\"https:\/\/sudoesteacontece.com.br\/#website\",\"url\":\"https:\/\/sudoesteacontece.com.br\/\",\"name\":\"Sudoesteacontece\",\"description\":\"\",\"publisher\":{\"@id\":\"https:\/\/sudoesteacontece.com.br\/#organization\"},\"potentialAction\":[{\"@type\":\"SearchAction\",\"target\":{\"@type\":\"EntryPoint\",\"urlTemplate\":\"https:\/\/sudoesteacontece.com.br\/?s={search_term_string}\"},\"query-input\":{\"@type\":\"PropertyValueSpecification\",\"valueRequired\":true,\"valueName\":\"search_term_string\"}}],\"inLanguage\":\"pt-BR\"},{\"@type\":\"Organization\",\"@id\":\"https:\/\/sudoesteacontece.com.br\/#organization\",\"name\":\"Sudoesteacontece\",\"url\":\"https:\/\/sudoesteacontece.com.br\/\",\"logo\":{\"@type\":\"ImageObject\",\"inLanguage\":\"pt-BR\",\"@id\":\"https:\/\/sudoesteacontece.com.br\/#\/schema\/logo\/image\/\",\"url\":\"https:\/\/sudoesteacontece.com.br\/wp-content\/uploads\/2025\/12\/cropped-logo-2-180x180-1.png\",\"contentUrl\":\"https:\/\/sudoesteacontece.com.br\/wp-content\/uploads\/2025\/12\/cropped-logo-2-180x180-1.png\",\"width\":180,\"height\":180,\"caption\":\"Sudoesteacontece\"},\"image\":{\"@id\":\"https:\/\/sudoesteacontece.com.br\/#\/schema\/logo\/image\/\"},\"sameAs\":[\"https:\/\/www.facebook.com\/sudoesteacontece\/?locale=pt_BR\"]},{\"@type\":\"Person\",\"@id\":\"https:\/\/sudoesteacontece.com.br\/#\/schema\/person\/a4f22429c1d0923ef8f7d43343f8dc38\",\"name\":\"Reda\u00e7\u00e3o\",\"image\":{\"@type\":\"ImageObject\",\"inLanguage\":\"pt-BR\",\"@id\":\"https:\/\/sudoesteacontece.com.br\/#\/schema\/person\/image\/\",\"url\":\"https:\/\/secure.gravatar.com\/avatar\/c3a5b3c93f268a709c25a2df414c629a96fb3b1b4bf97a94fb3f72e54ae76903?s=96&d=mm&r=g\",\"contentUrl\":\"https:\/\/secure.gravatar.com\/avatar\/c3a5b3c93f268a709c25a2df414c629a96fb3b1b4bf97a94fb3f72e54ae76903?s=96&d=mm&r=g\",\"caption\":\"Reda\u00e7\u00e3o\"},\"url\":\"https:\/\/sudoesteacontece.com.br\/?author=4\"}]}<\/script>\n<!-- \/ Yoast SEO plugin. -->","yoast_head_json":{"title":"PM apreende 252 gramas de maconha durante a\u00e7\u00e3o em Bom Jesus da Lapa - Sudoesteacontece","robots":{"index":"index","follow":"follow","max-snippet":"max-snippet:-1","max-image-preview":"max-image-preview:large","max-video-preview":"max-video-preview:-1"},"canonical":"https:\/\/sudoesteacontece.com.br\/?p=29430","og_locale":"pt_BR","og_type":"article","og_title":"PM apreende 252 gramas de maconha durante a\u00e7\u00e3o em Bom Jesus da Lapa - Sudoesteacontece","og_description":"A Pol\u00edcia Militar apreendeu aproximadamente 252 gramas de uma subst\u00e2ncia semelhante \u00e0 maconha na manh\u00e3 desta quinta-feira (3), no bairro Jo\u00e3o Paulo II, em Bom Jesus da Lapa. Um homem foi conduzido \u00e0 delegacia ap\u00f3s a a\u00e7\u00e3o realizada por policiais da 38\u00aa Companhia Independente de Pol\u00edcia Militar (CIPM). A ocorr\u00eancia come\u00e7ou por volta das 9h, ap\u00f3s uma den\u00fancia sobre poss\u00edvel tr\u00e1fico em uma resid\u00eancia da Rua S\u00e3o Joaquim. Segundo a PM, os policiais foram at\u00e9 o im\u00f3vel indicado na den\u00fancia e abordaram um homem que estava no local. Durante a abordagem, ele informou que mantinha entorpecente e uma balan\u00e7a de precis\u00e3o no quarto. Ap\u00f3s autorizar a realiza\u00e7\u00e3o da busca, a equipe encontrou a subst\u00e2ncia e outros objetos durante a verifica\u00e7\u00e3o do c\u00f4modo. Al\u00e9m da droga, os policiais localizaram uma balan\u00e7a de precis\u00e3o, embalagens utilizadas para acondicionamento, R$ 40 em esp\u00e9cie, uma m\u00e1scara e um aparelho celular. O material foi recolhido e apresentado junto com o suspeito para os procedimentos previstos. A quantidade apreendida foi estimada em aproximadamente 252 gramas. Na sequ\u00eancia, o homem e todos os itens encontrados durante a a\u00e7\u00e3o foram encaminhados \u00e0 Delegacia Territorial de Bom Jesus da Lapa. A ocorr\u00eancia foi apresentada \u00e0 autoridade policial, que dever\u00e1 adotar as medidas cab\u00edveis conforme o caso. A Pol\u00edcia Militar n\u00e3o informou outros detalhes sobre a investiga\u00e7\u00e3o relacionada \u00e0 den\u00fancia.","og_url":"https:\/\/sudoesteacontece.com.br\/?p=29430","og_site_name":"Sudoesteacontece","article_publisher":"https:\/\/www.facebook.com\/sudoesteacontece\/?locale=pt_BR","article_published_time":"2026-09-04T15:40:24+00:00","article_modified_time":"2026-09-04T15:40:30+00:00","og_image":[{"width":900,"height":600,"url":"https:\/\/sudoesteacontece.com.br\/wp-content\/uploads\/2026\/09\/PM-apreende-252-gramas-de-maconha-durante-acao-em-Bom-Jesus-da-Lapa.jpg","type":"image\/jpeg"}],"author":"Reda\u00e7\u00e3o","twitter_card":"summary_large_image","twitter_misc":{"Escrito por":"Reda\u00e7\u00e3o","Est. tempo de leitura":"2 minutos"},"schema":{"@context":"https:\/\/schema.org","@graph":[{"@type":"Article","@id":"https:\/\/sudoesteacontece.com.br\/?p=29430#article","isPartOf":{"@id":"https:\/\/sudoesteacontece.com.br\/?p=29430"},"author":{"name":"Reda\u00e7\u00e3o","@id":"https:\/\/sudoesteacontece.com.br\/#\/schema\/person\/a4f22429c1d0923ef8f7d43343f8dc38"},"headline":"PM apreende 252 gramas de maconha durante a\u00e7\u00e3o em Bom Jesus da Lapa","datePublished":"2026-09-04T15:40:24+00:00","dateModified":"2026-09-04T15:40:30+00:00","mainEntityOfPage":{"@id":"https:\/\/sudoesteacontece.com.br\/?p=29430"},"wordCount":259,"commentCount":0,"publisher":{"@id":"https:\/\/sudoesteacontece.com.br\/#organization"},"image":{"@id":"https:\/\/sudoesteacontece.com.br\/?p=29430#primaryimage"},"thumbnailUrl":"http:\/\/sudoesteacontece.com.br\/wp-content\/uploads\/2026\/09\/PM-apreende-252-gramas-de-maconha-durante-acao-em-Bom-Jesus-da-Lapa.jpg","articleSection":["Bom Jesus da Lapa","Pol\u00edcia"],"inLanguage":"pt-BR","potentialAction":[{"@type":"CommentAction","name":"Comment","target":["https:\/\/sudoesteacontece.com.br\/?p=29430#respond"]}]},{"@type":"WebPage","@id":"https:\/\/sudoesteacontece.com.br\/?p=29430","url":"https:\/\/sudoesteacontece.com.br\/?p=29430","name":"PM apreende 252 gramas de maconha durante a\u00e7\u00e3o em Bom Jesus da Lapa - Sudoesteacontece","isPartOf":{"@id":"https:\/\/sudoesteacontece.com.br\/#website"},"primaryImageOfPage":{"@id":"https:\/\/sudoesteacontece.com.br\/?p=29430#primaryimage"},"image":{"@id":"https:\/\/sudoesteacontece.com.br\/?p=29430#primaryimage"},"thumbnailUrl":"http:\/\/sudoesteacontece.com.br\/wp-content\/uploads\/2026\/09\/PM-apreende-252-gramas-de-maconha-durante-acao-em-Bom-Jesus-da-Lapa.jpg","datePublished":"2026-09-04T15:40:24+00:00","dateModified":"2026-09-04T15:40:30+00:00","breadcrumb":{"@id":"https:\/\/sudoesteacontece.com.br\/?p=29430#breadcrumb"},"inLanguage":"pt-BR","potentialAction":[{"@type":"ReadAction","target":["https:\/\/sudoesteacontece.com.br\/?p=29430"]}]},{"@type":"ImageObject","inLanguage":"pt-BR","@id":"https:\/\/sudoesteacontece.com.br\/?p=29430#primaryimage","url":"https:\/\/sudoesteacontece.com.br\/wp-content\/uploads\/2026\/09\/PM-apreende-252-gramas-de-maconha-durante-acao-em-Bom-Jesus-da-Lapa.jpg","contentUrl":"https:\/\/sudoesteacontece.com.br\/wp-content\/uploads\/2026\/09\/PM-apreende-252-gramas-de-maconha-durante-acao-em-Bom-Jesus-da-Lapa.jpg","width":900,"height":600},{"@type":"BreadcrumbList","@id":"https:\/\/sudoesteacontece.com.br\/?p=29430#breadcrumb","itemListElement":[{"@type":"ListItem","position":1,"name":"In\u00edcio","item":"https:\/\/sudoesteacontece.com.br\/"},{"@type":"ListItem","position":2,"name":"PM apreende 252 gramas de maconha durante a\u00e7\u00e3o em Bom Jesus da Lapa"}]},{"@type":"WebSite","@id":"https:\/\/sudoesteacontece.com.br\/#website","url":"https:\/\/sudoesteacontece.com.br\/","name":"Sudoesteacontece","description":"","publisher":{"@id":"https:\/\/sudoesteacontece.com.br\/#organization"},"potentialAction":[{"@type":"SearchAction","target":{"@type":"EntryPoint","urlTemplate":"https:\/\/sudoesteacontece.com.br\/?s={search_term_string}"},"query-input":{"@type":"PropertyValueSpecification","valueRequired":true,"valueName":"search_term_string"}}],"inLanguage":"pt-BR"},{"@type":"Organization","@id":"https:\/\/sudoesteacontece.com.br\/#organization","name":"Sudoesteacontece","url":"https:\/\/sudoesteacontece.com.br\/","logo":{"@type":"ImageObject","inLanguage":"pt-BR","@id":"https:\/\/sudoesteacontece.com.br\/#\/schema\/logo\/image\/","url":"https:\/\/sudoesteacontece.com.br\/wp-content\/uploads\/2025\/12\/cropped-logo-2-180x180-1.png","contentUrl":"https:\/\/sudoesteacontece.com.br\/wp-content\/uploads\/2025\/12\/cropped-logo-2-180x180-1.png","width":180,"height":180,"caption":"Sudoesteacontece"},"image":{"@id":"https:\/\/sudoesteacontece.com.br\/#\/schema\/logo\/image\/"},"sameAs":["https:\/\/www.facebook.com\/sudoesteacontece\/?locale=pt_BR"]},{"@type":"Person","@id":"https:\/\/sudoesteacontece.com.br\/#\/schema\/person\/a4f22429c1d0923ef8f7d43343f8dc38","name":"Reda\u00e7\u00e3o","image":{"@type":"ImageObject","inLanguage":"pt-BR","@id":"https:\/\/sudoesteacontece.com.br\/#\/schema\/person\/image\/","url":"https:\/\/secure.gravatar.com\/avatar\/c3a5b3c93f268a709c25a2df414c629a96fb3b1b4bf97a94fb3f72e54ae76903?s=96&d=mm&r=g","contentUrl":"https:\/\/secure.gravatar.com\/avatar\/c3a5b3c93f268a709c25a2df414c629a96fb3b1b4bf97a94fb3f72e54ae76903?s=96&d=mm&r=g","caption":"Reda\u00e7\u00e3o"},"url":"https:\/\/sudoesteacontece.com.br\/?author=4"}]}},"_links":{"self":[{"href":"https:\/\/sudoesteacontece.com.br\/index.php?rest_route=\/wp\/v2\/posts\/29430","targetHints":{"allow":["GET"]}}],"collection":[{"href":"https:\/\/sudoesteacontece.com.br\/index.php?rest_route=\/wp\/v2\/posts"}],"about":[{"href":"https:\/\/sudoesteacontece.com.br\/index.php?rest_route=\/wp\/v2\/types\/post"}],"author":[{"embeddable":true,"href":"https:\/\/sudoesteacontece.com.br\/index.php?rest_route=\/wp\/v2\/users\/4"}],"replies":[{"embeddable":true,"href":"https:\/\/sudoesteacontece.com.br\/index.php?rest_route=%2Fwp%2Fv2%2Fcomments&post=29430"}],"version-history":[{"count":1,"href":"https:\/\/sudoesteacontece.com.br\/index.php?rest_route=\/wp\/v2\/posts\/29430\/revisions"}],"predecessor-version":[{"id":29489,"href":"https:\/\/sudoesteacontece.com.br\/index.php?rest_route=\/wp\/v2\/posts\/29430\/revisions\/29489"}],"wp:attachment":[{"href":"https:\/\/sudoesteacontece.com.br\/index.php?rest_route=%2Fwp%2Fv2%2Fmedia&parent=29430"}],"wp:term":[{"taxonomy":"category","embeddable":true,"href":"https:\/\/sudoesteacontece.com.br\/index.php?rest_route=%2Fwp%2Fv2%2Fcategories&post=29430"},{"taxonomy":"post_tag","embeddable":true,"href":"https:\/\/sudoesteacontece.com.br\/index.php?rest_route=%2Fwp%2Fv2%2Ftags&post=29430"}],"curies":[{"name":"wp","href":"https:\/\/api.w.org\/{rel}","templated":true}]}}