{"id":29432,"date":"2026-09-04T12:40:48","date_gmt":"2026-09-04T15:40:48","guid":{"rendered":"https:\/\/sudoesteacontece.com.br\/?p=29432"},"modified":"2026-09-04T12:40:53","modified_gmt":"2026-09-04T15:40:53","slug":"lula-cobra-stf-e-pgr-e-defende-investigacao-de-todos-no-caso-master","status":"publish","type":"post","link":"https:\/\/sudoesteacontece.com.br\/?p=29432","title":{"rendered":"Lula cobra STF e PGR e defende investiga\u00e7\u00e3o de todos no caso Master"},"content":{"rendered":"\n<figure class=\"wp-block-image size-full\"><img fetchpriority=\"high\" decoding=\"async\" width=\"900\" height=\"600\" src=\"http:\/\/sudoesteacontece.com.br\/wp-content\/uploads\/2026\/09\/Lula-cobra-STF-e-PGR-e-defende-investigacao-de-todos-no-caso-Master.jpg\" alt=\"\" class=\"wp-image-29461\" srcset=\"https:\/\/sudoesteacontece.com.br\/wp-content\/uploads\/2026\/09\/Lula-cobra-STF-e-PGR-e-defende-investigacao-de-todos-no-caso-Master.jpg 900w, https:\/\/sudoesteacontece.com.br\/wp-content\/uploads\/2026\/09\/Lula-cobra-STF-e-PGR-e-defende-investigacao-de-todos-no-caso-Master-300x200.jpg 300w, https:\/\/sudoesteacontece.com.br\/wp-content\/uploads\/2026\/09\/Lula-cobra-STF-e-PGR-e-defende-investigacao-de-todos-no-caso-Master-768x512.jpg 768w\" sizes=\"(max-width: 900px) 100vw, 900px\" \/><\/figure>\n\n\n\n<p class=\"wp-block-paragraph\">O presidente Luiz In\u00e1cio Lula da Silva cobrou nesta quinta-feira (3) o Supremo Tribunal Federal (STF) e a Procuradoria-Geral da Rep\u00fablica (PGR) pela conclus\u00e3o da investiga\u00e7\u00e3o sobre o Banco Master. Em v\u00eddeo gravado no gabinete do Pal\u00e1cio do Planalto, Lula afirmou que todas as pessoas sob suspeita devem ser investigadas. O presidente tamb\u00e9m defendeu que ningu\u00e9m seja protegido durante a apura\u00e7\u00e3o.<\/p>\n\n\n\n<p class=\"wp-block-paragraph\">Durante a declara\u00e7\u00e3o institucional, Lula afirmou que a democracia n\u00e3o pode ficar condicionada a vazamentos seletivos. O presidente pediu que o comando do STF e a PGR conduzam o caso de forma a preservar a integridade das investiga\u00e7\u00f5es. Segundo ele, a popula\u00e7\u00e3o espera respostas das institui\u00e7\u00f5es diante da gravidade das informa\u00e7\u00f5es divulgadas nos \u00faltimos dias.<\/p>\n\n\n\n<p class=\"wp-block-paragraph\">Esta foi a primeira manifesta\u00e7\u00e3o p\u00fablica de Lula sobre o epis\u00f3dio ap\u00f3s a divulga\u00e7\u00e3o de um relat\u00f3rio da Pol\u00edcia Federal. O documento apresenta mensagens trocadas entre Daniel Vorcaro, ex-banqueiro do Master, e um interlocutor identificado como o ministro Alexandre de Moraes. O conte\u00fado divulgado provocou repercuss\u00e3o e ampliou a press\u00e3o sobre as institui\u00e7\u00f5es envolvidas na apura\u00e7\u00e3o.<\/p>\n\n\n\n<p class=\"wp-block-paragraph\">Sem mencionar nomes, o presidente tamb\u00e9m afirmou que pessoas que ocupam fun\u00e7\u00f5es na vida p\u00fablica precisam colocar o compromisso com o interesse coletivo acima de interesses pessoais. Lula defendeu mudan\u00e7as nos sistemas pol\u00edtico e judici\u00e1rio e afirmou que a investiga\u00e7\u00e3o deve alcan\u00e7ar todos os envolvidos, sem distin\u00e7\u00e3o.<\/p>\n\n\n\n<p class=\"wp-block-paragraph\">Segundo as mensagens divulgadas, Vorcaro teria perguntado a Moraes se deveria deixar o pa\u00eds dois dias antes de ser preso pela Pol\u00edcia Federal, em novembro de 2025. A divulga\u00e7\u00e3o do conte\u00fado provocou uma crise no Supremo. O epis\u00f3dio ocorre durante o per\u00edodo que antecede as elei\u00e7\u00f5es e em meio a cr\u00edticas de candidatos contra integrantes da Corte.<\/p>\n\n\n\n<p class=\"wp-block-paragraph\">Atualmente, a investiga\u00e7\u00e3o sobre o caso Master est\u00e1 sob relatoria do ministro Andr\u00e9 Mendon\u00e7a. Ele solicitou \u00e0 Pol\u00edcia Federal um relat\u00f3rio com os di\u00e1logos atribu\u00eddos a Vorcaro e Moraes e determinou a retirada do sigilo do documento na ter\u00e7a-feira (1\u00ba). Na mesma data, Lula conversou com o presidente do STF, ministro Edson Fachin, sobre o epis\u00f3dio.<\/p>\n\n\n\n<p class=\"wp-block-paragraph\">Al\u00e9m disso, o ministro Gilmar Mendes, decano do Supremo, procurou Lula para tratar do assunto. Segundo o relato apresentado, o magistrado defendeu apoio do governo federal \u00e0 c\u00fapula da Pol\u00edcia Federal. Gilmar avaliou que o epis\u00f3dio envolvendo Mendon\u00e7a tamb\u00e9m alcan\u00e7aria o Executivo, por envolver uma suposta interven\u00e7\u00e3o no trabalho da corpora\u00e7\u00e3o.<\/p>\n\n\n\n<p class=\"wp-block-paragraph\">Na quarta-feira (2), Lula discutiu o cen\u00e1rio com aliados e definiu a linha de eventuais manifesta\u00e7\u00f5es do governo sobre o caso. A orienta\u00e7\u00e3o estabelecida foi defender o princ\u00edpio de que ningu\u00e9m est\u00e1 acima da lei. O presidente reiterou essa posi\u00e7\u00e3o na declara\u00e7\u00e3o divulgada nesta quinta-feira pelas redes sociais.<\/p>\n","protected":false},"excerpt":{"rendered":"<p>O presidente Luiz In\u00e1cio Lula da Silva cobrou nesta quinta-feira (3) o Supremo Tribunal Federal (STF) e a Procuradoria-Geral da Rep\u00fablica (PGR) pela conclus\u00e3o da investiga\u00e7\u00e3o sobre o Banco Master. Em v\u00eddeo gravado no gabinete do Pal\u00e1cio do Planalto, Lula afirmou que todas as pessoas sob suspeita devem ser investigadas. O presidente tamb\u00e9m defendeu que ningu\u00e9m seja protegido durante a apura\u00e7\u00e3o. Durante a declara\u00e7\u00e3o institucional, Lula afirmou que a democracia n\u00e3o pode ficar condicionada a vazamentos seletivos. O presidente pediu que o comando do STF e a PGR conduzam o caso de forma a preservar a integridade das investiga\u00e7\u00f5es. Segundo ele, a popula\u00e7\u00e3o espera respostas das institui\u00e7\u00f5es diante da gravidade das informa\u00e7\u00f5es divulgadas nos \u00faltimos dias. Esta foi a primeira manifesta\u00e7\u00e3o p\u00fablica de Lula sobre o epis\u00f3dio ap\u00f3s a divulga\u00e7\u00e3o de um relat\u00f3rio da Pol\u00edcia Federal. O documento apresenta mensagens trocadas entre Daniel Vorcaro, ex-banqueiro do Master, e um interlocutor identificado como o ministro Alexandre de Moraes. O conte\u00fado divulgado provocou repercuss\u00e3o e ampliou a press\u00e3o sobre as institui\u00e7\u00f5es envolvidas na apura\u00e7\u00e3o. Sem mencionar nomes, o presidente tamb\u00e9m afirmou que pessoas que ocupam fun\u00e7\u00f5es na vida p\u00fablica precisam colocar o compromisso com o interesse coletivo acima de interesses pessoais. Lula defendeu mudan\u00e7as nos sistemas pol\u00edtico e judici\u00e1rio e afirmou que a investiga\u00e7\u00e3o deve alcan\u00e7ar todos os envolvidos, sem distin\u00e7\u00e3o. Segundo as mensagens divulgadas, Vorcaro teria perguntado a Moraes se deveria deixar o pa\u00eds dois dias antes de ser preso pela Pol\u00edcia Federal, em novembro de 2025. A divulga\u00e7\u00e3o do conte\u00fado provocou uma crise no Supremo. O epis\u00f3dio ocorre durante o per\u00edodo que antecede as elei\u00e7\u00f5es e em meio a cr\u00edticas de candidatos contra integrantes da Corte. Atualmente, a investiga\u00e7\u00e3o sobre o caso Master est\u00e1 sob relatoria do ministro Andr\u00e9 Mendon\u00e7a. Ele solicitou \u00e0 Pol\u00edcia Federal um relat\u00f3rio com os di\u00e1logos atribu\u00eddos a Vorcaro e Moraes e determinou a retirada do sigilo do documento na ter\u00e7a-feira (1\u00ba). Na mesma data, Lula conversou com o presidente do STF, ministro Edson Fachin, sobre o epis\u00f3dio. Al\u00e9m disso, o ministro Gilmar Mendes, decano do Supremo, procurou Lula para tratar do assunto. Segundo o relato apresentado, o magistrado defendeu apoio do governo federal \u00e0 c\u00fapula da Pol\u00edcia Federal. Gilmar avaliou que o epis\u00f3dio envolvendo Mendon\u00e7a tamb\u00e9m alcan\u00e7aria o Executivo, por envolver uma suposta interven\u00e7\u00e3o no trabalho da corpora\u00e7\u00e3o. Na quarta-feira (2), Lula discutiu o cen\u00e1rio com aliados e definiu a linha de eventuais manifesta\u00e7\u00f5es do governo sobre o caso. A orienta\u00e7\u00e3o estabelecida foi defender o princ\u00edpio de que ningu\u00e9m est\u00e1 acima da lei. O presidente reiterou essa posi\u00e7\u00e3o na declara\u00e7\u00e3o divulgada nesta quinta-feira pelas redes sociais.<\/p>\n","protected":false},"author":4,"featured_media":0,"comment_status":"open","ping_status":"open","sticky":false,"template":"","format":"standard","meta":{"footnotes":""},"categories":[53,58,13,3,6],"tags":[],"class_list":["post-29432","post","type-post","status-publish","format-standard","hentry","category-brasil","category-eleicoes-2026","category-justica","category-policia","category-politica"],"yoast_head":"<!-- This site is optimized with the Yoast SEO plugin v26.5 - https:\/\/yoast.com\/wordpress\/plugins\/seo\/ -->\n<title>Lula cobra STF e PGR e defende investiga\u00e7\u00e3o de todos no caso Master - Sudoesteacontece<\/title>\n<meta name=\"robots\" content=\"index, follow, max-snippet:-1, max-image-preview:large, max-video-preview:-1\" \/>\n<link rel=\"canonical\" href=\"https:\/\/sudoesteacontece.com.br\/?p=29432\" \/>\n<meta property=\"og:locale\" content=\"pt_BR\" \/>\n<meta property=\"og:type\" content=\"article\" \/>\n<meta property=\"og:title\" content=\"Lula cobra STF e PGR e defende investiga\u00e7\u00e3o de todos no caso Master - Sudoesteacontece\" \/>\n<meta property=\"og:description\" content=\"O presidente Luiz In\u00e1cio Lula da Silva cobrou nesta quinta-feira (3) o Supremo Tribunal Federal (STF) e a Procuradoria-Geral da Rep\u00fablica (PGR) pela conclus\u00e3o da investiga\u00e7\u00e3o sobre o Banco Master. Em v\u00eddeo gravado no gabinete do Pal\u00e1cio do Planalto, Lula afirmou que todas as pessoas sob suspeita devem ser investigadas. O presidente tamb\u00e9m defendeu que ningu\u00e9m seja protegido durante a apura\u00e7\u00e3o. Durante a declara\u00e7\u00e3o institucional, Lula afirmou que a democracia n\u00e3o pode ficar condicionada a vazamentos seletivos. O presidente pediu que o comando do STF e a PGR conduzam o caso de forma a preservar a integridade das investiga\u00e7\u00f5es. Segundo ele, a popula\u00e7\u00e3o espera respostas das institui\u00e7\u00f5es diante da gravidade das informa\u00e7\u00f5es divulgadas nos \u00faltimos dias. Esta foi a primeira manifesta\u00e7\u00e3o p\u00fablica de Lula sobre o epis\u00f3dio ap\u00f3s a divulga\u00e7\u00e3o de um relat\u00f3rio da Pol\u00edcia Federal. O documento apresenta mensagens trocadas entre Daniel Vorcaro, ex-banqueiro do Master, e um interlocutor identificado como o ministro Alexandre de Moraes. O conte\u00fado divulgado provocou repercuss\u00e3o e ampliou a press\u00e3o sobre as institui\u00e7\u00f5es envolvidas na apura\u00e7\u00e3o. Sem mencionar nomes, o presidente tamb\u00e9m afirmou que pessoas que ocupam fun\u00e7\u00f5es na vida p\u00fablica precisam colocar o compromisso com o interesse coletivo acima de interesses pessoais. Lula defendeu mudan\u00e7as nos sistemas pol\u00edtico e judici\u00e1rio e afirmou que a investiga\u00e7\u00e3o deve alcan\u00e7ar todos os envolvidos, sem distin\u00e7\u00e3o. Segundo as mensagens divulgadas, Vorcaro teria perguntado a Moraes se deveria deixar o pa\u00eds dois dias antes de ser preso pela Pol\u00edcia Federal, em novembro de 2025. A divulga\u00e7\u00e3o do conte\u00fado provocou uma crise no Supremo. O epis\u00f3dio ocorre durante o per\u00edodo que antecede as elei\u00e7\u00f5es e em meio a cr\u00edticas de candidatos contra integrantes da Corte. Atualmente, a investiga\u00e7\u00e3o sobre o caso Master est\u00e1 sob relatoria do ministro Andr\u00e9 Mendon\u00e7a. Ele solicitou \u00e0 Pol\u00edcia Federal um relat\u00f3rio com os di\u00e1logos atribu\u00eddos a Vorcaro e Moraes e determinou a retirada do sigilo do documento na ter\u00e7a-feira (1\u00ba). Na mesma data, Lula conversou com o presidente do STF, ministro Edson Fachin, sobre o epis\u00f3dio. Al\u00e9m disso, o ministro Gilmar Mendes, decano do Supremo, procurou Lula para tratar do assunto. Segundo o relato apresentado, o magistrado defendeu apoio do governo federal \u00e0 c\u00fapula da Pol\u00edcia Federal. Gilmar avaliou que o epis\u00f3dio envolvendo Mendon\u00e7a tamb\u00e9m alcan\u00e7aria o Executivo, por envolver uma suposta interven\u00e7\u00e3o no trabalho da corpora\u00e7\u00e3o. Na quarta-feira (2), Lula discutiu o cen\u00e1rio com aliados e definiu a linha de eventuais manifesta\u00e7\u00f5es do governo sobre o caso. A orienta\u00e7\u00e3o estabelecida foi defender o princ\u00edpio de que ningu\u00e9m est\u00e1 acima da lei. O presidente reiterou essa posi\u00e7\u00e3o na declara\u00e7\u00e3o divulgada nesta quinta-feira pelas redes sociais.\" \/>\n<meta property=\"og:url\" content=\"https:\/\/sudoesteacontece.com.br\/?p=29432\" \/>\n<meta property=\"og:site_name\" content=\"Sudoesteacontece\" \/>\n<meta property=\"article:publisher\" content=\"https:\/\/www.facebook.com\/sudoesteacontece\/?locale=pt_BR\" \/>\n<meta property=\"article:published_time\" content=\"2026-09-04T15:40:48+00:00\" \/>\n<meta property=\"article:modified_time\" content=\"2026-09-04T15:40:53+00:00\" \/>\n<meta property=\"og:image\" content=\"https:\/\/sudoesteacontece.com.br\/wp-content\/uploads\/2026\/09\/Lula-cobra-STF-e-PGR-e-defende-investigacao-de-todos-no-caso-Master.jpg\" \/>\n\t<meta property=\"og:image:width\" content=\"900\" \/>\n\t<meta property=\"og:image:height\" content=\"600\" \/>\n\t<meta property=\"og:image:type\" content=\"image\/jpeg\" \/>\n<meta name=\"author\" content=\"Reda\u00e7\u00e3o\" \/>\n<meta name=\"twitter:card\" content=\"summary_large_image\" \/>\n<meta name=\"twitter:label1\" content=\"Escrito por\" \/>\n\t<meta name=\"twitter:data1\" content=\"Reda\u00e7\u00e3o\" \/>\n\t<meta name=\"twitter:label2\" content=\"Est. tempo de leitura\" \/>\n\t<meta name=\"twitter:data2\" content=\"3 minutos\" \/>\n<script type=\"application\/ld+json\" class=\"yoast-schema-graph\">{\"@context\":\"https:\/\/schema.org\",\"@graph\":[{\"@type\":\"Article\",\"@id\":\"https:\/\/sudoesteacontece.com.br\/?p=29432#article\",\"isPartOf\":{\"@id\":\"https:\/\/sudoesteacontece.com.br\/?p=29432\"},\"author\":{\"name\":\"Reda\u00e7\u00e3o\",\"@id\":\"https:\/\/sudoesteacontece.com.br\/#\/schema\/person\/a4f22429c1d0923ef8f7d43343f8dc38\"},\"headline\":\"Lula cobra STF e PGR e defende investiga\u00e7\u00e3o de todos no caso Master\",\"datePublished\":\"2026-09-04T15:40:48+00:00\",\"dateModified\":\"2026-09-04T15:40:53+00:00\",\"mainEntityOfPage\":{\"@id\":\"https:\/\/sudoesteacontece.com.br\/?p=29432\"},\"wordCount\":507,\"commentCount\":0,\"publisher\":{\"@id\":\"https:\/\/sudoesteacontece.com.br\/#organization\"},\"image\":{\"@id\":\"https:\/\/sudoesteacontece.com.br\/?p=29432#primaryimage\"},\"thumbnailUrl\":\"http:\/\/sudoesteacontece.com.br\/wp-content\/uploads\/2026\/09\/Lula-cobra-STF-e-PGR-e-defende-investigacao-de-todos-no-caso-Master.jpg\",\"articleSection\":[\"Brasil\",\"Elei\u00e7\u00f5es 2026\",\"Justi\u00e7a\",\"Pol\u00edcia\",\"Pol\u00edtica\"],\"inLanguage\":\"pt-BR\",\"potentialAction\":[{\"@type\":\"CommentAction\",\"name\":\"Comment\",\"target\":[\"https:\/\/sudoesteacontece.com.br\/?p=29432#respond\"]}]},{\"@type\":\"WebPage\",\"@id\":\"https:\/\/sudoesteacontece.com.br\/?p=29432\",\"url\":\"https:\/\/sudoesteacontece.com.br\/?p=29432\",\"name\":\"Lula cobra STF e PGR e defende investiga\u00e7\u00e3o de todos no caso Master - Sudoesteacontece\",\"isPartOf\":{\"@id\":\"https:\/\/sudoesteacontece.com.br\/#website\"},\"primaryImageOfPage\":{\"@id\":\"https:\/\/sudoesteacontece.com.br\/?p=29432#primaryimage\"},\"image\":{\"@id\":\"https:\/\/sudoesteacontece.com.br\/?p=29432#primaryimage\"},\"thumbnailUrl\":\"http:\/\/sudoesteacontece.com.br\/wp-content\/uploads\/2026\/09\/Lula-cobra-STF-e-PGR-e-defende-investigacao-de-todos-no-caso-Master.jpg\",\"datePublished\":\"2026-09-04T15:40:48+00:00\",\"dateModified\":\"2026-09-04T15:40:53+00:00\",\"breadcrumb\":{\"@id\":\"https:\/\/sudoesteacontece.com.br\/?p=29432#breadcrumb\"},\"inLanguage\":\"pt-BR\",\"potentialAction\":[{\"@type\":\"ReadAction\",\"target\":[\"https:\/\/sudoesteacontece.com.br\/?p=29432\"]}]},{\"@type\":\"ImageObject\",\"inLanguage\":\"pt-BR\",\"@id\":\"https:\/\/sudoesteacontece.com.br\/?p=29432#primaryimage\",\"url\":\"https:\/\/sudoesteacontece.com.br\/wp-content\/uploads\/2026\/09\/Lula-cobra-STF-e-PGR-e-defende-investigacao-de-todos-no-caso-Master.jpg\",\"contentUrl\":\"https:\/\/sudoesteacontece.com.br\/wp-content\/uploads\/2026\/09\/Lula-cobra-STF-e-PGR-e-defende-investigacao-de-todos-no-caso-Master.jpg\",\"width\":900,\"height\":600},{\"@type\":\"BreadcrumbList\",\"@id\":\"https:\/\/sudoesteacontece.com.br\/?p=29432#breadcrumb\",\"itemListElement\":[{\"@type\":\"ListItem\",\"position\":1,\"name\":\"In\u00edcio\",\"item\":\"https:\/\/sudoesteacontece.com.br\/\"},{\"@type\":\"ListItem\",\"position\":2,\"name\":\"Lula cobra STF e PGR e defende investiga\u00e7\u00e3o de todos no caso Master\"}]},{\"@type\":\"WebSite\",\"@id\":\"https:\/\/sudoesteacontece.com.br\/#website\",\"url\":\"https:\/\/sudoesteacontece.com.br\/\",\"name\":\"Sudoesteacontece\",\"description\":\"\",\"publisher\":{\"@id\":\"https:\/\/sudoesteacontece.com.br\/#organization\"},\"potentialAction\":[{\"@type\":\"SearchAction\",\"target\":{\"@type\":\"EntryPoint\",\"urlTemplate\":\"https:\/\/sudoesteacontece.com.br\/?s={search_term_string}\"},\"query-input\":{\"@type\":\"PropertyValueSpecification\",\"valueRequired\":true,\"valueName\":\"search_term_string\"}}],\"inLanguage\":\"pt-BR\"},{\"@type\":\"Organization\",\"@id\":\"https:\/\/sudoesteacontece.com.br\/#organization\",\"name\":\"Sudoesteacontece\",\"url\":\"https:\/\/sudoesteacontece.com.br\/\",\"logo\":{\"@type\":\"ImageObject\",\"inLanguage\":\"pt-BR\",\"@id\":\"https:\/\/sudoesteacontece.com.br\/#\/schema\/logo\/image\/\",\"url\":\"https:\/\/sudoesteacontece.com.br\/wp-content\/uploads\/2025\/12\/cropped-logo-2-180x180-1.png\",\"contentUrl\":\"https:\/\/sudoesteacontece.com.br\/wp-content\/uploads\/2025\/12\/cropped-logo-2-180x180-1.png\",\"width\":180,\"height\":180,\"caption\":\"Sudoesteacontece\"},\"image\":{\"@id\":\"https:\/\/sudoesteacontece.com.br\/#\/schema\/logo\/image\/\"},\"sameAs\":[\"https:\/\/www.facebook.com\/sudoesteacontece\/?locale=pt_BR\"]},{\"@type\":\"Person\",\"@id\":\"https:\/\/sudoesteacontece.com.br\/#\/schema\/person\/a4f22429c1d0923ef8f7d43343f8dc38\",\"name\":\"Reda\u00e7\u00e3o\",\"image\":{\"@type\":\"ImageObject\",\"inLanguage\":\"pt-BR\",\"@id\":\"https:\/\/sudoesteacontece.com.br\/#\/schema\/person\/image\/\",\"url\":\"https:\/\/secure.gravatar.com\/avatar\/c3a5b3c93f268a709c25a2df414c629a96fb3b1b4bf97a94fb3f72e54ae76903?s=96&d=mm&r=g\",\"contentUrl\":\"https:\/\/secure.gravatar.com\/avatar\/c3a5b3c93f268a709c25a2df414c629a96fb3b1b4bf97a94fb3f72e54ae76903?s=96&d=mm&r=g\",\"caption\":\"Reda\u00e7\u00e3o\"},\"url\":\"https:\/\/sudoesteacontece.com.br\/?author=4\"}]}<\/script>\n<!-- \/ Yoast SEO plugin. -->","yoast_head_json":{"title":"Lula cobra STF e PGR e defende investiga\u00e7\u00e3o de todos no caso Master - Sudoesteacontece","robots":{"index":"index","follow":"follow","max-snippet":"max-snippet:-1","max-image-preview":"max-image-preview:large","max-video-preview":"max-video-preview:-1"},"canonical":"https:\/\/sudoesteacontece.com.br\/?p=29432","og_locale":"pt_BR","og_type":"article","og_title":"Lula cobra STF e PGR e defende investiga\u00e7\u00e3o de todos no caso Master - Sudoesteacontece","og_description":"O presidente Luiz In\u00e1cio Lula da Silva cobrou nesta quinta-feira (3) o Supremo Tribunal Federal (STF) e a Procuradoria-Geral da Rep\u00fablica (PGR) pela conclus\u00e3o da investiga\u00e7\u00e3o sobre o Banco Master. Em v\u00eddeo gravado no gabinete do Pal\u00e1cio do Planalto, Lula afirmou que todas as pessoas sob suspeita devem ser investigadas. O presidente tamb\u00e9m defendeu que ningu\u00e9m seja protegido durante a apura\u00e7\u00e3o. Durante a declara\u00e7\u00e3o institucional, Lula afirmou que a democracia n\u00e3o pode ficar condicionada a vazamentos seletivos. O presidente pediu que o comando do STF e a PGR conduzam o caso de forma a preservar a integridade das investiga\u00e7\u00f5es. Segundo ele, a popula\u00e7\u00e3o espera respostas das institui\u00e7\u00f5es diante da gravidade das informa\u00e7\u00f5es divulgadas nos \u00faltimos dias. Esta foi a primeira manifesta\u00e7\u00e3o p\u00fablica de Lula sobre o epis\u00f3dio ap\u00f3s a divulga\u00e7\u00e3o de um relat\u00f3rio da Pol\u00edcia Federal. O documento apresenta mensagens trocadas entre Daniel Vorcaro, ex-banqueiro do Master, e um interlocutor identificado como o ministro Alexandre de Moraes. O conte\u00fado divulgado provocou repercuss\u00e3o e ampliou a press\u00e3o sobre as institui\u00e7\u00f5es envolvidas na apura\u00e7\u00e3o. Sem mencionar nomes, o presidente tamb\u00e9m afirmou que pessoas que ocupam fun\u00e7\u00f5es na vida p\u00fablica precisam colocar o compromisso com o interesse coletivo acima de interesses pessoais. Lula defendeu mudan\u00e7as nos sistemas pol\u00edtico e judici\u00e1rio e afirmou que a investiga\u00e7\u00e3o deve alcan\u00e7ar todos os envolvidos, sem distin\u00e7\u00e3o. Segundo as mensagens divulgadas, Vorcaro teria perguntado a Moraes se deveria deixar o pa\u00eds dois dias antes de ser preso pela Pol\u00edcia Federal, em novembro de 2025. A divulga\u00e7\u00e3o do conte\u00fado provocou uma crise no Supremo. O epis\u00f3dio ocorre durante o per\u00edodo que antecede as elei\u00e7\u00f5es e em meio a cr\u00edticas de candidatos contra integrantes da Corte. Atualmente, a investiga\u00e7\u00e3o sobre o caso Master est\u00e1 sob relatoria do ministro Andr\u00e9 Mendon\u00e7a. Ele solicitou \u00e0 Pol\u00edcia Federal um relat\u00f3rio com os di\u00e1logos atribu\u00eddos a Vorcaro e Moraes e determinou a retirada do sigilo do documento na ter\u00e7a-feira (1\u00ba). Na mesma data, Lula conversou com o presidente do STF, ministro Edson Fachin, sobre o epis\u00f3dio. Al\u00e9m disso, o ministro Gilmar Mendes, decano do Supremo, procurou Lula para tratar do assunto. Segundo o relato apresentado, o magistrado defendeu apoio do governo federal \u00e0 c\u00fapula da Pol\u00edcia Federal. Gilmar avaliou que o epis\u00f3dio envolvendo Mendon\u00e7a tamb\u00e9m alcan\u00e7aria o Executivo, por envolver uma suposta interven\u00e7\u00e3o no trabalho da corpora\u00e7\u00e3o. Na quarta-feira (2), Lula discutiu o cen\u00e1rio com aliados e definiu a linha de eventuais manifesta\u00e7\u00f5es do governo sobre o caso. A orienta\u00e7\u00e3o estabelecida foi defender o princ\u00edpio de que ningu\u00e9m est\u00e1 acima da lei. O presidente reiterou essa posi\u00e7\u00e3o na declara\u00e7\u00e3o divulgada nesta quinta-feira pelas redes sociais.","og_url":"https:\/\/sudoesteacontece.com.br\/?p=29432","og_site_name":"Sudoesteacontece","article_publisher":"https:\/\/www.facebook.com\/sudoesteacontece\/?locale=pt_BR","article_published_time":"2026-09-04T15:40:48+00:00","article_modified_time":"2026-09-04T15:40:53+00:00","og_image":[{"width":900,"height":600,"url":"https:\/\/sudoesteacontece.com.br\/wp-content\/uploads\/2026\/09\/Lula-cobra-STF-e-PGR-e-defende-investigacao-de-todos-no-caso-Master.jpg","type":"image\/jpeg"}],"author":"Reda\u00e7\u00e3o","twitter_card":"summary_large_image","twitter_misc":{"Escrito por":"Reda\u00e7\u00e3o","Est. tempo de leitura":"3 minutos"},"schema":{"@context":"https:\/\/schema.org","@graph":[{"@type":"Article","@id":"https:\/\/sudoesteacontece.com.br\/?p=29432#article","isPartOf":{"@id":"https:\/\/sudoesteacontece.com.br\/?p=29432"},"author":{"name":"Reda\u00e7\u00e3o","@id":"https:\/\/sudoesteacontece.com.br\/#\/schema\/person\/a4f22429c1d0923ef8f7d43343f8dc38"},"headline":"Lula cobra STF e PGR e defende investiga\u00e7\u00e3o de todos no caso Master","datePublished":"2026-09-04T15:40:48+00:00","dateModified":"2026-09-04T15:40:53+00:00","mainEntityOfPage":{"@id":"https:\/\/sudoesteacontece.com.br\/?p=29432"},"wordCount":507,"commentCount":0,"publisher":{"@id":"https:\/\/sudoesteacontece.com.br\/#organization"},"image":{"@id":"https:\/\/sudoesteacontece.com.br\/?p=29432#primaryimage"},"thumbnailUrl":"http:\/\/sudoesteacontece.com.br\/wp-content\/uploads\/2026\/09\/Lula-cobra-STF-e-PGR-e-defende-investigacao-de-todos-no-caso-Master.jpg","articleSection":["Brasil","Elei\u00e7\u00f5es 2026","Justi\u00e7a","Pol\u00edcia","Pol\u00edtica"],"inLanguage":"pt-BR","potentialAction":[{"@type":"CommentAction","name":"Comment","target":["https:\/\/sudoesteacontece.com.br\/?p=29432#respond"]}]},{"@type":"WebPage","@id":"https:\/\/sudoesteacontece.com.br\/?p=29432","url":"https:\/\/sudoesteacontece.com.br\/?p=29432","name":"Lula cobra STF e PGR e defende investiga\u00e7\u00e3o de todos no caso Master - Sudoesteacontece","isPartOf":{"@id":"https:\/\/sudoesteacontece.com.br\/#website"},"primaryImageOfPage":{"@id":"https:\/\/sudoesteacontece.com.br\/?p=29432#primaryimage"},"image":{"@id":"https:\/\/sudoesteacontece.com.br\/?p=29432#primaryimage"},"thumbnailUrl":"http:\/\/sudoesteacontece.com.br\/wp-content\/uploads\/2026\/09\/Lula-cobra-STF-e-PGR-e-defende-investigacao-de-todos-no-caso-Master.jpg","datePublished":"2026-09-04T15:40:48+00:00","dateModified":"2026-09-04T15:40:53+00:00","breadcrumb":{"@id":"https:\/\/sudoesteacontece.com.br\/?p=29432#breadcrumb"},"inLanguage":"pt-BR","potentialAction":[{"@type":"ReadAction","target":["https:\/\/sudoesteacontece.com.br\/?p=29432"]}]},{"@type":"ImageObject","inLanguage":"pt-BR","@id":"https:\/\/sudoesteacontece.com.br\/?p=29432#primaryimage","url":"https:\/\/sudoesteacontece.com.br\/wp-content\/uploads\/2026\/09\/Lula-cobra-STF-e-PGR-e-defende-investigacao-de-todos-no-caso-Master.jpg","contentUrl":"https:\/\/sudoesteacontece.com.br\/wp-content\/uploads\/2026\/09\/Lula-cobra-STF-e-PGR-e-defende-investigacao-de-todos-no-caso-Master.jpg","width":900,"height":600},{"@type":"BreadcrumbList","@id":"https:\/\/sudoesteacontece.com.br\/?p=29432#breadcrumb","itemListElement":[{"@type":"ListItem","position":1,"name":"In\u00edcio","item":"https:\/\/sudoesteacontece.com.br\/"},{"@type":"ListItem","position":2,"name":"Lula cobra STF e PGR e defende investiga\u00e7\u00e3o de todos no caso Master"}]},{"@type":"WebSite","@id":"https:\/\/sudoesteacontece.com.br\/#website","url":"https:\/\/sudoesteacontece.com.br\/","name":"Sudoesteacontece","description":"","publisher":{"@id":"https:\/\/sudoesteacontece.com.br\/#organization"},"potentialAction":[{"@type":"SearchAction","target":{"@type":"EntryPoint","urlTemplate":"https:\/\/sudoesteacontece.com.br\/?s={search_term_string}"},"query-input":{"@type":"PropertyValueSpecification","valueRequired":true,"valueName":"search_term_string"}}],"inLanguage":"pt-BR"},{"@type":"Organization","@id":"https:\/\/sudoesteacontece.com.br\/#organization","name":"Sudoesteacontece","url":"https:\/\/sudoesteacontece.com.br\/","logo":{"@type":"ImageObject","inLanguage":"pt-BR","@id":"https:\/\/sudoesteacontece.com.br\/#\/schema\/logo\/image\/","url":"https:\/\/sudoesteacontece.com.br\/wp-content\/uploads\/2025\/12\/cropped-logo-2-180x180-1.png","contentUrl":"https:\/\/sudoesteacontece.com.br\/wp-content\/uploads\/2025\/12\/cropped-logo-2-180x180-1.png","width":180,"height":180,"caption":"Sudoesteacontece"},"image":{"@id":"https:\/\/sudoesteacontece.com.br\/#\/schema\/logo\/image\/"},"sameAs":["https:\/\/www.facebook.com\/sudoesteacontece\/?locale=pt_BR"]},{"@type":"Person","@id":"https:\/\/sudoesteacontece.com.br\/#\/schema\/person\/a4f22429c1d0923ef8f7d43343f8dc38","name":"Reda\u00e7\u00e3o","image":{"@type":"ImageObject","inLanguage":"pt-BR","@id":"https:\/\/sudoesteacontece.com.br\/#\/schema\/person\/image\/","url":"https:\/\/secure.gravatar.com\/avatar\/c3a5b3c93f268a709c25a2df414c629a96fb3b1b4bf97a94fb3f72e54ae76903?s=96&d=mm&r=g","contentUrl":"https:\/\/secure.gravatar.com\/avatar\/c3a5b3c93f268a709c25a2df414c629a96fb3b1b4bf97a94fb3f72e54ae76903?s=96&d=mm&r=g","caption":"Reda\u00e7\u00e3o"},"url":"https:\/\/sudoesteacontece.com.br\/?author=4"}]}},"_links":{"self":[{"href":"https:\/\/sudoesteacontece.com.br\/index.php?rest_route=\/wp\/v2\/posts\/29432","targetHints":{"allow":["GET"]}}],"collection":[{"href":"https:\/\/sudoesteacontece.com.br\/index.php?rest_route=\/wp\/v2\/posts"}],"about":[{"href":"https:\/\/sudoesteacontece.com.br\/index.php?rest_route=\/wp\/v2\/types\/post"}],"author":[{"embeddable":true,"href":"https:\/\/sudoesteacontece.com.br\/index.php?rest_route=\/wp\/v2\/users\/4"}],"replies":[{"embeddable":true,"href":"https:\/\/sudoesteacontece.com.br\/index.php?rest_route=%2Fwp%2Fv2%2Fcomments&post=29432"}],"version-history":[{"count":1,"href":"https:\/\/sudoesteacontece.com.br\/index.php?rest_route=\/wp\/v2\/posts\/29432\/revisions"}],"predecessor-version":[{"id":29490,"href":"https:\/\/sudoesteacontece.com.br\/index.php?rest_route=\/wp\/v2\/posts\/29432\/revisions\/29490"}],"wp:attachment":[{"href":"https:\/\/sudoesteacontece.com.br\/index.php?rest_route=%2Fwp%2Fv2%2Fmedia&parent=29432"}],"wp:term":[{"taxonomy":"category","embeddable":true,"href":"https:\/\/sudoesteacontece.com.br\/index.php?rest_route=%2Fwp%2Fv2%2Fcategories&post=29432"},{"taxonomy":"post_tag","embeddable":true,"href":"https:\/\/sudoesteacontece.com.br\/index.php?rest_route=%2Fwp%2Fv2%2Ftags&post=29432"}],"curies":[{"name":"wp","href":"https:\/\/api.w.org\/{rel}","templated":true}]}}